{"id":9697,"date":"2021-06-28T16:49:59","date_gmt":"2021-06-28T19:49:59","guid":{"rendered":"https:\/\/aurum.com.br\/blog\/principio-da-capacidade-contributiva\/"},"modified":"2025-10-28T19:22:43","modified_gmt":"2025-10-28T22:22:43","slug":"principio-da-capacidade-contributiva","status":"publish","type":"post","link":"https:\/\/www.aurum.com.br\/blog\/principio-da-capacidade-contributiva\/","title":{"rendered":"O princ\u00edpio da capacidade contributiva no Direito Tribut\u00e1rio brasileiro"},"content":{"rendered":"<div id=\"bsf_rt_marker\"><\/div>\n<pre class=\"wp-block-preformatted\">O<strong> princ\u00edpio da capacidade contributiva<\/strong> faz parte do Direito Tribut\u00e1rio e pode ser resumido como a imposi\u00e7\u00e3o do pagamento de tributos de acordo com a possibilidade de cada contribuinte.<\/pre>\n\n\n\n<p>Se voc\u00ea ainda n\u00e3o ouviu falar deste princ\u00edpio, n\u00e3o se preocupe.<\/p>\n\n\n\n<p>O <a href=\"https:\/\/www.aurum.com.br\/blog\/direito-tributario\/\">Direito Tribut\u00e1rio<\/a> \u00e9 um emaranhado de regras e disposi\u00e7\u00f5es, que se somam a n\u00fameros e c\u00e1lculos, o que gera certo desconforto para algumas pessoas. No entanto, neste texto eu n\u00e3o falarei sobre n\u00fameros, aritm\u00e9tica ou f\u00f3rmulas matem\u00e1ticas. \u00c9 um texto puro, escrito de forma simples, mas robusto.<\/p>\n\n\n\n<p>A ideia \u00e9 que voc\u00ea finalize a leitura tendo uma boa ideia sobre o que \u00e9 o princ\u00edpio da capacidade contributiva, como e onde surgiu, e o que ficar de olho quando analisar um caso tribut\u00e1rio. Boa leitura!<\/p>\n\n\n\n<h2 class=\"wp-block-heading\">Conceito de capacidade contributiva<\/h2>\n\n\n\n<p>A capacidade contributiva tem liga\u00e7\u00e3o diz respeito \u00e0 Justi\u00e7a Tribut\u00e1ria. Pode ser resumida como a imposi\u00e7\u00e3o do pagamento de tributos de acordo com a possibilidade de cada contribuinte.<\/p>\n\n\n\n<p>Eu gosto de iniciar minhas abordagens com uma pesquisa pelo significado da palavra junto ao dicion\u00e1rio.<\/p>\n\n\n\n<p>Segundo o Dicion\u00e1rio Michaelis, a capacidade \u00e9 a possibilidade de receber, conter ou acomodar alguma coisa. Por outro lado, a palavra contributiva deriva do verbo &#8220;contribuir&#8221;, e pode ser entendida como a possibilidade que uma pessoa tem de colaborar para algo, cooperar, concorrer para uma despesa comum.<\/p>\n\n\n\n<p>J\u00e1 o princ\u00edpio \u00e9 o in\u00edcio da forma\u00e7\u00e3o, uma proposta sobre qual um racioc\u00ednio se apoia. Essa proposta, por sua vez, \u00e9 formada de verdades fundamentais, validadas depois de muita observa\u00e7\u00e3o.<\/p>\n\n\n\n<p>Portanto, como princ\u00edpio, <strong>a capacidade contributiva deve estar presente na elabora\u00e7\u00e3o das regras relativas ao Direito Tribut\u00e1rio<\/strong>.<\/p>\n\n\n\n<h2 class=\"wp-block-heading\">O que \u00e9 o princ\u00edpio da capacidade contributiva<\/h2>\n\n\n\n<p>Somando \u00e0s conclus\u00f5es obtidas no cap\u00edtulo anterior, <strong>podemos concluir que o princ\u00edpio da capacidade contributiva \u00e9 a possibilidade (limite) de um cidad\u00e3o pagar um tributo<\/strong>, e que deve estar presente quando da forma\u00e7\u00e3o do direito do Estado em cobrar tributos (impostos).<\/p>\n\n\n\n<p>O princ\u00edpio da capacidade contributiva est\u00e1 textualmente previsto no artigo 145, \u00a7 1\u00ba da Constitui\u00e7\u00e3o Federal brasileira (CF), merecendo destaque o in\u00edcio do \u00a7 1\u00ba, que assim se inicia &#8220;Sempre que poss\u00edvel&#8221;.<\/p>\n\n\n\n<p>Pode soar contradit\u00f3rio que enquanto este princ\u00edpio deva estar presente na elabora\u00e7\u00e3o das regras relativas ao Direito Tribut\u00e1rio, mas a CF afirma &#8220;sempre que poss\u00edvel&#8221;, e esta contradi\u00e7\u00e3o \u00e9 apenas aparente.<\/p>\n\n\n\n<p>A possibilidade (sempre que poss\u00edvel) referida no in\u00edcio do \u00a7 1\u00ba do artigo 145 da CF diz respeito \u00e0 <strong>possibilidade do Estado em instituir impostos com a finalidade de melhor estruturar o mercado<\/strong>, como por exemplo o Imposto de Importa\u00e7\u00e3o\/Exporta\u00e7\u00e3o e o IPI.<\/p>\n\n\n\n<p>Essa estrutura\u00e7\u00e3o do mercado se d\u00e1 por meio do aumento, redu\u00e7\u00e3o ou isen\u00e7\u00e3o de al\u00edquotas tribut\u00e1rias que tornem o produto mais caro ou mais barato no mercado interno.<\/p>\n\n\n\n<p>Como dito no cap\u00edtulo anterior, o princ\u00edpio da capacidade contributiva serve \u00e0 Justi\u00e7a Tribut\u00e1ria, na medida em que prop\u00f5e equilibrar o quanto cada contribuinte concorrer\u00e1 para as despesas da na\u00e7\u00e3o.<\/p>\n\n\n\n<figure class=\"wp-block-image size-large\"><img decoding=\"async\" src=\"https:\/\/www.aurum.com.br\/blog\/wp-content\/uploads\/principio-capacidade-contributiva.jpg\" alt=\"A imagem est\u00e1 dividida em duas na horizontal. Na parte da cima, h\u00e1 a imagem de uma mulher usando o computador. J\u00e1 na parte inferior, o fundo \u00e9 roxo e est\u00e1 escrito o conceito do princ\u00edpio da capacidade contributiva, que \u00e9: &quot;O princ\u00edpio da capacidade contributiva faz parte do Direito Tribut\u00e1rio e pode ser resumido como a imposi\u00e7\u00e3o do pagamento de tributos de acordo com a possibilidade de cada contribuinte.&quot;\" class=\"wp-image-41484\"\/><figcaption class=\"wp-element-caption\">Confira o que \u00e9 o princ\u00edpio da capacidade contributiva e compartilhe com amigos!<\/figcaption><\/figure>\n\n\n\n<h2 class=\"wp-block-heading\">Origem do princ\u00edpio da capacidade contributiva<\/h2>\n\n\n\n<p>Fil\u00f3sofos gregos discutiam a import\u00e2ncia da capacidade de cada um em pagar impostos, sempre com a vis\u00e3o da colabora\u00e7\u00e3o para a despesa gerada por todos.<\/p>\n\n\n\n<p>Santo Tom\u00e1s de Aquino na Idade M\u00e9dia se debru\u00e7ava sobre a quest\u00e3o da capacidade contributiva, afirmando que cada indiv\u00edduo deveria concorrer para as despesas do Estado dentro de sua capacidade (<em>secundum facultatem<\/em> ou <em>secundum equlitem proportionis<\/em>).<\/p>\n\n\n\n<p>Com a Declara\u00e7\u00e3o dos Direitos do Homem e do Cidad\u00e3o de 1789, <strong>o princ\u00edpio da capacidade contributiva ganha relev\u00e2ncia e passa a ser disseminado em v\u00e1rias Constitui\u00e7\u00f5es<\/strong>.<\/p>\n\n\n\n<p>E ent\u00e3o, em 1824 o princ\u00edpio da capacidade contributiva \u00e9 reproduzido na Constitui\u00e7\u00e3o do Brasil Imperial, assim como nas Constitui\u00e7\u00f5es de 1934 e 1946. Dessa forma, ressurgiu na Constitui\u00e7\u00e3o Federal de 1988.<\/p>\n\n\n\n<p>N\u00e3o se trata de um princ\u00edpio que tenha aplica\u00e7\u00e3o exclusivamente no Brasil. Muito se discute sobre o tema mundo afora. Pesquisas pelos termos <em>ability to pay principle<\/em> ou <em>contributive capacity principle<\/em> revelam como o assunto \u00e9 bastante discutido.<\/p>\n\n\n\n<h2 class=\"wp-block-heading\">Princ\u00edpio da capacidade contributiva na Constitui\u00e7\u00e3o Federal<\/h2>\n\n\n\n<p>O princ\u00edpio da capacidade contributiva insculpido na CF tem car\u00e1ter program\u00e1tico. Ou seja, \u00e9 uma regra de valor que deve ser considerada pelo Estado quando da pr\u00e1tica de atos de tributa\u00e7\u00e3o.<\/p>\n\n\n\n<p>O car\u00e1ter program\u00e1tico diz respeito ao fato de que <strong>a regra cont\u00e9m um valor, uma ideia, cuja observa\u00e7\u00e3o se dirige \u00e0queles que fazem as leis.<\/strong> Em outras palavras, se dirige ao legislador.<\/p>\n\n\n\n<p>O princ\u00edpio da capacidade contributiva n\u00e3o gera um direito subjetivo ao cidad\u00e3o contribuinte, mas lhe garante exigir do legislador que siga este princ\u00edpio quando da elabora\u00e7\u00e3o das regras tribut\u00e1rias.<\/p>\n\n\n\n<style>\n    #adpost-block_9c0cde0f9de57cae2c6511c52c734a64.anuncio-post-reverse {\n        display: flex;\n        gap: 24px;\n        border-radius: 8px;\n        width: 100%;\n        max-width: 752px;\n        padding: 40px;\n        background: #e7f4fe;\n        margin: 16px auto;\n    }\n\n    #adpost-block_9c0cde0f9de57cae2c6511c52c734a64 .anuncio-container {\n        display: flex;\n        flex-direction: column;\n        gap: 24px;\n        width: 100%;\n        max-width: 333px;\n    }\n\n    #adpost-block_9c0cde0f9de57cae2c6511c52c734a64 .anuncio-container .logo {\n        width: 100%;\n        max-width: 177px;\n        margin: 0;\n    }\n\n    #adpost-block_9c0cde0f9de57cae2c6511c52c734a64 .anuncio-text-container {\n        display: flex;\n        flex-direction: column;\n        gap: 24px;\n    }\n\n    #adpost-block_9c0cde0f9de57cae2c6511c52c734a64 .anuncio-text-container .title {\n        font-family: 'Ubuntu';\n        font-size: 1.5rem; \/\/24px\n        font-weight: 700;\n        line-height: 120%;\n        margin: 0;\n        color: #000;\n    }\n\n    #adpost-block_9c0cde0f9de57cae2c6511c52c734a64 .anuncio-text-container .text {\n        font-size: 0.875rem;\n        font-weight: 400;\n        line-height: 170%;\n        color: #000;\n    }\n\n    #adpost-block_9c0cde0f9de57cae2c6511c52c734a64 .anuncio-container .button {\n        display: inline-flex;\n        align-items: center;\n        justify-content: center;\n        width: fit-content;\n        height: 48px;\n        border-radius: 8px;\n        padding: 12px 24px;\n        font-size: 1rem;\n        font-weight: 600;\n        text-decoration: none;\n        background: #008fd5;\n        color: #fff;\n    }\n\n    #adpost-block_9c0cde0f9de57cae2c6511c52c734a64 .image-container {\n        position: relative;\n        width: 100%;\n        height: 100%;\n    }\n\n    #adpost-block_9c0cde0f9de57cae2c6511c52c734a64 .image-container.float {\n        min-height: 236px;\n    }\n\n    #adpost-block_9c0cde0f9de57cae2c6511c52c734a64 .image-container .image-desktop {\n        width: 100%;\n        max-width: 323px;\n        object-fit: contain;\n        margin: 0;\n    }\n\n    #adpost-block_9c0cde0f9de57cae2c6511c52c734a64 .image-container .image-mobile {\n        display: none;\n        width: 100%;\n        max-width: 291px;\n        object-fit: contain;\n        margin: 0;\n    }\n\n    #adpost-block_9c0cde0f9de57cae2c6511c52c734a64 .image-container.float .image-desktop,\n    #adpost-block_9c0cde0f9de57cae2c6511c52c734a64 .image-container.float .image-mobile {\n        position: absolute;\n        right: 0;\n        bottom: 0;\n    }\n\n    #adpost-block_9c0cde0f9de57cae2c6511c52c734a64 .image-container img {\n        border-radius: 8px;\n    }\n\n    \/************\n    * MOBILE \n    *************\/\n    @media (max-width: 1439px) {\n        #adpost-block_9c0cde0f9de57cae2c6511c52c734a64.anuncio-post-reverse {\n            flex-direction: column-reverse;\n            max-width: fit-content;\n            padding: 24px;\n        }\n\n        #adpost-block_9c0cde0f9de57cae2c6511c52c734a64 .anuncio-container {\n            max-width: 280px;\n            align-items: center;\n        }\n\n        #adpost-block_9c0cde0f9de57cae2c6511c52c734a64 .anuncio-container .logo {\n            max-width: 147px;\n        }\n\n        #adpost-block_9c0cde0f9de57cae2c6511c52c734a64 .anuncio-text-container {\n            gap: 8px;\n        }\n\n        #adpost-block_9c0cde0f9de57cae2c6511c52c734a64 .anuncio-text-container .title {\n            font-size: 1.25rem;\n            text-align: center;\n        }\n\n        #adpost-block_9c0cde0f9de57cae2c6511c52c734a64 .anuncio-text-container .text {\n            text-align: center;\n        }\n\n        #adpost-block_9c0cde0f9de57cae2c6511c52c734a64 .anuncio-container .button {\n            width: 100%;\n        }\n\n        #adpost-block_9c0cde0f9de57cae2c6511c52c734a64 .image-container.float {\n            min-height: 182px;\n        }\n\n        #adpost-block_9c0cde0f9de57cae2c6511c52c734a64 .image-container .image-desktop {\n            display: none;\n        }\n\n        #adpost-block_9c0cde0f9de57cae2c6511c52c734a64 .image-container .image-mobile {\n            display: block;\n        }\n    }\n\n    \/*******************\n    * RESET GLOBAL CSS \n    ********************\/\n    #s-post main article .content .image-container img {\n        margin: 0;\n    }\n<\/style>\n\n\n<article id=\"adpost-block_9c0cde0f9de57cae2c6511c52c734a64\" class=\"anuncio-post-reverse\">\n    <div class=\"anuncio-container\">\n        \n        <div class=\"anuncio-text-container\">\n             <h3 class=\"title\" >Seja protagonista da sua advocacia com o Astrea<\/h3>\n            <div class=\"text\" >Tenha tempo para focar no crescimento do seu escrit\u00f3rio, enquanto o Astrea cuida da sua gest\u00e3o jur\u00eddica com intelig\u00eancia.<\/div>        <\/div>\n       \n        <a class=\"button\" href=\"\/astrea\/?utm_source=blog&#038;utm_medium=adpost&#038;utm_campaign=campanha-marca-2026\" target=\"_self\">Conhe\u00e7a o Astrea<\/a>    <\/div>\n\n    <div class=\"image-container\">\n        <img decoding=\"async\" class=\"image-desktop\" src=\"https:\/\/www.aurum.com.br\/blog\/wp-content\/uploads\/2026\/03\/adpos-posicionamento-2026-desktop.png\" alt=\"\" \/>\n        <img decoding=\"async\" class=\"image-mobile\" src=\"https:\/\/www.aurum.com.br\/blog\/wp-content\/uploads\/2026\/03\/adpost-posicionamento-2026-mobile.png\" alt=\"\" \/>    <\/div>\n<\/article>\n\n\n<h2 class=\"wp-block-heading\">Princ\u00edpio da capacidade contributiva no Direito Tribut\u00e1rio&nbsp;<\/h2>\n\n\n\n<p>A pr\u00e1tica tribut\u00e1ria \u00e9 permeada de princ\u00edpios, seja porque o Estado depende exclusiva e diretamente dos tributos para gerir suas atividades, seja porque as regras se dirigem a resguardar os cidad\u00e3os contribuintes contra atos arbitr\u00e1rios de governos.<\/p>\n\n\n\n<p>Na pr\u00e1tica, ao analisar um caso, <strong>a aplica\u00e7\u00e3o do princ\u00edpio da capacidade contributiva deve ser um dos ingredientes quando da elabora\u00e7\u00e3o da regra tribut\u00e1ria do fato gerado<\/strong>r (hip\u00f3tese que, quando realizada, sujeita o cidad\u00e3o ao pagamento do imposto previsto).<\/p>\n\n\n\n<p>Se o legislador ignora o princ\u00edpio da capacidade contributiva quando da elabora\u00e7\u00e3o da lei de car\u00e1ter tribut\u00e1rio, ent\u00e3o o advogado deve argumentar que o princ\u00edpio da capacidade contributiva n\u00e3o foi respeitado, e a partir da\u00ed, sustentar pela inconstitucionalidade da regra.<\/p>\n\n\n\n<p>\u00c9 importante lembrar que os princ\u00edpios s\u00e3o a &#8220;alma mater&#8221; das regras que deles derivam, e sem eles n\u00e3o sobrevivem.<\/p>\n\n\n\n<p><a href=\"https:\/\/www.aurum.com.br\/blog\/suspensao-da-exigibilidade-do-credito\/\"><em>Leia tamb\u00e9m sobre a suspens\u00e3o da exigibilidade do cr\u00e9dito.<\/em><\/a><\/p>\n\n\n\n<h2 class=\"wp-block-heading\">Conclus\u00e3o<\/h2>\n\n\n\n<p>Nos dias atuais, temos um emaranhado de regras e formas de cobran\u00e7a de tributos no Brasil que deixa qualquer cidad\u00e3o sem entender bem como a tributa\u00e7\u00e3o est\u00e1 ocorrendo, seja sobre os produtos e servi\u00e7os que consome, ou mesmo sobre produtos e servi\u00e7os que produz.<\/p>\n\n\n\n<p>As regras s\u00e3o tantas que na pr\u00e1tica \u00e9 bem complicado entender como a sistem\u00e1tica de cobran\u00e7a \u00e9 efetuada.<\/p>\n\n\n\n<p>O princ\u00edpio da capacidade contributiva \u00e9 important\u00edssimo como forma de tributar proporcionalmente cada cidad\u00e3o na medida do poss\u00edvel.<\/p>\n\n\n\n<p>Contudo, o emaranhado de tributos que h\u00e1 atualmente torna praticamente imposs\u00edvel aos cidad\u00e3os entender como a tributa\u00e7\u00e3o ocorre, especialmente em rela\u00e7\u00e3o \u00e0 forma como devem ser e s\u00e3o calculados os tributos.<\/p>\n\n\n\n<p>Muito se discute sobre simplificar a forma como a tributa\u00e7\u00e3o no Brasil \u00e9 realizada, e a proposta que tem sido amplamente divulgada \u00e9 o <strong>IVA &#8211; Imposto sobre Valor Agregado<\/strong>.<\/p>\n\n\n\n<p>A ideia por tr\u00e1s do IVA \u00e9 unificar diversos tributos que s\u00e3o cobrados atualmente, simplificando o sistema para gerar mais efici\u00eancia de produ\u00e7\u00e3o no Brasil.<\/p>\n\n\n\n<p>Entendo que, se bem definido e estruturado, o IVA tende a melhorar, e muito, a capta\u00e7\u00e3o e entendimento dos cidad\u00e3os contribuintes sobre o &#8220;rateio&#8221; do custo social (colabora\u00e7\u00e3o no pagamento das despesas gerais do Estado).<\/p>\n\n\n\n<p><strong>Atualmente n\u00e3o h\u00e1 uma boa aplica\u00e7\u00e3o do princ\u00edpio da capacidade contributiva no Brasil,<\/strong> pois h\u00e1 muita discrep\u00e2ncia e nem todos contribuem com a despesa gerada por todos. A isto n\u00e3o se pode afirmar haver Justi\u00e7a Tribut\u00e1ria.<\/p>\n\n\n\n<p>Portanto, ao ser institu\u00edda uma al\u00edquota \u00fanica incidente sobre tudo, com hip\u00f3teses de isen\u00e7\u00e3o restritas, acredito que se aplicar\u00e1, em princ\u00edpio, a efetiva capacidade contributiva do cidad\u00e3o brasileiro.<\/p>\n\n\n\n<h3 class=\"wp-block-heading\">Confira mais conte\u00fados<\/h3>\n\n\n\n<p>Se voc\u00ea quiser ler mais sobre Direito e advocacia, \u00e9 s\u00f3 continuar navegando! Indico os seguintes artigos para leitura:<\/p>\n\n\n\n<ul class=\"wp-block-list\">\n<li><a href=\"https:\/\/www.aurum.com.br\/blog\/principios-do-direito-tributario\/\">Princ\u00edpios mais importantes do Direito Tribut\u00e1rio<\/a><\/li>\n\n\n\n<li><a href=\"https:\/\/www.aurum.com.br\/blog\/principio-legalidade-tributaria\/\">Entenda o princ\u00edpio da legalidade tribut\u00e1ria<\/a><\/li>\n\n\n\n<li><a href=\"https:\/\/www.aurum.com.br\/blog\/direito-consultivo\/\" data-type=\"URL\" data-id=\"https:\/\/www.aurum.com.br\/blog\/direito-consultivo\/\">Direito consultivo<\/a>: o que \u00e9, procedimentos e sua ascens\u00e3o nos neg\u00f3cios<\/li>\n\n\n\n<li><a href=\"https:\/\/www.aurum.com.br\/blog\/suspensao-da-exigibilidade-do-credito\/\">Confira quais as causas da suspens\u00e3o da exigibilidade do cr\u00e9dito tribut\u00e1rio<\/a><\/li>\n\n\n\n<li><a href=\"https:\/\/www.aurum.com.br\/blog\/principio-da-capacidade-contributiva\/\" data-type=\"URL\" data-id=\"https:\/\/www.aurum.com.br\/blog\/principio-da-capacidade-contributiva\/\">O princ\u00edpio da capacidade contributiva no Direito Tribut\u00e1rio brasileiro<\/a><\/li>\n\n\n\n<li><a href=\"https:\/\/www.aurum.com.br\/blog\/evasao-fiscal\/\">O que \u00e9 e quando ocorre a evas\u00e3o fiscal<\/a><\/li>\n\n\n\n<li><a href=\"https:\/\/www.aurum.com.br\/blog\/titulos-de-credito\/\">Entenda como funcionam os t\u00edtulos de cr\u00e9dito<\/a><\/li>\n\n\n\n<li><a href=\"https:\/\/www.aurum.com.br\/blog\/codigo-tributario-nacional-ctn\/\" data-type=\"URL\" data-id=\"https:\/\/www.aurum.com.br\/blog\/codigo-tributario-nacional-ctn\/\">CTN &#8211; C\u00f3digo Tribut\u00e1rio Nacional<\/a> comentado<\/li>\n<\/ul>\n\n\n\n<p><em>E a\u00ed, o que achou do conte\u00fado? Ficou com alguma d\u00favida? Deixe nos coment\u00e1rios! Vamos adorar responder \ud83d\ude42<\/em><\/p>\n\n\n<style>\r\n  .news-post {\r\n    background: url('https:\/\/www.aurum.com.br\/blog\/wp-content\/themes\/aurum\/img\/bg-news-artigo.svg') no-repeat top center #3C48AA;\r\n    padding: 1.5rem;\r\n    border-radius: 6px;\r\n    margin: 1rem 0;\r\n  }\r\n  .news-post .icone {\r\n    display: none;\r\n  }\r\n  .news-post .title {\r\n    font-weight: 700;\r\n    font-size: 16px;\r\n    line-height: 130%;\r\n    text-align: center;\r\n    letter-spacing: -0.5px;\r\n    color: #fff;\r\n    margin-bottom: .9375rem;\r\n  }\r\n  .news-post p {\r\n    font-size: .875rem;\r\n    line-height: 140%;\r\n    text-align: center;\r\n    color: #fff;\r\n    margin-bottom: 1.25rem;\r\n  }\r\n  .news-post .news_button_span {\r\n    font-size: .8125rem;\r\n    display: block;\r\n    padding: .125rem .3125rem;\r\n    color: #fff;\r\n    text-align:left;\r\n  }\r\n  .news-post .news_button_span a {\r\n    color: #fff !important;\r\n    text-decoration: underline;\r\n  }\r\n  .news-post form {\r\n    width: 100%;\r\n  }\r\n  .news-post label {\r\n    font-weight: 600;\r\n    font-size: .9375rem;\r\n    line-height: 1.5rem;\r\n    margin-bottom: .5rem;\r\n    color: #fff;\r\n    display: block;\r\n  }\r\n  .news-post input {\r\n    background: #fff;\r\n    border: 1px solid #CBCBD9;\r\n    box-sizing: border-box;\r\n    border-radius: 4px;\r\n    padding: .75rem 1rem;\r\n    width: 100%;\r\n  }\r\n  .news-post button {\r\n    margin-top: .875rem;\r\n    width: 100%;\r\n    min-width: auto;\r\n    background: #FCC632;\r\n    color: #3C48AA;\r\n  }\r\n  .news-post .input {\r\n    position: relative;\r\n    padding-bottom: 10px;\r\n  }\r\n  .news-post .error-message-ad {\r\n    font-size: .875rem;\r\n    line-height: 130%;\r\n    color: #D50021;\r\n    margin-left: 4px;\r\n  }\r\n  .news-post .error {\r\n    border: 1px solid #D50021;\r\n  }\r\n  .news-post #message-form-ad {\r\n    border-radius: 4px;\r\n    padding: 0.7rem;\r\n    font-size:0.8rem;\r\n    text-align: center;\r\n    align-items: center;\r\n    justify-content: center;\r\n    display: none;\r\n  }\r\n  .news-post #message-form-ad svg {\r\n    margin-right: 8px;\r\n  }\r\n\r\n  @media(min-width: 561px) {\r\n    .news-post {\r\n      position: relative;\r\n      background: url('https:\/\/www.aurum.com.br\/blog\/wp-content\/themes\/aurum\/img\/bg-news-artigo.svg') no-repeat top center #3C48AA;\r\n      width: calc(100% - 30px);\r\n    }\r\n    .news-post .icone {\r\n      display: block;\r\n      position: absolute;\r\n      right: -30px;\r\n      top: 65px;\r\n      max-width: 142px;\r\n      width: 100%;\r\n      height: auto;\r\n      margin: 0;\r\n    }\r\n    .news-post .title {\r\n      font-size: 1.125rem;\r\n      text-align: left;\r\n      \/* padding-right: 3.75rem; *\/\r\n    }\r\n    .news-post p {\r\n      font-size: 1rem;\r\n      text-align: left;\r\n      max-width: 400px;\r\n    }\r\n    .news-post .boxes {\r\n      display: flex;\r\n      align-items: flex-start;\r\n    }\r\n    .news-post button {\r\n      margin: 0 0 0 1rem;\r\n      width: 100%;\r\n      max-width: 170px;\r\n      min-width: auto;\r\n      transition: all ease .3s\r\n    }\r\n    .news-post button:hover {\r\n      opacity: 0.9;\r\n      transition: all ease .3s\r\n    }\r\n    .news-post #message-form-ad {\r\n      padding: 1.125rem;\r\n      font-size:1rem;\r\n    }\r\n    .news-post #message-form-ad svg {\r\n      margin-right: 10px;\r\n    }\r\n  }\r\n<\/style>\r\n\r\n<div class=\"news-post\">\r\n  <div class=\"title news-ad-title\">Gostou do artigo e quer evoluir a sua advocacia?<\/div>\r\n  <p class=\"news-ad-subtitle\">Assine gr\u00e1tis a Aurum News e receba uma dose semanal de conte\u00fado no seu e-mail! \u270c\ufe0f<\/p>\r\n  <img decoding=\"async\" src=\"https:\/\/www.aurum.com.br\/blog\/wp-content\/themes\/aurum\/img\/icon-news-artigo.svg\" alt=\"\" class=\"icone\">\r\n\r\n  <form method=\"post\" name=\"newsletter-ad\" id=\"aurum-newsletter-ad\">\r\n    <div class=boxes>\r\n      <div class=\"input\">\r\n        <label class=\"label-email\" htmlFor=\"email-ad\">Qual seu e-mail?<\/label>\r\n        <input type=\"email\" id=\"email-ad\" name=\"newsletter-mail-ad\" placeholder=\"Digite seu e-mail?\">\r\n        <div class=\"error-message-ad-email\">Endere\u00e7o de e-mail inv\u00e1lido ou incorreto<\/div>\r\n\r\n        <label class=\"label-select\" htmlFor=\"lawsuits-select-ad\">\r\n          Quantos processos voc\u00ea ou<br class=\"for-desktop\"\/> seu escrit\u00f3rio acompanham?\r\n        <\/label>\r\n        <div id=\"lawsuits-select-ad\" class=\"lawsuits-select select-wrapper\" tabindex=\"0\">\r\n          <div class=\"s-dropdown--styled\">\r\n          <span class=\"lawsuits-default\">\r\n            <span id=\"lawsuits-newsletter-ad\" class=\"lawsuits-default-text\" data-value=\"\">Selecione os processos<\/span>\r\n            <svg class=\"chevron\" xmlns=\"http:\/\/www.w3.org\/2000\/svg\" width=\"24\" height=\"25\" viewBox=\"0 0 24 25\" fill=\"none\">\r\n              <path d=\"M6 15.6152L12 9.61523L18 15.6152\" stroke=\"black\" stroke-width=\"2\" stroke-linecap=\"round\" stroke-linejoin=\"round\" \/>\r\n            <\/svg>\r\n          <\/span>\r\n\r\n          <ul class=\"s-dropdown u-hide\">\r\n            <li class=\"lawsuits\" data-value=\"Mais de 1000 processos\">Mais de 1000 processos<\/li>\r\n            <li class=\"lawsuits\" data-value=\"De 501 a 1000 processos\">De 501 a 1000 processos<\/li>\r\n            <li class=\"lawsuits\" data-value=\"De 151 a 500 processos\">De 151 a 500 processos<\/li>\r\n            <li class=\"lawsuits\" data-value=\"De 41 a 150 processos\">De 41 a 150 processos<\/li>\r\n            <li class=\"lawsuits\" data-value=\"At\u00e9 40 processos\">At\u00e9 40 processos<\/li>\r\n            <li class=\"lawsuits\" data-value=\"Atuo apenas no consultivo\">Atuo apenas no consultivo<\/li>\r\n            <li class=\"lawsuits\" data-value=\"Ainda sou estudante de direito\">Ainda sou estudante de direito<\/li>\r\n            <li class=\"lawsuits\" data-value=\"N\u00e3o sou da \u00e1rea jur\u00eddica\">N\u00e3o sou da \u00e1rea jur\u00eddica<\/li>\r\n          <\/ul>\r\n          <\/div>\r\n        <\/div>\r\n        <div class=\"error-message-ad-lawsuits\">Selecione algum processo<\/div>\r\n      <\/div>\r\n      <button class=\"btn btn-yellow ad-btn-desktop\" id=\"aurum-submit-ad\">Assinar gr\u00e1tis<\/button>\r\n      <button class=\"btn btn-yellow ad-btn-mobile\" id=\"aurum-submit-ad\">Assinar<\/button>\r\n    <\/div>\r\n    <span class=\"news_button_span\">Ao se cadastrar voc\u00ea declara que leu e aceitou a pol\u00edtica de privacidade e cookies do <a href=\"https:\/\/s3.sa-east-1.amazonaws.com\/publico.aurum.com.br\/contratos\/politica-de-privacidade.pdf\" target=\"_blank\" rel=\"noopener noreferrer\">site<\/a>.<\/span>\r\n  <\/form>\r\n  <div id=\"message-form-ad\"><\/div>\r\n<\/div>","protected":false},"excerpt":{"rendered":"<p>O princ\u00edpio da capacidade contributiva faz parte do Direito Tribut\u00e1rio e pode ser resumido como a imposi\u00e7\u00e3o do pagamento de tributos de acordo com a possibilidade de cada contribuinte. Se voc\u00ea ainda n\u00e3o ouviu falar deste princ\u00edpio, n\u00e3o se preocupe. O Direito Tribut\u00e1rio \u00e9 um emaranhado de regras e disposi\u00e7\u00f5es, que se somam a n\u00fameros [&hellip;]<\/p>\n","protected":false},"author":27,"featured_media":9698,"comment_status":"open","ping_status":"open","sticky":false,"template":"","format":"standard","meta":{"_bbp_topic_count":0,"_bbp_reply_count":0,"_bbp_total_topic_count":0,"_bbp_total_reply_count":0,"_bbp_voice_count":0,"_bbp_anonymous_reply_count":0,"_bbp_topic_count_hidden":0,"_bbp_reply_count_hidden":0,"_bbp_forum_subforum_count":0,"inline_featured_image":false,"footnotes":""},"categories":[20,36],"tags":[],"class_list":["post-9697","post","type-post","status-publish","format-standard","has-post-thumbnail","hentry","category-direito-constitucional","category-direito-tributario"],"acf":[],"_links":{"self":[{"href":"https:\/\/www.aurum.com.br\/blog\/wp-json\/wp\/v2\/posts\/9697","targetHints":{"allow":["GET"]}}],"collection":[{"href":"https:\/\/www.aurum.com.br\/blog\/wp-json\/wp\/v2\/posts"}],"about":[{"href":"https:\/\/www.aurum.com.br\/blog\/wp-json\/wp\/v2\/types\/post"}],"author":[{"embeddable":true,"href":"https:\/\/www.aurum.com.br\/blog\/wp-json\/wp\/v2\/users\/27"}],"replies":[{"embeddable":true,"href":"https:\/\/www.aurum.com.br\/blog\/wp-json\/wp\/v2\/comments?post=9697"}],"version-history":[{"count":11,"href":"https:\/\/www.aurum.com.br\/blog\/wp-json\/wp\/v2\/posts\/9697\/revisions"}],"predecessor-version":[{"id":34168,"href":"https:\/\/www.aurum.com.br\/blog\/wp-json\/wp\/v2\/posts\/9697\/revisions\/34168"}],"wp:featuredmedia":[{"embeddable":true,"href":"https:\/\/www.aurum.com.br\/blog\/wp-json\/wp\/v2\/media\/9698"}],"wp:attachment":[{"href":"https:\/\/www.aurum.com.br\/blog\/wp-json\/wp\/v2\/media?parent=9697"}],"wp:term":[{"taxonomy":"category","embeddable":true,"href":"https:\/\/www.aurum.com.br\/blog\/wp-json\/wp\/v2\/categories?post=9697"},{"taxonomy":"post_tag","embeddable":true,"href":"https:\/\/www.aurum.com.br\/blog\/wp-json\/wp\/v2\/tags?post=9697"}],"curies":[{"name":"wp","href":"https:\/\/api.w.org\/{rel}","templated":true}]}}