{"id":9674,"date":"2021-06-02T15:44:03","date_gmt":"2021-06-02T18:44:03","guid":{"rendered":"https:\/\/aurum.com.br\/blog\/art-231-novo-cpc\/"},"modified":"2024-02-07T18:13:38","modified_gmt":"2024-02-07T21:13:38","slug":"art-231-novo-cpc","status":"publish","type":"post","link":"https:\/\/www.aurum.com.br\/blog\/art-231-novo-cpc\/","title":{"rendered":"Tire as suas d\u00favidas sobre o art 231 do Novo CPC"},"content":{"rendered":"<div id=\"bsf_rt_marker\"><\/div>\n<pre class=\"wp-block-preformatted\">O <strong>art 231<\/strong> do Novo CPC \u00e9 respons\u00e1vel pela regulagem dos prazos do processo civil.<\/pre>\n\n\n\n<p>Considero esse artigo um dos mais importantes do C\u00f3digo de Processo Civil, e que muitas vezes passa despercebido pela maioria dos profissionais.<\/p>\n\n\n\n<p>Os prazos processuais s\u00e3o um ponto muito importante no Direito Processual, afinal, perder um prazo pode ser fatal em qualquer a\u00e7\u00e3o. Na pr\u00e1tica, \u00e9 muito comum haver confus\u00e3o a respeito do prazo correto, bem como seu in\u00edcio e t\u00e9rmino.<\/p>\n\n\n\n<p>Por isso, <strong>o art<\/strong> <strong>231 do NCPC deve ser seu aliado no momento de contagem de prazos<\/strong> e nesse artigo vamos tratar sobre os pontos mais importantes.<\/p>\n\n\n\n<p>Continue a leitura para saber mais! \ud83d\ude42<\/p>\n\n\n\n<h2 class=\"wp-block-heading\">O que diz o art 231 do Novo CPC?<\/h2>\n\n\n\n<p><strong>O artigo 231 versa sobre os prazos processuais, mais especificamente sobre o in\u00edcio deles.<\/strong> Trata-se de uma b\u00fassola para ser utilizada pelas partes em um processo judicial, para manterem-se atentos ao in\u00edcio do decorrer de cada prazo.<\/p>\n\n\n\n<figure class=\"wp-block-image size-large\"><img decoding=\"async\" src=\"https:\/\/www.aurum.com.br\/blog\/wp-content\/uploads\/reintegra\u00e7\u00e3o-de-posse-2.jpg\" alt=\"\" class=\"wp-image-41295\"\/><\/figure>\n\n\n\n<p>Quando uma parte \u00e9 intimada, existe um per\u00edodo pr\u00e9-estipulado para apresentar a pe\u00e7a processual adequada, e por vezes ficamos na d\u00favida de quando se iniciaria esse prazo. Afinal, s\u00e3o muitos tipos de cita\u00e7\u00f5es e intima\u00e7\u00f5es e nem sempre \u00e9 poss\u00edvel decorar.<\/p>\n\n\n\n<p>A situa\u00e7\u00e3o fica ainda mais complexa de lembrar quando j\u00e1 ocorreu uma audi\u00eancia no processo e pode acontecer de dar aquele famoso \u201cbranco\u201d sobre o intervalo para protocolar a contesta\u00e7\u00e3o.<\/p>\n\n\n\n<h2 class=\"wp-block-heading\">O que \u00e9 o art 231?<\/h2>\n\n\n\n<p>O art 231 do CPC <strong>\u00e9 o respons\u00e1vel por definir o termo inicial dos prazos processuais, ou seja, o dia que \u00e9 considerado o primeiro do prazo.<\/strong><\/p>\n\n\n\n<p>Trata-se de um artigo utilizado tanto pela parte autora, quanto pela r\u00e9. Pode ser usado como base para verificar se a contesta\u00e7\u00e3o foi juntada no prazo correto ou at\u00e9 qual dia deve ser protocolada, verificando assim se o prazo do r\u00e9u j\u00e1 se esgotou.<\/p>\n\n\n\n<h2 class=\"wp-block-heading\">Principais mudan\u00e7as no art 231 com o Novo CPC<\/h2>\n\n\n\n<p>A mudan\u00e7a foi bem grande, j\u00e1 que<strong> o C\u00f3digo de Processo Civil de 1973 n\u00e3o era t\u00e3o espec\u00edfico quanto aos prazos<\/strong> e, por vezes, deixava de tratar de problemas pontuais que surgiam no dia a dia.<\/p>\n\n\n\n<p>No CPC\/73, era o artigo 241 que tratava sobre o in\u00edcio de contagem dos prazos processuais. O tema era tratado de forma simples e direta em apenas cinco incisos, deixando muitos t\u00f3picos importantes de lado.<\/p>\n\n\n\n<p>A <strong>principal mudan\u00e7a no CPC\/15 foi a inclus\u00e3o de par\u00e1grafos e express\u00f5es mais espec\u00edficas<\/strong>, como exemplo o caput do art. 241 era o seguinte: \u201cCome\u00e7a a correr o prazo\u201d; termos completamente diferentes do caput do art 231 do NCPC.&nbsp;<\/p>\n\n\n\n<p>O artigo 241 do CPC\/73 trazia apenas quando o prazo se iniciava, mas n\u00e3o previa poss\u00edveis exce\u00e7\u00f5es. Da mesma forma, n\u00e3o apresentava previs\u00e3o de cita\u00e7\u00e3o eletr\u00f4nica.<\/p>\n\n\n\n<p>As mudan\u00e7as foram ben\u00e9ficas. Atualmente, \u00e9 importante ter defini\u00e7\u00f5es claras, hip\u00f3teses sobre exce\u00e7\u00f5es, bem como a previs\u00e3o de pontos importantes que podem acontecer durante o processo e n\u00e3o s\u00e3o t\u00e3o comuns de acontecer.<\/p>\n\n\n\n<figure class=\"wp-block-image size-full\"><a href=\"https:\/\/www.aurum.com.br\/calculadora-de-prazos-processuais\/?utm_source=blog&amp;utm_medium=adpost&amp;utm_campaign=calculadora-de-prazos\"><img decoding=\"async\" width=\"1024\" height=\"469\" src=\"https:\/\/www.aurum.com.br\/blog\/wp-content\/uploads\/2024\/02\/1024x469-1.png\" alt=\"\" class=\"wp-image-26782\" srcset=\"https:\/\/www.aurum.com.br\/blog\/wp-content\/uploads\/2024\/02\/1024x469-1.png 1024w, https:\/\/www.aurum.com.br\/blog\/wp-content\/uploads\/2024\/02\/1024x469-1-300x137.png 300w, https:\/\/www.aurum.com.br\/blog\/wp-content\/uploads\/2024\/02\/1024x469-1-768x352.png 768w\" sizes=\"(max-width: 1024px) 100vw, 1024px\" \/><\/a><\/figure>\n\n\n\n<h2 class=\"wp-block-heading\">Art 231 do CPC comentado<\/h2>\n\n\n\n<p>Vamos entender inciso por inciso quais s\u00e3o os prazos para termos iniciais dos prazos processuais.<\/p>\n\n\n\n<blockquote class=\"wp-block-quote is-layout-flow wp-block-quote-is-layout-flow\">\n<p><em>Art. 231. Salvo disposi\u00e7\u00e3o em sentido diverso, considera-se dia do come\u00e7o do prazo [&#8230;]\u201d<\/em><\/p>\n<\/blockquote>\n\n\n\n<p>O caput j\u00e1 deixa claro no in\u00edcio que pode haver exce\u00e7\u00f5es legais aos prazos a seguir e que a exce\u00e7\u00e3o ir\u00e1 prevalecer sobre a regra geral. Al\u00e9m disso, enfatiza que <strong>o dia de come\u00e7o do prazo \u00e9 determinado pelos fatos descritos nos incisos<\/strong>, o que se considera de extrema import\u00e2ncia.<\/p>\n\n\n\n<h3 class=\"wp-block-heading\">I &#8211; a data de juntada aos autos do aviso de recebimento, quando a cita\u00e7\u00e3o ou a intima\u00e7\u00e3o for pelo correio;<\/h3>\n\n\n\n<p>O inciso I representa a situa\u00e7\u00e3o mais frequente no judici\u00e1rio, em que o r\u00e9u \u00e9 intimado por meio de um \u201cAviso de Recebimento\u201d pelo correio e deve apresentar defesa a partir da data de juntada do \u201cAR\u201d no processo.<\/p>\n\n\n\n<h3 class=\"wp-block-heading\">II &#8211; a data de juntada aos autos do mandado cumprido, quando a cita\u00e7\u00e3o ou a intima\u00e7\u00e3o for por oficial de justi\u00e7a;<\/h3>\n\n\n\n<p>J\u00e1 quando o r\u00e9u \u00e9 intimado por oficial de justi\u00e7a, o prazo para apresentar <a href=\"https:\/\/www.aurum.com.br\/blog\/contestacao\/\">contesta\u00e7\u00e3o<\/a> \u00e9 a partir da juntada do mandado devidamente cumprido nos autos.<\/p>\n\n\n\n<p>Por vezes, a depender do estado, o mandado cumprido \u00e9 apresentado por meio de uma certid\u00e3o em que relata se o ato foi realizado ou n\u00e3o. Essa hip\u00f3tese tamb\u00e9m se aplica \u00e0 cita\u00e7\u00e3o por hora certa (art. 231, \u00a7 4o).<\/p>\n\n\n\n<h3 class=\"wp-block-heading\">III &#8211; a data de ocorr\u00eancia da cita\u00e7\u00e3o ou da intima\u00e7\u00e3o, quando ela se der por ato do escriv\u00e3o ou do chefe de secretaria;<\/h3>\n\n\n\n<p>Existe a possibilidade de que uma pessoa seja intimada e citada no cart\u00f3rio judicial onde tramita o processo, popularmente chamada de \u201ccita\u00e7\u00e3o no balc\u00e3o\u201d.<\/p>\n\n\n\n<p>\u00c9 r\u00e1pida e pr\u00e1tica, mas pouco conhecida pelas pessoas.<\/p>\n\n\n\n<h3 class=\"wp-block-heading\">IV &#8211; o dia \u00fatil seguinte ao fim da dila\u00e7\u00e3o assinada pelo juiz, quando a cita\u00e7\u00e3o ou a intima\u00e7\u00e3o for por edital;<\/h3>\n\n\n\n<p>A cita\u00e7\u00e3o por edital \u00e9 considerada a \u00faltima alternativa de cita\u00e7\u00e3o do r\u00e9u. Se ele n\u00e3o foi localizado por AR ou por oficial de justi\u00e7a, o edital deve ser a op\u00e7\u00e3o escolhida. O juiz determina um prazo e o dia \u00fatil seguinte seria o in\u00edcio de seu decorrer.<\/p>\n\n\n\n<h3 class=\"wp-block-heading\">V &#8211; o dia \u00fatil seguinte \u00e0 consulta ao teor da cita\u00e7\u00e3o ou da intima\u00e7\u00e3o ou ao t\u00e9rmino do prazo para que a consulta se d\u00ea, quando a cita\u00e7\u00e3o ou a intima\u00e7\u00e3o for eletr\u00f4nica;<\/h3>\n\n\n\n<p>Outra possibilidade seria a cita\u00e7\u00e3o eletr\u00f4nica, que \u00e9 uma<strong> novidade trazida pelo CPC\/15<\/strong>. Entretanto, n\u00e3o \u00e9 muito utilizada na pr\u00e1tica. Mas, caso seja utilizada, a previs\u00e3o \u00e9 que o prazo se inicie no dia \u00fatil seguinte ao dia de sua consulta.<\/p>\n\n\n\n<h3 class=\"wp-block-heading\">VI &#8211; a data de juntada do comunicado de que trata o art. 232 ou, n\u00e3o havendo esse, a data de juntada da carta aos autos de origem devidamente cumprida, quando a cita\u00e7\u00e3o ou a intima\u00e7\u00e3o se realizar em cumprimento de carta;<\/h3>\n\n\n\n<p>Caso ocorra a cita\u00e7\u00e3o ou <a href=\"https:\/\/www.aurum.com.br\/blog\/intimacao\/\">intima\u00e7\u00e3o<\/a> por carta, o in\u00edcio do prazo conta-se ou da data de juntada do comunicado do ato realizado ou \u2013 no caso de n\u00e3o haver o primeiro \u2013, da data de juntada da carta devidamente cumprida aos autos.<\/p>\n\n\n\n<p>Vale ressaltar que as cartas s\u00e3o expedidas em situa\u00e7\u00f5es em que o r\u00e9u n\u00e3o est\u00e1 na comarca onde tramita o processo, podendo ser entregue nos formatos de precat\u00f3ria, rogat\u00f3ria e ordem.<\/p>\n\n\n\n<p>Por isso, <strong>o in\u00edcio do prazo conta-se da data de juntada do comunicado se o ato foi realizado ou n\u00e3o<\/strong>, ou no caso de n\u00e3o haver contado da data da juntada da carta aos autos devidamente cumprida.<\/p>\n\n\n\n<h3 class=\"wp-block-heading\">VII &#8211; a data de publica\u00e7\u00e3o, quando a intima\u00e7\u00e3o se der pelo Di\u00e1rio da Justi\u00e7a impresso ou eletr\u00f4nico;<\/h3>\n\n\n\n<p>Outra medida comum no dia a dia \u00e9 a intima\u00e7\u00e3o pelo Di\u00e1rio de Justi\u00e7a, que \u00e9 a forma pela qual os advogados tomam conhecimento dos andamentos processuais, por isso o prazo se inicia da data de publica\u00e7\u00e3o no di\u00e1rio.<\/p>\n\n\n\n<h3 class=\"wp-block-heading\">VIII &#8211; o dia da carga, quando a intima\u00e7\u00e3o se der por meio da retirada dos autos, em carga, do cart\u00f3rio ou da secretaria.<\/h3>\n\n\n\n<p>O inciso final do art 231 trata exclusivamente de processos f\u00edsicos (que s\u00e3o em menor n\u00famero atualmente). Assim, o dia da carga \u00e9 o inicial para contagem do prazo quando a intima\u00e7\u00e3o se der por meio da retirada do processo no cart\u00f3rio.<\/p>\n\n\n\n<p>Por \u00faltimo, precisamos tratar de tr\u00eas fatos eventuais que podem acontecer no decorrer do ato de intima\u00e7\u00e3o e cita\u00e7\u00e3o:<\/p>\n\n\n\n<ul class=\"wp-block-list\">\n<li>Caso o processo tenha mais de um r\u00e9u, o dia do come\u00e7o do prazo para contestar ir\u00e1 corresponder \u00e0 \u00faltima das datas que est\u00e3o previstas nos incisos I a VI do caput (art. 231, \u00a7 1o);<\/li>\n\n\n\n<li>Se houver mais de uma parte a ser intimada, o prazo de cada um \u00e9 contado individualmente (art. 231, \u00a7 2o);<\/li>\n\n\n\n<li>No caso de ato que deve ser praticado diretamente pela parte ou por algu\u00e9m que fa\u00e7a parte do processo, sem a intermedia\u00e7\u00e3o de representante judicial, o prazo se inicia na data que se der a comunica\u00e7\u00e3o da determina\u00e7\u00e3o (art. 231, \u00a7 3o).<\/li>\n<\/ul>\n\n\n\n<style>\n    #adpost-block_6f04e93daeb3de7e4af4e5df198571aa.anuncio-post-reverse {\n        display: flex;\n        gap: 24px;\n        border-radius: 8px;\n        width: 100%;\n        max-width: 752px;\n        padding: 40px;\n        background: #e7f4fe;\n        margin: 16px auto;\n    }\n\n    #adpost-block_6f04e93daeb3de7e4af4e5df198571aa .anuncio-container {\n        display: flex;\n        flex-direction: column;\n        gap: 24px;\n        width: 100%;\n        max-width: 333px;\n    }\n\n    #adpost-block_6f04e93daeb3de7e4af4e5df198571aa .anuncio-container .logo {\n        width: 100%;\n        max-width: 177px;\n        margin: 0;\n    }\n\n    #adpost-block_6f04e93daeb3de7e4af4e5df198571aa .anuncio-text-container {\n        display: flex;\n        flex-direction: column;\n        gap: 24px;\n    }\n\n    #adpost-block_6f04e93daeb3de7e4af4e5df198571aa .anuncio-text-container .title {\n        font-family: 'Ubuntu';\n        font-size: 1.5rem; \/\/24px\n        font-weight: 700;\n        line-height: 120%;\n        margin: 0;\n        color: #000;\n    }\n\n    #adpost-block_6f04e93daeb3de7e4af4e5df198571aa .anuncio-text-container .text {\n        font-size: 0.875rem;\n        font-weight: 400;\n        line-height: 170%;\n        color: #000;\n    }\n\n    #adpost-block_6f04e93daeb3de7e4af4e5df198571aa .anuncio-container .button {\n        display: inline-flex;\n        align-items: center;\n        justify-content: center;\n        width: fit-content;\n        height: 48px;\n        border-radius: 8px;\n        padding: 12px 24px;\n        font-size: 1rem;\n        font-weight: 600;\n        text-decoration: none;\n        background: #008fd5;\n        color: #fff;\n    }\n\n    #adpost-block_6f04e93daeb3de7e4af4e5df198571aa .image-container {\n        position: relative;\n        width: 100%;\n        height: 100%;\n    }\n\n    #adpost-block_6f04e93daeb3de7e4af4e5df198571aa .image-container.float {\n        min-height: 236px;\n    }\n\n    #adpost-block_6f04e93daeb3de7e4af4e5df198571aa .image-container .image-desktop {\n        width: 100%;\n        max-width: 323px;\n        object-fit: contain;\n        margin: 0;\n    }\n\n    #adpost-block_6f04e93daeb3de7e4af4e5df198571aa .image-container .image-mobile {\n        display: none;\n        width: 100%;\n        max-width: 291px;\n        object-fit: contain;\n        margin: 0;\n    }\n\n    #adpost-block_6f04e93daeb3de7e4af4e5df198571aa .image-container.float .image-desktop,\n    #adpost-block_6f04e93daeb3de7e4af4e5df198571aa .image-container.float .image-mobile {\n        position: absolute;\n        right: 0;\n        bottom: 0;\n    }\n\n    #adpost-block_6f04e93daeb3de7e4af4e5df198571aa .image-container img {\n        border-radius: 8px;\n    }\n\n    \/************\n    * MOBILE \n    *************\/\n    @media (max-width: 1439px) {\n        #adpost-block_6f04e93daeb3de7e4af4e5df198571aa.anuncio-post-reverse {\n            flex-direction: column-reverse;\n            max-width: fit-content;\n            padding: 24px;\n        }\n\n        #adpost-block_6f04e93daeb3de7e4af4e5df198571aa .anuncio-container {\n            max-width: 280px;\n            align-items: center;\n        }\n\n        #adpost-block_6f04e93daeb3de7e4af4e5df198571aa .anuncio-container .logo {\n            max-width: 147px;\n        }\n\n        #adpost-block_6f04e93daeb3de7e4af4e5df198571aa .anuncio-text-container {\n            gap: 8px;\n        }\n\n        #adpost-block_6f04e93daeb3de7e4af4e5df198571aa .anuncio-text-container .title {\n            font-size: 1.25rem;\n            text-align: center;\n        }\n\n        #adpost-block_6f04e93daeb3de7e4af4e5df198571aa .anuncio-text-container .text {\n            text-align: center;\n        }\n\n        #adpost-block_6f04e93daeb3de7e4af4e5df198571aa .anuncio-container .button {\n            width: 100%;\n        }\n\n        #adpost-block_6f04e93daeb3de7e4af4e5df198571aa .image-container.float {\n            min-height: 182px;\n        }\n\n        #adpost-block_6f04e93daeb3de7e4af4e5df198571aa .image-container .image-desktop {\n            display: none;\n        }\n\n        #adpost-block_6f04e93daeb3de7e4af4e5df198571aa .image-container .image-mobile {\n            display: block;\n        }\n    }\n\n    \/*******************\n    * RESET GLOBAL CSS \n    ********************\/\n    #s-post main article .content .image-container img {\n        margin: 0;\n    }\n<\/style>\n\n\n<article id=\"adpost-block_6f04e93daeb3de7e4af4e5df198571aa\" class=\"anuncio-post-reverse\">\n    <div class=\"anuncio-container\">\n        \n        <div class=\"anuncio-text-container\">\n             <h3 class=\"title\" >Seja protagonista da sua advocacia com o Astrea<\/h3>\n            <div class=\"text\" >Tenha tempo para focar no crescimento do seu escrit\u00f3rio, enquanto o Astrea cuida da sua gest\u00e3o jur\u00eddica com intelig\u00eancia.<\/div>        <\/div>\n       \n        <a class=\"button\" href=\"\/astrea\/?utm_source=blog&#038;utm_medium=adpost&#038;utm_campaign=campanha-marca-2026\" target=\"_self\">Conhe\u00e7a o Astrea<\/a>    <\/div>\n\n    <div class=\"image-container\">\n        <img decoding=\"async\" class=\"image-desktop\" src=\"https:\/\/www.aurum.com.br\/blog\/wp-content\/uploads\/2026\/03\/adpos-posicionamento-2026-desktop.png\" alt=\"\" \/>\n        <img decoding=\"async\" class=\"image-mobile\" src=\"https:\/\/www.aurum.com.br\/blog\/wp-content\/uploads\/2026\/03\/adpost-posicionamento-2026-mobile.png\" alt=\"\" \/>    <\/div>\n<\/article>\n\n\n<h2 class=\"wp-block-heading\">Jurisprud\u00eancias sobre o dia de in\u00edcio dos prazos<\/h2>\n\n\n\n<p>Esse tema \u00e9 muito abordado nos tribunais brasileiros, j\u00e1 que \u00e9 muito comum alguma parte (principalmente o r\u00e9u) ingressar com recurso para requerer a devolu\u00e7\u00e3o do prazo ou a nulidade da cita\u00e7\u00e3o apontando falhas.<\/p>\n\n\n\n<p>Al\u00e9m disso, tamb\u00e9m ocorrem confus\u00f5es sobre o in\u00edcio do prazo processual, como \u00e9 poss\u00edvel notar nessa jurisprud\u00eancia do Tribunal de Justi\u00e7a de Minas Gerais:<\/p>\n\n\n\n<blockquote class=\"wp-block-quote is-layout-flow wp-block-quote-is-layout-flow\">\n<p>EMENTA: AGRAVO DE INSTRUMENTO &#8211; TUTELA <strong>ANTECIPADA EM CAR\u00c1TER ANTECEDENTE &#8211; ARTIGO 303, \u00a71o, DO CPC &#8211; CONTESTA\u00c7\u00c3O &#8211; PRAZO DE QUINZE DIAS AP\u00d3S ADITAMENTO DA INICIAL<\/strong> &#8211; AUS\u00caNCIA DE CITA\u00c7\u00c3O E INTIMA\u00c7\u00c3O PARA AUDI\u00caNCIA &#8211; CITA\u00c7\u00c3O PARA DEFESA POR AVISO DE RECEBIMENTO &#8211;<strong> IN\u00cdCIO DO PRAZO DEPOIS DE JUNTADA DO AR &#8211; INTELIG\u00caNCIA DOS ARTIGOS 335, INCISO II, C\/C 231, INCISO I, DO CPC &#8211; RECURSO IMPROVIDO<\/strong>.- Embora o artigo 303, \u00a71o, inciso III, do CPC, estipule que ap\u00f3s aditamento da inicial, prazo de defesa de quinze dias depois da aus\u00eancia de autocomposi\u00e7\u00e3o. No caso, o r\u00e9u n\u00e3o foi sequer citado e intimado para audi\u00eancia, n\u00e3o havendo ocasi\u00e3o para aus\u00eancia de autocomposi\u00e7\u00e3o e n\u00e3o sendo aberto o prazo para defesa. (Dando Julgamento: 21 de Julho de 2020). In\u00edcio a este prazo somente com a juntada do AR de cita\u00e7\u00e3o, em interpreta\u00e7\u00e3o ao descrito nos artigo 335, inciso II, c\/c 231, inciso I, do CPC.\u201d&nbsp;<\/p>\n\n\n\n<p>(TJ-MG &#8211; AI 10000190279935002 \u2013 Relator: Rog\u00e9rio Medeiros; Publica\u00e7\u00e3o: 24\/07\/2020;<\/p>\n<\/blockquote>\n\n\n\n<p>Por fim, e n\u00e3o menos importante, a intempestividade pode ser reconhecida por falta de cumprimento dos prazos definidos no art 231. Como \u00e9 poss\u00edvel notar nessa decis\u00e3o do Tribunal de Justi\u00e7a do Paran\u00e1:<\/p>\n\n\n\n<blockquote class=\"wp-block-quote is-layout-flow wp-block-quote-is-layout-flow\">\n<p>APELA\u00c7\u00c3O C\u00cdVEL \u2013 EMBARGOS \u00c0 EXECU\u00c7\u00c3O \u2013 PRETENS\u00c3O DE RECEBIMENTO DO RECURSO NO EFEITO SUSPENSIVO \u2013 INVIABILIDADE \u2013 SENTEN\u00c7A QUE REJEITA OS EMBARGOS POR INTEMPESTIVIDADE \u2013 DESCUMPRIMENTO DO PRAZO PREVISTO NO ART. 915 DO CPC\u2013 TERMO INICIAL QUE SE INICIA DA JUNTADA DO MANDADO DE CITA\u00c7\u00c3O PELO OFICIAL DE JUSTI\u00c7A, NOS TERMOS DO INCISO ARTIGO 231 DO CPC\u2013 INTEMPESTIVIDADE VERIFICADA \u2013 SENTEN\u00c7A MANTIDA- RECURSO CONHECIDO E N\u00c3O PROVIDO. &#8221; <\/p>\n\n\n\n<p>(TJPR &#8211; 16a C. C\u00edvel &#8211; 0002716-09.2016.8.16.0037 &#8211; Campina Grande do Sul &#8211; Rel.: Desembargadora Maria M\u00e9rcis Gomes Aniceto &#8211; J. 09.03.2020).<\/p>\n<\/blockquote>\n\n\n\n<h2 class=\"wp-block-heading\">D\u00favidas frequentes sobre o tema<\/h2>\n\n\n\n<h3 class=\"wp-block-heading\">Qual \u00e9 o in\u00edcio dos prazos?<\/h3>\n\n\n\n<p>Os prazos come\u00e7am a ser contados, em princ\u00edpio, pela cita\u00e7\u00e3o ou intima\u00e7\u00e3o.&nbsp;<\/p>\n\n\n\n<h3 class=\"wp-block-heading\">O que diz o art 231 do NCPC?&nbsp;<\/h3>\n\n\n\n<p>O art 231 trata especificamente sobre o in\u00edcio do decorrer dos prazos processuais. Saiba mais sobre o tema neste artigo!<\/p>\n\n\n\n<h3 class=\"wp-block-heading\">Como \u00e9 feita a contagem dos prazos processuais?&nbsp;<\/h3>\n\n\n\n<p>Via de regra, \u00e9 feita em dias \u00fateis onde exclui-se o dia de come\u00e7o e inclui-se o dia de vencimento.&nbsp;<\/p>\n\n\n\n<h2 class=\"wp-block-heading\">Conclus\u00e3o<\/h2>\n\n\n\n<p>O art 231 do Novo CPC \u00e9 muito importante para lidar com prazos processuais e por vezes passa despercebido no dia a dia. Por isso, lembre-se que o NCPC trouxe esse conjunto de regras para lhe ajudar na pr\u00e1tica e trazer harmonia ao processo.<\/p>\n\n\n\n<p>Dessa forma, os prazos n\u00e3o se tornam confusos e todos sabem qual o seu in\u00edcio correto.&nbsp;<\/p>\n\n\n\n<h3 class=\"wp-block-heading\">Mais conhecimento para voc\u00ea<\/h3>\n\n\n\n<p>Se voc\u00ea gostou deste texto, sugiro que leia outros artigos sobre os seguintes temas:<\/p>\n\n\n\n<ul class=\"wp-block-list\">\n<li><a href=\"https:\/\/www.aurum.com.br\/blog\/novo-cpc\/\">Novo CPC: O guia completo com tudo o que voc\u00ea precisa saber<\/a><\/li>\n\n\n\n<li><a href=\"https:\/\/www.aurum.com.br\/blog\/como-fazer-controle-de-processos-e-prazos-sem-estresse\/\">Como fazer controle de processos e prazos sem estresse<\/a><\/li>\n\n\n\n<li><a href=\"https:\/\/www.aurum.com.br\/blog\/como-contar-prazo-processual\/\">Como contar prazo processual? Dicas e mudan\u00e7as recentes na lei<\/a><\/li>\n\n\n\n<li><a href=\"https:\/\/www.aurum.com.br\/blog\/alegacoes-finais\/\">Saiba como funcionam as alega\u00e7\u00f5es finais no Novo CPC<\/a><\/li>\n<\/ul>\n\n\n\n<p><em>Gostou do conte\u00fado? Ficou com alguma d\u00favida? Deixe seu coment\u00e1rio <\/em>\ud83d\ude09<\/p>\n\n\n<style>\r\n  .news-post {\r\n    background: url('https:\/\/www.aurum.com.br\/blog\/wp-content\/themes\/aurum\/img\/bg-news-artigo.svg') no-repeat top center #3C48AA;\r\n    padding: 1.5rem;\r\n    border-radius: 6px;\r\n    margin: 1rem 0;\r\n  }\r\n  .news-post .icone {\r\n    display: none;\r\n  }\r\n  .news-post .title {\r\n    font-weight: 700;\r\n    font-size: 16px;\r\n    line-height: 130%;\r\n    text-align: center;\r\n    letter-spacing: -0.5px;\r\n    color: #fff;\r\n    margin-bottom: .9375rem;\r\n  }\r\n  .news-post p {\r\n    font-size: .875rem;\r\n    line-height: 140%;\r\n    text-align: center;\r\n    color: #fff;\r\n    margin-bottom: 1.25rem;\r\n  }\r\n  .news-post .news_button_span {\r\n    font-size: .8125rem;\r\n    display: block;\r\n    padding: .125rem .3125rem;\r\n    color: #fff;\r\n    text-align:left;\r\n  }\r\n  .news-post .news_button_span a {\r\n    color: #fff !important;\r\n    text-decoration: underline;\r\n  }\r\n  .news-post form {\r\n    width: 100%;\r\n  }\r\n  .news-post label {\r\n    font-weight: 600;\r\n    font-size: .9375rem;\r\n    line-height: 1.5rem;\r\n    margin-bottom: .5rem;\r\n    color: #fff;\r\n    display: block;\r\n  }\r\n  .news-post input {\r\n    background: #fff;\r\n    border: 1px solid #CBCBD9;\r\n    box-sizing: border-box;\r\n    border-radius: 4px;\r\n    padding: .75rem 1rem;\r\n    width: 100%;\r\n  }\r\n  .news-post button {\r\n    margin-top: .875rem;\r\n    width: 100%;\r\n    min-width: auto;\r\n    background: #FCC632;\r\n    color: #3C48AA;\r\n  }\r\n  .news-post .input {\r\n    position: relative;\r\n    padding-bottom: 10px;\r\n  }\r\n  .news-post .error-message-ad {\r\n    font-size: .875rem;\r\n    line-height: 130%;\r\n    color: #D50021;\r\n    margin-left: 4px;\r\n  }\r\n  .news-post .error {\r\n    border: 1px solid #D50021;\r\n  }\r\n  .news-post #message-form-ad {\r\n    border-radius: 4px;\r\n    padding: 0.7rem;\r\n    font-size:0.8rem;\r\n    text-align: center;\r\n    align-items: center;\r\n    justify-content: center;\r\n    display: none;\r\n  }\r\n  .news-post #message-form-ad svg {\r\n    margin-right: 8px;\r\n  }\r\n\r\n  @media(min-width: 561px) {\r\n    .news-post {\r\n      position: relative;\r\n      background: url('https:\/\/www.aurum.com.br\/blog\/wp-content\/themes\/aurum\/img\/bg-news-artigo.svg') no-repeat top center #3C48AA;\r\n      width: calc(100% - 30px);\r\n    }\r\n    .news-post .icone {\r\n      display: block;\r\n      position: absolute;\r\n      right: -30px;\r\n      top: 65px;\r\n      max-width: 142px;\r\n      width: 100%;\r\n      height: auto;\r\n      margin: 0;\r\n    }\r\n    .news-post .title {\r\n      font-size: 1.125rem;\r\n      text-align: left;\r\n      \/* padding-right: 3.75rem; *\/\r\n    }\r\n    .news-post p {\r\n      font-size: 1rem;\r\n      text-align: left;\r\n      max-width: 400px;\r\n    }\r\n    .news-post .boxes {\r\n      display: flex;\r\n      align-items: flex-start;\r\n    }\r\n    .news-post button {\r\n      margin: 0 0 0 1rem;\r\n      width: 100%;\r\n      max-width: 170px;\r\n      min-width: auto;\r\n      transition: all ease .3s\r\n    }\r\n    .news-post button:hover {\r\n      opacity: 0.9;\r\n      transition: all ease .3s\r\n    }\r\n    .news-post #message-form-ad {\r\n      padding: 1.125rem;\r\n      font-size:1rem;\r\n    }\r\n    .news-post #message-form-ad svg {\r\n      margin-right: 10px;\r\n    }\r\n  }\r\n<\/style>\r\n\r\n<div class=\"news-post\">\r\n  <div class=\"title news-ad-title\">Gostou do artigo e quer evoluir a sua advocacia?<\/div>\r\n  <p class=\"news-ad-subtitle\">Assine gr\u00e1tis a Aurum News e receba uma dose semanal de conte\u00fado no seu e-mail! \u270c\ufe0f<\/p>\r\n  <img decoding=\"async\" src=\"https:\/\/www.aurum.com.br\/blog\/wp-content\/themes\/aurum\/img\/icon-news-artigo.svg\" alt=\"\" class=\"icone\">\r\n\r\n  <form method=\"post\" name=\"newsletter-ad\" id=\"aurum-newsletter-ad\">\r\n    <div class=boxes>\r\n      <div class=\"input\">\r\n        <label class=\"label-email\" htmlFor=\"email-ad\">Qual seu e-mail?<\/label>\r\n        <input type=\"email\" id=\"email-ad\" name=\"newsletter-mail-ad\" placeholder=\"Digite seu e-mail?\">\r\n        <div class=\"error-message-ad-email\">Endere\u00e7o de e-mail inv\u00e1lido ou incorreto<\/div>\r\n\r\n        <label class=\"label-select\" htmlFor=\"lawsuits-select-ad\">\r\n          Quantos processos voc\u00ea ou<br class=\"for-desktop\"\/> seu escrit\u00f3rio acompanham?\r\n        <\/label>\r\n        <div id=\"lawsuits-select-ad\" class=\"lawsuits-select select-wrapper\" tabindex=\"0\">\r\n          <div class=\"s-dropdown--styled\">\r\n          <span class=\"lawsuits-default\">\r\n            <span id=\"lawsuits-newsletter-ad\" class=\"lawsuits-default-text\" data-value=\"\">Selecione os processos<\/span>\r\n            <svg class=\"chevron\" xmlns=\"http:\/\/www.w3.org\/2000\/svg\" width=\"24\" height=\"25\" viewBox=\"0 0 24 25\" fill=\"none\">\r\n              <path d=\"M6 15.6152L12 9.61523L18 15.6152\" stroke=\"black\" stroke-width=\"2\" stroke-linecap=\"round\" stroke-linejoin=\"round\" \/>\r\n            <\/svg>\r\n          <\/span>\r\n\r\n          <ul class=\"s-dropdown u-hide\">\r\n            <li class=\"lawsuits\" data-value=\"Mais de 1000 processos\">Mais de 1000 processos<\/li>\r\n            <li class=\"lawsuits\" data-value=\"De 501 a 1000 processos\">De 501 a 1000 processos<\/li>\r\n            <li class=\"lawsuits\" data-value=\"De 151 a 500 processos\">De 151 a 500 processos<\/li>\r\n            <li class=\"lawsuits\" data-value=\"De 41 a 150 processos\">De 41 a 150 processos<\/li>\r\n            <li class=\"lawsuits\" data-value=\"At\u00e9 40 processos\">At\u00e9 40 processos<\/li>\r\n            <li class=\"lawsuits\" data-value=\"Atuo apenas no consultivo\">Atuo apenas no consultivo<\/li>\r\n            <li class=\"lawsuits\" data-value=\"Ainda sou estudante de direito\">Ainda sou estudante de direito<\/li>\r\n            <li class=\"lawsuits\" data-value=\"N\u00e3o sou da \u00e1rea jur\u00eddica\">N\u00e3o sou da \u00e1rea jur\u00eddica<\/li>\r\n          <\/ul>\r\n          <\/div>\r\n        <\/div>\r\n        <div class=\"error-message-ad-lawsuits\">Selecione algum processo<\/div>\r\n      <\/div>\r\n      <button class=\"btn btn-yellow ad-btn-desktop\" id=\"aurum-submit-ad\">Assinar gr\u00e1tis<\/button>\r\n      <button class=\"btn btn-yellow ad-btn-mobile\" id=\"aurum-submit-ad\">Assinar<\/button>\r\n    <\/div>\r\n    <span class=\"news_button_span\">Ao se cadastrar voc\u00ea declara que leu e aceitou a pol\u00edtica de privacidade e cookies do <a href=\"https:\/\/s3.sa-east-1.amazonaws.com\/publico.aurum.com.br\/contratos\/politica-de-privacidade.pdf\" target=\"_blank\" rel=\"noopener noreferrer\">site<\/a>.<\/span>\r\n  <\/form>\r\n  <div id=\"message-form-ad\"><\/div>\r\n<\/div>\n\n\n<script type=\"application\/ld+json\">\n{\n  \"@context\": \"https:\/\/schema.org\",\n  \"@type\": \"FAQPage\",\n  \"mainEntity\": [{\n    \"@type\": \"Question\",\n    \"name\": \"Qual \u00e9 o in\u00edcio dos prazos?\",\n    \"acceptedAnswer\": {\n      \"@type\": \"Answer\",\n      \"text\": \"Os prazos come\u00e7am a ser contados, em princ\u00edpio, pela cita\u00e7\u00e3o ou intima\u00e7\u00e3o.\"\n    }\n  },{\n    \"@type\": \"Question\",\n    \"name\": \"O que diz o art 231 do NCPC?\",\n    \"acceptedAnswer\": {\n      \"@type\": \"Answer\",\n      \"text\": \"O art 231 trata especificamente sobre o in\u00edcio do decorrer dos prazos processuais. Saiba mais sobre o tema neste artigo!\"\n    }\n  },{\n    \"@type\": \"Question\",\n    \"name\": \"Como \u00e9 feita a contagem dos prazos processuais?\",\n    \"acceptedAnswer\": {\n      \"@type\": \"Answer\",\n      \"text\": \"Via de regra, \u00e9 feita em dias \u00fateis onde exclui-se o dia de come\u00e7o e inclui-se o dia de vencimento.\"\n    }\n  }]\n}\n<\/script>\n","protected":false},"excerpt":{"rendered":"<p>O art 231 do Novo CPC \u00e9 respons\u00e1vel pela regulagem dos prazos do processo civil. Considero esse artigo um dos mais importantes do C\u00f3digo de Processo Civil, e que muitas vezes passa despercebido pela maioria dos profissionais. Os prazos processuais s\u00e3o um ponto muito importante no Direito Processual, afinal, perder um prazo pode ser fatal [&hellip;]<\/p>\n","protected":false},"author":75,"featured_media":9675,"comment_status":"open","ping_status":"open","sticky":false,"template":"","format":"standard","meta":{"_bbp_topic_count":0,"_bbp_reply_count":0,"_bbp_total_topic_count":0,"_bbp_total_reply_count":0,"_bbp_voice_count":0,"_bbp_anonymous_reply_count":0,"_bbp_topic_count_hidden":0,"_bbp_reply_count_hidden":0,"_bbp_forum_subforum_count":0,"inline_featured_image":false,"footnotes":""},"categories":[178],"tags":[],"class_list":["post-9674","post","type-post","status-publish","format-standard","has-post-thumbnail","hentry","category-direito-processual-civil"],"acf":[],"_links":{"self":[{"href":"https:\/\/www.aurum.com.br\/blog\/wp-json\/wp\/v2\/posts\/9674","targetHints":{"allow":["GET"]}}],"collection":[{"href":"https:\/\/www.aurum.com.br\/blog\/wp-json\/wp\/v2\/posts"}],"about":[{"href":"https:\/\/www.aurum.com.br\/blog\/wp-json\/wp\/v2\/types\/post"}],"author":[{"embeddable":true,"href":"https:\/\/www.aurum.com.br\/blog\/wp-json\/wp\/v2\/users\/75"}],"replies":[{"embeddable":true,"href":"https:\/\/www.aurum.com.br\/blog\/wp-json\/wp\/v2\/comments?post=9674"}],"version-history":[{"count":5,"href":"https:\/\/www.aurum.com.br\/blog\/wp-json\/wp\/v2\/posts\/9674\/revisions"}],"predecessor-version":[{"id":26842,"href":"https:\/\/www.aurum.com.br\/blog\/wp-json\/wp\/v2\/posts\/9674\/revisions\/26842"}],"wp:featuredmedia":[{"embeddable":true,"href":"https:\/\/www.aurum.com.br\/blog\/wp-json\/wp\/v2\/media\/9675"}],"wp:attachment":[{"href":"https:\/\/www.aurum.com.br\/blog\/wp-json\/wp\/v2\/media?parent=9674"}],"wp:term":[{"taxonomy":"category","embeddable":true,"href":"https:\/\/www.aurum.com.br\/blog\/wp-json\/wp\/v2\/categories?post=9674"},{"taxonomy":"post_tag","embeddable":true,"href":"https:\/\/www.aurum.com.br\/blog\/wp-json\/wp\/v2\/tags?post=9674"}],"curies":[{"name":"wp","href":"https:\/\/api.w.org\/{rel}","templated":true}]}}