{"id":9663,"date":"2021-05-21T11:07:31","date_gmt":"2021-05-21T14:07:31","guid":{"rendered":"https:\/\/aurum.com.br\/blog\/funcao-social-da-propriedade\/"},"modified":"2023-06-12T10:33:06","modified_gmt":"2023-06-12T13:33:06","slug":"funcao-social-da-propriedade","status":"publish","type":"post","link":"https:\/\/www.aurum.com.br\/blog\/funcao-social-da-propriedade\/","title":{"rendered":"O que \u00e9 a fun\u00e7\u00e3o social da propriedade e seu papel no Direito Civil"},"content":{"rendered":"<div id=\"bsf_rt_marker\"><\/div>\n<pre class=\"wp-block-preformatted\">A <strong>fun\u00e7\u00e3o social da propriedade<\/strong> \u00e9 um instrumento jur\u00eddico que tem como objetivo evitar as desigualdades sociais provocadas pela distribui\u00e7\u00e3o das terras rurais e urbanas. <\/pre>\n\n\n\n<p>Neste artigo eu abordo um conceito muito mencionado, mas pouco compreendido: a fun\u00e7\u00e3o social da propriedade. Convido voc\u00ea a vir comigo na an\u00e1lise do tema e de sua relev\u00e2ncia em nosso ordenamento jur\u00eddico.&nbsp;<\/p>\n\n\n\n<p>Al\u00e9m disso, falo tamb\u00e9m sobre a origem desse princ\u00edpio e a sua import\u00e2ncia para o direito civil nas diversas especificidades, como na propriedade urbana e rural.<\/p>\n\n\n\n<p>Por fim, trago os principais pontos de aten\u00e7\u00e3o para n\u00f3s advogados e advogadas.&nbsp;Confira a seguir!<\/p>\n\n\n\n<h2 class=\"wp-block-heading\">O que \u00e9 o direito \u00e0 propriedade?<\/h2>\n\n\n\n<p>Antes de entender a fun\u00e7\u00e3o social da propriedade, \u00e9 preciso entender o pr\u00f3prio direito que tal instituto \u201climita\u201d: o direito \u00e0 propriedade.<\/p>\n\n\n\n<p>O direito \u00e0 propriedade est\u00e1 previsto no artigo 5\u00ba da Constitui\u00e7\u00e3o Federal e \u00e9 al\u00e7ado a garantia fundamental, sendo essa uma cl\u00e1usula p\u00e9trea do nosso Diploma Constitucional. Vejamos:<\/p>\n\n\n\n<blockquote class=\"wp-block-quote is-layout-flow wp-block-quote-is-layout-flow\">\n<p><em>Art. 5\u00ba Todos s\u00e3o iguais perante a lei, sem distin\u00e7\u00e3o de qualquer natureza, garantindo-se aos brasileiros e aos estrangeiros residentes no Pa\u00eds a inviolabilidade do direito \u00e0 vida, \u00e0 liberdade, \u00e0 igualdade, \u00e0 seguran\u00e7a e \u00e0 propriedade, nos termos seguintes: (&#8230;)&#8221;<\/em><\/p>\n<\/blockquote>\n\n\n\n<p><strong>Portanto, o direito \u00e0 propriedade \u00e9 garantia de todos os Estados democr\u00e1ticos e livres da atualidade<\/strong>. Caso n\u00e3o fosse assegurado o direito de propriedade estar\u00edamos diante de uma situa\u00e7\u00e3o em que o fruto do esfor\u00e7o de um indiv\u00edduo poderia ser tomado por outro, ou mesmo pelo pr\u00f3prio Estado.<\/p>\n\n\n\n<p>Al\u00e9m disso, o direito \u00e0 propriedade como garantia inviol\u00e1vel permite que as pessoas produzam bens e servi\u00e7os que beneficiar\u00e3o a todos, uma vez que ingressarem no mercado.&nbsp;<\/p>\n\n\n\n<p>Cito como exemplo a situa\u00e7\u00e3o de um agricultor. Se ele soubesse que o fruto do seu empenho em arar a terra, plantar e colher os frutos pudesse ser suprimido por uma pessoa ou pelo Estado sem a justa compensa\u00e7\u00e3o pelo seu trabalho, ele n\u00e3o teria interesse nessa produ\u00e7\u00e3o.&nbsp;<\/p>\n\n\n\n<p>Conforme bem preceitua Melhim Namem Chalhub:&nbsp;<\/p>\n\n\n\n<blockquote class=\"wp-block-quote is-layout-flow wp-block-quote-is-layout-flow\">\n<p><em>Qualquer que seja a organiza\u00e7\u00e3o social considerada, a propriedade h\u00e1 de ser, obviamente, elemento sempre presente na estrutura da ordem econ\u00f4mica e social, n\u00e3o havendo d\u00favida de que o reconhecimento do direito de propriedade \u00e9 fator de seguran\u00e7a jur\u00eddica e, conseq\u00fcentemente, de estabilidade social.&#8221;<\/em><\/p>\n<\/blockquote>\n\n\n\n<p>Portanto, esse direito se constitui como direito de usar, fruir e dispor de alguma coisa, bem como de excluir que terceiros assim o fa\u00e7am.&nbsp;<\/p>\n\n\n\n<h2 class=\"wp-block-heading\">Limita\u00e7\u00e3o ao exerc\u00edcio do direito \u00e0 propriedade<\/h2>\n\n\n\n<p>A maioria dos direitos est\u00e1 sujeito \u00e0 limita\u00e7\u00f5es, e esse parece ser o caso do direito \u00e0 propriedade quando observamos o inciso XXIII do artigo supramencionado. Vejamos:<\/p>\n\n\n\n<blockquote class=\"wp-block-quote is-layout-flow wp-block-quote-is-layout-flow\">\n<p><em>XXII &#8211; \u00e9 garantido o direito de propriedade;<br>XXIII &#8211; a propriedade atender\u00e1 a sua fun\u00e7\u00e3o social;&#8221;<\/em><\/p>\n<\/blockquote>\n\n\n\n<p>Logo, o artigo 170, ao tratar dos princ\u00edpios sobre os quais se funda a ordem econ\u00f4mica, prev\u00ea:<\/p>\n\n\n\n<blockquote class=\"wp-block-quote is-layout-flow wp-block-quote-is-layout-flow\">\n<p><em>Art. 170. A ordem econ\u00f4mica, fundada na valoriza\u00e7\u00e3o do trabalho humano e na livre iniciativa, tem por fim assegurar a todos exist\u00eancia digna, conforme os ditames da justi\u00e7a social, observados os seguintes princ\u00edpios:<br>I &#8211; soberania nacional;<br>II &#8211; propriedade privada;<br><\/em><strong><em>III &#8211; fun\u00e7\u00e3o social da propriedade;<br><\/em><\/strong><em>(&#8230;)&#8221;<\/em><\/p>\n<\/blockquote>\n\n\n\n<p>Conforme o artigo, <strong>a propriedade atender\u00e1 \u00e0 sua fun\u00e7\u00e3o social<\/strong>. Mas o que isso quer dizer?&nbsp;<\/p>\n\n\n\n<p>O instituto da fun\u00e7\u00e3o social da propriedade, apesar de relativamente recente em nosso ordenamento, remonta \u00e0 Igreja Medieval com a Enc\u00edclica&nbsp;<em>Rerum Novarum<\/em> do Papa Le\u00e3o XIII, em que se discute que a propriedade privada deve facilitar o bem comum.&nbsp;<\/p>\n\n\n\n<p>Foi neste momento que se passou a discutir a contribui\u00e7\u00e3o ao bem comum, que deveria ser possibilitada pelo uso da propriedade. Assim, a propriedade de uma pessoa deveria se comunicar com a necessidade do outro, tendo, portanto, uma fun\u00e7\u00e3o social.<\/p>\n\n\n\n<h3 class=\"wp-block-heading\">Origem do termo na \u00e1rea jur\u00eddica<\/h3>\n\n\n\n<p>Na \u00e1rea jur\u00eddica, quem cunhou o termo fun\u00e7\u00e3o social da propriedade foi o jurista franc\u00eas L\u00e9on Duguit. Segundo ele, o direito de propriedade deveria ser uma fun\u00e7\u00e3o social e o propriet\u00e1rio deveria us\u00e1-lo para o incremento da riqueza e bem comum.&nbsp;<\/p>\n\n\n\n<p>Ele ainda via a referida transforma\u00e7\u00e3o como uma socializa\u00e7\u00e3o da no\u00e7\u00e3o de propriedade. <strong>Isso porque, no seu entender, deixa de ser um direito do indiv\u00edduo para verter-se em fun\u00e7\u00e3o social<\/strong>. \u00c9 cada dia mais cerceado, tendo em vista a amplia\u00e7\u00e3o do n\u00famero de casos em que deve ser a sociedade juridicamente protegida frente \u00e0 propriedade.<\/p>\n\n\n\n<p>N\u00e3o \u00e9 de se espantar que essa constru\u00e7\u00e3o coletivista e, portanto, cerceadora de liberdades individuais de Duguit foi utilizada por regimes totalitaristas como o regime fascista italiano, por exemplo.&nbsp;<\/p>\n\n\n\n<p>Isso ocorreu pois a nega\u00e7\u00e3o de direitos subjetivos realizada pelo jurista, que era positivista e acreditava que os direitos individuais sempre se curvam aos interesses da sociedade, \u00e9 conveniente \u00e0 regimes ditatoriais, j\u00e1 que conceitos amplos como \u201csociedade\u201d, \u201cbem comum&#8221; e \u201csolidariedade\u201d, s\u00e3o facilmente utilizados para expans\u00e3o do Poder Estatal.<\/p>\n\n\n\n<p>Esse \u00e9 um grande problema de conceitos jur\u00eddicos indeterminados, ainda mais quando trazem limita\u00e7\u00f5es aos direitos individuais.&nbsp;<\/p>\n\n\n\n<p>No Brasil, o conceito da fun\u00e7\u00e3o social da propriedade surgiu textualmente pela primeira vez na Constitui\u00e7\u00e3o Federal em 1967, durante o per\u00edodo da ditadura militar.<\/p>\n\n\n\n<h2 class=\"wp-block-heading\">Qual a import\u00e2ncia da fun\u00e7\u00e3o social da propriedade?&nbsp;<\/h2>\n\n\n\n<p>Em sua concep\u00e7\u00e3o individual, o direito \u00e0 propriedade privilegia o indiv\u00edduo titular do direito. No entanto, em sua perspectiva social, tutela o interesse da coletividade de forma a estabelecer imposi\u00e7\u00f5es negativas e positivas aos titulares desse direito.<\/p>\n\n\n\n<p><\/p>\n\n\n\n<figure class=\"wp-block-image size-large\"><img decoding=\"async\" src=\"https:\/\/www.aurum.com.br\/blog\/wp-content\/uploads\/o-que-e-funcao-social-da-propriedade.jpg\" alt=\"A imagem est\u00e1 dividida em duas. Na parte superior, h\u00e1 a imagem de um homem desfocado utilizando o notebook e um martelo jur\u00eddico em primeiro plano. Na parte inferior, o fundo \u00e9 branco e est\u00e1 escrito: &quot;O instituto da fun\u00e7\u00e3o social da propriedade, apesar de ser um conceito jur\u00eddico aberto, discute que a propriedade de uma pessoa deve se comunicar com a necessidade da sociedade, ou seja, possibilitar o bem comum.&quot;\" class=\"wp-image-41131\"\/><figcaption class=\"wp-element-caption\">Confira o conceito da fun\u00e7\u00e3o social da propriedade!<\/figcaption><\/figure>\n\n\n\n<p>Destaca-se que essa fun\u00e7\u00e3o social n\u00e3o recai somente sobre bens im\u00f3veis, mas sobre qualquer coisa de que uma pessoa possa se apropriar, como uma empresa, por exemplo.<\/p>\n\n\n\n<p>A fun\u00e7\u00e3o social da propriedade condiciona o exerc\u00edcio dos poderes do propriet\u00e1rio, abrindo espa\u00e7o para que a pol\u00edtica legislativa defina qual deve ser a destina\u00e7\u00e3o de cada bem a depender da circunst\u00e2ncia. <\/p>\n\n\n\n<p>Dessa forma, <strong>a propriedade pode ser regulamentada de acordo com a natureza dos bens sob os quais recai.<\/strong><\/p>\n\n\n\n<p>Apesar disso, \u00e9 importante destacar que a fun\u00e7\u00e3o social em nenhum momento importa em supress\u00e3o da propriedade privada, somente delimita o espa\u00e7o em que o titular pode satisfazer seus interesses individuais.<\/p>\n\n\n\n<h2 class=\"wp-block-heading\">O papel da fun\u00e7\u00e3o social da propriedade no Direito Civil&nbsp;<\/h2>\n\n\n\n<p>No C\u00f3digo Civil de 2002 C\u00f3digo Civil, existe uma men\u00e7\u00e3o \u00e0 fun\u00e7\u00e3o social da propriedade no artigo 2.035:<\/p>\n\n\n\n<blockquote class=\"wp-block-quote is-layout-flow wp-block-quote-is-layout-flow\">\n<p><em>Art. 2.035. A validade dos neg\u00f3cios e demais atos jur\u00eddicos, constitu\u00eddos antes da entrada em vigor deste C\u00f3digo, obedece ao disposto nas leis anteriores, referidas no art. 2.045, mas os seus efeitos, produzidos ap\u00f3s a vig\u00eancia deste C\u00f3digo, aos preceitos dele se subordinam, salvo se houver sido prevista pelas partes determinada forma de execu\u00e7\u00e3o.<\/em><br><em><br>Par\u00e1grafo \u00fanico. <\/em><strong><em>Nenhuma conven\u00e7\u00e3o prevalecer\u00e1 se contrariar preceitos de ordem p\u00fablica, tais como os estabelecidos por este C\u00f3digo para assegurar a fun\u00e7\u00e3o social da propriedade e dos contratos.<\/em><\/strong><em>&#8220;<\/em><\/p>\n<\/blockquote>\n\n\n\n<p>O mencionado artigo se encontra nas disposi\u00e7\u00f5es finais do Diploma, e esta existe men\u00e7\u00e3o pois o c\u00f3digo anteriormente n\u00e3o fazia alus\u00e3o ao referido instituto.&nbsp;<\/p>\n\n\n\n<p>Outras previs\u00f5es inovadoras foram trazidas, ao que muitos autores disseram ser em fun\u00e7\u00e3o da consagra\u00e7\u00e3o deste princ\u00edpio pelo Diploma Constitucional, como no art. 1.228, que prev\u00ea em seu \u00a7\u00a71\u00ba e 2\u00ba:<\/p>\n\n\n\n<blockquote class=\"wp-block-quote is-layout-flow wp-block-quote-is-layout-flow\">\n<p><em>\u00a71\u00ba O direito de propriedade deve ser exercido em conson\u00e2ncia com suas finalidades econ\u00f4micas e sociais e de modo que sejam preservados, de conformidade com o estabelecido em lei especial, a flora, a fauna, as belezas naturais, o equil\u00edbrio ecol\u00f3gico e o patrim\u00f4nio hist\u00f3rico e art\u00edstico, bem como evitada a polui\u00e7\u00e3o do ar e das \u00e1guas.<br><br>\u00a7 2.\u00ba:&nbsp;S\u00e3o defesos os atos que n\u00e3o trazem ao propriet\u00e1rio qualquer comodidade, ou utilidade, e sejam animados pela inten\u00e7\u00e3o de prejudicar outrem.&#8221;<\/em><\/p>\n<\/blockquote>\n\n\n\n<p>Logo, <strong>o direito de propriedade n\u00e3o pode ser utilizado de forma a prejudicar o meio ambiente, tampouco os interesses de outras pessoas<\/strong>.<\/p>\n\n\n\n<p>Ainda que se diga que o artigo trata-se do reflexo da fun\u00e7\u00e3o social, mais parece que se trata da limita\u00e7\u00e3o normal de um direito subjetivo na medida em que todos os direitos sofrem limita\u00e7\u00f5es quando invadem a esfera de outros indiv\u00edduos.<\/p>\n\n\n\n<h2 class=\"wp-block-heading\">Aspectos da fun\u00e7\u00e3o social da propriedade urbana&nbsp;<\/h2>\n\n\n\n<p>Como dito anteriormente, apesar da fun\u00e7\u00e3o social da propriedade se referir a quaisquer coisas que possam ser apropriadas por uma pessoa, \u00e9 mais comum ouvir o termo referindo-se \u00e0 propriedade im\u00f3vel.<\/p>\n\n\n\n<p>Nesse sentido, no que tange \u00e0 fun\u00e7\u00e3o social da propriedade urbana, prev\u00ea a Constitui\u00e7\u00e3o Federal de 1988:<\/p>\n\n\n\n<blockquote class=\"wp-block-quote is-layout-flow wp-block-quote-is-layout-flow\">\n<p><em>Art. 182. A pol\u00edtica de desenvolvimento urbano, executada pelo Poder P\u00fablico municipal, conforme diretrizes gerais fixadas em lei, tem por objetivo ordenar o pleno desenvolvimento das fun\u00e7\u00f5es sociais da cidade e garantir o bem estar de seus habitantes.<\/em><br><em><br>\u00a7 1\u00ba O plano diretor, aprovado pela C\u00e2mara Municipal, obrigat\u00f3rio para cidades com mais de vinte mil habitantes, \u00e9 o instrumento b\u00e1sico da pol\u00edtica de desenvolvimento e de expans\u00e3o urbana.<\/em><br><em><br>\u00a7 2\u00ba <\/em><strong><em>A propriedade urbana cumpre sua fun\u00e7\u00e3o social quando atende \u00e0s exig\u00eancias fundamentais de ordena\u00e7\u00e3o da cidade expressas no plano diretor.<\/em><\/strong><em>&#8220;<\/em><\/p>\n<\/blockquote>\n\n\n\n<p>Neste sentido, \u00e9 importante destacar que cada cidade ir\u00e1 regulamentar no Plano Diretor as exig\u00eancias a serem consideradas para que a propriedade cumpra sua fun\u00e7\u00e3o social.<\/p>\n\n\n\n<h3 class=\"wp-block-heading\">Art. 182 da Constitui\u00e7\u00e3o Federal<\/h3>\n\n\n\n<p>Os demais \u00a7\u00a7 do referido dispositivo preveem:&nbsp;<\/p>\n\n\n\n<blockquote class=\"wp-block-quote is-layout-flow wp-block-quote-is-layout-flow\">\n<p><em>\u00a7 3\u00ba As desapropria\u00e7\u00f5es de im\u00f3veis urbanos ser\u00e3o feitas com pr\u00e9via e justa indeniza\u00e7\u00e3o em dinheiro.<\/em><br><em><br>\u00a7 4\u00ba \u00c9 facultado ao Poder P\u00fablico municipal, mediante lei espec\u00edfica para \u00e1rea inclu\u00edda no plano diretor, exigir, nos termos da lei federal, do propriet\u00e1rio do solo urbano n\u00e3o edificado, subutilizado ou n\u00e3o utilizado, que promova seu adequado aproveitamento, sob pena, sucessivamente, de:<\/em><br><em><br>I &#8211; parcelamento ou edifica\u00e7\u00e3o compuls\u00f3rios;<\/em><br><em><br>II &#8211; imposto sobre a propriedade predial e territorial urbana progressivo no tempo;<\/em><br><em><br>III &#8211; desapropria\u00e7\u00e3o com pagamento mediante t\u00edtulos da d\u00edvida p\u00fablica de emiss\u00e3o previamente aprovada pelo Senado Federal, com prazo de resgate de at\u00e9 dez anos, em parcelas anuais, iguais e sucessivas, assegurados o valor real da indeniza\u00e7\u00e3o e os juros legais.&#8221;<\/em><\/p>\n<\/blockquote>\n\n\n\n<p>Portanto, o n\u00e3o cumprimento da fun\u00e7\u00e3o social, com a n\u00e3o utiliza\u00e7\u00e3o ou subutiliza\u00e7\u00e3o do im\u00f3vel, pode resultar em penalidades s\u00e9rias. <strong>A mais grave delas \u00e9 a desapropria\u00e7\u00e3o mediante pagamento em at\u00e9 dez anos ap\u00f3s o ato<\/strong>.<\/p>\n\n\n\n<p>Isso mostra a relev\u00e2ncia do instituto para o nosso ordenamento.<\/p>\n\n\n\n<style>\n    #adpost-block_c7f2ad4c88f80539d472ee8a1484b129.anuncio-post-reverse {\n        display: flex;\n        gap: 24px;\n        border-radius: 8px;\n        width: 100%;\n        max-width: 752px;\n        padding: 40px;\n        background: #e7f4fe;\n        margin: 16px auto;\n    }\n\n    #adpost-block_c7f2ad4c88f80539d472ee8a1484b129 .anuncio-container {\n        display: flex;\n        flex-direction: column;\n        gap: 24px;\n        width: 100%;\n        max-width: 333px;\n    }\n\n    #adpost-block_c7f2ad4c88f80539d472ee8a1484b129 .anuncio-container .logo {\n        width: 100%;\n        max-width: 177px;\n        margin: 0;\n    }\n\n    #adpost-block_c7f2ad4c88f80539d472ee8a1484b129 .anuncio-text-container {\n        display: flex;\n        flex-direction: column;\n        gap: 24px;\n    }\n\n    #adpost-block_c7f2ad4c88f80539d472ee8a1484b129 .anuncio-text-container .title {\n        font-family: 'Ubuntu';\n        font-size: 1.5rem; \/\/24px\n        font-weight: 700;\n        line-height: 120%;\n        margin: 0;\n        color: #000;\n    }\n\n    #adpost-block_c7f2ad4c88f80539d472ee8a1484b129 .anuncio-text-container .text {\n        font-size: 0.875rem;\n        font-weight: 400;\n        line-height: 170%;\n        color: #000;\n    }\n\n    #adpost-block_c7f2ad4c88f80539d472ee8a1484b129 .anuncio-container .button {\n        display: inline-flex;\n        align-items: center;\n        justify-content: center;\n        width: fit-content;\n        height: 48px;\n        border-radius: 8px;\n        padding: 12px 24px;\n        font-size: 1rem;\n        font-weight: 600;\n        text-decoration: none;\n        background: #008fd5;\n        color: #fff;\n    }\n\n    #adpost-block_c7f2ad4c88f80539d472ee8a1484b129 .image-container {\n        position: relative;\n        width: 100%;\n        height: 100%;\n    }\n\n    #adpost-block_c7f2ad4c88f80539d472ee8a1484b129 .image-container.float {\n        min-height: 236px;\n    }\n\n    #adpost-block_c7f2ad4c88f80539d472ee8a1484b129 .image-container .image-desktop {\n        width: 100%;\n        max-width: 323px;\n        object-fit: contain;\n        margin: 0;\n    }\n\n    #adpost-block_c7f2ad4c88f80539d472ee8a1484b129 .image-container .image-mobile {\n        display: none;\n        width: 100%;\n        max-width: 291px;\n        object-fit: contain;\n        margin: 0;\n    }\n\n    #adpost-block_c7f2ad4c88f80539d472ee8a1484b129 .image-container.float .image-desktop,\n    #adpost-block_c7f2ad4c88f80539d472ee8a1484b129 .image-container.float .image-mobile {\n        position: absolute;\n        right: 0;\n        bottom: 0;\n    }\n\n    #adpost-block_c7f2ad4c88f80539d472ee8a1484b129 .image-container img {\n        border-radius: 8px;\n    }\n\n    \/************\n    * MOBILE \n    *************\/\n    @media (max-width: 1439px) {\n        #adpost-block_c7f2ad4c88f80539d472ee8a1484b129.anuncio-post-reverse {\n            flex-direction: column-reverse;\n            max-width: fit-content;\n            padding: 24px;\n        }\n\n        #adpost-block_c7f2ad4c88f80539d472ee8a1484b129 .anuncio-container {\n            max-width: 280px;\n            align-items: center;\n        }\n\n        #adpost-block_c7f2ad4c88f80539d472ee8a1484b129 .anuncio-container .logo {\n            max-width: 147px;\n        }\n\n        #adpost-block_c7f2ad4c88f80539d472ee8a1484b129 .anuncio-text-container {\n            gap: 8px;\n        }\n\n        #adpost-block_c7f2ad4c88f80539d472ee8a1484b129 .anuncio-text-container .title {\n            font-size: 1.25rem;\n            text-align: center;\n        }\n\n        #adpost-block_c7f2ad4c88f80539d472ee8a1484b129 .anuncio-text-container .text {\n            text-align: center;\n        }\n\n        #adpost-block_c7f2ad4c88f80539d472ee8a1484b129 .anuncio-container .button {\n            width: 100%;\n        }\n\n        #adpost-block_c7f2ad4c88f80539d472ee8a1484b129 .image-container.float {\n            min-height: 182px;\n        }\n\n        #adpost-block_c7f2ad4c88f80539d472ee8a1484b129 .image-container .image-desktop {\n            display: none;\n        }\n\n        #adpost-block_c7f2ad4c88f80539d472ee8a1484b129 .image-container .image-mobile {\n            display: block;\n        }\n    }\n\n    \/*******************\n    * RESET GLOBAL CSS \n    ********************\/\n    #s-post main article .content .image-container img {\n        margin: 0;\n    }\n<\/style>\n\n\n<article id=\"adpost-block_c7f2ad4c88f80539d472ee8a1484b129\" class=\"anuncio-post-reverse\">\n    <div class=\"anuncio-container\">\n        \n        <div class=\"anuncio-text-container\">\n             <h3 class=\"title\" >Seja protagonista da sua advocacia com o Astrea<\/h3>\n            <div class=\"text\" >Tenha tempo para focar no crescimento do seu escrit\u00f3rio, enquanto o Astrea cuida da sua gest\u00e3o jur\u00eddica com intelig\u00eancia.<\/div>        <\/div>\n       \n        <a class=\"button\" href=\"\/astrea\/?utm_source=blog&#038;utm_medium=adpost&#038;utm_campaign=campanha-marca-2026\" target=\"_self\">Conhe\u00e7a o Astrea<\/a>    <\/div>\n\n    <div class=\"image-container\">\n        <img decoding=\"async\" class=\"image-desktop\" src=\"https:\/\/www.aurum.com.br\/blog\/wp-content\/uploads\/2026\/03\/adpos-posicionamento-2026-desktop.png\" alt=\"\" \/>\n        <img decoding=\"async\" class=\"image-mobile\" src=\"https:\/\/www.aurum.com.br\/blog\/wp-content\/uploads\/2026\/03\/adpost-posicionamento-2026-mobile.png\" alt=\"\" \/>    <\/div>\n<\/article>\n\n\n<h2 class=\"wp-block-heading\">Aspectos da fun\u00e7\u00e3o social da propriedade rural&nbsp;<\/h2>\n\n\n\n<p>No cap\u00edtulo que se refere \u00e0 pol\u00edtica agr\u00edcola em nossa constitui\u00e7\u00e3o, prev\u00ea o artigo 184:<\/p>\n\n\n\n<blockquote class=\"wp-block-quote is-layout-flow wp-block-quote-is-layout-flow\">\n<p><em>Art. 184. <\/em><strong><em>Compete \u00e0 Uni\u00e3o desapropriar por interesse social, para fins de reforma agr\u00e1ria, o im\u00f3vel rural que n\u00e3o esteja cumprindo sua fun\u00e7\u00e3o social,<\/em><\/strong><em> mediante pr\u00e9via e justa indeniza\u00e7\u00e3o em t\u00edtulos da d\u00edvida agr\u00e1ria, com cl\u00e1usula de preserva\u00e7\u00e3o do valor real, resgat\u00e1veis no prazo de at\u00e9 vinte anos, a partir do segundo ano de sua emiss\u00e3o, e cuja utiliza\u00e7\u00e3o ser\u00e1 definida em lei.<\/em><br><em><br>\u00a7 1\u00ba As benfeitorias \u00fateis e necess\u00e1rias ser\u00e3o indenizadas em dinheiro.<br>\u00a7 2\u00ba O decreto que declarar o im\u00f3vel como de interesse social, para fins de reforma agr\u00e1ria, autoriza a Uni\u00e3o a propor a a\u00e7\u00e3o de desapropria\u00e7\u00e3o.<\/em><br><em><br>\u00a7 3\u00ba Cabe \u00e0 lei complementar estabelecer procedimento contradit\u00f3rio especial, de rito sum\u00e1rio, para o processo judicial de desapropria\u00e7\u00e3o.<\/em><br><em><br>\u00a7 4\u00ba O or\u00e7amento fixar\u00e1 anualmente o volume total de t\u00edtulos da d\u00edvida agr\u00e1ria, assim como o montante de recursos para atender ao programa de reforma agr\u00e1ria no exerc\u00edcio.<\/em><br><em><br>\u00a7 5\u00ba S\u00e3o isentas de impostos federais, estaduais e municipais as opera\u00e7\u00f5es de transfer\u00eancia de im\u00f3veis desapropriados para fins de reforma agr\u00e1ria.&#8221;<\/em><\/p>\n<\/blockquote>\n\n\n\n<p>Dessa forma, <strong>a propriedade rural subutilizada ou improdutiva pode acarretar para seu propriet\u00e1rio em sua perda por desapropria\u00e7\u00e3o<\/strong>. Neste caso, o pagamento ocorrer\u00e1 em at\u00e9 20 anos.<\/p>\n\n\n\n<p>Assim, nota-se que tanto no caso de propriedade urbana quanto propriedade rural, existem hip\u00f3teses de <a href=\"https:\/\/www.aurum.com.br\/blog\/usucapiao\/\">usucapi\u00e3o<\/a> especial. O prazo para aquisi\u00e7\u00e3o origin\u00e1ria da propriedade \u00e9 de apenas cinco anos caso a propriedade seja produtiva (se rural) ou sirva de moradia (se urbana).<\/p>\n\n\n\n<h2 class=\"wp-block-heading\">Principais pontos de aten\u00e7\u00e3o para aplicadores do Direito<\/h2>\n\n\n\n<p>No caso da propriedade im\u00f3vel, \u00e9 importante ter aten\u00e7\u00e3o que o descumprimento da fun\u00e7\u00e3o social, atrav\u00e9s da subutiliza\u00e7\u00e3o do im\u00f3vel, pode acarretar at\u00e9 mesmo a perda da propriedade.&nbsp;<\/p>\n\n\n\n<p>Uma hip\u00f3tese seria se a pessoa que tem um terreno e n\u00e3o vai ao im\u00f3vel, n\u00e3o cuida, n\u00e3o paga os tributos.&nbsp;<\/p>\n\n\n\n<p>Nesse caso, se uma outra pessoa constr\u00f3i ali uma casa e passa a residir no im\u00f3vel por um determinado per\u00edodo sem a oposi\u00e7\u00e3o do propriet\u00e1rio, \u00e9 poss\u00edvel a aquisi\u00e7\u00e3o por usucapi\u00e3o. <strong>Isso porque a pessoa da fun\u00e7\u00e3o social \u00e0 propriedade<\/strong>.<\/p>\n\n\n\n<h2 class=\"wp-block-heading\">D\u00favidas frequentes sobre a fun\u00e7\u00e3o social da propriedade<\/h2>\n\n\n\n<h3 class=\"wp-block-heading\">O que significa a fun\u00e7\u00e3o social da propriedade?<\/h3>\n\n\n\n<p>O instituto da fun\u00e7\u00e3o social da propriedade, apesar de ser um conceito jur\u00eddico aberto, discute que a propriedade de uma pessoa deve se comunicar com a necessidade da sociedade, ou seja, possibilitar o bem comum.<\/p>\n\n\n\n<h3 class=\"wp-block-heading\">De onde surgiu o termo fun\u00e7\u00e3o social da propriedade?<\/h3>\n\n\n\n<p>Na \u00e1rea jur\u00eddica, quem cunhou o termo foi o jurista franc\u00eas L\u00e9on Duguit. Segundo ele, o direito de propriedade deveria ser uma fun\u00e7\u00e3o social e o propriet\u00e1rio deveria us\u00e1-lo para o incremento da riqueza e bem comum. Saiba mais sobre o tema neste artigo!<\/p>\n\n\n\n<h2 class=\"wp-block-heading\">Leia mais conte\u00fados no Portal da Aurum!<\/h2>\n\n\n\n<p>Se voc\u00ea gostou do conte\u00fado e quer adquirir mais conhecimentos, indicamos os seguintes materiais:<\/p>\n\n\n\n<ul class=\"wp-block-list\">\n<li><a href=\"https:\/\/www.aurum.com.br\/blog\/reintegracao-de-posse\/\">Reintegra\u00e7\u00e3o de posse<\/a><\/li>\n\n\n\n<li><a href=\"https:\/\/www.aurum.com.br\/blog\/acao-civil-publica\/\">A\u00e7\u00e3o civil p\u00fablica<\/a><\/li>\n\n\n\n<li><a href=\"https:\/\/www.aurum.com.br\/blog\/capacidade-civil\/\" data-type=\"URL\" data-id=\"https:\/\/www.aurum.com.br\/blog\/capacidade-civil\/\">Aspectos gerais da capacidade civil no Direito Brasileiro<\/a><\/li>\n\n\n\n<li>Guia Comentado: principais artigos da <a href=\"https:\/\/www.aurum.com.br\/blog\/lei-6766\/\">Lei 6.766\/79<\/a><\/li>\n\n\n\n<li>Como funciona a <a href=\"https:\/\/www.aurum.com.br\/blog\/cessao-de-direitos-hereditarios\/\" data-type=\"URL\" data-id=\"https:\/\/www.aurum.com.br\/blog\/cessao-de-direitos-hereditarios\/\">Cess\u00e3o de Direitos Heredit\u00e1rios<\/a>?<\/li>\n\n\n\n<li><a href=\"https:\/\/www.aurum.com.br\/blog\/outorga-uxoria\/\">O que \u00e9 outorga ux\u00f3ria e como funciona?<\/a><\/li>\n\n\n\n<li><a href=\"https:\/\/www.aurum.com.br\/blog\/maioridade-civil\/\" data-type=\"URL\" data-id=\"https:\/\/www.aurum.com.br\/blog\/maioridade-civil\/\">Entenda o que \u00e9 a maioridade civil<\/a><\/li>\n\n\n\n<li><a href=\"https:\/\/www.aurum.com.br\/blog\/nome-social\/\">Nome social<\/a>: aspectos legais sobre o direito de mudar o nome de registro<\/li>\n\n\n\n<li><a href=\"https:\/\/www.aurum.com.br\/blog\/capacidade-civil\/\" data-type=\"URL\" data-id=\"https:\/\/www.aurum.com.br\/blog\/capacidade-civil\/\">Capacidade civil no Direito Brasileiro<\/a><\/li>\n<\/ul>\n\n\n\n<script type=\"application\/ld+json\">\n{\n  \"@context\": \"htetps:\/\/schema.org\",\n  \"@type\": \"FAQPage\",\n  \"mainEntity\": [{\n    \"@type\": \"Question\",\n    \"name\": \"O que significa a fun\u00e7\u00e3o social da propriedade?\",\n    \"acceptedAnswer\": {\n      \"@type\": \"Answer\",\n      \"text\": \"O instituto da fun\u00e7\u00e3o social da propriedade, apesar de ser um conceito jur\u00eddico aberto, discute que a propriedade de uma pessoa deve se comunicar com a necessidade da sociedade, ou seja, possibilitar o bem comum.\"\n    }\n  },{\n    \"@type\": \"Question\",\n    \"name\": \"De onde surgiu o termo fun\u00e7\u00e3o social da propriedade?\",\n    \"acceptedAnswer\": {\n      \"@type\": \"Answer\",\n      \"text\": \"Na \u00e1rea jur\u00eddica, quem cunhou o termo foi o jurista franc\u00eas L\u00e9on Duguit. Segundo ele, o direito de propriedade deveria ser uma fun\u00e7\u00e3o social e o propriet\u00e1rio deveria us\u00e1-lo para o incremento da riqueza e bem comum. Saiba mais sobre o tema neste artigo!\"\n    }\n  }]\n}\n<\/script>\n\n\n<style>\r\n  .news-post {\r\n    background: url('https:\/\/www.aurum.com.br\/blog\/wp-content\/themes\/aurum\/img\/bg-news-artigo.svg') no-repeat top center #3C48AA;\r\n    padding: 1.5rem;\r\n    border-radius: 6px;\r\n    margin: 1rem 0;\r\n  }\r\n  .news-post .icone {\r\n    display: none;\r\n  }\r\n  .news-post .title {\r\n    font-weight: 700;\r\n    font-size: 16px;\r\n    line-height: 130%;\r\n    text-align: center;\r\n    letter-spacing: -0.5px;\r\n    color: #fff;\r\n    margin-bottom: .9375rem;\r\n  }\r\n  .news-post p {\r\n    font-size: .875rem;\r\n    line-height: 140%;\r\n    text-align: center;\r\n    color: #fff;\r\n    margin-bottom: 1.25rem;\r\n  }\r\n  .news-post .news_button_span {\r\n    font-size: .8125rem;\r\n    display: block;\r\n    padding: .125rem .3125rem;\r\n    color: #fff;\r\n    text-align:left;\r\n  }\r\n  .news-post .news_button_span a {\r\n    color: #fff !important;\r\n    text-decoration: underline;\r\n  }\r\n  .news-post form {\r\n    width: 100%;\r\n  }\r\n  .news-post label {\r\n    font-weight: 600;\r\n    font-size: .9375rem;\r\n    line-height: 1.5rem;\r\n    margin-bottom: .5rem;\r\n    color: #fff;\r\n    display: block;\r\n  }\r\n  .news-post input {\r\n    background: #fff;\r\n    border: 1px solid #CBCBD9;\r\n    box-sizing: border-box;\r\n    border-radius: 4px;\r\n    padding: .75rem 1rem;\r\n    width: 100%;\r\n  }\r\n  .news-post button {\r\n    margin-top: .875rem;\r\n    width: 100%;\r\n    min-width: auto;\r\n    background: #FCC632;\r\n    color: #3C48AA;\r\n  }\r\n  .news-post .input {\r\n    position: relative;\r\n    padding-bottom: 10px;\r\n  }\r\n  .news-post .error-message-ad {\r\n    font-size: .875rem;\r\n    line-height: 130%;\r\n    color: #D50021;\r\n    margin-left: 4px;\r\n  }\r\n  .news-post .error {\r\n    border: 1px solid #D50021;\r\n  }\r\n  .news-post #message-form-ad {\r\n    border-radius: 4px;\r\n    padding: 0.7rem;\r\n    font-size:0.8rem;\r\n    text-align: center;\r\n    align-items: center;\r\n    justify-content: center;\r\n    display: none;\r\n  }\r\n  .news-post #message-form-ad svg {\r\n    margin-right: 8px;\r\n  }\r\n\r\n  @media(min-width: 561px) {\r\n    .news-post {\r\n      position: relative;\r\n      background: url('https:\/\/www.aurum.com.br\/blog\/wp-content\/themes\/aurum\/img\/bg-news-artigo.svg') no-repeat top center #3C48AA;\r\n      width: calc(100% - 30px);\r\n    }\r\n    .news-post .icone {\r\n      display: block;\r\n      position: absolute;\r\n      right: -30px;\r\n      top: 65px;\r\n      max-width: 142px;\r\n      width: 100%;\r\n      height: auto;\r\n      margin: 0;\r\n    }\r\n    .news-post .title {\r\n      font-size: 1.125rem;\r\n      text-align: left;\r\n      \/* padding-right: 3.75rem; *\/\r\n    }\r\n    .news-post p {\r\n      font-size: 1rem;\r\n      text-align: left;\r\n      max-width: 400px;\r\n    }\r\n    .news-post .boxes {\r\n      display: flex;\r\n      align-items: flex-start;\r\n    }\r\n    .news-post button {\r\n      margin: 0 0 0 1rem;\r\n      width: 100%;\r\n      max-width: 170px;\r\n      min-width: auto;\r\n      transition: all ease .3s\r\n    }\r\n    .news-post button:hover {\r\n      opacity: 0.9;\r\n      transition: all ease .3s\r\n    }\r\n    .news-post #message-form-ad {\r\n      padding: 1.125rem;\r\n      font-size:1rem;\r\n    }\r\n    .news-post #message-form-ad svg {\r\n      margin-right: 10px;\r\n    }\r\n  }\r\n<\/style>\r\n\r\n<div class=\"news-post\">\r\n  <div class=\"title news-ad-title\">Gostou do artigo e quer evoluir a sua advocacia?<\/div>\r\n  <p class=\"news-ad-subtitle\">Assine gr\u00e1tis a Aurum News e receba uma dose semanal de conte\u00fado no seu e-mail! \u270c\ufe0f<\/p>\r\n  <img decoding=\"async\" src=\"https:\/\/www.aurum.com.br\/blog\/wp-content\/themes\/aurum\/img\/icon-news-artigo.svg\" alt=\"\" class=\"icone\">\r\n\r\n  <form method=\"post\" name=\"newsletter-ad\" id=\"aurum-newsletter-ad\">\r\n    <div class=boxes>\r\n      <div class=\"input\">\r\n        <label class=\"label-email\" htmlFor=\"email-ad\">Qual seu e-mail?<\/label>\r\n        <input type=\"email\" id=\"email-ad\" name=\"newsletter-mail-ad\" placeholder=\"Digite seu e-mail?\">\r\n        <div class=\"error-message-ad-email\">Endere\u00e7o de e-mail inv\u00e1lido ou incorreto<\/div>\r\n\r\n        <label class=\"label-select\" htmlFor=\"lawsuits-select-ad\">\r\n          Quantos processos voc\u00ea ou<br class=\"for-desktop\"\/> seu escrit\u00f3rio acompanham?\r\n        <\/label>\r\n        <div id=\"lawsuits-select-ad\" class=\"lawsuits-select select-wrapper\" tabindex=\"0\">\r\n          <div class=\"s-dropdown--styled\">\r\n          <span class=\"lawsuits-default\">\r\n            <span id=\"lawsuits-newsletter-ad\" class=\"lawsuits-default-text\" data-value=\"\">Selecione os processos<\/span>\r\n            <svg class=\"chevron\" xmlns=\"http:\/\/www.w3.org\/2000\/svg\" width=\"24\" height=\"25\" viewBox=\"0 0 24 25\" fill=\"none\">\r\n              <path d=\"M6 15.6152L12 9.61523L18 15.6152\" stroke=\"black\" stroke-width=\"2\" stroke-linecap=\"round\" stroke-linejoin=\"round\" \/>\r\n            <\/svg>\r\n          <\/span>\r\n\r\n          <ul class=\"s-dropdown u-hide\">\r\n            <li class=\"lawsuits\" data-value=\"Mais de 1000 processos\">Mais de 1000 processos<\/li>\r\n            <li class=\"lawsuits\" data-value=\"De 501 a 1000 processos\">De 501 a 1000 processos<\/li>\r\n            <li class=\"lawsuits\" data-value=\"De 151 a 500 processos\">De 151 a 500 processos<\/li>\r\n            <li class=\"lawsuits\" data-value=\"De 41 a 150 processos\">De 41 a 150 processos<\/li>\r\n            <li class=\"lawsuits\" data-value=\"At\u00e9 40 processos\">At\u00e9 40 processos<\/li>\r\n            <li class=\"lawsuits\" data-value=\"Atuo apenas no consultivo\">Atuo apenas no consultivo<\/li>\r\n            <li class=\"lawsuits\" data-value=\"Ainda sou estudante de direito\">Ainda sou estudante de direito<\/li>\r\n            <li class=\"lawsuits\" data-value=\"N\u00e3o sou da \u00e1rea jur\u00eddica\">N\u00e3o sou da \u00e1rea jur\u00eddica<\/li>\r\n          <\/ul>\r\n          <\/div>\r\n        <\/div>\r\n        <div class=\"error-message-ad-lawsuits\">Selecione algum processo<\/div>\r\n      <\/div>\r\n      <button class=\"btn btn-yellow ad-btn-desktop\" id=\"aurum-submit-ad\">Assinar gr\u00e1tis<\/button>\r\n      <button class=\"btn btn-yellow ad-btn-mobile\" id=\"aurum-submit-ad\">Assinar<\/button>\r\n    <\/div>\r\n    <span class=\"news_button_span\">Ao se cadastrar voc\u00ea declara que leu e aceitou a pol\u00edtica de privacidade e cookies do <a href=\"https:\/\/s3.sa-east-1.amazonaws.com\/publico.aurum.com.br\/contratos\/politica-de-privacidade.pdf\" target=\"_blank\" rel=\"noopener noreferrer\">site<\/a>.<\/span>\r\n  <\/form>\r\n  <div id=\"message-form-ad\"><\/div>\r\n<\/div>","protected":false},"excerpt":{"rendered":"<p>A fun\u00e7\u00e3o social da propriedade \u00e9 um instrumento jur\u00eddico que tem como objetivo evitar as desigualdades sociais provocadas pela distribui\u00e7\u00e3o das terras rurais e urbanas. Neste artigo eu abordo um conceito muito mencionado, mas pouco compreendido: a fun\u00e7\u00e3o social da propriedade. Convido voc\u00ea a vir comigo na an\u00e1lise do tema e de sua relev\u00e2ncia em [&hellip;]<\/p>\n","protected":false},"author":77,"featured_media":9664,"comment_status":"open","ping_status":"open","sticky":false,"template":"","format":"standard","meta":{"_bbp_topic_count":0,"_bbp_reply_count":0,"_bbp_total_topic_count":0,"_bbp_total_reply_count":0,"_bbp_voice_count":0,"_bbp_anonymous_reply_count":0,"_bbp_topic_count_hidden":0,"_bbp_reply_count_hidden":0,"_bbp_forum_subforum_count":0,"inline_featured_image":false,"footnotes":""},"categories":[19,20,28],"tags":[],"class_list":["post-9663","post","type-post","status-publish","format-standard","has-post-thumbnail","hentry","category-direito-civil","category-direito-constitucional","category-direito-imobiliario"],"acf":[],"_links":{"self":[{"href":"https:\/\/www.aurum.com.br\/blog\/wp-json\/wp\/v2\/posts\/9663","targetHints":{"allow":["GET"]}}],"collection":[{"href":"https:\/\/www.aurum.com.br\/blog\/wp-json\/wp\/v2\/posts"}],"about":[{"href":"https:\/\/www.aurum.com.br\/blog\/wp-json\/wp\/v2\/types\/post"}],"author":[{"embeddable":true,"href":"https:\/\/www.aurum.com.br\/blog\/wp-json\/wp\/v2\/users\/77"}],"replies":[{"embeddable":true,"href":"https:\/\/www.aurum.com.br\/blog\/wp-json\/wp\/v2\/comments?post=9663"}],"version-history":[{"count":11,"href":"https:\/\/www.aurum.com.br\/blog\/wp-json\/wp\/v2\/posts\/9663\/revisions"}],"predecessor-version":[{"id":20904,"href":"https:\/\/www.aurum.com.br\/blog\/wp-json\/wp\/v2\/posts\/9663\/revisions\/20904"}],"wp:featuredmedia":[{"embeddable":true,"href":"https:\/\/www.aurum.com.br\/blog\/wp-json\/wp\/v2\/media\/9664"}],"wp:attachment":[{"href":"https:\/\/www.aurum.com.br\/blog\/wp-json\/wp\/v2\/media?parent=9663"}],"wp:term":[{"taxonomy":"category","embeddable":true,"href":"https:\/\/www.aurum.com.br\/blog\/wp-json\/wp\/v2\/categories?post=9663"},{"taxonomy":"post_tag","embeddable":true,"href":"https:\/\/www.aurum.com.br\/blog\/wp-json\/wp\/v2\/tags?post=9663"}],"curies":[{"name":"wp","href":"https:\/\/api.w.org\/{rel}","templated":true}]}}