{"id":9657,"date":"2024-02-06T16:37:00","date_gmt":"2024-02-06T19:37:00","guid":{"rendered":"https:\/\/aurum.com.br\/blog\/acao-civil-publica\/"},"modified":"2024-02-27T09:24:20","modified_gmt":"2024-02-27T12:24:20","slug":"acao-civil-publica","status":"publish","type":"post","link":"https:\/\/www.aurum.com.br\/blog\/acao-civil-publica\/","title":{"rendered":"A\u00e7\u00e3o Civil P\u00fablica no Brasil: o que \u00e9, quando cabe, tipos e requisitos\u00a0"},"content":{"rendered":"<div id=\"bsf_rt_marker\"><\/div>\n<pre class=\"wp-block-preformatted\">A <strong>a\u00e7\u00e3o civil p\u00fablica,<\/strong> conforme estabelecido na Constitui\u00e7\u00e3o Federal de 1988, \u00e9 um instrumento jur\u00eddico destinado \u00e0 defesa de interesses difusos e coletivos como os relacionados ao meio ambiente, consumidor, patrim\u00f4nio cultural, entre outros.<\/pre>\n\n\n\n<p>No cen\u00e1rio brasileiro, este mecanismo legal<strong> se revela como um apoio na busca pela equidade e justi\u00e7a social, <\/strong>agindo como um guardi\u00e3o dos valores que permeiam nossa Constitui\u00e7\u00e3o Federal de 1988.<\/p>\n\n\n\n<p>Desde quest\u00f5es ambientais \u00e0 prote\u00e7\u00e3o do consumidor, passando pela preserva\u00e7\u00e3o do patrim\u00f4nio cultural, a A\u00e7\u00e3o Civil P\u00fablica desvenda sua import\u00e2ncia na corre\u00e7\u00e3o de desequil\u00edbrios e na constru\u00e7\u00e3o de um ambiente mais justo.&nbsp;<\/p>\n\n\n\n<p>Este artigo se prop\u00f5e a explicar esse instrumento jur\u00eddico e, principalmente, seu papel na promo\u00e7\u00e3o do bem comum.<\/p>\n\n\n\n<h2 class=\"wp-block-heading\">O que \u00e9 A\u00e7\u00e3o P\u00fablica Civil?&nbsp;<\/h2>\n\n\n\n<p>A A\u00e7\u00e3o Civil P\u00fablica \u00e9 uma ferramenta jur\u00eddica prevista na <a href=\"https:\/\/www.planalto.gov.br\/ccivil_03\/leis\/l7347orig.htm\" target=\"_blank\" rel=\"noopener\">Lei n\u00ba 7.347\/85<\/a>, que<strong> visa \u00e0 prote\u00e7\u00e3o de interesses difusos, coletivos e individuais homog\u00eaneos.&nbsp;<\/strong><\/p>\n\n\n\n<p>A base legal da ACP est\u00e1 ancorada no artigo 129, inciso III, da Constitui\u00e7\u00e3o Federal, que confere ao Minist\u00e9rio P\u00fablico a incumb\u00eancia de promover a ACP para a defesa do patrim\u00f4nio p\u00fablico e social, do meio ambiente e de outros interesses difusos e coletivos.<\/p>\n\n\n\n<p>A Lei n\u00ba 7.347\/85, por sua vez, detalha os procedimentos e as caracter\u00edsticas espec\u00edficas dessa modalidade de a\u00e7\u00e3o. Quando devidamente legitimados, o Minist\u00e9rio P\u00fablico, a Defensoria P\u00fablica, a Uni\u00e3o, os Estados e os Munic\u00edpios, al\u00e9m de autarquias, empresas p\u00fablicas e funda\u00e7\u00f5es.<\/p>\n\n\n\n<p>Em termos pr\u00e1ticos, a ACP permite que essas entidades busquem a tutela de direitos em situa\u00e7\u00f5es que afetam um n\u00famero indeterminado de pessoas, como danos ambientais, pr\u00e1ticas abusivas contra consumidores ou viola\u00e7\u00f5es a <a href=\"https:\/\/www.aurum.com.br\/blog\/direitos-sociais\/#:~:text=S%C3%A3o%20direitos%20sociais%3A%20educa%C3%A7%C3%A3o%2C%20sa%C3%BAde,inf%C3%A2ncia%20e%20assist%C3%AAncia%20aos%20desamparados.\" data-type=\"URL\" data-id=\"https:\/\/www.aurum.com.br\/blog\/direitos-sociais\/#:~:text=S%C3%A3o%20direitos%20sociais%3A%20educa%C3%A7%C3%A3o%2C%20sa%C3%BAde,inf%C3%A2ncia%20e%20assist%C3%AAncia%20aos%20desamparados.\">direitos sociais<\/a>. <\/p>\n\n\n\n<p>Al\u00e9m disso, <strong>a a\u00e7\u00e3o pode ser usada para obter a repara\u00e7\u00e3o de danos causados coletivamente<\/strong> e para prevenir danos iminentes.<\/p>\n\n\n\n<p>Jurisprudencialmente, \u00e9 comum encontrar decis\u00f5es judiciais que reconhecem a efic\u00e1cia da ACP como um instrumento poderoso para a prote\u00e7\u00e3o de interesses coletivos. <\/p>\n\n\n\n<p>Tribunais superiores, como o Supremo Tribunal Federal (STF) e o Superior Tribunal de Justi\u00e7a (STJ), t\u00eam reafirmado a import\u00e2ncia da ACP na promo\u00e7\u00e3o da justi\u00e7a social e na defesa dos <a href=\"https:\/\/www.aurum.com.br\/blog\/direitos-e-garantias-fundamentais\/\">direitos difusos e coletivos<\/a>.<\/p>\n\n\n\n<p>Em suma, a A\u00e7\u00e3o Civil P\u00fablica \u00e9 um mecanismo robusto do <a href=\"https:\/\/www.aurum.com.br\/blog\/ordenamento-juridico\/\">ordenamento jur\u00eddico<\/a> brasileiro, proporcionando uma via eficaz para a tutela de interesses que ultrapassam a esfera individual, contribuindo para a constru\u00e7\u00e3o de uma sociedade mais justa e equitativa.<\/p>\n\n\n<div class=\"wp-block-image\">\n<figure class=\"aligncenter size-full\"><img decoding=\"async\" width=\"1200\" height=\"1200\" src=\"https:\/\/www.aurum.com.br\/blog\/wp-content\/uploads\/2021\/05\/o-que-e-acao-civil-publica-.jpg\" alt=\"Entenda o que \u00e9 a\u00e7\u00e3o civil p\u00fablica. \" class=\"wp-image-26727\" srcset=\"https:\/\/www.aurum.com.br\/blog\/wp-content\/uploads\/2021\/05\/o-que-e-acao-civil-publica-.jpg 1200w, https:\/\/www.aurum.com.br\/blog\/wp-content\/uploads\/2021\/05\/o-que-e-acao-civil-publica--300x300.jpg 300w, https:\/\/www.aurum.com.br\/blog\/wp-content\/uploads\/2021\/05\/o-que-e-acao-civil-publica--150x150.jpg 150w, https:\/\/www.aurum.com.br\/blog\/wp-content\/uploads\/2021\/05\/o-que-e-acao-civil-publica--768x768.jpg 768w\" sizes=\"(max-width: 1200px) 100vw, 1200px\" \/><figcaption class=\"wp-element-caption\">Entenda o que \u00e9 a\u00e7\u00e3o civil p\u00fablica. <\/figcaption><\/figure>\n<\/div>\n\n\n<h2 class=\"wp-block-heading\">Quem pode propor a a\u00e7\u00e3o civil p\u00fablica?&nbsp;<\/h2>\n\n\n\n<p>Apesar do Minist\u00e9rio P\u00fablico ser o principal legitimado da a\u00e7\u00e3o, ele n\u00e3o \u00e9 o \u00fanico. Nos termos dos incisos do artigo 5\u00ba da lei 7.347\/85 s\u00e3o legitimados para propor a a\u00e7\u00e3o popular, al\u00e9m do Minist\u00e9rio P\u00fablico:&nbsp;<\/p>\n\n\n\n<ul class=\"wp-block-list\">\n<li>Defensoria P\u00fablica;<\/li>\n\n\n\n<li>A Uni\u00e3o;<\/li>\n\n\n\n<li>Os Estados;<\/li>\n\n\n\n<li>O Distrito Federal;<\/li>\n\n\n\n<li>Munic\u00edpios;<\/li>\n\n\n\n<li>A autarquia;<\/li>\n\n\n\n<li>Empresa p\u00fablica, funda\u00e7\u00e3o ou sociedade de economia mista;<\/li>\n\n\n\n<li>E as associa\u00e7\u00f5es;<\/li>\n<\/ul>\n\n\n\n<p>Por\u00e9m, para que os dois \u00faltimos itens possam propor a a\u00e7\u00e3o, <strong>precisam ser cumpridos os seguintes requisitos<\/strong>:&nbsp;<\/p>\n\n\n\n<ul class=\"wp-block-list\">\n<li>Estar constitu\u00edda h\u00e1 pelo menos 1 ano nos termos da lei civil;<\/li>\n\n\n\n<li>Incluir entre suas finalidades institucionais, a prote\u00e7\u00e3o ao patrim\u00f4nio p\u00fablico e social, ao meio ambiente, ao consumidor, \u00e0 ordem econ\u00f4mica, \u00e0 livre concorr\u00eancia, aos direitos de grupos raciais, \u00e9tnicos ou religiosos ou ao patrim\u00f4nio art\u00edstico, est\u00e9tico, hist\u00f3rico, tur\u00edstico e paisag\u00edstico.&nbsp;<\/li>\n<\/ul>\n\n\n\n<h2 class=\"wp-block-heading\">Quando \u00e9 cab\u00edvel a a\u00e7\u00e3o civil p\u00fablica?&nbsp;<\/h2>\n\n\n\n<p>A A\u00e7\u00e3o Civil P\u00fablica \u00e9 cab\u00edvel <strong>em diversas situa\u00e7\u00f5es que envolvem a defesa de interesses difusos, coletivos e individuais homog\u00eaneos<\/strong>.&nbsp;<\/p>\n\n\n\n<h3 class=\"wp-block-heading\">1. Interesses Difusos&nbsp;<\/h3>\n\n\n\n<p>S\u00e3o aqueles que afetam um n\u00famero indeterminado de pessoas ligadas por circunst\u00e2ncias de fato. <strong>Exemplos incluem <\/strong><a href=\"https:\/\/www.aurum.com.br\/blog\/lei-dos-crimes-ambientais\/\"><strong>danos ambientais<\/strong><\/a>, a <strong>preserva\u00e7\u00e3o do patrim\u00f4nio hist\u00f3rico e cultural<\/strong>, e a <strong>prote\u00e7\u00e3o dos <\/strong><a href=\"https:\/\/www.aurum.com.br\/blog\/principios-do-direito-do-consumidor\/\"><strong>consumidores<\/strong><\/a><strong> <\/strong>contra pr\u00e1ticas abusivas.<\/p>\n\n\n\n<h3 class=\"wp-block-heading\">2. Interesses Coletivos<\/h3>\n\n\n\n<p>Diferentemente dos difusos, esses interesses se referem a grupos determinados de pessoas, como uma comunidade, uma categoria profissional ou uma classe espec\u00edfica.<strong> Exemplos incluem a\u00e7\u00f5es para assegurar <\/strong><a href=\"https:\/\/www.aurum.com.br\/blog\/direito-do-trabalho\/\"><strong>direitos trabalhistas<\/strong><\/a> de uma categoria ou a<strong> defesa dos direitos de moradores de determinada regi\u00e3o<\/strong>.<\/p>\n\n\n\n<h3 class=\"wp-block-heading\">3. Individuais Homog\u00eaneos<\/h3>\n\n\n\n<p>S\u00e3o direitos individuais que, por sua origem comum, possam ser objeto de uma \u00fanica decis\u00e3o, beneficiando um grupo de pessoas. Um exemplo seria a\u00e7\u00f5es coletivas relacionadas a <strong>consumidores que foram prejudicados por um mesmo produto defeituoso<\/strong>.<\/p>\n\n\n\n<p>Ainda, \u00e9 importante destacar que a A\u00e7\u00e3o Civil P\u00fablica <strong>pode ser utilizada para prevenir danos iminentes,<\/strong> buscar a repara\u00e7\u00e3o de danos j\u00e1 causados, e at\u00e9 mesmo para a responsabiliza\u00e7\u00e3o por condutas que violem a ordem jur\u00eddica.<\/p>\n\n\n\n<style>\n    #adpost-block_c8fe9ce26e777004f0d718cd07788bf9.anuncio-post-reverse {\n        display: flex;\n        gap: 24px;\n        border-radius: 8px;\n        width: 100%;\n        max-width: 752px;\n        padding: 40px;\n        background: #e7f4fe;\n        margin: 16px auto;\n    }\n\n    #adpost-block_c8fe9ce26e777004f0d718cd07788bf9 .anuncio-container {\n        display: flex;\n        flex-direction: column;\n        gap: 24px;\n        width: 100%;\n        max-width: 333px;\n    }\n\n    #adpost-block_c8fe9ce26e777004f0d718cd07788bf9 .anuncio-container .logo {\n        width: 100%;\n        max-width: 177px;\n        margin: 0;\n    }\n\n    #adpost-block_c8fe9ce26e777004f0d718cd07788bf9 .anuncio-text-container {\n        display: flex;\n        flex-direction: column;\n        gap: 24px;\n    }\n\n    #adpost-block_c8fe9ce26e777004f0d718cd07788bf9 .anuncio-text-container .title {\n        font-family: 'Ubuntu';\n        font-size: 1.5rem; \/\/24px\n        font-weight: 700;\n        line-height: 120%;\n        margin: 0;\n        color: #000;\n    }\n\n    #adpost-block_c8fe9ce26e777004f0d718cd07788bf9 .anuncio-text-container .text {\n        font-size: 0.875rem;\n        font-weight: 400;\n        line-height: 170%;\n        color: #000;\n    }\n\n    #adpost-block_c8fe9ce26e777004f0d718cd07788bf9 .anuncio-container .button {\n        display: inline-flex;\n        align-items: center;\n        justify-content: center;\n        width: fit-content;\n        height: 48px;\n        border-radius: 8px;\n        padding: 12px 24px;\n        font-size: 1rem;\n        font-weight: 600;\n        text-decoration: none;\n        background: #008fd5;\n        color: #fff;\n    }\n\n    #adpost-block_c8fe9ce26e777004f0d718cd07788bf9 .image-container {\n        position: relative;\n        width: 100%;\n        height: 100%;\n    }\n\n    #adpost-block_c8fe9ce26e777004f0d718cd07788bf9 .image-container.float {\n        min-height: 236px;\n    }\n\n    #adpost-block_c8fe9ce26e777004f0d718cd07788bf9 .image-container .image-desktop {\n        width: 100%;\n        max-width: 323px;\n        object-fit: contain;\n        margin: 0;\n    }\n\n    #adpost-block_c8fe9ce26e777004f0d718cd07788bf9 .image-container .image-mobile {\n        display: none;\n        width: 100%;\n        max-width: 291px;\n        object-fit: contain;\n        margin: 0;\n    }\n\n    #adpost-block_c8fe9ce26e777004f0d718cd07788bf9 .image-container.float .image-desktop,\n    #adpost-block_c8fe9ce26e777004f0d718cd07788bf9 .image-container.float .image-mobile {\n        position: absolute;\n        right: 0;\n        bottom: 0;\n    }\n\n    #adpost-block_c8fe9ce26e777004f0d718cd07788bf9 .image-container img {\n        border-radius: 8px;\n    }\n\n    \/************\n    * MOBILE \n    *************\/\n    @media (max-width: 1439px) {\n        #adpost-block_c8fe9ce26e777004f0d718cd07788bf9.anuncio-post-reverse {\n            flex-direction: column-reverse;\n            max-width: fit-content;\n            padding: 24px;\n        }\n\n        #adpost-block_c8fe9ce26e777004f0d718cd07788bf9 .anuncio-container {\n            max-width: 280px;\n            align-items: center;\n        }\n\n        #adpost-block_c8fe9ce26e777004f0d718cd07788bf9 .anuncio-container .logo {\n            max-width: 147px;\n        }\n\n        #adpost-block_c8fe9ce26e777004f0d718cd07788bf9 .anuncio-text-container {\n            gap: 8px;\n        }\n\n        #adpost-block_c8fe9ce26e777004f0d718cd07788bf9 .anuncio-text-container .title {\n            font-size: 1.25rem;\n            text-align: center;\n        }\n\n        #adpost-block_c8fe9ce26e777004f0d718cd07788bf9 .anuncio-text-container .text {\n            text-align: center;\n        }\n\n        #adpost-block_c8fe9ce26e777004f0d718cd07788bf9 .anuncio-container .button {\n            width: 100%;\n        }\n\n        #adpost-block_c8fe9ce26e777004f0d718cd07788bf9 .image-container.float {\n            min-height: 182px;\n        }\n\n        #adpost-block_c8fe9ce26e777004f0d718cd07788bf9 .image-container .image-desktop {\n            display: none;\n        }\n\n        #adpost-block_c8fe9ce26e777004f0d718cd07788bf9 .image-container .image-mobile {\n            display: block;\n        }\n    }\n\n    \/*******************\n    * RESET GLOBAL CSS \n    ********************\/\n    #s-post main article .content .image-container img {\n        margin: 0;\n    }\n<\/style>\n\n\n<article id=\"adpost-block_c8fe9ce26e777004f0d718cd07788bf9\" class=\"anuncio-post-reverse\">\n    <div class=\"anuncio-container\">\n        \n        <div class=\"anuncio-text-container\">\n             <h3 class=\"title\" >Seja protagonista da sua advocacia com o Astrea<\/h3>\n            <div class=\"text\" >Tenha tempo para focar no crescimento do seu escrit\u00f3rio, enquanto o Astrea cuida da sua gest\u00e3o jur\u00eddica com intelig\u00eancia.<\/div>        <\/div>\n       \n        <a class=\"button\" href=\"\/astrea\/?utm_source=blog&#038;utm_medium=adpost&#038;utm_campaign=campanha-marca-2026\" target=\"_self\">Conhe\u00e7a o Astrea<\/a>    <\/div>\n\n    <div class=\"image-container\">\n        <img decoding=\"async\" class=\"image-desktop\" src=\"https:\/\/www.aurum.com.br\/blog\/wp-content\/uploads\/2026\/03\/adpos-posicionamento-2026-desktop.png\" alt=\"\" \/>\n        <img decoding=\"async\" class=\"image-mobile\" src=\"https:\/\/www.aurum.com.br\/blog\/wp-content\/uploads\/2026\/03\/adpost-posicionamento-2026-mobile.png\" alt=\"\" \/>    <\/div>\n<\/article>\n\n\n<h2 class=\"wp-block-heading\">O que pode ser objeto de A\u00e7\u00e3o Civil P\u00fablica?<\/h2>\n\n\n\n<p>Diversas situa\u00e7\u00f5es podem ser objeto dessa a\u00e7\u00e3o, abrangendo uma ampla gama de temas. Aqui est\u00e3o mais alguns exemplos, al\u00e9m dos citados acima:&nbsp;<\/p>\n\n\n\n<h3 class=\"wp-block-heading\">Danos Ambientais<\/h3>\n\n\n\n<p>Pode ser utilizada para responsabilizar aqueles que causam danos ao meio ambiente, buscando a repara\u00e7\u00e3o dos preju\u00edzos e a implementa\u00e7\u00e3o de medidas para a preserva\u00e7\u00e3o ambiental.<\/p>\n\n\n\n<h3 class=\"wp-block-heading\">Direitos do Consumidor<\/h3>\n\n\n\n<p>Pr\u00e1ticas comerciais abusivas, publicidade enganosa, produtos defeituosos ou qualquer viola\u00e7\u00e3o dos <a href=\"https:\/\/www.aurum.com.br\/blog\/direito-do-consumidor\/\">direitos do consumidor.<\/a><\/p>\n\n\n\n<h3 class=\"wp-block-heading\">Patrim\u00f4nio Hist\u00f3rico e Cultural<\/h3>\n\n\n\n<p>A prote\u00e7\u00e3o de bens culturais e hist\u00f3ricos, como pr\u00e9dios tombados, s\u00edtios arqueol\u00f3gicos e manifesta\u00e7\u00f5es culturais.<\/p>\n\n\n\n<h3 class=\"wp-block-heading\">Sa\u00fade P\u00fablica<\/h3>\n\n\n\n<p>Casos que envolvem problemas no sistema de sa\u00fade, como a falta de medicamentos essenciais ou a precariedade no atendimento.<\/p>\n\n\n\n<h3 class=\"wp-block-heading\">Habita\u00e7\u00e3o e Urbanismo<\/h3>\n\n\n\n<p>Irregularidades em loteamentos, falta de acesso \u00e0 moradia adequada, e quest\u00f5es relacionadas ao urbanismo.<\/p>\n\n\n\n<h3 class=\"wp-block-heading\">Direitos dos Trabalhadores<\/h3>\n\n\n\n<p>Situa\u00e7\u00f5es que envolvem direitos trabalhistas, como condi\u00e7\u00f5es inadequadas de trabalho, falta de pagamento de sal\u00e1rios ou descumprimento de normas trabalhistas.<\/p>\n\n\n\n<h3 class=\"wp-block-heading\">Educa\u00e7\u00e3o<\/h3>\n\n\n\n<p>Quest\u00f5es que afetam o acesso \u00e0 educa\u00e7\u00e3o, como falta de vagas em escolas, precariedade nas instala\u00e7\u00f5es ou viola\u00e7\u00f5es de direitos educacionais.<\/p>\n\n\n\n<h3 class=\"wp-block-heading\">Servi\u00e7o P\u00fablico<\/h3>\n\n\n\n<p>Irregularidades na presta\u00e7\u00e3o de servi\u00e7os p\u00fablicos, como transporte, saneamento b\u00e1sico e seguran\u00e7a.<\/p>\n\n\n\n<h3 class=\"wp-block-heading\">Direitos Humanos<\/h3>\n\n\n\n<p>Casos que envolvem viola\u00e7\u00f5es aos <a href=\"https:\/\/www.aurum.com.br\/blog\/direitos-e-garantias-fundamentais\/\">direitos humanos<\/a>, como <a href=\"https:\/\/www.aurum.com.br\/blog\/glossario-juridico\/discriminacao-racial\/\">discrimina\u00e7\u00e3o<\/a>, tortura ou tratamento desumano.<\/p>\n\n\n\n<h3 class=\"wp-block-heading\">Quest\u00f5es Fundi\u00e1rias<\/h3>\n\n\n\n<p>Conflitos relacionados \u00e0 posse de terras,<a href=\"https:\/\/www.aurum.com.br\/blog\/regularizacao-fundiaria\/\"> regulariza\u00e7\u00e3o fundi\u00e1ria<\/a> e direito de propriedade podem ser tratados por meio dessa a\u00e7\u00e3o.<\/p>\n\n\n\n<p>Esses exemplos ilustram a amplitude de temas que podem ser objeto de A\u00e7\u00e3o Civil P\u00fablica.&nbsp;<\/p>\n\n\n\n<h2 class=\"wp-block-heading\">Quais os tipos de A\u00e7\u00e3o Civil P\u00fablica?&nbsp;<\/h2>\n\n\n\n<p>A A\u00e7\u00e3o Civil P\u00fablica possui diferentes tipos, cada um adequado para situa\u00e7\u00f5es espec\u00edficas. Entre os principais, destacam-se:<\/p>\n\n\n\n<h3 class=\"wp-block-heading\">Para a Defesa de Interesses Difusos<\/h3>\n\n\n\n<p>Envolvem interesses que n\u00e3o sejam individuais ou coletivos, mas sim transindividuais e indivis\u00edveis.<\/p>\n\n\n\n<p><strong>Exemplo:<\/strong> Prote\u00e7\u00e3o do meio ambiente, defesa do consumidor contra pr\u00e1ticas abusivas que afetem a sociedade como um todo.<\/p>\n\n\n\n<h3 class=\"wp-block-heading\">Para a Defesa de Interesses Coletivos em Sentido Estrito<\/h3>\n\n\n\n<p>Referem-se a interesses que, embora coletivos, s\u00e3o espec\u00edficos a grupos determinados de pessoas.<\/p>\n\n\n\n<p><strong>Exemplo: <\/strong>A\u00e7\u00f5es visando \u00e0 prote\u00e7\u00e3o de direitos trabalhistas de uma categoria profissional espec\u00edfica.<\/p>\n\n\n\n<h3 class=\"wp-block-heading\">Para a Defesa de Interesses Individuais Homog\u00eaneos<\/h3>\n\n\n\n<p>Envolvem interesses individuais que, por sua origem comum, podem ser objeto de uma \u00fanica decis\u00e3o.<\/p>\n\n\n\n<p><strong>Exemplo: <\/strong>A\u00e7\u00f5es coletivas relacionadas a consumidores que foram prejudicados por um mesmo produto defeituoso.<\/p>\n\n\n\n<h3 class=\"wp-block-heading\">Para a Tutela da Moralidade Administrativa<\/h3>\n\n\n\n<p>Busca a prote\u00e7\u00e3o da moralidade administrativa, coibindo pr\u00e1ticas que violem os princ\u00edpios \u00e9ticos na gest\u00e3o p\u00fablica.<\/p>\n\n\n\n<p><strong>Exemplo:<\/strong> A\u00e7\u00f5es visando a impedir nepotismo em cargos p\u00fablicos.<\/p>\n\n\n\n<h2 class=\"wp-block-heading\">Quais os requisitos para ingressar com uma A\u00e7\u00e3o Civil P\u00fablica?&nbsp;<\/h2>\n\n\n\n<p>Os principais requisitos s\u00e3o os seguintes:<\/p>\n\n\n\n<h3 class=\"wp-block-heading\">Legitimidade Ativa<\/h3>\n\n\n\n<p><strong>Quem pode propor: <\/strong>O Minist\u00e9rio P\u00fablico, a Defensoria P\u00fablica, a Uni\u00e3o, os Estados, os Munic\u00edpios, as autarquias, as empresas p\u00fablicas, as funda\u00e7\u00f5es e associa\u00e7\u00f5es que atendam aos requisitos espec\u00edficos da lei.<\/p>\n\n\n\n<p>Para que uma associa\u00e7\u00e3o detenha a legitimidade ativa para propor A\u00e7\u00e3o Civil P\u00fablica, nos termos da Lei n\u00ba 7.347\/85, \u00e9 imprescind\u00edvel que esteja legalmente constitu\u00edda por, no m\u00ednimo, um ano.<\/p>\n\n\n\n<p>Al\u00e9m disso, a associa\u00e7\u00e3o deve incluir, entre suas finalidades institucionais, a defesa e prote\u00e7\u00e3o de diversos interesses coletivos, tais como o patrim\u00f4nio p\u00fablico e social, o meio ambiente, os direitos do consumidor, \u00e0 ordem econ\u00f4mica, a livre concorr\u00eancia, al\u00e9m dos direitos de grupos raciais, \u00e9tnicos ou religiosos, bem como do patrim\u00f4nio art\u00edstico, est\u00e9tico, hist\u00f3rico, tur\u00edstico e paisag\u00edstico.&nbsp;<\/p>\n\n\n\n<p>Estes crit\u00e9rios asseguram que a associa\u00e7\u00e3o tenha uma atua\u00e7\u00e3o efetiva na promo\u00e7\u00e3o do bem comum e na defesa dos valores que permeiam a sociedade, conferindo-lhe a devida legitimidade para atuar na esfera jur\u00eddica em prol desses interesses.&nbsp;<\/p>\n\n\n\n<h3 class=\"wp-block-heading\">Interesses Tutel\u00e1veis<\/h3>\n\n\n\n<p><strong>Difusos, coletivos ou individuais homog\u00eaneos: <\/strong>A a\u00e7\u00e3o deve ter como objeto a defesa de interesses que se enquadrem nessas categorias, conforme definido na legisla\u00e7\u00e3o.<\/p>\n\n\n\n<p>O cumprimento desses requisitos \u00e9 fundamental para que a A\u00e7\u00e3o Civil P\u00fablica seja admitida pelo Poder Judici\u00e1rio. Cada requisito visa assegurar a legitimidade da a\u00e7\u00e3o, a efic\u00e1cia da tutela jurisdicional e a prote\u00e7\u00e3o adequada dos interesses coletivos ou individuais homog\u00eaneos envolvidos.<\/p>\n\n\n\n<h2 class=\"wp-block-heading\">Como consultar uma A\u00e7\u00e3o Civil P\u00fablica?&nbsp;<\/h2>\n\n\n\n<p>Consultar uma A\u00e7\u00e3o Civil P\u00fablica pode variar um pouco dependendo da <a href=\"https:\/\/www.aurum.com.br\/blog\/glossario-juridico\/jurisdicao\/\">jurisdi\u00e7\u00e3o<\/a> e do \u00f3rg\u00e3o respons\u00e1vel pela tramita\u00e7\u00e3o dos processos. Aqui est\u00e3o algumas orienta\u00e7\u00f5es gerais que podem ajudar:<\/p>\n\n\n\n<h3 class=\"wp-block-heading\">Tribunal de Justi\u00e7a ou F\u00f3rum<\/h3>\n\n\n\n<p>Identifique o Tribunal de Justi\u00e7a ou o F\u00f3rum respons\u00e1vel pela regi\u00e3o em que a A\u00e7\u00e3o Civil P\u00fablica foi proposta. Isso pode ser determinado pelo local onde ocorreu o fato ou pela resid\u00eancia do r\u00e9u.<\/p>\n\n\n\n<p><strong>Muitos tribunais disponibilizam sistemas online para consulta de processos<\/strong>. Visite o site oficial do Tribunal de Justi\u00e7a ou do F\u00f3rum da regi\u00e3o em quest\u00e3o.<\/p>\n\n\n\n<h3 class=\"wp-block-heading\">Acesso Online<\/h3>\n\n\n\n<p>Em muitos casos, os tribunais oferecem servi\u00e7os online de consulta de processos. Esses servi\u00e7os geralmente permitem que voc\u00ea <strong>busque processos por n\u00famero, nome das partes, data, entre outros crit\u00e9rios.<\/strong><\/p>\n\n\n\n<p>Utilize os recursos de busca fornecidos pelo sistema online para encontrar informa\u00e7\u00f5es sobre a A\u00e7\u00e3o Civil P\u00fablica desejada.<\/p>\n\n\n\n<h3 class=\"wp-block-heading\">Nome das Partes ou N\u00famero do Processo<\/h3>\n\n\n\n<p>Essas informa\u00e7\u00f5es s\u00e3o cruciais para a localiza\u00e7\u00e3o do caso no sistema.<\/p>\n\n\n\n<h3 class=\"wp-block-heading\">Atendimento Presencial<\/h3>\n\n\n\n<p>Se preferir uma abordagem presencial, v\u00e1 at\u00e9 o Tribunal de Justi\u00e7a ou F\u00f3rum respons\u00e1vel e solicite assist\u00eancia ao balc\u00e3o de atendimento. Os funcion\u00e1rios podem ajudar na busca e fornecer informa\u00e7\u00f5es sobre a A\u00e7\u00e3o Civil P\u00fablica.<\/p>\n\n\n\n<h3 class=\"wp-block-heading\">Advogado ou Defensor P\u00fablico<\/h3>\n\n\n\n<p>Caso tenha um<strong> advogado ou defensor p\u00fablico representando seus interesses<\/strong>, voc\u00ea pode pedir a eles informa\u00e7\u00f5es sobre o andamento do processo.<\/p>\n\n\n\n<p>Lembre-se de que as informa\u00e7\u00f5es dispon\u00edveis online podem variar de acordo com a jurisdi\u00e7\u00e3o e as pol\u00edticas espec\u00edficas de cada Tribunal. Se tiver dificuldades, entre em contato com o Tribunal de Justi\u00e7a local para obter orienta\u00e7\u00f5es espec\u00edficas sobre como consultar uma A\u00e7\u00e3o Civil P\u00fablica naquela jurisdi\u00e7\u00e3o.<\/p>\n\n\n\n<h2 class=\"wp-block-heading\">Exemplos no Brasil de A\u00e7\u00e3o Civil P\u00fablica&nbsp;<\/h2>\n\n\n\n<h3 class=\"wp-block-heading\">Desastre Ambiental de Mariana (2015)<\/h3>\n\n\n\n<p>A A\u00e7\u00e3o Civil P\u00fablica foi movida ap\u00f3s o rompimento da barragem de Fund\u00e3o, em Mariana (MG), causando um dos maiores desastres ambientais da hist\u00f3ria do Brasil. <\/p>\n\n\n\n<p><a href=\"https:\/\/www2.mppa.mp.br\/sistemas\/gcsubsites\/upload\/25\/Acao%20Civil%20Publica%20-%20MPMG%20-%202%20PJ%20MARIANA%20-%20IC%200400_15_00306-1%20e%200400_15_000307-9.pdf\" target=\"_blank\" rel=\"noopener\">Confira a inicial desta ACP<\/a>.<\/p>\n\n\n\n<h3 class=\"wp-block-heading\">Opera\u00e7\u00e3o Lava Jato<\/h3>\n\n\n\n<p>Embora a &#8220;Lava Jato&#8221; seja predominantemente uma opera\u00e7\u00e3o criminal, v\u00e1rias A\u00e7\u00f5es Civis P\u00fablicas foram derivadas desse processo, envolvendo a recupera\u00e7\u00e3o de valores desviados em esquemas de corrup\u00e7\u00e3o e irregularidades em contratos p\u00fablicos.<\/p>\n\n\n\n<p><a href=\"https:\/\/www.mprj.mp.br\/documents\/20184\/540394\/acp_carioca.pdf\" target=\"_blank\" rel=\"noopener\">Confira a ACP por ato de improbidade administrativa promovida pelo MPF\/RJ<\/a>.<\/p>\n\n\n\n<h3 class=\"wp-block-heading\">A\u00e7\u00e3o Civil P\u00fablica sobre o Uso de Agrot\u00f3xicos (2014)<\/h3>\n\n\n\n<p>O Minist\u00e9rio P\u00fablico moveu a\u00e7\u00f5es civis p\u00fablicas visando regulamentar o uso de agrot\u00f3xicos no Brasil, buscando proteger a sa\u00fade da popula\u00e7\u00e3o e o meio ambiente.<\/p>\n\n\n\n<p><a href=\"https:\/\/www.mprs.mp.br\/media\/areas\/ambiente\/arquivos\/agrotoxicos\/forum_agrotox\/acp_mpf_mapa_ctbio_2_4_d.pdf\" target=\"_blank\" rel=\"noopener\">Confira a inicial desta ACP<\/a>.<\/p>\n\n\n\n<h2 class=\"wp-block-heading\">Conclus\u00e3o&nbsp;<\/h2>\n\n\n\n<p>A A\u00e7\u00e3o Civil P\u00fablica no Brasil <strong>desempenha um papel crucial <\/strong>na defesa dos interesses coletivos, difusos e individuais homog\u00eaneos.&nbsp;<\/p>\n\n\n\n<p>Ao abordar os requisitos para sua propositura, os tipos existentes e exemplificar casos relevantes, evidenciei a versatilidade desse instrumento legal.&nbsp;<\/p>\n\n\n\n<p>Destacam-se casos emblem\u00e1ticos como o desastre ambiental em Mariana, a Opera\u00e7\u00e3o Lava Jato e a\u00e7\u00f5es relacionadas \u00e0 sa\u00fade p\u00fablica. Esses exemplos sublinham a import\u00e2ncia da ACP na <strong>responsabiliza\u00e7\u00e3o, repara\u00e7\u00e3o de danos e promo\u00e7\u00e3o da justi\u00e7a social.<\/strong><\/p>\n\n\n\n<p>As perspectivas futuras indicam um cont\u00ednuo papel da ACP na busca por equidade e prote\u00e7\u00e3o de direitos. Diante de desafios socioambientais e novas demandas jur\u00eddicas, espera-se que a A\u00e7\u00e3o Civil P\u00fablica continue sendo uma ferramenta essencial para enfrentar viola\u00e7\u00f5es coletivas, corrigir desigualdades e fortalecer os pilares democr\u00e1ticos.&nbsp;<\/p>\n\n\n\n<p>O entendimento profundo desse tema \u00e9 crucial para cidad\u00e3os, juristas e gestores p\u00fablicos, pois possibilita o engajamento informado na defesa de interesses fundamentais, contribuindo para a constru\u00e7\u00e3o de uma sociedade mais justa e sustent\u00e1vel.&nbsp;<\/p>\n\n\n\n<h2 class=\"wp-block-heading\">Principais d\u00favidas sobre a lei 7.347\/1985<\/h2>\n\n\n\n<h3 class=\"wp-block-heading\">O que \u00e9 uma a\u00e7\u00e3o civil p\u00fablica?<\/h3>\n\n\n\n<p>\u00c9 uma a\u00e7\u00e3o jur\u00eddica que visa proteger direitos difusos e coletivos, por meio da lei 7.347\/1985.<\/p>\n\n\n\n<h3 class=\"wp-block-heading\">Quando cabe a\u00e7\u00e3o civil p\u00fablica?<\/h3>\n\n\n\n<p>\u00c9 cab\u00edvel em a\u00e7\u00f5es de responsabilidade por danos morais e patrimoniais causados: ao meio-ambiente; ao consumidor; a bens e direitos de valor art\u00edstico, est\u00e9tico, hist\u00f3rico, tur\u00edstico e paisag\u00edstico; \u00e0 ordem urban\u00edstica; a qualquer outro interesse difuso ou coletivo.<\/p>\n\n\n\n<h3 class=\"wp-block-heading\">Quem pode entrar com uma a\u00e7\u00e3o civil p\u00fablica?<\/h3>\n\n\n\n<p>S\u00e3o legitimados para propor a a\u00e7\u00e3o popular, al\u00e9m do Minist\u00e9rio P\u00fablico: Defensoria P\u00fablica; a Uni\u00e3o; os Estados; o Distrito Federal; Munic\u00edpios; Autarquia; empresa p\u00fablica, funda\u00e7\u00e3o ou sociedade de economia mista; e as associa\u00e7\u00f5es.<\/p>\n\n\n\n<h3 class=\"wp-block-heading\">Qual \u00e9 o objetivo da a\u00e7\u00e3o civil p\u00fablica?<\/h3>\n\n\n\n<p>De acordo com a lei&nbsp; 7.347\/1985,&nbsp;art. 3\u00ba \u201ca a\u00e7\u00e3o civil poder\u00e1 ter por objeto a condena\u00e7\u00e3o em dinheiro ou o cumprimento de obriga\u00e7\u00e3o de fazer ou n\u00e3o fazer.posso buscar tutela inibit\u00f3ria e reparat\u00f3ria.\u201d&nbsp;<\/p>\n\n\n\n<h3 class=\"wp-block-heading\">Modelo de a\u00e7\u00e3o civil p\u00fablica<\/h3>\n\n\n\n<p>Para finalizar nosso texto, compartilho um modelo e para acessar e usar gratuitamente, \u00e9 s\u00f3 clicar no bot\u00e3o abaixo!<\/p>\n\n\n<a href=\"https:\/\/materiais.aurum.com.br\/mkt-modelo-de-acao-civil-publica\" class=\"btn btn-blue\" target=\"_blank\" rel=\"noopener\">Quero acessar modelo a\u00e7\u00e3o civil p\u00fablica<\/a>\n\n\n\n<h3 class=\"wp-block-heading\">Mais conhecimento para voc\u00ea<\/h3>\n\n\n\n<ul class=\"wp-block-list\">\n<li><a href=\"https:\/\/www.aurum.com.br\/blog\/acordo-de-socios\/\">Como funciona o acordo de s\u00f3cios [+Modelo]<\/a><\/li>\n\n\n\n<li><a href=\"https:\/\/www.aurum.com.br\/blog\/prevaricacao\/\">Como ocorre a prevarica\u00e7\u00e3o e quem pode cometer este crime<\/a><\/li>\n\n\n\n<li><a href=\"https:\/\/www.aurum.com.br\/blog\/nova-ia-astrea\/\">Entenda tudo sobre a nova IA do Astrea<\/a><\/li>\n\n\n\n<li><a href=\"https:\/\/www.aurum.com.br\/blog\/discricionariedade\/\">O que \u00e9 discricionariedade e principais caracter\u00edsticas<\/a><\/li>\n\n\n\n<li><a href=\"https:\/\/www.aurum.com.br\/blog\/isencao-do-irpf-por-doenca-grave\/\">Isen\u00e7\u00e3o de IRPF por Doen\u00e7a Grave \u2013 Guia completo!<\/a><\/li>\n\n\n\n<li>Gloss\u00e1rio Jur\u00eddico: <a href=\"https:\/\/www.aurum.com.br\/blog\/glossario-juridico\/admissibilidade\/\" data-type=\"URL\" data-id=\"https:\/\/www.aurum.com.br\/blog\/glossario-juridico\/admissibilidade\/\">O que \u00e9 &#8220;Admissibilidade?&#8221;<\/a><\/li>\n\n\n\n<li>Gloss\u00e1rio Jur\u00eddico: <a href=\"https:\/\/www.aurum.com.br\/blog\/glossario-juridico\/busca-domiciliar\/\" data-type=\"URL\" data-id=\"https:\/\/www.aurum.com.br\/blog\/glossario-juridico\/busca-domiciliar\/\">O que \u00e9 &#8220;Busca domiciliar?&#8221;<\/a><\/li>\n\n\n\n<li>Gloss\u00e1rio Jur\u00eddico: <a href=\"https:\/\/www.aurum.com.br\/blog\/glossario-juridico\/res-judicata\/\" data-type=\"URL\" data-id=\"https:\/\/www.aurum.com.br\/blog\/glossario-juridico\/res-judicata\/\">O que \u00e9 &#8220;Res judicata?&#8221;<\/a><\/li>\n\n\n\n<li><a href=\"https:\/\/www.aurum.com.br\/blog\/arbitragem-internacional\/\" data-type=\"URL\" data-id=\"https:\/\/www.aurum.com.br\/blog\/arbitragem-internacional\/\">O que \u00e9 Arbitragem Internacional, para que serve e exemplos<\/a><\/li>\n<\/ul>\n\n\n<style>\r\n  .news-post {\r\n    background: url('https:\/\/www.aurum.com.br\/blog\/wp-content\/themes\/aurum\/img\/bg-news-artigo.svg') no-repeat top center #3C48AA;\r\n    padding: 1.5rem;\r\n    border-radius: 6px;\r\n    margin: 1rem 0;\r\n  }\r\n  .news-post .icone {\r\n    display: none;\r\n  }\r\n  .news-post .title {\r\n    font-weight: 700;\r\n    font-size: 16px;\r\n    line-height: 130%;\r\n    text-align: center;\r\n    letter-spacing: -0.5px;\r\n    color: #fff;\r\n    margin-bottom: .9375rem;\r\n  }\r\n  .news-post p {\r\n    font-size: .875rem;\r\n    line-height: 140%;\r\n    text-align: center;\r\n    color: #fff;\r\n    margin-bottom: 1.25rem;\r\n  }\r\n  .news-post .news_button_span {\r\n    font-size: .8125rem;\r\n    display: block;\r\n    padding: .125rem .3125rem;\r\n    color: #fff;\r\n    text-align:left;\r\n  }\r\n  .news-post .news_button_span a {\r\n    color: #fff !important;\r\n    text-decoration: underline;\r\n  }\r\n  .news-post form {\r\n    width: 100%;\r\n  }\r\n  .news-post label {\r\n    font-weight: 600;\r\n    font-size: .9375rem;\r\n    line-height: 1.5rem;\r\n    margin-bottom: .5rem;\r\n    color: #fff;\r\n    display: block;\r\n  }\r\n  .news-post input {\r\n    background: #fff;\r\n    border: 1px solid #CBCBD9;\r\n    box-sizing: border-box;\r\n    border-radius: 4px;\r\n    padding: .75rem 1rem;\r\n    width: 100%;\r\n  }\r\n  .news-post button {\r\n    margin-top: .875rem;\r\n    width: 100%;\r\n    min-width: auto;\r\n    background: #FCC632;\r\n    color: #3C48AA;\r\n  }\r\n  .news-post .input {\r\n    position: relative;\r\n    padding-bottom: 10px;\r\n  }\r\n  .news-post .error-message-ad {\r\n    font-size: .875rem;\r\n    line-height: 130%;\r\n    color: #D50021;\r\n    margin-left: 4px;\r\n  }\r\n  .news-post .error {\r\n    border: 1px solid #D50021;\r\n  }\r\n  .news-post #message-form-ad {\r\n    border-radius: 4px;\r\n    padding: 0.7rem;\r\n    font-size:0.8rem;\r\n    text-align: center;\r\n    align-items: center;\r\n    justify-content: center;\r\n    display: none;\r\n  }\r\n  .news-post #message-form-ad svg {\r\n    margin-right: 8px;\r\n  }\r\n\r\n  @media(min-width: 561px) {\r\n    .news-post {\r\n      position: relative;\r\n      background: url('https:\/\/www.aurum.com.br\/blog\/wp-content\/themes\/aurum\/img\/bg-news-artigo.svg') no-repeat top center #3C48AA;\r\n      width: calc(100% - 30px);\r\n    }\r\n    .news-post .icone {\r\n      display: block;\r\n      position: absolute;\r\n      right: -30px;\r\n      top: 65px;\r\n      max-width: 142px;\r\n      width: 100%;\r\n      height: auto;\r\n      margin: 0;\r\n    }\r\n    .news-post .title {\r\n      font-size: 1.125rem;\r\n      text-align: left;\r\n      \/* padding-right: 3.75rem; *\/\r\n    }\r\n    .news-post p {\r\n      font-size: 1rem;\r\n      text-align: left;\r\n      max-width: 400px;\r\n    }\r\n    .news-post .boxes {\r\n      display: flex;\r\n      align-items: flex-start;\r\n    }\r\n    .news-post button {\r\n      margin: 0 0 0 1rem;\r\n      width: 100%;\r\n      max-width: 170px;\r\n      min-width: auto;\r\n      transition: all ease .3s\r\n    }\r\n    .news-post button:hover {\r\n      opacity: 0.9;\r\n      transition: all ease .3s\r\n    }\r\n    .news-post #message-form-ad {\r\n      padding: 1.125rem;\r\n      font-size:1rem;\r\n    }\r\n    .news-post #message-form-ad svg {\r\n      margin-right: 10px;\r\n    }\r\n  }\r\n<\/style>\r\n\r\n<div class=\"news-post\">\r\n  <div class=\"title news-ad-title\">Gostou do artigo e quer evoluir a sua advocacia?<\/div>\r\n  <p class=\"news-ad-subtitle\">Assine gr\u00e1tis a Aurum News e receba uma dose semanal de conte\u00fado no seu e-mail! \u270c\ufe0f<\/p>\r\n  <img decoding=\"async\" src=\"https:\/\/www.aurum.com.br\/blog\/wp-content\/themes\/aurum\/img\/icon-news-artigo.svg\" alt=\"\" class=\"icone\">\r\n\r\n  <form method=\"post\" name=\"newsletter-ad\" id=\"aurum-newsletter-ad\">\r\n    <div class=boxes>\r\n      <div class=\"input\">\r\n        <label class=\"label-email\" htmlFor=\"email-ad\">Qual seu e-mail?<\/label>\r\n        <input type=\"email\" id=\"email-ad\" name=\"newsletter-mail-ad\" placeholder=\"Digite seu e-mail?\">\r\n        <div class=\"error-message-ad-email\">Endere\u00e7o de e-mail inv\u00e1lido ou incorreto<\/div>\r\n\r\n        <label class=\"label-select\" htmlFor=\"lawsuits-select-ad\">\r\n          Quantos processos voc\u00ea ou<br class=\"for-desktop\"\/> seu escrit\u00f3rio acompanham?\r\n        <\/label>\r\n        <div id=\"lawsuits-select-ad\" class=\"lawsuits-select select-wrapper\" tabindex=\"0\">\r\n          <div class=\"s-dropdown--styled\">\r\n          <span class=\"lawsuits-default\">\r\n            <span id=\"lawsuits-newsletter-ad\" class=\"lawsuits-default-text\" data-value=\"\">Selecione os processos<\/span>\r\n            <svg class=\"chevron\" xmlns=\"http:\/\/www.w3.org\/2000\/svg\" width=\"24\" height=\"25\" viewBox=\"0 0 24 25\" fill=\"none\">\r\n              <path d=\"M6 15.6152L12 9.61523L18 15.6152\" stroke=\"black\" stroke-width=\"2\" stroke-linecap=\"round\" stroke-linejoin=\"round\" \/>\r\n            <\/svg>\r\n          <\/span>\r\n\r\n          <ul class=\"s-dropdown u-hide\">\r\n            <li class=\"lawsuits\" data-value=\"Mais de 1000 processos\">Mais de 1000 processos<\/li>\r\n            <li class=\"lawsuits\" data-value=\"De 501 a 1000 processos\">De 501 a 1000 processos<\/li>\r\n            <li class=\"lawsuits\" data-value=\"De 151 a 500 processos\">De 151 a 500 processos<\/li>\r\n            <li class=\"lawsuits\" data-value=\"De 41 a 150 processos\">De 41 a 150 processos<\/li>\r\n            <li class=\"lawsuits\" data-value=\"At\u00e9 40 processos\">At\u00e9 40 processos<\/li>\r\n            <li class=\"lawsuits\" data-value=\"Atuo apenas no consultivo\">Atuo apenas no consultivo<\/li>\r\n            <li class=\"lawsuits\" data-value=\"Ainda sou estudante de direito\">Ainda sou estudante de direito<\/li>\r\n            <li class=\"lawsuits\" data-value=\"N\u00e3o sou da \u00e1rea jur\u00eddica\">N\u00e3o sou da \u00e1rea jur\u00eddica<\/li>\r\n          <\/ul>\r\n          <\/div>\r\n        <\/div>\r\n        <div class=\"error-message-ad-lawsuits\">Selecione algum processo<\/div>\r\n      <\/div>\r\n      <button class=\"btn btn-yellow ad-btn-desktop\" id=\"aurum-submit-ad\">Assinar gr\u00e1tis<\/button>\r\n      <button class=\"btn btn-yellow ad-btn-mobile\" id=\"aurum-submit-ad\">Assinar<\/button>\r\n    <\/div>\r\n    <span class=\"news_button_span\">Ao se cadastrar voc\u00ea declara que leu e aceitou a pol\u00edtica de privacidade e cookies do <a href=\"https:\/\/s3.sa-east-1.amazonaws.com\/publico.aurum.com.br\/contratos\/politica-de-privacidade.pdf\" target=\"_blank\" rel=\"noopener noreferrer\">site<\/a>.<\/span>\r\n  <\/form>\r\n  <div id=\"message-form-ad\"><\/div>\r\n<\/div>","protected":false},"excerpt":{"rendered":"<p>A a\u00e7\u00e3o civil p\u00fablica, conforme estabelecido na Constitui\u00e7\u00e3o Federal de 1988, \u00e9 um instrumento jur\u00eddico destinado \u00e0 defesa de interesses difusos e coletivos como os relacionados ao meio ambiente, consumidor, patrim\u00f4nio cultural, entre outros. No cen\u00e1rio brasileiro, este mecanismo legal se revela como um apoio na busca pela equidade e justi\u00e7a social, agindo como um [&hellip;]<\/p>\n","protected":false},"author":128,"featured_media":9658,"comment_status":"open","ping_status":"open","sticky":false,"template":"","format":"standard","meta":{"_bbp_topic_count":0,"_bbp_reply_count":0,"_bbp_total_topic_count":0,"_bbp_total_reply_count":0,"_bbp_voice_count":0,"_bbp_anonymous_reply_count":0,"_bbp_topic_count_hidden":0,"_bbp_reply_count_hidden":0,"_bbp_forum_subforum_count":0,"inline_featured_image":false,"footnotes":""},"categories":[19],"tags":[],"class_list":["post-9657","post","type-post","status-publish","format-standard","has-post-thumbnail","hentry","category-direito-civil"],"acf":[],"_links":{"self":[{"href":"https:\/\/www.aurum.com.br\/blog\/wp-json\/wp\/v2\/posts\/9657","targetHints":{"allow":["GET"]}}],"collection":[{"href":"https:\/\/www.aurum.com.br\/blog\/wp-json\/wp\/v2\/posts"}],"about":[{"href":"https:\/\/www.aurum.com.br\/blog\/wp-json\/wp\/v2\/types\/post"}],"author":[{"embeddable":true,"href":"https:\/\/www.aurum.com.br\/blog\/wp-json\/wp\/v2\/users\/128"}],"replies":[{"embeddable":true,"href":"https:\/\/www.aurum.com.br\/blog\/wp-json\/wp\/v2\/comments?post=9657"}],"version-history":[{"count":8,"href":"https:\/\/www.aurum.com.br\/blog\/wp-json\/wp\/v2\/posts\/9657\/revisions"}],"predecessor-version":[{"id":27015,"href":"https:\/\/www.aurum.com.br\/blog\/wp-json\/wp\/v2\/posts\/9657\/revisions\/27015"}],"wp:featuredmedia":[{"embeddable":true,"href":"https:\/\/www.aurum.com.br\/blog\/wp-json\/wp\/v2\/media\/9658"}],"wp:attachment":[{"href":"https:\/\/www.aurum.com.br\/blog\/wp-json\/wp\/v2\/media?parent=9657"}],"wp:term":[{"taxonomy":"category","embeddable":true,"href":"https:\/\/www.aurum.com.br\/blog\/wp-json\/wp\/v2\/categories?post=9657"},{"taxonomy":"post_tag","embeddable":true,"href":"https:\/\/www.aurum.com.br\/blog\/wp-json\/wp\/v2\/tags?post=9657"}],"curies":[{"name":"wp","href":"https:\/\/api.w.org\/{rel}","templated":true}]}}