{"id":9639,"date":"2021-04-01T08:00:00","date_gmt":"2021-04-01T11:00:00","guid":{"rendered":"https:\/\/aurum.com.br\/blog\/tutela\/"},"modified":"2023-08-14T16:25:33","modified_gmt":"2023-08-14T19:25:33","slug":"tutela","status":"publish","type":"post","link":"https:\/\/www.aurum.com.br\/blog\/tutela\/","title":{"rendered":"Tutela no direito da fam\u00edlia: finalidade, aspectos e previs\u00e3o legal"},"content":{"rendered":"<div id=\"bsf_rt_marker\"><\/div>\n<pre class=\"wp-block-preformatted\">A <strong>tutela<\/strong> no <a href=\"https:\/\/www.aurum.com.br\/blog\/direito-de-familia\/\" data-type=\"URL\" data-id=\"https:\/\/www.aurum.com.br\/blog\/direito-de-familia\/\">direito de fam\u00edlia<\/a> \u00e9 um instrumento de prote\u00e7\u00e3o jur\u00eddica e representa\u00e7\u00e3o legal de um menor. Existe em raz\u00e3o do falecimento, da declara\u00e7\u00e3o de aus\u00eancia ou da perda do poder familiar de seus pais.<\/pre>\n\n\n\n<script type=\"application\/ld+json\">\n{\n  \"@context\": \"https:\/\/schema.org\",\n  \"@type\": \"FAQPage\",\n  \"mainEntity\": [{\n    \"@type\": \"Question\",\n    \"name\": \"O que significa tutela?\",\n    \"acceptedAnswer\": {\n      \"@type\": \"Answer\",\n      \"text\": \"A tutela no direito de fam\u00edlia \u00e9 um instrumento de prote\u00e7\u00e3o jur\u00eddica e representa\u00e7\u00e3o legal de um menor. Existe em raz\u00e3o do falecimento, da declara\u00e7\u00e3o de aus\u00eancia ou da perda do poder familiar de seus pais.\"\n    }\n  },{\n    \"@type\": \"Question\",\n    \"name\": \"O que \u00e9 uma tutela jur\u00eddica?\",\n    \"acceptedAnswer\": {\n      \"@type\": \"Answer\",\n      \"text\": \"De acordo com o dicion\u00e1rio do direito: \u201co conceito de tutela jur\u00eddica significa defender, amparar ou proteger algu\u00e9m ou algo mais fr\u00e1gil\u201d.\"\n    }\n  },{\n    \"@type\": \"Question\",\n    \"name\": \"Qual a semelhan\u00e7a entre tutela e curatela?\",\n    \"acceptedAnswer\": {\n      \"@type\": \"Answer\",\n      \"text\": \"Ambas t\u00eam a finalidade de garantir a representa\u00e7\u00e3o legal e administra\u00e7\u00e3o de pessoas incapazes para a pr\u00e1tica de atos jur\u00eddicos.\"\n    }\n  },{\n    \"@type\": \"Question\",\n    \"name\": \"Qual a diferen\u00e7a de tutela e decis\u00e3o apoiada?\",\n    \"acceptedAnswer\": {\n      \"@type\": \"Answer\",\n      \"text\": \"\u00c9 importante entender a tutela em nada se confunde com o instituto da tomada de decis\u00e3o apoiada. A decis\u00e3o apoiada \u00e9 um instrumento criado pela Lei 13.146\/2015. Seu objetivo \u00e9 viabilizar somente medidas de apoio e prote\u00e7\u00e3o jur\u00eddica a determinados atos da vida civil das pessoas com defici\u00eancia.\"\n    }\n  },{\n    \"@type\": \"Question\",\n    \"name\": \"Quais os tipos de tutela no direito da fam\u00edlia?\",\n    \"acceptedAnswer\": {\n      \"@type\": \"Answer\",\n      \"text\": \"Temos tr\u00eas principais modalidades de tutela no direito de fam\u00edlia, s\u00e3o elas: Testament\u00e1ria; Leg\u00edtima e Dativa.\"\n    }\n  }]\n}\n<\/script>\n\n\n\n<p>O instituto da tutela \u00e9 de extrema relev\u00e2ncia no campo jur\u00eddico das rela\u00e7\u00f5es familiares, porque sua finalidade \u00e9 suprir a eventual falta dos pais. Logo, dominar o conceito e a aplica\u00e7\u00e3o do instituto da tutela \u00e9 fundamental.&nbsp;<\/p>\n\n\n\n<p>Dessa forma, o advogado tem condi\u00e7\u00f5es de manejar a solu\u00e7\u00e3o jur\u00eddica mais adequada para <strong>preservar e garantir os melhores interesses da crian\u00e7a ou do adolescente<\/strong>. <\/p>\n\n\n\n<p>Ent\u00e3o, fica comigo at\u00e9 o final deste artigo, pois nele vamos conversar de forma did\u00e1tica e objetiva sobre as as principais informa\u00e7\u00f5es acerca do instituto da tutela.<\/p>\n\n\n\n<h2 class=\"wp-block-heading\">O que significa tutela?<\/h2>\n\n\n\n<p>A tutela no direito de fam\u00edlia \u00e9 um <strong>instrumento de prote\u00e7\u00e3o jur\u00eddica e representa\u00e7\u00e3o legal de um menor. <\/strong>Existe em raz\u00e3o do falecimento, da declara\u00e7\u00e3o de aus\u00eancia ou da perda do poder familiar de seus pais.<\/p>\n\n\n\n<h3 class=\"wp-block-heading\">O que \u00e9 uma tutela jur\u00eddica?<\/h3>\n\n\n\n<p>De acordo com o <a aria-label=\" (abre numa nova aba)\" href=\"https:\/\/dicionariodireito.com.br\/tutela-juridica\" target=\"_blank\" rel=\"noreferrer noopener\">dicion\u00e1rio do direito<\/a>: \u201c<em>o conceito de tutela jur\u00eddica significa defender, amparar ou proteger algu\u00e9m ou algo mais fr\u00e1gil\u201d<\/em>.&nbsp;<\/p>\n\n\n<div class=\"wp-block-image\">\n<figure class=\"aligncenter size-large\"><img decoding=\"async\" src=\"https:\/\/www.aurum.com.br\/blog\/wp-content\/uploads\/o-que-e-tutela.jpg\" alt=\"O que \u00e9 tutela?\" class=\"wp-image-40768\"\/><figcaption class=\"wp-element-caption\">O que \u00e9 tutela? Compartilhe!<\/figcaption><\/figure>\n<\/div>\n\n\n<p><\/p>\n\n\n\n<h2 class=\"wp-block-heading\" id=\"1\">Qual a finalidade legal da tutela no direito da fam\u00edlia?&nbsp;<\/h2>\n\n\n\n<p>A finalidade prec\u00edpua do instituto da tutela \u00e9 <strong>proteger juridicamente os direitos e interesses do menor de 18 anos<\/strong> garantido a sua devida representa\u00e7\u00e3o legal diante da eventual falta dos seus pais.<\/p>\n\n\n\n<h2 class=\"wp-block-heading\" id=\"2\">Previs\u00e3o legal da tutela no direito da fam\u00edlia&nbsp;<\/h2>\n\n\n\n<p>A previs\u00e3o espec\u00edfica do instituto da tutela est\u00e1 contida no art. 1728 do C\u00f3digo Civil:<\/p>\n\n\n\n<blockquote class=\"wp-block-quote is-layout-flow wp-block-quote-is-layout-flow\">\n<p><em>Art. 1.728. Os filhos menores s\u00e3o postos em tutela:<\/em><\/p>\n\n\n\n<p><em>I \u2014 com o falecimento dos pais, ou sendo estes julgados ausentes;<\/em><\/p>\n\n\n\n<p><em>II \u2014 em caso de os pais deca\u00edrem do poder familiar<\/em><\/p>\n<\/blockquote>\n\n\n\n<p>Complementando a disciplina legal de prote\u00e7\u00e3o para crian\u00e7as e adolescentes na falta dos pais, o art. 36 do ECA com reda\u00e7\u00e3o dada pela 12.010\/2009 disp\u00f5e:<\/p>\n\n\n\n<blockquote class=\"wp-block-quote is-layout-flow wp-block-quote-is-layout-flow\">\n<p><em>Art. 36. A tutela ser\u00e1 deferida, nos termos da lei civil, \u00e0 pessoa de at\u00e9 18 (dezoito) anos incompletos.<\/em><\/p>\n\n\n\n<p><em>Par\u00e1grafo \u00fanico. O deferimento da tutela pressup\u00f5e a <\/em><strong><em>pr\u00e9via decreta\u00e7\u00e3o da perda ou suspens\u00e3o<\/em><\/strong><em> do poder familiar e implica necessariamente o dever de guarda.<\/em><\/p>\n<\/blockquote>\n\n\n\n<h2 class=\"wp-block-heading\" id=\"3\">Qual a rela\u00e7\u00e3o entre tutela, curatela e tomada de decis\u00e3o apoiada?<\/h2>\n\n\n\n<p>Quais s\u00e3o as diferen\u00e7as entre tutela, curatela e tomada de decis\u00e3o apoiada, \u00e9 uma d\u00favida comum da sociedade civil interessada no tema. Por isso, \u00e9 importante que o operador do direito saiba responder sem titubear na frente do cliente.<\/p>\n\n\n\n<h3 class=\"wp-block-heading\" id=\"31\">Qual a semelhan\u00e7a entre tutela e curatela?<\/h3>\n\n\n\n<p>Ambas t\u00eam a <strong>finalidade de garantir a representa\u00e7\u00e3o legal e administra\u00e7\u00e3o de pessoas incapazes<\/strong> para a pr\u00e1tica de atos jur\u00eddicos.<\/p>\n\n\n\n<h3 class=\"wp-block-heading\">Qual a diferen\u00e7a entre tutela e curatela?<\/h3>\n\n\n\n<p>A grande diferen\u00e7a entre tutela e curatela \u00e9 justamente<strong> <\/strong>a prote\u00e7\u00e3o jur\u00eddica \u00e0 pessoa.<strong>&nbsp;<\/strong><\/p>\n\n\n\n<p>Entre algumas hip\u00f3teses pontuais previstas na legista\u00e7\u00e3o civil, a principal diferen\u00e7a entre elas \u00e9 que:<\/p>\n\n\n\n<ul class=\"wp-block-list\">\n<li>Na tutela a representa\u00e7\u00e3o legal recair\u00e1 sobre pessoa menor de 18 anos de idade;<\/li>\n\n\n\n<li>Enquanto na curatela a prote\u00e7\u00e3o jur\u00eddica ser\u00e1 destinada a pessoas incapazes de manifestar a pr\u00f3pria vontade por causa transit\u00f3ria ou permanente.<\/li>\n<\/ul>\n\n\n\n<h3 class=\"wp-block-heading\" id=\"32\">Qual a diferen\u00e7a de tutela e decis\u00e3o apoiada?<\/h3>\n\n\n\n<p>\u00c9 importante entender a tutela em nada se confunde com o instituto da tomada de decis\u00e3o apoiada. A <strong>decis\u00e3o apoiada \u00e9 um instrumento criado pela Lei 13.146\/2015<\/strong>. Seu objetivo \u00e9 viabilizar somente medidas de apoio e prote\u00e7\u00e3o jur\u00eddica a determinados atos da vida civil das pessoas com defici\u00eancia.&nbsp;<\/p>\n\n\n\n<p>Sobretudo, aquelas com algum impedimento mental ou intelectual, mas que tenham o m\u00ednimo de discernimento para manifestar a pr\u00f3pria vontade na pr\u00e1tica de atos jur\u00eddicos.<\/p>\n\n\n\n<h3 class=\"wp-block-heading\" id=\"33\">Tutela x Curatela x Decis\u00e3o apoiada<\/h3>\n\n\n\n<p>Por fim, para facilitar na diferencia\u00e7\u00e3o entre estes elementos, basta lembrar o seguinte:&nbsp;<\/p>\n\n\n\n<ul class=\"wp-block-list\">\n<li>Na tutela teremos a figura de um tutor representando legalmente uma pessoa menor de 18 anos;&nbsp;<\/li>\n\n\n\n<li>Na curatela teremos a figura do curador representado legalmente uma pessoa incapaz;&nbsp;<\/li>\n\n\n\n<li>Enquanto na tomada de decis\u00e3o apoiada, teremos a figura de um apoiador auxiliando uma pessoa com defici\u00eancia na pr\u00e1tica de determinados atos.<\/li>\n<\/ul>\n\n\n\n<h2 class=\"wp-block-heading\" id=\"4\">Qual a diferen\u00e7a entre tutela e guarda?<\/h2>\n\n\n\n<p>Como os sujeitos destinat\u00e1rios da tutela s\u00e3o os menores de 18 anos, vale a pena ainda trazer a diferen\u00e7a em rela\u00e7\u00e3o ao instituto da guarda.<\/p>\n\n\n\n<p>Para essa diferen\u00e7a ficar bem clara, precisamos primeiro entender o conceito did\u00e1tico de poder familiar.<\/p>\n\n\n\n<p>Segundo a doutrina de Carlos Roberto Gon\u00e7alves, poder familiar nada mais \u00e9 do que \u201co conjunto de direitos e deveres atribu\u00eddos aos pais, no tocante \u00e0 pessoa e aos bens dos filhos menores&#8221;.<\/p>\n\n\n\n<p>Nesse sentido<strong>, quando falamos em guarda, partimos do pressuposto que ainda existe poder familiar<\/strong> de um dos pais do menor. Neste contexto, a guarda &#8211; e qualquer de suas modalidades &#8211;&nbsp; ir\u00e1 limitar ou organizar o exerc\u00edcio do poder familiar.<\/p>\n\n\n\n<p>E quando tratamos de <strong>tutela, a ideia central \u00e9 que houve a perda do poder familiar de ambos os pais<\/strong> por algumas das&nbsp; hip\u00f3teses legais ou pelo falecimento declara\u00e7\u00e3o de aus\u00eancia dos pais.&nbsp;<\/p>\n\n\n\n<p>Logo, para que esse menor n\u00e3o fique desamparado juridicamente, o instituto da tutela se apresenta como solu\u00e7\u00e3o jur\u00eddica cab\u00edvel.&nbsp;&nbsp;<\/p>\n\n\n\n<h2 class=\"wp-block-heading\" id=\"5\">Quais os tipos de tutela no direito da fam\u00edlia?<\/h2>\n\n\n\n<p>Temos tr\u00eas principais modalidades de tutela no direito de fam\u00edlia, s\u00e3o elas: Testament\u00e1ria; Leg\u00edtima e Dativa.<\/p>\n\n\n\n<h3 class=\"wp-block-heading\" id=\"51\">Testament\u00e1ria<\/h3>\n\n\n\n<p>A Tutela Testament\u00e1ria \u00e9 aplicada conforme a vontade dos pais. Por isso, \u00e9 <strong>registrada por meio de <a href=\"https:\/\/www.aurum.com.br\/blog\/testamento\/\">testamento<\/a> ou documento id\u00eantico<\/strong>, indicando quem ir\u00e1 exercer a fun\u00e7\u00e3o de tutor em caso de falecimento de ambos, nos moldes do art. 1.729 do C\u00f3digo Civil.<\/p>\n\n\n\n<p>Partindo do princ\u00edpio do dever de cuidado e de que os pais querem sempre o melhor para seus filhos, a tutela testament\u00e1ria tende a contemplar o melhor interesse da crian\u00e7a ou adolescente.&nbsp;<\/p>\n\n\n\n<p>Nesse sentido, a vontade registrada em testamento <strong>dever\u00e1 ser respeitada, ainda que o tutor nomeado n\u00e3o seja parente consangu\u00edneo<\/strong>.<\/p>\n\n\n\n<p>Contudo, para que esta nomea\u00e7\u00e3o seja v\u00e1lida \u00e9 necess\u00e1rio que ao falecer, os genitores estejam no exerc\u00edcio do poder familiar. Do contr\u00e1rio, esta indica\u00e7\u00e3o ser\u00e1 nula de acordo com o art. 1.730 do CC.&nbsp;<\/p>\n\n\n\n<p>Al\u00e9m disso, \u00e9 importante destacar que no caso de morte de apenas um dos genitores, o outro exercer\u00e1 o poder familiar com exclusividade. Dessa forma, conforme art. 1.631 CC, a tutela testament\u00e1ria s\u00f3 produzir\u00e1 efeitos ap\u00f3s o falecimento de ambos os pais.&nbsp;<\/p>\n\n\n\n<h3 class=\"wp-block-heading\" id=\"52\">Leg\u00edtima<\/h3>\n\n\n\n<p>A Tutela Leg\u00edtima \u00e9<strong> aplicada quando os pais n\u00e3o tiverem optado pela testament\u00e1ria<\/strong>.&nbsp;<\/p>\n\n\n\n<p>Neste caso, a fun\u00e7\u00e3o de tutor recair\u00e1 sobre os parentes consangu\u00edneos do menor de 18 anos, na forma do art. 1.731, CC, que traz a ordem legal de prefer\u00eancia entre os parentes. Vale registrar que essa ordem de prefer\u00eancia n\u00e3o \u00e9 absoluta.<\/p>\n\n\n\n<p>Por isso, \u00e9 essencial observar os arts. 28, \u00a73\u00ba e 29 do ECA. Estes determinam a an\u00e1lise dos interesses do menor, incluindo-se, dentre eles, a rela\u00e7\u00e3o de afinidade e afetividade com o parente e a inexist\u00eancia de qualquer incompatibilidade.<\/p>\n\n\n\n<h3 class=\"wp-block-heading\" id=\"53\">Dativa<\/h3>\n\n\n\n<p>A Tutela Dativa \u00e9 aplicada quando n\u00e3o houver a testament\u00e1ria e n\u00e3o for poss\u00edvel aplicar a leg\u00edtima. Neste caso, o juiz nomear\u00e1 pessoa id\u00f4nea para exercer a fun\u00e7\u00e3o de tutor nos termos do art. 1.732 do CC.&nbsp;<\/p>\n\n\n\n<p>Trata-se da \u00faltima forma de tutela ou daquela subsidi\u00e1ria, pois decorre da escolha do magistrado em senten\u00e7a judicial. Por isso, normalmente acontece em processo de iniciativa do Minist\u00e9rio P\u00fablico.<\/p>\n\n\n\n<p>O mesmo valer\u00e1 para os menores abandonados, sem pais conhecidos ou tendo estes sido destitu\u00eddos do poder familiar.<\/p>\n\n\n\n<p>Nesse contexto, esses menores ter\u00e3o tutores nomeados pelo juiz, ou ser\u00e3o recolhidos a estabelecimento p\u00fablico para este fim destinado.<\/p>\n\n\n\n<p>Contudo, na falta desse estabelecimento, ficam sob a tutela das pessoas que, volunt\u00e1ria e gratuitamente, se encarregam da sua cria\u00e7\u00e3o (art. 1.734, CC).<\/p>\n\n\n\n<p>\u00c9 o Estado Juiz assumindo a obriga\u00e7\u00e3o de garantir a devida representa\u00e7\u00e3o legal para o menor de 18 anos, ante \u00e0 impossibilidade das demais formas de suprir o poder familiar em favor daquela crian\u00e7a ou adolescente.&nbsp;<\/p>\n\n\n\n<style>\n    #adpost-block_b25e16df75a844b77fda9808aa90e3e0.anuncio-post-reverse {\n        display: flex;\n        gap: 24px;\n        border-radius: 8px;\n        width: 100%;\n        max-width: 752px;\n        padding: 40px;\n        background: #e7f4fe;\n        margin: 16px auto;\n    }\n\n    #adpost-block_b25e16df75a844b77fda9808aa90e3e0 .anuncio-container {\n        display: flex;\n        flex-direction: column;\n        gap: 24px;\n        width: 100%;\n        max-width: 333px;\n    }\n\n    #adpost-block_b25e16df75a844b77fda9808aa90e3e0 .anuncio-container .logo {\n        width: 100%;\n        max-width: 177px;\n        margin: 0;\n    }\n\n    #adpost-block_b25e16df75a844b77fda9808aa90e3e0 .anuncio-text-container {\n        display: flex;\n        flex-direction: column;\n        gap: 24px;\n    }\n\n    #adpost-block_b25e16df75a844b77fda9808aa90e3e0 .anuncio-text-container .title {\n        font-family: 'Ubuntu';\n        font-size: 1.5rem; \/\/24px\n        font-weight: 700;\n        line-height: 120%;\n        margin: 0;\n        color: #000;\n    }\n\n    #adpost-block_b25e16df75a844b77fda9808aa90e3e0 .anuncio-text-container .text {\n        font-size: 0.875rem;\n        font-weight: 400;\n        line-height: 170%;\n        color: #000;\n    }\n\n    #adpost-block_b25e16df75a844b77fda9808aa90e3e0 .anuncio-container .button {\n        display: inline-flex;\n        align-items: center;\n        justify-content: center;\n        width: fit-content;\n        height: 48px;\n        border-radius: 8px;\n        padding: 12px 24px;\n        font-size: 1rem;\n        font-weight: 600;\n        text-decoration: none;\n        background: #008fd5;\n        color: #fff;\n    }\n\n    #adpost-block_b25e16df75a844b77fda9808aa90e3e0 .image-container {\n        position: relative;\n        width: 100%;\n        height: 100%;\n    }\n\n    #adpost-block_b25e16df75a844b77fda9808aa90e3e0 .image-container.float {\n        min-height: 236px;\n    }\n\n    #adpost-block_b25e16df75a844b77fda9808aa90e3e0 .image-container .image-desktop {\n        width: 100%;\n        max-width: 323px;\n        object-fit: contain;\n        margin: 0;\n    }\n\n    #adpost-block_b25e16df75a844b77fda9808aa90e3e0 .image-container .image-mobile {\n        display: none;\n        width: 100%;\n        max-width: 291px;\n        object-fit: contain;\n        margin: 0;\n    }\n\n    #adpost-block_b25e16df75a844b77fda9808aa90e3e0 .image-container.float .image-desktop,\n    #adpost-block_b25e16df75a844b77fda9808aa90e3e0 .image-container.float .image-mobile {\n        position: absolute;\n        right: 0;\n        bottom: 0;\n    }\n\n    #adpost-block_b25e16df75a844b77fda9808aa90e3e0 .image-container img {\n        border-radius: 8px;\n    }\n\n    \/************\n    * MOBILE \n    *************\/\n    @media (max-width: 1439px) {\n        #adpost-block_b25e16df75a844b77fda9808aa90e3e0.anuncio-post-reverse {\n            flex-direction: column-reverse;\n            max-width: fit-content;\n            padding: 24px;\n        }\n\n        #adpost-block_b25e16df75a844b77fda9808aa90e3e0 .anuncio-container {\n            max-width: 280px;\n            align-items: center;\n        }\n\n        #adpost-block_b25e16df75a844b77fda9808aa90e3e0 .anuncio-container .logo {\n            max-width: 147px;\n        }\n\n        #adpost-block_b25e16df75a844b77fda9808aa90e3e0 .anuncio-text-container {\n            gap: 8px;\n        }\n\n        #adpost-block_b25e16df75a844b77fda9808aa90e3e0 .anuncio-text-container .title {\n            font-size: 1.25rem;\n            text-align: center;\n        }\n\n        #adpost-block_b25e16df75a844b77fda9808aa90e3e0 .anuncio-text-container .text {\n            text-align: center;\n        }\n\n        #adpost-block_b25e16df75a844b77fda9808aa90e3e0 .anuncio-container .button {\n            width: 100%;\n        }\n\n        #adpost-block_b25e16df75a844b77fda9808aa90e3e0 .image-container.float {\n            min-height: 182px;\n        }\n\n        #adpost-block_b25e16df75a844b77fda9808aa90e3e0 .image-container .image-desktop {\n            display: none;\n        }\n\n        #adpost-block_b25e16df75a844b77fda9808aa90e3e0 .image-container .image-mobile {\n            display: block;\n        }\n    }\n\n    \/*******************\n    * RESET GLOBAL CSS \n    ********************\/\n    #s-post main article .content .image-container img {\n        margin: 0;\n    }\n<\/style>\n\n\n<article id=\"adpost-block_b25e16df75a844b77fda9808aa90e3e0\" class=\"anuncio-post-reverse\">\n    <div class=\"anuncio-container\">\n        \n        <div class=\"anuncio-text-container\">\n             <h3 class=\"title\" >Seja protagonista da sua advocacia com o Astrea<\/h3>\n            <div class=\"text\" >Tenha tempo para focar no crescimento do seu escrit\u00f3rio, enquanto o Astrea cuida da sua gest\u00e3o jur\u00eddica com intelig\u00eancia.<\/div>        <\/div>\n       \n        <a class=\"button\" href=\"\/astrea\/?utm_source=blog&#038;utm_medium=adpost&#038;utm_campaign=campanha-marca-2026\" target=\"_self\">Conhe\u00e7a o Astrea<\/a>    <\/div>\n\n    <div class=\"image-container\">\n        <img decoding=\"async\" class=\"image-desktop\" src=\"https:\/\/www.aurum.com.br\/blog\/wp-content\/uploads\/2026\/03\/adpos-posicionamento-2026-desktop.png\" alt=\"\" \/>\n        <img decoding=\"async\" class=\"image-mobile\" src=\"https:\/\/www.aurum.com.br\/blog\/wp-content\/uploads\/2026\/03\/adpost-posicionamento-2026-mobile.png\" alt=\"\" \/>    <\/div>\n<\/article>\n\n\n<h2 class=\"wp-block-heading\" id=\"6\">Quais os impedimentos para o exerc\u00edcio da tutela?<\/h2>\n\n\n\n<p>\u00c9 necess\u00e1rio que n\u00e3o recaia sobre a pessoa do tutor nenhuma das hip\u00f3teses contidas no art. 1735 do CC, ou seja, os chamados impedimentos para o exerc\u00edcio da tutela do menor de 18 anos.<\/p>\n\n\n\n<blockquote class=\"wp-block-quote is-layout-flow wp-block-quote-is-layout-flow\">\n<p><em>Art. 1.735. N\u00e3o podem ser tutores e ser\u00e3o exonerados da tutela, caso a exer\u00e7am:<\/em><\/p>\n\n\n\n<p><em>I &#8211; aqueles que n\u00e3o tiverem a livre administra\u00e7\u00e3o de seus bens;<\/em><\/p>\n\n\n\n<p><em>II &#8211; aqueles que, no momento de lhes ser deferida a tutela, se acharem constitu\u00eddos em obriga\u00e7\u00e3o para com o menor, ou tiverem que fazer valer direitos contra este, e aqueles cujos pais, filhos ou c\u00f4njuges tiverem demanda contra o menor;<\/em><\/p>\n\n\n\n<p><em>III &#8211; os inimigos do menor, ou de seus pais, ou que tiverem sido por estes expressamente exclu\u00eddos da tutela;<\/em><\/p>\n\n\n\n<p><em>IV &#8211; os condenados por crime de furto, roubo, estelionato, falsidade, contra a fam\u00edlia ou os costumes, tenham ou n\u00e3o cumprido pena;<\/em><\/p>\n\n\n\n<p><em>V &#8211; as pessoas de mau procedimento, ou falhas em probidade, e as culpadas de abuso em tutorias anteriores;<\/em><\/p>\n\n\n\n<p><em>VI &#8211; aqueles que exercerem fun\u00e7\u00e3o p\u00fablica incompat\u00edvel com a boa administra\u00e7\u00e3o da tutela.<\/em><\/p>\n<\/blockquote>\n\n\n\n<p>Para exemplificar vamos imaginar a seguinte situa\u00e7\u00e3o: quando houver tutela testament\u00e1ria e algumas dessas hip\u00f3teses recair sobre a pessoa indicada para a fun\u00e7\u00e3o de tutor, a validade dessa manifesta\u00e7\u00e3o de vontade em testamento ou documento id\u00eantico poder\u00e1 ser invalidada.<\/p>\n\n\n\n<h2 class=\"wp-block-heading\" id=\"7\">Possibilidade de escusa ou ren\u00fancia do tutor<\/h2>\n\n\n\n<p>Por regra n\u00e3o \u00e9 poss\u00edvel renunciar. Por\u00e9m, o art. 1736 do CC, trouxe a previs\u00e3o de hip\u00f3teses em que ser\u00e1 permitida a escusa ou ren\u00fancia da tutela.<\/p>\n\n\n\n<blockquote class=\"wp-block-quote is-layout-flow wp-block-quote-is-layout-flow\">\n<p><em>Art. 1.736. Podem escusar-se da tutela:<\/em><\/p>\n\n\n\n<p><em>I &#8211; mulheres casadas;<\/em><\/p>\n\n\n\n<p><em>II &#8211; maiores de sessenta anos;<\/em><\/p>\n\n\n\n<p><em>III &#8211; aqueles que tiverem sob sua autoridade mais de tr\u00eas filhos;<\/em><\/p>\n\n\n\n<p><em>IV &#8211; os impossibilitados por enfermidade;<\/em><\/p>\n\n\n\n<p><em>V &#8211; aqueles que habitarem longe do lugar onde se haja de exercer a tutela;<\/em><\/p>\n\n\n\n<p><em>VI &#8211; aqueles que j\u00e1 exercerem tutela ou curatela;<\/em><\/p>\n\n\n\n<p><em>VII &#8211; militares em servi\u00e7o.<\/em><\/p>\n<\/blockquote>\n\n\n\n<p>Nesse contexto, vale mais uma observa\u00e7\u00e3o importante para a pr\u00e1tica jur\u00eddica: a escusa<strong> deve ser apresentada via processo judicial nos 10 dias subsequentes \u00e0 designa\u00e7\u00e3o, <\/strong>sob pena de entender-se renunciado o direito de aleg\u00e1-la.<\/p>\n\n\n\n<p>Al\u00e9m disso, se o motivo alegado para escusa ocorrer depois de aceita a condi\u00e7\u00e3o, os 10 dias contam a partir do dia em que o motivo sobrevier, conforme os termos do art. 1.738, CC.&nbsp;<\/p>\n\n\n\n<p>Por\u00e9m, se a escusa n\u00e3o for admitida pelo juiz, o nomeado dever\u00e1 continuar exercendo a tutela enquanto o eventual recurso interposto contra essa decis\u00e3o n\u00e3o tiver provimento, conforme disp\u00f5e o art. 1.739, CC.<\/p>\n\n\n\n<h2 class=\"wp-block-heading\" id=\"8\">Quais os principais aspectos da tutela para a pr\u00e1tica jur\u00eddica?<\/h2>\n\n\n\n<p>Para dar um toque especial em nosso artigo, vou destacar agora uma lista de detalhes jur\u00eddicos que fazem toda a diferen\u00e7a para a compreens\u00e3o do tema da tutela na pr\u00e1tica da advocacia.<\/p>\n\n\n\n<p>J\u00e1 registro que a maior parte das demandas judiciais e extrajudiciais envolvendo a tem\u00e1tica deste tema no nosso dia a dia, passam por algum desses pontos que todo bom advogado dessa \u00e1rea deve dominar. Tomem nota!<\/p>\n\n\n\n<h3 class=\"wp-block-heading\" id=\"81\">As responsabilidades<\/h3>\n\n\n\n<ul class=\"wp-block-list\">\n<li>O exerc\u00edcio da tutela, salvo a exce\u00e7\u00e3o prevista no art. 1.743, possui natureza personal\u00edssima. Ou ou seja, deve ser exercido pessoalmente pelo tutor &#8211; indeleg\u00e1vel.&nbsp;<\/li>\n<\/ul>\n\n\n\n<ul class=\"wp-block-list\">\n<li>Os arts. 1.740 e 1.741 do CC informam que incumbe ao tutor, sob a inspe\u00e7\u00e3o do juiz, administrar os bens do tutelado, em proveito deste, cumprindo seus deveres com zelo e boa-f\u00e9.<\/li>\n\n\n\n<li>O tutor, seja testament\u00e1rio, leg\u00edtimo ou dativo, responde pelos preju\u00edzos que, por culpa, ou dolo, causar ao tutelado.<\/li>\n\n\n\n<li>T\u00eam responsabilidade solid\u00e1ria as pessoas \u00e0s quais competia fiscalizar a atividade do tutor, e as que concorreram para eventual dano para o menor de 18 anos.<\/li>\n<\/ul>\n\n\n\n<h3 class=\"wp-block-heading\" id=\"82\">Autoriza\u00e7\u00e3o do juiz<\/h3>\n\n\n\n<p>O tutor <strong>n\u00e3o precisa de autoriza\u00e7\u00e3o do juiz<\/strong> para (art. 1747 CC):&nbsp;<\/p>\n\n\n\n<ul class=\"wp-block-list\">\n<li>representar o menor, at\u00e9 os dezesseis anos, nos atos da vida civil, e assisti-lo, ap\u00f3s essa idade, nos atos em que for parte;<\/li>\n\n\n\n<li>receber as rendas e pens\u00f5es do menor, e as quantias a ele devidas;&nbsp;<\/li>\n\n\n\n<li>fazer-lhe as despesas de subsist\u00eancia e educa\u00e7\u00e3o, bem como as de administra\u00e7\u00e3o, conserva\u00e7\u00e3o e melhoramentos de seus bens;<\/li>\n\n\n\n<li>alienar os bens do menor destinados a venda;<\/li>\n\n\n\n<li>promover-lhe, mediante pre\u00e7o conveniente, o arrendamento de bens de raiz.<\/li>\n<\/ul>\n\n\n\n<p>O tutor <strong>precisa de autoriza\u00e7\u00e3o do juiz<\/strong> para (art. 1748 CC):&nbsp;<\/p>\n\n\n\n<ul class=\"wp-block-list\">\n<li>pagar as d\u00edvidas do menor;<\/li>\n\n\n\n<li>aceitar por ele heran\u00e7as, legados ou doa\u00e7\u00f5es, ainda que com encargos;<\/li>\n\n\n\n<li>&nbsp;transigir;<\/li>\n\n\n\n<li>vender-lhe os bens m\u00f3veis, cuja conserva\u00e7\u00e3o n\u00e3o convier, e os im\u00f3veis nos casos em que for permitido;<\/li>\n\n\n\n<li>propor em ju\u00edzo as a\u00e7\u00f5es, ou nelas assistir o menor, e promover todas as dilig\u00eancias a bem deste, assim como defend\u00ea-lo nos pleitos contra ele movidos.<\/li>\n<\/ul>\n\n\n\n<h3 class=\"wp-block-heading\" id=\"83\">Direitos do tutor<\/h3>\n\n\n\n<ul class=\"wp-block-list\">\n<li>O tutor tem direito a ser pago pelo que realmente despender no exerc\u00edcio da tutela e a perceber remunera\u00e7\u00e3o proporcional \u00e0 import\u00e2ncia dos bens administrados, salvo nos casos em que o menor n\u00e3o possuir bens ou rendas para tanto.<\/li>\n<\/ul>\n\n\n\n<h3 class=\"wp-block-heading\" id=\"84\">Fiscaliza\u00e7\u00e3o e presta\u00e7\u00e3o de contas<\/h3>\n\n\n\n<ul class=\"wp-block-list\">\n<li>Para fiscalizar os atos do tutor, pode o juiz nomear um \u201cprotutor\u201d, nos moldes do art.1.742, CC. Este poder\u00e1 ter direito a uma gratifica\u00e7\u00e3o m\u00f3dica pela fiscaliza\u00e7\u00e3o efetuada, lembrando que ser\u00e1 solidariamente respons\u00e1vel por eventuais preju\u00edzos causados ao menor.<\/li>\n\n\n\n<li>Os tutores, ou seus herdeiros, s\u00e3o obrigados a prestar contas de dois em dois anos, e tamb\u00e9m quando, por qualquer motivo, deixarem o exerc\u00edcio da tutela ou toda vez que o juiz achar conveniente, na forma do art. 1.757, CC.<\/li>\n\n\n\n<li>Os tutores devem, ainda, apresentar ao juiz balan\u00e7o anual de sua administra\u00e7\u00e3o, nos termos do art. 1.756, CC.&nbsp;<\/li>\n<\/ul>\n\n\n\n<p>Dessa forma, fica percept\u00edvel uma s\u00e9rie de servi\u00e7os jur\u00eddicos que podem ser oferecidos pelo advogado no contexto de qualquer fam\u00edlia que necessite da adequada aplica\u00e7\u00e3o do instituto da tutela.<\/p>\n\n\n\n<h2 class=\"wp-block-heading\" id=\"9\">Extin\u00e7\u00e3o da tutela<\/h2>\n\n\n\n<p>Para o tutelado a extin\u00e7\u00e3o da deste instituto acontecer\u00e1 pelo <strong>atingimento da maioridade civil<\/strong>, pela emancipa\u00e7\u00e3o ou nos casos de reconhecimento ou ado\u00e7\u00e3o, de acordo com art. 1763 do CC.<\/p>\n\n\n\n<p>J\u00e1 para o tutor, a extin\u00e7\u00e3o da tutela se dar\u00e1 em tr\u00eas:&nbsp;<\/p>\n\n\n\n<ol class=\"wp-block-list\">\n<li>Pela expira\u00e7\u00e3o do prazo de 2 anos em que estar\u00e1 obrigado a servir;&nbsp;<\/li>\n\n\n\n<li>Nos casos em que sobrevier alguma escusa leg\u00edtima como j\u00e1 tratamos por aqui;&nbsp;<\/li>\n\n\n\n<li>Pela remo\u00e7\u00e3o ou destitui\u00e7\u00e3o do tutor em raz\u00e3o de algum il\u00edcito. Situa\u00e7\u00f5es essas contidas nos art. 1764 a 1.766 CC.<\/li>\n<\/ol>\n\n\n\n<h2 class=\"wp-block-heading\" id=\"10\">Conclus\u00e3o&nbsp;<\/h2>\n\n\n\n<p>Espero que este artigo tenha te ajudado a compreender as principais nuances deste instituto.<\/p>\n\n\n\n<p>Aos mais antenados e sedentos por bons temas para a sua produ\u00e7\u00e3o de conte\u00fado jur\u00eddico informativo e educativo, fica a minha dica para usarem e abusarem da tem\u00e1tica da tutela.<\/p>\n\n\n\n<p>Nesse contexto, estamos lidando diretamente com medos e receios de muitas fam\u00edlias que de modo geral desconhecem as regras da tutela e a import\u00e2ncia de planejar a sucess\u00e3o do poder familiar em caso de situa\u00e7\u00f5es inesperadas.<\/p>\n\n\n\n<p>D\u00ea aten\u00e7\u00e3o para os clientes que ainda desconhecem os seus direitos. Estes ainda n\u00e3o est\u00e3o sendo disputados no mercado e certamente ir\u00e3o depositar a sua confian\u00e7a naqueles profissionais que demonstram dominar a solu\u00e7\u00e3o para suas dores.<\/p>\n\n\n\n<h2 class=\"wp-block-heading\" id=\"12\">Continue sua jornada do conhecimento<\/h2>\n\n\n\n<ul class=\"wp-block-list\">\n<li>Aspectos e consequ\u00eancias jur\u00eddicas do <a href=\"https:\/\/www.aurum.com.br\/blog\/abandono-afetivo\/\">abandono afetivo<\/a>;<\/li>\n\n\n\n<li>Entenda a <a href=\"https:\/\/www.aurum.com.br\/blog\/licenca-paternidade\/\">licen\u00e7a paternidade<\/a>;<\/li>\n\n\n\n<li>O que \u00e9 <a href=\"https:\/\/www.aurum.com.br\/blog\/multiparentalidade\/\">multiparentalidade<\/a> e seus efeitos jur\u00eddicos no Direito de Fam\u00edlia;<\/li>\n\n\n\n<li><a href=\"https:\/\/www.aurum.com.br\/blog\/familia-multiespecie\/\">A fam\u00edlia multiesp\u00e9cie e seu contexto de surgimento<\/a>;<\/li>\n\n\n\n<li><a href=\"https:\/\/www.aurum.com.br\/blog\/holding-familiar\/\">[GUIA] Holding familiar<\/a>: o que \u00e9, como funciona e mais;<\/li>\n\n\n\n<li>Como funciona o <a href=\"https:\/\/www.aurum.com.br\/blog\/tutela-antecipada-no-novo-cpc\/\" data-type=\"URL\" data-id=\"https:\/\/www.aurum.com.br\/blog\/tutela-antecipada-no-novo-cpc\/\">procedimento da tutela antecipada no Novo CPC<\/a>?<\/li>\n\n\n\n<li><a href=\"https:\/\/www.aurum.com.br\/blog\/direito-medico\/\">Direito m\u00e9dico<\/a>: o que \u00e9, \u00e1reas de atua\u00e7\u00e3o e dicas para a sua carreira<\/li>\n<\/ul>\n\n\n\n<p>E<em> a\u00ed, gostou do conte\u00fado ou ficou com d\u00favidas? Fale comigo pelos coment\u00e1rios!<\/em><\/p>\n\n\n<style>\r\n  .news-post {\r\n    background: url('https:\/\/www.aurum.com.br\/blog\/wp-content\/themes\/aurum\/img\/bg-news-artigo.svg') no-repeat top center #3C48AA;\r\n    padding: 1.5rem;\r\n    border-radius: 6px;\r\n    margin: 1rem 0;\r\n  }\r\n  .news-post .icone {\r\n    display: none;\r\n  }\r\n  .news-post .title {\r\n    font-weight: 700;\r\n    font-size: 16px;\r\n    line-height: 130%;\r\n    text-align: center;\r\n    letter-spacing: -0.5px;\r\n    color: #fff;\r\n    margin-bottom: .9375rem;\r\n  }\r\n  .news-post p {\r\n    font-size: .875rem;\r\n    line-height: 140%;\r\n    text-align: center;\r\n    color: #fff;\r\n    margin-bottom: 1.25rem;\r\n  }\r\n  .news-post .news_button_span {\r\n    font-size: .8125rem;\r\n    display: block;\r\n    padding: .125rem .3125rem;\r\n    color: #fff;\r\n    text-align:left;\r\n  }\r\n  .news-post .news_button_span a {\r\n    color: #fff !important;\r\n    text-decoration: underline;\r\n  }\r\n  .news-post form {\r\n    width: 100%;\r\n  }\r\n  .news-post label {\r\n    font-weight: 600;\r\n    font-size: .9375rem;\r\n    line-height: 1.5rem;\r\n    margin-bottom: .5rem;\r\n    color: #fff;\r\n    display: block;\r\n  }\r\n  .news-post input {\r\n    background: #fff;\r\n    border: 1px solid #CBCBD9;\r\n    box-sizing: border-box;\r\n    border-radius: 4px;\r\n    padding: .75rem 1rem;\r\n    width: 100%;\r\n  }\r\n  .news-post button {\r\n    margin-top: .875rem;\r\n    width: 100%;\r\n    min-width: auto;\r\n    background: #FCC632;\r\n    color: #3C48AA;\r\n  }\r\n  .news-post .input {\r\n    position: relative;\r\n    padding-bottom: 10px;\r\n  }\r\n  .news-post .error-message-ad {\r\n    font-size: .875rem;\r\n    line-height: 130%;\r\n    color: #D50021;\r\n    margin-left: 4px;\r\n  }\r\n  .news-post .error {\r\n    border: 1px solid #D50021;\r\n  }\r\n  .news-post #message-form-ad {\r\n    border-radius: 4px;\r\n    padding: 0.7rem;\r\n    font-size:0.8rem;\r\n    text-align: center;\r\n    align-items: center;\r\n    justify-content: center;\r\n    display: none;\r\n  }\r\n  .news-post #message-form-ad svg {\r\n    margin-right: 8px;\r\n  }\r\n\r\n  @media(min-width: 561px) {\r\n    .news-post {\r\n      position: relative;\r\n      background: url('https:\/\/www.aurum.com.br\/blog\/wp-content\/themes\/aurum\/img\/bg-news-artigo.svg') no-repeat top center #3C48AA;\r\n      width: calc(100% - 30px);\r\n    }\r\n    .news-post .icone {\r\n      display: block;\r\n      position: absolute;\r\n      right: -30px;\r\n      top: 65px;\r\n      max-width: 142px;\r\n      width: 100%;\r\n      height: auto;\r\n      margin: 0;\r\n    }\r\n    .news-post .title {\r\n      font-size: 1.125rem;\r\n      text-align: left;\r\n      \/* padding-right: 3.75rem; *\/\r\n    }\r\n    .news-post p {\r\n      font-size: 1rem;\r\n      text-align: left;\r\n      max-width: 400px;\r\n    }\r\n    .news-post .boxes {\r\n      display: flex;\r\n      align-items: flex-start;\r\n    }\r\n    .news-post button {\r\n      margin: 0 0 0 1rem;\r\n      width: 100%;\r\n      max-width: 170px;\r\n      min-width: auto;\r\n      transition: all ease .3s\r\n    }\r\n    .news-post button:hover {\r\n      opacity: 0.9;\r\n      transition: all ease .3s\r\n    }\r\n    .news-post #message-form-ad {\r\n      padding: 1.125rem;\r\n      font-size:1rem;\r\n    }\r\n    .news-post #message-form-ad svg {\r\n      margin-right: 10px;\r\n    }\r\n  }\r\n<\/style>\r\n\r\n<div class=\"news-post\">\r\n  <div class=\"title news-ad-title\">Gostou do artigo e quer evoluir a sua advocacia?<\/div>\r\n  <p class=\"news-ad-subtitle\">Assine gr\u00e1tis a Aurum News e receba uma dose semanal de conte\u00fado no seu e-mail! \u270c\ufe0f<\/p>\r\n  <img decoding=\"async\" src=\"https:\/\/www.aurum.com.br\/blog\/wp-content\/themes\/aurum\/img\/icon-news-artigo.svg\" alt=\"\" class=\"icone\">\r\n\r\n  <form method=\"post\" name=\"newsletter-ad\" id=\"aurum-newsletter-ad\">\r\n    <div class=boxes>\r\n      <div class=\"input\">\r\n        <label class=\"label-email\" htmlFor=\"email-ad\">Qual seu e-mail?<\/label>\r\n        <input type=\"email\" id=\"email-ad\" name=\"newsletter-mail-ad\" placeholder=\"Digite seu e-mail?\">\r\n        <div class=\"error-message-ad-email\">Endere\u00e7o de e-mail inv\u00e1lido ou incorreto<\/div>\r\n\r\n        <label class=\"label-select\" htmlFor=\"lawsuits-select-ad\">\r\n          Quantos processos voc\u00ea ou<br class=\"for-desktop\"\/> seu escrit\u00f3rio acompanham?\r\n        <\/label>\r\n        <div id=\"lawsuits-select-ad\" class=\"lawsuits-select select-wrapper\" tabindex=\"0\">\r\n          <div class=\"s-dropdown--styled\">\r\n          <span class=\"lawsuits-default\">\r\n            <span id=\"lawsuits-newsletter-ad\" class=\"lawsuits-default-text\" data-value=\"\">Selecione os processos<\/span>\r\n            <svg class=\"chevron\" xmlns=\"http:\/\/www.w3.org\/2000\/svg\" width=\"24\" height=\"25\" viewBox=\"0 0 24 25\" fill=\"none\">\r\n              <path d=\"M6 15.6152L12 9.61523L18 15.6152\" stroke=\"black\" stroke-width=\"2\" stroke-linecap=\"round\" stroke-linejoin=\"round\" \/>\r\n            <\/svg>\r\n          <\/span>\r\n\r\n          <ul class=\"s-dropdown u-hide\">\r\n            <li class=\"lawsuits\" data-value=\"Mais de 1000 processos\">Mais de 1000 processos<\/li>\r\n            <li class=\"lawsuits\" data-value=\"De 501 a 1000 processos\">De 501 a 1000 processos<\/li>\r\n            <li class=\"lawsuits\" data-value=\"De 151 a 500 processos\">De 151 a 500 processos<\/li>\r\n            <li class=\"lawsuits\" data-value=\"De 41 a 150 processos\">De 41 a 150 processos<\/li>\r\n            <li class=\"lawsuits\" data-value=\"At\u00e9 40 processos\">At\u00e9 40 processos<\/li>\r\n            <li class=\"lawsuits\" data-value=\"Atuo apenas no consultivo\">Atuo apenas no consultivo<\/li>\r\n            <li class=\"lawsuits\" data-value=\"Ainda sou estudante de direito\">Ainda sou estudante de direito<\/li>\r\n            <li class=\"lawsuits\" data-value=\"N\u00e3o sou da \u00e1rea jur\u00eddica\">N\u00e3o sou da \u00e1rea jur\u00eddica<\/li>\r\n          <\/ul>\r\n          <\/div>\r\n        <\/div>\r\n        <div class=\"error-message-ad-lawsuits\">Selecione algum processo<\/div>\r\n      <\/div>\r\n      <button class=\"btn btn-yellow ad-btn-desktop\" id=\"aurum-submit-ad\">Assinar gr\u00e1tis<\/button>\r\n      <button class=\"btn btn-yellow ad-btn-mobile\" id=\"aurum-submit-ad\">Assinar<\/button>\r\n    <\/div>\r\n    <span class=\"news_button_span\">Ao se cadastrar voc\u00ea declara que leu e aceitou a pol\u00edtica de privacidade e cookies do <a href=\"https:\/\/s3.sa-east-1.amazonaws.com\/publico.aurum.com.br\/contratos\/politica-de-privacidade.pdf\" target=\"_blank\" rel=\"noopener noreferrer\">site<\/a>.<\/span>\r\n  <\/form>\r\n  <div id=\"message-form-ad\"><\/div>\r\n<\/div>","protected":false},"excerpt":{"rendered":"<p>A tutela no direito de fam\u00edlia \u00e9 um instrumento de prote\u00e7\u00e3o jur\u00eddica e representa\u00e7\u00e3o legal de um menor. Existe em raz\u00e3o do falecimento, da declara\u00e7\u00e3o de aus\u00eancia ou da perda do poder familiar de seus pais. O instituto da tutela \u00e9 de extrema relev\u00e2ncia no campo jur\u00eddico das rela\u00e7\u00f5es familiares, porque sua finalidade \u00e9 suprir [&hellip;]<\/p>\n","protected":false},"author":30,"featured_media":9640,"comment_status":"open","ping_status":"open","sticky":false,"template":"","format":"standard","meta":{"_bbp_topic_count":0,"_bbp_reply_count":0,"_bbp_total_topic_count":0,"_bbp_total_reply_count":0,"_bbp_voice_count":0,"_bbp_anonymous_reply_count":0,"_bbp_topic_count_hidden":0,"_bbp_reply_count_hidden":0,"_bbp_forum_subforum_count":0,"inline_featured_image":false,"footnotes":""},"categories":[22],"tags":[],"class_list":["post-9639","post","type-post","status-publish","format-standard","has-post-thumbnail","hentry","category-direito-de-familia"],"acf":[],"_links":{"self":[{"href":"https:\/\/www.aurum.com.br\/blog\/wp-json\/wp\/v2\/posts\/9639","targetHints":{"allow":["GET"]}}],"collection":[{"href":"https:\/\/www.aurum.com.br\/blog\/wp-json\/wp\/v2\/posts"}],"about":[{"href":"https:\/\/www.aurum.com.br\/blog\/wp-json\/wp\/v2\/types\/post"}],"author":[{"embeddable":true,"href":"https:\/\/www.aurum.com.br\/blog\/wp-json\/wp\/v2\/users\/30"}],"replies":[{"embeddable":true,"href":"https:\/\/www.aurum.com.br\/blog\/wp-json\/wp\/v2\/comments?post=9639"}],"version-history":[{"count":9,"href":"https:\/\/www.aurum.com.br\/blog\/wp-json\/wp\/v2\/posts\/9639\/revisions"}],"predecessor-version":[{"id":24007,"href":"https:\/\/www.aurum.com.br\/blog\/wp-json\/wp\/v2\/posts\/9639\/revisions\/24007"}],"wp:featuredmedia":[{"embeddable":true,"href":"https:\/\/www.aurum.com.br\/blog\/wp-json\/wp\/v2\/media\/9640"}],"wp:attachment":[{"href":"https:\/\/www.aurum.com.br\/blog\/wp-json\/wp\/v2\/media?parent=9639"}],"wp:term":[{"taxonomy":"category","embeddable":true,"href":"https:\/\/www.aurum.com.br\/blog\/wp-json\/wp\/v2\/categories?post=9639"},{"taxonomy":"post_tag","embeddable":true,"href":"https:\/\/www.aurum.com.br\/blog\/wp-json\/wp\/v2\/tags?post=9639"}],"curies":[{"name":"wp","href":"https:\/\/api.w.org\/{rel}","templated":true}]}}