{"id":9564,"date":"2024-06-14T14:25:47","date_gmt":"2024-06-14T17:25:47","guid":{"rendered":"https:\/\/aurum.com.br\/blog\/tutela-antecipada-no-novo-cpc\/"},"modified":"2024-09-06T11:01:50","modified_gmt":"2024-09-06T14:01:50","slug":"tutela-antecipada-no-novo-cpc","status":"publish","type":"post","link":"https:\/\/www.aurum.com.br\/blog\/tutela-antecipada-no-novo-cpc\/","title":{"rendered":"Tutela antecipada no Novo CPC: Tudo o que voc\u00ea precisa saber"},"content":{"rendered":"<div id=\"bsf_rt_marker\"><\/div>\n<pre class=\"wp-block-preformatted\">A <strong>tutela antecipada<\/strong> \u00e9 uma decis\u00e3o que resolve parte do processo logo no in\u00edcio. Ela \u00e9 usada quando h\u00e1 uma grande chance de que o direito seja comprovado rapidamente, atendendo a uma necessidade urgente da sociedade.<\/pre>\n\n\n\n<p>N\u00e3o seria uma alegria conseguir antecipadamente uma concess\u00e3o do seu pedido, tendo demonstrado ao ju\u00edzo na <a href=\"https:\/\/www.aurum.com.br\/blog\/peticao-inicial\/\">peti\u00e7\u00e3o inicial<\/a> as provas do seu direito de maneira convincente e frente a um cen\u00e1rio cuja demora poderia provocar preju\u00edzos?&nbsp;<\/p>\n\n\n\n<p>Essa \u00e9 a ideia da tutela antecipada<strong>: poder usufruir antecipadamente de algo que s\u00f3 seria poss\u00edvel no futuro,<\/strong> depois da cogni\u00e7\u00e3o exauriente feita pelo juiz.<\/p>\n\n\n\n<h2 class=\"wp-block-heading\" id=\"2\">O que \u00e9 tutela antecipada?&nbsp;<\/h2>\n\n\n\n<p>A tutela antecipada<strong> se trata de uma decis\u00e3o satisfat\u00f3ria logo no in\u00edcio do processo. <\/strong>Ocorre como uma resposta aos anseios da sociedade para os casos em que a demonstra\u00e7\u00e3o do direito logo no in\u00edcio \u00e9 prov\u00e1vel.&nbsp;<\/p>\n\n\n\n<p>Ela surgiu no <a href=\"https:\/\/www.aurum.com.br\/blog\/areas-do-direito\/\" data-type=\"URL\" data-id=\"https:\/\/www.aurum.com.br\/blog\/areas-do-direito\/\">direito<\/a> como uma resposta aos anseios da sociedade para os casos em que a demonstra\u00e7\u00e3o do direito logo no in\u00edcio \u00e9 t\u00e3o prov\u00e1vel que permite autorizar em uma cogni\u00e7\u00e3o sum\u00e1ria uma resposta provis\u00f3ria.&nbsp;<\/p>\n\n\n\n<figure class=\"wp-block-image size-full\"><img decoding=\"async\" width=\"600\" height=\"600\" src=\"https:\/\/www.aurum.com.br\/blog\/wp-content\/uploads\/2021\/02\/tutela-antecipada-3.jpg\" alt=\"O que \u00e9 a tutela antecipada no novo CPC\" class=\"wp-image-13034\" srcset=\"https:\/\/www.aurum.com.br\/blog\/wp-content\/uploads\/2021\/02\/tutela-antecipada-3.jpg 600w, https:\/\/www.aurum.com.br\/blog\/wp-content\/uploads\/2021\/02\/tutela-antecipada-3-300x300.jpg 300w, https:\/\/www.aurum.com.br\/blog\/wp-content\/uploads\/2021\/02\/tutela-antecipada-3-150x150.jpg 150w\" sizes=\"(max-width: 600px) 100vw, 600px\" \/><\/figure>\n\n\n\n<p>Como esta cogni\u00e7\u00e3o sum\u00e1ria \u00e9 &#8211; com quase certeza &#8211; da mesma natureza na senten\u00e7a, podemos dizer que a tutela antecipada <strong>se trata de uma decis\u00e3o satisfat\u00f3ria logo no in\u00edcio do processo<\/strong>.<\/p>\n\n\n\n<p>Por\u00e9m, n\u00e3o se resume a isso, pois seu nascimento decorre da necessidade de se obter esta resposta preliminar em processos cuja possibilidade nem era cogitada e cujo uso da cautelar at\u00edpica n\u00e3o era poss\u00edvel.&nbsp;<\/p>\n\n\n\n<p>Nesse contexto, a cogni\u00e7\u00e3o sum\u00e1ria era restrita a alguns procedimentos como <a href=\"https:\/\/www.aurum.com.br\/blog\/mandado-de-seguranca\/\">mandado de seguran\u00e7a<\/a> ou cautelares tipificadas.&nbsp;<\/p>\n\n\n\n<p>A possibilidade deste <strong>n<\/strong>ovo procedimento foi aprovada apenas em 1994<strong>,<\/strong> com a <a href=\"http:\/\/www.planalto.gov.br\/ccivil_03\/leis\/l8952.htm\" target=\"_blank\" rel=\"noreferrer noopener\" aria-label=\" (abre numa nova aba)\">Lei 8.952<\/a>. Dessa forma, o C\u00f3digo de Processo Civil foi modificado, <strong>dando respaldo legal a um uso exagerado e inapropriado das tutelas cautelares<\/strong>.&nbsp;<\/p>\n\n\n\n<p>Estas eram o \u00fanico instrumento previsto no C\u00f3digo de Processo Civil\/1973 para resguardar as tutelas sum\u00e1rias e de urg\u00eancia para as situa\u00e7\u00f5es que n\u00e3o poderiam ser abra\u00e7adas pelo mandado de seguran\u00e7a.<\/p>\n\n\n\n<p>A partir da apresenta\u00e7\u00e3o do Novo C\u00f3digo de Processo Civil em 2016, a tutela antecipada passa a ser parte integrante do cap\u00edtulo tutelas provis\u00f3rias. <strong>Ela \u00e9<\/strong> <strong>tratada nos artigos 294 a 311 do CPC<\/strong>.<\/p>\n\n\n\n<h3 class=\"wp-block-heading\" id=\"1\">A tutela antecipada e o processo judicial<\/h3>\n\n\n\n<p>Em geral, o processo judicial \u00e9 composto pelas seguintes etapas:&nbsp;<\/p>\n\n\n\n<ul class=\"wp-block-list\">\n<li>Provoca\u00e7\u00e3o do Poder Judici\u00e1rio atrav\u00e9s da <a href=\"https:\/\/www.aurum.com.br\/blog\/como-fazer-peticao-inicial\/\">peti\u00e7\u00e3o<\/a> inicial;<\/li>\n\n\n\n<li>An\u00e1lise da peti\u00e7\u00e3o pelo juiz e forma\u00e7\u00e3o da tr\u00edade processual com a determina\u00e7\u00e3o da cita\u00e7\u00e3o do r\u00e9u e agendamento de audi\u00eancia de concilia\u00e7\u00e3o;<\/li>\n\n\n\n<li>Apresenta\u00e7\u00e3o da contesta\u00e7\u00e3o pelo r\u00e9u;<\/li>\n\n\n\n<li>Produ\u00e7\u00f5es de provas;<\/li>\n\n\n\n<li>Senten\u00e7a;<\/li>\n\n\n\n<li>Recursos.<\/li>\n<\/ul>\n\n\n\n<p>Entre a <a href=\"https:\/\/www.aurum.com.br\/blog\/peticao-inicial\/\" data-type=\"URL\" data-id=\"https:\/\/www.aurum.com.br\/blog\/peticao-inicial\/\">peti\u00e7\u00e3o inicial<\/a> e a senten\u00e7a, h\u00e1 um tempo indeterminado. Por isso, em uma grande maioria dos casos, aguardar este tempo pode ser muito prejudicial.&nbsp;<\/p>\n\n\n\n<p>Isto porque pode haver risco do bem jur\u00eddico se perder, n\u00e3o sendo poss\u00edvel aguardar at\u00e9 a senten\u00e7a para resolver o problema.&nbsp;<\/p>\n\n\n\n<p>Para minimizar consequ\u00eancias com a demora da presta\u00e7\u00e3o jurisdicional, foram introduzidos no processo judicial as <a href=\"https:\/\/www.aurum.com.br\/blog\/glossario-juridico\/pedido-de-tutela-provisoria\/\">tutelas provis\u00f3rias<\/a>. E, dentre elas, est\u00e1 a tutela antecipada.<\/p>\n\n\n\n<h2 class=\"wp-block-heading\">Como s\u00e3o as tutelas provis\u00f3rias&nbsp;no Novo CPC?<\/h2>\n\n\n\n<p>O <a href=\"https:\/\/www.aurum.com.br\/blog\/novo-cpc\/\">novo CPC<\/a> adotou uma postura diferenciada do C\u00f3digo de Processo Civil\/73. Isso porque <strong>buscou aproximar as diferen\u00e7as existentes na doutrina e na jurisprud\u00eancia sobre tutelas cautelares e tutelas antecipadas<\/strong>, bem como estabelecer as situa\u00e7\u00f5es espec\u00edficas para o uso de cada uma delas.&nbsp;<\/p>\n\n\n\n<p>Assim tipificou-se o cap\u00edtulo \u201cTutelas Provis\u00f3rias\u201d tratados nos artigos 294 a 311.<\/p>\n\n\n\n<p>Para que se possa requerer a concess\u00e3o da tutela provis\u00f3ria, \u00e9 preciso que exista no caso a ser apreciado pelo judici\u00e1rio um destes dois elementos: <strong>\u201ca urg\u00eancia&#8221;<\/strong> ou <strong>\u201ca evid\u00eancia\u201d<\/strong>. Eles s\u00e3o subgrupos da tutela provis\u00f3ria com caracter\u00edsticas bem distintas.<\/p>\n\n\n\n<h2 class=\"wp-block-heading\" id=\"21\">O que \u00e9 tutela de urg\u00eancia?<\/h2>\n\n\n\n<p>A tutela de urg\u00eancia se refere a uma<strong> situa\u00e7\u00e3o de perigo de dano ou de risco ao resultado \u00fatil do processo. <\/strong>H\u00e1 a exist\u00eancia do elemento <em>periculum in mora<\/em>.&nbsp;<\/p>\n\n\n\n<p>Busca-se, com o feito, tentar evitar que ocorra uma situa\u00e7\u00e3o irrepar\u00e1vel ou de dif\u00edcil repara\u00e7\u00e3o.&nbsp;<\/p>\n\n\n\n<p>Por isso \u00e9 preciso que esta busca seja concedida ainda em car\u00e1ter de cogni\u00e7\u00e3o sum\u00e1ria, limitada \u00e0 rela\u00e7\u00e3o Autor-Juiz.&nbsp;<\/p>\n\n\n\n<p>A urg\u00eancia n\u00e3o pode aguardar a cogni\u00e7\u00e3o exauriente. Entretanto, esta n\u00e3o foi revista ou confirmada. \u00c9 preciso que seja de pronto concedida em prol da efetividade da justi\u00e7a. Para isso, a parte apresenta elementos que evidenciem essa probabilidade do direito (<em>fumus boni iuris<\/em>).<\/p>\n\n\n\n<p>Ent\u00e3o, para ser considerada tutela provis\u00f3ria de urg\u00eancia, al\u00e9m da situa\u00e7\u00e3o de perigo \u00e9 preciso que haja elementos que evidenciam a probabilidade do direito e que a resposta seja obtida em cogni\u00e7\u00e3o sum\u00e1ria.<\/p>\n\n\n\n<p>O legislador apresentou duas possibilidades: tutela de urg\u00eancia de car\u00e1ter cautelar e a tutela de urg\u00eancia antecipada, cada uma com caracter\u00edsticas espec\u00edficas.<\/p>\n\n\n\n<h3 class=\"wp-block-heading\">Tutela de urg\u00eancia cautelar<\/h3>\n\n\n\n<p>Ser\u00e1 tutela de urg\u00eancia cautelar se o objetivo \u00e9 <strong>proteger determinada situa\u00e7\u00e3o, buscando evitar uma inefic\u00e1cia do processo <\/strong>ou ainda um resultado futuro n\u00e3o favor\u00e1vel e assim ser poss\u00edvel a frui\u00e7\u00e3o do bem em um momento futuro.&nbsp;<\/p>\n\n\n\n<p>Tem como fun\u00e7\u00e3o conservar um bem que ser\u00e1 usufru\u00eddo futuramente.<\/p>\n\n\n\n<h3 class=\"wp-block-heading\">Tutela de urg\u00eancia antecipada<\/h3>\n\n\n\n<p>Ser\u00e1 <a href=\"https:\/\/www.aurum.com.br\/blog\/tutela-de-urgencia\/\" data-type=\"URL\" data-id=\"https:\/\/www.aurum.com.br\/blog\/tutela-de-urgencia\/\">tutela de urg\u00eancia antecipada <\/a>se o que se busca \u00e9 antecipar a frui\u00e7\u00e3o do bem. Ela \u00e9 por si s\u00f3 satisfativa.&nbsp; Ao contr\u00e1rio da cautelar, <strong>n\u00e3o se busca preservar o bem para ser usufru\u00eddo no futuro, busca-se usufruir no presente<\/strong> o que, quase prov\u00e1vel, ser\u00e1 concedido quando do julgamento do processo.<\/p>\n\n\n\n<p>Embora diferentes, existem regras gerais para ambas. Est\u00e3o previstas nos <a href= data-type=\"URL\" data-id=>artigos 300<\/a> a <a href=\"\" data-type=\"URL\" data-id=\"\">302<\/a>. Resumidamente a saber:<\/p>\n\n\n\n<ul class=\"wp-block-list\">\n<li>O requerimento pode ser antecedente ao processo principal ou incidental ao processo principal.<\/li>\n\n\n\n<li>A parte requerente pode ser intimada para a justifica\u00e7\u00e3o pr\u00e9via pelo ju\u00edzo.<\/li>\n\n\n\n<li>Para a concess\u00e3o o juiz pode requerer que seja apresentada cau\u00e7\u00e3o (real ou fidejuss\u00f3ria) a fim de haver respaldo para eventuais preju\u00edzos futuros.<\/li>\n\n\n\n<li>Pode haver dispensa das cau\u00e7\u00f5es na hip\u00f3tese de pessoa economicamente hipossuficiente.<\/li>\n\n\n\n<li>Em sendo efetivada a tutela de urg\u00eancia e, posteriormente, o autor n\u00e3o fornecer os meios necess\u00e1rios para a cita\u00e7\u00e3o do requerido no prazo de 5 (cinco) dias; a senten\u00e7a lhe for desfavor\u00e1vel, ocorrer a cessa\u00e7\u00e3o da efic\u00e1cia da medida em qualquer hip\u00f3tese legal ou o juiz acolher a alega\u00e7\u00e3o de <a href=\"https:\/\/www.aurum.com.br\/blog\/prescricao-e-decadencia\/\">decad\u00eancia ou prescri\u00e7\u00e3o<\/a> da pretens\u00e3o do autor, independentemente da repara\u00e7\u00e3o por dano processual, a parte responde pelo preju\u00edzo que a efetiva\u00e7\u00e3o da tutela de urg\u00eancia causar \u00e0 parte adversa, sendo se poss\u00edvel, o quantum liquidado nos pr\u00f3prios autos.<\/li>\n<\/ul>\n\n\n\n<p>Quando apresentados em car\u00e1ter antecedente, o Novo CPC separou os procedimentos com detalhes a serem atendidos por cada uma das esp\u00e9cies.&nbsp;<\/p>\n\n\n\n<p>O procedimento da tutela antecipada requerida em car\u00e1ter antecedente est\u00e1 previsto nos artigos 303 e 304 e o da tutela cautelar requerida em car\u00e1ter antecedente est\u00e1 previsto nos artigos 305 a 310.<\/p>\n\n\n\n<p>Neste artigo, ser\u00e1 abordado exclusivamente a tutela provis\u00f3ria de urg\u00eancia antecipada.<\/p>\n\n\n\n<h2 class=\"wp-block-heading\" id=\"22\">O que \u00e9 tutela de evid\u00eancia?<\/h2>\n\n\n\n<p>A <a href=\"https:\/\/www.aurum.com.br\/blog\/tutela-de-evidencia\/\" data-type=\"URL\" data-id=\"https:\/\/www.aurum.com.br\/blog\/tutela-de-evidencia\/\">tutela de evid\u00eancia<\/a>, por outro lado, <strong>n\u00e3o precisa de demonstra\u00e7\u00e3o de situa\u00e7\u00e3o que o perigo seja de dano <\/strong>ou para o resultado \u00fatil do processo.<\/p>\n\n\n\n<p>O direito apresentado \u00e9 t\u00e3o robusto, t\u00e3o claro, t\u00e3o evidente, que outra n\u00e3o poderia ser a resposta do Poder Judici\u00e1rio do que a concess\u00e3o da pretens\u00e3o.&nbsp;<\/p>\n\n\n\n<p>Mas quando seria isso? H\u00e1 limite ou poderia em qualquer hip\u00f3tese?<\/p>\n\n\n\n<p>Buscando delimitar o uso de cada uma das tutelas, o legislador teve o cuidado de determinar expressamente a situa\u00e7\u00e3o que viabiliza a concess\u00e3o da tutela de evid\u00eancia. Previstos nos incisos I ao IV do artigo 311, encontramos:<\/p>\n\n\n\n<blockquote class=\"wp-block-quote is-layout-flow wp-block-quote-is-layout-flow\">\n<p><em>I &#8211; ficar caracterizado o abuso do direito de defesa ou o manifesto prop\u00f3sito protelat\u00f3rio da parte;<br>II &#8211; as alega\u00e7\u00f5es de fato puderem ser comprovadas apenas documentalmente e houver tese firmada em julgamento de casos repetitivos ou em s\u00famula vinculante;<br>III &#8211; se tratar de pedido reipersecut\u00f3rio fundado em prova documental adequada do contrato de dep\u00f3sito, caso em que ser\u00e1 decretada a ordem de entrega do objeto custodiado, sob comina\u00e7\u00e3o de multa;<br>IV &#8211; a peti\u00e7\u00e3o inicial for instru\u00edda com prova documental suficiente dos fatos constitutivos do direito do autor, a que o r\u00e9u n\u00e3o oponha prova capaz de gerar d\u00favida razo\u00e1vel.&#8221;<\/em><\/p>\n<\/blockquote>\n\n\n\n<p>Destaca-se que apenas nas hip\u00f3teses dos inciso II e III \u00e9 que haver\u00e1 a possibilidade de cogni\u00e7\u00e3o sum\u00e1ria pelo juiz. Nas hip\u00f3teses I e IV se faz necess\u00e1rio a exist\u00eancia do contradit\u00f3rio.&nbsp;<\/p>\n\n\n\n<h2 class=\"wp-block-heading\" id=\"30\">Como \u00e9 a tutela antecipada no Novo CPC?<\/h2>\n\n\n\n<p>No regramento anterior, a antecipa\u00e7\u00e3o de tutela ou tutela antecipada era tratada pela <a href=\"http:\/\/www.planalto.gov.br\/ccivil_03\/leis\/l8952.htm\" target=\"_blank\" rel=\"noreferrer noopener\" aria-label=\" (abre numa nova aba)\">Lei 8.952\/1994<\/a>, que deu nova reda\u00e7\u00e3o ao art. 273 do CPC\/1973, passando assim dispor:<\/p>\n\n\n\n<blockquote class=\"wp-block-quote is-layout-flow wp-block-quote-is-layout-flow\">\n<p><em>O juiz poder\u00e1, a requerimento da parte, antecipar, total ou parcialmente, os efeitos da tutela pretendida no pedido inicial, desde que, existindo prova inequ\u00edvoca, se conven\u00e7a da verossimilhan\u00e7a da alega\u00e7\u00e3o e: <br>I \u2013 haja fundado receio de dano irrepar\u00e1vel ou de dif\u00edcil repara\u00e7\u00e3o; ou <br>II \u2013 fique caracterizado o abuso de direito de defesa ou o manifesto prop\u00f3sito protelat\u00f3rio do r\u00e9u\u201d.<\/em><\/p>\n<\/blockquote>\n\n\n\n<p><strong>Esta altera\u00e7\u00e3o processual mudou tamb\u00e9m a l\u00f3gica do processo<\/strong>.<\/p>\n\n\n\n<p>O que antes precisava aguardar todo o andamento do processo, com a cogni\u00e7\u00e3o exauriente, agora poderia desde j\u00e1, em uma cogni\u00e7\u00e3o sum\u00e1ria, ter a imediata efetividade do que se buscava.&nbsp;<\/p>\n\n\n\n<p>O que antes era permitido apenas em alguns procedimentos, passou a ser possibilidade para todos. Com a modifica\u00e7\u00e3o veio tamb\u00e9m a confus\u00e3o com o procedimento cautelar, encontrando-se dificuldade em identificar, em algumas situa\u00e7\u00f5es, quando se tratar do qu\u00ea. Isso porque os elementos caracterizadores mais aproximavam do que afastavam.<\/p>\n\n\n\n<p>Mas isso alterou-se, ao menos um pouco, com a promulga\u00e7\u00e3o do C\u00f3digo de Processo Civil em 2015.<\/p>\n\n\n\n<h2 class=\"wp-block-heading\">Quais as altera\u00e7\u00f5es na tutela antecipada com o Novo CPC?<\/h2>\n\n\n\n<p>Com as altera\u00e7\u00f5es advindas do <a href=\"https:\/\/www.aurum.com.br\/blog\/novo-cpc-comentado\/#:~:text=O%20Novo%20CPC%20auxilia%20na,na%20resolu%C3%A7%C3%A3o%20de%20conflitos%20civis.\" data-type=\"URL\" data-id=\"https:\/\/www.aurum.com.br\/blog\/novo-cpc-comentado\/#:~:text=O%20Novo%20CPC%20auxilia%20na,na%20resolu%C3%A7%C3%A3o%20de%20conflitos%20civis.\">Novo CPC<\/a>, ambas foram colocadas dentro do mesmo grupo: tratam-se de tutelas de urg\u00eancia. Ou seja, lutam contra o tempo, <strong>buscando minimizar consequ\u00eancias com a demora da presta\u00e7\u00e3o jurisdicional<\/strong>.&nbsp;<\/p>\n\n\n\n<p>Uma cuida em antecipar os efeitos da tutela pretendida, a outra cuida em proteger a utilidade do pedido principal. Uma \u00e9 satisfat\u00f3ria. A outra n\u00e3o. E cada uma tem o seu procedimento espec\u00edfico a ser atendido se requerida antecipadamente.<\/p>\n\n\n\n<p>Aqui reside outra diferencia\u00e7\u00e3o com o regramento anterior. Neste n\u00e3o se admitia em nenhuma hip\u00f3tese tutela antecipada em car\u00e1ter antecedente. Assim como n\u00e3o era poss\u00edvel a estabiliza\u00e7\u00e3o desta tutela, o que se modificou com o novo C\u00f3digo de Processo Civil.<\/p>\n\n\n\n<p>Como dito acima, na <strong>tutela de urg\u00eancia antecipada<\/strong> se busca antecipar a frui\u00e7\u00e3o do bem. Ela \u00e9 por si s\u00f3 satisfativa.&nbsp;<\/p>\n\n\n\n<p>Vale destacar que a antecipa\u00e7\u00e3o dos efeitos da tutela n\u00e3o se confunde com o <a href=\"https:\/\/www.aurum.com.br\/blog\/julgamento-antecipado-da-lide\/\">julgamento antecipado da lide<\/a>. Este \u00e9 realizado quando h\u00e1 a possibilidade de cogni\u00e7\u00e3o exauriente, uma vez que n\u00e3o necessita de <a href=\"https:\/\/www.aurum.com.br\/blog\/dilacao\/\">dila\u00e7\u00e3o<\/a> probat\u00f3ria, pela economia processual. Na tutela de urg\u00eancia antecipada, a cogni\u00e7\u00e3o \u00e9 sum\u00e1ria e seus efeitos provis\u00f3rios (a princ\u00edpio).<\/p>\n\n\n\n<p>O pedido de concess\u00e3o dessa tutela pode ser antecedente ao processo principal ou incidentalmente ao processo principal, com pedido espec\u00edfico. Mas para isso \u00e9 preciso que sejam atendidos os requisitos do procedimento.<\/p>\n\n\n\n<h2 class=\"wp-block-heading\" id=\"3\">Como \u00e9 o procedimento da tutela antecipada no Novo CPC?<\/h2>\n\n\n\n<p>O procedimento da tutela antecipada \u00e9 composto pelas seguintes etapas:<\/p>\n\n\n\n<ul class=\"wp-block-list\">\n<li><a href=\"https:\/\/www.aurum.com.br\/blog\/peticao-inicial\/\">Peti\u00e7\u00e3o inicial<\/a><\/li>\n\n\n\n<li>An\u00e1lise pelo juiz do pleito<\/li>\n\n\n\n<li>Concess\u00e3o ou n\u00e3o da tutela<\/li>\n\n\n\n<li>Emenda \u00e0 inicial<\/li>\n\n\n\n<li>Apresenta\u00e7\u00e3o de dados para cita\u00e7\u00e3o<\/li>\n\n\n\n<li><a href=\"https:\/\/www.aurum.com.br\/blog\/audiencia-de-conciliacao\/\">Audi\u00eancia de concilia\u00e7\u00e3o<\/a><\/li>\n\n\n\n<li><a href=\"https:\/\/www.aurum.com.br\/blog\/contestacao\/\">Contesta\u00e7\u00e3o<\/a><\/li>\n\n\n\n<li>Extin\u00e7\u00e3o do processo com ou sem resolu\u00e7\u00e3o do m\u00e9rito.<\/li>\n<\/ul>\n\n\n\n<p>Importante destacar que as etapas acima podem ser atendidas ou n\u00e3o, como veremos a seguir.&nbsp;<\/p>\n\n\n\n<h2 class=\"wp-block-heading\" id=\"4\">A peti\u00e7\u00e3o inicial da tutela de urg\u00eancia antecipada<\/h2>\n\n\n\n<p>A provoca\u00e7\u00e3o do judici\u00e1rio sempre \u00e9 feita a partir da peti\u00e7\u00e3o inicial. Em se tratando da tutela de urg\u00eancia antecipada, <strong>o momento do requerimento determina tamb\u00e9m os requisitos da peti\u00e7\u00e3o inicial<\/strong>.<\/p>\n\n\n\n<p>Como visto acima, o pedido de concess\u00e3o dessa tutela pode ser antecedente ao processo principal ou incidentalmente ao processo principal, com pedido espec\u00edfico. Em ambos os casos h\u00e1 a necessidade de recolhimento de custas.<\/p>\n\n\n\n<h3 class=\"wp-block-heading\" id=\"41\">Incidentalmente<\/h3>\n\n\n\n<p>Quando incidentalmente, a peti\u00e7\u00e3o inicial precisa atender aos requisitos dos <a href=\"https:\/\/www.aurum.com.br\/blog\/art-319-novo-cpc\/\">art. 319<\/a>, principalmente o item IV e o \u201cpedido e suas especifica\u00e7\u00f5es\u201d, e art. 320.&nbsp;<\/p>\n\n\n\n<p>Dentre os fundamentos jur\u00eddicos e os pedidos, <strong>dever\u00e1 haver um espec\u00edfico para <a href=\"https:\/\/www.aurum.com.br\/blog\/glossario-juridico\/concessao-de-tutela-antecipada\/\">concess\u00e3o da tutela de urg\u00eancia antecipada<\/a> de car\u00e1ter incidental<\/strong> logo ap\u00f3s os pedidos preliminares.<\/p>\n\n\n\n<h3 class=\"wp-block-heading\" id=\"42\">Antecedente<\/h3>\n\n\n\n<p>Em sendo antecedente, a peti\u00e7\u00e3o inicial \u00e9 aceita sem a necessidade de atender os requisitos dos art. 319 e 320, como se depreende do artigo 303. <strong>Trata-se de uma peti\u00e7\u00e3o &#8220;mais simples\u201d para atender um requerimento urgente, urgent\u00edssimo!<\/strong><\/p>\n\n\n\n<blockquote class=\"wp-block-quote is-layout-flow wp-block-quote-is-layout-flow\">\n<p><em>Art. 303. Nos casos em que a urg\u00eancia for contempor\u00e2nea \u00e0 propositura da a\u00e7\u00e3o, a peti\u00e7\u00e3o inicial pode limitar-se ao requerimento da tutela antecipada e \u00e0 indica\u00e7\u00e3o do pedido de tutela final, com a exposi\u00e7\u00e3o da lide, do direito que se busca realizar e do perigo de dano ou do risco ao resultado \u00fatil do processo.&#8221;<\/em><\/p>\n<\/blockquote>\n\n\n\n<p>Embora mais simples, <strong>a peti\u00e7\u00e3o inicial ainda precisa atender elementos espec\u00edficos<\/strong>. S\u00e3o eles:<\/p>\n\n\n\n<ul class=\"wp-block-list\">\n<li>o requerimento espec\u00edfico que se requer a tutela antecipada nos moldes do <a href=\"http:\/\/www.planalto.gov.br\/ccivil_03\/_Ato2015-2018\/2015\/Lei\/L13105.htm\" target=\"_blank\" rel=\"noopener\">art. 303<\/a> do CPC\/15 (par\u00e1grafo 5\u00ba);<\/li>\n\n\n\n<li>a justifica\u00e7\u00e3o e fundamenta\u00e7\u00e3o jur\u00eddica para o pedido (lembrando que este deve ser certo e determinado), com o m\u00e1ximo poss\u00edvel de exposi\u00e7\u00e3o dos fatos;<\/li>\n\n\n\n<li>indicar o pleito da tutela principal a ser apresentada;<\/li>\n\n\n\n<li>apresentar o valor da causa que levar\u00e1 em conta a tutela principal para o recolhimento das custas.<\/li>\n<\/ul>\n\n\n\n<p>Ou seja, em n\u00e3o havendo o atendimento a estes elementos, ela poder\u00e1 ser considerada inepta. Mas n\u00e3o por isso ser\u00e1 indeferida de plano. Antes, dever\u00e1 o juiz conceder prazo para a emenda.<\/p>\n\n\n\n<p>Trouxemos um v\u00eddeo que explica ainda mais a tutela antecipada antecedente, confira!<\/p>\n\n\n\n<figure class=\"wp-block-embed is-type-video is-provider-youtube wp-block-embed-youtube wp-embed-aspect-16-9 wp-has-aspect-ratio\"><div class=\"wp-block-embed__wrapper\">\n<iframe title=\"CPC\/2015 - Tutela antecipada antecedente\" width=\"500\" height=\"281\" src=\"https:\/\/www.youtube.com\/embed\/TyZTgf86mUQ?feature=oembed\" frameborder=\"0\" allow=\"accelerometer; autoplay; clipboard-write; encrypted-media; gyroscope; picture-in-picture; web-share\" referrerpolicy=\"strict-origin-when-cross-origin\" allowfullscreen><\/iframe>\n<\/div><\/figure>\n\n\n\n<h3 class=\"wp-block-heading\" id=\"43\">Como funciona a concess\u00e3o do juiz?<\/h3>\n\n\n\n<p><strong>Se o juiz achar que faltam elementos para a concess\u00e3o da tutela<\/strong>, isso n\u00e3o ir\u00e1 indeferir o pedido. No entanto, ir\u00e1 determinar que seja aditada a peti\u00e7\u00e3o no prazo de 5 dias sob pena de, em n\u00e3o sendo feito, o processo ser extinto sem resolu\u00e7\u00e3o do m\u00e9rito.<\/p>\n\n\n\n<p>Por outro lado, <strong>verificado que est\u00e3o presentes os elementos e havendo a concess\u00e3o da tutela<\/strong>, \u00e9 preciso tamb\u00e9m que a peti\u00e7\u00e3o inicial seja aditada. A partir deste momento, h\u00e1 para o autor dois prazos que devem ser atendidos.<\/p>\n\n\n\n<p>Em 5 dias ap\u00f3s a concess\u00e3o, caso n\u00e3o tenha sido feito de forma completa na peti\u00e7\u00e3o inicial, a parte autora deve fornecer os meios necess\u00e1rios para a cita\u00e7\u00e3o do requerido. Caso n\u00e3o o fa\u00e7a, chama a aplica\u00e7\u00e3o do art. 302, inciso II, e pode responder pelos preju\u00edzos causados \u00e0 parte adversa.<\/p>\n\n\n\n<p>Em 15 dias ou em outro prazo maior que o juiz fixar ap\u00f3s a concess\u00e3o, deve emendar a inicial para a complementa\u00e7\u00e3o de sua argumenta\u00e7\u00e3o a juntada de novos documentos, al\u00e9m de, \u00e9 claro, da confirma\u00e7\u00e3o do pedido de tutela final. \u00c9 isento de recolhimento de novas custas.<\/p>\n\n\n\n<h3 class=\"wp-block-heading\" id=\"44\">E se n\u00e3o for apresentada a emenda \u00e0 inicial?<\/h3>\n\n\n\n<p>Se n\u00e3o for apresentada a emenda \u00e0 inicial, ainda que concedida a tutela antecipada,&nbsp; <strong>ocorrer\u00e1 a extin\u00e7\u00e3o do processo sem resolu\u00e7\u00e3o do m\u00e9rito<\/strong>.&nbsp;<\/p>\n\n\n\n<p>O r\u00e9u ser\u00e1 citado para comparecer em audi\u00eancia de concilia\u00e7\u00e3o e media\u00e7\u00e3o. Sendo ela infrut\u00edfera, dever\u00e1 apresentar ent\u00e3o, a contesta\u00e7\u00e3o.&nbsp;<\/p>\n\n\n\n<p>Apresentando a contesta\u00e7\u00e3o o juiz, ao final, ir\u00e1 proferir senten\u00e7a confirmando, reformando ou anulando a tutela cancelada.<\/p>\n\n\n\n<p>N\u00e3o apresentando impugna\u00e7\u00e3o, estabiliza-se a tutela concedida, como abaixo ser\u00e1 abordado.<\/p>\n\n\n\n<h3 class=\"wp-block-heading\" id=\"45\">Demonstra\u00e7\u00e3o de perigo de irreversibilidade dos efeitos da decis\u00e3o<\/h3>\n\n\n\n<p>Se houver demonstra\u00e7\u00e3o de perigo de irreversibilidade dos efeitos da <a href=\"https:\/\/www.aurum.com.br\/blog\/glossario-juridico\/decisao\/\">decis\u00e3o<\/a>, pode ainda ser concedida a tutela de urg\u00eancia antecipada?<\/p>\n\n\n\n<p>N\u00e3o. Percebendo o juiz que h\u00e1 perigo de irreversibilidade dos efeitos da decis\u00e3o, conforme determinado pelo artigo 300, par\u00e1grafo 3o, n\u00e3o haver\u00e1 a concess\u00e3o da tutela de urg\u00eancia antecipada.<\/p>\n\n\n\n<h2 class=\"wp-block-heading\" id=\"5\">A tutela antecipada pode ser estabilizada antes da senten\u00e7a?&nbsp;<\/h2>\n\n\n\n<p>Concedida a tutela de urg\u00eancia antecipada pleiteada, se manter\u00e1 os seus efeitos at\u00e9 que seja reformada, revista ou revogada. Entretanto, h\u00e1 um b\u00f4nus:<strong> havendo a estabiliza\u00e7\u00e3o, encerra-se o processo neste momento<\/strong> (sem resolu\u00e7\u00e3o do m\u00e9rito e sem fazer coisa julgada).<\/p>\n\n\n\n<p>Para isso acontecer, \u00e9 preciso que ambas as partes estejam de acordo com o posicionamento dito em cogni\u00e7\u00e3o sum\u00e1ria. Ou seja, todos precisam concordar com a concess\u00e3o da tutela de urg\u00eancia antecipada.<\/p>\n\n\n\n<p>Trata-se de um tipo de <a href=\"https:\/\/www.aurum.com.br\/blog\/negocio-juridico\/\">neg\u00f3cio jur\u00eddico<\/a> processual.<\/p>\n\n\n\n<p>Com previs\u00e3o no art. 304, <strong>a estabiliza\u00e7\u00e3o \u00e9 exclusiva dos casos de tutela antecipada em car\u00e1ter antecedente<\/strong>. N\u00e3o \u00e9 poss\u00edvel a estabilidade na tutela antecipada de car\u00e1ter incidental.<\/p>\n\n\n\n<p>O respectivo artigo regula que, se da decis\u00e3o que concede a tutela de urg\u00eancia antecipada n\u00e3o for interposto o respectivo recurso, ela se tornar\u00e1 est\u00e1vel. A decis\u00e3o de concess\u00e3o pode ser inclusive por via recursal.<\/p>\n\n\n\n<p>Vale destacar que essa estabilidade pode ser parcial. Ent\u00e3o, havendo <a href=\"https:\/\/www.aurum.com.br\/blog\/interposicao-de-recurso\/\">interposi\u00e7\u00e3o de recurso<\/a> de apenas parte da decis\u00e3o para a parte n\u00e3o recorrida, h\u00e1 estabilidade.<\/p>\n\n\n\n<p>No entanto, limitar a estabilidade a interposi\u00e7\u00e3o de recurso \u00e9 uma quest\u00e3o que gera debate.&nbsp;<\/p>\n\n\n\n<h3 class=\"wp-block-heading\" id=\"51\">Interposi\u00e7\u00e3o do recurso<\/h3>\n\n\n\n<p>Pensando na concess\u00e3o da tutela em primeira inst\u00e2ncia, haveria a necessidade de interposi\u00e7\u00e3o de <a href=\"https:\/\/www.aurum.com.br\/blog\/agravo-de-instrumento\/\">agravo de instrumento<\/a>. Mas sabemos tamb\u00e9m que a concess\u00e3o pode vir em grau de recurso.&nbsp;<\/p>\n\n\n\n<p>Neste caso, se a decis\u00e3o for monocr\u00e1tica, seria necess\u00e1rio a oposi\u00e7\u00e3o de <a href=\"https:\/\/www.aurum.com.br\/blog\/agravo-interno\/\">agravo interno<\/a>. Na eventualidade de colegiada, o manejo de <a href=\"https:\/\/www.aurum.com.br\/blog\/recurso-especial\/\">recurso especial<\/a>. Lembrando que aqui ainda n\u00e3o se completou a tr\u00edade processual.<\/p>\n\n\n\n<p>Mas a natureza do recurso n\u00e3o seria o grande embate, e sim limitar a estabiliza\u00e7\u00e3o a apenas este ato.<\/p>\n\n\n\n<p>Muito embora seja a letra fria da lei, j\u00e1 se encontra precedente dando uma nova leitura ao artigo.<\/p>\n\n\n\n<h4 class=\"wp-block-heading\">Jurisprud\u00eancia sobre a interposi\u00e7\u00e3o do recurso<\/h4>\n\n\n\n<p>Trata-se do precedente REsp 1.760.966-SP, Rel. Min. Marco Aur\u00e9lio Bellizze, por unanimidade, julgado em 04\/12\/2018, DJe 07\/12\/2018, trazido no Informativo 639, STJ:&nbsp;<\/p>\n\n\n\n<blockquote class=\"wp-block-quote is-layout-flow wp-block-quote-is-layout-flow\">\n<p><em>A tutela antecipada concedida nos termos do artigo 303 do CPC, torna-se est\u00e1vel somente se n\u00e3o houver qualquer tipo de impugna\u00e7\u00e3o pela parte contr\u00e1ria.<\/em>\u201d<\/p>\n<\/blockquote>\n\n\n\n<p>Em complemento:<\/p>\n\n\n\n<blockquote class=\"wp-block-quote is-layout-flow wp-block-quote-is-layout-flow\">\n<p><em>Sem <a href=\"https:\/\/www.aurum.com.br\/blog\/glossario-juridico\/embargos\/\">embargo<\/a> de posi\u00e7\u00f5es em sentido contr\u00e1rio, o referido dispositivo legal disse menos do que pretendia dizer, raz\u00e3o pela qual a interpreta\u00e7\u00e3o extensiva mostra-se mais adequada ao instituto, notadamente em virtude da finalidade buscada com a estabiliza\u00e7\u00e3o da tutela antecipada. <\/em><br><em>Nessa perspectiva, caso a parte n\u00e3o interponha o recurso de agravo de instrumento contra a decis\u00e3o que defere a tutela antecipada requerida em car\u00e1ter antecedente, mas, por exemplo, se antecipa e apresenta contesta\u00e7\u00e3o refutando os argumentos trazidos na inicial e pleiteando a improced\u00eancia do pedido, evidentemente n\u00e3o ocorrer\u00e1 a estabiliza\u00e7\u00e3o da tutela. <\/em><br><em>Ora, n\u00e3o se revela razo\u00e1vel entender que, mesmo o r\u00e9u tendo oferecido contesta\u00e7\u00e3o ou algum outro tipo de manifesta\u00e7\u00e3o pleiteando o prosseguimento do feito, a despeito de n\u00e3o ter recorrido da decis\u00e3o concessiva da tutela, a estabiliza\u00e7\u00e3o ocorreria de qualquer forma. <\/em><br><em>Com efeito, admitir essa situa\u00e7\u00e3o estimularia a interposi\u00e7\u00e3o de agravos de instrumento, sobrecarregando desnecessariamente os Tribunais, quando bastaria uma simples manifesta\u00e7\u00e3o do r\u00e9u afirmando possuir interesse no prosseguimento do feito, resistindo, assim, \u00e0 pretens\u00e3o do autor, a despeito de se conformar com a decis\u00e3o que deferiu os efeitos da tutela antecipada.&#8221;<\/em><\/p>\n<\/blockquote>\n\n\n\n<p>Corroboramos com este pensamento. A literalidade da lei n\u00e3o pode prevalecer ao direito do contradit\u00f3rio (ativo ou passivo) e o devido processo legal (tanto o autor como do r\u00e9u).&nbsp;<\/p>\n\n\n\n<h3 class=\"wp-block-heading\">Interposi\u00e7\u00e3o do recurso gera n\u00e3o gera estabilidade?<\/h3>\n\n\n\n<p><strong>A n\u00e3o interposi\u00e7\u00e3o de recurso, por si s\u00f3, n\u00e3o pode ser capaz de gerar a estabilidade<\/strong>. \u00c9 preciso que n\u00e3o haja qualquer impugna\u00e7\u00e3o pelo r\u00e9u sobre a tutela antecipada concedida, seja de qual natureza for<strong>.<\/strong>&nbsp;<\/p>\n\n\n\n<p>Mas n\u00e3o apenas.&nbsp;<\/p>\n\n\n\n<p>Neste procedimento, o que \u00e9 apresentado n\u00e3o se trata de direito l\u00edquido e certo. Caso contr\u00e1rio, teria o autor optado pelo procedimento de mandado de seguran\u00e7a.&nbsp;<\/p>\n\n\n\n<p>A lei determina que \u00e9 necess\u00e1rio o aditamento da peti\u00e7\u00e3o inicial, o que confirmar\u00e1, a <em>prima facie<\/em>, a tutela antecipada concedida.<\/p>\n\n\n\n<p>Logo, al\u00e9m da n\u00e3o impugna\u00e7\u00e3o pelo r\u00e9u, \u00e9 preciso tamb\u00e9m que haja a emenda \u00e0 inicial.<\/p>\n\n\n\n<h2 class=\"wp-block-heading\" id=\"52\">Quais os prazos ap\u00f3s a concess\u00e3o da tutela antecipada?<\/h2>\n\n\n\n<p>\u00c9 importante destacar que ap\u00f3s a concess\u00e3o da tutela temos os seguintes prazos:&nbsp;<\/p>\n\n\n\n<ul class=\"wp-block-list\">\n<li><strong>15 dias para aditamento da peti\u00e7\u00e3o inicial<\/strong>, sendo que nos 5 primeiros dias \u00e9 preciso apresentar o endere\u00e7o para realiza\u00e7\u00e3o da cita\u00e7\u00e3o e intima\u00e7\u00e3o na eventualidade de n\u00e3o ter sido feito na inicial;<\/li>\n\n\n\n<li><strong>15 dias para apresenta\u00e7\u00e3o do recurso<\/strong> que iniciar\u00e1 ap\u00f3s a cita\u00e7\u00e3o;<\/li>\n\n\n\n<li>e <strong>15 dias ap\u00f3s a realiza\u00e7\u00e3o da audi\u00eancia<\/strong> de concilia\u00e7\u00e3o para apresentar a contesta\u00e7\u00e3o.<\/li>\n<\/ul>\n\n\n\n<p>Al\u00e9m disso, \u00e9 preciso considerar que:<\/p>\n\n\n\n<ul class=\"wp-block-list\">\n<li>o in\u00edcio da contagem destes prazos s\u00e3o diversos;<\/li>\n\n\n\n<li>se n\u00e3o houver a emenda \u00e0 inicial, o processo \u00e9 extinto sem resolu\u00e7\u00e3o do m\u00e9rito.<\/li>\n<\/ul>\n\n\n\n<p>A partir disso, questiona-se:<\/p>\n\n\n\n<ol class=\"wp-block-list\">\n<li>Na eventualidade do prazo da emenda encerrar dentro do prazo para apresenta\u00e7\u00e3o de recurso, o processo deve ser extinto sem resolu\u00e7\u00e3o do m\u00e9rito com ou sem estabiliza\u00e7\u00e3o da tutela concedida?<\/li>\n\n\n\n<li>E se os prazos coincidem e n\u00e3o h\u00e1 a interposi\u00e7\u00e3o de recurso, mas tamb\u00e9m n\u00e3o h\u00e1 o aditamento da peti\u00e7\u00e3o inicial. O processo deve ser extinto sem resolu\u00e7\u00e3o do m\u00e9rito com ou sem a estabiliza\u00e7\u00e3o da tutela?<\/li>\n<\/ol>\n\n\n\n<p>A lei \u00e9 silente.&nbsp;<\/p>\n\n\n\n<p>Ora, n\u00e3o me parece l\u00f3gico o autor se beneficiar de uma aus\u00eancia de atitude sua \u2014 a necessidade de aditamento da peti\u00e7\u00e3o inicial \u2014 para que haja a estabiliza\u00e7\u00e3o da tutela. Se assim fosse, nunca haveria emenda.&nbsp;<\/p>\n\n\n\n<p>Lembrando ainda que a concess\u00e3o da tutela acontece a partir de uma urg\u00eancia, urgent\u00edssima, feita a partir de uma peti\u00e7\u00e3o deveras simples. Logo, n\u00e3o gera <a href=\"https:\/\/www.aurum.com.br\/blog\/glossario-juridico\/principio-da-seguranca-juridica\/\">seguran\u00e7a jur\u00eddica<\/a> a estabilidade sem a emenda \u00e0 inicial, ainda que eventuais preju\u00edzos \u00e0 parte contr\u00e1ria possam ser indenizados.<\/p>\n\n\n\n<figure class=\"wp-block-image size-full\"><a href=\"https:\/\/www.aurum.com.br\/calculadora-de-prazos-processuais\/?utm_source=blog&amp;utm_medium=adpost&amp;utm_campaign=calculadora-de-prazos\"><img decoding=\"async\" width=\"1024\" height=\"469\" src=\"https:\/\/www.aurum.com.br\/blog\/wp-content\/uploads\/2024\/02\/1024x469-1.png\" alt=\"\" class=\"wp-image-26782\" srcset=\"https:\/\/www.aurum.com.br\/blog\/wp-content\/uploads\/2024\/02\/1024x469-1.png 1024w, https:\/\/www.aurum.com.br\/blog\/wp-content\/uploads\/2024\/02\/1024x469-1-300x137.png 300w, https:\/\/www.aurum.com.br\/blog\/wp-content\/uploads\/2024\/02\/1024x469-1-768x352.png 768w\" sizes=\"(max-width: 1024px) 100vw, 1024px\" \/><\/a><\/figure>\n\n\n\n<h3 class=\"wp-block-heading\" id=\"53\">O que acontece nessas hip\u00f3teses?<\/h3>\n\n\n\n<p>Nestas hip\u00f3teses, os processos devem ser extintos sem resolu\u00e7\u00e3o do m\u00e9rito e sem estabiliza\u00e7\u00e3o da tutela de urg\u00eancia antecipada concedida.&nbsp;<\/p>\n\n\n\n<p>Havendo emenda \u00e0 inicial e nenhuma obje\u00e7\u00e3o do r\u00e9u quanto \u00e0 concess\u00e3o da tutela, estabiliza-se.<\/p>\n\n\n\n<p><strong>Destaca-se que a estabiliza\u00e7\u00e3o independe de manifesta\u00e7\u00e3o judicial<\/strong>. Por ser um neg\u00f3cio processual na rela\u00e7\u00e3o autor-r\u00e9u, ela \u00e9 autom\u00e1tica. A manifesta\u00e7\u00e3o do ju\u00edzo \u00e9 apenas para encerramento processual.<\/p>\n\n\n\n<p>Assim, tem-se por encerrado o processo, mantendo-se os respectivos efeitos da tutela de urg\u00eancia antecipada concedida at\u00e9 que seja afastada por decis\u00e3o de m\u00e9rito que reveja, reforme ou invalide-a.<\/p>\n\n\n\n<p>Por decis\u00e3o de m\u00e9rito entende-se que \u00e9 preciso que qualquer uma das partes provoque o poder judici\u00e1rio novamente para que possa ent\u00e3o rever, reformar ou invalidar a tutela concedida. Esta a\u00e7\u00e3o dever\u00e1 ser protocolada, <strong>em at\u00e9 dois anos,<\/strong> contados da ci\u00eancia da decis\u00e3o que extinguiu o processo, junto ao ju\u00edzo que concedeu a tutela em raz\u00e3o da preven\u00e7\u00e3o. Trata-se de um prazo decadencial.<\/p>\n\n\n\n<p>Logo, a tutela de urg\u00eancia antecipada antecedente n\u00e3o faz coisa <a href=\"https:\/\/www.aurum.com.br\/blog\/glossario-juridico\/coisa-julgada-material\/\">julgada material<\/a>.<\/p>\n\n\n\n<p>Nestes sentido, destaca-se o precedente <a href=\"http:\/\/www.stj.jus.br\/webstj\/processo\/justica\/jurisprudencia.asp?origemPesquisa=informativo&amp;tipo=num_pro&amp;valor=AR5857\" target=\"_blank\" rel=\"noopener\">AR 5.857-MA<\/a>, Rel. Min. Mauro Campbell Marques, Corte Especial, por unanimidade, julgado em 07\/08\/2019, DJe 15\/08\/2019 no informativo 654 do STJ: <\/p>\n\n\n\n<blockquote class=\"wp-block-quote is-layout-flow wp-block-quote-is-layout-flow\">\n<p><em>N\u00e3o \u00e9 cab\u00edvel <a href=\"https:\/\/www.aurum.com.br\/blog\/glossario-juridico\/acao-rescisoria\/\">a\u00e7\u00e3o rescis\u00f3ria<\/a> contra decis\u00e3o do Presidente do STJ proferida em Suspens\u00e3o de Liminar e de Senten\u00e7a, mesmo que transitada em julgado.&#8221;<\/em>&nbsp;<\/p>\n<\/blockquote>\n\n\n\n<p>Apesar do t\u00edtulo n\u00e3o trazer especificamente a informa\u00e7\u00e3o, ele vem destacar o que acontece quando se trata de uma tutela de urg\u00eancia antecipada antecedente. Por n\u00e3o fazer coisa julgada n\u00e3o pode ser revista por A\u00e7\u00e3o rescis\u00f3ria. A revis\u00e3o, reforma ou invalida\u00e7\u00e3o da tutela antecipada \u00e9 feita por a\u00e7\u00e3o espec\u00edfica (a\u00e7\u00e3o ordin\u00e1ria) e nunca por a\u00e7\u00e3o rescis\u00f3ria (embora o prazo seja o mesmo!).<\/p>\n\n\n\n<h4 class=\"wp-block-heading\">H\u00e1 estabiliza\u00e7\u00e3o para todas as mat\u00e9rias se tratando de tutela de urg\u00eancia antecipada em car\u00e1ter antecedente?<\/h4>\n\n\n\n<p>\u00c9 preciso lembrar que o direito processual se adequa com o direito material. Logo, nem toda mat\u00e9ria levada a conhecimento do Poder judici\u00e1rio, ainda que concedida a tutela de urg\u00eancia antecipada em car\u00e1ter antecedente, se estabilizar\u00e1 pela aus\u00eancia de manifesta\u00e7\u00e3o do r\u00e9u.<\/p>\n\n\n\n<p>Em se tratando de mat\u00e9rias n\u00e3o sujeitas \u00e0 prescri\u00e7\u00e3o, como as de ordem p\u00fablica, os direitos indispon\u00edveis ou ainda, obriga\u00e7\u00f5es prescritas n\u00e3o se valer\u00e3o da estabilidade.<\/p>\n\n\n\n<h4 class=\"wp-block-heading\">\u00c9 poss\u00edvel aplicar a estabilidade em outras tutelas antecipadas que n\u00e3o a concedida com base no art. 303?<\/h4>\n\n\n\n<p>Como \u00e9 sabido, o C\u00f3digo de Processo Civil deve ser utilizado de forma subsidi\u00e1ria a estes procedimentos espec\u00edficos\/especiais. Assim, acontece tamb\u00e9m no que tange a quest\u00e3o da estabilidade, principalmente por se tratar de neg\u00f3cio jur\u00eddico processual.<\/p>\n\n\n\n<p>Para saber se \u00e9 poss\u00edvel ou n\u00e3o, h\u00e1 que se verificar a compatibilidade do uso do instituto com o procedimento especial.&nbsp;<\/p>\n\n\n\n<p>N\u00e3o havendo incompatibilidade, como no caso do procedimento do mandado de seguran\u00e7a ou quanto a mat\u00e9ria por se tratar de mat\u00e9ria de ordem p\u00fablica por exemplo, \u00e9 poss\u00edvel que seja aplicada a estas decis\u00f5es antecipat\u00f3rias a estabiliza\u00e7\u00e3o.<\/p>\n\n\n\n<p>Entretanto, somente ocorrer\u00e1 <strong>desde que seja por consenso entre ambas as partes <\/strong>e<strong> <\/strong>nunca por determina\u00e7\u00e3o judicial.<\/p>\n\n\n\n<h4 class=\"wp-block-heading\">A tutela de urg\u00eancia antecipada de car\u00e1ter incidental tamb\u00e9m pode ter estabilidade?<\/h4>\n\n\n\n<p>Ao contr\u00e1rio da tutela de urg\u00eancia antecipada de car\u00e1ter antecedente, <strong>a de car\u00e1ter incidental n\u00e3o possui estabilidade<\/strong>.<\/p>\n\n\n\n<p>Isto porque, uma vez concedida, ela ser\u00e1 confirmada, reformada ou invalidada na senten\u00e7a, de maneira que impede que haja a estabilidade.&nbsp;<\/p>\n\n\n\n<p>O que for dito na senten\u00e7a formar\u00e1 coisa julgada material, ao contr\u00e1rio do que acontece na tutela de urg\u00eancia antecipada antecedente.<\/p>\n\n\n\n<h4 class=\"wp-block-heading\">Cabe condena\u00e7\u00e3o em honor\u00e1rios advocat\u00edcios se a tutela de urg\u00eancia antecipada se tornar est\u00e1vel?<\/h4>\n\n\n\n<p>Cabimento h\u00e1. Todavia, h\u00e1 diverg\u00eancia sobre quanto ao valor.<\/p>\n\n\n\n<p>Considerando que a estabilidade da tutela de urg\u00eancia antecipada decorre da n\u00e3o oposi\u00e7\u00e3o de defesa pelo r\u00e9u, no que tange a condena\u00e7\u00e3o dos <a href=\"https:\/\/www.aurum.com.br\/blog\/honorarios-advocaticios\/\">honor\u00e1rios advocat\u00edcios<\/a> duas podem ser as hip\u00f3teses para mensura\u00e7\u00e3o dos honor\u00e1rios.<\/p>\n\n\n\n<p>A primeira hip\u00f3tese \u00e9 a aplica\u00e7\u00e3o do \u00a7 4\u00ba do art.&nbsp; 90:&nbsp;<\/p>\n\n\n\n<blockquote class=\"wp-block-quote is-layout-flow wp-block-quote-is-layout-flow\">\n<p><em>Se o r\u00e9u reconhecer a proced\u00eancia do pedido e, simultaneamente, cumprir integralmente a presta\u00e7\u00e3o reconhecida, os honor\u00e1rios ser\u00e3o reduzidos pela metade.<\/em>\u201d<\/p>\n<\/blockquote>\n\n\n\n<p>A segunda hip\u00f3tese \u00e9 a aplica\u00e7\u00e3o pela metade do \u00a7 2\u00ba do art. 85:&nbsp;<\/p>\n\n\n\n<blockquote class=\"wp-block-quote is-layout-flow wp-block-quote-is-layout-flow\">\n<p><em>Os honor\u00e1rios ser\u00e3o fixados entre o m\u00ednimo de dez e o m\u00e1ximo de vinte por cento sobre o valor da condena\u00e7\u00e3o, do proveito econ\u00f4mico obtido ou, n\u00e3o sendo poss\u00edvel mensur\u00e1-lo, sobre o valor atualizado da causa,[\u2026]<\/em>&#8220;<\/p>\n<\/blockquote>\n\n\n\n<p>Seja como for, <a href=\"https:\/\/www.aurum.com.br\/blog\/honorarios-de-sucumbencia\/\"><strong>honor\u00e1rios advocat\u00edcios sucumbenciais<\/strong><\/a><strong> s\u00e3o devidos<\/strong>. Caber\u00e1 ao advogado verificar a concord\u00e2ncia ou n\u00e3o \u00e0 posi\u00e7\u00e3o adotada pelo juiz.<\/p>\n\n\n\n<h2 class=\"wp-block-heading\" id=\"6\">Considera\u00e7\u00f5es importantes sobre a tutela antecipada<\/h2>\n\n\n\n<p>Por fim, destacamos algumas informa\u00e7\u00f5es:<\/p>\n\n\n\n<h3 class=\"wp-block-heading\">Car\u00e1ter incidental e antecedente<\/h3>\n\n\n\n<ul class=\"wp-block-list\">\n<li>A tutela provis\u00f3ria requerida em car\u00e1ter <strong>incidental<\/strong> independe do pagamento de custas (art. 295).<\/li>\n\n\n\n<li>A tutela provis\u00f3ria requerida em car\u00e1ter <strong>antecedente<\/strong> depende do pagamento de custas levando-se em conta o pedido principal ainda n\u00e3o formulado (\u00a7 3o do art. 303 e caput do art. 308).<\/li>\n\n\n\n<li>A tutela de urg\u00eancia provis\u00f3ria e a tutela de evid\u00eancia incidental correm no bojo do processo e n\u00e3o em a\u00e7\u00e3o aut\u00f4noma.<\/li>\n\n\n\n<li>A compet\u00eancia para conhecimento da a\u00e7\u00e3o provis\u00f3ria antecedente \u00e9 a mesma do pedido principal.<\/li>\n\n\n\n<li>Todo provimento judicial referente a tutela provis\u00f3ria (concess\u00e3o, negar, modificar ou revogar) precisa ser fundamentado de modo claro e preciso.<\/li>\n<\/ul>\n\n\n\n<h3 class=\"wp-block-heading\">Limite temporal<\/h3>\n\n\n\n<ul class=\"wp-block-list\">\n<li>Como o pr\u00f3prio nome diz, a tutela provis\u00f3ria tem limite temporal e durar\u00e1 at\u00e9 a senten\u00e7a. No caso de suspens\u00e3o do processo, permanecem seus efeitos, salvo decis\u00e3o fundamentada em contr\u00e1rio. Neste \u00ednterim, ela pode ser modificada ou mesmo revogada.<\/li>\n<\/ul>\n\n\n\n<h3 class=\"wp-block-heading\">Jurisprud\u00eancia sobre a decis\u00e3o interlocut\u00f3ria&nbsp;<\/h3>\n\n\n\n<blockquote class=\"wp-block-quote is-layout-flow wp-block-quote-is-layout-flow\">\n<p><em>O conceito de <a href=\"https:\/\/www.aurum.com.br\/blog\/decisao-interlocutoria\/\">&#8220;decis\u00e3o interlocut\u00f3ria<\/a> que versa sobre tutela provis\u00f3ria&#8221; previsto no art. 1.015, I, do CPC\/2015, abrange as decis\u00f5es que examinam a presen\u00e7a ou n\u00e3o dos pressupostos que justificam o deferimento, indeferimento, revoga\u00e7\u00e3o ou altera\u00e7\u00e3o da tutela provis\u00f3ria e, tamb\u00e9m, as decis\u00f5es que dizem respeito ao prazo e ao modo de cumprimento da tutela, a adequa\u00e7\u00e3o, sufici\u00eancia, proporcionalidade ou razoabilidade da t\u00e9cnica de efetiva\u00e7\u00e3o da tutela provis\u00f3ria e, ainda, a necessidade ou dispensa de garantias para a concess\u00e3o, revoga\u00e7\u00e3o ou altera\u00e7\u00e3o da tutela provis\u00f3ria.&#8221;&nbsp;<\/em><\/p>\n<cite>(Informativo 644, REsp 1.752.049-PR, Rel. Min. Nancy Andrighi, por unanimidade, julgado em 12\/03\/2019, DJe 15\/03\/2019).<\/cite><\/blockquote>\n\n\n\n<h3 class=\"wp-block-heading\">Agravo de instrumento<\/h3>\n\n\n\n<ul class=\"wp-block-list\">\n<li>O agravo de instrumento \u00e9 o recurso a ser manejado contra a decis\u00e3o antecipat\u00f3ria dos efeitos da tutela requerida, inclusive em car\u00e1ter antecedente (Informativo 658, STJ, REsp 1.797.365-RS, Rel. Min. S\u00e9rgio Kukina, Rel. Acd. Min. Regina Helena Costa, Primeira Turma, por maioria, julgado em 03\/10\/2019, DJe 22\/10\/2019).<\/li>\n<\/ul>\n\n\n\n<h3 class=\"wp-block-heading\">Preju\u00edzos<\/h3>\n\n\n\n<ul class=\"wp-block-list\">\n<li>Na eventualidade de haver preju\u00edzos advindos com o deferimento da tutela provis\u00f3ria, posteriormente revogada por senten\u00e7a que tamb\u00e9m extingue o processo sem resolu\u00e7\u00e3o de m\u00e9rito, deve ser liquidado nos pr\u00f3prios autos. (Informativo 649, STJ, REsp 1.770.124-SP, Rel. Min. Marco Aur\u00e9lio Bellizze, Terceira Turma, por unanimidade, julgado em 21\/05\/2019, DJe 24\/05\/2019)<\/li>\n<\/ul>\n\n\n\n<h3 class=\"wp-block-heading\">Sustenta\u00e7\u00e3o oral<\/h3>\n\n\n\n<ul class=\"wp-block-list\">\n<li>\u00c9 poss\u00edvel o requerimento de antecipa\u00e7\u00e3o dos efeitos da tutela em sede de <a href=\"https:\/\/www.aurum.com.br\/blog\/sustentacao-oral\/\">sustenta\u00e7\u00e3o oral<\/a>. (Informativo 608, REsp 1.332.766-SP, Rel. Min. Luis Felipe Salom\u00e3o, por unanimidade, julgado em 1\/6\/2017, DJe 1\/8\/2017).<\/li>\n<\/ul>\n\n\n\n<h3 class=\"wp-block-heading\">Efeito suspensivo<\/h3>\n\n\n\n<ul class=\"wp-block-list\">\n<li>O pedido de concess\u00e3o de efeito suspensivo aos <a href=\"https:\/\/www.aurum.com.br\/blog\/embargos-a-execucao\/\">embargos \u00e0 execu\u00e7\u00e3o<\/a> t\u00eam natureza de tutela provis\u00f3ria de urg\u00eancia (Informativo 617, STJ, REsp 1.694.667-PR, Rel. Min. Herman Benjamin, por unanimidade, julgado em 05\/12\/2017, DJe 18\/12\/2017).<\/li>\n<\/ul>\n\n\n\n<h2 class=\"wp-block-heading\">Perguntas frequentes sobre o tema <\/h2>\n\n\n\n<h3 class=\"wp-block-heading\">O que \u00e9 tutela antecipada?<\/h3>\n\n\n\n<p>Tutela antecipada \u00e9 uma <strong>medida judicial que permite a antecipa\u00e7\u00e3o dos efeitos da decis\u00e3o final de um processo<\/strong>, concedendo imediatamente o pedido feito pela parte, antes da conclus\u00e3o do processo, quando h\u00e1 evid\u00eancias suficientes da veracidade das alega\u00e7\u00f5es.<\/p>\n\n\n\n<h3 class=\"wp-block-heading\">Quando a tutela antecipada pode ser concedida?<\/h3>\n\n\n\n<p>Pode ser concedida <strong>quando h\u00e1 elementos que evidenciem a probabilidade do direito<\/strong> e o perigo de dano ou o risco ao resultado \u00fatil do processo.<\/p>\n\n\n\n<h3 class=\"wp-block-heading\">\u00c9 necess\u00e1rio ouvir a parte contr\u00e1ria antes da concess\u00e3o da tutela antecipada?<\/h3>\n\n\n\n<p><strong>N\u00e3o necessariamente<\/strong>. A tutela antecipada pode ser concedida sem a oitiva da parte contr\u00e1ria se houver risco de dano irrepar\u00e1vel ou de dif\u00edcil repara\u00e7\u00e3o.<\/p>\n\n\n\n<h3 class=\"wp-block-heading\">Qual a diferen\u00e7a entre Tutela Antecipada e Tutela de Urg\u00eancia?<\/h3>\n\n\n\n<p><strong>Tutela de urg\u00eancia \u00e9 um conceito mais amplo<\/strong>, que inclui tanto a tutela antecipada (baseada na evid\u00eancia do direito) quanto a tutela cautelar (voltada para assegurar a efetividade do processo).<\/p>\n\n\n\n<h3 class=\"wp-block-heading\">A tutela antecipada pode ser revogada?<\/h3>\n\n\n\n<p><strong>Sim, a tutela antecipada pode ser revogada<\/strong> ou modificada a qualquer momento, durante o processo, se novas evid\u00eancias surgirem ou se houver altera\u00e7\u00e3o no estado de fato ou de direito.<\/p>\n\n\n\n<h3 class=\"wp-block-heading\">Quais os requisitos para a concess\u00e3o da tutela antecipada?<\/h3>\n\n\n\n<p>Os requisitos s\u00e3o a &#8220;probabilidade do direito&#8221; e o &#8220;perigo de dano ou risco ao resultado \u00fatil do processo&#8221;. Em alguns casos, <strong>pode ser exigido tamb\u00e9m o oferecimento de cau\u00e7\u00e3o ou outras medidas de seguran\u00e7a.<\/strong><\/p>\n\n\n\n<h3 class=\"wp-block-heading\">A tutela antecipada \u00e9 definitiva?<\/h3>\n\n\n\n<p><strong>N\u00e3o, ela \u00e9 uma <a href=\"https:\/\/www.aurum.com.br\/blog\/medida-provisoria\/\">medida provis\u00f3ria.<\/a><\/strong> A decis\u00e3o final do processo pode confirmar, modificar ou revogar a tutela antecipada concedida.<\/p>\n\n\n\n<h3 class=\"wp-block-heading\">O que acontece se a parte que recebeu a tutela antecipada perder a a\u00e7\u00e3o?<\/h3>\n\n\n\n<p>Se a decis\u00e3o final for contr\u00e1ria \u00e0 parte que se beneficiou da tutela antecipada, ela poder\u00e1 ser obrigada <strong>a restituir os valores ou reparar os danos causados \u00e0 parte contr\u00e1ria.<\/strong><\/p>\n\n\n\n<h3 class=\"wp-block-heading\">\u00c9 poss\u00edvel recorrer de uma decis\u00e3o que concede tutela antecipada?<\/h3>\n\n\n\n<p><strong>Sim, \u00e9 poss\u00edvel recorrer da decis\u00e3o que concede a tutela antecipada.<\/strong> Esse recurso normalmente \u00e9 julgado de forma r\u00e1pida, dada a natureza urgente da tutela.<\/p>\n\n\n\n<h2 class=\"wp-block-heading\" id=\"7\">Conclus\u00e3o<\/h2>\n\n\n\n<p><strong>O <a href=\"https:\/\/www.aurum.com.br\/blog\/novo-cpc-comentado\/#:~:text=O%20novo%20c%C3%B3digo%20foi%20concebido,prazos%20para%20cada%20ato%20processual.\" data-type=\"URL\" data-id=\"https:\/\/www.aurum.com.br\/blog\/novo-cpc-comentado\/#:~:text=O%20novo%20c%C3%B3digo%20foi%20concebido,prazos%20para%20cada%20ato%20processual.\">Novo C\u00f3digo de Processo Civil<\/a> veio para organizar um sistema remendado<\/strong>. A contento, buscou atender as necessidades da sociedade e o fez, dando aten\u00e7\u00e3o especial ao cap\u00edtulo das tutelas provis\u00f3rias.<\/p>\n\n\n\n<p>Al\u00e9m disso, n\u00e3o deixou de proporcionar a todos que se socorrem do Poder Judici\u00e1rio a possibilidade de frui\u00e7\u00e3o antecipada do bem, desde que claro, demonstrados a evid\u00eancia do direito e o perigo do dano na demora da presta\u00e7\u00e3o da jurisdi\u00e7\u00e3o.<\/p>\n\n\n\n<p>Esse \u00e9 o objetivo do C\u00f3digo de Processo Civil ao tratar, entre as tutelas provis\u00f3rias, da tutela de urg\u00eancia antecipada.Como novidade, surge a tutela de urg\u00eancia antecipada em car\u00e1ter antecedente para resguardar \u00e0s urg\u00eancias urgent\u00edssimas a confirma\u00e7\u00e3o de <strong>um direito que n\u00e3o pode ser esperado<\/strong>. <\/p>\n\n\n\n<h3 class=\"wp-block-heading\" id=\"8\">Mais conhecimento pra voc\u00ea<\/h3>\n\n\n\n<ul class=\"wp-block-list\">\n<li><a href=\"https:\/\/www.aurum.com.br\/blog\/usucapiao-extrajudicial\/\">Usucapi\u00e3o extrajudicial no Novo CPC: confira como funciona<\/a><\/li>\n\n\n\n<li><a href=\"https:\/\/www.aurum.com.br\/blog\/erro-material\/\">Entenda o que \u00e9 e como ocorre o erro material no Novo CPC<\/a><\/li>\n\n\n\n<li><a href=\"https:\/\/www.aurum.com.br\/blog\/tutela\/\" data-type=\"URL\" data-id=\"https:\/\/www.aurum.com.br\/blog\/tutela\/\">Tutela no direito da fam\u00edlia: finalidade, aspectos e previs\u00e3o legal<\/a><\/li>\n\n\n\n<li><a href=\"https:\/\/www.aurum.com.br\/blog\/novo-cpc-comentado\/\" data-type=\"URL\" data-id=\"https:\/\/www.aurum.com.br\/blog\/novo-cpc-comentado\/\">Novo CPC Comentado: TUDO que voc\u00ea precisa saber<\/a><\/li>\n\n\n\n<li><a href=\"https:\/\/www.aurum.com.br\/blog\/direito-das-coisas\/\" data-type=\"URL\" data-id=\"https:\/\/www.aurum.com.br\/blog\/direito-das-coisas\/\">Resumo de direito das coisas: o que \u00e9 e artigos do C\u00f3digo Civil!<\/a><\/li>\n\n\n\n<li><a href=\"https:\/\/www.aurum.com.br\/blog\/anuencia\/\" data-type=\"link\" data-id=\"https:\/\/www.aurum.com.br\/blog\/anuencia\/\">Entendendo a anu\u00eancia: FAQ para advogados e advogadas<\/a><\/li>\n<\/ul>\n\n\n<style>\r\n  .news-post {\r\n    background: url('https:\/\/www.aurum.com.br\/blog\/wp-content\/themes\/aurum\/img\/bg-news-artigo.svg') no-repeat top center #3C48AA;\r\n    padding: 1.5rem;\r\n    border-radius: 6px;\r\n    margin: 1rem 0;\r\n  }\r\n  .news-post .icone {\r\n    display: none;\r\n  }\r\n  .news-post .title {\r\n    font-weight: 700;\r\n    font-size: 16px;\r\n    line-height: 130%;\r\n    text-align: center;\r\n    letter-spacing: -0.5px;\r\n    color: #fff;\r\n    margin-bottom: .9375rem;\r\n  }\r\n  .news-post p {\r\n    font-size: .875rem;\r\n    line-height: 140%;\r\n    text-align: center;\r\n    color: #fff;\r\n    margin-bottom: 1.25rem;\r\n  }\r\n  .news-post .news_button_span {\r\n    font-size: .8125rem;\r\n    display: block;\r\n    padding: .125rem .3125rem;\r\n    color: #fff;\r\n    text-align:left;\r\n  }\r\n  .news-post .news_button_span a {\r\n    color: #fff !important;\r\n    text-decoration: underline;\r\n  }\r\n  .news-post form {\r\n    width: 100%;\r\n  }\r\n  .news-post label {\r\n    font-weight: 600;\r\n    font-size: .9375rem;\r\n    line-height: 1.5rem;\r\n    margin-bottom: .5rem;\r\n    color: #fff;\r\n    display: block;\r\n  }\r\n  .news-post input {\r\n    background: #fff;\r\n    border: 1px solid #CBCBD9;\r\n    box-sizing: border-box;\r\n    border-radius: 4px;\r\n    padding: .75rem 1rem;\r\n    width: 100%;\r\n  }\r\n  .news-post button {\r\n    margin-top: .875rem;\r\n    width: 100%;\r\n    min-width: auto;\r\n    background: #FCC632;\r\n    color: #3C48AA;\r\n  }\r\n  .news-post .input {\r\n    position: relative;\r\n    padding-bottom: 10px;\r\n  }\r\n  .news-post .error-message-ad {\r\n    font-size: .875rem;\r\n    line-height: 130%;\r\n    color: #D50021;\r\n    margin-left: 4px;\r\n  }\r\n  .news-post .error {\r\n    border: 1px solid #D50021;\r\n  }\r\n  .news-post #message-form-ad {\r\n    border-radius: 4px;\r\n    padding: 0.7rem;\r\n    font-size:0.8rem;\r\n    text-align: center;\r\n    align-items: center;\r\n    justify-content: center;\r\n    display: none;\r\n  }\r\n  .news-post #message-form-ad svg {\r\n    margin-right: 8px;\r\n  }\r\n\r\n  @media(min-width: 561px) {\r\n    .news-post {\r\n      position: relative;\r\n      background: url('https:\/\/www.aurum.com.br\/blog\/wp-content\/themes\/aurum\/img\/bg-news-artigo.svg') no-repeat top center #3C48AA;\r\n      width: calc(100% - 30px);\r\n    }\r\n    .news-post .icone {\r\n      display: block;\r\n      position: absolute;\r\n      right: -30px;\r\n      top: 65px;\r\n      max-width: 142px;\r\n      width: 100%;\r\n      height: auto;\r\n      margin: 0;\r\n    }\r\n    .news-post .title {\r\n      font-size: 1.125rem;\r\n      text-align: left;\r\n      \/* padding-right: 3.75rem; *\/\r\n    }\r\n    .news-post p {\r\n      font-size: 1rem;\r\n      text-align: left;\r\n      max-width: 400px;\r\n    }\r\n    .news-post .boxes {\r\n      display: flex;\r\n      align-items: flex-start;\r\n    }\r\n    .news-post button {\r\n      margin: 0 0 0 1rem;\r\n      width: 100%;\r\n      max-width: 170px;\r\n      min-width: auto;\r\n      transition: all ease .3s\r\n    }\r\n    .news-post button:hover {\r\n      opacity: 0.9;\r\n      transition: all ease .3s\r\n    }\r\n    .news-post #message-form-ad {\r\n      padding: 1.125rem;\r\n      font-size:1rem;\r\n    }\r\n    .news-post #message-form-ad svg {\r\n      margin-right: 10px;\r\n    }\r\n  }\r\n<\/style>\r\n\r\n<div class=\"news-post\">\r\n  <div class=\"title news-ad-title\">Gostou do artigo e quer evoluir a sua advocacia?<\/div>\r\n  <p class=\"news-ad-subtitle\">Assine gr\u00e1tis a Aurum News e receba uma dose semanal de conte\u00fado no seu e-mail! \u270c\ufe0f<\/p>\r\n  <img decoding=\"async\" src=\"https:\/\/www.aurum.com.br\/blog\/wp-content\/themes\/aurum\/img\/icon-news-artigo.svg\" alt=\"\" class=\"icone\">\r\n\r\n  <form method=\"post\" name=\"newsletter-ad\" id=\"aurum-newsletter-ad\">\r\n    <div class=boxes>\r\n      <div class=\"input\">\r\n        <label class=\"label-email\" htmlFor=\"email-ad\">Qual seu e-mail?<\/label>\r\n        <input type=\"email\" id=\"email-ad\" name=\"newsletter-mail-ad\" placeholder=\"Digite seu e-mail?\">\r\n        <div class=\"error-message-ad-email\">Endere\u00e7o de e-mail inv\u00e1lido ou incorreto<\/div>\r\n\r\n        <label class=\"label-select\" htmlFor=\"lawsuits-select-ad\">\r\n          Quantos processos voc\u00ea ou<br class=\"for-desktop\"\/> seu escrit\u00f3rio acompanham?\r\n        <\/label>\r\n        <div id=\"lawsuits-select-ad\" class=\"lawsuits-select select-wrapper\" tabindex=\"0\">\r\n          <div class=\"s-dropdown--styled\">\r\n          <span class=\"lawsuits-default\">\r\n            <span id=\"lawsuits-newsletter-ad\" class=\"lawsuits-default-text\" data-value=\"\">Selecione os processos<\/span>\r\n            <svg class=\"chevron\" xmlns=\"http:\/\/www.w3.org\/2000\/svg\" width=\"24\" height=\"25\" viewBox=\"0 0 24 25\" fill=\"none\">\r\n              <path d=\"M6 15.6152L12 9.61523L18 15.6152\" stroke=\"black\" stroke-width=\"2\" stroke-linecap=\"round\" stroke-linejoin=\"round\" \/>\r\n            <\/svg>\r\n          <\/span>\r\n\r\n          <ul class=\"s-dropdown u-hide\">\r\n            <li class=\"lawsuits\" data-value=\"Mais de 1000 processos\">Mais de 1000 processos<\/li>\r\n            <li class=\"lawsuits\" data-value=\"De 501 a 1000 processos\">De 501 a 1000 processos<\/li>\r\n            <li class=\"lawsuits\" data-value=\"De 151 a 500 processos\">De 151 a 500 processos<\/li>\r\n            <li class=\"lawsuits\" data-value=\"De 41 a 150 processos\">De 41 a 150 processos<\/li>\r\n            <li class=\"lawsuits\" data-value=\"At\u00e9 40 processos\">At\u00e9 40 processos<\/li>\r\n            <li class=\"lawsuits\" data-value=\"Atuo apenas no consultivo\">Atuo apenas no consultivo<\/li>\r\n            <li class=\"lawsuits\" data-value=\"Ainda sou estudante de direito\">Ainda sou estudante de direito<\/li>\r\n            <li class=\"lawsuits\" data-value=\"N\u00e3o sou da \u00e1rea jur\u00eddica\">N\u00e3o sou da \u00e1rea jur\u00eddica<\/li>\r\n          <\/ul>\r\n          <\/div>\r\n        <\/div>\r\n        <div class=\"error-message-ad-lawsuits\">Selecione algum processo<\/div>\r\n      <\/div>\r\n      <button class=\"btn btn-yellow ad-btn-desktop\" id=\"aurum-submit-ad\">Assinar gr\u00e1tis<\/button>\r\n      <button class=\"btn btn-yellow ad-btn-mobile\" id=\"aurum-submit-ad\">Assinar<\/button>\r\n    <\/div>\r\n    <span class=\"news_button_span\">Ao se cadastrar voc\u00ea declara que leu e aceitou a pol\u00edtica de privacidade e cookies do <a href=\"https:\/\/s3.sa-east-1.amazonaws.com\/publico.aurum.com.br\/contratos\/politica-de-privacidade.pdf\" target=\"_blank\" rel=\"noopener noreferrer\">site<\/a>.<\/span>\r\n  <\/form>\r\n  <div id=\"message-form-ad\"><\/div>\r\n<\/div>\n\n\n<p><em>E ai, curtiu o conte\u00fado? Deixe a sua opini\u00e3o nos coment\u00e1rios!<\/em><\/p>\n","protected":false},"excerpt":{"rendered":"<p>A tutela antecipada \u00e9 uma decis\u00e3o que resolve parte do processo logo no in\u00edcio. Ela \u00e9 usada quando h\u00e1 uma grande chance de que o direito seja comprovado rapidamente, atendendo a uma necessidade urgente da sociedade. N\u00e3o seria uma alegria conseguir antecipadamente uma concess\u00e3o do seu pedido, tendo demonstrado ao ju\u00edzo na peti\u00e7\u00e3o inicial as [&hellip;]<\/p>\n","protected":false},"author":67,"featured_media":9565,"comment_status":"open","ping_status":"open","sticky":false,"template":"","format":"standard","meta":{"_bbp_topic_count":0,"_bbp_reply_count":0,"_bbp_total_topic_count":0,"_bbp_total_reply_count":0,"_bbp_voice_count":0,"_bbp_anonymous_reply_count":0,"_bbp_topic_count_hidden":0,"_bbp_reply_count_hidden":0,"_bbp_forum_subforum_count":0,"inline_featured_image":false,"footnotes":""},"categories":[19,178],"tags":[],"class_list":["post-9564","post","type-post","status-publish","format-standard","has-post-thumbnail","hentry","category-direito-civil","category-direito-processual-civil"],"acf":[],"_links":{"self":[{"href":"https:\/\/www.aurum.com.br\/blog\/wp-json\/wp\/v2\/posts\/9564","targetHints":{"allow":["GET"]}}],"collection":[{"href":"https:\/\/www.aurum.com.br\/blog\/wp-json\/wp\/v2\/posts"}],"about":[{"href":"https:\/\/www.aurum.com.br\/blog\/wp-json\/wp\/v2\/types\/post"}],"author":[{"embeddable":true,"href":"https:\/\/www.aurum.com.br\/blog\/wp-json\/wp\/v2\/users\/67"}],"replies":[{"embeddable":true,"href":"https:\/\/www.aurum.com.br\/blog\/wp-json\/wp\/v2\/comments?post=9564"}],"version-history":[{"count":17,"href":"https:\/\/www.aurum.com.br\/blog\/wp-json\/wp\/v2\/posts\/9564\/revisions"}],"predecessor-version":[{"id":30833,"href":"https:\/\/www.aurum.com.br\/blog\/wp-json\/wp\/v2\/posts\/9564\/revisions\/30833"}],"wp:featuredmedia":[{"embeddable":true,"href":"https:\/\/www.aurum.com.br\/blog\/wp-json\/wp\/v2\/media\/9565"}],"wp:attachment":[{"href":"https:\/\/www.aurum.com.br\/blog\/wp-json\/wp\/v2\/media?parent=9564"}],"wp:term":[{"taxonomy":"category","embeddable":true,"href":"https:\/\/www.aurum.com.br\/blog\/wp-json\/wp\/v2\/categories?post=9564"},{"taxonomy":"post_tag","embeddable":true,"href":"https:\/\/www.aurum.com.br\/blog\/wp-json\/wp\/v2\/tags?post=9564"}],"curies":[{"name":"wp","href":"https:\/\/api.w.org\/{rel}","templated":true}]}}