{"id":9459,"date":"2020-10-05T21:26:10","date_gmt":"2020-10-06T00:26:10","guid":{"rendered":"https:\/\/aurum.com.br\/blog\/caso-fortuito-e-forca-maior\/"},"modified":"2024-09-25T21:19:05","modified_gmt":"2024-09-26T00:19:05","slug":"caso-fortuito-e-forca-maior","status":"publish","type":"post","link":"https:\/\/www.aurum.com.br\/blog\/caso-fortuito-e-forca-maior\/","title":{"rendered":"Caso fortuito e for\u00e7a maior: conceitos, hip\u00f3teses e exemplos"},"content":{"rendered":"<div id=\"bsf_rt_marker\"><\/div>\n<pre class=\"wp-block-preformatted\"><strong>Caso fortuito ou for\u00e7a maior<\/strong> s\u00e3o eventos imprevis\u00edveis e inevit\u00e1veis que impedem o cumprimento de uma obriga\u00e7\u00e3o legal. Esses eventos est\u00e3o fora do controle das partes envolvidas e isentam a responsabilidade pelo n\u00e3o cumprimento contratual, desde que sejam comprovados como verdadeiros.<\/pre>\n\n\n\n<p>Com a pandemia de 2020, muitos contratos precisaram ser descumpridos ou repactuados com o objetivo de adequa\u00e7\u00e3o \u00e0 nova realidade que se fez presente.<\/p>\n\n\n\n<p>A necessidade de distanciamento social, muitas vezes imposta por decretos legislativos dos governos estaduais e municipais com fechamento compuls\u00f3rio de empresas at\u00e9 segunda ordem, simplesmente impossibilitou que alguns contratos fossem cumpridos.&nbsp;<\/p>\n\n\n\n<p>Em outros casos, diante da redu\u00e7\u00e3o ou total falta de faturamento de empresas ou de aut\u00f4nomos, resultaram em inadimpl\u00eancia total ou parcial no pagamento de d\u00edvidas e, em alguns casos, at\u00e9 do aluguel.<\/p>\n\n\n\n<p>Mas e a\u00ed, <strong>como fica a responsabilidade pelo descumprimento contratual em um cen\u00e1rio que foi imposs\u00edvel ao contratante prever e tampouco evitar?<\/strong>&nbsp;<\/p>\n\n\n\n<p>No caso, por exemplo, de uma pessoa que teve seu casamento cancelado, mas j\u00e1 estava com tudo pago, como fica a responsabilidade dos fornecedores, da casa de festas, da loja de aluguel de vestido, entre outros envolvidos?&nbsp;<\/p>\n\n\n\n<p>Portanto, buscaremos com este texto explicar os institutos do caso fortuito e da for\u00e7a maior.\u00a0<\/p>\n\n\n\n<script type=\"application\/ld+json\">\n{\n  \"@context\": \"https:\/\/schema.org\",\n  \"@type\": \"FAQPage\",\n  \"mainEntity\": [{\n    \"@type\": \"Question\",\n    \"name\": \"Quais as hip\u00f3teses de aplica\u00e7\u00e3o do caso fortuito e de for\u00e7a maior?\",\n    \"acceptedAnswer\": {\n      \"@type\": \"Answer\",\n      \"text\": \"O caso fortuito envolve acontecimentos imprevistos, como acidentes e fen\u00f4menos naturais, fora do controle das partes. J\u00e1 a for\u00e7a maior abrange eventos externos e extraordin\u00e1rios, como guerras, epidemias ou greves gerais, tamb\u00e9m al\u00e9m do controle contratual. Ambos permitem a isen\u00e7\u00e3o de responsabilidade no descumprimento do contrato, desde que comprovados como verdadeiros e n\u00e3o havendo previs\u00e3o contratual espec\u00edfica para lidar com tais situa\u00e7\u00f5es.\"\n    }\n  },{\n    \"@type\": \"Question\",\n    \"name\": \"O que \u00e9 for\u00e7a maior no Direito Civil?\",\n    \"acceptedAnswer\": {\n      \"@type\": \"Answer\",\n      \"text\": \"For\u00e7a maior, no Direito Civil, refere-se a eventos externos e imprevis\u00edveis que fogem ao controle das partes envolvidas em um contrato. S\u00e3o situa\u00e7\u00f5es extraordin\u00e1rias, como desastres naturais, epidemias, guerras ou greves gerais, que impedem o cumprimento de obriga\u00e7\u00f5es contratuais.\"\n    }\n  }]\n}\n<\/script>\n\n\n\n<h2 class=\"wp-block-heading\" id=\"1\">O que \u00e9 caso fortuito e for\u00e7a maior?<\/h2>\n\n\n\n<p>Alguns dizem que significam a mesma coisa, tendo em vista que, no C\u00f3digo Civil, a refer\u00eancia \u00e0 esses dois institutos sempre \u00e9 feita de forma conjunta, \u201ccaso fortuito ou for\u00e7a maior\u201d, n\u00e3o parecendo o legislador fazer diferencia\u00e7\u00e3o entre os dois.&nbsp;<\/p>\n\n\n\n<p>Alguns doutrinadores, em contrapartida, sinalizam o caso fortuito como inerente ao risco da atividade, afastando a escusa de se ressarcir preju\u00edzos causados. Enquanto a for\u00e7a maior \u00e9 vista como o risco n\u00e3o intr\u00ednseco, sendo aquele que realmente impede o cumprimento da obriga\u00e7\u00e3o assumida.&nbsp;<\/p>\n\n\n\n<p>Para o doutrinador Fl\u00e1vio Tartuce, o caso fortuito se caracteriza como evento totalmente imprevis\u00edvel e a for\u00e7a maior como evento previs\u00edvel, mas inevit\u00e1vel.<\/p>\n\n\n\n<p>Na pr\u00e1tica e no dia a dia dos tribunais o que se nota \u00e9 que, assim como o legislador, <strong>a jurisprud\u00eancia n\u00e3o tem se debru\u00e7ado sobre a distin\u00e7\u00e3o entre caso fortuito e for\u00e7a maior, unificando os institutos<\/strong>. <\/p>\n\n\n\n<p>Dessa forma, essa discuss\u00e3o se torna esvaziada para os fins que se pretende esse artigo, em que ser\u00e3o considerados como a mesma coisa.&nbsp;<\/p>\n\n\n\n<p>Caso fortuito e for\u00e7a maior podem ser entendidos como tudo que est\u00e1 alheio ao comportamento e vontade das partes, ocorrendo sem a sua interfer\u00eancia e que impe\u00e7a o cumprimento de obriga\u00e7\u00e3o anteriormente pactuada.<\/p>\n\n\n\n<p>Exclui, portanto, a culpa da parte inadimplente, tendo em vista que o n\u00e3o cumprimento da obriga\u00e7\u00e3o n\u00e3o decorreu nem de sua inten\u00e7\u00e3o e tampouco de um descuido de sua parte, mas sim de um evento alheio \u00e0 sua interven\u00e7\u00e3o.<\/p>\n\n\n\n<style>\n    #adpost-block_492388144cd4953ef06317ea021985e5.anuncio-post-reverse {\n        display: flex;\n        gap: 24px;\n        border-radius: 8px;\n        width: 100%;\n        max-width: 752px;\n        padding: 40px;\n        background: #e7f4fe;\n        margin: 16px auto;\n    }\n\n    #adpost-block_492388144cd4953ef06317ea021985e5 .anuncio-container {\n        display: flex;\n        flex-direction: column;\n        gap: 24px;\n        width: 100%;\n        max-width: 333px;\n    }\n\n    #adpost-block_492388144cd4953ef06317ea021985e5 .anuncio-container .logo {\n        width: 100%;\n        max-width: 177px;\n        margin: 0;\n    }\n\n    #adpost-block_492388144cd4953ef06317ea021985e5 .anuncio-text-container {\n        display: flex;\n        flex-direction: column;\n        gap: 24px;\n    }\n\n    #adpost-block_492388144cd4953ef06317ea021985e5 .anuncio-text-container .title {\n        font-family: 'Ubuntu';\n        font-size: 1.5rem; \/\/24px\n        font-weight: 700;\n        line-height: 120%;\n        margin: 0;\n        color: #000;\n    }\n\n    #adpost-block_492388144cd4953ef06317ea021985e5 .anuncio-text-container .text {\n        font-size: 0.875rem;\n        font-weight: 400;\n        line-height: 170%;\n        color: #000;\n    }\n\n    #adpost-block_492388144cd4953ef06317ea021985e5 .anuncio-container .button {\n        display: inline-flex;\n        align-items: center;\n        justify-content: center;\n        width: fit-content;\n        height: 48px;\n        border-radius: 8px;\n        padding: 12px 24px;\n        font-size: 1rem;\n        font-weight: 600;\n        text-decoration: none;\n        background: #008fd5;\n        color: #fff;\n    }\n\n    #adpost-block_492388144cd4953ef06317ea021985e5 .image-container {\n        position: relative;\n        width: 100%;\n        height: 100%;\n    }\n\n    #adpost-block_492388144cd4953ef06317ea021985e5 .image-container.float {\n        min-height: 236px;\n    }\n\n    #adpost-block_492388144cd4953ef06317ea021985e5 .image-container .image-desktop {\n        width: 100%;\n        max-width: 323px;\n        object-fit: contain;\n        margin: 0;\n    }\n\n    #adpost-block_492388144cd4953ef06317ea021985e5 .image-container .image-mobile {\n        display: none;\n        width: 100%;\n        max-width: 291px;\n        object-fit: contain;\n        margin: 0;\n    }\n\n    #adpost-block_492388144cd4953ef06317ea021985e5 .image-container.float .image-desktop,\n    #adpost-block_492388144cd4953ef06317ea021985e5 .image-container.float .image-mobile {\n        position: absolute;\n        right: 0;\n        bottom: 0;\n    }\n\n    #adpost-block_492388144cd4953ef06317ea021985e5 .image-container img {\n        border-radius: 8px;\n    }\n\n    \/************\n    * MOBILE \n    *************\/\n    @media (max-width: 1439px) {\n        #adpost-block_492388144cd4953ef06317ea021985e5.anuncio-post-reverse {\n            flex-direction: column-reverse;\n            max-width: fit-content;\n            padding: 24px;\n        }\n\n        #adpost-block_492388144cd4953ef06317ea021985e5 .anuncio-container {\n            max-width: 280px;\n            align-items: center;\n        }\n\n        #adpost-block_492388144cd4953ef06317ea021985e5 .anuncio-container .logo {\n            max-width: 147px;\n        }\n\n        #adpost-block_492388144cd4953ef06317ea021985e5 .anuncio-text-container {\n            gap: 8px;\n        }\n\n        #adpost-block_492388144cd4953ef06317ea021985e5 .anuncio-text-container .title {\n            font-size: 1.25rem;\n            text-align: center;\n        }\n\n        #adpost-block_492388144cd4953ef06317ea021985e5 .anuncio-text-container .text {\n            text-align: center;\n        }\n\n        #adpost-block_492388144cd4953ef06317ea021985e5 .anuncio-container .button {\n            width: 100%;\n        }\n\n        #adpost-block_492388144cd4953ef06317ea021985e5 .image-container.float {\n            min-height: 182px;\n        }\n\n        #adpost-block_492388144cd4953ef06317ea021985e5 .image-container .image-desktop {\n            display: none;\n        }\n\n        #adpost-block_492388144cd4953ef06317ea021985e5 .image-container .image-mobile {\n            display: block;\n        }\n    }\n\n    \/*******************\n    * RESET GLOBAL CSS \n    ********************\/\n    #s-post main article .content .image-container img {\n        margin: 0;\n    }\n<\/style>\n\n\n<article id=\"adpost-block_492388144cd4953ef06317ea021985e5\" class=\"anuncio-post-reverse\">\n    <div class=\"anuncio-container\">\n        \n        <div class=\"anuncio-text-container\">\n             <h3 class=\"title\" >Seja protagonista da sua advocacia com o Astrea<\/h3>\n            <div class=\"text\" >Tenha tempo para focar no crescimento do seu escrit\u00f3rio, enquanto o Astrea cuida da sua gest\u00e3o jur\u00eddica com intelig\u00eancia.<\/div>        <\/div>\n       \n        <a class=\"button\" href=\"\/astrea\/?utm_source=blog&#038;utm_medium=adpost&#038;utm_campaign=campanha-marca-2026\" target=\"_self\">Conhe\u00e7a o Astrea<\/a>    <\/div>\n\n    <div class=\"image-container\">\n        <img decoding=\"async\" class=\"image-desktop\" src=\"https:\/\/www.aurum.com.br\/blog\/wp-content\/uploads\/2026\/03\/adpos-posicionamento-2026-desktop.png\" alt=\"\" \/>\n        <img decoding=\"async\" class=\"image-mobile\" src=\"https:\/\/www.aurum.com.br\/blog\/wp-content\/uploads\/2026\/03\/adpost-posicionamento-2026-mobile.png\" alt=\"\" \/>    <\/div>\n<\/article>\n\n\n<h2 class=\"wp-block-heading\" id=\"2\">Hip\u00f3teses de aplica\u00e7\u00e3o do caso fortuito e da for\u00e7a maior<\/h2>\n\n\n\n<p>Para que os pactos sejam repactuados, se faz necess\u00e1rio o consenso entre as partes de forma que surja um novo contrato. <\/p>\n\n\n\n<p>Contudo, em algumas situa\u00e7\u00f5es, se tornou imposs\u00edvel o cumprimento de obriga\u00e7\u00f5es assumidas anteriormente, at\u00e9 mesmo por proibi\u00e7\u00f5es legais, como no caso de reservas de shows, viagens ou aluguel de locais de festa. <\/p>\n\n\n\n<p>Nestes casos, \u00e9 preciso analisarmos a quest\u00e3o \u00e0 luz da legisla\u00e7\u00e3o vigente, bem como em conformidade com os princ\u00edpios gerais do direito para encontrarmos uma solu\u00e7\u00e3o.<\/p>\n\n\n\n<h3 class=\"wp-block-heading\">Caso fortuito e for\u00e7a maior no C\u00f3digo Civil<\/h3>\n\n\n\n<p>O C\u00f3digo Civil trata do caso fortuito e da for\u00e7a maior em diversos artigos justamente no sentido de dizer qual a responsabilidade do devedor no descumprimento da obriga\u00e7\u00e3o quando se fizerem presentes.<\/p>\n\n\n\n<p>A regra geral do C\u00f3digo Civil para descumprimento das obriga\u00e7\u00f5es est\u00e1 prevista no artigo 389. No artigo, fica estipulado que em caso de descumprimento, responder\u00e1 o devedor por perdas e danos, mais juros e atualiza\u00e7\u00e3o monet\u00e1ria, acrescidos de honor\u00e1rios advocat\u00edcios. <strong>Isso significa que, em regra, o respons\u00e1vel pelo inadimplemento contratual dever\u00e1 ressarcir a outra parte.<\/strong><\/p>\n\n\n\n<h4 class=\"wp-block-heading\">Art. 393 do C\u00f3digo Civil<\/h4>\n\n\n\n<p>Logo em seguida, o artigo 393 do mesmo cap\u00edtulo do C\u00f3digo traz a seguinte disposi\u00e7\u00e3o:<\/p>\n\n\n\n<blockquote class=\"wp-block-quote is-layout-flow wp-block-quote-is-layout-flow\">\n<p><em>Art. 393. O devedor n\u00e3o responde pelos preju\u00edzos resultantes de caso fortuito ou for\u00e7a maior, se expressamente n\u00e3o se houver por eles responsabilizado.<br>Par\u00e1grafo \u00fanico. O caso fortuito ou de for\u00e7a maior verifica-se no fato necess\u00e1rio, cujos efeitos n\u00e3o era poss\u00edvel evitar ou impedir.<\/em><\/p>\n<\/blockquote>\n\n\n\n<p>Sendo assim, o caso fortuito ou for\u00e7a maior, sendo entendidos como fato cujos efeitos n\u00e3o se pode evitar ou impedir, e<strong>xime o respons\u00e1vel pelo inadimplemento do contrato de responder pelos preju\u00edzos causados pelo seu inadimplemento<\/strong>.<\/p>\n\n\n\n<p>Essa previs\u00e3o \u00e9 muito importante, tendo em vista que quebra o <a href=\"https:\/\/www.aurum.com.br\/blog\/nexo-causal\/\">nexo de causalidade<\/a> entre a conduta da parte e o dano pela outra experimentado. Entretanto, para aplica\u00e7\u00e3o do dispositivo \u00e9 preciso de uma an\u00e1lise cautelosa da situa\u00e7\u00e3o, como veremos adiante. Sigamos nas previs\u00f5es desses institutos no C\u00f3digo Civil.<\/p>\n\n\n\n<h4 class=\"wp-block-heading\">Art. 399 do C\u00f3digo Civil<\/h4>\n\n\n\n<p>Mais \u00e0 frente, no artigo 399, o C\u00f3digo prev\u00ea:<\/p>\n\n\n\n<blockquote class=\"wp-block-quote is-layout-flow wp-block-quote-is-layout-flow\">\n<p><em>Art. 399. O devedor em mora responde pela impossibilidade da presta\u00e7\u00e3o, embora essa impossibilidade resulte de caso fortuito ou de for\u00e7a maior, se estes ocorrerem durante o atraso; salvo se provar isen\u00e7\u00e3o de culpa, ou que o dano sobreviria ainda quando a obriga\u00e7\u00e3o fosse oportunamente desempenhada.\u201d<\/em><\/p>\n<\/blockquote>\n\n\n\n<p>No caso desta previs\u00e3o, <strong>o devedor que j\u00e1 havia inadimplido o contrato deve responder pela impossibilidade da presta\u00e7\u00e3o do que se comprometeu<\/strong>, ainda que essa impossibilidade tenha se dado em virtude de caso fortuito ou de for\u00e7a maior, se o evento ao qual n\u00e3o se poderia evitar tiver ocorrido durante o atraso.&nbsp;<\/p>\n\n\n\n<p>Logo, no que se refere \u00e0 consequ\u00eancia de responsabilidade, o C\u00f3digo Civil adota a teoria do risco integral em caso de mora do devedor.&nbsp;<\/p>\n\n\n\n<p>Conforme exposto no artigo acima, o devedor que est\u00e1 em mora passa a ser respons\u00e1vel pela impossibilidade da presta\u00e7\u00e3o, inclusive se ela decorrer de caso fortuito. Sendo assim, assume a integral responsabilidade pela impossibilidade do cumprimento da obriga\u00e7\u00e3o.&nbsp;<\/p>\n\n\n\n<p>Esse \u00e9 o caso, por exemplo, da pessoa que tinha um carro em <strong><a href=\"https:\/\/www.aurum.com.br\/blog\/comodato\/\">comodato<\/a><\/strong> (empr\u00e9stimo) e, ap\u00f3s decorrido o prazo para devolu\u00e7\u00e3o do ve\u00edculo (mora), o carro \u00e9 destru\u00eddo por uma chuva de granizo.<\/p>\n\n\n\n<h4 class=\"wp-block-heading\">Art. 575 do C\u00f3digo Civil<\/h4>\n\n\n\n<p>Uma outra men\u00e7\u00e3o aos institutos ora analisados se faz presente no cap\u00edtulo destinado ao contrato de loca\u00e7\u00e3o de coisas. Vejamos:&nbsp;<\/p>\n\n\n\n<blockquote class=\"wp-block-quote is-layout-flow wp-block-quote-is-layout-flow\">\n<p><em>Art. 575. Se, notificado o locat\u00e1rio, n\u00e3o restituir a coisa, pagar\u00e1, enquanto a tiver em seu poder, o aluguel que o locador arbitrar, e responder\u00e1 pelo dano que ela venha a sofrer, embora proveniente de caso fortuito.\u201d<\/em><\/p>\n<\/blockquote>\n\n\n\n<p>Regra semelhante \u00e0 exposta no artigo 399 em que, no caso de o locat\u00e1rio n\u00e3o restituir a coisa \u00e0 tempo e incorrer em mora, al\u00e9m de pagar o aluguel arbitrado pelo locador, dever\u00e1 tamb\u00e9m responder pelos eventuais danos que a coisa venha a sofrer, independente de caso fortuito ou for\u00e7a maior, como no exemplo acima.<\/p>\n\n\n\n<h4 class=\"wp-block-heading\">Art. 583 do C\u00f3digo Civil<\/h4>\n\n\n\n<p>\tA pr\u00f3xima previs\u00e3o do diploma a menciona o instituto est\u00e1 no artigo 583 que prev\u00ea:<\/p>\n\n\n\n<blockquote class=\"wp-block-quote is-layout-flow wp-block-quote-is-layout-flow\">\n<p><em>Art. 583. Se, correndo risco o objeto do comodato juntamente com outros do comodat\u00e1rio, antepuser este a salva\u00e7\u00e3o dos seus abandonando o do comodante, responder\u00e1 pelo dano ocorrido, ainda que se possa atribuir a caso fortuito, ou for\u00e7a maior.\u201d<\/em><\/p>\n<\/blockquote>\n\n\n\n<p>\tA previs\u00e3o do artigo supramencionado parece se tratar de fato de dif\u00edcil ocorr\u00eancia. O exemplo mais mencionado na doutrina se refere ao caso em que uma pessoa tem uma televis\u00e3o emprestada, ou qualquer outro utens\u00edlio dom\u00e9stico e, em uma enchente, ela escolhe salvar os seus objetos antes da televis\u00e3o, ela responder\u00e1 pelo dano ocorrido no objeto do comodante.<\/p>\n\n\n\n<h4 class=\"wp-block-heading\">Art. 667 do C\u00f3digo Civil<\/h4>\n\n\n\n<p>As outras duas previs\u00f5es do C\u00f3digo Civil se referem ao regime de mandato e ao gestor que, de certa forma, tamb\u00e9m atua na condi\u00e7\u00e3o de mandat\u00e1rio. O artigo 667, \u00a71\u00ba prev\u00ea:<\/p>\n\n\n\n<blockquote class=\"wp-block-quote is-layout-flow wp-block-quote-is-layout-flow\">\n<p><em>\u00a7 1&nbsp;<sup>o&nbsp;<\/sup>Se, n\u00e3o obstante proibi\u00e7\u00e3o do mandante, o mandat\u00e1rio se fizer substituir na execu\u00e7\u00e3o do mandato, responder\u00e1 ao seu constituinte pelos preju\u00edzos ocorridos sob a ger\u00eancia do substituto, embora provenientes de caso fortuito, salvo provando que o caso teria sobrevindo, ainda que n\u00e3o tivesse havido substabelecimento.&#8221;<\/em><\/p>\n<\/blockquote>\n\n\n\n<p>\tEsse caso \u00e9 relevante, em especial para advogados, porque substabelecer outro profissional sem autoriza\u00e7\u00e3o do mandante deve responder por preju\u00edzos decorrentes da atua\u00e7\u00e3o do seu substituto, independente das perdas terem decorrido de caso fortuito ou for\u00e7a maior.<\/p>\n\n\n\n<h4 class=\"wp-block-heading\">Art. 868 do C\u00f3digo Civil<\/h4>\n\n\n\n<p>\tPor fim, o artigo 868 trata do caso do gestor, que responde pelo caso fortuito quando fizer opera\u00e7\u00f5es arriscadas, ainda que o dono estivesse acostumado \u00e0s mesmas opera\u00e7\u00f5es.<\/p>\n\n\n\n<h2 class=\"wp-block-heading\" id=\"3\">Caso fortuito e for\u00e7a maior na responsabilidade civil<\/h2>\n\n\n\n<p>Referido instituto, que se extrai dos artigos 186 e 927 do C\u00f3digo Civil, ensina que o dever de indenizar ser\u00e1 atribu\u00eddo \u00e0quele que, agindo em viola\u00e7\u00e3o ao direito, provocar dano a outrem. Vejamos o teor de referidos dispositivos:<\/p>\n\n\n\n<blockquote class=\"wp-block-quote is-layout-flow wp-block-quote-is-layout-flow\">\n<p><em>Art. 186. Aquele que, por a\u00e7\u00e3o ou omiss\u00e3o volunt\u00e1ria, neglig\u00eancia ou imprud\u00eancia, violar direito e causar dano a outrem, ainda que exclusivamente moral, comete ato il\u00edcito.<br>Art. 927. Aquele que, por ato il\u00edcito, causar dano a outrem, fica obrigado a repar\u00e1-lo.\u201d<\/em><\/p>\n<\/blockquote>\n\n\n\n<p>O dever de indenizar decorrente da pr\u00e1tica de ato il\u00edcito \u00e9 previsto pelo artigo 927 do C\u00f3digo Civil, que em seu caput prev\u00ea a regra geral da responsabilidade subjetiva e, no par\u00e1grafo \u00fanico, estabelece as hip\u00f3teses de responsabilidade objetiva.<\/p>\n\n\n\n<p>Importante destacar que, no caso das rela\u00e7\u00f5es de consumo, existe uma peculiaridade trazida pelo artigo 14 do C\u00f3digo de Defesa do Consumidor, cujo teor aponta para a responsabilidade objetiva:<\/p>\n\n\n\n<blockquote class=\"wp-block-quote is-layout-flow wp-block-quote-is-layout-flow\">\n<p><em>Art. 14. O fornecedor de servi\u00e7os responde, independentemente da exist\u00eancia de culpa, pela repara\u00e7\u00e3o dos danos causados aos consumidores por defeitos relativos \u00e0 presta\u00e7\u00e3o dos servi\u00e7os, bem como por informa\u00e7\u00f5es insuficientes ou inadequadas sobre sua frui\u00e7\u00e3o e riscos.\u201d<\/em><br><\/p>\n<\/blockquote>\n\n\n\n<p>\tO par\u00e1grafo primeiro do referido artigo estabelece o que se considera como defeito na presta\u00e7\u00e3o de servi\u00e7os estabelecendo circunst\u00e2ncias relevantes para a aprecia\u00e7\u00e3o dos casos concretos.<\/p>\n\n\n\n<blockquote class=\"wp-block-quote is-layout-flow wp-block-quote-is-layout-flow\">\n<p><em>\u00a7 1\u00b0 O servi\u00e7o \u00e9 defeituoso quando n\u00e3o fornece a seguran\u00e7a que o consumidor dele pode esperar, levando-se em considera\u00e7\u00e3o as circunst\u00e2ncias relevantes, entre as quais:<br>I &#8211; o modo de seu fornecimento;<br>II &#8211; o resultado e os riscos que razoavelmente dele se esperam;<br>III &#8211; a \u00e9poca em que foi fornecido.\u201d<\/em><\/p>\n<\/blockquote>\n\n\n\n<p>Ap\u00f3s aferi\u00e7\u00e3o se a responsabilidade \u00e9 objetiva (independe de culpa) ou subjetiva (depende da demonstra\u00e7\u00e3o da culpa), faz-se necess\u00e1rio destacar o perfazimento dos requisitos da aplica\u00e7\u00e3o da <a href=\"https:\/\/www.aurum.com.br\/blog\/responsabilidade-civil\/\">responsabilidade civil<\/a> cumulativamente para que esteja presente o dever de indenizar:<\/p>\n\n\n\n<ul class=\"wp-block-list\">\n<li>Ocorr\u00eancia de dano;<\/li>\n\n\n\n<li>Conduta culposa;<\/li>\n\n\n\n<li>Nexo causal entre os dois anteriores.<\/li>\n<\/ul>\n\n\n\n<h3 class=\"wp-block-heading\">Nexo causal e o caso fortuito e for\u00e7a maior<\/h3>\n\n\n\n<p><strong>\u00c9 justamente no nexo causal que atua o caso fortuito e a for\u00e7a maior. <\/strong>Isso acontece na medida em que tira o nexo de causalidade entre a conduta de uma das partes e o dano experienciado pela outra.<\/p>\n\n\n\n<p>Voltemos ao exemplo do cancelamento do casamento. O evento foi cancelado independente da atua\u00e7\u00e3o dos prestadores de servi\u00e7o e da casa de festas, pois est\u00e1 mesmo impedido de ocorrer por uma determina\u00e7\u00e3o da lei.&nbsp;<\/p>\n\n\n\n<p>Esta lei, por sua vez, \u00e9 totalmente imprevis\u00edvel e inevit\u00e1vel, pois ningu\u00e9m poderia imaginar a ocorr\u00eancia da pandemia mundial de Covid-19.<\/p>\n\n\n\n<style>\n    #adpost-block_492388144cd4953ef06317ea021985e5.anuncio-post-reverse {\n        display: flex;\n        gap: 24px;\n        border-radius: 8px;\n        width: 100%;\n        max-width: 752px;\n        padding: 40px;\n        background: #e7f4fe;\n        margin: 16px auto;\n    }\n\n    #adpost-block_492388144cd4953ef06317ea021985e5 .anuncio-container {\n        display: flex;\n        flex-direction: column;\n        gap: 24px;\n        width: 100%;\n        max-width: 333px;\n    }\n\n    #adpost-block_492388144cd4953ef06317ea021985e5 .anuncio-container .logo {\n        width: 100%;\n        max-width: 177px;\n        margin: 0;\n    }\n\n    #adpost-block_492388144cd4953ef06317ea021985e5 .anuncio-text-container {\n        display: flex;\n        flex-direction: column;\n        gap: 24px;\n    }\n\n    #adpost-block_492388144cd4953ef06317ea021985e5 .anuncio-text-container .title {\n        font-family: 'Ubuntu';\n        font-size: 1.5rem; \/\/24px\n        font-weight: 700;\n        line-height: 120%;\n        margin: 0;\n        color: #000;\n    }\n\n    #adpost-block_492388144cd4953ef06317ea021985e5 .anuncio-text-container .text {\n        font-size: 0.875rem;\n        font-weight: 400;\n        line-height: 170%;\n        color: #000;\n    }\n\n    #adpost-block_492388144cd4953ef06317ea021985e5 .anuncio-container .button {\n        display: inline-flex;\n        align-items: center;\n        justify-content: center;\n        width: fit-content;\n        height: 48px;\n        border-radius: 8px;\n        padding: 12px 24px;\n        font-size: 1rem;\n        font-weight: 600;\n        text-decoration: none;\n        background: #008fd5;\n        color: #fff;\n    }\n\n    #adpost-block_492388144cd4953ef06317ea021985e5 .image-container {\n        position: relative;\n        width: 100%;\n        height: 100%;\n    }\n\n    #adpost-block_492388144cd4953ef06317ea021985e5 .image-container.float {\n        min-height: 236px;\n    }\n\n    #adpost-block_492388144cd4953ef06317ea021985e5 .image-container .image-desktop {\n        width: 100%;\n        max-width: 323px;\n        object-fit: contain;\n        margin: 0;\n    }\n\n    #adpost-block_492388144cd4953ef06317ea021985e5 .image-container .image-mobile {\n        display: none;\n        width: 100%;\n        max-width: 291px;\n        object-fit: contain;\n        margin: 0;\n    }\n\n    #adpost-block_492388144cd4953ef06317ea021985e5 .image-container.float .image-desktop,\n    #adpost-block_492388144cd4953ef06317ea021985e5 .image-container.float .image-mobile {\n        position: absolute;\n        right: 0;\n        bottom: 0;\n    }\n\n    #adpost-block_492388144cd4953ef06317ea021985e5 .image-container img {\n        border-radius: 8px;\n    }\n\n    \/************\n    * MOBILE \n    *************\/\n    @media (max-width: 1439px) {\n        #adpost-block_492388144cd4953ef06317ea021985e5.anuncio-post-reverse {\n            flex-direction: column-reverse;\n            max-width: fit-content;\n            padding: 24px;\n        }\n\n        #adpost-block_492388144cd4953ef06317ea021985e5 .anuncio-container {\n            max-width: 280px;\n            align-items: center;\n        }\n\n        #adpost-block_492388144cd4953ef06317ea021985e5 .anuncio-container .logo {\n            max-width: 147px;\n        }\n\n        #adpost-block_492388144cd4953ef06317ea021985e5 .anuncio-text-container {\n            gap: 8px;\n        }\n\n        #adpost-block_492388144cd4953ef06317ea021985e5 .anuncio-text-container .title {\n            font-size: 1.25rem;\n            text-align: center;\n        }\n\n        #adpost-block_492388144cd4953ef06317ea021985e5 .anuncio-text-container .text {\n            text-align: center;\n        }\n\n        #adpost-block_492388144cd4953ef06317ea021985e5 .anuncio-container .button {\n            width: 100%;\n        }\n\n        #adpost-block_492388144cd4953ef06317ea021985e5 .image-container.float {\n            min-height: 182px;\n        }\n\n        #adpost-block_492388144cd4953ef06317ea021985e5 .image-container .image-desktop {\n            display: none;\n        }\n\n        #adpost-block_492388144cd4953ef06317ea021985e5 .image-container .image-mobile {\n            display: block;\n        }\n    }\n\n    \/*******************\n    * RESET GLOBAL CSS \n    ********************\/\n    #s-post main article .content .image-container img {\n        margin: 0;\n    }\n<\/style>\n\n\n<article id=\"adpost-block_492388144cd4953ef06317ea021985e5\" class=\"anuncio-post-reverse\">\n    <div class=\"anuncio-container\">\n        \n        <div class=\"anuncio-text-container\">\n             <h3 class=\"title\" >Seja protagonista da sua advocacia com o Astrea<\/h3>\n            <div class=\"text\" >Tenha tempo para focar no crescimento do seu escrit\u00f3rio, enquanto o Astrea cuida da sua gest\u00e3o jur\u00eddica com intelig\u00eancia.<\/div>        <\/div>\n       \n        <a class=\"button\" href=\"\/astrea\/?utm_source=blog&#038;utm_medium=adpost&#038;utm_campaign=campanha-marca-2026\" target=\"_self\">Conhe\u00e7a o Astrea<\/a>    <\/div>\n\n    <div class=\"image-container\">\n        <img decoding=\"async\" class=\"image-desktop\" src=\"https:\/\/www.aurum.com.br\/blog\/wp-content\/uploads\/2026\/03\/adpos-posicionamento-2026-desktop.png\" alt=\"\" \/>\n        <img decoding=\"async\" class=\"image-mobile\" src=\"https:\/\/www.aurum.com.br\/blog\/wp-content\/uploads\/2026\/03\/adpost-posicionamento-2026-mobile.png\" alt=\"\" \/>    <\/div>\n<\/article>\n\n\n<h2 class=\"wp-block-heading\" id=\"4\">Reconhecimento da pandemia de coronav\u00edrus como caso fortuito e for\u00e7a maior<\/h2>\n\n\n\n<p>Ainda n\u00e3o temos jurisprud\u00eancia a respeito do reconhecimento da pandemia de 2020 como caso fortuito e for\u00e7a maior para relativizar o cumprimento dos contratos; contudo, <strong>decis\u00f5es judiciais j\u00e1 foram proferidas nesse sentido.<\/strong><\/p>\n\n\n\n<p>A decis\u00e3o recente da 8\u00aa Vara C\u00edvel de S\u00e3o Bernardo do Campo suspendeu o pagamento cr\u00e9ditos devidos por uma empresa que se encontra em recupera\u00e7\u00e3o judicial com o esteio do Minist\u00e9rio P\u00fablico e do administrador judicial que deram parecer favor\u00e1vel para tanto.<\/p>\n\n\n\n<p>Na oportunidade, o ju\u00edzo salientou que todas as obriga\u00e7\u00f5es pactuadas no plano de recupera\u00e7\u00e3o judicial estavam sendo regularmente cumpridas e destacou:<\/p>\n\n\n\n<blockquote class=\"wp-block-quote is-layout-flow wp-block-quote-is-layout-flow\">\n<p><em>A Covid-19 constitui evento extraordin\u00e1rio, de amplitude global, inevit\u00e1vel e imprevis\u00edvel, que repercute, seriamente, na subsist\u00eancia de empresas e das fam\u00edlias. As medidas de enfrentamento da pandemia, como bem ressaltado pelo administrador judicial, reverberaram no plano normativo.\u201d<\/em><\/p>\n<\/blockquote>\n\n\n\n<p>Nesse mesmo sentido, uma decis\u00e3o da 17\u00aa C\u00e2mara C\u00edvel do Tribunal de Justi\u00e7a do Paran\u00e1 concedeu liminarmente autoriza\u00e7\u00e3o para que empresas com contrato de loca\u00e7\u00e3o vigente com o Park Shopping Barigui suspendesse o adimplemento do aluguel pelo prazo de 90 dias.&nbsp;<\/p>\n\n\n\n<h2 class=\"wp-block-heading\" id=\"5\">Pontos de aten\u00e7\u00e3o para advogados<\/h2>\n\n\n\n<p>\u00c9 preciso prestar muito a aten\u00e7\u00e3o para se aferir se \u00e9 poss\u00edvel o pedido de medidas como a acima tomadas, pois ainda n\u00e3o existe jurisprud\u00eancia pacificada sobre o tema diante de sua recente ocorr\u00eancia e que, em muitos casos, definitivamente esses institutos n\u00e3o s\u00e3o aplic\u00e1veis.<\/p>\n\n\n\n<p>Exige cautela e, de certa forma, <strong>por vezes o compartilhamento de preju\u00edzos atrav\u00e9s da negocia\u00e7\u00e3o \u00e9 a melhor sa\u00edda poss\u00edvel<\/strong>. Isso porque diante da excepcionalidade do momento, as pessoas est\u00e3o dispostas a fazer concess\u00f5es, como o locador, por exemplo, para que n\u00e3o perca toda sua renda.&nbsp;<\/p>\n\n\n\n<p>O advogado ou advogada deve analisar o caso antes de ingressar com a\u00e7\u00f5es judiciais muito incertas, considerando que as mesmas possuem um custo que, para o cliente, nem sempre \u00e9 poss\u00edvel arcar.<\/p>\n\n\n\n<p><strong>Outra quest\u00e3o \u00e9 pesquisar se n\u00e3o existe alguma lei ou medida provis\u00f3ria espec\u00edfica para regular a situa\u00e7\u00e3o<\/strong>. Temos como exemplo a MP 948 que trata especificamente do cancelamento de reservas de eventos, shows e turismo.&nbsp;<\/p>\n\n\n\n<p>A MP permite que o prestador reembolse valores j\u00e1 desembolsados em at\u00e9 12 meses, entre outras op\u00e7\u00f5es.<\/p>\n\n\n\n<h2 class=\"wp-block-heading\">Conclus\u00e3o<\/h2>\n\n\n\n<p>Vimos aqui os principais pontos do caso fortuito e da for\u00e7a maior em nossa legisla\u00e7\u00e3o, destacando quando esses institutos devem ser aplicados nos termos do ordenamento vigente.&nbsp;<\/p>\n\n\n\n<p>Passamos ainda pela responsabilidade civil e como esses dispositivos agem como excludentes do nexo de causalidade, eliminando por vezes o dever de indenizar.<\/p>\n\n\n\n<p>Por fim, perpassamos pela situa\u00e7\u00e3o atual onde o caso fortuito e a for\u00e7a maior t\u00eam se feito presentes diante da pandemia da Covid-19, inclusive influenciando diversas decis\u00f5es judiciais no sentido de relativiza\u00e7\u00e3o do cumprimento dos contratos.<\/p>\n\n\n\n<p> Se voc\u00ea gostou deste texto, sugiro que leia outros artigos sobre os seguintes temas: <\/p>\n\n\n\n<ul class=\"wp-block-list\">\n<li>Entenda as mudan\u00e7as nos <a href=\"https:\/\/www.aurum.com.br\/blog\/embargos-infringentes\/\">embargos infringentes<\/a> ap\u00f3s o Novo CPC<\/li>\n\n\n\n<li><a href=\"https:\/\/www.aurum.com.br\/blog\/litisconsorcio\/\">Litiscons\u00f3rcio<\/a> no Novo CPC: o que \u00e9, classifica\u00e7\u00f5es e exemplos<\/li>\n\n\n\n<li><a href=\"https:\/\/www.aurum.com.br\/blog\/tomada-de-decisao-apoiada\/\">Tomada de Decis\u00e3o Apoiada<\/a>: entenda como funciona<\/li>\n\n\n\n<li><a href=\"https:\/\/www.aurum.com.br\/blog\/lei-do-sac\/\">Lei do SAC<\/a>: entenda as novas regras e o que mudou<\/li>\n<\/ul>\n\n\n\n<p> <em>Gostou do texto? Ficou com alguma d\u00favida sobre o tema? Compartilhe com a gente nos coment\u00e1rios abaixo! <\/em>  <\/p>\n\n\n<style>\r\n  .news-post {\r\n    background: url('https:\/\/www.aurum.com.br\/blog\/wp-content\/themes\/aurum\/img\/bg-news-artigo.svg') no-repeat top center #3C48AA;\r\n    padding: 1.5rem;\r\n    border-radius: 6px;\r\n    margin: 1rem 0;\r\n  }\r\n  .news-post .icone {\r\n    display: none;\r\n  }\r\n  .news-post .title {\r\n    font-weight: 700;\r\n    font-size: 16px;\r\n    line-height: 130%;\r\n    text-align: center;\r\n    letter-spacing: -0.5px;\r\n    color: #fff;\r\n    margin-bottom: .9375rem;\r\n  }\r\n  .news-post p {\r\n    font-size: .875rem;\r\n    line-height: 140%;\r\n    text-align: center;\r\n    color: #fff;\r\n    margin-bottom: 1.25rem;\r\n  }\r\n  .news-post .news_button_span {\r\n    font-size: .8125rem;\r\n    display: block;\r\n    padding: .125rem .3125rem;\r\n    color: #fff;\r\n    text-align:left;\r\n  }\r\n  .news-post .news_button_span a {\r\n    color: #fff !important;\r\n    text-decoration: underline;\r\n  }\r\n  .news-post form {\r\n    width: 100%;\r\n  }\r\n  .news-post label {\r\n    font-weight: 600;\r\n    font-size: .9375rem;\r\n    line-height: 1.5rem;\r\n    margin-bottom: .5rem;\r\n    color: #fff;\r\n    display: block;\r\n  }\r\n  .news-post input {\r\n    background: #fff;\r\n    border: 1px solid #CBCBD9;\r\n    box-sizing: border-box;\r\n    border-radius: 4px;\r\n    padding: .75rem 1rem;\r\n    width: 100%;\r\n  }\r\n  .news-post button {\r\n    margin-top: .875rem;\r\n    width: 100%;\r\n    min-width: auto;\r\n    background: #FCC632;\r\n    color: #3C48AA;\r\n  }\r\n  .news-post .input {\r\n    position: relative;\r\n    padding-bottom: 10px;\r\n  }\r\n  .news-post .error-message-ad {\r\n    font-size: .875rem;\r\n    line-height: 130%;\r\n    color: #D50021;\r\n    margin-left: 4px;\r\n  }\r\n  .news-post .error {\r\n    border: 1px solid #D50021;\r\n  }\r\n  .news-post #message-form-ad {\r\n    border-radius: 4px;\r\n    padding: 0.7rem;\r\n    font-size:0.8rem;\r\n    text-align: center;\r\n    align-items: center;\r\n    justify-content: center;\r\n    display: none;\r\n  }\r\n  .news-post #message-form-ad svg {\r\n    margin-right: 8px;\r\n  }\r\n\r\n  @media(min-width: 561px) {\r\n    .news-post {\r\n      position: relative;\r\n      background: url('https:\/\/www.aurum.com.br\/blog\/wp-content\/themes\/aurum\/img\/bg-news-artigo.svg') no-repeat top center #3C48AA;\r\n      width: calc(100% - 30px);\r\n    }\r\n    .news-post .icone {\r\n      display: block;\r\n      position: absolute;\r\n      right: -30px;\r\n      top: 65px;\r\n      max-width: 142px;\r\n      width: 100%;\r\n      height: auto;\r\n      margin: 0;\r\n    }\r\n    .news-post .title {\r\n      font-size: 1.125rem;\r\n      text-align: left;\r\n      \/* padding-right: 3.75rem; *\/\r\n    }\r\n    .news-post p {\r\n      font-size: 1rem;\r\n      text-align: left;\r\n      max-width: 400px;\r\n    }\r\n    .news-post .boxes {\r\n      display: flex;\r\n      align-items: flex-start;\r\n    }\r\n    .news-post button {\r\n      margin: 0 0 0 1rem;\r\n      width: 100%;\r\n      max-width: 170px;\r\n      min-width: auto;\r\n      transition: all ease .3s\r\n    }\r\n    .news-post button:hover {\r\n      opacity: 0.9;\r\n      transition: all ease .3s\r\n    }\r\n    .news-post #message-form-ad {\r\n      padding: 1.125rem;\r\n      font-size:1rem;\r\n    }\r\n    .news-post #message-form-ad svg {\r\n      margin-right: 10px;\r\n    }\r\n  }\r\n<\/style>\r\n\r\n<div class=\"news-post\">\r\n  <div class=\"title news-ad-title\">Gostou do artigo e quer evoluir a sua advocacia?<\/div>\r\n  <p class=\"news-ad-subtitle\">Assine gr\u00e1tis a Aurum News e receba uma dose semanal de conte\u00fado no seu e-mail! \u270c\ufe0f<\/p>\r\n  <img decoding=\"async\" src=\"https:\/\/www.aurum.com.br\/blog\/wp-content\/themes\/aurum\/img\/icon-news-artigo.svg\" alt=\"\" class=\"icone\">\r\n\r\n  <form method=\"post\" name=\"newsletter-ad\" id=\"aurum-newsletter-ad\">\r\n    <div class=boxes>\r\n      <div class=\"input\">\r\n        <label class=\"label-email\" htmlFor=\"email-ad\">Qual seu e-mail?<\/label>\r\n        <input type=\"email\" id=\"email-ad\" name=\"newsletter-mail-ad\" placeholder=\"Digite seu e-mail?\">\r\n        <div class=\"error-message-ad-email\">Endere\u00e7o de e-mail inv\u00e1lido ou incorreto<\/div>\r\n\r\n        <label class=\"label-select\" htmlFor=\"lawsuits-select-ad\">\r\n          Quantos processos voc\u00ea ou<br class=\"for-desktop\"\/> seu escrit\u00f3rio acompanham?\r\n        <\/label>\r\n        <div id=\"lawsuits-select-ad\" class=\"lawsuits-select select-wrapper\" tabindex=\"0\">\r\n          <div class=\"s-dropdown--styled\">\r\n          <span class=\"lawsuits-default\">\r\n            <span id=\"lawsuits-newsletter-ad\" class=\"lawsuits-default-text\" data-value=\"\">Selecione os processos<\/span>\r\n            <svg class=\"chevron\" xmlns=\"http:\/\/www.w3.org\/2000\/svg\" width=\"24\" height=\"25\" viewBox=\"0 0 24 25\" fill=\"none\">\r\n              <path d=\"M6 15.6152L12 9.61523L18 15.6152\" stroke=\"black\" stroke-width=\"2\" stroke-linecap=\"round\" stroke-linejoin=\"round\" \/>\r\n            <\/svg>\r\n          <\/span>\r\n\r\n          <ul class=\"s-dropdown u-hide\">\r\n            <li class=\"lawsuits\" data-value=\"Mais de 1000 processos\">Mais de 1000 processos<\/li>\r\n            <li class=\"lawsuits\" data-value=\"De 501 a 1000 processos\">De 501 a 1000 processos<\/li>\r\n            <li class=\"lawsuits\" data-value=\"De 151 a 500 processos\">De 151 a 500 processos<\/li>\r\n            <li class=\"lawsuits\" data-value=\"De 41 a 150 processos\">De 41 a 150 processos<\/li>\r\n            <li class=\"lawsuits\" data-value=\"At\u00e9 40 processos\">At\u00e9 40 processos<\/li>\r\n            <li class=\"lawsuits\" data-value=\"Atuo apenas no consultivo\">Atuo apenas no consultivo<\/li>\r\n            <li class=\"lawsuits\" data-value=\"Ainda sou estudante de direito\">Ainda sou estudante de direito<\/li>\r\n            <li class=\"lawsuits\" data-value=\"N\u00e3o sou da \u00e1rea jur\u00eddica\">N\u00e3o sou da \u00e1rea jur\u00eddica<\/li>\r\n          <\/ul>\r\n          <\/div>\r\n        <\/div>\r\n        <div class=\"error-message-ad-lawsuits\">Selecione algum processo<\/div>\r\n      <\/div>\r\n      <button class=\"btn btn-yellow ad-btn-desktop\" id=\"aurum-submit-ad\">Assinar gr\u00e1tis<\/button>\r\n      <button class=\"btn btn-yellow ad-btn-mobile\" id=\"aurum-submit-ad\">Assinar<\/button>\r\n    <\/div>\r\n    <span class=\"news_button_span\">Ao se cadastrar voc\u00ea declara que leu e aceitou a pol\u00edtica de privacidade e cookies do <a href=\"https:\/\/s3.sa-east-1.amazonaws.com\/publico.aurum.com.br\/contratos\/politica-de-privacidade.pdf\" target=\"_blank\" rel=\"noopener noreferrer\">site<\/a>.<\/span>\r\n  <\/form>\r\n  <div id=\"message-form-ad\"><\/div>\r\n<\/div>","protected":false},"excerpt":{"rendered":"<p>Caso fortuito ou for\u00e7a maior s\u00e3o eventos imprevis\u00edveis e inevit\u00e1veis que impedem o cumprimento de uma obriga\u00e7\u00e3o legal. Esses eventos est\u00e3o fora do controle das partes envolvidas e isentam a responsabilidade pelo n\u00e3o cumprimento contratual, desde que sejam comprovados como verdadeiros. Com a pandemia de 2020, muitos contratos precisaram ser descumpridos ou repactuados com o [&hellip;]<\/p>\n","protected":false},"author":77,"featured_media":31470,"comment_status":"open","ping_status":"open","sticky":false,"template":"","format":"standard","meta":{"_bbp_topic_count":0,"_bbp_reply_count":0,"_bbp_total_topic_count":0,"_bbp_total_reply_count":0,"_bbp_voice_count":0,"_bbp_anonymous_reply_count":0,"_bbp_topic_count_hidden":0,"_bbp_reply_count_hidden":0,"_bbp_forum_subforum_count":0,"inline_featured_image":false,"footnotes":""},"categories":[19],"tags":[],"class_list":["post-9459","post","type-post","status-publish","format-standard","has-post-thumbnail","hentry","category-direito-civil"],"acf":[],"_links":{"self":[{"href":"https:\/\/www.aurum.com.br\/blog\/wp-json\/wp\/v2\/posts\/9459","targetHints":{"allow":["GET"]}}],"collection":[{"href":"https:\/\/www.aurum.com.br\/blog\/wp-json\/wp\/v2\/posts"}],"about":[{"href":"https:\/\/www.aurum.com.br\/blog\/wp-json\/wp\/v2\/types\/post"}],"author":[{"embeddable":true,"href":"https:\/\/www.aurum.com.br\/blog\/wp-json\/wp\/v2\/users\/77"}],"replies":[{"embeddable":true,"href":"https:\/\/www.aurum.com.br\/blog\/wp-json\/wp\/v2\/comments?post=9459"}],"version-history":[{"count":6,"href":"https:\/\/www.aurum.com.br\/blog\/wp-json\/wp\/v2\/posts\/9459\/revisions"}],"predecessor-version":[{"id":22524,"href":"https:\/\/www.aurum.com.br\/blog\/wp-json\/wp\/v2\/posts\/9459\/revisions\/22524"}],"wp:featuredmedia":[{"embeddable":true,"href":"https:\/\/www.aurum.com.br\/blog\/wp-json\/wp\/v2\/media\/31470"}],"wp:attachment":[{"href":"https:\/\/www.aurum.com.br\/blog\/wp-json\/wp\/v2\/media?parent=9459"}],"wp:term":[{"taxonomy":"category","embeddable":true,"href":"https:\/\/www.aurum.com.br\/blog\/wp-json\/wp\/v2\/categories?post=9459"},{"taxonomy":"post_tag","embeddable":true,"href":"https:\/\/www.aurum.com.br\/blog\/wp-json\/wp\/v2\/tags?post=9459"}],"curies":[{"name":"wp","href":"https:\/\/api.w.org\/{rel}","templated":true}]}}