{"id":9436,"date":"2025-03-20T12:51:00","date_gmt":"2025-03-20T15:51:00","guid":{"rendered":"https:\/\/aurum.com.br\/blog\/usucapiao\/"},"modified":"2025-11-24T21:07:43","modified_gmt":"2025-11-25T00:07:43","slug":"usucapiao","status":"publish","type":"post","link":"https:\/\/www.aurum.com.br\/blog\/usucapiao\/","title":{"rendered":"Usucapi\u00e3o: o que \u00e9, requisitos e como fazer! [+Modelo Gr\u00e1tis]"},"content":{"rendered":"<div id=\"bsf_rt_marker\"><\/div>\n<pre class=\"wp-block-preformatted\">A <strong>usucapi\u00e3o<\/strong> \u00e9 uma forma origin\u00e1ria de adquirir a propriedade de um bem m\u00f3vel ou im\u00f3vel, ap\u00f3s utiliz\u00e1-lo por um per\u00edodo cont\u00ednuo e sem contesta\u00e7\u00e3o, agindo como verdadeiro propriet\u00e1rio durante esse tempo.<\/pre>\n\n\n\n<p>Bastante relevante no <a href=\"https:\/\/www.aurum.com.br\/blog\/direito-imobiliario\/\" data-type=\"URL\" data-id=\"https:\/\/www.aurum.com.br\/blog\/direito-imobiliario\/\">direito imobili\u00e1rio<\/a>, a usucapi\u00e3o \u00e9 uma a\u00e7\u00e3o com muitos requisitos e tipos, podendo ser explorada de acordo com as necessidades de quem a utiliza.<\/p>\n\n\n\n<p>Devido a sua complexidade, este conte\u00fado vai ser um guia para esclarecer os principais pontos sobre usucapi\u00e3o, seu funcionamento e previs\u00e3o legal no Brasil. <\/p>\n\n\n\n<h2 class=\"wp-block-heading\">O que \u00e9 usucapi\u00e3o?<\/h2>\n\n\n\n<p>A usucapi\u00e3o <strong>permite a aquisi\u00e7\u00e3o da propriedade de um bem m\u00f3vel ou im\u00f3vel pelo seu uso prolongado e cont\u00ednuo, desde que cumpra os determinados requisitos legais. <\/strong><\/p>\n\n\n\n<p>Por isso, \u00e9 uma <strong>forma de regulariza\u00e7\u00e3o de posse<\/strong>, visando garantir a <a href=\"https:\/\/www.aurum.com.br\/blog\/seguranca-juridica\/\" data-type=\"URL\" data-id=\"https:\/\/www.aurum.com.br\/blog\/seguranca-juridica\/\">seguran\u00e7a jur\u00eddica<\/a> e o direito \u00e0 propriedade daqueles que ocupam um im\u00f3vel ou bem m\u00f3vel sem t\u00edtulo formal. Al\u00e9m disso, \u00e9 poss\u00edvel conseguir a usucapi\u00e3o de bens im\u00f3veis, como terrenos e bens m\u00f3veis, como carros.<\/p>\n\n\n\n<figure class=\"wp-block-image size-full\"><img decoding=\"async\" width=\"1200\" height=\"1200\" src=\"https:\/\/www.aurum.com.br\/blog\/wp-content\/uploads\/2023\/12\/O-que-e-usucapiao.jpg\" alt=\"\" class=\"wp-image-26318\" srcset=\"https:\/\/www.aurum.com.br\/blog\/wp-content\/uploads\/2023\/12\/O-que-e-usucapiao.jpg 1200w, https:\/\/www.aurum.com.br\/blog\/wp-content\/uploads\/2023\/12\/O-que-e-usucapiao-300x300.jpg 300w, https:\/\/www.aurum.com.br\/blog\/wp-content\/uploads\/2023\/12\/O-que-e-usucapiao-150x150.jpg 150w, https:\/\/www.aurum.com.br\/blog\/wp-content\/uploads\/2023\/12\/O-que-e-usucapiao-768x768.jpg 768w\" sizes=\"(max-width: 1200px) 100vw, 1200px\" \/><figcaption class=\"wp-element-caption\">Entenda o que \u00e9 usucapi\u00e3o. <\/figcaption><\/figure>\n\n\n\n<h3 class=\"wp-block-heading\">A usucapi\u00e3o ou o usucapi\u00e3o?<\/h3>\n\n\n\n<p>A discuss\u00e3o sobre o assunto come\u00e7a no seu g\u00eanero. Muito se discute sobre qual \u00e9 a nomenclatura correta, \u201cA\u201d ou \u201cO\u201d? H\u00e1 quem defenda ambas e, particularmente, n\u00e3o me incomoda nenhuma das formas de utilizar o termo. <\/p>\n\n\n\n<p>Mas, quem estiver mais atento vai notar que eu sempre digo \u201ca usucapi\u00e3o\u201d. E, existe um motivo para isso: o C\u00f3digo Civil. Ao falar sobre o tema, <strong>o C\u00f3digo Civil sempre utiliza o g\u00eanero feminino<\/strong>, come\u00e7ando no nome da se\u00e7\u00e3o: \u201cDa Usucapi\u00e3o\u201d. Por isso, opto por utilizar a forma do C\u00f3digo.<\/p>\n\n\n\n<h2 class=\"wp-block-heading\">Como funciona a usucapi\u00e3o?<\/h2>\n\n\n\n<p>Existem diferentes tipos, mas em geral, confere uma <a href=\"https:\/\/www.aurum.com.br\/blog\/funcao-social-da-empresa\/\" data-wpil-monitor-id=\"694\">fun\u00e7\u00e3o social<\/a> \u00e0 propriedade.&nbsp;Por isso, <strong>ap\u00f3s cuidar de um bem durante determinado per\u00edodo, \u00e9 poss\u00edvel entrar na justi\u00e7a para obter a propriedade do bem<\/strong>.&nbsp;<\/p>\n\n\n\n<p>Assim, a usucapi\u00e3o \u00e9 uma forma de aquisi\u00e7\u00e3o de direitos reais. Sua caracter\u00edstica particular \u00e9 que a pessoa torna-se dona por ter passado determinado tempo na posse pac\u00edfica e mansa daquele bem.&nbsp;<\/p>\n\n\n\n<figure class=\"wp-block-embed is-type-video is-provider-youtube wp-block-embed-youtube wp-embed-aspect-16-9 wp-has-aspect-ratio\"><div class=\"wp-block-embed__wrapper\">\n<iframe title=\"Como acontece a regulariza\u00e7\u00e3o de posse via usucapi\u00e3o?\" width=\"500\" height=\"281\" src=\"https:\/\/www.youtube.com\/embed\/PDJ7PVyDtXI?feature=oembed\" frameborder=\"0\" allow=\"accelerometer; autoplay; clipboard-write; encrypted-media; gyroscope; picture-in-picture; web-share\" referrerpolicy=\"strict-origin-when-cross-origin\" allowfullscreen><\/iframe>\n<\/div><\/figure>\n\n\n\n<h2 class=\"wp-block-heading\">Quais s\u00e3o os requisitos para usucapi\u00e3o?<\/h2>\n\n\n\n<p>Existem diferentes tipos desta a\u00e7\u00e3o e voc\u00ea ver\u00e1 detalhes&nbsp; sobre eles mais abaixo. No entanto, <strong>todas as esp\u00e9cies de usucapi\u00e3o possuem 3 requisitos em comum: animus domini, inexist\u00eancia de oposi\u00e7\u00e3o \u00e0 posse e posse ininterrupta por um per\u00edodo de tempo. <\/strong><\/p>\n\n\n\n<h3 class=\"wp-block-heading\">1. Animus domini<\/h3>\n\n\n\n<p>O <a href=\"https:\/\/www.aurum.com.br\/blog\/animus-domini\/\">animus domini<\/a> trata-se do comportamento como dono ou propriet\u00e1rio do bem. N\u00e3o basta estar de posse do bem, mas \u00e9 necess\u00e1rio que a pessoa se comporte como dono: arque com os custos, fa\u00e7a manuten\u00e7\u00e3o, se apresente como propriet\u00e1rio.<\/p>\n\n\n\n<h3 class=\"wp-block-heading\">2. Inexist\u00eancia de oposi\u00e7\u00e3o \u00e0 posse<\/h3>\n\n\n\n<p>N\u00e3o pode haver <a href=\"https:\/\/www.aurum.com.br\/blog\/contestacao\/\">contesta\u00e7\u00e3o<\/a> \u00e0 posse do bem ou im\u00f3vel, que deve ser pac\u00edfica.<\/p>\n\n\n\n<h3 class=\"wp-block-heading\">3. Posse ininterrupta por um per\u00edodo de tempo<\/h3>\n\n\n\n<p>Deve haver um per\u00edodo de tempo com a posse sem oposi\u00e7\u00e3o. Esse per\u00edodo varia para cada esp\u00e9cie de usucapi\u00e3o.<\/p>\n\n\n\n<p>Existem outros requisitos que v\u00e3o variar com as demais esp\u00e9cies de usucapi\u00e3o, no entanto, refor\u00e7o que os listados acima s\u00e3o comuns a todos os tipos.<\/p>\n\n\n\n<p><em>Saiba mais sobre <\/em><a href=\"https:\/\/www.aurum.com.br\/blog\/o-que-e-direito-imobiliario\/\"><em>direito imobili\u00e1rio<\/em><\/a><em> aqui no Portal da Aurum.<\/em><\/p>\n\n\n\n<h2 class=\"wp-block-heading\">Quais s\u00e3o as modalidades de usucapi\u00e3o?<\/h2>\n\n\n\n<p>Existem dois tipos de usucapi\u00e3o, s\u00e3o eles: <\/p>\n\n\n\n<ul class=\"wp-block-list\">\n<li><strong>Bem m\u00f3vel<\/strong>: bens que podem ser movidos, como equipamentos, eletrodom\u00e9sticos, m\u00f3veis, carros, motocicletas, entre outros;<\/li>\n\n\n\n<li><strong>Bem im\u00f3vel<\/strong>: bens que n\u00e3o se movem, como terrenos, apartamentos, casas, pr\u00e9dios, entre outros.<\/li>\n<\/ul>\n\n\n\n<p>Nesse sentido, cada um dos tipos de bens possui suas deriva\u00e7\u00f5es. A usucapi\u00e3o de bens m\u00f3veis possui duas possibilidades:<\/p>\n\n\n\n<ul class=\"wp-block-list\">\n<li>Ordin\u00e1ria;<\/li>\n\n\n\n<li>Extraordin\u00e1ria;<\/li>\n<\/ul>\n\n\n\n<p>Enquanto a usucapi\u00e3o de bens im\u00f3veis possui as seguintes possibilidades:<\/p>\n\n\n\n<ul class=\"wp-block-list\">\n<li>Ordin\u00e1ria;<\/li>\n\n\n\n<li>Extraordin\u00e1ria;<\/li>\n\n\n\n<li>Especial: urbana, rural, coletiva, ind\u00edgena e familiar.&nbsp;<\/li>\n<\/ul>\n\n\n\n<h3 class=\"wp-block-heading\">Usucapi\u00e3o de bem m\u00f3vel<\/h3>\n\n\n\n<p>Como dito anteriormente, os bens m\u00f3veis s\u00e3o aqueles que podem ser movidos. Como carros, eletrodom\u00e9sticos, entre outros. No C\u00f3digo Civil, a usucapi\u00e3o de bem im\u00f3vel est\u00e1 prevista nos<strong> arts. 1.260 e 1.261 do C\u00f3digo Civil<\/strong>, com duas possibilidades: ordin\u00e1ria ou extraordin\u00e1ria.&nbsp;<\/p>\n\n\n\n<h4 class=\"wp-block-heading\">Ordin\u00e1ria<\/h4>\n\n\n\n<p>Para que se obtenha a usucapi\u00e3o ordin\u00e1ria de bens m\u00f3veis, \u00e9 necess\u00e1rio ter:<\/p>\n\n\n\n<ul class=\"wp-block-list\">\n<li><em>Animus domini<\/em>: ou seja, o comportamento de dono;<\/li>\n\n\n\n<li>Inexist\u00eancia de oposi\u00e7\u00e3o \u00e0 posse;<\/li>\n\n\n\n<li>Manuten\u00e7\u00e3o da posse ininterrupta pelo per\u00edodo de 3 anos.<\/li>\n<\/ul>\n\n\n\n<p>Al\u00e9m disso, s\u00e3o necess\u00e1rios dois requisitos adicionais:&nbsp;<\/p>\n\n\n\n<ul class=\"wp-block-list\">\n<li>Exist\u00eancia de justo t\u00edtulo: ou seja, um documento que comprove a aquisi\u00e7\u00e3o, que pode ser um contrato, um recibo ou documento semelhante;<\/li>\n\n\n\n<li>Boa-f\u00e9, que se configura no desconhecimento de que havia qualquer tipo de problema com o bem.<\/li>\n<\/ul>\n\n\n\n<h5 class=\"wp-block-heading\">Prazo da usucapi\u00e3o de bem m\u00f3vel ordin\u00e1ria<\/h5>\n\n\n\n<p>A usucapi\u00e3o ordin\u00e1ria est\u00e1 prevista no art. 1260 do C\u00f3digo Civil, que disp\u00f5e:<\/p>\n\n\n\n<figure class=\"wp-block-pullquote classe bq-small\"><blockquote><p><strong>Art. 1.260.<\/strong> Aquele que possuir coisa m\u00f3vel como sua, cont\u00ednua e incontestadamente durante tr\u00eas anos, com justo t\u00edtulo e <a href=\"https:\/\/www.aurum.com.br\/blog\/principio-da-boa-fe\/\">boa-f\u00e9<\/a>, adquirir-lhe-\u00e1 a propriedade.<\/p><\/blockquote><\/figure>\n\n\n\n<h4 class=\"wp-block-heading\">Extraordin\u00e1ria<\/h4>\n\n\n\n<p>A <a href=\"https:\/\/www.aurum.com.br\/blog\/usucapiao-extraordinaria\/\">usucapi\u00e3o extraordin\u00e1ria<\/a> de bens m\u00f3veis tem apenas os requisitos de:<\/p>\n\n\n\n<ul class=\"wp-block-list\">\n<li><em>Animus domini<\/em>: ou seja, o comportamento de dono;<\/li>\n\n\n\n<li>Inexist\u00eancia de oposi\u00e7\u00e3o \u00e0 posse;<\/li>\n\n\n\n<li>Posse ininterrupta pelo per\u00edodo de 5 anos.<\/li>\n<\/ul>\n\n\n\n<h5 class=\"wp-block-heading\">Prazo da usucapi\u00e3o de bem m\u00f3vel extraordin\u00e1ria<\/h5>\n\n\n\n<p>Sua previs\u00e3o est\u00e1 no art. 1.261 do C\u00f3digo Civil:<\/p>\n\n\n\n<figure class=\"wp-block-pullquote classe bq-small\"><blockquote><p><strong>Art. 1.261.<\/strong> Se a posse da coisa m\u00f3vel se prolongar por <strong>cinco anos<\/strong>, produzir\u00e1 usucapi\u00e3o, independentemente de t\u00edtulo ou boa-f\u00e9.<\/p><\/blockquote><\/figure>\n\n\n\n<p>Neste caso, como o lapso temporal foi ampliado, a lei n\u00e3o exige justo t\u00edtulo ou boa-f\u00e9.<\/p>\n\n\n\n<h3 class=\"wp-block-heading\">Usucapi\u00e3o de bem im\u00f3vel<\/h3>\n\n\n\n<p>Sabemos que os bens im\u00f3veis s\u00e3o fonte de in\u00fameros conflitos no Brasil, tanto pela sua import\u00e2ncia social, quanto pela exist\u00eancia de in\u00fameros im\u00f3veis em situa\u00e7\u00e3o irregular.<\/p>\n\n\n\n<p>Por isso, temos diversas formas diferentes de usucapi\u00e3o de bens im\u00f3veis, que vamos entender abaixo.<\/p>\n\n\n\n<h4 class=\"wp-block-heading\">Usucapi\u00e3o ordin\u00e1ria de bem im\u00f3vel<\/h4>\n\n\n\n<p>Como podemos ver,&nbsp; os requisitos para a usucapi\u00e3o ordin\u00e1ria de bens im\u00f3veis s\u00e3o:<\/p>\n\n\n\n<ul class=\"wp-block-list\">\n<li>O <em>animus domini<\/em>, ou seja, o comportamento como propriet\u00e1rio do bem;<\/li>\n\n\n\n<li>Inexist\u00eancia de oposi\u00e7\u00e3o \u00e0 posse;<\/li>\n\n\n\n<li>Exist\u00eancia de justo t\u00edtulo, ou seja, de um documento que se acredite ser suficiente para a transmiss\u00e3o do bem;<\/li>\n\n\n\n<li>Boa-f\u00e9; e<\/li>\n\n\n\n<li>Posse ininterrupta pelo per\u00edodo de 10 (dez) anos.<\/li>\n<\/ul>\n\n\n\n<h5 class=\"wp-block-heading\">Prazo da usucapi\u00e3o de bem im\u00f3vel ordin\u00e1ria<\/h5>\n\n\n\n<p>A usucapi\u00e3o ordin\u00e1ria est\u00e1 prevista no art. 1.242 do C\u00f3digo Civil, que disp\u00f5e:<\/p>\n\n\n\n<figure class=\"wp-block-pullquote classe bq-small\"><blockquote><p><strong>Art. 1.242. <\/strong>Adquire tamb\u00e9m a propriedade do im\u00f3vel aquele que, cont\u00ednua e incontestadamente, com justo t\u00edtulo e boa-f\u00e9, o <strong>possuir por dez anos.<\/strong><br>Par\u00e1grafo \u00fanico. Ser\u00e1 de cinco anos o prazo previsto neste artigo se o im\u00f3vel houver sido adquirido, onerosamente, com base no registro constante do respectivo cart\u00f3rio, cancelada posteriormente, desde que os possuidores nele tiverem estabelecido a sua moradia, ou realizado investimentos de interesse social e econ\u00f4mico.<\/p><\/blockquote><\/figure>\n\n\n\n<p>Nesse contexto, h\u00e1 a possibilidade de reduzir este prazo para 05 anos, em uma hip\u00f3tese muito espec\u00edfica:&nbsp;<\/p>\n\n\n\n<ul class=\"wp-block-list\">\n<li>Se o im\u00f3vel foi adquirido onerosamente, com base em registro no cart\u00f3rio competente posteriormente cancelado;<\/li>\n\n\n\n<li>Somente caso os possuidores tiverem estabelecido moradia ou realizado investimentos de car\u00e1ter social e econ\u00f4mico no im\u00f3vel.<\/li>\n<\/ul>\n\n\n\n<p>Dessa forma, podemos ver que esta \u00e9 uma hip\u00f3tese bem espec\u00edfica, que busca destacar a situa\u00e7\u00e3o de cancelamento posterior do registro, al\u00e9m de destacar a <a href=\"https:\/\/www.aurum.com.br\/blog\/funcao-social-da-propriedade\/\">fun\u00e7\u00e3o social da propriedade<\/a>.<\/p>\n\n\n\n<h4 class=\"wp-block-heading\">Usucapi\u00e3o extraordin\u00e1ria de bem im\u00f3vel<\/h4>\n\n\n\n<p>Outra possibilidade \u00e9 a usucapi\u00e3o extraordin\u00e1ria de bem im\u00f3vel. Os seus requisitos s\u00e3o:<\/p>\n\n\n\n<ul class=\"wp-block-list\">\n<li>Exist\u00eancia do <em>animus domini<\/em>, o comportamento de propriet\u00e1rio;<\/li>\n\n\n\n<li>Inexist\u00eancia de oposi\u00e7\u00e3o \u00e0 posse;<\/li>\n\n\n\n<li>Posse ininterrupta por 15 (quinze) anos.<\/li>\n<\/ul>\n\n\n\n<p>Como podemos ver, para a usucapi\u00e3o extraordin\u00e1ria n\u00e3o s\u00e3o necess\u00e1rios justo t\u00edtulo nem boa-f\u00e9.<\/p>\n\n\n\n<h5 class=\"wp-block-heading\">Prazo da usucapi\u00e3o de bem im\u00f3vel extraordin\u00e1ria<\/h5>\n\n\n\n<p>No art. 1.238 do C\u00f3digo Civil, a usucapi\u00e3o de bem im\u00f3vel extraordin\u00e1ria \u00e9 prevista da seguinte maneira:<\/p>\n\n\n\n<figure class=\"wp-block-pullquote classe bq-small\"><blockquote><p><strong>Art. 1.238. <\/strong>Aquele que, por <strong>quinze anos, sem interrup\u00e7\u00e3o, nem oposi\u00e7\u00e3o<\/strong>, possuir como seu um im\u00f3vel, adquire-lhe a propriedade, independentemente de t\u00edtulo e boa-f\u00e9; podendo requerer ao juiz que assim o declare por senten\u00e7a, a qual servir\u00e1 de t\u00edtulo para o registro no Cart\u00f3rio de Registro de Im\u00f3veis.<br>Par\u00e1grafo \u00fanico. O prazo estabelecido neste artigo reduzir-se-\u00e1 a <strong>dez anos se o possuidor houver estabelecido no im\u00f3vel a sua moradia habitual<\/strong>, ou nele realizado obras ou servi\u00e7os de car\u00e1ter produtivo.<\/p><\/blockquote><\/figure>\n\n\n\n<p>Tamb\u00e9m existe uma possibilidade de redu\u00e7\u00e3o do prazo para 10 anos, no caso de<strong>:<\/strong><\/p>\n\n\n\n<ul class=\"wp-block-list\">\n<li>O possuidor ter estabelecido sua moradia no im\u00f3vel;<\/li>\n\n\n\n<li>Ou ter realizado obras ou servi\u00e7os de car\u00e1ter produtivo.<\/li>\n<\/ul>\n\n\n\n<p>Vemos que a causa de redu\u00e7\u00e3o \u00e9 bem diferente do caso da usucapi\u00e3o ordin\u00e1ria, sendo a extraordin\u00e1ria mais abrangente.<\/p>\n\n\n\n<h4 class=\"wp-block-heading\">Usucapi\u00e3o especial urbana<\/h4>\n\n\n\n<p>Os requisitos da <a href=\"https:\/\/www.aurum.com.br\/blog\/glossario-juridico\/usucapiao-especial\/\">usucapi\u00e3o especial<\/a> urbana s\u00e3o:<\/p>\n\n\n\n<ul class=\"wp-block-list\">\n<li>Exist\u00eancia do <em>animus domini<\/em>, o comportamento de propriet\u00e1rio;<\/li>\n\n\n\n<li>Inexist\u00eancia de oposi\u00e7\u00e3o \u00e0 posse;<\/li>\n\n\n\n<li>Posse ininterrupta por 05 (cinco) anos;<\/li>\n\n\n\n<li>Utiliza\u00e7\u00e3o do im\u00f3vel para moradia sua ou de sua fam\u00edlia;<\/li>\n\n\n\n<li>Im\u00f3vel de at\u00e9 250m\u00b2;<\/li>\n\n\n\n<li>N\u00e3o ser propriet\u00e1rio de outro im\u00f3vel, urbano ou rural;<\/li>\n\n\n\n<li>N\u00e3o ter tido reconhecida esta forma de usucapi\u00e3o anteriormente.<\/li>\n<\/ul>\n\n\n\n<p>Esta possibilidade est\u00e1 prevista em tr\u00eas locais:&nbsp;<\/p>\n\n\n\n<ul class=\"wp-block-list\">\n<li>Art. 183 da Constitui\u00e7\u00e3o;<\/li>\n\n\n\n<li>Art. 1.240 do C\u00f3digo Civil;<\/li>\n\n\n\n<li>&nbsp;Art. 9\u00ba da <a href=\"https:\/\/www.aurum.com.br\/blog\/estatuto-da-cidade\/\">Lei 10.257<\/a>\/2001.&nbsp;<\/li>\n<\/ul>\n\n\n\n<h5 class=\"wp-block-heading\">Prazo da usucapi\u00e3o especial urbana<\/h5>\n\n\n\n<p>De acordo com o Art. 9\u00ba da Lei 10.257\/2001:&nbsp;<\/p>\n\n\n\n<figure class=\"wp-block-pullquote classe bq-small\"><blockquote><p>Art. 9\u00ba Aquele que possuir como sua \u00e1rea ou <strong>edifica\u00e7\u00e3o urbana de at\u00e9 duzentos e cinq\u00fcenta metros quadrados, por cinco anos<\/strong>, ininterruptamente e sem oposi\u00e7\u00e3o, utilizando-a para sua moradia ou de sua fam\u00edlia, adquirir-lhe-\u00e1 o dom\u00ednio, desde que n\u00e3o seja propriet\u00e1rio de outro im\u00f3vel urbano ou rural.<br>\u00a7 1\u00ba O t\u00edtulo de dom\u00ednio ser\u00e1 conferido ao homem ou \u00e0 mulher, ou a ambos, independentemente do estado civil.<br>\u00a7 2\u00ba O direito de que trata este artigo n\u00e3o ser\u00e1 reconhecido ao mesmo possuidor mais de uma vez.<br>\u00a7 3\u00ba Para os efeitos deste artigo, o herdeiro leg\u00edtimo continua, de pleno direito, a posse de seu antecessor, desde que j\u00e1 resida no im\u00f3vel por ocasi\u00e3o da abertura da sucess\u00e3o.<\/p><\/blockquote><\/figure>\n\n\n\n<p>Apesar do lapso temporal mais curto, essa esp\u00e9cie de usucapi\u00e3o tem limita\u00e7\u00f5es na destina\u00e7\u00e3o e no tamanho no im\u00f3vel, al\u00e9m de s\u00f3 pode ser alegada uma vez.<\/p>\n\n\n\n<h4 class=\"wp-block-heading\">Usucapi\u00e3o especial rural<\/h4>\n\n\n\n<p>Seus requisitos s\u00e3o:<\/p>\n\n\n\n<ul class=\"wp-block-list\">\n<li>Exist\u00eancia do <em>animus domini<\/em>, o comportamento de propriet\u00e1rio;<\/li>\n\n\n\n<li>Inexist\u00eancia de oposi\u00e7\u00e3o \u00e0 posse;<\/li>\n\n\n\n<li>Posse ininterrupta por 05 (cinco) anos;<\/li>\n\n\n\n<li>Utiliza\u00e7\u00e3o do im\u00f3vel para moradia, al\u00e9m de torn\u00e1-lo produtivo pelo trabalho pr\u00f3prio ou da fam\u00edlia<\/li>\n\n\n\n<li>Im\u00f3vel de at\u00e9 50 hectares;<\/li>\n\n\n\n<li>N\u00e3o ser propriet\u00e1rio de outro im\u00f3vel, urbano ou rural.<\/li>\n<\/ul>\n\n\n\n<p>Podemos ver que ela \u00e9 muito semelhante \u00e0 usucapi\u00e3o especial urbana, com a diferen\u00e7a de que n\u00e3o existe a limita\u00e7\u00e3o de poder ser reconhecida apenas uma vez.<\/p>\n\n\n\n<p><em>Leia tamb\u00e9m: <a href=\"https:\/\/www.aurum.com.br\/blog\/usucapiao-rural\/\">Como funciona a usucapi\u00e3o rural e seus requisitos<\/a>!<\/em><\/p>\n\n\n\n<h5 class=\"wp-block-heading\">Prazo da usucapi\u00e3o especial rural<\/h5>\n\n\n\n<p>Assim como a propriedade urbana possui um tipo especial de usucapi\u00e3o, a propriedade rural tamb\u00e9m possui, com previs\u00e3o do art. 1.239 do C\u00f3digo Civil:&nbsp;<\/p>\n\n\n\n<figure class=\"wp-block-pullquote classe bq-small\"><blockquote><p><strong>Art. 1.239.<\/strong> Aquele que, n\u00e3o sendo propriet\u00e1rio de im\u00f3vel rural ou urbano, possua como sua, por <strong>cinco anos ininterruptos, sem oposi\u00e7\u00e3o<\/strong>, \u00e1rea de terra em zona rural n\u00e3o superior a cinq\u00fcenta hectares, tornando-a produtiva por seu trabalho ou de sua fam\u00edlia, tendo nela sua moradia, adquirir-lhe-\u00e1 a propriedade.<\/p><\/blockquote><\/figure>\n\n\n\n<h4 class=\"wp-block-heading\">Usucapi\u00e3o especial coletiva<\/h4>\n\n\n\n<p>Seus requisitos s\u00e3o semelhantes \u00e0 da usucapi\u00e3o especial urbana:<\/p>\n\n\n\n<ul class=\"wp-block-list\">\n<li>Exist\u00eancia do <em>animus domini<\/em>, o comportamento de propriet\u00e1rio;<\/li>\n\n\n\n<li>Inexist\u00eancia de oposi\u00e7\u00e3o \u00e0 posse;<\/li>\n\n\n\n<li>Posse ininterrupta por 05 (cinco) anos;<\/li>\n\n\n\n<li>Utiliza\u00e7\u00e3o do im\u00f3vel para moradia sua ou de sua fam\u00edlia;<\/li>\n\n\n\n<li>Im\u00f3vel de at\u00e9 250m\u00b2;<\/li>\n\n\n\n<li>N\u00e3o ser propriet\u00e1rio de outro im\u00f3vel, urbano ou rural.<\/li>\n<\/ul>\n\n\n\n<p>A grande diferen\u00e7a aqui \u00e9 que <strong>a propriedade ser\u00e1 dividida entre diversas pessoas<\/strong>.<\/p>\n\n\n\n<p>H\u00e1 mais algumas exig\u00eancias e altera\u00e7\u00f5es quanto \u00e0 legitimidade ativa, mas n\u00e3o vamos entrar em detalhes pois a ideia deste artigo \u00e9 ser uma vis\u00e3o geral sobre usucapi\u00e3o.<\/p>\n\n\n\n<h5 class=\"wp-block-heading\">Prazo da usucapi\u00e3o especial coletiva<\/h5>\n\n\n\n<p>A usucapi\u00e3o coletiva est\u00e1 prevista do art. 10 da Lei 10.257\/2001, o Estatuto da Cidade:<\/p>\n\n\n\n<figure class=\"wp-block-pullquote classe bq-small\"><blockquote><p><strong>Art. 10.<\/strong>&nbsp; Os n\u00facleos urbanos informais existentes sem oposi\u00e7\u00e3o h\u00e1 mais de cinco anos e cuja \u00e1rea total dividida pelo n\u00famero de possuidores seja inferior a duzentos e cinquenta metros quadrados por possuidor s\u00e3o suscet\u00edveis de serem usucapidos coletivamente, desde que os possuidores n\u00e3o sejam propriet\u00e1rios de outro im\u00f3vel urbano ou rural.<\/p><\/blockquote><\/figure>\n\n\n\n<p>Trata-se de uma modalidade de usucapi\u00e3o <strong>utilizada para regularizar im\u00f3veis de baixa renda<\/strong>, por isso a refer\u00eancia a \u201cn\u00facleos urbanos informais\u201d.<\/p>\n\n\n\n<h4 class=\"wp-block-heading\">Usucapi\u00e3o especial ind\u00edgena<\/h4>\n\n\n\n<p>Aqui, temos como requisitos:<\/p>\n\n\n\n<ul class=\"wp-block-list\">\n<li>Exist\u00eancia do <em>animus domini<\/em>, o comportamento de propriet\u00e1rio;<\/li>\n\n\n\n<li>Inexist\u00eancia de oposi\u00e7\u00e3o \u00e0 posse;<\/li>\n\n\n\n<li>Posse ininterrupta por 10 (dez) anos;<\/li>\n\n\n\n<li>Im\u00f3vel de at\u00e9 50 hectares.<\/li>\n<\/ul>\n\n\n\n<p>Trata-se de prote\u00e7\u00e3o especial constante do <a href=\"http:\/\/www.planalto.gov.br\/ccivil_03\/leis\/l6001.htm\" target=\"_blank\" rel=\"noreferrer noopener nofollow\">Estatuto do \u00cdndio<\/a>.<\/p>\n\n\n\n<h5 class=\"wp-block-heading\">Prazo da usucapi\u00e3o especial ind\u00edgena<\/h5>\n\n\n\n<p>A usucapi\u00e3o especial ind\u00edgena \u00e9 prevista no art. 33 da Lei 6.001\/1973:<\/p>\n\n\n\n<figure class=\"wp-block-pullquote classe bq-small\"><blockquote><p><strong>Art. 33. <\/strong>O \u00edndio, integrado ou n\u00e3o, que ocupe como pr\u00f3prio, por <strong>dez anos consecutivos<\/strong>, trecho de terra inferior a cinq\u00fcenta hectares, adquirir-lhe-\u00e1 a propriedade plena.<br>Par\u00e1grafo \u00fanico. O disposto neste artigo n\u00e3o se aplica \u00e0s terras do dom\u00ednio da Uni\u00e3o, ocupadas por grupos tribais, \u00e0s \u00e1reas reservadas de que trata esta Lei, nem \u00e0s terras de propriedade coletiva de grupo tribal.<\/p><\/blockquote><\/figure>\n\n\n\n<h4 class=\"wp-block-heading\">Usucapi\u00e3o especial familiar<\/h4>\n\n\n\n<p>Seus requisitos s\u00e3o:<\/p>\n\n\n\n<ul class=\"wp-block-list\">\n<li>Exist\u00eancia do <em>animus domini<\/em>, o comportamento de propriet\u00e1rio;<\/li>\n\n\n\n<li>Inexist\u00eancia de oposi\u00e7\u00e3o \u00e0 posse;<\/li>\n\n\n\n<li>Posse ininterrupta por 02 (dois) anos;<\/li>\n\n\n\n<li>Utiliza\u00e7\u00e3o do im\u00f3vel para moradia sua ou de sua fam\u00edlia;<\/li>\n\n\n\n<li>Im\u00f3vel de at\u00e9 250m\u00b2;<\/li>\n\n\n\n<li>N\u00e3o ser propriet\u00e1rio de outro im\u00f3vel, urbano ou rural;<\/li>\n\n\n\n<li>Abandono do lar pelo outro c\u00f4njuge.<\/li>\n<\/ul>\n\n\n\n<p>Essa modalidade de usucapi\u00e3o visa proteger o c\u00f4njuge que fica no im\u00f3vel, com seus <a href=\"https:\/\/www.aurum.com.br\/blog\/onus-da-prova\/\">\u00f4nus<\/a>, sendo abandonado pelo outro c\u00f4njuge.<\/p>\n\n\n\n<p>\u00c9 importante destacar que n\u00e3o se discute eventual culpa pela separa\u00e7\u00e3o ou <a href=\"https:\/\/www.aurum.com.br\/blog\/divorcio-litigioso\/\">div\u00f3rcio<\/a> neste tipo de usucapi\u00e3o, nem se trata de uma tentativa de evitar a sua ocorr\u00eancia. O objetivo \u00e9 impedir o abandono por um dos c\u00f4njuges, ou seja, a situa\u00e7\u00e3o irregular, n\u00e3o efetivada juridicamente, com o desaparecimento deste.<\/p>\n\n\n\n<h5 class=\"wp-block-heading\">Prazo da usucapi\u00e3o especial familiar<\/h5>\n\n\n\n<p>Prevista no art. 1.240-A do C\u00f3digo Civil, esta <strong>\u00e9 uma previs\u00e3o espec\u00edfica para o div\u00f3rcio<\/strong>, havendo abandono de lar por um dos c\u00f4njuges:<\/p>\n\n\n\n<figure class=\"wp-block-pullquote classe bq-small\"><blockquote><p><strong>Art. 1.240-A.<\/strong> Aquele que exercer, por 2<strong> (dois) anos ininterruptamente e sem oposi\u00e7\u00e3o<\/strong>, posse direta, com exclusividade, sobre im\u00f3vel urbano de at\u00e9 250m\u00b2 (duzentos e cinquenta metros quadrados) cuja propriedade divida com ex-c\u00f4njuge ou ex-companheiro que abandonou o lar, utilizando-o para sua moradia ou de sua fam\u00edlia, adquirir-lhe-\u00e1 o dom\u00ednio integral, desde que n\u00e3o seja propriet\u00e1rio de outro im\u00f3vel urbano ou rural.<\/p><\/blockquote><\/figure>\n\n\n\n<h2 class=\"wp-block-heading\">Como fazer usucapi\u00e3o de um im\u00f3vel?<\/h2>\n\n\n\n<p>A usucapi\u00e3o pode ser buscada <strong>nas duas formas:&nbsp;Judicial e extrajudicial.<\/strong><\/p>\n\n\n\n<p>Para iniciar um processo de usucapi\u00e3o no Brasil, \u00e9 necess\u00e1rio preencher certos requisitos legais que variam de acordo com o tipo de usucapi\u00e3o (urbano, rural, familiar, etc.). Ap\u00f3s confirmar que voc\u00ea se encaixa nos crit\u00e9rios, siga os seguintes passos:<\/p>\n\n\n\n<ol class=\"wp-block-list\">\n<li><strong>Reunir Documenta\u00e7\u00e3o<\/strong>: Colete todos os documentos que comprovem a posse, como contas de utilidades, <a href=\"https:\/\/www.aurum.com.br\/blog\/glossario-juridico\/contrato-de-locacao\/\" data-wpil-monitor-id=\"692\">contratos de aluguel<\/a>, e declara\u00e7\u00f5es de testemunhas. Mapas, plantas e registros fotogr\u00e1ficos tamb\u00e9m podem ajudar.<\/li>\n\n\n\n<li><strong>Consultar um Advogado<\/strong>: Devido \u00e0 complexidade do <a href=\"https:\/\/www.aurum.com.br\/blog\/glossario-juridico\/processo\/\" data-wpil-monitor-id=\"693\">processo<\/a> e das leis envolvidas, \u00e9 aconselh\u00e1vel contratar um advogado especializado em direito imobili\u00e1rio.<\/li>\n\n\n\n<li><strong>Ajuizar a <a href=\"https:\/\/www.aurum.com.br\/blog\/glossario-juridico\/acao\/\">A\u00e7\u00e3o<\/a><\/strong>: Seu advogado ajuizar\u00e1 uma a\u00e7\u00e3o de usucapi\u00e3o em um f\u00f3rum competente. O juiz ent\u00e3o determinar\u00e1 a cita\u00e7\u00e3o dos envolvidos e a publica\u00e7\u00e3o em jornais de grande circula\u00e7\u00e3o para informar terceiros interessados.<\/li>\n\n\n\n<li><strong>Per\u00edcia e Avalia\u00e7\u00e3o<\/strong>: Em muitos casos, um perito ser\u00e1 designado para avaliar a situa\u00e7\u00e3o do im\u00f3vel e confirmar se os requisitos foram cumpridos.<\/li>\n\n\n\n<li><strong>Senten\u00e7a<\/strong>: Se o juiz entender que todos os requisitos foram preenchidos, ele emitir\u00e1 uma senten\u00e7a declarat\u00f3ria de usucapi\u00e3o.<\/li>\n\n\n\n<li><strong>Registro em Cart\u00f3rio<\/strong>: Por fim, a senten\u00e7a deve ser levada ao cart\u00f3rio de registro de im\u00f3veis para que a propriedade seja oficialmente transferida para o seu nome.<\/li>\n\n\n\n<li><strong>Pagamento de Custas<\/strong>: Haver\u00e1 custos relacionados ao processo, incluindo taxas judiciais e <a href=\"https:\/\/www.aurum.com.br\/blog\/glossario-juridico\/honorarios-advocaticios\/\" data-wpil-monitor-id=\"691\">honor\u00e1rios advocat\u00edcios<\/a>.<\/li>\n<\/ol>\n\n\n\n<p>A forma judicial \u00e9 bem conhecida dos advogados, e costuma ser at\u00e9 mesmo a primeira escolha. No entanto, trata-se de um processo demorado, o que pode ser prejudicial ao cliente. Assim, criou-se a <a href=\"https:\/\/www.aurum.com.br\/blog\/usucapiao-extrajudicial\/\">usucapi\u00e3o extrajudicial<\/a>, permitindo um tr\u00e2mite mais r\u00e1pido fora da justi\u00e7a.&nbsp;<\/p>\n\n\n\n<p>Voc\u00ea pode saber mais sobre o tema, como funciona, quando utilizar e suas vantagens, aqui no Portal da Aurum, em um artigo completo sobre o tema. Para isso, clique aqui: <a href=\"https:\/\/www.aurum.com.br\/blog\/usucapiao-extrajudicial\/\">Usucapi\u00e3o extrajudicial no Novo CPC<\/a>.<\/p>\n\n\n\n<p>Independente da forma escolhida, <strong>\u00e9 importante contar com a ajuda de um profissional qualificado<\/strong>, que entenda as vantagens e desvantagens de cada esp\u00e9cie.<\/p>\n\n\n\n<h2 class=\"wp-block-heading\">Modelo de Usucapi\u00e3o<\/h2>\n\n\n\n<p>Para auxiliar ainda mais no processo de entendimento e aplica\u00e7\u00e3o do usucapi\u00e3o, a advogada <a href=\"https:\/\/www.aurum.com.br\/blog\/author\/tamara-anzai\/\">Tamara Anzai<\/a>, tamb\u00e9m colunista do Portal da Aurum, disponibilizou um <strong>modelo gratuito de usucapi\u00e3o<\/strong>. <\/p>\n\n\n\n<p>Com ele, \u00e9 poss\u00edvel economizar tempo e garantir que todos os requisitos legais sejam atendidos corretamente. <\/p>\n\n\n\n<p>Acesse o modelo de forma gratuita clicando no bot\u00e3o abaixo!<\/p>\n\n\n<a href=\"https:\/\/www.aurum.com.br\/blog\/material\/modelo-de-usucapiao\/\" class=\"btn btn-blue\">acessar modelo gratuito de usucapi\u00e3o<\/a>\n\n\n\n<h2 class=\"wp-block-heading\">Quanto custa fazer usucapi\u00e3o?<\/h2>\n\n\n\n<p>N\u00e3o existe um valor padr\u00e3o para a usucapi\u00e3o. Isso devido aos v\u00e1rios tipos e \u00e0s especificidades das diversas situa\u00e7\u00f5es em que ela \u00e9 trabalhada.<\/p>\n\n\n\n<p>Por\u00e9m, a t\u00edtulo de estimativa, podemos citar um exemplo.<strong> No caso de usucapi\u00e3o de bens im\u00f3veis, o valor da a\u00e7\u00e3o pode variar de 10% a 30% do valor do im\u00f3vel.<\/strong><\/p>\n\n\n\n<p>Abaixo, separei um v\u00eddeo para voc\u00ea entender mais sobre quanto custa fazer usucapi\u00e3o.<\/p>\n\n\n\n<h2 class=\"wp-block-heading\">Principais d\u00favidas sobre usucapi\u00e3o<\/h2>\n\n\n\n<h3 class=\"wp-block-heading\">Quando se aplica o usucapi\u00e3o?<\/h3>\n\n\n\n<p>A usucapi\u00e3o \u00e9 aplicada como<strong> forma de algu\u00e9m se tornar dono de um bem<\/strong>, ap\u00f3s cuidar dele durante determinado per\u00edodo. Al\u00e9m disso, \u00e9 preciso seguir alguns requisitos definidos por cada tipo de usucapi\u00e3o.<\/p>\n\n\n\n<h3 class=\"wp-block-heading\">Quais s\u00e3o as 5 modalidades de usucapi\u00e3o?<\/h3>\n\n\n\n<p>Existem diferentes tipos, como <strong>usucapi\u00e3o extraordin\u00e1ria, ordin\u00e1ria, familiar, rural, urbano, entre outras,<\/strong> cada uma com seus requisitos espec\u00edficos.<\/p>\n\n\n\n<h3 class=\"wp-block-heading\">Qual \u00e9 o prazo necess\u00e1rio para a aquisi\u00e7\u00e3o por usucapi\u00e3o?<\/h3>\n\n\n\n<p>O prazo varia de acordo com o tipo de usucapi\u00e3o. Por exemplo, o usucapi\u00e3o extraordin\u00e1rio exige posse por <strong>15 anos ininterruptos e sem oposi\u00e7\u00e3o.<\/strong><\/p>\n\n\n\n<h3 class=\"wp-block-heading\">\u00c9 necess\u00e1rio ajuizar uma a\u00e7\u00e3o para reconhecimento de usucapi\u00e3o? <\/h3>\n\n\n\n<p><strong>Em geral, sim.<\/strong> A a\u00e7\u00e3o de usucapi\u00e3o \u00e9 o instrumento jur\u00eddico por meio do qual se busca o reconhecimento judicial da propriedade.<\/p>\n\n\n\n<h3 class=\"wp-block-heading\">O que impede o usucapi\u00e3o?<\/h3>\n\n\n\n<p><strong>Terras p\u00fablicas n\u00e3o s\u00e3o pass\u00edveis de usucapi\u00e3o.<\/strong> Al\u00e9m disso, os seguintes contratos podem afastar a possibilidade da a\u00e7\u00e3o de usucapi\u00e3o: Contrato de Loca\u00e7\u00e3o de Im\u00f3veis; <a href=\"https:\/\/www.aurum.com.br\/blog\/comodato\/\">Contrato de Comodato<\/a>.<\/p>\n\n\n\n<h3 class=\"wp-block-heading\">Usucapi\u00e3o interrompe d\u00edvidas anteriores do im\u00f3vel? <\/h3>\n\n\n\n<p>A usucapi\u00e3o <strong>pode extinguir algumas d\u00edvidas, mas n\u00e3o todas. <\/strong>Em geral, d\u00e9bitos fiscais, como IPTU, podem continuar existindo.<\/p>\n\n\n\n<h3 class=\"wp-block-heading\">A usucapi\u00e3o pode ocorrer mesmo sem registro do im\u00f3vel em cart\u00f3rio?<\/h3>\n\n\n\n<p><strong>Sim, em muitos casos<\/strong> a usucapi\u00e3o pode ocorrer mesmo sem o registro do im\u00f3vel em cart\u00f3rio. A posse mansa e pac\u00edfica \u00e9 o elemento chave.<\/p>\n\n\n\n<h3 class=\"wp-block-heading\">Quantos anos para ter direito a usucapi\u00e3o?<\/h3>\n\n\n\n<p>O per\u00edodo para usucapi\u00e3o de im\u00f3veis <strong>varia entre 5 e 15 anos<\/strong>, dependendo do tipo (urbano, rural, familiar, entre outros) e das condi\u00e7\u00f5es espec\u00edficas. Para bens m\u00f3veis, o tempo geralmente \u00e9 de 3 a 5 anos.<\/p>\n\n\n\n<style>\n    #adpost-block_ebf79655fbf89291cea6f7c3d5816dcf.anuncio-post-reverse {\n        display: flex;\n        gap: 24px;\n        border-radius: 8px;\n        width: 100%;\n        max-width: 752px;\n        padding: 40px;\n        background: #CCD1FF;\n        margin: 16px auto;\n    }\n\n    #adpost-block_ebf79655fbf89291cea6f7c3d5816dcf .anuncio-container {\n        display: flex;\n        flex-direction: column;\n        gap: 24px;\n        width: 100%;\n        max-width: 333px;\n    }\n\n    #adpost-block_ebf79655fbf89291cea6f7c3d5816dcf .anuncio-container .logo {\n        width: 100%;\n        max-width: 177px;\n        margin: 0;\n    }\n\n    #adpost-block_ebf79655fbf89291cea6f7c3d5816dcf .anuncio-text-container {\n        display: flex;\n        flex-direction: column;\n        gap: 24px;\n    }\n\n    #adpost-block_ebf79655fbf89291cea6f7c3d5816dcf .anuncio-text-container .title {\n        font-family: 'Ubuntu';\n        font-size: 1.5rem; \/\/24px\n        font-weight: 700;\n        line-height: 120%;\n        margin: 0;\n        color: #000;\n    }\n\n    #adpost-block_ebf79655fbf89291cea6f7c3d5816dcf .anuncio-text-container .text {\n        font-size: 0.875rem;\n        font-weight: 400;\n        line-height: 170%;\n        color: #000;\n    }\n\n    #adpost-block_ebf79655fbf89291cea6f7c3d5816dcf .anuncio-container .button {\n        display: inline-flex;\n        align-items: center;\n        justify-content: center;\n        width: fit-content;\n        height: 48px;\n        border-radius: 8px;\n        padding: 12px 24px;\n        font-size: 1rem;\n        font-weight: 600;\n        text-decoration: none;\n        background: #3C48AA;\n        color: #fff;\n    }\n\n    #adpost-block_ebf79655fbf89291cea6f7c3d5816dcf .image-container {\n        position: relative;\n        width: 100%;\n        height: 100%;\n    }\n\n    #adpost-block_ebf79655fbf89291cea6f7c3d5816dcf .image-container.float {\n        min-height: 236px;\n    }\n\n    #adpost-block_ebf79655fbf89291cea6f7c3d5816dcf .image-container .image-desktop {\n        width: 100%;\n        max-width: 323px;\n        object-fit: contain;\n        margin: 0;\n    }\n\n    #adpost-block_ebf79655fbf89291cea6f7c3d5816dcf .image-container .image-mobile {\n        display: none;\n        width: 100%;\n        max-width: 291px;\n        object-fit: contain;\n        margin: 0;\n    }\n\n    #adpost-block_ebf79655fbf89291cea6f7c3d5816dcf .image-container.float .image-desktop,\n    #adpost-block_ebf79655fbf89291cea6f7c3d5816dcf .image-container.float .image-mobile {\n        position: absolute;\n        right: 0;\n        bottom: 0;\n    }\n\n    #adpost-block_ebf79655fbf89291cea6f7c3d5816dcf .image-container img {\n        border-radius: 8px;\n    }\n\n    \/************\n    * MOBILE \n    *************\/\n    @media (max-width: 1439px) {\n        #adpost-block_ebf79655fbf89291cea6f7c3d5816dcf.anuncio-post-reverse {\n            flex-direction: column-reverse;\n            max-width: fit-content;\n            padding: 24px;\n        }\n\n        #adpost-block_ebf79655fbf89291cea6f7c3d5816dcf .anuncio-container {\n            max-width: 280px;\n            align-items: center;\n        }\n\n        #adpost-block_ebf79655fbf89291cea6f7c3d5816dcf .anuncio-container .logo {\n            max-width: 147px;\n        }\n\n        #adpost-block_ebf79655fbf89291cea6f7c3d5816dcf .anuncio-text-container {\n            gap: 8px;\n        }\n\n        #adpost-block_ebf79655fbf89291cea6f7c3d5816dcf .anuncio-text-container .title {\n            font-size: 1.25rem;\n            text-align: center;\n        }\n\n        #adpost-block_ebf79655fbf89291cea6f7c3d5816dcf .anuncio-text-container .text {\n            text-align: center;\n        }\n\n        #adpost-block_ebf79655fbf89291cea6f7c3d5816dcf .anuncio-container .button {\n            width: 100%;\n        }\n\n        #adpost-block_ebf79655fbf89291cea6f7c3d5816dcf .image-container.float {\n            min-height: 182px;\n        }\n\n        #adpost-block_ebf79655fbf89291cea6f7c3d5816dcf .image-container .image-desktop {\n            display: none;\n        }\n\n        #adpost-block_ebf79655fbf89291cea6f7c3d5816dcf .image-container .image-mobile {\n            display: block;\n        }\n    }\n\n    \/*******************\n    * RESET GLOBAL CSS \n    ********************\/\n    #s-post main article .content .image-container img {\n        margin: 0;\n    }\n<\/style>\n\n\n<article id=\"adpost-block_ebf79655fbf89291cea6f7c3d5816dcf\" class=\"anuncio-post-reverse\">\n    <div class=\"anuncio-container\">\n        <img decoding=\"async\" class=\"logo\" src=\"https:\/\/www.aurum.com.br\/blog\/wp-content\/themes\/aurum\/img\/adposts\/logo-aurum-forum.png\" alt=\"Aurum\" \/>\n        <div class=\"anuncio-text-container\">\n             <h3 class=\"title\" >N\u00e3o encontrou todas as respostas por aqui?<\/h3>\n            <div class=\"text\" >No F\u00f3rum da Aurum, voc\u00ea pode levar sua pergunta e contar com a ajuda de advogados e advogadas que compartilham conhecimento de forma gratuita e acess\u00edvel<\/div>        <\/div>\n       \n        <a class=\"button\" href=\"\/blog\/forum-aurum\/?utm_source=blog&#038;utm_medium=adpost&#038;utm_campaign=forum-aurum\" target=\"_self\">Acesse agora<\/a>    <\/div>\n\n    <div class=\"image-container float\">\n        <img decoding=\"async\" class=\"image-desktop\" src=\"https:\/\/www.aurum.com.br\/blog\/wp-content\/themes\/aurum\/img\/adposts\/anuncio-reverse.png\" alt=\"\" \/>\n        <img decoding=\"async\" class=\"image-mobile\" src=\"https:\/\/www.aurum.com.br\/blog\/wp-content\/themes\/aurum\/img\/adposts\/anuncio-reverse-mobile.png\" alt=\"\" \/>    <\/div>\n<\/article>\n\n\n<h2 class=\"wp-block-heading\">Conclus\u00e3o<\/h2>\n\n\n\n<p>Busquei passar aqui uma vis\u00e3o geral da usucapi\u00e3o, apresentando as principais formas e seus requisitos. <strong>Trata-se de um instituto muito importante para a regulariza\u00e7\u00e3o da propriedade<\/strong>, sendo um instrumento importante de justi\u00e7a e pacifica\u00e7\u00e3o social.<\/p>\n\n\n\n<p>\u00c9 essencial sempre verificar qual esp\u00e9cie de usucapi\u00e3o se encaixa melhor ao caso analisado, especialmente considerando a documenta\u00e7\u00e3o existente (ou a sua aus\u00eancia), possibilitando sempre a melhor escolha.<\/p>\n\n\n\n<h3 class=\"wp-block-heading\">Mais conhecimento para voc\u00ea<\/h3>\n\n\n\n<p>Se voc\u00ea gostou desse artigo e quer seguir a leitura sobre direito imobili\u00e1rio, indico os seguintes conte\u00fados:<\/p>\n\n\n\n<ul class=\"wp-block-list\">\n<li><a href=\"https:\/\/www.aurum.com.br\/blog\/adjudicacao-compulsoria\/\">A\u00e7\u00e3o de adjudica\u00e7\u00e3o compuls\u00f3ria<\/a><\/li>\n\n\n\n<li><a href=\"https:\/\/www.aurum.com.br\/blog\/direito-de-propriedade\/\">O que \u00e9 direito de propriedade e como se comprova<\/a><\/li>\n\n\n\n<li><a href=\"https:\/\/www.aurum.com.br\/blog\/lei-de-registros-publicos\/\">Lei de Registros P\u00fablicos: o que mudou com a Lei 14.382<\/a><\/li>\n\n\n\n<li><a href=\"https:\/\/www.aurum.com.br\/blog\/periculum-in-mora\/\" data-type=\"URL\" data-id=\"https:\/\/www.aurum.com.br\/blog\/periculum-in-mora\/\">O que \u00e9 e como fundamentar o periculum in mora<\/a><\/li>\n\n\n\n<li><a href=\"https:\/\/www.aurum.com.br\/blog\/acao-de-despejo\/\">Entenda o que \u00e9 e quais s\u00e3o os requisitos da a\u00e7\u00e3o de despejo<\/a><\/li>\n\n\n\n<li><a href=\"https:\/\/www.aurum.com.br\/blog\/importunacao-sexual\/\">Saiba o que \u00e9 importuna\u00e7\u00e3o sexual e o que diz a lei<\/a><\/li>\n\n\n\n<li><a href=\"https:\/\/www.aurum.com.br\/blog\/transito-em-julgado\/\">Tr\u00e2nsito em julgado: o que \u00e9, como funciona, prazos e mais!<\/a><\/li>\n\n\n\n<li><a href=\"https:\/\/www.aurum.com.br\/blog\/nulidade\/\">Entenda o que \u00e9 a nulidade processual e quais os tipos<\/a><\/li>\n\n\n\n<li><a href=\"https:\/\/www.aurum.com.br\/blog\/usucapiao-familiar\/\">O que \u00e9 e para que serve a usucapi\u00e3o familiar<\/a><\/li>\n\n\n\n<li><a href=\"https:\/\/www.aurum.com.br\/blog\/registro-de-imoveis\/\">Registro de Im\u00f3veis: O que \u00e9, qual sua import\u00e2ncia e como funciona!<\/a><\/li>\n\n\n\n<li><a href=\"https:\/\/www.aurum.com.br\/blog\/marco-legal-dos-games\/\">Marco Legal dos Games: a regula\u00e7\u00e3o para a ind\u00fastria de jogos no Brasil<br><\/a><\/li>\n<\/ul>\n\n\n<style>\r\n  .news-post {\r\n    background: url('https:\/\/www.aurum.com.br\/blog\/wp-content\/themes\/aurum\/img\/bg-news-artigo.svg') no-repeat top center #3C48AA;\r\n    padding: 1.5rem;\r\n    border-radius: 6px;\r\n    margin: 1rem 0;\r\n  }\r\n  .news-post .icone {\r\n    display: none;\r\n  }\r\n  .news-post .title {\r\n    font-weight: 700;\r\n    font-size: 16px;\r\n    line-height: 130%;\r\n    text-align: center;\r\n    letter-spacing: -0.5px;\r\n    color: #fff;\r\n    margin-bottom: .9375rem;\r\n  }\r\n  .news-post p {\r\n    font-size: .875rem;\r\n    line-height: 140%;\r\n    text-align: center;\r\n    color: #fff;\r\n    margin-bottom: 1.25rem;\r\n  }\r\n  .news-post .news_button_span {\r\n    font-size: .8125rem;\r\n    display: block;\r\n    padding: .125rem .3125rem;\r\n    color: #fff;\r\n    text-align:left;\r\n  }\r\n  .news-post .news_button_span a {\r\n    color: #fff !important;\r\n    text-decoration: underline;\r\n  }\r\n  .news-post form {\r\n    width: 100%;\r\n  }\r\n  .news-post label {\r\n    font-weight: 600;\r\n    font-size: .9375rem;\r\n    line-height: 1.5rem;\r\n    margin-bottom: .5rem;\r\n    color: #fff;\r\n    display: block;\r\n  }\r\n  .news-post input {\r\n    background: #fff;\r\n    border: 1px solid #CBCBD9;\r\n    box-sizing: border-box;\r\n    border-radius: 4px;\r\n    padding: .75rem 1rem;\r\n    width: 100%;\r\n  }\r\n  .news-post button {\r\n    margin-top: .875rem;\r\n    width: 100%;\r\n    min-width: auto;\r\n    background: #FCC632;\r\n    color: #3C48AA;\r\n  }\r\n  .news-post .input {\r\n    position: relative;\r\n    padding-bottom: 10px;\r\n  }\r\n  .news-post .error-message-ad {\r\n    font-size: .875rem;\r\n    line-height: 130%;\r\n    color: #D50021;\r\n    margin-left: 4px;\r\n  }\r\n  .news-post .error {\r\n    border: 1px solid #D50021;\r\n  }\r\n  .news-post #message-form-ad {\r\n    border-radius: 4px;\r\n    padding: 0.7rem;\r\n    font-size:0.8rem;\r\n    text-align: center;\r\n    align-items: center;\r\n    justify-content: center;\r\n    display: none;\r\n  }\r\n  .news-post #message-form-ad svg {\r\n    margin-right: 8px;\r\n  }\r\n\r\n  @media(min-width: 561px) {\r\n    .news-post {\r\n      position: relative;\r\n      background: url('https:\/\/www.aurum.com.br\/blog\/wp-content\/themes\/aurum\/img\/bg-news-artigo.svg') no-repeat top center #3C48AA;\r\n      width: calc(100% - 30px);\r\n    }\r\n    .news-post .icone {\r\n      display: block;\r\n      position: absolute;\r\n      right: -30px;\r\n      top: 65px;\r\n      max-width: 142px;\r\n      width: 100%;\r\n      height: auto;\r\n      margin: 0;\r\n    }\r\n    .news-post .title {\r\n      font-size: 1.125rem;\r\n      text-align: left;\r\n      \/* padding-right: 3.75rem; *\/\r\n    }\r\n    .news-post p {\r\n      font-size: 1rem;\r\n      text-align: left;\r\n      max-width: 400px;\r\n    }\r\n    .news-post .boxes {\r\n      display: flex;\r\n      align-items: flex-start;\r\n    }\r\n    .news-post button {\r\n      margin: 0 0 0 1rem;\r\n      width: 100%;\r\n      max-width: 170px;\r\n      min-width: auto;\r\n      transition: all ease .3s\r\n    }\r\n    .news-post button:hover {\r\n      opacity: 0.9;\r\n      transition: all ease .3s\r\n    }\r\n    .news-post #message-form-ad {\r\n      padding: 1.125rem;\r\n      font-size:1rem;\r\n    }\r\n    .news-post #message-form-ad svg {\r\n      margin-right: 10px;\r\n    }\r\n  }\r\n<\/style>\r\n\r\n<div class=\"news-post\">\r\n  <div class=\"title news-ad-title\">Gostou do artigo e quer evoluir a sua advocacia?<\/div>\r\n  <p class=\"news-ad-subtitle\">Assine gr\u00e1tis a Aurum News e receba uma dose semanal de conte\u00fado no seu e-mail! \u270c\ufe0f<\/p>\r\n  <img decoding=\"async\" src=\"https:\/\/www.aurum.com.br\/blog\/wp-content\/themes\/aurum\/img\/icon-news-artigo.svg\" alt=\"\" class=\"icone\">\r\n\r\n  <form method=\"post\" name=\"newsletter-ad\" id=\"aurum-newsletter-ad\">\r\n    <div class=boxes>\r\n      <div class=\"input\">\r\n        <label class=\"label-email\" htmlFor=\"email-ad\">Qual seu e-mail?<\/label>\r\n        <input type=\"email\" id=\"email-ad\" name=\"newsletter-mail-ad\" placeholder=\"Digite seu e-mail?\">\r\n        <div class=\"error-message-ad-email\">Endere\u00e7o de e-mail inv\u00e1lido ou incorreto<\/div>\r\n\r\n        <label class=\"label-select\" htmlFor=\"lawsuits-select-ad\">\r\n          Quantos processos voc\u00ea ou<br class=\"for-desktop\"\/> seu escrit\u00f3rio acompanham?\r\n        <\/label>\r\n        <div id=\"lawsuits-select-ad\" class=\"lawsuits-select select-wrapper\" tabindex=\"0\">\r\n          <div class=\"s-dropdown--styled\">\r\n          <span class=\"lawsuits-default\">\r\n            <span id=\"lawsuits-newsletter-ad\" class=\"lawsuits-default-text\" data-value=\"\">Selecione os processos<\/span>\r\n            <svg class=\"chevron\" xmlns=\"http:\/\/www.w3.org\/2000\/svg\" width=\"24\" height=\"25\" viewBox=\"0 0 24 25\" fill=\"none\">\r\n              <path d=\"M6 15.6152L12 9.61523L18 15.6152\" stroke=\"black\" stroke-width=\"2\" stroke-linecap=\"round\" stroke-linejoin=\"round\" \/>\r\n            <\/svg>\r\n          <\/span>\r\n\r\n          <ul class=\"s-dropdown u-hide\">\r\n            <li class=\"lawsuits\" data-value=\"Mais de 1000 processos\">Mais de 1000 processos<\/li>\r\n            <li class=\"lawsuits\" data-value=\"De 501 a 1000 processos\">De 501 a 1000 processos<\/li>\r\n            <li class=\"lawsuits\" data-value=\"De 151 a 500 processos\">De 151 a 500 processos<\/li>\r\n            <li class=\"lawsuits\" data-value=\"De 41 a 150 processos\">De 41 a 150 processos<\/li>\r\n            <li class=\"lawsuits\" data-value=\"At\u00e9 40 processos\">At\u00e9 40 processos<\/li>\r\n            <li class=\"lawsuits\" data-value=\"Atuo apenas no consultivo\">Atuo apenas no consultivo<\/li>\r\n            <li class=\"lawsuits\" data-value=\"Ainda sou estudante de direito\">Ainda sou estudante de direito<\/li>\r\n            <li class=\"lawsuits\" data-value=\"N\u00e3o sou da \u00e1rea jur\u00eddica\">N\u00e3o sou da \u00e1rea jur\u00eddica<\/li>\r\n          <\/ul>\r\n          <\/div>\r\n        <\/div>\r\n        <div class=\"error-message-ad-lawsuits\">Selecione algum processo<\/div>\r\n      <\/div>\r\n      <button class=\"btn btn-yellow ad-btn-desktop\" id=\"aurum-submit-ad\">Assinar gr\u00e1tis<\/button>\r\n      <button class=\"btn btn-yellow ad-btn-mobile\" id=\"aurum-submit-ad\">Assinar<\/button>\r\n    <\/div>\r\n    <span class=\"news_button_span\">Ao se cadastrar voc\u00ea declara que leu e aceitou a pol\u00edtica de privacidade e cookies do <a href=\"https:\/\/s3.sa-east-1.amazonaws.com\/publico.aurum.com.br\/contratos\/politica-de-privacidade.pdf\" target=\"_blank\" rel=\"noopener noreferrer\">site<\/a>.<\/span>\r\n  <\/form>\r\n  <div id=\"message-form-ad\"><\/div>\r\n<\/div>\n\n\n<p><em>Ficou com alguma d\u00favida? Compartilhe com a gente aqui nos coment\u00e1rios!<\/em><\/p>\n","protected":false},"excerpt":{"rendered":"<p>A usucapi\u00e3o \u00e9 uma forma origin\u00e1ria de adquirir a propriedade de um bem m\u00f3vel ou im\u00f3vel, ap\u00f3s utiliz\u00e1-lo por um per\u00edodo cont\u00ednuo e sem contesta\u00e7\u00e3o, agindo como verdadeiro propriet\u00e1rio durante esse tempo. Bastante relevante no direito imobili\u00e1rio, a usucapi\u00e3o \u00e9 uma a\u00e7\u00e3o com muitos requisitos e tipos, podendo ser explorada de acordo com as necessidades [&hellip;]<\/p>\n","protected":false},"author":33,"featured_media":9437,"comment_status":"open","ping_status":"open","sticky":false,"template":"","format":"standard","meta":{"_bbp_topic_count":0,"_bbp_reply_count":0,"_bbp_total_topic_count":0,"_bbp_total_reply_count":0,"_bbp_voice_count":0,"_bbp_anonymous_reply_count":0,"_bbp_topic_count_hidden":0,"_bbp_reply_count_hidden":0,"_bbp_forum_subforum_count":0,"inline_featured_image":false,"footnotes":""},"categories":[28,19],"tags":[],"class_list":["post-9436","post","type-post","status-publish","format-standard","has-post-thumbnail","hentry","category-direito-imobiliario","category-direito-civil"],"acf":[],"_links":{"self":[{"href":"https:\/\/www.aurum.com.br\/blog\/wp-json\/wp\/v2\/posts\/9436","targetHints":{"allow":["GET"]}}],"collection":[{"href":"https:\/\/www.aurum.com.br\/blog\/wp-json\/wp\/v2\/posts"}],"about":[{"href":"https:\/\/www.aurum.com.br\/blog\/wp-json\/wp\/v2\/types\/post"}],"author":[{"embeddable":true,"href":"https:\/\/www.aurum.com.br\/blog\/wp-json\/wp\/v2\/users\/33"}],"replies":[{"embeddable":true,"href":"https:\/\/www.aurum.com.br\/blog\/wp-json\/wp\/v2\/comments?post=9436"}],"version-history":[{"count":55,"href":"https:\/\/www.aurum.com.br\/blog\/wp-json\/wp\/v2\/posts\/9436\/revisions"}],"predecessor-version":[{"id":34543,"href":"https:\/\/www.aurum.com.br\/blog\/wp-json\/wp\/v2\/posts\/9436\/revisions\/34543"}],"wp:featuredmedia":[{"embeddable":true,"href":"https:\/\/www.aurum.com.br\/blog\/wp-json\/wp\/v2\/media\/9437"}],"wp:attachment":[{"href":"https:\/\/www.aurum.com.br\/blog\/wp-json\/wp\/v2\/media?parent=9436"}],"wp:term":[{"taxonomy":"category","embeddable":true,"href":"https:\/\/www.aurum.com.br\/blog\/wp-json\/wp\/v2\/categories?post=9436"},{"taxonomy":"post_tag","embeddable":true,"href":"https:\/\/www.aurum.com.br\/blog\/wp-json\/wp\/v2\/tags?post=9436"}],"curies":[{"name":"wp","href":"https:\/\/api.w.org\/{rel}","templated":true}]}}