{"id":9392,"date":"2023-06-06T21:29:00","date_gmt":"2023-06-07T00:29:00","guid":{"rendered":"https:\/\/aurum.com.br\/blog\/advogados-associados\/"},"modified":"2025-09-04T09:49:05","modified_gmt":"2025-09-04T12:49:05","slug":"advogados-associados","status":"publish","type":"post","link":"https:\/\/www.aurum.com.br\/blog\/advogados-associados\/","title":{"rendered":"Entenda como funciona um escrit\u00f3rio de advogados associados"},"content":{"rendered":"<div id=\"bsf_rt_marker\"><\/div>\n<pre class=\"wp-block-preformatted\">Os<strong> advogados associados<\/strong> s\u00e3o aqueles que estabelecem um v\u00ednculo de parceria com o escrit\u00f3rio. De forma geral, os escrit\u00f3rios de advocacia podem contar com advogados que atuam como s\u00f3cios, empregados ou associados. \n<\/pre>\n\n\n\n<script type=\"application\/ld+json\">\n{\n  \"@context\": \"https:\/\/schema.org\",\n  \"@type\": \"FAQPage\",\n  \"mainEntity\": [{\n    \"@type\": \"Question\",\n    \"name\": \"O que s\u00e3o advogados associados?\",\n    \"acceptedAnswer\": {\n      \"@type\": \"Answer\",\n      \"text\": \"Os advogados associados s\u00e3o aqueles que estabelecem uma rela\u00e7\u00e3o de colabora\u00e7\u00e3o com o escrit\u00f3rio. Eles s\u00e3o contratados pelo escrit\u00f3rio para prestar servi\u00e7os sem v\u00ednculo empregat\u00edcio.\"\n    }\n  },{\n    \"@type\": \"Question\",\n    \"name\": \"Como se tornar um advogado associado?\",\n    \"acceptedAnswer\": {\n      \"@type\": \"Answer\",\n      \"text\": \"A contrata\u00e7\u00e3o de advogados associados pode ser por indica\u00e7\u00e3o para a realiza\u00e7\u00e3o de um servi\u00e7o \u00fanico ou duradouro. Caso o escrit\u00f3rio tenha interesse em contratar um advogado para uma parceria mais duradoura, a contrata\u00e7\u00e3o decorre de capta\u00e7\u00e3o de curr\u00edculos e testes nos pretendentes \u00e0 vaga.\"\n    }\n  }]\n}\n<\/script>\n\n\n\n<p>Os escrit\u00f3rios de advocacia s\u00e3o pessoas jur\u00eddicas diferentes de todas as outras pessoas jur\u00eddicas. Uma sociedade de advogados n\u00e3o \u00e9 regida pelo c\u00f3digo civil, onde a maioria das sociedades est\u00e3o dispostas, mas sim pela <a href=\"https:\/\/www.planalto.gov.br\/ccivil_03\/leis\/l8906.htm\" target=\"_blank\" rel=\"noopener\">Lei n\u00ba. 8.906\/1994<\/a>, bem como regulamenta\u00e7\u00f5es criadas pela pr\u00f3pria Ordem dos Advogados do Brasil (OAB).<\/p>\n\n\n\n<p>Assim, a sociedade de advogados n\u00e3o pode ser considerada uma sociedade limitada ou sociedade an\u00f4nima, sendo chamada, assim, de sociedade <em>sui generis <\/em>(sem semelhan\u00e7a com nenhuma outra).<\/p>\n\n\n\n<p>Neste artigo vamos explicar todas as categorias previstas para um escrit\u00f3rio e, no final, tenho certeza que voc\u00ea vai conseguir escolher a melhor forma de colaborar com um ou a melhor forma de voc\u00ea encontrar pessoas para colaborar com seu escrit\u00f3rio. Continue a leitura! \ud83d\ude09&nbsp;<\/p>\n\n\n\n<h2 class=\"wp-block-heading\">O que s\u00e3o advogados associados?<\/h2>\n\n\n\n<p>Os advogados associados <strong>s\u00e3o aqueles que estabelecem uma rela\u00e7\u00e3o de colabora\u00e7\u00e3o com o escrit\u00f3rio.<\/strong> Eles s\u00e3o contratados pelo escrit\u00f3rio para prestar servi\u00e7os sem v\u00ednculo empregat\u00edcio.<\/p>\n\n\n\n<figure class=\"wp-block-image size-full\"><img decoding=\"async\" width=\"1080\" height=\"1080\" src=\"https:\/\/www.aurum.com.br\/blog\/wp-content\/uploads\/2023\/06\/o-que-sao-advogados-associados.jpg\" alt=\"Entenda como atuam advogados associados\" class=\"wp-image-31558\" srcset=\"https:\/\/www.aurum.com.br\/blog\/wp-content\/uploads\/2023\/06\/o-que-sao-advogados-associados.jpg 1080w, https:\/\/www.aurum.com.br\/blog\/wp-content\/uploads\/2023\/06\/o-que-sao-advogados-associados-300x300.jpg 300w, https:\/\/www.aurum.com.br\/blog\/wp-content\/uploads\/2023\/06\/o-que-sao-advogados-associados-150x150.jpg 150w, https:\/\/www.aurum.com.br\/blog\/wp-content\/uploads\/2023\/06\/o-que-sao-advogados-associados-768x768.jpg 768w\" sizes=\"(max-width: 1080px) 100vw, 1080px\" \/><figcaption class=\"wp-element-caption\"> Veja o que s\u00e3o advogados associados<\/figcaption><\/figure>\n\n\n\n<p>Por regramento legal, o nome de toda sociedade de advogados deve possuir o nome de ao menos um dos advogados respons\u00e1veis pela pessoa jur\u00eddica, ou seja, seu administrador. E, caso a pessoa venha a falecer, a sociedade de advocacia pode continuar a usar o nome de advogado era s\u00f3cio.<\/p>\n\n\n\n<p>Apesar de existir a figura de s\u00f3cio que administra a sociedade, <strong>existem v\u00e1rias outras formas de ter advogados vinculados de alguma forma com a sociedade<\/strong> de advocacia.<\/p>\n\n\n\n<p>Algumas formas s\u00e3o:<\/p>\n\n\n\n<ul class=\"wp-block-list\">\n<li>\u00c9 poss\u00edvel que sejam criadas categorias de s\u00f3cios;<\/li>\n\n\n\n<li>\u00c9 poss\u00edvel que um advogado seja contratado como empregado de carteira assinada;<\/li>\n\n\n\n<li>\u00c9 poss\u00edvel que o advogado seja associado.<\/li>\n<\/ul>\n\n\n\n<p>Muitas vezes \u00e9 poss\u00edvel tamb\u00e9m ver advogados que contratam advogados como associados ou at\u00e9 mesmo os colocam como s\u00f3cios, mas, na pr\u00e1tica, s\u00e3o advogados empregados, o que pode gerar um s\u00e9rio passivo trabalhista.<\/p>\n\n\n\n<p><a href=\"https:\/\/www.aurum.com.br\/blog\/compliance-trabalhista\/\"><em>Leia tamb\u00e9m: O que \u00e9 compliance trabalhista, como funciona e como se preparar<\/em><\/a><\/p>\n\n\n\n<h2 class=\"wp-block-heading\">Diferen\u00e7a entre advogados s\u00f3cios, empregados e associados<\/h2>\n\n\n\n<p>Entenda o conceito de cada tipo de parceria advocat\u00edcia que pode existir!<\/p>\n\n\n\n<h3 class=\"wp-block-heading\">S\u00f3cio Patrimonial e S\u00f3cio de servi\u00e7o<\/h3>\n\n\n\n<p>O <a href=\"https:\/\/www.oab.org.br\/leisnormas\/legislacao\/provimentos\/169-2015\" target=\"_blank\" rel=\"noopener\">Provimento 169\/2015<\/a> do Conselho Federal da OAB estipulou a possibilidade de uma sociedade possuir dois tipos de s\u00f3cios:&nbsp;<\/p>\n\n\n\n<ul class=\"wp-block-list\">\n<li>Os s\u00f3cios patrimoniais;<\/li>\n\n\n\n<li>Os s\u00f3cios de servi\u00e7o.<\/li>\n<\/ul>\n\n\n\n<p>Os <strong>s\u00f3cios patrimoniais <\/strong>s\u00e3o aqueles que fazem aporte financeiro para constitui\u00e7\u00e3o da sociedade, tendo direito a receber a distribui\u00e7\u00e3o dos haveres no momento de sua sa\u00edda da sociedade, podendo existir documento social ou parassocial dispondo de outros direitos.<\/p>\n\n\n\n<p>Os <strong>s\u00f3cios de servi\u00e7o <\/strong>possuem todos os direitos dos s\u00f3cios patrimoniais, com exce\u00e7\u00e3o dos direitos descritos no contrato social ou documento parassocial, bem como no que tange \u00e0 distribui\u00e7\u00e3o de haveres em seu desligamento da sociedade.<\/p>\n\n\n\n<p>\u00c9 importante mencionar que ambos possuem direito a voto!<\/p>\n\n\n\n<h3 class=\"wp-block-heading\">Advogados empregados<\/h3>\n\n\n\n<p>Os advogados empregados <strong>s\u00e3o aqueles registrados na carteira de trabalho<\/strong>, sendo regidos pelos artigos 18 a 21 do Estatuto da OAB e subsidiariamente pela <a href=\"https:\/\/www.aurum.com.br\/blog\/clt\/\">CLT<\/a>.<\/p>\n\n\n\n<p>Importante dizer que mesmo tendo v\u00ednculo empregat\u00edcio, os advogados empregados n\u00e3o perdem sua isen\u00e7\u00e3o t\u00e9cnica, devendo atuar dentro das limita\u00e7\u00f5es de sua consci\u00eancia.<\/p>\n\n\n\n<h3 class=\"wp-block-heading\">Advogados associados<\/h3>\n\n\n\n<p>Os advogados associados s\u00e3o<strong> aqueles que s\u00e3o contratados pelo escrit\u00f3rio para prestar servi\u00e7os sem v\u00ednculo empregat\u00edcio.<\/strong><\/p>\n\n\n\n<p>Desta forma, o advogado associado n\u00e3o possui qualquer obrigatoriedade de controle de jornada, n\u00e3o possui subordina\u00e7\u00e3o com qualquer outro advogado do escrit\u00f3rio que trabalha, podendo, inclusive, trabalhar de forma eventual, ou seja, apenas em determinados casos.<\/p>\n\n\n\n<p>No entanto, deve-se ter em mente que quando um advogado associado trabalha em um caso do escrit\u00f3rio, o cliente n\u00e3o \u00e9 do advogado associado, mas sim do escrit\u00f3rio que o contratou. Isso n\u00e3o impede esse advogado de ter seus clientes sem rela\u00e7\u00e3o com o escrit\u00f3rio.<\/p>\n\n\n\n<p><em>Saiba os principais <a href=\"https:\/\/www.aurum.com.br\/blog\/tipos-de-advogados\/\" data-type=\"URL\" data-id=\"https:\/\/www.aurum.com.br\/blog\/tipos-de-advogados\/\">tipos de advogados<\/a>. <\/em><\/p>\n\n\n\n<h2 class=\"wp-block-heading\">Contrato de advogado associado:<\/h2>\n\n\n\n<p>Existem muitos escrit\u00f3rios de advocacia que contratam advogados empregados como se fossem associados, mas isso tem gerado um impacto trabalhista em algumas bancas. Isso porque alguns advogados associados entendem que devem propor a\u00e7\u00e3o declarat\u00f3ria de v\u00ednculo empregat\u00edcio contra os escrit\u00f3rios.<\/p>\n\n\n\n<p>O que faz com que os advogados tenham \u00eaxito nessas a\u00e7\u00f5es \u00e9 o que existia no dia-a-dia da rela\u00e7\u00e3o, ou seja, se o advogado possu\u00eda um controle de jornada, um controle de trabalho, uma remunera\u00e7\u00e3o certa j\u00e1 estipulada e ficava \u00e0 merc\u00ea do escrit\u00f3rio: existe uma clara rela\u00e7\u00e3o de emprego!<\/p>\n\n\n\n<p>Desta forma, o que os escrit\u00f3rios devem<strong> se atentar ao elaborar um contrato com um advogado associado:<\/strong><\/p>\n\n\n\n<h3 class=\"wp-block-heading\">N\u00e3o eventualidade<\/h3>\n\n\n\n<p>Para a contrata\u00e7\u00e3o de um advogado associado um<strong> escrit\u00f3rio n\u00e3o pode fazer controle de jornada ou de hor\u00e1rio.<\/strong><\/p>\n\n\n\n<p>O que pode ser controlado \u00e9 o estabelecimento de metas quanto a determinados trabalhos, como por exemplo: 5 dias para apresentar uma parecer, apresentar uma peti\u00e7\u00e3o 3 dias antes de vencer um prazo, fazer relat\u00f3rios de todos os casos at\u00e9 o final do dia das quintas-feiras.<\/p>\n\n\n\n<p>O advogado associado \u00e9 quem estipular\u00e1 o hor\u00e1rio que ir\u00e1 cumprir estas tarefas, e o servi\u00e7o deve estar cumprido no momento combinado.<\/p>\n\n\n\n<p>Caso uma demanda seja mais complexa e possa ser subdividida, as partes podem estipular prazos fracionados: apresentar parte do servi\u00e7o at\u00e9 determinado dia, e o restante at\u00e9 determinado dia.<\/p>\n\n\n\n<p>Destaca-se que o simples fato de um advogado fazer uma jornada flex\u00edvel n\u00e3o quer dizer que ele esteja trabalhando de forma n\u00e3o eventual.<\/p>\n\n\n\n<h3 class=\"wp-block-heading\">Pessoalidade<\/h3>\n\n\n\n<p>A pessoalidade<strong> \u00e9 inerente ao contrato de emprego e ao contrato de associa\u00e7\u00e3o<\/strong>, isso porque o servi\u00e7o advocat\u00edcio decorre do trabalho individual do advogado.<\/p>\n\n\n\n<p>Desta forma, tanto no contrato de emprego quanto no contrato de associa\u00e7\u00e3o o escrit\u00f3rio deve deixar claro que aquela determinada pessoa \u00e9 quem prestar\u00e1 os servi\u00e7os.<\/p>\n\n\n\n<h3 class=\"wp-block-heading\">Pessoa F\u00edsica<\/h3>\n\n\n\n<p>Em regra, para existir uma rela\u00e7\u00e3o de emprego o advogado deveria ser pessoa f\u00edsica. No entanto,<strong> \u00e9 poss\u00edvel que advogados criem sociedades advocat\u00edcias unipessoais<\/strong>, ou seja, criarem uma pessoa jur\u00eddica para prestarem seus servi\u00e7os.<\/p>\n\n\n\n<p>Caso um advogado crie uma sociedade advocat\u00edcia unipessoal, mas ainda assim mantenha todos os outros requisitos de uma rela\u00e7\u00e3o de emprego, e a cria\u00e7\u00e3o dessa pessoa jur\u00eddica decorra exclusivamente com a fun\u00e7\u00e3o de fraudar a lei, gerando uma simula\u00e7\u00e3o, ent\u00e3o ocorrer\u00e1 um fen\u00f4meno chamado de \u201cinterposta pessoa\u201d.<\/p>\n\n\n\n<p>Quando isso acontece, desconsidera-se a exist\u00eancia da pessoa jur\u00eddica para concentrar na presta\u00e7\u00e3o de servi\u00e7os de forma direta pela pessoa f\u00edsica.<\/p>\n\n\n\n<p>Desta forma, caso a inten\u00e7\u00e3o seja de contratar uma pessoa jur\u00eddica, n\u00e3o deve ser feita com a escopo de fraudar a lei, mas sim por outros motivos que justifiquem essa ideia.<\/p>\n\n\n\n<h3 class=\"wp-block-heading\">Subordina\u00e7\u00e3o<\/h3>\n\n\n\n<p>A subordina\u00e7\u00e3o decorre da designa\u00e7\u00e3o de ordens, comandos de uma parte a de acatamento pela outra, ou seja, deve existir um poder de dire\u00e7\u00e3o. Desta forma, para que um advogado seja contratado como associado, <strong>n\u00e3o deve existir esta rela\u00e7\u00e3o entre ele e um escrit\u00f3rio.<\/strong><\/p>\n\n\n\n<p>\u00c9 importante frisar que a subordina\u00e7\u00e3o n\u00e3o deve ser atrelada \u00e0 intelectualidade, at\u00e9 mesmo porque os advogados (mesmo empregados) possuem isen\u00e7\u00e3o t\u00e9cnica e n\u00e3o est\u00e3o obrigados a aceitar inger\u00eancia de quem quer que seja para a realiza\u00e7\u00e3o de um trabalho.<\/p>\n\n\n\n<h3 class=\"wp-block-heading\">Onerosidade<\/h3>\n\n\n\n<p>Este \u00e9 um dos pontos que mais saltam aos olhos na diferencia\u00e7\u00e3o na contra\u00e7\u00e3o de um advogado empregado e um associado.<\/p>\n\n\n\n<p>O art. 39 do Regulamento Geral do Estatuto da Advocacia estipula que <strong>o advogado associado ter\u00e1 participa\u00e7\u00e3o nos resultados<\/strong>. \u00c9 importante mencionar a nomenclatura resultados e n\u00e3o lucros.<\/p>\n\n\n\n<p>A distribui\u00e7\u00e3o de resultados ao advogado associado \u00e9 devida independentemente de lucro. O primeiro decorre da realiza\u00e7\u00e3o de determinada meta ou servi\u00e7o, enquanto o segundo decorre do resultado econ\u00f4mico da atividade, ou seja, da exist\u00eancia de lucro no trabalho realizado.<\/p>\n\n\n\n<p>\u00c9 importante que as metas sejam negociadas e escritas no contrato de associa\u00e7\u00e3o, podendo ser revistas de tempos em tempos para melhor se amoldar \u00e0 rela\u00e7\u00e3o das partes.<\/p>\n\n\n\n<p>Isso n\u00e3o quer dizer que o advogado associado n\u00e3o possa receber uma remunera\u00e7\u00e3o fixa. No entanto, para que isso ocorra, outras quest\u00f5es devem ser analisadas, como: de que forma o escrit\u00f3rio recebe do cliente, se os outros elementos de emprego n\u00e3o est\u00e3o presentes.&nbsp;<\/p>\n\n\n\n<h2 class=\"wp-block-heading\">Por que contratar um advogado associado?<\/h2>\n\n\n\n<p>Existem t\u00eanues linhas que diferenciam um advogado associado de um empregado, mas ent\u00e3o por que contratar um advogado, se existe o risco de contratar um advogado associado e depois ter um v\u00ednculo trabalhista reconhecido e ter um grande passivo trabalhista nas m\u00e3os?<\/p>\n\n\n\n<p>O risco de passivo trabalhista apenas ocorrer\u00e1 se o escrit\u00f3rio tiver a inten\u00e7\u00e3o de fraudar a lei, ou seja, simular uma rela\u00e7\u00e3o de associa\u00e7\u00e3o quando na verdade existir uma rela\u00e7\u00e3o empregat\u00edcia.<\/p>\n\n\n\n<p>Por outro lado,<strong> ao contratar um advogado associado o escrit\u00f3rio possui uma significativa redu\u00e7\u00e3o de encargos trabalhistas.<\/strong><\/p>\n\n\n\n<p>J\u00e1 o <strong>advogado possui maior autonomia e ger\u00eancia de seu tempo de trabalho<\/strong>, n\u00e3o ficando fixo a uma \u00fanica fonte pagadora, e mais, considerando que o Empregador n\u00e3o possui os elevados encargos trabalhistas, o advogado pode receber um valor liquido maior.<\/p>\n\n\n\n<p>Por outro lado, o advogado associado deixa de ter toda a prote\u00e7\u00e3o que a CLT lhe disp\u00f5e, como o aviso pr\u00e9vio, f\u00e9rias, 13\u00ba sal\u00e1rio, FGTS e outros benef\u00edcios.<\/p>\n\n\n\n<p><a href=\"https:\/\/www.aurum.com.br\/blog\/estatuto-da-advocacia\/\"><em>Leia tamb\u00e9m: Guia comentado do Estatuto da Advocacia e da OAB (Lei 8.906\/94)<\/em><\/a><\/p>\n\n\n\n<h2 class=\"wp-block-heading\">Como opera um escrit\u00f3rio de advogados associados?&nbsp;&nbsp;<\/h2>\n\n\n\n<p>Um escrit\u00f3rio deve ser <strong>devidamente constitu\u00eddo e levado a registro na OAB<\/strong>. Sempre que este escrit\u00f3rio tiver interesse em contratar advogados associados, deve fazer o registro do contrato de v\u00ednculo associativo tamb\u00e9m na OAB.<\/p>\n\n\n\n<p>Duas quest\u00f5es devem ser analisadas neste ponto:&nbsp;<\/p>\n\n\n\n<ul class=\"wp-block-list\">\n<li>Quest\u00e3o operacional;<\/li>\n\n\n\n<li>Quest\u00e3o jur\u00eddica.<\/li>\n<\/ul>\n\n\n\n<p>Na <strong>quest\u00e3o operacional<\/strong> o escrit\u00f3rio deve possuir uma boa gest\u00e3o de distribui\u00e7\u00e3o de metas, de precifica\u00e7\u00e3o de trabalhos realizados, de pagamento pelos resultados obtidos pelos advogados associados e um acompanhamento do SLA (<em>service level agreement)<\/em> com o conte\u00fado da forma de o advogado agir.<\/p>\n\n\n\n<p>Na <strong>quest\u00e3o jur\u00eddica <\/strong>deve conter uma rela\u00e7\u00e3o f\u00e1tica que corresponda \u00e0 rela\u00e7\u00e3o contratual, e, claro, um contrato bastante detalhado e contendo expressamente a reg\u00eancia da rela\u00e7\u00e3o entre as partes.<\/p>\n\n\n\n<p>Outras cl\u00e1usulas que s\u00e3o bem-vindas nos contratos de associa\u00e7\u00e3o dizem respeito ao dever de confidencialidade sobre todas as informa\u00e7\u00f5es circuladas na rela\u00e7\u00e3o das partes, cl\u00e1usula de responsabilidade decorrente da atua\u00e7\u00e3o do advogado associado, cl\u00e1usula de n\u00e3o concorr\u00eancia durante e por um prazo ap\u00f3s o fim da rela\u00e7\u00e3o entre as partes.<\/p>\n\n\n<style>\r\n  .anuncios-post-modelo-peticao {\r\n    display: flex;\r\n    gap: 24px;\r\n    justify-content: space-between;\r\n    align-items: center;\r\n    border-radius: 16px;\r\n    border: none;\r\n    background: #D5DAFF;\r\n    padding: 24px;\r\n    margin: 1rem 0;\r\n    max-width: 640px;\r\n  }\r\n\r\n  #s-post .anuncios-post-modelo-peticao .adpost-modelo-peticao-image {\r\n    margin: auto;\r\n    width: 219px;\r\n    min-width: 207px;\r\n    height: 217px;\r\n    aspect-ratio: 219.01\/217.09;\r\n    border-radius: 16px;\r\n  }\r\n\r\n  #s-post .anuncios-post-modelo-peticao .adpost-modelo-peticao-image img {\r\n    height: 100%;\r\n    border-radius: 16px;\r\n    aspect-ratio: 219.01\/217.09;\r\n    margin: auto;\r\n  }\r\n\r\n  .anuncios-post-modelo-peticao .textos {\r\n    display: flex;\r\n    flex-direction: column;\r\n    gap: 16px;\r\n  }\r\n\r\n  .anuncios-post-modelo-peticao .adpost-content {\r\n    display: flex;\r\n    flex-direction: column;\r\n    gap: 32px;\r\n  }\r\n\r\n  .anuncios-post-modelo-peticao .subtext {\r\n    display: block;\r\n  }\r\n\r\n  #s-post main article .content .anuncios-post-modelo-peticao .img-destaque {\r\n    object-fit: cover;\r\n    width: 180px;\r\n    margin: 0;\r\n  }\r\n\r\n  .anuncios-post-modelo-peticao .title {\r\n    font-weight: 600;\r\n    font-size: 21px;\r\n    line-height: 120%;\r\n    color: #000000;\r\n  }\r\n  .anuncios-post-modelo-peticao .subtext {\r\n    display: block;\r\n    font-weight: 400;\r\n    font-size: 14px;\r\n    line-height: 130%;\r\n    color: #272727;\r\n    text-align: left;\r\n  }\r\n  #s-post main article .content .anuncios-post-modelo-peticao .botao {\r\n    \/* background: #004773; *\/\r\n    background: #3B48AA;\r\n    border-radius: 4px;\r\n    padding: 12px 32px;\r\n    display: inline-block;\r\n    text-decoration: none !important;\r\n    color: #FFFFFF !important;\r\n    font-size: 14px;\r\n    font-weight: 700;\r\n    width: fit-content;\r\n  }\r\n  .anuncios-post-modelo-peticao .botao:hover {\r\n    filter: opacity(0.9);\r\n  }\r\n  \/**********\r\n  * TABLET\r\n  ***********\/\r\n  @media (max-width: 1310px) and (min-width: 800px) {\r\n    .anuncios-post-modelo-peticao .title {\r\n      font-size: 18px;\r\n    }\r\n  }\r\n\r\n  @media (max-width: 800px) {\r\n    .anuncios-post-modelo-peticao .title {\r\n      font-size: 16px;\r\n    }\r\n\r\n    .anuncios-post-modelo-peticao .subtext {\r\n      font-size: 12px;\r\n    }\r\n\r\n    #s-post main article .content .anuncios-post-modelo-peticao .botao {\r\n      font-size: 12px;\r\n    }\r\n\r\n   #s-post .anuncios-post-modelo-peticao .adpost-modelo-peticao-image {\r\n        width: 180px;\r\n        min-width: 180px;\r\n        height: 176px;\r\n    }\r\n  }\r\n\r\n  @media (max-width: 500px) {\r\n    .anuncios-post-modelo-peticao {\r\n        flex-direction: column-reverse;\r\n        gap: 0;\r\n    }\r\n\r\n    .anuncios-post-modelo-peticao .adpost-content {\r\n      gap: 24px;\r\n    }\r\n\r\n    .anuncios-post-modelo-peticao .textos {\r\n        align-items: center;\r\n    }\r\n\r\n    .anuncios-post-modelo-peticao .title {\r\n        text-align: center;\r\n    }\r\n\r\n    .anuncios-post-modelo-peticao .subtext {\r\n        text-align: center;\r\n    }\r\n\r\n    #s-post main article .content .anuncios-post-modelo-peticao .img-destaque {\r\n        width: 195px;\r\n        height: 180px;\r\n        margin-bottom: 16px;\r\n    }\r\n\r\n    .anuncios-post-modelo-peticao .title {\r\n      font-size: 18px;\r\n    }\r\n\r\n    .anuncios-post-modelo-peticao .subtext {\r\n      font-size: 14px;\r\n    }\r\n\r\n    #s-post main article .content .anuncios-post-modelo-peticao .botao {\r\n      font-size: 14px;\r\n      width: 100%;\r\n      text-align: center;\r\n    }\r\n\r\n\r\n    #s-post .anuncios-post-modelo-peticao .adpost-modelo-peticao-image {\r\n      width: 100%;\r\n      height: auto;\r\n      margin-bottom: 24px;\r\n    }\r\n  }\r\n<\/style>\r\n\r\n<div class=\"anuncios-post-modelo-peticao\">\r\n      <div class=\"adpost-content\">\r\n      <div class=\"textos\">\r\n          <div class=\"title\">\r\n            Registre com seguran\u00e7a. Consulte com facilidade.          <\/div>\r\n          <div class=\"subtext\">\r\n            <span>\r\n              Descubra como usar o Notion para gerenciar prazos, processos e tarefas jur\u00eddicas com mais clareza e agilidade.\r\n            <\/span>\r\n          <\/div>\r\n      <\/div>\r\n            <a class=\"botao\" data-gtm-custom=\"anuncio-post-btn\" href=\"https:\/\/www.aurum.com.br\/blog\/material\/notion-para-advogados\/?utm_source=blog&#038;utm_medium=adpost&#038;utm_campaign=notion-adv&#038;utm_content=\" target=\"_blank\">Acessar gr\u00e1tis<\/a>\r\n    <\/div>\r\n            <img decoding=\"async\" src=\"https:\/\/www.aurum.com.br\/blog\/wp-content\/themes\/aurum\/img\/adpost-modelo-peticao-placeholder.png\" alt=\"\" class=\"adpost-modelo-peticao-image\">\r\n       \r\n\r\n<\/div>\n\n\n<h2 class=\"wp-block-heading\">Qual a pol\u00edtica de honor\u00e1rios para os advogados associados?<\/h2>\n\n\n\n<p>N\u00e3o existe uma \u00fanica pol\u00edtica de honor\u00e1rios para os advogados associados e<strong> cada escrit\u00f3rio adota uma forma de remunera\u00e7\u00e3o de seus colaboradores.<\/strong><\/p>\n\n\n\n<p>A forma mais comum de remunera\u00e7\u00e3o de um advogado verdadeiramente associado \u00e9 o pagamento de um valor fixo acrescido de um percentual da demanda contratada.<\/p>\n\n\n\n<p>No entanto, existem casos em que o advogado associado recebe apenas uma parcela do que o cliente efetivamente paga, recebe um valor fixo por cliente ou por demanda.<\/p>\n\n\n\n<p>\u00c9 certo que, normalmente, o advogado associado tende a receber um valor l\u00edquido um pouco maior que o advogado empregado, pois, em raz\u00e3o da aus\u00eancia dos encargos trabalhistas, o escrit\u00f3rio possui um valor maior para disponibilizar para o colaborador.<\/p>\n\n\n\n<p>A melhor forma \u00e9 aquela que atende os interesses tanto do escrit\u00f3rio quanto do advogado.<\/p>\n\n\n\n<p><a href=\"https:\/\/www.aurum.com.br\/blog\/honorarios-advocaticios\/\"><em>Leia tamb\u00e9m: O que s\u00e3o honor\u00e1rios advocat\u00edcios, tipos e mudan\u00e7as no Novo CPC<\/em><\/a><\/p>\n\n\n\n<h2 class=\"wp-block-heading\">Como se tornar um advogado associado?<\/h2>\n\n\n\n<p>A<strong> contrata\u00e7\u00e3o de advogados associados pode ser por indica\u00e7\u00e3o para a realiza\u00e7\u00e3o de um servi\u00e7o \u00fanico<\/strong> <strong>ou duradouro<\/strong>. Caso o escrit\u00f3rio tenha interesse em contratar um advogado para uma parceria mais duradoura, a contrata\u00e7\u00e3o decorre de capta\u00e7\u00e3o de curr\u00edculos e testes nos pretendentes \u00e0 vaga.<\/p>\n\n\n\n<p>Nesse cen\u00e1rio, se os requisitos t\u00e9cnicos s\u00e3o atendidos, ainda faltam os requisitos negociais a serem atendidos: o que cada uma das partes espera da outra?<\/p>\n\n\n\n<p>Se os requisitos t\u00e9cnicos, negociais, e, por que n\u00e3o, econ\u00f4micos s\u00e3o atendidos, ent\u00e3o passa-se para a fase contratual em que diversos documentos (como os j\u00e1 citados neste artigo) ser\u00e3o elaborados e assinados pelas partes.<\/p>\n\n\n\n<p><a href=\"https:\/\/www.aurum.com.br\/blog\/codigo-de-etica-da-oab\/\">Leia tamb\u00e9m: Guia comentado com os principais pontos do C\u00f3digo de \u00c9tica da OAB<\/a><\/p>\n\n\n\n<h2 class=\"wp-block-heading\">Conclus\u00e3o<\/h2>\n\n\n\n<p>O modelo de neg\u00f3cio de contrata\u00e7\u00e3o entre advogado associado e escrit\u00f3rio de advocacia, se bem aplicado, <strong>tende apenas a beneficiar as partes, dando liberdade, autonomia e melhor remunera\u00e7\u00e3o para o advogado<\/strong> e o cumprimento das metas com um disp\u00eandio financeiro menor por parte do escrit\u00f3rio.<\/p>\n\n\n\n<style>\n    #adpost-block_b6c34b3fe5ecdfa6a4c64ec9897e5194.anuncio-post-reverse {\n        display: flex;\n        gap: 24px;\n        border-radius: 8px;\n        width: 100%;\n        max-width: 752px;\n        padding: 40px;\n        background: #e7f4fe;\n        margin: 16px auto;\n    }\n\n    #adpost-block_b6c34b3fe5ecdfa6a4c64ec9897e5194 .anuncio-container {\n        display: flex;\n        flex-direction: column;\n        gap: 24px;\n        width: 100%;\n        max-width: 333px;\n    }\n\n    #adpost-block_b6c34b3fe5ecdfa6a4c64ec9897e5194 .anuncio-container .logo {\n        width: 100%;\n        max-width: 177px;\n        margin: 0;\n    }\n\n    #adpost-block_b6c34b3fe5ecdfa6a4c64ec9897e5194 .anuncio-text-container {\n        display: flex;\n        flex-direction: column;\n        gap: 24px;\n    }\n\n    #adpost-block_b6c34b3fe5ecdfa6a4c64ec9897e5194 .anuncio-text-container .title {\n        font-family: 'Ubuntu';\n        font-size: 1.5rem; \/\/24px\n        font-weight: 700;\n        line-height: 120%;\n        margin: 0;\n        color: #000;\n    }\n\n    #adpost-block_b6c34b3fe5ecdfa6a4c64ec9897e5194 .anuncio-text-container .text {\n        font-size: 0.875rem;\n        font-weight: 400;\n        line-height: 170%;\n        color: #000;\n    }\n\n    #adpost-block_b6c34b3fe5ecdfa6a4c64ec9897e5194 .anuncio-container .button {\n        display: inline-flex;\n        align-items: center;\n        justify-content: center;\n        width: fit-content;\n        height: 48px;\n        border-radius: 8px;\n        padding: 12px 24px;\n        font-size: 1rem;\n        font-weight: 600;\n        text-decoration: none;\n        background: #008fd5;\n        color: #fff;\n    }\n\n    #adpost-block_b6c34b3fe5ecdfa6a4c64ec9897e5194 .image-container {\n        position: relative;\n        width: 100%;\n        height: 100%;\n    }\n\n    #adpost-block_b6c34b3fe5ecdfa6a4c64ec9897e5194 .image-container.float {\n        min-height: 236px;\n    }\n\n    #adpost-block_b6c34b3fe5ecdfa6a4c64ec9897e5194 .image-container .image-desktop {\n        width: 100%;\n        max-width: 323px;\n        object-fit: contain;\n        margin: 0;\n    }\n\n    #adpost-block_b6c34b3fe5ecdfa6a4c64ec9897e5194 .image-container .image-mobile {\n        display: none;\n        width: 100%;\n        max-width: 291px;\n        object-fit: contain;\n        margin: 0;\n    }\n\n    #adpost-block_b6c34b3fe5ecdfa6a4c64ec9897e5194 .image-container.float .image-desktop,\n    #adpost-block_b6c34b3fe5ecdfa6a4c64ec9897e5194 .image-container.float .image-mobile {\n        position: absolute;\n        right: 0;\n        bottom: 0;\n    }\n\n    #adpost-block_b6c34b3fe5ecdfa6a4c64ec9897e5194 .image-container img {\n        border-radius: 8px;\n    }\n\n    \/************\n    * MOBILE \n    *************\/\n    @media (max-width: 1439px) {\n        #adpost-block_b6c34b3fe5ecdfa6a4c64ec9897e5194.anuncio-post-reverse {\n            flex-direction: column-reverse;\n            max-width: fit-content;\n            padding: 24px;\n        }\n\n        #adpost-block_b6c34b3fe5ecdfa6a4c64ec9897e5194 .anuncio-container {\n            max-width: 280px;\n            align-items: center;\n        }\n\n        #adpost-block_b6c34b3fe5ecdfa6a4c64ec9897e5194 .anuncio-container .logo {\n            max-width: 147px;\n        }\n\n        #adpost-block_b6c34b3fe5ecdfa6a4c64ec9897e5194 .anuncio-text-container {\n            gap: 8px;\n        }\n\n        #adpost-block_b6c34b3fe5ecdfa6a4c64ec9897e5194 .anuncio-text-container .title {\n            font-size: 1.25rem;\n            text-align: center;\n        }\n\n        #adpost-block_b6c34b3fe5ecdfa6a4c64ec9897e5194 .anuncio-text-container .text {\n            text-align: center;\n        }\n\n        #adpost-block_b6c34b3fe5ecdfa6a4c64ec9897e5194 .anuncio-container .button {\n            width: 100%;\n        }\n\n        #adpost-block_b6c34b3fe5ecdfa6a4c64ec9897e5194 .image-container.float {\n            min-height: 182px;\n        }\n\n        #adpost-block_b6c34b3fe5ecdfa6a4c64ec9897e5194 .image-container .image-desktop {\n            display: none;\n        }\n\n        #adpost-block_b6c34b3fe5ecdfa6a4c64ec9897e5194 .image-container .image-mobile {\n            display: block;\n        }\n    }\n\n    \/*******************\n    * RESET GLOBAL CSS \n    ********************\/\n    #s-post main article .content .image-container img {\n        margin: 0;\n    }\n<\/style>\n\n\n<article id=\"adpost-block_b6c34b3fe5ecdfa6a4c64ec9897e5194\" class=\"anuncio-post-reverse\">\n    <div class=\"anuncio-container\">\n        \n        <div class=\"anuncio-text-container\">\n             <h3 class=\"title\" >Seja protagonista da sua advocacia com o Astrea<\/h3>\n            <div class=\"text\" >Tenha tempo para focar no crescimento do seu escrit\u00f3rio, enquanto o Astrea cuida da sua gest\u00e3o jur\u00eddica com intelig\u00eancia.<\/div>        <\/div>\n       \n        <a class=\"button\" href=\"\/astrea\/?utm_source=blog&#038;utm_medium=adpost&#038;utm_campaign=campanha-marca-2026\" target=\"_self\">Conhe\u00e7a o Astrea<\/a>    <\/div>\n\n    <div class=\"image-container\">\n        <img decoding=\"async\" class=\"image-desktop\" src=\"https:\/\/www.aurum.com.br\/blog\/wp-content\/uploads\/2026\/03\/adpos-posicionamento-2026-desktop.png\" alt=\"\" \/>\n        <img decoding=\"async\" class=\"image-mobile\" src=\"https:\/\/www.aurum.com.br\/blog\/wp-content\/uploads\/2026\/03\/adpost-posicionamento-2026-mobile.png\" alt=\"\" \/>    <\/div>\n<\/article>\n\n\n<h2 class=\"wp-block-heading\">Mais conhecimentos para voc\u00ea<\/h2>\n\n\n\n<ul class=\"wp-block-list\">\n<li>Conhe\u00e7a as principais estrat\u00e9gias de&nbsp;<a href=\"https:\/\/www.aurum.com.br\/blog\/marketing-juridico-digital\/\">marketing jur\u00eddico digital<\/a><\/li>\n\n\n\n<li>O que \u00e9 e como funciona a&nbsp;<a href=\"https:\/\/www.aurum.com.br\/blog\/assinatura-digital\/\">assinatura digital<\/a>&nbsp;<\/li>\n\n\n\n<li>Conhe\u00e7a os&nbsp;<a href=\"https:\/\/www.aurum.com.br\/blog\/melhores-advogados-do-brasil\/\">melhores advogados do Brasil<\/a><\/li>\n\n\n\n<li><a href=\"https:\/\/www.aurum.com.br\/blog\/advogado-generalista\/\">O que \u00e9 um advogado generalista e a diferen\u00e7a entre especialista<\/a><\/li>\n\n\n\n<li><a href=\"https:\/\/www.aurum.com.br\/blog\/impericia-imprudencia-neglicencia\/\" data-type=\"URL\" data-id=\"https:\/\/www.aurum.com.br\/blog\/impericia-imprudencia-neglicencia\/\">Diferen\u00e7a entre neglig\u00eancia, imprud\u00eancia e imper\u00edcia<\/a><\/li>\n\n\n\n<li><a href=\"https:\/\/www.aurum.com.br\/blog\/direito-consuetudinario\/\" data-type=\"URL\" data-id=\"https:\/\/www.aurum.com.br\/blog\/direito-consuetudinario\/\">Direito consuetudin\u00e1rio<\/a>, a legitimidade dos costumes como fonte jur\u00eddica<\/li>\n\n\n\n<li><a href=\"https:\/\/www.aurum.com.br\/blog\/heranca-jacente\/\">Heran\u00e7a Jacente<\/a>: Desvendando os desafios da sucess\u00e3o sem titulares<\/li>\n\n\n\n<li><a href=\"https:\/\/www.aurum.com.br\/blog\/interpelacao\/\">O que \u00e9 interpela\u00e7\u00e3o, para que serve e como fazer<\/a><\/li>\n\n\n\n<li><a href=\"https:\/\/www.aurum.com.br\/blog\/lei-pele\/\">Lei Pel\u00e9: principais artigos, aspectos e implica\u00e7\u00f5es jur\u00eddicas<\/a><\/li>\n\n\n\n<li><a href=\"https:\/\/www.aurum.com.br\/blog\/consultoria-juridica\/\">O que voc\u00ea precisa saber sobre Consultoria Jur\u00eddica<\/a><\/li>\n\n\n\n<li>Saiba mais sobre <a href=\"https:\/\/www.aurum.com.br\/blog\/embargos-de-declaracao-trabalhista\/\" data-type=\"URL\" data-id=\"https:\/\/www.aurum.com.br\/blog\/embargos-de-declaracao-trabalhista\/\">embargos de declara\u00e7\u00e3o trabalhista<\/a><\/li>\n\n\n\n<li><a href=\"https:\/\/www.aurum.com.br\/blog\/lei-da-saf\/\">Entenda o que \u00e9 e o que muda com a Lei da SAF<\/a><\/li>\n<\/ul>\n\n\n<style>\r\n  .news-post {\r\n    background: url('https:\/\/www.aurum.com.br\/blog\/wp-content\/themes\/aurum\/img\/bg-news-artigo.svg') no-repeat top center #3C48AA;\r\n    padding: 1.5rem;\r\n    border-radius: 6px;\r\n    margin: 1rem 0;\r\n  }\r\n  .news-post .icone {\r\n    display: none;\r\n  }\r\n  .news-post .title {\r\n    font-weight: 700;\r\n    font-size: 16px;\r\n    line-height: 130%;\r\n    text-align: center;\r\n    letter-spacing: -0.5px;\r\n    color: #fff;\r\n    margin-bottom: .9375rem;\r\n  }\r\n  .news-post p {\r\n    font-size: .875rem;\r\n    line-height: 140%;\r\n    text-align: center;\r\n    color: #fff;\r\n    margin-bottom: 1.25rem;\r\n  }\r\n  .news-post .news_button_span {\r\n    font-size: .8125rem;\r\n    display: block;\r\n    padding: .125rem .3125rem;\r\n    color: #fff;\r\n    text-align:left;\r\n  }\r\n  .news-post .news_button_span a {\r\n    color: #fff !important;\r\n    text-decoration: underline;\r\n  }\r\n  .news-post form {\r\n    width: 100%;\r\n  }\r\n  .news-post label {\r\n    font-weight: 600;\r\n    font-size: .9375rem;\r\n    line-height: 1.5rem;\r\n    margin-bottom: .5rem;\r\n    color: #fff;\r\n    display: block;\r\n  }\r\n  .news-post input {\r\n    background: #fff;\r\n    border: 1px solid #CBCBD9;\r\n    box-sizing: border-box;\r\n    border-radius: 4px;\r\n    padding: .75rem 1rem;\r\n    width: 100%;\r\n  }\r\n  .news-post button {\r\n    margin-top: .875rem;\r\n    width: 100%;\r\n    min-width: auto;\r\n    background: #FCC632;\r\n    color: #3C48AA;\r\n  }\r\n  .news-post .input {\r\n    position: relative;\r\n    padding-bottom: 10px;\r\n  }\r\n  .news-post .error-message-ad {\r\n    font-size: .875rem;\r\n    line-height: 130%;\r\n    color: #D50021;\r\n    margin-left: 4px;\r\n  }\r\n  .news-post .error {\r\n    border: 1px solid #D50021;\r\n  }\r\n  .news-post #message-form-ad {\r\n    border-radius: 4px;\r\n    padding: 0.7rem;\r\n    font-size:0.8rem;\r\n    text-align: center;\r\n    align-items: center;\r\n    justify-content: center;\r\n    display: none;\r\n  }\r\n  .news-post #message-form-ad svg {\r\n    margin-right: 8px;\r\n  }\r\n\r\n  @media(min-width: 561px) {\r\n    .news-post {\r\n      position: relative;\r\n      background: url('https:\/\/www.aurum.com.br\/blog\/wp-content\/themes\/aurum\/img\/bg-news-artigo.svg') no-repeat top center #3C48AA;\r\n      width: calc(100% - 30px);\r\n    }\r\n    .news-post .icone {\r\n      display: block;\r\n      position: absolute;\r\n      right: -30px;\r\n      top: 65px;\r\n      max-width: 142px;\r\n      width: 100%;\r\n      height: auto;\r\n      margin: 0;\r\n    }\r\n    .news-post .title {\r\n      font-size: 1.125rem;\r\n      text-align: left;\r\n      \/* padding-right: 3.75rem; *\/\r\n    }\r\n    .news-post p {\r\n      font-size: 1rem;\r\n      text-align: left;\r\n      max-width: 400px;\r\n    }\r\n    .news-post .boxes {\r\n      display: flex;\r\n      align-items: flex-start;\r\n    }\r\n    .news-post button {\r\n      margin: 0 0 0 1rem;\r\n      width: 100%;\r\n      max-width: 170px;\r\n      min-width: auto;\r\n      transition: all ease .3s\r\n    }\r\n    .news-post button:hover {\r\n      opacity: 0.9;\r\n      transition: all ease .3s\r\n    }\r\n    .news-post #message-form-ad {\r\n      padding: 1.125rem;\r\n      font-size:1rem;\r\n    }\r\n    .news-post #message-form-ad svg {\r\n      margin-right: 10px;\r\n    }\r\n  }\r\n<\/style>\r\n\r\n<div class=\"news-post\">\r\n  <div class=\"title news-ad-title\">Gostou do artigo e quer evoluir a sua advocacia?<\/div>\r\n  <p class=\"news-ad-subtitle\">Assine gr\u00e1tis a Aurum News e receba uma dose semanal de conte\u00fado no seu e-mail! \u270c\ufe0f<\/p>\r\n  <img decoding=\"async\" src=\"https:\/\/www.aurum.com.br\/blog\/wp-content\/themes\/aurum\/img\/icon-news-artigo.svg\" alt=\"\" class=\"icone\">\r\n\r\n  <form method=\"post\" name=\"newsletter-ad\" id=\"aurum-newsletter-ad\">\r\n    <div class=boxes>\r\n      <div class=\"input\">\r\n        <label class=\"label-email\" htmlFor=\"email-ad\">Qual seu e-mail?<\/label>\r\n        <input type=\"email\" id=\"email-ad\" name=\"newsletter-mail-ad\" placeholder=\"Digite seu e-mail?\">\r\n        <div class=\"error-message-ad-email\">Endere\u00e7o de e-mail inv\u00e1lido ou incorreto<\/div>\r\n\r\n        <label class=\"label-select\" htmlFor=\"lawsuits-select-ad\">\r\n          Quantos processos voc\u00ea ou<br class=\"for-desktop\"\/> seu escrit\u00f3rio acompanham?\r\n        <\/label>\r\n        <div id=\"lawsuits-select-ad\" class=\"lawsuits-select select-wrapper\" tabindex=\"0\">\r\n          <div class=\"s-dropdown--styled\">\r\n          <span class=\"lawsuits-default\">\r\n            <span id=\"lawsuits-newsletter-ad\" class=\"lawsuits-default-text\" data-value=\"\">Selecione os processos<\/span>\r\n            <svg class=\"chevron\" xmlns=\"http:\/\/www.w3.org\/2000\/svg\" width=\"24\" height=\"25\" viewBox=\"0 0 24 25\" fill=\"none\">\r\n              <path d=\"M6 15.6152L12 9.61523L18 15.6152\" stroke=\"black\" stroke-width=\"2\" stroke-linecap=\"round\" stroke-linejoin=\"round\" \/>\r\n            <\/svg>\r\n          <\/span>\r\n\r\n          <ul class=\"s-dropdown u-hide\">\r\n            <li class=\"lawsuits\" data-value=\"Mais de 1000 processos\">Mais de 1000 processos<\/li>\r\n            <li class=\"lawsuits\" data-value=\"De 501 a 1000 processos\">De 501 a 1000 processos<\/li>\r\n            <li class=\"lawsuits\" data-value=\"De 151 a 500 processos\">De 151 a 500 processos<\/li>\r\n            <li class=\"lawsuits\" data-value=\"De 41 a 150 processos\">De 41 a 150 processos<\/li>\r\n            <li class=\"lawsuits\" data-value=\"At\u00e9 40 processos\">At\u00e9 40 processos<\/li>\r\n            <li class=\"lawsuits\" data-value=\"Atuo apenas no consultivo\">Atuo apenas no consultivo<\/li>\r\n            <li class=\"lawsuits\" data-value=\"Ainda sou estudante de direito\">Ainda sou estudante de direito<\/li>\r\n            <li class=\"lawsuits\" data-value=\"N\u00e3o sou da \u00e1rea jur\u00eddica\">N\u00e3o sou da \u00e1rea jur\u00eddica<\/li>\r\n          <\/ul>\r\n          <\/div>\r\n        <\/div>\r\n        <div class=\"error-message-ad-lawsuits\">Selecione algum processo<\/div>\r\n      <\/div>\r\n      <button class=\"btn btn-yellow ad-btn-desktop\" id=\"aurum-submit-ad\">Assinar gr\u00e1tis<\/button>\r\n      <button class=\"btn btn-yellow ad-btn-mobile\" id=\"aurum-submit-ad\">Assinar<\/button>\r\n    <\/div>\r\n    <span class=\"news_button_span\">Ao se cadastrar voc\u00ea declara que leu e aceitou a pol\u00edtica de privacidade e cookies do <a href=\"https:\/\/s3.sa-east-1.amazonaws.com\/publico.aurum.com.br\/contratos\/politica-de-privacidade.pdf\" target=\"_blank\" rel=\"noopener noreferrer\">site<\/a>.<\/span>\r\n  <\/form>\r\n  <div id=\"message-form-ad\"><\/div>\r\n<\/div>","protected":false},"excerpt":{"rendered":"<p>Os advogados associados s\u00e3o aqueles que estabelecem um v\u00ednculo de parceria com o escrit\u00f3rio. De forma geral, os escrit\u00f3rios de advocacia podem contar com advogados que atuam como s\u00f3cios, empregados ou associados. Os escrit\u00f3rios de advocacia s\u00e3o pessoas jur\u00eddicas diferentes de todas as outras pessoas jur\u00eddicas. Uma sociedade de advogados n\u00e3o \u00e9 regida pelo c\u00f3digo [&hellip;]<\/p>\n","protected":false},"author":55,"featured_media":9393,"comment_status":"open","ping_status":"open","sticky":false,"template":"","format":"standard","meta":{"_bbp_topic_count":0,"_bbp_reply_count":0,"_bbp_total_topic_count":0,"_bbp_total_reply_count":0,"_bbp_voice_count":0,"_bbp_anonymous_reply_count":0,"_bbp_topic_count_hidden":0,"_bbp_reply_count_hidden":0,"_bbp_forum_subforum_count":0,"inline_featured_image":false,"footnotes":""},"categories":[4,37],"tags":[],"class_list":["post-9392","post","type-post","status-publish","format-standard","has-post-thumbnail","hentry","category-advocacia","category-empreendedorismo-na-advocacia"],"acf":[],"_links":{"self":[{"href":"https:\/\/www.aurum.com.br\/blog\/wp-json\/wp\/v2\/posts\/9392","targetHints":{"allow":["GET"]}}],"collection":[{"href":"https:\/\/www.aurum.com.br\/blog\/wp-json\/wp\/v2\/posts"}],"about":[{"href":"https:\/\/www.aurum.com.br\/blog\/wp-json\/wp\/v2\/types\/post"}],"author":[{"embeddable":true,"href":"https:\/\/www.aurum.com.br\/blog\/wp-json\/wp\/v2\/users\/55"}],"replies":[{"embeddable":true,"href":"https:\/\/www.aurum.com.br\/blog\/wp-json\/wp\/v2\/comments?post=9392"}],"version-history":[{"count":18,"href":"https:\/\/www.aurum.com.br\/blog\/wp-json\/wp\/v2\/posts\/9392\/revisions"}],"predecessor-version":[{"id":33766,"href":"https:\/\/www.aurum.com.br\/blog\/wp-json\/wp\/v2\/posts\/9392\/revisions\/33766"}],"wp:featuredmedia":[{"embeddable":true,"href":"https:\/\/www.aurum.com.br\/blog\/wp-json\/wp\/v2\/media\/9393"}],"wp:attachment":[{"href":"https:\/\/www.aurum.com.br\/blog\/wp-json\/wp\/v2\/media?parent=9392"}],"wp:term":[{"taxonomy":"category","embeddable":true,"href":"https:\/\/www.aurum.com.br\/blog\/wp-json\/wp\/v2\/categories?post=9392"},{"taxonomy":"post_tag","embeddable":true,"href":"https:\/\/www.aurum.com.br\/blog\/wp-json\/wp\/v2\/tags?post=9392"}],"curies":[{"name":"wp","href":"https:\/\/api.w.org\/{rel}","templated":true}]}}