{"id":9379,"date":"2020-07-21T21:06:34","date_gmt":"2020-07-22T00:06:34","guid":{"rendered":"https:\/\/aurum.com.br\/blog\/direito-sistemico\/"},"modified":"2022-12-15T11:45:48","modified_gmt":"2022-12-15T14:45:48","slug":"direito-sistemico","status":"publish","type":"post","link":"https:\/\/www.aurum.com.br\/blog\/direito-sistemico\/","title":{"rendered":"Direito sist\u00eamico: como aplicar a constela\u00e7\u00e3o familiar na advocacia"},"content":{"rendered":"<div id=\"bsf_rt_marker\"><\/div>\n<pre class=\"wp-block-preformatted\">O <strong>direito sist\u00eamico<\/strong> \u00e9 compreendido como a aplica\u00e7\u00e3o das leis sist\u00eamicas e das Constela\u00e7\u00f5es Familiares de Bert Hellinger ao Direito. O seu conhecimento vem trazendo mudan\u00e7as profundas na atua\u00e7\u00e3o dos profissionais da \u00e1rea, consubstanciadas tanto nas t\u00e9cnicas empregadas, quanto, principalmente, na pr\u00f3pria compreens\u00e3o dos conflitos e abordagem com os clientes.&nbsp;<\/pre>\n\n\n\n<p>Mas o que exatamente significa essa aplica\u00e7\u00e3o das leis sist\u00eamicas? Como surgiu o direito sist\u00eamico e o que s\u00e3o as leis sist\u00eamicas? Quais s\u00e3o as mudan\u00e7as pr\u00e1ticas que observamos na abordagem dos profissionais que atuam sob essa \u00f3tica e como podemos utilizar esse conhecimento no nosso dia a dia?&nbsp;<\/p>\n\n\n\n<blockquote class=\"wp-block-quote is-layout-flow wp-block-quote-is-layout-flow\"><p><em>A solu\u00e7\u00e3o est\u00e1 dentro do pr\u00f3prio problema. \u00c9 o problema que nos for\u00e7a a encontrar uma solu\u00e7\u00e3o. E quando n\u00e3o estamos abertos a procurar nossas solu\u00e7\u00f5es, vamos continuar a transferir os problemas para outras rela\u00e7\u00f5es. Todo conflito \u00e9 um presente.\u201d (Bert Hellinger)<\/em><\/p><\/blockquote>\n\n\n\n<p>Neste artigo, traremos uma <strong>vis\u00e3o geral dos conceitos e aplica\u00e7\u00e3o do direito sist\u00eamico, assim como exemplos de utiliza\u00e7\u00e3o pr\u00e1tica dessa abordagem<\/strong>. Ainda, particularmente, pretendo agregar algumas perspectivas pessoais acerca da mudan\u00e7a de paradigma e das respostas que o direito sist\u00eamico trouxe n\u00e3o s\u00f3 para minha atua\u00e7\u00e3o profissional, mas para minha maneira de ver as coisas de forma geral.<\/p>\n\n\n\n<h2 class=\"wp-block-heading\">O que \u00e9 direito sist\u00eamico?<\/h2>\n\n\n\n<p>No contexto aqui abordado, a express\u00e3o \u201cdireito sist\u00eamico\u201d refere-se ao <strong>conceito criado pelo juiz Sami Storch<\/strong>, decorrente da an\u00e1lise do Direito sob uma \u00f3tica baseada no conhecimento das constela\u00e7\u00f5es familiares de Bert Hellinger.<\/p>\n\n\n\n<p>A aplica\u00e7\u00e3o dessa metodologia terap\u00eautica possibilitou uma nova abordagem ao Direito, focada na compreens\u00e3o dos fatores que influenciam o comportamento humano e dos fatos que d\u00e3o origem aos conflitos.&nbsp;<\/p>\n\n\n\n<p>A proposta do Direito Sist\u00eamico envolve:<\/p>\n\n\n\n<ul class=\"wp-block-list\"><li>Compreender a origem do conflito ou determinado comportamento;<\/li><li>Buscar novas possibilidades na resolu\u00e7\u00e3o de conflitos;<\/li><li>Trazer percep\u00e7\u00e3o e libera\u00e7\u00e3o de padr\u00f5es e cren\u00e7as limitantes;<\/li><li>Equilibrar o sistema trazendo nova ordem;&nbsp;<\/li><li>Ampliar a consci\u00eancia sobre os pap\u00e9is de cada um.<\/li><\/ul>\n\n\n\n<p>Para isso, <strong>v\u00ea-se cada indiv\u00edduo como parte de um sistema maior<\/strong>, seja ele o sistema familiar, empresarial ou social, entre outros, compreendendo-se sistema como <em>&#8220;um grupo de pessoas ligadas entre si por um destino comum e rela\u00e7\u00f5es rec\u00edprocas, onde cada membro impacta e exerce influ\u00eancia sobre os demais&#8221;<\/em>, segundo o livro Direito Sist\u00eamico: aplica\u00e7\u00e3o das leis sist\u00eamicas de Bert Hellinger ao Direito de Fam\u00edlia e ao Direito Penal.&nbsp;<\/p>\n\n\n\n<p>Entende-se, portanto, que cada indiv\u00edduo desempenha um papel nesse sistema atuando em conformidade com leis que, segundo Bert Hellinger, regem todas as rela\u00e7\u00f5es humanas e que, quando n\u00e3o observadas, resultam em desequil\u00edbrios que atuam nas mais diversas esferas da nossa vida (nos sistemas familiares, nos coletivos e nas rela\u00e7\u00f5es a eles inerentes).<\/p>\n\n\n\n<h2 class=\"wp-block-heading\">Quais s\u00e3o as leis sist\u00eamicas?<\/h2>\n\n\n\n<p>Essas leis s\u00e3o as chamadas leis sist\u00eamicas, ou conforme designadas por Bert Hellinger, as \u201cOrdens do Amor\u201d, e comp\u00f5em um corpo de premissas compreendidas como ordens reguladoras das rela\u00e7\u00f5es humanas.<\/p>\n\n\n\n<h3 class=\"wp-block-heading\">Pertencimento<\/h3>\n\n\n\n<p>Todos fazem parte de um sistema e nenhum membro pode ser exclu\u00eddo, desrespeitado ou n\u00e3o honrado. Para Bert Hellinger:<\/p>\n\n\n\n<blockquote class=\"wp-block-quote is-layout-flow wp-block-quote-is-layout-flow\"><p><em>Pertencer \u00e0 nossa fam\u00edlia \u00e9 nossa necessidade b\u00e1sica. Esse v\u00ednculo \u00e9 o nosso desejo mais profundo. A necessidade de pertencer a ela vai al\u00e9m at\u00e9 mesmo da nossa necessidade de sobreviver.\u201d<\/em><\/p><\/blockquote>\n\n\n\n<p>Um caso cl\u00e1ssico de exclus\u00e3o ocorre entre casais divorciados, que passam a falar mal um do outro para os filhos. Essa postura \u00e9 extremamente danosa para as crian\u00e7as e pode gerar danos profundos.&nbsp;<\/p>\n\n\n\n<p><strong>A advocacia sist\u00eamica nos casos de fam\u00edlia traz \u00e0s partes a consci\u00eancia da import\u00e2ncia do respeito e inclus\u00e3o do ex companheiro<\/strong>, sem se olvidar da defesa do direito de cada um, mas igualmente sem insuflar brigas ou acreditar que uma parte \u00e9 v\u00edtima e a outra deve ser exclu\u00edda ou condenada.&nbsp;<\/p>\n\n\n\n<p>Bert Hellinger destaca que uma boa separa\u00e7\u00e3o ocorre com a ajuda ao casal na tristeza. Deixa-se que os dois vejam de novo o come\u00e7o e o amor bem profundo que tiveram, e como lhes d\u00f3i a separa\u00e7\u00e3o. A dor n\u00e3o suprime a separa\u00e7\u00e3o, mas depois n\u00e3o existir\u00e3o mais censuras. Ent\u00e3o h\u00e1 respeito, e o casal, embora tenha se separado, fica unido como pais de seus filhos.<\/p>\n\n\n\n<h3 class=\"wp-block-heading\">Ordem ou hierarquia<\/h3>\n\n\n\n<p><strong>Quem chega primeiro no sistema tem preced\u00eancia sobre os que v\u00eam depois<\/strong>. Por exemplo, os s\u00f3cios fundadores t\u00eam prioridade sobre os demais; os pais t\u00eam preced\u00eancia sobre filhos, assim como os irm\u00e3os mais velhos sobre os mais novos.<\/p>\n\n\n\n<p>Muitas vezes, em casos de dissolu\u00e7\u00e3o societ\u00e1ria ou conflitos empresariais, constatamos a invers\u00e3o da ordem internamente no sistema empresarial, e tamb\u00e9m no sistema familiar de origem do envolvidos. N\u00e3o raro, uma pessoa que n\u00e3o respeita o pr\u00f3prio pai, igualmente n\u00e3o conseguir\u00e1 obter respeito de seus subordinados.&nbsp;<\/p>\n\n\n\n<h3 class=\"wp-block-heading\">Equil\u00edbrio entre o dar e o tomar<\/h3>\n\n\n\n<p>Deve haver <strong>uma troca igualit\u00e1ria entre o dar e o tomar nas rela\u00e7\u00f5es<\/strong> para que haja equil\u00edbrio.&nbsp;<\/p>\n\n\n\n<blockquote class=\"wp-block-quote is-layout-flow wp-block-quote-is-layout-flow\"><p><em>O que d\u00e1 e o que recebe conhecem a paz se o dar e o receber forem equivalentes. N\u00f3s nos sentimos credores quando damos algo a algu\u00e9m e devedores quando recebemos. O equil\u00edbrio entre cr\u00e9dito e d\u00e9bito \u00e9 fundamental nos relacionamentos.<\/em><\/p><cite>Bert Hellinger<\/cite><\/blockquote>\n\n\n\n<p>Exce\u00e7\u00e3o \u00e0 essa regra encontra-se na rela\u00e7\u00e3o de pais e filhos, uma vez que os pais d\u00e3o a vida aos filhos e estes n\u00e3o t\u00eam como dar algo equivalente em retorno, podendo t\u00e3o somente serem gratos, tom\u00e1-la como lhes foi dada e fazer algo de bom com ela.<\/p>\n\n\n\n<p>Desta forma, o olhar da intelig\u00eancia sist\u00eamica e o objetivo maior das chamadas constela\u00e7\u00f5es familiares direciona-se a diagnosticar e, ao m\u00e1ximo poss\u00edvel, organizar e realinhar referidos desequil\u00edbrios.<\/p>\n\n\n\n<h2 class=\"wp-block-heading\">Como surgiu o direito sist\u00eamico?&nbsp;<\/h2>\n\n\n\n<p>Bert Hellinger, nascido em 1925, estudou Filosofia, Teologia e Pedagogia. Ele trabalhou 16 anos como membro de uma ordem de mission\u00e1rios cat\u00f3licos com os Zulus na \u00c1frica. Depois, tornou-se psicanalista e desenvolveu a sua pr\u00f3pria abordagem de Constela\u00e7\u00e3o Familiar.<\/p>\n\n\n\n<p>A terapia das constela\u00e7\u00f5es familiares tem por base a experi\u00eancia de v\u00e1rias ci\u00eancias e metodologias com as quais Bert Hellinger teve contato, entre elas o pensamento sist\u00eamico (Gregory Bateson), an\u00e1lise do script (Eric Berne), terapia primal (Arthur Janov), psicodrama (Jakob Moreno), reconstru\u00e7\u00e3o familiar (Virg\u00ednia Satir), terapia familiar (Ruth McClenton e L\u00eas Kadis), teoria dos campos morfogen\u00e9ticos (Rupert Sheldrake), an\u00e1lise transacional e v\u00e1rios processos de hipnose terap\u00eautica.&nbsp;<\/p>\n\n\n\n<p>Al\u00e9m disso, a experi\u00eancia de Hellinger com as tribos Zulus tamb\u00e9m lhe forneceu grande aux\u00edlio e base para o desenvolvimento de seu trabalho.&nbsp;<\/p>\n\n\n\n<p>O direito sist\u00eamico nasce com a pr\u00e1tica proposta pelo Juiz Sami Storch, que convidando as partes dos processos nos quais atuava para participarem de viv\u00eancias de constela\u00e7\u00f5es familiares obteve resultados impressionantes, reconhecidos nacionalmente pelo Conselho Nacional de Justi\u00e7a (com \u00edndices de acordo que chegaram a 100% em situa\u00e7\u00f5es em que as duas partes compareceram \u00e0s viv\u00eancias).<\/p>\n\n\n\n<p>Como se v\u00ea, <strong>o direito sist\u00eamico n\u00e3o se trata de um m\u00e9todo alternativo de solu\u00e7\u00e3o de conflitos<\/strong>, mas uma mudan\u00e7a de paradigma na forma em que encaramos e nos colocamos perante eles.&nbsp;<\/p>\n\n\n\n<p>Sua abordagem pode ser utilizada nas mais diversas \u00e1reas do Direito e em qualquer fase do conflito. \u00c9 poss\u00edvel utiliz\u00e1-la no \u00e2mbito consultivo, na elabora\u00e7\u00e3o de contratos e como base para compreens\u00e3o e fixa\u00e7\u00e3o de acordos, quanto no \u00e2mbito de gest\u00e3o e solu\u00e7\u00e3o de conflitos, quer seja numa fase pr\u00e9-processual, quer concomitante ao pr\u00f3prio andamento de um processo judicial.<\/p>\n\n\n\n<h3 class=\"wp-block-heading\">Consultivo<\/h3>\n\n\n\n<ul class=\"wp-block-list\"><li>elabora\u00e7\u00e3o de contratos;<\/li><li>defini\u00e7\u00e3o de termos de acordo.<\/li><\/ul>\n\n\n\n<h3 class=\"wp-block-heading\">Contencioso<\/h3>\n\n\n\n<ul class=\"wp-block-list\"><li>pr\u00e9-processual;<\/li><li>concomitantemente ao processo judicial.<\/li><\/ul>\n\n\n\n<p>O uso das constela\u00e7\u00f5es familiares na Justi\u00e7a est\u00e1 alinhado \u00e0 <a href=\"https:\/\/atos.cnj.jus.br\/atos\/detalhar\/atos-normativos?documento=156\" target=\"_blank\" rel=\"noopener\">Resolu\u00e7\u00e3o n\u00ba 125\/2010<\/a>, do Conselho Nacional de Justi\u00e7a (CNJ), destinada a estimular pr\u00e1ticas que proporcionam tratamento adequado dos conflitos, assim como ao <a href=\"https:\/\/www.aurum.com.br\/blog\/novo-codigo-de-processo-civil\/\">novo C\u00f3digo de Processo Civil<\/a>, que estimula medidas que promovam o apaziguamento entre opostos.<\/p>\n\n\n\n<p>Hoje, <strong>o direito sist\u00eamico encontra-se cada vez mais presente na pr\u00e1tica judicial e da advocacia<\/strong>, tendo-se expandido para todos os Estados brasileiros e estando presente em comiss\u00f5es da OAB regionais, estaduais e nacional.<\/p>\n\n\n\n<style>\n    #adpost-block_fb3e091b7f485a5e43d877f6cc81b2d6.anuncio-post-reverse {\n        display: flex;\n        gap: 24px;\n        border-radius: 8px;\n        width: 100%;\n        max-width: 752px;\n        padding: 40px;\n        background: #e7f4fe;\n        margin: 16px auto;\n    }\n\n    #adpost-block_fb3e091b7f485a5e43d877f6cc81b2d6 .anuncio-container {\n        display: flex;\n        flex-direction: column;\n        gap: 24px;\n        width: 100%;\n        max-width: 333px;\n    }\n\n    #adpost-block_fb3e091b7f485a5e43d877f6cc81b2d6 .anuncio-container .logo {\n        width: 100%;\n        max-width: 177px;\n        margin: 0;\n    }\n\n    #adpost-block_fb3e091b7f485a5e43d877f6cc81b2d6 .anuncio-text-container {\n        display: flex;\n        flex-direction: column;\n        gap: 24px;\n    }\n\n    #adpost-block_fb3e091b7f485a5e43d877f6cc81b2d6 .anuncio-text-container .title {\n        font-family: 'Ubuntu';\n        font-size: 1.5rem; \/\/24px\n        font-weight: 700;\n        line-height: 120%;\n        margin: 0;\n        color: #000;\n    }\n\n    #adpost-block_fb3e091b7f485a5e43d877f6cc81b2d6 .anuncio-text-container .text {\n        font-size: 0.875rem;\n        font-weight: 400;\n        line-height: 170%;\n        color: #000;\n    }\n\n    #adpost-block_fb3e091b7f485a5e43d877f6cc81b2d6 .anuncio-container .button {\n        display: inline-flex;\n        align-items: center;\n        justify-content: center;\n        width: fit-content;\n        height: 48px;\n        border-radius: 8px;\n        padding: 12px 24px;\n        font-size: 1rem;\n        font-weight: 600;\n        text-decoration: none;\n        background: #008fd5;\n        color: #fff;\n    }\n\n    #adpost-block_fb3e091b7f485a5e43d877f6cc81b2d6 .image-container {\n        position: relative;\n        width: 100%;\n        height: 100%;\n    }\n\n    #adpost-block_fb3e091b7f485a5e43d877f6cc81b2d6 .image-container.float {\n        min-height: 236px;\n    }\n\n    #adpost-block_fb3e091b7f485a5e43d877f6cc81b2d6 .image-container .image-desktop {\n        width: 100%;\n        max-width: 323px;\n        object-fit: contain;\n        margin: 0;\n    }\n\n    #adpost-block_fb3e091b7f485a5e43d877f6cc81b2d6 .image-container .image-mobile {\n        display: none;\n        width: 100%;\n        max-width: 291px;\n        object-fit: contain;\n        margin: 0;\n    }\n\n    #adpost-block_fb3e091b7f485a5e43d877f6cc81b2d6 .image-container.float .image-desktop,\n    #adpost-block_fb3e091b7f485a5e43d877f6cc81b2d6 .image-container.float .image-mobile {\n        position: absolute;\n        right: 0;\n        bottom: 0;\n    }\n\n    #adpost-block_fb3e091b7f485a5e43d877f6cc81b2d6 .image-container img {\n        border-radius: 8px;\n    }\n\n    \/************\n    * MOBILE \n    *************\/\n    @media (max-width: 1439px) {\n        #adpost-block_fb3e091b7f485a5e43d877f6cc81b2d6.anuncio-post-reverse {\n            flex-direction: column-reverse;\n            max-width: fit-content;\n            padding: 24px;\n        }\n\n        #adpost-block_fb3e091b7f485a5e43d877f6cc81b2d6 .anuncio-container {\n            max-width: 280px;\n            align-items: center;\n        }\n\n        #adpost-block_fb3e091b7f485a5e43d877f6cc81b2d6 .anuncio-container .logo {\n            max-width: 147px;\n        }\n\n        #adpost-block_fb3e091b7f485a5e43d877f6cc81b2d6 .anuncio-text-container {\n            gap: 8px;\n        }\n\n        #adpost-block_fb3e091b7f485a5e43d877f6cc81b2d6 .anuncio-text-container .title {\n            font-size: 1.25rem;\n            text-align: center;\n        }\n\n        #adpost-block_fb3e091b7f485a5e43d877f6cc81b2d6 .anuncio-text-container .text {\n            text-align: center;\n        }\n\n        #adpost-block_fb3e091b7f485a5e43d877f6cc81b2d6 .anuncio-container .button {\n            width: 100%;\n        }\n\n        #adpost-block_fb3e091b7f485a5e43d877f6cc81b2d6 .image-container.float {\n            min-height: 182px;\n        }\n\n        #adpost-block_fb3e091b7f485a5e43d877f6cc81b2d6 .image-container .image-desktop {\n            display: none;\n        }\n\n        #adpost-block_fb3e091b7f485a5e43d877f6cc81b2d6 .image-container .image-mobile {\n            display: block;\n        }\n    }\n\n    \/*******************\n    * RESET GLOBAL CSS \n    ********************\/\n    #s-post main article .content .image-container img {\n        margin: 0;\n    }\n<\/style>\n\n\n<article id=\"adpost-block_fb3e091b7f485a5e43d877f6cc81b2d6\" class=\"anuncio-post-reverse\">\n    <div class=\"anuncio-container\">\n        \n        <div class=\"anuncio-text-container\">\n             <h3 class=\"title\" >Seja protagonista da sua advocacia com o Astrea<\/h3>\n            <div class=\"text\" >Tenha tempo para focar no crescimento do seu escrit\u00f3rio, enquanto o Astrea cuida da sua gest\u00e3o jur\u00eddica com intelig\u00eancia.<\/div>        <\/div>\n       \n        <a class=\"button\" href=\"\/astrea\/?utm_source=blog&#038;utm_medium=adpost&#038;utm_campaign=campanha-marca-2026\" target=\"_self\">Conhe\u00e7a o Astrea<\/a>    <\/div>\n\n    <div class=\"image-container\">\n        <img decoding=\"async\" class=\"image-desktop\" src=\"https:\/\/www.aurum.com.br\/blog\/wp-content\/uploads\/2026\/03\/adpos-posicionamento-2026-desktop.png\" alt=\"\" \/>\n        <img decoding=\"async\" class=\"image-mobile\" src=\"https:\/\/www.aurum.com.br\/blog\/wp-content\/uploads\/2026\/03\/adpost-posicionamento-2026-mobile.png\" alt=\"\" \/>    <\/div>\n<\/article>\n\n\n<h2 class=\"wp-block-heading\">Como aplicar a constela\u00e7\u00e3o familiar na advocacia?&nbsp;<\/h2>\n\n\n\n<p>A aplica\u00e7\u00e3o das leis sist\u00eamicas na advocacia pode ocorrer de v\u00e1rias formas.&nbsp;<\/p>\n\n\n\n<p>Muito mais do que simplesmente fazer uso da Constela\u00e7\u00e3o Familiar, o direito sist\u00eamico engloba:<\/p>\n\n\n\n<ul class=\"wp-block-list\"><li>o reconhecimento do indiv\u00edduo como parte de um sistema;<\/li><li>a inclus\u00e3o de todo esse sistema no trabalho individual; e<\/li><li>acima de tudo a postura, a ser internalizada pelo profissional, de olhar para o cliente sem julgamentos ou expectativas e, portanto, sem se colocar como salvador, mas sim atuando com respeito \u00e0s escolhas de vida do indiv\u00edduo e tudo que vem junto com essas escolhas.<\/li><\/ul>\n\n\n\n<p>Os instrumentos que usamos est\u00e3o na postura sist\u00eamica que mantemos nos casos que recebemos; passam por perguntas que convidam o cliente a refletir, se questionar e compreender sobre o conflito e sua situa\u00e7\u00e3o e os desdobramentos que ele espera obter; e at\u00e9 a realiza\u00e7\u00e3o de exerc\u00edcios sist\u00eamicos e constela\u00e7\u00f5es individuais ou em grupo.<\/p>\n\n\n\n<p>Vejamos cada um desses aspectos:<\/p>\n\n\n\n<h3 class=\"wp-block-heading\">Postura sist\u00eamica&nbsp;<\/h3>\n\n\n\n<p>Ocorre mediante a consci\u00eancia e o respeito \u00e0s leis sist\u00eamicas. <strong>O advogado sist\u00eamico atua buscando desvendar eventuais desequil\u00edbrios no sistema<\/strong> que tenham culminado no conflito, fazendo isso sem qualquer tipo de julgamento. Constituem bases para essa postura:<\/p>\n\n\n\n<ul class=\"wp-block-list\"><li>N\u00e3o julgamento;<\/li><li>Estado de presen\u00e7a e empatia;<\/li><li>Escuta ativa &#8211; percep\u00e7\u00e3o do essencial;<\/li><li>Percep\u00e7\u00e3o fenomenol\u00f3gica e ampliada;<\/li><li>Comunica\u00e7\u00e3o n\u00e3o violenta;<\/li><li>Estar a servi\u00e7o da Lei e da Vida;<\/li><li>Olhar para todas as partes envolvidas na rela\u00e7\u00e3o jur\u00eddica.<\/li><\/ul>\n\n\n\n<p>A mudan\u00e7a de postura do advogado j\u00e1 imprime significativa mudan\u00e7a nas rela\u00e7\u00f5es com os clientes. Ao v\u00ea-los como respons\u00e1veis pelos seus pr\u00f3prios destinos e colocarmo-nos \u00e0 servi\u00e7o do sistema do cliente como um todo, sem julgar ou pretender mudar nada, <strong>damos ao cliente a for\u00e7a para assumir os rumos de sua vida<\/strong>.<\/p>\n\n\n\n<h3 class=\"wp-block-heading\">Din\u00e2micas e exerc\u00edcios sist\u00eamicos<\/h3>\n\n\n\n<p>H\u00e1, ainda, <strong>a possibilidade da realiza\u00e7\u00e3o de din\u00e2micas e exerc\u00edcios sist\u00eamicos<\/strong>, que seriam visualiza\u00e7\u00f5es e perguntas que ajudem o cliente a compreender a origem do problema e encontrar solu\u00e7\u00f5es.<\/p>\n\n\n\n<p>Como exemplo pr\u00e1tico, cito o caso de uma cliente que havia ganhado o processo de guarda. Por\u00e9m, o pai da crian\u00e7a se recusava a entreg\u00e1-la \u00e0 m\u00e3e, assim como a filha dizia preferir ficar com o pai.&nbsp;<\/p>\n\n\n\n<p>Mediante conversas e coloca\u00e7\u00e3o de perguntas para investigar o sentimento da cliente, foi poss\u00edvel identificar que ela culpava a sua pr\u00f3pria m\u00e3e por n\u00e3o ter cuidado dela como gostaria. Dessa forma, inconscientemente, ao julgar e acusar a m\u00e3e por amor, ela igualmente n\u00e3o se permitia exercer o seu papel de m\u00e3e de sua filha.<\/p>\n\n\n\n<p>Ao reconhecer isso, a cliente p\u00f4de ver a sua responsabilidade na hist\u00f3ria, passou a ter uma postura mais pr\u00f3xima e cuidadosa e abriu-se o caminho para pacifica\u00e7\u00e3o n\u00e3o s\u00f3 entre a cliente e sua filha, mas tamb\u00e9m com a sua pr\u00f3pria m\u00e3e.<\/p>\n\n\n\n<h3 class=\"wp-block-heading\">Constela\u00e7\u00e3o familiar<\/h3>\n\n\n\n<p><strong>A constela\u00e7\u00e3o familiar pode ocorrer tanto individualmente quanto em grupo<\/strong>, podendo ser realizada com a presen\u00e7a das duas partes envolvidas num conflito ou com apenas uma das partes, servindo a constela\u00e7\u00e3o para trazer consci\u00eancia dos padr\u00f5es de comportamento envolvidos e das responsabilidades de cada parte, assim como para verificar a melhor solu\u00e7\u00e3o aplic\u00e1vel ao caso.<\/p>\n\n\n\n<p>Na constela\u00e7\u00e3o individual, o constelador trabalha com o cliente mediante a utiliza\u00e7\u00e3o de bonecos e cartas. J\u00e1 na constela\u00e7\u00e3o em grupo, o cliente escolhe pessoas desconhecidas e que, normalmente, nada sabem a respeito da quest\u00e3o que ser\u00e1 constelada, para representarem pap\u00e9is.&nbsp;<\/p>\n\n\n\n<p>Essas pessoas, ainda sem ter conhecimento do que est\u00e3o representando, dir\u00e3o o que sentem e far\u00e3o os movimentos que sentirem compelidos a fazer (aproximando-se ou afastando-se de outras pessoas do grupo).&nbsp;<\/p>\n\n\n\n<p>Com esses movimentos, podendo haver interfer\u00eancia de perguntas ou pedido para que os representantes pronunciem frases de alinhamento, encontra-se a solu\u00e7\u00e3o para os desequil\u00edbrios e &#8220;emaranhados&#8221; que se mostrarem.<\/p>\n\n\n\n<h4 class=\"wp-block-heading\">Aplica\u00e7\u00e3o da constela\u00e7\u00e3o familiar no direito sist\u00eamico<\/h4>\n\n\n\n<p>Sobre a aplica\u00e7\u00e3o das constela\u00e7\u00f5es familiares, algumas observa\u00e7\u00f5es se fazem necess\u00e1rias:<\/p>\n\n\n\n<ul class=\"wp-block-list\"><li>N\u00e3o \u00e9 psicoterapia;<\/li><li>N\u00e3o tem cunho religioso;<\/li><li>N\u00e3o se confronta com a necessidade de responsabiliza\u00e7\u00e3o (imposi\u00e7\u00e3o de pena);<\/li><li>Pode ser aplicada em qualquer \u00e2mbito do relacionamento humano; e<\/li><li>Foi inclu\u00edda como pr\u00e1tica integrativa no SUS (Portaria n\u00ba 702 de 21\/03\/2018).<\/li><\/ul>\n\n\n\n<p>No direito sist\u00eamico, <strong>a constela\u00e7\u00e3o pode ser feita tanto pelo advogado que tiver forma\u00e7\u00e3o como constelador, quanto por um terapeuta independente<\/strong>. \u00c9 muito importante destacar a responsabilidade envolvida ao constelar-se o caso de um cliente.&nbsp;<\/p>\n\n\n\n<p>Muito embora tenhamos o entendimento de ser ben\u00e9fica a propaga\u00e7\u00e3o do conhecimento do direito sist\u00eamico e o aumento que se v\u00ea na quantidade de profissionais do Direito obtendo forma\u00e7\u00e3o como consteladores, n\u00e3o podemos deixar de ressaltar nosso entendimento de que as constela\u00e7\u00f5es devem ser acompanhadas por profissionais experientes e ser conduzidas com a devida seriedade e consci\u00eancia do grau de responsabilidade necess\u00e1rio.<\/p>\n\n\n\n<p>Uma observa\u00e7\u00e3o importante \u00e9 que encontra-se em andamento o Projeto de Lei (PL 9444\/2017), que veda o constelador, pelo prazo de um ano contado do t\u00e9rmino de sua atua\u00e7\u00e3o, de assessorar, representar ou patrocinar qualquer das partes.<\/p>\n\n\n\n<p><strong>O direito sist\u00eamico pode ser aplicado em todas as \u00e1reas do Direito<\/strong>.&nbsp;<\/p>\n\n\n\n<p>N\u00e3o obstante seu in\u00edcio e for\u00e7a motora tenha se dado no <a href=\"https:\/\/www.aurum.com.br\/blog\/direito-de-familia\/\">direito de fam\u00edlia<\/a>, verificamos os resultados positivos de sua pr\u00e1tica nas rela\u00e7\u00f5es empresariais, <a href=\"https:\/\/www.aurum.com.br\/blog\/direito-das-sucessoes\/\">direito das sucess\u00f5es<\/a>, direito penal, rela\u00e7\u00f5es civis em geral, <a href=\"https:\/\/www.aurum.com.br\/blog\/direito-do-trabalho\/\">direito do trabalho<\/a> e Previdenci\u00e1rio, entre outros.<\/p>\n\n\n\n<h2 class=\"wp-block-heading\">Benef\u00edcios do direito sist\u00eamico<\/h2>\n\n\n\n<p>O direito sist\u00eamico possibilitou uma nova abordagem ao Direito, uma focada na compreens\u00e3o dos fatores que influenciam o comportamento humano. <strong>A pr\u00e1tica do direito sist\u00eamico permite avaliar de forma estrat\u00e9gica as ra\u00edzes do conflito e as perspectivas de solu\u00e7\u00e3o<\/strong>.&nbsp;<\/p>\n\n\n\n<p>Com ela, \u00e9 poss\u00edvel:<\/p>\n\n\n\n<ul class=\"wp-block-list\"><li>realizar um diagn\u00f3stico da situa\u00e7\u00e3o,&nbsp;<\/li><li>trazer \u00e0 luz da consci\u00eancia os v\u00ednculos, rela\u00e7\u00f5es, emo\u00e7\u00f5es e pap\u00e9is que est\u00e3o em jogo sem ser devidamente reconhecidos,&nbsp;<\/li><li>ver quais implica\u00e7\u00f5es inconscientes funcionam est\u00e3o atuando; e<\/li><li>chegar-se a uma solu\u00e7\u00e3o, j\u00e1 que os princ\u00edpios de direito sist\u00eamico permitem intervir de forma r\u00e1pida e eficiente incluindo, equilibrando e ordenando o sistema a partir de exclus\u00f5es, desequil\u00edbrios e desordens descobertos.&nbsp;<\/li><\/ul>\n\n\n\n<p>Desta forma, tem-se de forma muito palp\u00e1vel a possibilidade de destravar pacificamente situa\u00e7\u00f5es que de outra maneira perdurariam e se aprofundariam com o tempo, conforme os estudos de Cristina Llaguno.&nbsp;<\/p>\n\n\n\n<p>Sua proposta engloba encontrar a verdadeira solu\u00e7\u00e3o dos conflitos, que n\u00e3o se coloca como a vit\u00f3ria de uma parte sobre a outra, mas sim abrange todo o sistema envolvido no conflito e a compreens\u00e3o da interdepend\u00eancia dos indiv\u00edduos.<\/p>\n\n\n\n<p><strong>Tamb\u00e9m do advogado retira-se o peso de solucionar o conflito<\/strong>, permitindo que seja um ajudante na busca pela harmoniza\u00e7\u00e3o, cura e equil\u00edbrio das rela\u00e7\u00f5es.&nbsp;<\/p>\n\n\n\n<p>Nas palavras de Bianca Pizzatto de Carvalho no livro <em>Pensamento Sist\u00eamico<\/em>:<\/p>\n\n\n\n<blockquote class=\"wp-block-quote is-layout-flow wp-block-quote-is-layout-flow\"><p><em>Estar a servi\u00e7o da pacifica\u00e7\u00e3o social \u00e9 estar conectado \u00e0 verdadeira natureza da advocacia (&#8230;) como diz Bert Hellinger, muitas vezes a boa solu\u00e7\u00e3o \u00e9 dif\u00edcil, pois nos faz perder a import\u00e2ncia.\u201d<\/em><\/p><\/blockquote>\n\n\n\n<h2 class=\"wp-block-heading\">Conclus\u00e3o<\/h2>\n\n\n\n<p>H\u00e1, hoje em dia, um consenso de que o sistema judici\u00e1rio brasileiro precisa de uma mudan\u00e7a. A cultura do lit\u00edgio em que vivemos vem perpetuando uma atua\u00e7\u00e3o jur\u00eddica que reproduz insatisfa\u00e7\u00f5es para todas as partes, nos questiona quanto \u00e0 real efetividade da Justi\u00e7a e n\u00e3o contribui para a pacifica\u00e7\u00e3o das rela\u00e7\u00f5es.<\/p>\n\n\n\n<p>A base para essa nova atua\u00e7\u00e3o jur\u00eddica \u00e9<strong> o olhar sist\u00eamico das rela\u00e7\u00f5es que permite ao operador do Direito ir al\u00e9m da aplica\u00e7\u00e3o pura e simples da lei<\/strong>, ampliando a percep\u00e7\u00e3o para a inclus\u00e3o de todos os envolvidos e melhor compreens\u00e3o das din\u00e2micas ocultas nos conflitos.<\/p>\n\n\n\n<p>Essa \u00e9 a compreens\u00e3o que o direito sist\u00eamico permite que fa\u00e7amos, colaborando assim para a busca de uma solu\u00e7\u00e3o cooperativa e pac\u00edfica dos conflitos.<\/p>\n\n\n\n<p>Ainda que o fundamento do direito sist\u00eamico esteja na aplica\u00e7\u00e3o das constela\u00e7\u00f5es familiares ao Direito, a atua\u00e7\u00e3o do advogado sist\u00eamico n\u00e3o deve se limitar &#8211; assim como n\u00e3o se condiciona &#8211; \u00e0 realiza\u00e7\u00e3o das constela\u00e7\u00f5es.<\/p>\n\n\n\n<p>Trata-se muito mais de uma consci\u00eancia e postura que deve ser adotada em todas as etapas, analisando se nossa atua\u00e7\u00e3o enquanto advogados est\u00e1 colaborando para facilitar a solu\u00e7\u00e3o ou se, ao contr\u00e1rio, estamos intensificando o conflito.<\/p>\n\n\n\n<p><strong>A postura sist\u00eamica exige do advogado um estado de presen\u00e7a livre de julgamento<\/strong> e, sobretudo ausente de inten\u00e7\u00e3o de salvar o cliente, independente do resultado que emergir. Essa postura n\u00e3o s\u00f3 confere for\u00e7a e devolve ao cliente o poder sobre sua vida, como tamb\u00e9m libera o advogado, que funciona como facilitador do processo e n\u00e3o como salvador do cliente.&nbsp;<\/p>\n\n\n\n<p>Embora sua aplica\u00e7\u00e3o seja recente, os resultados que v\u00eam sendo alcan\u00e7ados pela aplica\u00e7\u00e3o do direito sist\u00eamico nas mais diversas \u00e1reas da advocacia confirmam a sua import\u00e2ncia, especialmente pela possibilidade colaborar para que o Direito seja um verdadeiro instrumento de pacifica\u00e7\u00e3o social e harmoniza\u00e7\u00e3o das rela\u00e7\u00f5es.&nbsp;<\/p>\n\n\n\n<h3 class=\"wp-block-heading\">Mais conhecimento para voc\u00ea<\/h3>\n\n\n\n<p> Se voc\u00ea quiser ler mais sobre Direito e advocacia, continue navegando pelo Portal da Aurum! Indico os seguintes artigos para leitura:<\/p>\n\n\n\n<ul class=\"wp-block-list\"><li>Principais aspectos e aplicabilidade da Lei Maria da Penha (<a href=\"https:\/\/www.aurum.com.br\/blog\/lei-11340\/\">11.340\/06<\/a>)<\/li><li>Saiba mais sobre <a href=\"https:\/\/www.aurum.com.br\/blog\/planejamento-sucessorio-familiar\/\">planejamento sucess\u00f3rio familiar<\/a><\/li><li><a href=\"https:\/\/www.aurum.com.br\/blog\/curatela\/\">Curatela<\/a>: aspectos processuais e dicas sobre a a\u00e7\u00e3o<\/li><li>As <a href=\"https:\/\/www.aurum.com.br\/blog\/medidas-protetivas\/\">medidas protetivas<\/a> no ordenamento jur\u00eddico brasileiro<\/li><li><a href=\"https:\/\/www.aurum.com.br\/blog\/judicializacao-da-saude\/\">Judicializa\u00e7\u00e3o da sa\u00fade<\/a>: qual o papel dos operadores do direito?<\/li><\/ul>\n\n\n\n<p> Tenha esses e outros conte\u00fados diretamente na sua caixa de entrada! Assinando a <a href=\"https:\/\/materiais.aurum.com.br\/assinar-newsletter\/\" target=\"_blank\" rel=\"noopener\">newsletter da Aurum<\/a> voc\u00ea recebe e-mails com os melhores materiais sobre o assunto.    <\/p>\n\n\n<style>\r\n  .news-post {\r\n    background: url('https:\/\/www.aurum.com.br\/blog\/wp-content\/themes\/aurum\/img\/bg-news-artigo.svg') no-repeat top center #3C48AA;\r\n    padding: 1.5rem;\r\n    border-radius: 6px;\r\n    margin: 1rem 0;\r\n  }\r\n  .news-post .icone {\r\n    display: none;\r\n  }\r\n  .news-post .title {\r\n    font-weight: 700;\r\n    font-size: 16px;\r\n    line-height: 130%;\r\n    text-align: center;\r\n    letter-spacing: -0.5px;\r\n    color: #fff;\r\n    margin-bottom: .9375rem;\r\n  }\r\n  .news-post p {\r\n    font-size: .875rem;\r\n    line-height: 140%;\r\n    text-align: center;\r\n    color: #fff;\r\n    margin-bottom: 1.25rem;\r\n  }\r\n  .news-post .news_button_span {\r\n    font-size: .8125rem;\r\n    display: block;\r\n    padding: .125rem .3125rem;\r\n    color: #fff;\r\n    text-align:left;\r\n  }\r\n  .news-post .news_button_span a {\r\n    color: #fff !important;\r\n    text-decoration: underline;\r\n  }\r\n  .news-post form {\r\n    width: 100%;\r\n  }\r\n  .news-post label {\r\n    font-weight: 600;\r\n    font-size: .9375rem;\r\n    line-height: 1.5rem;\r\n    margin-bottom: .5rem;\r\n    color: #fff;\r\n    display: block;\r\n  }\r\n  .news-post input {\r\n    background: #fff;\r\n    border: 1px solid #CBCBD9;\r\n    box-sizing: border-box;\r\n    border-radius: 4px;\r\n    padding: .75rem 1rem;\r\n    width: 100%;\r\n  }\r\n  .news-post button {\r\n    margin-top: .875rem;\r\n    width: 100%;\r\n    min-width: auto;\r\n    background: #FCC632;\r\n    color: #3C48AA;\r\n  }\r\n  .news-post .input {\r\n    position: relative;\r\n    padding-bottom: 10px;\r\n  }\r\n  .news-post .error-message-ad {\r\n    font-size: .875rem;\r\n    line-height: 130%;\r\n    color: #D50021;\r\n    margin-left: 4px;\r\n  }\r\n  .news-post .error {\r\n    border: 1px solid #D50021;\r\n  }\r\n  .news-post #message-form-ad {\r\n    border-radius: 4px;\r\n    padding: 0.7rem;\r\n    font-size:0.8rem;\r\n    text-align: center;\r\n    align-items: center;\r\n    justify-content: center;\r\n    display: none;\r\n  }\r\n  .news-post #message-form-ad svg {\r\n    margin-right: 8px;\r\n  }\r\n\r\n  @media(min-width: 561px) {\r\n    .news-post {\r\n      position: relative;\r\n      background: url('https:\/\/www.aurum.com.br\/blog\/wp-content\/themes\/aurum\/img\/bg-news-artigo.svg') no-repeat top center #3C48AA;\r\n      width: calc(100% - 30px);\r\n    }\r\n    .news-post .icone {\r\n      display: block;\r\n      position: absolute;\r\n      right: -30px;\r\n      top: 65px;\r\n      max-width: 142px;\r\n      width: 100%;\r\n      height: auto;\r\n      margin: 0;\r\n    }\r\n    .news-post .title {\r\n      font-size: 1.125rem;\r\n      text-align: left;\r\n      \/* padding-right: 3.75rem; *\/\r\n    }\r\n    .news-post p {\r\n      font-size: 1rem;\r\n      text-align: left;\r\n      max-width: 400px;\r\n    }\r\n    .news-post .boxes {\r\n      display: flex;\r\n      align-items: flex-start;\r\n    }\r\n    .news-post button {\r\n      margin: 0 0 0 1rem;\r\n      width: 100%;\r\n      max-width: 170px;\r\n      min-width: auto;\r\n      transition: all ease .3s\r\n    }\r\n    .news-post button:hover {\r\n      opacity: 0.9;\r\n      transition: all ease .3s\r\n    }\r\n    .news-post #message-form-ad {\r\n      padding: 1.125rem;\r\n      font-size:1rem;\r\n    }\r\n    .news-post #message-form-ad svg {\r\n      margin-right: 10px;\r\n    }\r\n  }\r\n<\/style>\r\n\r\n<div class=\"news-post\">\r\n  <div class=\"title news-ad-title\">Gostou do artigo e quer evoluir a sua advocacia?<\/div>\r\n  <p class=\"news-ad-subtitle\">Assine gr\u00e1tis a Aurum News e receba uma dose semanal de conte\u00fado no seu e-mail! \u270c\ufe0f<\/p>\r\n  <img decoding=\"async\" src=\"https:\/\/www.aurum.com.br\/blog\/wp-content\/themes\/aurum\/img\/icon-news-artigo.svg\" alt=\"\" class=\"icone\">\r\n\r\n  <form method=\"post\" name=\"newsletter-ad\" id=\"aurum-newsletter-ad\">\r\n    <div class=boxes>\r\n      <div class=\"input\">\r\n        <label class=\"label-email\" htmlFor=\"email-ad\">Qual seu e-mail?<\/label>\r\n        <input type=\"email\" id=\"email-ad\" name=\"newsletter-mail-ad\" placeholder=\"Digite seu e-mail?\">\r\n        <div class=\"error-message-ad-email\">Endere\u00e7o de e-mail inv\u00e1lido ou incorreto<\/div>\r\n\r\n        <label class=\"label-select\" htmlFor=\"lawsuits-select-ad\">\r\n          Quantos processos voc\u00ea ou<br class=\"for-desktop\"\/> seu escrit\u00f3rio acompanham?\r\n        <\/label>\r\n        <div id=\"lawsuits-select-ad\" class=\"lawsuits-select select-wrapper\" tabindex=\"0\">\r\n          <div class=\"s-dropdown--styled\">\r\n          <span class=\"lawsuits-default\">\r\n            <span id=\"lawsuits-newsletter-ad\" class=\"lawsuits-default-text\" data-value=\"\">Selecione os processos<\/span>\r\n            <svg class=\"chevron\" xmlns=\"http:\/\/www.w3.org\/2000\/svg\" width=\"24\" height=\"25\" viewBox=\"0 0 24 25\" fill=\"none\">\r\n              <path d=\"M6 15.6152L12 9.61523L18 15.6152\" stroke=\"black\" stroke-width=\"2\" stroke-linecap=\"round\" stroke-linejoin=\"round\" \/>\r\n            <\/svg>\r\n          <\/span>\r\n\r\n          <ul class=\"s-dropdown u-hide\">\r\n            <li class=\"lawsuits\" data-value=\"Mais de 1000 processos\">Mais de 1000 processos<\/li>\r\n            <li class=\"lawsuits\" data-value=\"De 501 a 1000 processos\">De 501 a 1000 processos<\/li>\r\n            <li class=\"lawsuits\" data-value=\"De 151 a 500 processos\">De 151 a 500 processos<\/li>\r\n            <li class=\"lawsuits\" data-value=\"De 41 a 150 processos\">De 41 a 150 processos<\/li>\r\n            <li class=\"lawsuits\" data-value=\"At\u00e9 40 processos\">At\u00e9 40 processos<\/li>\r\n            <li class=\"lawsuits\" data-value=\"Atuo apenas no consultivo\">Atuo apenas no consultivo<\/li>\r\n            <li class=\"lawsuits\" data-value=\"Ainda sou estudante de direito\">Ainda sou estudante de direito<\/li>\r\n            <li class=\"lawsuits\" data-value=\"N\u00e3o sou da \u00e1rea jur\u00eddica\">N\u00e3o sou da \u00e1rea jur\u00eddica<\/li>\r\n          <\/ul>\r\n          <\/div>\r\n        <\/div>\r\n        <div class=\"error-message-ad-lawsuits\">Selecione algum processo<\/div>\r\n      <\/div>\r\n      <button class=\"btn btn-yellow ad-btn-desktop\" id=\"aurum-submit-ad\">Assinar gr\u00e1tis<\/button>\r\n      <button class=\"btn btn-yellow ad-btn-mobile\" id=\"aurum-submit-ad\">Assinar<\/button>\r\n    <\/div>\r\n    <span class=\"news_button_span\">Ao se cadastrar voc\u00ea declara que leu e aceitou a pol\u00edtica de privacidade e cookies do <a href=\"https:\/\/s3.sa-east-1.amazonaws.com\/publico.aurum.com.br\/contratos\/politica-de-privacidade.pdf\" target=\"_blank\" rel=\"noopener noreferrer\">site<\/a>.<\/span>\r\n  <\/form>\r\n  <div id=\"message-form-ad\"><\/div>\r\n<\/div>\n\n\n<p> <em>Ficou com alguma d\u00favida sobre direito sist\u00eamico? Deixe nos coment\u00e1rios! Vamos adorar responder <\/em>\ud83d\ude42 <\/p>\n","protected":false},"excerpt":{"rendered":"<p>O direito sist\u00eamico \u00e9 compreendido como a aplica\u00e7\u00e3o das leis sist\u00eamicas e das Constela\u00e7\u00f5es Familiares de Bert Hellinger ao Direito. O seu conhecimento vem trazendo mudan\u00e7as profundas na atua\u00e7\u00e3o dos profissionais da \u00e1rea, consubstanciadas tanto nas t\u00e9cnicas empregadas, quanto, principalmente, na pr\u00f3pria compreens\u00e3o dos conflitos e abordagem com os clientes.&nbsp; Mas o que exatamente significa [&hellip;]<\/p>\n","protected":false},"author":78,"featured_media":9380,"comment_status":"open","ping_status":"open","sticky":false,"template":"","format":"standard","meta":{"_bbp_topic_count":0,"_bbp_reply_count":0,"_bbp_total_topic_count":0,"_bbp_total_reply_count":0,"_bbp_voice_count":0,"_bbp_anonymous_reply_count":0,"_bbp_topic_count_hidden":0,"_bbp_reply_count_hidden":0,"_bbp_forum_subforum_count":0,"inline_featured_image":false,"footnotes":""},"categories":[22],"tags":[],"class_list":["post-9379","post","type-post","status-publish","format-standard","has-post-thumbnail","hentry","category-direito-de-familia"],"acf":[],"_links":{"self":[{"href":"https:\/\/www.aurum.com.br\/blog\/wp-json\/wp\/v2\/posts\/9379","targetHints":{"allow":["GET"]}}],"collection":[{"href":"https:\/\/www.aurum.com.br\/blog\/wp-json\/wp\/v2\/posts"}],"about":[{"href":"https:\/\/www.aurum.com.br\/blog\/wp-json\/wp\/v2\/types\/post"}],"author":[{"embeddable":true,"href":"https:\/\/www.aurum.com.br\/blog\/wp-json\/wp\/v2\/users\/78"}],"replies":[{"embeddable":true,"href":"https:\/\/www.aurum.com.br\/blog\/wp-json\/wp\/v2\/comments?post=9379"}],"version-history":[{"count":3,"href":"https:\/\/www.aurum.com.br\/blog\/wp-json\/wp\/v2\/posts\/9379\/revisions"}],"predecessor-version":[{"id":16960,"href":"https:\/\/www.aurum.com.br\/blog\/wp-json\/wp\/v2\/posts\/9379\/revisions\/16960"}],"wp:featuredmedia":[{"embeddable":true,"href":"https:\/\/www.aurum.com.br\/blog\/wp-json\/wp\/v2\/media\/9380"}],"wp:attachment":[{"href":"https:\/\/www.aurum.com.br\/blog\/wp-json\/wp\/v2\/media?parent=9379"}],"wp:term":[{"taxonomy":"category","embeddable":true,"href":"https:\/\/www.aurum.com.br\/blog\/wp-json\/wp\/v2\/categories?post=9379"},{"taxonomy":"post_tag","embeddable":true,"href":"https:\/\/www.aurum.com.br\/blog\/wp-json\/wp\/v2\/tags?post=9379"}],"curies":[{"name":"wp","href":"https:\/\/api.w.org\/{rel}","templated":true}]}}