{"id":9377,"date":"2023-06-11T14:38:00","date_gmt":"2023-06-11T17:38:00","guid":{"rendered":"https:\/\/aurum.com.br\/blog\/liberdade-de-imprensa\/"},"modified":"2024-07-25T11:04:12","modified_gmt":"2024-07-25T14:04:12","slug":"liberdade-de-imprensa","status":"publish","type":"post","link":"https:\/\/www.aurum.com.br\/blog\/liberdade-de-imprensa\/","title":{"rendered":"Os limites e deveres da liberdade de imprensa"},"content":{"rendered":"<div id=\"bsf_rt_marker\"><\/div>\n<pre class=\"wp-block-preformatted\">A <strong>liberdade de imprensa<\/strong> garante que jornalistas possam investigar e publicar informa\u00e7\u00f5es livremente, possibilitando o acesso \u00e0 informa\u00e7\u00e3o ao povo, conforme o art. 5 da Constitui\u00e7\u00e3o Federal.<\/pre>\n\n\n\n<p>A liberdade de imprensa \u00e9 base para todo Estado Democr\u00e1tico. Atrav\u00e9s dela, o povo exerce seu direito de ser informado e participar da cidadania com consci\u00eancia sobre a realidade p\u00fablica. Por outro lado, por mais fundamental que seja, <strong>a liberdade de informa\u00e7\u00e3o deve respeitar seus limites internos e externos<\/strong>, em especial o respeito aos direitos de igual hierarquia normativa.<\/p>\n\n\n\n<p>Neste texto iremos abordar qual o conte\u00fado da liberdade de imprensa, qu\u00e3o ampla \u00e9 esta liberdade e quais as raz\u00f5es para sua prote\u00e7\u00e3o na Constitui\u00e7\u00e3o Federal. Na sequ\u00eancia, enfrentaremos as restri\u00e7\u00f5es pr\u00e9-estabelecidas sobre seu regime jur\u00eddico, verificando como a jurisprud\u00eancia tem interpretado tais limites.&nbsp;<\/p>\n\n\n\n<p>Por fim, investigaremos como a crise das fake news coloca em perigo a liberdade de informa\u00e7\u00e3o e qual a import\u00e2ncia da comunica\u00e7\u00e3o jornal\u00edstica em barrar not\u00edcias fraudulentas.&nbsp;<\/p>\n\n\n\n<h2 class=\"wp-block-heading\">O que \u00e9 liberdade de imprensa?<\/h2>\n\n\n\n<p>A <strong>liberdade de imprensa<\/strong> garante que jornalistas possam investigar e publicar informa\u00e7\u00f5es livremente, possibilitando o acesso \u00e0 informa\u00e7\u00e3o ao povo, conforme o art. 5 da Constitui\u00e7\u00e3o Federal.<\/p>\n\n\n\n<p>A rigor, a velha liberdade de imprensa foi superada pela <strong>liberdade de informa\u00e7\u00e3o jornal\u00edstica<\/strong> com a Constitui\u00e7\u00e3o Federal de 1988, j\u00e1 que n\u00e3o h\u00e1 limita\u00e7\u00e3o ao ve\u00edculo impresso, mas compreende-se qualquer forma ou ve\u00edculo de comunica\u00e7\u00e3o social em mat\u00e9ria de jornalismo. Contudo, como aquele termo ainda guarda um uso bastante arraigado na sociedade, utilizaremos ambos os conceitos como sin\u00f4nimos.&nbsp;<\/p>\n\n\n\n<p>A liberdade de imprensa foi juridicamente tutelada como fundamental, pela primeira vez, na 1\u00aa Emenda da Constitui\u00e7\u00e3o Estadunidense, inaugurando a chamada <em>Bill of Rights. <\/em>Ali, previu-se que o Congresso dos Estados Unidos:<\/p>\n\n\n\n<blockquote class=\"wp-block-quote is-layout-flow wp-block-quote-is-layout-flow\">\n<p>&nbsp;<em>N\u00e3o legislar\u00e1 no sentido de estabelecer uma religi\u00e3o, ou proibir o livre exerc\u00edcio dos cultos, <\/em><strong><em>ou cercear a liberdade de express\u00e3o, ou de imprensa, <\/em><\/strong><em>ou o direito do povo se reunir pacificamente e de dirigir ao governo peti\u00e7\u00f5es para a repara\u00e7\u00e3o de seus agravos.\u201d&nbsp;<\/em><\/p>\n<\/blockquote>\n\n\n\n<p>No Brasil, a <a href=\"http:\/\/www.planalto.gov.br\/ccivil_03\/constituicao\/constituicao.htm\" target=\"_blank\" rel=\"noreferrer noopener\" aria-label=\"Constitui\u00e7\u00e3o de 1988 (abre numa nova aba)\">Constitui\u00e7\u00e3o de 1988<\/a> reservou a liberdade de informa\u00e7\u00e3o jornal\u00edstica no rol de direitos fundamentais, dedicando-lhe os incisos IV, V, IX, XII e XIV do artigo 5\u00ba para sua disciplina.&nbsp;<\/p>\n\n\n\n<p>Isso significa que <strong>a liberdade de imprensa possui aplicabilidade imediata<\/strong>, independente de lei infraconstitucional, e \u00e9 protegida contra altera\u00e7\u00f5es da Constitui\u00e7\u00e3o e as causas que lhe disserem respeito poder\u00e3o ser apreciadas pelo Supremo Tribunal Federal.<\/p>\n\n\n\n<p><em>Saiba mais sobre <\/em><a href=\"https:\/\/www.aurum.com.br\/blog\/direitos-e-garantias-fundamentais\/\"><em>direitos e garantias fundamentais<\/em><\/a><em>.<\/em><\/p>\n\n\n\n<p>Mas o legislador constituinte foi al\u00e9m e dedicou um cap\u00edtulo inteiro, nos artigos 220 a 224, para ampliar a densidade normativa da comunica\u00e7\u00e3o social. Dessa interpreta\u00e7\u00e3o sistem\u00e1tica, extraem-se alguns princ\u00edpios b\u00e1sicos que regem o exerc\u00edcio da liberdade de imprensa.&nbsp;<\/p>\n\n\n\n<h2 class=\"wp-block-heading\">Quais os princ\u00edpios b\u00e1sicos da liberdade de imprensa?<\/h2>\n\n\n\n<p>Primeiramente, respeitados os limites impostos pela Constitui\u00e7\u00e3o, as formas de comunica\u00e7\u00e3o n\u00e3o sofrer\u00e3o restri\u00e7\u00f5es quanto ao processo ou ve\u00edculo de divulga\u00e7\u00e3o. Igualmente, <strong>nenhuma lei pode constituir embara\u00e7o \u00e0 plena liberdade de informa\u00e7\u00e3o jornal\u00edstica<\/strong>. \u00c9 o que disp\u00f5e o art. 220, <em>caput<\/em> e \u00a71\u00ba, da Lei Fundamental.&nbsp;<\/p>\n\n\n\n<p>Em terceiro lugar, \u00e9 vedada qualquer forma de censura de natureza pol\u00edtica, ideol\u00f3gica ou art\u00edstica, seja previamente ou <em>a posteriori. <\/em>\u00c9 dizer, portanto, que n\u00e3o cabe a interven\u00e7\u00e3o proibitiva, que impe\u00e7a a divulga\u00e7\u00e3o da mat\u00e9ria, por motivos extrajur\u00eddicos e que se baseiem na qualidade moral do conte\u00fado apresentado. A garantia est\u00e1 positivada no art. 220, \u00a72\u00ba, da Constitui\u00e7\u00e3o.&nbsp;<\/p>\n\n\n\n<p>Como quarto princ\u00edpio temos que a publica\u00e7\u00e3o em forma impressa ou digital independe de licen\u00e7a de autoridade. Apenas os ve\u00edculos de radiodifus\u00e3o e televis\u00e3o, por serem meios de comunica\u00e7\u00e3o de titularidade do Estado, depender\u00e3o de autoriza\u00e7\u00e3o, permiss\u00e3o ou concess\u00e3o do poder p\u00fablico para serem operados.&nbsp;<\/p>\n\n\n\n<h3 class=\"wp-block-heading\">Import\u00e2ncia da liberdade de imprensa<\/h3>\n\n\n\n<p>A preocupa\u00e7\u00e3o do constitucionalismo com a liberdade de imprensa n\u00e3o \u00e9 sup\u00e9rflua. Pelo contr\u00e1rio, <strong>o povo reconheceu que ela \u00e9 necess\u00e1ria para a constru\u00e7\u00e3o de uma sociedade livre e justa<\/strong>, capaz de enfrentar com consci\u00eancia os desmandos dos poderes constitu\u00eddos.&nbsp;<\/p>\n\n\n\n<p>Embora todos os direitos fundamentais se direcionem para a limita\u00e7\u00e3o do poder da autoridade, a liberdade de imprensa ocupa um protagonismo nessa fun\u00e7\u00e3o. Somente quando temos acesso aos acontecimentos do mundo podemos exercer um ju\u00edzo sobre ele. Apenas quando temos em m\u00e3os, por fontes confi\u00e1veis, a certeza sobre os erros e abuso do poder pol\u00edtico ou social, podemos nos insurgir contra ele.<\/p>\n\n\n\n<p>Com efeito, a hist\u00f3ria j\u00e1 nos mostrou como per\u00edodos autorit\u00e1rios tendem a descredibilizar a imprensa, colocando-a como inimiga p\u00fablica, sobretudo quando os jornalistas passam a divulgar resultados cr\u00edticos desse ou daquele governo. Como anotou Steven Levitsky, autor do <em>best-seller \u201cComo as democracias morrem\u201d,<\/em> um dos primeiros sintomas de fal\u00eancia democr\u00e1tica sobre uma na\u00e7\u00e3o \u00e9 o desprezo aos ve\u00edculos de comunica\u00e7\u00e3o e \u00e0 liberdade de imprensa.<\/p>\n\n\n\n<p>Da\u00ed porque a doutrina majorit\u00e1ria, como Jos\u00e9 Afonso da Silva, considera a liberdade de informa\u00e7\u00e3o tamb\u00e9m como um dever dos agentes de comunica\u00e7\u00e3o, integrantes de um direito maior: <strong>o direito do povo de ser informado<\/strong>.&nbsp;<\/p>\n\n\n\n<p> Afinal, \u00e9 o povo quem tem o direito a consumir informa\u00e7\u00e3o independente e qualificada de diversas fontes, a fim de que possa exercer seu&nbsp;<strong>exame&nbsp;<\/strong>sobre a vida p\u00fablica. A liberdade de imprensa \u00e9 apenas uma ferramenta para que isso ocorra.&nbsp;<\/p>\n\n\n\n<p>Para que isso aconte\u00e7a, contudo, a liberdade de informa\u00e7\u00e3o jornal\u00edstica n\u00e3o pode ser absoluta, mas deve respeitar as fronteiras internas e externas, previamente estabelecidas pela Constitui\u00e7\u00e3o.&nbsp;<\/p>\n\n\n\n<h2 class=\"wp-block-heading\">Quais os limites da liberdade de imprensa?<\/h2>\n\n\n\n<p>Embora a liberdade de imprensa seja essencial \u00e0 natureza de um Estado livre, deve haver limita\u00e7\u00f5es. Toda pessoa tem um direito individual a colocar diante do p\u00fablico suas opini\u00f5es, por\u00e9m, se publicar ou veicular algo que \u00e9 impr\u00f3prio, malicioso ou ilegal, deve assumir a consequ\u00eancia de sua pr\u00f3pria temeridade. <strong>Nenhum direito \u00e9 absoluto, por mais fundamental que seja<\/strong>.&nbsp;<\/p>\n\n\n\n<p>Assim, as informa\u00e7\u00f5es, opini\u00f5es e cr\u00edticas jornal\u00edsticas encontram limita\u00e7\u00f5es para o seu exerc\u00edcio. S\u00e3o elas:<\/p>\n\n\n\n<ul class=\"wp-block-list\">\n<li>a veda\u00e7\u00e3o do anonimato;<\/li>\n\n\n\n<li>a preserva\u00e7\u00e3o dos direitos de personalidade, entre os quais se incluem a honra, a imagem, a privacidade e a intimidade;&nbsp;<\/li>\n\n\n\n<li>a garantia do direito de resposta e repara\u00e7\u00e3o;&nbsp;<\/li>\n\n\n\n<li>a veda\u00e7\u00e3o de veicula\u00e7\u00e3o da cr\u00edtica jornal\u00edstica com intuito de difamar, injuriar ou caluniar a pessoa.&nbsp;<\/li>\n\n\n\n<li>o compromisso \u00e9tico com a informa\u00e7\u00e3o veross\u00edmil.<\/li>\n<\/ul>\n\n\n\n<p>Convergindo com este entendimento, o TJRS caracteriza a abusividade do direito sempre que a publica\u00e7\u00e3o tiver teor pejorativo, ou quando trouxer informa\u00e7\u00f5es manifestamente inver\u00eddicas, com anseio de ofender a imagem e o conceito da pessoa perante a sociedade. (Apela\u00e7\u00e3o C\u00edvel n. 70075324640; Sexta C\u00e2mara C\u00edvel; Rel. Elisa Carpim Corr\u00eaa; Red. Niwton Carpes da Silva, j. em 06\/04\/2018).&nbsp;<\/p>\n\n\n\n<h3 class=\"wp-block-heading\">Deveres da imprensa<\/h3>\n\n\n\n<p>Dessas limita\u00e7\u00f5es, <strong>extraem-se tr\u00eas deveres internos \u00e0 liberdade de imprensa<\/strong>: o dever de cuidado, o dever de pertin\u00eancia p\u00fablica e o dever de veracidade. Ultrapassada as limita\u00e7\u00f5es ou violados os deveres, haver\u00e1 ato il\u00edcito, com a consequente repara\u00e7\u00e3o no caso de dano.&nbsp;<\/p>\n\n\n\n<p>Nesse sentido foi o voto do ministro Carlos Ayres Britto, por ocasi\u00e3o do julgamento da <a href=\"https:\/\/www.aurum.com.br\/blog\/adpf\/\">ADPF<\/a> 130, sobre j\u00e1 antijur\u00eddica Lei de Imprensa:<\/p>\n\n\n\n<blockquote class=\"wp-block-quote is-layout-flow wp-block-quote-is-layout-flow\">\n<p><em>&#8230;A Lei Fundamental do Brasil veicula o mais democr\u00e1tico e civilizado regime da livre e plena circula\u00e7\u00e3o das ideias e opini\u00f5es, assim como das not\u00edcias e informa\u00e7\u00f5es, <\/em><strong><em>mas sem deixar de prescrever o direito de resposta e todo um regime de responsabilidades civis, penais e administrativas. Direito de resposta e responsabilidades que, mesmo atuando a posteriori, infletem sobre as causas para inibir abusos no desfrute da plenitude de liberdade de imprensa.&nbsp;&nbsp;<\/em><\/strong><\/p>\n<\/blockquote>\n\n\n\n<p>Quando partimos para a pr\u00e1tica do setor comunica\u00e7\u00e3o nacional, \u00e9 muito comum a colis\u00e3o entre o princ\u00edpio da liberdade de imprensa e os direitos da personalidade (imagem, honra e nome), indicada acima como a segunda limita\u00e7\u00e3o.&nbsp;<\/p>\n\n\n\n<p>A t\u00edtulo de exemplo, lembre-se do Caso da Escola Base, ocorrido em S\u00e3o Paulo, em 1994. Nessa ocasi\u00e3o, os propriet\u00e1rios e alguns funcion\u00e1rios de uma escola infantil foram injustamente acusados de pr\u00e1tica de abuso sexual com crian\u00e7as, com intensa publica\u00e7\u00e3o dos ve\u00edculos de comunica\u00e7\u00e3o. Sucede que, posteriormente, a hist\u00f3ria foi comprovadamente desmentida.&nbsp;<\/p>\n\n\n\n<p>Diversas a\u00e7\u00f5es de repara\u00e7\u00e3o foram propostas em face das emissoras de televis\u00e3o, incluindo o SBT, condenado a pagar<strong> indeniza\u00e7\u00e3o de R$ 100.000,00 (cem mil reais) por autor da demanda<\/strong> (STJ, Resp. n. 1.215.294 \u2013 SP; Rel. Min. Ricardo Villas Boas Cueva; 3\u00aa Turma; j. em 17\/12\/2013).&nbsp;&nbsp;<\/p>\n\n\n\n<p>No entanto, o dano social jamais fora recuperado. Em raz\u00e3o de um jornalismo sanguin\u00e1rio e inconsequente, descompromissado com seus deveres, a dita escola precisou abandonar a opera\u00e7\u00e3o econ\u00f4mica, seus propriet\u00e1rios tiveram de se esconder da vida p\u00fablica e funcion\u00e1rios ficaram desempregados. O uso irrestrito da liberdade de imprensa causou profundas cicatrizes de diversas vidas. <\/p>\n\n\n\n<p>Justamente porque os meios de comunica\u00e7\u00e3o constituem poderosos instrumentos para a forma\u00e7\u00e3o da opini\u00e3o p\u00fablica, <strong>os jornalistas e demais profissionais da \u00e1rea t\u00eam o dever de informar os acontecimentos \u00e0 coletividade<\/strong>, de modo objetivo, sem lhes alterar a verdade ou esvaziar o sentido original. Do contr\u00e1rio n\u00e3o haver\u00e1 informa\u00e7\u00e3o, mas desinforma\u00e7\u00e3o.&nbsp;<\/p>\n\n\n\n<h2 class=\"wp-block-heading\">Qual a diferen\u00e7a entre liberdade de imprensa e liberdade de express\u00e3o?<\/h2>\n\n\n\n<p>Um direito fundamental imediatamente relacionado \u00e0 liberdade de imprensa \u00e9 a <a href=\"https:\/\/www.aurum.com.br\/blog\/liberdade-de-expressao\/\">liberdade express\u00e3o<\/a>. Em verdade, ambas s\u00e3o esp\u00e9cies da <strong>liberdade de comunica\u00e7\u00e3o em sentido amplo<\/strong>, mas \u00e9 preciso dar-lhes uma distin\u00e7\u00e3o.&nbsp;<\/p>\n\n\n\n<p>Inicialmente, a liberdade de express\u00e3o (positivada na Constitui\u00e7\u00e3o como liberdade de manifesta\u00e7\u00e3o do pensamento) \u00e9 um direito fundamental endere\u00e7ado a todas as pessoas em territ\u00f3rio nacional, n\u00e3o apenas \u00e0quelas detentoras de meios de comunica\u00e7\u00e3o.&nbsp;<\/p>\n\n\n\n<p>Nos termos do art. 5\u00ba, inciso IV, da Constitui\u00e7\u00e3o, \u00e9 livre a express\u00e3o do pensamento, sendo vedado o anonimato. Sua fun\u00e7\u00e3o n\u00e3o \u00e9 tanto formar e influenciar a opini\u00e3o p\u00fablica, <strong>mas dar as condi\u00e7\u00f5es para a que o povo possa manifestar suas ideias<\/strong>, compreendendo que essa \u00e9 uma capacidade inerente \u00e0 dignidade da pessoa humana.&nbsp;<\/p>\n\n\n\n<p>Da interpreta\u00e7\u00e3o constitucional, extrai-se que a express\u00e3o do pensamento \u00e9 um pressuposto para uma vida digna.<\/p>\n\n\n\n<p>A manifesta\u00e7\u00e3o do pensamento \u00e9 acompanhada tamb\u00e9m por uma dimens\u00e3o negativa, qual seja, o direito de t\u00ea-lo em segredo, recolhendo-o na esfera da intimidade. Assim, se \u00e9 livre a express\u00e3o, tamb\u00e9m o \u00e9 o sil\u00eancio.&nbsp;<\/p>\n\n\n\n<p>Dessa conclus\u00e3o se extrai que ningu\u00e9m pode ser obrigado a manifestar opini\u00e3o que conflita com sua cren\u00e7a religiosa, ou convic\u00e7\u00e3o pol\u00edtica ou moral. No avan\u00e7o do constitucionalismo, <strong>o direito a ficar calado foi incorporado na Constitui\u00e7\u00e3o como direito subjetivo aut\u00f4nomo<\/strong>, quando do inciso LXIII, do artigo 5\u00ba, em especial enquanto garantia do preso.<\/p>\n\n\n\n<p>Sobre o tema, destaca-se importante julgado da Suprema Corte dos EUA (caso <em>West Virginia Board of Education vs. Barnette)<\/em>. Ainda em 1943, uma lei estadual que compelia os estudantes de uma escola p\u00fablica a entoarem o hino nacional foi declarada inconstitucional.&nbsp;<\/p>\n\n\n\n<p>A fundamenta\u00e7\u00e3o se baseou na proibi\u00e7\u00e3o do Estado em impor opini\u00e3o a respeito de tema pol\u00edtico ou confessional, mas sobretudo na liberdade de express\u00e3o em uma dimens\u00e3o muito preciosa: a liberdade de n\u00e3o se expressar.&nbsp;&nbsp;<\/p>\n\n\n\n<p>Por fim,<strong> a liberdade de express\u00e3o n\u00e3o \u00e9 irrestrita<\/strong>. Tal como a liberdade de imprensa, compartilha a veda\u00e7\u00e3o do anonimato e a garantia do direito de resposta e da repara\u00e7\u00e3o pelo dano \u00e0 imagem, ao nome ou \u00e0 honra, de forma proporcional. A fundamenta\u00e7\u00e3o \u00e9 o mesmo artigo 5\u00ba, incisos IV e V, da Constitui\u00e7\u00e3o.&nbsp;<\/p>\n\n\n\n<p>Dessa forma, embora a liberdade de express\u00e3o e a liberdade de imprensa estejam agrupadas sob o denominador comum da comunica\u00e7\u00e3o, suas finalidades s\u00e3o distintas na ordem constitucional.&nbsp;&nbsp;<\/p>\n\n\n\n<style>\n    #adpost-block_20e67c004f572c34195bdac4f78f2eb2.anuncio-post-reverse {\n        display: flex;\n        gap: 24px;\n        border-radius: 8px;\n        width: 100%;\n        max-width: 752px;\n        padding: 40px;\n        background: #e7f4fe;\n        margin: 16px auto;\n    }\n\n    #adpost-block_20e67c004f572c34195bdac4f78f2eb2 .anuncio-container {\n        display: flex;\n        flex-direction: column;\n        gap: 24px;\n        width: 100%;\n        max-width: 333px;\n    }\n\n    #adpost-block_20e67c004f572c34195bdac4f78f2eb2 .anuncio-container .logo {\n        width: 100%;\n        max-width: 177px;\n        margin: 0;\n    }\n\n    #adpost-block_20e67c004f572c34195bdac4f78f2eb2 .anuncio-text-container {\n        display: flex;\n        flex-direction: column;\n        gap: 24px;\n    }\n\n    #adpost-block_20e67c004f572c34195bdac4f78f2eb2 .anuncio-text-container .title {\n        font-family: 'Ubuntu';\n        font-size: 1.5rem; \/\/24px\n        font-weight: 700;\n        line-height: 120%;\n        margin: 0;\n        color: #000;\n    }\n\n    #adpost-block_20e67c004f572c34195bdac4f78f2eb2 .anuncio-text-container .text {\n        font-size: 0.875rem;\n        font-weight: 400;\n        line-height: 170%;\n        color: #000;\n    }\n\n    #adpost-block_20e67c004f572c34195bdac4f78f2eb2 .anuncio-container .button {\n        display: inline-flex;\n        align-items: center;\n        justify-content: center;\n        width: fit-content;\n        height: 48px;\n        border-radius: 8px;\n        padding: 12px 24px;\n        font-size: 1rem;\n        font-weight: 600;\n        text-decoration: none;\n        background: #008fd5;\n        color: #fff;\n    }\n\n    #adpost-block_20e67c004f572c34195bdac4f78f2eb2 .image-container {\n        position: relative;\n        width: 100%;\n        height: 100%;\n    }\n\n    #adpost-block_20e67c004f572c34195bdac4f78f2eb2 .image-container.float {\n        min-height: 236px;\n    }\n\n    #adpost-block_20e67c004f572c34195bdac4f78f2eb2 .image-container .image-desktop {\n        width: 100%;\n        max-width: 323px;\n        object-fit: contain;\n        margin: 0;\n    }\n\n    #adpost-block_20e67c004f572c34195bdac4f78f2eb2 .image-container .image-mobile {\n        display: none;\n        width: 100%;\n        max-width: 291px;\n        object-fit: contain;\n        margin: 0;\n    }\n\n    #adpost-block_20e67c004f572c34195bdac4f78f2eb2 .image-container.float .image-desktop,\n    #adpost-block_20e67c004f572c34195bdac4f78f2eb2 .image-container.float .image-mobile {\n        position: absolute;\n        right: 0;\n        bottom: 0;\n    }\n\n    #adpost-block_20e67c004f572c34195bdac4f78f2eb2 .image-container img {\n        border-radius: 8px;\n    }\n\n    \/************\n    * MOBILE \n    *************\/\n    @media (max-width: 1439px) {\n        #adpost-block_20e67c004f572c34195bdac4f78f2eb2.anuncio-post-reverse {\n            flex-direction: column-reverse;\n            max-width: fit-content;\n            padding: 24px;\n        }\n\n        #adpost-block_20e67c004f572c34195bdac4f78f2eb2 .anuncio-container {\n            max-width: 280px;\n            align-items: center;\n        }\n\n        #adpost-block_20e67c004f572c34195bdac4f78f2eb2 .anuncio-container .logo {\n            max-width: 147px;\n        }\n\n        #adpost-block_20e67c004f572c34195bdac4f78f2eb2 .anuncio-text-container {\n            gap: 8px;\n        }\n\n        #adpost-block_20e67c004f572c34195bdac4f78f2eb2 .anuncio-text-container .title {\n            font-size: 1.25rem;\n            text-align: center;\n        }\n\n        #adpost-block_20e67c004f572c34195bdac4f78f2eb2 .anuncio-text-container .text {\n            text-align: center;\n        }\n\n        #adpost-block_20e67c004f572c34195bdac4f78f2eb2 .anuncio-container .button {\n            width: 100%;\n        }\n\n        #adpost-block_20e67c004f572c34195bdac4f78f2eb2 .image-container.float {\n            min-height: 182px;\n        }\n\n        #adpost-block_20e67c004f572c34195bdac4f78f2eb2 .image-container .image-desktop {\n            display: none;\n        }\n\n        #adpost-block_20e67c004f572c34195bdac4f78f2eb2 .image-container .image-mobile {\n            display: block;\n        }\n    }\n\n    \/*******************\n    * RESET GLOBAL CSS \n    ********************\/\n    #s-post main article .content .image-container img {\n        margin: 0;\n    }\n<\/style>\n\n\n<article id=\"adpost-block_20e67c004f572c34195bdac4f78f2eb2\" class=\"anuncio-post-reverse\">\n    <div class=\"anuncio-container\">\n        \n        <div class=\"anuncio-text-container\">\n             <h3 class=\"title\" >Seja protagonista da sua advocacia com o Astrea<\/h3>\n            <div class=\"text\" >Tenha tempo para focar no crescimento do seu escrit\u00f3rio, enquanto o Astrea cuida da sua gest\u00e3o jur\u00eddica com intelig\u00eancia.<\/div>        <\/div>\n       \n        <a class=\"button\" href=\"\/astrea\/?utm_source=blog&#038;utm_medium=adpost&#038;utm_campaign=campanha-marca-2026\" target=\"_self\">Conhe\u00e7a o Astrea<\/a>    <\/div>\n\n    <div class=\"image-container\">\n        <img decoding=\"async\" class=\"image-desktop\" src=\"https:\/\/www.aurum.com.br\/blog\/wp-content\/uploads\/2026\/03\/adpos-posicionamento-2026-desktop.png\" alt=\"\" \/>\n        <img decoding=\"async\" class=\"image-mobile\" src=\"https:\/\/www.aurum.com.br\/blog\/wp-content\/uploads\/2026\/03\/adpost-posicionamento-2026-mobile.png\" alt=\"\" \/>    <\/div>\n<\/article>\n\n\n<h2 class=\"wp-block-heading\">Liberdade de imprensa e as fake news&nbsp;<\/h2>\n\n\n\n<p>Desde a elei\u00e7\u00e3o estadunidense de 2016, o termo <em>fake news<\/em> ganhou relev\u00e2ncia pol\u00edtico-jur\u00eddica, em especial no \u00e2mbito da liberdade de informa\u00e7\u00e3o jornal\u00edstica. Isso porque, como foi posteriormente comprovado no esc\u00e2ndalo da <em>Cambridge Analytica, <\/em>o uso de uma estrat\u00e9gia de gest\u00e3o de dados aliada a not\u00edcias fraudulentas foi determinante para elei\u00e7\u00e3o do Presidente Donald Trump.&nbsp;<\/p>\n\n\n\n<p>Fake news, a partir de ent\u00e3o, tornou-se um conceito. Mais que not\u00edcias falsas, s\u00e3o informa\u00e7\u00f5es fraudulentas, <strong>capazes de enganar os destinat\u00e1rios quanto \u00e0 percep\u00e7\u00e3o da realidade<\/strong>. As fake news, ainda, possuem uma estrat\u00e9gia mais ampla, com efeitos econ\u00f4micos, sociais ou pol\u00edticos, como anota Pedro Andrade Guimar\u00e3es Filho, advogado cuja disserta\u00e7\u00e3o de mestrado \u00e9 leitura inaugural da tem\u00e1tica.&nbsp;<\/p>\n\n\n\n<p>Nesse cen\u00e1rio, as redes sociais desempenham um importante papel na difus\u00e3o de fake news, j\u00e1 que operam atrav\u00e9s de uma engenharia constru\u00edda de forma similar \u00e0 uma c\u00e2mara de eco: quanto mais pessoas espalham as informa\u00e7\u00f5es, mais recorrentes elas se tornam, contribuindo para construir uma fachada de veracidade.&nbsp;<\/p>\n\n\n\n<p>Mas h\u00e1 ferramentas de combates \u00e0 fraude, ao ardil e \u00e0 mentira. Justamente a imprensa livre e democr\u00e1tica exerce a fun\u00e7\u00e3o de combate fake news atrav\u00e9s do jornalismo comprometido com a verdade e pass\u00edvel de presta\u00e7\u00e3o de contas pelo conte\u00fado que veiculam. <strong>Combate-se a desinforma\u00e7\u00e3o com informa\u00e7\u00e3o<\/strong>.&nbsp;<\/p>\n\n\n\n<p>Nesse contexto, diversas ag\u00eancias de <em>fact checking<\/em>, vinculadas ou n\u00e3o \u00e0s m\u00eddias tradicionais, emergem para validar ou refutar as mensagens que circulam nas redes sociais e influenciam a opini\u00e3o p\u00fablica. Essas iniciativas s\u00e3o cruciais para jogar luz.<\/p>\n\n\n\n<p>Eis a\u00ed a principal distin\u00e7\u00e3o entre a imprensa s\u00e9ria e as informa\u00e7\u00f5es veiculadas pelas m\u00eddias sociais: a primeira tem condi\u00e7\u00f5es de responder pelos danos eventualmente causados a terceiros, enquanto a segunda \u00e9 descompromissada com seus efeitos negativos \u00e0 sociedade.&nbsp;<\/p>\n\n\n\n<p>Logo, <strong>\u00e9 imposs\u00edvel confundir liberdade de imprensa com fake news<\/strong>. Onde h\u00e1 dissemina\u00e7\u00e3o de not\u00edcias fraudulentas, n\u00e3o h\u00e1 liberdade de informa\u00e7\u00e3o, mas desinforma\u00e7\u00e3o dolosa. As fake news, assim, s\u00e3o verdadeiras amea\u00e7as ao direito fundamental de ser informado, titularizado por todo cidad\u00e3o e que estrutura a sistem\u00e1tica de liberdade de comunica\u00e7\u00e3o.&nbsp;<\/p>\n\n\n\n<p><em>Leia tamb\u00e9m:<a href=\"https:\/\/www.aurum.com.br\/blog\/compartilhar-fake-news-e-crime\/\"> compartilhar fake news \u00e9 crime?<\/a><\/em><\/p>\n\n\n\n<h2 class=\"wp-block-heading\">Conclus\u00e3o&nbsp;<\/h2>\n\n\n\n<p>Como foi exposto, <strong>a liberdade de imprensa \u00e9 um valor muito precioso para o regime democr\u00e1tico<\/strong>, sendo ferramenta para tolher abusos e desmandos da autoridade, na medida em que influencia na opini\u00e3o p\u00fablica. Por este motivo recebeu o mais elevado <em>status <\/em>na ordem jur\u00eddica: a natureza de direito fundamental.&nbsp;&nbsp;<\/p>\n\n\n\n<p>Para que permane\u00e7a cumprindo a miss\u00e3o a que foi designada, contudo, a liberdade de informa\u00e7\u00e3o jornal\u00edstica deve observar seus limites pr\u00e9-estabelecidos no texto constitucional.<\/p>\n\n\n\n<p>Viu-se como a liberdade de imprensa n\u00e3o se confunde com a liberdade de manifesta\u00e7\u00e3o do pensamento. Por ter carga normativa mais densa e maior prote\u00e7\u00e3o contra interven\u00e7\u00f5es, a liberdade de informa\u00e7\u00e3o ativa \u00e9 titularizada pelos agentes de comunica\u00e7\u00e3o social na seara jornal\u00edstica, ao passo que liberdade de express\u00e3o \u00e9 direito de toda a pessoa em territ\u00f3rio nacional.&nbsp;<\/p>\n\n\n\n<p>Finalmente, o contexto atual apresenta um enorme perigo para direito de ser informado: a dissemina\u00e7\u00e3o de fake news (not\u00edcias fraudulentas). Conforme foi apontado, <strong>acredita-se que a \u00fanica maneira de frear essa amea\u00e7a \u00e0 democracia \u00e9 a com mais informa\u00e7\u00e3o s\u00e9ria e comprometida<\/strong>. Nesse momento sens\u00edvel, \u00e9 preciso prestigiar o jornalismo criterioso e respons\u00e1vel por seus atos.<\/p>\n\n\n\n<h3 class=\"wp-block-heading\">Mais conhecimento para voc\u00ea<\/h3>\n\n\n\n<ul class=\"wp-block-list\">\n<li><a href=\"https:\/\/www.aurum.com.br\/blog\/acao-de-execucao\/\">A\u00e7\u00e3o de execu\u00e7\u00e3o: requisitos, tipos e modelos exclusivos<\/a><\/li>\n\n\n\n<li>Voc\u00ea s\u00e3o sabe quais s\u00e3o os benef\u00edcios dos <a href=\"https:\/\/www.aurum.com.br\/blog\/honorarios-ad-exitum\/\">honor\u00e1rios ad exitum (de \u00eaxito)<\/a>?<\/li>\n\n\n\n<li><a href=\"https:\/\/www.aurum.com.br\/blog\/contrato-de-mutuo\/\">O que \u00e9 e como elaborar um contrato de m\u00fatuo<\/a><\/li>\n\n\n\n<li><a href=\"https:\/\/www.aurum.com.br\/blog\/saude-mental-na-advocacia\/\">Sa\u00fade mental na advocacia: \u00e0 procura do equil\u00edbrio<\/a><\/li>\n\n\n\n<li><a href=\"https:\/\/www.aurum.com.br\/blog\/leilao-de-imoveis\/\">Leil\u00e3o de im\u00f3veis: Entenda como funciona!<\/a><\/li>\n\n\n\n<li><a href=\"https:\/\/www.aurum.com.br\/blog\/areas-de-preservacao-permanente\/\">O que s\u00e3o as \u00c1reas de Preserva\u00e7\u00e3o Permanente: lei, tipos e multas!<\/a><\/li>\n\n\n\n<li><a href=\"https:\/\/www.aurum.com.br\/blog\/lei-9613-98\/\">Guia comentado: principais artigos da Lei 9613\/98<\/a><\/li>\n\n\n\n<li><a href=\"https:\/\/www.aurum.com.br\/blog\/desconsideracao-inversa-da-personalidade-juridica\/\">O que \u00e9 e como funciona a desconsidera\u00e7\u00e3o inversa da personalidade jur\u00eddica<\/a><\/li>\n\n\n\n<li><a href=\"https:\/\/www.aurum.com.br\/blog\/alimentos-avoengos\/\">O que s\u00e3o alimentos avoengos e quais s\u00e3o os seus requisitos?<\/a><\/li>\n\n\n\n<li><a href=\"https:\/\/www.aurum.com.br\/blog\/equipe-de-escritorio-de-advocacia\/\">Como montar a equipe de escrit\u00f3rio de advocacia ideal<\/a><\/li>\n\n\n\n<li><a href=\"https:\/\/www.aurum.com.br\/blog\/principio-da-reserva-legal\/\">Conhe\u00e7a as principais caracter\u00edsticas do princ\u00edpio da reserva legal<\/a><\/li>\n\n\n\n<li><a href=\"https:\/\/www.aurum.com.br\/blog\/lei-de-drogas\/\">Conhe\u00e7a os principais artigos da lei de drogas brasileira <\/a><\/li>\n\n\n\n<li><a href=\"https:\/\/www.aurum.com.br\/blog\/despejo-liminar\/\">Despejo liminar: como funciona e quando \u00e9 cab\u00edvel<\/a><\/li>\n<\/ul>\n\n\n<style>\r\n  .news-post {\r\n    background: url('https:\/\/www.aurum.com.br\/blog\/wp-content\/themes\/aurum\/img\/bg-news-artigo.svg') no-repeat top center #3C48AA;\r\n    padding: 1.5rem;\r\n    border-radius: 6px;\r\n    margin: 1rem 0;\r\n  }\r\n  .news-post .icone {\r\n    display: none;\r\n  }\r\n  .news-post .title {\r\n    font-weight: 700;\r\n    font-size: 16px;\r\n    line-height: 130%;\r\n    text-align: center;\r\n    letter-spacing: -0.5px;\r\n    color: #fff;\r\n    margin-bottom: .9375rem;\r\n  }\r\n  .news-post p {\r\n    font-size: .875rem;\r\n    line-height: 140%;\r\n    text-align: center;\r\n    color: #fff;\r\n    margin-bottom: 1.25rem;\r\n  }\r\n  .news-post .news_button_span {\r\n    font-size: .8125rem;\r\n    display: block;\r\n    padding: .125rem .3125rem;\r\n    color: #fff;\r\n    text-align:left;\r\n  }\r\n  .news-post .news_button_span a {\r\n    color: #fff !important;\r\n    text-decoration: underline;\r\n  }\r\n  .news-post form {\r\n    width: 100%;\r\n  }\r\n  .news-post label {\r\n    font-weight: 600;\r\n    font-size: .9375rem;\r\n    line-height: 1.5rem;\r\n    margin-bottom: .5rem;\r\n    color: #fff;\r\n    display: block;\r\n  }\r\n  .news-post input {\r\n    background: #fff;\r\n    border: 1px solid #CBCBD9;\r\n    box-sizing: border-box;\r\n    border-radius: 4px;\r\n    padding: .75rem 1rem;\r\n    width: 100%;\r\n  }\r\n  .news-post button {\r\n    margin-top: .875rem;\r\n    width: 100%;\r\n    min-width: auto;\r\n    background: #FCC632;\r\n    color: #3C48AA;\r\n  }\r\n  .news-post .input {\r\n    position: relative;\r\n    padding-bottom: 10px;\r\n  }\r\n  .news-post .error-message-ad {\r\n    font-size: .875rem;\r\n    line-height: 130%;\r\n    color: #D50021;\r\n    margin-left: 4px;\r\n  }\r\n  .news-post .error {\r\n    border: 1px solid #D50021;\r\n  }\r\n  .news-post #message-form-ad {\r\n    border-radius: 4px;\r\n    padding: 0.7rem;\r\n    font-size:0.8rem;\r\n    text-align: center;\r\n    align-items: center;\r\n    justify-content: center;\r\n    display: none;\r\n  }\r\n  .news-post #message-form-ad svg {\r\n    margin-right: 8px;\r\n  }\r\n\r\n  @media(min-width: 561px) {\r\n    .news-post {\r\n      position: relative;\r\n      background: url('https:\/\/www.aurum.com.br\/blog\/wp-content\/themes\/aurum\/img\/bg-news-artigo.svg') no-repeat top center #3C48AA;\r\n      width: calc(100% - 30px);\r\n    }\r\n    .news-post .icone {\r\n      display: block;\r\n      position: absolute;\r\n      right: -30px;\r\n      top: 65px;\r\n      max-width: 142px;\r\n      width: 100%;\r\n      height: auto;\r\n      margin: 0;\r\n    }\r\n    .news-post .title {\r\n      font-size: 1.125rem;\r\n      text-align: left;\r\n      \/* padding-right: 3.75rem; *\/\r\n    }\r\n    .news-post p {\r\n      font-size: 1rem;\r\n      text-align: left;\r\n      max-width: 400px;\r\n    }\r\n    .news-post .boxes {\r\n      display: flex;\r\n      align-items: flex-start;\r\n    }\r\n    .news-post button {\r\n      margin: 0 0 0 1rem;\r\n      width: 100%;\r\n      max-width: 170px;\r\n      min-width: auto;\r\n      transition: all ease .3s\r\n    }\r\n    .news-post button:hover {\r\n      opacity: 0.9;\r\n      transition: all ease .3s\r\n    }\r\n    .news-post #message-form-ad {\r\n      padding: 1.125rem;\r\n      font-size:1rem;\r\n    }\r\n    .news-post #message-form-ad svg {\r\n      margin-right: 10px;\r\n    }\r\n  }\r\n<\/style>\r\n\r\n<div class=\"news-post\">\r\n  <div class=\"title news-ad-title\">Gostou do artigo e quer evoluir a sua advocacia?<\/div>\r\n  <p class=\"news-ad-subtitle\">Assine gr\u00e1tis a Aurum News e receba uma dose semanal de conte\u00fado no seu e-mail! \u270c\ufe0f<\/p>\r\n  <img decoding=\"async\" src=\"https:\/\/www.aurum.com.br\/blog\/wp-content\/themes\/aurum\/img\/icon-news-artigo.svg\" alt=\"\" class=\"icone\">\r\n\r\n  <form method=\"post\" name=\"newsletter-ad\" id=\"aurum-newsletter-ad\">\r\n    <div class=boxes>\r\n      <div class=\"input\">\r\n        <label class=\"label-email\" htmlFor=\"email-ad\">Qual seu e-mail?<\/label>\r\n        <input type=\"email\" id=\"email-ad\" name=\"newsletter-mail-ad\" placeholder=\"Digite seu e-mail?\">\r\n        <div class=\"error-message-ad-email\">Endere\u00e7o de e-mail inv\u00e1lido ou incorreto<\/div>\r\n\r\n        <label class=\"label-select\" htmlFor=\"lawsuits-select-ad\">\r\n          Quantos processos voc\u00ea ou<br class=\"for-desktop\"\/> seu escrit\u00f3rio acompanham?\r\n        <\/label>\r\n        <div id=\"lawsuits-select-ad\" class=\"lawsuits-select select-wrapper\" tabindex=\"0\">\r\n          <div class=\"s-dropdown--styled\">\r\n          <span class=\"lawsuits-default\">\r\n            <span id=\"lawsuits-newsletter-ad\" class=\"lawsuits-default-text\" data-value=\"\">Selecione os processos<\/span>\r\n            <svg class=\"chevron\" xmlns=\"http:\/\/www.w3.org\/2000\/svg\" width=\"24\" height=\"25\" viewBox=\"0 0 24 25\" fill=\"none\">\r\n              <path d=\"M6 15.6152L12 9.61523L18 15.6152\" stroke=\"black\" stroke-width=\"2\" stroke-linecap=\"round\" stroke-linejoin=\"round\" \/>\r\n            <\/svg>\r\n          <\/span>\r\n\r\n          <ul class=\"s-dropdown u-hide\">\r\n            <li class=\"lawsuits\" data-value=\"Mais de 1000 processos\">Mais de 1000 processos<\/li>\r\n            <li class=\"lawsuits\" data-value=\"De 501 a 1000 processos\">De 501 a 1000 processos<\/li>\r\n            <li class=\"lawsuits\" data-value=\"De 151 a 500 processos\">De 151 a 500 processos<\/li>\r\n            <li class=\"lawsuits\" data-value=\"De 41 a 150 processos\">De 41 a 150 processos<\/li>\r\n            <li class=\"lawsuits\" data-value=\"At\u00e9 40 processos\">At\u00e9 40 processos<\/li>\r\n            <li class=\"lawsuits\" data-value=\"Atuo apenas no consultivo\">Atuo apenas no consultivo<\/li>\r\n            <li class=\"lawsuits\" data-value=\"Ainda sou estudante de direito\">Ainda sou estudante de direito<\/li>\r\n            <li class=\"lawsuits\" data-value=\"N\u00e3o sou da \u00e1rea jur\u00eddica\">N\u00e3o sou da \u00e1rea jur\u00eddica<\/li>\r\n          <\/ul>\r\n          <\/div>\r\n        <\/div>\r\n        <div class=\"error-message-ad-lawsuits\">Selecione algum processo<\/div>\r\n      <\/div>\r\n      <button class=\"btn btn-yellow ad-btn-desktop\" id=\"aurum-submit-ad\">Assinar gr\u00e1tis<\/button>\r\n      <button class=\"btn btn-yellow ad-btn-mobile\" id=\"aurum-submit-ad\">Assinar<\/button>\r\n    <\/div>\r\n    <span class=\"news_button_span\">Ao se cadastrar voc\u00ea declara que leu e aceitou a pol\u00edtica de privacidade e cookies do <a href=\"https:\/\/s3.sa-east-1.amazonaws.com\/publico.aurum.com.br\/contratos\/politica-de-privacidade.pdf\" target=\"_blank\" rel=\"noopener noreferrer\">site<\/a>.<\/span>\r\n  <\/form>\r\n  <div id=\"message-form-ad\"><\/div>\r\n<\/div>\n\n\n<p><em>Ficou com alguma d\u00favida sobre liberdade de imprensa? Deixe nos coment\u00e1rios! Vamos adorar responder \ud83d\ude42<\/em><\/p>\n","protected":false},"excerpt":{"rendered":"<p>A liberdade de imprensa garante que jornalistas possam investigar e publicar informa\u00e7\u00f5es livremente, possibilitando o acesso \u00e0 informa\u00e7\u00e3o ao povo, conforme o art. 5 da Constitui\u00e7\u00e3o Federal. A liberdade de imprensa \u00e9 base para todo Estado Democr\u00e1tico. Atrav\u00e9s dela, o povo exerce seu direito de ser informado e participar da cidadania com consci\u00eancia sobre a [&hellip;]<\/p>\n","protected":false},"author":66,"featured_media":9378,"comment_status":"open","ping_status":"open","sticky":false,"template":"","format":"standard","meta":{"_bbp_topic_count":0,"_bbp_reply_count":0,"_bbp_total_topic_count":0,"_bbp_total_reply_count":0,"_bbp_voice_count":0,"_bbp_anonymous_reply_count":0,"_bbp_topic_count_hidden":0,"_bbp_reply_count_hidden":0,"_bbp_forum_subforum_count":0,"inline_featured_image":false,"footnotes":""},"categories":[20],"tags":[],"class_list":["post-9377","post","type-post","status-publish","format-standard","has-post-thumbnail","hentry","category-direito-constitucional"],"acf":[],"_links":{"self":[{"href":"https:\/\/www.aurum.com.br\/blog\/wp-json\/wp\/v2\/posts\/9377","targetHints":{"allow":["GET"]}}],"collection":[{"href":"https:\/\/www.aurum.com.br\/blog\/wp-json\/wp\/v2\/posts"}],"about":[{"href":"https:\/\/www.aurum.com.br\/blog\/wp-json\/wp\/v2\/types\/post"}],"author":[{"embeddable":true,"href":"https:\/\/www.aurum.com.br\/blog\/wp-json\/wp\/v2\/users\/66"}],"replies":[{"embeddable":true,"href":"https:\/\/www.aurum.com.br\/blog\/wp-json\/wp\/v2\/comments?post=9377"}],"version-history":[{"count":10,"href":"https:\/\/www.aurum.com.br\/blog\/wp-json\/wp\/v2\/posts\/9377\/revisions"}],"predecessor-version":[{"id":29832,"href":"https:\/\/www.aurum.com.br\/blog\/wp-json\/wp\/v2\/posts\/9377\/revisions\/29832"}],"wp:featuredmedia":[{"embeddable":true,"href":"https:\/\/www.aurum.com.br\/blog\/wp-json\/wp\/v2\/media\/9378"}],"wp:attachment":[{"href":"https:\/\/www.aurum.com.br\/blog\/wp-json\/wp\/v2\/media?parent=9377"}],"wp:term":[{"taxonomy":"category","embeddable":true,"href":"https:\/\/www.aurum.com.br\/blog\/wp-json\/wp\/v2\/categories?post=9377"},{"taxonomy":"post_tag","embeddable":true,"href":"https:\/\/www.aurum.com.br\/blog\/wp-json\/wp\/v2\/tags?post=9377"}],"curies":[{"name":"wp","href":"https:\/\/api.w.org\/{rel}","templated":true}]}}