{"id":9361,"date":"2024-09-06T21:57:00","date_gmt":"2024-09-07T00:57:00","guid":{"rendered":"https:\/\/aurum.com.br\/blog\/acao-renovatoria\/"},"modified":"2024-09-09T18:47:03","modified_gmt":"2024-09-09T21:47:03","slug":"acao-renovatoria","status":"publish","type":"post","link":"https:\/\/www.aurum.com.br\/blog\/acao-renovatoria\/","title":{"rendered":"Entenda os requisitos, exce\u00e7\u00f5es e aspectos processuais da a\u00e7\u00e3o renovat\u00f3ria"},"content":{"rendered":"<div id=\"bsf_rt_marker\"><\/div>\n<pre class=\"wp-block-preformatted\">A <strong>a\u00e7\u00e3o renovat\u00f3ria<\/strong> \u00e9 aquela que permite, a quem aluga um im\u00f3vel comercial, renovar o contrato de aluguel, mesmo contra a vontade do propriet\u00e1rio do im\u00f3vel.<\/pre>\n\n\n\n<p>A Loca\u00e7\u00e3o \u00e9 um dos temas mais importantes do Direito Civil e do Direito Imobili\u00e1rio. Afinal, temos milh\u00f5es de im\u00f3veis alugados para pessoas e para empresas. Para regular essas rela\u00e7\u00f5es, foi editada a <a href=\"https:\/\/www.planalto.gov.br\/ccivil_03\/leis\/l8245.htm\" target=\"_blank\" rel=\"noopener\">Lei 8245\/1991<\/a>.<\/p>\n\n\n\n<p>L\u00e1, existem previs\u00f5es para os diferentes tipos de loca\u00e7\u00f5es. Especificamente para a loca\u00e7\u00e3o de im\u00f3veis comerciais, temos a previs\u00e3o da a\u00e7\u00e3o renovat\u00f3ria, que vai permitir ao locat\u00e1rio renovar seu contrato de aluguel mesmo contra a vontade do locador \u2013 desde que atendidos alguns requisitos.<\/p>\n\n\n\n<p> Continue a leitura para saber mais! \ud83d\ude09<\/p>\n\n\n\n<h2 class=\"wp-block-heading\">O que \u00e9 a a\u00e7\u00e3o renovat\u00f3ria?<\/h2>\n\n\n\n<p>A a\u00e7\u00e3o renovat\u00f3ria \u00e9 a a\u00e7\u00e3o judicial <strong>proposta pelo inquilino contra seu locador para que um contrato loca\u00e7\u00e3o comercial seja renovado de modo for\u00e7ado<\/strong>, mesmo contra a vontade do locador, permitindo que o empres\u00e1rio (inquilino) permane\u00e7a conduzindo seu neg\u00f3cio naquele ponto comercial. <\/p>\n\n\n\n<figure class=\"wp-block-image size-full\"><img decoding=\"async\" width=\"1024\" height=\"1024\" src=\"https:\/\/www.aurum.com.br\/blog\/wp-content\/uploads\/2022\/09\/o-que-e-acao-renovatoria.jpg\" alt=\"\" class=\"wp-image-16280\" srcset=\"https:\/\/www.aurum.com.br\/blog\/wp-content\/uploads\/2022\/09\/o-que-e-acao-renovatoria.jpg 1024w, https:\/\/www.aurum.com.br\/blog\/wp-content\/uploads\/2022\/09\/o-que-e-acao-renovatoria-300x300.jpg 300w, https:\/\/www.aurum.com.br\/blog\/wp-content\/uploads\/2022\/09\/o-que-e-acao-renovatoria-150x150.jpg 150w, https:\/\/www.aurum.com.br\/blog\/wp-content\/uploads\/2022\/09\/o-que-e-acao-renovatoria-768x768.jpg 768w, https:\/\/www.aurum.com.br\/blog\/wp-content\/uploads\/2022\/09\/o-que-e-acao-renovatoria-96x96.jpg 96w\" sizes=\"(max-width: 1024px) 100vw, 1024px\" \/><figcaption class=\"wp-element-caption\">Entenda o que \u00e9 a\u00e7\u00e3o renovat\u00f3ria. <\/figcaption><\/figure>\n\n\n\n<h2 class=\"wp-block-heading\">Qual o objetivo da a\u00e7\u00e3o renovat\u00f3ria? <\/h2>\n\n\n\n<p>O principal objetivo da a\u00e7\u00e3o renovat\u00f3ria \u00e9 <strong>proteger o fundo de com\u00e9rcio do locat\u00e1rio<\/strong>. Mas o que \u00e9 o fundo de com\u00e9rcio?<\/p>\n\n\n\n<p>Fundo de com\u00e9rcio \u00e9 o resultado de trabalho do empres\u00e1rio. \u00c9 a combina\u00e7\u00e3o dos fatores que fazem a empresa existir e prosperar, tais como o peso de sua marca, a sua clientela, os contratos existentes, os segredos comerciais e, entre outros, tamb\u00e9m o seu ponto comercial.<\/p>\n\n\n\n<p>Assim, para evitar um valor excessivo de aumento de aluguel no caso de sucesso da empresa, a Lei do Inquilinato trouxe a previs\u00e3o da A\u00e7\u00e3o Renovat\u00f3ria.<\/p>\n\n\n\n<p>Entendido seu objetivo, vamos aos requisitos?<\/p>\n\n\n\n<style>\n    #adpost-block_92bd7dd2c6c388319919fa4bea18e91a.anuncio-post-reverse {\n        display: flex;\n        gap: 24px;\n        border-radius: 8px;\n        width: 100%;\n        max-width: 752px;\n        padding: 40px;\n        background: #e7f4fe;\n        margin: 16px auto;\n    }\n\n    #adpost-block_92bd7dd2c6c388319919fa4bea18e91a .anuncio-container {\n        display: flex;\n        flex-direction: column;\n        gap: 24px;\n        width: 100%;\n        max-width: 333px;\n    }\n\n    #adpost-block_92bd7dd2c6c388319919fa4bea18e91a .anuncio-container .logo {\n        width: 100%;\n        max-width: 177px;\n        margin: 0;\n    }\n\n    #adpost-block_92bd7dd2c6c388319919fa4bea18e91a .anuncio-text-container {\n        display: flex;\n        flex-direction: column;\n        gap: 24px;\n    }\n\n    #adpost-block_92bd7dd2c6c388319919fa4bea18e91a .anuncio-text-container .title {\n        font-family: 'Ubuntu';\n        font-size: 1.5rem; \/\/24px\n        font-weight: 700;\n        line-height: 120%;\n        margin: 0;\n        color: #000;\n    }\n\n    #adpost-block_92bd7dd2c6c388319919fa4bea18e91a .anuncio-text-container .text {\n        font-size: 0.875rem;\n        font-weight: 400;\n        line-height: 170%;\n        color: #000;\n    }\n\n    #adpost-block_92bd7dd2c6c388319919fa4bea18e91a .anuncio-container .button {\n        display: inline-flex;\n        align-items: center;\n        justify-content: center;\n        width: fit-content;\n        height: 48px;\n        border-radius: 8px;\n        padding: 12px 24px;\n        font-size: 1rem;\n        font-weight: 600;\n        text-decoration: none;\n        background: #008fd5;\n        color: #fff;\n    }\n\n    #adpost-block_92bd7dd2c6c388319919fa4bea18e91a .image-container {\n        position: relative;\n        width: 100%;\n        height: 100%;\n    }\n\n    #adpost-block_92bd7dd2c6c388319919fa4bea18e91a .image-container.float {\n        min-height: 236px;\n    }\n\n    #adpost-block_92bd7dd2c6c388319919fa4bea18e91a .image-container .image-desktop {\n        width: 100%;\n        max-width: 323px;\n        object-fit: contain;\n        margin: 0;\n    }\n\n    #adpost-block_92bd7dd2c6c388319919fa4bea18e91a .image-container .image-mobile {\n        display: none;\n        width: 100%;\n        max-width: 291px;\n        object-fit: contain;\n        margin: 0;\n    }\n\n    #adpost-block_92bd7dd2c6c388319919fa4bea18e91a .image-container.float .image-desktop,\n    #adpost-block_92bd7dd2c6c388319919fa4bea18e91a .image-container.float .image-mobile {\n        position: absolute;\n        right: 0;\n        bottom: 0;\n    }\n\n    #adpost-block_92bd7dd2c6c388319919fa4bea18e91a .image-container img {\n        border-radius: 8px;\n    }\n\n    \/************\n    * MOBILE \n    *************\/\n    @media (max-width: 1439px) {\n        #adpost-block_92bd7dd2c6c388319919fa4bea18e91a.anuncio-post-reverse {\n            flex-direction: column-reverse;\n            max-width: fit-content;\n            padding: 24px;\n        }\n\n        #adpost-block_92bd7dd2c6c388319919fa4bea18e91a .anuncio-container {\n            max-width: 280px;\n            align-items: center;\n        }\n\n        #adpost-block_92bd7dd2c6c388319919fa4bea18e91a .anuncio-container .logo {\n            max-width: 147px;\n        }\n\n        #adpost-block_92bd7dd2c6c388319919fa4bea18e91a .anuncio-text-container {\n            gap: 8px;\n        }\n\n        #adpost-block_92bd7dd2c6c388319919fa4bea18e91a .anuncio-text-container .title {\n            font-size: 1.25rem;\n            text-align: center;\n        }\n\n        #adpost-block_92bd7dd2c6c388319919fa4bea18e91a .anuncio-text-container .text {\n            text-align: center;\n        }\n\n        #adpost-block_92bd7dd2c6c388319919fa4bea18e91a .anuncio-container .button {\n            width: 100%;\n        }\n\n        #adpost-block_92bd7dd2c6c388319919fa4bea18e91a .image-container.float {\n            min-height: 182px;\n        }\n\n        #adpost-block_92bd7dd2c6c388319919fa4bea18e91a .image-container .image-desktop {\n            display: none;\n        }\n\n        #adpost-block_92bd7dd2c6c388319919fa4bea18e91a .image-container .image-mobile {\n            display: block;\n        }\n    }\n\n    \/*******************\n    * RESET GLOBAL CSS \n    ********************\/\n    #s-post main article .content .image-container img {\n        margin: 0;\n    }\n<\/style>\n\n\n<article id=\"adpost-block_92bd7dd2c6c388319919fa4bea18e91a\" class=\"anuncio-post-reverse\">\n    <div class=\"anuncio-container\">\n        \n        <div class=\"anuncio-text-container\">\n             <h3 class=\"title\" >Seja protagonista da sua advocacia com o Astrea<\/h3>\n            <div class=\"text\" >Tenha tempo para focar no crescimento do seu escrit\u00f3rio, enquanto o Astrea cuida da sua gest\u00e3o jur\u00eddica com intelig\u00eancia.<\/div>        <\/div>\n       \n        <a class=\"button\" href=\"\/astrea\/?utm_source=blog&#038;utm_medium=adpost&#038;utm_campaign=campanha-marca-2026\" target=\"_self\">Conhe\u00e7a o Astrea<\/a>    <\/div>\n\n    <div class=\"image-container\">\n        <img decoding=\"async\" class=\"image-desktop\" src=\"https:\/\/www.aurum.com.br\/blog\/wp-content\/uploads\/2026\/03\/adpos-posicionamento-2026-desktop.png\" alt=\"\" \/>\n        <img decoding=\"async\" class=\"image-mobile\" src=\"https:\/\/www.aurum.com.br\/blog\/wp-content\/uploads\/2026\/03\/adpost-posicionamento-2026-mobile.png\" alt=\"\" \/>    <\/div>\n<\/article>\n\n\n<h2 class=\"wp-block-heading\" id=\"3\">Quais os requisitos para o direito de a\u00e7\u00e3o renovat\u00f3ria?<\/h2>\n\n\n\n<p>A A\u00e7\u00e3o Renovat\u00f3ria est\u00e1 prevista no art. 51 da lei 8245\/1991:<\/p>\n\n\n\n<figure class=\"wp-block-pullquote classe bq-small\"><blockquote><p><strong>Art. 51. <\/strong>Nas loca\u00e7\u00f5es de im\u00f3veis destinados ao com\u00e9rcio, o locat\u00e1rio ter\u00e1 direito a renova\u00e7\u00e3o do contrato, por igual prazo, desde que, cumulativamente:<br><br>I &#8211; o contrato a renovar tenha sido celebrado por escrito e com prazo determinado;<br>II &#8211; o prazo m\u00ednimo do contrato a renovar ou a soma dos prazos ininterruptos dos contratos escritos seja de cinco anos;<br>III &#8211; o locat\u00e1rio esteja explorando seu com\u00e9rcio, no mesmo ramo, pelo prazo m\u00ednimo e ininterrupto de tr\u00eas anos.<\/p><\/blockquote><\/figure>\n\n\n\n<p>Ou seja, apenas podem ser objeto de a\u00e7\u00e3o renovat\u00f3ria as loca\u00e7\u00f5es comerciais celebradas por escrito e que tenham prazo determinado, de no m\u00ednimo 5 anos, desde que o locat\u00e1rio estiver exercendo a mesma atividade pelo prazo m\u00ednimo e ininterrupto de 3 anos.<\/p>\n\n\n\n<p>Neste ponto, o STJ entende que o prazo da renova\u00e7\u00e3o ser\u00e1 de 5 anos, e que pode haver mais de uma renova\u00e7\u00e3o do contrato. Segue, abaixo, trecho da <a href=\"https:\/\/www.aurum.com.br\/blog\/glossario-juridico\/decisao\/\" data-wpil-monitor-id=\"134\">decis\u00e3o<\/a>:<\/p>\n\n\n\n<figure class=\"wp-block-pullquote classe bq-small\"><blockquote><p>(&#8230;) 10. Cinco anos configura prazo razo\u00e1vel para a renova\u00e7\u00e3o do <a href=\"https:\/\/www.aurum.com.br\/blog\/glossario-juridico\/contrato-de-locacao\/\" data-wpil-monitor-id=\"135\">contrato de loca\u00e7\u00e3o<\/a> comercial, a qual pode ser requerida novamente pelo locat\u00e1rio ao final do per\u00edodo, uma vez que a lei n\u00e3o limita essa possibilidade.<br>(&#8230;) (REsp n. 1.971.600\/RJ, relatora Ministra Nancy Andrighi, Terceira Turma, julgado em 2\/8\/2022, DJe de 26\/8\/2022.)<\/p><\/blockquote><\/figure>\n\n\n\n<p>Por\u00e9m, \u00e9 preciso ter aten\u00e7\u00e3o: h\u00e1 mais alguns requisitos para a a\u00e7\u00e3o renovat\u00f3ria, que, muitas vezes, acabam n\u00e3o sendo cumpridos. Eles est\u00e3o previstos no art. 71 da lei 8245\/1991:<\/p>\n\n\n\n<figure class=\"wp-block-pullquote classe bq-small\"><blockquote><p><strong>Art. 71.<\/strong> Al\u00e9m dos demais requisitos exigidos no art. 282 do C\u00f3digo de <a href=\"https:\/\/www.aurum.com.br\/blog\/glossario-juridico\/processo\/\" data-wpil-monitor-id=\"132\">Processo<\/a> Civil, a peti\u00e7\u00e3o inicial da a\u00e7\u00e3o renovat\u00f3ria dever\u00e1 ser instru\u00edda com:<br><br>I &#8211; prova do preenchimento dos requisitos dos incisos I, II e III do art. 51;<br>II &#8211; prova do exato cumprimento do contrato em curso;<br>III &#8211; prova da quita\u00e7\u00e3o dos impostos e taxas que incidiram sobre o im\u00f3vel e cujo pagamento lhe incumbia;<br>IV &#8211; indica\u00e7\u00e3o clara e precisa das condi\u00e7\u00f5es oferecidas para a renova\u00e7\u00e3o da loca\u00e7\u00e3o;<br>V \u2013 indica\u00e7\u00e3o do fiador quando houver no contrato a renovar e, quando n\u00e3o for o mesmo, com indica\u00e7\u00e3o do nome ou denomina\u00e7\u00e3o completa, n\u00famero de sua inscri\u00e7\u00e3o no Minist\u00e9rio da Fazenda, endere\u00e7o e, tratando-se de pessoa natural, a nacionalidade, o estado civil, a profiss\u00e3o e o n\u00famero da carteira de identidade, comprovando, desde logo, mesmo que n\u00e3o haja altera\u00e7\u00e3o do fiador, a atual idoneidade financeira;<br>VI &#8211; prova de que o fiador do contrato ou o que o substituir na renova\u00e7\u00e3o aceita os encargos da fian\u00e7a, autorizado por seu c\u00f4njuge, se casado for;<br>VII &#8211; prova, quando for o caso, de ser cession\u00e1rio ou sucessor, em virtude de t\u00edtulo opon\u00edvel ao propriet\u00e1rio.<br>Par\u00e1grafo \u00fanico. Proposta a a\u00e7\u00e3o pelo sublocat\u00e1rio do im\u00f3vel ou de parte dele, ser\u00e3o citados o sublocador e o locador, como litisconsortes, salvo se, em virtude de loca\u00e7\u00e3o origin\u00e1ria ou renovada, o sublocador dispuser de prazo que admita renovar a subloca\u00e7\u00e3o; na primeira hip\u00f3tese, procedente a a\u00e7\u00e3o, o propriet\u00e1rio ficar\u00e1 diretamente obrigado \u00e0 renova\u00e7\u00e3o.<\/p><\/blockquote><\/figure>\n\n\n\n<p>Por experi\u00eancia, vemos que muitas vezes o locat\u00e1rio n\u00e3o consegue cumprir alguns destes itens, especialmente a prova de cumprimento total do contrato, a quita\u00e7\u00e3o de todo o d\u00e9bito e a aceita\u00e7\u00e3o do fiador. Por isso, s\u00e3o pontos de aten\u00e7\u00e3o tanto para o locador quanto para o locat\u00e1rio.<\/p>\n\n\n\n<h2 class=\"wp-block-heading\" id=\"4\">Quem pode mover a a\u00e7\u00e3o renovat\u00f3ria?  <\/h2>\n\n\n\n<p>Os par\u00e1grafos do Art. 51 da Lei 8245\/1991 trazem a previs\u00e3o de quem pode ajuizar a a\u00e7\u00e3o renovat\u00f3ria. Essas pessoas s\u00e3o:<\/p>\n\n\n\n<ol class=\"wp-block-list\">\n<li>A pessoa que figurar como locat\u00e1ria no contrato;<\/li>\n\n\n\n<li>O cession\u00e1rio, caso haja cess\u00e3o da loca\u00e7\u00e3o (arts. 13 e 51, \u00a71\u00ba);<\/li>\n\n\n\n<li>O sublocat\u00e1rio (arts. 13 e 51, \u00a71\u00ba);<\/li>\n\n\n\n<li>A sociedade, caso o contrato seja firmado em nome de uma pessoa f\u00edsica, mas autorizar a sua atividade (art. 51, \u00a72\u00ba);<\/li>\n\n\n\n<li>O s\u00f3cio sobrevivente, em caso de <a href=\"https:\/\/www.aurum.com.br\/blog\/glossario-juridico\/dissolucao-de-uma-sociedade\/\" data-wpil-monitor-id=\"133\">dissolu\u00e7\u00e3o da sociedade<\/a> por morte de um dos s\u00f3cios (art. 51, \u00a73\u00ba).<\/li>\n<\/ol>\n\n\n\n<h2 class=\"wp-block-heading\" id=\"5\">Qual o prazo da a\u00e7\u00e3o renovat\u00f3ria?<\/h2>\n\n\n\n<p>O prazo para propor a A\u00e7\u00e3o Renovat\u00f3ria \u00e9 previsto no art. 51, \u00a75\u00ba da lei 8245\/1991:<\/p>\n\n\n\n<figure class=\"wp-block-pullquote classe bq-small\"><blockquote><p>\u00a7 5\u00ba Do direito a renova\u00e7\u00e3o decai aquele que n\u00e3o propuser a a\u00e7\u00e3o no interregno de um ano, no m\u00e1ximo, at\u00e9 seis meses, no m\u00ednimo, anteriores \u00e0 data da finaliza\u00e7\u00e3o do prazo do contrato em vigor.<\/p><\/blockquote><\/figure>\n\n\n\n<p>Vemos, assim, que a A\u00e7\u00e3o Renovat\u00f3ria <strong>pode ser proposta no prazo entre 1 ano e 6 meses<\/strong> da data em que a loca\u00e7\u00e3o terminar\u00e1.<\/p>\n\n\n\n<p>Uma observa\u00e7\u00e3o importante, aqui, \u00e9 que o texto da lei fala que o direito decai, ou seja, <strong>\u00e9 um <a href=\"https:\/\/www.aurum.com.br\/blog\/glossario-juridico\/decadencia\/\" data-wpil-monitor-id=\"136\">prazo decadencial<\/a>, e n\u00e3o prescricional<\/strong>. Isso importa pela previs\u00e3o do art. 207 do C\u00f3digo Civil:<\/p>\n\n\n\n<figure class=\"wp-block-pullquote classe bq-small\"><blockquote><p><strong>Art. 207.<\/strong> Salvo disposi\u00e7\u00e3o legal em contr\u00e1rio, n\u00e3o se aplicam \u00e0 decad\u00eancia as normas que impedem, suspendem ou interrompem a <a href=\"https:\/\/www.aurum.com.br\/blog\/prescricao-e-decadencia\/\" data-wpil-monitor-id=\"139\">prescri\u00e7\u00e3o<\/a>.<\/p><\/blockquote><\/figure>\n\n\n\n<p>Por isso, \u00e9 preciso ter cuidado redobrado ao contar este prazo.<\/p>\n\n\n\n<p>\u00c9 importante ter aten\u00e7\u00e3o, tamb\u00e9m, ao fato de que muitos locadores, conhecendo deste prazo, tentam prolongar as negocia\u00e7\u00f5es, atrasando respostas a propostas e at\u00e9 mesmo o envio de contrato, na tentativa de fazer o locat\u00e1rio perder o direito \u00e0 renova\u00e7\u00e3o.<\/p>\n\n\n\n<p>Por isso, vale estar sempre atento e jamais deixar de mover a\u00e7\u00e3o no prazo caso n\u00e3o haja resolu\u00e7\u00e3o. Sempre \u00e9 poss\u00edvel fazer um acordo ou desistir do processo, se for necess\u00e1rio.<\/p>\n\n\n\n<h2 class=\"wp-block-heading\" id=\"6\">Quando n\u00e3o cabe a a\u00e7\u00e3o renovat\u00f3ria?<\/h2>\n\n\n\n<p>Mesmo com toda a prote\u00e7\u00e3o legal, existe possibilidade de defesa na A\u00e7\u00e3o Renovat\u00f3ria. Vamos come\u00e7ar pelo art. 52 da lei 8245\/1991:<\/p>\n\n\n\n<figure class=\"wp-block-pullquote classe bq-small\"><blockquote><p><strong>Art. 52. <\/strong>O locador n\u00e3o estar\u00e1 obrigado a renovar o contrato se:<br><br>I &#8211; por determina\u00e7\u00e3o do Poder P\u00fablico, tiver que realizar no im\u00f3vel obras que importarem na sua radical transforma\u00e7\u00e3o; ou para fazer modifica\u00e7\u00f5es de tal natureza que aumente o valor do neg\u00f3cio ou da propriedade;<br>II &#8211; o im\u00f3vel vier a ser utilizado por ele pr\u00f3prio ou para transfer\u00eancia de fundo de com\u00e9rcio existente h\u00e1 mais de um ano, sendo detentor da maioria do capital o locador, seu c\u00f4njuge, ascendente ou descendente.<br><br>\u00a7 1\u00ba Na hip\u00f3tese do inciso II, o im\u00f3vel n\u00e3o poder\u00e1 ser destinado ao uso do mesmo ramo do locat\u00e1rio, salvo se a loca\u00e7\u00e3o tamb\u00e9m envolvia o fundo de com\u00e9rcio, com as instala\u00e7\u00f5es e pertences.<\/p><\/blockquote><\/figure>\n\n\n\n<p>Os casos de obra s\u00e3o bem claros: obras grandes exigidas pelo Poder P\u00fablico, ou obras realizadas pelo locador que venham a aumentar o valor do im\u00f3vel excluem a possibilidade da renovat\u00f3ria. No entanto, as obras devem come\u00e7ar em at\u00e9 3 meses da alega\u00e7\u00e3o, sob pena de indeniza\u00e7\u00e3o pelos preju\u00edzos e lucros cessantes (art. 52, \u00a73\u00ba).<\/p>\n\n\n\n<p>J\u00e1 no caso de alega\u00e7\u00e3o de uso pr\u00f3prio, \u00e9 importante destacar o \u00a71\u00ba, que informa que o im\u00f3vel n\u00e3o pode ser utilizado para empresa do mesmo ramo do locat\u00e1rio, a menos que a loca\u00e7\u00e3o inclu\u00edsse tamb\u00e9m o fundo de com\u00e9rcio.<\/p>\n\n\n\n<p>O art. 72 da lei 8245\/1991 traz mais previs\u00f5es:<\/p>\n\n\n\n<figure class=\"wp-block-pullquote classe bq-small\"><blockquote><p><strong>Art. 72. <\/strong>A <a href=\"https:\/\/www.aurum.com.br\/blog\/glossario-juridico\/contestacao\/\" data-wpil-monitor-id=\"137\">contesta\u00e7\u00e3o<\/a> do locador, al\u00e9m da defesa de direito que possa caber, ficar\u00e1 adstrita, quanto \u00e0 mat\u00e9ria de fato, ao seguinte:<br><br>I &#8211; n\u00e3o preencher o autor os requisitos estabelecidos nesta lei;<br>II &#8211; n\u00e3o atender, a proposta do locat\u00e1rio, o valor locativo real do im\u00f3vel na \u00e9poca da renova\u00e7\u00e3o, exclu\u00edda a valoriza\u00e7\u00e3o trazida por aquele ao ponto ou lugar;<br>III &#8211; ter proposta de terceiro para a loca\u00e7\u00e3o, em condi\u00e7\u00f5es melhores;<br>IV &#8211; n\u00e3o estar obrigado a renovar a loca\u00e7\u00e3o (incisos I e II do art. 52).<\/p><\/blockquote><\/figure>\n\n\n\n<p>O inciso I \u00e9 bem \u00f3bvio: caso o locat\u00e1rio n\u00e3o atenda aos requisitos da lei, indicados acima, bem como ao prazo da a\u00e7\u00e3o, a renova\u00e7\u00e3o n\u00e3o \u00e9 cab\u00edvel.<\/p>\n\n\n\n<p>Outro ponto poss\u00edvel de defesa \u00e9 a demonstra\u00e7\u00e3o de que o valor oferecido pelo locat\u00e1rio n\u00e3o \u00e9 compat\u00edvel com o mercado, devendo apresentar uma contraproposta com os valores que entende cab\u00edveis (Art. 72, \u00a71\u00ba).<\/p>\n\n\n\n<p>J\u00e1 no caso de proposta de terceiro, em melhores condi\u00e7\u00f5es, \u00e9 necess\u00e1rio haver prova escrita, assinada pelo terceiro e por duas <a href=\"https:\/\/www.aurum.com.br\/blog\/glossario-juridico\/testemunha\/\" data-wpil-monitor-id=\"138\">testemunhas<\/a>, e com indica\u00e7\u00e3o do ramo de atividade, que deve ser diferente do atual (art. 72, \u00a72\u00ba). Neste caso \u00e9 cab\u00edvel, ainda, indeniza\u00e7\u00e3o pelos preju\u00edzos e lucros cessantes (art. 52, \u00a73\u00ba).<\/p>\n\n\n\n<h2 class=\"wp-block-heading\">Conclus\u00e3o:<\/h2>\n\n\n\n<p>Como pudemos ver, a lei traz prote\u00e7\u00f5es importantes para o locat\u00e1rio comercial, permitindo que ele mova uma a\u00e7\u00e3o renovat\u00f3ria, caso n\u00e3o chegue a um acordo com o propriet\u00e1rio.<\/p>\n\n\n\n<p>No entanto, essa a\u00e7\u00e3o tem diversos requisitos pr\u00f3prios, que devem ser observados. Em especial, destaco a necessidade de cumprimento total do contrato, de quita\u00e7\u00e3o do d\u00e9bito e de concord\u00e2ncia do fiador, al\u00e9m de observar o prazo decadencial da a\u00e7\u00e3o.<\/p>\n\n\n\n<p>Por isso, seja voc\u00ea locador, locat\u00e1rio ou advogado de uma dessas partes, \u00e9 importante conhecer todos os requisitos que trouxemos aqui hoje.<\/p>\n\n\n\n<h3 class=\"wp-block-heading\">Aqui no Portal da Aurum voc\u00ea tamb\u00e9m confere:<\/h3>\n\n\n\n<ul class=\"wp-block-list\">\n<li><a href=\"https:\/\/www.aurum.com.br\/blog\/lei-13777-multipropriedade\/\">Lei da Multipropriedade<\/a>: o que \u00e9, vantagens e aplica\u00e7\u00f5es<\/li>\n\n\n\n<li><a href=\"https:\/\/www.aurum.com.br\/blog\/usucapiao-extrajudicial\/\">Usucapi\u00e3o extrajudicial<\/a>: tudo sobre o assunto<\/li>\n\n\n\n<li><a href=\"https:\/\/www.aurum.com.br\/blog\/publicidade-abusiva\/\">Publicidade abusiva<\/a>: o que \u00e9 e principais caracter\u00edsticas<\/li>\n\n\n\n<li><a href=\"https:\/\/www.aurum.com.br\/blog\/direito-de-imagem\/\">Direito de imagem<\/a>: principais viola\u00e7\u00f5es e exce\u00e7\u00f5es<\/li>\n\n\n\n<li><a href=\"https:\/\/www.aurum.com.br\/blog\/vicio-redibitorio\/\">V\u00edcio redibit\u00f3rio<\/a>: conceitos e diferen\u00e7as para a evic\u00e7\u00e3o<\/li>\n\n\n\n<li><a href=\"https:\/\/www.aurum.com.br\/blog\/usucapiao\/\">Usucapi\u00e3o<\/a>: o que \u00e9, tipos e requisitos do procedimento<\/li>\n\n\n\n<li><a href=\"https:\/\/www.aurum.com.br\/blog\/responsabilidade-civil-ambiental\/\">Responsabilidade civil ambiental<\/a>: entenda quando se configura<\/li>\n\n\n\n<li><a href=\"https:\/\/www.aurum.com.br\/blog\/estatuto-da-cidade\/\">Estatuto da cidade<\/a>: o que \u00e9 e principais instrumentos <\/li>\n\n\n\n<li><a href=\"https:\/\/www.aurum.com.br\/blog\/custas-processuais\/\" data-type=\"URL\" data-id=\"https:\/\/www.aurum.com.br\/blog\/custas-processuais\/\">Custas processuais: o que s\u00e3o e como calcular<\/a><\/li>\n\n\n\n<li><a href=\"https:\/\/www.aurum.com.br\/blog\/esbulho\/\" data-type=\"URL\" data-id=\"https:\/\/www.aurum.com.br\/blog\/esbulho\/\">Esbulho<\/a> possess\u00f3rio no Direito Civil<\/li>\n\n\n\n<li><a href=\"https:\/\/www.aurum.com.br\/blog\/prazos-processuais\/\" data-type=\"URL\" data-id=\"https:\/\/www.aurum.com.br\/blog\/prazos-processuais\/\">Prazos processuais no Novo CPC<\/a><\/li>\n\n\n\n<li><a href=\"https:\/\/www.aurum.com.br\/blog\/alistamento-eleitoral\/\">Alistamento eleitoral: tudo o que voc\u00ea precisa saber!<\/a><\/li>\n<\/ul>\n\n\n<style>\r\n  .news-post {\r\n    background: url('https:\/\/www.aurum.com.br\/blog\/wp-content\/themes\/aurum\/img\/bg-news-artigo.svg') no-repeat top center #3C48AA;\r\n    padding: 1.5rem;\r\n    border-radius: 6px;\r\n    margin: 1rem 0;\r\n  }\r\n  .news-post .icone {\r\n    display: none;\r\n  }\r\n  .news-post .title {\r\n    font-weight: 700;\r\n    font-size: 16px;\r\n    line-height: 130%;\r\n    text-align: center;\r\n    letter-spacing: -0.5px;\r\n    color: #fff;\r\n    margin-bottom: .9375rem;\r\n  }\r\n  .news-post p {\r\n    font-size: .875rem;\r\n    line-height: 140%;\r\n    text-align: center;\r\n    color: #fff;\r\n    margin-bottom: 1.25rem;\r\n  }\r\n  .news-post .news_button_span {\r\n    font-size: .8125rem;\r\n    display: block;\r\n    padding: .125rem .3125rem;\r\n    color: #fff;\r\n    text-align:left;\r\n  }\r\n  .news-post .news_button_span a {\r\n    color: #fff !important;\r\n    text-decoration: underline;\r\n  }\r\n  .news-post form {\r\n    width: 100%;\r\n  }\r\n  .news-post label {\r\n    font-weight: 600;\r\n    font-size: .9375rem;\r\n    line-height: 1.5rem;\r\n    margin-bottom: .5rem;\r\n    color: #fff;\r\n    display: block;\r\n  }\r\n  .news-post input {\r\n    background: #fff;\r\n    border: 1px solid #CBCBD9;\r\n    box-sizing: border-box;\r\n    border-radius: 4px;\r\n    padding: .75rem 1rem;\r\n    width: 100%;\r\n  }\r\n  .news-post button {\r\n    margin-top: .875rem;\r\n    width: 100%;\r\n    min-width: auto;\r\n    background: #FCC632;\r\n    color: #3C48AA;\r\n  }\r\n  .news-post .input {\r\n    position: relative;\r\n    padding-bottom: 10px;\r\n  }\r\n  .news-post .error-message-ad {\r\n    font-size: .875rem;\r\n    line-height: 130%;\r\n    color: #D50021;\r\n    margin-left: 4px;\r\n  }\r\n  .news-post .error {\r\n    border: 1px solid #D50021;\r\n  }\r\n  .news-post #message-form-ad {\r\n    border-radius: 4px;\r\n    padding: 0.7rem;\r\n    font-size:0.8rem;\r\n    text-align: center;\r\n    align-items: center;\r\n    justify-content: center;\r\n    display: none;\r\n  }\r\n  .news-post #message-form-ad svg {\r\n    margin-right: 8px;\r\n  }\r\n\r\n  @media(min-width: 561px) {\r\n    .news-post {\r\n      position: relative;\r\n      background: url('https:\/\/www.aurum.com.br\/blog\/wp-content\/themes\/aurum\/img\/bg-news-artigo.svg') no-repeat top center #3C48AA;\r\n      width: calc(100% - 30px);\r\n    }\r\n    .news-post .icone {\r\n      display: block;\r\n      position: absolute;\r\n      right: -30px;\r\n      top: 65px;\r\n      max-width: 142px;\r\n      width: 100%;\r\n      height: auto;\r\n      margin: 0;\r\n    }\r\n    .news-post .title {\r\n      font-size: 1.125rem;\r\n      text-align: left;\r\n      \/* padding-right: 3.75rem; *\/\r\n    }\r\n    .news-post p {\r\n      font-size: 1rem;\r\n      text-align: left;\r\n      max-width: 400px;\r\n    }\r\n    .news-post .boxes {\r\n      display: flex;\r\n      align-items: flex-start;\r\n    }\r\n    .news-post button {\r\n      margin: 0 0 0 1rem;\r\n      width: 100%;\r\n      max-width: 170px;\r\n      min-width: auto;\r\n      transition: all ease .3s\r\n    }\r\n    .news-post button:hover {\r\n      opacity: 0.9;\r\n      transition: all ease .3s\r\n    }\r\n    .news-post #message-form-ad {\r\n      padding: 1.125rem;\r\n      font-size:1rem;\r\n    }\r\n    .news-post #message-form-ad svg {\r\n      margin-right: 10px;\r\n    }\r\n  }\r\n<\/style>\r\n\r\n<div class=\"news-post\">\r\n  <div class=\"title news-ad-title\">Gostou do artigo e quer evoluir a sua advocacia?<\/div>\r\n  <p class=\"news-ad-subtitle\">Assine gr\u00e1tis a Aurum News e receba uma dose semanal de conte\u00fado no seu e-mail! \u270c\ufe0f<\/p>\r\n  <img decoding=\"async\" src=\"https:\/\/www.aurum.com.br\/blog\/wp-content\/themes\/aurum\/img\/icon-news-artigo.svg\" alt=\"\" class=\"icone\">\r\n\r\n  <form method=\"post\" name=\"newsletter-ad\" id=\"aurum-newsletter-ad\">\r\n    <div class=boxes>\r\n      <div class=\"input\">\r\n        <label class=\"label-email\" htmlFor=\"email-ad\">Qual seu e-mail?<\/label>\r\n        <input type=\"email\" id=\"email-ad\" name=\"newsletter-mail-ad\" placeholder=\"Digite seu e-mail?\">\r\n        <div class=\"error-message-ad-email\">Endere\u00e7o de e-mail inv\u00e1lido ou incorreto<\/div>\r\n\r\n        <label class=\"label-select\" htmlFor=\"lawsuits-select-ad\">\r\n          Quantos processos voc\u00ea ou<br class=\"for-desktop\"\/> seu escrit\u00f3rio acompanham?\r\n        <\/label>\r\n        <div id=\"lawsuits-select-ad\" class=\"lawsuits-select select-wrapper\" tabindex=\"0\">\r\n          <div class=\"s-dropdown--styled\">\r\n          <span class=\"lawsuits-default\">\r\n            <span id=\"lawsuits-newsletter-ad\" class=\"lawsuits-default-text\" data-value=\"\">Selecione os processos<\/span>\r\n            <svg class=\"chevron\" xmlns=\"http:\/\/www.w3.org\/2000\/svg\" width=\"24\" height=\"25\" viewBox=\"0 0 24 25\" fill=\"none\">\r\n              <path d=\"M6 15.6152L12 9.61523L18 15.6152\" stroke=\"black\" stroke-width=\"2\" stroke-linecap=\"round\" stroke-linejoin=\"round\" \/>\r\n            <\/svg>\r\n          <\/span>\r\n\r\n          <ul class=\"s-dropdown u-hide\">\r\n            <li class=\"lawsuits\" data-value=\"Mais de 1000 processos\">Mais de 1000 processos<\/li>\r\n            <li class=\"lawsuits\" data-value=\"De 501 a 1000 processos\">De 501 a 1000 processos<\/li>\r\n            <li class=\"lawsuits\" data-value=\"De 151 a 500 processos\">De 151 a 500 processos<\/li>\r\n            <li class=\"lawsuits\" data-value=\"De 41 a 150 processos\">De 41 a 150 processos<\/li>\r\n            <li class=\"lawsuits\" data-value=\"At\u00e9 40 processos\">At\u00e9 40 processos<\/li>\r\n            <li class=\"lawsuits\" data-value=\"Atuo apenas no consultivo\">Atuo apenas no consultivo<\/li>\r\n            <li class=\"lawsuits\" data-value=\"Ainda sou estudante de direito\">Ainda sou estudante de direito<\/li>\r\n            <li class=\"lawsuits\" data-value=\"N\u00e3o sou da \u00e1rea jur\u00eddica\">N\u00e3o sou da \u00e1rea jur\u00eddica<\/li>\r\n          <\/ul>\r\n          <\/div>\r\n        <\/div>\r\n        <div class=\"error-message-ad-lawsuits\">Selecione algum processo<\/div>\r\n      <\/div>\r\n      <button class=\"btn btn-yellow ad-btn-desktop\" id=\"aurum-submit-ad\">Assinar gr\u00e1tis<\/button>\r\n      <button class=\"btn btn-yellow ad-btn-mobile\" id=\"aurum-submit-ad\">Assinar<\/button>\r\n    <\/div>\r\n    <span class=\"news_button_span\">Ao se cadastrar voc\u00ea declara que leu e aceitou a pol\u00edtica de privacidade e cookies do <a href=\"https:\/\/s3.sa-east-1.amazonaws.com\/publico.aurum.com.br\/contratos\/politica-de-privacidade.pdf\" target=\"_blank\" rel=\"noopener noreferrer\">site<\/a>.<\/span>\r\n  <\/form>\r\n  <div id=\"message-form-ad\"><\/div>\r\n<\/div>\n\n\n<p><em>E a\u00ed, o que achou do texto? Tem alguma d\u00favida relacionada a a\u00e7\u00e3o renovat\u00f3ria? Compartilhe com a gente nos coment\u00e1rios abaixo que vamos interagir com voc\u00ea!<\/em> \ud83d\ude09<\/p>\n","protected":false},"excerpt":{"rendered":"<p>A a\u00e7\u00e3o renovat\u00f3ria \u00e9 aquela que permite, a quem aluga um im\u00f3vel comercial, renovar o contrato de aluguel, mesmo contra a vontade do propriet\u00e1rio do im\u00f3vel. A Loca\u00e7\u00e3o \u00e9 um dos temas mais importantes do Direito Civil e do Direito Imobili\u00e1rio. Afinal, temos milh\u00f5es de im\u00f3veis alugados para pessoas e para empresas. Para regular essas [&hellip;]<\/p>\n","protected":false},"author":33,"featured_media":9362,"comment_status":"open","ping_status":"open","sticky":false,"template":"","format":"standard","meta":{"_bbp_topic_count":0,"_bbp_reply_count":0,"_bbp_total_topic_count":0,"_bbp_total_reply_count":0,"_bbp_voice_count":0,"_bbp_anonymous_reply_count":0,"_bbp_topic_count_hidden":0,"_bbp_reply_count_hidden":0,"_bbp_forum_subforum_count":0,"inline_featured_image":false,"footnotes":""},"categories":[28],"tags":[],"class_list":["post-9361","post","type-post","status-publish","format-standard","has-post-thumbnail","hentry","category-direito-imobiliario"],"acf":[],"_links":{"self":[{"href":"https:\/\/www.aurum.com.br\/blog\/wp-json\/wp\/v2\/posts\/9361","targetHints":{"allow":["GET"]}}],"collection":[{"href":"https:\/\/www.aurum.com.br\/blog\/wp-json\/wp\/v2\/posts"}],"about":[{"href":"https:\/\/www.aurum.com.br\/blog\/wp-json\/wp\/v2\/types\/post"}],"author":[{"embeddable":true,"href":"https:\/\/www.aurum.com.br\/blog\/wp-json\/wp\/v2\/users\/33"}],"replies":[{"embeddable":true,"href":"https:\/\/www.aurum.com.br\/blog\/wp-json\/wp\/v2\/comments?post=9361"}],"version-history":[{"count":19,"href":"https:\/\/www.aurum.com.br\/blog\/wp-json\/wp\/v2\/posts\/9361\/revisions"}],"predecessor-version":[{"id":30873,"href":"https:\/\/www.aurum.com.br\/blog\/wp-json\/wp\/v2\/posts\/9361\/revisions\/30873"}],"wp:featuredmedia":[{"embeddable":true,"href":"https:\/\/www.aurum.com.br\/blog\/wp-json\/wp\/v2\/media\/9362"}],"wp:attachment":[{"href":"https:\/\/www.aurum.com.br\/blog\/wp-json\/wp\/v2\/media?parent=9361"}],"wp:term":[{"taxonomy":"category","embeddable":true,"href":"https:\/\/www.aurum.com.br\/blog\/wp-json\/wp\/v2\/categories?post=9361"},{"taxonomy":"post_tag","embeddable":true,"href":"https:\/\/www.aurum.com.br\/blog\/wp-json\/wp\/v2\/tags?post=9361"}],"curies":[{"name":"wp","href":"https:\/\/api.w.org\/{rel}","templated":true}]}}