{"id":9318,"date":"2024-06-24T17:03:47","date_gmt":"2024-06-24T20:03:47","guid":{"rendered":"https:\/\/aurum.com.br\/blog\/desconsideracao-da-personalidade-juridica\/"},"modified":"2024-07-18T20:19:19","modified_gmt":"2024-07-18T23:19:19","slug":"desconsideracao-da-personalidade-juridica","status":"publish","type":"post","link":"https:\/\/www.aurum.com.br\/blog\/desconsideracao-da-personalidade-juridica\/","title":{"rendered":"Desconsidera\u00e7\u00e3o da personalidade jur\u00eddica: guia completo"},"content":{"rendered":"<div id=\"bsf_rt_marker\"><\/div>\n<pre class=\"wp-block-preformatted\">A <strong>desconsidera\u00e7\u00e3o da personalidade jur\u00eddica<\/strong> permite responsabilizar pessoalmente s\u00f3cios ou administradores por atos ilegais da empresa, em casos de abuso ou fraude, para proteger credores e cumprir obriga\u00e7\u00f5es legais.<\/pre>\n\n\n\n<p>O que diferencia as pessoas das outras criaturas e objetos para o direito \u00e9 a capacidade de contrair obriga\u00e7\u00f5es e exercer direitos. A raz\u00e3o pela qual as pessoas possuem esta capacidade chama-se \u201cpersonalidade\u201d. <br><br>As pessoas naturais adquirem a personalidade civil no nascimento com vida (mas a lei garante os direitos do nascituro desde a concep\u00e7\u00e3o) e se encerra com a morte. J\u00e1 as pessoas jur\u00eddicas adquirem a personalidade jur\u00eddica com a inscri\u00e7\u00e3o dos seus atos constitutivos no \u00f3rg\u00e3o competente. <\/p>\n\n\n\n<p>Nesse texto, voc\u00ea vai entender melhor, acompanhe \ud83d\ude42  <\/p>\n\n\n\n<h2 class=\"wp-block-heading\" id=\"1\">O que \u00e9 a desconsidera\u00e7\u00e3o da personalidade jur\u00eddica?<\/h2>\n\n\n\n<p>A desconsidera\u00e7\u00e3o da personalidade jur\u00eddica \u00e9 um mecanismo legal que <strong>permite que as obriga\u00e7\u00f5es de uma empresa sejam estendidas aos seus s\u00f3cios, administradores ou representantes pessoais.<\/strong> Esse conceito \u00e9 fundamental para garantir que a estrutura corporativa n\u00e3o seja usada como um escudo para comportamentos ilegais ou anti\u00e9ticos.<br><br>Normalmente, a lei trata uma empresa como uma &#8220;pessoa jur\u00eddica&#8221; separada de seus propriet\u00e1rios, significando que a responsabilidade pessoal dos s\u00f3cios \u00e9 limitada ao valor de suas a\u00e7\u00f5es na empresa, e eles n\u00e3o s\u00e3o pessoalmente respons\u00e1veis pelas d\u00edvidas ou a\u00e7\u00f5es legais enfrentadas pela empresa. <br><br>Por\u00e9m, em certas circunst\u00e2ncias, quando os s\u00f3cios ou administradores usam essa separa\u00e7\u00e3o de forma abusiva ou fraudulenta &#8211; por exemplo, para evadir responsabilidades, cometer fraudes ou causar danos a terceiros &#8211; os tribunais podem &#8220;desconsiderar&#8221; essa personalidade jur\u00eddica.<\/p>\n\n\n\n<figure class=\"wp-block-image size-full\"><img decoding=\"async\" width=\"1200\" height=\"1200\" src=\"https:\/\/www.aurum.com.br\/blog\/wp-content\/uploads\/2023\/11\/o-que-e-desconsideracao-da-personalidade-juridica-1.jpg\" alt=\"Veja o que \u00e9 desconsidera\u00e7\u00e3o da personalidade jur\u00eddica \" class=\"wp-image-25600\" srcset=\"https:\/\/www.aurum.com.br\/blog\/wp-content\/uploads\/2023\/11\/o-que-e-desconsideracao-da-personalidade-juridica-1.jpg 1200w, https:\/\/www.aurum.com.br\/blog\/wp-content\/uploads\/2023\/11\/o-que-e-desconsideracao-da-personalidade-juridica-1-300x300.jpg 300w, https:\/\/www.aurum.com.br\/blog\/wp-content\/uploads\/2023\/11\/o-que-e-desconsideracao-da-personalidade-juridica-1-150x150.jpg 150w, https:\/\/www.aurum.com.br\/blog\/wp-content\/uploads\/2023\/11\/o-que-e-desconsideracao-da-personalidade-juridica-1-768x768.jpg 768w\" sizes=\"(max-width: 1200px) 100vw, 1200px\" \/><figcaption class=\"wp-element-caption\">Entenda o que \u00e9 Veja o que \u00e9 desconsidera\u00e7\u00e3o da personalidade jur\u00eddica <\/figcaption><\/figure>\n\n\n\n<p>Importante mencionar uma diferen\u00e7a de nomenclatura por vezes confundida no dia-a-dia dos operadores do direito: <strong>desconsidera\u00e7\u00e3o \u00e9 diferente de desconstitui\u00e7\u00e3o. <\/strong><\/p>\n\n\n\n<p>Enquanto na desconsidera\u00e7\u00e3o da personalidade jur\u00eddica a pessoa jur\u00eddica continua existindo, apenas n\u00e3o \u00e9 considerada para fins de responsabiliza\u00e7\u00e3o, na desconstitui\u00e7\u00e3o da personalidade jur\u00eddica a pessoa jur\u00eddica \u00e9 desconstitu\u00edda, ou seja, ela \u00e9 extinta. Assim, o adequado \u00e9 falar desconsidera\u00e7\u00e3o e n\u00e3o desconstitui\u00e7\u00e3o da personalidade jur\u00eddica.<\/p>\n\n\n\n<p><em>Leia tamb\u00e9m: <a href=\"https:\/\/www.aurum.com.br\/blog\/dissolucao-parcial-da-sociedade\/\">O que \u00e9 e como funciona a dissolu\u00e7\u00e3o parcial da sociedade<\/a><\/em><\/p>\n\n\n\n<h3 class=\"wp-block-heading\" id=\"2\">Contexto hist\u00f3rico da desconsidera\u00e7\u00e3o da personalidade jur\u00eddica<\/h3>\n\n\n\n<p><strong>Inicialmente, seres humanos eram n\u00f4mades<\/strong>. Viviam do que ca\u00e7avam e encontravam, at\u00e9 se estabelecerem em locais fixos, formando comunidades. Assim, passaram a ca\u00e7ar, cultivar e produzir seus pr\u00f3prios alimentos e bens, como vestu\u00e1rio, sapatos, casas para uso pr\u00f3prio. Excepcionalmente, o que era produzido em excesso era trocado com vizinhos ou na pra\u00e7a.<\/p>\n\n\n\n<p>Com o passar do tempo, alguns povos intensificaram um pouco mais a troca, como os Fen\u00edcios, o que estimulou a produ\u00e7\u00e3o especificamente para venda,<strong> dando in\u00edcio ao<\/strong> <strong>com\u00e9rcio<\/strong>. Isso deu in\u00edcio, inclusive, a intercambio entre culturas diferentes, desenvolvendo ainda mais tecnologias, ferramentas, meios de transportes.<\/p>\n\n\n\n<p>A t\u00edtulo de curiosidade, \u201ccom\u00e9rcio\u201d vem do latim <em>commutatio mercium<\/em> \u2013 troca de mercadoria por mercadoria. Como nem sempre uma mercadoria equivalia a outra, <strong>surgiu ent\u00e3o a moeda, que era um padr\u00e3o para se fazer as trocas<\/strong>.<\/p>\n\n\n\n<p>Ao produzir muito um \u00fanico produto ou servi\u00e7o as pessoas passaram a especializar-se, e, com isso, os artes\u00e3os e os comerciantes come\u00e7aram a criar as <strong>corpora\u00e7\u00f5es de of\u00edcios<\/strong>.&nbsp;<\/p>\n\n\n\n<p>Essas corpora\u00e7\u00f5es eram entidades que agrupavam pessoas da mesma classe e elegiam os <em>consules mercatorum<\/em>, pessoas que legislavam (faziam o direito dos comerciantes \u2013 sedimentando os usos) e julgavam as rela\u00e7\u00f5es entre os comerciantes (interpretavam e julgavam aqueles que faziam uso de sua pr\u00e1tica). Quem n\u00e3o era filiado a uma corpora\u00e7\u00e3o n\u00e3o podia exercer os atos a ela imputados.<\/p>\n\n\n\n<p>Em decorr\u00eancia dessa especializa\u00e7\u00e3o em produ\u00e7\u00e3o e venda de produtos, v\u00e1rias pessoas ganharam muito dinheiro. Ao mesmo tempo, elas respondiam com seu inteiro patrim\u00f4nio decorrente da responsabilidade de se investir em algo que poderia dar errado.<\/p>\n\n\n\n<p>Tr\u00eas palavras s\u00e3o muito importantes para descrever esta situa\u00e7\u00e3o: \u201c<strong>apetite a risco<\/strong>\u201d. E aqueles que n\u00e3o eram muito afetos a risco acabavam por n\u00e3o investir em com\u00e9rcio.<\/p>\n\n\n\n<h4 class=\"wp-block-heading\">O surgimento da pessoa jur\u00eddica<\/h4>\n\n\n\n<p>A fim de incentivar o empreendedorismo, foi criada a \u201cpessoa jur\u00eddica\u201d, ou seja, um <strong>ente fict\u00edcio nascido da vontade de seus s\u00f3cios<\/strong>.&nbsp;<\/p>\n\n\n\n<p>As pessoas jur\u00eddicas recebiam um capital preestabelecido dos seus s\u00f3cios (capital social) e com este valor investiam em uma atividade espec\u00edfica (objeto social).<\/p>\n\n\n\n<p>Este fato incentivou o empreendedorismo. Isso porque, aqueles que tinham medo de empreender para n\u00e3o perder seu patrim\u00f4nio passaram a criar pessoas jur\u00eddicas com um valor que estariam dispostas a perder caso o neg\u00f3cio desse errado.<\/p>\n\n\n\n<p>Assim, as pessoas jur\u00eddicas <strong>foram criadas justamente para limitar os riscos de seus s\u00f3cios<\/strong>. Com isso, mais dinheiro que estaria preso aos seus donos foi colocado em circula\u00e7\u00e3o atrav\u00e9s das pessoas jur\u00eddicas.<\/p>\n\n\n\n<p>Este foi, possivelmente, um fato que auxiliou uma mudan\u00e7a de paradigma da \u00e9poca, facilitando o que posteriormente desencadeou na Revolu\u00e7\u00e3o Industrial, com a fabrica\u00e7\u00e3o de bens em s\u00e9rie.<\/p>\n\n\n\n<p><em>Leia tamb\u00e9m: <a href=\"https:\/\/www.aurum.com.br\/blog\/tipos-de-sociedade-empresarial\/\">Entenda o que \u00e9 e quais s\u00e3o os tipos de sociedade empresarial<\/a>!<\/em><\/p>\n\n\n\n<h2 class=\"wp-block-heading\">Como surgiu a desconsidera\u00e7\u00e3o da personalidade jur\u00eddica?<\/h2>\n\n\n\n<p>Aqueles que buscavam empreender limitando seus riscos ao valor investido nas sociedades passaram a utilizar de pessoas jur\u00eddicas para atuar em determinados mercados.&nbsp;<\/p>\n\n\n\n<p>Ocorre que alguns empreendedores n\u00e3o estavam sequer dispostas a sofrer este risco, e passaram a <strong>utilizar as pessoas jur\u00eddicas como forma de blindagem patrimonial<\/strong>.<\/p>\n\n\n\n<p>Em <strong>1897 surgiu o primeiro caso de express\u00e3o<\/strong> que apreciou a desconsidera\u00e7\u00e3o da personalidade jur\u00eddica, na Inglaterra.<\/p>\n\n\n\n<p>Pouco antes dessa data, Aaron Salomon criou uma empresa, a Salomon Company, e transferiu um fundo de com\u00e9rcio que possu\u00eda para o novo neg\u00f3cio. No entanto, esse fundo de com\u00e9rcio tinha um valor maior que as cotas, de forma que o pr\u00f3prio s\u00f3cio se tornou credor da sociedade com garantia real dos bens.&nbsp;<\/p>\n\n\n\n<p>Com isso, Aaron Salomon tornou-se um credor especial dentro da classe de credores, e, caso a sociedade Salomon Company viesse a falir, ele seria a primeira pessoa a receber um cr\u00e9dito correspondente a esta garantia.<\/p>\n\n\n\n<p>Quando ocorreu a fal\u00eancia da Salomon Company, os demais credores apontaram que o seu s\u00f3cio n\u00e3o poderia ser o primeiro a receber, pois o ocorrido deveria ser considerado um ato fraudulento.<\/p>\n\n\n\n<p>Neste caso, foi discutida justamente a vontade de fraudar gerada pelo s\u00f3cio.&nbsp;&nbsp;<\/p>\n\n\n\n<p>O Judici\u00e1rio Ingl\u00eas julgou em primeira inst\u00e2ncia o uso desse artif\u00edcio por Aaron Salomon para fraudar outros credores e n\u00e3o assumir qualquer risco com a atividade econ\u00f4mica. Desta forma, <strong>a personalidade jur\u00eddica da sociedade foi desconsiderada<\/strong> para que os bens do seu s\u00f3cio Aaron&nbsp; pudessem arcar com as d\u00edvidas da sociedade e, assim, fazer com que os outros credores fossem ressarcidos.<\/p>\n\n\n\n<p>Em \u00faltima inst\u00e2ncia, a <em>House of Lords<\/em> apontou que o princ\u00edpio da autonomia da pessoa jur\u00eddica deveria prevalecer, de forma que Aaron ganhou a causa, contudo nasceu a teoria.<\/p>\n\n\n\n<p>Essa teoria afirma que, <strong>em determinados casos, a pessoa jur\u00eddica deve ser desconsiderada para que os bens dos s\u00f3cios respondam pelas obriga\u00e7\u00f5es<\/strong>. Ela n\u00e3o ataca a validade ou a exist\u00eancia da PJ, mas sim sua efic\u00e1cia em raz\u00e3o destes casos.<\/p>\n\n\n\n<h3 class=\"wp-block-heading\">Limita\u00e7\u00e3o de responsabilidade dos s\u00f3cios nas pessoas jur\u00eddicas<\/h3>\n\n\n\n<p>No direito brasileiro existe o princ\u00edpio da tipicidade das sociedades. Isso quer dizer que <strong>apenas podem existir as sociedades expressamente descritas em lei<\/strong>. Entre os tipos existentes est\u00e3o: sociedade simples, sociedade comandita simples, sociedade comandita por a\u00e7\u00f5es, sociedade em nome coletivo, sociedade limitada, sociedade an\u00f4nima.<\/p>\n\n\n\n<p>Ocorre que apenas na sociedade limitada e na sociedade an\u00f4nima todos os s\u00f3cios possuem responsabilidade limitada aos valores aportados na sociedade para integraliza\u00e7\u00e3o do capital social.<\/p>\n\n\n\n<p>Existe ainda a Empresa individual de responsabilidade limitada (Eireli) que \u00e9 uma pessoa jur\u00eddica de apenas um s\u00f3cio (na verdade, titular) que tamb\u00e9m limita a responsabilidade desta pessoa.<\/p>\n\n\n\n<p>Os outros tipos societ\u00e1rios n\u00e3o protegem todos os s\u00f3cios, sendo at\u00e9 poss\u00edvel limitar a responsabilidade de alguns dos s\u00f3cios e n\u00e3o limitar de outros dependendo do tipo societ\u00e1rio escolhido.<\/p>\n\n\n\n<p>O site da Junta Comercial de Minas Gerais apresenta uma lista de sociedades abertas por m\u00eas no ano de 2019. Nela, \u00e9 poss\u00edvel notar que at\u00e9 o m\u00eas de outubro foram constitu\u00eddas quase 20.000 sociedades limitadas, quase 10.000 Eirelis, pouco mais de 200 <a href=\"https:\/\/www.aurum.com.br\/blog\/lei-das-sa\/\">Sociedades An\u00f4nimas<\/a>, frente a quase 100 sociedades dos outros tipos societ\u00e1rios. Vale destacar que n\u00e3o foram encontradas estat\u00edsticas do Cart\u00f3rio de Registro de Pessoas Jur\u00eddicas com o mesmo fim.<\/p>\n\n\n\n<p>No entanto, percebe-se uma clara busca por empreendimentos que se limita a responsabilidade dos s\u00f3cios\/titulares.<\/p>\n\n\n\n<style>\n    #adpost-block_2fdf58dbd44139f5849ec37d9ec6d00e.anuncio-post-reverse {\n        display: flex;\n        gap: 24px;\n        border-radius: 8px;\n        width: 100%;\n        max-width: 752px;\n        padding: 40px;\n        background: #e7f4fe;\n        margin: 16px auto;\n    }\n\n    #adpost-block_2fdf58dbd44139f5849ec37d9ec6d00e .anuncio-container {\n        display: flex;\n        flex-direction: column;\n        gap: 24px;\n        width: 100%;\n        max-width: 333px;\n    }\n\n    #adpost-block_2fdf58dbd44139f5849ec37d9ec6d00e .anuncio-container .logo {\n        width: 100%;\n        max-width: 177px;\n        margin: 0;\n    }\n\n    #adpost-block_2fdf58dbd44139f5849ec37d9ec6d00e .anuncio-text-container {\n        display: flex;\n        flex-direction: column;\n        gap: 24px;\n    }\n\n    #adpost-block_2fdf58dbd44139f5849ec37d9ec6d00e .anuncio-text-container .title {\n        font-family: 'Ubuntu';\n        font-size: 1.5rem; \/\/24px\n        font-weight: 700;\n        line-height: 120%;\n        margin: 0;\n        color: #000;\n    }\n\n    #adpost-block_2fdf58dbd44139f5849ec37d9ec6d00e .anuncio-text-container .text {\n        font-size: 0.875rem;\n        font-weight: 400;\n        line-height: 170%;\n        color: #000;\n    }\n\n    #adpost-block_2fdf58dbd44139f5849ec37d9ec6d00e .anuncio-container .button {\n        display: inline-flex;\n        align-items: center;\n        justify-content: center;\n        width: fit-content;\n        height: 48px;\n        border-radius: 8px;\n        padding: 12px 24px;\n        font-size: 1rem;\n        font-weight: 600;\n        text-decoration: none;\n        background: #008fd5;\n        color: #fff;\n    }\n\n    #adpost-block_2fdf58dbd44139f5849ec37d9ec6d00e .image-container {\n        position: relative;\n        width: 100%;\n        height: 100%;\n    }\n\n    #adpost-block_2fdf58dbd44139f5849ec37d9ec6d00e .image-container.float {\n        min-height: 236px;\n    }\n\n    #adpost-block_2fdf58dbd44139f5849ec37d9ec6d00e .image-container .image-desktop {\n        width: 100%;\n        max-width: 323px;\n        object-fit: contain;\n        margin: 0;\n    }\n\n    #adpost-block_2fdf58dbd44139f5849ec37d9ec6d00e .image-container .image-mobile {\n        display: none;\n        width: 100%;\n        max-width: 291px;\n        object-fit: contain;\n        margin: 0;\n    }\n\n    #adpost-block_2fdf58dbd44139f5849ec37d9ec6d00e .image-container.float .image-desktop,\n    #adpost-block_2fdf58dbd44139f5849ec37d9ec6d00e .image-container.float .image-mobile {\n        position: absolute;\n        right: 0;\n        bottom: 0;\n    }\n\n    #adpost-block_2fdf58dbd44139f5849ec37d9ec6d00e .image-container img {\n        border-radius: 8px;\n    }\n\n    \/************\n    * MOBILE \n    *************\/\n    @media (max-width: 1439px) {\n        #adpost-block_2fdf58dbd44139f5849ec37d9ec6d00e.anuncio-post-reverse {\n            flex-direction: column-reverse;\n            max-width: fit-content;\n            padding: 24px;\n        }\n\n        #adpost-block_2fdf58dbd44139f5849ec37d9ec6d00e .anuncio-container {\n            max-width: 280px;\n            align-items: center;\n        }\n\n        #adpost-block_2fdf58dbd44139f5849ec37d9ec6d00e .anuncio-container .logo {\n            max-width: 147px;\n        }\n\n        #adpost-block_2fdf58dbd44139f5849ec37d9ec6d00e .anuncio-text-container {\n            gap: 8px;\n        }\n\n        #adpost-block_2fdf58dbd44139f5849ec37d9ec6d00e .anuncio-text-container .title {\n            font-size: 1.25rem;\n            text-align: center;\n        }\n\n        #adpost-block_2fdf58dbd44139f5849ec37d9ec6d00e .anuncio-text-container .text {\n            text-align: center;\n        }\n\n        #adpost-block_2fdf58dbd44139f5849ec37d9ec6d00e .anuncio-container .button {\n            width: 100%;\n        }\n\n        #adpost-block_2fdf58dbd44139f5849ec37d9ec6d00e .image-container.float {\n            min-height: 182px;\n        }\n\n        #adpost-block_2fdf58dbd44139f5849ec37d9ec6d00e .image-container .image-desktop {\n            display: none;\n        }\n\n        #adpost-block_2fdf58dbd44139f5849ec37d9ec6d00e .image-container .image-mobile {\n            display: block;\n        }\n    }\n\n    \/*******************\n    * RESET GLOBAL CSS \n    ********************\/\n    #s-post main article .content .image-container img {\n        margin: 0;\n    }\n<\/style>\n\n\n<article id=\"adpost-block_2fdf58dbd44139f5849ec37d9ec6d00e\" class=\"anuncio-post-reverse\">\n    <div class=\"anuncio-container\">\n        \n        <div class=\"anuncio-text-container\">\n             <h3 class=\"title\" >Seja protagonista da sua advocacia com o Astrea<\/h3>\n            <div class=\"text\" >Tenha tempo para focar no crescimento do seu escrit\u00f3rio, enquanto o Astrea cuida da sua gest\u00e3o jur\u00eddica com intelig\u00eancia.<\/div>        <\/div>\n       \n        <a class=\"button\" href=\"\/astrea\/?utm_source=blog&#038;utm_medium=adpost&#038;utm_campaign=campanha-marca-2026\" target=\"_self\">Conhe\u00e7a o Astrea<\/a>    <\/div>\n\n    <div class=\"image-container\">\n        <img decoding=\"async\" class=\"image-desktop\" src=\"https:\/\/www.aurum.com.br\/blog\/wp-content\/uploads\/2026\/03\/adpos-posicionamento-2026-desktop.png\" alt=\"\" \/>\n        <img decoding=\"async\" class=\"image-mobile\" src=\"https:\/\/www.aurum.com.br\/blog\/wp-content\/uploads\/2026\/03\/adpost-posicionamento-2026-mobile.png\" alt=\"\" \/>    <\/div>\n<\/article>\n\n\n<h2 class=\"wp-block-heading\" id=\"3\">Quais s\u00e3o as esp\u00e9cies de desconsidera\u00e7\u00e3o da personalidade jur\u00eddica?<\/h2>\n\n\n\n<p>Ao analisar a desconsidera\u00e7\u00e3o da personalidade jur\u00eddica, deve-se <strong>levar em considera\u00e7\u00e3o a exist\u00eancia ou n\u00e3o de culpa<\/strong>, o que faz gerar a exist\u00eancia de duas esp\u00e9cies: subjetiva ou objetiva.<\/p>\n\n\n\n<ul class=\"wp-block-list\">\n<li><strong>Esp\u00e9cie subjetiva<\/strong>: descreve a necessidade de se analisar a culpa dos s\u00f3cios antes de ocorrer a desconsidera\u00e7\u00e3o da personalidade jur\u00eddica;<\/li>\n\n\n\n<li><strong>Esp\u00e9cie objetiva<\/strong>: basta a ocorr\u00eancia de um determinado fato para ocorrer a desconsidera\u00e7\u00e3o da personalidade jur\u00eddica, independentemente de an\u00e1lise de culpa.<\/li>\n<\/ul>\n\n\n\n<h2 class=\"wp-block-heading\">Quais as teorias da desconsidera\u00e7\u00e3o da personalidade jur\u00eddica?<\/h2>\n\n\n\n<p>A doutrina classifica a teoria menor da desconsidera\u00e7\u00e3o da personalidade jur\u00eddica como objetiva, enquanto a teoria maior da desconsidera\u00e7\u00e3o da personalidade jur\u00eddica \u00e9 tida como subjetiva.<\/p>\n\n\n\n<p>O direito brasileiro utiliza tanto a teoria maior quanto a menor, <strong>sendo a regra geral a utiliza\u00e7\u00e3o da teoria maior (subjetiva)<\/strong>, e em alguns micro ordenamentos utiliza a teoria menor (objetiva).<\/p>\n\n\n\n<h3 class=\"wp-block-heading\">Teoria menor da desconsidera\u00e7\u00e3o da personalidade jur\u00eddica<\/h3>\n\n\n\n<p>O direito brasileiro adota a teoria menor da desconsidera\u00e7\u00e3o da personalidade jur\u00eddica para alguns micro ordenamentos, como a Lei de Prote\u00e7\u00e3o ao Meio Ambiente (<a href=\"https:\/\/www.aurum.com.br\/blog\/lei-dos-crimes-ambientais\/\">Lei 9.605\/98<\/a>), Lei Antitruste (<a href=\"https:\/\/www.aurum.com.br\/blog\/lei-12529\/\">Lei 12.529\/11<\/a>), o C\u00f3digo de Defesa do <a href=\"https:\/\/www.aurum.com.br\/blog\/direito-do-consumidor\/\">Consumidor<\/a> (<a href=\"https:\/\/www.planalto.gov.br\/ccivil_03\/leis\/l8078compilado.htm\" target=\"_blank\" rel=\"noopener\">Lei 8.078\/90<\/a>), dentre outros.<\/p>\n\n\n\n<p>Nessa teoria, \u00e9 preciso apenas <strong>efetuar prova de exist\u00eancia de determinados fatos e n\u00e3o de culpa do s\u00f3cio<\/strong> na ocorr\u00eancia dos mesmos.<\/p>\n\n\n\n<h3 class=\"wp-block-heading\">Teoria menor na Lei de Prote\u00e7\u00e3o ao Meio Ambiente<\/h3>\n\n\n\n<p>Veja, por exemplo, o que disp\u00f5e o art. 4\u00ba da Lei 9.605\/98:<\/p>\n\n\n\n<figure class=\"wp-block-pullquote classe bq-small\"><blockquote><p><strong>Art. 4\u00ba <\/strong>Poder\u00e1 ser desconsiderada a pessoa jur\u00eddica sempre que sua personalidade for obst\u00e1culo ao ressarcimento de preju\u00edzos causados \u00e0 qualidade do meio ambiente.\u201d<\/p><\/blockquote><\/figure>\n\n\n\n<p>Nesse caso, sempre que ocorrer um dano ao meio ambiente e a sociedade n\u00e3o tiver condi\u00e7\u00f5es suficientes para gerar seu ressarcimento, poder\u00e1 ocorrer a desconsidera\u00e7\u00e3o da personalidade jur\u00eddica para que os bens dos s\u00f3cios possam servir para quitar as obriga\u00e7\u00f5es criadas.<\/p>\n\n\n\n<p>\u00c9 importante mencionar que n\u00e3o consta na lei a an\u00e1lise da atua\u00e7\u00e3o dos s\u00f3cios (an\u00e1lise de culpa), mas t\u00e3o somente a exist\u00eancia de um fato (n\u00e3o quita\u00e7\u00e3o integral dos preju\u00edzos).<\/p>\n\n\n\n<h3 class=\"wp-block-heading\">Teoria menor na Lei Antiruste<\/h3>\n\n\n\n<p>Nesse mesmo sentido, a Lei 12.529\/11 assim disp\u00f5e no seu art. 34:<\/p>\n\n\n\n<figure class=\"wp-block-pullquote classe bq-small\"><blockquote><p><strong>Art. 34. <\/strong>A personalidade jur\u00eddica do respons\u00e1vel por infra\u00e7\u00e3o da ordem econ\u00f4mica poder\u00e1 ser desconsiderada quando houver da parte deste abuso de direito, excesso de poder, infra\u00e7\u00e3o da lei, fato ou ato il\u00edcito ou viola\u00e7\u00e3o dos estatutos ou <a href=\"https:\/\/www.aurum.com.br\/blog\/contrato-social\/\">contrato social<\/a>.<br>Par\u00e1grafo \u00fanico. A desconsidera\u00e7\u00e3o tamb\u00e9m ser\u00e1 efetivada quando houver fal\u00eancia, <strong>estado de insolv\u00eancia<\/strong>, encerramento ou inatividade da pessoa jur\u00eddica provocados por m\u00e1 administra\u00e7\u00e3o.<\/p><\/blockquote><\/figure>\n\n\n\n<p>Inicialmente, poder-se-ia pensar numa teoria maior, pois seria poss\u00edvel se analisar infra\u00e7\u00e3o de lei, viola\u00e7\u00e3o dos atos constitutivos, excesso de poder. Contudo, o par\u00e1grafo \u00fanico incluiu o estado de insolv\u00eancia como requisito.<\/p>\n\n\n\n<p>Isso quer dizer que, independentemente de culpa, caso a sociedade n\u00e3o arque com as obriga\u00e7\u00f5es decorrentes da lei, ent\u00e3o seus s\u00f3cios ser\u00e3o respons\u00e1veis.<\/p>\n\n\n\n<h3 class=\"wp-block-heading\">Teoria menor no C\u00f3digo de Defesa do Consumidor<\/h3>\n\n\n\n<p>A mesma situa\u00e7\u00e3o \u00e9 descrita na Lei 8.078\/90:<\/p>\n\n\n\n<figure class=\"wp-block-pullquote classe bq-small\"><blockquote><p><strong>Art. 28.<\/strong> O juiz poder\u00e1 desconsiderar a personalidade jur\u00eddica da sociedade quando, em detrimento do consumidor, houver abuso de direito, excesso de poder, infra\u00e7\u00e3o da lei, fato ou ato il\u00edcito ou viola\u00e7\u00e3o dos estatutos ou contrato social. A desconsidera\u00e7\u00e3o tamb\u00e9m ser\u00e1 efetivada quando houver fal\u00eancia, estado de insolv\u00eancia, encerramento ou inatividade da pessoa jur\u00eddica provocados por m\u00e1 administra\u00e7\u00e3o.<br>\u00a7 5\u00b0 Tamb\u00e9m poder\u00e1 ser desconsiderada a pessoa jur\u00eddica sempre que sua personalidade for, de alguma forma, obst\u00e1culo ao ressarcimento de preju\u00edzos causados aos consumidores.<\/p><\/blockquote><\/figure>\n\n\n\n<p>\u00c9 poss\u00edvel verificar, pelo descrito na primeira frase do art. 28, que apenas poderia ser desconsiderada atrav\u00e9s de an\u00e1lise de culpa de ato do fornecedor.<\/p>\n\n\n\n<p>No entanto, a segunda frase do <em>caput<\/em> volta a destacar o estado de insolv\u00eancia do fornecedor, o que faz com que o par\u00e1grafo quinto se torne at\u00e9 mesmo desnecess\u00e1rio, pois sempre que a sociedade n\u00e3o pagar ao consumidor uma obriga\u00e7\u00e3o decorrente de uma <a href=\"https:\/\/www.aurum.com.br\/blog\/relacao-de-consumo\/\">rela\u00e7\u00e3o de consumo<\/a> poder\u00e1 ocorrer a desconsidera\u00e7\u00e3o da personalidade jur\u00eddica para atacar os bens dos s\u00f3cios.<\/p>\n\n\n\n<h3 class=\"wp-block-heading\">Teoria maior da desconsidera\u00e7\u00e3o da personalidade jur\u00eddica<\/h3>\n\n\n\n<p>A teoria maior da desconsidera\u00e7\u00e3o da personalidade jur\u00eddica \u00e9 a regra geral para os micro ordenamentos que n\u00e3o possuem disposi\u00e7\u00e3o espec\u00edfica, e <strong>seus regramentos constam no artigo 50 do C\u00f3digo Civil<\/strong>.<\/p>\n\n\n\n<p>At\u00e9 a <a href=\"https:\/\/www.aurum.com.br\/blog\/lei-da-liberdade-economica\/\">Lei da Liberdade Econ\u00f4mica<\/a> (Lei 13.874\/2019), o art. 50 assim dispunha:<\/p>\n\n\n\n<figure class=\"wp-block-pullquote classe bq-small\"><blockquote><p><strong>Art. 50.<\/strong> Em caso de abuso da personalidade jur\u00eddica, caracterizado pelo desvio de finalidade, ou pela confus\u00e3o patrimonial, pode o juiz decidir, a requerimento da parte, ou do Minist\u00e9rio P\u00fablico quando lhe couber intervir no processo, que os efeitos de certas e determinadas rela\u00e7\u00f5es de obriga\u00e7\u00f5es sejam estendidos aos bens particulares dos administradores ou s\u00f3cios da pessoa jur\u00eddica.\u201d<\/p><\/blockquote><\/figure>\n\n\n\n<p>Verifica-se que apenas era poss\u00edvel a desconsidera\u00e7\u00e3o da personalidade jur\u00eddica <strong>quando ocorresse abuso da personalidade jur\u00eddica<\/strong>, que era caracterizada pelo desvio da finalidade ou pela confus\u00e3o patrimonial.<\/p>\n\n\n\n<p>Existia uma diverg\u00eancia em rela\u00e7\u00e3o ao que seria considerado abuso, o que seria desvio de finalidade e a confus\u00e3o patrimonial, gerando decis\u00f5es das mais divergentes sobre a aplica\u00e7\u00e3o ou n\u00e3o da desconsidera\u00e7\u00e3o da personalidade jur\u00eddica.<\/p>\n\n\n\n<p>Isso gerava inseguran\u00e7a jur\u00eddica, e, por consequ\u00eancia, receio de empreendedores empreender.<\/p>\n\n\n\n<h4 class=\"wp-block-heading\">Mudan\u00e7as no Art. 50 do CC ap\u00f3s a Lei da Liberdade Econ\u00f4mica<\/h4>\n\n\n\n<p>A Lei da Liberdade Econ\u00f4mica, que, inclusive, alterou o C\u00f3digo Civil, trouxe algumas inova\u00e7\u00f5es. Veja como ficou o \u201cnovo\u201d artigo 50:<\/p>\n\n\n\n<figure class=\"wp-block-pullquote classe bq-small\"><blockquote><p><strong>Art. 50.&nbsp;<\/strong> Em caso de abuso da personalidade jur\u00eddica, caracterizado pelo desvio de finalidade ou pela confus\u00e3o patrimonial, pode o juiz, a requerimento da parte, ou do Minist\u00e9rio P\u00fablico quando lhe couber intervir no processo, desconsider\u00e1-la para que os efeitos de certas e determinadas rela\u00e7\u00f5es de obriga\u00e7\u00f5es sejam estendidos aos bens particulares de administradores ou de s\u00f3cios da pessoa jur\u00eddica beneficiados direta ou indiretamente pelo abuso.<br>\u00a7 1\u00ba Para os fins do disposto neste artigo, desvio de finalidade \u00e9 a utiliza\u00e7\u00e3o da pessoa jur\u00eddica com o prop\u00f3sito de lesar credores e para a pr\u00e1tica de atos il\u00edcitos de qualquer natureza. <br>\u00a7 2\u00ba Entende-se por confus\u00e3o patrimonial a aus\u00eancia de separa\u00e7\u00e3o de fato entre os patrim\u00f4nios, caracterizada por: <br>I &#8211; cumprimento repetitivo pela sociedade de obriga\u00e7\u00f5es do s\u00f3cio ou do administrador ou vice-versa;<br>II &#8211; transfer\u00eancia de ativos ou de passivos sem efetivas contrapresta\u00e7\u00f5es, exceto os de valor proporcionalmente insignificante; e <br>III &#8211; outros atos de descumprimento da autonomia patrimonial. <br>\u00a7 3\u00ba O disposto no caput e nos \u00a7\u00a7 1\u00ba e 2\u00ba deste artigo tamb\u00e9m se aplica \u00e0 extens\u00e3o das obriga\u00e7\u00f5es de s\u00f3cios ou de administradores \u00e0 pessoa jur\u00eddica. <br>\u00a7 4\u00ba A mera exist\u00eancia de grupo econ\u00f4mico sem a presen\u00e7a dos requisitos de que trata o caput deste artigo n\u00e3o autoriza a desconsidera\u00e7\u00e3o da personalidade da pessoa jur\u00eddica.<br>\u00a7 5\u00ba N\u00e3o constitui desvio de finalidade a mera expans\u00e3o ou a altera\u00e7\u00e3o da finalidade original da atividade econ\u00f4mica espec\u00edfica da pessoa jur\u00eddica.<\/p><\/blockquote><\/figure>\n\n\n\n<p>Percebe-se com clareza que a modifica\u00e7\u00e3o no artigo 50 do C\u00f3digo Civil foi ben\u00e9fica ao apresentar conceitos legais do que seria desvio de finalidade (constante no par\u00e1grafo primeiro) e o que n\u00e3o seria desvio de finalidade (par\u00e1grafo quinto), quando ocorre a confus\u00e3o patrimonial (par\u00e1grafo segundo)<\/p>\n\n\n\n<h4 class=\"wp-block-heading\">Outras mudan\u00e7as<\/h4>\n\n\n\n<p>Esta n\u00e3o foi a \u00fanica repercuss\u00e3o da desconsidera\u00e7\u00e3o da personalidade jur\u00eddica constante na MP da Liberdade Econ\u00f4mica convertida em lei.<\/p>\n\n\n\n<p>Verifica-se que foi inserido o par\u00e1grafo 7\u00ba no art. 980-A, que limitou a interpreta\u00e7\u00e3o de possibilidade de atingir o patrim\u00f4nio do titular da Eireli para os casos de fraude. Confira como ficou:<\/p>\n\n\n\n<blockquote class=\"wp-block-quote is-layout-flow wp-block-quote-is-layout-flow\">\n<p><em>\u00a77\u00ba Somente o patrim\u00f4nio social da empresa responder\u00e1 pelas d\u00edvidas da empresa individual de responsabilidade limitada, hip\u00f3tese em que n\u00e3o se confundir\u00e1, em qualquer situa\u00e7\u00e3o, com o patrim\u00f4nio do titular que a constitui, ressalvados os casos de fraude.\u201d<\/em><\/p>\n<\/blockquote>\n\n\n\n<p>Esta diferencia\u00e7\u00e3o decorre da possibilidade de a Sociedade Limitada agora ter apenas um s\u00f3cio, nos termos dos par\u00e1grafos do art. 1.052:<\/p>\n\n\n\n<figure class=\"wp-block-pullquote classe bq-small\"><blockquote><p><strong>Art. 1.052. <\/strong>Na sociedade limitada, a responsabilidade de cada s\u00f3cio \u00e9 restrita ao valor de suas quotas, mas todos respondem solidariamente pela integraliza\u00e7\u00e3o do capital social.<br>\u00a7 1\u00ba A sociedade limitada pode ser constitu\u00edda por 1 (uma) ou mais pessoas.<br>\u00a7 2\u00ba Se for unipessoal, aplicar-se-\u00e3o ao documento de constitui\u00e7\u00e3o do s\u00f3cio \u00fanico, no que couber, as disposi\u00e7\u00f5es sobre o contrato social.<\/p><\/blockquote><\/figure>\n\n\n\n<p>Assim, ocorreu uma diferencia\u00e7\u00e3o de maior prote\u00e7\u00e3o de quem prefere criar uma Eireli ao inv\u00e9s de uma Sociedade Limitada individual.<\/p>\n\n\n\n<h2 class=\"wp-block-heading\" id=\"5\">Como \u00e9 a desconsidera\u00e7\u00e3o da personalidade jur\u00eddica no Novo CPC?<\/h2>\n\n\n\n<p>Esta situa\u00e7\u00e3o tamb\u00e9m \u00e9 razoavelmente nova no <a href=\"https:\/\/www.aurum.com.br\/blog\/ordenamento-juridico\/\">ordenamento jur\u00eddico<\/a> brasileiro, uma vez que o <a href=\"https:\/\/www.aurum.com.br\/blog\/novo-codigo-de-processo-civil\/\">novo C\u00f3digo de Processo Civil<\/a>, de 2015, previu expressamente como seria o procedimento de desconsidera\u00e7\u00e3o da personalidade jur\u00eddica nos seus artigos 133 a 137.<\/p>\n\n\n\n<p>O incidente de desconsidera\u00e7\u00e3o da personalidade jur\u00eddica <strong>apenas ser\u00e1 instaurado a pedido da parte ou do Minist\u00e9rio P\u00fablico<\/strong>, se este atuar intervindo no processo. Este \u00e9 um ponto importante, porque a desconsidera\u00e7\u00e3o da personalidade jur\u00eddica n\u00e3o pode ser realizada de of\u00edcio pelo Magistrado.<\/p>\n\n\n\n<p>Dever\u00e1 ser feito um incidente processual. Isso quer dizer que dever\u00e1 ser criado um novo processo apenas para se analisar se a personalidade jur\u00eddica dever\u00e1 ou n\u00e3o ser desconsiderada no processo principal, independentemente da fase que este se encontra (fase de conhecimento, cumprimento de senten\u00e7a ou em execu\u00e7\u00e3o de t\u00edtulo extrajudicial). Nesta ocasi\u00e3o o processo principal ficar\u00e1 suspenso at\u00e9 o julgamento final do incidente.<\/p>\n\n\n\n<p>Vale ressaltar que n\u00e3o precisa ser criado um incidente se o pedido de desconsidera\u00e7\u00e3o da personalidade jur\u00eddica for feito juntamente da <a href=\"https:\/\/www.aurum.com.br\/blog\/peticao-inicial\/\">peti\u00e7\u00e3o inicial<\/a> do processo principal.<\/p>\n\n\n\n<p>Na peti\u00e7\u00e3o inicial, deve constar as raz\u00f5es de fato e de direito que justifiquem a desconsidera\u00e7\u00e3o da personalidade jur\u00eddica. O s\u00f3cio ser\u00e1 citado e ter\u00e1 o prazo de 15 (quinze) dias \u00fateis para se manifestar sobre o incidente, bem como as provas que pretende produzir.<\/p>\n\n\n\n<p>Conclu\u00edda a fase de debates e de provas, ser\u00e1 proferida decis\u00e3o (interlocut\u00f3ria) decidindo pela desconsidera\u00e7\u00e3o ou n\u00e3o da personalidade jur\u00eddica.<\/p>\n\n\n\n<h2 class=\"wp-block-heading\">Em quais situa\u00e7\u00f5es a desconsidera\u00e7\u00e3o da personalidade jur\u00eddica pode ocorrer?<\/h2>\n\n\n\n<p>A desconsidera\u00e7\u00e3o da personalidade jur\u00eddica pode ocorrer em diversas situa\u00e7\u00f5es, principalmente quando h\u00e1 abuso da personalidade jur\u00eddica, caracterizado por<strong> atos de fraude, abuso de direito, ou confus\u00e3o patrimonial. <\/strong>Algumas das situa\u00e7\u00f5es mais comuns s\u00e3o:<\/p>\n\n\n\n<p><strong>Fraude Contra Credores<\/strong>: Quando a empresa \u00e9 utilizada para prejudicar credores, escondendo patrim\u00f4nio que deveria ser usado para saldar d\u00edvidas.<\/p>\n\n\n\n<p><strong>Abuso de Direito<\/strong>: Ocorre quando os s\u00f3cios ou administradores agem de forma ilegal ou com m\u00e1-f\u00e9, usando a empresa para fins pessoais ou para escapar de obriga\u00e7\u00f5es legais.<\/p>\n\n\n\n<p><strong>Confus\u00e3o Patrimonial<\/strong>: Quando n\u00e3o h\u00e1 clara separa\u00e7\u00e3o entre os bens da empresa e os bens pessoais dos s\u00f3cios ou administradores, facilitando a pr\u00e1tica de irregularidades.<\/p>\n\n\n\n<p><strong>Desvio de Finalidade<\/strong>: Quando a empresa \u00e9 utilizada para fins diferentes daqueles para os quais foi criada, especialmente se esses fins s\u00e3o ilegais ou prejudiciais a terceiros.<\/p>\n\n\n\n<p><strong>Insolv\u00eancia da Empresa<\/strong>: Em casos onde a empresa se torna insolvente devido \u00e0 m\u00e1 gest\u00e3o ou desvio de recursos por parte dos s\u00f3cios ou administradores.<\/p>\n\n\n\n<style>\n    #adpost-block_2fdf58dbd44139f5849ec37d9ec6d00e.anuncio-post-reverse {\n        display: flex;\n        gap: 24px;\n        border-radius: 8px;\n        width: 100%;\n        max-width: 752px;\n        padding: 40px;\n        background: #e7f4fe;\n        margin: 16px auto;\n    }\n\n    #adpost-block_2fdf58dbd44139f5849ec37d9ec6d00e .anuncio-container {\n        display: flex;\n        flex-direction: column;\n        gap: 24px;\n        width: 100%;\n        max-width: 333px;\n    }\n\n    #adpost-block_2fdf58dbd44139f5849ec37d9ec6d00e .anuncio-container .logo {\n        width: 100%;\n        max-width: 177px;\n        margin: 0;\n    }\n\n    #adpost-block_2fdf58dbd44139f5849ec37d9ec6d00e .anuncio-text-container {\n        display: flex;\n        flex-direction: column;\n        gap: 24px;\n    }\n\n    #adpost-block_2fdf58dbd44139f5849ec37d9ec6d00e .anuncio-text-container .title {\n        font-family: 'Ubuntu';\n        font-size: 1.5rem; \/\/24px\n        font-weight: 700;\n        line-height: 120%;\n        margin: 0;\n        color: #000;\n    }\n\n    #adpost-block_2fdf58dbd44139f5849ec37d9ec6d00e .anuncio-text-container .text {\n        font-size: 0.875rem;\n        font-weight: 400;\n        line-height: 170%;\n        color: #000;\n    }\n\n    #adpost-block_2fdf58dbd44139f5849ec37d9ec6d00e .anuncio-container .button {\n        display: inline-flex;\n        align-items: center;\n        justify-content: center;\n        width: fit-content;\n        height: 48px;\n        border-radius: 8px;\n        padding: 12px 24px;\n        font-size: 1rem;\n        font-weight: 600;\n        text-decoration: none;\n        background: #008fd5;\n        color: #fff;\n    }\n\n    #adpost-block_2fdf58dbd44139f5849ec37d9ec6d00e .image-container {\n        position: relative;\n        width: 100%;\n        height: 100%;\n    }\n\n    #adpost-block_2fdf58dbd44139f5849ec37d9ec6d00e .image-container.float {\n        min-height: 236px;\n    }\n\n    #adpost-block_2fdf58dbd44139f5849ec37d9ec6d00e .image-container .image-desktop {\n        width: 100%;\n        max-width: 323px;\n        object-fit: contain;\n        margin: 0;\n    }\n\n    #adpost-block_2fdf58dbd44139f5849ec37d9ec6d00e .image-container .image-mobile {\n        display: none;\n        width: 100%;\n        max-width: 291px;\n        object-fit: contain;\n        margin: 0;\n    }\n\n    #adpost-block_2fdf58dbd44139f5849ec37d9ec6d00e .image-container.float .image-desktop,\n    #adpost-block_2fdf58dbd44139f5849ec37d9ec6d00e .image-container.float .image-mobile {\n        position: absolute;\n        right: 0;\n        bottom: 0;\n    }\n\n    #adpost-block_2fdf58dbd44139f5849ec37d9ec6d00e .image-container img {\n        border-radius: 8px;\n    }\n\n    \/************\n    * MOBILE \n    *************\/\n    @media (max-width: 1439px) {\n        #adpost-block_2fdf58dbd44139f5849ec37d9ec6d00e.anuncio-post-reverse {\n            flex-direction: column-reverse;\n            max-width: fit-content;\n            padding: 24px;\n        }\n\n        #adpost-block_2fdf58dbd44139f5849ec37d9ec6d00e .anuncio-container {\n            max-width: 280px;\n            align-items: center;\n        }\n\n        #adpost-block_2fdf58dbd44139f5849ec37d9ec6d00e .anuncio-container .logo {\n            max-width: 147px;\n        }\n\n        #adpost-block_2fdf58dbd44139f5849ec37d9ec6d00e .anuncio-text-container {\n            gap: 8px;\n        }\n\n        #adpost-block_2fdf58dbd44139f5849ec37d9ec6d00e .anuncio-text-container .title {\n            font-size: 1.25rem;\n            text-align: center;\n        }\n\n        #adpost-block_2fdf58dbd44139f5849ec37d9ec6d00e .anuncio-text-container .text {\n            text-align: center;\n        }\n\n        #adpost-block_2fdf58dbd44139f5849ec37d9ec6d00e .anuncio-container .button {\n            width: 100%;\n        }\n\n        #adpost-block_2fdf58dbd44139f5849ec37d9ec6d00e .image-container.float {\n            min-height: 182px;\n        }\n\n        #adpost-block_2fdf58dbd44139f5849ec37d9ec6d00e .image-container .image-desktop {\n            display: none;\n        }\n\n        #adpost-block_2fdf58dbd44139f5849ec37d9ec6d00e .image-container .image-mobile {\n            display: block;\n        }\n    }\n\n    \/*******************\n    * RESET GLOBAL CSS \n    ********************\/\n    #s-post main article .content .image-container img {\n        margin: 0;\n    }\n<\/style>\n\n\n<article id=\"adpost-block_2fdf58dbd44139f5849ec37d9ec6d00e\" class=\"anuncio-post-reverse\">\n    <div class=\"anuncio-container\">\n        \n        <div class=\"anuncio-text-container\">\n             <h3 class=\"title\" >Seja protagonista da sua advocacia com o Astrea<\/h3>\n            <div class=\"text\" >Tenha tempo para focar no crescimento do seu escrit\u00f3rio, enquanto o Astrea cuida da sua gest\u00e3o jur\u00eddica com intelig\u00eancia.<\/div>        <\/div>\n       \n        <a class=\"button\" href=\"\/astrea\/?utm_source=blog&#038;utm_medium=adpost&#038;utm_campaign=campanha-marca-2026\" target=\"_self\">Conhe\u00e7a o Astrea<\/a>    <\/div>\n\n    <div class=\"image-container\">\n        <img decoding=\"async\" class=\"image-desktop\" src=\"https:\/\/www.aurum.com.br\/blog\/wp-content\/uploads\/2026\/03\/adpos-posicionamento-2026-desktop.png\" alt=\"\" \/>\n        <img decoding=\"async\" class=\"image-mobile\" src=\"https:\/\/www.aurum.com.br\/blog\/wp-content\/uploads\/2026\/03\/adpost-posicionamento-2026-mobile.png\" alt=\"\" \/>    <\/div>\n<\/article>\n\n\n<h2 class=\"wp-block-heading\">Perguntas frequentes sobre o tema<\/h2>\n\n\n\n<h3 class=\"wp-block-heading\">O que \u00e9 desconsidera\u00e7\u00e3o da personalidade jur\u00eddica?<\/h3>\n\n\n\n<p>A desconsidera\u00e7\u00e3o da personalidade jur\u00eddica ocorre <strong>quando s\u00f3cios ou administradores s\u00e3o responsabilizados por a\u00e7\u00f5es da empresa, mesmo sendo uma pessoa jur\u00eddica separada. <\/strong><\/p>\n\n\n\n<h3 class=\"wp-block-heading\">Quando ocorre a desconsidera\u00e7\u00e3o da personalidade jur\u00eddica?<\/h3>\n\n\n\n<p>A desconsidera\u00e7\u00e3o da personalidade jur\u00eddica <strong>acontece em casos de abuso, fraude ou desvio de finalidade, visando proteger credores e cumprir obriga\u00e7\u00f5es legais.<\/strong><\/p>\n\n\n\n<h3 class=\"wp-block-heading\">Quais os requisitos da desconsidera\u00e7\u00e3o da personalidade jur\u00eddica?<\/h3>\n\n\n\n<p>Para a desconsidera\u00e7\u00e3o da personalidade jur\u00eddica,<strong> \u00e9 necess\u00e1rio comprovar ind\u00edcios de abuso, fraude ou desvio de finalidade. <\/strong><\/p>\n\n\n\n<p>Tamb\u00e9m \u00e9 preciso demonstrar a insufici\u00eancia patrimonial da empresa para cumprir suas obriga\u00e7\u00f5es. Al\u00e9m disso, a decis\u00e3o deve ser fundamentada e respeitar o contradit\u00f3rio e a ampla defesa dos envolvidos.<\/p>\n\n\n\n<h3 class=\"wp-block-heading\">Como fazer a desconsidera\u00e7\u00e3o da personalidade jur\u00eddica?<\/h3>\n\n\n\n<p>A desconsidera\u00e7\u00e3o da personalidade jur\u00eddica<strong> \u00e9 feita por meio de a\u00e7\u00e3o judicial<\/strong>, apresentando provas de abuso, fraude ou desvio de finalidade. Requer-se a desconsidera\u00e7\u00e3o, com argumentos e fundamentos, ao juiz respons\u00e1vel.<\/p>\n\n\n\n<h3 class=\"wp-block-heading\">Quais as consequ\u00eancias da desconsidera\u00e7\u00e3o da personalidade jur\u00eddica?<\/h3>\n\n\n\n<p>As consequ\u00eancias da desconsidera\u00e7\u00e3o da personalidade jur\u00eddic<strong>a incluem a responsabiliza\u00e7\u00e3o dos s\u00f3cios ou administradores pelas obriga\u00e7\u00f5es da empresa<\/strong>, podendo atingir seu patrim\u00f4nio pessoal. Isso permite que credores busquem o pagamento de d\u00edvidas diretamente dos envolvidos na gest\u00e3o da empresa.<\/p>\n\n\n\n<h2 class=\"wp-block-heading\">Conclus\u00e3o&nbsp;<\/h2>\n\n\n\n<p>As pessoas jur\u00eddicas s\u00e3o extremamente importantes para que as pessoas empreendedoras possam circular riquezas. No entanto, essas pessoas n\u00e3o podem utilizar a m\u00e1scara jur\u00eddica das sociedades para fraudar e gerar preju\u00edzos a terceiros.<\/p>\n\n\n\n<p>Por esta raz\u00e3o, \u00e9 importante a exist\u00eancia das sociedades com responsabilidade limitada dos s\u00f3cios, bem como uma forma de punir aquelas pessoas que utilizam de forma indevida as pessoas jur\u00eddicas.<\/p>\n\n\n\n<figure class=\"wp-block-embed is-type-video is-provider-youtube wp-block-embed-youtube wp-embed-aspect-16-9 wp-has-aspect-ratio\"><div class=\"wp-block-embed__wrapper\">\n<iframe title=\"AGU Explica \u2013 Desconsidera\u00e7\u00e3o da Personalidade Jur\u00eddica\" width=\"500\" height=\"281\" src=\"https:\/\/www.youtube.com\/embed\/L5M3mlxphXo?feature=oembed\" frameborder=\"0\" allow=\"accelerometer; autoplay; clipboard-write; encrypted-media; gyroscope; picture-in-picture; web-share\" referrerpolicy=\"strict-origin-when-cross-origin\" allowfullscreen><\/iframe>\n<\/div><\/figure>\n\n\n\n<h3 class=\"wp-block-heading\">Mais conhecimento para voc\u00ea<\/h3>\n\n\n\n<ul class=\"wp-block-list\">\n<li><a href=\"https:\/\/www.aurum.com.br\/blog\/lei-9504-97\/\">Guia comentado da Lei das Elei\u00e7\u00f5es (9504\/97) <\/a><\/li>\n\n\n\n<li><a href=\"https:\/\/www.aurum.com.br\/blog\/lei-pele\/\">Lei Pel\u00e9: principais artigos, aspectos e implica\u00e7\u00f5es jur\u00eddicas<\/a><\/li>\n\n\n\n<li><a href=\"https:\/\/www.aurum.com.br\/blog\/sustentacao-oral\/\" data-type=\"URL\" data-id=\"https:\/\/www.aurum.com.br\/blog\/sustentacao-oral\/\">Dicas para se preparar para uma sustenta\u00e7\u00e3o oral<\/a><\/li>\n\n\n\n<li><a href=\"https:\/\/www.aurum.com.br\/blog\/partilha-de-bens\/\">Partilha de bens: entenda o que \u00e9 e como funciona<\/a><\/li>\n\n\n\n<li><a href=\"https:\/\/www.aurum.com.br\/blog\/sociedade-empresaria-limitada\/\">&nbsp;O que \u00e9 e como funciona a sociedade empres\u00e1ria limitada?<\/a><\/li>\n\n\n\n<li><a href=\"https:\/\/www.aurum.com.br\/blog\/despejo-liminar\/\">Despejo liminar: como funciona e quando \u00e9 cab\u00edvel<\/a><\/li>\n\n\n\n<li><a href=\"https:\/\/www.aurum.com.br\/blog\/excecao-de-incompetencia\/\">Entenda o que \u00e9 e quando alegar exce\u00e7\u00e3o de incompet\u00eancia [+Modelo]<\/a><\/li>\n\n\n\n<li><a href=\"https:\/\/www.aurum.com.br\/blog\/revisao-de-beneficio-previdenciario\/\">Revis\u00e3o de Benef\u00edcio Previdenci\u00e1rio: descubra se vale a pena pedir!<\/a><\/li>\n<\/ul>\n\n\n<style>\r\n  .news-post {\r\n    background: url('https:\/\/www.aurum.com.br\/blog\/wp-content\/themes\/aurum\/img\/bg-news-artigo.svg') no-repeat top center #3C48AA;\r\n    padding: 1.5rem;\r\n    border-radius: 6px;\r\n    margin: 1rem 0;\r\n  }\r\n  .news-post .icone {\r\n    display: none;\r\n  }\r\n  .news-post .title {\r\n    font-weight: 700;\r\n    font-size: 16px;\r\n    line-height: 130%;\r\n    text-align: center;\r\n    letter-spacing: -0.5px;\r\n    color: #fff;\r\n    margin-bottom: .9375rem;\r\n  }\r\n  .news-post p {\r\n    font-size: .875rem;\r\n    line-height: 140%;\r\n    text-align: center;\r\n    color: #fff;\r\n    margin-bottom: 1.25rem;\r\n  }\r\n  .news-post .news_button_span {\r\n    font-size: .8125rem;\r\n    display: block;\r\n    padding: .125rem .3125rem;\r\n    color: #fff;\r\n    text-align:left;\r\n  }\r\n  .news-post .news_button_span a {\r\n    color: #fff !important;\r\n    text-decoration: underline;\r\n  }\r\n  .news-post form {\r\n    width: 100%;\r\n  }\r\n  .news-post label {\r\n    font-weight: 600;\r\n    font-size: .9375rem;\r\n    line-height: 1.5rem;\r\n    margin-bottom: .5rem;\r\n    color: #fff;\r\n    display: block;\r\n  }\r\n  .news-post input {\r\n    background: #fff;\r\n    border: 1px solid #CBCBD9;\r\n    box-sizing: border-box;\r\n    border-radius: 4px;\r\n    padding: .75rem 1rem;\r\n    width: 100%;\r\n  }\r\n  .news-post button {\r\n    margin-top: .875rem;\r\n    width: 100%;\r\n    min-width: auto;\r\n    background: #FCC632;\r\n    color: #3C48AA;\r\n  }\r\n  .news-post .input {\r\n    position: relative;\r\n    padding-bottom: 10px;\r\n  }\r\n  .news-post .error-message-ad {\r\n    font-size: .875rem;\r\n    line-height: 130%;\r\n    color: #D50021;\r\n    margin-left: 4px;\r\n  }\r\n  .news-post .error {\r\n    border: 1px solid #D50021;\r\n  }\r\n  .news-post #message-form-ad {\r\n    border-radius: 4px;\r\n    padding: 0.7rem;\r\n    font-size:0.8rem;\r\n    text-align: center;\r\n    align-items: center;\r\n    justify-content: center;\r\n    display: none;\r\n  }\r\n  .news-post #message-form-ad svg {\r\n    margin-right: 8px;\r\n  }\r\n\r\n  @media(min-width: 561px) {\r\n    .news-post {\r\n      position: relative;\r\n      background: url('https:\/\/www.aurum.com.br\/blog\/wp-content\/themes\/aurum\/img\/bg-news-artigo.svg') no-repeat top center #3C48AA;\r\n      width: calc(100% - 30px);\r\n    }\r\n    .news-post .icone {\r\n      display: block;\r\n      position: absolute;\r\n      right: -30px;\r\n      top: 65px;\r\n      max-width: 142px;\r\n      width: 100%;\r\n      height: auto;\r\n      margin: 0;\r\n    }\r\n    .news-post .title {\r\n      font-size: 1.125rem;\r\n      text-align: left;\r\n      \/* padding-right: 3.75rem; *\/\r\n    }\r\n    .news-post p {\r\n      font-size: 1rem;\r\n      text-align: left;\r\n      max-width: 400px;\r\n    }\r\n    .news-post .boxes {\r\n      display: flex;\r\n      align-items: flex-start;\r\n    }\r\n    .news-post button {\r\n      margin: 0 0 0 1rem;\r\n      width: 100%;\r\n      max-width: 170px;\r\n      min-width: auto;\r\n      transition: all ease .3s\r\n    }\r\n    .news-post button:hover {\r\n      opacity: 0.9;\r\n      transition: all ease .3s\r\n    }\r\n    .news-post #message-form-ad {\r\n      padding: 1.125rem;\r\n      font-size:1rem;\r\n    }\r\n    .news-post #message-form-ad svg {\r\n      margin-right: 10px;\r\n    }\r\n  }\r\n<\/style>\r\n\r\n<div class=\"news-post\">\r\n  <div class=\"title news-ad-title\">Gostou do artigo e quer evoluir a sua advocacia?<\/div>\r\n  <p class=\"news-ad-subtitle\">Assine gr\u00e1tis a Aurum News e receba uma dose semanal de conte\u00fado no seu e-mail! \u270c\ufe0f<\/p>\r\n  <img decoding=\"async\" src=\"https:\/\/www.aurum.com.br\/blog\/wp-content\/themes\/aurum\/img\/icon-news-artigo.svg\" alt=\"\" class=\"icone\">\r\n\r\n  <form method=\"post\" name=\"newsletter-ad\" id=\"aurum-newsletter-ad\">\r\n    <div class=boxes>\r\n      <div class=\"input\">\r\n        <label class=\"label-email\" htmlFor=\"email-ad\">Qual seu e-mail?<\/label>\r\n        <input type=\"email\" id=\"email-ad\" name=\"newsletter-mail-ad\" placeholder=\"Digite seu e-mail?\">\r\n        <div class=\"error-message-ad-email\">Endere\u00e7o de e-mail inv\u00e1lido ou incorreto<\/div>\r\n\r\n        <label class=\"label-select\" htmlFor=\"lawsuits-select-ad\">\r\n          Quantos processos voc\u00ea ou<br class=\"for-desktop\"\/> seu escrit\u00f3rio acompanham?\r\n        <\/label>\r\n        <div id=\"lawsuits-select-ad\" class=\"lawsuits-select select-wrapper\" tabindex=\"0\">\r\n          <div class=\"s-dropdown--styled\">\r\n          <span class=\"lawsuits-default\">\r\n            <span id=\"lawsuits-newsletter-ad\" class=\"lawsuits-default-text\" data-value=\"\">Selecione os processos<\/span>\r\n            <svg class=\"chevron\" xmlns=\"http:\/\/www.w3.org\/2000\/svg\" width=\"24\" height=\"25\" viewBox=\"0 0 24 25\" fill=\"none\">\r\n              <path d=\"M6 15.6152L12 9.61523L18 15.6152\" stroke=\"black\" stroke-width=\"2\" stroke-linecap=\"round\" stroke-linejoin=\"round\" \/>\r\n            <\/svg>\r\n          <\/span>\r\n\r\n          <ul class=\"s-dropdown u-hide\">\r\n            <li class=\"lawsuits\" data-value=\"Mais de 1000 processos\">Mais de 1000 processos<\/li>\r\n            <li class=\"lawsuits\" data-value=\"De 501 a 1000 processos\">De 501 a 1000 processos<\/li>\r\n            <li class=\"lawsuits\" data-value=\"De 151 a 500 processos\">De 151 a 500 processos<\/li>\r\n            <li class=\"lawsuits\" data-value=\"De 41 a 150 processos\">De 41 a 150 processos<\/li>\r\n            <li class=\"lawsuits\" data-value=\"At\u00e9 40 processos\">At\u00e9 40 processos<\/li>\r\n            <li class=\"lawsuits\" data-value=\"Atuo apenas no consultivo\">Atuo apenas no consultivo<\/li>\r\n            <li class=\"lawsuits\" data-value=\"Ainda sou estudante de direito\">Ainda sou estudante de direito<\/li>\r\n            <li class=\"lawsuits\" data-value=\"N\u00e3o sou da \u00e1rea jur\u00eddica\">N\u00e3o sou da \u00e1rea jur\u00eddica<\/li>\r\n          <\/ul>\r\n          <\/div>\r\n        <\/div>\r\n        <div class=\"error-message-ad-lawsuits\">Selecione algum processo<\/div>\r\n      <\/div>\r\n      <button class=\"btn btn-yellow ad-btn-desktop\" id=\"aurum-submit-ad\">Assinar gr\u00e1tis<\/button>\r\n      <button class=\"btn btn-yellow ad-btn-mobile\" id=\"aurum-submit-ad\">Assinar<\/button>\r\n    <\/div>\r\n    <span class=\"news_button_span\">Ao se cadastrar voc\u00ea declara que leu e aceitou a pol\u00edtica de privacidade e cookies do <a href=\"https:\/\/s3.sa-east-1.amazonaws.com\/publico.aurum.com.br\/contratos\/politica-de-privacidade.pdf\" target=\"_blank\" rel=\"noopener noreferrer\">site<\/a>.<\/span>\r\n  <\/form>\r\n  <div id=\"message-form-ad\"><\/div>\r\n<\/div>\n\n\n<p><em>Se voc\u00ea tem alguma d\u00favida sobre o assunto, compartilhe com a gente nos coment\u00e1rios abaixo! Vamos adorar interagir com voc\u00ea<\/em>. \ud83d\ude09<\/p>\n","protected":false},"excerpt":{"rendered":"<p>A desconsidera\u00e7\u00e3o da personalidade jur\u00eddica permite responsabilizar pessoalmente s\u00f3cios ou administradores por atos ilegais da empresa, em casos de abuso ou fraude, para proteger credores e cumprir obriga\u00e7\u00f5es legais. O que diferencia as pessoas das outras criaturas e objetos para o direito \u00e9 a capacidade de contrair obriga\u00e7\u00f5es e exercer direitos. A raz\u00e3o pela qual [&hellip;]<\/p>\n","protected":false},"author":55,"featured_media":9319,"comment_status":"open","ping_status":"open","sticky":false,"template":"","format":"standard","meta":{"_bbp_topic_count":0,"_bbp_reply_count":0,"_bbp_total_topic_count":0,"_bbp_total_reply_count":0,"_bbp_voice_count":0,"_bbp_anonymous_reply_count":0,"_bbp_topic_count_hidden":0,"_bbp_reply_count_hidden":0,"_bbp_forum_subforum_count":0,"inline_featured_image":false,"footnotes":""},"categories":[19,27],"tags":[],"class_list":["post-9318","post","type-post","status-publish","format-standard","has-post-thumbnail","hentry","category-direito-civil","category-direito-empresarial"],"acf":[],"_links":{"self":[{"href":"https:\/\/www.aurum.com.br\/blog\/wp-json\/wp\/v2\/posts\/9318","targetHints":{"allow":["GET"]}}],"collection":[{"href":"https:\/\/www.aurum.com.br\/blog\/wp-json\/wp\/v2\/posts"}],"about":[{"href":"https:\/\/www.aurum.com.br\/blog\/wp-json\/wp\/v2\/types\/post"}],"author":[{"embeddable":true,"href":"https:\/\/www.aurum.com.br\/blog\/wp-json\/wp\/v2\/users\/55"}],"replies":[{"embeddable":true,"href":"https:\/\/www.aurum.com.br\/blog\/wp-json\/wp\/v2\/comments?post=9318"}],"version-history":[{"count":25,"href":"https:\/\/www.aurum.com.br\/blog\/wp-json\/wp\/v2\/posts\/9318\/revisions"}],"predecessor-version":[{"id":29590,"href":"https:\/\/www.aurum.com.br\/blog\/wp-json\/wp\/v2\/posts\/9318\/revisions\/29590"}],"wp:featuredmedia":[{"embeddable":true,"href":"https:\/\/www.aurum.com.br\/blog\/wp-json\/wp\/v2\/media\/9319"}],"wp:attachment":[{"href":"https:\/\/www.aurum.com.br\/blog\/wp-json\/wp\/v2\/media?parent=9318"}],"wp:term":[{"taxonomy":"category","embeddable":true,"href":"https:\/\/www.aurum.com.br\/blog\/wp-json\/wp\/v2\/categories?post=9318"},{"taxonomy":"post_tag","embeddable":true,"href":"https:\/\/www.aurum.com.br\/blog\/wp-json\/wp\/v2\/tags?post=9318"}],"curies":[{"name":"wp","href":"https:\/\/api.w.org\/{rel}","templated":true}]}}