{"id":9316,"date":"2020-05-18T20:17:25","date_gmt":"2020-05-18T23:17:25","guid":{"rendered":"https:\/\/aurum.com.br\/blog\/tutela-especifica\/"},"modified":"2024-07-05T08:05:16","modified_gmt":"2024-07-05T11:05:16","slug":"tutela-especifica","status":"publish","type":"post","link":"https:\/\/www.aurum.com.br\/blog\/tutela-especifica\/","title":{"rendered":"Como funciona a tutela espec\u00edfica no Novo CPC"},"content":{"rendered":"<div id=\"bsf_rt_marker\"><\/div>\n<pre class=\"wp-block-preformatted\">A <strong>tutela espec\u00edfica <\/strong>\u00e9 um deferimento daquilo que a parte efetivamente requereu ao juiz no momento do ajuizamento da a\u00e7\u00e3o. Trata-se da parte ganhar o que queria como se n\u00e3o precisasse do aux\u00edlio do Poder Judici\u00e1rio.<\/pre>\n\n\n\n<p>O presente artigo abordar\u00e1 o instituto da tutela espec\u00edfica e as poss\u00edveis alternativas do julgador caso este julgue procedente a demanda, mas n\u00e3o tenha condi\u00e7\u00f5es de conceder a tutela requerida pelo autor. Tamb\u00e9m ser\u00e3o abordadas as implica\u00e7\u00f5es jur\u00eddicas que decorrem do deferimento de tutela diversa da pretendida. Continue lendo para saber mais! \ud83d\ude42&nbsp;<\/p>\n\n\n\n<h2 class=\"wp-block-heading\">O que \u00e9 tutela espec\u00edfica?&nbsp;<\/h2>\n\n\n\n<p>A tutela espec\u00edfica tem previs\u00e3o legal no art. 497 e seguintes do <a href=\"https:\/\/www.aurum.com.br\/blog\/Novo-CPC\/\">Novo CPC<\/a> e est\u00e1 relacionada \u00e0 condena\u00e7\u00e3o do r\u00e9u em a\u00e7\u00f5es que determinem presta\u00e7\u00f5es de fazer, de n\u00e3o fazer e de entregar coisa.<\/p>\n\n\n\n<p>Observe-se o teor do art. 497, <em>caput<\/em>, acerca da obriga\u00e7\u00e3o de fazer ou de n\u00e3o fazer:<\/p>\n\n\n\n<blockquote class=\"wp-block-quote is-layout-flow wp-block-quote-is-layout-flow\">\n<p><em>Art. 497. &nbsp;Na a\u00e7\u00e3o que tenha por objeto a presta\u00e7\u00e3o de fazer ou de n\u00e3o fazer, o juiz, se procedente o pedido, conceder\u00e1 a tutela espec\u00edfica ou determinar\u00e1 provid\u00eancias que assegurem a obten\u00e7\u00e3o de tutela pelo resultado pr\u00e1tico equivalente.\u201d<\/em><\/p>\n<\/blockquote>\n\n\n\n<p>O art. 498, <em>caput<\/em>, por sua vez, trata da obriga\u00e7\u00e3o de entregar coisa:<\/p>\n\n\n\n<blockquote class=\"wp-block-quote is-layout-flow wp-block-quote-is-layout-flow\">\n<p><em>Art. 498. Na a\u00e7\u00e3o que tenha por objeto a entrega de coisa, o juiz, ao conceder a tutela espec\u00edfica, fixar\u00e1 o prazo para o cumprimento da obriga\u00e7\u00e3o.\u201d<\/em><\/p>\n<\/blockquote>\n\n\n\n<p>Imagine que o autor tenha requerido a condena\u00e7\u00e3o do r\u00e9u \u00e0 devolu\u00e7\u00e3o de um carro, tendo em vista o inadimplemento das presta\u00e7\u00f5es contratuais. Nesse caso, a devolu\u00e7\u00e3o do carro \u00e9 a tutela espec\u00edfica a ser decidida pelo juiz. Caso seja deferida a tutela e realizada a devolu\u00e7\u00e3o pretendida, o processo ser\u00e1 extinto pelo cumprimento da obriga\u00e7\u00e3o.<\/p>\n\n\n\n<h2 class=\"wp-block-heading\">Impossibilidade de concess\u00e3o da tutela espec\u00edfica<\/h2>\n\n\n\n<p>Confira os casos de impossibilidade de concess\u00e3o da tutela espec\u00edfica.<\/p>\n\n\n\n<h3 class=\"wp-block-heading\">O resultado pr\u00e1tico equivalente<\/h3>\n\n\n\n<p>Em alguns casos, entretanto, mesmo com a proced\u00eancia da a\u00e7\u00e3o, <strong>pode acontecer de n\u00e3o ser mais poss\u00edvel a concess\u00e3o da tutela na forma como pedida na inicial<\/strong>. Isso ocorre caso o bem a ser entregue j\u00e1 n\u00e3o exista mais, ou caso a presta\u00e7\u00e3o a ser realizada j\u00e1 seja in\u00fatil em raz\u00e3o do decurso do tempo.<\/p>\n\n\n\n<p>Confira o exemplo de resultado pr\u00e1tico equivalente:<\/p>\n\n\n\n<p>Muito doente, Lucas precisa de uma interna\u00e7\u00e3o de urg\u00eancia em hospital p\u00fablico, mas este nega a interna\u00e7\u00e3o por falta de leito dispon\u00edvel. Ajuizada a a\u00e7\u00e3o judicial pedindo o deferimento da interna\u00e7\u00e3o, o juiz julga procedente a a\u00e7\u00e3o, por\u00e9m, determina que Lucas seja internado em um hospital particular \u00e0s custas do Estado. O juiz tomou essa decis\u00e3o para assegurar o resultado pr\u00e1tico equivalente, uma vez que n\u00e3o havia leitos dispon\u00edveis no hospital p\u00fablico.&nbsp;<\/p>\n\n\n\n<p>Acerca do deferimento dessas provid\u00eancias que assegurem o \u201cresultado pr\u00e1tico equivalente\u201d, a doutrina e a <a href=\"https:\/\/www.aurum.com.br\/blog\/o-que-e-jurisprudencia\/\">jurisprud\u00eancia<\/a> j\u00e1 h\u00e1 muito v\u00eam se debru\u00e7ando sobre o tema. Poderia esse resultado ser coisa diversa da pretendida na inicial?<\/p>\n\n\n\n<p>De acordo com a primeira corrente doutrin\u00e1ria, o resultado pr\u00e1tico equivalente n\u00e3o poderia ser coisa diversa da requerida pelo autor. Seriam apenas medidas de apoio para a obten\u00e7\u00e3o tutela espec\u00edfica pretendida. Caso contr\u00e1rio, o juiz estaria por ferir o princ\u00edpio da congru\u00eancia e da correla\u00e7\u00e3o.<\/p>\n\n\n\n<p>Por outro lado, <strong>prevalece uma segunda corrente que entende que seria poss\u00edvel o deferimento de coisa diversa<\/strong>, como pedido mediato, que possua o mesmo resultado pr\u00e1tico equivalente da tutela espec\u00edfica. Estar\u00edamos, nesse caso, diante de uma exce\u00e7\u00e3o ao princ\u00edpio da congru\u00eancia e da correla\u00e7\u00e3o.<\/p>\n\n\n\n<p>Essa mitiga\u00e7\u00e3o do princ\u00edpio da congru\u00eancia j\u00e1 existe em outros diplomas legais, como \u00e9 o caso do C\u00f3digo de Defesa do Consumidor, que assim disp\u00f5e em seu art. 84:<\/p>\n\n\n\n<blockquote class=\"wp-block-quote is-layout-flow wp-block-quote-is-layout-flow\">\n<p><em>&nbsp;Art. 84. Na a\u00e7\u00e3o que tenha por objeto o cumprimento da obriga\u00e7\u00e3o de fazer ou n\u00e3o fazer, o juiz conceder\u00e1 a tutela espec\u00edfica da obriga\u00e7\u00e3o <\/em><strong><em>ou determinar\u00e1 provid\u00eancias que assegurem o resultado pr\u00e1tico equivalente ao do adimplemento.<\/em><\/strong><em>\u201d<\/em><\/p>\n<\/blockquote>\n\n\n\n<style>\n    #adpost-block_a366546dc27f4fcf9aad52ef4115e823.anuncio-post-reverse {\n        display: flex;\n        gap: 24px;\n        border-radius: 8px;\n        width: 100%;\n        max-width: 752px;\n        padding: 40px;\n        background: #e7f4fe;\n        margin: 16px auto;\n    }\n\n    #adpost-block_a366546dc27f4fcf9aad52ef4115e823 .anuncio-container {\n        display: flex;\n        flex-direction: column;\n        gap: 24px;\n        width: 100%;\n        max-width: 333px;\n    }\n\n    #adpost-block_a366546dc27f4fcf9aad52ef4115e823 .anuncio-container .logo {\n        width: 100%;\n        max-width: 177px;\n        margin: 0;\n    }\n\n    #adpost-block_a366546dc27f4fcf9aad52ef4115e823 .anuncio-text-container {\n        display: flex;\n        flex-direction: column;\n        gap: 24px;\n    }\n\n    #adpost-block_a366546dc27f4fcf9aad52ef4115e823 .anuncio-text-container .title {\n        font-family: 'Ubuntu';\n        font-size: 1.5rem; \/\/24px\n        font-weight: 700;\n        line-height: 120%;\n        margin: 0;\n        color: #000;\n    }\n\n    #adpost-block_a366546dc27f4fcf9aad52ef4115e823 .anuncio-text-container .text {\n        font-size: 0.875rem;\n        font-weight: 400;\n        line-height: 170%;\n        color: #000;\n    }\n\n    #adpost-block_a366546dc27f4fcf9aad52ef4115e823 .anuncio-container .button {\n        display: inline-flex;\n        align-items: center;\n        justify-content: center;\n        width: fit-content;\n        height: 48px;\n        border-radius: 8px;\n        padding: 12px 24px;\n        font-size: 1rem;\n        font-weight: 600;\n        text-decoration: none;\n        background: #008fd5;\n        color: #fff;\n    }\n\n    #adpost-block_a366546dc27f4fcf9aad52ef4115e823 .image-container {\n        position: relative;\n        width: 100%;\n        height: 100%;\n    }\n\n    #adpost-block_a366546dc27f4fcf9aad52ef4115e823 .image-container.float {\n        min-height: 236px;\n    }\n\n    #adpost-block_a366546dc27f4fcf9aad52ef4115e823 .image-container .image-desktop {\n        width: 100%;\n        max-width: 323px;\n        object-fit: contain;\n        margin: 0;\n    }\n\n    #adpost-block_a366546dc27f4fcf9aad52ef4115e823 .image-container .image-mobile {\n        display: none;\n        width: 100%;\n        max-width: 291px;\n        object-fit: contain;\n        margin: 0;\n    }\n\n    #adpost-block_a366546dc27f4fcf9aad52ef4115e823 .image-container.float .image-desktop,\n    #adpost-block_a366546dc27f4fcf9aad52ef4115e823 .image-container.float .image-mobile {\n        position: absolute;\n        right: 0;\n        bottom: 0;\n    }\n\n    #adpost-block_a366546dc27f4fcf9aad52ef4115e823 .image-container img {\n        border-radius: 8px;\n    }\n\n    \/************\n    * MOBILE \n    *************\/\n    @media (max-width: 1439px) {\n        #adpost-block_a366546dc27f4fcf9aad52ef4115e823.anuncio-post-reverse {\n            flex-direction: column-reverse;\n            max-width: fit-content;\n            padding: 24px;\n        }\n\n        #adpost-block_a366546dc27f4fcf9aad52ef4115e823 .anuncio-container {\n            max-width: 280px;\n            align-items: center;\n        }\n\n        #adpost-block_a366546dc27f4fcf9aad52ef4115e823 .anuncio-container .logo {\n            max-width: 147px;\n        }\n\n        #adpost-block_a366546dc27f4fcf9aad52ef4115e823 .anuncio-text-container {\n            gap: 8px;\n        }\n\n        #adpost-block_a366546dc27f4fcf9aad52ef4115e823 .anuncio-text-container .title {\n            font-size: 1.25rem;\n            text-align: center;\n        }\n\n        #adpost-block_a366546dc27f4fcf9aad52ef4115e823 .anuncio-text-container .text {\n            text-align: center;\n        }\n\n        #adpost-block_a366546dc27f4fcf9aad52ef4115e823 .anuncio-container .button {\n            width: 100%;\n        }\n\n        #adpost-block_a366546dc27f4fcf9aad52ef4115e823 .image-container.float {\n            min-height: 182px;\n        }\n\n        #adpost-block_a366546dc27f4fcf9aad52ef4115e823 .image-container .image-desktop {\n            display: none;\n        }\n\n        #adpost-block_a366546dc27f4fcf9aad52ef4115e823 .image-container .image-mobile {\n            display: block;\n        }\n    }\n\n    \/*******************\n    * RESET GLOBAL CSS \n    ********************\/\n    #s-post main article .content .image-container img {\n        margin: 0;\n    }\n<\/style>\n\n\n<article id=\"adpost-block_a366546dc27f4fcf9aad52ef4115e823\" class=\"anuncio-post-reverse\">\n    <div class=\"anuncio-container\">\n        \n        <div class=\"anuncio-text-container\">\n             <h3 class=\"title\" >Seja protagonista da sua advocacia com o Astrea<\/h3>\n            <div class=\"text\" >Tenha tempo para focar no crescimento do seu escrit\u00f3rio, enquanto o Astrea cuida da sua gest\u00e3o jur\u00eddica com intelig\u00eancia.<\/div>        <\/div>\n       \n        <a class=\"button\" href=\"\/astrea\/?utm_source=blog&#038;utm_medium=adpost&#038;utm_campaign=campanha-marca-2026\" target=\"_self\">Conhe\u00e7a o Astrea<\/a>    <\/div>\n\n    <div class=\"image-container\">\n        <img decoding=\"async\" class=\"image-desktop\" src=\"https:\/\/www.aurum.com.br\/blog\/wp-content\/uploads\/2026\/03\/adpos-posicionamento-2026-desktop.png\" alt=\"\" \/>\n        <img decoding=\"async\" class=\"image-mobile\" src=\"https:\/\/www.aurum.com.br\/blog\/wp-content\/uploads\/2026\/03\/adpost-posicionamento-2026-mobile.png\" alt=\"\" \/>    <\/div>\n<\/article>\n\n\n<h3 class=\"wp-block-heading\">A convers\u00e3o da tutela espec\u00edfica em perdas e danos<\/h3>\n\n\n\n<p>A convers\u00e3o da tutela espec\u00edfica em perdas e danos est\u00e1 prevista no art. 499 do C\u00f3digo de Processo Civil, assim descrito:<\/p>\n\n\n\n<blockquote class=\"wp-block-quote is-layout-flow wp-block-quote-is-layout-flow\">\n<p><em>Art. 499. &nbsp;A obriga\u00e7\u00e3o somente ser\u00e1 convertida em perdas e danos se o autor o requerer ou se imposs\u00edvel a tutela espec\u00edfica ou a obten\u00e7\u00e3o de tutela pelo resultado pr\u00e1tico equivalente.<\/em>&#8220;<\/p>\n<\/blockquote>\n\n\n\n<p>Observe-se que a convers\u00e3o da tutela espec\u00edfica em perdas e danos \u00e9 procedimento subsidi\u00e1rio e deve ser expressamente requerida pelo autor, ou determinada pelo juiz em caso de impossibilidade da tutela espec\u00edfica ou da obten\u00e7\u00e3o da tutela pelo resultado pr\u00e1tico equivalente.<\/p>\n\n\n\n<p>O Novo CPC ainda prev\u00ea em seu art. 805 uma outra possibilidade de convers\u00e3o da tutela em perdas e danos. <strong>\u00c9 o caso da tutela espec\u00edfica que possa trazer onerosidade excessiva ao executado<\/strong>, ainda que esta seja materialmente poss\u00edvel.<\/p>\n\n\n\n<blockquote class=\"wp-block-quote is-layout-flow wp-block-quote-is-layout-flow\">\n<p><em>Art. 805. &nbsp;Quando por v\u00e1rios meios o exequente puder promover a execu\u00e7\u00e3o, o juiz mandar\u00e1 que se fa\u00e7a pelo modo menos gravoso para o executado.<br>Par\u00e1grafo \u00fanico. &nbsp;Ao executado que alegar ser a medida executiva mais gravosa incumbe indicar outros meios mais eficazes e menos onerosos, sob pena de manuten\u00e7\u00e3o dos atos executivos j\u00e1 determinados.\u201d<\/em><\/p>\n<\/blockquote>\n\n\n\n<p>Nesse caso, caber\u00e1 ao juiz avaliar, independentemente de concord\u00e2ncia das partes, de acordo com o princ\u00edpio da razoabilidade. Observe-se o que diz o professor Daniel Amorim Assump\u00e7\u00e3o Neves em seu Manual de Direito Processual Civil sobre o tema:&nbsp;<\/p>\n\n\n\n<blockquote class=\"wp-block-quote is-layout-flow wp-block-quote-is-layout-flow\">\n<p><em>Como a obten\u00e7\u00e3o da tutela espec\u00edfica continua a ser material e juridicamente poss\u00edvel, o exequente pode n\u00e3o concordar com a convers\u00e3o ora analisada, mas nesse caso cabe ao juiz a aplica\u00e7\u00e3o das regras da proporcionalidade e razoabilidade no caso concreto, sendo sua a \u00faltima palavra sobre a adequa\u00e7\u00e3o da convers\u00e3o.\u201d<\/em><\/p>\n<\/blockquote>\n\n\n\n<h2 class=\"wp-block-heading\">Tutela espec\u00edfica na pr\u00e1tica<\/h2>\n\n\n\n<p>Na pr\u00e1tica, ao realizar os pedidos na peti\u00e7\u00e3o inicial, \u00e9 prudente que o operador do direito se antecipe ao juiz e requeira, de forma subsidi\u00e1ria, outras provid\u00eancias que garantam o resultado pr\u00e1tico equivalente caso a tutela espec\u00edfica n\u00e3o possa ser atendida naquele momento.<\/p>\n\n\n\n<p>Ap\u00f3s o deferimento pelo juiz, em senten\u00e7a, a exigibilidade da tutela espec\u00edfica pode ser requerida mediante cumprimento provis\u00f3rio ou cumprimento definitivo de senten\u00e7a, a depender da ocorr\u00eancia ou n\u00e3o do tr\u00e2nsito em julgado da senten\u00e7a.<\/p>\n\n\n\n<p><em>Saiba mais sobre<\/em><a href=\"https:\/\/www.aurum.com.br\/blog\/cumprimento-de-sentenca\/\"><em> cumprimento de senten\u00e7a<\/em><\/a><em> aqui no Portal da Aurum.<\/em><\/p>\n\n\n\n<p>O cumprimento pode ser requerido mediante simples peti\u00e7\u00e3o nos autos ou, caso j\u00e1 tenha ocorrido o tr\u00e2nsito em julgado da senten\u00e7a, tamb\u00e9m poder\u00e1 ser determinado de of\u00edcio pelo juiz.<\/p>\n\n\n\n<p>Ao requerer o cumprimento<strong> \u00e9 importante que o advogado fique atento e requeira a fixa\u00e7\u00e3o de prazo<\/strong> para que o r\u00e9u cumpra a determina\u00e7\u00e3o judicial, bem como a fixa\u00e7\u00e3o de multa ou outras medidas coercitivas, em caso de inadimplemento.<\/p>\n\n\n\n<p>A tutela espec\u00edfica tamb\u00e9m poder\u00e1 ser requerida de forma antecipada, mediante requerimento de uma das modalidades de <a href=\"https:\/\/www.aurum.com.br\/blog\/tutela-de-urgencia\/\">tutela de urg\u00eancia<\/a>, desde que presentes os requisitos do artigo 300 e seguintes do C\u00f3digo de Processo Civil.<\/p>\n\n\n\n<blockquote class=\"wp-block-quote is-layout-flow wp-block-quote-is-layout-flow\">\n<p><em>Art. 300. A tutela de urg\u00eancia ser\u00e1 concedida quando houver elementos que evidenciem a probabilidade do direito e o perigo de dano ou o risco ao resultado \u00fatil do processo.<br>\u00a7 1&nbsp;o&nbsp;Para a concess\u00e3o da tutela de urg\u00eancia, o juiz pode, conforme o caso, exigir cau\u00e7\u00e3o real ou fidejuss\u00f3ria id\u00f4nea para ressarcir os danos que a outra parte possa vir a sofrer, podendo a cau\u00e7\u00e3o ser dispensada se a parte economicamente hipossuficiente n\u00e3o puder oferec\u00ea-la.<br>\u00a7 2\u00ba A tutela de urg\u00eancia pode ser concedida liminarmente ou ap\u00f3s justifica\u00e7\u00e3o pr\u00e9via.<br>\u00a7 3\u00ba A tutela de urg\u00eancia de natureza antecipada n\u00e3o ser\u00e1 concedida quando houver perigo de irreversibilidade dos efeitos da decis\u00e3o.\u201d<\/em><\/p>\n<\/blockquote>\n\n\n\n<p>Contudo, <strong>vale observar que a tutela antecipada n\u00e3o ser\u00e1 concedida caso o juiz verifique a possibilidade de irreversibilidade da medida<\/strong>. Isso ocorre porque a tutela de urg\u00eancia \u00e9 uma medida prec\u00e1ria e seu deferimento decorre de uma an\u00e1lise meramente superficial, a qual poder\u00e1 ser revista em momento posterior do processo.<\/p>\n\n\n\n<p>Veja um exemplo de poss\u00edvel requerimento de antecipa\u00e7\u00e3o da tutela espec\u00edfica:<\/p>\n\n\n\n<p>J\u00falia, ap\u00f3s contratar a confec\u00e7\u00e3o de um bolo para sua festa de anivers\u00e1rio, recebe uma liga\u00e7\u00e3o da confeitaria que informa que n\u00e3o entregar\u00e1 o bolo em raz\u00e3o do pagamento n\u00e3o ter sido realizado. Certa do equ\u00edvoco da confeitaria, J\u00falia aju\u00edza a\u00e7\u00e3o judicial com pedido de antecipa\u00e7\u00e3o de tutela, requerendo que o juiz determine que o bolo seja entregue \u00e0 tempo para a realiza\u00e7\u00e3o da festa de anivers\u00e1rio.<\/p>\n\n\n\n<h2 class=\"wp-block-heading\">Conclus\u00e3o&nbsp;<\/h2>\n\n\n\n<p>Interessante observar que o <a href=\"https:\/\/www.aurum.com.br\/blog\/novo-codigo-de-processo-civil\/\">Novo C\u00f3digo de Processo Civil<\/a> reconhece que em muitos casos n\u00e3o \u00e9 mais poss\u00edvel determinar o cumprimento da presta\u00e7\u00e3o na forma como a parte teria direito originalmente. Para esses casos, <strong>foi dada a possibilidade de provid\u00eancias diversas que possam ao menos atenuar o preju\u00edzo sofrido.&nbsp;<\/strong><\/p>\n\n\n\n<p>Ter conhecimento acerca dessas provid\u00eancias faz com que o advogado esteja muito mais seguro e preparado para defender os direitos de seu cliente, evitando as t\u00e3o comuns senten\u00e7as in\u00f3cuas.<\/p>\n\n\n\n<h3 class=\"wp-block-heading\">Mais conhecimento para voc\u00ea<\/h3>\n\n\n\n<p>Se voc\u00ea gostou deste conte\u00fado e quer saber mais sobre direito e advocacia, \u00e9 s\u00f3 seguir navegando pelo Portal da Aurum! Nele, voc\u00ea encontra materiais sobre os seguintes assuntos:<\/p>\n\n\n\n<ul class=\"wp-block-list\">\n<li>Entenda a <a href=\"https:\/\/www.aurum.com.br\/blog\/excecao-de-pre-executividade\/\">exce\u00e7\u00e3o de pr\u00e9-executividade<\/a> no Novo CPC<\/li>\n\n\n\n<li><a href=\"https:\/\/www.aurum.com.br\/blog\/reconvencao\/\">Reconven\u00e7\u00e3o no Novo CPC<\/a>: saiba como funciona<\/li>\n\n\n\n<li>Saiba mais sobre o <a href=\"https:\/\/www.aurum.com.br\/blog\/efeito-suspensivo\/\">efeito suspensivo<\/a><\/li>\n\n\n\n<li><a href=\"https:\/\/www.aurum.com.br\/blog\/tutela\/\" data-type=\"URL\" data-id=\"https:\/\/www.aurum.com.br\/blog\/tutela\/\">Tutela no direito da fam\u00edlia:<\/a> finalidade, aspectos e previs\u00e3o legal <\/li>\n\n\n\n<li>Saiba mais sobre <a href=\"https:\/\/www.aurum.com.br\/blog\/bens-impenhoraveis\/\">bens impenhor\u00e1veis<\/a> no Novo CPC<\/li>\n\n\n\n<li>Como funciona o <a href=\"https:\/\/www.aurum.com.br\/blog\/tutela-antecipada-no-novo-cpc\/\" data-type=\"URL\" data-id=\"https:\/\/www.aurum.com.br\/blog\/tutela-antecipada-no-novo-cpc\/\">procedimento da tutela antecipada no Novo CPC<\/a>?<\/li>\n\n\n\n<li><a href=\"https:\/\/www.aurum.com.br\/blog\/contrato-de-parceria\/\">Contrato de Parceria<\/a>: entenda o que \u00e9, como funciona e requisitos legais!<\/li>\n\n\n\n<li>Aspectos legais e pr\u00e1ticos da <a href=\"https:\/\/www.aurum.com.br\/blog\/doacao-de-imoveis\/\">Doa\u00e7\u00e3o de Im\u00f3veis<\/a>: Guia completo para advogados<\/li>\n\n\n\n<li><a href=\"https:\/\/www.aurum.com.br\/blog\/pericia-inss\/\">Per\u00edcia INSS<\/a>: tire suas d\u00favidas sobre o tema!<\/li>\n\n\n\n<li>Guia sobre <a href=\"https:\/\/www.aurum.com.br\/blog\/direitos-humanos\/\">direitos humanos<\/a> para advogados<\/li>\n\n\n\n<li><a href=\"https:\/\/www.aurum.com.br\/blog\/lei-sarbanes-oxley\/\">Lei Sarbanes Oxley de 2002<\/a>: qual sua import\u00e2ncia e quais os impactos?<\/li>\n\n\n\n<li><a href=\"https:\/\/www.aurum.com.br\/blog\/danos-em-imoveis-alugados\/\">Danos em Im\u00f3veis Alugados<\/a>: Quem \u00e9 respons\u00e1vel por repar\u00e1-los?<\/li>\n\n\n\n<li><a href=\"https:\/\/www.aurum.com.br\/blog\/acordo-extrajudicial\/\">Acordo extrajudicial:<\/a> confira o que \u00e9, os tipos, vantagens e desvantagens<\/li>\n\n\n\n<li><a href=\"https:\/\/www.aurum.com.br\/blog\/lucros-cessantes\/\">Lucros cessantes<\/a>: entenda o que significa e como calcular<\/li>\n\n\n\n<li>Descubra quais s\u00e3o os seus direitos e o que fazer em caso de <a href=\"https:\/\/www.aurum.com.br\/blog\/cobranca-abusiva\/\">cobran\u00e7a abusiva<\/a><\/li>\n\n\n\n<li>Veja o que diz e como funciona a <a href=\"https:\/\/www.aurum.com.br\/blog\/lei-do-acompanhante\/\">Lei do Acompanhante \u2013 Lei 14.737\/2023<\/a>!<\/li>\n\n\n\n<li><a href=\"https:\/\/www.aurum.com.br\/blog\/partnership\/\">Plano de Partnership<\/a>: o que \u00e9 e como este sistema pode ser aplicado?<\/li>\n<\/ul>\n\n\n\n<p> <em>Compartilhe suas d\u00favidas e sugest\u00f5es nos coment\u00e1rios abaixo! \u00c9 uma excelente maneira de deixar os conte\u00fados ainda melhores <\/em>\ud83d\ude09<\/p>\n\n\n<style>\r\n  .news-post {\r\n    background: url('https:\/\/www.aurum.com.br\/blog\/wp-content\/themes\/aurum\/img\/bg-news-artigo.svg') no-repeat top center #3C48AA;\r\n    padding: 1.5rem;\r\n    border-radius: 6px;\r\n    margin: 1rem 0;\r\n  }\r\n  .news-post .icone {\r\n    display: none;\r\n  }\r\n  .news-post .title {\r\n    font-weight: 700;\r\n    font-size: 16px;\r\n    line-height: 130%;\r\n    text-align: center;\r\n    letter-spacing: -0.5px;\r\n    color: #fff;\r\n    margin-bottom: .9375rem;\r\n  }\r\n  .news-post p {\r\n    font-size: .875rem;\r\n    line-height: 140%;\r\n    text-align: center;\r\n    color: #fff;\r\n    margin-bottom: 1.25rem;\r\n  }\r\n  .news-post .news_button_span {\r\n    font-size: .8125rem;\r\n    display: block;\r\n    padding: .125rem .3125rem;\r\n    color: #fff;\r\n    text-align:left;\r\n  }\r\n  .news-post .news_button_span a {\r\n    color: #fff !important;\r\n    text-decoration: underline;\r\n  }\r\n  .news-post form {\r\n    width: 100%;\r\n  }\r\n  .news-post label {\r\n    font-weight: 600;\r\n    font-size: .9375rem;\r\n    line-height: 1.5rem;\r\n    margin-bottom: .5rem;\r\n    color: #fff;\r\n    display: block;\r\n  }\r\n  .news-post input {\r\n    background: #fff;\r\n    border: 1px solid #CBCBD9;\r\n    box-sizing: border-box;\r\n    border-radius: 4px;\r\n    padding: .75rem 1rem;\r\n    width: 100%;\r\n  }\r\n  .news-post button {\r\n    margin-top: .875rem;\r\n    width: 100%;\r\n    min-width: auto;\r\n    background: #FCC632;\r\n    color: #3C48AA;\r\n  }\r\n  .news-post .input {\r\n    position: relative;\r\n    padding-bottom: 10px;\r\n  }\r\n  .news-post .error-message-ad {\r\n    font-size: .875rem;\r\n    line-height: 130%;\r\n    color: #D50021;\r\n    margin-left: 4px;\r\n  }\r\n  .news-post .error {\r\n    border: 1px solid #D50021;\r\n  }\r\n  .news-post #message-form-ad {\r\n    border-radius: 4px;\r\n    padding: 0.7rem;\r\n    font-size:0.8rem;\r\n    text-align: center;\r\n    align-items: center;\r\n    justify-content: center;\r\n    display: none;\r\n  }\r\n  .news-post #message-form-ad svg {\r\n    margin-right: 8px;\r\n  }\r\n\r\n  @media(min-width: 561px) {\r\n    .news-post {\r\n      position: relative;\r\n      background: url('https:\/\/www.aurum.com.br\/blog\/wp-content\/themes\/aurum\/img\/bg-news-artigo.svg') no-repeat top center #3C48AA;\r\n      width: calc(100% - 30px);\r\n    }\r\n    .news-post .icone {\r\n      display: block;\r\n      position: absolute;\r\n      right: -30px;\r\n      top: 65px;\r\n      max-width: 142px;\r\n      width: 100%;\r\n      height: auto;\r\n      margin: 0;\r\n    }\r\n    .news-post .title {\r\n      font-size: 1.125rem;\r\n      text-align: left;\r\n      \/* padding-right: 3.75rem; *\/\r\n    }\r\n    .news-post p {\r\n      font-size: 1rem;\r\n      text-align: left;\r\n      max-width: 400px;\r\n    }\r\n    .news-post .boxes {\r\n      display: flex;\r\n      align-items: flex-start;\r\n    }\r\n    .news-post button {\r\n      margin: 0 0 0 1rem;\r\n      width: 100%;\r\n      max-width: 170px;\r\n      min-width: auto;\r\n      transition: all ease .3s\r\n    }\r\n    .news-post button:hover {\r\n      opacity: 0.9;\r\n      transition: all ease .3s\r\n    }\r\n    .news-post #message-form-ad {\r\n      padding: 1.125rem;\r\n      font-size:1rem;\r\n    }\r\n    .news-post #message-form-ad svg {\r\n      margin-right: 10px;\r\n    }\r\n  }\r\n<\/style>\r\n\r\n<div class=\"news-post\">\r\n  <div class=\"title news-ad-title\">Gostou do artigo e quer evoluir a sua advocacia?<\/div>\r\n  <p class=\"news-ad-subtitle\">Assine gr\u00e1tis a Aurum News e receba uma dose semanal de conte\u00fado no seu e-mail! \u270c\ufe0f<\/p>\r\n  <img decoding=\"async\" src=\"https:\/\/www.aurum.com.br\/blog\/wp-content\/themes\/aurum\/img\/icon-news-artigo.svg\" alt=\"\" class=\"icone\">\r\n\r\n  <form method=\"post\" name=\"newsletter-ad\" id=\"aurum-newsletter-ad\">\r\n    <div class=boxes>\r\n      <div class=\"input\">\r\n        <label class=\"label-email\" htmlFor=\"email-ad\">Qual seu e-mail?<\/label>\r\n        <input type=\"email\" id=\"email-ad\" name=\"newsletter-mail-ad\" placeholder=\"Digite seu e-mail?\">\r\n        <div class=\"error-message-ad-email\">Endere\u00e7o de e-mail inv\u00e1lido ou incorreto<\/div>\r\n\r\n        <label class=\"label-select\" htmlFor=\"lawsuits-select-ad\">\r\n          Quantos processos voc\u00ea ou<br class=\"for-desktop\"\/> seu escrit\u00f3rio acompanham?\r\n        <\/label>\r\n        <div id=\"lawsuits-select-ad\" class=\"lawsuits-select select-wrapper\" tabindex=\"0\">\r\n          <div class=\"s-dropdown--styled\">\r\n          <span class=\"lawsuits-default\">\r\n            <span id=\"lawsuits-newsletter-ad\" class=\"lawsuits-default-text\" data-value=\"\">Selecione os processos<\/span>\r\n            <svg class=\"chevron\" xmlns=\"http:\/\/www.w3.org\/2000\/svg\" width=\"24\" height=\"25\" viewBox=\"0 0 24 25\" fill=\"none\">\r\n              <path d=\"M6 15.6152L12 9.61523L18 15.6152\" stroke=\"black\" stroke-width=\"2\" stroke-linecap=\"round\" stroke-linejoin=\"round\" \/>\r\n            <\/svg>\r\n          <\/span>\r\n\r\n          <ul class=\"s-dropdown u-hide\">\r\n            <li class=\"lawsuits\" data-value=\"Mais de 1000 processos\">Mais de 1000 processos<\/li>\r\n            <li class=\"lawsuits\" data-value=\"De 501 a 1000 processos\">De 501 a 1000 processos<\/li>\r\n            <li class=\"lawsuits\" data-value=\"De 151 a 500 processos\">De 151 a 500 processos<\/li>\r\n            <li class=\"lawsuits\" data-value=\"De 41 a 150 processos\">De 41 a 150 processos<\/li>\r\n            <li class=\"lawsuits\" data-value=\"At\u00e9 40 processos\">At\u00e9 40 processos<\/li>\r\n            <li class=\"lawsuits\" data-value=\"Atuo apenas no consultivo\">Atuo apenas no consultivo<\/li>\r\n            <li class=\"lawsuits\" data-value=\"Ainda sou estudante de direito\">Ainda sou estudante de direito<\/li>\r\n            <li class=\"lawsuits\" data-value=\"N\u00e3o sou da \u00e1rea jur\u00eddica\">N\u00e3o sou da \u00e1rea jur\u00eddica<\/li>\r\n          <\/ul>\r\n          <\/div>\r\n        <\/div>\r\n        <div class=\"error-message-ad-lawsuits\">Selecione algum processo<\/div>\r\n      <\/div>\r\n      <button class=\"btn btn-yellow ad-btn-desktop\" id=\"aurum-submit-ad\">Assinar gr\u00e1tis<\/button>\r\n      <button class=\"btn btn-yellow ad-btn-mobile\" id=\"aurum-submit-ad\">Assinar<\/button>\r\n    <\/div>\r\n    <span class=\"news_button_span\">Ao se cadastrar voc\u00ea declara que leu e aceitou a pol\u00edtica de privacidade e cookies do <a href=\"https:\/\/s3.sa-east-1.amazonaws.com\/publico.aurum.com.br\/contratos\/politica-de-privacidade.pdf\" target=\"_blank\" rel=\"noopener noreferrer\">site<\/a>.<\/span>\r\n  <\/form>\r\n  <div id=\"message-form-ad\"><\/div>\r\n<\/div>","protected":false},"excerpt":{"rendered":"<p>A tutela espec\u00edfica \u00e9 um deferimento daquilo que a parte efetivamente requereu ao juiz no momento do ajuizamento da a\u00e7\u00e3o. Trata-se da parte ganhar o que queria como se n\u00e3o precisasse do aux\u00edlio do Poder Judici\u00e1rio. O presente artigo abordar\u00e1 o instituto da tutela espec\u00edfica e as poss\u00edveis alternativas do julgador caso este julgue procedente [&hellip;]<\/p>\n","protected":false},"author":74,"featured_media":9317,"comment_status":"open","ping_status":"open","sticky":false,"template":"","format":"standard","meta":{"_bbp_topic_count":0,"_bbp_reply_count":0,"_bbp_total_topic_count":0,"_bbp_total_reply_count":0,"_bbp_voice_count":0,"_bbp_anonymous_reply_count":0,"_bbp_topic_count_hidden":0,"_bbp_reply_count_hidden":0,"_bbp_forum_subforum_count":0,"inline_featured_image":false,"footnotes":""},"categories":[178],"tags":[],"class_list":["post-9316","post","type-post","status-publish","format-standard","has-post-thumbnail","hentry","category-direito-processual-civil"],"acf":[],"_links":{"self":[{"href":"https:\/\/www.aurum.com.br\/blog\/wp-json\/wp\/v2\/posts\/9316","targetHints":{"allow":["GET"]}}],"collection":[{"href":"https:\/\/www.aurum.com.br\/blog\/wp-json\/wp\/v2\/posts"}],"about":[{"href":"https:\/\/www.aurum.com.br\/blog\/wp-json\/wp\/v2\/types\/post"}],"author":[{"embeddable":true,"href":"https:\/\/www.aurum.com.br\/blog\/wp-json\/wp\/v2\/users\/74"}],"replies":[{"embeddable":true,"href":"https:\/\/www.aurum.com.br\/blog\/wp-json\/wp\/v2\/comments?post=9316"}],"version-history":[{"count":6,"href":"https:\/\/www.aurum.com.br\/blog\/wp-json\/wp\/v2\/posts\/9316\/revisions"}],"predecessor-version":[{"id":28794,"href":"https:\/\/www.aurum.com.br\/blog\/wp-json\/wp\/v2\/posts\/9316\/revisions\/28794"}],"wp:featuredmedia":[{"embeddable":true,"href":"https:\/\/www.aurum.com.br\/blog\/wp-json\/wp\/v2\/media\/9317"}],"wp:attachment":[{"href":"https:\/\/www.aurum.com.br\/blog\/wp-json\/wp\/v2\/media?parent=9316"}],"wp:term":[{"taxonomy":"category","embeddable":true,"href":"https:\/\/www.aurum.com.br\/blog\/wp-json\/wp\/v2\/categories?post=9316"},{"taxonomy":"post_tag","embeddable":true,"href":"https:\/\/www.aurum.com.br\/blog\/wp-json\/wp\/v2\/tags?post=9316"}],"curies":[{"name":"wp","href":"https:\/\/api.w.org\/{rel}","templated":true}]}}