{"id":9311,"date":"2024-03-11T19:05:53","date_gmt":"2024-03-11T22:05:53","guid":{"rendered":"https:\/\/aurum.com.br\/blog\/regularizacao-fundiaria\/"},"modified":"2024-07-05T07:38:28","modified_gmt":"2024-07-05T10:38:28","slug":"regularizacao-fundiaria","status":"publish","type":"post","link":"https:\/\/www.aurum.com.br\/blog\/regularizacao-fundiaria\/","title":{"rendered":"Regulariza\u00e7\u00e3o fundi\u00e1ria urbana e rural no Brasil: tudo o que voc\u00ea precisa saber"},"content":{"rendered":"<div id=\"bsf_rt_marker\"><\/div>\n<pre class=\"wp-block-preformatted\">A <strong>regulariza\u00e7\u00e3o fundi\u00e1ria<\/strong> \u00e9 um processo fundamental para garantir o acesso \u00e0 terra, \u00e0 moradia digna e \u00e0 cidadania para milh\u00f5es de brasileiros. Ela se aplica tanto \u00e0s \u00e1reas urbanas quanto \u00e0s rurais, com diferentes procedimentos e objetivos espec\u00edficos para cada caso.<\/pre>\n\n\n\n<p>Voc\u00ea sabia que cerca de 30 milh\u00f5es de brasileiros vivem em \u00e1reas irregulares, sem a garantia do direito \u00e0 moradia, \u00e0 propriedade e \u00e0 cidadania? Essa \u00e9 a realidade de muitas fam\u00edlias que ocupam terras p\u00fablicas ou privadas sem a devida autoriza\u00e7\u00e3o ou documenta\u00e7\u00e3o, tanto nas cidades quanto no campo.&nbsp;<\/p>\n\n\n\n<p>Para mudar essa situa\u00e7\u00e3o, existe um processo chamado regulariza\u00e7\u00e3o fundi\u00e1ria, que visa legalizar a situa\u00e7\u00e3o dessas pessoas e promover o desenvolvimento urbano e rural sustent\u00e1vel. Neste guia completo, abordaremos em detalhes os principais aspectos da regulariza\u00e7\u00e3o fundi\u00e1ria no Brasil.<\/p>\n\n\n\n<h2 class=\"wp-block-heading\">O que \u00e9 regulariza\u00e7\u00e3o fundi\u00e1ria?&nbsp;<\/h2>\n\n\n\n<p>A regulariza\u00e7\u00e3o fundi\u00e1ria \u00e9 um<strong> processo que visa garantir a <\/strong><a href=\"https:\/\/www.aurum.com.br\/blog\/seguranca-juridica\/\"><strong>seguran\u00e7a jur\u00eddica<\/strong><\/a><strong> da posse ou propriedade de um im\u00f3vel<\/strong>, conferindo aos ocupantes os t\u00edtulos de propriedade definitivos. Ela abrange diversos aspectos, como:<\/p>\n\n\n\n<ul class=\"wp-block-list\">\n<li><strong>Regulariza\u00e7\u00e3o jur\u00eddica:<\/strong>&nbsp;Reconhecimento legal da posse ou propriedade do im\u00f3vel, resolvendo pend\u00eancias como ocupa\u00e7\u00e3o irregular, <a href=\"https:\/\/www.aurum.com.br\/blog\/usucapiao\/\">usucapi\u00e3o<\/a>, <a href=\"https:\/\/www.aurum.com.br\/blog\/glossario-juridico\/inventario\/\">invent\u00e1rios<\/a> e outros.<\/li>\n\n\n\n<li><strong>Regulariza\u00e7\u00e3o urban\u00edstica:<\/strong>&nbsp;Adequa\u00e7\u00e3o do im\u00f3vel \u00e0s normas urban\u00edsticas do munic\u00edpio, incluindo infraestrutura b\u00e1sica (\u00e1gua, luz, esgoto), acessibilidade, zoneamento e outros aspectos.<\/li>\n\n\n\n<li><strong>Regulariza\u00e7\u00e3o ambiental:<\/strong>&nbsp;Conformidade do im\u00f3vel com as <a href=\"https:\/\/www.aurum.com.br\/blog\/direito-ambiental\/\">normas ambientais<\/a>, incluindo prote\u00e7\u00e3o de \u00e1reas verdes, reservas legais e outros requisitos.<\/li>\n<\/ul>\n\n\n\n<figure class=\"wp-block-image size-full\"><img decoding=\"async\" width=\"1200\" height=\"1200\" src=\"https:\/\/www.aurum.com.br\/blog\/wp-content\/uploads\/2024\/03\/o-que-e-regularizacao-fundiaria.jpg\" alt=\"\" class=\"wp-image-27194\" srcset=\"https:\/\/www.aurum.com.br\/blog\/wp-content\/uploads\/2024\/03\/o-que-e-regularizacao-fundiaria.jpg 1200w, https:\/\/www.aurum.com.br\/blog\/wp-content\/uploads\/2024\/03\/o-que-e-regularizacao-fundiaria-300x300.jpg 300w, https:\/\/www.aurum.com.br\/blog\/wp-content\/uploads\/2024\/03\/o-que-e-regularizacao-fundiaria-150x150.jpg 150w, https:\/\/www.aurum.com.br\/blog\/wp-content\/uploads\/2024\/03\/o-que-e-regularizacao-fundiaria-768x768.jpg 768w\" sizes=\"(max-width: 1200px) 100vw, 1200px\" \/><figcaption class=\"wp-element-caption\">Entenda o conceito de regulariza\u00e7\u00e3o fundi\u00e1ria.<\/figcaption><\/figure>\n\n\n\n<h2 class=\"wp-block-heading\">Regulariza\u00e7\u00e3o fundi\u00e1ria: Exemplos de \u00e1reas irregulares&nbsp;<\/h2>\n\n\n\n<h3 class=\"wp-block-heading\">Favelas<\/h3>\n\n\n\n<p>Favelas s\u00e3o aglomerados urbanos caracterizados por uma ocupa\u00e7\u00e3o irregular do solo, geralmente em encostas de morros, \u00e1reas de risco ou terrenos desvalorizados. As constru\u00e7\u00f5es nas favelas muitas vezes s\u00e3o <strong>improvisadas, sem planejamento urbano, infraestrutura b\u00e1sica<\/strong> ou servi\u00e7os p\u00fablicos adequados. As favelas surgem principalmente devido \u00e0 falta de acesso \u00e0 moradia digna e \u00e0 desigualdade social.<\/p>\n\n\n\n<h3 class=\"wp-block-heading\">Loteamentos clandestinos<\/h3>\n\n\n\n<p>S\u00e3o \u00e1reas onde ocorre o parcelamento irregular do solo, sem autoriza\u00e7\u00e3o do poder p\u00fablico e sem cumprimento das normas e regulamentos urban\u00edsticos. Nesses loteamentos, as vendas de lotes e as constru\u00e7\u00f5es podem ser feitas de forma ilegal, sem a infraestrutura b\u00e1sica necess\u00e1ria, como redes de \u00e1gua, esgoto, <a href=\"https:\/\/www.aurum.com.br\/blog\/codigo-brasileiro-de-energia-eletrica\/\">energia el\u00e9trica<\/a> e pavimenta\u00e7\u00e3o de ruas.<\/p>\n\n\n\n<h3 class=\"wp-block-heading\">Assentamentos prec\u00e1rios<\/h3>\n\n\n\n<p>Assentamentos prec\u00e1rios referem-se a \u00e1reas <strong>onde pessoas ocupam terrenos de forma improvisada<\/strong>, sem autoriza\u00e7\u00e3o legal, e geralmente enfrentam condi\u00e7\u00f5es de vida prec\u00e1rias, com falta de acesso a servi\u00e7os p\u00fablicos essenciais e infraestrutura b\u00e1sica.<\/p>\n\n\n\n<h3 class=\"wp-block-heading\">Invas\u00f5es de terras<\/h3>\n\n\n\n<p>As invas\u00f5es de terras ocorrem<strong> quando grupos de pessoas ocupam terrenos, sejam eles p\u00fablicos ou privados, sem autoriza\u00e7\u00e3o <\/strong>dos propriet\u00e1rios ou sem a devida regulariza\u00e7\u00e3o fundi\u00e1ria. Essas invas\u00f5es podem resultar em conflitos sociais, quest\u00f5es legais e desafios para o ordenamento territorial.<\/p>\n\n\n\n<h3 class=\"wp-block-heading\">Ocupa\u00e7\u00f5es de terras devolutas<\/h3>\n\n\n\n<p>Terras devolutas s\u00e3o \u00e1reas de propriedade do Estado que n\u00e3o t\u00eam destina\u00e7\u00e3o espec\u00edfica. As ocupa\u00e7\u00f5es de terras devolutas <strong>ocorrem quando grupos de pessoas se apropriam dessas \u00e1reas para moradia<\/strong>, agricultura ou outros fins, muitas vezes sem autoriza\u00e7\u00e3o legal ou em desacordo com a legisla\u00e7\u00e3o vigente.<\/p>\n\n\n\n<h3 class=\"wp-block-heading\">Ocupa\u00e7\u00f5es em \u00c1reas de Preserva\u00e7\u00e3o Permanente (APP)<\/h3>\n\n\n\n<p>S\u00e3o \u00e1reas ambientalmente sens\u00edveis, como<strong> margens de rios, encostas de morros, topos de morros, entre outras<\/strong>, onde a ocupa\u00e7\u00e3o \u00e9 restrita ou proibida por lei devido \u00e0 sua import\u00e2ncia para a preserva\u00e7\u00e3o do meio ambiente. No entanto, algumas pessoas ocupam essas \u00e1reas irregularmente, o que pode causar danos ambientais significativos.<\/p>\n\n\n\n<h2 class=\"wp-block-heading\">Quais os objetivos da regulariza\u00e7\u00e3o fundi\u00e1ria?&nbsp;<\/h2>\n\n\n\n<ul class=\"wp-block-list\">\n<li><strong>Garantir o direito \u00e0 moradia digna:<\/strong>&nbsp;Assegurar aos ocupantes a posse e a propriedade de seus im\u00f3veis, proporcionando <a href=\"https:\/\/www.aurum.com.br\/blog\/glossario-juridico\/principio-da-seguranca-juridica\/\">seguran\u00e7a jur\u00eddica<\/a> e acesso a servi\u00e7os p\u00fablicos.<\/li>\n\n\n\n<li><strong>Promover o desenvolvimento urbano e rural:<\/strong>&nbsp;Ordenar o crescimento das cidades e \u00e1reas rurais, integrando as \u00e1reas regularizadas \u00e0 malha urbana e rural, com infraestrutura adequada e acesso a servi\u00e7os.<\/li>\n\n\n\n<li><strong>Combater a grilagem de terras:<\/strong>&nbsp;Reduzir a inseguran\u00e7a jur\u00eddica e os conflitos fundi\u00e1rios, garantindo a <a href=\"https:\/\/www.aurum.com.br\/blog\/funcao-social-da-propriedade\/\">fun\u00e7\u00e3o social da propriedade<\/a> e protegendo o meio ambiente.<\/li>\n\n\n\n<li><strong>Promover a inclus\u00e3o social:<\/strong>&nbsp;Ampliar o acesso \u00e0 cr\u00e9dito, \u00e0 justi\u00e7a e \u00e0 participa\u00e7\u00e3o social para os ocupantes regularizados, combatendo a desigualdade e a pobreza.<\/li>\n<\/ul>\n\n\n\n<h2 class=\"wp-block-heading\">Quais os benef\u00edcios da regulariza\u00e7\u00e3o fundi\u00e1ria?<\/h2>\n\n\n\n<h3 class=\"wp-block-heading\">Para os ocupantes<\/h3>\n\n\n\n<p>A regulariza\u00e7\u00e3o fundi\u00e1ria oferece seguran\u00e7a jur\u00eddica da posse ou propriedade do im\u00f3vel, acesso a servi\u00e7os p\u00fablicos essenciais como \u00e1gua, luz, esgoto, coleta de lixo, transporte p\u00fablico, educa\u00e7\u00e3o e sa\u00fade, al\u00e9m da possibilidade de realizar financiamentos e obter cr\u00e9dito, valoriza\u00e7\u00e3o do im\u00f3vel, melhoria da qualidade de vida e bem-estar social, e participa\u00e7\u00e3o nas decis\u00f5es sobre o futuro da comunidade.<\/p>\n\n\n\n<h3 class=\"wp-block-heading\">Para o poder p\u00fablico<\/h3>\n\n\n\n<p>Arrecada\u00e7\u00e3o de tributos, como impostos e taxas, a melhoria da gest\u00e3o urbana e rural, assim como a redu\u00e7\u00e3o dos custos com assist\u00eancia social e seguran\u00e7a p\u00fablica, promovendo a paz social e a sustentabilidade ambiental.<\/p>\n\n\n\n<p>Al\u00e9m disso, impulsiona o mercado imobili\u00e1rio ao aumentar a oferta de im\u00f3veis regularizados, proporcionando seguran\u00e7a jur\u00eddica para transa\u00e7\u00f5es e estimulando investimentos.<\/p>\n\n\n\n<h3 class=\"wp-block-heading\">Em geral&nbsp;<\/h3>\n\n\n\n<p>A regulariza\u00e7\u00e3o fundi\u00e1ria contribui para a preserva\u00e7\u00e3o do meio ambiente ao evitar pr\u00e1ticas predat\u00f3rias, protegendo \u00e1reas verdes e promovendo uma gest\u00e3o ambientalmente respons\u00e1vel.<\/p>\n\n\n\n<p>Ou seja, em resumo, a regulariza\u00e7\u00e3o fundi\u00e1ria \u00e9 uma ferramenta crucial para promover o desenvolvimento sustent\u00e1vel, a justi\u00e7a social e a prote\u00e7\u00e3o ambiental, enquanto impulsiona o mercado imobili\u00e1rio e melhora a qualidade de vida dos cidad\u00e3os.<\/p>\n\n\n\n<h2 class=\"wp-block-heading\">Quais as modalidades de regulariza\u00e7\u00e3o fundi\u00e1ria?&nbsp;<\/h2>\n\n\n\n<h3 class=\"wp-block-heading\">1. Regulariza\u00e7\u00e3o fundi\u00e1ria urbana (Reurb)<\/h3>\n\n\n\n<p>Tem o <strong>objetivo de regularizar a posse ou propriedade de im\u00f3veis ocupados irregularmente<\/strong> em \u00e1reas urbanas, com ou sem infraestrutura urbana, priorizando os ocupantes de baixa renda.<\/p>\n\n\n\n<p>\u00c9 um processo importante que visa garantir a legalidade da posse ou propriedade de um im\u00f3vel. Esse processo envolve v\u00e1rias etapas que precisam ser seguidas de forma criteriosa, organizada e documentada.<\/p>\n\n\n\n<p><strong>Para ser eleg\u00edvel \u00e0 regulariza\u00e7\u00e3o, o ocupante deve atender aos seguintes crit\u00e9rios<\/strong>:<\/p>\n\n\n\n<ul class=\"wp-block-list\">\n<li>Ocupa\u00e7\u00e3o de \u00e1rea p\u00fablica ou privada de at\u00e9 250 m\u00b2 por fam\u00edlia;<\/li>\n\n\n\n<li>Posse mansa, pac\u00edfica e ininterrupta por 5 anos;<\/li>\n\n\n\n<li>Aus\u00eancia de outro im\u00f3vel urbano ou rural em nome do ocupante;<\/li>\n\n\n\n<li>Resid\u00eancia no im\u00f3vel ou utiliza\u00e7\u00e3o para fins produtivos.<\/li>\n<\/ul>\n\n\n\n<p>Ap\u00f3s atender a esses crit\u00e9rios, o pr\u00f3ximo passo \u00e9 mobilizar os ocupantes e formar uma comiss\u00e3o para acompanhar o processo. Em seguida, \u00e9 crucial reunir-se com as autoridades locais para apresentar a demanda e elaborar um projeto de regulariza\u00e7\u00e3o que atenda aos requisitos legais.<\/p>\n\n\n\n<p>Ap\u00f3s a elabora\u00e7\u00e3o do projeto, ele deve ser aprovado pela C\u00e2mara Municipal, e se necess\u00e1rio, obras de infraestrutura devem ser realizadas para adequar a \u00e1rea \u00e0s normas urban\u00edsticas. Posteriormente, os lotes s\u00e3o demarcados e os ocupantes recebem a titula\u00e7\u00e3o de suas propriedades.<\/p>\n\n\n\n<p>Durante todo o processo, <strong>\u00e9 fundamental reunir os documentos necess\u00e1rio<\/strong>s, como certid\u00f5es, RG, CPF, comprovantes de renda e resid\u00eancia, al\u00e9m de outros documentos exigidos pelo munic\u00edpio.<\/p>\n\n\n\n<p>Quanto aos custos, \u00e9 importante estar ciente das taxas de inscri\u00e7\u00e3o, custos com projetos, obras de infraestrutura e impostos como o ITBI. No entanto, existem possibilidades de isen\u00e7\u00f5es e formas de pagamento facilitadas oferecidas pelo poder p\u00fablico.<\/p>\n\n\n\n<p>Para entender melhor a Regulariza\u00e7\u00e3o Fundi\u00e1ria Urbana (Reurb), \u00e9 fundamental consultar a legisla\u00e7\u00e3o aplic\u00e1vel. Isso inclui a Lei n\u00ba 13.465\/2017, conhecida como Estatuto da Cidade, que estabelece diretrizes para o ordenamento territorial e o desenvolvimento urbano. A Lei n\u00ba 6.766\/1979, sobre Parcelamento do Solo Urbano, tamb\u00e9m \u00e9 relevante para orientar procedimentos de ocupa\u00e7\u00e3o do espa\u00e7o urbano. Al\u00e9m disso, as normas municipais espec\u00edficas s\u00e3o importantes, abordando quest\u00f5es como zoneamento, uso do solo e infraestrutura urbana de acordo com a realidade de cada localidade.<\/p>\n\n\n\n<h3 class=\"wp-block-heading\">2. Regulariza\u00e7\u00e3o fundi\u00e1ria rural (Reurb-R)<\/h3>\n\n\n\n<p>O objetivo da Regulariza\u00e7\u00e3o Fundi\u00e1ria Rural \u00e9 <strong>legalizar a posse ou propriedade de im\u00f3veis localizados em \u00e1reas rurais<\/strong>, ocupados irregularmente em terras p\u00fablicas ou privadas, com \u00eanfase na concess\u00e3o de t\u00edtulos aos ocupantes.<\/p>\n\n\n\n<p><strong>Os crit\u00e9rios de enquadramento<\/strong> para a regulariza\u00e7\u00e3o incluem:<\/p>\n\n\n\n<ul class=\"wp-block-list\">\n<li>Ocupa\u00e7\u00e3o de \u00e1rea rural de at\u00e9 1 m\u00f3dulo fiscal;<\/li>\n\n\n\n<li>Posse tranquila, pac\u00edfica e cont\u00ednua por 5 anos;<\/li>\n\n\n\n<li>Aus\u00eancia de outro im\u00f3vel rural registrado em nome do ocupante;<\/li>\n\n\n\n<li>Utiliza\u00e7\u00e3o da terra para fins produtivos.<\/li>\n<\/ul>\n\n\n\n<p>A legisla\u00e7\u00e3o aplic\u00e1vel abrange a Lei n\u00ba 11.952\/2009 (Regulariza\u00e7\u00e3o Fundi\u00e1ria de Terras P\u00fablicas), a Lei n\u00ba 13.465\/2017 (Estatuto da Cidade) e normas estaduais espec\u00edficas.<\/p>\n\n\n\n<p><strong>O processo de regulariza\u00e7\u00e3o envolve as seguintes etapas:<\/strong><\/p>\n\n\n\n<ul class=\"wp-block-list\">\n<li>Cadastro dos ocupantes pelo Incra ou \u00f3rg\u00e3o estadual;<\/li>\n\n\n\n<li>An\u00e1lise da documenta\u00e7\u00e3o e dos crit\u00e9rios de enquadramento;<\/li>\n\n\n\n<li>Georreferenciamento da \u00e1rea;<\/li>\n\n\n\n<li>Elabora\u00e7\u00e3o do projeto de regulariza\u00e7\u00e3o;<\/li>\n\n\n\n<li>Aprova\u00e7\u00e3o do projeto pelo Incra ou \u00f3rg\u00e3o estadual;<\/li>\n\n\n\n<li>Emiss\u00e3o dos t\u00edtulos de propriedade aos ocupantes.<\/li>\n<\/ul>\n\n\n\n<p>Os documentos necess\u00e1rios para o processo incluem certid\u00e3o de nascimento ou casamento, RG e CPF, comprovante de renda e resid\u00eancia, declara\u00e7\u00e3o de posse e outros documentos espec\u00edficos exigidos pelo Incra ou \u00f3rg\u00e3o estadual.<\/p>\n\n\n\n<p>Os custos envolvidos na regulariza\u00e7\u00e3o compreendem taxas de inscri\u00e7\u00e3o, despesas com o projeto de regulariza\u00e7\u00e3o e Imposto de Transmiss\u00e3o de Bens Im\u00f3veis Inter Vivos (ITR). No entanto, isen\u00e7\u00f5es e formas de pagamento facilitadas podem ser oferecidas pelo poder p\u00fablico.<\/p>\n\n\n\n<p>Para obter apoio e orienta\u00e7\u00e3o durante o processo, os ocupantes podem recorrer a \u00f3rg\u00e3os p\u00fablicos como o Minist\u00e9rio das Cidades, Incra e prefeituras, al\u00e9m de entidades como a Caixa Econ\u00f4mica Federal, ONGs e entidades sociais. Recursos adicionais podem ser encontrados nos respectivos sites desses \u00f3rg\u00e3os e entidades.<\/p>\n\n\n\n<h2 class=\"wp-block-heading\">Quais s\u00e3o os desafios da regulariza\u00e7\u00e3o fundi\u00e1ria?<\/h2>\n\n\n\n<p>A falta de recursos financeiros representa uma barreira substancial, tanto para os ocupantes quanto para o poder p\u00fablico, dada a <strong>alta complexidade e os custos envolvidos no processo.<\/strong><\/p>\n\n\n\n<p>Al\u00e9m disso, a <strong>burocracia inerente ao tr\u00e2mite da regulariza\u00e7\u00e3o<\/strong> pode ser um obst\u00e1culo, tornando o processo demorado e dif\u00edcil de ser conclu\u00eddo. A falta de informa\u00e7\u00e3o tamb\u00e9m se destaca como um desafio, pois muitos ocupantes n\u00e3o t\u00eam acesso \u00e0s informa\u00e7\u00f5es necess\u00e1rias sobre seus direitos e sobre os procedimentos envolvidos na regulariza\u00e7\u00e3o.<\/p>\n\n\n\n<p>Por fim, os conflitos fundi\u00e1rios surgem como uma quest\u00e3o delicada, pois a regulariza\u00e7\u00e3o pode desencadear disputas entre os ocupantes e os propriet\u00e1rios das terras, ampliando as tens\u00f5es existentes.<\/p>\n\n\n\n<p>Apesar desses desafios, \u00e9 crucial reconhecer os benef\u00edcios substanciais que a regulariza\u00e7\u00e3o fundi\u00e1ria oferece \u00e0 sociedade. Ao garantir o acesso \u00e0 terra, \u00e0 moradia digna e \u00e0 seguran\u00e7a jur\u00eddica, a regulariza\u00e7\u00e3o contribui diretamente para o desenvolvimento urbano e rural, promove a justi\u00e7a social e fortalece a prote\u00e7\u00e3o do meio ambiente.<\/p>\n\n\n\n<style>\n    #adpost-block_dbb5eae13a8d4a90c0202c3f2d84dfdb.anuncio-post-reverse {\n        display: flex;\n        gap: 24px;\n        border-radius: 8px;\n        width: 100%;\n        max-width: 752px;\n        padding: 40px;\n        background: #e7f4fe;\n        margin: 16px auto;\n    }\n\n    #adpost-block_dbb5eae13a8d4a90c0202c3f2d84dfdb .anuncio-container {\n        display: flex;\n        flex-direction: column;\n        gap: 24px;\n        width: 100%;\n        max-width: 333px;\n    }\n\n    #adpost-block_dbb5eae13a8d4a90c0202c3f2d84dfdb .anuncio-container .logo {\n        width: 100%;\n        max-width: 177px;\n        margin: 0;\n    }\n\n    #adpost-block_dbb5eae13a8d4a90c0202c3f2d84dfdb .anuncio-text-container {\n        display: flex;\n        flex-direction: column;\n        gap: 24px;\n    }\n\n    #adpost-block_dbb5eae13a8d4a90c0202c3f2d84dfdb .anuncio-text-container .title {\n        font-family: 'Ubuntu';\n        font-size: 1.5rem; \/\/24px\n        font-weight: 700;\n        line-height: 120%;\n        margin: 0;\n        color: #000;\n    }\n\n    #adpost-block_dbb5eae13a8d4a90c0202c3f2d84dfdb .anuncio-text-container .text {\n        font-size: 0.875rem;\n        font-weight: 400;\n        line-height: 170%;\n        color: #000;\n    }\n\n    #adpost-block_dbb5eae13a8d4a90c0202c3f2d84dfdb .anuncio-container .button {\n        display: inline-flex;\n        align-items: center;\n        justify-content: center;\n        width: fit-content;\n        height: 48px;\n        border-radius: 8px;\n        padding: 12px 24px;\n        font-size: 1rem;\n        font-weight: 600;\n        text-decoration: none;\n        background: #008fd5;\n        color: #fff;\n    }\n\n    #adpost-block_dbb5eae13a8d4a90c0202c3f2d84dfdb .image-container {\n        position: relative;\n        width: 100%;\n        height: 100%;\n    }\n\n    #adpost-block_dbb5eae13a8d4a90c0202c3f2d84dfdb .image-container.float {\n        min-height: 236px;\n    }\n\n    #adpost-block_dbb5eae13a8d4a90c0202c3f2d84dfdb .image-container .image-desktop {\n        width: 100%;\n        max-width: 323px;\n        object-fit: contain;\n        margin: 0;\n    }\n\n    #adpost-block_dbb5eae13a8d4a90c0202c3f2d84dfdb .image-container .image-mobile {\n        display: none;\n        width: 100%;\n        max-width: 291px;\n        object-fit: contain;\n        margin: 0;\n    }\n\n    #adpost-block_dbb5eae13a8d4a90c0202c3f2d84dfdb .image-container.float .image-desktop,\n    #adpost-block_dbb5eae13a8d4a90c0202c3f2d84dfdb .image-container.float .image-mobile {\n        position: absolute;\n        right: 0;\n        bottom: 0;\n    }\n\n    #adpost-block_dbb5eae13a8d4a90c0202c3f2d84dfdb .image-container img {\n        border-radius: 8px;\n    }\n\n    \/************\n    * MOBILE \n    *************\/\n    @media (max-width: 1439px) {\n        #adpost-block_dbb5eae13a8d4a90c0202c3f2d84dfdb.anuncio-post-reverse {\n            flex-direction: column-reverse;\n            max-width: fit-content;\n            padding: 24px;\n        }\n\n        #adpost-block_dbb5eae13a8d4a90c0202c3f2d84dfdb .anuncio-container {\n            max-width: 280px;\n            align-items: center;\n        }\n\n        #adpost-block_dbb5eae13a8d4a90c0202c3f2d84dfdb .anuncio-container .logo {\n            max-width: 147px;\n        }\n\n        #adpost-block_dbb5eae13a8d4a90c0202c3f2d84dfdb .anuncio-text-container {\n            gap: 8px;\n        }\n\n        #adpost-block_dbb5eae13a8d4a90c0202c3f2d84dfdb .anuncio-text-container .title {\n            font-size: 1.25rem;\n            text-align: center;\n        }\n\n        #adpost-block_dbb5eae13a8d4a90c0202c3f2d84dfdb .anuncio-text-container .text {\n            text-align: center;\n        }\n\n        #adpost-block_dbb5eae13a8d4a90c0202c3f2d84dfdb .anuncio-container .button {\n            width: 100%;\n        }\n\n        #adpost-block_dbb5eae13a8d4a90c0202c3f2d84dfdb .image-container.float {\n            min-height: 182px;\n        }\n\n        #adpost-block_dbb5eae13a8d4a90c0202c3f2d84dfdb .image-container .image-desktop {\n            display: none;\n        }\n\n        #adpost-block_dbb5eae13a8d4a90c0202c3f2d84dfdb .image-container .image-mobile {\n            display: block;\n        }\n    }\n\n    \/*******************\n    * RESET GLOBAL CSS \n    ********************\/\n    #s-post main article .content .image-container img {\n        margin: 0;\n    }\n<\/style>\n\n\n<article id=\"adpost-block_dbb5eae13a8d4a90c0202c3f2d84dfdb\" class=\"anuncio-post-reverse\">\n    <div class=\"anuncio-container\">\n        \n        <div class=\"anuncio-text-container\">\n             <h3 class=\"title\" >Seja protagonista da sua advocacia com o Astrea<\/h3>\n            <div class=\"text\" >Tenha tempo para focar no crescimento do seu escrit\u00f3rio, enquanto o Astrea cuida da sua gest\u00e3o jur\u00eddica com intelig\u00eancia.<\/div>        <\/div>\n       \n        <a class=\"button\" href=\"\/astrea\/?utm_source=blog&#038;utm_medium=adpost&#038;utm_campaign=campanha-marca-2026\" target=\"_self\">Conhe\u00e7a o Astrea<\/a>    <\/div>\n\n    <div class=\"image-container\">\n        <img decoding=\"async\" class=\"image-desktop\" src=\"https:\/\/www.aurum.com.br\/blog\/wp-content\/uploads\/2026\/03\/adpos-posicionamento-2026-desktop.png\" alt=\"\" \/>\n        <img decoding=\"async\" class=\"image-mobile\" src=\"https:\/\/www.aurum.com.br\/blog\/wp-content\/uploads\/2026\/03\/adpost-posicionamento-2026-mobile.png\" alt=\"\" \/>    <\/div>\n<\/article>\n\n\n<h2 class=\"wp-block-heading\">Conclus\u00e3o <\/h2>\n\n\n\n<p>\u00c9 fundamental enfrentar esses desafios de forma proativa e colaborativa, buscando solu\u00e7\u00f5es que equilibrem os interesses das partes envolvidas e garantam que a regulariza\u00e7\u00e3o fundi\u00e1ria continue a ser uma ferramenta essencial para a constru\u00e7\u00e3o de comunidades mais justas e sustent\u00e1veis.<\/p>\n\n\n\n<p>A regulariza\u00e7\u00e3o fundi\u00e1ria \u00e9 um processo fundamental para garantir o acesso \u00e0 terra, \u00e0 moradia digna e \u00e0 cidadania para milh\u00f5es de brasileiros. Apesar dos desafios, os benef\u00edcios da regulariza\u00e7\u00e3o fundi\u00e1ria s\u00e3o muitos e contribuem para o desenvolvimento urbano e rural, a justi\u00e7a social e a prote\u00e7\u00e3o do meio ambiente.<\/p>\n\n\n\n<h2 class=\"wp-block-heading\">Perguntas e respostas frequentes sobre o tema<\/h2>\n\n\n\n<h3 class=\"wp-block-heading\">O que \u00e9 regulariza\u00e7\u00e3o fundi\u00e1ria?<\/h3>\n\n\n\n<p>\u00c9 o conjunto de medidas jur\u00eddicas, urban\u00edsticas, ambientais e sociais que visam \u00e0 regulariza\u00e7\u00e3o de assentamentos irregulares e \u00e0 titula\u00e7\u00e3o de seus ocupantes, de forma a garantir o direito social \u00e0 moradia, o pleno desenvolvimento das fun\u00e7\u00f5es sociais da propriedade urbana e o direito ao meio ambiente ecologicamente equilibrado.<\/p>\n\n\n\n<h3 class=\"wp-block-heading\">Quais s\u00e3o os tipos de regulariza\u00e7\u00e3o fundi\u00e1ria?<\/h3>\n\n\n\n<p>Existem basicamente dois tipos: a <strong>regulariza\u00e7\u00e3o fundi\u00e1ria urbana<\/strong> (Reurb), que se refere \u00e0 regulariza\u00e7\u00e3o de assentamentos irregulares em \u00e1reas urbanas, e a <strong>regulariza\u00e7\u00e3o fundi\u00e1ria rural<\/strong>, que busca legalizar a ocupa\u00e7\u00e3o de terras no campo, muitas vezes ligada \u00e0 reforma agr\u00e1ria e \u00e0 titula\u00e7\u00e3o de terras p\u00fablicas ocupadas por pequenos agricultores e comunidades tradicionais.<\/p>\n\n\n\n<h3 class=\"wp-block-heading\">Quem pode se beneficiar da regulariza\u00e7\u00e3o fundi\u00e1ria?<\/h3>\n\n\n\n<p>Fam\u00edlias ou indiv\u00edduos que ocupam \u00e1reas sem a devida documenta\u00e7\u00e3o legal de propriedade, seja em zonas urbanas ou rurais. Isso inclui moradores de favelas, loteamentos irregulares, assentamentos informais e ocupantes de terras p\u00fablicas sem titula\u00e7\u00e3o.<\/p>\n\n\n\n<h2 class=\"wp-block-heading\">Mais conhecimento para voc\u00ea&nbsp;<\/h2>\n\n\n\n<ul class=\"wp-block-list\">\n<li><a href=\"https:\/\/www.aurum.com.br\/blog\/drones\/\">Drones: Quem pode adquirir, restri\u00e7\u00f5es legais e permiss\u00f5es<\/a><\/li>\n\n\n\n<li><a href=\"https:\/\/www.aurum.com.br\/blog\/provimento-134-cnj\/\">Provimento 134 cnj: confira os principais artigos comentados<\/a>&nbsp;<\/li>\n\n\n\n<li><a href=\"https:\/\/www.aurum.com.br\/blog\/como-contar-prazo-processual\/\">Como contar prazo processual? [+ Calculadora Gratuita]<\/a><\/li>\n\n\n\n<li><a href=\"https:\/\/www.aurum.com.br\/blog\/acidente-de-trabalho\/\">Acidente de Trabalho: Direitos e procedimentos legais<\/a><\/li>\n\n\n\n<li><a href=\"https:\/\/www.aurum.com.br\/blog\/embargos-de-terceiro\/\">Principais d\u00favidas sobre embargos de terceiro no NCPC<\/a><\/li>\n\n\n\n<li><a href=\"https:\/\/www.aurum.com.br\/blog\/lei-de-falencia-e-recuperacao-judicial\/\" data-type=\"URL\" data-id=\"https:\/\/www.aurum.com.br\/blog\/lei-de-falencia-e-recuperacao-judicial\/\">Lei de Fal\u00eancia e Recupera\u00e7\u00e3o Judicial: o que mudou?<\/a><\/li>\n\n\n\n<li><a href=\"https:\/\/www.aurum.com.br\/blog\/acao-indenizatoria\/\">Entenda o que \u00e9 a a\u00e7\u00e3o indenizat\u00f3ria, quando cabe e prazos<\/a><\/li>\n\n\n\n<li><a href=\"https:\/\/www.aurum.com.br\/blog\/erro-laboratorial\/\">Erro Laboratorial: Conhe\u00e7a quais s\u00e3o suas fases e os seus tipos!<\/a><\/li>\n\n\n\n<li><a href=\"https:\/\/www.aurum.com.br\/blog\/ostentacao-na-advocacia\/\">Ostenta\u00e7\u00e3o na Advocacia: o que o advogado n\u00e3o pode fazer nas redes sociais?<\/a><\/li>\n\n\n\n<li><a href=\"https:\/\/www.aurum.com.br\/blog\/acao-anulatoria\/\">A\u00e7\u00e3o anulat\u00f3ria: O que \u00e9, requisitos, quem pode propor<\/a><\/li>\n\n\n\n<li><a href=\"https:\/\/www.aurum.com.br\/blog\/previdencia-privada\/\">Previd\u00eancia privada: como funciona e atua\u00e7\u00e3o do advogado<\/a><\/li>\n\n\n\n<li><a href=\"https:\/\/www.aurum.com.br\/blog\/desapropriacao\/\">Desapropria\u00e7\u00e3o: O que \u00e9, tipos e como funciona a lei?<\/a><\/li>\n<\/ul>\n\n\n<style>\r\n  .news-post {\r\n    background: url('https:\/\/www.aurum.com.br\/blog\/wp-content\/themes\/aurum\/img\/bg-news-artigo.svg') no-repeat top center #3C48AA;\r\n    padding: 1.5rem;\r\n    border-radius: 6px;\r\n    margin: 1rem 0;\r\n  }\r\n  .news-post .icone {\r\n    display: none;\r\n  }\r\n  .news-post .title {\r\n    font-weight: 700;\r\n    font-size: 16px;\r\n    line-height: 130%;\r\n    text-align: center;\r\n    letter-spacing: -0.5px;\r\n    color: #fff;\r\n    margin-bottom: .9375rem;\r\n  }\r\n  .news-post p {\r\n    font-size: .875rem;\r\n    line-height: 140%;\r\n    text-align: center;\r\n    color: #fff;\r\n    margin-bottom: 1.25rem;\r\n  }\r\n  .news-post .news_button_span {\r\n    font-size: .8125rem;\r\n    display: block;\r\n    padding: .125rem .3125rem;\r\n    color: #fff;\r\n    text-align:left;\r\n  }\r\n  .news-post .news_button_span a {\r\n    color: #fff !important;\r\n    text-decoration: underline;\r\n  }\r\n  .news-post form {\r\n    width: 100%;\r\n  }\r\n  .news-post label {\r\n    font-weight: 600;\r\n    font-size: .9375rem;\r\n    line-height: 1.5rem;\r\n    margin-bottom: .5rem;\r\n    color: #fff;\r\n    display: block;\r\n  }\r\n  .news-post input {\r\n    background: #fff;\r\n    border: 1px solid #CBCBD9;\r\n    box-sizing: border-box;\r\n    border-radius: 4px;\r\n    padding: .75rem 1rem;\r\n    width: 100%;\r\n  }\r\n  .news-post button {\r\n    margin-top: .875rem;\r\n    width: 100%;\r\n    min-width: auto;\r\n    background: #FCC632;\r\n    color: #3C48AA;\r\n  }\r\n  .news-post .input {\r\n    position: relative;\r\n    padding-bottom: 10px;\r\n  }\r\n  .news-post .error-message-ad {\r\n    font-size: .875rem;\r\n    line-height: 130%;\r\n    color: #D50021;\r\n    margin-left: 4px;\r\n  }\r\n  .news-post .error {\r\n    border: 1px solid #D50021;\r\n  }\r\n  .news-post #message-form-ad {\r\n    border-radius: 4px;\r\n    padding: 0.7rem;\r\n    font-size:0.8rem;\r\n    text-align: center;\r\n    align-items: center;\r\n    justify-content: center;\r\n    display: none;\r\n  }\r\n  .news-post #message-form-ad svg {\r\n    margin-right: 8px;\r\n  }\r\n\r\n  @media(min-width: 561px) {\r\n    .news-post {\r\n      position: relative;\r\n      background: url('https:\/\/www.aurum.com.br\/blog\/wp-content\/themes\/aurum\/img\/bg-news-artigo.svg') no-repeat top center #3C48AA;\r\n      width: calc(100% - 30px);\r\n    }\r\n    .news-post .icone {\r\n      display: block;\r\n      position: absolute;\r\n      right: -30px;\r\n      top: 65px;\r\n      max-width: 142px;\r\n      width: 100%;\r\n      height: auto;\r\n      margin: 0;\r\n    }\r\n    .news-post .title {\r\n      font-size: 1.125rem;\r\n      text-align: left;\r\n      \/* padding-right: 3.75rem; *\/\r\n    }\r\n    .news-post p {\r\n      font-size: 1rem;\r\n      text-align: left;\r\n      max-width: 400px;\r\n    }\r\n    .news-post .boxes {\r\n      display: flex;\r\n      align-items: flex-start;\r\n    }\r\n    .news-post button {\r\n      margin: 0 0 0 1rem;\r\n      width: 100%;\r\n      max-width: 170px;\r\n      min-width: auto;\r\n      transition: all ease .3s\r\n    }\r\n    .news-post button:hover {\r\n      opacity: 0.9;\r\n      transition: all ease .3s\r\n    }\r\n    .news-post #message-form-ad {\r\n      padding: 1.125rem;\r\n      font-size:1rem;\r\n    }\r\n    .news-post #message-form-ad svg {\r\n      margin-right: 10px;\r\n    }\r\n  }\r\n<\/style>\r\n\r\n<div class=\"news-post\">\r\n  <div class=\"title news-ad-title\">Gostou do artigo e quer evoluir a sua advocacia?<\/div>\r\n  <p class=\"news-ad-subtitle\">Assine gr\u00e1tis a Aurum News e receba uma dose semanal de conte\u00fado no seu e-mail! \u270c\ufe0f<\/p>\r\n  <img decoding=\"async\" src=\"https:\/\/www.aurum.com.br\/blog\/wp-content\/themes\/aurum\/img\/icon-news-artigo.svg\" alt=\"\" class=\"icone\">\r\n\r\n  <form method=\"post\" name=\"newsletter-ad\" id=\"aurum-newsletter-ad\">\r\n    <div class=boxes>\r\n      <div class=\"input\">\r\n        <label class=\"label-email\" htmlFor=\"email-ad\">Qual seu e-mail?<\/label>\r\n        <input type=\"email\" id=\"email-ad\" name=\"newsletter-mail-ad\" placeholder=\"Digite seu e-mail?\">\r\n        <div class=\"error-message-ad-email\">Endere\u00e7o de e-mail inv\u00e1lido ou incorreto<\/div>\r\n\r\n        <label class=\"label-select\" htmlFor=\"lawsuits-select-ad\">\r\n          Quantos processos voc\u00ea ou<br class=\"for-desktop\"\/> seu escrit\u00f3rio acompanham?\r\n        <\/label>\r\n        <div id=\"lawsuits-select-ad\" class=\"lawsuits-select select-wrapper\" tabindex=\"0\">\r\n          <div class=\"s-dropdown--styled\">\r\n          <span class=\"lawsuits-default\">\r\n            <span id=\"lawsuits-newsletter-ad\" class=\"lawsuits-default-text\" data-value=\"\">Selecione os processos<\/span>\r\n            <svg class=\"chevron\" xmlns=\"http:\/\/www.w3.org\/2000\/svg\" width=\"24\" height=\"25\" viewBox=\"0 0 24 25\" fill=\"none\">\r\n              <path d=\"M6 15.6152L12 9.61523L18 15.6152\" stroke=\"black\" stroke-width=\"2\" stroke-linecap=\"round\" stroke-linejoin=\"round\" \/>\r\n            <\/svg>\r\n          <\/span>\r\n\r\n          <ul class=\"s-dropdown u-hide\">\r\n            <li class=\"lawsuits\" data-value=\"Mais de 1000 processos\">Mais de 1000 processos<\/li>\r\n            <li class=\"lawsuits\" data-value=\"De 501 a 1000 processos\">De 501 a 1000 processos<\/li>\r\n            <li class=\"lawsuits\" data-value=\"De 151 a 500 processos\">De 151 a 500 processos<\/li>\r\n            <li class=\"lawsuits\" data-value=\"De 41 a 150 processos\">De 41 a 150 processos<\/li>\r\n            <li class=\"lawsuits\" data-value=\"At\u00e9 40 processos\">At\u00e9 40 processos<\/li>\r\n            <li class=\"lawsuits\" data-value=\"Atuo apenas no consultivo\">Atuo apenas no consultivo<\/li>\r\n            <li class=\"lawsuits\" data-value=\"Ainda sou estudante de direito\">Ainda sou estudante de direito<\/li>\r\n            <li class=\"lawsuits\" data-value=\"N\u00e3o sou da \u00e1rea jur\u00eddica\">N\u00e3o sou da \u00e1rea jur\u00eddica<\/li>\r\n          <\/ul>\r\n          <\/div>\r\n        <\/div>\r\n        <div class=\"error-message-ad-lawsuits\">Selecione algum processo<\/div>\r\n      <\/div>\r\n      <button class=\"btn btn-yellow ad-btn-desktop\" id=\"aurum-submit-ad\">Assinar gr\u00e1tis<\/button>\r\n      <button class=\"btn btn-yellow ad-btn-mobile\" id=\"aurum-submit-ad\">Assinar<\/button>\r\n    <\/div>\r\n    <span class=\"news_button_span\">Ao se cadastrar voc\u00ea declara que leu e aceitou a pol\u00edtica de privacidade e cookies do <a href=\"https:\/\/s3.sa-east-1.amazonaws.com\/publico.aurum.com.br\/contratos\/politica-de-privacidade.pdf\" target=\"_blank\" rel=\"noopener noreferrer\">site<\/a>.<\/span>\r\n  <\/form>\r\n  <div id=\"message-form-ad\"><\/div>\r\n<\/div>\n\n\n<p><em>Tem alguma d\u00favida ou coment\u00e1rio sobre a regulariza\u00e7\u00e3o fundi\u00e1ria? Compartilhe com a gente abaixo! <\/em>\ud83d\ude09<\/p>\n","protected":false},"excerpt":{"rendered":"<p>A regulariza\u00e7\u00e3o fundi\u00e1ria \u00e9 um processo fundamental para garantir o acesso \u00e0 terra, \u00e0 moradia digna e \u00e0 cidadania para milh\u00f5es de brasileiros. Ela se aplica tanto \u00e0s \u00e1reas urbanas quanto \u00e0s rurais, com diferentes procedimentos e objetivos espec\u00edficos para cada caso. Voc\u00ea sabia que cerca de 30 milh\u00f5es de brasileiros vivem em \u00e1reas irregulares, [&hellip;]<\/p>\n","protected":false},"author":154,"featured_media":27195,"comment_status":"open","ping_status":"open","sticky":false,"template":"","format":"standard","meta":{"_bbp_topic_count":0,"_bbp_reply_count":0,"_bbp_total_topic_count":0,"_bbp_total_reply_count":0,"_bbp_voice_count":0,"_bbp_anonymous_reply_count":0,"_bbp_topic_count_hidden":0,"_bbp_reply_count_hidden":0,"_bbp_forum_subforum_count":0,"inline_featured_image":false,"footnotes":""},"categories":[19,28],"tags":[],"class_list":["post-9311","post","type-post","status-publish","format-standard","has-post-thumbnail","hentry","category-direito-civil","category-direito-imobiliario"],"acf":[],"_links":{"self":[{"href":"https:\/\/www.aurum.com.br\/blog\/wp-json\/wp\/v2\/posts\/9311","targetHints":{"allow":["GET"]}}],"collection":[{"href":"https:\/\/www.aurum.com.br\/blog\/wp-json\/wp\/v2\/posts"}],"about":[{"href":"https:\/\/www.aurum.com.br\/blog\/wp-json\/wp\/v2\/types\/post"}],"author":[{"embeddable":true,"href":"https:\/\/www.aurum.com.br\/blog\/wp-json\/wp\/v2\/users\/154"}],"replies":[{"embeddable":true,"href":"https:\/\/www.aurum.com.br\/blog\/wp-json\/wp\/v2\/comments?post=9311"}],"version-history":[{"count":16,"href":"https:\/\/www.aurum.com.br\/blog\/wp-json\/wp\/v2\/posts\/9311\/revisions"}],"predecessor-version":[{"id":28769,"href":"https:\/\/www.aurum.com.br\/blog\/wp-json\/wp\/v2\/posts\/9311\/revisions\/28769"}],"wp:featuredmedia":[{"embeddable":true,"href":"https:\/\/www.aurum.com.br\/blog\/wp-json\/wp\/v2\/media\/27195"}],"wp:attachment":[{"href":"https:\/\/www.aurum.com.br\/blog\/wp-json\/wp\/v2\/media?parent=9311"}],"wp:term":[{"taxonomy":"category","embeddable":true,"href":"https:\/\/www.aurum.com.br\/blog\/wp-json\/wp\/v2\/categories?post=9311"},{"taxonomy":"post_tag","embeddable":true,"href":"https:\/\/www.aurum.com.br\/blog\/wp-json\/wp\/v2\/tags?post=9311"}],"curies":[{"name":"wp","href":"https:\/\/api.w.org\/{rel}","templated":true}]}}