{"id":9309,"date":"2025-04-24T18:11:14","date_gmt":"2025-04-24T21:11:14","guid":{"rendered":"https:\/\/aurum.com.br\/blog\/moratoria\/"},"modified":"2025-05-13T11:08:12","modified_gmt":"2025-05-13T14:08:12","slug":"moratoria","status":"publish","type":"post","link":"https:\/\/www.aurum.com.br\/blog\/moratoria\/","title":{"rendered":"Entenda a morat\u00f3ria: conceitos, tipos e impactos"},"content":{"rendered":"<div id=\"bsf_rt_marker\"><\/div>\n<pre class=\"wp-block-preformatted\"><strong>Morat\u00f3ria<\/strong> \u00e9 a dila\u00e7\u00e3o do prazo para o pagamento de d\u00edvidas, vencidas ou vincendas, concedida pelo credor ao devedor. No C\u00f3digo Tribut\u00e1rio Nacional, encontra-se prevista no art. 151, I, e regulamentada nos artigos 152 a 155.<\/pre>\n\n\n\n<p>Em um cen\u00e1rio econ\u00f4mico e social complexo, marcado por crises e instabilidades, a morat\u00f3ria surge como um instrumento jur\u00eddico e econ\u00f4mico de grande relev\u00e2ncia.&nbsp;<\/p>\n\n\n\n<p>Seja para indiv\u00edduos, empresas ou na\u00e7\u00f5es, a possibilidade de suspender ou adiar o cumprimento de obriga\u00e7\u00f5es financeiras pode representar um al\u00edvio crucial em momentos de dificuldade.&nbsp;<\/p>\n\n\n\n<p>Mas o que exatamente \u00e9 a morat\u00f3ria?&nbsp; Quais s\u00e3o os diferentes tipos existentes? E como ela impacta as pessoas, as empresas e o governo?<\/p>\n\n\n\n<p>Neste artigo, vamos explorar esses pontos de forma clara e acess\u00edvel, proporcionando uma vis\u00e3o ampla sobre a morat\u00f3ria, seu contexto legal, os tipos existentes, os objetivos para os quais ela \u00e9 institu\u00edda, as situa\u00e7\u00f5es em que pode ser decretada e os impactos para os diversos setores da sociedade.<\/p>\n\n\n\n<p>Continue a leitura! \ud83d\ude42<\/p>\n\n\n\n<h2 class=\"wp-block-heading\">O que \u00e9 morat\u00f3ria?<\/h2>\n\n\n\n<p>Morat\u00f3ria, em termos simples, \u00e9 o <strong>adiamento ou suspens\u00e3o tempor\u00e1ria de uma obriga\u00e7\u00e3o<\/strong>, geralmente relacionada a pagamentos de d\u00edvidas, impostos ou outras responsabilidades financeiras.&nbsp;<\/p>\n\n\n\n<p>Em sua ess\u00eancia, a morat\u00f3ria \u00e9 uma medida que visa aliviar a press\u00e3o sobre um devedor, permitindo-lhe mais tempo para cumprir suas obriga\u00e7\u00f5es.&nbsp;<\/p>\n\n\n\n<p>Sua origem remonta a tempos antigos, onde a morat\u00f3ria surgia como uma solu\u00e7\u00e3o para proteger as partes envolvidas em situa\u00e7\u00f5es de calamidade p\u00fablica ou dificuldades extremas.<\/p>\n\n\n\n<p>Ela<strong> pode ser concedida por lei, por acordo entre as partes ou por decis\u00e3o judicial<\/strong>, e visa proporcionar um per\u00edodo de al\u00edvio financeiro para o devedor, permitindo que ele se recupere e reorganize suas finan\u00e7as.<\/p>\n\n\n\n<p>No contexto legal brasileiro, a morat\u00f3ria encontra respaldo em diversas normas, como o <strong>C\u00f3digo Civil, o C\u00f3digo Tribut\u00e1rio Nacional (CTN) e a Lei do Sistema Financeiro Nacional.<\/strong>&nbsp;<\/p>\n\n\n\n<p>O CTN, em seu artigo 152, prev\u00ea a possibilidade de concess\u00e3o de morat\u00f3ria para o pagamento de tributos, enquanto o C\u00f3digo Civil estabelece as regras gerais para o cumprimento de obriga\u00e7\u00f5es contratuais.<\/p>\n\n\n\n<p>As principais refer\u00eancias \u00e0 Morat\u00f3ria costumam ser no \u00e2mbito do direito tribut\u00e1rio.<\/p>\n\n\n\n<p>Vejam-se os conceitos doutrin\u00e1rios de Regina Helena Costa e de Hugo de Brito Machado Segundo, respectivamente:<\/p>\n\n\n\n<blockquote class=\"wp-block-quote is-layout-flow wp-block-quote-is-layout-flow\">\n<p><em>A morat\u00f3ria \u00e9 a prorroga\u00e7\u00e3o do prazo ou a outorga de novo prazo, se j\u00e1 findo o original, para o cumprimento da obriga\u00e7\u00e3o principal. Sempre depender\u00e1 de lei para sua concess\u00e3o, n\u00e3o somente porque a obriga\u00e7\u00e3o tribut\u00e1ria \u00e9 ex lege, mas tamb\u00e9m por for\u00e7a do princ\u00edpio da indisponibilidade do interesse p\u00fablico, j\u00e1 que a morat\u00f3ria implica o recebimento do cr\u00e9dito fiscal posteriormente ao prazo originalmente estabelecido.\u201d<\/em><\/p>\n<\/blockquote>\n\n\n\n<blockquote class=\"wp-block-quote is-layout-flow wp-block-quote-is-layout-flow\">\n<p><em>Quando h\u00e1 morat\u00f3ria, ocorre a prorroga\u00e7\u00e3o n\u00e3o propriamente do vencimento (a partir do qual j\u00e1 fluem juros), mas da data para o pagamento. Essa distin\u00e7\u00e3o \u00e9 importante, quando se est\u00e1 diante de situa\u00e7\u00e3o na qual a data do vencimento do tributo \u00e9 determinante para que o contribuinte tenha ou n\u00e3o direito a determinado tratamento diferenciado, como acontece, por exemplo, com programas como o REFIS, no qual somente podem ser inseridos tributos vencidos at\u00e9 determinada data.\u201d<\/em><\/p>\n<\/blockquote>\n\n\n\n<h2 class=\"wp-block-heading\">Origem e contexto legal da morat\u00f3ria:&nbsp;<\/h2>\n\n\n\n<p>A origem da palavra &#8220;morat\u00f3ria&#8221; remonta ao latim &#8220;moratorius&#8221;, que significa &#8220;que retarda&#8221; ou &#8220;que adia&#8221;.&nbsp;<\/p>\n\n\n\n<p>No contexto jur\u00eddico e econ\u00f4mico, o<strong> termo evoluiu para descrever a concess\u00e3o de um prazo adicional para o cumprimento de uma obriga\u00e7\u00e3o<\/strong>, geralmente o pagamento de uma d\u00edvida.<\/p>\n\n\n\n<p>Veja-se o que disp\u00f5e o CTN, em seus artigos 151 a 154:<\/p>\n\n\n\n<figure class=\"wp-block-pullquote\"><blockquote><p>Art. 151. Suspendem a exigibilidade do cr\u00e9dito tribut\u00e1rio:<br>I &#8211; morat\u00f3ria;<br>Se\u00e7\u00e3o II<br>Morat\u00f3ria<br>Art. 152. A morat\u00f3ria somente pode ser concedida:<br>I &#8211; em car\u00e1ter geral:<br>a) pela pessoa jur\u00eddica de direito p\u00fablico competente para instituir o tributo a que se refira;<br>b) pela Uni\u00e3o, quanto a tributos de compet\u00eancia dos Estados, do Distrito Federal ou dos Munic\u00edpios, quando simultaneamente concedida quanto aos tributos de compet\u00eancia federal e \u00e0s obriga\u00e7\u00f5es de direito privado;<br>II &#8211; em car\u00e1ter individual, por despacho da autoridade administrativa, desde que autorizada por lei nas condi\u00e7\u00f5es do inciso anterior.<br>Art. 153. A lei que conceda morat\u00f3ria em car\u00e1ter geral ou autorize sua concess\u00e3o em car\u00e1ter individual especificar\u00e1, sem preju\u00edzo de outros requisitos:<br>Art. 154. Salvo disposi\u00e7\u00e3o de lei contr\u00e1ria, a morat\u00f3ria somente abrange os cr\u00e9ditos definitivamente constitu\u00eddos \u00e0 data da lei ou do despacho que a conceder, ou cujo lan\u00e7amento j\u00e1 tenha sido iniciado \u00e0quela data por ato regularmente notificado ao sujeito passivo.<br>Art. 155. A concess\u00e3o da morat\u00f3ria em car\u00e1ter individual n\u00e3o gera direito adquirido e ser\u00e1 revogado de of\u00edcio, sempre que se apure que o beneficiado n\u00e3o satisfazia ou deixou de satisfazer as condi\u00e7\u00f5es ou n\u00e3o cumprira ou deixou de cumprir os requisitos para a concess\u00e3o do favor, cobrando-se o cr\u00e9dito acrescido de juros de mora<\/p><cite>ler mais<\/cite><\/blockquote><\/figure>\n\n\n\n<p>Veja-se o que disp\u00f5e o C\u00f3digo Civil, em seus artigos 394 e 397:<\/p>\n\n\n\n<figure class=\"wp-block-pullquote classe bq-small\"><blockquote><p>Art. 394. Considera-se em mora o devedor que n\u00e3o efetuar o pagamento e o credor que n\u00e3o quiser receb\u00ea-lo no tempo, lugar e forma que a lei ou a conven\u00e7\u00e3o estabelecer.<br>Art. 395.&nbsp; Responde o devedor pelos preju\u00edzos a que sua mora der causa, mais juros, atualiza\u00e7\u00e3o dos valores monet\u00e1rios e honor\u00e1rios de advogado.&nbsp;&nbsp;&nbsp;&nbsp;&nbsp;&nbsp; <br>Par\u00e1grafo \u00fanico. Se a presta\u00e7\u00e3o, devido \u00e0 mora, se tornar in\u00fatil ao credor, este poder\u00e1 enjeit\u00e1-la, e exigir a satisfa\u00e7\u00e3o das perdas e danos.<br>Art. 396. N\u00e3o havendo fato ou omiss\u00e3o imput\u00e1vel ao devedor, n\u00e3o incorre este em mora.<br>Art. 397. O inadimplemento da obriga\u00e7\u00e3o, positiva e l\u00edquida, no seu termo, constitui de pleno direito em mora o devedor.&nbsp;&nbsp;&nbsp; <br>Par\u00e1grafo \u00fanico. N\u00e3o havendo termo, a mora se constitui mediante interpela\u00e7\u00e3o judicial ou extrajudicial.<\/p><\/blockquote><\/figure>\n\n\n\n<h2 class=\"wp-block-heading\">Quais s\u00e3o os tipos de morat\u00f3ria?<\/h2>\n\n\n\n<p>Confira quais s\u00e3o os tipos de morat\u00f3ria existentes e as caracter\u00edsticas de cada uma delas!<\/p>\n\n\n\n<h3 class=\"wp-block-heading\">Morat\u00f3ria geral (art. 152, I, CTN):&nbsp;&nbsp;<\/h3>\n\n\n\n<p>A morat\u00f3ria geral <strong>ocorre quando uma medida de adiamento das d\u00edvidas \u00e9 aplicada de maneira ampla,<\/strong> afetando um grande n\u00famero de devedores, sejam pessoas f\u00edsicas, empresas ou at\u00e9 Estados.&nbsp;<\/p>\n\n\n\n<p>A aplica\u00e7\u00e3o coletiva beneficia grupos espec\u00edficos, como empresas de um setor afetado por uma crise.&nbsp;&nbsp;<\/p>\n\n\n\n<p>Por exemplo, durante a pandemia, leis municipais suspenderam prazos para pagamento de ISS.&nbsp;&nbsp;<\/p>\n\n\n\n<h3 class=\"wp-block-heading\">Morat\u00f3ria individual (art. 151, II, CTN):&nbsp;&nbsp;<\/h3>\n\n\n\n<p>Para a morat\u00f3ria individual \u00e9 necess\u00e1rio o ato administrativo ap\u00f3s an\u00e1lise caso a caso.&nbsp;&nbsp;<\/p>\n\n\n\n<p>Por exemplo, um contribuinte que sofreu perda patrimonial devido a um desastre natural.&nbsp;&nbsp;<\/p>\n\n\n\n<h3 class=\"wp-block-heading\">Morat\u00f3ria civil:&nbsp;<\/h3>\n\n\n\n<p>A morat\u00f3ria civil \u00e9 <strong>aplicada a obriga\u00e7\u00f5es contratuais entre particulares. <\/strong>A morat\u00f3ria privada ocorre entre entes privados, como uma pessoa f\u00edsica e uma empresa, ou entre empresas.&nbsp;<\/p>\n\n\n\n<p>Aqui, uma parte pode solicitar adiamento do pagamento de d\u00edvidas ou reestrutura\u00e7\u00e3o de seus contratos, desde que haja acordo entre as partes envolvidas. A legisla\u00e7\u00e3o aplic\u00e1vel aqui \u00e9 o C\u00f3digo Civil e a Lei de Liberdade Econ\u00f4mica, por exemplo.<\/p>\n\n\n\n<h3 class=\"wp-block-heading\">Morat\u00f3ria Internacional (entre na\u00e7\u00f5es):&nbsp;<\/h3>\n\n\n\n<p>Ocorre quando existe a <strong>suspens\u00e3o de d\u00edvidas soberanas, <\/strong>comum em crises internacionais.&nbsp;<\/p>\n\n\n\n<p>Quando um pa\u00eds enfrenta uma grave crise econ\u00f4mica e n\u00e3o consegue honrar sua d\u00edvida externa, pode declarar morat\u00f3ria para adiar ou suspender o pagamento dessas d\u00edvidas.&nbsp;<\/p>\n\n\n\n<p>Um exemplo not\u00f3rio foi a morat\u00f3ria declarada pelo Brasil em 1987, quando o pa\u00eds enfrentou dificuldades em sua d\u00edvida externa.<\/p>\n\n\n\n<h3 class=\"wp-block-heading\">Morat\u00f3ria P\u00fablica (entre entes p\u00fablicos):&nbsp;<\/h3>\n\n\n\n<p>Acontece quando <strong>estados podem negociar prazos com munic\u00edpios para repasses constitucionais.<\/strong><\/p>\n\n\n\n<style>\n    #adpost-block_f3b0f9a7fb9af11ebf8f16097ef99b4f.anuncio-post-reverse {\n        display: flex;\n        gap: 24px;\n        border-radius: 8px;\n        width: 100%;\n        max-width: 752px;\n        padding: 40px;\n        background: #e7f4fe;\n        margin: 16px auto;\n    }\n\n    #adpost-block_f3b0f9a7fb9af11ebf8f16097ef99b4f .anuncio-container {\n        display: flex;\n        flex-direction: column;\n        gap: 24px;\n        width: 100%;\n        max-width: 333px;\n    }\n\n    #adpost-block_f3b0f9a7fb9af11ebf8f16097ef99b4f .anuncio-container .logo {\n        width: 100%;\n        max-width: 177px;\n        margin: 0;\n    }\n\n    #adpost-block_f3b0f9a7fb9af11ebf8f16097ef99b4f .anuncio-text-container {\n        display: flex;\n        flex-direction: column;\n        gap: 24px;\n    }\n\n    #adpost-block_f3b0f9a7fb9af11ebf8f16097ef99b4f .anuncio-text-container .title {\n        font-family: 'Ubuntu';\n        font-size: 1.5rem; \/\/24px\n        font-weight: 700;\n        line-height: 120%;\n        margin: 0;\n        color: #000;\n    }\n\n    #adpost-block_f3b0f9a7fb9af11ebf8f16097ef99b4f .anuncio-text-container .text {\n        font-size: 0.875rem;\n        font-weight: 400;\n        line-height: 170%;\n        color: #000;\n    }\n\n    #adpost-block_f3b0f9a7fb9af11ebf8f16097ef99b4f .anuncio-container .button {\n        display: inline-flex;\n        align-items: center;\n        justify-content: center;\n        width: fit-content;\n        height: 48px;\n        border-radius: 8px;\n        padding: 12px 24px;\n        font-size: 1rem;\n        font-weight: 600;\n        text-decoration: none;\n        background: #008fd5;\n        color: #fff;\n    }\n\n    #adpost-block_f3b0f9a7fb9af11ebf8f16097ef99b4f .image-container {\n        position: relative;\n        width: 100%;\n        height: 100%;\n    }\n\n    #adpost-block_f3b0f9a7fb9af11ebf8f16097ef99b4f .image-container.float {\n        min-height: 236px;\n    }\n\n    #adpost-block_f3b0f9a7fb9af11ebf8f16097ef99b4f .image-container .image-desktop {\n        width: 100%;\n        max-width: 323px;\n        object-fit: contain;\n        margin: 0;\n    }\n\n    #adpost-block_f3b0f9a7fb9af11ebf8f16097ef99b4f .image-container .image-mobile {\n        display: none;\n        width: 100%;\n        max-width: 291px;\n        object-fit: contain;\n        margin: 0;\n    }\n\n    #adpost-block_f3b0f9a7fb9af11ebf8f16097ef99b4f .image-container.float .image-desktop,\n    #adpost-block_f3b0f9a7fb9af11ebf8f16097ef99b4f .image-container.float .image-mobile {\n        position: absolute;\n        right: 0;\n        bottom: 0;\n    }\n\n    #adpost-block_f3b0f9a7fb9af11ebf8f16097ef99b4f .image-container img {\n        border-radius: 8px;\n    }\n\n    \/************\n    * MOBILE \n    *************\/\n    @media (max-width: 1439px) {\n        #adpost-block_f3b0f9a7fb9af11ebf8f16097ef99b4f.anuncio-post-reverse {\n            flex-direction: column-reverse;\n            max-width: fit-content;\n            padding: 24px;\n        }\n\n        #adpost-block_f3b0f9a7fb9af11ebf8f16097ef99b4f .anuncio-container {\n            max-width: 280px;\n            align-items: center;\n        }\n\n        #adpost-block_f3b0f9a7fb9af11ebf8f16097ef99b4f .anuncio-container .logo {\n            max-width: 147px;\n        }\n\n        #adpost-block_f3b0f9a7fb9af11ebf8f16097ef99b4f .anuncio-text-container {\n            gap: 8px;\n        }\n\n        #adpost-block_f3b0f9a7fb9af11ebf8f16097ef99b4f .anuncio-text-container .title {\n            font-size: 1.25rem;\n            text-align: center;\n        }\n\n        #adpost-block_f3b0f9a7fb9af11ebf8f16097ef99b4f .anuncio-text-container .text {\n            text-align: center;\n        }\n\n        #adpost-block_f3b0f9a7fb9af11ebf8f16097ef99b4f .anuncio-container .button {\n            width: 100%;\n        }\n\n        #adpost-block_f3b0f9a7fb9af11ebf8f16097ef99b4f .image-container.float {\n            min-height: 182px;\n        }\n\n        #adpost-block_f3b0f9a7fb9af11ebf8f16097ef99b4f .image-container .image-desktop {\n            display: none;\n        }\n\n        #adpost-block_f3b0f9a7fb9af11ebf8f16097ef99b4f .image-container .image-mobile {\n            display: block;\n        }\n    }\n\n    \/*******************\n    * RESET GLOBAL CSS \n    ********************\/\n    #s-post main article .content .image-container img {\n        margin: 0;\n    }\n<\/style>\n\n\n<article id=\"adpost-block_f3b0f9a7fb9af11ebf8f16097ef99b4f\" class=\"anuncio-post-reverse\">\n    <div class=\"anuncio-container\">\n        \n        <div class=\"anuncio-text-container\">\n             <h3 class=\"title\" >Seja protagonista da sua advocacia com o Astrea<\/h3>\n            <div class=\"text\" >Tenha tempo para focar no crescimento do seu escrit\u00f3rio, enquanto o Astrea cuida da sua gest\u00e3o jur\u00eddica com intelig\u00eancia.<\/div>        <\/div>\n       \n        <a class=\"button\" href=\"\/astrea\/?utm_source=blog&#038;utm_medium=adpost&#038;utm_campaign=campanha-marca-2026\" target=\"_self\">Conhe\u00e7a o Astrea<\/a>    <\/div>\n\n    <div class=\"image-container\">\n        <img decoding=\"async\" class=\"image-desktop\" src=\"https:\/\/www.aurum.com.br\/blog\/wp-content\/uploads\/2026\/03\/adpos-posicionamento-2026-desktop.png\" alt=\"\" \/>\n        <img decoding=\"async\" class=\"image-mobile\" src=\"https:\/\/www.aurum.com.br\/blog\/wp-content\/uploads\/2026\/03\/adpost-posicionamento-2026-mobile.png\" alt=\"\" \/>    <\/div>\n<\/article>\n\n\n<h2 class=\"wp-block-heading\">Quais s\u00e3o os objetivos da morat\u00f3ria?<\/h2>\n\n\n\n<p>A morat\u00f3ria pode ter diferentes objetivos, dependendo do contexto em que \u00e9 aplicada. No contexto econ\u00f4mico e social, ela visa principalmente:<\/p>\n\n\n\n<h3 class=\"wp-block-heading\">Evitar o colapso financeiro<\/h3>\n\n\n\n<p>Em situa\u00e7\u00f5es de crise, a morat\u00f3ria pode impedir que indiv\u00edduos, empresas ou na\u00e7\u00f5es entrem em fal\u00eancia.<\/p>\n\n\n\n<h3 class=\"wp-block-heading\">Estimular a recupera\u00e7\u00e3o econ\u00f4mica<\/h3>\n\n\n\n<p>Ao conceder um per\u00edodo de al\u00edvio financeiro, a morat\u00f3ria permite que os devedores se reestruturem e retomam suas atividades, evitando fal\u00eancias.<\/p>\n\n\n\n<h3 class=\"wp-block-heading\">Preservar o emprego e a renda<\/h3>\n\n\n\n<p>A morat\u00f3ria pode evitar demiss\u00f5es em massa e a redu\u00e7\u00e3o da renda da popula\u00e7\u00e3o.<\/p>\n\n\n\n<h3 class=\"wp-block-heading\">Garantir a estabilidade social<\/h3>\n\n\n\n<p>Em situa\u00e7\u00f5es de crise, a morat\u00f3ria pode evitar o agravamento de tens\u00f5es sociais e protege contribuintes em situa\u00e7\u00f5es de vulnerabilidade (ex: desastres ambientais).&nbsp;&nbsp;<\/p>\n\n\n\n<h2 class=\"wp-block-heading\">Em quais situa\u00e7\u00f5es a morat\u00f3ria \u00e9 decretada?<\/h2>\n\n\n\n<p>A morat\u00f3ria pode ser aplicada em diversas situa\u00e7\u00f5es, como:<\/p>\n\n\n\n<h3 class=\"wp-block-heading\">Crises econ\u00f4micas<\/h3>\n\n\n\n<p>Em momentos de recess\u00e3o ou hiperinfla\u00e7\u00e3o, a morat\u00f3ria pode ser utilizada para evitar o colapso do sistema financeiro.<\/p>\n\n\n\n<h3 class=\"wp-block-heading\">Desastres naturais<\/h3>\n\n\n\n<p>Ap\u00f3s terremotos, enchentes ou outras cat\u00e1strofes, a morat\u00f3ria pode ser concedida para auxiliar na recupera\u00e7\u00e3o das \u00e1reas afetadas.<\/p>\n\n\n\n<h3 class=\"wp-block-heading\">Pandemias<\/h3>\n\n\n\n<p>Em situa\u00e7\u00f5es de pandemia, como a da COVID-19, a morat\u00f3ria pode ser utilizada para aliviar o impacto econ\u00f4mico sobre a popula\u00e7\u00e3o e as empresas.<\/p>\n\n\n\n<h3 class=\"wp-block-heading\">Guerras<\/h3>\n\n\n\n<p>Em tempos de guerra, a morat\u00f3ria pode ser utilizada para suspender o pagamento de d\u00edvidas e direcionar recursos para o esfor\u00e7o de guerra.<\/p>\n\n\n\n<h3 class=\"wp-block-heading\">Calamidades p\u00fablicas<\/h3>\n\n\n\n<p>Enchentes, secas, pandemias.&nbsp;&nbsp;<\/p>\n\n\n\n<h3 class=\"wp-block-heading\">Dificuldades financeiras das empresas<\/h3>\n\n\n\n<p>Quando uma empresa entra em dificuldades financeiras e n\u00e3o consegue cumprir com seus compromissos, ela pode solicitar morat\u00f3ria para reestruturar suas d\u00edvidas.<\/p>\n\n\n\n<h3 class=\"wp-block-heading\">Fal\u00eancia de um ente p\u00fablico ou privado<\/h3>\n\n\n\n<p>Caso uma pessoa jur\u00eddica ou at\u00e9 um munic\u00edpio entre em fal\u00eancia ou situa\u00e7\u00e3o de insolv\u00eancia, a morat\u00f3ria pode ser uma medida tempor\u00e1ria para viabilizar um processo de recupera\u00e7\u00e3o.<\/p>\n\n\n\n<h2 class=\"wp-block-heading\">Quais s\u00e3o os impactos da morat\u00f3ria?<\/h2>\n\n\n\n<p>O impacto pode acontecer em tr\u00eas diferentes vertentes, como:<\/p>\n\n\n\n<h3 class=\"wp-block-heading\">Impacto da morat\u00f3ria nas pessoas<\/h3>\n\n\n\n<p>A morat\u00f3ria <strong>pode proporcionar um al\u00edvio financeiro para os indiv\u00edduos<\/strong>, permitindo que eles adiem o pagamento de d\u00edvidas e mantenham seu padr\u00e3o de vida.&nbsp;<\/p>\n\n\n\n<p>No entanto, ela tamb\u00e9m pode gerar incerteza e inseguran\u00e7a em rela\u00e7\u00e3o ao futuro, principalmente pela possibilidade de incid\u00eancia de juros e multas. Mesmo com a morat\u00f3ria, juros de mora podem incidir sobre o valor devido.&nbsp;&nbsp;<\/p>\n\n\n\n<h3 class=\"wp-block-heading\">Impacto da morat\u00f3ria nas empresas<\/h3>\n\n\n\n<p>A morat\u00f3ria pode auxiliar as empresas a <strong>superar momentos de dificuldade financeira, evitando a fal\u00eancia e a demiss\u00e3o de funcion\u00e1rios<\/strong>.&nbsp;<\/p>\n\n\n\n<p>No entanto, ela tamb\u00e9m pode gerar inadimpl\u00eancia e afetar o fluxo de caixa das empresas credoras.<\/p>\n\n\n\n<p>Al\u00e9m de proporcionar a sustentabilidade das empresas, visto que empresas em recupera\u00e7\u00e3o judicial utilizam a morat\u00f3ria para evitar execu\u00e7\u00f5es fiscais.&nbsp;&nbsp;<\/p>\n\n\n\n<p>Por exemplo, durante a COVID-19, microempresas recorreram \u00e0 Justi\u00e7a para obter prazos estendidos.&nbsp;&nbsp;<\/p>\n\n\n\n<h3 class=\"wp-block-heading\">Impacto da morat\u00f3ria no governo<\/h3>\n\n\n\n<p>A morat\u00f3ria pode afetar as finan\u00e7as p\u00fablicas, <strong>reduzindo a arrecada\u00e7\u00e3o de impostos e aumentando os gastos com programas sociais.&nbsp;<\/strong><\/p>\n\n\n\n<p>No entanto, ela tamb\u00e9m pode ser uma ferramenta importante para estimular a economia e garantir a estabilidade social.<\/p>\n\n\n\n<h2 class=\"wp-block-heading\">Qual a diferen\u00e7a entre multas morat\u00f3rias e punitivas?&nbsp;&nbsp;<\/h2>\n\n\n\n<p>\u00c9 importante diferenciar as multas morat\u00f3rias das multas punitivas:<\/p>\n\n\n\n<p>As <strong>multas morat\u00f3rias <\/strong>s\u00e3o aplicadas em caso de atraso no pagamento de uma obriga\u00e7\u00e3o, visando compensar o credor pelos preju\u00edzos causados pela demora.<\/p>\n\n\n\n<p>Enquanto as <strong>multas punitivas<\/strong> s\u00e3o aplicadas em caso de descumprimento de uma obriga\u00e7\u00e3o, com o objetivo de punir o devedor e dissuadi-lo de repetir a conduta.<\/p>\n\n\n\n<h3 class=\"wp-block-heading\">Outros termos parecidos que devem ser diferenciados:<\/h3>\n\n\n\n<p>\u00c9 importante entender tamb\u00e9m qual a diferen\u00e7a de mora e morat\u00f3ria. Vejamos<strong>!<\/strong><\/p>\n\n\n\n<h4 class=\"wp-block-heading\">Mora e morat\u00f3ria:<\/h4>\n\n\n\n<p>A <strong>mora <\/strong>\u00e9 o atraso no cumprimento da obriga\u00e7\u00e3o.&nbsp; \u00c9 a situa\u00e7\u00e3o em que o devedor n\u00e3o cumpre a obriga\u00e7\u00e3o no prazo estipulado. A refer\u00eancia no C\u00f3digo Civil, j\u00e1 demonstrada acima, \u00e9 o artigo 394 e seguintes.<\/p>\n\n\n\n<p>Enquanto <strong>morat\u00f3ria <\/strong>\u00e9 a suspens\u00e3o legal do prazo para pagamento. \u00c9 a concess\u00e3o de um prazo adicional para o cumprimento de uma obriga\u00e7\u00e3o. Pode ser concedida por lei ou por acordo entre as partes, e visa evitar que o devedor seja considerado em mora.<\/p>\n\n\n\n<p>Jurisprud\u00eancia correlata:<\/p>\n\n\n\n<figure class=\"wp-block-pullquote\"><blockquote><p>EMENTA: DIREITO TRIBUT\u00c1RIO. AGRAVO INTERNO EM RECURSO EXTRAORDIN\u00c1RIO COM AGRAVO. SUSPENS\u00c3O DA EXIGIBILIDADE DO CR\u00c9DITO TRIBUT\u00c1RIO. MORAT\u00d3RIA. PRETENS\u00c3O DE AMPLIA\u00c7\u00c3O DO PRAZO DE VENCIMENTO DE TRIBUTO EM RAZ\u00c3O DA PANDEMIA DO NOVO CORONAV\u00cdRUS. MEDIDA SUJEITA \u00c0 DISCRICIONARIEDADE DOS PODERES EXECUTIVO OU LEGISLATIVO. IMPOSSIBILIDADE DE CONCESS\u00c3O PELA VIA JUDICIAL. NECESSIDADE DE OBSERV\u00c2NCIA DO PRINC\u00cdPIO DA SEPARA\u00c7\u00c3O DOS PODERES. <strong>1. A morat\u00f3ria \u00e9 hip\u00f3tese de suspens\u00e3o da exigibilidade do cr\u00e9dito tribut\u00e1rio, e sua concess\u00e3o est\u00e1 sujeita \u00e0 discricionariedade dos Poderes Executivo ou Legislativo, poderes com representatividade popular e com legitimidade para realizar as escolhas adequadas diante da conjuntura excepcional causada pela pandemia do novo coronav\u00edrus. 2. N\u00e3o obstante as dificuldades econ\u00f4micas por que passam diversos segmentos empresariais, a concess\u00e3o de eventual morat\u00f3ria que amplie o prazo de pagamento do tributo \u00e9 uma op\u00e7\u00e3o pol\u00edtica, a qual deve ajustar-se \u00e0s balizas fixadas pelos poderes eleitos, n\u00e3o cabendo tal iniciativa ao \u00f3rg\u00e3o judicante.<\/strong> 3. A interven\u00e7\u00e3o do Poder Judici\u00e1rio na esfera de discricionariedade de uma escolha pol\u00edtica deve cingir-se ao exame de legalidade e constitucionalidade, sob pena de ofensa ao princ\u00edpio da separa\u00e7\u00e3o dos Poderes, tendo em vista que n\u00e3o cabe ao juiz agir como legislador positivo. Precedente. 4. O Supremo Tribunal Federal j\u00e1 afastou a possibilidade de concess\u00e3o de morat\u00f3ria pela via judicial. Precedentes. 5. Inaplic\u00e1vel o art. 85, \u00a7 11, do CPC\/2015, uma vez que n\u00e3o \u00e9 cab\u00edvel, na hip\u00f3tese, condena\u00e7\u00e3o em honor\u00e1rios advocat\u00edcios (art. 25 da Lei n\u00ba 12.016\/2009 e S\u00famula 512\/STF). 6. Agravo interno a que se nega provimento, com aplica\u00e7\u00e3o da multa prevista no art. 1.021, \u00a7 4\u00ba, do CPC\/2015.<br>(ARE 1307729 AgR, Relator(a): ROBERTO BARROSO, Primeira Turma, julgado em 03-05-2021, PROCESSO ELETR\u00d4NICO DJe-087&nbsp; DIVULG 06-05-2021&nbsp; PUBLIC 07-05-2021)<\/p><cite>leia mais<\/cite><\/blockquote><\/figure>\n\n\n\n<h4 class=\"wp-block-heading\">Multa morat\u00f3ria:<\/h4>\n\n\n\n<p>Consequ\u00eancia direta da mora. \u00c9 uma <strong>penalidade aplicada pelo atraso no pagamento de uma d\u00edvida<\/strong>. \u00c9 um valor fixo ou percentual cobrado sobre o valor da d\u00edvida, independentemente do tempo de atraso.<\/p>\n\n\n\n<p>Jurisprud\u00eancia aplic\u00e1vel:<\/p>\n\n\n\n<figure class=\"wp-block-pullquote classe bq-small\"><blockquote><p>(&#8230;) 4. Multa morat\u00f3ria. Patamar de 20%. Razoabilidade. Inexist\u00eancia de efeito confiscat\u00f3rio. Precedentes. A aplica\u00e7\u00e3o da multa morat\u00f3ria tem o objetivo de sancionar o contribuinte que n\u00e3o cumpre suas obriga\u00e7\u00f5es tribut\u00e1rias, prestigiando a conduta daqueles que pagam em dia seus tributos aos cofres p\u00fablicos. Assim, para que a multa morat\u00f3ria cumpra sua fun\u00e7\u00e3o de desencorajar a elis\u00e3o fiscal, de um lado n\u00e3o pode ser p\u00edfia, mas, de outro, n\u00e3o pode ter um importe que lhe confira caracter\u00edstica confiscat\u00f3ria, inviabilizando inclusive o recolhimento de futuros tributos. O ac\u00f3rd\u00e3o recorrido encontra amparo na jurisprud\u00eancia desta Suprema Corte, segundo a qual n\u00e3o \u00e9 confiscat\u00f3ria a multa morat\u00f3ria no importe de 20% (vinte por cento). 5. Recurso extraordin\u00e1rio a que se nega provimento.<br>(RE 582461, Relator(a): GILMAR MENDES, Tribunal Pleno, julgado em 18-05-2011, REPERCUSS\u00c3O GERAL &#8211; M\u00c9RITO DJe-158 DIVULG 17-08-2011 PUBLIC 18-08-2011 EMENT VOL-02568-02 PP-00177)<\/p><\/blockquote><\/figure>\n\n\n\n<h4 class=\"wp-block-heading\">Juros de mora:&nbsp;<\/h4>\n\n\n\n<p>S\u00e3o uma forma de <strong>compensa\u00e7\u00e3o pelo atraso no pagamento de uma d\u00edvida.<\/strong><\/p>\n\n\n\n<p>S\u00e3o calculados sobre o valor da d\u00edvida e variam de acordo com o tempo de atraso.<\/p>\n\n\n\n<p>A legisla\u00e7\u00e3o brasileira limita os juros de mora em 1% ao m\u00eas.<\/p>\n\n\n\n<p>Exemplo jurisprudencial:<\/p>\n\n\n\n<figure class=\"wp-block-pullquote classe bq-small\"><blockquote><p>EMENTA Recurso extraordin\u00e1rio. Repercuss\u00e3o Geral. Direito Tribut\u00e1rio. Imposto de renda. Juros morat\u00f3rios devidos em raz\u00e3o do atraso no pagamento de remunera\u00e7\u00e3o por exerc\u00edcio de emprego, cargo ou fun\u00e7\u00e3o. Car\u00e1ter indenizat\u00f3rio. Danos emergentes. N\u00e3o incid\u00eancia. (&#8230;) <strong>3. Os juros de mora devidos em raz\u00e3o do atraso no pagamento de remunera\u00e7\u00e3o por exerc\u00edcio de emprego, cargo ou fun\u00e7\u00e3o visam, precipuamente, a recompor efetivas perdas (danos emergentes). Esse atraso faz com que o credor busque meios alternativos ou mesmo heterodoxos, que atraem juros, multas e outros passivos ou outras despesas ou mesmo pre\u00e7os mais elevados, para atender a suas necessidades b\u00e1sicas e \u00e0s de sua fam\u00edlia.<\/strong> 4. Fixa-se a seguinte tese para o Tema n\u00ba 808 da Repercuss\u00e3o Geral: \u201cN\u00e3o incide imposto de renda sobre os juros de mora devidos pelo atraso no pagamento de remunera\u00e7\u00e3o por exerc\u00edcio de emprego, cargo ou fun\u00e7\u00e3o\u201d. 5. Recurso extraordin\u00e1rio n\u00e3o provido.<br>(RE 855091, Relator(a): DIAS TOFFOLI, Tribunal Pleno, julgado em 15-03-2021, PROCESSO ELETR\u00d4NICO REPERCUSS\u00c3O GERAL &#8211; M\u00c9RITO DJe-064&nbsp; DIVULG 07-04-2021&nbsp; PUBLIC 08-04-2021)<\/p><\/blockquote><\/figure>\n\n\n\n<h2 class=\"wp-block-heading\">Perguntas frequentes sobre morat\u00f3ria<\/h2>\n\n\n\n<h3 class=\"wp-block-heading\">A morat\u00f3ria cancela a d\u00edvida?<\/h3>\n\n\n\n<p>N\u00e3o. Apenas suspende ou alonga o prazo para pagamento.&nbsp;&nbsp;<\/p>\n\n\n\n<h3 class=\"wp-block-heading\">Como solicitar uma morat\u00f3ria individual?<\/h3>\n\n\n\n<p>\u00c9 necess\u00e1rio comprovar a impossibilidade de pagamento via documenta\u00e7\u00e3o e requerimento \u00e0 autoridade fiscal, no caso de d\u00edvida tribut\u00e1ria, conforme art. 152, II, do CTN.&nbsp;&nbsp;<\/p>\n\n\n\n<h3 class=\"wp-block-heading\">A morat\u00f3ria \u00e9 um direito do contribuinte?<\/h3>\n\n\n\n<p>N\u00e3o. \u00c9 uma concess\u00e3o discricion\u00e1ria, dependendo de lei espec\u00edfica.&nbsp;&nbsp;<\/p>\n\n\n\n<h3 class=\"wp-block-heading\">Quem pode conceder morat\u00f3ria?&nbsp;<\/h3>\n\n\n\n<p>A morat\u00f3ria pode ser concedida por lei, por acordo entre as partes ou por decis\u00e3o judicial.<\/p>\n\n\n\n<h2 class=\"wp-block-heading\">Conclus\u00e3o:<\/h2>\n\n\n\n<p>A morat\u00f3ria \u00e9 um instrumento estrat\u00e9gico para equilibrar interesses p\u00fablicos e privados em situa\u00e7\u00f5es cr\u00edticas. Seu uso adequado pode salvar economias locais, preservar empregos e evitar colapsos fiscais.&nbsp;&nbsp;<\/p>\n\n\n\n<p>Entender a morat\u00f3ria \u00e9 essencial para gestores p\u00fablicos, empres\u00e1rios e cidad\u00e3os, para fins de conhecimento e prepara\u00e7\u00e3o, em eventual necessidade de se navegar por per\u00edodos de instabilidade financeira com seguran\u00e7a jur\u00eddica.&nbsp;&nbsp;<\/p>\n\n\n\n<h3 class=\"wp-block-heading\">Mais conhecimento para voc\u00ea<\/h3>\n\n\n\n<ul class=\"wp-block-list\">\n<li><a href=\"https:\/\/www.aurum.com.br\/blog\/execucao-fiscal\/\">Execu\u00e7\u00e3o fiscal<\/a>: como funciona o processo e cen\u00e1rio atual<\/li>\n\n\n\n<li><a href=\"https:\/\/www.aurum.com.br\/blog\/principios-do-direito-tributario\/\">Princ\u00edpios do direito tribut\u00e1rio<\/a>: conhe\u00e7a os mais importantes<\/li>\n\n\n\n<li><a href=\"https:\/\/www.aurum.com.br\/blog\/regularizacao-fundiaria\/\">Regulariza\u00e7\u00e3o fundi\u00e1ria<\/a>: o que mudou com a nova lei<\/li>\n\n\n\n<li><a href=\"https:\/\/www.aurum.com.br\/blog\/prisao-temporaria\/\" data-type=\"link\" data-id=\"https:\/\/www.aurum.com.br\/blog\/prisao-temporaria\/\">Pris\u00e3o tempor\u00e1ria: entre a legalidade e a controv\u00e9rsia<\/a><\/li>\n\n\n\n<li><a href=\"https:\/\/www.aurum.com.br\/blog\/principio-da-capacidade-contributiva\/\" data-type=\"URL\" data-id=\"https:\/\/www.aurum.com.br\/blog\/principio-da-capacidade-contributiva\/\">O princ\u00edpio da capacidade contributiva no Direito Tribut\u00e1rio brasileiro<\/a><\/li>\n\n\n\n<li><a href=\"https:\/\/www.aurum.com.br\/blog\/evasao-fiscal\/\">O que \u00e9 e quando ocorre a evas\u00e3o fiscal<\/a><\/li>\n\n\n\n<li><a href=\"https:\/\/www.aurum.com.br\/blog\/titulos-de-credito\/\">O que s\u00e3o t\u00edtulos de cr\u00e9dito<\/a>?<\/li>\n\n\n\n<li><a href=\"https:\/\/www.aurum.com.br\/blog\/codigo-tributario-nacional-ctn\/\" data-type=\"URL\" data-id=\"https:\/\/www.aurum.com.br\/blog\/codigo-tributario-nacional-ctn\/\">CTN &#8211; C\u00f3digo Tribut\u00e1rio Nacional<\/a><\/li>\n<\/ul>\n\n\n<style>\r\n  .news-post {\r\n    background: url('https:\/\/www.aurum.com.br\/blog\/wp-content\/themes\/aurum\/img\/bg-news-artigo.svg') no-repeat top center #3C48AA;\r\n    padding: 1.5rem;\r\n    border-radius: 6px;\r\n    margin: 1rem 0;\r\n  }\r\n  .news-post .icone {\r\n    display: none;\r\n  }\r\n  .news-post .title {\r\n    font-weight: 700;\r\n    font-size: 16px;\r\n    line-height: 130%;\r\n    text-align: center;\r\n    letter-spacing: -0.5px;\r\n    color: #fff;\r\n    margin-bottom: .9375rem;\r\n  }\r\n  .news-post p {\r\n    font-size: .875rem;\r\n    line-height: 140%;\r\n    text-align: center;\r\n    color: #fff;\r\n    margin-bottom: 1.25rem;\r\n  }\r\n  .news-post .news_button_span {\r\n    font-size: .8125rem;\r\n    display: block;\r\n    padding: .125rem .3125rem;\r\n    color: #fff;\r\n    text-align:left;\r\n  }\r\n  .news-post .news_button_span a {\r\n    color: #fff !important;\r\n    text-decoration: underline;\r\n  }\r\n  .news-post form {\r\n    width: 100%;\r\n  }\r\n  .news-post label {\r\n    font-weight: 600;\r\n    font-size: .9375rem;\r\n    line-height: 1.5rem;\r\n    margin-bottom: .5rem;\r\n    color: #fff;\r\n    display: block;\r\n  }\r\n  .news-post input {\r\n    background: #fff;\r\n    border: 1px solid #CBCBD9;\r\n    box-sizing: border-box;\r\n    border-radius: 4px;\r\n    padding: .75rem 1rem;\r\n    width: 100%;\r\n  }\r\n  .news-post button {\r\n    margin-top: .875rem;\r\n    width: 100%;\r\n    min-width: auto;\r\n    background: #FCC632;\r\n    color: #3C48AA;\r\n  }\r\n  .news-post .input {\r\n    position: relative;\r\n    padding-bottom: 10px;\r\n  }\r\n  .news-post .error-message-ad {\r\n    font-size: .875rem;\r\n    line-height: 130%;\r\n    color: #D50021;\r\n    margin-left: 4px;\r\n  }\r\n  .news-post .error {\r\n    border: 1px solid #D50021;\r\n  }\r\n  .news-post #message-form-ad {\r\n    border-radius: 4px;\r\n    padding: 0.7rem;\r\n    font-size:0.8rem;\r\n    text-align: center;\r\n    align-items: center;\r\n    justify-content: center;\r\n    display: none;\r\n  }\r\n  .news-post #message-form-ad svg {\r\n    margin-right: 8px;\r\n  }\r\n\r\n  @media(min-width: 561px) {\r\n    .news-post {\r\n      position: relative;\r\n      background: url('https:\/\/www.aurum.com.br\/blog\/wp-content\/themes\/aurum\/img\/bg-news-artigo.svg') no-repeat top center #3C48AA;\r\n      width: calc(100% - 30px);\r\n    }\r\n    .news-post .icone {\r\n      display: block;\r\n      position: absolute;\r\n      right: -30px;\r\n      top: 65px;\r\n      max-width: 142px;\r\n      width: 100%;\r\n      height: auto;\r\n      margin: 0;\r\n    }\r\n    .news-post .title {\r\n      font-size: 1.125rem;\r\n      text-align: left;\r\n      \/* padding-right: 3.75rem; *\/\r\n    }\r\n    .news-post p {\r\n      font-size: 1rem;\r\n      text-align: left;\r\n      max-width: 400px;\r\n    }\r\n    .news-post .boxes {\r\n      display: flex;\r\n      align-items: flex-start;\r\n    }\r\n    .news-post button {\r\n      margin: 0 0 0 1rem;\r\n      width: 100%;\r\n      max-width: 170px;\r\n      min-width: auto;\r\n      transition: all ease .3s\r\n    }\r\n    .news-post button:hover {\r\n      opacity: 0.9;\r\n      transition: all ease .3s\r\n    }\r\n    .news-post #message-form-ad {\r\n      padding: 1.125rem;\r\n      font-size:1rem;\r\n    }\r\n    .news-post #message-form-ad svg {\r\n      margin-right: 10px;\r\n    }\r\n  }\r\n<\/style>\r\n\r\n<div class=\"news-post\">\r\n  <div class=\"title news-ad-title\">Gostou do artigo e quer evoluir a sua advocacia?<\/div>\r\n  <p class=\"news-ad-subtitle\">Assine gr\u00e1tis a Aurum News e receba uma dose semanal de conte\u00fado no seu e-mail! \u270c\ufe0f<\/p>\r\n  <img decoding=\"async\" src=\"https:\/\/www.aurum.com.br\/blog\/wp-content\/themes\/aurum\/img\/icon-news-artigo.svg\" alt=\"\" class=\"icone\">\r\n\r\n  <form method=\"post\" name=\"newsletter-ad\" id=\"aurum-newsletter-ad\">\r\n    <div class=boxes>\r\n      <div class=\"input\">\r\n        <label class=\"label-email\" htmlFor=\"email-ad\">Qual seu e-mail?<\/label>\r\n        <input type=\"email\" id=\"email-ad\" name=\"newsletter-mail-ad\" placeholder=\"Digite seu e-mail?\">\r\n        <div class=\"error-message-ad-email\">Endere\u00e7o de e-mail inv\u00e1lido ou incorreto<\/div>\r\n\r\n        <label class=\"label-select\" htmlFor=\"lawsuits-select-ad\">\r\n          Quantos processos voc\u00ea ou<br class=\"for-desktop\"\/> seu escrit\u00f3rio acompanham?\r\n        <\/label>\r\n        <div id=\"lawsuits-select-ad\" class=\"lawsuits-select select-wrapper\" tabindex=\"0\">\r\n          <div class=\"s-dropdown--styled\">\r\n          <span class=\"lawsuits-default\">\r\n            <span id=\"lawsuits-newsletter-ad\" class=\"lawsuits-default-text\" data-value=\"\">Selecione os processos<\/span>\r\n            <svg class=\"chevron\" xmlns=\"http:\/\/www.w3.org\/2000\/svg\" width=\"24\" height=\"25\" viewBox=\"0 0 24 25\" fill=\"none\">\r\n              <path d=\"M6 15.6152L12 9.61523L18 15.6152\" stroke=\"black\" stroke-width=\"2\" stroke-linecap=\"round\" stroke-linejoin=\"round\" \/>\r\n            <\/svg>\r\n          <\/span>\r\n\r\n          <ul class=\"s-dropdown u-hide\">\r\n            <li class=\"lawsuits\" data-value=\"Mais de 1000 processos\">Mais de 1000 processos<\/li>\r\n            <li class=\"lawsuits\" data-value=\"De 501 a 1000 processos\">De 501 a 1000 processos<\/li>\r\n            <li class=\"lawsuits\" data-value=\"De 151 a 500 processos\">De 151 a 500 processos<\/li>\r\n            <li class=\"lawsuits\" data-value=\"De 41 a 150 processos\">De 41 a 150 processos<\/li>\r\n            <li class=\"lawsuits\" data-value=\"At\u00e9 40 processos\">At\u00e9 40 processos<\/li>\r\n            <li class=\"lawsuits\" data-value=\"Atuo apenas no consultivo\">Atuo apenas no consultivo<\/li>\r\n            <li class=\"lawsuits\" data-value=\"Ainda sou estudante de direito\">Ainda sou estudante de direito<\/li>\r\n            <li class=\"lawsuits\" data-value=\"N\u00e3o sou da \u00e1rea jur\u00eddica\">N\u00e3o sou da \u00e1rea jur\u00eddica<\/li>\r\n          <\/ul>\r\n          <\/div>\r\n        <\/div>\r\n        <div class=\"error-message-ad-lawsuits\">Selecione algum processo<\/div>\r\n      <\/div>\r\n      <button class=\"btn btn-yellow ad-btn-desktop\" id=\"aurum-submit-ad\">Assinar gr\u00e1tis<\/button>\r\n      <button class=\"btn btn-yellow ad-btn-mobile\" id=\"aurum-submit-ad\">Assinar<\/button>\r\n    <\/div>\r\n    <span class=\"news_button_span\">Ao se cadastrar voc\u00ea declara que leu e aceitou a pol\u00edtica de privacidade e cookies do <a href=\"https:\/\/s3.sa-east-1.amazonaws.com\/publico.aurum.com.br\/contratos\/politica-de-privacidade.pdf\" target=\"_blank\" rel=\"noopener noreferrer\">site<\/a>.<\/span>\r\n  <\/form>\r\n  <div id=\"message-form-ad\"><\/div>\r\n<\/div>\n\n\n<p><em>O que achou do texto? Tem alguma d\u00favida sobre morat\u00f3ria no direito tribut\u00e1rio? Compartilhe com a gente nos coment\u00e1rios abaixo!<\/em> \ud83d\ude09<\/p>\n","protected":false},"excerpt":{"rendered":"<p>Morat\u00f3ria \u00e9 a dila\u00e7\u00e3o do prazo para o pagamento de d\u00edvidas, vencidas ou vincendas, concedida pelo credor ao devedor. No C\u00f3digo Tribut\u00e1rio Nacional, encontra-se prevista no art. 151, I, e regulamentada nos artigos 152 a 155. Em um cen\u00e1rio econ\u00f4mico e social complexo, marcado por crises e instabilidades, a morat\u00f3ria surge como um instrumento jur\u00eddico [&hellip;]<\/p>\n","protected":false},"author":142,"featured_media":9310,"comment_status":"open","ping_status":"open","sticky":false,"template":"","format":"standard","meta":{"_bbp_topic_count":0,"_bbp_reply_count":0,"_bbp_total_topic_count":0,"_bbp_total_reply_count":0,"_bbp_voice_count":0,"_bbp_anonymous_reply_count":0,"_bbp_topic_count_hidden":0,"_bbp_reply_count_hidden":0,"_bbp_forum_subforum_count":0,"inline_featured_image":false,"footnotes":""},"categories":[36],"tags":[],"class_list":["post-9309","post","type-post","status-publish","format-standard","has-post-thumbnail","hentry","category-direito-tributario"],"acf":[],"_links":{"self":[{"href":"https:\/\/www.aurum.com.br\/blog\/wp-json\/wp\/v2\/posts\/9309","targetHints":{"allow":["GET"]}}],"collection":[{"href":"https:\/\/www.aurum.com.br\/blog\/wp-json\/wp\/v2\/posts"}],"about":[{"href":"https:\/\/www.aurum.com.br\/blog\/wp-json\/wp\/v2\/types\/post"}],"author":[{"embeddable":true,"href":"https:\/\/www.aurum.com.br\/blog\/wp-json\/wp\/v2\/users\/142"}],"replies":[{"embeddable":true,"href":"https:\/\/www.aurum.com.br\/blog\/wp-json\/wp\/v2\/comments?post=9309"}],"version-history":[{"count":12,"href":"https:\/\/www.aurum.com.br\/blog\/wp-json\/wp\/v2\/posts\/9309\/revisions"}],"predecessor-version":[{"id":32801,"href":"https:\/\/www.aurum.com.br\/blog\/wp-json\/wp\/v2\/posts\/9309\/revisions\/32801"}],"wp:featuredmedia":[{"embeddable":true,"href":"https:\/\/www.aurum.com.br\/blog\/wp-json\/wp\/v2\/media\/9310"}],"wp:attachment":[{"href":"https:\/\/www.aurum.com.br\/blog\/wp-json\/wp\/v2\/media?parent=9309"}],"wp:term":[{"taxonomy":"category","embeddable":true,"href":"https:\/\/www.aurum.com.br\/blog\/wp-json\/wp\/v2\/categories?post=9309"},{"taxonomy":"post_tag","embeddable":true,"href":"https:\/\/www.aurum.com.br\/blog\/wp-json\/wp\/v2\/tags?post=9309"}],"curies":[{"name":"wp","href":"https:\/\/api.w.org\/{rel}","templated":true}]}}