{"id":9307,"date":"2023-08-28T18:49:31","date_gmt":"2023-08-28T21:49:31","guid":{"rendered":"https:\/\/aurum.com.br\/blog\/improbidade-administrativa\/"},"modified":"2023-09-18T18:31:21","modified_gmt":"2023-09-18T21:31:21","slug":"improbidade-administrativa","status":"publish","type":"post","link":"https:\/\/www.aurum.com.br\/blog\/improbidade-administrativa\/","title":{"rendered":"O que diz a lei e quais as regras de improbidade administrativa"},"content":{"rendered":"<div id=\"bsf_rt_marker\"><\/div>\n<pre class=\"wp-block-preformatted\">A<strong> improbidade administrativa <\/strong>diz respeito a comportamentos contr\u00e1rios ao dever de probidade (bondade, integridade, honestidade) que recai sobre todos os agentes p\u00fablicos, pessoas, organiza\u00e7\u00f5es ou institui\u00e7\u00f5es ligadas \u00e0 organiza\u00e7\u00e3o do Estado e ao exerc\u00edcio de suas fun\u00e7\u00f5es.&nbsp;<\/pre>\n\n\n\n<p>A quest\u00e3o da <a href=\"https:\/\/www.aurum.com.br\/blog\/glossario-juridico\/improbidade-administrativa\/\">improbidade administrativa<\/a> recebeu maior aten\u00e7\u00e3o ap\u00f3s o advento de verdadeira reforma legislativa, que alterou v\u00e1rias defini\u00e7\u00f5es presentes na Lei de Improbidade Administrativa &#8211; LIA, que havia sofrido poucas altera\u00e7\u00f5es desde que entrou em vigor, em 1992.<\/p>\n\n\n\n<p>O Brasil \u00e9 um dos pa\u00edses com maior extens\u00e3o territorial no mundo, e \u00e9 o s\u00e9timo mais populoso, de acordo com a ONU (G1, 2023). A diversidade cultural, os diferentes n\u00edveis de acesso \u00e0 tecnologia e \u00e0 informa\u00e7\u00e3o em cada regi\u00e3o e as parcerias p\u00fablico-privadas s\u00e3o alguns dos elementos que alimentam as dificuldades inerentes \u00e0 administra\u00e7\u00e3o de um pa\u00eds com dimens\u00f5es continentais.<\/p>\n\n\n\n<p>Al\u00e9m disso, h\u00e1 o fato de que o Brasil est\u00e1 longe de ser considerado um pa\u00eds \u00edntegro, sendo que amarga a 94\u00aa posi\u00e7\u00e3o no \u00cdndice de Percep\u00e7\u00e3o da Corrup\u00e7\u00e3o, da Transpar\u00eancia Internacional.<\/p>\n\n\n\n<p>Considerados esses dados, percebe-se a import\u00e2ncia da implementa\u00e7\u00e3o de mecanismos de combate \u00e0 corrup\u00e7\u00e3o, de forma a assegurar a boa administra\u00e7\u00e3o p\u00fablica, sendo que a <a href=\"https:\/\/www.planalto.gov.br\/ccivil_03\/leis\/l8429.htm\" target=\"_blank\" rel=\"noopener\">Lei de Improbidade Administrativa<\/a> surge como um dos institutos legais de maior relev\u00e2ncia para esse fim.<\/p>\n\n\n\n<p>Neste artigo voc\u00ea vai entender melhor sobre o que diz a Lei em rela\u00e7\u00e3o ao tema, continue a leitura! \ud83d\ude09<\/p>\n\n\n\n<h2 class=\"wp-block-heading\">O que \u00e9 improbidade administrativa?&nbsp;<\/h2>\n\n\n\n<p>A improbidade administrativa pode ser definida como<strong> toda pr\u00e1tica que contraria o dever de probidade (bondade, integridade, honestidade)<\/strong> que recai sobre todos os agentes p\u00fablicos e sobre pessoas, organiza\u00e7\u00f5es ou institui\u00e7\u00f5es ligadas \u00e0 organiza\u00e7\u00e3o do Estado e ao exerc\u00edcio de suas fun\u00e7\u00f5es.<\/p>\n\n\n\n<p>Desde a promulga\u00e7\u00e3o da Constitui\u00e7\u00e3o Federal &#8211; <a href=\"https:\/\/www.aurum.com.br\/blog\/cf-88\/\">CF\/88<\/a>, foram previstas as san\u00e7\u00f5es para aquele que praticasse ato de improbidade administrativa:<\/p>\n\n\n\n<figure class=\"wp-block-pullquote classe bq-small\"><blockquote><p>Art. 37 &#8230;\u00a7 4\u00ba Os atos de improbidade administrativa importar\u00e3o a suspens\u00e3o dos direitos pol\u00edticos, a perda da fun\u00e7\u00e3o p\u00fablica, a indisponibilidade dos bens e o ressarcimento ao er\u00e1rio, na forma e grada\u00e7\u00e3o previstas em lei, sem preju\u00edzo da a\u00e7\u00e3o penal cab\u00edvel.<\/p><\/blockquote><\/figure>\n\n\n\n<p>Assim, a Lei de Improbidade Administrativa regulamentou as formas de aplica\u00e7\u00e3o das san\u00e7\u00f5es aplic\u00e1veis aos agentes p\u00fablicos que tenham praticado ato de improbidade administrativa, e, entre outras coisas, buscou definir o que seria ato de improbidade administrativa.<\/p>\n\n\n\n<p>Com a reforma legislativa institu\u00edda pela <a href=\"https:\/\/www.planalto.gov.br\/ccivil_03\/_ato2019-2022\/2021\/lei\/l14230.htm\" target=\"_blank\" rel=\"noopener\">Lei n\u00ba 14.230<\/a>, de 2021, improbidade administrativa pode ser conceituada como:<\/p>\n\n\n\n<blockquote class=\"wp-block-quote is-layout-flow wp-block-quote-is-layout-flow\">\n<p>Ato il\u00edcito doloso, praticado por agente p\u00fablico ou terceiro, contra as entidades p\u00fablicas e privadas, gestoras de recursos p\u00fablicos, capaz de acarretar enriquecimento il\u00edcito, les\u00e3o ao er\u00e1rio e viola\u00e7\u00e3o aos princ\u00edpios da Administra\u00e7\u00e3o P\u00fablica.&#8221; (NEVES e OLIVEIRA, 2023, p. 8)<\/p>\n<\/blockquote>\n\n\n\n<p>\u00c9 importante observar que a pol\u00edtica brasileira \u00e9 diretamente afetada pela Lei de Improbidade Administrativa, vez que o agente pol\u00edtico pode ser sancionado nos termos da LIA caso cometa ato de improbidade.<\/p>\n\n\n\n<p>A lei autoriza que o agente \u00edmprobo seja punido com os maiores pesadelos de qualquer pol\u00edtico:&nbsp;<\/p>\n\n\n\n<ul class=\"wp-block-list\">\n<li>A <strong>perda da fun\u00e7\u00e3o p\u00fablica<\/strong>;<\/li>\n\n\n\n<li>A <strong>suspens\u00e3o dos direitos pol\u00edticos<\/strong>, que pode tornar o agente <strong>ineleg\u00edvel por at\u00e9 14 (quatorze) anos<\/strong> (art. 12, inc. I, da LIA).<\/li>\n<\/ul>\n\n\n\n<p>A seriedade da san\u00e7\u00e3o viabilizada pela lei \u00e9, inegavelmente, fator que leva o agente pol\u00edtico a pensar com cautela caso se veja diante de cen\u00e1rio que o estimule ou permita cometer ato de improbidade.<\/p>\n\n\n\n<figure class=\"wp-block-image size-full\"><img decoding=\"async\" width=\"1080\" height=\"1080\" src=\"https:\/\/www.aurum.com.br\/blog\/wp-content\/uploads\/2021\/05\/o-que-e-improbidade-administrativa.jpg\" alt=\"Entenda o que \u00e9 improbidade administrativa\" class=\"wp-image-24450\" srcset=\"https:\/\/www.aurum.com.br\/blog\/wp-content\/uploads\/2021\/05\/o-que-e-improbidade-administrativa.jpg 1080w, https:\/\/www.aurum.com.br\/blog\/wp-content\/uploads\/2021\/05\/o-que-e-improbidade-administrativa-300x300.jpg 300w, https:\/\/www.aurum.com.br\/blog\/wp-content\/uploads\/2021\/05\/o-que-e-improbidade-administrativa-150x150.jpg 150w, https:\/\/www.aurum.com.br\/blog\/wp-content\/uploads\/2021\/05\/o-que-e-improbidade-administrativa-768x768.jpg 768w\" sizes=\"(max-width: 1080px) 100vw, 1080px\" \/><figcaption class=\"wp-element-caption\">Veja o que \u00e9 improbidade administrativa<\/figcaption><\/figure>\n\n\n\n<h2 class=\"wp-block-heading\">O que mudou com a nova lei da improbidade administrativa?<\/h2>\n\n\n\n<p>Embora muitos tenham divulgado a Lei n\u00ba 14.230\/2021 como sendo a nova lei de improbidade administrativa, ela na realidade<strong> implementou reformas estruturais na LIA, a Lei n\u00ba 8.429\/1992, que segue vigente<\/strong>.<\/p>\n\n\n\n<p>Popularizou-se o termo \u201cnova lei\u201d porque as reformas trazidas em 2021 trouxeram altera\u00e7\u00f5es substancialmente no direito material e processual de improbidade administrativa.<\/p>\n\n\n\n<p>Certo. Mas o que mudou com a \u201cnova\u201d lei de improbidade administrativa? S\u00e3o duas as principais e mais importantes altera\u00e7\u00f5es:<\/p>\n\n\n\n<ul class=\"wp-block-list\">\n<li>A <strong>exig\u00eancia do dolo direto<\/strong>;<\/li>\n\n\n\n<li>A <strong>tipifica\u00e7\u00e3o dos atos <\/strong>de improbidade administrativa.<\/li>\n<\/ul>\n\n\n\n<h3 class=\"wp-block-heading\">Ato de improbidade administrativa e dolo<\/h3>\n\n\n\n<p><br>Hoje a LIA, art. 1\u00ba, \u00a7\u00a7 1\u00ba e 2\u00ba, define expressamente que os atos de improbidade administrativa s\u00e3o condutas dolosas e refor\u00e7a ser necess\u00e1ria:<\/p>\n\n\n\n<blockquote class=\"wp-block-quote is-layout-flow wp-block-quote-is-layout-flow\">\n<p>A <em>vontade livre e consciente de alcan\u00e7ar o resultado il\u00edcito tipificado &#8230; n\u00e3o bastando a voluntariedade do agente<\/em>.&#8221;<\/p>\n<\/blockquote>\n\n\n\n<p>A exig\u00eancia expl\u00edcita do <a href=\"https:\/\/www.aurum.com.br\/blog\/dolo\/\">dolo<\/a>, e o cuidado em balizar a caracteriza\u00e7\u00e3o do dolo para os efeitos da LIA configura altera\u00e7\u00e3o de extrema import\u00e2ncia, j\u00e1 que at\u00e9 a reforma legislativa o STJ entendia bastar o dolo eventual ou gen\u00e9rico:<\/p>\n\n\n\n<figure class=\"wp-block-pullquote classe bq-small\"><blockquote><p>&#8220;[&#8230;] a jurisprud\u00eancia do STJ considera indispens\u00e1vel, para a caracteriza\u00e7\u00e3o de improbidade, que a conduta do agente seja dolosa [&#8230;], ou pelo menos eivada de <strong>culpa grave<\/strong>, nas do artigo 10&#8243; [&#8230;]. De outro lado, o elemento subjetivo necess\u00e1rio \u00e0 configura\u00e7\u00e3o de improbidade administrativa previsto pelo art. 11 da Lei 8.429\/1992 \u00e9 o <strong>dolo eventual ou gen\u00e9rico<\/strong> de realizar conduta que atente contra os princ\u00edpios da Administra\u00e7\u00e3o P\u00fablica, <strong>n\u00e3o se exigindo a presen\u00e7a de inten\u00e7\u00e3o espec\u00edfica<\/strong> [&#8230;]. (AgRg no AREsp n. 73.968\/SP, relator Ministro Benedito Gon\u00e7alves, Primeira Turma, julgado em 2\/10\/2012, DJe de 29\/10\/2012)<\/p><\/blockquote><\/figure>\n\n\n\n<p>Essa exig\u00eancia expl\u00edcita demandou a evolu\u00e7\u00e3o da Jurisprud\u00eancia, que ora aponta na seguinte dire\u00e7\u00e3o:<\/p>\n\n\n\n<figure class=\"wp-block-pullquote classe bq-small\"><blockquote><p>A edi\u00e7\u00e3o da Lei n. 14.230\/2021, que conferiu tratamento mais rigoroso, ao estabelecer n\u00e3o mais o dolo gen\u00e9rico, mas o <strong>dolo espec\u00edfico<\/strong> como requisito para a caracteriza\u00e7\u00e3o do ato de improbidade administrativa [&#8230;] <strong>necess\u00e1rio aferir a especial inten\u00e7\u00e3o desonesta do agente<\/strong> de violar o bem jur\u00eddico tutelado. (REsp n. 1.913.638\/MA, relator Ministro Gurgel de Faria, Primeira Se\u00e7\u00e3o, julgado em 11\/5\/2022, DJe de 24\/5\/2022.)<\/p><\/blockquote><\/figure>\n\n\n\n<p>O requisito do dolo espec\u00edfico se revela razo\u00e1vel, posto que h\u00e1 outros m\u00e9todos para o controle de danos decorrentes de <a href=\"https:\/\/www.aurum.com.br\/blog\/impericia-imprudencia-neglicencia\/\">neglig\u00eancia, imprud\u00eancia ou imper\u00edcia<\/a>, com san\u00e7\u00f5es administrativas disciplinares, indeniza\u00e7\u00f5es civis, instaura\u00e7\u00e3o de tomada de contas especial (IN-TCU n\u00ba 71\/2012) e outras medidas.<\/p>\n\n\n\n<h3 class=\"wp-block-heading\">Taxatividade das condutas previstas em lei<\/h3>\n\n\n\n<p>Anteriormente, todos os artigos que definiam ato de improbidade administrativa traziam rol exemplificativo de condutas. Com a altera\u00e7\u00e3o legislativa, a viola\u00e7\u00e3o aos princ\u00edpios da administra\u00e7\u00e3o (art. 11) passou a ter <a href=\"https:\/\/www.aurum.com.br\/blog\/rol-taxativo\/\">rol taxativo<\/a>.<\/p>\n\n\n\n<p>A taxatividade dos atos que caracterizam viola\u00e7\u00e3o aos princ\u00edpios da administra\u00e7\u00e3o pun\u00edvel pela Lei \u00e9 especialmente importante diante da quantidade indefin\u00edvel de atos que podem ser qualificados como viola\u00e7\u00e3o aos princ\u00edpios da administra\u00e7\u00e3o.<\/p>\n\n\n\n<p>A reda\u00e7\u00e3o anterior do artigo 11 definia como ato de improbidade administrativa:&nbsp;<\/p>\n\n\n\n<blockquote class=\"wp-block-quote is-layout-flow wp-block-quote-is-layout-flow\">\n<p><em>Qualquer a\u00e7\u00e3o ou omiss\u00e3o que viole os deveres de honestidade, imparcialidade, legalidade, e lealdade \u00e0s institui\u00e7\u00f5es<\/em>.&#8221;<\/p>\n<\/blockquote>\n\n\n\n<p>A<strong> aus\u00eancia de delimita\u00e7\u00e3o dos atos pun\u00edveis permitia que o artigo fosse facilmente utilizado para enquadrar qualquer ato minimamente obscuro<\/strong> do agente p\u00fablico como sendo ato de improbidade.<\/p>\n\n\n\n<p>Essa possibilidade permitiria o uso do dispositivo legal para exercer um controle exacerbado sobre os agentes p\u00fablicos, que muitas vezes se viam com receio de tomar certas decis\u00f5es mais complexas \u2013 embora n\u00e3o necessariamente prejudiciais \u00e0 Administra\u00e7\u00e3o, ante a chance de se verem r\u00e9us em processo por ato de improbidade.<\/p>\n\n\n\n<p><a href=\"https:\/\/www.aurum.com.br\/blog\/sancao-administrativa\/\"><em>Leia tamb\u00e9m: Para que serve e em quais casos se aplica a san\u00e7\u00e3o administrativa?<\/em><\/a><\/p>\n\n\n\n<h2 class=\"wp-block-heading\">Ato de Improbidade Administrativa \u00e9 crime?<\/h2>\n\n\n\n<p>Embora pun\u00edveis com penas extremamente gravosas, <strong>os atos de improbidade administrativa n\u00e3o s\u00e3o tipos penais<\/strong>, ou seja, n\u00e3o s\u00e3o considerados crime.<\/p>\n\n\n\n<p>Tratam-se de il\u00edcitos civis especiais, de forma que o agente que comete ato de improbidade administrativa poder\u00e1 ser condenado em processo de improbidade administrativa.<\/p>\n\n\n\n<p>Conforme esclarece o art. 17 da LIA, a a\u00e7\u00e3o:&nbsp;<\/p>\n\n\n\n<figure class=\"wp-block-pullquote classe bq-small\"><blockquote><p>Seguir\u00e1 o procedimento comum previsto na Lei n\u00ba 13.105, de 16 de mar\u00e7o de 2015 (C\u00f3digo de Processo Civil), salvo o disposto nesta Lei.<\/p><\/blockquote><\/figure>\n\n\n\n<p>Por\u00e9m, \u00e9 preciso considerar que um mesmo ato pode configurar ato de improbidade administrativa e crime, fazendo com que o agente seja processado em ambas as esferas.<\/p>\n\n\n\n<h2 class=\"wp-block-heading\">Quais s\u00e3o os atos que caracterizam a improbidade administrativa?<\/h2>\n\n\n\n<p>A LIA apresenta<strong> tr\u00eas esp\u00e9cies de atos de improbidade<\/strong>, sendo que cada um pode ser identificado em diferentes condutas. A seguir veremos em maiores detalhes cada uma das tr\u00eas esp\u00e9cies.<\/p>\n\n\n\n<h3 class=\"wp-block-heading\">Enriquecimento il\u00edcito<\/h3>\n\n\n\n<p>O enriquecimento il\u00edcito configura ato de improbidade administrativa quando o agente, conforme artigo 9\u00ba da LIA:<\/p>\n\n\n\n<figure class=\"wp-block-pullquote classe bq-small\"><blockquote><p>Auferir, mediante a pr\u00e1tica de ato doloso, qualquer tipo de vantagem patrimonial indevida em raz\u00e3o do exerc\u00edcio de cargo, de mandato, de fun\u00e7\u00e3o, de emprego ou de atividade nas entidades referidas no art. 1\u00ba.<\/p><\/blockquote><\/figure>\n\n\n\n<p>O art. 9\u00ba, al\u00e9m de trazer a defini\u00e7\u00e3o do ato de improbidade administrativa que importa em enriquecimento il\u00edcito, apresenta tamb\u00e9m um rol exemplificativo de condutas que se enquadram no il\u00edcito.<\/p>\n\n\n\n<p>Nos exemplos trazidos no rol, \u00e9 f\u00e1cil perceber como um ato pode repercutir para al\u00e9m da esfera c\u00edvel. Apenas para ilustrar o proposto, vejamos o inciso VI do art. 9\u00ba:&nbsp;<\/p>\n\n\n\n<figure class=\"wp-block-pullquote classe bq-small\"><blockquote><p>VI \u2013 receber vantagem econ\u00f4mica de qualquer natureza, direta ou indireta, para fazer declara\u00e7\u00e3o falsa sobre qualquer dado t\u00e9cnico que envolva obras p\u00fablicas ou qualquer outro servi\u00e7o ou sobre quantidade, peso, medida, qualidade ou caracter\u00edstica de mercadorias ou bens fornecidos a qualquer das entidades referidas no art. 1\u00ba desta Lei<\/p><\/blockquote><\/figure>\n\n\n\n<p>O ato de <strong>receber vantagem econ\u00f4mica para agir de determinada forma (fazer declara\u00e7\u00e3o falsa, no caso) corresponde ao tipo penal de corrup\u00e7\u00e3o passiva,<\/strong> prevista no art. 317 do CP.<\/p>\n\n\n\n<p>Na pr\u00e1tica de ato tipificado no inc. VI do art. 9\u00ba da LIA, h\u00e1 grande probabilidade de que o agente responda tamb\u00e9m a a\u00e7\u00e3o penal.<\/p>\n\n\n\n<style>\n    #adpost-block_5e3a7225ea5ce995374613f16974ce6d.anuncio-post-reverse {\n        display: flex;\n        gap: 24px;\n        border-radius: 8px;\n        width: 100%;\n        max-width: 752px;\n        padding: 40px;\n        background: #e7f4fe;\n        margin: 16px auto;\n    }\n\n    #adpost-block_5e3a7225ea5ce995374613f16974ce6d .anuncio-container {\n        display: flex;\n        flex-direction: column;\n        gap: 24px;\n        width: 100%;\n        max-width: 333px;\n    }\n\n    #adpost-block_5e3a7225ea5ce995374613f16974ce6d .anuncio-container .logo {\n        width: 100%;\n        max-width: 177px;\n        margin: 0;\n    }\n\n    #adpost-block_5e3a7225ea5ce995374613f16974ce6d .anuncio-text-container {\n        display: flex;\n        flex-direction: column;\n        gap: 24px;\n    }\n\n    #adpost-block_5e3a7225ea5ce995374613f16974ce6d .anuncio-text-container .title {\n        font-family: 'Ubuntu';\n        font-size: 1.5rem; \/\/24px\n        font-weight: 700;\n        line-height: 120%;\n        margin: 0;\n        color: #000;\n    }\n\n    #adpost-block_5e3a7225ea5ce995374613f16974ce6d .anuncio-text-container .text {\n        font-size: 0.875rem;\n        font-weight: 400;\n        line-height: 170%;\n        color: #000;\n    }\n\n    #adpost-block_5e3a7225ea5ce995374613f16974ce6d .anuncio-container .button {\n        display: inline-flex;\n        align-items: center;\n        justify-content: center;\n        width: fit-content;\n        height: 48px;\n        border-radius: 8px;\n        padding: 12px 24px;\n        font-size: 1rem;\n        font-weight: 600;\n        text-decoration: none;\n        background: #008fd5;\n        color: #fff;\n    }\n\n    #adpost-block_5e3a7225ea5ce995374613f16974ce6d .image-container {\n        position: relative;\n        width: 100%;\n        height: 100%;\n    }\n\n    #adpost-block_5e3a7225ea5ce995374613f16974ce6d .image-container.float {\n        min-height: 236px;\n    }\n\n    #adpost-block_5e3a7225ea5ce995374613f16974ce6d .image-container .image-desktop {\n        width: 100%;\n        max-width: 323px;\n        object-fit: contain;\n        margin: 0;\n    }\n\n    #adpost-block_5e3a7225ea5ce995374613f16974ce6d .image-container .image-mobile {\n        display: none;\n        width: 100%;\n        max-width: 291px;\n        object-fit: contain;\n        margin: 0;\n    }\n\n    #adpost-block_5e3a7225ea5ce995374613f16974ce6d .image-container.float .image-desktop,\n    #adpost-block_5e3a7225ea5ce995374613f16974ce6d .image-container.float .image-mobile {\n        position: absolute;\n        right: 0;\n        bottom: 0;\n    }\n\n    #adpost-block_5e3a7225ea5ce995374613f16974ce6d .image-container img {\n        border-radius: 8px;\n    }\n\n    \/************\n    * MOBILE \n    *************\/\n    @media (max-width: 1439px) {\n        #adpost-block_5e3a7225ea5ce995374613f16974ce6d.anuncio-post-reverse {\n            flex-direction: column-reverse;\n            max-width: fit-content;\n            padding: 24px;\n        }\n\n        #adpost-block_5e3a7225ea5ce995374613f16974ce6d .anuncio-container {\n            max-width: 280px;\n            align-items: center;\n        }\n\n        #adpost-block_5e3a7225ea5ce995374613f16974ce6d .anuncio-container .logo {\n            max-width: 147px;\n        }\n\n        #adpost-block_5e3a7225ea5ce995374613f16974ce6d .anuncio-text-container {\n            gap: 8px;\n        }\n\n        #adpost-block_5e3a7225ea5ce995374613f16974ce6d .anuncio-text-container .title {\n            font-size: 1.25rem;\n            text-align: center;\n        }\n\n        #adpost-block_5e3a7225ea5ce995374613f16974ce6d .anuncio-text-container .text {\n            text-align: center;\n        }\n\n        #adpost-block_5e3a7225ea5ce995374613f16974ce6d .anuncio-container .button {\n            width: 100%;\n        }\n\n        #adpost-block_5e3a7225ea5ce995374613f16974ce6d .image-container.float {\n            min-height: 182px;\n        }\n\n        #adpost-block_5e3a7225ea5ce995374613f16974ce6d .image-container .image-desktop {\n            display: none;\n        }\n\n        #adpost-block_5e3a7225ea5ce995374613f16974ce6d .image-container .image-mobile {\n            display: block;\n        }\n    }\n\n    \/*******************\n    * RESET GLOBAL CSS \n    ********************\/\n    #s-post main article .content .image-container img {\n        margin: 0;\n    }\n<\/style>\n\n\n<article id=\"adpost-block_5e3a7225ea5ce995374613f16974ce6d\" class=\"anuncio-post-reverse\">\n    <div class=\"anuncio-container\">\n        \n        <div class=\"anuncio-text-container\">\n             <h3 class=\"title\" >Seja protagonista da sua advocacia com o Astrea<\/h3>\n            <div class=\"text\" >Tenha tempo para focar no crescimento do seu escrit\u00f3rio, enquanto o Astrea cuida da sua gest\u00e3o jur\u00eddica com intelig\u00eancia.<\/div>        <\/div>\n       \n        <a class=\"button\" href=\"\/astrea\/?utm_source=blog&#038;utm_medium=adpost&#038;utm_campaign=campanha-marca-2026\" target=\"_self\">Conhe\u00e7a o Astrea<\/a>    <\/div>\n\n    <div class=\"image-container\">\n        <img decoding=\"async\" class=\"image-desktop\" src=\"https:\/\/www.aurum.com.br\/blog\/wp-content\/uploads\/2026\/03\/adpos-posicionamento-2026-desktop.png\" alt=\"\" \/>\n        <img decoding=\"async\" class=\"image-mobile\" src=\"https:\/\/www.aurum.com.br\/blog\/wp-content\/uploads\/2026\/03\/adpost-posicionamento-2026-mobile.png\" alt=\"\" \/>    <\/div>\n<\/article>\n\n\n<h3 class=\"wp-block-heading\">Les\u00e3o ao Er\u00e1rio<\/h3>\n\n\n\n<p>Causar les\u00e3o ao er\u00e1rio<strong> \u00e9 ato de improbidade tipificado no art. 10 da LIA<\/strong>, das entidades referidas no \u00a7 7\u00ba do art. 1\u00ba da Lei:<\/p>\n\n\n\n<figure class=\"wp-block-pullquote classe bq-small\"><blockquote><p>Qualquer a\u00e7\u00e3o ou omiss\u00e3o dolosa, que enseje, efetiva e comprovadamente, perda patrimonial, desvio, apropria\u00e7\u00e3o, malbaratamento ou dilapida\u00e7\u00e3o dos bens ou haveres.<\/p><\/blockquote><\/figure>\n\n\n\n<p>Er\u00e1rio, para OLIVEIRA (2023, p. 109), se difere de patrim\u00f4nio p\u00fablico. Segundo o autor:<\/p>\n\n\n\n<blockquote class=\"wp-block-quote is-layout-flow wp-block-quote-is-layout-flow\">\n<p><em>\u201cEr\u00e1rio\u201d, no caso, compreende os <strong>recursos financeiros provenientes dos cofres p\u00fablicos da Administra\u00e7\u00e3o P\u00fablica direta e indireta<\/strong>, <strong>bem como aqueles destinados pelo Estado \u00e0s demais entidades<\/strong> mencionadas no art. 1\u00ba da LIA.<br>[&#8230;] \u201cpatrim\u00f4nio p\u00fablico\u201d possui conota\u00e7\u00e3o mais ampla e compreende n\u00e3o apenas os bens e interesses econ\u00f4micos, mas tamb\u00e9m aqueles com conte\u00fado n\u00e3o econ\u00f4mico.&#8221;<\/em><\/p>\n<\/blockquote>\n\n\n\n<p>Diferentemente do enriquecimento il\u00edcito, esse tipo n\u00e3o visa coibir e punir ao agente que busca se enriquecer ilicitamente, mas sim ao que desfalca o Estado ou outras entidades ligadas ao er\u00e1rio, ainda que n\u00e3o para benef\u00edcio pr\u00f3prio.<\/p>\n\n\n\n<p>Visando evitar o desvirtuamento da finalidade da lei, <strong>a reforma da LIA acrescentou os \u00a7\u00a7 1\u00ba e 2\u00ba ao art. 10. <\/strong>O \u00a7 1\u00ba assevera que quando o ato:<\/p>\n\n\n\n<figure class=\"wp-block-pullquote classe bq-small\"><blockquote><p>N\u00e3o implicar perda patrimonial efetiva, n\u00e3o ocorrer\u00e1 imposi\u00e7\u00e3o de ressarcimento, vedado o enriquecimento sem causa das entidades referidas no art. 1\u00ba.<\/p><\/blockquote><\/figure>\n\n\n\n<p>Ou seja, mesmo que inobservadas as formalidades legais ou regulamentares, de forma que seja configurado il\u00edcito civil ou administrativo, ainda assim n\u00e3o se poder\u00e1 exigir ressarcimento ao er\u00e1rio.<\/p>\n\n\n\n<p>\u00c9 ressalva justa, posto que, se o er\u00e1rio n\u00e3o sofreu preju\u00edzo de ordem material, n\u00e3o seria razo\u00e1vel impor ao agente qualquer dever de ressarcimento.<\/p>\n\n\n\n<p>J\u00e1 o \u00a72\u00ba exige expressamente a comprova\u00e7\u00e3o de que tenha havido ato doloso com finalidade de causar perda patrimonial ao er\u00e1rio, para que se impute ao agente o cometimento de ato de improbidade.<\/p>\n\n\n\n<p>Essa \u00e9 outra altera\u00e7\u00e3o bem-vinda, visto que se a perda patrimonial for causada exclusivamente por culpa decorrente de m\u00e1 gest\u00e3o e falhas administrativas, h\u00e1 outros meios legais para que o er\u00e1rio seja indenizado e o agente seja sancionado, sem que se recorra \u00e0 lei de improbidade administrativa, reservada aos atos mal-intencionados.<\/p>\n\n\n\n<p>OLIVEIRA (2023, p. 108) explica que esse tipo de improbidade administrativa pressup\u00f5e:<\/p>\n\n\n\n<blockquote class=\"wp-block-quote is-layout-flow wp-block-quote-is-layout-flow\">\n<p><em>a) efetiva e comprovada les\u00e3o ao er\u00e1rio;<br>b) conduta dolosa comissiva ou omissiva, do agente ou do terceiro;<br>c) nexo causal ou etiol\u00f3gico entre a les\u00e3o ao er\u00e1rio e a conduta do agente p\u00fablico ou do terceiro.&#8221;<\/em><\/p>\n<\/blockquote>\n\n\n\n<h3 class=\"wp-block-heading\">Viola\u00e7\u00e3o aos Princ\u00edpios da Administra\u00e7\u00e3o P\u00fablica<\/h3>\n\n\n\n<p>O ato de improbidade administrativa que atenta contra os princ\u00edpios da administra\u00e7\u00e3o p\u00fablica, previsto no art. 11 da LIA:<\/p>\n\n\n\n<figure class=\"wp-block-pullquote classe bq-small\"><blockquote><p>Corresponde a a\u00e7\u00e3o ou omiss\u00e3o dolosa que viole os deveres de honestidade, de imparcialidade e de legalidade.<\/p><\/blockquote><\/figure>\n\n\n\n<p>Diferente dos outros dois tipos, neste o rol trazido pelo artigo \u00e9 um rol taxativo, sendo expresso que esse tipo de ato de improbidade s\u00f3 \u00e9 caracterizado por uma das condutas trazidas por seus incisos.<\/p>\n\n\n\n<p>Alguns dos incisos foram revogados na \u00faltima reforma, e outros foram modificados, de forma que, atualmente, <strong>os seguintes atos violadores dos princ\u00edpios da Administra\u00e7\u00e3o P\u00fablica configuram improbidade administrativa<\/strong>:<\/p>\n\n\n\n<figure class=\"wp-block-pullquote\"><blockquote><p>III &#8211; revelar fato ou circunst\u00e2ncia de que tem ci\u00eancia em raz\u00e3o das atribui\u00e7\u00f5es e que deva permanecer em segredo, propiciando beneficiamento por informa\u00e7\u00e3o privilegiada ou colocando em risco a seguran\u00e7a da sociedade e do Estado;<br>IV &#8211; negar publicidade aos atos oficiais, exceto em raz\u00e3o de sua imprescindibilidade para a seguran\u00e7a da sociedade e do Estado ou de outras hip\u00f3teses institu\u00eddas em lei;<br>V &#8211; frustrar, em ofensa \u00e0 imparcialidade, o car\u00e1ter concorrencial de concurso p\u00fablico, de chamamento ou de procedimento licitat\u00f3rio, com vistas \u00e0 obten\u00e7\u00e3o de benef\u00edcio pr\u00f3prio, direto ou indireto, ou de terceiros;<br>VI &#8211; deixar de prestar contas quando esteja obrigado a faz\u00ea-lo, desde que disponha das condi\u00e7\u00f5es para isso, com vistas a ocultar irregularidades;<br>VII &#8211; revelar ou permitir que chegue ao conhecimento de terceiro, antes da respectiva divulga\u00e7\u00e3o oficial, teor de medida pol\u00edtica ou econ\u00f4mica capaz de afetar o pre\u00e7o de mercadoria, bem ou servi\u00e7o.<br>VIII &#8211; descumprir as normas relativas \u00e0 celebra\u00e7\u00e3o, fiscaliza\u00e7\u00e3o e aprova\u00e7\u00e3o de contas de parcerias firmadas pela administra\u00e7\u00e3o p\u00fablica com entidades privadas.<br>XI &#8211; nomear c\u00f4njuge, companheiro ou parente em linha reta, colateral ou por afinidade, at\u00e9 o terceiro grau, inclusive, da autoridade nomeante ou de servidor da mesma pessoa jur\u00eddica investido em cargo de dire\u00e7\u00e3o, chefia ou assessoramento, para o exerc\u00edcio de cargo em comiss\u00e3o ou de confian\u00e7a ou, ainda, de fun\u00e7\u00e3o gratificada na administra\u00e7\u00e3o p\u00fablica direta e indireta em qualquer dos Poderes da Uni\u00e3o, dos Estados, do Distrito Federal e dos Munic\u00edpios, compreendido o ajuste mediante designa\u00e7\u00f5es rec\u00edprocas;<br>XII &#8211; praticar, no \u00e2mbito da administra\u00e7\u00e3o p\u00fablica e com recursos do er\u00e1rio, ato de publicidade que contrarie o disposto no \u00a7 1\u00ba do art. 37 da Constitui\u00e7\u00e3o Federal, de forma a promover inequ\u00edvoco enaltecimento do agente p\u00fablico e personaliza\u00e7\u00e3o de atos, de programas, de obras, de servi\u00e7os ou de campanhas dos \u00f3rg\u00e3os p\u00fablicos<\/p><cite>LEIA MAIS<\/cite><\/blockquote><\/figure>\n\n\n\n<h2 class=\"wp-block-heading\">Quem pode ajuizar a\u00e7\u00e3o de Improbidade Administrativa?<\/h2>\n\n\n\n<p>A inova\u00e7\u00e3o legislativa de 2021 reservava exclusivamente ao <strong>Minist\u00e9rio P\u00fablico<\/strong> a legitimidade para o ajuizamento de a\u00e7\u00e3o por improbidade administrativa.<\/p>\n\n\n\n<p>Apesar do texto legal, foi declarada no STF a inconstitucionalidade da reserva, sendo estabelecida que:<\/p>\n\n\n\n<blockquote class=\"wp-block-quote is-layout-flow wp-block-quote-is-layout-flow\">\n<p><em>a legitimidade ativa concorrente e disjuntiva entre o Minist\u00e9rio P\u00fablico e as pessoas jur\u00eddicas interessadas para a propositura da a\u00e7\u00e3o por ato de improbidade administrativa\u201d<\/em> (ADI 7.042 e 7.043).<\/p>\n<\/blockquote>\n\n\n\n<h2 class=\"wp-block-heading\">Quais s\u00e3o as puni\u00e7\u00f5es previstas para a improbidade administrativa?<\/h2>\n\n\n\n<p>As <strong>penas aplic\u00e1veis aos atos de improbidade administrativa s\u00e3o expressas no art. 12 da LIA<\/strong>, e podem ser aplicadas mesmo quando ressarcido o dano patrimonial, independentemente das san\u00e7\u00f5es penais comuns e de responsabilidade, civis e administrativas previstas na legisla\u00e7\u00e3o espec\u00edfica.<\/p>\n\n\n\n<p>H\u00e1 mais de uma pena prevista para cada ato de improbidade, sendo que elas podem ser aplicadas isolada ou cumulativamente, de acordo com a gravidade do fato.<\/p>\n\n\n\n<h3 class=\"wp-block-heading\">Penas para o ato de improbidade que configura enriquecimento il\u00edcito (art. 12, inc. I):<\/h3>\n\n\n\n<ol class=\"wp-block-list\">\n<li>Perda dos bens ou valores acrescidos ilicitamente ao patrim\u00f4nio;<\/li>\n\n\n\n<li>Perda da fun\u00e7\u00e3o p\u00fablica;<\/li>\n\n\n\n<li>Suspens\u00e3o dos direitos pol\u00edticos at\u00e9 14 (catorze) anos;<\/li>\n\n\n\n<li>Pagamento de multa civil equivalente ao valor do acr\u00e9scimo patrimonial;<\/li>\n\n\n\n<li>Proibi\u00e7\u00e3o de contratar com o poder p\u00fablico ou de receber benef\u00edcios ou incentivos fiscais ou credit\u00edcios, direta ou indiretamente, ainda que por interm\u00e9dio de pessoa jur\u00eddica da qual seja s\u00f3cio majorit\u00e1rio, pelo prazo n\u00e3o superior a 14 (catorze) anos.<\/li>\n<\/ol>\n\n\n\n<h3 class=\"wp-block-heading\">Penas para o ato de improbidade que cause les\u00e3o ao er\u00e1rio (art. 12, inc. II):<\/h3>\n\n\n\n<ol class=\"wp-block-list\">\n<li>Perda dos bens ou valores acrescidos ilicitamente ao patrim\u00f4nio, se concorrer esta circunst\u00e2ncia;<\/li>\n\n\n\n<li>Perda da fun\u00e7\u00e3o p\u00fablica;<\/li>\n\n\n\n<li>Suspens\u00e3o dos direitos pol\u00edticos at\u00e9 12 (doze) anos;<\/li>\n\n\n\n<li>Pagamento de multa civil equivalente ao valor do dano;<\/li>\n\n\n\n<li>Proibi\u00e7\u00e3o de contratar com o poder p\u00fablico ou de receber benef\u00edcios ou incentivos fiscais ou credit\u00edcios, direta ou indiretamente, ainda que por interm\u00e9dio de pessoa jur\u00eddica da qual seja s\u00f3cio majorit\u00e1rio, pelo prazo n\u00e3o superior a 12 (catorze) anos.<\/li>\n<\/ol>\n\n\n\n<h3 class=\"wp-block-heading\">Penas para o ato de improbidade de viola\u00e7\u00e3o dos princ\u00edpios da administra\u00e7\u00e3o (art. 12, inc. III):<\/h3>\n\n\n\n<ol class=\"wp-block-list\">\n<li>Pagamento de multa civil de at\u00e9 24 (vinte e quatro) vezes o valor da remunera\u00e7\u00e3o percebida pelo agente;<\/li>\n\n\n\n<li>Proibi\u00e7\u00e3o de contratar com o poder p\u00fablico ou de receber benef\u00edcios ou incentivos fiscais ou credit\u00edcios, direta ou indiretamente, ainda que por interm\u00e9dio de pessoa jur\u00eddica da qual seja s\u00f3cio majorit\u00e1rio, pelo prazo n\u00e3o superior a 4 (quatro) anos<\/li>\n<\/ol>\n\n\n\n<h2 class=\"wp-block-heading\">Conclus\u00e3o:<\/h2>\n\n\n\n<p>Sem d\u00favida, a Lei de Improbidade Administrativa \u00e9 de grande relev\u00e2ncia no controle dos agentes p\u00fablicos e pol\u00edticos, possibilitando ao Minist\u00e9rio P\u00fablico e a outros interessados e legitimados o resguardo do er\u00e1rio.<\/p>\n\n\n\n<p>As altera\u00e7\u00f5es trazidas pela reforma de 2021 foram extremamente pertinentes, restabelecendo o equil\u00edbrio entre os il\u00edcitos e as puni\u00e7\u00f5es, de forma a impedir que o processo de improbidade administrativa fosse utilizado com fins particulares.<\/p>\n\n\n\n<p>A viola\u00e7\u00e3o aos princ\u00edpios administrativos, quando possuindo apenas um rol exemplificativo, possibilitava a banaliza\u00e7\u00e3o da interpreta\u00e7\u00e3o, com a possibilidade de se processar e punir de forma descomedida.<\/p>\n\n\n\n<p>Caso tenha permanecido qualquer d\u00favida em rela\u00e7\u00e3o ao tema, nos conte nos coment\u00e1rios sobre o que gostaria de saber mais!<\/p>\n\n\n\n<h3 class=\"wp-block-heading\">Mais conhecimento para voc\u00ea<\/h3>\n\n\n\n<p>Se voc\u00ea gostou deste texto e deseja seguir a leitura em temas sobre direito e advocacia, vale a pena conferir os seguintes materiais:&nbsp;&nbsp;<\/p>\n\n\n\n<ul class=\"wp-block-list\">\n<li>Saiba mais sobre <a href=\"https:\/\/www.aurum.com.br\/blog\/analise-economica-do-direito\/\">an\u00e1lise econ\u00f4mica do direito<\/a><\/li>\n\n\n\n<li>O que \u00e9 a <a href=\"https:\/\/www.aurum.com.br\/blog\/lei-do-inquilinato\/\">lei do inquilinato<\/a><\/li>\n\n\n\n<li>Tudo o que voc\u00ea precisa saber sobre <a href=\"https:\/\/www.aurum.com.br\/blog\/direitos-e-garantias-fundamentais\/\">direitos e garantias fundamentais<\/a><\/li>\n\n\n\n<li><a href=\"https:\/\/www.aurum.com.br\/blog\/moratoria\/\">Morat\u00f3ria<\/a>: principais aspectos conforme o CTN<\/li>\n\n\n\n<li><a href=\"https:\/\/www.aurum.com.br\/blog\/regularizacao-fundiaria\/\">Regulariza\u00e7\u00e3o fundi\u00e1ria<\/a>: o que mudou com a nova lei<\/li>\n\n\n\n<li><a href=\"https:\/\/www.aurum.com.br\/blog\/lei-14020-2020\/\">Lei 14020\/2020<\/a> &#8211; Programa Emergencial: guia completo<\/li>\n\n\n\n<li><a href=\"https:\/\/www.aurum.com.br\/blog\/nome-social\/\">Nome social<\/a>: aspectos legais sobre o direito de mudar o nome de registro<\/li>\n\n\n\n<li><a href=\"https:\/\/www.aurum.com.br\/blog\/processo-administrativo\/\">Tire as suas d\u00favidas sobre o processo administrativo<\/a><\/li>\n\n\n\n<li><a href=\"https:\/\/www.aurum.com.br\/blog\/biodireito\/\">Entenda como o biodireito funciona na pr\u00e1tica e sua rela\u00e7\u00e3o com a bio\u00e9tica<\/a><\/li>\n\n\n\n<li><a href=\"https:\/\/www.aurum.com.br\/blog\/suspensao-condicional-do-processo\/\">O que \u00e9 a suspens\u00e3o condicional do processo e os seus requisitos<\/a><\/li>\n\n\n\n<li><a href=\"https:\/\/www.aurum.com.br\/blog\/plano-de-parentalidade\/\">Plano de parentalidade: Entenda o que \u00e9 e qual sua import\u00e2ncia<\/a><\/li>\n<\/ul>\n\n\n\n<p>Este conte\u00fado foi \u00fatil pra voc\u00ea? Conta aqui nos coment\u00e1rios \ud83d\ude09<\/p>\n\n\n<style>\r\n  .news-post {\r\n    background: url('https:\/\/www.aurum.com.br\/blog\/wp-content\/themes\/aurum\/img\/bg-news-artigo.svg') no-repeat top center #3C48AA;\r\n    padding: 1.5rem;\r\n    border-radius: 6px;\r\n    margin: 1rem 0;\r\n  }\r\n  .news-post .icone {\r\n    display: none;\r\n  }\r\n  .news-post .title {\r\n    font-weight: 700;\r\n    font-size: 16px;\r\n    line-height: 130%;\r\n    text-align: center;\r\n    letter-spacing: -0.5px;\r\n    color: #fff;\r\n    margin-bottom: .9375rem;\r\n  }\r\n  .news-post p {\r\n    font-size: .875rem;\r\n    line-height: 140%;\r\n    text-align: center;\r\n    color: #fff;\r\n    margin-bottom: 1.25rem;\r\n  }\r\n  .news-post .news_button_span {\r\n    font-size: .8125rem;\r\n    display: block;\r\n    padding: .125rem .3125rem;\r\n    color: #fff;\r\n    text-align:left;\r\n  }\r\n  .news-post .news_button_span a {\r\n    color: #fff !important;\r\n    text-decoration: underline;\r\n  }\r\n  .news-post form {\r\n    width: 100%;\r\n  }\r\n  .news-post label {\r\n    font-weight: 600;\r\n    font-size: .9375rem;\r\n    line-height: 1.5rem;\r\n    margin-bottom: .5rem;\r\n    color: #fff;\r\n    display: block;\r\n  }\r\n  .news-post input {\r\n    background: #fff;\r\n    border: 1px solid #CBCBD9;\r\n    box-sizing: border-box;\r\n    border-radius: 4px;\r\n    padding: .75rem 1rem;\r\n    width: 100%;\r\n  }\r\n  .news-post button {\r\n    margin-top: .875rem;\r\n    width: 100%;\r\n    min-width: auto;\r\n    background: #FCC632;\r\n    color: #3C48AA;\r\n  }\r\n  .news-post .input {\r\n    position: relative;\r\n    padding-bottom: 10px;\r\n  }\r\n  .news-post .error-message-ad {\r\n    font-size: .875rem;\r\n    line-height: 130%;\r\n    color: #D50021;\r\n    margin-left: 4px;\r\n  }\r\n  .news-post .error {\r\n    border: 1px solid #D50021;\r\n  }\r\n  .news-post #message-form-ad {\r\n    border-radius: 4px;\r\n    padding: 0.7rem;\r\n    font-size:0.8rem;\r\n    text-align: center;\r\n    align-items: center;\r\n    justify-content: center;\r\n    display: none;\r\n  }\r\n  .news-post #message-form-ad svg {\r\n    margin-right: 8px;\r\n  }\r\n\r\n  @media(min-width: 561px) {\r\n    .news-post {\r\n      position: relative;\r\n      background: url('https:\/\/www.aurum.com.br\/blog\/wp-content\/themes\/aurum\/img\/bg-news-artigo.svg') no-repeat top center #3C48AA;\r\n      width: calc(100% - 30px);\r\n    }\r\n    .news-post .icone {\r\n      display: block;\r\n      position: absolute;\r\n      right: -30px;\r\n      top: 65px;\r\n      max-width: 142px;\r\n      width: 100%;\r\n      height: auto;\r\n      margin: 0;\r\n    }\r\n    .news-post .title {\r\n      font-size: 1.125rem;\r\n      text-align: left;\r\n      \/* padding-right: 3.75rem; *\/\r\n    }\r\n    .news-post p {\r\n      font-size: 1rem;\r\n      text-align: left;\r\n      max-width: 400px;\r\n    }\r\n    .news-post .boxes {\r\n      display: flex;\r\n      align-items: flex-start;\r\n    }\r\n    .news-post button {\r\n      margin: 0 0 0 1rem;\r\n      width: 100%;\r\n      max-width: 170px;\r\n      min-width: auto;\r\n      transition: all ease .3s\r\n    }\r\n    .news-post button:hover {\r\n      opacity: 0.9;\r\n      transition: all ease .3s\r\n    }\r\n    .news-post #message-form-ad {\r\n      padding: 1.125rem;\r\n      font-size:1rem;\r\n    }\r\n    .news-post #message-form-ad svg {\r\n      margin-right: 10px;\r\n    }\r\n  }\r\n<\/style>\r\n\r\n<div class=\"news-post\">\r\n  <div class=\"title news-ad-title\">Gostou do artigo e quer evoluir a sua advocacia?<\/div>\r\n  <p class=\"news-ad-subtitle\">Assine gr\u00e1tis a Aurum News e receba uma dose semanal de conte\u00fado no seu e-mail! \u270c\ufe0f<\/p>\r\n  <img decoding=\"async\" src=\"https:\/\/www.aurum.com.br\/blog\/wp-content\/themes\/aurum\/img\/icon-news-artigo.svg\" alt=\"\" class=\"icone\">\r\n\r\n  <form method=\"post\" name=\"newsletter-ad\" id=\"aurum-newsletter-ad\">\r\n    <div class=boxes>\r\n      <div class=\"input\">\r\n        <label class=\"label-email\" htmlFor=\"email-ad\">Qual seu e-mail?<\/label>\r\n        <input type=\"email\" id=\"email-ad\" name=\"newsletter-mail-ad\" placeholder=\"Digite seu e-mail?\">\r\n        <div class=\"error-message-ad-email\">Endere\u00e7o de e-mail inv\u00e1lido ou incorreto<\/div>\r\n\r\n        <label class=\"label-select\" htmlFor=\"lawsuits-select-ad\">\r\n          Quantos processos voc\u00ea ou<br class=\"for-desktop\"\/> seu escrit\u00f3rio acompanham?\r\n        <\/label>\r\n        <div id=\"lawsuits-select-ad\" class=\"lawsuits-select select-wrapper\" tabindex=\"0\">\r\n          <div class=\"s-dropdown--styled\">\r\n          <span class=\"lawsuits-default\">\r\n            <span id=\"lawsuits-newsletter-ad\" class=\"lawsuits-default-text\" data-value=\"\">Selecione os processos<\/span>\r\n            <svg class=\"chevron\" xmlns=\"http:\/\/www.w3.org\/2000\/svg\" width=\"24\" height=\"25\" viewBox=\"0 0 24 25\" fill=\"none\">\r\n              <path d=\"M6 15.6152L12 9.61523L18 15.6152\" stroke=\"black\" stroke-width=\"2\" stroke-linecap=\"round\" stroke-linejoin=\"round\" \/>\r\n            <\/svg>\r\n          <\/span>\r\n\r\n          <ul class=\"s-dropdown u-hide\">\r\n            <li class=\"lawsuits\" data-value=\"Mais de 1000 processos\">Mais de 1000 processos<\/li>\r\n            <li class=\"lawsuits\" data-value=\"De 501 a 1000 processos\">De 501 a 1000 processos<\/li>\r\n            <li class=\"lawsuits\" data-value=\"De 151 a 500 processos\">De 151 a 500 processos<\/li>\r\n            <li class=\"lawsuits\" data-value=\"De 41 a 150 processos\">De 41 a 150 processos<\/li>\r\n            <li class=\"lawsuits\" data-value=\"At\u00e9 40 processos\">At\u00e9 40 processos<\/li>\r\n            <li class=\"lawsuits\" data-value=\"Atuo apenas no consultivo\">Atuo apenas no consultivo<\/li>\r\n            <li class=\"lawsuits\" data-value=\"Ainda sou estudante de direito\">Ainda sou estudante de direito<\/li>\r\n            <li class=\"lawsuits\" data-value=\"N\u00e3o sou da \u00e1rea jur\u00eddica\">N\u00e3o sou da \u00e1rea jur\u00eddica<\/li>\r\n          <\/ul>\r\n          <\/div>\r\n        <\/div>\r\n        <div class=\"error-message-ad-lawsuits\">Selecione algum processo<\/div>\r\n      <\/div>\r\n      <button class=\"btn btn-yellow ad-btn-desktop\" id=\"aurum-submit-ad\">Assinar gr\u00e1tis<\/button>\r\n      <button class=\"btn btn-yellow ad-btn-mobile\" id=\"aurum-submit-ad\">Assinar<\/button>\r\n    <\/div>\r\n    <span class=\"news_button_span\">Ao se cadastrar voc\u00ea declara que leu e aceitou a pol\u00edtica de privacidade e cookies do <a href=\"https:\/\/s3.sa-east-1.amazonaws.com\/publico.aurum.com.br\/contratos\/politica-de-privacidade.pdf\" target=\"_blank\" rel=\"noopener noreferrer\">site<\/a>.<\/span>\r\n  <\/form>\r\n  <div id=\"message-form-ad\"><\/div>\r\n<\/div>","protected":false},"excerpt":{"rendered":"<p>A improbidade administrativa diz respeito a comportamentos contr\u00e1rios ao dever de probidade (bondade, integridade, honestidade) que recai sobre todos os agentes p\u00fablicos, pessoas, organiza\u00e7\u00f5es ou institui\u00e7\u00f5es ligadas \u00e0 organiza\u00e7\u00e3o do Estado e ao exerc\u00edcio de suas fun\u00e7\u00f5es.&nbsp; A quest\u00e3o da improbidade administrativa recebeu maior aten\u00e7\u00e3o ap\u00f3s o advento de verdadeira reforma legislativa, que alterou v\u00e1rias [&hellip;]<\/p>\n","protected":false},"author":127,"featured_media":9308,"comment_status":"open","ping_status":"open","sticky":false,"template":"","format":"standard","meta":{"_bbp_topic_count":0,"_bbp_reply_count":0,"_bbp_total_topic_count":0,"_bbp_total_reply_count":0,"_bbp_voice_count":0,"_bbp_anonymous_reply_count":0,"_bbp_topic_count_hidden":0,"_bbp_reply_count_hidden":0,"_bbp_forum_subforum_count":0,"inline_featured_image":false,"footnotes":""},"categories":[17],"tags":[],"class_list":["post-9307","post","type-post","status-publish","format-standard","has-post-thumbnail","hentry","category-direito-administrativo"],"acf":[],"_links":{"self":[{"href":"https:\/\/www.aurum.com.br\/blog\/wp-json\/wp\/v2\/posts\/9307","targetHints":{"allow":["GET"]}}],"collection":[{"href":"https:\/\/www.aurum.com.br\/blog\/wp-json\/wp\/v2\/posts"}],"about":[{"href":"https:\/\/www.aurum.com.br\/blog\/wp-json\/wp\/v2\/types\/post"}],"author":[{"embeddable":true,"href":"https:\/\/www.aurum.com.br\/blog\/wp-json\/wp\/v2\/users\/127"}],"replies":[{"embeddable":true,"href":"https:\/\/www.aurum.com.br\/blog\/wp-json\/wp\/v2\/comments?post=9307"}],"version-history":[{"count":12,"href":"https:\/\/www.aurum.com.br\/blog\/wp-json\/wp\/v2\/posts\/9307\/revisions"}],"predecessor-version":[{"id":24751,"href":"https:\/\/www.aurum.com.br\/blog\/wp-json\/wp\/v2\/posts\/9307\/revisions\/24751"}],"wp:featuredmedia":[{"embeddable":true,"href":"https:\/\/www.aurum.com.br\/blog\/wp-json\/wp\/v2\/media\/9308"}],"wp:attachment":[{"href":"https:\/\/www.aurum.com.br\/blog\/wp-json\/wp\/v2\/media?parent=9307"}],"wp:term":[{"taxonomy":"category","embeddable":true,"href":"https:\/\/www.aurum.com.br\/blog\/wp-json\/wp\/v2\/categories?post=9307"},{"taxonomy":"post_tag","embeddable":true,"href":"https:\/\/www.aurum.com.br\/blog\/wp-json\/wp\/v2\/tags?post=9307"}],"curies":[{"name":"wp","href":"https:\/\/api.w.org\/{rel}","templated":true}]}}