{"id":9214,"date":"2023-08-28T17:28:50","date_gmt":"2023-08-28T20:28:50","guid":{"rendered":"https:\/\/aurum.com.br\/blog\/tendencias-na-advocacia\/"},"modified":"2024-09-19T10:50:09","modified_gmt":"2024-09-19T13:50:09","slug":"tendencias-na-advocacia","status":"publish","type":"post","link":"https:\/\/www.aurum.com.br\/blog\/tendencias-na-advocacia\/","title":{"rendered":"Relat\u00f3rio de Tend\u00eancias para 2024: As novas dire\u00e7\u00f5es do mundo e da Advocacia"},"content":{"rendered":"<div id=\"bsf_rt_marker\"><\/div>\n<pre class=\"wp-block-preformatted\">As <strong>tend\u00eancias na advocacia<\/strong> que voc\u00ea vai encontrar aqui referem-se \u00e0s mudan\u00e7as emergentes da \u00e1rea. Essas tend\u00eancias influenciam como os advogados e advogadas devem prestar servi\u00e7os, gerenciar seus escrit\u00f3rios e interagir com clientes a partir de agora.\n<\/pre>\n\n\n\n<p>Ap\u00f3s alguns anos de r\u00e1pida acelera\u00e7\u00e3o industrial, tecnol\u00f3gica e social, o ano de 2024 inaugurar\u00e1 uma <strong>era de realinhamento \u2013 para n\u00f3s mesmos, nossos locais de trabalho e o planeta.&nbsp;<\/strong><\/p>\n\n\n\n<p>Para te ajudar a se preparar, neste conte\u00fado voc\u00ea encontrar\u00e1 as principais tend\u00eancias do setor, a evolu\u00e7\u00e3o ao longo dos anos e recursos para lidar com tantas novidades!&nbsp;<\/p>\n\n\n\n<p>Inclusive, preparamos um material completo e aprofundado sobre isso, para os interessados em se aprofundar. Baixe o <a href=\"https:\/\/drive.google.com\/file\/d\/1nUUHVZgIK_cx_n5ReltY9mg2ZJ8HumD0\/view?usp=sharing\" target=\"_blank\" rel=\"noopener\">Relat\u00f3rio de Tend\u00eancias para a Advocacia<\/a> para enriquecer seu repert\u00f3rio e se antecipar \ud83d\ude42<br><br>Vamos aos destaques do pr\u00f3ximo ano?&nbsp;<\/p>\n\n\n\n<h2 class=\"wp-block-heading\">Conhe\u00e7a as 3 maiores tend\u00eancias globais de 2024<\/h2>\n\n\n\n<p>A cada ano, acompanhamos a evolu\u00e7\u00e3o da tecnologia, investigamos seus impactos nas rotinas e neg\u00f3cios jur\u00eddicos, realizamos an\u00e1lises sobre a cultura anal\u00edtica e as atualiza\u00e7\u00f5es no <a href=\"https:\/\/www.aurum.com.br\/blog\/areas-do-direito\/\">Direito<\/a> e mapeamos as melhores pr\u00e1ticas do mercado.&nbsp;<\/p>\n\n\n\n<p>Tudo para oferecer um <a href=\"https:\/\/drive.google.com\/file\/d\/1nUUHVZgIK_cx_n5ReltY9mg2ZJ8HumD0\/view?usp=sharing\" target=\"_blank\" rel=\"noopener\">Relat\u00f3rio de Tend\u00eancias<\/a> que seja capaz de orientar e apoiar os <strong>pr\u00f3ximos passos dos advogados e advogadas pelo mundo.<\/strong> Este ano, n\u00e3o foi diferente.&nbsp;&nbsp;<\/p>\n\n\n\n<p>Depois de muita pesquisa no mercado global e conversas com especialistas, identificamos as tr\u00eas maiores tend\u00eancias de 2024, com uma caracter\u00edstica em comum: a curiosa<strong> rela\u00e7\u00e3o entre seres humanos e a tecnologia.&nbsp;<\/strong><\/p>\n\n\n\n<h3 class=\"wp-block-heading\">1: O ser humano como protagonista: aten\u00e7\u00e3o \u00e0s necessidades dos clientes, dos funcion\u00e1rios e das nossas!&nbsp;&nbsp;<\/h3>\n\n\n\n<p>Para os apaixonados por tend\u00eancias, esta n\u00e3o \u00e9 uma novidade: a<strong> humaniza\u00e7\u00e3o <\/strong>continuar\u00e1 sendo a palavra da d\u00e9cada.&nbsp;<\/p>\n\n\n\n<p>N\u00e3o \u00e0 toa, atualmente, uma das \u00e1reas que mais tem se destacado \u00e9 apresentado um crescimento promissor \u00e9 a de <a href=\"https:\/\/www.aurum.com.br\/blog\/direitos-fundamentais\/\">Direitos Humanos e Igualdade<\/a>, uma vez que movimentos globais de justi\u00e7a social, como Black Lives Matter, #MeToo, e a crescente luta pelos direitos LGBTQIAPN+, t\u00eam colocado quest\u00f5es de direitos humanos e igualdade sob os holofotes internacionais.<\/p>\n\n\n\n<p>Mas muito al\u00e9m do jur\u00eddico, a aten\u00e7\u00e3o tamb\u00e9m se dar\u00e1 aos atendimentos do dia a dia. Nada de conversas robotizadas, sem carisma ou superficiais, mais do que nunca<strong> o protagonismo se voltar\u00e1 ao ser humano e suas necessidades de contato<\/strong>, onde as rela\u00e7\u00f5es com mais transpar\u00eancia, aten\u00e7\u00e3o, flexibilidade, personaliza\u00e7\u00e3o e empatia ser\u00e3o necess\u00e1rias.&nbsp;<\/p>\n\n\n\n<p>Para tanto, no mundo dos neg\u00f3cios, \u00e9 importante conhecer mais os clientes, entender suas expectativas, suas dores, seus h\u00e1bitos, o que buscam e como cada escrit\u00f3rio e atendimento pode fazer a diferen\u00e7a em suas vidas.&nbsp;<\/p>\n\n\n\n<p>Ainda seguindo esta movimenta\u00e7\u00e3o, de acordo com especialistas, o \u201c<strong>encantamento<\/strong>\u201d ser\u00e1 um dos sentimentos que i<strong>nfluenciar\u00e1 o comportamento dos consumidores. <\/strong>A d\u00favida \u00e9: voc\u00ea sabe encantar essa clientela mais exigente, que est\u00e1 em busca de identifica\u00e7\u00e3o e de tratamento personalizado?<\/p>\n\n\n\n<p>Al\u00e9m disso, pautas como <a href=\"https:\/\/www.aurum.com.br\/blog\/saude-mental-na-advocacia\/\"><strong>sa\u00fade mental<\/strong><\/a><strong> e equil\u00edbrio entre vida pessoal e trabalho<\/strong> tamb\u00e9m estar\u00e3o mais presentes, n\u00e3o s\u00f3 em conversas, mas em a\u00e7\u00f5es. Para tanto, v\u00e1rias iniciativas corporativas ser\u00e3o bem-vindas para engajar funcion\u00e1rios e acompanhar o mercado.&nbsp;&nbsp;&nbsp;<\/p>\n\n\n\n<h3 class=\"wp-block-heading\">2: A busca pelo aprimoramento: mais presen\u00e7a e entendimento de tecnologias como a IA e o Chat GPT&nbsp;<\/h3>\n\n\n\n<p>Diante de um cen\u00e1rio competitivo e mudado pelas transforma\u00e7\u00f5es digitais e econ\u00f4micas, as pessoas passar\u00e3o a <strong>rever as formas de trabalhar definitivamente<\/strong>: \u00e9 poss\u00edvel melhorar? De que forma? Como as ferramentas auxiliam nisso? Quais s\u00e3o realmente necess\u00e1rias?&nbsp;<\/p>\n\n\n\n<p>Tamb\u00e9m ser\u00e1 esperado, em fun\u00e7\u00e3o das<strong> novas \u00e1reas emergentes <\/strong>como Jurisdi\u00e7\u00e3o Espacial e Terrestre, Biologia sint\u00e9tica e edi\u00e7\u00e3o gen\u00e9tica, <a href=\"https:\/\/www.aurum.com.br\/blog\/legal-operations\/\">Legal Ops<\/a>, <a href=\"https:\/\/www.aurum.com.br\/blog\/legal-design\/\">Legal Design<\/a> e <strong>atua\u00e7\u00f5es mais orientadas a dados<\/strong>, que as pessoas busquem especializa\u00e7\u00f5es e at\u00e9 cheguem a mudar o foco de suas carreiras.&nbsp;<\/p>\n\n\n\n<p>Tamb\u00e9m se prev\u00ea que no pr\u00f3ximo ano a<strong> <\/strong><a href=\"https:\/\/www.aurum.com.br\/blog\/inteligencia-artificial-no-direito\/\"><strong>Intelig\u00eancia Artificial<\/strong><\/a><strong> e o <\/strong><a href=\"https:\/\/www.aurum.com.br\/blog\/chatgpt-para-advogados\/\"><strong>ChatGPT<\/strong><\/a> estejam ainda mais presentes no meio corporativo, refletindo em profissionais mais curiosos a entender os\u00a0 benef\u00edcios dessas ferramentas t\u00e3o revolucion\u00e1rias e como adapt\u00e1-las \u00e0s suas vidas.\u00a0<\/p>\n\n\n\n<p>Ou seja, a busca pelo conhecimento e uso inteligente da tecnologia como forma de otimizar rotinas, obter uma atua\u00e7\u00e3o mais anal\u00edtica e com mais seguran\u00e7a estar\u00e1 em alta.&nbsp;&nbsp;<\/p>\n\n\n\n<h3 class=\"wp-block-heading\">3: Digital com sabedoria e autonomia: usu\u00e1rios mais questionadores e rotinas mais flex\u00edveis&nbsp;<\/h3>\n\n\n\n<p>O uso crescente da internet, a prolifera\u00e7\u00e3o de<em> fake news <\/em>e a superexposi\u00e7\u00e3o nas redes sociais fizeram surgir a necessidade da<strong> educa\u00e7\u00e3o digital. <\/strong>O reflexo dessa movimenta\u00e7\u00e3o se dar\u00e1 com uma sociedade construindo sua sabedoria e autonomia na internet.&nbsp;<\/p>\n\n\n\n<p>Neste novo cen\u00e1rio, as pessoas passam a se preocupar e questionar mais sobre <strong>o uso e seguran\u00e7a de seus dados<\/strong>, dando maior destaque \u00e0 <a href=\"https:\/\/www.aurum.com.br\/blog\/lgpd\/\">Lei Geral de Prote\u00e7\u00e3o de Dados (LGPD)<\/a>, um campo de trabalho amplo para advogados que atuam nas \u00e1reas de <a href=\"https:\/\/www.aurum.com.br\/blog\/direito-digital\/\">direito digital<\/a> e do direito da personalidade.<\/p>\n\n\n\n<p>Tamb\u00e9m passam a escolher melhor as ferramentas e aplicativos que agregam suas rotinas e <strong>a valorizar tempos de qualidade fora do universo cibern\u00e9tico<\/strong>, e com isso, a encontrar prazer em<strong> estilos de vida como o <\/strong><strong><em>anywhere office<\/em><\/strong> (escrit\u00f3rio em qualquer lugar).<\/p>\n\n\n\n<p>Ou seja, veremos mais profissionais aut\u00f4nomos que n\u00e3o t\u00eam um ambiente fixo para trabalho. Isso gra\u00e7as aos avan\u00e7os tecnol\u00f3gicos que permitem a <strong>integra\u00e7\u00e3o das atividades de trabalho ao ambiente digital<\/strong>, possibilitando que dados sejam acessados de diferentes partes do mundo.&nbsp;<\/p>\n\n\n\n<p>O Astrea e o Themis s\u00e3o bons exemplos \ud83d\ude42<br><br>Mas\u2026&nbsp;<\/p>\n\n\n\n<h2 class=\"wp-block-heading\">Como essas movimenta\u00e7\u00f5es impactam o Direito?&nbsp;<\/h2>\n\n\n\n<p><strong>Baixe gratuitamente o Relat\u00f3rio de Tend\u00eancias para a Advocacia 2024<\/strong> completo para descobrir.&nbsp;<\/p>\n\n\n\n<figure class=\"wp-block-image size-full\"><a href=\"https:\/\/materiais.aurum.com.br\/mkt-lp-relatorio-de-tendencias-para-a-advocacia-2024?utm_source=instagram&amp;utm_medium=org_instagram&amp;utm_campaign=relatoriotendencias\" target=\"_blank\" rel=\"noopener\"><img decoding=\"async\" width=\"1024\" height=\"469\" src=\"https:\/\/www.aurum.com.br\/blog\/wp-content\/uploads\/2023\/10\/relatorio-de-tendencias-2024.png\" alt=\"\" class=\"wp-image-25252\" srcset=\"https:\/\/www.aurum.com.br\/blog\/wp-content\/uploads\/2023\/10\/relatorio-de-tendencias-2024.png 1024w, https:\/\/www.aurum.com.br\/blog\/wp-content\/uploads\/2023\/10\/relatorio-de-tendencias-2024-300x137.png 300w, https:\/\/www.aurum.com.br\/blog\/wp-content\/uploads\/2023\/10\/relatorio-de-tendencias-2024-768x352.png 768w\" sizes=\"(max-width: 1024px) 100vw, 1024px\" \/><\/a><\/figure>\n\n\n\n<h2 class=\"wp-block-heading\">Como se preparar para tudo isso?&nbsp;<\/h2>\n\n\n\n<blockquote class=\"wp-block-quote is-layout-flow wp-block-quote-is-layout-flow\">\n<p>\u201cVivemos um novo momento do direito em que os advogados e advogadas s\u00e3o chamados para atuar e definir novas normas jur\u00eddicas para novas formas de experienciar o mundo. \u00c9 hora de rever o seu papel na sociedade e assumir a linha de frente.\u201d<\/p>\n<\/blockquote>\n\n\n<div class=\"wp-block-image\">\n<figure class=\"alignleft size-full\"><img decoding=\"async\" width=\"1200\" height=\"794\" src=\"https:\/\/www.aurum.com.br\/blog\/wp-content\/uploads\/2023\/08\/Anna-Flavia-Ribeiro-no-Aurum-Summit.jpg\" alt=\"\" class=\"wp-image-24440\" srcset=\"https:\/\/www.aurum.com.br\/blog\/wp-content\/uploads\/2023\/08\/Anna-Flavia-Ribeiro-no-Aurum-Summit.jpg 1200w, https:\/\/www.aurum.com.br\/blog\/wp-content\/uploads\/2023\/08\/Anna-Flavia-Ribeiro-no-Aurum-Summit-300x199.jpg 300w, https:\/\/www.aurum.com.br\/blog\/wp-content\/uploads\/2023\/08\/Anna-Flavia-Ribeiro-no-Aurum-Summit-768x508.jpg 768w\" sizes=\"(max-width: 1200px) 100vw, 1200px\" \/><figcaption class=\"wp-element-caption\">Anna Fl\u00e1via Ribeiro<\/figcaption><\/figure>\n<\/div>\n\n\n<p>Que \u00e9 fundamental assumir uma postura ativa em meio a essa situa\u00e7\u00e3o, n\u00e3o h\u00e1 d\u00favidas. Por isso, separamos algumas dicas para que voc\u00ea possa se preparar \ud83d\ude09<\/p>\n\n\n\n<h3 class=\"wp-block-heading\">1. Invista em melhorias na marca do seu escrit\u00f3rio&nbsp;<\/h3>\n\n\n\n<p>Se voc\u00ea ainda n\u00e3o se dedicou \u00e0 identidade visual e \u00e0 constru\u00e7\u00e3o e solidifica\u00e7\u00e3o da marca do seu escrit\u00f3rio, est\u00e1 na hora. A identidade visual consiste em um conjunto de elementos para transmitir aos clientes os valores e ideais do seu neg\u00f3cio jur\u00eddico.<\/p>\n\n\n\n<p>Pode at\u00e9 parecer algo secund\u00e1rio, mas os detalhes fazem toda a diferen\u00e7a. Enxergue o <strong>universo visual da marca do seu escrit\u00f3rio como o seu cart\u00e3o de visitas.&nbsp;<\/strong><\/p>\n\n\n\n<p>Vale tamb\u00e9m tirar um tempo para <strong>reavaliar os processos internos<\/strong>. Aproveite para verificar se as rotinas est\u00e3o alinhadas com as demandas e se os processos fluem de forma \u00e1gil e organizada.&nbsp;<\/p>\n\n\n\n<p>Os aspectos gerenciais s\u00e3o fundamentais. Por isso, \u00e9 interessante identificar como est\u00e1 a gest\u00e3o de pessoas, se os controles financeiros est\u00e3o sendo realizados e acompanhados de maneira adequada.<\/p>\n\n\n\n<h3 class=\"wp-block-heading\">2. Conhe\u00e7a o seu p\u00fablico&nbsp;<\/h3>\n\n\n\n<p>Ter em mente qual \u00e9 o p\u00fablico que voc\u00ea atinge ou deseja atingir ajuda a definir estrat\u00e9gias para alcan\u00e7\u00e1-los e traz\u00ea-los para seu escrit\u00f3rio.&nbsp;<\/p>\n\n\n\n<p>Dessa forma voc\u00ea vai poder identificar com mais clareza onde focar os seus esfor\u00e7os para ter mais visibilidade e despertar mais interesse. Use a Intelig\u00eancia Artificial para coletar dados e analisar quem \u00e9 a base do seu neg\u00f3cio \ud83d\ude42&nbsp;<\/p>\n\n\n\n<h3 class=\"wp-block-heading\">3. Tenha uma boa e constante presen\u00e7a digital<\/h3>\n\n\n\n<p>O consumidor utiliza o Google e as redes sociais para buscar informa\u00e7\u00f5es sobre com\u00e9rcios e prestadores de servi\u00e7os. A internet, al\u00e9m de ser uma <strong>vitrine para que voc\u00ea ou seu escrit\u00f3rio sejam constantemente lembrados<\/strong>, pode tamb\u00e9m construir sua reputa\u00e7\u00e3o e contribuir para que voc\u00ea seja uma autoridade no seu nicho.&nbsp;<\/p>\n\n\n\n<p>Uma das vantagens da atua\u00e7\u00e3o na internet \u00e9 que n\u00e3o s\u00e3o necess\u00e1rios grandes investimentos. Por meio da participa\u00e7\u00e3o em redes sociais, da cria\u00e7\u00e3o de site para advogados, blogs, produ\u00e7\u00e3o de v\u00eddeos e podcasts de direito, \u00e9 poss\u00edvel alcan\u00e7ar seu p\u00fablico produzindo um conte\u00fado jur\u00eddico estrat\u00e9gico.&nbsp;<\/p>\n\n\n\n<h3 class=\"wp-block-heading\">4. Se atualize e busque acompanhar as mudan\u00e7as dentro e fora da legisla\u00e7\u00e3o&nbsp;<\/h3>\n\n\n\n<p>\u00c9 b\u00e1sico n\u00e3o perder de vista a atualiza\u00e7\u00e3o profissional quanto \u00e0s mudan\u00e7as na legisla\u00e7\u00e3o e o andamento dos processos. Embora em algumas \u00e1reas ocorram mais do que em outras, <strong>as leis est\u00e3o em constante evolu\u00e7\u00e3o<\/strong>, a jurisdi\u00e7\u00e3o espacial \u00e9 um exemplo.&nbsp;&nbsp;<\/p>\n\n\n\n<p>Muitas vezes conhecer apenas o texto da lei n\u00e3o d\u00e1 a no\u00e7\u00e3o suficiente da sua abrang\u00eancia. Por isso, \u00e9 recomend\u00e1vel <strong>participar de eventos para advogados, workshops e palestras.<\/strong><\/p>\n\n\n\n<p>Al\u00e9m disso, \u00e9 importante manter contato com colegas de profiss\u00e3o. Assim, voc\u00ea abre possibilidades para fazer parcerias, dividir opini\u00f5es e coletar ideias e feedbacks \u00fateis para seu neg\u00f3cio.&nbsp;<\/p>\n\n\n\n<p>E claro, \u00e9 vital que os advogados e advogadas se mantenham informados sobre temas fora da legisla\u00e7\u00e3o tradicional, como j\u00e1 mencionamos aqui: Intelig\u00eancia Artificial, biotecnologia, entre outros.<\/p>\n\n\n\n<h3 class=\"wp-block-heading\">5. Agregue valor \u00e0 sua pr\u00e1tica e se diferencie da concorr\u00eancia&nbsp;<\/h3>\n\n\n\n<p>Para ter um bom posicionamento no mercado, \u00e9 necess\u00e1rio que voc\u00ea conhe\u00e7a quem atua na mesma \u00e1rea: uma <strong>an\u00e1lise de sua concorr\u00eancia \u00e9 indispens\u00e1vel.<\/strong><\/p>\n\n\n\n<p>Primeiro levante todos os advogados e escrit\u00f3rios que compartilham do seu p\u00fablico-alvo, ou seja, dos seus concorrentes diretos. Busque saber tamb\u00e9m quem s\u00e3o os seus concorrentes indiretos, que s\u00e3o aqueles operadores do direito que trabalham com nichos diferentes.&nbsp;<\/p>\n\n\n\n<p>Entenda como atendem, quais as principais queixas dos clientes, os pontos fortes e fracos. Fa\u00e7a o mesmo levantamento em rela\u00e7\u00e3o ao seu atendimento e processos internos.&nbsp;<\/p>\n\n\n\n<p>Posteriormente, compare e inclua no seu planejamento estrat\u00e9gias que explorem esses pontos que precisam ser melhorados e atitudes que contribuam para fortalecer ainda mais seus pontos fortes.<\/p>\n\n\n\n<h3 class=\"wp-block-heading\">6. Ofere\u00e7a atendimento personalizado&nbsp;<\/h3>\n\n\n\n<p>Al\u00e9m de ser uma forma de se destacar na advocacia, como vimos, <strong>prezar pela humaniza\u00e7\u00e3o e personaliza\u00e7\u00e3o no atendimento<\/strong> ser\u00e1 fundamental para garantir que as atividades sejam direcionadas com mais precis\u00e3o, aumentando as chances de deferimento das solicita\u00e7\u00f5es e at\u00e9 ganho de causas.&nbsp;<\/p>\n\n\n\n<p>Vale inclusive dar uma conferida neste artigo onde contamos tudo sobre o <a href=\"https:\/\/www.aurum.com.br\/blog\/customer-success\/\">Customer Success<\/a>, uma estrat\u00e9gia que busca garantir que os clientes obtenham o m\u00e1ximo valor do seu servi\u00e7o e que tamb\u00e9m \u00e9 apontada como um dos destaques pros pr\u00f3ximos anos!&nbsp;<\/p>\n\n\n\n<h2 class=\"wp-block-heading\">Como usar as informa\u00e7\u00f5es coletadas no Relat\u00f3rio?&nbsp;<\/h2>\n\n\n\n<p>Compreender e adaptar-se a essas inova\u00e7\u00f5es \u00e9 uma maneira de se destacar na advocacia e conquistar mais efici\u00eancia e lucratividade.<\/p>\n\n\n\n<p>Mas lembre-se de definir os pr\u00f3ximos passos de forma estrat\u00e9gica e dentro das possibilidades de adapta\u00e7\u00e3o do seu escrit\u00f3rio. <strong>N\u00e3o \u00e9 poss\u00edvel e nem necess\u00e1rio saber sobre tudo<\/strong> ou implementar todas as tend\u00eancias.&nbsp;<\/p>\n\n\n\n<p>S\u00f3 voc\u00ea e os demais decisores&nbsp; poder\u00e3o identificar o que faz sentido para o seu nicho de mercado e para a cultura e objetivo estrat\u00e9gico do seu escrit\u00f3rio ou departamento. Nada melhor do que ser consciente das mudan\u00e7as que permeiam o mundo, para assim, se preparar para essa nova era da advocacia! \ud83d\ude09&nbsp;<\/p>\n\n\n\n<p>Portanto,<strong> use as informa\u00e7\u00f5es deste material para escolher o caminho que mais tem a ver com a sua advocacia<\/strong>, definindo suas pr\u00f3prias m\u00e9tricas de sucesso e felicidade. Esse \u00e9 o segredo para impulsionar sua carreira de maneira aut\u00eantica e sem risco de sobrecarga.&nbsp;E conte com as nossas solu\u00e7\u00f5es, como o Astrea, para descomplicar sua rotina \ud83d\ude42 <\/p>\n\n\n\n\n\n<h3 class=\"wp-block-heading\">Mais conte\u00fado para voc\u00ea<\/h3>\n\n\n\n<p>Aqui no Portal da Aurum n\u00f3s temos diversos conte\u00fados escritos por especialistas sobre inova\u00e7\u00f5es. Boas leituras!&nbsp;<\/p>\n\n\n\n<ul class=\"wp-block-list\">\n<li><a href=\"https:\/\/www.aurum.com.br\/blog\/legal-operations\/\">Como transformar a sua gest\u00e3o jur\u00eddica com o LegalOps<\/a><\/li>\n\n\n\n<li><a href=\"https:\/\/www.aurum.com.br\/blog\/legal-design\/\">Saiba o que \u00e9 e como usar o Legal Design na sua advocacia<\/a><\/li>\n\n\n\n<li><a href=\"https:\/\/www.aurum.com.br\/blog\/astrea-mobile\/\">Como o Astrea Mobile torna a sua rotina mais produtiva<\/a><\/li>\n\n\n\n<li><a href=\"https:\/\/www.aurum.com.br\/blog\/saude-mental-na-advocacia\/\">Sa\u00fade mental na advocacia: \u00e0 procura do equil\u00edbrio<\/a><\/li>\n\n\n\n<li><a href=\"https:\/\/www.aurum.com.br\/blog\/customer-success\/\">Customer Success: como melhorar o atendimento do escrit\u00f3rio<\/a><\/li>\n<\/ul>\n\n\n<style>\r\n  .news-post {\r\n    background: url('https:\/\/www.aurum.com.br\/blog\/wp-content\/themes\/aurum\/img\/bg-news-artigo.svg') no-repeat top center #3C48AA;\r\n    padding: 1.5rem;\r\n    border-radius: 6px;\r\n    margin: 1rem 0;\r\n  }\r\n  .news-post .icone {\r\n    display: none;\r\n  }\r\n  .news-post .title {\r\n    font-weight: 700;\r\n    font-size: 16px;\r\n    line-height: 130%;\r\n    text-align: center;\r\n    letter-spacing: -0.5px;\r\n    color: #fff;\r\n    margin-bottom: .9375rem;\r\n  }\r\n  .news-post p {\r\n    font-size: .875rem;\r\n    line-height: 140%;\r\n    text-align: center;\r\n    color: #fff;\r\n    margin-bottom: 1.25rem;\r\n  }\r\n  .news-post .news_button_span {\r\n    font-size: .8125rem;\r\n    display: block;\r\n    padding: .125rem .3125rem;\r\n    color: #fff;\r\n    text-align:left;\r\n  }\r\n  .news-post .news_button_span a {\r\n    color: #fff !important;\r\n    text-decoration: underline;\r\n  }\r\n  .news-post form {\r\n    width: 100%;\r\n  }\r\n  .news-post label {\r\n    font-weight: 600;\r\n    font-size: .9375rem;\r\n    line-height: 1.5rem;\r\n    margin-bottom: .5rem;\r\n    color: #fff;\r\n    display: block;\r\n  }\r\n  .news-post input {\r\n    background: #fff;\r\n    border: 1px solid #CBCBD9;\r\n    box-sizing: border-box;\r\n    border-radius: 4px;\r\n    padding: .75rem 1rem;\r\n    width: 100%;\r\n  }\r\n  .news-post button {\r\n    margin-top: .875rem;\r\n    width: 100%;\r\n    min-width: auto;\r\n    background: #FCC632;\r\n    color: #3C48AA;\r\n  }\r\n  .news-post .input {\r\n    position: relative;\r\n    padding-bottom: 10px;\r\n  }\r\n  .news-post .error-message-ad {\r\n    font-size: .875rem;\r\n    line-height: 130%;\r\n    color: #D50021;\r\n    margin-left: 4px;\r\n  }\r\n  .news-post .error {\r\n    border: 1px solid #D50021;\r\n  }\r\n  .news-post #message-form-ad {\r\n    border-radius: 4px;\r\n    padding: 0.7rem;\r\n    font-size:0.8rem;\r\n    text-align: center;\r\n    align-items: center;\r\n    justify-content: center;\r\n    display: none;\r\n  }\r\n  .news-post #message-form-ad svg {\r\n    margin-right: 8px;\r\n  }\r\n\r\n  @media(min-width: 561px) {\r\n    .news-post {\r\n      position: relative;\r\n      background: url('https:\/\/www.aurum.com.br\/blog\/wp-content\/themes\/aurum\/img\/bg-news-artigo.svg') no-repeat top center #3C48AA;\r\n      width: calc(100% - 30px);\r\n    }\r\n    .news-post .icone {\r\n      display: block;\r\n      position: absolute;\r\n      right: -30px;\r\n      top: 65px;\r\n      max-width: 142px;\r\n      width: 100%;\r\n      height: auto;\r\n      margin: 0;\r\n    }\r\n    .news-post .title {\r\n      font-size: 1.125rem;\r\n      text-align: left;\r\n      \/* padding-right: 3.75rem; *\/\r\n    }\r\n    .news-post p {\r\n      font-size: 1rem;\r\n      text-align: left;\r\n      max-width: 400px;\r\n    }\r\n    .news-post .boxes {\r\n      display: flex;\r\n      align-items: flex-start;\r\n    }\r\n    .news-post button {\r\n      margin: 0 0 0 1rem;\r\n      width: 100%;\r\n      max-width: 170px;\r\n      min-width: auto;\r\n      transition: all ease .3s\r\n    }\r\n    .news-post button:hover {\r\n      opacity: 0.9;\r\n      transition: all ease .3s\r\n    }\r\n    .news-post #message-form-ad {\r\n      padding: 1.125rem;\r\n      font-size:1rem;\r\n    }\r\n    .news-post #message-form-ad svg {\r\n      margin-right: 10px;\r\n    }\r\n  }\r\n<\/style>\r\n\r\n<div class=\"news-post\">\r\n  <div class=\"title news-ad-title\">Gostou do artigo e quer evoluir a sua advocacia?<\/div>\r\n  <p class=\"news-ad-subtitle\">Assine gr\u00e1tis a Aurum News e receba uma dose semanal de conte\u00fado no seu e-mail! \u270c\ufe0f<\/p>\r\n  <img decoding=\"async\" src=\"https:\/\/www.aurum.com.br\/blog\/wp-content\/themes\/aurum\/img\/icon-news-artigo.svg\" alt=\"\" class=\"icone\">\r\n\r\n  <form method=\"post\" name=\"newsletter-ad\" id=\"aurum-newsletter-ad\">\r\n    <div class=boxes>\r\n      <div class=\"input\">\r\n        <label class=\"label-email\" htmlFor=\"email-ad\">Qual seu e-mail?<\/label>\r\n        <input type=\"email\" id=\"email-ad\" name=\"newsletter-mail-ad\" placeholder=\"Digite seu e-mail?\">\r\n        <div class=\"error-message-ad-email\">Endere\u00e7o de e-mail inv\u00e1lido ou incorreto<\/div>\r\n\r\n        <label class=\"label-select\" htmlFor=\"lawsuits-select-ad\">\r\n          Quantos processos voc\u00ea ou<br class=\"for-desktop\"\/> seu escrit\u00f3rio acompanham?\r\n        <\/label>\r\n        <div id=\"lawsuits-select-ad\" class=\"lawsuits-select select-wrapper\" tabindex=\"0\">\r\n          <div class=\"s-dropdown--styled\">\r\n          <span class=\"lawsuits-default\">\r\n            <span id=\"lawsuits-newsletter-ad\" class=\"lawsuits-default-text\" data-value=\"\">Selecione os processos<\/span>\r\n            <svg class=\"chevron\" xmlns=\"http:\/\/www.w3.org\/2000\/svg\" width=\"24\" height=\"25\" viewBox=\"0 0 24 25\" fill=\"none\">\r\n              <path d=\"M6 15.6152L12 9.61523L18 15.6152\" stroke=\"black\" stroke-width=\"2\" stroke-linecap=\"round\" stroke-linejoin=\"round\" \/>\r\n            <\/svg>\r\n          <\/span>\r\n\r\n          <ul class=\"s-dropdown u-hide\">\r\n            <li class=\"lawsuits\" data-value=\"Mais de 1000 processos\">Mais de 1000 processos<\/li>\r\n            <li class=\"lawsuits\" data-value=\"De 501 a 1000 processos\">De 501 a 1000 processos<\/li>\r\n            <li class=\"lawsuits\" data-value=\"De 151 a 500 processos\">De 151 a 500 processos<\/li>\r\n            <li class=\"lawsuits\" data-value=\"De 41 a 150 processos\">De 41 a 150 processos<\/li>\r\n            <li class=\"lawsuits\" data-value=\"At\u00e9 40 processos\">At\u00e9 40 processos<\/li>\r\n            <li class=\"lawsuits\" data-value=\"Atuo apenas no consultivo\">Atuo apenas no consultivo<\/li>\r\n            <li class=\"lawsuits\" data-value=\"Ainda sou estudante de direito\">Ainda sou estudante de direito<\/li>\r\n            <li class=\"lawsuits\" data-value=\"N\u00e3o sou da \u00e1rea jur\u00eddica\">N\u00e3o sou da \u00e1rea jur\u00eddica<\/li>\r\n          <\/ul>\r\n          <\/div>\r\n        <\/div>\r\n        <div class=\"error-message-ad-lawsuits\">Selecione algum processo<\/div>\r\n      <\/div>\r\n      <button class=\"btn btn-yellow ad-btn-desktop\" id=\"aurum-submit-ad\">Assinar gr\u00e1tis<\/button>\r\n      <button class=\"btn btn-yellow ad-btn-mobile\" id=\"aurum-submit-ad\">Assinar<\/button>\r\n    <\/div>\r\n    <span class=\"news_button_span\">Ao se cadastrar voc\u00ea declara que leu e aceitou a pol\u00edtica de privacidade e cookies do <a href=\"https:\/\/s3.sa-east-1.amazonaws.com\/publico.aurum.com.br\/contratos\/politica-de-privacidade.pdf\" target=\"_blank\" rel=\"noopener noreferrer\">site<\/a>.<\/span>\r\n  <\/form>\r\n  <div id=\"message-form-ad\"><\/div>\r\n<\/div>\n\n\n<p><\/p>\n","protected":false},"excerpt":{"rendered":"<p>As tend\u00eancias na advocacia que voc\u00ea vai encontrar aqui referem-se \u00e0s mudan\u00e7as emergentes da \u00e1rea. Essas tend\u00eancias influenciam como os advogados e advogadas devem prestar servi\u00e7os, gerenciar seus escrit\u00f3rios e interagir com clientes a partir de agora. Ap\u00f3s alguns anos de r\u00e1pida acelera\u00e7\u00e3o industrial, tecnol\u00f3gica e social, o ano de 2024 inaugurar\u00e1 uma era de [&hellip;]<\/p>\n","protected":false},"author":7,"featured_media":24445,"comment_status":"open","ping_status":"open","sticky":false,"template":"","format":"standard","meta":{"_bbp_topic_count":0,"_bbp_reply_count":0,"_bbp_total_topic_count":0,"_bbp_total_reply_count":0,"_bbp_voice_count":0,"_bbp_anonymous_reply_count":0,"_bbp_topic_count_hidden":0,"_bbp_reply_count_hidden":0,"_bbp_forum_subforum_count":0,"inline_featured_image":false,"footnotes":""},"categories":[37],"tags":[],"class_list":["post-9214","post","type-post","status-publish","format-standard","has-post-thumbnail","hentry","category-empreendedorismo-na-advocacia"],"acf":[],"_links":{"self":[{"href":"https:\/\/www.aurum.com.br\/blog\/wp-json\/wp\/v2\/posts\/9214","targetHints":{"allow":["GET"]}}],"collection":[{"href":"https:\/\/www.aurum.com.br\/blog\/wp-json\/wp\/v2\/posts"}],"about":[{"href":"https:\/\/www.aurum.com.br\/blog\/wp-json\/wp\/v2\/types\/post"}],"author":[{"embeddable":true,"href":"https:\/\/www.aurum.com.br\/blog\/wp-json\/wp\/v2\/users\/7"}],"replies":[{"embeddable":true,"href":"https:\/\/www.aurum.com.br\/blog\/wp-json\/wp\/v2\/comments?post=9214"}],"version-history":[{"count":17,"href":"https:\/\/www.aurum.com.br\/blog\/wp-json\/wp\/v2\/posts\/9214\/revisions"}],"predecessor-version":[{"id":31262,"href":"https:\/\/www.aurum.com.br\/blog\/wp-json\/wp\/v2\/posts\/9214\/revisions\/31262"}],"wp:featuredmedia":[{"embeddable":true,"href":"https:\/\/www.aurum.com.br\/blog\/wp-json\/wp\/v2\/media\/24445"}],"wp:attachment":[{"href":"https:\/\/www.aurum.com.br\/blog\/wp-json\/wp\/v2\/media?parent=9214"}],"wp:term":[{"taxonomy":"category","embeddable":true,"href":"https:\/\/www.aurum.com.br\/blog\/wp-json\/wp\/v2\/categories?post=9214"},{"taxonomy":"post_tag","embeddable":true,"href":"https:\/\/www.aurum.com.br\/blog\/wp-json\/wp\/v2\/tags?post=9214"}],"curies":[{"name":"wp","href":"https:\/\/api.w.org\/{rel}","templated":true}]}}