{"id":9211,"date":"2025-08-29T16:13:02","date_gmt":"2025-08-29T19:13:02","guid":{"rendered":"https:\/\/aurum.com.br\/blog\/negocio-juridico\/"},"modified":"2025-11-12T10:09:40","modified_gmt":"2025-11-12T13:09:40","slug":"negocio-juridico","status":"publish","type":"post","link":"https:\/\/www.aurum.com.br\/blog\/negocio-juridico\/","title":{"rendered":"Neg\u00f3cio jur\u00eddico: o que \u00e9, requisitos e exemplos pr\u00e1ticos"},"content":{"rendered":"<div id=\"bsf_rt_marker\"><\/div>\n<pre class=\"wp-block-preformatted\">Um <strong>neg\u00f3cio jur\u00eddico <\/strong>\u00e9 um acordo de vontades entre pessoas para criar, modificar ou extinguir direitos e deveres. Reconhecido pela lei, garante a validade do que foi combinado. Exemplos comuns incluem contratos, testamentos e casamentos. <\/pre>\n\n\n\n<p>Apesar de parecer um conceito distante, o neg\u00f3cio jur\u00eddico est\u00e1 presente em diversas situa\u00e7\u00f5es do cotidiano. Seja na assinatura de um contrato de aluguel, na compra de um im\u00f3vel ou at\u00e9 em um testamento, ele garante seguran\u00e7a e validade \u00e0s rela\u00e7\u00f5es jur\u00eddicas.<\/p>\n\n\n\n<p>Mais do que uma formalidade, o neg\u00f3cio jur\u00eddico funciona como a base que d\u00e1 sustenta\u00e7\u00e3o \u00e0s rela\u00e7\u00f5es comerciais e interpessoais. Por isso, compreender seus elementos \u00e9 essencial para evitar <a href=\"https:\/\/www.aurum.com.br\/blog\/glossario-juridico\/nulidade\/\" data-wpil-monitor-id=\"836\">nulidades<\/a> e proteger tanto as partes envolvidas quanto os profissionais que atuam na elabora\u00e7\u00e3o desses atos.<\/p>\n\n\n\n<p>Neste artigo, vamos explorar os principais aspectos dos neg\u00f3cios jur\u00eddicos, trazendo explica\u00e7\u00f5es claras e exemplos pr\u00e1ticos para facilitar a compreens\u00e3o.&nbsp;<\/p>\n\n\n\n<p>Continue a leitura e aprofunde-se no tema! \ud83d\ude09<\/p>\n\n\n\n<h2 class=\"wp-block-heading\">O que \u00e9 um neg\u00f3cio jur\u00eddico?<\/h2>\n\n\n\n<p>O neg\u00f3cio jur\u00eddico <strong>\u00e9 a manifesta\u00e7\u00e3o de vontade das partes para criar, modificar, transferir ou extinguir direitos e obriga\u00e7\u00f5es.<\/strong> \u00c9 a forma como as pessoas combinam e organizam suas rela\u00e7\u00f5es, sempre respeitando os limites da lei.<\/p>\n\n\n\n<p>A vontade \u00e9 o ponto central do neg\u00f3cio jur\u00eddico e deve ser sempre livre e consciente. Nesse sentido, em situa\u00e7\u00f5es que envolvem sua validade, aplica-se ao artigo 107 da <a href=\"https:\/\/www.planalto.gov.br\/ccivil_03\/leis\/2002\/l10406compilada.htm\" target=\"_blank\" rel=\"noopener\">Lei n\u00ba 10.406\/2002<\/a> (C\u00f3digo Civil):<\/p>\n\n\n\n<p>Art. 107. A validade da declara\u00e7\u00e3o de vontade n\u00e3o depender\u00e1 de forma especial, sen\u00e3o quando a lei expressamente a exigir.<\/p>\n\n\n\n<p>Assim, o neg\u00f3cio jur\u00eddico \u00e9 a forma leg\u00edtima pela qual as partes manifestam seus interesses e produzem efeitos jur\u00eddicos reconhecidos.<\/p>\n\n\n\n<figure class=\"wp-block-image size-full\"><img decoding=\"async\" width=\"1080\" height=\"1080\" src=\"https:\/\/www.aurum.com.br\/blog\/wp-content\/uploads\/2025\/08\/o-que-e-negocio-juridico.png\" alt=\"\" class=\"wp-image-33621\" srcset=\"https:\/\/www.aurum.com.br\/blog\/wp-content\/uploads\/2025\/08\/o-que-e-negocio-juridico.png 1080w, https:\/\/www.aurum.com.br\/blog\/wp-content\/uploads\/2025\/08\/o-que-e-negocio-juridico-300x300.png 300w, https:\/\/www.aurum.com.br\/blog\/wp-content\/uploads\/2025\/08\/o-que-e-negocio-juridico-150x150.png 150w, https:\/\/www.aurum.com.br\/blog\/wp-content\/uploads\/2025\/08\/o-que-e-negocio-juridico-768x768.png 768w\" sizes=\"(max-width: 1080px) 100vw, 1080px\" \/><\/figure>\n\n\n\n<h2 class=\"wp-block-heading\">Quais s\u00e3o os elementos que tornam um neg\u00f3cio jur\u00eddico v\u00e1lido?<\/h2>\n\n\n\n<p>A validade do neg\u00f3cio jur\u00eddico est\u00e1 prevista no artigo 104 do C\u00f3digo Civil e se apoia em <strong>tr\u00eas pilares principais<\/strong>:<\/p>\n\n\n\n<h3 class=\"wp-block-heading\">Capacidade Civil<\/h3>\n\n\n\n<p>O agente deve ter capacidade civil, prevista nos artigos 1\u00ba a 5\u00ba do C\u00f3digo Civil. Isso significa que <strong>s\u00f3 pode celebrar um neg\u00f3cio jur\u00eddico quem tem condi\u00e7\u00f5es legais de exercer direitos e assumir obriga\u00e7\u00f5es<\/strong>.&nbsp;<\/p>\n\n\n\n<p>Se o agente for absolutamente incapaz, o neg\u00f3cio ser\u00e1 <strong>nulo<\/strong>. Se for relativamente incapaz, pode gerar anulabilidade.<br><\/p>\n\n\n\n<figure class=\"wp-block-pullquote classe bq-small\"><blockquote><p><strong>Art. 1.<\/strong> Toda pessoa \u00e9 capaz de direitos e deveres na ordem civil.<\/p><\/blockquote><\/figure>\n\n\n\n<figure class=\"wp-block-pullquote classe bq-small\"><blockquote><p><strong>Art. 2.<\/strong> <sup>&nbsp;<\/sup>A personalidade civil da pessoa come\u00e7a do nascimento com vida; mas a lei p\u00f5e a salvo, desde a concep\u00e7\u00e3o, os direitos do nascituro.<\/p><\/blockquote><\/figure>\n\n\n\n<figure class=\"wp-block-pullquote classe bq-small\"><blockquote><p><strong>Art. 3.<\/strong> S\u00e3o absolutamente incapazes de exercer pessoalmente os atos da vida civil os menores de 16 (dezesseis) anos.<\/p><\/blockquote><\/figure>\n\n\n\n<figure class=\"wp-block-pullquote classe bq-small\"><blockquote><p><strong>Art. 4.<\/strong> <sup>&nbsp;<\/sup>S\u00e3o incapazes, relativamente a certos atos ou \u00e0 maneira de os exercer:&nbsp;<br>I &#8211; os maiores de dezesseis e menores de dezoito anos;<br>II &#8211; os \u00e9brios habituais e os viciados em t\u00f3xico;&nbsp;<br>III &#8211; aqueles que, por causa transit\u00f3ria ou permanente, n\u00e3o puderem exprimir sua vontade;<br>IV &#8211; os pr\u00f3digos.<br>Par\u00e1grafo \u00fanico.&nbsp; A capacidade dos ind\u00edgenas ser\u00e1 regulada por legisla\u00e7\u00e3o especial.&nbsp;<\/p><\/blockquote><\/figure>\n\n\n\n<figure class=\"wp-block-pullquote classe bq-small\"><blockquote><p><strong>Art. 5.<\/strong> A menoridade cessa aos dezoito anos completos, quando a pessoa fica habilitada \u00e0 pr\u00e1tica de todos os atos da vida civil.<br>Par\u00e1grafo \u00fanico. Cessar\u00e1, para os menores, a incapacidade:<br>I &#8211; pela concess\u00e3o dos pais, ou de um deles na falta do outro, mediante instrumento p\u00fablico, independentemente de homologa\u00e7\u00e3o judicial, ou por <a href=\"https:\/\/www.aurum.com.br\/blog\/glossario-juridico\/sentenca\/\" data-wpil-monitor-id=\"833\">senten\u00e7a do juiz<\/a>, ouvido o tutor, se o menor tiver dezesseis anos completos;<br>II &#8211; pelo casamento;<br>III &#8211; pelo exerc\u00edcio de emprego p\u00fablico efetivo;<br>IV &#8211; pela cola\u00e7\u00e3o de grau em curso de ensino superior;<br>V &#8211; pelo estabelecimento civil ou comercial, ou pela exist\u00eancia de rela\u00e7\u00e3o de emprego, desde que, em fun\u00e7\u00e3o deles, o menor com dezesseis anos completos tenha economia pr\u00f3pria.<\/p><\/blockquote><\/figure>\n\n\n\n<h3 class=\"wp-block-heading\">Objeto l\u00edcito, poss\u00edvel, determinado ou determin\u00e1vel<\/h3>\n\n\n\n<p>O objeto \u00e9 o \u201cbem da vida\u201d envolvido na rela\u00e7\u00e3o jur\u00eddica. Para ser v\u00e1lido, deve cumprir tr\u00eas requisitos:<\/p>\n\n\n\n<ul class=\"wp-block-list\">\n<li><strong>L\u00edcito<\/strong>: n\u00e3o pode contrariar a lei. Exemplo: a venda de drogas il\u00edcitas n\u00e3o pode ser objeto de neg\u00f3cio jur\u00eddico.<br><\/li>\n\n\n\n<li><strong>Poss\u00edvel<\/strong>: deve existir no plano material e jur\u00eddico. N\u00e3o \u00e9 v\u00e1lido negociar um bem que n\u00e3o pertence ao vendedor.<br><\/li>\n\n\n\n<li><strong>Determinado ou determin\u00e1vel<\/strong>: deve ser certo ou, ao menos, identific\u00e1vel. Um contrato de safra \u00e9 exemplo de objeto determin\u00e1vel, pois o volume da colheita s\u00f3 ser\u00e1 conhecido no futuro.<\/li>\n<\/ul>\n\n\n\n<h3 class=\"wp-block-heading\">Forma prescrita ou n\u00e3o defesa em lei<\/h3>\n\n\n\n<p>A forma \u00e9 o <strong>modo como o neg\u00f3cio \u00e9 celebrado<\/strong>. Em regra, as partes t\u00eam liberdade, mas a lei pode impor exig\u00eancias ou at\u00e9 proibir determinadas formas.<\/p>\n\n\n\n<p>Exemplo<strong>:<\/strong> o artigo 108 do C\u00f3digo Civil exige escritura p\u00fablica para a transfer\u00eancia de im\u00f3veis com valor superior a 30 sal\u00e1rios-m\u00ednimos. Se a forma legal n\u00e3o for respeitada, o neg\u00f3cio pode ser considerado inv\u00e1lido.<br><\/p>\n\n\n\n<h2 class=\"wp-block-heading\">O que acontece quando um neg\u00f3cio jur\u00eddico \u00e9 inv\u00e1lido?<\/h2>\n\n\n\n<p>A invalidade de um neg\u00f3cio jur\u00eddico <strong>pode gerar s\u00e9rios preju\u00edzos \u00e0s partes, principalmente quando os bens j\u00e1 foram utilizados ou transferidos<\/strong>.<\/p>\n\n\n\n<p>O C\u00f3digo Civil trata dessa quest\u00e3o em diferentes artigos:<\/p>\n\n\n\n<figure class=\"wp-block-pullquote classe bq-small\"><blockquote><p><strong>Art.166.<\/strong> \u00c9 nulo o neg\u00f3cio jur\u00eddico quando:<br>I &#8211; celebrado por pessoa absolutamente incapaz;<br>II &#8211; for <a href=\"https:\/\/www.aurum.com.br\/blog\/glossario-juridico\/ato-ilicito\/\" data-wpil-monitor-id=\"834\">il\u00edcito<\/a>, imposs\u00edvel ou indetermin\u00e1vel o seu objeto;<br>III &#8211; o motivo determinante, comum a ambas as partes, for il\u00edcito;<br>IV &#8211; n\u00e3o revestir a forma prescrita em lei;<br>V &#8211; for preterida alguma solenidade que a lei considere essencial para a sua validade;<br>VI &#8211; tiver por objetivo fraudar lei imperativa;<br>VII &#8211; a lei taxativamente o declarar nulo, ou proibir-lhe a pr\u00e1tica, sem cominar san\u00e7\u00e3o.<br><\/p><\/blockquote><\/figure>\n\n\n\n<figure class=\"wp-block-pullquote classe bq-small\"><blockquote><p><strong>Art.167. <\/strong>&nbsp;\u00c9 nulo o neg\u00f3cio jur\u00eddico simulado, mas subsistir\u00e1 o que se dissimulou, se v\u00e1lido for na subst\u00e2ncia e na forma.<\/p><\/blockquote><\/figure>\n\n\n\n<figure class=\"wp-block-pullquote classe bq-small\"><blockquote><p><strong>Art. 171.<\/strong> Al\u00e9m dos casos expressamente declarados na lei, \u00e9 anul\u00e1vel o neg\u00f3cio jur\u00eddico:<br>I &#8211; por incapacidade relativa do agente;<br>II &#8211; por v\u00edcio resultante de erro, dolo, coa\u00e7\u00e3o, estado de perigo, les\u00e3o ou <a href=\"https:\/\/www.aurum.com.br\/blog\/glossario-juridico\/fraude-contra-credores\/\" data-wpil-monitor-id=\"830\">fraude contra credores<\/a>.<\/p><\/blockquote><\/figure>\n\n\n\n<h3 class=\"wp-block-heading\">Prazos para atribuir nulidade e anulabilidade<\/h3>\n\n\n\n<p>A <strong>nulidade n\u00e3o possui prazo para ser declarada<\/strong>, pois envolve interesse social e afeta toda a coletividade.<\/p>\n\n\n\n<p>J\u00e1 a <strong>anulabilidade possui prazos<\/strong>, porque protege apenas o interesse privado da parte prejudicada. O prazo para pleitear a anula\u00e7\u00e3o \u00e9 <a href=\"https:\/\/www.aurum.com.br\/blog\/glossario-juridico\/decadencia\/\" data-wpil-monitor-id=\"835\">decadencial<\/a> (ou seja, perda do pr\u00f3prio direito) e, em regra, \u00e9 de<strong> 4 anos.<\/strong><\/p>\n\n\n\n<p>Al\u00e9m disso, aumenta o risco de judicializa\u00e7\u00e3o, j\u00e1 que as partes podem contestar o neg\u00f3cio ou buscar sua revis\u00e3o, alegando desvio da vontade inicial.<\/p>\n\n\n\n<p>Aten\u00e7\u00e3o: se a lei declarar determinado neg\u00f3cio anul\u00e1vel, mas n\u00e3o indicar prazo espec\u00edfico, aplica-se o prazo de 2 anos, nos termos do art. 179 do C\u00f3digo Civil. Um <strong>neg\u00f3cio jur\u00eddico mal elaborado pode ser anulado ou declarado nulo meses ou at\u00e9 anos depois<\/strong>, trazendo s\u00e9rios preju\u00edzos \u00e0s partes que j\u00e1 cumpriram suas obriga\u00e7\u00f5es.<\/p>\n\n\n<style>\r\n  .anuncios-post-lawyer-month {\r\n    display: flex;\r\n    gap: 24px;\r\n    justify-content: space-between;\r\n    align-items: center;\r\n    border-radius: 16px;\r\n    border: none;\r\n    background: #150B28;\r\n    padding: 24px;\r\n    margin: 1rem 0;\r\n    max-width: 640px;\r\n  }\r\n\r\n  #s-post .anuncios-post-lawyer-month .adpost-lawyer-month-image {\r\n    width: 229px;\r\n    \/* min-width: 207px; *\/\r\n    height: 227px;\r\n    border-radius: 16px;\r\n    margin: 0;\r\n    object-fit: cover;\r\n    aspect-ratio: 229\/227;\r\n  }\r\n\r\n  #s-post .anuncios-post-lawyer-month .adpost-lawyer-month-image-mobile {\r\n    margin: auto;\r\n    max-width: 280px;\r\n    max-height: 228px;\r\n    height: 100%;\r\n    width: 100%;\r\n    border-radius: 16px;\r\n    aspect-ratio: 280\/228;\r\n  }\r\n\r\n  #s-post .anuncios-post-lawyer-month .mobile-images {\r\n    display: none;\r\n  }\r\n\r\n  #s-post main article .content .anuncios-post-lawyer-month .img-destaque {\r\n    object-fit: cover;\r\n    width: 229px;\r\n    margin: 0;\r\n  }\r\n  #s-post main article .content .anuncios-post-lawyer-month i.icon-container img {\r\n    margin: 0;\r\n  }\r\n\r\n  .anuncios-post-lawyer-month .textos .icon-container {\r\n    max-width: 89px;\r\n    margin-bottom: 8px;\r\n    display: block;\r\n  }\r\n  .anuncios-post-lawyer-month .title {\r\n    font-weight: 600;\r\n    font-size: 18px;\r\n    line-height: 140%;\r\n    color: #FFF;\r\n    margin-bottom: 16px;\r\n    margin-top: 16px;\r\n  }\r\n\r\n  #s-post main article .content .anuncios-post-lawyer-month .botao {\r\n    background: #533FAF;\r\n    border-radius: 4px;\r\n    padding: 12px 32px;\r\n    display: inline-block;\r\n    text-decoration: none !important;\r\n    color: #FFFFFF !important;\r\n    font-size: 14px;\r\n    font-weight: 700;\r\n  }\r\n  .anuncios-post-lawyer-month .botao:hover {\r\n    filter: opacity(0.9);\r\n  }\r\n\r\n  #s-post .anuncios-post-lawyer-month .lawyer-month-logos {\r\n    display: flex;\r\n    flex-direction: column;\r\n    height: 104px;\r\n    width: 183px;\r\n    margin: 0;\r\n  }\r\n\r\n  \/* #s-post .anuncios-post-lawyer-month .lawyer-month-logos-wrapper .adpost-lawyer-month-discount {\r\n    height: 50px;\r\n    width: 102px;\r\n  }\r\n\r\n  #s-post .anuncios-post-lawyer-month .lawyer-month-logos-wrapper .adpost-lawyer-month-logo {\r\n    height: 70px;\r\n    width: 182px;\r\n  } *\/\r\n  \/**********\r\n  * TABLET\r\n  ***********\/\r\n  @media (max-width: 1310px) and (min-width: 800px) {\r\n    .anuncios-post-lawyer-month .title {\r\n      font-size: 18px;\r\n    }\r\n  }\r\n\r\n  @media (max-width: 800px) {\r\n    .anuncios-post-lawyer-month .title {\r\n      font-size: 16px;\r\n    }\r\n\r\n   \/* #s-post .anuncios-post-lawyer-month .adpost-lawyer-month-image {\r\n        width: 180px;\r\n        min-width: 180px;\r\n        height: 176px;\r\n    } *\/\r\n  }\r\n\r\n  @media (max-width: 500px) {\r\n    .anuncios-post-lawyer-month {\r\n        \/* flex-direction: column-reverse; *\/\r\n        flex-direction: column;\r\n        gap: 0;\r\n    }\r\n\r\n    .anuncios-post-lawyer-month .textos {\r\n        display: flex;\r\n        flex-direction: column;\r\n        align-items: center;\r\n    }\r\n\r\n    .anuncios-post-lawyer-month .title {\r\n        text-align: start;\r\n    }\r\n\r\n    #s-post main article .content .anuncios-post-lawyer-month .img-destaque {\r\n        width: 280px;\r\n        height: 228px;\r\n        margin-bottom: 16px;\r\n    }\r\n\r\n    .anuncios-post-lawyer-month .title {\r\n      font-size: 18px;\r\n      margin-top: 8px;\r\n    }\r\n\r\n    #s-post main article .content .anuncios-post-lawyer-month .botao {\r\n      font-size: 14px;\r\n      width: 100%;\r\n      text-align: center;\r\n      padding: 12px 24px;\r\n    }\r\n\r\n\r\n    #s-post .anuncios-post-lawyer-month .adpost-lawyer-month-image {\r\n      \/* width: 100%;\r\n      height: auto;\r\n      margin-bottom: 16px; *\/\r\n\r\n      display: none;\r\n    }\r\n\r\n    #s-post .anuncios-post-lawyer-month .lawyer-month-logos {\r\n      display: none;\r\n    }\r\n\r\n    #s-post .anuncios-post-lawyer-month .mobile-images {\r\n      display: flex;\r\n      flex-direction: column;\r\n      gap: 16px;\r\n    }\r\n\r\n    #s-post .anuncios-post-lawyer-month .mobile-images img {\r\n      margin: 0 auto;\r\n    }\r\n\r\n    #s-post .anuncios-post-lawyer-month .mobile-images .adpost-lawyer-month-discount {\r\n      width: 131.429px;\r\n      height: 64.25px;\r\n      aspect-ratio: 131.43\/64.25;\r\n    }\r\n\r\n    #s-post .anuncios-post-lawyer-month .mobile-images .adpost-lawyer-month-logo {\r\n      width: 141.701px;\r\n      height: 54.548px;\r\n      aspect-ratio: 141.70\/54.55;\r\n    }\r\n  }\r\n\r\n  @media (max-width: 300px) {\r\n    #s-post main article .content .anuncios-post-lawyer-month .title {\r\n        font-size: 16px;\r\n    }\r\n  }\r\n<\/style>\r\n\r\n<div class=\"anuncios-post-lawyer-month\">\r\n    <!-- <div class=\"lawyer-month-logos-wrapper\">\r\n      <img decoding=\"async\" src=\"https:\/\/www.aurum.com.br\/blog\/wp-content\/themes\/aurum\/img\/lawyer-month-discount.png\" alt=\"\" class=\"adpost-lawyer-month-discount\">\r\n      <img decoding=\"async\" src=\"https:\/\/www.aurum.com.br\/blog\/wp-content\/themes\/aurum\/img\/lawyer-month-logo.png\" alt=\"\" class=\"adpost-lawyer-month-logo\">\r\n    <\/div> -->\r\n    <div>\r\n      <img decoding=\"async\" src=\"https:\/\/www.aurum.com.br\/blog\/wp-content\/themes\/aurum\/img\/lawyer-month-adpost-logos.png\" alt=\"\" class=\"lawyer-month-logos\">\r\n      <div class=\"mobile-images\">\r\n        <img decoding=\"async\" src=\"https:\/\/www.aurum.com.br\/blog\/wp-content\/themes\/aurum\/img\/lawyer-month-logo.png\" alt=\"\" class=\"adpost-lawyer-month-logo\">\r\n        <img decoding=\"async\" src=\"https:\/\/www.aurum.com.br\/blog\/wp-content\/themes\/aurum\/img\/lawyer-month-adpost-image-mobile.png\" alt=\"\" class=\"adpost-lawyer-month-image-mobile\">\r\n        <img decoding=\"async\" src=\"https:\/\/www.aurum.com.br\/blog\/wp-content\/themes\/aurum\/img\/lawyer-month-discount.png\" alt=\"\" class=\"adpost-lawyer-month-discount\">\r\n      <\/div>\r\n      <div class=\"textos\">\r\n        <div class=\"title\">\r\n          Com o Astrea voc\u00ea n\u00e3o apenas automatiza a rotina. Voc\u00ea cuida dela.\r\n        <\/div>\r\n                    <a class=\"botao\" data-gtm-custom=\"anuncio-post-btn\" href=\"https:\/\/aurum.com.br\/astrea\/\" target=\"_blank\" rel=\"noopener\">Escolha o seu futuro<\/a>\r\n              <\/div>\r\n    <\/div>\r\n    <img decoding=\"async\" src=\"https:\/\/www.aurum.com.br\/blog\/wp-content\/themes\/aurum\/img\/lawyer-month-adpost-image.png\" alt=\"\" class=\"adpost-lawyer-month-image\">\r\n    <!-- <div class=\"adpost-lawyer-month-image\"><\/div> -->\r\n\r\n<\/div>\n\n\n<h2 class=\"wp-block-heading\">Qual \u00e9 o papel do advogado na formaliza\u00e7\u00e3o de um neg\u00f3cio jur\u00eddico?<\/h2>\n\n\n\n<p>O advogado \u00e9 pe\u00e7a-chave na formaliza\u00e7\u00e3o de neg\u00f3cios jur\u00eddicos, pois <strong>garante que a vontade das partes seja compatibilizada com as exig\u00eancias da le<\/strong>i. Normalmente, isso se materializa por meio de contratos escritos.<\/p>\n\n\n\n<p>As principais formas de atua\u00e7\u00e3o incluem:<\/p>\n\n\n\n<h3 class=\"wp-block-heading\">&nbsp;Advocacia preventiva<\/h3>\n\n\n\n<p>Orientar as partes sobre os requisitos de validade do neg\u00f3cio jur\u00eddico, tanto os gerais quanto os espec\u00edficos ao caso.<\/p>\n\n\n\n<h3 class=\"wp-block-heading\">Elaborar e revisar documentos<\/h3>\n\n\n\n<p>Aplicar legal design e linguagem simples na reda\u00e7\u00e3o contratual, garantindo que as partes entendam o conte\u00fado do acordo.<\/p>\n\n\n\n<h3 class=\"wp-block-heading\">An\u00e1lise de riscos<\/h3>\n\n\n\n<p>Identificar riscos potenciais, propor solu\u00e7\u00f5es para reduzi-los e sugerir alternativas \u00e0 judicializa\u00e7\u00e3o.<\/p>\n\n\n\n<h3 class=\"wp-block-heading\">Negocia\u00e7\u00e3o<\/h3>\n\n\n\n<p>Atuar como mediador, buscando equil\u00edbrio e harmonia entre as partes.<\/p>\n\n\n\n<h3 class=\"wp-block-heading\">Atua\u00e7\u00e3o em registros p\u00fablicos<\/h3>\n\n\n\n<p>Providenciar registros e documentos para dar publicidade e validade ao neg\u00f3cio perante terceiros \u2014 requisito essencial em alguns casos, como neg\u00f3cios imobili\u00e1rios.<\/p>\n\n\n\n<h2 class=\"wp-block-heading\">Quais tipos de neg\u00f3cios jur\u00eddicos s\u00e3o mais comuns no cotidiano de um advogado?<\/h2>\n\n\n\n<p>A atua\u00e7\u00e3o dos advogados varia conforme o perfil dos clientes, a regi\u00e3o e os usos locais. Contudo, algumas \u00e1reas s\u00e3o comuns em quase todo o pa\u00eds:<\/p>\n\n\n\n<ul class=\"wp-block-list\">\n<li>Direito societ\u00e1rio;<br><\/li>\n\n\n\n<li>Direito imobili\u00e1rio;<br><\/li>\n\n\n\n<li>Direito contratual;<br><\/li>\n\n\n\n<li>Direito de fam\u00edlia;<br><\/li>\n\n\n\n<li><a href=\"https:\/\/www.aurum.com.br\/blog\/glossario-juridico\/direito-das-sucessoes\/\" data-wpil-monitor-id=\"827\">Direito das sucess\u00f5es<\/a>.<br><\/li>\n<\/ul>\n\n\n\n<h2 class=\"wp-block-heading\">Como o direito de fam\u00edlia se relaciona com os neg\u00f3cios jur\u00eddicos?<\/h2>\n\n\n\n<p>O direito de fam\u00edlia est\u00e1 intimamente ligado aos neg\u00f3cios jur\u00eddicos, que regulam diversos atos do cotidiano familiar.\u00a0<\/p>\n\n\n\n<p>Alguns exemplos s\u00e3o:<\/p>\n\n\n\n<ul class=\"wp-block-list\">\n<li><strong>Pacto antenupcial<\/strong>: define o <a href=\"https:\/\/www.aurum.com.br\/blog\/regime-de-bens\/\" data-wpil-monitor-id=\"829\">regime de bens<\/a> antes do casamento;<\/li>\n\n\n\n<li><strong>Testamento<\/strong>: ato de disposi\u00e7\u00e3o de \u00faltima vontade sobre a heran\u00e7a dispon\u00edvel;<\/li>\n\n\n\n<li><strong>Acordo de alimentos<\/strong>: fixa\u00e7\u00e3o de <a href=\"https:\/\/www.aurum.com.br\/blog\/glossario-juridico\/pensao-alimenticia\/\" data-wpil-monitor-id=\"832\">pens\u00e3o aliment\u00edcia<\/a> por consenso (com homologa\u00e7\u00e3o judicial quando envolve menores);<\/li>\n\n\n\n<li><strong>Acordo de div\u00f3rcio e <a href=\"https:\/\/www.aurum.com.br\/blog\/glossario-juridico\/partilha-de-bens\/\" data-wpil-monitor-id=\"828\">partilha de bens<\/a><\/strong>: pode ser realizado em cart\u00f3rio, quando n\u00e3o h\u00e1 interesse de menores;<\/li>\n\n\n\n<li><strong>Partilha de bens posterior ao <a href=\"https:\/\/www.aurum.com.br\/blog\/glossario-juridico\/divorcio\/\" data-wpil-monitor-id=\"831\">div\u00f3rcio<\/a><\/strong>: quando n\u00e3o foi feita no momento da separa\u00e7\u00e3o;<\/li>\n\n\n\n<li><strong><a href=\"https:\/\/www.aurum.com.br\/blog\/glossario-juridico\/compromisso-de-compra-e-venda\/\" data-wpil-monitor-id=\"826\">Compra e venda<\/a> de bens entre ascendentes e descendentes<\/strong>: permitida, mas sujeita a regras legais para evitar anulabilidade.<\/li>\n<\/ul>\n\n\n\n<h2 class=\"wp-block-heading\">Conclus\u00e3o:<\/h2>\n\n\n\n<p>Compreender a import\u00e2ncia dos neg\u00f3cios jur\u00eddicos vai al\u00e9m da atua\u00e7\u00e3o dos advogados: trata-se de um verdadeiro instrumento de transforma\u00e7\u00e3o social, capaz de organizar <a href=\"https:\/\/www.aurum.com.br\/blog\/glossario-juridico\/direito-das-obrigacoes\/\" data-wpil-monitor-id=\"825\">direitos e obriga\u00e7\u00f5es<\/a> e dar seguran\u00e7a \u00e0s rela\u00e7\u00f5es.<\/p>\n\n\n\n<p>A advocacia tem papel essencial nesse <a href=\"https:\/\/www.aurum.com.br\/blog\/glossario-juridico\/processo\/\" data-wpil-monitor-id=\"837\">processo<\/a>. Ao oferecer solu\u00e7\u00f5es claras e bem estruturadas, o profissional garante que a vontade das partes seja respeitada durante todo o ciclo do neg\u00f3cio, reduzindo riscos de conflitos e judicializa\u00e7\u00e3o.<\/p>\n\n\n\n<p>Mais do que t\u00e9cnica, \u00e9 fundamental que o advogado saiba dialogar com o cliente, antecipando cen\u00e1rios e propondo alternativas para eventuais disputas. Assim, os neg\u00f3cios jur\u00eddicos cumprem sua fun\u00e7\u00e3o de forma eficaz e transparente.<\/p>\n\n\n\n<h3 class=\"wp-block-heading\">Mais conhecimento para voc\u00ea<\/h3>\n\n\n\n<p>Siga navegando pelo blog da Aurum para conferir outros conte\u00fados sobre direito e advocacia. Indico os seguintes temas:<\/p>\n\n\n\n<ul class=\"wp-block-list\">\n<li>O que advogados precisam saber sobre a <a href=\"https:\/\/www.aurum.com.br\/blog\/alienacao-parental\/\">Lei da Aliena\u00e7\u00e3o Parental<\/a><\/li>\n\n\n\n<li>Entenda como funciona a <a href=\"https:\/\/www.aurum.com.br\/blog\/guarda-compartilhada\/\">guarda compartilhada<\/a><\/li>\n\n\n\n<li>Saiba como funciona a <a href=\"https:\/\/www.aurum.com.br\/blog\/guarda-compartilhada\/\">licen\u00e7a paternidade<\/a><\/li>\n\n\n\n<li>A <a href=\"https:\/\/www.aurum.com.br\/blog\/familia-multiespecie\/\">fam\u00edlia multiesp\u00e9cie<\/a> e seu contexto de surgimento<\/li>\n\n\n\n<li><a href=\"https:\/\/www.aurum.com.br\/blog\/software-juridico-gratuito\/\">Software jur\u00eddico gratuito<\/a> \u00e9 a melhor op\u00e7\u00e3o?<\/li>\n\n\n\n<li><a href=\"https:\/\/www.aurum.com.br\/blog\/direitos-autorais\/\">Direitos autorais<\/a>: quem \u00e9 dono das produ\u00e7\u00f5es criadas por intelig\u00eancia artificial?<\/li>\n\n\n\n<li><a href=\"https:\/\/www.aurum.com.br\/blog\/ilegitimidade-passiva\/\">Ilegitimidade passiva<\/a>: O que \u00e9, quando alegar e como fundamentar!\u00a0<\/li>\n<\/ul>\n\n\n\n<p><em>Gostou do texto, tem alguma d\u00favida ou algo a acrescentar? Escreva nos coment\u00e1rios abaixo e nos ajude a produzir conte\u00fados ainda melhores! <\/em>\ud83d\ude09<\/p>\n\n\n<style>\r\n  .news-post {\r\n    background: url('https:\/\/www.aurum.com.br\/blog\/wp-content\/themes\/aurum\/img\/bg-news-artigo.svg') no-repeat top center #3C48AA;\r\n    padding: 1.5rem;\r\n    border-radius: 6px;\r\n    margin: 1rem 0;\r\n  }\r\n  .news-post .icone {\r\n    display: none;\r\n  }\r\n  .news-post .title {\r\n    font-weight: 700;\r\n    font-size: 16px;\r\n    line-height: 130%;\r\n    text-align: center;\r\n    letter-spacing: -0.5px;\r\n    color: #fff;\r\n    margin-bottom: .9375rem;\r\n  }\r\n  .news-post p {\r\n    font-size: .875rem;\r\n    line-height: 140%;\r\n    text-align: center;\r\n    color: #fff;\r\n    margin-bottom: 1.25rem;\r\n  }\r\n  .news-post .news_button_span {\r\n    font-size: .8125rem;\r\n    display: block;\r\n    padding: .125rem .3125rem;\r\n    color: #fff;\r\n    text-align:left;\r\n  }\r\n  .news-post .news_button_span a {\r\n    color: #fff !important;\r\n    text-decoration: underline;\r\n  }\r\n  .news-post form {\r\n    width: 100%;\r\n  }\r\n  .news-post label {\r\n    font-weight: 600;\r\n    font-size: .9375rem;\r\n    line-height: 1.5rem;\r\n    margin-bottom: .5rem;\r\n    color: #fff;\r\n    display: block;\r\n  }\r\n  .news-post input {\r\n    background: #fff;\r\n    border: 1px solid #CBCBD9;\r\n    box-sizing: border-box;\r\n    border-radius: 4px;\r\n    padding: .75rem 1rem;\r\n    width: 100%;\r\n  }\r\n  .news-post button {\r\n    margin-top: .875rem;\r\n    width: 100%;\r\n    min-width: auto;\r\n    background: #FCC632;\r\n    color: #3C48AA;\r\n  }\r\n  .news-post .input {\r\n    position: relative;\r\n    padding-bottom: 10px;\r\n  }\r\n  .news-post .error-message-ad {\r\n    font-size: .875rem;\r\n    line-height: 130%;\r\n    color: #D50021;\r\n    margin-left: 4px;\r\n  }\r\n  .news-post .error {\r\n    border: 1px solid #D50021;\r\n  }\r\n  .news-post #message-form-ad {\r\n    border-radius: 4px;\r\n    padding: 0.7rem;\r\n    font-size:0.8rem;\r\n    text-align: center;\r\n    align-items: center;\r\n    justify-content: center;\r\n    display: none;\r\n  }\r\n  .news-post #message-form-ad svg {\r\n    margin-right: 8px;\r\n  }\r\n\r\n  @media(min-width: 561px) {\r\n    .news-post {\r\n      position: relative;\r\n      background: url('https:\/\/www.aurum.com.br\/blog\/wp-content\/themes\/aurum\/img\/bg-news-artigo.svg') no-repeat top center #3C48AA;\r\n      width: calc(100% - 30px);\r\n    }\r\n    .news-post .icone {\r\n      display: block;\r\n      position: absolute;\r\n      right: -30px;\r\n      top: 65px;\r\n      max-width: 142px;\r\n      width: 100%;\r\n      height: auto;\r\n      margin: 0;\r\n    }\r\n    .news-post .title {\r\n      font-size: 1.125rem;\r\n      text-align: left;\r\n      \/* padding-right: 3.75rem; *\/\r\n    }\r\n    .news-post p {\r\n      font-size: 1rem;\r\n      text-align: left;\r\n      max-width: 400px;\r\n    }\r\n    .news-post .boxes {\r\n      display: flex;\r\n      align-items: flex-start;\r\n    }\r\n    .news-post button {\r\n      margin: 0 0 0 1rem;\r\n      width: 100%;\r\n      max-width: 170px;\r\n      min-width: auto;\r\n      transition: all ease .3s\r\n    }\r\n    .news-post button:hover {\r\n      opacity: 0.9;\r\n      transition: all ease .3s\r\n    }\r\n    .news-post #message-form-ad {\r\n      padding: 1.125rem;\r\n      font-size:1rem;\r\n    }\r\n    .news-post #message-form-ad svg {\r\n      margin-right: 10px;\r\n    }\r\n  }\r\n<\/style>\r\n\r\n<div class=\"news-post\">\r\n  <div class=\"title news-ad-title\">Gostou do artigo e quer evoluir a sua advocacia?<\/div>\r\n  <p class=\"news-ad-subtitle\">Assine gr\u00e1tis a Aurum News e receba uma dose semanal de conte\u00fado no seu e-mail! \u270c\ufe0f<\/p>\r\n  <img decoding=\"async\" src=\"https:\/\/www.aurum.com.br\/blog\/wp-content\/themes\/aurum\/img\/icon-news-artigo.svg\" alt=\"\" class=\"icone\">\r\n\r\n  <form method=\"post\" name=\"newsletter-ad\" id=\"aurum-newsletter-ad\">\r\n    <div class=boxes>\r\n      <div class=\"input\">\r\n        <label class=\"label-email\" htmlFor=\"email-ad\">Qual seu e-mail?<\/label>\r\n        <input type=\"email\" id=\"email-ad\" name=\"newsletter-mail-ad\" placeholder=\"Digite seu e-mail?\">\r\n        <div class=\"error-message-ad-email\">Endere\u00e7o de e-mail inv\u00e1lido ou incorreto<\/div>\r\n\r\n        <label class=\"label-select\" htmlFor=\"lawsuits-select-ad\">\r\n          Quantos processos voc\u00ea ou<br class=\"for-desktop\"\/> seu escrit\u00f3rio acompanham?\r\n        <\/label>\r\n        <div id=\"lawsuits-select-ad\" class=\"lawsuits-select select-wrapper\" tabindex=\"0\">\r\n          <div class=\"s-dropdown--styled\">\r\n          <span class=\"lawsuits-default\">\r\n            <span id=\"lawsuits-newsletter-ad\" class=\"lawsuits-default-text\" data-value=\"\">Selecione os processos<\/span>\r\n            <svg class=\"chevron\" xmlns=\"http:\/\/www.w3.org\/2000\/svg\" width=\"24\" height=\"25\" viewBox=\"0 0 24 25\" fill=\"none\">\r\n              <path d=\"M6 15.6152L12 9.61523L18 15.6152\" stroke=\"black\" stroke-width=\"2\" stroke-linecap=\"round\" stroke-linejoin=\"round\" \/>\r\n            <\/svg>\r\n          <\/span>\r\n\r\n          <ul class=\"s-dropdown u-hide\">\r\n            <li class=\"lawsuits\" data-value=\"Mais de 1000 processos\">Mais de 1000 processos<\/li>\r\n            <li class=\"lawsuits\" data-value=\"De 501 a 1000 processos\">De 501 a 1000 processos<\/li>\r\n            <li class=\"lawsuits\" data-value=\"De 151 a 500 processos\">De 151 a 500 processos<\/li>\r\n            <li class=\"lawsuits\" data-value=\"De 41 a 150 processos\">De 41 a 150 processos<\/li>\r\n            <li class=\"lawsuits\" data-value=\"At\u00e9 40 processos\">At\u00e9 40 processos<\/li>\r\n            <li class=\"lawsuits\" data-value=\"Atuo apenas no consultivo\">Atuo apenas no consultivo<\/li>\r\n            <li class=\"lawsuits\" data-value=\"Ainda sou estudante de direito\">Ainda sou estudante de direito<\/li>\r\n            <li class=\"lawsuits\" data-value=\"N\u00e3o sou da \u00e1rea jur\u00eddica\">N\u00e3o sou da \u00e1rea jur\u00eddica<\/li>\r\n          <\/ul>\r\n          <\/div>\r\n        <\/div>\r\n        <div class=\"error-message-ad-lawsuits\">Selecione algum processo<\/div>\r\n      <\/div>\r\n      <button class=\"btn btn-yellow ad-btn-desktop\" id=\"aurum-submit-ad\">Assinar gr\u00e1tis<\/button>\r\n      <button class=\"btn btn-yellow ad-btn-mobile\" id=\"aurum-submit-ad\">Assinar<\/button>\r\n    <\/div>\r\n    <span class=\"news_button_span\">Ao se cadastrar voc\u00ea declara que leu e aceitou a pol\u00edtica de privacidade e cookies do <a href=\"https:\/\/s3.sa-east-1.amazonaws.com\/publico.aurum.com.br\/contratos\/politica-de-privacidade.pdf\" target=\"_blank\" rel=\"noopener noreferrer\">site<\/a>.<\/span>\r\n  <\/form>\r\n  <div id=\"message-form-ad\"><\/div>\r\n<\/div>","protected":false},"excerpt":{"rendered":"<p>Um neg\u00f3cio jur\u00eddico \u00e9 um acordo de vontades entre pessoas para criar, modificar ou extinguir direitos e deveres. Reconhecido pela lei, garante a validade do que foi combinado. Exemplos comuns incluem contratos, testamentos e casamentos. Apesar de parecer um conceito distante, o neg\u00f3cio jur\u00eddico est\u00e1 presente em diversas situa\u00e7\u00f5es do cotidiano. Seja na assinatura de [&hellip;]<\/p>\n","protected":false},"author":27,"featured_media":33629,"comment_status":"open","ping_status":"open","sticky":false,"template":"","format":"standard","meta":{"_bbp_topic_count":0,"_bbp_reply_count":0,"_bbp_total_topic_count":0,"_bbp_total_reply_count":0,"_bbp_voice_count":0,"_bbp_anonymous_reply_count":0,"_bbp_topic_count_hidden":0,"_bbp_reply_count_hidden":0,"_bbp_forum_subforum_count":0,"inline_featured_image":false,"footnotes":""},"categories":[45],"tags":[],"class_list":["post-9211","post","type-post","status-publish","format-standard","has-post-thumbnail","hentry","category-teoria-do-direito"],"acf":[],"_links":{"self":[{"href":"https:\/\/www.aurum.com.br\/blog\/wp-json\/wp\/v2\/posts\/9211","targetHints":{"allow":["GET"]}}],"collection":[{"href":"https:\/\/www.aurum.com.br\/blog\/wp-json\/wp\/v2\/posts"}],"about":[{"href":"https:\/\/www.aurum.com.br\/blog\/wp-json\/wp\/v2\/types\/post"}],"author":[{"embeddable":true,"href":"https:\/\/www.aurum.com.br\/blog\/wp-json\/wp\/v2\/users\/27"}],"replies":[{"embeddable":true,"href":"https:\/\/www.aurum.com.br\/blog\/wp-json\/wp\/v2\/comments?post=9211"}],"version-history":[{"count":14,"href":"https:\/\/www.aurum.com.br\/blog\/wp-json\/wp\/v2\/posts\/9211\/revisions"}],"predecessor-version":[{"id":34345,"href":"https:\/\/www.aurum.com.br\/blog\/wp-json\/wp\/v2\/posts\/9211\/revisions\/34345"}],"wp:featuredmedia":[{"embeddable":true,"href":"https:\/\/www.aurum.com.br\/blog\/wp-json\/wp\/v2\/media\/33629"}],"wp:attachment":[{"href":"https:\/\/www.aurum.com.br\/blog\/wp-json\/wp\/v2\/media?parent=9211"}],"wp:term":[{"taxonomy":"category","embeddable":true,"href":"https:\/\/www.aurum.com.br\/blog\/wp-json\/wp\/v2\/categories?post=9211"},{"taxonomy":"post_tag","embeddable":true,"href":"https:\/\/www.aurum.com.br\/blog\/wp-json\/wp\/v2\/tags?post=9211"}],"curies":[{"name":"wp","href":"https:\/\/api.w.org\/{rel}","templated":true}]}}