{"id":9181,"date":"2025-12-19T07:53:48","date_gmt":"2025-12-19T10:53:48","guid":{"rendered":"https:\/\/aurum.com.br\/blog\/prazos-trabalhistas\/"},"modified":"2025-12-19T07:55:06","modified_gmt":"2025-12-19T10:55:06","slug":"prazos-trabalhistas","status":"publish","type":"post","link":"https:\/\/www.aurum.com.br\/blog\/prazos-trabalhistas\/","title":{"rendered":"Prazos Trabalhistas: o que s\u00e3o, como funcionam e por que s\u00e3o essenciais no dia a dia jur\u00eddico"},"content":{"rendered":"<div id=\"bsf_rt_marker\"><\/div>\n<pre class=\"wp-block-preformatted\"><strong>Prazos trabalhistas<\/strong> s\u00e3o per\u00edodos definidos por lei para que empregadores, empregados ou advogados realizem determinados atos no \u00e2mbito das rela\u00e7\u00f5es de trabalho ou processos judiciais.<\/pre>\n\n\n\n<p>Voc\u00ea j\u00e1 perdeu um prazo importante e teve que lidar com as consequ\u00eancias? No mundo do Direito do Trabalho, o cumprimento dos prazos \u00e9 essencial, seja para evitar multas, garantir direitos ou impedir que uma a\u00e7\u00e3o judicial seja extinta.<\/p>\n\n\n\n<p>Para as empresas, entender esses prazos \u00e9 uma forma de prevenir, gerenciar passivos e manter a seguran\u00e7a jur\u00eddica nas rotinas do time jur\u00eddico e tamb\u00e9m de recursos humanos.<\/p>\n\n\n\n<p>Neste artigo vamos abordar todos os detalhes sobre os prazos trabalhistas. Continue a leitura! \ud83d\ude09<\/p>\n\n\n\n<h2 class=\"wp-block-heading\">O que s\u00e3o prazos trabalhistas e qual a sua import\u00e2ncia?<\/h2>\n\n\n\n<p>Os prazos trabalhistas <strong>determinam o tempo m\u00e1ximo que as partes t\u00eam para cumprir uma obriga\u00e7\u00e3o legal<\/strong> (como o pagamento de verbas rescis\u00f3rias) ou para praticar um ato processual, como recorrer de uma decis\u00e3o judicial.<\/p>\n\n\n\n<p>O cumprimento destes prazos \u00e9 importante pois evita a imposi\u00e7\u00e3o de multas e condena\u00e7\u00f5es em desfavor das empresas, garante a regularidade das rela\u00e7\u00f5es de trabalho e traz seguran\u00e7a jur\u00eddica, al\u00e9m de assegurar a efici\u00eancia dos processos administrativos e judiciais.<\/p>\n\n\n\n<p>Estes prazos podem ser definidos em lei, pelo juiz ou por autoridade, como Auditor Fiscal do Minist\u00e9rio do Trabalho, por exemplo.&nbsp;<\/p>\n\n\n\n<figure class=\"wp-block-image size-full\"><img decoding=\"async\" width=\"1024\" height=\"1024\" src=\"https:\/\/www.aurum.com.br\/blog\/wp-content\/uploads\/2022\/09\/o-que-sao-prazos-trabalhistas.jpg\" alt=\"\" class=\"wp-image-16102\" srcset=\"https:\/\/www.aurum.com.br\/blog\/wp-content\/uploads\/2022\/09\/o-que-sao-prazos-trabalhistas.jpg 1024w, https:\/\/www.aurum.com.br\/blog\/wp-content\/uploads\/2022\/09\/o-que-sao-prazos-trabalhistas-300x300.jpg 300w, https:\/\/www.aurum.com.br\/blog\/wp-content\/uploads\/2022\/09\/o-que-sao-prazos-trabalhistas-150x150.jpg 150w, https:\/\/www.aurum.com.br\/blog\/wp-content\/uploads\/2022\/09\/o-que-sao-prazos-trabalhistas-768x768.jpg 768w, https:\/\/www.aurum.com.br\/blog\/wp-content\/uploads\/2022\/09\/o-que-sao-prazos-trabalhistas-96x96.jpg 96w\" sizes=\"(max-width: 1024px) 100vw, 1024px\" \/><figcaption class=\"wp-element-caption\">Entenda o que s\u00e3o Prazos trabalhistas. <\/figcaption><\/figure>\n\n\n\n<h3 class=\"wp-block-heading\">Tipos de prazos no Direito do Trabalho:<\/h3>\n\n\n\n<p>Existem 3 tipos de prazos principais em Direito do Trabalho. Veja mais sobre cada um deles!<\/p>\n\n\n\n<h3 class=\"wp-block-heading\">Prazos prescricionais<\/h3>\n\n\n\n<p>A prescri\u00e7\u00e3o limita o tempo que a pessoa trabalhadora tem para entrar com uma a\u00e7\u00e3o na Justi\u00e7a do Trabalho. Regra geral (Art. 7\u00ba, XXIX, da Constitui\u00e7\u00e3o Federal):<\/p>\n\n\n\n<ul class=\"wp-block-list\">\n<li>O prazo \u00e9 de at\u00e9 <strong>2 anos ap\u00f3s o fim do contrato de trabalho<\/strong> para ajuizar a a\u00e7\u00e3o;<\/li>\n\n\n\n<li>Dentro dessa a\u00e7\u00e3o, s\u00f3 podem ser cobrados os direitos <strong>referentes aos \u00faltimos 5 anos<\/strong> do v\u00ednculo empregat\u00edcio.<\/li>\n<\/ul>\n\n\n\n<h3 class=\"wp-block-heading\">Prazos processuais e administrativos trabalhistas<\/h3>\n\n\n\n<p>Al\u00e9m dos prazos prescricionais, o Direito do Trabalho tamb\u00e9m possui prazos processuais, ou seja, prazos que regulam os atos dentro de um processo judicial ou administrativo. Eles s\u00e3o essenciais para garantir o andamento regular das demandas.<\/p>\n\n\n\n<p>No processo judicial trabalhista:<\/p>\n\n\n\n<ul class=\"wp-block-list\">\n<li><strong>8 dias<\/strong>: prazo para interposi\u00e7\u00e3o de recurso ordin\u00e1rio, recurso de revista, agravo de instrumento e impugna\u00e7\u00e3o aos c\u00e1lculos de liquida\u00e7\u00e3o;<\/li>\n\n\n\n<li><strong>5 dias<\/strong>: prazo para apresenta\u00e7\u00e3o de embargos de declara\u00e7\u00e3o e embargos \u00e0 execu\u00e7\u00e3o;<\/li>\n\n\n\n<li><strong>48 horas<\/strong>: prazo comum para cumprimento de determinadas intima\u00e7\u00f5es judiciais.<\/li>\n<\/ul>\n\n\n\n<h4 class=\"wp-block-heading\">No processo administrativo trabalhista:<\/h4>\n\n\n\n<ul class=\"wp-block-list\">\n<li><strong>10 dias<\/strong>: prazo para apresenta\u00e7\u00e3o de defesa ou recurso em caso de Auto de Infra\u00e7\u00e3o Trabalhista lavrado pelo Minist\u00e9rio do Trabalho e Emprego;<\/li>\n\n\n\n<li><strong>5 dias<\/strong>: prazo para entrega de documentos solicitados em procedimentos investigat\u00f3rios do Minist\u00e9rio P\u00fablico do Trabalho;<\/li>\n\n\n\n<li>Outros prazos podem ser definidos pela autoridade administrativa competente, conforme o caso.<\/li>\n<\/ul>\n\n\n\n<h3 class=\"wp-block-heading\">Prazos para cumprimento de obriga\u00e7\u00f5es trabalhistas<\/h3>\n\n\n\n<p>Durante o contrato de trabalho, o empregador precisa observar uma s\u00e9rie de prazos legais para garantir os direitos da pessoa empregada. Veja os principais:<\/p>\n\n\n\n<ul class=\"wp-block-list\">\n<li><strong>5 dias \u00fateis: <\/strong>para assinar e devolver a carteira de trabalho (CTPS) ap\u00f3s a admiss\u00e3o;<\/li>\n\n\n\n<li><strong>2 dias antes do in\u00edcio das f\u00e9rias:<\/strong> prazo para pagamento das f\u00e9rias ao colaborador;<\/li>\n\n\n\n<li><strong>10 dias: <\/strong>para quitar as verbas rescis\u00f3rias e entregar os documentos de rescis\u00e3o, contados a partir do t\u00e9rmino do contrato;<\/li>\n\n\n\n<li><strong>At\u00e9 o dia 7 do m\u00eas seguinte: <\/strong>prazo para recolher o FGTS referente ao m\u00eas anterior;<\/li>\n\n\n\n<li><strong>At\u00e9 o dia 20 do m\u00eas seguinte:<\/strong> prazo para recolher o INSS patronal e descontos previdenci\u00e1rios dos colaboradores.<\/li>\n<\/ul>\n\n\n\n<h2 class=\"wp-block-heading\">Como \u00e9 feita a contagem dos prazos trabalhistas?<\/h2>\n\n\n\n<p>A contagem dos prazos trabalhistas se diferencia a depender da esfera da qual estamos tratando. Desde a Reforma Trabalhista (Lei n\u00ba 13.467\/2017), os prazos processuais passaram a ser <strong>contados em dias \u00fateis, conforme o art. 775 da CLT.<\/strong><\/p>\n\n\n\n<p>J\u00e1 os prazos administrativos ou materiais (como pagamento de rescis\u00e3o) seguem contagem em dias corridos.<\/p>\n\n\n\n<p>Por exemplo, o pagamento da rescis\u00e3o trabalhista deve ocorrer:<\/p>\n\n\n\n<ul class=\"wp-block-list\">\n<li>At\u00e9 o <strong>1\u00ba dia \u00fatil<\/strong> ap\u00f3s o t\u00e9rmino do contrato (se aviso pr\u00e9vio for trabalhado);<\/li>\n\n\n\n<li>Ou at\u00e9 <strong>10 dias corridos<\/strong> ap\u00f3s a dispensa (se aviso for indenizado).<br>O descumprimento gera multa prevista no art. 477, \u00a78\u00ba da CLT.<\/li>\n<\/ul>\n\n\n\n<h2 class=\"wp-block-heading\">Principais prazos previstos na CLT:<\/h2>\n\n\n\n<p>Para facilitar a compreens\u00e3o e a consulta no dia a dia, criei esse quadro que exemplifica os principais prazos trabalhistas que se deve atentar:<\/p>\n\n\n\n<figure class=\"wp-block-table\"><table class=\"has-fixed-layout\"><thead><tr><th><strong>Situa\u00e7\u00e3o<\/strong><\/th><th><strong>Prazo<\/strong><\/th><th><strong>Base Legal<\/strong><\/th><\/tr><\/thead><tbody><tr><td>Pagamento de rescis\u00e3o<\/td><td>1 dia \u00fatil ou 10 dias corridos<\/td><td>Art. 477, \u00a76\u00ba e \u00a78\u00ba<\/td><\/tr><tr><td>Anota\u00e7\u00e3o da CTPS<\/td><td>5 dias \u00fateis<\/td><td>Art. 29<\/td><\/tr><tr><td>Recolhimento do FGTS<\/td><td>At\u00e9 dia 7 do m\u00eas seguinte<\/td><td>Lei 8.036\/90<\/td><\/tr><tr><td>Entrega do CAGED\/eSocial<\/td><td>Mensal<\/td><td>Portaria 671\/2021<\/td><\/tr><tr><td>Recurso ordin\u00e1rio<\/td><td>8 dias \u00fateis<\/td><td>Art. 895<\/td><\/tr><tr><td>Embargos de declara\u00e7\u00e3o<\/td><td>5 dias \u00fateis<\/td><td>Art. 897-A<\/td><\/tr><tr><td>Contesta\u00e7\u00e3o em audi\u00eancia<\/td><td>Imediato<\/td><td>Art. 847<\/td><\/tr><\/tbody><\/table><\/figure>\n\n\n\n<h2 class=\"wp-block-heading\">Prazos trabalhistas e a Reforma Trabalhista:<\/h2>\n\n\n\n<p>A Reforma de 2017 <strong>modernizou a contagem e trouxe maior seguran\u00e7a jur\u00eddica<\/strong>, acompanhando a forma de contagem dos prazos processuais segundo o C\u00f3digo de Processo Civil.<\/p>\n\n\n\n<p>Antes, os prazos processuais eram contados de forma corrida, o que dificultava a rotina de advogados e departamentos jur\u00eddicos.<\/p>\n\n\n\n<p>Agora, a <strong>contagem em dias \u00fateis trouxe previsibilidade e organiza\u00e7\u00e3o<\/strong>, principalmente para escrit\u00f3rios e empresas que administram m\u00faltiplos processos simultaneamente.<\/p>\n\n\n\n<p>Esta determina\u00e7\u00e3o est\u00e1 prevista no artigo 775, da CLT:&nbsp;<\/p>\n\n\n\n<figure class=\"wp-block-pullquote classe bq-small\"><blockquote><p>Os prazos estabelecidos neste T\u00edtulo ser\u00e3o contados em dias \u00fateis, com exclus\u00e3o do dia do come\u00e7o e inclus\u00e3o do dia do vencimento.<\/p><\/blockquote><\/figure>\n\n\n\n<p>A CLT tamb\u00e9m determina que est\u00e3o suspensos os prazos processuais nos dias compreendidos entre 20 de dezembro e 20 de janeiro, inclusive.&nbsp;<\/p>\n\n\n\n<p>O advogado deve conferir os calend\u00e1rios de cada tribunal em que atua, pois pode haver algumas diverg\u00eancias de feriados locais que impactam na data final para cumprimento do prazo judicial.<\/p>\n\n\n<style>\n    .adpost.anuncio-post-new {\n        display: flex;\n        gap: 24px;\n        border-radius: 8px;\n        width: 100%;\n        padding: 24px;\n        background: #CCECFA;\n    }\n\n    #s-post main .container article.adpost.anuncio-post-new {\n        max-width: 567px;\n        margin: 16px auto;\n    }\n\n    .adpost.anuncio-post-new .anuncio-container {\n        display: flex;\n        flex-direction: column;\n        justify-content: center;\n        gap: 24px;\n        width: 100%;\n        max-width: 333px;\n    }\n\n    .adpost.anuncio-post-new .anuncio-container .logo {\n        width: 100%;\n        max-width: 177px;\n        margin: 0;\n    }\n\n    .adpost.anuncio-post-new .anuncio-text-container {\n        display: flex;\n        flex-direction: column;\n        gap: 8px;\n    }\n\n    .adpost.anuncio-post-new .anuncio-text-container .title {\n        font-size: 1.25rem;\n        font-weight: 700;\n        line-height: 140%;\n        margin: 0;\n        color: #000;\n    }\n\n    #s-post main article .content .adpost.anuncio-post-new .anuncio-text-container .title {\n        margin: 0;\n    }\n\n    .adpost.anuncio-post-new .anuncio-text-container .text {\n        font-size: 0.75rem;\n        font-weight: 400;\n        line-height: 160%;\n        color: #000;\n    }\n\n    .adpost.anuncio-post-new .anuncio-container .button {\n        font-size: 0.875rem;\n        font-weight: 700;\n        border-radius: 4px;\n        padding: 12px 32px;\n        width: max-content;\n        text-decoration: none;\n    }\n\n    #s-post main article .content .adpost.anuncio-post-new .anuncio-container .button {\n        background: #307ACB;\n        color: #fff;\n        text-decoration: none;\n    }\n\n\n    .adpost.anuncio-post-new .image-container img {\n        margin: 0 !important;\n        border-radius: 8px;\n        max-width: 206px;\n        max-height: 204px;\n        height: 100%;\n    }\n\n    #s-post main article .content .adpost.anuncio-post-new .image-container img {\n        height: 100%;\n    }\n\n    \/********************\n    * MOBILE AND TABLET\n    *********************\/\n    @media (max-width: 1100px) {\n        .adpost.anuncio-post-new {\n            flex-direction: column-reverse;\n            align-items: center;\n            max-width: 339px;\n            padding: 24px;\n        }\n\n        .adpost.anuncio-post-new .anuncio-container .logo {\n            max-width: 147px;\n        }\n\n        .adpost.anuncio-post-new .anuncio-text-container .title {\n            font-size: 1.125rem;\n        }\n\n        .adpost.anuncio-post-new .image-container img {\n            max-width: 269px;\n            max-height: 266px;\n        }\n\n        #s-post main article .content h3.title {\n            margin: 0;\n        }\n    }\n\n    \/********************\n    * MOBILE\n    *********************\/\n    @media (max-width: 600px) {\n        .adpost.anuncio-post-new .anuncio-container {\n            text-align: center;\n            justify-content: center;\n            align-items: center;\n        }\n\n        #s-post main article .content .adpost.anuncio-post-new .anuncio-container .button {\n            width: 100%;\n            text-align: center;\n        }\n    }\n<\/style>\n\n<article class=\"adpost anuncio-post-new\">\n    <div class=\"anuncio-container\">\n        <div class=\"anuncio-text-container\">\n            <h3 class=\"title\">O pr\u00f3ximo ano pode ser mais leve com o Astrea<\/h3>\n\n            <div class=\"text\" >Comece 2026 com mais tempo, controle e tranquilidade na sua advocacia<\/div>\n        <\/div>\n       \n                <a class=\"button\" href=\"\/experimente-o-astrea\/?utm_source=blog&#038;utm_medium=adpost&#038;utm_campaign=campanha_2026\" >Experimentar gr\u00e1tis<\/a>\n    <\/div>\n\n    <div class=\"image-container\">\n                <img decoding=\"async\" src=\"https:\/\/www.aurum.com.br\/blog\/wp-content\/themes\/aurum\/img\/adposts\/adpost-27-11-2025.png\" alt=\"\" \/>\n    <\/div>\n<\/article>\n\n\n<h2 class=\"wp-block-heading\">Prazos prescricionais no Direito do Trabalho<\/h2>\n\n\n\n<p>Os prazos prescricionais trabalhistas est\u00e3o <strong>previstos no artigo 7\u00ba XXIX:<\/strong><\/p>\n\n\n\n<figure class=\"wp-block-pullquote classe bq-small\"><blockquote><p>XXIX &#8211; a\u00e7\u00e3o, quanto aos cr\u00e9ditos resultantes das rela\u00e7\u00f5es de trabalho, com prazo prescricional de cinco anos para os trabalhadores urbanos e rurais, at\u00e9 o limite de dois anos ap\u00f3s a extin\u00e7\u00e3o do contrato de trabalho;<\/p><\/blockquote><\/figure>\n\n\n\n<p>Desta forma, a Constitui\u00e7\u00e3o Federal fixa dois marcos principais:<\/p>\n\n\n\n<ul class=\"wp-block-list\">\n<li><strong>Prescri\u00e7\u00e3o bienal:<\/strong> prazo de 2 anos ap\u00f3s o fim do contrato para ingressar com a\u00e7\u00e3o trabalhista.<\/li>\n\n\n\n<li><strong>Prescri\u00e7\u00e3o quinquenal:<\/strong> o trabalhador pode cobrar direitos dos \u00faltimos 5 anos.<\/li>\n<\/ul>\n\n\n\n<p>Por exemplo: um colaborador dispensado em 10\/01\/2023 pode ingressar com a\u00e7\u00e3o at\u00e9 10\/01\/2025, cobrando verbas referentes a at\u00e9 10\/01\/2018.<\/p>\n\n\n\n<p>Al\u00e9m da prescri\u00e7\u00e3o do direito de a\u00e7\u00e3o, a Reforma Trabalhista incluiu a possibilidade de prescri\u00e7\u00e3o intercorrente, prevista no artigo 11-A da CLT, que deve preencher aos seguintes requisitos:<\/p>\n\n\n\n<figure class=\"wp-block-pullquote classe bq-small\"><blockquote><p><strong>Art. 11-A.<\/strong> Ocorre a prescri\u00e7\u00e3o intercorrente no processo do trabalho no prazo de dois anos.<br>\u00a7 1<sup>o<\/sup> \u00a0A flu\u00eancia do prazo prescricional intercorrente inicia-se quando o exequente deixa de cumprir determina\u00e7\u00e3o judicial no curso da execu\u00e7\u00e3o.<br>\u00a7 2<sup>o<\/sup> \u00a0A declara\u00e7\u00e3o da prescri\u00e7\u00e3o intercorrente pode ser requerida ou declarada de of\u00edcio em qualquer grau de jurisdi\u00e7\u00e3o.<\/p><\/blockquote><\/figure>\n\n\n\n<h2 class=\"wp-block-heading\">O que acontece se um advogado perder um prazo trabalhista?<\/h2>\n\n\n\n<p>A perda de prazo tira o sono de qualquer advogado e pode gerar graves consequ\u00eancias negativas para a parte que representa.<\/p>\n\n\n\n<p>Pode haver a <strong>extin\u00e7\u00e3o do processo sem julgamento do m\u00e9rito<\/strong>, caso tenha sido intimado a cumprir alguma determina\u00e7\u00e3o judicial sob esta penalidade. Tamb\u00e9m ocorre <strong>preclus\u00e3o do direito de recorrer<\/strong>, caso tenha se esva\u00eddo o prazo para recurso.<\/p>\n\n\n\n<p>E n\u00e3o \u00e9 somente a parte interessada que fica prejudicada, h\u00e1 a responsabilidade civil do advogado que <strong>pode ser condenado ao pagamento por dano material ou moral ao cliente.<\/strong><\/p>\n\n\n\n<p>Por isso, a gest\u00e3o de prazos \u00e9 uma das tarefas mais cr\u00edticas na advocacia trabalhista.<\/p>\n\n\n\n<p><a href=\"https:\/\/www.aurum.com.br\/blog\/material\/controle-de-prazos-processuais\/\"><em>Otimize a sua rotina com a planilha gratuita de controle de prazos processuais!<\/em><\/a><\/p>\n\n\n\n<h2 class=\"wp-block-heading\">Como um advogado pode se organizar para evitar a perda de prazos trabalhistas?<\/h2>\n\n\n\n<p>Na advocacia trabalhista, cada prazo conta, e perder um pode comprometer n\u00e3o s\u00f3 o andamento do processo, mas tamb\u00e9m a rela\u00e7\u00e3o com o cliente. Por isso, organiza\u00e7\u00e3o e precis\u00e3o s\u00e3o indispens\u00e1veis na rotina jur\u00eddica.<\/p>\n\n\n\n<p>Apesar de agendas e planilhas ainda serem ferramentas utilizadas, o ideal \u00e9 contar com solu\u00e7\u00f5es que automatizam o controle de prazos e centralizam as informa\u00e7\u00f5es. Nesse contexto, os softwares jur\u00eddicos fazem toda a diferen\u00e7a.<\/p>\n\n\n\n<h3 class=\"wp-block-heading\">Dica pr\u00e1tica: use o Astrea, o software jur\u00eddico da Aurum<\/h3>\n\n\n\n<p>Com o Astrea, o acompanhamento de prazos deixa de ser uma preocupa\u00e7\u00e3o constante. Veja por qu\u00ea:<\/p>\n\n\n\n<ul class=\"wp-block-list\">\n<li><strong>C\u00e1lculo autom\u00e1tico de prazos<\/strong> com base na legisla\u00e7\u00e3o trabalhista e tipo de processo;<\/li>\n\n\n\n<li><strong>Alertas inteligentes de vencimento<\/strong>, enviados por e-mail e no app;<\/li>\n\n\n\n<li><strong>Integra\u00e7\u00e3o com o PJe<\/strong>: capta\u00e7\u00e3o di\u00e1ria de andamentos e publica\u00e7\u00f5es diretamente do tribunal;<\/li>\n\n\n\n<li><strong>Gest\u00e3o de tarefas e prazos em equipe<\/strong>, com vis\u00e3o centralizada e mais controle sobre o que est\u00e1 sendo feito.<\/li>\n<\/ul>\n\n\n\n<p>Com o Astrea, o advogado reduz o risco de erro humano e aumenta a produtividade, garantindo mais seguran\u00e7a no cumprimento dos prazos e na gest\u00e3o de processos.<\/p>\n\n\n\n<h2 class=\"wp-block-heading\">Conclus\u00e3o<\/h2>\n\n\n\n<p>Os prazos trabalhistas s\u00e3o a base da seguran\u00e7a jur\u00eddica nas rela\u00e7\u00f5es de trabalho e na pr\u00e1tica advocat\u00edcia.<\/p>\n\n\n\n<p>Compreender sua natureza, forma de contagem e impacto pr\u00e1tico \u00e9 essencial para evitar passivos, preservar direitos e garantir efici\u00eancia na atua\u00e7\u00e3o empresarial e jur\u00eddica.<\/p>\n\n\n\n<p>Mais do que saber os prazos, \u00e9 preciso cumpri-los com estrat\u00e9gia e organiza\u00e7\u00e3o \u2014 e nisso, a tecnologia pode (e deve) ser sua maior aliada.<\/p>\n\n\n\n<h3 class=\"wp-block-heading\">Mais conhecimento para voc\u00ea<\/h3>\n\n\n\n<p>Siga navegando pelo Portal da Aurum para conferir outros conte\u00fados sobre direito e advocacia. Indico os seguintes temas:<\/p>\n\n\n\n<ul class=\"wp-block-list\">\n<li>Entenda como funcionam os <a href=\"https:\/\/www.aurum.com.br\/blog\/embargos-de-declaracao-trabalhista\/\">embargos de declara\u00e7\u00e3o trabalhista<\/a><\/li>\n\n\n\n<li>Tudo o que um advogado precisa saber sobre <a href=\"https:\/\/www.aurum.com.br\/blog\/audiencia-trabalhista\/\">audi\u00eancia trabalhista<\/a><\/li>\n\n\n\n<li><a href=\"https:\/\/www.aurum.com.br\/blog\/software-juridico-gratuito\/\">Software jur\u00eddico<\/a> gratuito \u00e9 a melhor op\u00e7\u00e3o?<\/li>\n\n\n\n<li><a href=\"https:\/\/www.aurum.com.br\/blog\/provisionamento-juridico\/\">Provisionamento Jur\u00eddico<\/a>: o que \u00e9, vantagens e como fazer com a ajuda da tecnologia<\/li>\n\n\n\n<li><a href=\"https:\/\/www.aurum.com.br\/blog\/gestao-de-contratos\/\">Gest\u00e3o de contratos na advocacia<\/a>: o que \u00e9, suas etapas e vantagens<\/li>\n\n\n\n<li>Melhores dicas de como fazer uma <a href=\"https:\/\/www.aurum.com.br\/blog\/reclamacao-trabalhista\/\">reclama\u00e7\u00e3o trabalhista<\/a><\/li>\n\n\n\n<li><a href=\"https:\/\/www.aurum.com.br\/blog\/custas-processuais\/\">Custas processuais<\/a>: o que s\u00e3o e como calcular<\/li>\n\n\n\n<li>Tire as suas d\u00favidas sobre o <a href=\"https:\/\/www.aurum.com.br\/blog\/art-231-novo-cpc\/\">art 231 do Novo CPC<\/a><\/li>\n\n\n\n<li>Entenda o que \u00e9 a figura do \u201camicus curiae\u201d prevista no <a href=\"https:\/\/www.aurum.com.br\/blog\/amicus-curiae\/\">Novo CPC<\/a><\/li>\n\n\n\n<li>Principais aspectos e hip\u00f3teses de cabimento do <a href=\"https:\/\/www.aurum.com.br\/blog\/agravo-de-peticao\/\">agravo de peti\u00e7\u00e3o<\/a><\/li>\n\n\n\n<li>Prazos processuais no <a href=\"https:\/\/www.aurum.com.br\/blog\/prazos-processuais\/\">Novo CPC<\/a><\/li>\n\n\n\n<li><a href=\"https:\/\/www.aurum.com.br\/blog\/salario-maternidade\/\">Sal\u00e1rio-maternidade<\/a>: como funciona, quem tem direito e mais!<\/li>\n<\/ul>\n\n\n\n<p><em>Gostou do conte\u00fado? Tem alguma d\u00favida ou sugest\u00e3o? Compartilhe com a gente nos coment\u00e1rios abaixo! Irei responder com prazer <\/em> <\/p>\n\n\n<style>\r\n  .news-post {\r\n    background: url('https:\/\/www.aurum.com.br\/blog\/wp-content\/themes\/aurum\/img\/bg-news-artigo.svg') no-repeat top center #3C48AA;\r\n    padding: 1.5rem;\r\n    border-radius: 6px;\r\n    margin: 1rem 0;\r\n  }\r\n  .news-post .icone {\r\n    display: none;\r\n  }\r\n  .news-post .title {\r\n    font-weight: 700;\r\n    font-size: 16px;\r\n    line-height: 130%;\r\n    text-align: center;\r\n    letter-spacing: -0.5px;\r\n    color: #fff;\r\n    margin-bottom: .9375rem;\r\n  }\r\n  .news-post p {\r\n    font-size: .875rem;\r\n    line-height: 140%;\r\n    text-align: center;\r\n    color: #fff;\r\n    margin-bottom: 1.25rem;\r\n  }\r\n  .news-post .news_button_span {\r\n    font-size: .8125rem;\r\n    display: block;\r\n    padding: .125rem .3125rem;\r\n    color: #fff;\r\n    text-align:left;\r\n  }\r\n  .news-post .news_button_span a {\r\n    color: #fff !important;\r\n    text-decoration: underline;\r\n  }\r\n  .news-post form {\r\n    width: 100%;\r\n  }\r\n  .news-post label {\r\n    font-weight: 600;\r\n    font-size: .9375rem;\r\n    line-height: 1.5rem;\r\n    margin-bottom: .5rem;\r\n    color: #fff;\r\n    display: block;\r\n  }\r\n  .news-post input {\r\n    background: #fff;\r\n    border: 1px solid #CBCBD9;\r\n    box-sizing: border-box;\r\n    border-radius: 4px;\r\n    padding: .75rem 1rem;\r\n    width: 100%;\r\n  }\r\n  .news-post button {\r\n    margin-top: .875rem;\r\n    width: 100%;\r\n    min-width: auto;\r\n    background: #FCC632;\r\n    color: #3C48AA;\r\n  }\r\n  .news-post .input {\r\n    position: relative;\r\n    padding-bottom: 10px;\r\n  }\r\n  .news-post .error-message-ad {\r\n    font-size: .875rem;\r\n    line-height: 130%;\r\n    color: #D50021;\r\n    margin-left: 4px;\r\n  }\r\n  .news-post .error {\r\n    border: 1px solid #D50021;\r\n  }\r\n  .news-post #message-form-ad {\r\n    border-radius: 4px;\r\n    padding: 0.7rem;\r\n    font-size:0.8rem;\r\n    text-align: center;\r\n    align-items: center;\r\n    justify-content: center;\r\n    display: none;\r\n  }\r\n  .news-post #message-form-ad svg {\r\n    margin-right: 8px;\r\n  }\r\n\r\n  @media(min-width: 561px) {\r\n    .news-post {\r\n      position: relative;\r\n      background: url('https:\/\/www.aurum.com.br\/blog\/wp-content\/themes\/aurum\/img\/bg-news-artigo.svg') no-repeat top center #3C48AA;\r\n      width: calc(100% - 30px);\r\n    }\r\n    .news-post .icone {\r\n      display: block;\r\n      position: absolute;\r\n      right: -30px;\r\n      top: 65px;\r\n      max-width: 142px;\r\n      width: 100%;\r\n      height: auto;\r\n      margin: 0;\r\n    }\r\n    .news-post .title {\r\n      font-size: 1.125rem;\r\n      text-align: left;\r\n      \/* padding-right: 3.75rem; *\/\r\n    }\r\n    .news-post p {\r\n      font-size: 1rem;\r\n      text-align: left;\r\n      max-width: 400px;\r\n    }\r\n    .news-post .boxes {\r\n      display: flex;\r\n      align-items: flex-start;\r\n    }\r\n    .news-post button {\r\n      margin: 0 0 0 1rem;\r\n      width: 100%;\r\n      max-width: 170px;\r\n      min-width: auto;\r\n      transition: all ease .3s\r\n    }\r\n    .news-post button:hover {\r\n      opacity: 0.9;\r\n      transition: all ease .3s\r\n    }\r\n    .news-post #message-form-ad {\r\n      padding: 1.125rem;\r\n      font-size:1rem;\r\n    }\r\n    .news-post #message-form-ad svg {\r\n      margin-right: 10px;\r\n    }\r\n  }\r\n<\/style>\r\n\r\n<div class=\"news-post\">\r\n  <div class=\"title news-ad-title\">Gostou do artigo e quer evoluir a sua advocacia?<\/div>\r\n  <p class=\"news-ad-subtitle\">Assine gr\u00e1tis a Aurum News e receba uma dose semanal de conte\u00fado no seu e-mail! \u270c\ufe0f<\/p>\r\n  <img decoding=\"async\" src=\"https:\/\/www.aurum.com.br\/blog\/wp-content\/themes\/aurum\/img\/icon-news-artigo.svg\" alt=\"\" class=\"icone\">\r\n\r\n  <form method=\"post\" name=\"newsletter-ad\" id=\"aurum-newsletter-ad\">\r\n    <div class=boxes>\r\n      <div class=\"input\">\r\n        <label class=\"label-email\" htmlFor=\"email-ad\">Qual seu e-mail?<\/label>\r\n        <input type=\"email\" id=\"email-ad\" name=\"newsletter-mail-ad\" placeholder=\"Digite seu e-mail?\">\r\n        <div class=\"error-message-ad-email\">Endere\u00e7o de e-mail inv\u00e1lido ou incorreto<\/div>\r\n\r\n        <label class=\"label-select\" htmlFor=\"lawsuits-select-ad\">\r\n          Quantos processos voc\u00ea ou<br class=\"for-desktop\"\/> seu escrit\u00f3rio acompanham?\r\n        <\/label>\r\n        <div id=\"lawsuits-select-ad\" class=\"lawsuits-select select-wrapper\" tabindex=\"0\">\r\n          <div class=\"s-dropdown--styled\">\r\n          <span class=\"lawsuits-default\">\r\n            <span id=\"lawsuits-newsletter-ad\" class=\"lawsuits-default-text\" data-value=\"\">Selecione os processos<\/span>\r\n            <svg class=\"chevron\" xmlns=\"http:\/\/www.w3.org\/2000\/svg\" width=\"24\" height=\"25\" viewBox=\"0 0 24 25\" fill=\"none\">\r\n              <path d=\"M6 15.6152L12 9.61523L18 15.6152\" stroke=\"black\" stroke-width=\"2\" stroke-linecap=\"round\" stroke-linejoin=\"round\" \/>\r\n            <\/svg>\r\n          <\/span>\r\n\r\n          <ul class=\"s-dropdown u-hide\">\r\n            <li class=\"lawsuits\" data-value=\"Mais de 1000 processos\">Mais de 1000 processos<\/li>\r\n            <li class=\"lawsuits\" data-value=\"De 501 a 1000 processos\">De 501 a 1000 processos<\/li>\r\n            <li class=\"lawsuits\" data-value=\"De 151 a 500 processos\">De 151 a 500 processos<\/li>\r\n            <li class=\"lawsuits\" data-value=\"De 41 a 150 processos\">De 41 a 150 processos<\/li>\r\n            <li class=\"lawsuits\" data-value=\"At\u00e9 40 processos\">At\u00e9 40 processos<\/li>\r\n            <li class=\"lawsuits\" data-value=\"Atuo apenas no consultivo\">Atuo apenas no consultivo<\/li>\r\n            <li class=\"lawsuits\" data-value=\"Ainda sou estudante de direito\">Ainda sou estudante de direito<\/li>\r\n            <li class=\"lawsuits\" data-value=\"N\u00e3o sou da \u00e1rea jur\u00eddica\">N\u00e3o sou da \u00e1rea jur\u00eddica<\/li>\r\n          <\/ul>\r\n          <\/div>\r\n        <\/div>\r\n        <div class=\"error-message-ad-lawsuits\">Selecione algum processo<\/div>\r\n      <\/div>\r\n      <button class=\"btn btn-yellow ad-btn-desktop\" id=\"aurum-submit-ad\">Assinar gr\u00e1tis<\/button>\r\n      <button class=\"btn btn-yellow ad-btn-mobile\" id=\"aurum-submit-ad\">Assinar<\/button>\r\n    <\/div>\r\n    <span class=\"news_button_span\">Ao se cadastrar voc\u00ea declara que leu e aceitou a pol\u00edtica de privacidade e cookies do <a href=\"https:\/\/s3.sa-east-1.amazonaws.com\/publico.aurum.com.br\/contratos\/politica-de-privacidade.pdf\" target=\"_blank\" rel=\"noopener noreferrer\">site<\/a>.<\/span>\r\n  <\/form>\r\n  <div id=\"message-form-ad\"><\/div>\r\n<\/div>","protected":false},"excerpt":{"rendered":"<p>Prazos trabalhistas s\u00e3o per\u00edodos definidos por lei para que empregadores, empregados ou advogados realizem determinados atos no \u00e2mbito das rela\u00e7\u00f5es de trabalho ou processos judiciais. Voc\u00ea j\u00e1 perdeu um prazo importante e teve que lidar com as consequ\u00eancias? No mundo do Direito do Trabalho, o cumprimento dos prazos \u00e9 essencial, seja para evitar multas, garantir [&hellip;]<\/p>\n","protected":false},"author":130,"featured_media":9182,"comment_status":"open","ping_status":"open","sticky":false,"template":"","format":"standard","meta":{"_bbp_topic_count":0,"_bbp_reply_count":0,"_bbp_total_topic_count":0,"_bbp_total_reply_count":0,"_bbp_voice_count":0,"_bbp_anonymous_reply_count":0,"_bbp_topic_count_hidden":0,"_bbp_reply_count_hidden":0,"_bbp_forum_subforum_count":0,"inline_featured_image":false,"footnotes":""},"categories":[178,35],"tags":[],"class_list":["post-9181","post","type-post","status-publish","format-standard","has-post-thumbnail","hentry","category-direito-processual-civil","category-direito-trabalhista"],"acf":[],"_links":{"self":[{"href":"https:\/\/www.aurum.com.br\/blog\/wp-json\/wp\/v2\/posts\/9181","targetHints":{"allow":["GET"]}}],"collection":[{"href":"https:\/\/www.aurum.com.br\/blog\/wp-json\/wp\/v2\/posts"}],"about":[{"href":"https:\/\/www.aurum.com.br\/blog\/wp-json\/wp\/v2\/types\/post"}],"author":[{"embeddable":true,"href":"https:\/\/www.aurum.com.br\/blog\/wp-json\/wp\/v2\/users\/130"}],"replies":[{"embeddable":true,"href":"https:\/\/www.aurum.com.br\/blog\/wp-json\/wp\/v2\/comments?post=9181"}],"version-history":[{"count":27,"href":"https:\/\/www.aurum.com.br\/blog\/wp-json\/wp\/v2\/posts\/9181\/revisions"}],"predecessor-version":[{"id":34757,"href":"https:\/\/www.aurum.com.br\/blog\/wp-json\/wp\/v2\/posts\/9181\/revisions\/34757"}],"wp:featuredmedia":[{"embeddable":true,"href":"https:\/\/www.aurum.com.br\/blog\/wp-json\/wp\/v2\/media\/9182"}],"wp:attachment":[{"href":"https:\/\/www.aurum.com.br\/blog\/wp-json\/wp\/v2\/media?parent=9181"}],"wp:term":[{"taxonomy":"category","embeddable":true,"href":"https:\/\/www.aurum.com.br\/blog\/wp-json\/wp\/v2\/categories?post=9181"},{"taxonomy":"post_tag","embeddable":true,"href":"https:\/\/www.aurum.com.br\/blog\/wp-json\/wp\/v2\/tags?post=9181"}],"curies":[{"name":"wp","href":"https:\/\/api.w.org\/{rel}","templated":true}]}}