{"id":9167,"date":"2023-05-24T14:57:00","date_gmt":"2023-05-24T17:57:00","guid":{"rendered":"https:\/\/aurum.com.br\/blog\/recurso-inominado\/"},"modified":"2025-11-24T21:47:00","modified_gmt":"2025-11-25T00:47:00","slug":"recurso-inominado","status":"publish","type":"post","link":"https:\/\/www.aurum.com.br\/blog\/recurso-inominado\/","title":{"rendered":"Recurso inominado no Novo CPC: o que \u00e9, prazos e modelos exclusivos"},"content":{"rendered":"<div id=\"bsf_rt_marker\"><\/div>\n<pre class=\"wp-block-preformatted\">O <strong>recurso inominado <\/strong>\u00e9 uma forma de apelar quando n\u00e3o concordamos com uma senten\u00e7a proferida pelo juiz. Ele permite apresentar argumentos e evid\u00eancias adicionais para contestar a decis\u00e3o tomada.<\/pre>\n\n\n\n<p>Neste artigo vou apresentar o<strong> recurso inominado<\/strong>. Ao final do texto, voc\u00ea saber\u00e1 o que \u00e9 essa esp\u00e9cie de recurso, quais as hip\u00f3teses de cabimento, os prazos, o preparo, como funciona a tramita\u00e7\u00e3o e os dispositivos legais aplic\u00e1veis.<\/p>\n\n\n\n<p>Por fim, voc\u00ea ter\u00e1 acesso a dois modelos de peti\u00e7\u00f5es: um de recurso inominado e um de contrarraz\u00f5es ao recurso inominado.<\/p>\n\n\n\n<h2 class=\"wp-block-heading\" id=\"1\">O que \u00e9 recurso inominado?<\/h2>\n\n\n\n<p>O recurso inominado \u00e9 uma esp\u00e9cie de recurso cab\u00edvel no \u00e2mbito do Juizado Especial C\u00edvel em face de uma senten\u00e7a. Ele tem esse nome porque n\u00e3o recebeu, por parte do legislador, um nome espec\u00edfico.&nbsp;<\/p>\n\n\n\n<figure class=\"wp-block-image size-large\"><img decoding=\"async\" src=\"https:\/\/www.aurum.com.br\/blog\/wp-content\/uploads\/o-que-e-recurso-inominado-1.jpg\" alt=\"\" class=\"wp-image-40544\"\/><\/figure>\n\n\n\n<p>Se analisarmos o art. 994 do <a href=\"https:\/\/www.aurum.com.br\/blog\/novo-codigo-de-processo-civil\/\"><strong>Novo C\u00f3digo de Processo Civil<\/strong><\/a>, veremos que h\u00e1 ali um rol de nove <a href=\"https:\/\/www.aurum.com.br\/blog\/recursos-no-novo-cpc\/\"><strong>recursos<\/strong><\/a> cujos nomes est\u00e3o indicados. Por exemplo: apela\u00e7\u00e3o, <a href=\"https:\/\/www.aurum.com.br\/blog\/agravo-de-instrumento\/\"><strong>agravo de instrumento<\/strong><\/a>, <a href=\"https:\/\/www.aurum.com.br\/blog\/recurso-especial\/\"><strong>recurso especial<\/strong><\/a>, entre outros.&nbsp;<\/p>\n\n\n\n<p><strong>Em nenhum dos incisos deste artigo vemos a previs\u00e3o de um \u201cRecurso Inominado\u201d<\/strong>. Nem mesmo no antigo C\u00f3digo de Processo Civil vemos essa nomenclatura.<\/p>\n\n\n\n<p>De outro giro, ao verificarmos a <a href=\"https:\/\/www.aurum.com.br\/blog\/lei-9099\/\"><strong>Lei 9.099<\/strong><\/a>\/95, a <a href=\"https:\/\/www.aurum.com.br\/blog\/lei-dos-juizados-especiais\/\"><strong>Lei dos Juizados Especiais<\/strong><\/a>, tamb\u00e9m n\u00e3o encontraremos, textualmente, o recurso inominado. Entretanto, veremos que est\u00e1 prevista no art. 41 a<strong> hip\u00f3tese de interposi\u00e7\u00e3o de <\/strong><strong><em>recurso<\/em><\/strong><strong> em face da senten\u00e7a<\/strong>.&nbsp;<\/p>\n\n\n\n<p>Veja, ent\u00e3o, que ao se omitir o legislador quanto \u00e0 nomenclatura do recurso, a doutrina e a <a href=\"https:\/\/www.aurum.com.br\/blog\/o-que-e-jurisprudencia\/\"><strong>jurisprud\u00eancia<\/strong><\/a> cuidaram de denomin\u00e1-lo de Recurso Inominado.<\/p>\n\n\n\n<p>Portanto, o recurso inominado nada mais \u00e9 que o recurso previsto no art. 41 da Lei 9.099\/95, cab\u00edvel em face de senten\u00e7a em a\u00e7\u00f5es que tramitam no Juizado Especial C\u00edvel.<\/p>\n\n\n\n<h2 class=\"wp-block-heading\" id=\"2\">Requisitos para o recurso inominado<\/h2>\n\n\n\n<p>Conforme o art. 42 da Lei 9.099\/11, os requisitos do recurso inominado s\u00e3o:<\/p>\n\n\n\n<ul class=\"wp-block-list\">\n<li>Peti\u00e7\u00e3o escrita;<\/li>\n\n\n\n<li>As raz\u00f5es escritas para a entrada do recurso;<\/li>\n\n\n\n<li>E o pedido do recorrente.<\/li>\n<\/ul>\n\n\n\n<h2 class=\"wp-block-heading\" id=\"3\">Prazo para interposi\u00e7\u00e3o do recurso inominado<\/h2>\n\n\n\n<p>Nos termos do art. 42 da Lei 9.099\/95, <strong>o prazo para interposi\u00e7\u00e3o do recurso inominado \u00e9 de 10 dias contados da ci\u00eancia da senten\u00e7a<\/strong>. Assim, caso a parte esteja representada por advogado, a intima\u00e7\u00e3o ser\u00e1 dirigida a este. Caso contr\u00e1rio, a pr\u00f3pria parte receber\u00e1 a intima\u00e7\u00e3o em sua resid\u00eancia.<\/p>\n\n\n\n<p>Em alguns Juizados Especiais, como o do Paran\u00e1, j\u00e1 \u00e9 poss\u00edvel a intima\u00e7\u00e3o dos atos processuais via aplicativos de celular, como o <em>WhatsApp<\/em>. Essa medida importante foi implementada em aten\u00e7\u00e3o aos princ\u00edpios da celeridade e da informalidade (art. 2\u00ba, da Lei 9.099\/95).<\/p>\n\n\n\n<p>Contudo, \u00e9 Importante ressaltar que,<strong> no caso de a senten\u00e7a ser proferida em audi\u00eancia<\/strong>, as partes j\u00e1 sair\u00e3o devidamente intimadas no ato, conforme art. 52, III, da Lei 9.099\/95.<\/p>\n\n\n\n<p>Com a intima\u00e7\u00e3o da senten\u00e7a, a parte interessada poder\u00e1 apresentar recurso inominado dentro do prazo acima especificado, sendo que o recolhimento das custas recursais dever\u00e1 ser comprovado nos autos nas 48 horas seguintes \u00e0 interposi\u00e7\u00e3o.&nbsp;<\/p>\n\n\n\n<p>Aqui, \u00e9 necess\u00e1rio que o advogado tenha muita aten\u00e7\u00e3o, pois o art. 132, \u00a7 4\u00ba, do C\u00f3digo Civil, estabelece que \u201c<em>os prazos fixados por hora contar-se-\u00e3o de minuto a minuto<\/em>\u201d. <\/p>\n\n\n\n<p>Portanto, recomenda-se que, sempre que poss\u00edvel, <strong>o comprovante do preparo j\u00e1 seja apresentado no ato da interposi\u00e7\u00e3o do recurso<\/strong> e, na impossibilidade, que o prazo de 48 horas seja anotado com muito cuidado para evitar a deser\u00e7\u00e3o do recurso.<\/p>\n\n\n\n<h3 class=\"wp-block-heading\" id=\"31\">Obrigatoriedade de representa\u00e7\u00e3o por advogado ou advogada<\/h3>\n\n\n\n<p>\u00c9 importante salientar que, embora n\u00e3o seja necess\u00e1rio o patroc\u00ednio de advogado nos Juizados Especiais C\u00edveis em a\u00e7\u00f5es cujo valor da causa n\u00e3o supere vinte sal\u00e1rios m\u00ednimos, sempre que houver o interesse na interposi\u00e7\u00e3o do recurso inominado, <strong>a parte dever\u00e1 faz\u00ea-lo por meio de advogado ou advogada<\/strong>, conforme art. 41, \u00a7 2\u00ba, da <a href=\"http:\/\/www.planalto.gov.br\/ccivil_03\/LEIS\/L9099.htm\" target=\"_blank\" rel=\"noopener\">Lei 9.099\/95<\/a>.<\/p>\n\n\n\n<blockquote class=\"wp-block-quote is-layout-flow wp-block-quote-is-layout-flow\">\n<p><em>\u00a7 2\u00ba No recurso, as partes ser\u00e3o obrigatoriamente representadas por advogado.&#8221;<\/em><\/p>\n<\/blockquote>\n\n\n\n<p>De igual maneira, \u00e9 interessante que o advogado, antes de interpor o recurso inominado, alerte seu cliente sobre o risco de condena\u00e7\u00e3o ao pagamento de custas e <a href=\"https:\/\/www.aurum.com.br\/blog\/honorarios-de-sucumbencia\/\"><strong>honor\u00e1rios sucumbenciais<\/strong><\/a>, conforme descrito no art. 55 da <a href=\"http:\/\/www.planalto.gov.br\/ccivil_03\/LEIS\/L9099.htm#:~:text=LEI%20N%C2%BA%209.099%2C%20DE%2026%20DE%20SETEMBRO%20DE%201995.&amp;text=Disp%C3%B5e%20sobre%20os%20Juizados%20Especiais%20C%C3%ADveis%20e%20Criminais%20e%20d%C3%A1%20outras%20provid%C3%AAncias.\" target=\"_blank\" rel=\"noopener\">Lei do JEC<\/a>.<\/p>\n\n\n\n<p>Assim, interposto o recurso e comprovado o preparo, <strong>a parte adversa ser\u00e1 intimada para apresentar as contrarraz\u00f5es no prazo de 10 dias<\/strong>, nos termos do artigo 42, \u00a7 2\u00ba.<\/p>\n\n\n\n<h2 class=\"wp-block-heading\" id=\"4\">Recurso inominado na Lei dos Juizados Especiais<\/h2>\n\n\n\n<p>A exemplo da apela\u00e7\u00e3o, a interposi\u00e7\u00e3o do recurso inominado devolve \u00e0 Turma Recursal todas as mat\u00e9rias deduzidas nos autos, devendo constar na peti\u00e7\u00e3o as raz\u00f5es recursais e o pedido.&nbsp;<\/p>\n\n\n\n<p>Mas, diferente da apela\u00e7\u00e3o, <strong>o recurso inominado ser\u00e1 recebido somente em seu efeito devolutivo<\/strong>, sendo poss\u00edvel a atribui\u00e7\u00e3o de<a href=\"https:\/\/www.aurum.com.br\/blog\/efeito-suspensivo\/\"><strong> efeito suspensivo<\/strong><\/a>, conforme a Lei dos Juizados Especiais:<\/p>\n\n\n\n<blockquote class=\"wp-block-quote is-layout-flow wp-block-quote-is-layout-flow\">\n<p><em>Art. 43. O recurso ter\u00e1 somente efeito devolutivo, podendo o Juiz dar-lhe efeito suspensivo, para evitar dano irrepar\u00e1vel para a parte.&#8221;<\/em><\/p>\n<\/blockquote>\n\n\n\n<p>Portanto, <strong>\u00e9 indispens\u00e1vel que a parte efetue no corpo do recurso inominado o pedido de atribui\u00e7\u00e3o de efeito suspensivo<\/strong>, justificando a sua necessidade. Isso ser\u00e1 t\u00e3o importante quanto a visita ao juiz para refor\u00e7ar a imprescindibilidade da concess\u00e3o do efeito almejado.<\/p>\n\n\n\n<p>Ap\u00f3s o recebimento do recurso, com ou sem as contrarraz\u00f5es, haver\u00e1 a remessa para a Turma Recursal. Esta, embora funcione como um \u00f3rg\u00e3o equivalente \u00e0 segunda inst\u00e2ncia, n\u00e3o \u00e9 composta por Desembargadores, mas por Ju\u00edzes de primeira inst\u00e2ncia que julgar\u00e3o o recurso inominado nos termos do artigo 41, \u00a7 1\u00ba, da Lei do JEC:<\/p>\n\n\n\n<blockquote class=\"wp-block-quote is-layout-flow wp-block-quote-is-layout-flow\">\n<p><em>Art. 41. (\u2026)<\/em><br><em>\u00a7 1\u00ba O recurso ser\u00e1 julgado por uma turma composta por tr\u00eas Ju\u00edzes togados, em exerc\u00edcio no primeiro grau de jurisdi\u00e7\u00e3o, reunidos na sede do Juizado.\u201d<\/em><\/p>\n<\/blockquote>\n\n\n\n<h3 class=\"wp-block-heading\" id=\"41\">Como funciona a sess\u00e3o na Turma Recursal<\/h3>\n\n\n\n<p>Quando o recurso inominado \u00e9 distribu\u00eddo na Turma Recursal, realiza-se o agendamento da sess\u00e3o de julgamento, para a qual as partes ser\u00e3o previamente intimadas a fim de que, querendo, acompanhem a sess\u00e3o (art. 45).<\/p>\n\n\n\n<p>Assim, julgado o recurso, <strong>existe a possibilidade de oposi\u00e7\u00e3o de <\/strong><a href=\"https:\/\/www.aurum.com.br\/blog\/embargos-de-declaracao\/\"><strong>embargos de declara\u00e7\u00e3o<\/strong><\/a><strong> a serem protocolados no prazo de 5 dias<\/strong>, cab\u00edveis exatamente nas hip\u00f3teses descritas nos incisos do artigo 1.022 do Novo C\u00f3digo de Processo Civil. Ou seja, quando for constatada omiss\u00e3o, contradi\u00e7\u00e3o, obscuridade ou <a href=\"https:\/\/www.aurum.com.br\/blog\/erro-material\/\"><strong>erro material<\/strong><\/a>.<\/p>\n\n\n\n<p>Al\u00e9m dos embargos de declara\u00e7\u00e3o, tamb\u00e9m \u00e9 poss\u00edvel a interposi\u00e7\u00e3o de recurso extraordin\u00e1rio, hip\u00f3tese prevista na S\u00famula 640 do Supremo Tribunal Federal:&nbsp;<\/p>\n\n\n\n<blockquote class=\"wp-block-quote is-layout-flow wp-block-quote-is-layout-flow\">\n<p><em>\u00c9 cab\u00edvel recurso extraordin\u00e1rio contra decis\u00e3o proferida por juiz de primeiro grau nas causas de al\u00e7ada, ou por turma recursal de juizado especial c\u00edvel e criminal.&#8221;<\/em><\/p>\n<\/blockquote>\n\n\n\n<p>No entanto, raramente se interp\u00f5e recurso extraordin\u00e1rio no \u00e2mbito dos Juizados Especiais. Isso porque h\u00e1 uma estreita via de acesso \u00e0 Suprema Corte, demandando, entre outros requisitos, a demonstra\u00e7\u00e3o da repercuss\u00e3o geral que dificilmente permeia as discuss\u00f5es dirimidas nos Juizados Especiais.<\/p>\n\n\n\n<style>\n    #adpost-block_1052435c9aa280cf6d5f63a250097d84.anuncio-post-reverse {\n        display: flex;\n        gap: 24px;\n        border-radius: 8px;\n        width: 100%;\n        max-width: 752px;\n        padding: 40px;\n        background: #e7f4fe;\n        margin: 16px auto;\n    }\n\n    #adpost-block_1052435c9aa280cf6d5f63a250097d84 .anuncio-container {\n        display: flex;\n        flex-direction: column;\n        gap: 24px;\n        width: 100%;\n        max-width: 333px;\n    }\n\n    #adpost-block_1052435c9aa280cf6d5f63a250097d84 .anuncio-container .logo {\n        width: 100%;\n        max-width: 177px;\n        margin: 0;\n    }\n\n    #adpost-block_1052435c9aa280cf6d5f63a250097d84 .anuncio-text-container {\n        display: flex;\n        flex-direction: column;\n        gap: 24px;\n    }\n\n    #adpost-block_1052435c9aa280cf6d5f63a250097d84 .anuncio-text-container .title {\n        font-family: 'Ubuntu';\n        font-size: 1.5rem; \/\/24px\n        font-weight: 700;\n        line-height: 120%;\n        margin: 0;\n        color: #000;\n    }\n\n    #adpost-block_1052435c9aa280cf6d5f63a250097d84 .anuncio-text-container .text {\n        font-size: 0.875rem;\n        font-weight: 400;\n        line-height: 170%;\n        color: #000;\n    }\n\n    #adpost-block_1052435c9aa280cf6d5f63a250097d84 .anuncio-container .button {\n        display: inline-flex;\n        align-items: center;\n        justify-content: center;\n        width: fit-content;\n        height: 48px;\n        border-radius: 8px;\n        padding: 12px 24px;\n        font-size: 1rem;\n        font-weight: 600;\n        text-decoration: none;\n        background: #008fd5;\n        color: #fff;\n    }\n\n    #adpost-block_1052435c9aa280cf6d5f63a250097d84 .image-container {\n        position: relative;\n        width: 100%;\n        height: 100%;\n    }\n\n    #adpost-block_1052435c9aa280cf6d5f63a250097d84 .image-container.float {\n        min-height: 236px;\n    }\n\n    #adpost-block_1052435c9aa280cf6d5f63a250097d84 .image-container .image-desktop {\n        width: 100%;\n        max-width: 323px;\n        object-fit: contain;\n        margin: 0;\n    }\n\n    #adpost-block_1052435c9aa280cf6d5f63a250097d84 .image-container .image-mobile {\n        display: none;\n        width: 100%;\n        max-width: 291px;\n        object-fit: contain;\n        margin: 0;\n    }\n\n    #adpost-block_1052435c9aa280cf6d5f63a250097d84 .image-container.float .image-desktop,\n    #adpost-block_1052435c9aa280cf6d5f63a250097d84 .image-container.float .image-mobile {\n        position: absolute;\n        right: 0;\n        bottom: 0;\n    }\n\n    #adpost-block_1052435c9aa280cf6d5f63a250097d84 .image-container img {\n        border-radius: 8px;\n    }\n\n    \/************\n    * MOBILE \n    *************\/\n    @media (max-width: 1439px) {\n        #adpost-block_1052435c9aa280cf6d5f63a250097d84.anuncio-post-reverse {\n            flex-direction: column-reverse;\n            max-width: fit-content;\n            padding: 24px;\n        }\n\n        #adpost-block_1052435c9aa280cf6d5f63a250097d84 .anuncio-container {\n            max-width: 280px;\n            align-items: center;\n        }\n\n        #adpost-block_1052435c9aa280cf6d5f63a250097d84 .anuncio-container .logo {\n            max-width: 147px;\n        }\n\n        #adpost-block_1052435c9aa280cf6d5f63a250097d84 .anuncio-text-container {\n            gap: 8px;\n        }\n\n        #adpost-block_1052435c9aa280cf6d5f63a250097d84 .anuncio-text-container .title {\n            font-size: 1.25rem;\n            text-align: center;\n        }\n\n        #adpost-block_1052435c9aa280cf6d5f63a250097d84 .anuncio-text-container .text {\n            text-align: center;\n        }\n\n        #adpost-block_1052435c9aa280cf6d5f63a250097d84 .anuncio-container .button {\n            width: 100%;\n        }\n\n        #adpost-block_1052435c9aa280cf6d5f63a250097d84 .image-container.float {\n            min-height: 182px;\n        }\n\n        #adpost-block_1052435c9aa280cf6d5f63a250097d84 .image-container .image-desktop {\n            display: none;\n        }\n\n        #adpost-block_1052435c9aa280cf6d5f63a250097d84 .image-container .image-mobile {\n            display: block;\n        }\n    }\n\n    \/*******************\n    * RESET GLOBAL CSS \n    ********************\/\n    #s-post main article .content .image-container img {\n        margin: 0;\n    }\n<\/style>\n\n\n<article id=\"adpost-block_1052435c9aa280cf6d5f63a250097d84\" class=\"anuncio-post-reverse\">\n    <div class=\"anuncio-container\">\n        \n        <div class=\"anuncio-text-container\">\n             <h3 class=\"title\" >Seja protagonista da sua advocacia com o Astrea<\/h3>\n            <div class=\"text\" >Tenha tempo para focar no crescimento do seu escrit\u00f3rio, enquanto o Astrea cuida da sua gest\u00e3o jur\u00eddica com intelig\u00eancia.<\/div>        <\/div>\n       \n        <a class=\"button\" href=\"\/astrea\/?utm_source=blog&#038;utm_medium=adpost&#038;utm_campaign=campanha-marca-2026\" target=\"_self\">Conhe\u00e7a o Astrea<\/a>    <\/div>\n\n    <div class=\"image-container\">\n        <img decoding=\"async\" class=\"image-desktop\" src=\"https:\/\/www.aurum.com.br\/blog\/wp-content\/uploads\/2026\/03\/adpos-posicionamento-2026-desktop.png\" alt=\"\" \/>\n        <img decoding=\"async\" class=\"image-mobile\" src=\"https:\/\/www.aurum.com.br\/blog\/wp-content\/uploads\/2026\/03\/adpost-posicionamento-2026-mobile.png\" alt=\"\" \/>    <\/div>\n<\/article>\n\n\n<h2 class=\"wp-block-heading\" id=\"5\">Altera\u00e7\u00f5es no recurso inominado com o Novo CPC<\/h2>\n\n\n\n<p>O <a href=\"https:\/\/www.aurum.com.br\/blog\/novo-cpc-comentado\/\"><strong>Novo CPC<\/strong><\/a> n\u00e3o trouxe altera\u00e7\u00f5es no recurso inominado propriamente dito, mas trouxe duas altera\u00e7\u00f5es na Lei 9.099\/95 que julgo importante mencionar.<\/p>\n\n\n\n<h3 class=\"wp-block-heading\" id=\"51\">Interrup\u00e7\u00e3o do prazo<\/h3>\n\n\n\n<p>A primeira diz respeito \u00e0 <strong>interrup\u00e7\u00e3o do prazo<\/strong> para interposi\u00e7\u00e3o de recurso no caso de apresenta\u00e7\u00e3o de <a href=\"https:\/\/www.aurum.com.br\/blog\/embargos-de-declaracao\/\"><strong>embargos de declara\u00e7\u00e3o<\/strong><\/a> (art. 83, \u00a7 2\u00ba da Lei 9.099\/95).&nbsp;<\/p>\n\n\n\n<p>At\u00e9 a entrada em vigor do Novo CPC, a Lei 9.099\/95 determinava que os embargos de declara\u00e7\u00e3o apenas <strong>suspendiam<\/strong> a contagem do prazo recursal. Portanto, no formato antigo, com o julgamento dos embargos de declara\u00e7\u00e3o, os dias j\u00e1 transcorridos at\u00e9 a oposi\u00e7\u00e3o dos embargos deveriam ser descontados do prazo restante, o que acabava por gerar certa confus\u00e3o.<\/p>\n\n\n\n<p>Agora, essa impropriedade foi corrigida, <strong>adequando-se \u00e0 regra geral de que os embargos de declara\u00e7\u00e3o interrompem o prazo<\/strong>. Ou seja, julgados os embargos, o prazo de 10 dias para interposi\u00e7\u00e3o de recurso inominado conta-se integralmente a partir da intima\u00e7\u00e3o da decis\u00e3o dos embargos.<\/p>\n\n\n\n<h3 class=\"wp-block-heading\" id=\"52\">Contagem dos prazos em dias \u00fateis<\/h3>\n\n\n\n<p>A outra altera\u00e7\u00e3o relevante se refere \u00e0<strong> contagem dos prazos processuais em dias \u00fateis<\/strong>, modelo esse inaugurado com o Novo CPC.&nbsp;<\/p>\n\n\n\n<p>Ocorre que o Novo CPC n\u00e3o fez qualquer men\u00e7\u00e3o \u00e0 contagem somente em dias \u00fateis no \u00e2mbito dos Juizados Especiais, estabelecendo-se um estado de inseguran\u00e7a jur\u00eddica (entenda a natureza da <a href=\"https:\/\/www.aurum.com.br\/blog\/seguranca-juridica\/\"><strong>seguran\u00e7a jur\u00eddica<\/strong><\/a>), pois havia quem entendesse que essa nova sistem\u00e1tica n\u00e3o se aplicava ao JEC.&nbsp;<\/p>\n\n\n\n<p>Isso foi finalmente corrigido com o advento da <a href=\"http:\/\/www.planalto.gov.br\/ccivil_03\/_ato2015-2018\/2018\/lei\/L13728.htm\" target=\"_blank\" rel=\"noopener\">Lei 13.728\/2018<\/a>, que inseriu o artigo 12-A na Lei 9.099\/95, e estabeleceu que nos prazos processuais contados em dias ser\u00e3o considerados somente os dias \u00fateis.<\/p>\n\n\n\n<p><em>Leia mais: <a href=\"https:\/\/www.aurum.com.br\/blog\/controle-de-processos-judiciais\/\">Como evoluir o controle de processos judiciais.<\/a><\/em><\/p>\n\n\n\n<h2 class=\"wp-block-heading\" id=\"6\">Como fazer um recurso inominado<\/h2>\n\n\n\n<p>Para te ajudar a fazer um recurso inominado, deixo aqui um modelo completo e exclusivo de Recurso Inominado e de Contrarraz\u00f5es ao Recurso Inominado para voc\u00ea fazer uma excelente reda\u00e7\u00e3o!  <\/p>\n\n\n\n<p>Dessa forma, para elabora\u00e7\u00e3o do modelo foi considerada uma situa\u00e7\u00e3o hipot\u00e9tica de a\u00e7\u00e3o de indeniza\u00e7\u00e3o decorrente de rela\u00e7\u00e3o de consumo. Assim, os modelos ser\u00e3o \u00fateis para apresentar os formatos de elabora\u00e7\u00e3o das peti\u00e7\u00f5es, mas n\u00e3o para fins de subs\u00eddio quanto ao conte\u00fado inserido nos modelos.<\/p>\n\n\n<style>\r\n  .anuncios-post-modelo-peticao {\r\n    display: flex;\r\n    gap: 24px;\r\n    justify-content: space-between;\r\n    align-items: center;\r\n    border-radius: 16px;\r\n    border: none;\r\n    background: #D5DAFF;\r\n    padding: 24px;\r\n    margin: 1rem 0;\r\n    max-width: 640px;\r\n  }\r\n\r\n  #s-post .anuncios-post-modelo-peticao .adpost-modelo-peticao-image {\r\n    margin: auto;\r\n    width: 219px;\r\n    min-width: 207px;\r\n    height: 217px;\r\n    aspect-ratio: 219.01\/217.09;\r\n    border-radius: 16px;\r\n  }\r\n\r\n  #s-post .anuncios-post-modelo-peticao .adpost-modelo-peticao-image img {\r\n    height: 100%;\r\n    border-radius: 16px;\r\n    aspect-ratio: 219.01\/217.09;\r\n    margin: auto;\r\n  }\r\n\r\n  .anuncios-post-modelo-peticao .textos {\r\n    display: flex;\r\n    flex-direction: column;\r\n    gap: 16px;\r\n  }\r\n\r\n  .anuncios-post-modelo-peticao .adpost-content {\r\n    display: flex;\r\n    flex-direction: column;\r\n    gap: 32px;\r\n  }\r\n\r\n  .anuncios-post-modelo-peticao .subtext {\r\n    display: block;\r\n  }\r\n\r\n  #s-post main article .content .anuncios-post-modelo-peticao .img-destaque {\r\n    object-fit: cover;\r\n    width: 180px;\r\n    margin: 0;\r\n  }\r\n\r\n  .anuncios-post-modelo-peticao .title {\r\n    font-weight: 600;\r\n    font-size: 21px;\r\n    line-height: 120%;\r\n    color: #000000;\r\n  }\r\n  .anuncios-post-modelo-peticao .subtext {\r\n    display: block;\r\n    font-weight: 400;\r\n    font-size: 14px;\r\n    line-height: 130%;\r\n    color: #272727;\r\n    text-align: left;\r\n  }\r\n  #s-post main article .content .anuncios-post-modelo-peticao .botao {\r\n    \/* background: #004773; *\/\r\n    background: #3B48AA;\r\n    border-radius: 4px;\r\n    padding: 12px 32px;\r\n    display: inline-block;\r\n    text-decoration: none !important;\r\n    color: #FFFFFF !important;\r\n    font-size: 14px;\r\n    font-weight: 700;\r\n    width: fit-content;\r\n  }\r\n  .anuncios-post-modelo-peticao .botao:hover {\r\n    filter: opacity(0.9);\r\n  }\r\n  \/**********\r\n  * TABLET\r\n  ***********\/\r\n  @media (max-width: 1310px) and (min-width: 800px) {\r\n    .anuncios-post-modelo-peticao .title {\r\n      font-size: 18px;\r\n    }\r\n  }\r\n\r\n  @media (max-width: 800px) {\r\n    .anuncios-post-modelo-peticao .title {\r\n      font-size: 16px;\r\n    }\r\n\r\n    .anuncios-post-modelo-peticao .subtext {\r\n      font-size: 12px;\r\n    }\r\n\r\n    #s-post main article .content .anuncios-post-modelo-peticao .botao {\r\n      font-size: 12px;\r\n    }\r\n\r\n   #s-post .anuncios-post-modelo-peticao .adpost-modelo-peticao-image {\r\n        width: 180px;\r\n        min-width: 180px;\r\n        height: 176px;\r\n    }\r\n  }\r\n\r\n  @media (max-width: 500px) {\r\n    .anuncios-post-modelo-peticao {\r\n        flex-direction: column-reverse;\r\n        gap: 0;\r\n    }\r\n\r\n    .anuncios-post-modelo-peticao .adpost-content {\r\n      gap: 24px;\r\n    }\r\n\r\n    .anuncios-post-modelo-peticao .textos {\r\n        align-items: center;\r\n    }\r\n\r\n    .anuncios-post-modelo-peticao .title {\r\n        text-align: center;\r\n    }\r\n\r\n    .anuncios-post-modelo-peticao .subtext {\r\n        text-align: center;\r\n    }\r\n\r\n    #s-post main article .content .anuncios-post-modelo-peticao .img-destaque {\r\n        width: 195px;\r\n        height: 180px;\r\n        margin-bottom: 16px;\r\n    }\r\n\r\n    .anuncios-post-modelo-peticao .title {\r\n      font-size: 18px;\r\n    }\r\n\r\n    .anuncios-post-modelo-peticao .subtext {\r\n      font-size: 14px;\r\n    }\r\n\r\n    #s-post main article .content .anuncios-post-modelo-peticao .botao {\r\n      font-size: 14px;\r\n      width: 100%;\r\n      text-align: center;\r\n    }\r\n\r\n\r\n    #s-post .anuncios-post-modelo-peticao .adpost-modelo-peticao-image {\r\n      width: 100%;\r\n      height: auto;\r\n      margin-bottom: 24px;\r\n    }\r\n  }\r\n<\/style>\r\n\r\n<div class=\"anuncios-post-modelo-peticao\">\r\n      <div class=\"adpost-content\">\r\n      <div class=\"textos\">\r\n          <div class=\"title\">\r\n            Modelo de Recurso Inominado          <\/div>\r\n          <div class=\"subtext\">\r\n            <span>\r\n              Utilize o modelo criado pelo advogado Andr\u00e9 Tisi para requerer a senten\u00e7a proferida pelo Juizado Especial C\u00edvel de forma r\u00e1pida e pr\u00e1tica!            <\/span>\r\n          <\/div>\r\n      <\/div>\r\n            <a class=\"botao\" data-gtm-custom=\"anuncio-post-btn\" href=\"https:\/\/www.aurum.com.br\/blog\/material\/modelo-de-recurso-inominado\/?utm_source=blog&#038;utm_medium=adpost&#038;utm_campaign=recurso-inominado&#038;utm_content=\" target=\"_blank\">Acessar gr\u00e1tis<\/a>\r\n    <\/div>\r\n            <img decoding=\"async\" src=\"https:\/\/www.aurum.com.br\/blog\/wp-content\/themes\/aurum\/img\/adpost-modelo-peticao-placeholder.png\" alt=\"\" class=\"adpost-modelo-peticao-image\">\r\n       \r\n\r\n<\/div>\n\n\n<h2 class=\"wp-block-heading\" id=\"7\">Principais d\u00favidas sobre recurso inominado<\/h2>\n\n\n\n<h3 class=\"wp-block-heading\">O que \u00e9 um recurso inominado?<\/h3>\n\n\n\n<p>O recurso inominado \u00e9 uma esp\u00e9cie de recurso cab\u00edvel no \u00e2mbito do Juizado Especial C\u00edvel em face de uma senten\u00e7a. Ele tem esse nome porque n\u00e3o recebeu, por parte do legislador, um nome espec\u00edfico. Saiba mais sobre o recurso aqui no Portal da Aurum!<\/p>\n\n\n\n<h3 class=\"wp-block-heading\">Quando \u00e9 cab\u00edvel o recurso inominado?<\/h3>\n\n\n\n<p>O recurso inominado \u00e9 um recurso previsto no art. 41 da Lei 9.099\/95, cab\u00edvel em face de senten\u00e7a em a\u00e7\u00f5es que tramitam no Juizado Especial C\u00edvel.<\/p>\n\n\n\n<h3 class=\"wp-block-heading\">O que s\u00e3o os Juizados Especiais C\u00edveis?<\/h3>\n\n\n\n<p>Os Juizados Especiais C\u00edveis s\u00e3o \u00f3rg\u00e3os do Poder Judici\u00e1rio, criados pela Lei 9.099\/95. A Lei dos Juizados Especiais t\u00eam como objetivo o acesso \u00e0 justi\u00e7a, direito de ordem fundamental, seja efetivado tamb\u00e9m em favor daqueles considerados financeiramente hipossuficientes.<\/p>\n\n\n\n<style>\n    #adpost-block_133fed9bbbf311071768350d721458c9.anuncio-post-reverse {\n        display: flex;\n        gap: 24px;\n        border-radius: 8px;\n        width: 100%;\n        max-width: 752px;\n        padding: 40px;\n        background: #CCD1FF;\n        margin: 16px auto;\n    }\n\n    #adpost-block_133fed9bbbf311071768350d721458c9 .anuncio-container {\n        display: flex;\n        flex-direction: column;\n        gap: 24px;\n        width: 100%;\n        max-width: 333px;\n    }\n\n    #adpost-block_133fed9bbbf311071768350d721458c9 .anuncio-container .logo {\n        width: 100%;\n        max-width: 177px;\n        margin: 0;\n    }\n\n    #adpost-block_133fed9bbbf311071768350d721458c9 .anuncio-text-container {\n        display: flex;\n        flex-direction: column;\n        gap: 24px;\n    }\n\n    #adpost-block_133fed9bbbf311071768350d721458c9 .anuncio-text-container .title {\n        font-family: 'Ubuntu';\n        font-size: 1.5rem; \/\/24px\n        font-weight: 700;\n        line-height: 120%;\n        margin: 0;\n        color: #000;\n    }\n\n    #adpost-block_133fed9bbbf311071768350d721458c9 .anuncio-text-container .text {\n        font-size: 0.875rem;\n        font-weight: 400;\n        line-height: 170%;\n        color: #000;\n    }\n\n    #adpost-block_133fed9bbbf311071768350d721458c9 .anuncio-container .button {\n        display: inline-flex;\n        align-items: center;\n        justify-content: center;\n        width: fit-content;\n        height: 48px;\n        border-radius: 8px;\n        padding: 12px 24px;\n        font-size: 1rem;\n        font-weight: 600;\n        text-decoration: none;\n        background: #3C48AA;\n        color: #fff;\n    }\n\n    #adpost-block_133fed9bbbf311071768350d721458c9 .image-container {\n        position: relative;\n        width: 100%;\n        height: 100%;\n    }\n\n    #adpost-block_133fed9bbbf311071768350d721458c9 .image-container.float {\n        min-height: 236px;\n    }\n\n    #adpost-block_133fed9bbbf311071768350d721458c9 .image-container .image-desktop {\n        width: 100%;\n        max-width: 323px;\n        object-fit: contain;\n        margin: 0;\n    }\n\n    #adpost-block_133fed9bbbf311071768350d721458c9 .image-container .image-mobile {\n        display: none;\n        width: 100%;\n        max-width: 291px;\n        object-fit: contain;\n        margin: 0;\n    }\n\n    #adpost-block_133fed9bbbf311071768350d721458c9 .image-container.float .image-desktop,\n    #adpost-block_133fed9bbbf311071768350d721458c9 .image-container.float .image-mobile {\n        position: absolute;\n        right: 0;\n        bottom: 0;\n    }\n\n    #adpost-block_133fed9bbbf311071768350d721458c9 .image-container img {\n        border-radius: 8px;\n    }\n\n    \/************\n    * MOBILE \n    *************\/\n    @media (max-width: 1439px) {\n        #adpost-block_133fed9bbbf311071768350d721458c9.anuncio-post-reverse {\n            flex-direction: column-reverse;\n            max-width: fit-content;\n            padding: 24px;\n        }\n\n        #adpost-block_133fed9bbbf311071768350d721458c9 .anuncio-container {\n            max-width: 280px;\n            align-items: center;\n        }\n\n        #adpost-block_133fed9bbbf311071768350d721458c9 .anuncio-container .logo {\n            max-width: 147px;\n        }\n\n        #adpost-block_133fed9bbbf311071768350d721458c9 .anuncio-text-container {\n            gap: 8px;\n        }\n\n        #adpost-block_133fed9bbbf311071768350d721458c9 .anuncio-text-container .title {\n            font-size: 1.25rem;\n            text-align: center;\n        }\n\n        #adpost-block_133fed9bbbf311071768350d721458c9 .anuncio-text-container .text {\n            text-align: center;\n        }\n\n        #adpost-block_133fed9bbbf311071768350d721458c9 .anuncio-container .button {\n            width: 100%;\n        }\n\n        #adpost-block_133fed9bbbf311071768350d721458c9 .image-container.float {\n            min-height: 182px;\n        }\n\n        #adpost-block_133fed9bbbf311071768350d721458c9 .image-container .image-desktop {\n            display: none;\n        }\n\n        #adpost-block_133fed9bbbf311071768350d721458c9 .image-container .image-mobile {\n            display: block;\n        }\n    }\n\n    \/*******************\n    * RESET GLOBAL CSS \n    ********************\/\n    #s-post main article .content .image-container img {\n        margin: 0;\n    }\n<\/style>\n\n\n<article id=\"adpost-block_133fed9bbbf311071768350d721458c9\" class=\"anuncio-post-reverse\">\n    <div class=\"anuncio-container\">\n        <img decoding=\"async\" class=\"logo\" src=\"https:\/\/www.aurum.com.br\/blog\/wp-content\/themes\/aurum\/img\/adposts\/logo-aurum-forum.png\" alt=\"Aurum\" \/>\n        <div class=\"anuncio-text-container\">\n             <h3 class=\"title\" >N\u00e3o encontrou todas as respostas por aqui?<\/h3>\n            <div class=\"text\" >No F\u00f3rum da Aurum, voc\u00ea pode levar sua pergunta e contar com a ajuda de advogados e advogadas que compartilham conhecimento de forma gratuita e acess\u00edvel<\/div>        <\/div>\n       \n        <a class=\"button\" href=\"\/blog\/forum-aurum\/?utm_source=blog&#038;utm_medium=adpost&#038;utm_campaign=forum-aurum\" target=\"_self\">Acesse agora<\/a>    <\/div>\n\n    <div class=\"image-container float\">\n        <img decoding=\"async\" class=\"image-desktop\" src=\"https:\/\/www.aurum.com.br\/blog\/wp-content\/themes\/aurum\/img\/adposts\/anuncio-reverse.png\" alt=\"\" \/>\n        <img decoding=\"async\" class=\"image-mobile\" src=\"https:\/\/www.aurum.com.br\/blog\/wp-content\/themes\/aurum\/img\/adposts\/anuncio-reverse-mobile.png\" alt=\"\" \/>    <\/div>\n<\/article>\n\n\n<h2 class=\"wp-block-heading\" id=\"8\">Conclus\u00e3o<\/h2>\n\n\n\n<p>Portanto, podemos concluir com conte\u00fado que o recurso inominado, nomenclatura que n\u00e3o consta da legisla\u00e7\u00e3o, funciona como se fosse um <a href=\"https:\/\/www.aurum.com.br\/blog\/recurso-de-apelacao\/\"><strong>Recurso de Apela\u00e7\u00e3o<\/strong><\/a> no \u00e2mbito do Juizado Especial C\u00edvel.<\/p>\n\n\n\n<p>Al\u00e9m da cuidadosa reda\u00e7\u00e3o do recurso, atentando-se a todos os detalhes que foram descritos ao longo desse artigo, tamb\u00e9m <strong>\u00e9 importante que o advogado se fa\u00e7a presente na sess\u00e3o de julgamento perante a Turma Recursal<\/strong>, pois ter\u00e1 a oportunidade de refor\u00e7ar os argumentos do recurso em <a href=\"https:\/\/www.aurum.com.br\/blog\/sustentacao-oral\/\"><strong>sustenta\u00e7\u00e3o oral<\/strong><\/a>.<\/p>\n\n\n\n<h2 class=\"wp-block-heading\" id=\"9\">Confira mais conte\u00fados no Portal da Aurum<\/h2>\n\n\n\n<p>Se voc\u00ea gostou desse conte\u00fado e deseja saber mais sobre temas relacionados ao Direito e advocacia, tenho as seguintes indica\u00e7\u00f5es:<\/p>\n\n\n\n<ul class=\"wp-block-list\">\n<li><a href=\"https:\/\/www.aurum.com.br\/blog\/recurso-ordinario-trabalhista\/\">Dicas para elaborar um excelente Recurso Ordin\u00e1rio Trabalhista<\/a><\/li>\n\n\n\n<li><a href=\"https:\/\/www.aurum.com.br\/blog\/tutela-antecipada-no-novo-cpc\/\">Entenda como funciona o procedimento da tutela antecipada<\/a><\/li>\n\n\n\n<li><a href=\"https:\/\/www.aurum.com.br\/blog\/excecao-de-pre-executividade\/\">Entenda a exce\u00e7\u00e3o de pr\u00e9-executividade no Novo CPC<\/a><\/li>\n\n\n\n<li><a href=\"https:\/\/www.aurum.com.br\/blog\/custas-processuais\/\" data-type=\"URL\" data-id=\"https:\/\/www.aurum.com.br\/blog\/custas-processuais\/\">Custas processuais: o que s\u00e3o e como calcular<\/a><\/li>\n\n\n\n<li><a href=\"https:\/\/www.aurum.com.br\/blog\/amicus-curiae\/\">Entenda o que \u00e9 a figura do \u201camicus curiae\u201d<\/a><\/li>\n\n\n\n<li><a href=\"https:\/\/www.aurum.com.br\/blog\/prescricao-penal\/\">Prescri\u00e7\u00e3o penal: tipos, prazos e como calcular<\/a><\/li>\n\n\n\n<li><a href=\"https:\/\/www.aurum.com.br\/blog\/decisao-interlocutoria\/\">Entenda o que \u00e9 a decis\u00e3o interlocut\u00f3ria<\/a><\/li>\n\n\n\n<li><a href=\"https:\/\/www.aurum.com.br\/blog\/usucapiao-extraordinaria\/\">O que \u00e9 usucapi\u00e3o extraordin\u00e1ria<\/a><\/li>\n\n\n\n<li><a href=\"https:\/\/www.aurum.com.br\/blog\/glossario-juridico\/apelacao-criminal\/\">Conhe\u00e7a o conceito de apela\u00e7\u00e3o criminal<\/a><\/li>\n\n\n\n<li><a href=\"https:\/\/www.aurum.com.br\/blog\/sustentacao-oral\/\" data-type=\"URL\" data-id=\"https:\/\/www.aurum.com.br\/blog\/sustentacao-oral\/\">Dicas para se preparar para uma sustenta\u00e7\u00e3o oral<\/a><\/li>\n\n\n\n<li><a href=\"https:\/\/www.aurum.com.br\/blog\/gratuidade-de-justica\/\" data-type=\"link\" data-id=\"https:\/\/www.aurum.com.br\/blog\/gratuidade-de-justica\/\">Art. 98 do CPC: aspectos gerais da gratuidade de justi\u00e7a<\/a><\/li>\n\n\n\n<li><a href=\"https:\/\/www.aurum.com.br\/blog\/iac\/\" data-type=\"link\" data-id=\"https:\/\/www.aurum.com.br\/blog\/iac\/\">O que diz o novo CPC sobre o IAC (Incidente de Assun\u00e7\u00e3o de Compet\u00eancia)<\/a><\/li>\n<\/ul>\n\n\n\n<p><em>Gostou do texto? Ficou com alguma d\u00favida sobre recurso inominado? Compartilhe com a gente nos coment\u00e1rios abaixo! <\/em> <\/p>\n\n\n<style>\r\n  .news-post {\r\n    background: url('https:\/\/www.aurum.com.br\/blog\/wp-content\/themes\/aurum\/img\/bg-news-artigo.svg') no-repeat top center #3C48AA;\r\n    padding: 1.5rem;\r\n    border-radius: 6px;\r\n    margin: 1rem 0;\r\n  }\r\n  .news-post .icone {\r\n    display: none;\r\n  }\r\n  .news-post .title {\r\n    font-weight: 700;\r\n    font-size: 16px;\r\n    line-height: 130%;\r\n    text-align: center;\r\n    letter-spacing: -0.5px;\r\n    color: #fff;\r\n    margin-bottom: .9375rem;\r\n  }\r\n  .news-post p {\r\n    font-size: .875rem;\r\n    line-height: 140%;\r\n    text-align: center;\r\n    color: #fff;\r\n    margin-bottom: 1.25rem;\r\n  }\r\n  .news-post .news_button_span {\r\n    font-size: .8125rem;\r\n    display: block;\r\n    padding: .125rem .3125rem;\r\n    color: #fff;\r\n    text-align:left;\r\n  }\r\n  .news-post .news_button_span a {\r\n    color: #fff !important;\r\n    text-decoration: underline;\r\n  }\r\n  .news-post form {\r\n    width: 100%;\r\n  }\r\n  .news-post label {\r\n    font-weight: 600;\r\n    font-size: .9375rem;\r\n    line-height: 1.5rem;\r\n    margin-bottom: .5rem;\r\n    color: #fff;\r\n    display: block;\r\n  }\r\n  .news-post input {\r\n    background: #fff;\r\n    border: 1px solid #CBCBD9;\r\n    box-sizing: border-box;\r\n    border-radius: 4px;\r\n    padding: .75rem 1rem;\r\n    width: 100%;\r\n  }\r\n  .news-post button {\r\n    margin-top: .875rem;\r\n    width: 100%;\r\n    min-width: auto;\r\n    background: #FCC632;\r\n    color: #3C48AA;\r\n  }\r\n  .news-post .input {\r\n    position: relative;\r\n    padding-bottom: 10px;\r\n  }\r\n  .news-post .error-message-ad {\r\n    font-size: .875rem;\r\n    line-height: 130%;\r\n    color: #D50021;\r\n    margin-left: 4px;\r\n  }\r\n  .news-post .error {\r\n    border: 1px solid #D50021;\r\n  }\r\n  .news-post #message-form-ad {\r\n    border-radius: 4px;\r\n    padding: 0.7rem;\r\n    font-size:0.8rem;\r\n    text-align: center;\r\n    align-items: center;\r\n    justify-content: center;\r\n    display: none;\r\n  }\r\n  .news-post #message-form-ad svg {\r\n    margin-right: 8px;\r\n  }\r\n\r\n  @media(min-width: 561px) {\r\n    .news-post {\r\n      position: relative;\r\n      background: url('https:\/\/www.aurum.com.br\/blog\/wp-content\/themes\/aurum\/img\/bg-news-artigo.svg') no-repeat top center #3C48AA;\r\n      width: calc(100% - 30px);\r\n    }\r\n    .news-post .icone {\r\n      display: block;\r\n      position: absolute;\r\n      right: -30px;\r\n      top: 65px;\r\n      max-width: 142px;\r\n      width: 100%;\r\n      height: auto;\r\n      margin: 0;\r\n    }\r\n    .news-post .title {\r\n      font-size: 1.125rem;\r\n      text-align: left;\r\n      \/* padding-right: 3.75rem; *\/\r\n    }\r\n    .news-post p {\r\n      font-size: 1rem;\r\n      text-align: left;\r\n      max-width: 400px;\r\n    }\r\n    .news-post .boxes {\r\n      display: flex;\r\n      align-items: flex-start;\r\n    }\r\n    .news-post button {\r\n      margin: 0 0 0 1rem;\r\n      width: 100%;\r\n      max-width: 170px;\r\n      min-width: auto;\r\n      transition: all ease .3s\r\n    }\r\n    .news-post button:hover {\r\n      opacity: 0.9;\r\n      transition: all ease .3s\r\n    }\r\n    .news-post #message-form-ad {\r\n      padding: 1.125rem;\r\n      font-size:1rem;\r\n    }\r\n    .news-post #message-form-ad svg {\r\n      margin-right: 10px;\r\n    }\r\n  }\r\n<\/style>\r\n\r\n<div class=\"news-post\">\r\n  <div class=\"title news-ad-title\">Gostou do artigo e quer evoluir a sua advocacia?<\/div>\r\n  <p class=\"news-ad-subtitle\">Assine gr\u00e1tis a Aurum News e receba uma dose semanal de conte\u00fado no seu e-mail! \u270c\ufe0f<\/p>\r\n  <img decoding=\"async\" src=\"https:\/\/www.aurum.com.br\/blog\/wp-content\/themes\/aurum\/img\/icon-news-artigo.svg\" alt=\"\" class=\"icone\">\r\n\r\n  <form method=\"post\" name=\"newsletter-ad\" id=\"aurum-newsletter-ad\">\r\n    <div class=boxes>\r\n      <div class=\"input\">\r\n        <label class=\"label-email\" htmlFor=\"email-ad\">Qual seu e-mail?<\/label>\r\n        <input type=\"email\" id=\"email-ad\" name=\"newsletter-mail-ad\" placeholder=\"Digite seu e-mail?\">\r\n        <div class=\"error-message-ad-email\">Endere\u00e7o de e-mail inv\u00e1lido ou incorreto<\/div>\r\n\r\n        <label class=\"label-select\" htmlFor=\"lawsuits-select-ad\">\r\n          Quantos processos voc\u00ea ou<br class=\"for-desktop\"\/> seu escrit\u00f3rio acompanham?\r\n        <\/label>\r\n        <div id=\"lawsuits-select-ad\" class=\"lawsuits-select select-wrapper\" tabindex=\"0\">\r\n          <div class=\"s-dropdown--styled\">\r\n          <span class=\"lawsuits-default\">\r\n            <span id=\"lawsuits-newsletter-ad\" class=\"lawsuits-default-text\" data-value=\"\">Selecione os processos<\/span>\r\n            <svg class=\"chevron\" xmlns=\"http:\/\/www.w3.org\/2000\/svg\" width=\"24\" height=\"25\" viewBox=\"0 0 24 25\" fill=\"none\">\r\n              <path d=\"M6 15.6152L12 9.61523L18 15.6152\" stroke=\"black\" stroke-width=\"2\" stroke-linecap=\"round\" stroke-linejoin=\"round\" \/>\r\n            <\/svg>\r\n          <\/span>\r\n\r\n          <ul class=\"s-dropdown u-hide\">\r\n            <li class=\"lawsuits\" data-value=\"Mais de 1000 processos\">Mais de 1000 processos<\/li>\r\n            <li class=\"lawsuits\" data-value=\"De 501 a 1000 processos\">De 501 a 1000 processos<\/li>\r\n            <li class=\"lawsuits\" data-value=\"De 151 a 500 processos\">De 151 a 500 processos<\/li>\r\n            <li class=\"lawsuits\" data-value=\"De 41 a 150 processos\">De 41 a 150 processos<\/li>\r\n            <li class=\"lawsuits\" data-value=\"At\u00e9 40 processos\">At\u00e9 40 processos<\/li>\r\n            <li class=\"lawsuits\" data-value=\"Atuo apenas no consultivo\">Atuo apenas no consultivo<\/li>\r\n            <li class=\"lawsuits\" data-value=\"Ainda sou estudante de direito\">Ainda sou estudante de direito<\/li>\r\n            <li class=\"lawsuits\" data-value=\"N\u00e3o sou da \u00e1rea jur\u00eddica\">N\u00e3o sou da \u00e1rea jur\u00eddica<\/li>\r\n          <\/ul>\r\n          <\/div>\r\n        <\/div>\r\n        <div class=\"error-message-ad-lawsuits\">Selecione algum processo<\/div>\r\n      <\/div>\r\n      <button class=\"btn btn-yellow ad-btn-desktop\" id=\"aurum-submit-ad\">Assinar gr\u00e1tis<\/button>\r\n      <button class=\"btn btn-yellow ad-btn-mobile\" id=\"aurum-submit-ad\">Assinar<\/button>\r\n    <\/div>\r\n    <span class=\"news_button_span\">Ao se cadastrar voc\u00ea declara que leu e aceitou a pol\u00edtica de privacidade e cookies do <a href=\"https:\/\/s3.sa-east-1.amazonaws.com\/publico.aurum.com.br\/contratos\/politica-de-privacidade.pdf\" target=\"_blank\" rel=\"noopener noreferrer\">site<\/a>.<\/span>\r\n  <\/form>\r\n  <div id=\"message-form-ad\"><\/div>\r\n<\/div>\n\n\n<script type=\"application\/ld+json\">\n{\n  \"@context\": \"https:\/\/schema.org\",\n  \"@type\": \"FAQPage\",\n  \"mainEntity\": [{\n    \"@type\": \"Question\",\n    \"name\": \"O que \u00e9 um recurso inominado?\",\n    \"acceptedAnswer\": {\n      \"@type\": \"Answer\",\n      \"text\": \"O recurso inominado \u00e9 uma esp\u00e9cie de recurso cab\u00edvel no \u00e2mbito do Juizado Especial C\u00edvel em face de uma senten\u00e7a. Ele tem esse nome porque n\u00e3o recebeu, por parte do legislador, um nome espec\u00edfico. Saiba mais sobre o recurso aqui no Portal da Aurum!\"\n    }\n  },{\n    \"@type\": \"Question\",\n    \"name\": \"Quando \u00e9 cab\u00edvel o recurso inominado?\",\n    \"acceptedAnswer\": {\n      \"@type\": \"Answer\",\n      \"text\": \"O recurso inominado \u00e9 um recurso previsto no art. 41 da Lei 9.099\/95, cab\u00edvel em face de senten\u00e7a em a\u00e7\u00f5es que tramitam no Juizado Especial C\u00edvel.\"\n    }\n  },{\n    \"@type\": \"Question\",\n    \"name\": \"O que s\u00e3o os Juizados Especiais C\u00edveis?\",\n    \"acceptedAnswer\": {\n      \"@type\": \"Answer\",\n      \"text\": \"Os Juizados Especiais C\u00edveis s\u00e3o \u00f3rg\u00e3os do Poder Judici\u00e1rio, criados pela Lei 9.099\/95. A Lei dos Juizados Especiais t\u00eam como objetivo o acesso \u00e0 justi\u00e7a, direito de ordem fundamental, seja efetivado tamb\u00e9m em favor daqueles considerados financeiramente hipossuficientes.\"\n    }\n  }]\n}\n<\/script>\n","protected":false},"excerpt":{"rendered":"<p>O recurso inominado \u00e9 uma forma de apelar quando n\u00e3o concordamos com uma senten\u00e7a proferida pelo juiz. Ele permite apresentar argumentos e evid\u00eancias adicionais para contestar a decis\u00e3o tomada. Neste artigo vou apresentar o recurso inominado. Ao final do texto, voc\u00ea saber\u00e1 o que \u00e9 essa esp\u00e9cie de recurso, quais as hip\u00f3teses de cabimento, os [&hellip;]<\/p>\n","protected":false},"author":68,"featured_media":9168,"comment_status":"open","ping_status":"open","sticky":false,"template":"","format":"standard","meta":{"_bbp_topic_count":0,"_bbp_reply_count":0,"_bbp_total_topic_count":0,"_bbp_total_reply_count":0,"_bbp_voice_count":0,"_bbp_anonymous_reply_count":0,"_bbp_topic_count_hidden":0,"_bbp_reply_count_hidden":0,"_bbp_forum_subforum_count":0,"inline_featured_image":false,"footnotes":""},"categories":[178],"tags":[],"class_list":["post-9167","post","type-post","status-publish","format-standard","has-post-thumbnail","hentry","category-direito-processual-civil"],"acf":[],"_links":{"self":[{"href":"https:\/\/www.aurum.com.br\/blog\/wp-json\/wp\/v2\/posts\/9167","targetHints":{"allow":["GET"]}}],"collection":[{"href":"https:\/\/www.aurum.com.br\/blog\/wp-json\/wp\/v2\/posts"}],"about":[{"href":"https:\/\/www.aurum.com.br\/blog\/wp-json\/wp\/v2\/types\/post"}],"author":[{"embeddable":true,"href":"https:\/\/www.aurum.com.br\/blog\/wp-json\/wp\/v2\/users\/68"}],"replies":[{"embeddable":true,"href":"https:\/\/www.aurum.com.br\/blog\/wp-json\/wp\/v2\/comments?post=9167"}],"version-history":[{"count":23,"href":"https:\/\/www.aurum.com.br\/blog\/wp-json\/wp\/v2\/posts\/9167\/revisions"}],"predecessor-version":[{"id":34579,"href":"https:\/\/www.aurum.com.br\/blog\/wp-json\/wp\/v2\/posts\/9167\/revisions\/34579"}],"wp:featuredmedia":[{"embeddable":true,"href":"https:\/\/www.aurum.com.br\/blog\/wp-json\/wp\/v2\/media\/9168"}],"wp:attachment":[{"href":"https:\/\/www.aurum.com.br\/blog\/wp-json\/wp\/v2\/media?parent=9167"}],"wp:term":[{"taxonomy":"category","embeddable":true,"href":"https:\/\/www.aurum.com.br\/blog\/wp-json\/wp\/v2\/categories?post=9167"},{"taxonomy":"post_tag","embeddable":true,"href":"https:\/\/www.aurum.com.br\/blog\/wp-json\/wp\/v2\/tags?post=9167"}],"curies":[{"name":"wp","href":"https:\/\/api.w.org\/{rel}","templated":true}]}}