{"id":9135,"date":"2019-12-03T18:58:28","date_gmt":"2019-12-03T21:58:28","guid":{"rendered":"https:\/\/aurum.com.br\/blog\/principios-constitucionais\/"},"modified":"2023-06-21T18:06:54","modified_gmt":"2023-06-21T21:06:54","slug":"principios-constitucionais","status":"publish","type":"post","link":"https:\/\/www.aurum.com.br\/blog\/principios-constitucionais\/","title":{"rendered":"Os mais importantes princ\u00edpios constitucionais do processo civil"},"content":{"rendered":"<div id=\"bsf_rt_marker\"><\/div>\n<pre class=\"wp-block-preformatted\">Os <strong>princ\u00edpios constitucionais<\/strong> informadores do processo civil s\u00e3o normas fundamentadoras que estabelecem as diretrizes de toda a atividade jurisdicional a fim de garantir um processo efetivamente justo.<\/pre>\n\n\n\n<p>Sauda\u00e7\u00f5es pessoal! O estudo dos princ\u00edpios \u00e9 fundamental em qualquer ramo do direito, sobretudo no campo do direito processual civil brasileiro. Por isso, vou dedicar esse artigo aos aspectos mais relevantes sobre o tema na perspectiva constitucional.<\/p>\n\n\n\n<p>Segundo o Professor Misael Montenegro Filho, os princ\u00edpios podem ser entendidos como <strong>verdades fundamentais para o desenvolvimento de qualquer sistema de conhecimento,<\/strong> conferindo-lhe validade, gerando um estado de certeza indispens\u00e1vel \u00e0 sua estrutura\u00e7\u00e3o.<\/p>\n\n\n\n<p>N\u00e3o \u00e9 por acaso que no mundo jur\u00eddico a for\u00e7a dos princ\u00edpios irradia sobre todas as <a href=\"https:\/\/www.aurum.com.br\/blog\/areas-do-direito\/\">\u00e1reas do direito<\/a>, sendo certo que aqueles contidos no texto constitucional servem de pilares. Gosto de dizer que os princ\u00edpios s\u00e3o proposi\u00e7\u00f5es fundamentais que <strong>validam, direcionam e limitam a atua\u00e7\u00e3o de todos os sujeitos do processo<\/strong>.<\/p>\n\n\n\n<p>E aqui j\u00e1 destaco a for\u00e7a normativa dos princ\u00edpios extra\u00eddos do texto da Constitui\u00e7\u00e3o de 1988, que ganham cada dia mais valor com a adequada e frequente aplica\u00e7\u00e3o na <a href=\"https:\/\/www.aurum.com.br\/blog\/o-que-e-jurisprudencia\/\">jurisprud\u00eancia<\/a> p\u00e1tria.<\/p>\n\n\n\n<p>Nesse sentido, afirmo com propriedade que o dom\u00ednio dos princ\u00edpios constitucionais <strong>\u00e9 fundamental para a vida pr\u00e1tica do advogado<\/strong>, assim como para estudantes e operadores do direito em geral.<\/p>\n\n\n\n<p>Ent\u00e3o vem comigo e leia at\u00e9 o fim! Na qualidade de especialista no assunto eu lhes prometo que serei objetivo e s\u00f3 vou registrar aqui informa\u00e7\u00f5es que de fato v\u00e3o gerar valor nos seus trabalhos e nos seus estudos. Se preferir, pode navegar pelo menu clic\u00e1vel abaixo. \ud83d\ude09<\/p>\n\n\n\n<h2 class=\"wp-block-heading\">O que s\u00e3o os princ\u00edpios constitucionais?<\/h2>\n\n\n\n<p>Alexandre C\u00e2mara, em \u201cO Novo Processo Civil Brasileiro\u201d ensina que:<\/p>\n\n\n\n<p>O processo civil brasileiro \u00e9 constru\u00eddo a partir de um modelo estabelecido pela Constitui\u00e7\u00e3o da Rep\u00fablica. \u00c9 o chamado&nbsp;<em>modelo constitucional de processo civil<\/em>, express\u00e3o que designa o conjunto de princ\u00edpios constitucionais destinados a disciplinar o processo civil que se desenvolve no Brasil\u201d.<\/p>\n\n\n\n<p>Ent\u00e3o j\u00e1 vou come\u00e7ar pedindo a voc\u00ea, operador do direito, que<strong> jamais subestime a for\u00e7a normativa dos princ\u00edpios constitucionais<\/strong> em nosso sistema processual!<\/p>\n\n\n\n<p>N\u00e3o \u00e9 por acaso que o <a href=\"https:\/\/www.aurum.com.br\/blog\/novo-cpc\/\">Novo CPC<\/a> destaca logo em art. 1\u00ba que o processo civil ser\u00e1 ordenado, disciplinado e interpretado conforme os valores e as normas fundamentais estabelecidos na&nbsp;Constitui\u00e7\u00e3o da Rep\u00fablica Federativa do Brasil.<\/p>\n\n\n\n<p><em>Tudo bem Thiago Helton, mas <\/em><strong><em>o que isso implica na vida pr\u00e1tica do operador do direito?<\/em><\/strong><\/p>\n\n\n\n<p>Isso quer dizer que o magistrado devidamente investido da fun\u00e7\u00e3o jurisdicional n\u00e3o pode aplicar a norma jur\u00eddica constante da lei processual em desacordo com os princ\u00edpios constitucionais. Assim como os advogados e aqueles que manejam o sistema processual devem se <strong>atentar aos limites e alcances dos princ\u00edpios constitucionais<\/strong> para o sucesso da sua atividade jur\u00eddica.<\/p>\n\n\n\n<p>A t\u00edtulo de reflex\u00e3o, s\u00e3o in\u00fameras as decis\u00f5es judiciais pautadas na correta e prudente aplica\u00e7\u00e3o dos princ\u00edpios constitucionais. Isso ocorre sobretudo em sede recursal nos Tribunais Superiores.<\/p>\n\n\n\n<p>Ent\u00e3o, sendo certo que o dom\u00ednio dos princ\u00edpios constitucionais que informam o processo civil \u00e9 fundamental para todo e qualquer operador do direito, vou destacar aqui os mais relevantes para nossa vida pr\u00e1tica.<\/p>\n\n\n\n<h2 class=\"wp-block-heading\" id=\"1\">1. Princ\u00edpio do devido processo legal<\/h2>\n\n\n\n<blockquote class=\"wp-block-quote is-layout-flow wp-block-quote-is-layout-flow\">\n<p><em><strong>CF\/1988 &#8211; Art. 5. (&#8230;)<\/strong> LIV &#8211; ningu\u00e9m ser\u00e1 privado da liberdade ou de seus bens sem o devido processo legal\u201d<\/em><\/p>\n<\/blockquote>\n\n\n\n<p>Fiz quest\u00e3o de abrir a lista com o princ\u00edpio constitucional do devido processo legal por se tratar de um supraprinc\u00edpio para alguns autores. Nesse sentido, ele<strong> seria um g\u00eanero do qual todos os demais princ\u00edpios constitucionais seriam esp\u00e9cies<\/strong> \u2013 corrente da qual eu me filio.<\/p>\n\n\n\n<p>\u00c9 o que o ensina o professor Misael Montenegro Filho, em \u201cO Novo Processo Civil Brasileiro\u201d. Isso porque os princ\u00edpios da motiva\u00e7\u00e3o, do contradit\u00f3rio e da ampla defesa, da coisa julgada, do juiz natural, entre outros, nada mais s\u00e3o do que uma exig\u00eancia de que o processo se desenvolva de acordo com a forma prevista em lei, n\u00e3o se admitindo a pr\u00e1tica de atos n\u00e3o previstos em norma legal ou por ela vedados.<\/p>\n\n\n\n<p>Nesse sentido, analisando o sistema processual civil brasileiro, concordo com Alexandre C\u00e2mara quando diz que o referido princ\u00edpio deveria ser chamado de devido processo constitucional. Afinal, esse super princ\u00edpio contempla todos os demais princ\u00edpios implementados pelo <a href=\"https:\/\/www.aurum.com.br\/blog\/novo-codigo-de-processo-civil\/\">Novo C\u00f3digo de Processo Civil<\/a>.<\/p>\n\n\n\n<p>Registrada a ampla dimens\u00e3o jur\u00eddica do princ\u00edpio do devido processo legal, podemos dizer, objetivamente, que se trata da <strong>garantia de que todos os atos processuais, bem como toda a tramita\u00e7\u00e3o de um processo, devem fiel observ\u00e2ncia \u00e0s normas e regras legais.<\/strong><\/p>\n\n\n\n<p>Destaco ainda, para fins da pr\u00e1tica processual, que a viola\u00e7\u00e3o do princ\u00edpio do devido processo legal pode desafiar recurso extraordin\u00e1rio para o STF com base no art. 102, III, al\u00ednea <em>a <\/em>da CF\/1988, al\u00e9m da possibilidade de gerar direito de uma a\u00e7\u00e3o rescis\u00f3ria com fulcro no art. 966, V do CPC, dependendo das circunst\u00e2ncias do caso.&nbsp;&nbsp;<\/p>\n\n\n\n<h2 class=\"wp-block-heading\" id=\"2\">2. Princ\u00edpio do juiz natural<\/h2>\n\n\n\n<blockquote class=\"wp-block-quote is-layout-flow wp-block-quote-is-layout-flow\">\n<p><em><strong>CF\/1988 &#8211; Art. 5. (&#8230;)<\/strong> XXXVII &#8211; n\u00e3o haver\u00e1 ju\u00edzo ou tribunal de exce\u00e7\u00e3o<br>LIII &#8211; ningu\u00e9m ser\u00e1 processado nem sentenciado sen\u00e3o pela autoridade competente\u201d<\/em><\/p>\n<\/blockquote>\n\n\n\n<p>O princ\u00edpio do juiz natural <strong>garante que a jurisdi\u00e7\u00e3o s\u00f3 poder\u00e1 ser exercida por aquele \u00f3rg\u00e3o que a Constitui\u00e7\u00e3o atribuiu o poder jurisdicional e fixou compet\u00eancia para tanto<\/strong>.<\/p>\n\n\n\n<p>Em outras palavras, trata-se da garantia de que um conflito de interesses possa ser resolvido por \u00f3rg\u00e3o do Estado, devidamente investido de compet\u00eancia e poder para aplicar o direito ao caso concreto.<\/p>\n\n\n\n<p><em>Entenda o <a href=\"https:\/\/www.aurum.com.br\/blog\/conflito-de-competencia\/\">conflito de compet\u00eancia<\/a> aqui no blog da Aurum.<\/em><\/p>\n\n\n\n<p>Acerca da garantia fundamental decorrente desse princ\u00edpio constitucional vale citar Humberto Theodoro Junior quando ensina eu seu \u201cCurso de direito processual civil\u201d que:<\/p>\n\n\n\n<blockquote class=\"wp-block-quote is-layout-flow wp-block-quote-is-layout-flow\">\n<p><em>Toda origem, expressa ou impl\u00edcita, do poder jurisdicional s\u00f3 pode emanar da Constitui\u00e7\u00e3o, de modo que n\u00e3o \u00e9 dado ao legislador ordin\u00e1rio criar ju\u00edzes ou tribunais de exce\u00e7\u00e3o, para julgamento de certas causas, tampouco dar aos organismos judici\u00e1rios estrutura\u00e7\u00e3o diversa daquela prevista na Lei Magna. Nem mesmo os \u00f3rg\u00e3os hier\u00e1rquicos superiores podem, em princ\u00edpio, suprimir a compet\u00eancia do juiz natural.\u201d<\/em><\/p>\n<\/blockquote>\n\n\n\n<p>Vale destacar que algumas formas alternativas de resolu\u00e7\u00e3o de conflitos, como <a href=\"https:\/\/www.aurum.com.br\/blog\/mediacao-conciliacao-e-arbitragem\/\">media\u00e7\u00e3o e arbitragem<\/a>, n\u00e3o ferem o princ\u00edpio constitucional do juiz natural. Isso porque n\u00e3o s\u00e3o obrigat\u00f3rias e n\u00e3o afastam posterior atua\u00e7\u00e3o do Poder Judici\u00e1rio.<\/p>\n\n\n\n<style>\n    #adpost-block_07159fd83ec442ab61d5a990291a18ab.anuncio-post-reverse {\n        display: flex;\n        gap: 24px;\n        border-radius: 8px;\n        width: 100%;\n        max-width: 752px;\n        padding: 40px;\n        background: #e7f4fe;\n        margin: 16px auto;\n    }\n\n    #adpost-block_07159fd83ec442ab61d5a990291a18ab .anuncio-container {\n        display: flex;\n        flex-direction: column;\n        gap: 24px;\n        width: 100%;\n        max-width: 333px;\n    }\n\n    #adpost-block_07159fd83ec442ab61d5a990291a18ab .anuncio-container .logo {\n        width: 100%;\n        max-width: 177px;\n        margin: 0;\n    }\n\n    #adpost-block_07159fd83ec442ab61d5a990291a18ab .anuncio-text-container {\n        display: flex;\n        flex-direction: column;\n        gap: 24px;\n    }\n\n    #adpost-block_07159fd83ec442ab61d5a990291a18ab .anuncio-text-container .title {\n        font-family: 'Ubuntu';\n        font-size: 1.5rem; \/\/24px\n        font-weight: 700;\n        line-height: 120%;\n        margin: 0;\n        color: #000;\n    }\n\n    #adpost-block_07159fd83ec442ab61d5a990291a18ab .anuncio-text-container .text {\n        font-size: 0.875rem;\n        font-weight: 400;\n        line-height: 170%;\n        color: #000;\n    }\n\n    #adpost-block_07159fd83ec442ab61d5a990291a18ab .anuncio-container .button {\n        display: inline-flex;\n        align-items: center;\n        justify-content: center;\n        width: fit-content;\n        height: 48px;\n        border-radius: 8px;\n        padding: 12px 24px;\n        font-size: 1rem;\n        font-weight: 600;\n        text-decoration: none;\n        background: #008fd5;\n        color: #fff;\n    }\n\n    #adpost-block_07159fd83ec442ab61d5a990291a18ab .image-container {\n        position: relative;\n        width: 100%;\n        height: 100%;\n    }\n\n    #adpost-block_07159fd83ec442ab61d5a990291a18ab .image-container.float {\n        min-height: 236px;\n    }\n\n    #adpost-block_07159fd83ec442ab61d5a990291a18ab .image-container .image-desktop {\n        width: 100%;\n        max-width: 323px;\n        object-fit: contain;\n        margin: 0;\n    }\n\n    #adpost-block_07159fd83ec442ab61d5a990291a18ab .image-container .image-mobile {\n        display: none;\n        width: 100%;\n        max-width: 291px;\n        object-fit: contain;\n        margin: 0;\n    }\n\n    #adpost-block_07159fd83ec442ab61d5a990291a18ab .image-container.float .image-desktop,\n    #adpost-block_07159fd83ec442ab61d5a990291a18ab .image-container.float .image-mobile {\n        position: absolute;\n        right: 0;\n        bottom: 0;\n    }\n\n    #adpost-block_07159fd83ec442ab61d5a990291a18ab .image-container img {\n        border-radius: 8px;\n    }\n\n    \/************\n    * MOBILE \n    *************\/\n    @media (max-width: 1439px) {\n        #adpost-block_07159fd83ec442ab61d5a990291a18ab.anuncio-post-reverse {\n            flex-direction: column-reverse;\n            max-width: fit-content;\n            padding: 24px;\n        }\n\n        #adpost-block_07159fd83ec442ab61d5a990291a18ab .anuncio-container {\n            max-width: 280px;\n            align-items: center;\n        }\n\n        #adpost-block_07159fd83ec442ab61d5a990291a18ab .anuncio-container .logo {\n            max-width: 147px;\n        }\n\n        #adpost-block_07159fd83ec442ab61d5a990291a18ab .anuncio-text-container {\n            gap: 8px;\n        }\n\n        #adpost-block_07159fd83ec442ab61d5a990291a18ab .anuncio-text-container .title {\n            font-size: 1.25rem;\n            text-align: center;\n        }\n\n        #adpost-block_07159fd83ec442ab61d5a990291a18ab .anuncio-text-container .text {\n            text-align: center;\n        }\n\n        #adpost-block_07159fd83ec442ab61d5a990291a18ab .anuncio-container .button {\n            width: 100%;\n        }\n\n        #adpost-block_07159fd83ec442ab61d5a990291a18ab .image-container.float {\n            min-height: 182px;\n        }\n\n        #adpost-block_07159fd83ec442ab61d5a990291a18ab .image-container .image-desktop {\n            display: none;\n        }\n\n        #adpost-block_07159fd83ec442ab61d5a990291a18ab .image-container .image-mobile {\n            display: block;\n        }\n    }\n\n    \/*******************\n    * RESET GLOBAL CSS \n    ********************\/\n    #s-post main article .content .image-container img {\n        margin: 0;\n    }\n<\/style>\n\n\n<article id=\"adpost-block_07159fd83ec442ab61d5a990291a18ab\" class=\"anuncio-post-reverse\">\n    <div class=\"anuncio-container\">\n        \n        <div class=\"anuncio-text-container\">\n             <h3 class=\"title\" >Seja protagonista da sua advocacia com o Astrea<\/h3>\n            <div class=\"text\" >Tenha tempo para focar no crescimento do seu escrit\u00f3rio, enquanto o Astrea cuida da sua gest\u00e3o jur\u00eddica com intelig\u00eancia.<\/div>        <\/div>\n       \n        <a class=\"button\" href=\"\/astrea\/?utm_source=blog&#038;utm_medium=adpost&#038;utm_campaign=campanha-marca-2026\" target=\"_self\">Conhe\u00e7a o Astrea<\/a>    <\/div>\n\n    <div class=\"image-container\">\n        <img decoding=\"async\" class=\"image-desktop\" src=\"https:\/\/www.aurum.com.br\/blog\/wp-content\/uploads\/2026\/03\/adpos-posicionamento-2026-desktop.png\" alt=\"\" \/>\n        <img decoding=\"async\" class=\"image-mobile\" src=\"https:\/\/www.aurum.com.br\/blog\/wp-content\/uploads\/2026\/03\/adpost-posicionamento-2026-mobile.png\" alt=\"\" \/>    <\/div>\n<\/article>\n\n\n<h2 class=\"wp-block-heading\" id=\"3\">3. Princ\u00edpio do contradit\u00f3rio e ampla defesa<\/h2>\n\n\n\n<blockquote class=\"wp-block-quote is-layout-flow wp-block-quote-is-layout-flow\">\n<p><em><strong>CF\/1988 &#8211; Art. 5\u00ba (&#8230;) <\/strong>LV &#8211; aos litigantes, em processo judicial ou administrativo, e aos acusados em geral s\u00e3o assegurados o contradit\u00f3rio e ampla defesa, com os meios e recursos a ela inerentes;<\/em><\/p>\n<\/blockquote>\n\n\n\n<blockquote class=\"wp-block-quote is-layout-flow wp-block-quote-is-layout-flow\">\n<p><em><strong>CPC &#8211; Art. 7\u00ba<\/strong> \u00c9 assegurada \u00e0s partes paridade de tratamento em rela\u00e7\u00e3o ao exerc\u00edcio de direitos e faculdades processuais, aos meios de defesa, aos \u00f4nus, aos deveres e \u00e0 aplica\u00e7\u00e3o de san\u00e7\u00f5es processuais, competindo ao juiz zelar pelo efetivo contradit\u00f3rio.\u201d<\/em><\/p>\n<\/blockquote>\n\n\n\n<p>O princ\u00edpio do contradit\u00f3rio e ampla defesa confere \u00e0s partes <strong>o direito de ter conhecimento da exist\u00eancia do processo, de falar nos autos de forma ison\u00f4mica dentro dos momentos oportunos, bem como de produzir todas as&nbsp;provas que entendam ser necess\u00e1rias \u00e0 forma\u00e7\u00e3o do convencimento do juiz.<\/strong><\/p>\n\n\n\n<p>Com base nesse princ\u00edpio constitucional, \u00e9 poss\u00edvel afirmar que nenhuma decis\u00e3o judicial poder\u00e1, em princ\u00edpio, ser pronunciada sem que antes as partes tenham tido oportunidade de manifestar sobre a quest\u00e3o a ser solucionada pelo juiz.<\/p>\n\n\n\n<p>Didaticamente, Montenegro Filho esclarece que o princ\u00edpio do contradit\u00f3rio e da ampla defesa \u00e9 a garantia de que as pessoas que participam do processo (n\u00e3o apenas as partes) possam produzir provas (desde que n\u00e3o sejam il\u00edcitas ou moralmente ileg\u00edtimas) para comprovar a veracidade das suas alega\u00e7\u00f5es.<\/p>\n\n\n\n<p>E mais, o princ\u00edpio em an\u00e1lise <strong>traduz a garantia de que o juiz deve tratar as partes de forma ison\u00f4mica<\/strong>, n\u00e3o podendo permitir que uma delas produza provas enquanto a outra n\u00e3o, sem qualquer justificativa plaus\u00edvel.<\/p>\n\n\n\n<h3 class=\"wp-block-heading\">Preste aten\u00e7\u00e3o!<\/h3>\n\n\n\n<p>No que tange especificamente ao instituto do contradit\u00f3rio vale ainda destacar alguns aspectos.<\/p>\n\n\n\n<p>O contradit\u00f3rio \u00e9 t\u00e3o relevante para a garantia do devido processo constitucional que o Novo C\u00f3digo de Processo Civil tratou desse princ\u00edpio em tr\u00eas dispositivos: art. 7\u00ba, art. 9\u00ba e art.10 do CPC.&nbsp;<\/p>\n\n\n\n<p>Para que o processo seja efetivamente justo na perspectiva constitucional, \u201co contradit\u00f3rio deve ser pr\u00e9vio, de modo que <strong>ao julgador incumbe o dever de primeiro consultar as partes<\/strong> para depois formar seu convencimento e, finalmente, decidir sobre qualquer ponto controvertido importante para a solu\u00e7\u00e3o da causa, ou para o encaminhamento adequado do processo a seu fim\u201d.&nbsp; \u00c9 o que explica Humberto Theodoro Junior em sua obra \u201cCurso de direito processual civil\u201d.<\/p>\n\n\n\n<h3 class=\"wp-block-heading\">Exce\u00e7\u00f5es ao contradit\u00f3rio pr\u00e9vio<\/h3>\n\n\n\n<p>Contudo, existem algumas exce\u00e7\u00f5es, conforme reda\u00e7\u00e3o do art. 9\u00ba do CPC:<\/p>\n\n\n\n<blockquote class=\"wp-block-quote is-layout-flow wp-block-quote-is-layout-flow\">\n<p><em><strong>Art. 9.\u00ba<\/strong> N\u00e3o se proferir\u00e1 decis\u00e3o contra uma das partes sem que ela seja previamente ouvida. <br>Par\u00e1grafo \u00fanico. O disposto no&nbsp;caput&nbsp;n\u00e3o se aplica: <br>I \u2013 \u00e0 <\/em><a href=\"https:\/\/www.aurum.com.br\/blog\/tutela-de-urgencia\/\"><em>tutela provis\u00f3ria de urg\u00eancia<\/em><\/a><em>; <br>II \u2013 \u00e0s hip\u00f3teses de tutela da evid\u00eancia previstas no art. 311, incisos II e III; <br>III \u2013 \u00e0 decis\u00e3o prevista no art. 701.\u201d<\/em><\/p>\n<\/blockquote>\n\n\n\n<p>Nessas hip\u00f3teses de exce\u00e7\u00e3o, <strong>a aplica\u00e7\u00e3o do princ\u00edpio do contradit\u00f3rio e da ampla defesa \u00e9 postergada<\/strong>. Isso ocorre em virtude da comprova\u00e7\u00e3o da exist\u00eancia de perigo de dano ou de risco ao resultado \u00fatil do processo pela parte beneficiada da decis\u00e3o. Casos em que a outra parte se manifesta posteriormente para que haja a plena garantia do devido processo legal.<\/p>\n\n\n\n<p>Vale destacar ainda que o art. 10 do CPC prev\u00ea que<em> <\/em>\u201co juiz n\u00e3o pode decidir, em grau algum de jurisdi\u00e7\u00e3o, com base em fundamento a respeito&nbsp;do qual n\u00e3o se tenha dado \u00e0s partes oportunidade de se manifestar, ainda que se trate de mat\u00e9ria sobre a qual deva decidir de of\u00edcio\u201d.<\/p>\n\n\n\n<p>Esse dispositivo do Novo CPC expressamente valoriza o princ\u00edpio do contradit\u00f3rio e da ampla defesa, <strong>impedindo, assim, a possibilidade das chamadas \u201cdecis\u00f5es surpresas\u201d<\/strong>.<\/p>\n\n\n\n<p>Ademais, vale registrar que, nos casos de viola\u00e7\u00e3o ao princ\u00edpio do contradit\u00f3rio e da ampla defesa, a jurisprud\u00eancia p\u00e1tria admite a interposi\u00e7\u00e3o de recurso extraordin\u00e1rio ap\u00f3s o esgotamento da inst\u00e2ncia ordin\u00e1ria (1.\u00ba e 2.\u00ba Graus de Jurisdi\u00e7\u00e3o), desde que o recorrente demonstre que efetivamente suportou preju\u00edzo.<\/p>\n\n\n\n<p>Por fim, vale lembrar que o princ\u00edpio constitucional do contradit\u00f3rio e ampla defesa <strong>deve ser aplicado tanto nos processos judiciais quanto nos processos administrativos<\/strong>.<\/p>\n\n\n\n<p><em>Leia tamb\u00e9m: como ficam os <\/em><a href=\"https:\/\/www.aurum.com.br\/blog\/recursos-no-novo-cpc\/\"><em>recursos no Novo CPC<\/em><\/a>.<\/p>\n\n\n\n<h2 class=\"wp-block-heading\" id=\"4\">4. Princ\u00edpio da motiva\u00e7\u00e3o das decis\u00f5es judiciais<\/h2>\n\n\n\n<blockquote class=\"wp-block-quote is-layout-flow wp-block-quote-is-layout-flow\">\n<p><em><strong>CF\/1988 &#8211; Art. 93. (&#8230;) <\/strong>IX todos os julgamentos dos \u00f3rg\u00e3os do Poder Judici\u00e1rio ser\u00e3o p\u00fablicos, e fundamentadas todas as decis\u00f5es, sob pena de nulidade, podendo a lei limitar a presen\u00e7a, em determinados atos, \u00e0s pr\u00f3prias partes e a seus advogados, ou somente a estes, em casos nos quais a preserva\u00e7\u00e3o do direito \u00e0 intimidade do interessado no sigilo n\u00e3o prejudique o interesse p\u00fablico \u00e0 informa\u00e7\u00e3o\u201d<\/em><\/p>\n<\/blockquote>\n\n\n\n<p>O princ\u00edpio constitucional das motiva\u00e7\u00f5es judiciais tamb\u00e9m se encontra destacado no art. 11 do CPC e <strong>garante que toda decis\u00e3o proferida por representante do Poder Judici\u00e1rio seja fundamentada, permitindo que as partes a compreendam e que possam combat\u00ea-la atrav\u00e9s da interposi\u00e7\u00e3o do recurso adequado.<\/strong><\/p>\n\n\n\n<p>Misael Montenegro Filho ensina que:<\/p>\n\n\n\n<blockquote class=\"wp-block-quote is-layout-flow wp-block-quote-is-layout-flow\">\n<p><em>A decis\u00e3o que peca pela aus\u00eancia ou pela defici\u00eancia de fundamenta\u00e7\u00e3o \u00e9&nbsp;nula, por infringir o inciso IX do art. 93 da CF e o art. 11 do CPC, que asseguram a transpar\u00eancia das decis\u00f5es judiciais, infringindo, al\u00e9m disso, o princ\u00edpio do devido processo legal, o que pode e deve ser reconhecido pelo tribunal, evitando que uma decis\u00e3o com essa caracter\u00edstica produza efeitos no \u00e2mbito do processo<\/em>\u201d<\/p>\n<\/blockquote>\n\n\n\n<p>Contudo, \u00e9 importante destacar que <strong>a falta e a defici\u00eancia de fundamenta\u00e7\u00e3o n\u00e3o se confundem com a fundamenta\u00e7\u00e3o equivocada<\/strong> &#8211; que n\u00e3o torna a decis\u00e3o nula, mas pass\u00edvel de corre\u00e7\u00e3o &#8211; para que se adeque aos fatos e aos fundamentos jur\u00eddicos invocados pelas partes.<\/p>\n\n\n\n<h3 class=\"wp-block-heading\">Condi\u00e7\u00f5es da fundamenta\u00e7\u00e3o<\/h3>\n\n\n\n<p>Nesse sentido, para que a efetividade desse princ\u00edpio constitucional seja aferida na pr\u00e1tica processual, o art. 489 \u00a71\u00ba do CPC imp\u00f5e condi\u00e7\u00f5es para que uma decis\u00e3o judicial seja considerada fundamentada:<br><\/p>\n\n\n\n<blockquote class=\"wp-block-quote is-layout-flow wp-block-quote-is-layout-flow\">\n<p><em><strong>Art. 489.<\/strong> S\u00e3o elementos essenciais da senten\u00e7a: (&#8230;)<\/em><br><em>\u00a7 1\u00ba N\u00e3o se considera fundamentada qualquer decis\u00e3o judicial, seja ela interlocut\u00f3ria, senten\u00e7a ou ac\u00f3rd\u00e3o, que:<br>I &#8211; se limitar \u00e0 indica\u00e7\u00e3o, \u00e0 reprodu\u00e7\u00e3o ou \u00e0 par\u00e1frase de ato normativo, sem explicar sua rela\u00e7\u00e3o com a causa ou a quest\u00e3o decidida;<br>II &#8211; empregar conceitos jur\u00eddicos indeterminados, sem explicar o motivo concreto de sua incid\u00eancia no caso;<br>III &#8211; invocar motivos que se prestariam a justificar qualquer outra decis\u00e3o;<br>IV &#8211; n\u00e3o enfrentar todos os argumentos deduzidos no processo capazes de, em tese, infirmar a conclus\u00e3o adotada pelo julgador;<br>V &#8211; se limitar a invocar precedente ou enunciado de s\u00famula, sem identificar seus fundamentos determinantes nem demonstrar que o caso sob julgamento se ajusta \u00e0queles fundamentos;<br>VI &#8211; deixar de seguir enunciado de s\u00famula, jurisprud\u00eancia ou precedente invocado pela parte, sem demonstrar a exist\u00eancia de distin\u00e7\u00e3o no caso em julgamento ou a supera\u00e7\u00e3o do entendimento\u201d<\/em><\/p>\n<\/blockquote>\n\n\n\n<p>Pelo exposto, \u00e9 poss\u00edvel afirmar que o princ\u00edpio constitucional da motiva\u00e7\u00e3o ou da fundamenta\u00e7\u00e3o <strong>exige que as decis\u00f5es judiciais de qualquer natureza sejam claras<\/strong> e transparentes. Al\u00e9m disso, deve haver coer\u00eancia e adequa\u00e7\u00e3o entre as alega\u00e7\u00f5es formuladas pelas partes com a fundamenta\u00e7\u00e3o jur\u00eddica aplicada e as normas legais pertinentes ao caso concreto.<\/p>\n\n\n\n<style>\n    #adpost-block_07159fd83ec442ab61d5a990291a18ab.anuncio-post-reverse {\n        display: flex;\n        gap: 24px;\n        border-radius: 8px;\n        width: 100%;\n        max-width: 752px;\n        padding: 40px;\n        background: #e7f4fe;\n        margin: 16px auto;\n    }\n\n    #adpost-block_07159fd83ec442ab61d5a990291a18ab .anuncio-container {\n        display: flex;\n        flex-direction: column;\n        gap: 24px;\n        width: 100%;\n        max-width: 333px;\n    }\n\n    #adpost-block_07159fd83ec442ab61d5a990291a18ab .anuncio-container .logo {\n        width: 100%;\n        max-width: 177px;\n        margin: 0;\n    }\n\n    #adpost-block_07159fd83ec442ab61d5a990291a18ab .anuncio-text-container {\n        display: flex;\n        flex-direction: column;\n        gap: 24px;\n    }\n\n    #adpost-block_07159fd83ec442ab61d5a990291a18ab .anuncio-text-container .title {\n        font-family: 'Ubuntu';\n        font-size: 1.5rem; \/\/24px\n        font-weight: 700;\n        line-height: 120%;\n        margin: 0;\n        color: #000;\n    }\n\n    #adpost-block_07159fd83ec442ab61d5a990291a18ab .anuncio-text-container .text {\n        font-size: 0.875rem;\n        font-weight: 400;\n        line-height: 170%;\n        color: #000;\n    }\n\n    #adpost-block_07159fd83ec442ab61d5a990291a18ab .anuncio-container .button {\n        display: inline-flex;\n        align-items: center;\n        justify-content: center;\n        width: fit-content;\n        height: 48px;\n        border-radius: 8px;\n        padding: 12px 24px;\n        font-size: 1rem;\n        font-weight: 600;\n        text-decoration: none;\n        background: #008fd5;\n        color: #fff;\n    }\n\n    #adpost-block_07159fd83ec442ab61d5a990291a18ab .image-container {\n        position: relative;\n        width: 100%;\n        height: 100%;\n    }\n\n    #adpost-block_07159fd83ec442ab61d5a990291a18ab .image-container.float {\n        min-height: 236px;\n    }\n\n    #adpost-block_07159fd83ec442ab61d5a990291a18ab .image-container .image-desktop {\n        width: 100%;\n        max-width: 323px;\n        object-fit: contain;\n        margin: 0;\n    }\n\n    #adpost-block_07159fd83ec442ab61d5a990291a18ab .image-container .image-mobile {\n        display: none;\n        width: 100%;\n        max-width: 291px;\n        object-fit: contain;\n        margin: 0;\n    }\n\n    #adpost-block_07159fd83ec442ab61d5a990291a18ab .image-container.float .image-desktop,\n    #adpost-block_07159fd83ec442ab61d5a990291a18ab .image-container.float .image-mobile {\n        position: absolute;\n        right: 0;\n        bottom: 0;\n    }\n\n    #adpost-block_07159fd83ec442ab61d5a990291a18ab .image-container img {\n        border-radius: 8px;\n    }\n\n    \/************\n    * MOBILE \n    *************\/\n    @media (max-width: 1439px) {\n        #adpost-block_07159fd83ec442ab61d5a990291a18ab.anuncio-post-reverse {\n            flex-direction: column-reverse;\n            max-width: fit-content;\n            padding: 24px;\n        }\n\n        #adpost-block_07159fd83ec442ab61d5a990291a18ab .anuncio-container {\n            max-width: 280px;\n            align-items: center;\n        }\n\n        #adpost-block_07159fd83ec442ab61d5a990291a18ab .anuncio-container .logo {\n            max-width: 147px;\n        }\n\n        #adpost-block_07159fd83ec442ab61d5a990291a18ab .anuncio-text-container {\n            gap: 8px;\n        }\n\n        #adpost-block_07159fd83ec442ab61d5a990291a18ab .anuncio-text-container .title {\n            font-size: 1.25rem;\n            text-align: center;\n        }\n\n        #adpost-block_07159fd83ec442ab61d5a990291a18ab .anuncio-text-container .text {\n            text-align: center;\n        }\n\n        #adpost-block_07159fd83ec442ab61d5a990291a18ab .anuncio-container .button {\n            width: 100%;\n        }\n\n        #adpost-block_07159fd83ec442ab61d5a990291a18ab .image-container.float {\n            min-height: 182px;\n        }\n\n        #adpost-block_07159fd83ec442ab61d5a990291a18ab .image-container .image-desktop {\n            display: none;\n        }\n\n        #adpost-block_07159fd83ec442ab61d5a990291a18ab .image-container .image-mobile {\n            display: block;\n        }\n    }\n\n    \/*******************\n    * RESET GLOBAL CSS \n    ********************\/\n    #s-post main article .content .image-container img {\n        margin: 0;\n    }\n<\/style>\n\n\n<article id=\"adpost-block_07159fd83ec442ab61d5a990291a18ab\" class=\"anuncio-post-reverse\">\n    <div class=\"anuncio-container\">\n        \n        <div class=\"anuncio-text-container\">\n             <h3 class=\"title\" >Seja protagonista da sua advocacia com o Astrea<\/h3>\n            <div class=\"text\" >Tenha tempo para focar no crescimento do seu escrit\u00f3rio, enquanto o Astrea cuida da sua gest\u00e3o jur\u00eddica com intelig\u00eancia.<\/div>        <\/div>\n       \n        <a class=\"button\" href=\"\/astrea\/?utm_source=blog&#038;utm_medium=adpost&#038;utm_campaign=campanha-marca-2026\" target=\"_self\">Conhe\u00e7a o Astrea<\/a>    <\/div>\n\n    <div class=\"image-container\">\n        <img decoding=\"async\" class=\"image-desktop\" src=\"https:\/\/www.aurum.com.br\/blog\/wp-content\/uploads\/2026\/03\/adpos-posicionamento-2026-desktop.png\" alt=\"\" \/>\n        <img decoding=\"async\" class=\"image-mobile\" src=\"https:\/\/www.aurum.com.br\/blog\/wp-content\/uploads\/2026\/03\/adpost-posicionamento-2026-mobile.png\" alt=\"\" \/>    <\/div>\n<\/article>\n\n\n<h2 class=\"wp-block-heading\" id=\"5\">5. Princ\u00edpio da publicidade do processo e dos atos processuais<\/h2>\n\n\n\n<p>O princ\u00edpio constitucional da publicidade do processo e dos atos processuais tamb\u00e9m pode ser extra\u00eddo do art. 93 IX da CF\/1988 e do art. 11 do CPC.<\/p>\n\n\n\n<p>Trata-se da garantia de que as partes, seus advogados, e terceiros, possam <strong>ter acesso a todas as informa\u00e7\u00f5es do processo<\/strong>. \u00c0 eles tamb\u00e9m \u00e9 garantida a presen\u00e7a em todos os atos processuais, at\u00e9 mesmo em audi\u00eancias.<\/p>\n\n\n\n<p>Contudo, essa regra n\u00e3o \u00e9 absoluta, em raz\u00e3o dos processos que tramitam em segredo de justi\u00e7a, al\u00e9m de <a href=\"https:\/\/www.aurum.com.br\/blog\/peca-processual\/\">pe\u00e7as processuais<\/a>&nbsp; e documentos que podem sofrer limita\u00e7\u00f5es de sigilo nos autos, em car\u00e1ter excepcional nos processos eletr\u00f4nicos.&nbsp;<\/p>\n\n\n\n<p>Ademais, conforme entendimento jurisprudencial, <strong>a viola\u00e7\u00e3o do princ\u00edpio da publicidade pode comprometer a validade<\/strong> da rela\u00e7\u00e3o processual.<\/p>\n\n\n\n<h2 class=\"wp-block-heading\" id=\"6\">6. Princ\u00edpio da razo\u00e1vel dura\u00e7\u00e3o do processo<\/h2>\n\n\n\n<p>Este princ\u00edpio constitucional tem previs\u00e3o na Constitui\u00e7\u00e3o Federal de 1988, assim como no Novo CPC:<\/p>\n\n\n\n<blockquote class=\"wp-block-quote is-layout-flow wp-block-quote-is-layout-flow\">\n<p><em><strong>CF\/1988 &#8211; Art. 5\u00ba<\/strong> (&#8230;) LXXVIII &#8211; a todos, no \u00e2mbito judicial e administrativo, s\u00e3o assegurados a razo\u00e1vel dura\u00e7\u00e3o do processo e os meios que garantam a celeridade de sua tramita\u00e7\u00e3o.\u201d<\/em><\/p>\n<\/blockquote>\n\n\n\n<blockquote class=\"wp-block-quote is-layout-flow wp-block-quote-is-layout-flow\">\n<p><em><strong>CPC \u2013 Art. 4\u00ba<\/strong> As partes t\u00eam direito de obter em prazo razo\u00e1vel a solu\u00e7\u00e3o integral do m\u00e9rito, inclu\u00edda a atividade satisfativa.\u201d<\/em><\/p>\n<\/blockquote>\n\n\n\n<p>O princ\u00edpio constitucional da razo\u00e1vel dura\u00e7\u00e3o do processo possui natureza <strong>program\u00e1tica ou idealista<\/strong>.<\/p>\n\n\n\n<p>Nas li\u00e7\u00f5es de a li\u00e7\u00e3o do mestre S\u00e9rgio Bermudes, em sua obra \u201cA reforma do Judici\u00e1rio pela emenda constitucional n.\u00ba 45\u201d:<\/p>\n\n\n\n<blockquote class=\"wp-block-quote is-layout-flow wp-block-quote-is-layout-flow\">\n<p><em>A norma deste inciso LXXVIII, acrescentada agora ao art. 5.\u00ba da Constitui\u00e7\u00e3o Federal, \u00e9 program\u00e1tica, se se quiser repetir Pontes de Miranda, ou idealista. Menos do que estabelecer uma garantia efetiva, revela um prop\u00f3sito, cuja realiza\u00e7\u00e3o depende da exist\u00eancia dos meios necess\u00e1rios a propiciar a celeridade dos atos processuais para alcan\u00e7ar a razo\u00e1vel dura\u00e7\u00e3o do processo\u201d<\/em><\/p>\n<\/blockquote>\n\n\n\n<p>Para Misael Montenegro:<\/p>\n\n\n\n<blockquote class=\"wp-block-quote is-layout-flow wp-block-quote-is-layout-flow\">\n<p><em>A razo\u00e1vel dura\u00e7\u00e3o do processo s\u00f3 ser\u00e1 alcan\u00e7ada com a aprova\u00e7\u00e3o de leis que evitem a prolifera\u00e7\u00e3o de recursos destinados ao combate de toda e qualquer decis\u00e3o judicial, bem como por meio de uma maior&nbsp;originalidade&nbsp;do operador do direito, incluindo os acad\u00eamicos, os magistrados e, principalmente, os advogados.\u201d<\/em><\/p>\n<\/blockquote>\n\n\n\n<p>Contudo, \u00e9 poss\u00edvel afirmar que a razo\u00e1vel dura\u00e7\u00e3o processo \u00e9 uma garantia constitucional que passa <strong>necessariamente<\/strong> pela colabora\u00e7\u00e3o, economia e celeridade na pr\u00e1tica dos atos processuais por parte de todos os sujeitos do processo. Assim como pela <strong>boa gest\u00e3o da atividade judicial e da atua\u00e7\u00e3o respons\u00e1vel das fun\u00e7\u00f5es essenciais \u00e0 justi\u00e7a, sobretudo dos advogados<\/strong>.<br><\/p>\n\n\n\n<h2 class=\"wp-block-heading\" id=\"7\">7. Princ\u00edpio do duplo grau de jurisdi\u00e7\u00e3o<\/h2>\n\n\n\n<p>O princ\u00edpio constitucional do duplo grau de jurisdi\u00e7\u00e3o n\u00e3o possui previs\u00e3o expressa e direta na lei processual. Por\u00e9m, pode ser extra\u00eddo por intelig\u00eancia hermen\u00eautica do inciso LV do art. 5\u00ba da CF\/1988, que estabelece:<\/p>\n\n\n\n<blockquote class=\"wp-block-quote is-layout-flow wp-block-quote-is-layout-flow\">\n<p><em>Aos litigantes, em processo judicial ou administrativo, e aos acusados em geral, s\u00e3o assegurados o contradit\u00f3rio e ampla defesa, com os meios e&nbsp;<\/em><strong><em>recursos<\/em><\/strong><em>&nbsp;a ela inerentes<\/em>.\u201d<\/p>\n<\/blockquote>\n\n\n\n<p>Ademais, al\u00e9m da previs\u00e3o indireta no texto constitucional, o princ\u00edpio do duplo grau de jurisdi\u00e7\u00e3o <strong>possui forte amparo doutrin\u00e1rio e jurisprudencial<\/strong>. E \u00e9 classicamente aplicado ao processo civil enquanto princ\u00edpio constitucional informador do nosso sistema de justi\u00e7a.<\/p>\n\n\n\n<p>Contudo, importante destacar que, como toda garantia constitucional, o duplo grau de jurisdi\u00e7\u00e3o <strong>n\u00e3o possui car\u00e1ter absoluto<\/strong>, podendo sofrer limita\u00e7\u00f5es quanto \u00e0 interposi\u00e7\u00e3o de recursos em face de determinadas decis\u00f5es judiciais, nos termos da lei processual.<\/p>\n\n\n\n<p>Montenegro Filho explica que:<\/p>\n\n\n\n<blockquote class=\"wp-block-quote is-layout-flow wp-block-quote-is-layout-flow\">\n<p><em>A ado\u00e7\u00e3o pr\u00e1tica do princ\u00edpio do duplo grau de jurisdi\u00e7\u00e3o n\u00e3o garante que o recurso interposto pela parte seja julgado por&nbsp;outro&nbsp;\u00f3rg\u00e3o que integra a estrutura do Poder Judici\u00e1rio, hierarquicamente superior \u00e0 autoridade jurisdicional que proferiu a decis\u00e3o, o que significa dizer que o princ\u00edpio em estudo \u00e9 preservado mesmo quando o recurso interposto \u00e9 julgado pelo mesmo \u00f3rg\u00e3o que prolatou a decis\u00e3o recorrida\u201d.&nbsp;<\/em><\/p>\n<\/blockquote>\n\n\n\n<p>Os <a href=\"https:\/\/www.aurum.com.br\/blog\/embargos-de-declaracao\/\">embargos de declara\u00e7\u00e3o<\/a> s\u00e3o exemplos claros dessa hip\u00f3tese.<\/p>\n\n\n\n<h2 class=\"wp-block-heading\">Princ\u00edpios constitucionais na pr\u00e1tica jur\u00eddica<\/h2>\n\n\n\n<p>Os princ\u00edpios constitucionais informadores do processo civil que destaquei neste artigo <strong>s\u00e3o de extrema relev\u00e2ncia para a pr\u00e1tica da advocacia<\/strong>. \u00c9 fundamental que voc\u00ea, colega, domine-os para o bom manejo processual, sobretudo na elabora\u00e7\u00e3o de pe\u00e7as recursais, entre outras.<\/p>\n\n\n\n<p>Muitos colegas acabam subestimando o estudo dos princ\u00edpios nas mais diversas \u00e1reas de atua\u00e7\u00e3o. Mas, em termos de processo civil, garanto que aquele que entende a real dimens\u00e3o dos princ\u00edpios constitucionais tende a desenvolver um racioc\u00ednio jur\u00eddico mais flu\u00eddo. Consequentemente, refina a sua atua\u00e7\u00e3o profissional para oferecer excel\u00eancia aos seus clientes.<\/p>\n\n\n\n<p>Espero que tenha gostado do conte\u00fado. Se tiver alguma d\u00favida ou sugest\u00e3o, \u00e9 s\u00f3 compartilhar nos coment\u00e1rios abaixo. At\u00e9 a pr\u00f3xima! \ud83d\ude09<\/p>\n\n\n\n<h3 class=\"wp-block-heading\"><strong>Mais conhecimento para voc\u00ea<\/strong><\/h3>\n\n\n\n<p>Siga navegando pelo blog da Aurum para conferir outros conte\u00fados sobre direito e advocacia. Indico os seguintes temas:<\/p>\n\n\n\n<ul class=\"wp-block-list\">\n<li><a href=\"https:\/\/www.aurum.com.br\/blog\/principios-gerais-do-direito\/\">Princ\u00edpios gerais do direito<\/a>: conhe\u00e7a os mais importantes<\/li>\n\n\n\n<li><a href=\"https:\/\/www.aurum.com.br\/blog\/teoria-da-empresa\/\">Teoria da empresa<\/a>: tire suas d\u00favidas sobre o assunto<\/li>\n\n\n\n<li><a href=\"https:\/\/www.aurum.com.br\/blog\/planejamento-sucessorio\/\">Planejamento sucess\u00f3rio<\/a>: aspectos essenciais para advogados <\/li>\n\n\n\n<li><a href=\"https:\/\/www.aurum.com.br\/blog\/minimo-existencial\/\">M\u00ednimo existencial<\/a> e a a dignidade da pessoa humana<\/li>\n\n\n\n<li><a href=\"https:\/\/www.aurum.com.br\/blog\/tutela-especifica\/\">Tutela espec\u00edfica<\/a>: veja o que mudou com o Novo CPC<\/li>\n\n\n\n<li><a href=\"https:\/\/www.aurum.com.br\/blog\/teoria-geral-do-processo\/\">Teoria Geral do Processo<\/a>: o que \u00e9 e princ\u00edpios mais importantes<\/li>\n\n\n\n<li>Principais conceitos e aplica\u00e7\u00f5es do <a href=\"https:\/\/www.aurum.com.br\/blog\/principio-da-eficiencia\/\">princ\u00edpio da efici\u00eancia<\/a><\/li>\n\n\n\n<li><a href=\"https:\/\/www.aurum.com.br\/blog\/sobrestamento\/\">Entenda o que \u00e9 e como funciona o sobrestamento do processo<\/a><\/li>\n\n\n\n<li><a href=\"https:\/\/www.aurum.com.br\/blog\/biodireito\/\">Como o biodireito funciona na pr\u00e1tica e sua rela\u00e7\u00e3o com a bio\u00e9tica<\/a><\/li>\n<\/ul>\n\n\n<style>\r\n  .news-post {\r\n    background: url('https:\/\/www.aurum.com.br\/blog\/wp-content\/themes\/aurum\/img\/bg-news-artigo.svg') no-repeat top center #3C48AA;\r\n    padding: 1.5rem;\r\n    border-radius: 6px;\r\n    margin: 1rem 0;\r\n  }\r\n  .news-post .icone {\r\n    display: none;\r\n  }\r\n  .news-post .title {\r\n    font-weight: 700;\r\n    font-size: 16px;\r\n    line-height: 130%;\r\n    text-align: center;\r\n    letter-spacing: -0.5px;\r\n    color: #fff;\r\n    margin-bottom: .9375rem;\r\n  }\r\n  .news-post p {\r\n    font-size: .875rem;\r\n    line-height: 140%;\r\n    text-align: center;\r\n    color: #fff;\r\n    margin-bottom: 1.25rem;\r\n  }\r\n  .news-post .news_button_span {\r\n    font-size: .8125rem;\r\n    display: block;\r\n    padding: .125rem .3125rem;\r\n    color: #fff;\r\n    text-align:left;\r\n  }\r\n  .news-post .news_button_span a {\r\n    color: #fff !important;\r\n    text-decoration: underline;\r\n  }\r\n  .news-post form {\r\n    width: 100%;\r\n  }\r\n  .news-post label {\r\n    font-weight: 600;\r\n    font-size: .9375rem;\r\n    line-height: 1.5rem;\r\n    margin-bottom: .5rem;\r\n    color: #fff;\r\n    display: block;\r\n  }\r\n  .news-post input {\r\n    background: #fff;\r\n    border: 1px solid #CBCBD9;\r\n    box-sizing: border-box;\r\n    border-radius: 4px;\r\n    padding: .75rem 1rem;\r\n    width: 100%;\r\n  }\r\n  .news-post button {\r\n    margin-top: .875rem;\r\n    width: 100%;\r\n    min-width: auto;\r\n    background: #FCC632;\r\n    color: #3C48AA;\r\n  }\r\n  .news-post .input {\r\n    position: relative;\r\n    padding-bottom: 10px;\r\n  }\r\n  .news-post .error-message-ad {\r\n    font-size: .875rem;\r\n    line-height: 130%;\r\n    color: #D50021;\r\n    margin-left: 4px;\r\n  }\r\n  .news-post .error {\r\n    border: 1px solid #D50021;\r\n  }\r\n  .news-post #message-form-ad {\r\n    border-radius: 4px;\r\n    padding: 0.7rem;\r\n    font-size:0.8rem;\r\n    text-align: center;\r\n    align-items: center;\r\n    justify-content: center;\r\n    display: none;\r\n  }\r\n  .news-post #message-form-ad svg {\r\n    margin-right: 8px;\r\n  }\r\n\r\n  @media(min-width: 561px) {\r\n    .news-post {\r\n      position: relative;\r\n      background: url('https:\/\/www.aurum.com.br\/blog\/wp-content\/themes\/aurum\/img\/bg-news-artigo.svg') no-repeat top center #3C48AA;\r\n      width: calc(100% - 30px);\r\n    }\r\n    .news-post .icone {\r\n      display: block;\r\n      position: absolute;\r\n      right: -30px;\r\n      top: 65px;\r\n      max-width: 142px;\r\n      width: 100%;\r\n      height: auto;\r\n      margin: 0;\r\n    }\r\n    .news-post .title {\r\n      font-size: 1.125rem;\r\n      text-align: left;\r\n      \/* padding-right: 3.75rem; *\/\r\n    }\r\n    .news-post p {\r\n      font-size: 1rem;\r\n      text-align: left;\r\n      max-width: 400px;\r\n    }\r\n    .news-post .boxes {\r\n      display: flex;\r\n      align-items: flex-start;\r\n    }\r\n    .news-post button {\r\n      margin: 0 0 0 1rem;\r\n      width: 100%;\r\n      max-width: 170px;\r\n      min-width: auto;\r\n      transition: all ease .3s\r\n    }\r\n    .news-post button:hover {\r\n      opacity: 0.9;\r\n      transition: all ease .3s\r\n    }\r\n    .news-post #message-form-ad {\r\n      padding: 1.125rem;\r\n      font-size:1rem;\r\n    }\r\n    .news-post #message-form-ad svg {\r\n      margin-right: 10px;\r\n    }\r\n  }\r\n<\/style>\r\n\r\n<div class=\"news-post\">\r\n  <div class=\"title news-ad-title\">Gostou do artigo e quer evoluir a sua advocacia?<\/div>\r\n  <p class=\"news-ad-subtitle\">Assine gr\u00e1tis a Aurum News e receba uma dose semanal de conte\u00fado no seu e-mail! \u270c\ufe0f<\/p>\r\n  <img decoding=\"async\" src=\"https:\/\/www.aurum.com.br\/blog\/wp-content\/themes\/aurum\/img\/icon-news-artigo.svg\" alt=\"\" class=\"icone\">\r\n\r\n  <form method=\"post\" name=\"newsletter-ad\" id=\"aurum-newsletter-ad\">\r\n    <div class=boxes>\r\n      <div class=\"input\">\r\n        <label class=\"label-email\" htmlFor=\"email-ad\">Qual seu e-mail?<\/label>\r\n        <input type=\"email\" id=\"email-ad\" name=\"newsletter-mail-ad\" placeholder=\"Digite seu e-mail?\">\r\n        <div class=\"error-message-ad-email\">Endere\u00e7o de e-mail inv\u00e1lido ou incorreto<\/div>\r\n\r\n        <label class=\"label-select\" htmlFor=\"lawsuits-select-ad\">\r\n          Quantos processos voc\u00ea ou<br class=\"for-desktop\"\/> seu escrit\u00f3rio acompanham?\r\n        <\/label>\r\n        <div id=\"lawsuits-select-ad\" class=\"lawsuits-select select-wrapper\" tabindex=\"0\">\r\n          <div class=\"s-dropdown--styled\">\r\n          <span class=\"lawsuits-default\">\r\n            <span id=\"lawsuits-newsletter-ad\" class=\"lawsuits-default-text\" data-value=\"\">Selecione os processos<\/span>\r\n            <svg class=\"chevron\" xmlns=\"http:\/\/www.w3.org\/2000\/svg\" width=\"24\" height=\"25\" viewBox=\"0 0 24 25\" fill=\"none\">\r\n              <path d=\"M6 15.6152L12 9.61523L18 15.6152\" stroke=\"black\" stroke-width=\"2\" stroke-linecap=\"round\" stroke-linejoin=\"round\" \/>\r\n            <\/svg>\r\n          <\/span>\r\n\r\n          <ul class=\"s-dropdown u-hide\">\r\n            <li class=\"lawsuits\" data-value=\"Mais de 1000 processos\">Mais de 1000 processos<\/li>\r\n            <li class=\"lawsuits\" data-value=\"De 501 a 1000 processos\">De 501 a 1000 processos<\/li>\r\n            <li class=\"lawsuits\" data-value=\"De 151 a 500 processos\">De 151 a 500 processos<\/li>\r\n            <li class=\"lawsuits\" data-value=\"De 41 a 150 processos\">De 41 a 150 processos<\/li>\r\n            <li class=\"lawsuits\" data-value=\"At\u00e9 40 processos\">At\u00e9 40 processos<\/li>\r\n            <li class=\"lawsuits\" data-value=\"Atuo apenas no consultivo\">Atuo apenas no consultivo<\/li>\r\n            <li class=\"lawsuits\" data-value=\"Ainda sou estudante de direito\">Ainda sou estudante de direito<\/li>\r\n            <li class=\"lawsuits\" data-value=\"N\u00e3o sou da \u00e1rea jur\u00eddica\">N\u00e3o sou da \u00e1rea jur\u00eddica<\/li>\r\n          <\/ul>\r\n          <\/div>\r\n        <\/div>\r\n        <div class=\"error-message-ad-lawsuits\">Selecione algum processo<\/div>\r\n      <\/div>\r\n      <button class=\"btn btn-yellow ad-btn-desktop\" id=\"aurum-submit-ad\">Assinar gr\u00e1tis<\/button>\r\n      <button class=\"btn btn-yellow ad-btn-mobile\" id=\"aurum-submit-ad\">Assinar<\/button>\r\n    <\/div>\r\n    <span class=\"news_button_span\">Ao se cadastrar voc\u00ea declara que leu e aceitou a pol\u00edtica de privacidade e cookies do <a href=\"https:\/\/s3.sa-east-1.amazonaws.com\/publico.aurum.com.br\/contratos\/politica-de-privacidade.pdf\" target=\"_blank\" rel=\"noopener noreferrer\">site<\/a>.<\/span>\r\n  <\/form>\r\n  <div id=\"message-form-ad\"><\/div>\r\n<\/div>","protected":false},"excerpt":{"rendered":"<p>Os princ\u00edpios constitucionais informadores do processo civil s\u00e3o normas fundamentadoras que estabelecem as diretrizes de toda a atividade jurisdicional a fim de garantir um processo efetivamente justo. Sauda\u00e7\u00f5es pessoal! O estudo dos princ\u00edpios \u00e9 fundamental em qualquer ramo do direito, sobretudo no campo do direito processual civil brasileiro. Por isso, vou dedicar esse artigo aos [&hellip;]<\/p>\n","protected":false},"author":30,"featured_media":9136,"comment_status":"open","ping_status":"open","sticky":false,"template":"","format":"standard","meta":{"_bbp_topic_count":0,"_bbp_reply_count":0,"_bbp_total_topic_count":0,"_bbp_total_reply_count":0,"_bbp_voice_count":0,"_bbp_anonymous_reply_count":0,"_bbp_topic_count_hidden":0,"_bbp_reply_count_hidden":0,"_bbp_forum_subforum_count":0,"inline_featured_image":false,"footnotes":""},"categories":[20,178],"tags":[],"class_list":["post-9135","post","type-post","status-publish","format-standard","has-post-thumbnail","hentry","category-direito-constitucional","category-direito-processual-civil"],"acf":[],"_links":{"self":[{"href":"https:\/\/www.aurum.com.br\/blog\/wp-json\/wp\/v2\/posts\/9135","targetHints":{"allow":["GET"]}}],"collection":[{"href":"https:\/\/www.aurum.com.br\/blog\/wp-json\/wp\/v2\/posts"}],"about":[{"href":"https:\/\/www.aurum.com.br\/blog\/wp-json\/wp\/v2\/types\/post"}],"author":[{"embeddable":true,"href":"https:\/\/www.aurum.com.br\/blog\/wp-json\/wp\/v2\/users\/30"}],"replies":[{"embeddable":true,"href":"https:\/\/www.aurum.com.br\/blog\/wp-json\/wp\/v2\/comments?post=9135"}],"version-history":[{"count":10,"href":"https:\/\/www.aurum.com.br\/blog\/wp-json\/wp\/v2\/posts\/9135\/revisions"}],"predecessor-version":[{"id":22037,"href":"https:\/\/www.aurum.com.br\/blog\/wp-json\/wp\/v2\/posts\/9135\/revisions\/22037"}],"wp:featuredmedia":[{"embeddable":true,"href":"https:\/\/www.aurum.com.br\/blog\/wp-json\/wp\/v2\/media\/9136"}],"wp:attachment":[{"href":"https:\/\/www.aurum.com.br\/blog\/wp-json\/wp\/v2\/media?parent=9135"}],"wp:term":[{"taxonomy":"category","embeddable":true,"href":"https:\/\/www.aurum.com.br\/blog\/wp-json\/wp\/v2\/categories?post=9135"},{"taxonomy":"post_tag","embeddable":true,"href":"https:\/\/www.aurum.com.br\/blog\/wp-json\/wp\/v2\/tags?post=9135"}],"curies":[{"name":"wp","href":"https:\/\/api.w.org\/{rel}","templated":true}]}}