{"id":9104,"date":"2022-05-18T10:03:16","date_gmt":"2022-05-18T13:03:16","guid":{"rendered":"https:\/\/aurum.com.br\/blog\/direitos-sociais\/"},"modified":"2025-11-24T22:22:18","modified_gmt":"2025-11-25T01:22:18","slug":"direitos-sociais","status":"publish","type":"post","link":"https:\/\/www.aurum.com.br\/blog\/direitos-sociais\/","title":{"rendered":"Direitos sociais: o que s\u00e3o, exemplos, e o papel do advogado para garanti-los"},"content":{"rendered":"<div id=\"bsf_rt_marker\"><\/div>\n<pre class=\"wp-block-preformatted\">Os <strong>direitos sociais<\/strong> visam resguardar direitos m\u00ednimos de qualidade de vida dos indiv\u00edduos. S\u00e3o direitos sociais: educa\u00e7\u00e3o, sa\u00fade, alimenta\u00e7\u00e3o, trabalho, moradia, transporte, lazer, seguran\u00e7a, previd\u00eancia social, prote\u00e7\u00e3o \u00e0 maternidade e \u00e0 inf\u00e2ncia e assist\u00eancia aos desamparados.<\/pre>\n\n\n\n<p>Fruto de lutas sociais, essas garantias b\u00e1sicas se consolidaram com o surgimento das Constitui\u00e7\u00f5es que prev\u00eaem o Estado de Bem-estar Social ou Estado Constitucional. Todavia, ainda h\u00e1 no Brasil um longo caminho a ser trilhado para a efetiva presta\u00e7\u00e3o dos direitos fundamentais sociais aos cidad\u00e3os.<\/p>\n\n\n\n<p>Sendo assim, <strong>qual o papel do advogado para garantir que sejam aplicados<\/strong>? Como foi todo esse processo? Como s\u00e3o previstos no Brasil os direitos sociais? A resposta para essas e outras perguntas voc\u00ea confere abaixo.<\/p>\n\n\n\n<p>Boa leitura! \ud83d\ude0a<\/p>\n\n\n\n<h2 class=\"wp-block-heading\">O que s\u00e3o direitos sociais?<\/h2>\n\n\n\n<p>Os direitos sociais s\u00e3o aqueles que visam resguardar direitos m\u00ednimos \u00e0 sociedade e t\u00eam como objetivo mitigar as vulnerabilidades sociais ocasionadas pelos modos de produ\u00e7\u00e3o capitalista.&nbsp;<\/p>\n\n\n\n<p>No Brasil, est\u00e3o previstos pelo artigo 6\u00ba da Constitui\u00e7\u00e3o Federal de 1988. <strong>Entre eles est\u00e3o: a sa\u00fade, a educa\u00e7\u00e3o, a moradia, o lazer, o transporte e o trabalho.<\/strong><\/p>\n\n\n\n<figure class=\"wp-block-image size-full\"><img decoding=\"async\" width=\"1024\" height=\"1024\" src=\"https:\/\/www.aurum.com.br\/blog\/wp-content\/uploads\/2022\/05\/o-que-sao-direitos-sociais.jpg\" alt=\"\" class=\"wp-image-14968\" srcset=\"https:\/\/www.aurum.com.br\/blog\/wp-content\/uploads\/2022\/05\/o-que-sao-direitos-sociais.jpg 1024w, https:\/\/www.aurum.com.br\/blog\/wp-content\/uploads\/2022\/05\/o-que-sao-direitos-sociais-300x300.jpg 300w, https:\/\/www.aurum.com.br\/blog\/wp-content\/uploads\/2022\/05\/o-que-sao-direitos-sociais-150x150.jpg 150w, https:\/\/www.aurum.com.br\/blog\/wp-content\/uploads\/2022\/05\/o-que-sao-direitos-sociais-768x768.jpg 768w, https:\/\/www.aurum.com.br\/blog\/wp-content\/uploads\/2022\/05\/o-que-sao-direitos-sociais-96x96.jpg 96w\" sizes=\"(max-width: 1024px) 100vw, 1024px\" \/><\/figure>\n\n\n\n<h2 class=\"wp-block-heading\">Qual a origem dos direitos sociais?<\/h2>\n\n\n\n<p><strong>Os direitos sociais surgiram<\/strong> <strong>a partir das lutas de classe<\/strong> que ocorreram durante boa parte do s\u00e9culo XIX e se estenderam at\u00e9 metade do s\u00e9culo XX.<\/p>\n\n\n\n<p>As lutas de classe iniciaram ap\u00f3s a Revolu\u00e7\u00e3o Industrial, que fez surgir uma nova classe trabalhadora (prolet\u00e1ria). Em buscas de melhores condi\u00e7\u00f5es, \u00e0s pessoas pertencentes a essa camada faziam greves (criminalizadas na \u00e9poca). Al\u00e9m disso, se mobilizavam por meio do sindicalismo e auto organiza\u00e7\u00e3o da sociedade.<\/p>\n\n\n\n<p>Foram as lutas de classe que culminaram na Revolu\u00e7\u00e3o Russa de 1917 e na cria\u00e7\u00e3o da Constitui\u00e7\u00e3o de 1918, na R\u00fassia. Al\u00e9m disso, influenciaram para a cria\u00e7\u00e3o da Organiza\u00e7\u00e3o Internacional do Trabalho (1919) e na promulga\u00e7\u00e3o da Constitui\u00e7\u00e3o de Weimar. Esta \u00faltima compilou uma s\u00e9rie de direitos sociais j\u00e1 existentes, tais como a previd\u00eancia social e a greve, todas em uma <a href=\"https:\/\/www.aurum.com.br\/blog\/direitos-fundamentais\/\" data-type=\"URL\" data-id=\"https:\/\/www.aurum.com.br\/blog\/direitos-fundamentais\/\">Lei Fundamental<\/a>.<\/p>\n\n\n\n<p>Os genoc\u00eddios ocorridos na Primeira e, principalmente, na Segunda Guerra Mundial fizeram com que a Constitui\u00e7\u00e3o de Weimar tivesse maior protagonismo.<\/p>\n\n\n\n<p>Com isso, <strong>os direitos sociais passaram a ter aplica\u00e7\u00e3o imediata e obrigat\u00f3ria<\/strong>, estabelecendo os Estados Constitucionais, conhecidos como elemento fundamental para a forma\u00e7\u00e3o do Estado Democr\u00e1tico de Direito. Tais direitos tinham como principal expoente o pensamento constitucional da Rep\u00fablica Federal da Alemanha.<\/p>\n\n\n\n<p>No Brasil, o estabelecimento de direitos sociais aconteceu somente ap\u00f3s a promulga\u00e7\u00e3o da Constitui\u00e7\u00e3o Federal de 1988.<\/p>\n\n\n\n<style>\n    #adpost-block_9ab3db220ec80a0952b25f45cef361d3.anuncio-post-reverse {\n        display: flex;\n        gap: 24px;\n        border-radius: 8px;\n        width: 100%;\n        max-width: 752px;\n        padding: 40px;\n        background: #e7f4fe;\n        margin: 16px auto;\n    }\n\n    #adpost-block_9ab3db220ec80a0952b25f45cef361d3 .anuncio-container {\n        display: flex;\n        flex-direction: column;\n        gap: 24px;\n        width: 100%;\n        max-width: 333px;\n    }\n\n    #adpost-block_9ab3db220ec80a0952b25f45cef361d3 .anuncio-container .logo {\n        width: 100%;\n        max-width: 177px;\n        margin: 0;\n    }\n\n    #adpost-block_9ab3db220ec80a0952b25f45cef361d3 .anuncio-text-container {\n        display: flex;\n        flex-direction: column;\n        gap: 24px;\n    }\n\n    #adpost-block_9ab3db220ec80a0952b25f45cef361d3 .anuncio-text-container .title {\n        font-family: 'Ubuntu';\n        font-size: 1.5rem; \/\/24px\n        font-weight: 700;\n        line-height: 120%;\n        margin: 0;\n        color: #000;\n    }\n\n    #adpost-block_9ab3db220ec80a0952b25f45cef361d3 .anuncio-text-container .text {\n        font-size: 0.875rem;\n        font-weight: 400;\n        line-height: 170%;\n        color: #000;\n    }\n\n    #adpost-block_9ab3db220ec80a0952b25f45cef361d3 .anuncio-container .button {\n        display: inline-flex;\n        align-items: center;\n        justify-content: center;\n        width: fit-content;\n        height: 48px;\n        border-radius: 8px;\n        padding: 12px 24px;\n        font-size: 1rem;\n        font-weight: 600;\n        text-decoration: none;\n        background: #008fd5;\n        color: #fff;\n    }\n\n    #adpost-block_9ab3db220ec80a0952b25f45cef361d3 .image-container {\n        position: relative;\n        width: 100%;\n        height: 100%;\n    }\n\n    #adpost-block_9ab3db220ec80a0952b25f45cef361d3 .image-container.float {\n        min-height: 236px;\n    }\n\n    #adpost-block_9ab3db220ec80a0952b25f45cef361d3 .image-container .image-desktop {\n        width: 100%;\n        max-width: 323px;\n        object-fit: contain;\n        margin: 0;\n    }\n\n    #adpost-block_9ab3db220ec80a0952b25f45cef361d3 .image-container .image-mobile {\n        display: none;\n        width: 100%;\n        max-width: 291px;\n        object-fit: contain;\n        margin: 0;\n    }\n\n    #adpost-block_9ab3db220ec80a0952b25f45cef361d3 .image-container.float .image-desktop,\n    #adpost-block_9ab3db220ec80a0952b25f45cef361d3 .image-container.float .image-mobile {\n        position: absolute;\n        right: 0;\n        bottom: 0;\n    }\n\n    #adpost-block_9ab3db220ec80a0952b25f45cef361d3 .image-container img {\n        border-radius: 8px;\n    }\n\n    \/************\n    * MOBILE \n    *************\/\n    @media (max-width: 1439px) {\n        #adpost-block_9ab3db220ec80a0952b25f45cef361d3.anuncio-post-reverse {\n            flex-direction: column-reverse;\n            max-width: fit-content;\n            padding: 24px;\n        }\n\n        #adpost-block_9ab3db220ec80a0952b25f45cef361d3 .anuncio-container {\n            max-width: 280px;\n            align-items: center;\n        }\n\n        #adpost-block_9ab3db220ec80a0952b25f45cef361d3 .anuncio-container .logo {\n            max-width: 147px;\n        }\n\n        #adpost-block_9ab3db220ec80a0952b25f45cef361d3 .anuncio-text-container {\n            gap: 8px;\n        }\n\n        #adpost-block_9ab3db220ec80a0952b25f45cef361d3 .anuncio-text-container .title {\n            font-size: 1.25rem;\n            text-align: center;\n        }\n\n        #adpost-block_9ab3db220ec80a0952b25f45cef361d3 .anuncio-text-container .text {\n            text-align: center;\n        }\n\n        #adpost-block_9ab3db220ec80a0952b25f45cef361d3 .anuncio-container .button {\n            width: 100%;\n        }\n\n        #adpost-block_9ab3db220ec80a0952b25f45cef361d3 .image-container.float {\n            min-height: 182px;\n        }\n\n        #adpost-block_9ab3db220ec80a0952b25f45cef361d3 .image-container .image-desktop {\n            display: none;\n        }\n\n        #adpost-block_9ab3db220ec80a0952b25f45cef361d3 .image-container .image-mobile {\n            display: block;\n        }\n    }\n\n    \/*******************\n    * RESET GLOBAL CSS \n    ********************\/\n    #s-post main article .content .image-container img {\n        margin: 0;\n    }\n<\/style>\n\n\n<article id=\"adpost-block_9ab3db220ec80a0952b25f45cef361d3\" class=\"anuncio-post-reverse\">\n    <div class=\"anuncio-container\">\n        \n        <div class=\"anuncio-text-container\">\n             <h3 class=\"title\" >Seja protagonista da sua advocacia com o Astrea<\/h3>\n            <div class=\"text\" >Tenha tempo para focar no crescimento do seu escrit\u00f3rio, enquanto o Astrea cuida da sua gest\u00e3o jur\u00eddica com intelig\u00eancia.<\/div>        <\/div>\n       \n        <a class=\"button\" href=\"\/astrea\/?utm_source=blog&#038;utm_medium=adpost&#038;utm_campaign=campanha-marca-2026\" target=\"_self\">Conhe\u00e7a o Astrea<\/a>    <\/div>\n\n    <div class=\"image-container\">\n        <img decoding=\"async\" class=\"image-desktop\" src=\"https:\/\/www.aurum.com.br\/blog\/wp-content\/uploads\/2026\/03\/adpos-posicionamento-2026-desktop.png\" alt=\"\" \/>\n        <img decoding=\"async\" class=\"image-mobile\" src=\"https:\/\/www.aurum.com.br\/blog\/wp-content\/uploads\/2026\/03\/adpost-posicionamento-2026-mobile.png\" alt=\"\" \/>    <\/div>\n<\/article>\n\n\n<h2 class=\"wp-block-heading\">Constitui\u00e7\u00e3o de Weimar e direitos sociais<\/h2>\n\n\n\n<p>Na Alemanha, a Constitui\u00e7\u00e3o de Weimar de 1919, apesar de n\u00e3o ter sido pioneira, uma vez que a Constitui\u00e7\u00e3o do M\u00e9xico veio ainda em 1917,&nbsp; j\u00e1 assegurava direitos sociais. Voc\u00ea pode saber mais sobre ela <a href=\"https:\/\/open.spotify.com\/episode\/5t4MpBQNSyvs3uahdOv6ka\" target=\"_blank\" rel=\"noopener\">neste epis\u00f3dio<\/a> do <a href=\"https:\/\/www.aurum.com.br\/blog\/podcast-direito\/\">podcast de direito<\/a> \u201cSalvo Melhor Ju\u00edzo\u201d ou ainda comparar as duas constitui\u00e7\u00f5es citadas por meio <a href=\"https:\/\/www2.senado.leg.br\/bdsf\/bitstream\/handle\/id\/92449\/Pinheiro%20Maria.pdf\" target=\"_blank\" rel=\"noopener\">deste documento<\/a>.<\/p>\n\n\n\n<p>Foi a Constitui\u00e7\u00e3o de Weimar que acabou influenciando todo o constitucionalismo dos sistemas jur\u00eddicos <em>civil law<\/em> (em que a aplica\u00e7\u00e3o das normas se d\u00e1 pela interpreta\u00e7\u00e3o da lei escrita) em rela\u00e7\u00e3o aos direitos sociais.&nbsp;<\/p>\n\n\n\n<p>E, apesar de sua dura\u00e7\u00e3o ef\u00eamera, estabeleceu um novo modelo: o Estado de Bem-estar Social. Neste formato, a responsabilidade de garantir os direitos sociais a todos os cidad\u00e3os \u00e9 do Estado.<\/p>\n\n\n\n<p>Outro marco legal importante se deu ap\u00f3s a <a href=\"https:\/\/www.ohchr.org\/EN\/UDHR\/Pages\/Language.aspx?LangID=por\" target=\"_blank\" rel=\"noopener\">Declara\u00e7\u00e3o Universal dos Direitos Humanos<\/a>, em 1948, per\u00edodo p\u00f3s Segunda Guerra Mundial (1939-1945).<\/p>\n\n\n\n<h2 class=\"wp-block-heading\">Quais s\u00e3o os direitos sociais?<\/h2>\n\n\n\n<p>Em raz\u00e3o da cria\u00e7\u00e3o desse Estado Constitucional,&nbsp; os <strong>direitos sociais e as constitui\u00e7\u00f5es est\u00e3o intrinsecamente interligados<\/strong>. Isso se d\u00e1 em raz\u00e3o da hierarquia das normas estabelecidas por te\u00f3ricos do direito, principalmente por Hans Kelsen em sua teoria pura do direito.<\/p>\n\n\n\n<p>Por outro lado, devido ao estado de Guerra Fria durante boa parte da segunda metade do s\u00e9culo XX, diversos regimes n\u00e3o eram democr\u00e1ticos e n\u00e3o tinham direitos sociais reconhecidos juridicamente. Realidade de boa parte da Am\u00e9rica Latina e at\u00e9 mesmo na Europa, como no caso do Estado Novo em Portugal, entre 1933 e 1974.<\/p>\n\n\n\n<p>Por isso, a redemocratiza\u00e7\u00e3o de Portugal foi fundamental para a promulga\u00e7\u00e3o de sua <a href=\"https:\/\/www.parlamento.pt\/Legislacao\/Paginas\/ConstituicaoRepublicaPortuguesa.aspx\" target=\"_blank\" rel=\"noopener\">Constitui\u00e7\u00e3o da Rep\u00fablica de 1976<\/a>. Ela, em conjunto com a <a href=\"https:\/\/www.btg-bestellservice.de\/pdf\/80208000.pdf\" target=\"_blank\" rel=\"noopener\">Lei Fundamental da Rep\u00fablica Federal da Alemanha<\/a> de 1949, teve forte influ\u00eancia em nossa Constitui\u00e7\u00e3o, principalmente em rela\u00e7\u00e3o aos direitos sociais e <a href=\"https:\/\/www.aurum.com.br\/blog\/direitos-fundamentais\/\">direitos fundamentais<\/a>.<\/p>\n\n\n\n<p>A Constitui\u00e7\u00e3o Federal de 1988 define em seu artigo 6\u00ba que:<\/p>\n\n\n\n<blockquote class=\"wp-block-quote is-layout-flow wp-block-quote-is-layout-flow\">\n<p>S\u00e3o direitos sociais a educa\u00e7\u00e3o, a sa\u00fade, a alimenta\u00e7\u00e3o, o trabalho, a moradia, o transporte, o lazer, a seguran\u00e7a, a previd\u00eancia social, a prote\u00e7\u00e3o \u00e0 maternidade e \u00e0 inf\u00e2ncia, a assist\u00eancia aos desamparados, na forma desta Constitui\u00e7\u00e3o.<\/p>\n<cite><em> (Reda\u00e7\u00e3o dada pela Emenda Constitucional n\u00ba 90, de 2015) <\/em><\/cite><\/blockquote>\n\n\n\n<p>A partir do momento em que a CF\/88 define quais s\u00e3o<s>, <\/s>isso significa que \u00e9 responsabilidade do Estado assegur\u00e1-los. Vou descrever os principais deles no pr\u00f3ximo t\u00f3pico \ud83d\ude42&nbsp;<\/p>\n\n\n\n<style>\n    #adpost-block_c7f86cc8130a5bb7bf5c60de6d63c360.anuncio-post-reverse {\n        display: flex;\n        gap: 24px;\n        border-radius: 8px;\n        width: 100%;\n        max-width: 752px;\n        padding: 40px;\n        background: #CCD1FF;\n        margin: 16px auto;\n    }\n\n    #adpost-block_c7f86cc8130a5bb7bf5c60de6d63c360 .anuncio-container {\n        display: flex;\n        flex-direction: column;\n        gap: 24px;\n        width: 100%;\n        max-width: 333px;\n    }\n\n    #adpost-block_c7f86cc8130a5bb7bf5c60de6d63c360 .anuncio-container .logo {\n        width: 100%;\n        max-width: 177px;\n        margin: 0;\n    }\n\n    #adpost-block_c7f86cc8130a5bb7bf5c60de6d63c360 .anuncio-text-container {\n        display: flex;\n        flex-direction: column;\n        gap: 24px;\n    }\n\n    #adpost-block_c7f86cc8130a5bb7bf5c60de6d63c360 .anuncio-text-container .title {\n        font-family: 'Ubuntu';\n        font-size: 1.5rem; \/\/24px\n        font-weight: 700;\n        line-height: 120%;\n        margin: 0;\n        color: #000;\n    }\n\n    #adpost-block_c7f86cc8130a5bb7bf5c60de6d63c360 .anuncio-text-container .text {\n        font-size: 0.875rem;\n        font-weight: 400;\n        line-height: 170%;\n        color: #000;\n    }\n\n    #adpost-block_c7f86cc8130a5bb7bf5c60de6d63c360 .anuncio-container .button {\n        display: inline-flex;\n        align-items: center;\n        justify-content: center;\n        width: fit-content;\n        height: 48px;\n        border-radius: 8px;\n        padding: 12px 24px;\n        font-size: 1rem;\n        font-weight: 600;\n        text-decoration: none;\n        background: #3C48AA;\n        color: #fff;\n    }\n\n    #adpost-block_c7f86cc8130a5bb7bf5c60de6d63c360 .image-container {\n        position: relative;\n        width: 100%;\n        height: 100%;\n    }\n\n    #adpost-block_c7f86cc8130a5bb7bf5c60de6d63c360 .image-container.float {\n        min-height: 236px;\n    }\n\n    #adpost-block_c7f86cc8130a5bb7bf5c60de6d63c360 .image-container .image-desktop {\n        width: 100%;\n        max-width: 323px;\n        object-fit: contain;\n        margin: 0;\n    }\n\n    #adpost-block_c7f86cc8130a5bb7bf5c60de6d63c360 .image-container .image-mobile {\n        display: none;\n        width: 100%;\n        max-width: 291px;\n        object-fit: contain;\n        margin: 0;\n    }\n\n    #adpost-block_c7f86cc8130a5bb7bf5c60de6d63c360 .image-container.float .image-desktop,\n    #adpost-block_c7f86cc8130a5bb7bf5c60de6d63c360 .image-container.float .image-mobile {\n        position: absolute;\n        right: 0;\n        bottom: 0;\n    }\n\n    #adpost-block_c7f86cc8130a5bb7bf5c60de6d63c360 .image-container img {\n        border-radius: 8px;\n    }\n\n    \/************\n    * MOBILE \n    *************\/\n    @media (max-width: 1439px) {\n        #adpost-block_c7f86cc8130a5bb7bf5c60de6d63c360.anuncio-post-reverse {\n            flex-direction: column-reverse;\n            max-width: fit-content;\n            padding: 24px;\n        }\n\n        #adpost-block_c7f86cc8130a5bb7bf5c60de6d63c360 .anuncio-container {\n            max-width: 280px;\n            align-items: center;\n        }\n\n        #adpost-block_c7f86cc8130a5bb7bf5c60de6d63c360 .anuncio-container .logo {\n            max-width: 147px;\n        }\n\n        #adpost-block_c7f86cc8130a5bb7bf5c60de6d63c360 .anuncio-text-container {\n            gap: 8px;\n        }\n\n        #adpost-block_c7f86cc8130a5bb7bf5c60de6d63c360 .anuncio-text-container .title {\n            font-size: 1.25rem;\n            text-align: center;\n        }\n\n        #adpost-block_c7f86cc8130a5bb7bf5c60de6d63c360 .anuncio-text-container .text {\n            text-align: center;\n        }\n\n        #adpost-block_c7f86cc8130a5bb7bf5c60de6d63c360 .anuncio-container .button {\n            width: 100%;\n        }\n\n        #adpost-block_c7f86cc8130a5bb7bf5c60de6d63c360 .image-container.float {\n            min-height: 182px;\n        }\n\n        #adpost-block_c7f86cc8130a5bb7bf5c60de6d63c360 .image-container .image-desktop {\n            display: none;\n        }\n\n        #adpost-block_c7f86cc8130a5bb7bf5c60de6d63c360 .image-container .image-mobile {\n            display: block;\n        }\n    }\n\n    \/*******************\n    * RESET GLOBAL CSS \n    ********************\/\n    #s-post main article .content .image-container img {\n        margin: 0;\n    }\n<\/style>\n\n\n<article id=\"adpost-block_c7f86cc8130a5bb7bf5c60de6d63c360\" class=\"anuncio-post-reverse\">\n    <div class=\"anuncio-container\">\n        <img decoding=\"async\" class=\"logo\" src=\"https:\/\/www.aurum.com.br\/blog\/wp-content\/themes\/aurum\/img\/adposts\/logo-aurum-forum.png\" alt=\"Aurum\" \/>\n        <div class=\"anuncio-text-container\">\n             <h3 class=\"title\" >N\u00e3o encontrou todas as respostas por aqui?<\/h3>\n            <div class=\"text\" >No F\u00f3rum da Aurum, voc\u00ea pode levar sua pergunta e contar com a ajuda de advogados e advogadas que compartilham conhecimento de forma gratuita e acess\u00edvel<\/div>        <\/div>\n       \n        <a class=\"button\" href=\"\/blog\/forum-aurum\/?utm_source=blog&#038;utm_medium=adpost&#038;utm_campaign=forum-aurum\" target=\"_self\">Acesse agora<\/a>    <\/div>\n\n    <div class=\"image-container float\">\n        <img decoding=\"async\" class=\"image-desktop\" src=\"https:\/\/www.aurum.com.br\/blog\/wp-content\/themes\/aurum\/img\/adposts\/anuncio-reverse.png\" alt=\"\" \/>\n        <img decoding=\"async\" class=\"image-mobile\" src=\"https:\/\/www.aurum.com.br\/blog\/wp-content\/themes\/aurum\/img\/adposts\/anuncio-reverse-mobile.png\" alt=\"\" \/>    <\/div>\n<\/article>\n\n\n<h2 class=\"wp-block-heading\">Exemplos de direitos sociais&nbsp;<\/h2>\n\n\n\n<p>Conhe\u00e7a cada um deles.&nbsp;<\/p>\n\n\n\n<h3 class=\"wp-block-heading\">Trabalho<\/h3>\n\n\n\n<p>\u00c9 um direito regulado pelo art. 7\u00ba da Constitui\u00e7\u00e3o Federal. <strong>Ele assegura aos trabalhadores direitos m\u00ednimos<\/strong>, como a proibi\u00e7\u00e3o de despedida arbitr\u00e1ria ou sem justa causa, desde que haja indeniza\u00e7\u00e3o compensat\u00f3ria (inciso I).&nbsp;<\/p>\n\n\n\n<p>Tamb\u00e9m prev\u00ea o seguro-desemprego (inciso II) e o fundo de garantia (inciso III), al\u00e9m da garantia de sal\u00e1rio nunca inferior ao m\u00ednimo (inciso IV) e o d\u00e9cimo terceiro sal\u00e1rio (inciso VII).&nbsp;<\/p>\n\n\n\n<p>Saiba mais sobre <a href=\"https:\/\/www.aurum.com.br\/blog\/direito-do-trabalho\/\">direito do trabalho<\/a>.&nbsp;<\/p>\n\n\n\n<h3 class=\"wp-block-heading\">Educa\u00e7\u00e3o<\/h3>\n\n\n\n<p>O direito \u00e0 educa\u00e7\u00e3o tem por sujeito passivo o Estado e a fam\u00edlia. O<strong> Estado tem o dever de promover pol\u00edticas p\u00fablicas de acesso \u00e0 educa\u00e7\u00e3o<\/strong> de acordo com os princ\u00edpios elencados na pr\u00f3pria CF (art. 206), e, por expressa disposi\u00e7\u00e3o, obriga-se a fornecer o ensino fundamental gratuito (art. 208).<\/p>\n\n\n\n<p>Vale destacar tamb\u00e9m que o Supremo Tribunal de Justi\u00e7a editou a s\u00famula vinculante de n\u00famero 12, para evitar a viola\u00e7\u00e3o do disposto no artigo <a href=\"http:\/\/www.jusbrasil.com.br\/topicos\/10650554\/artigo-206-da-constitui%C3%A7%C3%A3o-federal-de-1988\" target=\"_blank\" rel=\"noopener\">206<\/a>, <a href=\"http:\/\/www.jusbrasil.com.br\/topicos\/10650413\/inciso-iv-do-artigo-206-da-constitui%C3%A7%C3%A3o-federal-de-1988\" target=\"_blank\" rel=\"noopener\">IV<\/a> da <a href=\"http:\/\/www.jusbrasil.com.br\/legislacao\/155571402\/constitui%C3%A7%C3%A3o-federal-constitui%C3%A7%C3%A3o-da-republica-federativa-do-brasil-1988\" target=\"_blank\" rel=\"noopener\">CF<\/a>:<em> <\/em><\/p>\n\n\n\n<blockquote class=\"wp-block-quote is-layout-flow wp-block-quote-is-layout-flow\">\n<p>A cobran\u00e7a de taxa de matr\u00edcula nas universidades p\u00fablicas viola o disposto no art. <a href=\"http:\/\/www.jusbrasil.com.br\/topicos\/10650554\/artigo-206-da-constitui%C3%A7%C3%A3o-federal-de-1988\" target=\"_blank\" rel=\"noopener\">206<\/a>, <a href=\"http:\/\/www.jusbrasil.com.br\/topicos\/10650413\/inciso-iv-do-artigo-206-da-constitui%C3%A7%C3%A3o-federal-de-1988\" target=\"_blank\" rel=\"noopener\">IV<\/a>, da Constitui\u00e7\u00e3o Federal.<\/p>\n<\/blockquote>\n\n\n\n<h3 class=\"wp-block-heading\">Sa\u00fade<\/h3>\n\n\n\n<p>A sa\u00fade est\u00e1 disposta no Cap\u00edtulo II, Se\u00e7\u00e3o II e compreende os artigos 196 ao 200. <strong>O principal destaque \u00e9 o Sistema \u00danico de Sa\u00fade \u2013 SUS<\/strong>, que d\u00e1 direito ao acesso universal \u00e0 sa\u00fade e \u00e9 de responsabilidade da Uni\u00e3o, Estados e Munic\u00edpios.<\/p>\n\n\n\n<h3 class=\"wp-block-heading\">Moradia<\/h3>\n\n\n\n<p>N\u00e3o possui cap\u00edtulo pr\u00f3prio, mas \u00e9 tratada como <strong>obriga\u00e7\u00e3o do Estado criar Pol\u00edticas P\u00fablicas de moradia a quem necessita<\/strong> (art. 23, IX). N\u00e3o \u00e9 necessariamente direito a uma casa pr\u00f3pria, mas sim a um teto, um abrigo em condi\u00e7\u00f5es adequadas para preservar a intimidade pessoal dos membros da fam\u00edlia.&nbsp;<\/p>\n\n\n\n<p>Talvez seja um dos mais dif\u00edceis direitos de serem garantidos devido \u00e0 precariedade das pol\u00edticas urbanas nas cidades brasileiras.&nbsp;<\/p>\n\n\n\n<p>Para saber mais sobre o assunto, vale conferir este v\u00eddeo:<\/p>\n\n\n\n<figure class=\"wp-block-embed is-type-video is-provider-youtube wp-block-embed-youtube wp-embed-aspect-16-9 wp-has-aspect-ratio\"><div class=\"wp-block-embed__wrapper\">\n<iframe title=\"NOMADLAND: CRISE HABITACIONAL NO MUNDO E DIREITO \u00c0 MORADIA | SEGUE O FIO 44 | #OSCAR2021\" width=\"500\" height=\"281\" src=\"https:\/\/www.youtube.com\/embed\/uqkuXmpg28c?start=1&#038;feature=oembed\" frameborder=\"0\" allow=\"accelerometer; autoplay; clipboard-write; encrypted-media; gyroscope; picture-in-picture; web-share\" referrerpolicy=\"strict-origin-when-cross-origin\" allowfullscreen><\/iframe>\n<\/div><\/figure>\n\n\n\n<h3 class=\"wp-block-heading\">Seguran\u00e7a<\/h3>\n\n\n\n<p>Outro direito social dif\u00edcil de ser garantido pelo Estado, pois <strong>\u00e9 um dos que mais geram controv\u00e9rsias nos debates p\u00fablicos<\/strong> e entre a pr\u00f3pria popula\u00e7\u00e3o brasileira. A CF\/88 n\u00e3o estabelece uma pol\u00edtica nacional de seguran\u00e7a, ficando a cargo de leis ordin\u00e1rias e dos Estados promov\u00ea-la.<\/p>\n\n\n\n<h3 class=\"wp-block-heading\">Lazer<\/h3>\n\n\n\n<p>A Constitui\u00e7\u00e3o disp\u00f5e, no par\u00e1grafo 3\u00ba do Artigo 217, que \u201co Poder P\u00fablico incentivar\u00e1 o lazer, como forma de promo\u00e7\u00e3o social\u201d. Tal direito est\u00e1 relacionado com o direito ao descanso dos trabalhadores, ao resgate de energias para retomada das atividades.<\/p>\n\n\n\n<h3 class=\"wp-block-heading\">Prote\u00e7\u00e3o \u00e0 maternidade e \u00e0 inf\u00e2ncia&nbsp;<\/h3>\n\n\n\n<p>O direito \u00e0 prote\u00e7\u00e3o \u00e0 maternidade e \u00e0 inf\u00e2ncia&nbsp; direito est\u00e1 inserido como direito previdenci\u00e1rio (artigo 201, II), e como direito assistencial (artigo 203, I e II). Destaca-se, tamb\u00e9m, no <a href=\"http:\/\/www.jusbrasil.com.br\/topicos\/10641213\/artigo-7-da-constitui%C3%A7%C3%A3o-federal-de-1988\" target=\"_blank\" rel=\"noopener\">artigo 7\u00ba<\/a>, XVIII da CF previs\u00e3o de licen\u00e7a \u00e0 gestante.<\/p>\n\n\n\n<h3 class=\"wp-block-heading\">Previd\u00eancia Social<\/h3>\n\n\n\n<p>Um dos mais antigos direitos sociais, possui a previs\u00e3o de <strong>garantir assist\u00eancia aos cidad\u00e3os em caso de impossibilidade de trabalhar<\/strong> por motivos de sa\u00fade. Tamb\u00e9m garante assist\u00eancia financeira por aposentadoria mediante contribui\u00e7\u00e3o comprovada pelos anos trabalhados.&nbsp;<\/p>\n\n\n\n<p>\u00c9 um dos principais gastos dos Estados em geral. O Brasil acabou de passar por uma reforma de previd\u00eancia, fruto de pol\u00edticas neoliberais.&nbsp;<\/p>\n\n\n\n<p>Saiba mais sobre <a href=\"https:\/\/www.aurum.com.br\/blog\/direito-previdenciario\/\">direito previdenci\u00e1rio<\/a>.&nbsp;<\/p>\n\n\n\n<h3 class=\"wp-block-heading\">Assist\u00eancia aos desamparados&nbsp;<\/h3>\n\n\n\n<p>A Constitui\u00e7\u00e3o Federal estabelece que a assist\u00eancia social ser\u00e1 prestada aos necessitados, independentemente de contribu\u00edrem ou n\u00e3o com a previd\u00eancia social.<\/p>\n\n\n\n<h3 class=\"wp-block-heading\">Transporte<\/h3>\n\n\n\n<p>O direito ao transporte foi inclu\u00eddo enquanto direito social atrav\u00e9s de uma Emenda \u00e0 Constitui\u00e7\u00e3o, por\u00e9m, n\u00e3o existem artigos adicionais que tratem sobre o tema. Cabe ao legislador infraconstitucional a regulamenta\u00e7\u00e3o do tema.<\/p>\n\n\n\n<p>A sua regulamenta\u00e7\u00e3o envolve a prote\u00e7\u00e3o ambiental, o funcionamento de cidades, o planejamento e gest\u00e3o urbanas, a sustentabilidade e o bem-estar social e a qualidade de vida, coletivamente.&nbsp;<\/p>\n\n\n\n<h2 class=\"wp-block-heading\">Direitos sociais e o papel do advogado&nbsp;<\/h2>\n\n\n\n<p>O papel da vanguarda no direito \u00e9 na pr\u00e1tica da advocacia e n\u00e3o dos tribunais, pois, muitas vezes, eles s\u00e3o conservadores. Assim, as mudan\u00e7as devem partir pelo trabalho dos advogados na busca em assegurar os direitos sociais.&nbsp;<\/p>\n\n\n\n<p>Por isso, mesmo havendo resist\u00eancia pelo poder judici\u00e1rio, deve-se sempre ter como norte <strong>os direitos sociais como parte do projeto de Estado Democr\u00e1tico de Direito<\/strong> estabelecido pela Constitui\u00e7\u00e3o Federal de 1988.<\/p>\n\n\n\n<h3 class=\"wp-block-heading\">Garantia dos direitos sociais: para al\u00e9m do poder judici\u00e1rio&nbsp;<\/h3>\n\n\n\n<p>Existem outras maneiras de se buscar a garantia dos direitos sociais como por meio de ONGs e mobiliza\u00e7\u00f5es sociais, atrav\u00e9s de negocia\u00e7\u00f5es diretamente com o poder p\u00fablico e at\u00e9 chamando a aten\u00e7\u00e3o da m\u00eddia nacional e internacional, por exemplo. Isso tudo, claro, sempre com orienta\u00e7\u00f5es por parte dos(as) advogados(as).&nbsp;<\/p>\n\n\n\n<p>Tamb\u00e9m h\u00e1 a possibilidade de buscar tutelas coletivas, cujo objetivo consiste na defesa de interesses de grupos, categorias e classes espec\u00edficas. Em alguns pa\u00edses, a soma de mobiliza\u00e7\u00f5es sociais e tutelas coletivas tem surtido efeito para a efetiva\u00e7\u00e3o de pol\u00edticas p\u00fablicas, como em a\u00e7\u00f5es para prote\u00e7\u00e3o clim\u00e1tica. Um exemplo pr\u00e1tico \u00e9 o <a href=\"https:\/\/revistapesquisa.fapesp.br\/na-holanda-justica-obriga-governo-a-cortar-gases-estufa\/\" target=\"_blank\" rel=\"noopener\">caso da Holanda<\/a>, em uma corte determinou que o governo reduza a emiss\u00e3o de gases associados ao efeito estufa<\/p>\n\n\n\n<p>Vale ressaltar aqui que a advocacia nos direitos sociais n\u00e3o \u00e9 simples, pois cada direito possui um arcabou\u00e7o jur\u00eddico pr\u00f3prio. Por esse motivo, a maioria dos escrit\u00f3rios trabalham somente em uma ou duas \u00e1reas espec\u00edficas.<\/p>\n\n\n\n<p>Em raz\u00e3o de serem exercidos a partir de Pol\u00edticas P\u00fablicas promovidas pelo Estado, na maioria dos casos \u00e9 necess\u00e1rio tamb\u00e9m ter certo conhecimento de <a href=\"https:\/\/www.aurum.com.br\/blog\/direito-administrativo\/\">direito administrativo<\/a> (ou <a href=\"https:\/\/www.aurum.com.br\/blog\/direito-publico\/\">direito p\u00fablico<\/a>).&nbsp;<\/p>\n\n\n\n<p>Para tanto, \u00e9 indicado que os escrit\u00f3rios de advocacia tenham uma rotina de trabalho junto aos \u00f3rg\u00e3os p\u00fablicos. Isso porque, em muitos casos, os ju\u00edzes exigem os esgotamentos das esferas administrativas para ingressarem com medidas judiciais. Como ocorre, principalmente, na sa\u00fade e nas a\u00e7\u00f5es de <a href=\"https:\/\/www.aurum.com.br\/blog\/direito-previdenciario\/\">direito previdenci\u00e1rio<\/a>.<\/p>\n\n\n\n<p><em><a href=\"https:\/\/www.aurum.com.br\/blog\/principio-da-eficiencia\/\">Leia tamb\u00e9m: Principais conceitos e aplica\u00e7\u00f5es do princ\u00edpio da efici\u00eancia<\/a><\/em><\/p>\n\n\n\n<h2 class=\"wp-block-heading\">Conclus\u00e3o&nbsp;<\/h2>\n\n\n\n<p>Voc\u00ea viu neste artigo que os direitos sociais s\u00e3o uma garantia dada pelo Estado, fruto de reivindica\u00e7\u00f5es sociais e de processos democr\u00e1ticos, com previs\u00e3o constitucional.<\/p>\n\n\n\n<p>No atual cen\u00e1rio, h\u00e1 uma queda de bra\u00e7o entre a efici\u00eancia do Estado de Bem-estar Social e o Capitalismo. O ide\u00e1rio de Estado eficiente tem exigido da gest\u00e3o p\u00fablica contas equilibradas, e algumas institui\u00e7\u00f5es internacionais, tais como o Fundo Monet\u00e1rio Internacional e Organiza\u00e7\u00e3o para a Coopera\u00e7\u00e3o e Desenvolvimento Econ\u00f4mico, exigem a supress\u00e3o dessas garantias para diminuir os gastos p\u00fablicos, a fim de facilitar a <a href=\"https:\/\/www.aurum.com.br\/blog\/lei-da-liberdade-economica\/\">liberdade econ\u00f4mica<\/a>.<\/p>\n\n\n\n<p>Tal racionalidade <strong>tem posto em perigo a exist\u00eancia dos direitos sociais<\/strong>. Al\u00e9m disso, criou a possibilidade de que sejam apagados das constitui\u00e7\u00f5es via atua\u00e7\u00e3o dos tr\u00eas poderes, sem a ocorr\u00eancia de di\u00e1logo adequado junto \u00e0 popula\u00e7\u00e3o e participa\u00e7\u00e3o social no processo de tomadas de decis\u00f5es.<\/p>\n\n\n\n<p>Portanto, fica o questionamento: at\u00e9 quando os direitos sociais existir\u00e3o? Ser\u00e1 necess\u00e1rio novas mobiliza\u00e7\u00f5es populares, como ocorreu durante os s\u00e9culos XIX e XX, para garanti-los? Ser\u00e1 o fim do Estado Constitucional? Pense e deixe a sua opini\u00e3o nos coment\u00e1rios abaixo!&nbsp;<\/p>\n\n\n\n<h3 class=\"wp-block-heading\">Mais conhecimento para voc\u00ea<\/h3>\n\n\n\n<p>Siga navegando pelo Portal da Aurum para conferir outros conte\u00fados sobre direito e advocacia. Indico os seguintes temas:<\/p>\n\n\n\n<ul class=\"wp-block-list\">\n<li><a style=\"font-family: -apple-system, BlinkMacSystemFont, &quot;Segoe UI&quot;, Roboto, Oxygen-Sans, Ubuntu, Cantarell, &quot;Helvetica Neue&quot;, sans-serif;\" href=\"https:\/\/www.aurum.com.br\/blog\/nova-lei-trabalhista\/\">Nova Lei Trabalhista<\/a><span style=\"color: initial; font-family: -apple-system, BlinkMacSystemFont, &quot;Segoe UI&quot;, Roboto, Oxygen-Sans, Ubuntu, Cantarell, &quot;Helvetica Neue&quot;, sans-serif;\">: o que mudou nos direitos coletivos e individuais<\/span><\/li>\n\n\n\n<li><a href=\"https:\/\/www.aurum.com.br\/blog\/direitos-e-garantias-fundamentais\/\">Direitos e garantias fundamentais<\/a>: conhe\u00e7a os principais<\/li>\n\n\n\n<li><a href=\"https:\/\/www.aurum.com.br\/blog\/minimo-existencial\/\">M\u00ednimo existencial<\/a> e a <a href=\"https:\/\/www.aurum.com.br\/blog\/principio-da-dignidade-da-pessoa-humana\/\">dignidade da pessoa humana<\/a><\/li>\n\n\n\n<li><a href=\"https:\/\/www.aurum.com.br\/blog\/teoria-geral-do-direito\/\">Teoria Geral do Direito<\/a>: entenda os principais conceitos<\/li>\n\n\n\n<li><a href=\"https:\/\/www.aurum.com.br\/blog\/dano-estetico\/\">Danos Est\u00e9ticos<\/a>: principais aspectos jur\u00eddicos&nbsp;<\/li>\n\n\n\n<li><a href=\"https:\/\/www.aurum.com.br\/blog\/compliance\/\">Compliance:<\/a> o que \u00e9, tipos e como colocar em pr\u00e1tica&nbsp;<\/li>\n\n\n\n<li><a href=\"https:\/\/www.aurum.com.br\/blog\/imunidade-diplomatica\/\">Entenda o que \u00e9 imunidade diplom\u00e1tica e quem tem direito<\/a><\/li>\n\n\n\n<li><a href=\"https:\/\/www.aurum.com.br\/blog\/mandado-de-injuncao\/\">Saiba o que \u00e9 mandado de injun\u00e7\u00e3o<\/a><\/li>\n\n\n\n<li><a href=\"https:\/\/www.aurum.com.br\/blog\/direitos-da-personalidade\/\">Conhe\u00e7a as classifica\u00e7\u00f5es dos Direitos da Personalidade<\/a><\/li>\n\n\n\n<li><a href=\"https:\/\/www.aurum.com.br\/blog\/minimo-existencial\/\" data-type=\"URL\" data-id=\"https:\/\/www.aurum.com.br\/blog\/minimo-existencial\/\">Saiba mais sobre a dignidade da pessoa humana e o m\u00ednimo existencial<\/a><\/li>\n<\/ul>\n\n\n\n<p><em>O que achou do texto? Se tiver d\u00favidas ou sugest\u00f5es, comenta aqui embaixo. Irei responder com muito prazer! \ud83d\ude09<\/em><\/p>\n\n\n<style>\r\n  .news-post {\r\n    background: url('https:\/\/www.aurum.com.br\/blog\/wp-content\/themes\/aurum\/img\/bg-news-artigo.svg') no-repeat top center #3C48AA;\r\n    padding: 1.5rem;\r\n    border-radius: 6px;\r\n    margin: 1rem 0;\r\n  }\r\n  .news-post .icone {\r\n    display: none;\r\n  }\r\n  .news-post .title {\r\n    font-weight: 700;\r\n    font-size: 16px;\r\n    line-height: 130%;\r\n    text-align: center;\r\n    letter-spacing: -0.5px;\r\n    color: #fff;\r\n    margin-bottom: .9375rem;\r\n  }\r\n  .news-post p {\r\n    font-size: .875rem;\r\n    line-height: 140%;\r\n    text-align: center;\r\n    color: #fff;\r\n    margin-bottom: 1.25rem;\r\n  }\r\n  .news-post .news_button_span {\r\n    font-size: .8125rem;\r\n    display: block;\r\n    padding: .125rem .3125rem;\r\n    color: #fff;\r\n    text-align:left;\r\n  }\r\n  .news-post .news_button_span a {\r\n    color: #fff !important;\r\n    text-decoration: underline;\r\n  }\r\n  .news-post form {\r\n    width: 100%;\r\n  }\r\n  .news-post label {\r\n    font-weight: 600;\r\n    font-size: .9375rem;\r\n    line-height: 1.5rem;\r\n    margin-bottom: .5rem;\r\n    color: #fff;\r\n    display: block;\r\n  }\r\n  .news-post input {\r\n    background: #fff;\r\n    border: 1px solid #CBCBD9;\r\n    box-sizing: border-box;\r\n    border-radius: 4px;\r\n    padding: .75rem 1rem;\r\n    width: 100%;\r\n  }\r\n  .news-post button {\r\n    margin-top: .875rem;\r\n    width: 100%;\r\n    min-width: auto;\r\n    background: #FCC632;\r\n    color: #3C48AA;\r\n  }\r\n  .news-post .input {\r\n    position: relative;\r\n    padding-bottom: 10px;\r\n  }\r\n  .news-post .error-message-ad {\r\n    font-size: .875rem;\r\n    line-height: 130%;\r\n    color: #D50021;\r\n    margin-left: 4px;\r\n  }\r\n  .news-post .error {\r\n    border: 1px solid #D50021;\r\n  }\r\n  .news-post #message-form-ad {\r\n    border-radius: 4px;\r\n    padding: 0.7rem;\r\n    font-size:0.8rem;\r\n    text-align: center;\r\n    align-items: center;\r\n    justify-content: center;\r\n    display: none;\r\n  }\r\n  .news-post #message-form-ad svg {\r\n    margin-right: 8px;\r\n  }\r\n\r\n  @media(min-width: 561px) {\r\n    .news-post {\r\n      position: relative;\r\n      background: url('https:\/\/www.aurum.com.br\/blog\/wp-content\/themes\/aurum\/img\/bg-news-artigo.svg') no-repeat top center #3C48AA;\r\n      width: calc(100% - 30px);\r\n    }\r\n    .news-post .icone {\r\n      display: block;\r\n      position: absolute;\r\n      right: -30px;\r\n      top: 65px;\r\n      max-width: 142px;\r\n      width: 100%;\r\n      height: auto;\r\n      margin: 0;\r\n    }\r\n    .news-post .title {\r\n      font-size: 1.125rem;\r\n      text-align: left;\r\n      \/* padding-right: 3.75rem; *\/\r\n    }\r\n    .news-post p {\r\n      font-size: 1rem;\r\n      text-align: left;\r\n      max-width: 400px;\r\n    }\r\n    .news-post .boxes {\r\n      display: flex;\r\n      align-items: flex-start;\r\n    }\r\n    .news-post button {\r\n      margin: 0 0 0 1rem;\r\n      width: 100%;\r\n      max-width: 170px;\r\n      min-width: auto;\r\n      transition: all ease .3s\r\n    }\r\n    .news-post button:hover {\r\n      opacity: 0.9;\r\n      transition: all ease .3s\r\n    }\r\n    .news-post #message-form-ad {\r\n      padding: 1.125rem;\r\n      font-size:1rem;\r\n    }\r\n    .news-post #message-form-ad svg {\r\n      margin-right: 10px;\r\n    }\r\n  }\r\n<\/style>\r\n\r\n<div class=\"news-post\">\r\n  <div class=\"title news-ad-title\">Gostou do artigo e quer evoluir a sua advocacia?<\/div>\r\n  <p class=\"news-ad-subtitle\">Assine gr\u00e1tis a Aurum News e receba uma dose semanal de conte\u00fado no seu e-mail! \u270c\ufe0f<\/p>\r\n  <img decoding=\"async\" src=\"https:\/\/www.aurum.com.br\/blog\/wp-content\/themes\/aurum\/img\/icon-news-artigo.svg\" alt=\"\" class=\"icone\">\r\n\r\n  <form method=\"post\" name=\"newsletter-ad\" id=\"aurum-newsletter-ad\">\r\n    <div class=boxes>\r\n      <div class=\"input\">\r\n        <label class=\"label-email\" htmlFor=\"email-ad\">Qual seu e-mail?<\/label>\r\n        <input type=\"email\" id=\"email-ad\" name=\"newsletter-mail-ad\" placeholder=\"Digite seu e-mail?\">\r\n        <div class=\"error-message-ad-email\">Endere\u00e7o de e-mail inv\u00e1lido ou incorreto<\/div>\r\n\r\n        <label class=\"label-select\" htmlFor=\"lawsuits-select-ad\">\r\n          Quantos processos voc\u00ea ou<br class=\"for-desktop\"\/> seu escrit\u00f3rio acompanham?\r\n        <\/label>\r\n        <div id=\"lawsuits-select-ad\" class=\"lawsuits-select select-wrapper\" tabindex=\"0\">\r\n          <div class=\"s-dropdown--styled\">\r\n          <span class=\"lawsuits-default\">\r\n            <span id=\"lawsuits-newsletter-ad\" class=\"lawsuits-default-text\" data-value=\"\">Selecione os processos<\/span>\r\n            <svg class=\"chevron\" xmlns=\"http:\/\/www.w3.org\/2000\/svg\" width=\"24\" height=\"25\" viewBox=\"0 0 24 25\" fill=\"none\">\r\n              <path d=\"M6 15.6152L12 9.61523L18 15.6152\" stroke=\"black\" stroke-width=\"2\" stroke-linecap=\"round\" stroke-linejoin=\"round\" \/>\r\n            <\/svg>\r\n          <\/span>\r\n\r\n          <ul class=\"s-dropdown u-hide\">\r\n            <li class=\"lawsuits\" data-value=\"Mais de 1000 processos\">Mais de 1000 processos<\/li>\r\n            <li class=\"lawsuits\" data-value=\"De 501 a 1000 processos\">De 501 a 1000 processos<\/li>\r\n            <li class=\"lawsuits\" data-value=\"De 151 a 500 processos\">De 151 a 500 processos<\/li>\r\n            <li class=\"lawsuits\" data-value=\"De 41 a 150 processos\">De 41 a 150 processos<\/li>\r\n            <li class=\"lawsuits\" data-value=\"At\u00e9 40 processos\">At\u00e9 40 processos<\/li>\r\n            <li class=\"lawsuits\" data-value=\"Atuo apenas no consultivo\">Atuo apenas no consultivo<\/li>\r\n            <li class=\"lawsuits\" data-value=\"Ainda sou estudante de direito\">Ainda sou estudante de direito<\/li>\r\n            <li class=\"lawsuits\" data-value=\"N\u00e3o sou da \u00e1rea jur\u00eddica\">N\u00e3o sou da \u00e1rea jur\u00eddica<\/li>\r\n          <\/ul>\r\n          <\/div>\r\n        <\/div>\r\n        <div class=\"error-message-ad-lawsuits\">Selecione algum processo<\/div>\r\n      <\/div>\r\n      <button class=\"btn btn-yellow ad-btn-desktop\" id=\"aurum-submit-ad\">Assinar gr\u00e1tis<\/button>\r\n      <button class=\"btn btn-yellow ad-btn-mobile\" id=\"aurum-submit-ad\">Assinar<\/button>\r\n    <\/div>\r\n    <span class=\"news_button_span\">Ao se cadastrar voc\u00ea declara que leu e aceitou a pol\u00edtica de privacidade e cookies do <a href=\"https:\/\/s3.sa-east-1.amazonaws.com\/publico.aurum.com.br\/contratos\/politica-de-privacidade.pdf\" target=\"_blank\" rel=\"noopener noreferrer\">site<\/a>.<\/span>\r\n  <\/form>\r\n  <div id=\"message-form-ad\"><\/div>\r\n<\/div>","protected":false},"excerpt":{"rendered":"<p>Os direitos sociais visam resguardar direitos m\u00ednimos de qualidade de vida dos indiv\u00edduos. S\u00e3o direitos sociais: educa\u00e7\u00e3o, sa\u00fade, alimenta\u00e7\u00e3o, trabalho, moradia, transporte, lazer, seguran\u00e7a, previd\u00eancia social, prote\u00e7\u00e3o \u00e0 maternidade e \u00e0 inf\u00e2ncia e assist\u00eancia aos desamparados. Fruto de lutas sociais, essas garantias b\u00e1sicas se consolidaram com o surgimento das Constitui\u00e7\u00f5es que prev\u00eaem o Estado de [&hellip;]<\/p>\n","protected":false},"author":53,"featured_media":14969,"comment_status":"open","ping_status":"open","sticky":false,"template":"","format":"standard","meta":{"_bbp_topic_count":0,"_bbp_reply_count":0,"_bbp_total_topic_count":0,"_bbp_total_reply_count":0,"_bbp_voice_count":0,"_bbp_anonymous_reply_count":0,"_bbp_topic_count_hidden":0,"_bbp_reply_count_hidden":0,"_bbp_forum_subforum_count":0,"inline_featured_image":false,"footnotes":""},"categories":[20],"tags":[],"class_list":["post-9104","post","type-post","status-publish","format-standard","has-post-thumbnail","hentry","category-direito-constitucional"],"acf":[],"_links":{"self":[{"href":"https:\/\/www.aurum.com.br\/blog\/wp-json\/wp\/v2\/posts\/9104","targetHints":{"allow":["GET"]}}],"collection":[{"href":"https:\/\/www.aurum.com.br\/blog\/wp-json\/wp\/v2\/posts"}],"about":[{"href":"https:\/\/www.aurum.com.br\/blog\/wp-json\/wp\/v2\/types\/post"}],"author":[{"embeddable":true,"href":"https:\/\/www.aurum.com.br\/blog\/wp-json\/wp\/v2\/users\/53"}],"replies":[{"embeddable":true,"href":"https:\/\/www.aurum.com.br\/blog\/wp-json\/wp\/v2\/comments?post=9104"}],"version-history":[{"count":14,"href":"https:\/\/www.aurum.com.br\/blog\/wp-json\/wp\/v2\/posts\/9104\/revisions"}],"predecessor-version":[{"id":34606,"href":"https:\/\/www.aurum.com.br\/blog\/wp-json\/wp\/v2\/posts\/9104\/revisions\/34606"}],"wp:featuredmedia":[{"embeddable":true,"href":"https:\/\/www.aurum.com.br\/blog\/wp-json\/wp\/v2\/media\/14969"}],"wp:attachment":[{"href":"https:\/\/www.aurum.com.br\/blog\/wp-json\/wp\/v2\/media?parent=9104"}],"wp:term":[{"taxonomy":"category","embeddable":true,"href":"https:\/\/www.aurum.com.br\/blog\/wp-json\/wp\/v2\/categories?post=9104"},{"taxonomy":"post_tag","embeddable":true,"href":"https:\/\/www.aurum.com.br\/blog\/wp-json\/wp\/v2\/tags?post=9104"}],"curies":[{"name":"wp","href":"https:\/\/api.w.org\/{rel}","templated":true}]}}