{"id":9047,"date":"2024-09-04T11:25:38","date_gmt":"2024-09-04T14:25:38","guid":{"rendered":"https:\/\/aurum.com.br\/blog\/audiencia-de-conciliacao\/"},"modified":"2024-09-16T14:50:58","modified_gmt":"2024-09-16T17:50:58","slug":"audiencia-de-conciliacao","status":"publish","type":"post","link":"https:\/\/www.aurum.com.br\/blog\/audiencia-de-conciliacao\/","title":{"rendered":"Entenda a audi\u00eancia de concilia\u00e7\u00e3o no Novo CPC"},"content":{"rendered":"<div id=\"bsf_rt_marker\"><\/div>\n<pre class=\"wp-block-preformatted\">A <strong><a href=\"https:\/\/www.aurum.com.br\/blog\/audiencia-de-instrucao-e-julgamento\/\" data-type=\"URL\" data-id=\"https:\/\/www.aurum.com.br\/blog\/audiencia-de-instrucao-e-julgamento\/\">audi\u00eancia<\/a> de concilia\u00e7\u00e3o<\/strong> \u00e9 um m\u00e9todo previsto pelo direito brasileiro para que as partes resolvam seus conflitos atrav\u00e9s do di\u00e1logo. Isso torna o processo mais r\u00e1pido e evita o desgaste de longos processos judiciais.<\/pre>\n\n\n\n<script type=\"application\/ld+json\">\n{\n  \"@context\": \"https:\/\/schema.org\",\n  \"@type\": \"FAQPage\",\n  \"mainEntity\": [{\n    \"@type\": \"Question\",\n    \"name\": \"O que \u00e9 a audi\u00eancia de concilia\u00e7\u00e3o?\",\n    \"acceptedAnswer\": {\n      \"@type\": \"Answer\",\n      \"text\": \"A audi\u00eancia de concilia\u00e7\u00e3o \u00e9 tida pelo ordenamento jur\u00eddico brasileiro como um m\u00e9todo de autocomposi\u00e7\u00e3o, na qual \u00e9 proporcionado \u00e0s partes a solu\u00e7\u00e3o de conflitos por meio do di\u00e1logo. Assim, garante maior celeridade processual e evitando desgastes com a longa durabilidade de processos judiciais.\"\n    }\n  },{\n    \"@type\": \"Question\",\n    \"name\": \"Qual a diferen\u00e7a de audi\u00eancia de concilia\u00e7\u00e3o e media\u00e7\u00e3o?\",\n    \"acceptedAnswer\": {\n      \"@type\": \"Answer\",\n      \"text\": \"Tanto o CPC quanto a Lei 13.140 tratam a concilia\u00e7\u00e3o como um sin\u00f4nimo de media\u00e7\u00e3o, mas na pr\u00e1tica existe uma s\u00fatil diferen\u00e7a. Resumidamente, a t\u00e9cnica usada na concilia\u00e7\u00e3o para aproximar as partes \u00e9 mais direta. Na media\u00e7\u00e3o, o mediador interfere menos.\"\n    }\n  },{\n    \"@type\": \"Question\",\n    \"name\": \"O que acontece quando uma das partes n\u00e3o comparece na audi\u00eancia de concilia\u00e7\u00e3o?\",\n    \"acceptedAnswer\": {\n      \"@type\": \"Answer\",\n      \"text\": \"Conforme art. 334, \u00a78\u00ba, o n\u00e3o comparecimento ser\u00e1 considerado ato atentat\u00f3rio \u00e0 justi\u00e7a quando n\u00e3o for justificado. Com isso, ser\u00e1 aplicado multa de at\u00e9 2% da vantagem econ\u00f4mica pretendida ou do valor da causa.\"\n    }\n  },{\n    \"@type\": \"Question\",\n    \"name\": \"O que acontece se n\u00e3o houver acordo na audi\u00eancia de concilia\u00e7\u00e3o?\",\n    \"acceptedAnswer\": {\n      \"@type\": \"Answer\",\n      \"text\": \"N\u00e3o sendo obtida a concilia\u00e7\u00e3o entre as partes, ser\u00e1 iniciado o prazo para apresenta\u00e7\u00e3o de contesta\u00e7\u00e3o pelo r\u00e9u, e o processo seguir\u00e1 para saneamento.\"\n    }\n  }]\n}\n<\/script>\n\n\n\n<p>O C\u00f3digo de Processo Civil de 1973 previa, em seu <a href=\"https:\/\/www.aurum.com.br\/blog\/recurso-ordinario-trabalhista\/\" data-type=\"URL\" data-id=\"https:\/\/www.aurum.com.br\/blog\/recurso-ordinario-trabalhista\/\">rito ordin\u00e1rio<\/a>, a audi\u00eancia preliminar, voltada \u00e0 tentativa de composi\u00e7\u00e3o entre as partes. Ocorre que a audi\u00eancia era designada pelo juiz j\u00e1 no curso da demanda, ap\u00f3s a apresenta\u00e7\u00e3o de contesta\u00e7\u00e3o pelo r\u00e9u.&nbsp;<\/p>\n\n\n\n<p>Al\u00e9m disso, o diploma processual revogado tamb\u00e9m disciplinava, para o rito sum\u00e1rio (art. 275 e seguintes), o procedimento para pr\u00e9via realiza\u00e7\u00e3o de audi\u00eancia antes da apresenta\u00e7\u00e3o de contesta\u00e7\u00e3o (art. 277).\u00a0<\/p>\n\n\n\n<p>Inalteravelmente, ap\u00f3s a apresenta\u00e7\u00e3o de contesta\u00e7\u00e3o, a lide e a litigiosidade das partes se acentuavam. Por esse motivo, o <a href=\"https:\/\/www.aurum.com.br\/blog\/novo-cpc-comentado\/\" data-type=\"URL\" data-id=\"https:\/\/www.aurum.com.br\/blog\/novo-cpc-comentado\/\">Novo C\u00f3digo de Processo Civil<\/a> introduziu a tentativa de concilia\u00e7\u00e3o no in\u00edcio do processo, viabilizando a solu\u00e7\u00e3o do conflito e a extin\u00e7\u00e3o da demanda sem maiores delongas.<\/p>\n\n\n\n<p>Nesse artigo, apresentarei a perspectiva que o legislador aplicou \u00e0 audi\u00eancia de concilia\u00e7\u00e3o e suas nuances na pr\u00e1tica da advocacia. \ud83d\ude09<\/p>\n\n\n\n\n\n<h2 class=\"wp-block-heading\">O que \u00e9 a audi\u00eancia de concilia\u00e7\u00e3o no Novo CPC?<\/h2>\n\n\n\n<p>A audi\u00eancia de concilia\u00e7\u00e3o <strong>\u00e9 o momento oportunizado \u00e0s partes para se conciliarem<\/strong>, concretizado em concess\u00f5es rec\u00edprocas, de modo a atender o interesse de todos os envolvidos.<\/p>\n\n\n\n<p>Como j\u00e1 mencionado, o CPC\/1973 n\u00e3o privilegiava o acordo das partes, advindo de uma cultura litigiosa, em que a concilia\u00e7\u00e3o sempre foi banalizada pelas partes e pelos magistrados.<\/p>\n\n\n\n<p>Com o <a href=\"https:\/\/www.aurum.com.br\/blog\/novo-cpc-comentado\/\">Novo CPC<\/a>, se deu in\u00edcio \u00e0 cultura apoiada por muitos legisladores e doutrinadores, denominada \u201cA Cultura da Paz\u201d, trazida primeiramente pela <a href=\"https:\/\/atos.cnj.jus.br\/atos\/detalhar\/156\" target=\"_blank\" rel=\"noopener\">Portaria 125 do CNJ<\/a>, no ano de 2010.&nbsp;<\/p>\n\n\n\n<p>O Novo CPC \u00e9, portanto, o fruto dessa cultura. Nesse sentido, em seu artigo 3\u00ba, \u00a73\u00ba, \u00e9 disciplinado que:<\/p>\n\n\n\n<blockquote class=\"wp-block-quote is-layout-flow wp-block-quote-is-layout-flow\">\n<p><em>A concilia\u00e7\u00e3o, a <a href=\"https:\/\/www.aurum.com.br\/blog\/mediacao-familiar\/\">media\u00e7\u00e3o<\/a> e outros m\u00e9todos de solu\u00e7\u00e3o consensual de conflitos dever\u00e3o ser estimulados por ju\u00edzes, advogados, defensores p\u00fablicos e membros do Minist\u00e9rio P\u00fablico, inclusive no curso do processo judicial.\u201d<\/em><\/p>\n<\/blockquote>\n\n\n\n<p>Por isso, podemos dizer que um dos principais pilares do Novo CPC \u00e9 a solu\u00e7\u00e3o dos conflitos de forma consensual.&nbsp;<\/p>\n\n\n\n<figure class=\"wp-block-image size-full\"><img decoding=\"async\" width=\"1080\" height=\"1080\" src=\"https:\/\/www.aurum.com.br\/blog\/wp-content\/uploads\/2023\/05\/o-que-e-audiencia-de-conciliacao-1.jpg\" alt=\"Entenda como a audi\u00eancia de concilia\u00e7\u00e3o funciona\" class=\"wp-image-30788\" srcset=\"https:\/\/www.aurum.com.br\/blog\/wp-content\/uploads\/2023\/05\/o-que-e-audiencia-de-conciliacao-1.jpg 1080w, https:\/\/www.aurum.com.br\/blog\/wp-content\/uploads\/2023\/05\/o-que-e-audiencia-de-conciliacao-1-300x300.jpg 300w, https:\/\/www.aurum.com.br\/blog\/wp-content\/uploads\/2023\/05\/o-que-e-audiencia-de-conciliacao-1-150x150.jpg 150w, https:\/\/www.aurum.com.br\/blog\/wp-content\/uploads\/2023\/05\/o-que-e-audiencia-de-conciliacao-1-768x768.jpg 768w\" sizes=\"(max-width: 1080px) 100vw, 1080px\" \/><figcaption class=\"wp-element-caption\">Veja o que \u00e9 audi\u00eancia de concilia\u00e7\u00e3o<\/figcaption><\/figure>\n\n\n\n<h2 class=\"wp-block-heading\">Qual a diferen\u00e7a de audi\u00eancia de concilia\u00e7\u00e3o e media\u00e7\u00e3o?<\/h2>\n\n\n\n<p>Tanto o CPC quanto a Lei 13.140 tratam a concilia\u00e7\u00e3o como um sin\u00f4nimo de <a href=\"https:\/\/www.aurum.com.br\/blog\/mediacao-conciliacao-e-arbitragem\/\" data-type=\"URL\" data-id=\"https:\/\/www.aurum.com.br\/blog\/mediacao-conciliacao-e-arbitragem\/\">media\u00e7\u00e3o<\/a>, mas na pr\u00e1tica existe uma s\u00fatil diferen\u00e7a. <\/p>\n\n\n\n<p>Resumidamente, a t\u00e9cnica usada na <strong>concilia\u00e7\u00e3o <\/strong>para aproximar as partes \u00e9 mais direta. Enquanto na <strong>media\u00e7\u00e3o<\/strong>, o mediador interfere menos.<\/p>\n\n\n\n<p>Leia tamb\u00e9m: <em><a href=\"https:\/\/www.aurum.com.br\/blog\/mediacao-conciliacao-e-arbitragem\/\" data-type=\"URL\" data-id=\"https:\/\/www.aurum.com.br\/blog\/mediacao-conciliacao-e-arbitragem\/\">Quais as diferen\u00e7as entre media\u00e7\u00e3o, concilia\u00e7\u00e3o e arbitragem?<\/a><\/em><\/p>\n\n\n\n<h2 class=\"wp-block-heading\">Como se preparar para a audi\u00eancia de concilia\u00e7\u00e3o?<\/h2>\n\n\n\n<p>Quer saber mais sobre o que \u00e9 e como se preparar para a audi\u00eancia de concilia\u00e7\u00e3o? Para complementar sua leitura, n\u00f3s ainda indicamos o seguinte v\u00eddeo:<\/p>\n\n\n\n<figure class=\"wp-block-embed is-type-video is-provider-youtube wp-block-embed-youtube wp-embed-aspect-16-9 wp-has-aspect-ratio\"><div class=\"wp-block-embed__wrapper\">\n<iframe title=\"Orienta\u00e7\u00f5es para partes em audi\u00eancia de concilia\u00e7\u00e3o\" width=\"500\" height=\"281\" src=\"https:\/\/www.youtube.com\/embed\/4cYslbbWkM4?feature=oembed\" frameborder=\"0\" allow=\"accelerometer; autoplay; clipboard-write; encrypted-media; gyroscope; picture-in-picture; web-share\" referrerpolicy=\"strict-origin-when-cross-origin\" allowfullscreen><\/iframe>\n<\/div><\/figure>\n\n\n\n<h2 class=\"wp-block-heading\">Audi\u00eancia de concilia\u00e7\u00e3o no Novo CPC&nbsp;<\/h2>\n\n\n\n<p>Prevista no <a href=\"https:\/\/www.jusbrasil.com.br\/topicos\/28893587\/artigo-334-da-lei-n-13105-de-16-de-marco-de-2015\" data-type=\"URL\" data-id=\"https:\/\/www.jusbrasil.com.br\/topicos\/28893587\/artigo-334-da-lei-n-13105-de-16-de-marco-de-2015\" target=\"_blank\" rel=\"noopener\">art. 334<\/a> do diploma processualista, a audi\u00eancia de concilia\u00e7\u00e3o <strong>\u00e9 o instrumento para proporcionar a resolu\u00e7\u00e3o do conflito de forma c\u00e9lere e que atenda aos interesses das partes envolvidas<\/strong> na lide antes da apresenta\u00e7\u00e3o da <a href=\"https:\/\/www.aurum.com.br\/blog\/contestacao\/\">contesta\u00e7\u00e3o<\/a> pelo r\u00e9u.<\/p>\n\n\n\n<p>O CPC\/2015 disp\u00f5e sobre a audi\u00eancia de concilia\u00e7\u00e3o:<\/p>\n\n\n\n<figure class=\"wp-block-pullquote classe bq-small\"><blockquote><p><strong>Art. 334.<\/strong> Se a <a href=\"https:\/\/www.aurum.com.br\/blog\/peticao-inicial\/\">peti\u00e7\u00e3o inicial<\/a> preencher os requisitos essenciais e n\u00e3o for o caso de improced\u00eancia <a href=\"https:\/\/www.aurum.com.br\/blog\/liminar\/\" data-type=\"URL\" data-id=\"https:\/\/www.aurum.com.br\/blog\/liminar\/\">liminar do pedido<\/a>, o juiz designar\u00e1 audi\u00eancia de concilia\u00e7\u00e3o ou de media\u00e7\u00e3o com anteced\u00eancia m\u00ednima de 30 (trinta) dias, devendo ser citado o r\u00e9u com pelo menos 20 (vinte) dias de anteced\u00eancia.<\/p><\/blockquote><\/figure>\n\n\n\n<h3 class=\"wp-block-heading\">Principal mudan\u00e7a em rela\u00e7\u00e3o ao CPC\/1973<\/h3>\n\n\n\n<p>Em rela\u00e7\u00e3o ao CPC\/1973, diversas s\u00e3o as mudan\u00e7as introduzidas pelo Novo CPC. A principal delas, como j\u00e1 mencionado, <strong>\u00e9 o momento em que a audi\u00eancia de concilia\u00e7\u00e3o \u00e9 designada. <\/strong><\/p>\n\n\n\n<p>No Novo CPC, a audi\u00eancia \u00e9 realizada antes do in\u00edcio do prazo para apresenta\u00e7\u00e3o da contesta\u00e7\u00e3o. No procedimento ordin\u00e1rio do revogado CPC\/1973, a audi\u00eancia de concilia\u00e7\u00e3o (audi\u00eancia preliminar) ocorria ap\u00f3s a apresenta\u00e7\u00e3o de contesta\u00e7\u00e3o, nos termos do art. 331.<\/p>\n\n\n\n<h4 class=\"wp-block-heading\">CPC\/1973<\/h4>\n\n\n\n<figure class=\"wp-block-pullquote classe bq-small\"><blockquote><p><strong>Art. 331. <\/strong>Se n\u00e3o ocorrer qualquer das hip\u00f3teses previstas nas se\u00e7\u00f5es <a href=\"https:\/\/www.aurum.com.br\/blog\/glossario-juridico\/precedente\/\" data-wpil-monitor-id=\"96\">precedentes<\/a>, e versar a causa sobre direitos que admitam transa\u00e7\u00e3o, o juiz designar\u00e1 audi\u00eancia preliminar, a realizar-se no prazo de 30 (trinta) dias, para a qual ser\u00e3o as partes intimadas a comparecer, podendo fazer-se representar por procurador ou preposto, com poderes para transigir.<\/p><\/blockquote><\/figure>\n\n\n\n<h4 class=\"wp-block-heading\">Novo CPC<\/h4>\n\n\n\n<figure class=\"wp-block-pullquote classe bq-small\"><blockquote><p><strong>Art. 335.<\/strong> O r\u00e9u poder\u00e1 oferecer contesta\u00e7\u00e3o, por <a href=\"https:\/\/www.aurum.com.br\/blog\/glossario-juridico\/peticao\/\" data-wpil-monitor-id=\"100\">peti\u00e7\u00e3o<\/a>, no prazo de 15 (quinze) dias, cujo termo inicial ser\u00e1 a data:<br>I &#8211; da audi\u00eancia de concilia\u00e7\u00e3o ou de media\u00e7\u00e3o, ou da \u00faltima <a href=\"https:\/\/www.aurum.com.br\/blog\/glossario-juridico\/audiencia-de-conciliacao\/\" data-wpil-monitor-id=\"97\">sess\u00e3o de concilia\u00e7\u00e3o<\/a>, quando qualquer parte n\u00e3o comparecer ou, comparecendo, n\u00e3o houver autocomposi\u00e7\u00e3o.<\/p><\/blockquote><\/figure>\n\n\n\n<p>Nas palavras de C\u00e2ndido Rangel Dinamarco, em seu livro \u201cInstitui\u00e7\u00f5es de <a href=\"https:\/\/www.aurum.com.br\/blog\/glossario-juridico\/direito-processual-civil\/\" data-wpil-monitor-id=\"101\">Direito Processual Civil<\/a> III\u201d:<\/p>\n\n\n\n<blockquote class=\"wp-block-quote is-layout-flow wp-block-quote-is-layout-flow\">\n<p><em>A implanta\u00e7\u00e3o da audi\u00eancia de concilia\u00e7\u00e3o ou de media\u00e7\u00e3o logo no in\u00edcio do procedimento comum constitui natural proje\u00e7\u00e3o de um dos pontos basilares do modelo processual desenhado pelo C\u00f3digo de Processo Civil, representado pelo incentivo \u00e0s solu\u00e7\u00f5es consensuais dos conflitos.\u201d<\/em><\/p>\n<\/blockquote>\n\n\n\n<p>Assim, \u00e9 poss\u00edvel perceber a import\u00e2ncia da audi\u00eancia de concilia\u00e7\u00e3o trazida pelo <a href=\"https:\/\/www.aurum.com.br\/blog\/novo-codigo-de-processo-civil\/\">Novo C\u00f3digo de Processo Civil<\/a>, demonstrando o compromisso do Estado com a Cultura da Paz e a diminui\u00e7\u00e3o de demandas judiciais em curso atrav\u00e9s da resolu\u00e7\u00e3o consensual de conflitos.<\/p>\n\n\n\n<h2 class=\"wp-block-heading\">Como \u00e9 realizada a audi\u00eancia de concilia\u00e7\u00e3o?<\/h2>\n\n\n\n<p>H\u00e1 que se mencionar ainda a <strong>possibilidade de realiza\u00e7\u00e3o de mais de uma sess\u00e3o destinada \u00e0 audi\u00eancia de concilia\u00e7\u00e3o e media\u00e7\u00e3o<\/strong>, como prev\u00ea o art. 334, \u00a72\u00ba do Novo CPC. Por\u00e9m, n\u00e3o podendo exceder a dois meses da data de realiza\u00e7\u00e3o da primeira sess\u00e3o, desde que necess\u00e1ria \u00e0 composi\u00e7\u00e3o das partes.<\/p>\n\n\n\n<p>H\u00e1 tamb\u00e9m situa\u00e7\u00f5es em que a audi\u00eancia de concilia\u00e7\u00e3o n\u00e3o ser\u00e1 realizada, conforme o NCPC:<\/p>\n\n\n\n<figure class=\"wp-block-pullquote classe bq-small\"><blockquote><p><strong>Art. 334.<\/strong> \u00a7 4\u00ba A audi\u00eancia n\u00e3o ser\u00e1 realizada:<br>I &#8211; se ambas as partes manifestarem, expressamente, desinteresse na composi\u00e7\u00e3o consensual;<br>II &#8211; quando n\u00e3o se admitir a autocomposi\u00e7\u00e3o.<\/p><\/blockquote><\/figure>\n\n\n\n<p>Se o autor n\u00e3o tiver interesse na designa\u00e7\u00e3o da audi\u00eancia de concilia\u00e7\u00e3o, dever\u00e1 indicar, na peti\u00e7\u00e3o inicial, o seu desinteresse na autocomposi\u00e7\u00e3o. J\u00e1 o r\u00e9u dever\u00e1 faz\u00ea-lo, tamb\u00e9m por peti\u00e7\u00e3o, apresentada com 10 dias de anteced\u00eancia da data da audi\u00eancia (art. 334, \u00a75\u00ba).<\/p>\n\n\n\n<p>No caso de <a href=\"https:\/\/www.aurum.com.br\/blog\/litisconsorcio\/\">litiscons\u00f3rcio<\/a>, o desinteresse na realiza\u00e7\u00e3o da audi\u00eancia deve ser manifestado por todos os litisconsortes (art. 334, \u00a76\u00ba).<\/p>\n\n\n\n<p>Para a realiza\u00e7\u00e3o da audi\u00eancia de concilia\u00e7\u00e3o, as partes dever\u00e3o estar acompanhadas por seus advogados ou defensores p\u00fablicos,. \u00c9 poss\u00edvel tamb\u00e9m constituir representante, por meio de <a href=\"https:\/\/www.aurum.com.br\/blog\/glossario-juridico\/procuracao\/\" data-wpil-monitor-id=\"102\">procura\u00e7\u00e3o espec\u00edfica<\/a>, com poderes para negociar e transigir (art. 334, \u00a7\u00ba 9 e 10).<\/p>\n\n\n\n<p>Alcan\u00e7ada a autocomposi\u00e7\u00e3o, ou seja, caso seja frut\u00edfera a audi\u00eancia de concilia\u00e7\u00e3o, ser\u00e1 reduzida a termo e homologada por senten\u00e7a.<\/p>\n\n\n\n<h2 class=\"wp-block-heading\">O que acontece quando uma das partes n\u00e3o comparece na audi\u00eancia de concilia\u00e7\u00e3o?<\/h2>\n\n\n\n<p>Conforme art. 334, \u00a78\u00ba, o n\u00e3o comparecimento ser\u00e1 considerado ato atentat\u00f3rio \u00e0 justi\u00e7a quando n\u00e3o for justificado. Com isso, <strong>ser\u00e1 aplicado multa de at\u00e9 2% da vantagem econ\u00f4mica pretendida ou do valor da causa. <\/strong><\/p>\n\n\n\n<figure class=\"wp-block-pullquote classe bq-small\"><blockquote><p><strong>Art. 334, \u00a78\u00ba. <\/strong>O n\u00e3o comparecimento injustificado do autor ou do r\u00e9u \u00e0 audi\u00eancia de concilia\u00e7\u00e3o \u00e9 considerado ato atentat\u00f3rio \u00e0 dignidade da justi\u00e7a e ser\u00e1 sancionado com multa de at\u00e9 dois por cento da vantagem econ\u00f4mica pretendida ou do <a href=\"https:\/\/www.aurum.com.br\/blog\/valor-da-causa-novo-cpc\/\">valor da causa<\/a>, revertida em favor da Uni\u00e3o ou do Estado.<\/p><\/blockquote><\/figure>\n\n\n\n<h2 class=\"wp-block-heading\">O que acontece se n\u00e3o houver acordo na audi\u00eancia de concilia\u00e7\u00e3o?<\/h2>\n\n\n\n<p>N\u00e3o sendo obtida a concilia\u00e7\u00e3o entre as partes, <strong>ser\u00e1 iniciado o prazo para apresenta\u00e7\u00e3o de contesta\u00e7\u00e3o pelo r\u00e9u, e o <a href=\"https:\/\/www.aurum.com.br\/blog\/glossario-juridico\/processo\/\" data-wpil-monitor-id=\"103\">processo<\/a> seguir\u00e1 para saneamento<\/strong> (procedimento adotado pelo juiz para sanar v\u00edcios, irregularidades ou nulidade processuais e preparar o processo para ser proferida a senten\u00e7a).<\/p>\n\n\n\n<p>Saneado o processo, caso seja necess\u00e1rio, o juiz ir\u00e1 designar data para a realiza\u00e7\u00e3o da audi\u00eancia de instru\u00e7\u00e3o e julgamento (art. 357, inciso Vl).<\/p>\n\n\n\n<h2 class=\"wp-block-heading\">Audi\u00eancia de concilia\u00e7\u00e3o, instru\u00e7\u00e3o e julgamento&nbsp;<\/h2>\n\n\n\n<p>A <a href=\"https:\/\/www.aurum.com.br\/blog\/audiencia-de-instrucao-e-julgamento\/\">audi\u00eancia de instru\u00e7\u00e3o e julgamento<\/a> est\u00e1 prevista nos art. 358 a 368 do Novo CPC e<strong> tem como objetivo expor e produzir provas sobre quest\u00f5es em que n\u00e3o h\u00e1 consenso entre as partes<\/strong>.<\/p>\n\n\n\n<p>Em algumas situa\u00e7\u00f5es, \u00e9 tamb\u00e9m denominada como audi\u00eancia de concilia\u00e7\u00e3o, instru\u00e7\u00e3o e julgamento, j\u00e1 que o magistrado tentar\u00e1 obter a composi\u00e7\u00e3o entre as partes (art. 359).<\/p>\n\n\n\n<p>N\u00e3o obtida a concilia\u00e7\u00e3o, as provas orais ser\u00e3o produzidas, na ordem estabelecida pelo art. 361:&nbsp;<\/p>\n\n\n\n<ol class=\"wp-block-list\">\n<li>Pelo perito e os assistentes t\u00e9cnicos, que responder\u00e3o aos quesitos de esclarecimentos requeridos no prazo e na forma do&nbsp;<a aria-label=\" (opens in a new tab)\" rel=\"noreferrer noopener\" href=\"http:\/\/www.planalto.gov.br\/ccivil_03\/_ato2015-2018\/2015\/lei\/l13105.htm#art477\" target=\"_blank\">art. 477<\/a>, caso n\u00e3o respondidos anteriormente por escrito;&nbsp;<\/li>\n\n\n\n<li>Pelo autor e, em seguida, o r\u00e9u, que prestar\u00e3o <a href=\"https:\/\/www.aurum.com.br\/blog\/glossario-juridico\/depoimento\/\" data-wpil-monitor-id=\"98\">depoimentos<\/a> pessoais;&nbsp;<\/li>\n\n\n\n<li>Pelas <a href=\"https:\/\/www.aurum.com.br\/blog\/glossario-juridico\/testemunha\/\" data-wpil-monitor-id=\"104\">testemunhas<\/a> arroladas pelo autor e pelo r\u00e9u, que ser\u00e3o inquiridas.<\/li>\n<\/ol>\n\n\n\n<p>Ao final da instru\u00e7\u00e3o, ser\u00e1 dada a palavra ao advogado do autor, ao advogado do r\u00e9u e ao representante do <a href=\"https:\/\/www.aurum.com.br\/blog\/glossario-juridico\/ministerio-publico\/\" data-wpil-monitor-id=\"105\">Minist\u00e9rio P\u00fablico<\/a>, se for o caso de sua atua\u00e7\u00e3o, pelo prazo sucessivo de 20 minutos, prorrog\u00e1vel por mais 10.<\/p>\n\n\n\n<p>Em se tratando de quest\u00f5es complexas, o debate oral poder\u00e1 ser substitu\u00eddo por raz\u00f5es finais escritas a serem apresentadas pelas partes dentro do prazo de 15 dias, o que geralmente ocorre.<\/p>\n\n\n\n<p>Ao t\u00e9rmino do debate ou oferecidas as <a href=\"https:\/\/www.aurum.com.br\/blog\/alegacoes-finais\/\">alega\u00e7\u00f5es finais<\/a>, <strong>ser\u00e1 proferida senten\u00e7a na pr\u00f3pria audi\u00eancia ou dentro do prazo de trinta dias. <\/strong>Importante esclarecer que a audi\u00eancia de concilia\u00e7\u00e3o, instru\u00e7\u00e3o e julgamento poder\u00e1 ser adiada pelos seguintes motivos:<\/p>\n\n\n\n<ul class=\"wp-block-list\">\n<li>Por conven\u00e7\u00e3o das partes;&nbsp;<\/li>\n\n\n\n<li>Se n\u00e3o puder comparecer, por motivo justificado, qualquer pessoa que dela deva necessariamente participar;&nbsp;<\/li>\n\n\n\n<li>Por atraso injustificado de seu in\u00edcio em tempo superior a 30 minutos do hor\u00e1rio marcado.<\/li>\n<\/ul>\n\n\n\n<style>\n    #adpost-block_c5d44a5ca6e49b633c0d2a8f1455ab62.anuncio-post-reverse {\n        display: flex;\n        gap: 24px;\n        border-radius: 8px;\n        width: 100%;\n        max-width: 752px;\n        padding: 40px;\n        background: #e7f4fe;\n        margin: 16px auto;\n    }\n\n    #adpost-block_c5d44a5ca6e49b633c0d2a8f1455ab62 .anuncio-container {\n        display: flex;\n        flex-direction: column;\n        gap: 24px;\n        width: 100%;\n        max-width: 333px;\n    }\n\n    #adpost-block_c5d44a5ca6e49b633c0d2a8f1455ab62 .anuncio-container .logo {\n        width: 100%;\n        max-width: 177px;\n        margin: 0;\n    }\n\n    #adpost-block_c5d44a5ca6e49b633c0d2a8f1455ab62 .anuncio-text-container {\n        display: flex;\n        flex-direction: column;\n        gap: 24px;\n    }\n\n    #adpost-block_c5d44a5ca6e49b633c0d2a8f1455ab62 .anuncio-text-container .title {\n        font-family: 'Ubuntu';\n        font-size: 1.5rem; \/\/24px\n        font-weight: 700;\n        line-height: 120%;\n        margin: 0;\n        color: #000;\n    }\n\n    #adpost-block_c5d44a5ca6e49b633c0d2a8f1455ab62 .anuncio-text-container .text {\n        font-size: 0.875rem;\n        font-weight: 400;\n        line-height: 170%;\n        color: #000;\n    }\n\n    #adpost-block_c5d44a5ca6e49b633c0d2a8f1455ab62 .anuncio-container .button {\n        display: inline-flex;\n        align-items: center;\n        justify-content: center;\n        width: fit-content;\n        height: 48px;\n        border-radius: 8px;\n        padding: 12px 24px;\n        font-size: 1rem;\n        font-weight: 600;\n        text-decoration: none;\n        background: #008fd5;\n        color: #fff;\n    }\n\n    #adpost-block_c5d44a5ca6e49b633c0d2a8f1455ab62 .image-container {\n        position: relative;\n        width: 100%;\n        height: 100%;\n    }\n\n    #adpost-block_c5d44a5ca6e49b633c0d2a8f1455ab62 .image-container.float {\n        min-height: 236px;\n    }\n\n    #adpost-block_c5d44a5ca6e49b633c0d2a8f1455ab62 .image-container .image-desktop {\n        width: 100%;\n        max-width: 323px;\n        object-fit: contain;\n        margin: 0;\n    }\n\n    #adpost-block_c5d44a5ca6e49b633c0d2a8f1455ab62 .image-container .image-mobile {\n        display: none;\n        width: 100%;\n        max-width: 291px;\n        object-fit: contain;\n        margin: 0;\n    }\n\n    #adpost-block_c5d44a5ca6e49b633c0d2a8f1455ab62 .image-container.float .image-desktop,\n    #adpost-block_c5d44a5ca6e49b633c0d2a8f1455ab62 .image-container.float .image-mobile {\n        position: absolute;\n        right: 0;\n        bottom: 0;\n    }\n\n    #adpost-block_c5d44a5ca6e49b633c0d2a8f1455ab62 .image-container img {\n        border-radius: 8px;\n    }\n\n    \/************\n    * MOBILE \n    *************\/\n    @media (max-width: 1439px) {\n        #adpost-block_c5d44a5ca6e49b633c0d2a8f1455ab62.anuncio-post-reverse {\n            flex-direction: column-reverse;\n            max-width: fit-content;\n            padding: 24px;\n        }\n\n        #adpost-block_c5d44a5ca6e49b633c0d2a8f1455ab62 .anuncio-container {\n            max-width: 280px;\n            align-items: center;\n        }\n\n        #adpost-block_c5d44a5ca6e49b633c0d2a8f1455ab62 .anuncio-container .logo {\n            max-width: 147px;\n        }\n\n        #adpost-block_c5d44a5ca6e49b633c0d2a8f1455ab62 .anuncio-text-container {\n            gap: 8px;\n        }\n\n        #adpost-block_c5d44a5ca6e49b633c0d2a8f1455ab62 .anuncio-text-container .title {\n            font-size: 1.25rem;\n            text-align: center;\n        }\n\n        #adpost-block_c5d44a5ca6e49b633c0d2a8f1455ab62 .anuncio-text-container .text {\n            text-align: center;\n        }\n\n        #adpost-block_c5d44a5ca6e49b633c0d2a8f1455ab62 .anuncio-container .button {\n            width: 100%;\n        }\n\n        #adpost-block_c5d44a5ca6e49b633c0d2a8f1455ab62 .image-container.float {\n            min-height: 182px;\n        }\n\n        #adpost-block_c5d44a5ca6e49b633c0d2a8f1455ab62 .image-container .image-desktop {\n            display: none;\n        }\n\n        #adpost-block_c5d44a5ca6e49b633c0d2a8f1455ab62 .image-container .image-mobile {\n            display: block;\n        }\n    }\n\n    \/*******************\n    * RESET GLOBAL CSS \n    ********************\/\n    #s-post main article .content .image-container img {\n        margin: 0;\n    }\n<\/style>\n\n\n<article id=\"adpost-block_c5d44a5ca6e49b633c0d2a8f1455ab62\" class=\"anuncio-post-reverse\">\n    <div class=\"anuncio-container\">\n        \n        <div class=\"anuncio-text-container\">\n             <h3 class=\"title\" >Seja protagonista da sua advocacia com o Astrea<\/h3>\n            <div class=\"text\" >Tenha tempo para focar no crescimento do seu escrit\u00f3rio, enquanto o Astrea cuida da sua gest\u00e3o jur\u00eddica com intelig\u00eancia.<\/div>        <\/div>\n       \n        <a class=\"button\" href=\"\/astrea\/?utm_source=blog&#038;utm_medium=adpost&#038;utm_campaign=campanha-marca-2026\" target=\"_self\">Conhe\u00e7a o Astrea<\/a>    <\/div>\n\n    <div class=\"image-container\">\n        <img decoding=\"async\" class=\"image-desktop\" src=\"https:\/\/www.aurum.com.br\/blog\/wp-content\/uploads\/2026\/03\/adpos-posicionamento-2026-desktop.png\" alt=\"\" \/>\n        <img decoding=\"async\" class=\"image-mobile\" src=\"https:\/\/www.aurum.com.br\/blog\/wp-content\/uploads\/2026\/03\/adpost-posicionamento-2026-mobile.png\" alt=\"\" \/>    <\/div>\n<\/article>\n\n\n<h2 class=\"wp-block-heading\">Audi\u00eancia de concilia\u00e7\u00e3o em execu\u00e7\u00e3o no Novo CPC<\/h2>\n\n\n\n<p>O processo de execu\u00e7\u00e3o \u00e9 fundado na \u201ccerteza, exigibilidade e liquidez do t\u00edtulo\u201d pelo credor\/exequente. E, \u00e9 o \u00f4nus do devedor\/executado explicar a <a href=\"https:\/\/www.aurum.com.br\/blog\/glossario-juridico\/direito-das-obrigacoes\/\" data-wpil-monitor-id=\"106\">obriga\u00e7\u00e3o<\/a> inadimplida.<\/p>\n\n\n\n<p>A despeito disso, e da pequena margem de \u201cdefesa\u201d pelo executado, os processos executivos s\u00e3o morosos, desgastantes e ineficientes. N\u00e3o s\u00e3o raros os casos em que todas as medidas expropriat\u00f3rias j\u00e1 foram tomadas e o cr\u00e9dito do exequente n\u00e3o foi satisfeito, de modo que o processo segue o seu curso sem qualquer perspectiva para a efetiva satisfa\u00e7\u00e3o e a consequente extin\u00e7\u00e3o.<\/p>\n\n\n\n<p>No processo de execu\u00e7\u00e3o, conforme C\u00e2ndido Rangel Dinamarco:<\/p>\n\n\n\n<blockquote class=\"wp-block-quote is-layout-flow wp-block-quote-is-layout-flow\">\n<p><em>Inexiste a audi\u00eancia de concilia\u00e7\u00e3o ou de media\u00e7\u00e3o, sendo o r\u00e9u, em qualquer das modalidades executivas, citado para satisfazer a obriga\u00e7\u00e3o (arts. 806, 815 e 829 etc<\/em>).&#8221;<\/p>\n<\/blockquote>\n\n\n\n<p>No entanto, como j\u00e1 dito neste artigo, o Novo CPC trouxe \u00e0 tona a import\u00e2ncia da concilia\u00e7\u00e3o como forma de resolu\u00e7\u00e3o dos conflitos.&nbsp;<\/p>\n\n\n\n<p>Assim, embora n\u00e3o haja previs\u00e3o no diploma processualista quanto \u00e0 designa\u00e7\u00e3o da audi\u00eancia de concilia\u00e7\u00e3o em processos executivos, <strong>n\u00e3o h\u00e1 qualquer veda\u00e7\u00e3o \u00e0 utiliza\u00e7\u00e3o desse instrumento para tentar colocar fim \u00e0 <a href=\"https:\/\/www.aurum.com.br\/blog\/glossario-juridico\/demanda\/\" data-wpil-monitor-id=\"99\">demanda<\/a><\/strong>, atendendo aos interesses das partes.&nbsp;<\/p>\n\n\n\n<h3 class=\"wp-block-heading\">Audi\u00eancia de concilia\u00e7\u00e3o nos Juizados Especiais C\u00edveis<\/h3>\n\n\n\n<p>J\u00e1 no \u00e2mbito dos <a href=\"https:\/\/www.aurum.com.br\/blog\/lei-dos-juizados-especiais\/\">Juizados Especiais C\u00edveis<\/a>, a Lei n\u00ba<a href=\"http:\/\/www.planalto.gov.br\/ccivil_03\/leis\/l9099.htm\" target=\"_blank\" rel=\"noopener\"> 9099\/05<\/a> prev\u00ea a possibilidade de realiza\u00e7\u00e3o da audi\u00eancia de concilia\u00e7\u00e3o em fase de execu\u00e7\u00e3o quando realizada a penhora (art. 53, \u00a71\u00ba). Tal previs\u00e3o<strong> tem como objetivo a solu\u00e7\u00e3o mais c\u00e9lere e menos \u201cpunitiva\u201d ao devedor<\/strong>.<\/p>\n\n\n\n<h2 class=\"wp-block-heading\">Audi\u00eancia de concilia\u00e7\u00e3o no direito de fam\u00edlia&nbsp;<\/h2>\n\n\n\n<p>As a\u00e7\u00f5es de fam\u00edlia est\u00e3o previstas nos art. 693 a 699 do Novo CPC, quando se tratar de procedimentos de natureza contenciosa, e nos art.&nbsp; 731 a 734 do mesmo diploma, quando se tratar de procedimentos de natureza volunt\u00e1ria.&nbsp;<\/p>\n\n\n\n<p>Al\u00e9m dos referidos artigos de lei, existem lei espec\u00edficas, tais como, a Lei de Alimentos (Lei n\u00ba. 5.478\/68), Lei da <a href=\"https:\/\/www.aurum.com.br\/blog\/guarda-compartilhada\/\">Guarda Compartilhada<\/a> (Lei n\u00ba. 13.058\/2014), dentre outros diplomas.&nbsp;<\/p>\n\n\n\n<p>A despeito das rela\u00e7\u00f5es familiares serem, em princ\u00edpio, indispon\u00edveis, a inova\u00e7\u00e3o trazida pelo Novo CPC, Cultura da Paz, tamb\u00e9m \u00e9 aplicada \u00e0s a\u00e7\u00f5es relacionadas ao <a href=\"https:\/\/www.aurum.com.br\/blog\/direito-de-familia\/\">direito de fam\u00edlia<\/a>.<\/p>\n\n\n\n<figure class=\"wp-block-pullquote classe bq-small\"><blockquote><p><strong>Art. 694.<\/strong> Nas a\u00e7\u00f5es de fam\u00edlia, todos os esfor\u00e7os ser\u00e3o empreendidos para a solu\u00e7\u00e3o consensual da controv\u00e9rsia, devendo o juiz dispor do aux\u00edlio de profissionais de outras \u00e1reas de conhecimento para a media\u00e7\u00e3o e concilia\u00e7\u00e3o.<br>Par\u00e1grafo \u00fanico. A requerimento das partes, o juiz pode determinar a suspens\u00e3o do processo enquanto os litigantes se submetem a media\u00e7\u00e3o extrajudicial ou a atendimento multidisciplinar.<\/p><\/blockquote><\/figure>\n\n\n\n<h3 class=\"wp-block-heading\">Procedimento da audi\u00eancia de concilia\u00e7\u00e3o no direito de fam\u00edlia<\/h3>\n\n\n\n<p>Nas a\u00e7\u00f5es de fam\u00edlia, diferentemente do que ocorre em outras a\u00e7\u00f5es, o r\u00e9u \u00e9 citado para comparecer \u00e0 audi\u00eancia sem receber a c\u00f3pia da peti\u00e7\u00e3o inicial, como ocorre nas demais a\u00e7\u00f5es c\u00edveis:<\/p>\n\n\n\n<figure class=\"wp-block-pullquote classe bq-small\"><blockquote><p><strong>Art. 695.<\/strong> Recebida a peti\u00e7\u00e3o inicial e, se for o caso, tomadas as provid\u00eancias referentes \u00e0 <a href=\"https:\/\/www.aurum.com.br\/blog\/glossario-juridico\/pedido-de-tutela-provisoria\/\" data-wpil-monitor-id=\"107\">tutela provis\u00f3ria<\/a>, o juiz ordenar\u00e1 a cita\u00e7\u00e3o do r\u00e9u para comparecer \u00e0 audi\u00eancia de media\u00e7\u00e3o e concilia\u00e7\u00e3o, observado o disposto no art. 694.<br>\u00a7 1\u00ba O mandado de cita\u00e7\u00e3o conter\u00e1 apenas os dados necess\u00e1rios \u00e0 audi\u00eancia e dever\u00e1 estar desacompanhado de c\u00f3pia da peti\u00e7\u00e3o inicial, assegurado ao r\u00e9u o direito de examinar seu conte\u00fado a qualquer tempo.<\/p><\/blockquote><\/figure>\n\n\n\n<p>Isso porque acredita-se que sem a c\u00f3pia da peti\u00e7\u00e3o inicial, o r\u00e9u possa comparecer \u00e0 audi\u00eancia menos \u201carmado\u201d, aumentando a possibilidade de composi\u00e7\u00e3o entre as partes.&nbsp;<\/p>\n\n\n\n<p>Nas a\u00e7\u00f5es de fam\u00edlia \u00e9 poss\u00edvel, ainda, a realiza\u00e7\u00e3o de audi\u00eancias de concilia\u00e7\u00e3o e media\u00e7\u00e3o em tantas sess\u00f5es quantas forem necess\u00e1rias, sem preju\u00edzo das provid\u00eancias processuais, conforme o art. 696.<\/p>\n\n\n\n<p>Por fim, na hip\u00f3tese de as partes n\u00e3o celebrarem acordo, o processo seguir\u00e1 seu curso sob as normas do procedimento comum.<\/p>\n\n\n\n<h2 class=\"wp-block-heading\">Conclus\u00e3o&nbsp;<\/h2>\n\n\n\n<p>Como pudemos notar, o Novo CPC trouxe ao Direito Processual Civil Brasileiro uma <strong>nova cultura para a solu\u00e7\u00e3o dos conflitos<\/strong>, pautadas:<\/p>\n\n\n\n<ul class=\"wp-block-list\">\n<li>na autocomposi\u00e7\u00e3o;<\/li>\n\n\n\n<li>maior celeridade processual.<\/li>\n<\/ul>\n\n\n\n<p>Aos profissionais da advocacia e demais operadores do direito, j\u00e1 acostumados com a demora do Poder Judici\u00e1rio e dos desgastes causados na grande maioria das demandas judiciais, resta tentar buscar essas solu\u00e7\u00f5es da forma poss\u00edvel \u00e0 todos os envolvidos. Assim, aplicando a nova cultura perpetrada pelo Legislador.<\/p>\n\n\n\n<h3 class=\"wp-block-heading\">Mais conhecimento para voc\u00ea<\/h3>\n\n\n\n<ul class=\"wp-block-list\">\n<li><a href=\"https:\/\/www.aurum.com.br\/blog\/mediacao-conciliacao-e-arbitragem\/\">Media\u00e7\u00e3o, concilia\u00e7\u00e3o e arbitragem<\/a>: entenda as diferen\u00e7as<\/li>\n\n\n\n<li><a href=\"https:\/\/www.aurum.com.br\/blog\/perempcao\/\">Peremp\u00e7\u00e3o<\/a>: como funciona nos processos civil, penal e trabalhista<\/li>\n\n\n\n<li><a href=\"https:\/\/www.aurum.com.br\/blog\/audiencia-online\/\">Como funciona uma audi\u00eancia online e como se preparar<\/a><\/li>\n\n\n\n<li><a href=\"https:\/\/www.aurum.com.br\/blog\/acao-revisional\/\" data-type=\"link\" data-id=\"https:\/\/www.aurum.com.br\/blog\/acao-revisional\/\">Como funciona uma a\u00e7\u00e3o revisional e seus benef\u00edcios<\/a><\/li>\n\n\n\n<li>Saiba o que \u00e9 o <a href=\"https:\/\/www.aurum.com.br\/blog\/rito-sumarissimo\/\" data-type=\"URL\" data-id=\"https:\/\/www.aurum.com.br\/blog\/rito-sumarissimo\/\">Rito Sumar\u00edssimo<\/a> na Justi\u00e7a do Trabalho<\/li>\n\n\n\n<li><a href=\"https:\/\/www.aurum.com.br\/blog\/impugnacao-ao-cumprimento-de-sentenca\/\">Saiba quando \u00e9 cab\u00edvel a impugna\u00e7\u00e3o ao cumprimento de senten\u00e7a<\/a><\/li>\n\n\n\n<li><a href=\"https:\/\/www.aurum.com.br\/blog\/interposicao-de-recurso\/\">Entenda quais os prazos e como fazer a interposi\u00e7\u00e3o de recurso<\/a><\/li>\n\n\n\n<li><a href=\"https:\/\/www.aurum.com.br\/blog\/preclusao\/\">O que \u00e9 preclus\u00e3o, seus efeitos e tipos no Novo CPC<\/a><\/li>\n\n\n\n<li><a href=\"https:\/\/www.aurum.com.br\/blog\/alegacoes-finais\/\">Alega\u00e7\u00f5es finais no Novo CPC: Conceito e como fazer [+Modelo]<\/a><\/li>\n<\/ul>\n\n\n<style>\r\n  .news-post {\r\n    background: url('https:\/\/www.aurum.com.br\/blog\/wp-content\/themes\/aurum\/img\/bg-news-artigo.svg') no-repeat top center #3C48AA;\r\n    padding: 1.5rem;\r\n    border-radius: 6px;\r\n    margin: 1rem 0;\r\n  }\r\n  .news-post .icone {\r\n    display: none;\r\n  }\r\n  .news-post .title {\r\n    font-weight: 700;\r\n    font-size: 16px;\r\n    line-height: 130%;\r\n    text-align: center;\r\n    letter-spacing: -0.5px;\r\n    color: #fff;\r\n    margin-bottom: .9375rem;\r\n  }\r\n  .news-post p {\r\n    font-size: .875rem;\r\n    line-height: 140%;\r\n    text-align: center;\r\n    color: #fff;\r\n    margin-bottom: 1.25rem;\r\n  }\r\n  .news-post .news_button_span {\r\n    font-size: .8125rem;\r\n    display: block;\r\n    padding: .125rem .3125rem;\r\n    color: #fff;\r\n    text-align:left;\r\n  }\r\n  .news-post .news_button_span a {\r\n    color: #fff !important;\r\n    text-decoration: underline;\r\n  }\r\n  .news-post form {\r\n    width: 100%;\r\n  }\r\n  .news-post label {\r\n    font-weight: 600;\r\n    font-size: .9375rem;\r\n    line-height: 1.5rem;\r\n    margin-bottom: .5rem;\r\n    color: #fff;\r\n    display: block;\r\n  }\r\n  .news-post input {\r\n    background: #fff;\r\n    border: 1px solid #CBCBD9;\r\n    box-sizing: border-box;\r\n    border-radius: 4px;\r\n    padding: .75rem 1rem;\r\n    width: 100%;\r\n  }\r\n  .news-post button {\r\n    margin-top: .875rem;\r\n    width: 100%;\r\n    min-width: auto;\r\n    background: #FCC632;\r\n    color: #3C48AA;\r\n  }\r\n  .news-post .input {\r\n    position: relative;\r\n    padding-bottom: 10px;\r\n  }\r\n  .news-post .error-message-ad {\r\n    font-size: .875rem;\r\n    line-height: 130%;\r\n    color: #D50021;\r\n    margin-left: 4px;\r\n  }\r\n  .news-post .error {\r\n    border: 1px solid #D50021;\r\n  }\r\n  .news-post #message-form-ad {\r\n    border-radius: 4px;\r\n    padding: 0.7rem;\r\n    font-size:0.8rem;\r\n    text-align: center;\r\n    align-items: center;\r\n    justify-content: center;\r\n    display: none;\r\n  }\r\n  .news-post #message-form-ad svg {\r\n    margin-right: 8px;\r\n  }\r\n\r\n  @media(min-width: 561px) {\r\n    .news-post {\r\n      position: relative;\r\n      background: url('https:\/\/www.aurum.com.br\/blog\/wp-content\/themes\/aurum\/img\/bg-news-artigo.svg') no-repeat top center #3C48AA;\r\n      width: calc(100% - 30px);\r\n    }\r\n    .news-post .icone {\r\n      display: block;\r\n      position: absolute;\r\n      right: -30px;\r\n      top: 65px;\r\n      max-width: 142px;\r\n      width: 100%;\r\n      height: auto;\r\n      margin: 0;\r\n    }\r\n    .news-post .title {\r\n      font-size: 1.125rem;\r\n      text-align: left;\r\n      \/* padding-right: 3.75rem; *\/\r\n    }\r\n    .news-post p {\r\n      font-size: 1rem;\r\n      text-align: left;\r\n      max-width: 400px;\r\n    }\r\n    .news-post .boxes {\r\n      display: flex;\r\n      align-items: flex-start;\r\n    }\r\n    .news-post button {\r\n      margin: 0 0 0 1rem;\r\n      width: 100%;\r\n      max-width: 170px;\r\n      min-width: auto;\r\n      transition: all ease .3s\r\n    }\r\n    .news-post button:hover {\r\n      opacity: 0.9;\r\n      transition: all ease .3s\r\n    }\r\n    .news-post #message-form-ad {\r\n      padding: 1.125rem;\r\n      font-size:1rem;\r\n    }\r\n    .news-post #message-form-ad svg {\r\n      margin-right: 10px;\r\n    }\r\n  }\r\n<\/style>\r\n\r\n<div class=\"news-post\">\r\n  <div class=\"title news-ad-title\">Gostou do artigo e quer evoluir a sua advocacia?<\/div>\r\n  <p class=\"news-ad-subtitle\">Assine gr\u00e1tis a Aurum News e receba uma dose semanal de conte\u00fado no seu e-mail! \u270c\ufe0f<\/p>\r\n  <img decoding=\"async\" src=\"https:\/\/www.aurum.com.br\/blog\/wp-content\/themes\/aurum\/img\/icon-news-artigo.svg\" alt=\"\" class=\"icone\">\r\n\r\n  <form method=\"post\" name=\"newsletter-ad\" id=\"aurum-newsletter-ad\">\r\n    <div class=boxes>\r\n      <div class=\"input\">\r\n        <label class=\"label-email\" htmlFor=\"email-ad\">Qual seu e-mail?<\/label>\r\n        <input type=\"email\" id=\"email-ad\" name=\"newsletter-mail-ad\" placeholder=\"Digite seu e-mail?\">\r\n        <div class=\"error-message-ad-email\">Endere\u00e7o de e-mail inv\u00e1lido ou incorreto<\/div>\r\n\r\n        <label class=\"label-select\" htmlFor=\"lawsuits-select-ad\">\r\n          Quantos processos voc\u00ea ou<br class=\"for-desktop\"\/> seu escrit\u00f3rio acompanham?\r\n        <\/label>\r\n        <div id=\"lawsuits-select-ad\" class=\"lawsuits-select select-wrapper\" tabindex=\"0\">\r\n          <div class=\"s-dropdown--styled\">\r\n          <span class=\"lawsuits-default\">\r\n            <span id=\"lawsuits-newsletter-ad\" class=\"lawsuits-default-text\" data-value=\"\">Selecione os processos<\/span>\r\n            <svg class=\"chevron\" xmlns=\"http:\/\/www.w3.org\/2000\/svg\" width=\"24\" height=\"25\" viewBox=\"0 0 24 25\" fill=\"none\">\r\n              <path d=\"M6 15.6152L12 9.61523L18 15.6152\" stroke=\"black\" stroke-width=\"2\" stroke-linecap=\"round\" stroke-linejoin=\"round\" \/>\r\n            <\/svg>\r\n          <\/span>\r\n\r\n          <ul class=\"s-dropdown u-hide\">\r\n            <li class=\"lawsuits\" data-value=\"Mais de 1000 processos\">Mais de 1000 processos<\/li>\r\n            <li class=\"lawsuits\" data-value=\"De 501 a 1000 processos\">De 501 a 1000 processos<\/li>\r\n            <li class=\"lawsuits\" data-value=\"De 151 a 500 processos\">De 151 a 500 processos<\/li>\r\n            <li class=\"lawsuits\" data-value=\"De 41 a 150 processos\">De 41 a 150 processos<\/li>\r\n            <li class=\"lawsuits\" data-value=\"At\u00e9 40 processos\">At\u00e9 40 processos<\/li>\r\n            <li class=\"lawsuits\" data-value=\"Atuo apenas no consultivo\">Atuo apenas no consultivo<\/li>\r\n            <li class=\"lawsuits\" data-value=\"Ainda sou estudante de direito\">Ainda sou estudante de direito<\/li>\r\n            <li class=\"lawsuits\" data-value=\"N\u00e3o sou da \u00e1rea jur\u00eddica\">N\u00e3o sou da \u00e1rea jur\u00eddica<\/li>\r\n          <\/ul>\r\n          <\/div>\r\n        <\/div>\r\n        <div class=\"error-message-ad-lawsuits\">Selecione algum processo<\/div>\r\n      <\/div>\r\n      <button class=\"btn btn-yellow ad-btn-desktop\" id=\"aurum-submit-ad\">Assinar gr\u00e1tis<\/button>\r\n      <button class=\"btn btn-yellow ad-btn-mobile\" id=\"aurum-submit-ad\">Assinar<\/button>\r\n    <\/div>\r\n    <span class=\"news_button_span\">Ao se cadastrar voc\u00ea declara que leu e aceitou a pol\u00edtica de privacidade e cookies do <a href=\"https:\/\/s3.sa-east-1.amazonaws.com\/publico.aurum.com.br\/contratos\/politica-de-privacidade.pdf\" target=\"_blank\" rel=\"noopener noreferrer\">site<\/a>.<\/span>\r\n  <\/form>\r\n  <div id=\"message-form-ad\"><\/div>\r\n<\/div>","protected":false},"excerpt":{"rendered":"<p>A audi\u00eancia de concilia\u00e7\u00e3o \u00e9 um m\u00e9todo previsto pelo direito brasileiro para que as partes resolvam seus conflitos atrav\u00e9s do di\u00e1logo. Isso torna o processo mais r\u00e1pido e evita o desgaste de longos processos judiciais. O C\u00f3digo de Processo Civil de 1973 previa, em seu rito ordin\u00e1rio, a audi\u00eancia preliminar, voltada \u00e0 tentativa de composi\u00e7\u00e3o [&hellip;]<\/p>\n","protected":false},"author":69,"featured_media":9048,"comment_status":"closed","ping_status":"closed","sticky":false,"template":"","format":"standard","meta":{"_bbp_topic_count":0,"_bbp_reply_count":0,"_bbp_total_topic_count":0,"_bbp_total_reply_count":0,"_bbp_voice_count":0,"_bbp_anonymous_reply_count":0,"_bbp_topic_count_hidden":0,"_bbp_reply_count_hidden":0,"_bbp_forum_subforum_count":0,"inline_featured_image":false,"footnotes":""},"categories":[178],"tags":[],"class_list":["post-9047","post","type-post","status-publish","format-standard","has-post-thumbnail","hentry","category-direito-processual-civil"],"acf":[],"_links":{"self":[{"href":"https:\/\/www.aurum.com.br\/blog\/wp-json\/wp\/v2\/posts\/9047","targetHints":{"allow":["GET"]}}],"collection":[{"href":"https:\/\/www.aurum.com.br\/blog\/wp-json\/wp\/v2\/posts"}],"about":[{"href":"https:\/\/www.aurum.com.br\/blog\/wp-json\/wp\/v2\/types\/post"}],"author":[{"embeddable":true,"href":"https:\/\/www.aurum.com.br\/blog\/wp-json\/wp\/v2\/users\/69"}],"replies":[{"embeddable":true,"href":"https:\/\/www.aurum.com.br\/blog\/wp-json\/wp\/v2\/comments?post=9047"}],"version-history":[{"count":30,"href":"https:\/\/www.aurum.com.br\/blog\/wp-json\/wp\/v2\/posts\/9047\/revisions"}],"predecessor-version":[{"id":31180,"href":"https:\/\/www.aurum.com.br\/blog\/wp-json\/wp\/v2\/posts\/9047\/revisions\/31180"}],"wp:featuredmedia":[{"embeddable":true,"href":"https:\/\/www.aurum.com.br\/blog\/wp-json\/wp\/v2\/media\/9048"}],"wp:attachment":[{"href":"https:\/\/www.aurum.com.br\/blog\/wp-json\/wp\/v2\/media?parent=9047"}],"wp:term":[{"taxonomy":"category","embeddable":true,"href":"https:\/\/www.aurum.com.br\/blog\/wp-json\/wp\/v2\/categories?post=9047"},{"taxonomy":"post_tag","embeddable":true,"href":"https:\/\/www.aurum.com.br\/blog\/wp-json\/wp\/v2\/tags?post=9047"}],"curies":[{"name":"wp","href":"https:\/\/api.w.org\/{rel}","templated":true}]}}