{"id":9028,"date":"2023-09-15T11:25:16","date_gmt":"2023-09-15T14:25:16","guid":{"rendered":"https:\/\/aurum.com.br\/blog\/legal-design\/"},"modified":"2023-10-02T21:29:55","modified_gmt":"2023-10-03T00:29:55","slug":"legal-design","status":"publish","type":"post","link":"https:\/\/www.aurum.com.br\/blog\/legal-design\/","title":{"rendered":"Saiba o que \u00e9 e como usar o Legal Design na sua advocacia"},"content":{"rendered":"<div id=\"bsf_rt_marker\"><\/div>\n<pre class=\"wp-block-preformatted\">O <strong>Legal Design<\/strong> \u00e9 uma abordagem inspirada no Design Thinking que tem como objetivo encontrar solu\u00e7\u00f5es estrat\u00e9gicas e inovadoras para quest\u00f5es do universo jur\u00eddico. \u00c9 focado na empatia e no ser humano, gerando como resultado a entrega de valor.<\/pre>\n\n\n\n<p>Como sempre falamos por aqui, o Direito est\u00e1 em crescente transforma\u00e7\u00e3o. Com o avan\u00e7o da tecnologia, novos termos relacionados \u00e0 doutrina jur\u00eddica v\u00eam surgindo. Um deles \u00e9 o&nbsp; Legal Design.<\/p>\n\n\n\n<p>O assunto \u00e9 t\u00e3o importante que levamos novamente para a edi\u00e7\u00e3o do Aurum Summit 2023, o evento disruptivo para advogados que querem estar \u00e0 frente do mercado. <\/p>\n\n\n\n<p>Na quinta edi\u00e7\u00e3o, quem explicou como o Legal Design pode ser usado na pr\u00e1tica foi a <a href=\"https:\/\/www.linkedin.com\/in\/cynarabatista\/\" target=\"_blank\" rel=\"noopener\">Cynara Batista<\/a>, advogada e coordenadora da \u00e1rea de legal designer no Opice Blum Advogados Associados.<\/p>\n\n\n\n<p>Continue a leitura para entender mais sobre esse tema t\u00e3o inovador! \ud83d\ude09<\/p>\n\n\n\n<h2 class=\"wp-block-heading\">O que \u00e9 o Legal Design?<\/h2>\n\n\n\n<p>O Legal Design \u00e9 uma interse\u00e7\u00e3o entre tr\u00eas \u00e1reas: Design, Tecnologia e Direito. \u00c9 inspirado no Design Thinking, um processo aplicado em diversos mercados para <strong>resolver problemas e descobrir novas solu\u00e7\u00f5es sem perder o foco no ser humano<\/strong>.&nbsp;<\/p>\n\n\n\n<p>A ideia dessas abordagens \u00e9 melhorar produtos e servi\u00e7os por meio da empatia, gerando engajamento e entregando valor como resultado. Na \u00e1rea jur\u00eddica, se aplica muito ao atendimento e \u00e0 compreens\u00e3o de problemas de clientes. Assim como para testar solu\u00e7\u00f5es r\u00e1pidas antes da entrega final.<\/p>\n\n\n\n<p>Cynara, por exemplo, aponta que o Legal Design \u00e9 respons\u00e1vel por criar ou redesenhar os meios do mundo jur\u00eddico com foco no quanto elas s\u00e3o us\u00e1veis, \u00fateis, eficientes, agrad\u00e1veis, envolventes, memor\u00e1veis e significativas.<\/p>\n\n\n\n<p>O Legal Design \u00e9 realizado em algumas etapas, que ser\u00e3o explicadas abaixo. Ao final, a solu\u00e7\u00e3o encontrada pode n\u00e3o ser a entrega final, pois o processo conta com um ciclo de melhorias constante, buscando aprimorar a entrega de valor.<\/p>\n\n\n\n<h3 class=\"wp-block-heading\">O que \u00e9 Visual Law?<\/h3>\n\n\n\n<p>Comumente confundidos, Visual Law e Legal Design n\u00e3o s\u00e3o a mesma coisa. O <strong>Visual Law \u00e9 uma vertente do Legal Design e tem como objetivo simplificar e tornar mais acess\u00edvel a informa\u00e7\u00e3o jur\u00eddica<\/strong>.<\/p>\n\n\n\n<p>O Visual Law usa elementos visuais para criar essa acessibilidade da informa\u00e7\u00e3o, ele serve como um posicionamento de marca. Para Cynara essa \u00e9 uma forma de conseguir fazer com que o conte\u00fado realmente alcance o p\u00fablico-alvo, ela defende que \u00e9:<\/p>\n\n\n\n<blockquote class=\"wp-block-quote is-layout-flow wp-block-quote-is-layout-flow\">\n<p><em>Uma verdadeira garantia do direito de entender.\u201d<\/em><\/p>\n<\/blockquote>\n\n\n\n<h2 class=\"wp-block-heading\">Objetivos do Legal Design<\/h2>\n\n\n\n<p>Um dos grandes prop\u00f3sitos do Legal Design \u00e9 fazer com que indiv\u00edduos e empresas consigam <strong>tomar decis\u00f5es da forma mais estrat\u00e9gica poss\u00edvel<\/strong>. Para isso, a abordagem pode auxiliar desde pessoas leigas no assunto at\u00e9 profissionais do Direito a entenderem melhor o funcionamento da lei e o contexto em que est\u00e3o inseridos.&nbsp;<\/p>\n\n\n\n<p>A pr\u00e1tica foca tamb\u00e9m na melhoria de interfaces, ajudando a aprimorar o contato com usu\u00e1rios e incentivando mudan\u00e7as e inova\u00e7\u00f5es a curto e longo prazo.&nbsp;<\/p>\n\n\n\n<h2 class=\"wp-block-heading\">Quais s\u00e3o as etapas do Legal Design?<\/h2>\n\n\n\n<p>Cynara Batista destaca a exist\u00eancia de uma esteira b\u00e1sica para atuar nessa descomplica\u00e7\u00e3o da linguagem jur\u00eddica com o Legal Design. Traduzindo em etapas, temos os quatro passos a seguir:<\/p>\n\n\n\n<h3 class=\"wp-block-heading\">Sem julgamentos<\/h3>\n\n\n\n<p>Essa etapa \u00e9 importante para entender o contexto e o problema que voc\u00ea quer resolver. Para isso, \u00e9 preciso fazer pesquisas, criar hip\u00f3teses e partir para a pr\u00f3xima etapa!<\/p>\n\n\n\n<h3 class=\"wp-block-heading\">Idealiza\u00e7\u00e3o<\/h3>\n\n\n\n<p>Aqui \u00e9 a etapa do <em>brainstorming<\/em>, ou seja, hora de trocar ideias \u2013 e todas s\u00e3o bem-vindas. Desprendido de padr\u00f5es, \u00e9 a fase de usar e abusar da criatividade para pensar em como o problema vai conseguir ser resolvido!<\/p>\n\n\n\n<h3 class=\"wp-block-heading\">Defini\u00e7\u00e3o<\/h3>\n\n\n\n<p>Nessa etapa voc\u00ea vai entender: para quem \u00e9 o projeto, qual \u00e9 o objetivo, quais s\u00e3o os pontos problem\u00e1ticos, qual a dor do usu\u00e1rio que precisa ser melhorada, quem precisa atuar e qual o investimento necess\u00e1rio.<\/p>\n\n\n\n<h3 class=\"wp-block-heading\">Materializa\u00e7\u00e3o<\/h3>\n\n\n\n<p>Por fim, ap\u00f3s as defini\u00e7\u00f5es, voc\u00ea vai come\u00e7ar a prototipar seu projeto. Fa\u00e7a rascunhos e testes. Erre. Aprenda. Corrija r\u00e1pido.<\/p>\n\n\n\n<p>N\u00e3o \u00e9 necess\u00e1rio se preocupar em ter o produto finalizado, afinal, essa fase \u00e9 feita para erros e ajustes necess\u00e1rios. Busque, com isso, feedbacks e pr\u00e1tica di\u00e1ria, a equipe ir\u00e1 perceber o que funciona ou n\u00e3o, evoluindo com o produto cada vez mais.<\/p>\n\n\n\n<h2 class=\"wp-block-heading\">Metodologia \u00e1gil<\/h2>\n\n\n\n<p><a href=\"https:\/\/www.linkedin.com\/in\/larissa-wermann-711b3b160\/\" target=\"_blank\" rel=\"noopener\">Larissa Wermann<\/a>, que tamb\u00e9m j\u00e1 esteve no palco do Aurum Summit, diz que a metodologia \u00e1gil, baseada no Manifesto \u00c1gil, \u00e9 essencial para o processo de Legal Design.<\/p>\n\n\n\n<p>Essa metodologia surgiu com o desenvolvimento de softwares, mas <strong>possui aplicabilidade em diversas \u00e1reas<\/strong>. Ela pressup\u00f5e que o produto seja criado enquanto repetidos testes s\u00e3o feitos. Assim, se for detectado um problema, basta fazer o ajuste, sem a necessidade de come\u00e7ar o processo do zero. Isso garante mais agilidade e rapidez no percurso.<\/p>\n\n\n\n<p>Para colocar essa metodologia em pr\u00e1tica, \u00e9 preciso trabalhar em seusquatro grandes valores, como destacou Larissa:&nbsp;<\/p>\n\n\n\n<ul class=\"wp-block-list\">\n<li>Indiv\u00edduos e intera\u00e7\u00f5es<\/li>\n\n\n\n<li>Software em funcionamento<\/li>\n\n\n\n<li>Colabora\u00e7\u00e3o com o cliente&nbsp;<\/li>\n\n\n\n<li>Resposta a mudan\u00e7as<\/li>\n<\/ul>\n\n\n\n<p>Apesar de continuar a reconhecer a import\u00e2ncia de etapas mais tradicionais &#8211; como documenta\u00e7\u00e3o, negocia\u00e7\u00e3o de contratos, etc -, nessa metodologia <strong>esses novos valores s\u00e3o essenciais para se ter uma melhora cont\u00ednua<\/strong>, com prioriza\u00e7\u00e3o de processos e etapas.&nbsp;<\/p>\n\n\n\n<p><em>Leia tamb\u00e9m: <a href=\"https:\/\/www.aurum.com.br\/blog\/visual-law\/\">Visual Law &#8211; o que \u00e9 e como pode transformar a sua advocacia<\/a><\/em><\/p>\n\n\n\n<h2 class=\"wp-block-heading\">Como aplicar o Legal Design na advocacia?<\/h2>\n\n\n\n<p>Existem diversas maneiras de colocar o Legal Design em pr\u00e1tica. Qualquer ferramenta ou a\u00e7\u00e3o que procure <strong>simplificar processos e facilitar a vida do cliente<\/strong> pode ser uma aplica\u00e7\u00e3o dessa abordagem.<\/p>\n\n\n\n<p>Um bom exemplo, usado em muitos escrit\u00f3rios, \u00e9 a <strong>mudan\u00e7a nas estruturas de padr\u00f5es de um contrato ou relat\u00f3rio<\/strong>. <\/p>\n\n\n\n<p>Por exemplo, muitas vezes a pessoa ou empresa que \u00e9 atendida por um advogado n\u00e3o entende muito sobre Direito, certo? Portanto, qual a necessidade de entregar um material extenso, repleto de termos espec\u00edficos? Pessoas do campo jur\u00eddico que utilizam o Legal Design j\u00e1 perceberam a vantagem de utilizar infogr\u00e1ficos, imagens e outros recursos digitais nesse processo para facilitar o entendimento da outra parte.<\/p>\n\n\n\n<p>Por isso, para p\u00f4r em pr\u00e1tica o Legal Design, a rela\u00e7\u00e3o da empresa com o cliente deve ser pr\u00f3xima. \u00c9 preciso que a equipe esteja junto de seus clientes para entender melhor os seus problemas e o que funciona, ou n\u00e3o, para eles.&nbsp;<\/p>\n\n\n\n<p>A abordagem tamb\u00e9m <strong>pode ser usada internamente<\/strong>. <a href=\"https:\/\/www.aurum.com.br\/\">Softwares jur\u00eddicos<\/a> s\u00e3o uma \u00f3tima maneira de otimizar a <a href=\"https:\/\/www.aurum.com.br\/blog\/gestao-de-escritorio-de-advocacia\/\">gest\u00e3o de escrit\u00f3rios de advocacia<\/a>. Por\u00e9m, para que as estrat\u00e9gias obtenham \u00eaxito, \u00e9 importante incluir toda a equipe e ouvir os profissionais.&nbsp; Muitas vezes s\u00e3o eles que percebem, no dia a dia, o que d\u00e1 certo ou n\u00e3o. <\/p>\n\n\n\n<p>Cynara trouxe, no conte\u00fado de sua palestra, o convite para uma reimagina\u00e7\u00e3o radical de futuros jur\u00eddicos desej\u00e1veis! Ela apontou que esse futuro \u00e9 capaz de refinar a capacidade de construir uma narrativa jur\u00eddica informacional. E, para isso, o Legal Designer precisa:<\/p>\n\n\n\n<p>1. <strong>Exercitar a empatia<\/strong> \u2014 se colocar no lugar do usu\u00e1rio;<\/p>\n\n\n\n<p>2. <strong>Ter um excelente bom senso cr\u00edtico <\/strong>\u2014 e isso se aplica para tudo na vida;<\/p>\n\n\n\n<p>3. <strong>Desenvolver a vis\u00e3o de projetista e negociador<\/strong> \u2014 enxergar o Direito como um neg\u00f3cio, alinhando a advocacia com estrat\u00e9gias de empreendedorismo;<\/p>\n\n\n\n<p>4. <strong>Priorizar a criatividade<\/strong> \u2014 ser multidisciplinar e criar repert\u00f3rio para isso, ser sagaz ao encontrar com o problema e enfrent\u00e1-lo para sair mais forte, ter cosmovis\u00e3o &#8211; uma maneira subjetiva de ver o mundo, e entender o que te faz ter vontade de ir pra frente.<\/p>\n\n\n\n<p>Al\u00e9m disso, \u00e9 preciso ter em mente que o Legal Design n\u00e3o \u00e9 apenas uma preocupa\u00e7\u00e3o com o visual e a est\u00e9tica do projeto, \u00e9 uma mudan\u00e7a de modelo mental, o famoso <em>mindset<\/em>.<\/p>\n\n\n\n<h2 class=\"wp-block-heading\">Sobre o Aurum Summit<\/h2>\n\n\n\n<p>O <a href=\"https:\/\/www.aurum.com.br\/blog\/aurum-summit\/\">Aurum Summit<\/a> \u00e9 o <strong>evento de inova\u00e7\u00e3o e tecnologia para advogados<\/strong> realizado pela <a href=\"https:\/\/www.aurum.com.br\/\">Aurum<\/a>. \u00c9 a oportunidade para os profissionais do Direito ficarem por dentro das principais tend\u00eancias da \u00e1rea, vivenciar experi\u00eancias e ampliar suas conex\u00f5es.<br><br>Em 2023, o evento aconteceu no dia 17 de agosto, em S\u00e3o Paulo.<\/p>\n\n\n\n<h2 class=\"wp-block-heading\">Mais conte\u00fado para voc\u00ea<\/h2>\n\n\n\n<p>Aqui no Portal da Aurum n\u00f3s temos diversos conte\u00fados escritos por especialistas sobre o mundo do direito. Para te ajudar a navegar, indico os seguintes textos: <\/p>\n\n\n\n<ul class=\"wp-block-list\">\n<li><a href=\"https:\/\/www.aurum.com.br\/blog\/mp-808\/\" data-type=\"URL\" data-id=\"https:\/\/www.aurum.com.br\/blog\/mp-808\/\">Reforma trabalhista com a queda da MP 808<\/a><\/li>\n\n\n\n<li><a href=\"https:\/\/www.aurum.com.br\/blog\/usucapiao-extraordinaria\/\" data-type=\"URL\" data-id=\"https:\/\/www.aurum.com.br\/blog\/usucapiao-extraordinaria\/\">Usucapi\u00e3o extraordin\u00e1ria <\/a><\/li>\n\n\n\n<li><a href=\"https:\/\/www.aurum.com.br\/blog\/direito-internacional-privado\/\" data-type=\"URL\" data-id=\"https:\/\/www.aurum.com.br\/blog\/direito-internacional-privado\/\">Quando se aplica o direito internacional privado<\/a><\/li>\n\n\n\n<li><a href=\"https:\/\/www.aurum.com.br\/blog\/principios-do-direito-administrativo\/\" data-type=\"URL\" data-id=\"https:\/\/www.aurum.com.br\/blog\/principios-do-direito-administrativo\/\">Os 5 princ\u00edpios do direito administrativo<\/a><\/li>\n\n\n\n<li><a href=\"https:\/\/www.aurum.com.br\/blog\/inversao-onus-da-prova-no-cdc\/\" data-type=\"URL\" data-id=\"https:\/\/www.aurum.com.br\/blog\/inversao-onus-da-prova-no-cdc\/\">Invers\u00e3o do \u00f4nus da prova no CDC<\/a><\/li>\n\n\n\n<li><a href=\"https:\/\/www.aurum.com.br\/blog\/plano-de-parentalidade\/\">Plano de parentalidade: Entenda o que \u00e9 e qual sua import\u00e2ncia<\/a><\/li>\n\n\n\n<li><a href=\"https:\/\/www.aurum.com.br\/blog\/anulacao-de-casamento\/\">Entenda o que \u00e9 e como funciona a anula\u00e7\u00e3o de casamento<\/a><\/li>\n\n\n\n<li><a href=\"https:\/\/www.aurum.com.br\/blog\/reforma-da-previdencia\/\">Reforma da previd\u00eancia: o que muda e como ela pode acelerar o desenvolvimento do seu escrit\u00f3rio<\/a><\/li>\n<\/ul>\n\n\n<style>\r\n  .news-post {\r\n    background: url('https:\/\/www.aurum.com.br\/blog\/wp-content\/themes\/aurum\/img\/bg-news-artigo.svg') no-repeat top center #3C48AA;\r\n    padding: 1.5rem;\r\n    border-radius: 6px;\r\n    margin: 1rem 0;\r\n  }\r\n  .news-post .icone {\r\n    display: none;\r\n  }\r\n  .news-post .title {\r\n    font-weight: 700;\r\n    font-size: 16px;\r\n    line-height: 130%;\r\n    text-align: center;\r\n    letter-spacing: -0.5px;\r\n    color: #fff;\r\n    margin-bottom: .9375rem;\r\n  }\r\n  .news-post p {\r\n    font-size: .875rem;\r\n    line-height: 140%;\r\n    text-align: center;\r\n    color: #fff;\r\n    margin-bottom: 1.25rem;\r\n  }\r\n  .news-post .news_button_span {\r\n    font-size: .8125rem;\r\n    display: block;\r\n    padding: .125rem .3125rem;\r\n    color: #fff;\r\n    text-align:left;\r\n  }\r\n  .news-post .news_button_span a {\r\n    color: #fff !important;\r\n    text-decoration: underline;\r\n  }\r\n  .news-post form {\r\n    width: 100%;\r\n  }\r\n  .news-post label {\r\n    font-weight: 600;\r\n    font-size: .9375rem;\r\n    line-height: 1.5rem;\r\n    margin-bottom: .5rem;\r\n    color: #fff;\r\n    display: block;\r\n  }\r\n  .news-post input {\r\n    background: #fff;\r\n    border: 1px solid #CBCBD9;\r\n    box-sizing: border-box;\r\n    border-radius: 4px;\r\n    padding: .75rem 1rem;\r\n    width: 100%;\r\n  }\r\n  .news-post button {\r\n    margin-top: .875rem;\r\n    width: 100%;\r\n    min-width: auto;\r\n    background: #FCC632;\r\n    color: #3C48AA;\r\n  }\r\n  .news-post .input {\r\n    position: relative;\r\n    padding-bottom: 10px;\r\n  }\r\n  .news-post .error-message-ad {\r\n    font-size: .875rem;\r\n    line-height: 130%;\r\n    color: #D50021;\r\n    margin-left: 4px;\r\n  }\r\n  .news-post .error {\r\n    border: 1px solid #D50021;\r\n  }\r\n  .news-post #message-form-ad {\r\n    border-radius: 4px;\r\n    padding: 0.7rem;\r\n    font-size:0.8rem;\r\n    text-align: center;\r\n    align-items: center;\r\n    justify-content: center;\r\n    display: none;\r\n  }\r\n  .news-post #message-form-ad svg {\r\n    margin-right: 8px;\r\n  }\r\n\r\n  @media(min-width: 561px) {\r\n    .news-post {\r\n      position: relative;\r\n      background: url('https:\/\/www.aurum.com.br\/blog\/wp-content\/themes\/aurum\/img\/bg-news-artigo.svg') no-repeat top center #3C48AA;\r\n      width: calc(100% - 30px);\r\n    }\r\n    .news-post .icone {\r\n      display: block;\r\n      position: absolute;\r\n      right: -30px;\r\n      top: 65px;\r\n      max-width: 142px;\r\n      width: 100%;\r\n      height: auto;\r\n      margin: 0;\r\n    }\r\n    .news-post .title {\r\n      font-size: 1.125rem;\r\n      text-align: left;\r\n      \/* padding-right: 3.75rem; *\/\r\n    }\r\n    .news-post p {\r\n      font-size: 1rem;\r\n      text-align: left;\r\n      max-width: 400px;\r\n    }\r\n    .news-post .boxes {\r\n      display: flex;\r\n      align-items: flex-start;\r\n    }\r\n    .news-post button {\r\n      margin: 0 0 0 1rem;\r\n      width: 100%;\r\n      max-width: 170px;\r\n      min-width: auto;\r\n      transition: all ease .3s\r\n    }\r\n    .news-post button:hover {\r\n      opacity: 0.9;\r\n      transition: all ease .3s\r\n    }\r\n    .news-post #message-form-ad {\r\n      padding: 1.125rem;\r\n      font-size:1rem;\r\n    }\r\n    .news-post #message-form-ad svg {\r\n      margin-right: 10px;\r\n    }\r\n  }\r\n<\/style>\r\n\r\n<div class=\"news-post\">\r\n  <div class=\"title news-ad-title\">Gostou do artigo e quer evoluir a sua advocacia?<\/div>\r\n  <p class=\"news-ad-subtitle\">Assine gr\u00e1tis a Aurum News e receba uma dose semanal de conte\u00fado no seu e-mail! \u270c\ufe0f<\/p>\r\n  <img decoding=\"async\" src=\"https:\/\/www.aurum.com.br\/blog\/wp-content\/themes\/aurum\/img\/icon-news-artigo.svg\" alt=\"\" class=\"icone\">\r\n\r\n  <form method=\"post\" name=\"newsletter-ad\" id=\"aurum-newsletter-ad\">\r\n    <div class=boxes>\r\n      <div class=\"input\">\r\n        <label class=\"label-email\" htmlFor=\"email-ad\">Qual seu e-mail?<\/label>\r\n        <input type=\"email\" id=\"email-ad\" name=\"newsletter-mail-ad\" placeholder=\"Digite seu e-mail?\">\r\n        <div class=\"error-message-ad-email\">Endere\u00e7o de e-mail inv\u00e1lido ou incorreto<\/div>\r\n\r\n        <label class=\"label-select\" htmlFor=\"lawsuits-select-ad\">\r\n          Quantos processos voc\u00ea ou<br class=\"for-desktop\"\/> seu escrit\u00f3rio acompanham?\r\n        <\/label>\r\n        <div id=\"lawsuits-select-ad\" class=\"lawsuits-select select-wrapper\" tabindex=\"0\">\r\n          <div class=\"s-dropdown--styled\">\r\n          <span class=\"lawsuits-default\">\r\n            <span id=\"lawsuits-newsletter-ad\" class=\"lawsuits-default-text\" data-value=\"\">Selecione os processos<\/span>\r\n            <svg class=\"chevron\" xmlns=\"http:\/\/www.w3.org\/2000\/svg\" width=\"24\" height=\"25\" viewBox=\"0 0 24 25\" fill=\"none\">\r\n              <path d=\"M6 15.6152L12 9.61523L18 15.6152\" stroke=\"black\" stroke-width=\"2\" stroke-linecap=\"round\" stroke-linejoin=\"round\" \/>\r\n            <\/svg>\r\n          <\/span>\r\n\r\n          <ul class=\"s-dropdown u-hide\">\r\n            <li class=\"lawsuits\" data-value=\"Mais de 1000 processos\">Mais de 1000 processos<\/li>\r\n            <li class=\"lawsuits\" data-value=\"De 501 a 1000 processos\">De 501 a 1000 processos<\/li>\r\n            <li class=\"lawsuits\" data-value=\"De 151 a 500 processos\">De 151 a 500 processos<\/li>\r\n            <li class=\"lawsuits\" data-value=\"De 41 a 150 processos\">De 41 a 150 processos<\/li>\r\n            <li class=\"lawsuits\" data-value=\"At\u00e9 40 processos\">At\u00e9 40 processos<\/li>\r\n            <li class=\"lawsuits\" data-value=\"Atuo apenas no consultivo\">Atuo apenas no consultivo<\/li>\r\n            <li class=\"lawsuits\" data-value=\"Ainda sou estudante de direito\">Ainda sou estudante de direito<\/li>\r\n            <li class=\"lawsuits\" data-value=\"N\u00e3o sou da \u00e1rea jur\u00eddica\">N\u00e3o sou da \u00e1rea jur\u00eddica<\/li>\r\n          <\/ul>\r\n          <\/div>\r\n        <\/div>\r\n        <div class=\"error-message-ad-lawsuits\">Selecione algum processo<\/div>\r\n      <\/div>\r\n      <button class=\"btn btn-yellow ad-btn-desktop\" id=\"aurum-submit-ad\">Assinar gr\u00e1tis<\/button>\r\n      <button class=\"btn btn-yellow ad-btn-mobile\" id=\"aurum-submit-ad\">Assinar<\/button>\r\n    <\/div>\r\n    <span class=\"news_button_span\">Ao se cadastrar voc\u00ea declara que leu e aceitou a pol\u00edtica de privacidade e cookies do <a href=\"https:\/\/s3.sa-east-1.amazonaws.com\/publico.aurum.com.br\/contratos\/politica-de-privacidade.pdf\" target=\"_blank\" rel=\"noopener noreferrer\">site<\/a>.<\/span>\r\n  <\/form>\r\n  <div id=\"message-form-ad\"><\/div>\r\n<\/div>","protected":false},"excerpt":{"rendered":"<p>O Legal Design \u00e9 uma abordagem inspirada no Design Thinking que tem como objetivo encontrar solu\u00e7\u00f5es estrat\u00e9gicas e inovadoras para quest\u00f5es do universo jur\u00eddico. \u00c9 focado na empatia e no ser humano, gerando como resultado a entrega de valor. Como sempre falamos por aqui, o Direito est\u00e1 em crescente transforma\u00e7\u00e3o. Com o avan\u00e7o da tecnologia, [&hellip;]<\/p>\n","protected":false},"author":7,"featured_media":24719,"comment_status":"open","ping_status":"open","sticky":false,"template":"","format":"standard","meta":{"_bbp_topic_count":0,"_bbp_reply_count":0,"_bbp_total_topic_count":0,"_bbp_total_reply_count":0,"_bbp_voice_count":0,"_bbp_anonymous_reply_count":0,"_bbp_topic_count_hidden":0,"_bbp_reply_count_hidden":0,"_bbp_forum_subforum_count":0,"inline_featured_image":false,"footnotes":""},"categories":[12],"tags":[],"class_list":["post-9028","post","type-post","status-publish","format-standard","has-post-thumbnail","hentry","category-aurum-summit"],"acf":[],"_links":{"self":[{"href":"https:\/\/www.aurum.com.br\/blog\/wp-json\/wp\/v2\/posts\/9028","targetHints":{"allow":["GET"]}}],"collection":[{"href":"https:\/\/www.aurum.com.br\/blog\/wp-json\/wp\/v2\/posts"}],"about":[{"href":"https:\/\/www.aurum.com.br\/blog\/wp-json\/wp\/v2\/types\/post"}],"author":[{"embeddable":true,"href":"https:\/\/www.aurum.com.br\/blog\/wp-json\/wp\/v2\/users\/7"}],"replies":[{"embeddable":true,"href":"https:\/\/www.aurum.com.br\/blog\/wp-json\/wp\/v2\/comments?post=9028"}],"version-history":[{"count":9,"href":"https:\/\/www.aurum.com.br\/blog\/wp-json\/wp\/v2\/posts\/9028\/revisions"}],"predecessor-version":[{"id":25016,"href":"https:\/\/www.aurum.com.br\/blog\/wp-json\/wp\/v2\/posts\/9028\/revisions\/25016"}],"wp:featuredmedia":[{"embeddable":true,"href":"https:\/\/www.aurum.com.br\/blog\/wp-json\/wp\/v2\/media\/24719"}],"wp:attachment":[{"href":"https:\/\/www.aurum.com.br\/blog\/wp-json\/wp\/v2\/media?parent=9028"}],"wp:term":[{"taxonomy":"category","embeddable":true,"href":"https:\/\/www.aurum.com.br\/blog\/wp-json\/wp\/v2\/categories?post=9028"},{"taxonomy":"post_tag","embeddable":true,"href":"https:\/\/www.aurum.com.br\/blog\/wp-json\/wp\/v2\/tags?post=9028"}],"curies":[{"name":"wp","href":"https:\/\/api.w.org\/{rel}","templated":true}]}}