{"id":8976,"date":"2021-08-14T14:03:00","date_gmt":"2021-08-14T17:03:00","guid":{"rendered":"https:\/\/aurum.com.br\/blog\/direito-digital\/"},"modified":"2024-09-10T13:48:41","modified_gmt":"2024-09-10T16:48:41","slug":"direito-digital","status":"publish","type":"post","link":"https:\/\/www.aurum.com.br\/blog\/direito-digital\/","title":{"rendered":"Tudo o que precisa saber sobre direito digital: desafios, atua\u00e7\u00e3o e entrevista com especialista"},"content":{"rendered":"<div id=\"bsf_rt_marker\"><\/div>\n<pre class=\"wp-block-preformatted\">O <strong>direito digital<\/strong> \u00e9 um ramo do Direito que surgiu com a finalidade de regulamentar as rela\u00e7\u00f5es dentro do ambiente digital. Com o desenvolvimento da tecnologia e da intera\u00e7\u00e3o online, nasceu a necessidade de se editar normas e regras que regulamentem as rela\u00e7\u00f5es, evitando assim pr\u00e1ticas lesivas.<\/pre>\n\n\n\n<p>A era digital j\u00e1 \u00e9 uma realidade. Recursos como a intelig\u00eancia artificial, certifica\u00e7\u00e3o digital e internet das coisas s\u00e3o apenas alguns exemplos de como a tecnologia vem transformando o dia a dia de pessoas e empresas.<\/p>\n\n\n\n<p>Na medida em que cria praticidades e promove verdadeiras revolu\u00e7\u00f5es, a tecnologia tamb\u00e9m apresenta impasses. Nada mais natural, afinal, ela n\u00e3o deixa de ser uma ferramenta que possui m\u00faltiplas funcionalidades.<\/p>\n\n\n\n<p>Pensando nisso, vamos apresentar neste conte\u00fado os desafios dessa nova realidade aplicada ao Direito, bem como as possibilidades de atua\u00e7\u00e3o, e o que \u00e9 necess\u00e1rio para desenvolver essa \u00e1rea no seu escrit\u00f3rio ou mesmo como profissional aut\u00f4nomo.&nbsp;<\/p>\n\n\n\n<h2 class=\"wp-block-heading\" id=\"1\">O que \u00e9 o direito digital?<\/h2>\n\n\n\n<p>O direito digital  desponta como uma \u00e1rea tend\u00eancia e se trata de um ramo do Direito que surgiu com a <strong>finalidade de regulamentar as rela\u00e7\u00f5es dentro do ambiente digital.<\/strong><br><br>Nos \u00faltimos anos, a pr\u00e1tica de <em>cibercrimes<\/em>, vazamento de dados, viola\u00e7\u00e3o de direitos autorais e at\u00e9 fraudes praticadas por e-commerces se tornaram mais comuns, <strong>o que demandou do direito novas regulamenta\u00e7\u00f5es visando coibir pr\u00e1ticas que sejam danosas e que prejudiquem a harmonia social<\/strong>.<\/p>\n\n\n\n<p>Com o desenvolvimento da tecnologia, pessoas e empresas utilizam cada dia mais o ambiente online para interagir, e por conta disso, nasceu a necessidade de se editar normas e regras que regulamentem as rela\u00e7\u00f5es, evitando assim pr\u00e1ticas lesivas.<\/p>\n\n\n\n<p>Ainda existem poucas normas que tratam exclusivamente sobre a regulamenta\u00e7\u00e3o do direito digital. Atualmente, o <a href=\"https:\/\/www.aurum.com.br\/blog\/marco-civil-da-internet\/\">Marco Civil da Internet<\/a>, a <a href=\"http:\/\/www.planalto.gov.br\/ccivil_03\/_ato2011-2014\/2012\/lei\/l12737.htm\" data-type=\"URL\" data-id=\"http:\/\/www.planalto.gov.br\/ccivil_03\/_ato2011-2014\/2012\/lei\/l12737.htm\" target=\"_blank\" rel=\"noopener\">Lei Carolina Dieckmann<\/a> e <a href=\"https:\/\/www.aurum.com.br\/blog\/lgpd\/\" data-type=\"URL\" data-id=\"https:\/\/www.aurum.com.br\/blog\/lgpd\/\">Lei Geral de Prote\u00e7\u00e3o de Dados (LGPD)<\/a> s\u00e3o as principais.&nbsp;<\/p>\n\n\n\n<p>O Marco Civil da Internet, por exemplo, foi a primeira norma a regulamentar a responsabilidade civil de provedores e usu\u00e1rios da internet, o que trouxe mais seguran\u00e7a para o desenvolvimento de neg\u00f3cios digitais.&nbsp;<\/p>\n\n\n\n<p>A Lei Carolina Dieckmann, por sua vez, tornou crime a pr\u00e1tica de invadir dispositivos eletr\u00f4nicos port\u00e1teis a fim de obter, adulterar ou destruir dados de terceiros.<\/p>\n\n\n\n<p>J\u00e1 a LGPD, lei n\u00ba 13.709\/2018, tamb\u00e9m conhecida como Lei Geral de Prote\u00e7\u00e3o de Dados Pessoais, regula atividades relacionadas ao tratamento de dados pessoais, afetando praticamente todas as empesas do Brasil. <\/p>\n\n\n\n<p>Em raz\u00e3o da escassez de normas espec\u00edficas, diversas lides envolvendo o direito digital tamb\u00e9m dependem de outras normas relativas a outras <a href=\"https:\/\/www.aurum.com.br\/blog\/areas-do-direito\/\">\u00e1reas do direito<\/a>. \u00c9 um ramo que ainda conta com pouca autonomia, mas que, mesmo assim, vem ganhando mais relev\u00e2ncia entre advogados, ju\u00edzes, promotores e operadores do direito em geral.<\/p>\n\n\n\n<figure class=\"wp-block-image size-full\"><img decoding=\"async\" width=\"1200\" height=\"1200\" src=\"https:\/\/www.aurum.com.br\/blog\/wp-content\/uploads\/2023\/06\/o-que-e-direito-digital.jpg\" alt=\"\" class=\"wp-image-20007\" srcset=\"https:\/\/www.aurum.com.br\/blog\/wp-content\/uploads\/2023\/06\/o-que-e-direito-digital.jpg 1200w, https:\/\/www.aurum.com.br\/blog\/wp-content\/uploads\/2023\/06\/o-que-e-direito-digital-300x300.jpg 300w, https:\/\/www.aurum.com.br\/blog\/wp-content\/uploads\/2023\/06\/o-que-e-direito-digital-150x150.jpg 150w, https:\/\/www.aurum.com.br\/blog\/wp-content\/uploads\/2023\/06\/o-que-e-direito-digital-768x768.jpg 768w, https:\/\/www.aurum.com.br\/blog\/wp-content\/uploads\/2023\/06\/o-que-e-direito-digital-96x96.jpg 96w\" sizes=\"(max-width: 1200px) 100vw, 1200px\" \/><\/figure>\n\n\n\n<h2 class=\"wp-block-heading\">Direito digital como especialidade tend\u00eancia<\/h2>\n\n\n\n<p>O direito \u00e9 suscet\u00edvel \u00e0s mudan\u00e7as da sociedade, e na medida em que a tecnologia ganha mais espa\u00e7o no cotidiano de pessoas e empresas, nada mais natural do que o direito digital se destacar entre as demais \u00e1reas.<\/p>\n\n\n\n<p>Esse ramo do direito vem apresentando novas oportunidades e desafios para quem atua no mercado jur\u00eddico. E, nos \u00faltimos anos,<strong> se consolidou como uma \u00e1rea que \u00e9 tend\u00eancia<\/strong>.<\/p>\n\n\n\n<p><strong>Com o surgimento de crimes envolvendo o uso de ferramentas digitais<\/strong>, danos morais decorrentes do vazamento de informa\u00e7\u00f5es de dados no ambiente online e at\u00e9 a viola\u00e7\u00e3o de direitos autorais com o uso de <a href=\"https:\/\/www.aurum.com.br\/blog\/direito-de-imagem\/\">imagem<\/a> e conte\u00fado n\u00e3o autorizado, a demanda por profissionais especializados se tornou crescente.&nbsp;<\/p>\n\n\n\n<h2 class=\"wp-block-heading\" id=\"2\">O que faz um advogado que atua no direito digital?<\/h2>\n\n\n\n<p>Atualmente, as possibilidades de atua\u00e7\u00e3o com o direito digital s\u00e3o diversas, tanto no contencioso quanto no consultivo. \u00c1reas como contratos, por exemplo, ganham destaque na medida em que mais e mais empresas precisam de acordos formalizados para que possam realizar suas opera\u00e7\u00f5es.<\/p>\n\n\n\n<p>Para quem deseja apostar na \u00e1rea, as perspectivas s\u00e3o boas. Afinal, a tecnologia est\u00e1 cada vez mais presente no dia a dia de pessoas e empresas, tornando maior a <strong>necessidade de advogados qualificados para orient\u00e1-las quando os problemas surgem<\/strong>.<\/p>\n\n\n\n<h3 class=\"wp-block-heading\">Criminal<\/h3>\n\n\n\n<p>A pr\u00e1tica de crimes no ambiente digital foi, sem d\u00favida, um dos fatores que mais contribu\u00edram para o desenvolvimento do direito digital. Com a pr\u00e1tica dos chamados <em>cibercrimes, <\/em><strong>surgiu a necessidade de novas normas para evitar e penalizar condutas criminosas em meio online<\/strong>.&nbsp;<\/p>\n\n\n\n<p>Embora diversas condutas praticadas no meio digital sejam facilmente reconhecidas como t\u00edpicas<em> <\/em>e antijur\u00eddicas<em>, <\/em>o simples uso da tecnologia como ferramenta muda a aplica\u00e7\u00e3o da norma, exigindo de advogados e ju\u00edzes criatividade e conhecimento na hora de indicar ou aplicar as leis.<\/p>\n\n\n\n<h3 class=\"wp-block-heading\">Contencioso<\/h3>\n\n\n\n<p><strong>As principais lides envolvendo direito digital e processos diz respeito, principalmente, ao vazamento de dados<\/strong>. O que n\u00e3o faltam s\u00e3o casos emblem\u00e1ticos que exp\u00f5e pessoas p\u00fablicas ou n\u00e3o em raz\u00e3o da viola\u00e7\u00e3o de seus aparelhos<em>.&nbsp;<\/em><\/p>\n\n\n\n<p>Apesar de a quest\u00e3o do direito \u00e0 privacidade e os danos causados pela sua viola\u00e7\u00e3o n\u00e3o sejam novidade para os operadores do direito, <strong>quando envolve o uso da tecnologia, o vazamento de dados \u00e9 ainda mais danoso<\/strong>, j\u00e1 que a capacidade de dissemina\u00e7\u00e3o e exposi\u00e7\u00e3o \u00e9 muito maior.<\/p>\n\n\n\n<p>In\u00fameras lides envolvendo o direito digital nos trazem novidades no que se refere aos direitos atingidos. Por\u00e9m, como a tecnologia altera os resultados de uma pr\u00e1tica danosa, as medidas adotadas no processo devem ser diferentes.<\/p>\n\n\n\n<p><strong>Outro aspecto que ganha destaque no contencioso diz respeito \u00e0s fraudes contra o consumidor<\/strong>. Hoje existe um n\u00famero crescente de e-commerces no Brasil e no mundo, e o que n\u00e3o faltam s\u00e3o sites fantasmas ou produtos que foram adquiridos, mas nunca entregues ao comprador.<\/p>\n\n\n\n<h3 class=\"wp-block-heading\">Consultivo<\/h3>\n\n\n\n<p>No \u00e2mbito consultivo, o advogado tamb\u00e9m possui demandas. Com o desenvolvimento dos e-commerces e das startups, <strong>s\u00e3o muitos os questionamentos a respeito de aspectos tribut\u00e1rios ou mesmo envolvendo o direito do consumidor<\/strong>.<\/p>\n\n\n\n<p>Essas empresas t\u00eam uma nova forma de operar e nem sempre a aplica\u00e7\u00e3o das leis, como \u00e9 feita para neg\u00f3cios tradicionais, resolve as quest\u00f5es apresentadas pelos neg\u00f3cios. Por conta disso, um advogado especializado \u00e9 cada vez mais necess\u00e1rio para oferecer o suporte jur\u00eddico adequado.<\/p>\n\n\n\n<h3 class=\"wp-block-heading\">Contratos<\/h3>\n\n\n\n<p>Opera\u00e7\u00f5es diversas no meio digital s\u00e3o cada vez mais comuns entre empresas e pessoas. Por isso, <strong>os contratos devem ser adaptados \u00e0 essa nova realidade<\/strong>.&nbsp;<\/p>\n\n\n\n<p>Hoje existe uma demanda crescente de empresas que precisam de contratos estrat\u00e9gicos e que contemplem todas as quest\u00f5es presentes em opera\u00e7\u00f5es online. Assim, esse ramo vem ganhando for\u00e7a e destaque entre as demais \u00e1reas.<\/p>\n\n\n\n<h3 class=\"wp-block-heading\">Compliance<\/h3>\n\n\n\n<p>Desde a edi\u00e7\u00e3o da <a href=\"https:\/\/www.aurum.com.br\/blog\/lei-anticorrupcao\/\">Lei Anticorrup\u00e7\u00e3o<\/a>, que prev\u00ea a responsabiliza\u00e7\u00e3o de empresas que praticam atos lesivos contra a administra\u00e7\u00e3o p\u00fablica, mais e mais neg\u00f3cios est\u00e3o revendo suas pr\u00e1ticas internas para evitar conflitos com a legisla\u00e7\u00e3o e \u00f3rg\u00e3os fiscalizadores. Al\u00e9m disso, <strong>as empresas est\u00e3o mais conscientes acerca de prevenir multas e san\u00e7\u00f5es<\/strong>, bem como, processos no Judici\u00e1rio.<\/p>\n\n\n\n<p>Nesse cen\u00e1rio, o direito digital tamb\u00e9m deve ser levado em considera\u00e7\u00e3o. Afinal, determinadas pr\u00e1ticas da empresa que utilizam a tecnologia podem gerar danos aos direitos de seus clientes e colaboradores, al\u00e9m de criar impasses contra a administra\u00e7\u00e3o p\u00fablica.<\/p>\n\n\n\n<p>Aqui no Portal da Aurum voc\u00ea confere um conte\u00fado completo sobre o que \u00e9 <em><a href=\"https:\/\/www.aurum.com.br\/blog\/o-que-e-compliance\/\">compliance<\/a><\/em> e suas aplica\u00e7\u00f5es. Quem deseja saber como esse programa \u00e9 aplicado no Direito do Trabalho, tamb\u00e9m h\u00e1 um conte\u00fado sobre <a href=\"https:\/\/www.aurum.com.br\/blog\/compliance-trabalhista\/\"><em>compliance <\/em>trabalhista<\/a>.<\/p>\n\n\n\n\n\n<h2 class=\"wp-block-heading\" id=\"3\">Quais habilidades para atuar no direito digital?<\/h2>\n\n\n\n<p>Advogados que desejam investir no ramo do direito digital contam com excelentes oportunidades no mercado. <\/p>\n\n\n\n<p>Para quem pretende atuar na \u00e1rea, <strong>\u00e9 necess\u00e1rio contar com uma boa base de conhecimentos gerais<\/strong>, afinal, o direito digital estabelece fortes conex\u00f5es com outros ramos do direito.&nbsp;<\/p>\n\n\n\n<p>Al\u00e9m disso, \u00e9 preciso ter uma boa capacidade de interpreta\u00e7\u00e3o e racioc\u00ednio jur\u00eddico. Como a tecnologia avan\u00e7a muito r\u00e1pido, \u00e9 indispens\u00e1vel se atualizar constantemente e ser um profissional bastante din\u00e2mico.<\/p>\n\n\n\n<p>Patr\u00edcia Peck, advogada e refer\u00eancia em Direito Digital, alerta que conhecimentos t\u00e9cnicos s\u00e3o um diferencial para o advogado. Ela <strong>ressalta que advogados que se especializam em certifica\u00e7\u00f5es t\u00e9cnicas e estudem temas como ITO e COBIT saem na frente<\/strong>.&nbsp;<\/p>\n\n\n\n<p>Isso porque, no direito digital, o conhecimento de tecnologias espec\u00edficas enriquece a interpreta\u00e7\u00e3o das normas e, consequentemente, a cria\u00e7\u00e3o de melhores teses jur\u00eddicas.<\/p>\n\n\n\n<p>Sem d\u00favida, quem deseja trabalhar com direito digital precisa ser bastante din\u00e2mico e estar atento \u00e0s mudan\u00e7as constantes, seja dos recursos tecnol\u00f3gicos e da pr\u00f3pria legisla\u00e7\u00e3o.<\/p>\n\n\n\n<p>Por fim, ainda que investir em um novo ramo do direito seja uma boa estrat\u00e9gia para se destacar em um mercado concorrido como \u00e9 o jur\u00eddico, <strong>\u00e9 essencial ter um planejamento<\/strong>.&nbsp;<\/p>\n\n\n\n<p>Al\u00e9m de montar um plano de neg\u00f3cios, \u00e9 preciso avaliar com cautela se, de fato, a localidade em que seu escrit\u00f3rio esta possui uma real demanda por essa \u00e1rea. Tamb\u00e9m \u00e9 preciso preparar seu financeiro. Ter um bom capital de giro at\u00e9 que a nova \u00e1rea se torne rent\u00e1vel \u00e9 essencial.<\/p>\n\n\n\n<p><em>Leia tamb\u00e9m: <a href=\"https:\/\/www.aurum.com.br\/blog\/direitos-autorais\/\">Direitos autorais: quem \u00e9 dono das produ\u00e7\u00f5es criadas por intelig\u00eancia artificial?<\/a><\/em> <\/p>\n\n\n\n<h3 class=\"wp-block-heading\">Cursos para atuar na \u00e1rea <\/h3>\n\n\n\n<h4 class=\"wp-block-heading\">Direito 4.0: Direito Digital, Prote\u00e7\u00e3o de Dados e Ciberseguran\u00e7a<\/h4>\n\n\n\n<p>Descubra neste curso da PUC como solucionar de forma \u00e9tica problemas ligados \u00e0s rela\u00e7\u00f5es via Internet, direitos da personalidade, contratos inteligentes, seguran\u00e7a da informa\u00e7\u00e3o e LGPD.<\/p>\n\n\n\n<h4 class=\"wp-block-heading\">P\u00f3s-gradua\u00e7\u00e3o online em Advocacia no Direito Digital e Prote\u00e7\u00e3o de Dados<\/h4>\n\n\n\n<p>Curso elaborado para o profissional do Direito que visa aprimorar seus conhecimentos e qualificar-se para o exerc\u00edcio do of\u00edcio no \u00e2mbito do Direito Digital.<\/p>\n\n\n\n<h4 class=\"wp-block-heading\"><a href=\"https:\/\/direitosp.fgv.br\/cursos\/pos-graduacao-lato-sensu\/fgvlaw-direito-digital\" data-type=\"URL\" data-id=\"https:\/\/direitosp.fgv.br\/cursos\/pos-graduacao-lato-sensu\/fgvlaw-direito-digital\" target=\"_blank\" rel=\"noopener\">P\u00f3s-Gradua\u00e7\u00e3o em Direito Digital<\/a><\/h4>\n\n\n\n<p>A P\u00f3s-Gradua\u00e7\u00e3o em Direito Digital da FGV est\u00e1 alinhada ao cen\u00e1rio econ\u00f4mico contempor\u00e2neo de destacado papel para o conhecimento e a inova\u00e7\u00e3o tecnol\u00f3gica, marcado pelo empreendedorismo focado no uso das tecnologias em novos modelos de neg\u00f3cios.<\/p>\n\n\n\n<h2 class=\"wp-block-heading\" id=\"4\">Entrevista com a especialista em Direito Digital Patr\u00edcia Peck<\/h2>\n\n\n\n<p>Para Patr\u00edcia Peck, a \u00e1rea \u00e9 promissora. Mas, claro, \u00e9 necess\u00e1rio ter perfil e dar passos bem planejados. Conversamos com a especialista sobre o assunto e, abaixo, voc\u00ea confere a entrevista na \u00edntegra.<\/p>\n\n\n\n<h3 class=\"wp-block-heading\">&#8211; Vimos no seu perfil que voc\u00ea \u00e9 programadora desde os 13 anos de idade. De onde e como surgiu seu interesse por programa\u00e7\u00e3o?<\/h3>\n\n\n\n<p><strong>Patricia Peck:<\/strong> Fui muito inspirada pelo contexto que vivi na inf\u00e2ncia, j\u00e1 que sempre tive a casa cheia de novas tecnologias trazidas pelos meus pais, que eram comiss\u00e1rios de voo.&nbsp;<\/p>\n\n\n\n<p>Sempre fui muito curiosa, estudei Basic e Cobol, aos 12 anos de idade, e comecei a desenvolver programas para computador. Ao entrar na Faculdade de Direito do Largo S\u00e3o Francisco, criei um site chamado \u201cUrban\u00f3ide\u201d para troca de refer\u00eancias de <a href=\"https:\/\/www.aurum.com.br\/blog\/direito-e-tecnologia\/\">Direito e Tecnologia<\/a>, Softwares Livres e Tecnologia da Informa\u00e7\u00e3o.<\/p>\n\n\n\n<h3 class=\"wp-block-heading\">&#8211; Voc\u00ea n\u00e3o pensou em seguir carreira na \u00e1rea de tecnologia da informa\u00e7\u00e3o?<\/h3>\n\n\n\n<p><strong>Patricia Peck:<\/strong> Sim, cheguei a pensar em seguir carreira na \u00e1rea da Tecnologia da Informa\u00e7\u00e3o. Mas como estudava com muitos livros, era autodidata e tinha feito alguns cursos de programa\u00e7\u00e3o, achei que seria mais proveitoso fazer a Faculdade de Direito, pois complementaria mais os meus conhecimentos sobre as quest\u00f5es envolvendo as leis, as regras e, principalmente, o comportamento do indiv\u00edduo, que sempre me despertou muito interesse.<\/p>\n\n\n\n<h3 class=\"wp-block-heading\">&#8211; Por que escolheu o Direito? Desde o in\u00edcio da escolha da profiss\u00e3o de advogada, voc\u00ea j\u00e1 sabia que atuaria com Direito Digital?<\/h3>\n\n\n\n<p><strong>Patricia Peck:<\/strong> O que mais influenciou nessa escolha foi uma conversa que tive com a minha professora de Hist\u00f3ria. Ela perguntou por que eu gostava tanto dos computadores. Respondi que, \u201cao escrever uma regra para a m\u00e1quina, ela identifica e cumpre a regra\u201d. Foi em meio a esse debate de ideias que ela mesma sugeriu que eu fizesse a faculdade das regras.<\/p>\n\n\n\n<p><strong>Mas desde o est\u00e1gio eu tinha a fama no escrit\u00f3rio de ser &#8220;a estagi\u00e1ria que entende de tecnologia&#8221;<\/strong>, porque tinha um site e sabia programar. Ent\u00e3o, para mim, era natural pesquisar sobre a sinergia entre o direito e a tecnologia.<\/p>\n\n\n\n<p>Atuo com direito digital desde a formatura (1998). Nessa \u00e9poca, escrevi uma cr\u00f4nica para concorrer a um pr\u00eamio falando que no futuro a faculdade fecharia as portas, porque todas as aulas seriam pela internet.&nbsp;<\/p>\n\n\n\n<p>Em 1999, enfrentamos o bug do mil\u00eanio &#8211; ent\u00e3o, por causa da cr\u00f4nica e do r\u00f3tulo de &#8220;advogada que entende de tecnologia&#8221;, comecei a ser procurada para falar sobre quebras de contratos e outras quest\u00f5es legais relativas ao bug.<\/p>\n\n\n\n<h3 class=\"wp-block-heading\">&#8211; O conhecimento em programa\u00e7\u00e3o te ajudou na carreira como advogada?<\/h3>\n\n\n\n<p><strong>Patricia Peck:<\/strong> Claro. O profissional de Direito Digital precisa de conhecimentos jur\u00eddicos e t\u00e9cnicos. E isso vai ser um diferencial em sua carreira. No come\u00e7o do escrit\u00f3rio, era muito comum que quem solicitasse os nossos servi\u00e7os fossem o gestor de TI, ou o CIO [Chief Information Officer, ou Gerente de TI, em tradu\u00e7\u00e3o livre], ou ent\u00e3o os respons\u00e1veis da \u00e1rea que queriam investir no Marketing Digital.&nbsp;<\/p>\n\n\n\n<p>A demanda era por profissionais que tivessem conhecimento jur\u00eddico, mas que tamb\u00e9m entendessem de tecnologia, como programa\u00e7\u00e3o e outras quest\u00f5es t\u00e9cnicas. Isso fez a diferen\u00e7a para obter oportunidades de trabalho e a confian\u00e7a dos clientes no come\u00e7o do escrit\u00f3rio.<\/p>\n\n\n\n<p>Por exemplo, ao acompanhar como se colhe uma prova eletr\u00f4nica, <strong>o advogado que tiver no\u00e7\u00f5es de tecnologia ter\u00e1 muito mais propriedade na verifica\u00e7\u00e3o do procedimento<\/strong>.<\/p>\n\n\n\n<p>Outro fato curioso \u00e9 que, ao ingressar na Faculdade de Direito, a maioria das obras escritas sobre direito e tecnologia eram estrangeiras, dos Estados Unidos, baseadas em autores que escreveram sobre <em>computer law<\/em>, <em>cyber law<\/em>, <em>digital economy<\/em> ou <em>digital society<\/em>, com alguns poucos autores europeus.&nbsp;<\/p>\n\n\n\n<p>Por isso, em 2001, resolvi escrever um livro em portugu\u00eas sobre o tema que se tornou um manual de refer\u00eancia utilizado hoje em muitas decis\u00f5es do judici\u00e1rio brasileiro.<\/p>\n\n\n\n<h3 class=\"wp-block-heading\">&#8211; Para ser um bom advogado na \u00e1rea digital \u00e9 preciso entender de programa\u00e7\u00e3o ou desenvolvimento de sistemas?<\/h3>\n\n\n\n<p><strong>Patricia Peck:<\/strong> Os conhecimentos t\u00e9cnicos s\u00e3o diferenciais para os profissionais da \u00e1rea, j\u00e1 que o direito digital \u00e9 transversal e abrange diversos segmentos. Hoje, \u00e9 importante que o advogado se especialize com certifica\u00e7\u00f5es t\u00e9cnicas e estude temas, como ITO e COBIT.&nbsp;<\/p>\n\n\n\n<p>Por exemplo, na discuss\u00e3o de privacidade e ciberseguran\u00e7a, \u00e9 indispens\u00e1vel entender como funciona a criptografia e a coleta de biometria. Nisso tudo, o que mais impacta \u00e9 conhecer sobre provas eletr\u00f4nicas e per\u00edcia digital. \u00c9 como perguntar para a m\u00e1quina o que aconteceu.&nbsp;<\/p>\n\n\n\n<p>Isso deveria ser ensinado nas gradua\u00e7\u00f5es de direito para que os estudantes tivessem a oportunidade de, no laborat\u00f3rio, usar softwares que fazem a coleta de prova eletr\u00f4nica, tendo uma compreens\u00e3o maior sobre esse tipo de procedimento.&nbsp;<\/p>\n\n\n\n<p>\u00c9 um cen\u00e1rio novo: a prova \u00e9 eletr\u00f4nica e a testemunha \u00e9 a m\u00e1quina. <strong>\u00c9 o novo pensar jur\u00eddico que exige do profissional conhecimento t\u00e9cnico, pr\u00e1tico e especializado.<\/strong><\/p>\n\n\n\n<h3 class=\"wp-block-heading\">&#8211; Quais atributos um advogado precisa ter para ser bem-sucedido em Direito Digital?<\/h3>\n\n\n\n<p><strong>Patricia Peck: <\/strong>O advogado tem que ser curioso, gostar de tecnologia, e, principalmente, de estudar e continuar se atualizando. A todo o momento surgem novas informa\u00e7\u00f5es e novas tecnologias.&nbsp;<\/p>\n\n\n\n<p>Essas mudan\u00e7as exigem dedica\u00e7\u00e3o e um cont\u00ednuo aperfei\u00e7oamento. Por exemplo, o bitcoin e blockchain ganham espa\u00e7o no mercado, preciso aprender e entender do que se trata para poder fazer um contrato, um parecer ou uma peti\u00e7\u00e3o que envolva essas inova\u00e7\u00f5es.<\/p>\n\n\n\n<p>A melhor recompensa para este esfor\u00e7o \u00e9 que <strong>o direito digital d\u00e1 a possibilidade de voc\u00ea inovar<\/strong>, fazer algo que ningu\u00e9m nunca fez. Mas o grande desafio do profissional do direito digital continua sendo o conhecimento da mat\u00e9ria.<\/p>\n\n\n\n<p>Os assuntos se renovam cada vez mais, \u00e9 um volume de temas que vem aumentando desde os anos 90, principalmente com a cria\u00e7\u00e3o do &#8216;www&#8217; por Tim Berners-Lee, mas que quase n\u00e3o est\u00e3o presentes na grade curricular da gradua\u00e7\u00e3o de direito. S\u00e3o quest\u00f5es tratadas somente em especializa\u00e7\u00f5es e cursos de p\u00f3s-gradua\u00e7\u00e3o.<\/p>\n\n\n\n<p><strong>O destaque \u00e9 que o direito digital deixou de ser entendido como uma disciplina vertical<\/strong>, aquele direito de inform\u00e1tica, de tecnologia ou cibern\u00e9tico, para se tornar o direito como um todo, de uma sociedade digital.&nbsp;<\/p>\n\n\n\n<p>Por isso, ficou horizontal, transversal e engloba todas as disciplinas do Direito: civil, criminal, contratual, tribut\u00e1rio, de <a href=\"https:\/\/www.aurum.com.br\/blog\/propriedade-intelectual\/\">propriedade intelectual<\/a>, <a href=\"https:\/\/www.aurum.com.br\/blog\/direito-constitucional\/\">direito constitucional<\/a>, trabalhista, entre outros.<\/p>\n\n\n\n<h3 class=\"wp-block-heading\">&#8211; Essas mudan\u00e7as exigiram que tipo de atualiza\u00e7\u00e3o e\/ou forma\u00e7\u00e3o dos advogados que lidam com Direito Digital?<\/h3>\n\n\n\n<p><strong>Patricia Peck:<\/strong> Mediante essas novas situa\u00e7\u00f5es que acontecem no ambiente digital, foi necess\u00e1rio pensar em novos tipos de crimes aos quais os usu\u00e1rios est\u00e3o sujeitos. Atualmente, <strong>est\u00e3o sendo rediscutidos institutos que s\u00e3o pilares do pensamento jur\u00eddico<\/strong>, como privacidade, <a href=\"https:\/\/www.aurum.com.br\/blog\/liberdade-de-expressao\/\">liberdade de express\u00e3o<\/a> e a pr\u00f3pria \u00e9tica digital.&nbsp;<\/p>\n\n\n\n<p>Por isso, escrevi meu primeiro livro, Direito Digital, que saiu em 2001 e est\u00e1 na sexta edi\u00e7\u00e3o, s\u00edmbolo de como a \u00e1rea continua evoluindo.<\/p>\n\n\n\n<p>Al\u00e9m da qualifica\u00e7\u00e3o, outro desafio \u00e9 a pr\u00f3pria pr\u00e1tica jur\u00eddica. Em 2004, quando decidi abrir meu escrit\u00f3rio, meus colegas me perguntavam se eu ia mesmo trabalhar &#8220;s\u00f3&#8221; com isso. Na \u00e9poca, \u00e9ramos dois: um estagi\u00e1rio e eu. Hoje, somos 23 profissionais, sendo 17 advogados.<\/p>\n\n\n\n<h3 class=\"wp-block-heading\">&#8211; O avan\u00e7o da tecnologia abriu mais oportunidades de trabalho para advogados que querem atuar em Direito Digital?<\/h3>\n\n\n\n<p><strong>Patricia Peck:<\/strong> Bastante. Em apenas 13 anos, o mercado cresceu e amadureceu muito. Na esfera criminal, quase tudo que envolve prova est\u00e1 eletr\u00f4nico. Testemunhas se transformaram nas m\u00e1quinas.&nbsp;<\/p>\n\n\n\n<p>J\u00e1 no \u00e2mbito das redes sociais, h\u00e1 muito conflito envolvendo exposi\u00e7\u00e3o de marca, difama\u00e7\u00e3o, cal\u00fania. <strong>Hoje, qualquer advogado tem que pensar e refletir num cen\u00e1rio digital, de uso de bancos de dados de corpora\u00e7\u00f5es e de indiv\u00edduos<\/strong>.<\/p>\n\n\n\n<p>As empresas passaram a se preocupar mais com as atitudes do trabalhador quanto ao uso das ferramentas tecnol\u00f3gicas. Mau uso dos recursos, com finalidade particular, vazamento de informa\u00e7\u00f5es, discuss\u00e3o de horas extras por conta do uso dos dispositivos de internet fora do hor\u00e1rio de trabalho.<\/p>\n\n\n\n<p>Ou seja, <strong>tudo isso gerou novas oportunidades de atua\u00e7\u00e3o de um especialista em direito digital<\/strong>.<\/p>\n\n\n\n<h3 class=\"wp-block-heading\">&#8211; Em quais frentes um advogado que escolhe o Direito Digital como especialidade pode atuar?<\/h3>\n\n\n\n<p><strong>Patricia Peck:<\/strong> Muitas.<strong> <\/strong>Pode atuar na esfera consultiva, no contencioso, direito do trabalho, civil, penal, entre outras.&nbsp;<\/p>\n\n\n\n<p>Pode focar em um segmento empresarial para estabelecer os neg\u00f3cios entre as empresas. Na quest\u00e3o de direito societ\u00e1rio para o valuation dos ativos intang\u00edveis em fus\u00f5es e aquisi\u00e7\u00f5es. Na parte de direito civil envolvendo contratos, rela\u00e7\u00f5es entre consumidores ou trabalhistas. Ou a parte criminal, no direito penal, que cresceu muito devido aos crimes eletr\u00f4nicos e a fraude eletr\u00f4nica.<\/p>\n\n\n\n<p>Os casos mais corriqueiros s\u00e3o as celebra\u00e7\u00f5es de contratos das empresas que t\u00eam o digital como <em>core business<\/em>, como o fornecimento de internet e o desenvolvimento de softwares. Mas a demanda envolvendo os consumidores vem aumentando muito, por conta do crescimento das transa\u00e7\u00f5es comerciais online, trabalhistas, criminais e m\u00eddia social.<\/p>\n\n\n\n<h2 class=\"wp-block-heading\">Quais os desafios do direito digital?<\/h2>\n\n\n\n<p>Por se tratar de um ramo com escassez de normas espec\u00edficas, <strong>o direito digital apresenta uma s\u00e9rie de desafios quando se trata de subsun\u00e7\u00e3o da norma<\/strong>. A aplica\u00e7\u00e3o das regras e diretrizes legais nem sempre s\u00e3o \u00f3bvias nos casos envolvendo direitos e tecnologia. E isso, naturalmente, requer do operador do direito uma boa capacidade de interpreta\u00e7\u00e3o e racioc\u00ednio jur\u00eddico.<\/p>\n\n\n\n<p>Conhecimentos t\u00e9cnicas sobre programa\u00e7\u00e3o, cibercrimes e seguran\u00e7a da informa\u00e7\u00e3o tamb\u00e9m s\u00e3o um diferencial para quem quer superar os desafios que a \u00e1rea prop\u00f5e. Afinal, <strong>esse tipo de conhecimento contribui para a aplica\u00e7\u00e3o da lei e adapta\u00e7\u00e3o das normas<\/strong>.<\/p>\n\n\n\n<p>Para determinados temas envolvendo o direito digital,<strong> alguns \u00f3rg\u00e3os reguladores j\u00e1 se manifestaram no sentido de que uma regulamenta\u00e7\u00e3o precoce pode trazer mais obst\u00e1culos do que solu\u00e7\u00f5es<\/strong>, especialmente quando se trata do desenvolvimento da tecnologia. Assim, nem sempre criar normas pode ser a melhor solu\u00e7\u00e3o.<\/p>\n\n\n\n<p>Por\u00e9m, na medida em que a sociedade apresenta novos casos de vazamentos de dados, fraudes envolvendo neg\u00f3cios digitais ou mesmo crimes praticados usando a tecnologia, o direito avan\u00e7a em busca de novas alternativas.<\/p>\n\n\n\n<p>O sistema jur\u00eddico n\u00e3o \u00e9, e nem nunca ser\u00e1, perfeito. Logo, produzir normas que acompanhem todos os avan\u00e7os e a velocidade da tecnologia \u00e9 praticamente imposs\u00edvel. O ideal \u00e9 que profissionais sejam cada vez mais especializados para que com conhecimento e razoabilidade consigam suprir as lacunas da lei.<\/p>\n\n\n\n<h2 class=\"wp-block-heading\">Conclus\u00e3o<\/h2>\n\n\n\n<p>Como vimos, s\u00e3o in\u00fameros os impasses legais que envolvem tecnologias online. Com a necessidade de digitalizar para ter mais efici\u00eancia e produtividade, as empresas n\u00e3o v\u00e3o escapar deles.&nbsp;<\/p>\n\n\n\n<p>Por isso, precisam se preparar para ter prote\u00e7\u00e3o jur\u00eddica contra poss\u00edveis casos de vazamento de informa\u00e7\u00f5es, roubo de propriedade intelectual e demais situa\u00e7\u00f5es. Assim como, o advogado da \u00e1rea precisa sempre se atualizar atrav\u00e9s de cursos. <\/p>\n\n\n\n<h3 class=\"wp-block-heading\">Mais conhecimento para voc\u00ea<\/h3>\n\n\n\n<p>Se voc\u00ea deseja saber outras dicas e materiais para advogados, confira artigos aqui no Portal sobre os seguintes temas:<\/p>\n\n\n\n<ul class=\"wp-block-list\">\n<li>Conhe\u00e7a as principais estrat\u00e9gias de <a href=\"https:\/\/www.aurum.com.br\/blog\/marketing-juridico-digital\/\">marketing jur\u00eddico digital<\/a><\/li>\n\n\n\n<li>O que \u00e9 e como funciona a <a href=\"https:\/\/www.aurum.com.br\/blog\/assinatura-digital\/\">assinatura digital<\/a> <\/li>\n\n\n\n<li><a href=\"https:\/\/www.aurum.com.br\/blog\/legal-operations\/\" data-type=\"URL\" data-id=\"https:\/\/www.aurum.com.br\/blog\/legal-operations\/\">Legal Operations<\/a>: porque \u00e9 pe\u00e7a-chave para escrit\u00f3rios e departamentos <\/li>\n\n\n\n<li>O que voc\u00ea precisa saber sobre a nova realidade da <a href=\"https:\/\/www.aurum.com.br\/blog\/advocacia-5-0\/\" data-type=\"URL\" data-id=\"https:\/\/www.aurum.com.br\/blog\/advocacia-5-0\/\">Advocacia 5.0<\/a><\/li>\n\n\n\n<li><a href=\"https:\/\/www.aurum.com.br\/blog\/mercado-de-trabalho-para-advogados\/\" data-type=\"URL\" data-id=\"https:\/\/www.aurum.com.br\/blog\/mercado-de-trabalho-para-advogados\/\">Mercado de trabalho para advogados:<\/a> Conhe\u00e7a as tend\u00eancias <\/li>\n\n\n\n<li>Como deve ser um <a href=\"https:\/\/www.aurum.com.br\/blog\/curriculo-de-advogado\/\" data-type=\"URL\" data-id=\"https:\/\/www.aurum.com.br\/blog\/curriculo-de-advogado\/\">curr\u00edculo de advogado em 2023<\/a><\/li>\n\n\n\n<li><a href=\"https:\/\/www.aurum.com.br\/blog\/heranca-digital\/\">Entenda o que \u00e9 a heran\u00e7a digital e qual a sua regulamenta\u00e7\u00e3o<\/a><\/li>\n\n\n\n<li><a href=\"https:\/\/www.aurum.com.br\/blog\/politica-de-privacidade\/\">Pol\u00edtica de privacidade: o que \u00e9, objetivo e caso do Threads<\/a><\/li>\n<\/ul>\n\n\n\n<p><em>Gostou do texto? Ficou alguma d\u00favida sobre direito digital? Compartilha com a gente nos coment\u00e1rios!&nbsp;<\/em><\/p>\n\n\n<style>\r\n  .news-post {\r\n    background: url('https:\/\/www.aurum.com.br\/blog\/wp-content\/themes\/aurum\/img\/bg-news-artigo.svg') no-repeat top center #3C48AA;\r\n    padding: 1.5rem;\r\n    border-radius: 6px;\r\n    margin: 1rem 0;\r\n  }\r\n  .news-post .icone {\r\n    display: none;\r\n  }\r\n  .news-post .title {\r\n    font-weight: 700;\r\n    font-size: 16px;\r\n    line-height: 130%;\r\n    text-align: center;\r\n    letter-spacing: -0.5px;\r\n    color: #fff;\r\n    margin-bottom: .9375rem;\r\n  }\r\n  .news-post p {\r\n    font-size: .875rem;\r\n    line-height: 140%;\r\n    text-align: center;\r\n    color: #fff;\r\n    margin-bottom: 1.25rem;\r\n  }\r\n  .news-post .news_button_span {\r\n    font-size: .8125rem;\r\n    display: block;\r\n    padding: .125rem .3125rem;\r\n    color: #fff;\r\n    text-align:left;\r\n  }\r\n  .news-post .news_button_span a {\r\n    color: #fff !important;\r\n    text-decoration: underline;\r\n  }\r\n  .news-post form {\r\n    width: 100%;\r\n  }\r\n  .news-post label {\r\n    font-weight: 600;\r\n    font-size: .9375rem;\r\n    line-height: 1.5rem;\r\n    margin-bottom: .5rem;\r\n    color: #fff;\r\n    display: block;\r\n  }\r\n  .news-post input {\r\n    background: #fff;\r\n    border: 1px solid #CBCBD9;\r\n    box-sizing: border-box;\r\n    border-radius: 4px;\r\n    padding: .75rem 1rem;\r\n    width: 100%;\r\n  }\r\n  .news-post button {\r\n    margin-top: .875rem;\r\n    width: 100%;\r\n    min-width: auto;\r\n    background: #FCC632;\r\n    color: #3C48AA;\r\n  }\r\n  .news-post .input {\r\n    position: relative;\r\n    padding-bottom: 10px;\r\n  }\r\n  .news-post .error-message-ad {\r\n    font-size: .875rem;\r\n    line-height: 130%;\r\n    color: #D50021;\r\n    margin-left: 4px;\r\n  }\r\n  .news-post .error {\r\n    border: 1px solid #D50021;\r\n  }\r\n  .news-post #message-form-ad {\r\n    border-radius: 4px;\r\n    padding: 0.7rem;\r\n    font-size:0.8rem;\r\n    text-align: center;\r\n    align-items: center;\r\n    justify-content: center;\r\n    display: none;\r\n  }\r\n  .news-post #message-form-ad svg {\r\n    margin-right: 8px;\r\n  }\r\n\r\n  @media(min-width: 561px) {\r\n    .news-post {\r\n      position: relative;\r\n      background: url('https:\/\/www.aurum.com.br\/blog\/wp-content\/themes\/aurum\/img\/bg-news-artigo.svg') no-repeat top center #3C48AA;\r\n      width: calc(100% - 30px);\r\n    }\r\n    .news-post .icone {\r\n      display: block;\r\n      position: absolute;\r\n      right: -30px;\r\n      top: 65px;\r\n      max-width: 142px;\r\n      width: 100%;\r\n      height: auto;\r\n      margin: 0;\r\n    }\r\n    .news-post .title {\r\n      font-size: 1.125rem;\r\n      text-align: left;\r\n      \/* padding-right: 3.75rem; *\/\r\n    }\r\n    .news-post p {\r\n      font-size: 1rem;\r\n      text-align: left;\r\n      max-width: 400px;\r\n    }\r\n    .news-post .boxes {\r\n      display: flex;\r\n      align-items: flex-start;\r\n    }\r\n    .news-post button {\r\n      margin: 0 0 0 1rem;\r\n      width: 100%;\r\n      max-width: 170px;\r\n      min-width: auto;\r\n      transition: all ease .3s\r\n    }\r\n    .news-post button:hover {\r\n      opacity: 0.9;\r\n      transition: all ease .3s\r\n    }\r\n    .news-post #message-form-ad {\r\n      padding: 1.125rem;\r\n      font-size:1rem;\r\n    }\r\n    .news-post #message-form-ad svg {\r\n      margin-right: 10px;\r\n    }\r\n  }\r\n<\/style>\r\n\r\n<div class=\"news-post\">\r\n  <div class=\"title news-ad-title\">Gostou do artigo e quer evoluir a sua advocacia?<\/div>\r\n  <p class=\"news-ad-subtitle\">Assine gr\u00e1tis a Aurum News e receba uma dose semanal de conte\u00fado no seu e-mail! \u270c\ufe0f<\/p>\r\n  <img decoding=\"async\" src=\"https:\/\/www.aurum.com.br\/blog\/wp-content\/themes\/aurum\/img\/icon-news-artigo.svg\" alt=\"\" class=\"icone\">\r\n\r\n  <form method=\"post\" name=\"newsletter-ad\" id=\"aurum-newsletter-ad\">\r\n    <div class=boxes>\r\n      <div class=\"input\">\r\n        <label class=\"label-email\" htmlFor=\"email-ad\">Qual seu e-mail?<\/label>\r\n        <input type=\"email\" id=\"email-ad\" name=\"newsletter-mail-ad\" placeholder=\"Digite seu e-mail?\">\r\n        <div class=\"error-message-ad-email\">Endere\u00e7o de e-mail inv\u00e1lido ou incorreto<\/div>\r\n\r\n        <label class=\"label-select\" htmlFor=\"lawsuits-select-ad\">\r\n          Quantos processos voc\u00ea ou<br class=\"for-desktop\"\/> seu escrit\u00f3rio acompanham?\r\n        <\/label>\r\n        <div id=\"lawsuits-select-ad\" class=\"lawsuits-select select-wrapper\" tabindex=\"0\">\r\n          <div class=\"s-dropdown--styled\">\r\n          <span class=\"lawsuits-default\">\r\n            <span id=\"lawsuits-newsletter-ad\" class=\"lawsuits-default-text\" data-value=\"\">Selecione os processos<\/span>\r\n            <svg class=\"chevron\" xmlns=\"http:\/\/www.w3.org\/2000\/svg\" width=\"24\" height=\"25\" viewBox=\"0 0 24 25\" fill=\"none\">\r\n              <path d=\"M6 15.6152L12 9.61523L18 15.6152\" stroke=\"black\" stroke-width=\"2\" stroke-linecap=\"round\" stroke-linejoin=\"round\" \/>\r\n            <\/svg>\r\n          <\/span>\r\n\r\n          <ul class=\"s-dropdown u-hide\">\r\n            <li class=\"lawsuits\" data-value=\"Mais de 1000 processos\">Mais de 1000 processos<\/li>\r\n            <li class=\"lawsuits\" data-value=\"De 501 a 1000 processos\">De 501 a 1000 processos<\/li>\r\n            <li class=\"lawsuits\" data-value=\"De 151 a 500 processos\">De 151 a 500 processos<\/li>\r\n            <li class=\"lawsuits\" data-value=\"De 41 a 150 processos\">De 41 a 150 processos<\/li>\r\n            <li class=\"lawsuits\" data-value=\"At\u00e9 40 processos\">At\u00e9 40 processos<\/li>\r\n            <li class=\"lawsuits\" data-value=\"Atuo apenas no consultivo\">Atuo apenas no consultivo<\/li>\r\n            <li class=\"lawsuits\" data-value=\"Ainda sou estudante de direito\">Ainda sou estudante de direito<\/li>\r\n            <li class=\"lawsuits\" data-value=\"N\u00e3o sou da \u00e1rea jur\u00eddica\">N\u00e3o sou da \u00e1rea jur\u00eddica<\/li>\r\n          <\/ul>\r\n          <\/div>\r\n        <\/div>\r\n        <div class=\"error-message-ad-lawsuits\">Selecione algum processo<\/div>\r\n      <\/div>\r\n      <button class=\"btn btn-yellow ad-btn-desktop\" id=\"aurum-submit-ad\">Assinar gr\u00e1tis<\/button>\r\n      <button class=\"btn btn-yellow ad-btn-mobile\" id=\"aurum-submit-ad\">Assinar<\/button>\r\n    <\/div>\r\n    <span class=\"news_button_span\">Ao se cadastrar voc\u00ea declara que leu e aceitou a pol\u00edtica de privacidade e cookies do <a href=\"https:\/\/s3.sa-east-1.amazonaws.com\/publico.aurum.com.br\/contratos\/politica-de-privacidade.pdf\" target=\"_blank\" rel=\"noopener noreferrer\">site<\/a>.<\/span>\r\n  <\/form>\r\n  <div id=\"message-form-ad\"><\/div>\r\n<\/div>\n\n\n<script type=\"application\/ld+json\">\n{\n  \"@context\": \"https:\/\/schema.org\",\n  \"@type\": \"FAQPage\",\n  \"mainEntity\": [{\n    \"@type\": \"Question\",\n    \"name\": \"O que \u00e9 direito digital?\",\n    \"acceptedAnswer\": {\n      \"@type\": \"Answer\",\n      \"text\": \"O direito digital \u00e9 um ramo do Direito que surgiu com a finalidade de regulamentar as rela\u00e7\u00f5es dentro do ambiente digital. Com o desenvolvimento da tecnologia e da intera\u00e7\u00e3o online, nasceu a necessidade de se editar normas e regras que regulamentem as rela\u00e7\u00f5es, evitando assim pr\u00e1ticas lesivas.\"\n    }\n  },{\n    \"@type\": \"Question\",\n    \"name\": \"O que faz um advogado que atua no direito digital?\",\n    \"acceptedAnswer\": {\n      \"@type\": \"Answer\",\n      \"text\": \"Atualmente, as possibilidades de atua\u00e7\u00e3o com o direito digital s\u00e3o diversas, tanto no contencioso quanto no consultivo. \u00c1reas como contratos, por exemplo, ganham destaque na medida em que mais e mais empresas precisam de acordos formalizados para que possam realizar suas opera\u00e7\u00f5es.\"\n    }\n  }]\n}\n<\/script>\n","protected":false},"excerpt":{"rendered":"<p>O direito digital \u00e9 um ramo do Direito que surgiu com a finalidade de regulamentar as rela\u00e7\u00f5es dentro do ambiente digital. Com o desenvolvimento da tecnologia e da intera\u00e7\u00e3o online, nasceu a necessidade de se editar normas e regras que regulamentem as rela\u00e7\u00f5es, evitando assim pr\u00e1ticas lesivas. A era digital j\u00e1 \u00e9 uma realidade. Recursos [&hellip;]<\/p>\n","protected":false},"author":7,"featured_media":8977,"comment_status":"open","ping_status":"open","sticky":false,"template":"","format":"standard","meta":{"_bbp_topic_count":0,"_bbp_reply_count":0,"_bbp_total_topic_count":0,"_bbp_total_reply_count":0,"_bbp_voice_count":0,"_bbp_anonymous_reply_count":0,"_bbp_topic_count_hidden":0,"_bbp_reply_count_hidden":0,"_bbp_forum_subforum_count":0,"inline_featured_image":false,"footnotes":""},"categories":[24],"tags":[],"class_list":["post-8976","post","type-post","status-publish","format-standard","has-post-thumbnail","hentry","category-direito-digital"],"acf":[],"_links":{"self":[{"href":"https:\/\/www.aurum.com.br\/blog\/wp-json\/wp\/v2\/posts\/8976","targetHints":{"allow":["GET"]}}],"collection":[{"href":"https:\/\/www.aurum.com.br\/blog\/wp-json\/wp\/v2\/posts"}],"about":[{"href":"https:\/\/www.aurum.com.br\/blog\/wp-json\/wp\/v2\/types\/post"}],"author":[{"embeddable":true,"href":"https:\/\/www.aurum.com.br\/blog\/wp-json\/wp\/v2\/users\/7"}],"replies":[{"embeddable":true,"href":"https:\/\/www.aurum.com.br\/blog\/wp-json\/wp\/v2\/comments?post=8976"}],"version-history":[{"count":19,"href":"https:\/\/www.aurum.com.br\/blog\/wp-json\/wp\/v2\/posts\/8976\/revisions"}],"predecessor-version":[{"id":30978,"href":"https:\/\/www.aurum.com.br\/blog\/wp-json\/wp\/v2\/posts\/8976\/revisions\/30978"}],"wp:featuredmedia":[{"embeddable":true,"href":"https:\/\/www.aurum.com.br\/blog\/wp-json\/wp\/v2\/media\/8977"}],"wp:attachment":[{"href":"https:\/\/www.aurum.com.br\/blog\/wp-json\/wp\/v2\/media?parent=8976"}],"wp:term":[{"taxonomy":"category","embeddable":true,"href":"https:\/\/www.aurum.com.br\/blog\/wp-json\/wp\/v2\/categories?post=8976"},{"taxonomy":"post_tag","embeddable":true,"href":"https:\/\/www.aurum.com.br\/blog\/wp-json\/wp\/v2\/tags?post=8976"}],"curies":[{"name":"wp","href":"https:\/\/api.w.org\/{rel}","templated":true}]}}