{"id":8971,"date":"2025-03-24T19:02:14","date_gmt":"2025-03-24T22:02:14","guid":{"rendered":"https:\/\/aurum.com.br\/blog\/lei-da-liberdade-economica\/"},"modified":"2025-03-24T19:13:13","modified_gmt":"2025-03-24T22:13:13","slug":"lei-da-liberdade-economica","status":"publish","type":"post","link":"https:\/\/www.aurum.com.br\/blog\/lei-da-liberdade-economica\/","title":{"rendered":"Entenda os aspectos da Lei da Liberdade Econ\u00f4mica e as mudan\u00e7as que ela trouxe!"},"content":{"rendered":"<div id=\"bsf_rt_marker\"><\/div>\n<pre class=\"wp-block-preformatted\">A <strong>Lei da Liberdade Econ\u00f4mica<\/strong> (Lei n\u00ba 13.874\/2019) estabelece normas para garantir o livre mercado, reduzir a burocracia e facilitar a abertura de empresas no Brasil. Criada para incentivar o desenvolvimento econ\u00f4mico, a lei simplifica processos administrativos, desburocratiza regras empresariais e proporciona maior seguran\u00e7a jur\u00eddica aos empreendedores.<\/pre>\n\n\n\n<p>Voc\u00ea j\u00e1 tentou abrir um neg\u00f3cio no Brasil? Se sim, deve ter percebido a quantidade de burocracia envolvida, desde alvar\u00e1s at\u00e9 registros cont\u00e1beis extensos. A Lei da Liberdade Econ\u00f4mica surgiu justamente para resolver essas dificuldades, garantindo mais autonomia para as empresas e menos interven\u00e7\u00e3o estatal.<\/p>\n\n\n\n<p>Aprovada em 2019, essa legisla\u00e7\u00e3o promove mudan\u00e7as significativas na forma como os neg\u00f3cios s\u00e3o regulamentados. O impacto \u00e9 direto na rotina de empresas, empreendedores e trabalhadores, alterando at\u00e9 mesmo regras trabalhistas e exig\u00eancias para pequenas empresas.<\/p>\n\n\n\n<p>Neste artigo, voc\u00ea vai entender o que \u00e9 a Lei da Liberdade Econ\u00f4mica, quais s\u00e3o os seus principais benef\u00edcios e como ela afeta o mercado.&nbsp;<\/p>\n\n\n\n<p>Continue a leitura! \ud83d\ude09<\/p>\n\n\n\n<h2 class=\"wp-block-heading\">O que \u00e9 a Lei da Liberdade Econ\u00f4mica?<\/h2>\n\n\n\n<p>A <a href=\"https:\/\/www.planalto.gov.br\/ccivil_03\/_ato2019-2022\/2019\/lei\/l13874.htm\" target=\"_blank\" rel=\"noopener\">Lei n\u00ba 13.874\/2019<\/a>, conhecida como Lei da Liberdade Econ\u00f4mica, nasceu de uma Medida Provis\u00f3ria (<a href=\"https:\/\/www.planalto.gov.br\/ccivil_03\/_ato2019-2022\/2019\/mpv\/mpv881.htm\" target=\"_blank\" rel=\"noopener\">MP 881\/2019<\/a>) e tem o objetivo de facilitar a vida dos empres\u00e1rios brasileiros.\u00a0<\/p>\n\n\n\n<p>Seu foco principal \u00e9<strong> reduzir a burocracia, garantir maior <a href=\"https:\/\/www.aurum.com.br\/blog\/glossario-juridico\/principio-da-seguranca-juridica\/\" data-wpil-monitor-id=\"475\">seguran\u00e7a jur\u00eddica<\/a> para empreendedores e incentivar investimentos no pa\u00eds.<\/strong><\/p>\n\n\n\n<p>A norma trouxe mudan\u00e7as relevantes ao C\u00f3digo Civil, Consolida\u00e7\u00e3o das Leis do Trabalho (CLT) e diversas legisla\u00e7\u00f5es empresariais. Entre seus principais pontos, est\u00e3o:<\/p>\n\n\n\n<ul class=\"wp-block-list\">\n<li>Autoriza\u00e7\u00e3o para atividades econ\u00f4micas sem necessidade de <a href=\"https:\/\/www.aurum.com.br\/blog\/glossario-juridico\/alvara\/\" data-wpil-monitor-id=\"477\">alvar\u00e1<\/a> (para empresas de baixo risco);\u00a0<\/li>\n\n\n\n<li>Menos interven\u00e7\u00e3o do Estado nas rela\u00e7\u00f5es empresariais e contratuais;<\/li>\n\n\n\n<li>Redu\u00e7\u00e3o da burocracia para registros e licen\u00e7as;<\/li>\n\n\n\n<li>Flexibiliza\u00e7\u00e3o das regras trabalhistas.<\/li>\n<\/ul>\n\n\n\n<p>A<strong> lei surgiu com a inten\u00e7\u00e3o de se basear em princ\u00edpios do livre mercado<\/strong>, tentando garantir que o Estado n\u00e3o interfira tanto no funcionamento das empresas. Assim, busca-se criar um ambiente mais competitivo e favor\u00e1vel aos neg\u00f3cios no Brasil.<\/p>\n\n\n\n<figure class=\"wp-block-image size-full\"><img decoding=\"async\" width=\"1080\" height=\"1080\" src=\"https:\/\/www.aurum.com.br\/blog\/wp-content\/uploads\/2019\/10\/o-que-e-lei-da-liberdade-economica.jpg\" alt=\"Entenda as mudan\u00e7as trazidas pela Lei da Liberdade Econ\u00f4mica\" class=\"wp-image-32588\" srcset=\"https:\/\/www.aurum.com.br\/blog\/wp-content\/uploads\/2019\/10\/o-que-e-lei-da-liberdade-economica.jpg 1080w, https:\/\/www.aurum.com.br\/blog\/wp-content\/uploads\/2019\/10\/o-que-e-lei-da-liberdade-economica-300x300.jpg 300w, https:\/\/www.aurum.com.br\/blog\/wp-content\/uploads\/2019\/10\/o-que-e-lei-da-liberdade-economica-150x150.jpg 150w, https:\/\/www.aurum.com.br\/blog\/wp-content\/uploads\/2019\/10\/o-que-e-lei-da-liberdade-economica-768x768.jpg 768w\" sizes=\"(max-width: 1080px) 100vw, 1080px\" \/><figcaption class=\"wp-element-caption\">Veja o que \u00e9 Lei da Liberdade Econ\u00f4mica<\/figcaption><\/figure>\n\n\n\n<h2 class=\"wp-block-heading\">Principais direitos garantidos pela Lei:<\/h2>\n\n\n\n<p>A Lei da Liberdade Econ\u00f4mica trouxe diversos direitos para cidad\u00e3os e empres\u00e1rios. Entre os principais est\u00e3o:<\/p>\n\n\n\n<h3 class=\"wp-block-heading\">Direito ao livre exerc\u00edcio de atividades econ\u00f4micas<\/h3>\n\n\n\n<p>Empresas de baixo risco <strong>n\u00e3o precisam mais de alvar\u00e1s e licen\u00e7as para operar<\/strong>. Isso reduz <a href=\"https:\/\/www.aurum.com.br\/blog\/glossario-juridico\/custas-processuais\/\" data-wpil-monitor-id=\"478\">custos<\/a> e tempo para pequenos empreendedores iniciarem suas atividades.<\/p>\n\n\n\n<p>Isso vale para atividades que n\u00e3o ofere\u00e7am perigo ao meio ambiente, \u00e0 sa\u00fade ou \u00e0 seguran\u00e7a p\u00fablica. Exemplos de neg\u00f3cios beneficiados:<\/p>\n\n\n\n<ul class=\"wp-block-list\">\n<li>Lojas virtuais e e-commerces;<\/li>\n\n\n\n<li>Escrit\u00f3rios administrativos;<\/li>\n\n\n\n<li>Prestadores de servi\u00e7os aut\u00f4nomos.<\/li>\n<\/ul>\n\n\n\n<p>Com isso, muitos empreendedores conseguem formalizar neg\u00f3cios sem custos adicionais ou burocracias desnecess\u00e1rias.<\/p>\n\n\n\n<h3 class=\"wp-block-heading\">Redu\u00e7\u00e3o da burocracia para abertura de empresas<\/h3>\n\n\n\n<p>Agora, abrir um neg\u00f3cio \u00e9 mais simples, pois a<strong> exig\u00eancia de registros e formalidades foi reduzida<\/strong>. Processos como emiss\u00e3o de CNPJ e registros em \u00f3rg\u00e3os estaduais foram simplificados.<\/p>\n\n\n\n<h3 class=\"wp-block-heading\">Menos interfer\u00eancia estatal<\/h3>\n\n\n\n<p>A lei prev\u00ea que <strong>o Estado s\u00f3 pode intervir em neg\u00f3cios privados em casos espec\u00edficos<\/strong>, como em situa\u00e7\u00f5es que envolvam riscos \u00e0 seguran\u00e7a p\u00fablica.<\/p>\n\n\n\n<h3 class=\"wp-block-heading\">Liberdade para firmar contratos<\/h3>\n\n\n\n<p>Contratos empresariais passam a ter mais for\u00e7a jur\u00eddica, desde que respeitem os princ\u00edpios da lei. Isso d\u00e1 <strong>maior previsibilidade e seguran\u00e7a para investidores<\/strong>.<\/p>\n\n\n\n<h3 class=\"wp-block-heading\">Flexibiliza\u00e7\u00e3o das regras trabalhistas<\/h3>\n\n\n\n<p>Empresas e trabalhadores agora t\u00eam <strong>mais liberdade para negociar jornadas de trabalho<\/strong> e outras condi\u00e7\u00f5es dentro dos limites da legisla\u00e7\u00e3o.<\/p>\n\n\n\n<h2 class=\"wp-block-heading\">Quem se beneficia da Lei da Liberdade Econ\u00f4mica?<\/h2>\n\n\n\n<p>Os principais beneficiados pela Lei da Liberdade Econ\u00f4mica s\u00e3o:<\/p>\n\n\n\n<ul class=\"wp-block-list\">\n<li><strong>Micro e pequenas empresas<\/strong>, que agora enfrentam menos burocracia para abrir e operar;<\/li>\n\n\n\n<li><strong>Startups<\/strong>, que podem desenvolver inova\u00e7\u00f5es sem tantas exig\u00eancias regulat\u00f3rias;<\/li>\n\n\n\n<li><strong>Empreendedores individuais<\/strong>, que encontram menos barreiras para formalizar neg\u00f3cios;<\/li>\n\n\n\n<li><strong>Investidores<\/strong>, que t\u00eam maior seguran\u00e7a jur\u00eddica ao realizar neg\u00f3cios no Brasil.<\/li>\n<\/ul>\n\n\n\n<p>A medida <strong>tamb\u00e9m beneficia a economia como um todo<\/strong>, pois incentiva a cria\u00e7\u00e3o de novos neg\u00f3cios e gera mais empregos.<\/p>\n\n\n\n<h2 class=\"wp-block-heading\">Mudan\u00e7as relevantes na legisla\u00e7\u00e3o trabalhista:<\/h2>\n\n\n\n<p>A Lei da Liberdade Econ\u00f4mica tamb\u00e9m trouxe mudan\u00e7as significativas para a Consolida\u00e7\u00e3o das Leis do Trabalho (CLT), incluindo:<\/p>\n\n\n\n<ul class=\"wp-block-list\">\n<li><strong>Registro de ponto obrigat\u00f3rio apenas para empresas com mais de 20 funcion\u00e1rios<\/strong> (antes, era a partir de 10);<\/li>\n\n\n\n<li><strong>Cria\u00e7\u00e3o do registro de ponto por exce\u00e7\u00e3o<\/strong>, permitindo que o trabalhador s\u00f3 registre casos extraordin\u00e1rios (como horas extras);<\/li>\n\n\n\n<li><strong>Flexibiliza\u00e7\u00e3o do controle de jornada<\/strong>, permitindo novas formas de acordo entre empregador e empregado.<\/li>\n<\/ul>\n\n\n\n<p>Essas mudan\u00e7as visam modernizar as rela\u00e7\u00f5es de trabalho, reduzindo custos operacionais para as empresas e garantindo mais flexibilidade para trabalhadores.<\/p>\n\n\n\n<h3 class=\"wp-block-heading\">Controle de ponto e jornada de trabalho:<\/h3>\n\n\n\n<p>Com a nova legisla\u00e7\u00e3o,<strong> empresas com menos de 20 funcion\u00e1rios n\u00e3o precisam mais realizar o controle de ponto<\/strong>. Al\u00e9m disso, foi criada a possibilidade de registro de ponto por exce\u00e7\u00e3o, onde o trabalhador s\u00f3 precisa marcar horas extras, folgas e atrasos.<\/p>\n\n\n\n<p>Essa mudan\u00e7a reduz burocracias e custos administrativos, permitindo que empresas adotem modelos mais flex\u00edveis de trabalho.<\/p>\n\n\n\n<style>\n    #adpost-block_94445154cac2208c12e50822450a5589.anuncio-post-reverse {\n        display: flex;\n        gap: 24px;\n        border-radius: 8px;\n        width: 100%;\n        max-width: 752px;\n        padding: 40px;\n        background: #e7f4fe;\n        margin: 16px auto;\n    }\n\n    #adpost-block_94445154cac2208c12e50822450a5589 .anuncio-container {\n        display: flex;\n        flex-direction: column;\n        gap: 24px;\n        width: 100%;\n        max-width: 333px;\n    }\n\n    #adpost-block_94445154cac2208c12e50822450a5589 .anuncio-container .logo {\n        width: 100%;\n        max-width: 177px;\n        margin: 0;\n    }\n\n    #adpost-block_94445154cac2208c12e50822450a5589 .anuncio-text-container {\n        display: flex;\n        flex-direction: column;\n        gap: 24px;\n    }\n\n    #adpost-block_94445154cac2208c12e50822450a5589 .anuncio-text-container .title {\n        font-family: 'Ubuntu';\n        font-size: 1.5rem; \/\/24px\n        font-weight: 700;\n        line-height: 120%;\n        margin: 0;\n        color: #000;\n    }\n\n    #adpost-block_94445154cac2208c12e50822450a5589 .anuncio-text-container .text {\n        font-size: 0.875rem;\n        font-weight: 400;\n        line-height: 170%;\n        color: #000;\n    }\n\n    #adpost-block_94445154cac2208c12e50822450a5589 .anuncio-container .button {\n        display: inline-flex;\n        align-items: center;\n        justify-content: center;\n        width: fit-content;\n        height: 48px;\n        border-radius: 8px;\n        padding: 12px 24px;\n        font-size: 1rem;\n        font-weight: 600;\n        text-decoration: none;\n        background: #008fd5;\n        color: #fff;\n    }\n\n    #adpost-block_94445154cac2208c12e50822450a5589 .image-container {\n        position: relative;\n        width: 100%;\n        height: 100%;\n    }\n\n    #adpost-block_94445154cac2208c12e50822450a5589 .image-container.float {\n        min-height: 236px;\n    }\n\n    #adpost-block_94445154cac2208c12e50822450a5589 .image-container .image-desktop {\n        width: 100%;\n        max-width: 323px;\n        object-fit: contain;\n        margin: 0;\n    }\n\n    #adpost-block_94445154cac2208c12e50822450a5589 .image-container .image-mobile {\n        display: none;\n        width: 100%;\n        max-width: 291px;\n        object-fit: contain;\n        margin: 0;\n    }\n\n    #adpost-block_94445154cac2208c12e50822450a5589 .image-container.float .image-desktop,\n    #adpost-block_94445154cac2208c12e50822450a5589 .image-container.float .image-mobile {\n        position: absolute;\n        right: 0;\n        bottom: 0;\n    }\n\n    #adpost-block_94445154cac2208c12e50822450a5589 .image-container img {\n        border-radius: 8px;\n    }\n\n    \/************\n    * MOBILE \n    *************\/\n    @media (max-width: 1439px) {\n        #adpost-block_94445154cac2208c12e50822450a5589.anuncio-post-reverse {\n            flex-direction: column-reverse;\n            max-width: fit-content;\n            padding: 24px;\n        }\n\n        #adpost-block_94445154cac2208c12e50822450a5589 .anuncio-container {\n            max-width: 280px;\n            align-items: center;\n        }\n\n        #adpost-block_94445154cac2208c12e50822450a5589 .anuncio-container .logo {\n            max-width: 147px;\n        }\n\n        #adpost-block_94445154cac2208c12e50822450a5589 .anuncio-text-container {\n            gap: 8px;\n        }\n\n        #adpost-block_94445154cac2208c12e50822450a5589 .anuncio-text-container .title {\n            font-size: 1.25rem;\n            text-align: center;\n        }\n\n        #adpost-block_94445154cac2208c12e50822450a5589 .anuncio-text-container .text {\n            text-align: center;\n        }\n\n        #adpost-block_94445154cac2208c12e50822450a5589 .anuncio-container .button {\n            width: 100%;\n        }\n\n        #adpost-block_94445154cac2208c12e50822450a5589 .image-container.float {\n            min-height: 182px;\n        }\n\n        #adpost-block_94445154cac2208c12e50822450a5589 .image-container .image-desktop {\n            display: none;\n        }\n\n        #adpost-block_94445154cac2208c12e50822450a5589 .image-container .image-mobile {\n            display: block;\n        }\n    }\n\n    \/*******************\n    * RESET GLOBAL CSS \n    ********************\/\n    #s-post main article .content .image-container img {\n        margin: 0;\n    }\n<\/style>\n\n\n<article id=\"adpost-block_94445154cac2208c12e50822450a5589\" class=\"anuncio-post-reverse\">\n    <div class=\"anuncio-container\">\n        \n        <div class=\"anuncio-text-container\">\n             <h3 class=\"title\" >Seja protagonista da sua advocacia com o Astrea<\/h3>\n            <div class=\"text\" >Tenha tempo para focar no crescimento do seu escrit\u00f3rio, enquanto o Astrea cuida da sua gest\u00e3o jur\u00eddica com intelig\u00eancia.<\/div>        <\/div>\n       \n        <a class=\"button\" href=\"\/astrea\/?utm_source=blog&#038;utm_medium=adpost&#038;utm_campaign=campanha-marca-2026\" target=\"_self\">Conhe\u00e7a o Astrea<\/a>    <\/div>\n\n    <div class=\"image-container\">\n        <img decoding=\"async\" class=\"image-desktop\" src=\"https:\/\/www.aurum.com.br\/blog\/wp-content\/uploads\/2026\/03\/adpos-posicionamento-2026-desktop.png\" alt=\"\" \/>\n        <img decoding=\"async\" class=\"image-mobile\" src=\"https:\/\/www.aurum.com.br\/blog\/wp-content\/uploads\/2026\/03\/adpost-posicionamento-2026-mobile.png\" alt=\"\" \/>    <\/div>\n<\/article>\n\n\n<h2 class=\"wp-block-heading\">Impactos da lei na burocracia empresarial:<\/h2>\n\n\n\n<p>A <strong>redu\u00e7\u00e3o da burocracia <\/strong>\u00e9 um dos principais benef\u00edcios da Lei da Liberdade Econ\u00f4mica. As empresas agora enfrentam menos exig\u00eancias para registros, funcionamento e <a href=\"https:\/\/www.aurum.com.br\/blog\/glossario-juridico\/direito-das-obrigacoes\/\" data-wpil-monitor-id=\"474\">obriga\u00e7\u00f5es<\/a> legais.<\/p>\n\n\n\n<p>Isso gera ganhos de efici\u00eancia, pois:<\/p>\n\n\n\n<ul class=\"wp-block-list\">\n<li>A abertura de empresas \u00e9 mais r\u00e1pida;<\/li>\n\n\n\n<li>O tempo gasto com burocracia \u00e9 reduzido;<\/li>\n\n\n\n<li>Empreendedores t\u00eam menos custos operacionais.<\/li>\n<\/ul>\n\n\n\n<p>Essa simplifica\u00e7\u00e3o incentiva a cria\u00e7\u00e3o de novos neg\u00f3cios, fortalecendo a economia e aumentando a competitividade do Brasil no mercado internacional.<\/p>\n\n\n\n<h2 class=\"wp-block-heading\">Como a Lei da Liberdade Econ\u00f4mica afeta o mercado?<\/h2>\n\n\n\n<p>A lei tem impactos positivos no mercado e na economia, pois:<\/p>\n\n\n\n<ul class=\"wp-block-list\">\n<li><strong>Facilita a abertura de empresas<\/strong>, estimulando o empreendedorismo;<\/li>\n\n\n\n<li><strong>Atrai investimentos<\/strong>, garantindo mais seguran\u00e7a para neg\u00f3cios;<\/li>\n\n\n\n<li><strong>Gera empregos<\/strong>, pois novas empresas precisam de mais trabalhadores;<\/li>\n\n\n\n<li><strong>Reduz custos operacionais<\/strong>, tornando as empresas mais eficientes.<\/li>\n<\/ul>\n\n\n\n<p>Al\u00e9m disso, ao diminuir a burocracia, o Brasil melhora seu ambiente de neg\u00f3cios, tornando-se mais atrativo para investidores nacionais e estrangeiros.<\/p>\n\n\n\n<h2 class=\"wp-block-heading\">Pontos de aten\u00e7\u00e3o sobre a Lei da Liberdade Econ\u00f4mica:<\/h2>\n\n\n\n<p>Apesar dos avan\u00e7os, a legisla\u00e7\u00e3o tamb\u00e9m recebeu cr\u00edticas de diversos setores, especialmente em rela\u00e7\u00e3o a poss\u00edveis impactos negativos para trabalhadores e fiscaliza\u00e7\u00e3o. Entre as principais preocupa\u00e7\u00f5es, est\u00e3o:<\/p>\n\n\n\n<h3 class=\"wp-block-heading\">Flexibiliza\u00e7\u00e3o excessiva das regras trabalhistas<\/h3>\n\n\n\n<p>Sindicatos e especialistas em <a href=\"https:\/\/www.aurum.com.br\/blog\/agravo-de-instrumento-trabalhista\/\" data-wpil-monitor-id=\"473\">direito trabalhista<\/a> apontam que a <strong>flexibiliza\u00e7\u00e3o do registro de ponto pode abrir brechas para abusos na jornada de trabalho<\/strong> e dificultar a comprova\u00e7\u00e3o de horas extras.<\/p>\n\n\n\n<p>Com menos controle formal, h\u00e1 o risco de trabalhadores serem prejudicados por empregadores que n\u00e3o registram adequadamente o tempo de servi\u00e7o.<\/p>\n\n\n\n<h3 class=\"wp-block-heading\">Risco de precariza\u00e7\u00e3o do trabalho<\/h3>\n\n\n\n<p>A maior autonomia para negocia\u00e7\u00f5es individuais entre empresas e funcion\u00e1rios pode resultar em condi\u00e7\u00f5es menos favor\u00e1veis para os trabalhadores, especialmente em setores com menor poder de barganha.<\/p>\n\n\n\n<p>Algumas mudan\u00e7as podem <strong>enfraquecer a prote\u00e7\u00e3o legal dos empregados<\/strong>, deixando-os mais vulner\u00e1veis a acordos desfavor\u00e1veis.<\/p>\n\n\n\n<h3 class=\"wp-block-heading\">Poss\u00edveis impactos ambientais e de seguran\u00e7a<\/h3>\n\n\n\n<p>A dispensa de alvar\u00e1s e licen\u00e7as para atividades de baixo risco foi vista como um avan\u00e7o para o empreendedorismo, mas cr\u00edticos alertam que <strong>pode afetar a fiscaliza\u00e7\u00e3o e aumentar casos de empresas que descumprem normas ambientais e de seguran\u00e7a<\/strong>.<\/p>\n\n\n\n<p>Em alguns setores, a falta de exig\u00eancia pr\u00e9via de licen\u00e7as pode levar a riscos sanit\u00e1rios, estruturais ou ambientais que s\u00f3 seriam detectados ap\u00f3s danos j\u00e1 causados.<\/p>\n\n\n\n<h3 class=\"wp-block-heading\">Inseguran\u00e7a jur\u00eddica em algumas regulamenta\u00e7\u00f5es locais<\/h3>\n\n\n\n<p>Como estados e munic\u00edpios possuem autonomia para definir quais atividades s\u00e3o de baixo risco, h\u00e1 diferen\u00e7as na aplica\u00e7\u00e3o da lei pelo Brasil. Isso pode gerar inseguran\u00e7a jur\u00eddica, pois as<strong> regras podem variar conforme a localidade.<\/strong><\/p>\n\n\n\n<p>Algumas cidades mant\u00eam burocracias adicionais, dificultando a padroniza\u00e7\u00e3o nacional pretendida pela lei.<\/p>\n\n\n\n<p>O sucesso da lei depende de sua implementa\u00e7\u00e3o respons\u00e1vel, garantindo que empreendedores e trabalhadores sejam beneficiados sem comprometer <a href=\"https:\/\/www.aurum.com.br\/blog\/direitos-fundamentais\/\" data-wpil-monitor-id=\"476\">direitos fundamentais<\/a>.&nbsp;<\/p>\n\n\n\n<p>Assim, o equil\u00edbrio entre liberdade econ\u00f4mica e prote\u00e7\u00e3o social ser\u00e1 essencial para que a legisla\u00e7\u00e3o traga efeitos positivos de forma sustent\u00e1vel.<\/p>\n\n\n\n<h2 class=\"wp-block-heading\">Conclus\u00e3o:<\/h2>\n\n\n\n<p>A Lei da Liberdade Econ\u00f4mica trouxe mudan\u00e7as significativas para o ambiente de neg\u00f3cios no Brasil. A desburocratiza\u00e7\u00e3o e a maior seguran\u00e7a <a href=\"https:\/\/www.aurum.com.br\/blog\/empreendedorismo-juridico\/\" data-wpil-monitor-id=\"479\">jur\u00eddica para empreendedores<\/a> e investidores s\u00e3o pontos positivos amplamente reconhecidos, especialmente para micro e pequenas empresas, que agora enfrentam menos barreiras para operar.&nbsp;<\/p>\n\n\n\n<p>Por outro lado, a lei tamb\u00e9m gerou preocupa\u00e7\u00f5es, especialmente quanto \u00e0 flexibiliza\u00e7\u00e3o de direitos trabalhistas e \u00e0 poss\u00edvel redu\u00e7\u00e3o da fiscaliza\u00e7\u00e3o sobre neg\u00f3cios que antes exigiam controle mais rigoroso.&nbsp;<\/p>\n\n\n\n<p>Algumas mudan\u00e7as, como o novo modelo de controle de ponto e jornada de trabalho, foram criticadas por sindicatos e especialistas em direito trabalhista, que alertam para poss\u00edveis impactos negativos sobre os trabalhadores.<\/p>\n\n\n\n<p>Diante disso, <strong>a efic\u00e1cia da lei depender\u00e1 da sua aplica\u00e7\u00e3o respons\u00e1vel<\/strong>. O equil\u00edbrio entre liberdade econ\u00f4mica e prote\u00e7\u00e3o social ser\u00e1 essencial para garantir que os benef\u00edcios da legisla\u00e7\u00e3o sejam sustent\u00e1veis no longo prazo.&nbsp;<\/p>\n\n\n\n<p>Com ajustes e fiscaliza\u00e7\u00e3o adequadas, a Lei da Liberdade Econ\u00f4mica pode continuar a impulsionar a economia, incentivando a inova\u00e7\u00e3o e a competitividade sem comprometer direitos essenciais.<br>Para empres\u00e1rios, advogados e trabalhadores, <strong>entender essa legisla\u00e7\u00e3o \u00e9 fundamental para saber como aproveitar suas vantagens e lidar com seus desafios.<\/strong><\/p>\n\n\n\n<h2 class=\"wp-block-heading\">Mais conhecimento para voc\u00ea<\/h2>\n\n\n\n<p>Se quiser saber mais sobre outros assuntos relacionados a esta e outras <a href=\"https:\/\/www.aurum.com.br\/blog\/areas-do-direito\/\" data-wpil-monitor-id=\"472\">\u00e1reas do direito<\/a>, aqui no blog da Aurum voc\u00ea confere:<\/p>\n\n\n\n<ul class=\"wp-block-list\">\n<li><a href=\"https:\/\/www.aurum.com.br\/blog\/trabalho-intermitente\/\">Trabalho intermitente<\/a>: tire suas d\u00favidas sobre a modalidade<\/li>\n\n\n\n<li><a href=\"https:\/\/www.aurum.com.br\/blog\/natureza-juridica-do-direito-do-trabalho\/\">Natureza jur\u00eddica do direito do trabalho<\/a>: afinal, qual \u00e9?<\/li>\n\n\n\n<li><a href=\"https:\/\/www.aurum.com.br\/blog\/nova-lei-trabalhista\/\">Nova Lei Trabalhista<\/a>: o que mudou nos direitos coletivos e individuais<\/li>\n\n\n\n<li><a href=\"https:\/\/www.aurum.com.br\/blog\/prazos-trabalhistas\/\">Prazos trabalhistas<\/a>: veja como funcionam os mais importantes<\/li>\n\n\n\n<li> <a href=\"https:\/\/www.aurum.com.br\/blog\/nexo-causal\/\">Nexo causal<\/a>: o que \u00e9 e sua aplica\u00e7\u00e3o em caso de acidente de trabalho<\/li>\n\n\n\n<li><a href=\"https:\/\/www.aurum.com.br\/blog\/teletrabalho\/\">Teletrabalho<\/a>: principais aspectos jur\u00eddicos <\/li>\n\n\n\n<li><a href=\"https:\/\/www.aurum.com.br\/blog\/analise-economica-do-direito\/\">An\u00e1lise econ\u00f4mica do direito<\/a>: o que advogados precisam saber<\/li>\n\n\n\n<li><a href=\"https:\/\/www.aurum.com.br\/blog\/ilegitimidade-passiva\/\">Ilegitimidade passiva: O que \u00e9, quando alegar e como fundamentar!&nbsp;<\/a><\/li>\n\n\n\n<li><a href=\"https:\/\/www.aurum.com.br\/blog\/rescisao-contratual-trabalhista\/\">Rescis\u00e3o contratual trabalhista: o que \u00e9, base legal, tipos e prazo<\/a><\/li>\n<\/ul>\n\n\n\n<p><em>E a\u00ed, ficou com alguma d\u00favida sobre a Lei da Liberdade Econ\u00f4mica? Compartilhe nos coment\u00e1rios abaixo que iremos responder! <\/em>&nbsp; <\/p>\n\n\n<style>\r\n  .news-post {\r\n    background: url('https:\/\/www.aurum.com.br\/blog\/wp-content\/themes\/aurum\/img\/bg-news-artigo.svg') no-repeat top center #3C48AA;\r\n    padding: 1.5rem;\r\n    border-radius: 6px;\r\n    margin: 1rem 0;\r\n  }\r\n  .news-post .icone {\r\n    display: none;\r\n  }\r\n  .news-post .title {\r\n    font-weight: 700;\r\n    font-size: 16px;\r\n    line-height: 130%;\r\n    text-align: center;\r\n    letter-spacing: -0.5px;\r\n    color: #fff;\r\n    margin-bottom: .9375rem;\r\n  }\r\n  .news-post p {\r\n    font-size: .875rem;\r\n    line-height: 140%;\r\n    text-align: center;\r\n    color: #fff;\r\n    margin-bottom: 1.25rem;\r\n  }\r\n  .news-post .news_button_span {\r\n    font-size: .8125rem;\r\n    display: block;\r\n    padding: .125rem .3125rem;\r\n    color: #fff;\r\n    text-align:left;\r\n  }\r\n  .news-post .news_button_span a {\r\n    color: #fff !important;\r\n    text-decoration: underline;\r\n  }\r\n  .news-post form {\r\n    width: 100%;\r\n  }\r\n  .news-post label {\r\n    font-weight: 600;\r\n    font-size: .9375rem;\r\n    line-height: 1.5rem;\r\n    margin-bottom: .5rem;\r\n    color: #fff;\r\n    display: block;\r\n  }\r\n  .news-post input {\r\n    background: #fff;\r\n    border: 1px solid #CBCBD9;\r\n    box-sizing: border-box;\r\n    border-radius: 4px;\r\n    padding: .75rem 1rem;\r\n    width: 100%;\r\n  }\r\n  .news-post button {\r\n    margin-top: .875rem;\r\n    width: 100%;\r\n    min-width: auto;\r\n    background: #FCC632;\r\n    color: #3C48AA;\r\n  }\r\n  .news-post .input {\r\n    position: relative;\r\n    padding-bottom: 10px;\r\n  }\r\n  .news-post .error-message-ad {\r\n    font-size: .875rem;\r\n    line-height: 130%;\r\n    color: #D50021;\r\n    margin-left: 4px;\r\n  }\r\n  .news-post .error {\r\n    border: 1px solid #D50021;\r\n  }\r\n  .news-post #message-form-ad {\r\n    border-radius: 4px;\r\n    padding: 0.7rem;\r\n    font-size:0.8rem;\r\n    text-align: center;\r\n    align-items: center;\r\n    justify-content: center;\r\n    display: none;\r\n  }\r\n  .news-post #message-form-ad svg {\r\n    margin-right: 8px;\r\n  }\r\n\r\n  @media(min-width: 561px) {\r\n    .news-post {\r\n      position: relative;\r\n      background: url('https:\/\/www.aurum.com.br\/blog\/wp-content\/themes\/aurum\/img\/bg-news-artigo.svg') no-repeat top center #3C48AA;\r\n      width: calc(100% - 30px);\r\n    }\r\n    .news-post .icone {\r\n      display: block;\r\n      position: absolute;\r\n      right: -30px;\r\n      top: 65px;\r\n      max-width: 142px;\r\n      width: 100%;\r\n      height: auto;\r\n      margin: 0;\r\n    }\r\n    .news-post .title {\r\n      font-size: 1.125rem;\r\n      text-align: left;\r\n      \/* padding-right: 3.75rem; *\/\r\n    }\r\n    .news-post p {\r\n      font-size: 1rem;\r\n      text-align: left;\r\n      max-width: 400px;\r\n    }\r\n    .news-post .boxes {\r\n      display: flex;\r\n      align-items: flex-start;\r\n    }\r\n    .news-post button {\r\n      margin: 0 0 0 1rem;\r\n      width: 100%;\r\n      max-width: 170px;\r\n      min-width: auto;\r\n      transition: all ease .3s\r\n    }\r\n    .news-post button:hover {\r\n      opacity: 0.9;\r\n      transition: all ease .3s\r\n    }\r\n    .news-post #message-form-ad {\r\n      padding: 1.125rem;\r\n      font-size:1rem;\r\n    }\r\n    .news-post #message-form-ad svg {\r\n      margin-right: 10px;\r\n    }\r\n  }\r\n<\/style>\r\n\r\n<div class=\"news-post\">\r\n  <div class=\"title news-ad-title\">Gostou do artigo e quer evoluir a sua advocacia?<\/div>\r\n  <p class=\"news-ad-subtitle\">Assine gr\u00e1tis a Aurum News e receba uma dose semanal de conte\u00fado no seu e-mail! \u270c\ufe0f<\/p>\r\n  <img decoding=\"async\" src=\"https:\/\/www.aurum.com.br\/blog\/wp-content\/themes\/aurum\/img\/icon-news-artigo.svg\" alt=\"\" class=\"icone\">\r\n\r\n  <form method=\"post\" name=\"newsletter-ad\" id=\"aurum-newsletter-ad\">\r\n    <div class=boxes>\r\n      <div class=\"input\">\r\n        <label class=\"label-email\" htmlFor=\"email-ad\">Qual seu e-mail?<\/label>\r\n        <input type=\"email\" id=\"email-ad\" name=\"newsletter-mail-ad\" placeholder=\"Digite seu e-mail?\">\r\n        <div class=\"error-message-ad-email\">Endere\u00e7o de e-mail inv\u00e1lido ou incorreto<\/div>\r\n\r\n        <label class=\"label-select\" htmlFor=\"lawsuits-select-ad\">\r\n          Quantos processos voc\u00ea ou<br class=\"for-desktop\"\/> seu escrit\u00f3rio acompanham?\r\n        <\/label>\r\n        <div id=\"lawsuits-select-ad\" class=\"lawsuits-select select-wrapper\" tabindex=\"0\">\r\n          <div class=\"s-dropdown--styled\">\r\n          <span class=\"lawsuits-default\">\r\n            <span id=\"lawsuits-newsletter-ad\" class=\"lawsuits-default-text\" data-value=\"\">Selecione os processos<\/span>\r\n            <svg class=\"chevron\" xmlns=\"http:\/\/www.w3.org\/2000\/svg\" width=\"24\" height=\"25\" viewBox=\"0 0 24 25\" fill=\"none\">\r\n              <path d=\"M6 15.6152L12 9.61523L18 15.6152\" stroke=\"black\" stroke-width=\"2\" stroke-linecap=\"round\" stroke-linejoin=\"round\" \/>\r\n            <\/svg>\r\n          <\/span>\r\n\r\n          <ul class=\"s-dropdown u-hide\">\r\n            <li class=\"lawsuits\" data-value=\"Mais de 1000 processos\">Mais de 1000 processos<\/li>\r\n            <li class=\"lawsuits\" data-value=\"De 501 a 1000 processos\">De 501 a 1000 processos<\/li>\r\n            <li class=\"lawsuits\" data-value=\"De 151 a 500 processos\">De 151 a 500 processos<\/li>\r\n            <li class=\"lawsuits\" data-value=\"De 41 a 150 processos\">De 41 a 150 processos<\/li>\r\n            <li class=\"lawsuits\" data-value=\"At\u00e9 40 processos\">At\u00e9 40 processos<\/li>\r\n            <li class=\"lawsuits\" data-value=\"Atuo apenas no consultivo\">Atuo apenas no consultivo<\/li>\r\n            <li class=\"lawsuits\" data-value=\"Ainda sou estudante de direito\">Ainda sou estudante de direito<\/li>\r\n            <li class=\"lawsuits\" data-value=\"N\u00e3o sou da \u00e1rea jur\u00eddica\">N\u00e3o sou da \u00e1rea jur\u00eddica<\/li>\r\n          <\/ul>\r\n          <\/div>\r\n        <\/div>\r\n        <div class=\"error-message-ad-lawsuits\">Selecione algum processo<\/div>\r\n      <\/div>\r\n      <button class=\"btn btn-yellow ad-btn-desktop\" id=\"aurum-submit-ad\">Assinar gr\u00e1tis<\/button>\r\n      <button class=\"btn btn-yellow ad-btn-mobile\" id=\"aurum-submit-ad\">Assinar<\/button>\r\n    <\/div>\r\n    <span class=\"news_button_span\">Ao se cadastrar voc\u00ea declara que leu e aceitou a pol\u00edtica de privacidade e cookies do <a href=\"https:\/\/s3.sa-east-1.amazonaws.com\/publico.aurum.com.br\/contratos\/politica-de-privacidade.pdf\" target=\"_blank\" rel=\"noopener noreferrer\">site<\/a>.<\/span>\r\n  <\/form>\r\n  <div id=\"message-form-ad\"><\/div>\r\n<\/div>","protected":false},"excerpt":{"rendered":"<p>A Lei da Liberdade Econ\u00f4mica (Lei n\u00ba 13.874\/2019) estabelece normas para garantir o livre mercado, reduzir a burocracia e facilitar a abertura de empresas no Brasil. Criada para incentivar o desenvolvimento econ\u00f4mico, a lei simplifica processos administrativos, desburocratiza regras empresariais e proporciona maior seguran\u00e7a jur\u00eddica aos empreendedores. Voc\u00ea j\u00e1 tentou abrir um neg\u00f3cio no Brasil? [&hellip;]<\/p>\n","protected":false},"author":155,"featured_media":32589,"comment_status":"open","ping_status":"open","sticky":false,"template":"","format":"standard","meta":{"_bbp_topic_count":0,"_bbp_reply_count":0,"_bbp_total_topic_count":0,"_bbp_total_reply_count":0,"_bbp_voice_count":0,"_bbp_anonymous_reply_count":0,"_bbp_topic_count_hidden":0,"_bbp_reply_count_hidden":0,"_bbp_forum_subforum_count":0,"inline_featured_image":false,"footnotes":""},"categories":[35],"tags":[],"class_list":["post-8971","post","type-post","status-publish","format-standard","has-post-thumbnail","hentry","category-direito-trabalhista"],"acf":[],"_links":{"self":[{"href":"https:\/\/www.aurum.com.br\/blog\/wp-json\/wp\/v2\/posts\/8971","targetHints":{"allow":["GET"]}}],"collection":[{"href":"https:\/\/www.aurum.com.br\/blog\/wp-json\/wp\/v2\/posts"}],"about":[{"href":"https:\/\/www.aurum.com.br\/blog\/wp-json\/wp\/v2\/types\/post"}],"author":[{"embeddable":true,"href":"https:\/\/www.aurum.com.br\/blog\/wp-json\/wp\/v2\/users\/155"}],"replies":[{"embeddable":true,"href":"https:\/\/www.aurum.com.br\/blog\/wp-json\/wp\/v2\/comments?post=8971"}],"version-history":[{"count":9,"href":"https:\/\/www.aurum.com.br\/blog\/wp-json\/wp\/v2\/posts\/8971\/revisions"}],"predecessor-version":[{"id":32593,"href":"https:\/\/www.aurum.com.br\/blog\/wp-json\/wp\/v2\/posts\/8971\/revisions\/32593"}],"wp:featuredmedia":[{"embeddable":true,"href":"https:\/\/www.aurum.com.br\/blog\/wp-json\/wp\/v2\/media\/32589"}],"wp:attachment":[{"href":"https:\/\/www.aurum.com.br\/blog\/wp-json\/wp\/v2\/media?parent=8971"}],"wp:term":[{"taxonomy":"category","embeddable":true,"href":"https:\/\/www.aurum.com.br\/blog\/wp-json\/wp\/v2\/categories?post=8971"},{"taxonomy":"post_tag","embeddable":true,"href":"https:\/\/www.aurum.com.br\/blog\/wp-json\/wp\/v2\/tags?post=8971"}],"curies":[{"name":"wp","href":"https:\/\/api.w.org\/{rel}","templated":true}]}}