{"id":8904,"date":"2024-12-17T08:23:36","date_gmt":"2024-12-17T11:23:36","guid":{"rendered":"https:\/\/aurum.com.br\/blog\/responsabilidade-tributaria\/"},"modified":"2024-12-17T08:24:56","modified_gmt":"2024-12-17T11:24:56","slug":"responsabilidade-tributaria","status":"publish","type":"post","link":"https:\/\/www.aurum.com.br\/blog\/responsabilidade-tributaria\/","title":{"rendered":"Responsabilidade tribut\u00e1ria: como funciona e diferen\u00e7a dos 3 tipos"},"content":{"rendered":"<div id=\"bsf_rt_marker\"><\/div>\n<pre class=\"wp-block-preformatted\">A <strong>responsabilidade tribut\u00e1ria<\/strong> \u00e9 a obriga\u00e7\u00e3o legal de pagar tributos ou responder por penalidades atribu\u00eddas a um sujeito que n\u00e3o praticou o fato gerador, mas que com ele est\u00e1 relacionado.<\/pre>\n\n\n\n<p>A princ\u00edpio parece estranho que nosso sistema tribut\u00e1rio imponha \u00e0queles que n\u00e3o realizaram o fato gerador, a obriga\u00e7\u00e3o de pagar o tributo correspondente.&nbsp;<\/p>\n\n\n\n<p>Foi a pr\u00f3pria Constitui\u00e7\u00e3o Federal (Art. 146, III) que delegou \u00e0 lei complementar \u2013 no caso, o C\u00f3digo Tribut\u00e1rio Nacional \u2013 a responsabilidade por estabelecer normas gerais que regulam a tributa\u00e7\u00e3o no pa\u00eds. Dentre elas, a defini\u00e7\u00e3o de quem ser\u00e1 e pessoa obrigada ao recolhimento de tributos aos cofres p\u00fablicos.<\/p>\n\n\n\n<p>Imbu\u00eddo da compet\u00eancia de regulamentar esta obriga\u00e7\u00e3o, veremos que o <strong><a href=\"https:\/\/www.aurum.com.br\/blog\/codigo-tributario-nacional-ctn\/\" data-type=\"link\" data-id=\"https:\/\/www.aurum.com.br\/blog\/codigo-tributario-nacional-ctn\/\">C\u00f3digo Tribut\u00e1rio Nacional<\/a><\/strong> atribuiu esta responsabilidade a sujeitos que n\u00e3o necessariamente tenham realizado o fato gerador e que estejam de alguma forma vinculados \u00e0 pr\u00e1tica do fato tribut\u00e1vel.<\/p>\n\n\n\n<h2 class=\"wp-block-heading\">O que \u00e9 a Responsabilidade Tribut\u00e1ria?<\/h2>\n\n\n\n<p>O artigo 121 do C\u00f3digo Tribut\u00e1rio Nacional traz a figura do sujeito passivo da obriga\u00e7\u00e3o tribut\u00e1ria \u2013 qualquer pessoa que tenha o dever legal de cumprir uma obriga\u00e7\u00e3o tribut\u00e1ria.&nbsp;<\/p>\n\n\n\n<p>Este sujeito passivo \u00e9 um g\u00eanero no qual surgem duas esp\u00e9cies:<strong> o contribuinte e o respons\u00e1vel tribut\u00e1rio.<\/strong><\/p>\n\n\n\n<p>O <strong>contribuinte (CTN, art. 121, I), \u00e9 aquela pessoa que tem uma rela\u00e7\u00e3o direta com o fato gerador do tributo<\/strong>.&nbsp;<\/p>\n\n\n\n<p>Por <strong>exemplo,<\/strong> o IPTU \u00e9 um imposto que incide sobre a propriedade predial e territorial urbana. Assim, o contribuinte deste imposto \u00e9 propriet\u00e1rio do im\u00f3vel. H\u00e1 rela\u00e7\u00e3o direta do sujeito passivo com o fato gerador.<\/p>\n\n\n\n<p>J\u00e1 <strong>o respons\u00e1vel (CTN, art. 121, II) \u00e9 o sujeito que est\u00e1 de alguma forma relacionado ao fato gerador do tributo<\/strong> (CTN, art. 128) e a lei atribui a ele o dever de pagar.&nbsp;<\/p>\n\n\n\n<p>Por <strong>exemplo,<\/strong> as pessoas jur\u00eddicas s\u00e3o obrigadas a descontar do sal\u00e1rio de seus funcion\u00e1rios o valor do Imposto de Renda e destin\u00e1-los aos cofres da Uni\u00e3o. A rela\u00e7\u00e3o n\u00e3o \u00e9 direta, pois n\u00e3o foi a empresa que auferiu renda, no entanto a lei atribui a ela, empresa, responsabilidade.<\/p>\n\n\n\n<p>Responsabilidade tribut\u00e1ria \u00e9, portanto, a <strong>obriga\u00e7\u00e3o legal de recolher tributos<\/strong> cujo fato gerador tenha sido praticado por terceiros.<\/p>\n\n\n\n<h2 class=\"wp-block-heading\">Quais os tipos de Responsabilidade Tribut\u00e1ria previstos no C\u00f3digo Tribut\u00e1rio Nacional?<\/h2>\n\n\n\n<h3 class=\"wp-block-heading\">Responsabilidade por substitui\u00e7\u00e3o<\/h3>\n\n\n\n<p>A responsabilidade tribut\u00e1ria por substitui\u00e7\u00e3o, pode-se dizer, \u00e9 a mais comum dentre as demais formas deste instituto.&nbsp;<\/p>\n\n\n\n<p>Ela ocorre<strong> quando a lei atribui a um terceiro,<\/strong> denominado substituto, a obriga\u00e7\u00e3o de apurar e recolher o tributo em lugar do real contribuinte, chamado de substitu\u00eddo.<\/p>\n\n\n\n<p>\u00c9 o caso, por exemplo, das empresas que industrializam ou comercializam <strong>ferro-velho.&nbsp;<\/strong><\/p>\n\n\n\n<p>Estas empresas devem pagar o ICMS relativo \u00e0s suas vendas e tamb\u00e9m o ICMS devido pelo vendedor de sucata que lhe forneceu a mat\u00e9ria-prima. Assim, ao inv\u00e9s de exigir dos coletores de sucata a emiss\u00e3o de notas, apura\u00e7\u00e3o e recolhimento de tributos \u2013 o que pela informalidade desta atividade seria dif\u00edcil, a responsabilidade \u00e9 atribu\u00edda \u00e0 empresa que revende o material.&nbsp;<\/p>\n\n\n\n<p>Outro exemplo s\u00e3o as empresas de fabrica\u00e7\u00e3o ou revenda de bebidas, que muitas vezes devem recolher o ICMS relativo \u00e0s suas vendas e o ICMS das vendas de seus clientes, principalmente quando se trata de restaurantes ou vendedores ambulantes.&nbsp;<\/p>\n\n\n\n<p>Novamente se verifica muito f\u00e1cil exigir o fiel cumprimento das obriga\u00e7\u00f5es tribut\u00e1rias dos grandes revendedores de bebidas do que dos pequenos neg\u00f3cios onde essas bebidas s\u00e3o consumidas.<\/p>\n\n\n\n<h3 class=\"wp-block-heading\">Responsabilidade por sucess\u00e3o<\/h3>\n\n\n\n<p>A responsabilidade tribut\u00e1ria por sucess\u00e3o \u00e9 regulada pelos <strong>artigos 129 a 133 do CTN<\/strong> e se refere \u00e0 responsabilidade que recai sobre <a href=\"https:\/\/www.aurum.com.br\/blog\/cessao-de-direitos-hereditarios\/\">herdeiros<\/a>, legat\u00e1rios, pessoas jur\u00eddicas resultantes de fus\u00f5es, incorpora\u00e7\u00f5es etc. por obriga\u00e7\u00f5es tribut\u00e1rias ocorridas antes da sucess\u00e3o.<\/p>\n\n\n\n<p>Em s\u00edntese, esta modalidade de responsabilidade tribut\u00e1ria ocorre quando uma pessoa \u00e9 obrigada a satisfazer obriga\u00e7\u00f5es descumpridas decorrentes de <strong>fatos geradores ocorridos antes do evento de <\/strong><a href=\"https:\/\/www.aurum.com.br\/blog\/direito-das-sucessoes\/\"><strong>sucess\u00e3o<\/strong><\/a><strong>.<\/strong><\/p>\n\n\n\n<p>Neste aspecto, \u00e9 importante chamar a aten\u00e7\u00e3o para a responsabilidade tribut\u00e1ria daquele que adquire o chamado fundo de com\u00e9rcio. \u00c9 muito comum que ao adquirir uma empresa o adquirente negocie e adquira o ponto comercial, a clientela, o estoque, equipamentos etc.&nbsp;<\/p>\n\n\n\n<p>Ao adquirir este fundo de com\u00e9rcio e manter naquele endere\u00e7o a mesma atividade que vinha sendo exercida, esta nova empresa ser\u00e1 respons\u00e1vel pelas obriga\u00e7\u00f5es tribut\u00e1rias ocorridas antes mesmo da aquisi\u00e7\u00e3o.<\/p>\n\n\n\n<p><strong>Pouqu\u00edssimos empres\u00e1rios conhecem os riscos deste tipo de opera\u00e7\u00e3o<\/strong> pois acreditam que ao exercerem a atividade com um novo CNPJ e at\u00e9 mesmo um novo nome fantasia estar\u00e3o livres de obriga\u00e7\u00f5es da antiga sociedade que operava ali.&nbsp;<\/p>\n\n\n\n<p>Mas n\u00e3o \u00e9 raro que sejam surpreendidos por d\u00edvidas tribut\u00e1rias alt\u00edssimas das quais n\u00e3o detinham nenhum conhecimento.<\/p>\n\n\n\n<h3 class=\"wp-block-heading\">Responsabilidade de terceiros<\/h3>\n\n\n\n<p>Regulada pelos <strong>artigos 134 e 135 do CTN<\/strong>, esta modalidade estabelece a responsabiliza\u00e7\u00e3o de terceiros que, por seus atos ou omiss\u00f5es tenham levado o contribuinte a uma situa\u00e7\u00e3o de n\u00e3o conseguir pagar o tributo devido.&nbsp;<\/p>\n\n\n\n<p>Aqui temos como exemplo o inventariante que utiliza os recursos do esp\u00f3lio para outros fins e deixa de quitar o ITCMD, um d\u00e9bito que tem prioridade na quita\u00e7\u00e3o das d\u00edvidas do esp\u00f3lio. Se n\u00e3o sobrarem recursos para quita\u00e7\u00e3o do imposto, o inventariante ser\u00e1 responsabilizado pessoalmente a arcar com o tributo.<\/p>\n\n\n\n<p>Dentro desta modalidade est\u00e1 inserida a <strong>responsabiliza\u00e7\u00e3o dos s\u00f3cios e administradores de empresas<\/strong> quando praticam atos com excesso de poder ou que infringem a lei, ou mesmo quando s\u00e3o omissos.&nbsp;<\/p>\n\n\n\n<p>\u00c9 o <strong>caso dos s\u00f3cios<\/strong> que encerram irregularmente as atividades da empresa, deixando-a sem operar e sem formalizar este encerramento. Estes s\u00f3cios, omissos, passar\u00e3o a responder com o seu patrim\u00f4nio pessoal pelos tributos devidos pela empresa.<\/p>\n\n\n\n<p>S\u00e3o diversos os casos que podem ser exemplificados aqui para contextualizar essa modalidade de responsabilidade tribut\u00e1ria. Vale ressaltar que ela s\u00f3 pode ser aplicada quando este terceiro <strong>pratica alguma irregularidade<\/strong> que resulte na incapacidade do contribuinte de arcar com o tributo.&nbsp;<\/p>\n\n\n\n<p>Ent\u00e3o quando o s\u00f3cio utiliza recursos da empresa para fins pessoais \u2013 o que denominamos de confus\u00e3o patrimonial, ele s\u00f3 ser\u00e1 responsabilizado se a empresa perder a capacidade de pagar seus tributos.<\/p>\n\n\n\n<p>Tamb\u00e9m cumpre aduzir que o mero inadimplemento de tributos n\u00e3o desloca a responsabilidade automaticamente ao s\u00f3cio ou administrador.&nbsp;<\/p>\n\n\n\n<p>Isto \u00e9, se no exerc\u00edcio da gest\u00e3o de determinado administrador a empresa deixa de honrar com compromissos tribut\u00e1rios, a responsabilidade s\u00f3 ser\u00e1 transferida ao s\u00f3cio e\/ou gestor caso fique comprovado seu envolvimento em procedimentos il\u00edcitos, como por exemplo que este opte por omitir receitas da empresa na contabilidade.&nbsp;<\/p>\n\n\n\n<style>\n    #adpost-block_3cbdee243a7408fbfe2e46820227b203.anuncio-post-reverse {\n        display: flex;\n        gap: 24px;\n        border-radius: 8px;\n        width: 100%;\n        max-width: 752px;\n        padding: 40px;\n        background: #e7f4fe;\n        margin: 16px auto;\n    }\n\n    #adpost-block_3cbdee243a7408fbfe2e46820227b203 .anuncio-container {\n        display: flex;\n        flex-direction: column;\n        gap: 24px;\n        width: 100%;\n        max-width: 333px;\n    }\n\n    #adpost-block_3cbdee243a7408fbfe2e46820227b203 .anuncio-container .logo {\n        width: 100%;\n        max-width: 177px;\n        margin: 0;\n    }\n\n    #adpost-block_3cbdee243a7408fbfe2e46820227b203 .anuncio-text-container {\n        display: flex;\n        flex-direction: column;\n        gap: 24px;\n    }\n\n    #adpost-block_3cbdee243a7408fbfe2e46820227b203 .anuncio-text-container .title {\n        font-family: 'Ubuntu';\n        font-size: 1.5rem; \/\/24px\n        font-weight: 700;\n        line-height: 120%;\n        margin: 0;\n        color: #000;\n    }\n\n    #adpost-block_3cbdee243a7408fbfe2e46820227b203 .anuncio-text-container .text {\n        font-size: 0.875rem;\n        font-weight: 400;\n        line-height: 170%;\n        color: #000;\n    }\n\n    #adpost-block_3cbdee243a7408fbfe2e46820227b203 .anuncio-container .button {\n        display: inline-flex;\n        align-items: center;\n        justify-content: center;\n        width: fit-content;\n        height: 48px;\n        border-radius: 8px;\n        padding: 12px 24px;\n        font-size: 1rem;\n        font-weight: 600;\n        text-decoration: none;\n        background: #008fd5;\n        color: #fff;\n    }\n\n    #adpost-block_3cbdee243a7408fbfe2e46820227b203 .image-container {\n        position: relative;\n        width: 100%;\n        height: 100%;\n    }\n\n    #adpost-block_3cbdee243a7408fbfe2e46820227b203 .image-container.float {\n        min-height: 236px;\n    }\n\n    #adpost-block_3cbdee243a7408fbfe2e46820227b203 .image-container .image-desktop {\n        width: 100%;\n        max-width: 323px;\n        object-fit: contain;\n        margin: 0;\n    }\n\n    #adpost-block_3cbdee243a7408fbfe2e46820227b203 .image-container .image-mobile {\n        display: none;\n        width: 100%;\n        max-width: 291px;\n        object-fit: contain;\n        margin: 0;\n    }\n\n    #adpost-block_3cbdee243a7408fbfe2e46820227b203 .image-container.float .image-desktop,\n    #adpost-block_3cbdee243a7408fbfe2e46820227b203 .image-container.float .image-mobile {\n        position: absolute;\n        right: 0;\n        bottom: 0;\n    }\n\n    #adpost-block_3cbdee243a7408fbfe2e46820227b203 .image-container img {\n        border-radius: 8px;\n    }\n\n    \/************\n    * MOBILE \n    *************\/\n    @media (max-width: 1439px) {\n        #adpost-block_3cbdee243a7408fbfe2e46820227b203.anuncio-post-reverse {\n            flex-direction: column-reverse;\n            max-width: fit-content;\n            padding: 24px;\n        }\n\n        #adpost-block_3cbdee243a7408fbfe2e46820227b203 .anuncio-container {\n            max-width: 280px;\n            align-items: center;\n        }\n\n        #adpost-block_3cbdee243a7408fbfe2e46820227b203 .anuncio-container .logo {\n            max-width: 147px;\n        }\n\n        #adpost-block_3cbdee243a7408fbfe2e46820227b203 .anuncio-text-container {\n            gap: 8px;\n        }\n\n        #adpost-block_3cbdee243a7408fbfe2e46820227b203 .anuncio-text-container .title {\n            font-size: 1.25rem;\n            text-align: center;\n        }\n\n        #adpost-block_3cbdee243a7408fbfe2e46820227b203 .anuncio-text-container .text {\n            text-align: center;\n        }\n\n        #adpost-block_3cbdee243a7408fbfe2e46820227b203 .anuncio-container .button {\n            width: 100%;\n        }\n\n        #adpost-block_3cbdee243a7408fbfe2e46820227b203 .image-container.float {\n            min-height: 182px;\n        }\n\n        #adpost-block_3cbdee243a7408fbfe2e46820227b203 .image-container .image-desktop {\n            display: none;\n        }\n\n        #adpost-block_3cbdee243a7408fbfe2e46820227b203 .image-container .image-mobile {\n            display: block;\n        }\n    }\n\n    \/*******************\n    * RESET GLOBAL CSS \n    ********************\/\n    #s-post main article .content .image-container img {\n        margin: 0;\n    }\n<\/style>\n\n\n<article id=\"adpost-block_3cbdee243a7408fbfe2e46820227b203\" class=\"anuncio-post-reverse\">\n    <div class=\"anuncio-container\">\n        \n        <div class=\"anuncio-text-container\">\n             <h3 class=\"title\" >Seja protagonista da sua advocacia com o Astrea<\/h3>\n            <div class=\"text\" >Tenha tempo para focar no crescimento do seu escrit\u00f3rio, enquanto o Astrea cuida da sua gest\u00e3o jur\u00eddica com intelig\u00eancia.<\/div>        <\/div>\n       \n        <a class=\"button\" href=\"\/astrea\/?utm_source=blog&#038;utm_medium=adpost&#038;utm_campaign=campanha-marca-2026\" target=\"_self\">Conhe\u00e7a o Astrea<\/a>    <\/div>\n\n    <div class=\"image-container\">\n        <img decoding=\"async\" class=\"image-desktop\" src=\"https:\/\/www.aurum.com.br\/blog\/wp-content\/uploads\/2026\/03\/adpos-posicionamento-2026-desktop.png\" alt=\"\" \/>\n        <img decoding=\"async\" class=\"image-mobile\" src=\"https:\/\/www.aurum.com.br\/blog\/wp-content\/uploads\/2026\/03\/adpost-posicionamento-2026-mobile.png\" alt=\"\" \/>    <\/div>\n<\/article>\n\n\n<h2 class=\"wp-block-heading\">Qual a import\u00e2ncia da Responsabilidade Tribut\u00e1ria?<\/h2>\n\n\n\n<p>Ap\u00f3s a compreens\u00e3o do tema surge inevitavelmente uma quest\u00e3o: porque existe este instituto, qual a sua import\u00e2ncia?&nbsp;<\/p>\n\n\n\n<p>A responsabilidade tribut\u00e1ria \u00e9 um instrumento essencial no sistema brasileiro e podemos destacar duas principais raz\u00f5es para que ela exista.<\/p>\n\n\n\n<p>Primeiramente, ela <strong>facilita a fiscaliza\u00e7\u00e3o e aumenta a arrecada\u00e7\u00e3o<\/strong> do Estado diminuindo o n\u00famero de sujeitos que precisam ser fiscalizados para a verifica\u00e7\u00e3o da regularidade fiscal.&nbsp;<\/p>\n\n\n\n<p>Seria praticamente imposs\u00edvel que a Administra\u00e7\u00e3o P\u00fablica fiscalizasse todos os vendedores ambulantes de bebidas, por exemplo. Por isso ela concentra sua aten\u00e7\u00e3o nos fabricantes e distribuidores, onde \u00e9 mais f\u00e1cil identificar as opera\u00e7\u00f5es de entrada e sa\u00edda de mercadorias.<\/p>\n\n\n\n<p>Al\u00e9m disso, \u00e9 uma medida eficaz para <strong>responsabilizar quem se beneficiou e contribuiu para o inadimplemento.<\/strong> Imagine o s\u00f3cio da empresa, que retira recursos da sociedade de forma irregular, resultando na incapacidade desta de arcar com os tributos de sua atividade.&nbsp;<\/p>\n\n\n\n<p>Se n\u00e3o fosse pelo instituto da responsabilidade tribut\u00e1ria este s\u00f3cio, enriquecido por uma gest\u00e3o irrespons\u00e1vel do seu neg\u00f3cio, n\u00e3o responderia pelos tributos inadimplidos em detrimento do preju\u00edzo que causou ao er\u00e1rio.<\/p>\n\n\n\n<h2 class=\"wp-block-heading\">Quais cuidados as empresas devem ter para evitar a responsabiliza\u00e7\u00e3o tribut\u00e1ria?&nbsp;<\/h2>\n\n\n\n<p>Estar atento \u00e0s mudan\u00e7as da legisla\u00e7\u00e3o tribut\u00e1ria, manter uma escritura\u00e7\u00e3o fiscal regular, formalizar atos e decis\u00f5es empresariais etc.&nbsp;<\/p>\n\n\n\n<p>Existem diversos cuidados que devem e podem ser tomados para evitar a responsabiliza\u00e7\u00e3o do s\u00f3cio, do administrador, ou da pr\u00f3pria empresa por d\u00edvidas tribut\u00e1rias de outrem.&nbsp;<\/p>\n\n\n\n<p>No entanto, a pr\u00e1tica demonstra que a melhor e mais eficiente maneira de se evitar estes problemas \u00e9, sem sombras de d\u00favidas, o <strong>planejamento pr\u00e9vio<\/strong>.&nbsp;<\/p>\n\n\n\n<p>N\u00e3o \u00e9 novidade que nosso sistema tribut\u00e1rio \u00e9 extremamente complexo, principalmente quando falamos da atividade empresarial. Neste breve estudo tratamos de maneira muito sucinta um tema que, na pr\u00e1tica, possui diversos desdobramentos e especificidades que escapam a aten\u00e7\u00e3o do mais diligente s\u00f3cio ou administrador.<\/p>\n\n\n\n<p>Na grande maioria dos casos a responsabilidade tribut\u00e1ria acaba recaindo sobre algu\u00e9m que, caso tivesse sido instru\u00eddo, teria se eximido da dolorosa responsabilidade de arcar com tributos devidos por terceiros.&nbsp;<\/p>\n\n\n\n<p>\u00c9 por isso que, cada vez mais, o papel do advogado atuante no direito tribut\u00e1rio \u00e9 realizado antes de qualquer a\u00e7\u00e3o efetiva na empresa.&nbsp;<\/p>\n\n\n\n<p>Isso porque existem in\u00fameras formas de prevenir, limitar ou eximir-se destas modalidades de responsabilidade tribut\u00e1ria, bastando para tanto que sejam previamente tomadas medidas necess\u00e1rias ao regular funcionamento da empresa.<\/p>\n\n\n\n<h2 class=\"wp-block-heading\">Conclus\u00e3o<\/h2>\n\n\n\n<p>A responsabilidade tribut\u00e1ria desempenha um papel indispens\u00e1vel no sistema tribut\u00e1rio brasileiro, equilibrando a necessidade de arrecada\u00e7\u00e3o eficiente do Estado com a garantia de justi\u00e7a fiscal.&nbsp;<\/p>\n\n\n\n<p>Por meio deste instituto, a lei n\u00e3o apenas facilita a fiscaliza\u00e7\u00e3o ao direcionar a cobran\u00e7a a sujeitos mais adequados, mas tamb\u00e9m promove a responsabiliza\u00e7\u00e3o de quem, direta ou indiretamente, contribuiu para o inadimplemento do tributo, protegendo os cofres p\u00fablicos contra fraudes e abusos.<\/p>\n\n\n\n<p>Assim, a responsabilidade tribut\u00e1ria n\u00e3o \u00e9 apenas um mecanismo de arrecada\u00e7\u00e3o, mas um instrumento essencial para a manuten\u00e7\u00e3o de ordem tribut\u00e1ria justa e eficiente.<\/p>\n\n\n\n<h2 class=\"wp-block-heading\">Perguntas frequentes sobre o tema<\/h2>\n\n\n\n<h3 class=\"wp-block-heading\">O que \u00e9 responsabilidade tribut\u00e1ria?<\/h3>\n\n\n\n<p>A responsabilidade tribut\u00e1ria \u00e9 a obriga\u00e7\u00e3o legal de pagar impostos, que pode recair sobre algu\u00e9m al\u00e9m do contribuinte direto.<\/p>\n\n\n\n<h3 class=\"wp-block-heading\">Quais s\u00e3o os tipos de responsabilidade tribut\u00e1ria?<\/h3>\n\n\n\n<p>Os tipos de responsabilidade tribut\u00e1ria incluem a responsabilidade por substitui\u00e7\u00e3o, transfer\u00eancia ou sucess\u00e3o.<\/p>\n\n\n\n<h3 class=\"wp-block-heading\">Qual a import\u00e2ncia da responsabilidade tribut\u00e1ria?<\/h3>\n\n\n\n<p>A responsabilidade tribut\u00e1ria \u00e9 importante para garantir a arrecada\u00e7\u00e3o dos impostos e a correta distribui\u00e7\u00e3o dos encargos fiscais, evitando sonega\u00e7\u00e3o e assegurando o cumprimento das obriga\u00e7\u00f5es fiscais.<\/p>\n\n\n\n<script type=\"application\/ld+json\">\n{\n  \"@context\": \"https:\/\/schema.org\",\n  \"@type\": \"FAQPage\",\n  \"mainEntity\": [{\n    \"@type\": \"Question\",\n    \"name\": \"O que \u00e9 responsabilidade tribut\u00e1ria?\",\n    \"acceptedAnswer\": {\n      \"@type\": \"Answer\",\n      \"text\": \"A responsabilidade tribut\u00e1ria \u00e9 a obriga\u00e7\u00e3o legal de pagar impostos, que pode recair sobre algu\u00e9m al\u00e9m do contribuinte direto.\"\n    }\n  },{\n    \"@type\": \"Question\",\n    \"name\": \"Quais s\u00e3o os tipos de responsabilidade tribut\u00e1ria?\",\n    \"acceptedAnswer\": {\n      \"@type\": \"Answer\",\n      \"text\": \"Os tipos de responsabilidade tribut\u00e1ria incluem a responsabilidade por substitui\u00e7\u00e3o, transfer\u00eancia ou sucess\u00e3o.\"\n    }\n  },{\n    \"@type\": \"Question\",\n    \"name\": \"Qual a import\u00e2ncia da responsabilidade tribut\u00e1ria?\",\n    \"acceptedAnswer\": {\n      \"@type\": \"Answer\",\n      \"text\": \"A responsabilidade tribut\u00e1ria \u00e9 importante para garantir a arrecada\u00e7\u00e3o dos impostos e a correta distribui\u00e7\u00e3o dos encargos fiscais, evitando sonega\u00e7\u00e3o e assegurando o cumprimento das obriga\u00e7\u00f5es fiscais.\"\n    }\n  }]\n}\n<\/script>\n\n\n\n<h2 class=\"wp-block-heading\">Mais conhecimento para voc\u00ea<\/h2>\n\n\n\n<ul class=\"wp-block-list\">\n<li><a href=\"https:\/\/www.aurum.com.br\/blog\/responsabilidade-civil\/\">Responsabilidade civil<\/a> no direito brasileiro<\/li>\n\n\n\n<li><a href=\"https:\/\/www.aurum.com.br\/blog\/desaposentacao\/\">Desaposenta\u00e7\u00e3o<\/a>: o que \u00e9 e qual o entendimento do STF<\/li>\n\n\n\n<li>O que um advogado precisa saber sobre <a href=\"https:\/\/www.aurum.com.br\/blog\/repeticao-do-indebito\/\">repeti\u00e7\u00e3o do ind\u00e9bito<\/a><\/li>\n\n\n\n<li><a href=\"https:\/\/www.aurum.com.br\/blog\/planejamento-tributario\/\">Planejamento tribut\u00e1rio<\/a>: o que \u00e9 e qual o papel do advogado<\/li>\n\n\n\n<li><a href=\"https:\/\/www.aurum.com.br\/blog\/regime-de-tributacao\/\">Regime de tributa\u00e7\u00e3o<\/a>: como definir o melhor para o seu escrit\u00f3rio<\/li>\n\n\n\n<li>O que s\u00e3o os <a href=\"https:\/\/www.aurum.com.br\/blog\/bens-impenhoraveis\/\">bens impenhor\u00e1veis<\/a> e quais as suas exce\u00e7\u00f5es<\/li>\n\n\n\n<li>Principais aspectos jur\u00eddicos do <a href=\"https:\/\/www.aurum.com.br\/blog\/dano-estetico\/\">dano est\u00e9tico<\/a>&nbsp;<\/li>\n\n\n\n<li>O que \u00e9 o <a href=\"https:\/\/www.aurum.com.br\/blog\/principio-legalidade-tributaria\/\">princ\u00edpio da legalidade tribut\u00e1ria<\/a><\/li>\n<\/ul>\n\n\n<style>\r\n  .news-post {\r\n    background: url('https:\/\/www.aurum.com.br\/blog\/wp-content\/themes\/aurum\/img\/bg-news-artigo.svg') no-repeat top center #3C48AA;\r\n    padding: 1.5rem;\r\n    border-radius: 6px;\r\n    margin: 1rem 0;\r\n  }\r\n  .news-post .icone {\r\n    display: none;\r\n  }\r\n  .news-post .title {\r\n    font-weight: 700;\r\n    font-size: 16px;\r\n    line-height: 130%;\r\n    text-align: center;\r\n    letter-spacing: -0.5px;\r\n    color: #fff;\r\n    margin-bottom: .9375rem;\r\n  }\r\n  .news-post p {\r\n    font-size: .875rem;\r\n    line-height: 140%;\r\n    text-align: center;\r\n    color: #fff;\r\n    margin-bottom: 1.25rem;\r\n  }\r\n  .news-post .news_button_span {\r\n    font-size: .8125rem;\r\n    display: block;\r\n    padding: .125rem .3125rem;\r\n    color: #fff;\r\n    text-align:left;\r\n  }\r\n  .news-post .news_button_span a {\r\n    color: #fff !important;\r\n    text-decoration: underline;\r\n  }\r\n  .news-post form {\r\n    width: 100%;\r\n  }\r\n  .news-post label {\r\n    font-weight: 600;\r\n    font-size: .9375rem;\r\n    line-height: 1.5rem;\r\n    margin-bottom: .5rem;\r\n    color: #fff;\r\n    display: block;\r\n  }\r\n  .news-post input {\r\n    background: #fff;\r\n    border: 1px solid #CBCBD9;\r\n    box-sizing: border-box;\r\n    border-radius: 4px;\r\n    padding: .75rem 1rem;\r\n    width: 100%;\r\n  }\r\n  .news-post button {\r\n    margin-top: .875rem;\r\n    width: 100%;\r\n    min-width: auto;\r\n    background: #FCC632;\r\n    color: #3C48AA;\r\n  }\r\n  .news-post .input {\r\n    position: relative;\r\n    padding-bottom: 10px;\r\n  }\r\n  .news-post .error-message-ad {\r\n    font-size: .875rem;\r\n    line-height: 130%;\r\n    color: #D50021;\r\n    margin-left: 4px;\r\n  }\r\n  .news-post .error {\r\n    border: 1px solid #D50021;\r\n  }\r\n  .news-post #message-form-ad {\r\n    border-radius: 4px;\r\n    padding: 0.7rem;\r\n    font-size:0.8rem;\r\n    text-align: center;\r\n    align-items: center;\r\n    justify-content: center;\r\n    display: none;\r\n  }\r\n  .news-post #message-form-ad svg {\r\n    margin-right: 8px;\r\n  }\r\n\r\n  @media(min-width: 561px) {\r\n    .news-post {\r\n      position: relative;\r\n      background: url('https:\/\/www.aurum.com.br\/blog\/wp-content\/themes\/aurum\/img\/bg-news-artigo.svg') no-repeat top center #3C48AA;\r\n      width: calc(100% - 30px);\r\n    }\r\n    .news-post .icone {\r\n      display: block;\r\n      position: absolute;\r\n      right: -30px;\r\n      top: 65px;\r\n      max-width: 142px;\r\n      width: 100%;\r\n      height: auto;\r\n      margin: 0;\r\n    }\r\n    .news-post .title {\r\n      font-size: 1.125rem;\r\n      text-align: left;\r\n      \/* padding-right: 3.75rem; *\/\r\n    }\r\n    .news-post p {\r\n      font-size: 1rem;\r\n      text-align: left;\r\n      max-width: 400px;\r\n    }\r\n    .news-post .boxes {\r\n      display: flex;\r\n      align-items: flex-start;\r\n    }\r\n    .news-post button {\r\n      margin: 0 0 0 1rem;\r\n      width: 100%;\r\n      max-width: 170px;\r\n      min-width: auto;\r\n      transition: all ease .3s\r\n    }\r\n    .news-post button:hover {\r\n      opacity: 0.9;\r\n      transition: all ease .3s\r\n    }\r\n    .news-post #message-form-ad {\r\n      padding: 1.125rem;\r\n      font-size:1rem;\r\n    }\r\n    .news-post #message-form-ad svg {\r\n      margin-right: 10px;\r\n    }\r\n  }\r\n<\/style>\r\n\r\n<div class=\"news-post\">\r\n  <div class=\"title news-ad-title\">Gostou do artigo e quer evoluir a sua advocacia?<\/div>\r\n  <p class=\"news-ad-subtitle\">Assine gr\u00e1tis a Aurum News e receba uma dose semanal de conte\u00fado no seu e-mail! \u270c\ufe0f<\/p>\r\n  <img decoding=\"async\" src=\"https:\/\/www.aurum.com.br\/blog\/wp-content\/themes\/aurum\/img\/icon-news-artigo.svg\" alt=\"\" class=\"icone\">\r\n\r\n  <form method=\"post\" name=\"newsletter-ad\" id=\"aurum-newsletter-ad\">\r\n    <div class=boxes>\r\n      <div class=\"input\">\r\n        <label class=\"label-email\" htmlFor=\"email-ad\">Qual seu e-mail?<\/label>\r\n        <input type=\"email\" id=\"email-ad\" name=\"newsletter-mail-ad\" placeholder=\"Digite seu e-mail?\">\r\n        <div class=\"error-message-ad-email\">Endere\u00e7o de e-mail inv\u00e1lido ou incorreto<\/div>\r\n\r\n        <label class=\"label-select\" htmlFor=\"lawsuits-select-ad\">\r\n          Quantos processos voc\u00ea ou<br class=\"for-desktop\"\/> seu escrit\u00f3rio acompanham?\r\n        <\/label>\r\n        <div id=\"lawsuits-select-ad\" class=\"lawsuits-select select-wrapper\" tabindex=\"0\">\r\n          <div class=\"s-dropdown--styled\">\r\n          <span class=\"lawsuits-default\">\r\n            <span id=\"lawsuits-newsletter-ad\" class=\"lawsuits-default-text\" data-value=\"\">Selecione os processos<\/span>\r\n            <svg class=\"chevron\" xmlns=\"http:\/\/www.w3.org\/2000\/svg\" width=\"24\" height=\"25\" viewBox=\"0 0 24 25\" fill=\"none\">\r\n              <path d=\"M6 15.6152L12 9.61523L18 15.6152\" stroke=\"black\" stroke-width=\"2\" stroke-linecap=\"round\" stroke-linejoin=\"round\" \/>\r\n            <\/svg>\r\n          <\/span>\r\n\r\n          <ul class=\"s-dropdown u-hide\">\r\n            <li class=\"lawsuits\" data-value=\"Mais de 1000 processos\">Mais de 1000 processos<\/li>\r\n            <li class=\"lawsuits\" data-value=\"De 501 a 1000 processos\">De 501 a 1000 processos<\/li>\r\n            <li class=\"lawsuits\" data-value=\"De 151 a 500 processos\">De 151 a 500 processos<\/li>\r\n            <li class=\"lawsuits\" data-value=\"De 41 a 150 processos\">De 41 a 150 processos<\/li>\r\n            <li class=\"lawsuits\" data-value=\"At\u00e9 40 processos\">At\u00e9 40 processos<\/li>\r\n            <li class=\"lawsuits\" data-value=\"Atuo apenas no consultivo\">Atuo apenas no consultivo<\/li>\r\n            <li class=\"lawsuits\" data-value=\"Ainda sou estudante de direito\">Ainda sou estudante de direito<\/li>\r\n            <li class=\"lawsuits\" data-value=\"N\u00e3o sou da \u00e1rea jur\u00eddica\">N\u00e3o sou da \u00e1rea jur\u00eddica<\/li>\r\n          <\/ul>\r\n          <\/div>\r\n        <\/div>\r\n        <div class=\"error-message-ad-lawsuits\">Selecione algum processo<\/div>\r\n      <\/div>\r\n      <button class=\"btn btn-yellow ad-btn-desktop\" id=\"aurum-submit-ad\">Assinar gr\u00e1tis<\/button>\r\n      <button class=\"btn btn-yellow ad-btn-mobile\" id=\"aurum-submit-ad\">Assinar<\/button>\r\n    <\/div>\r\n    <span class=\"news_button_span\">Ao se cadastrar voc\u00ea declara que leu e aceitou a pol\u00edtica de privacidade e cookies do <a href=\"https:\/\/s3.sa-east-1.amazonaws.com\/publico.aurum.com.br\/contratos\/politica-de-privacidade.pdf\" target=\"_blank\" rel=\"noopener noreferrer\">site<\/a>.<\/span>\r\n  <\/form>\r\n  <div id=\"message-form-ad\"><\/div>\r\n<\/div>\n\n\n<p><em>Ficou com alguma d\u00favida sobre responsabilidade tribut\u00e1ria? Precisa de mais alguma informa\u00e7\u00e3o?&nbsp; Comente aqui embaixo! Vamos adorar saber a sua opini\u00e3o.<\/em><br><\/p>\n","protected":false},"excerpt":{"rendered":"<p>A responsabilidade tribut\u00e1ria \u00e9 a obriga\u00e7\u00e3o legal de pagar tributos ou responder por penalidades atribu\u00eddas a um sujeito que n\u00e3o praticou o fato gerador, mas que com ele est\u00e1 relacionado. A princ\u00edpio parece estranho que nosso sistema tribut\u00e1rio imponha \u00e0queles que n\u00e3o realizaram o fato gerador, a obriga\u00e7\u00e3o de pagar o tributo correspondente.&nbsp; Foi a [&hellip;]<\/p>\n","protected":false},"author":54,"featured_media":31033,"comment_status":"open","ping_status":"open","sticky":false,"template":"","format":"standard","meta":{"_bbp_topic_count":0,"_bbp_reply_count":0,"_bbp_total_topic_count":0,"_bbp_total_reply_count":0,"_bbp_voice_count":0,"_bbp_anonymous_reply_count":0,"_bbp_topic_count_hidden":0,"_bbp_reply_count_hidden":0,"_bbp_forum_subforum_count":0,"inline_featured_image":false,"footnotes":""},"categories":[36],"tags":[],"class_list":["post-8904","post","type-post","status-publish","format-standard","has-post-thumbnail","hentry","category-direito-tributario"],"acf":[],"_links":{"self":[{"href":"https:\/\/www.aurum.com.br\/blog\/wp-json\/wp\/v2\/posts\/8904","targetHints":{"allow":["GET"]}}],"collection":[{"href":"https:\/\/www.aurum.com.br\/blog\/wp-json\/wp\/v2\/posts"}],"about":[{"href":"https:\/\/www.aurum.com.br\/blog\/wp-json\/wp\/v2\/types\/post"}],"author":[{"embeddable":true,"href":"https:\/\/www.aurum.com.br\/blog\/wp-json\/wp\/v2\/users\/54"}],"replies":[{"embeddable":true,"href":"https:\/\/www.aurum.com.br\/blog\/wp-json\/wp\/v2\/comments?post=8904"}],"version-history":[{"count":12,"href":"https:\/\/www.aurum.com.br\/blog\/wp-json\/wp\/v2\/posts\/8904\/revisions"}],"predecessor-version":[{"id":32184,"href":"https:\/\/www.aurum.com.br\/blog\/wp-json\/wp\/v2\/posts\/8904\/revisions\/32184"}],"wp:featuredmedia":[{"embeddable":true,"href":"https:\/\/www.aurum.com.br\/blog\/wp-json\/wp\/v2\/media\/31033"}],"wp:attachment":[{"href":"https:\/\/www.aurum.com.br\/blog\/wp-json\/wp\/v2\/media?parent=8904"}],"wp:term":[{"taxonomy":"category","embeddable":true,"href":"https:\/\/www.aurum.com.br\/blog\/wp-json\/wp\/v2\/categories?post=8904"},{"taxonomy":"post_tag","embeddable":true,"href":"https:\/\/www.aurum.com.br\/blog\/wp-json\/wp\/v2\/tags?post=8904"}],"curies":[{"name":"wp","href":"https:\/\/api.w.org\/{rel}","templated":true}]}}