{"id":8886,"date":"2025-03-10T18:10:10","date_gmt":"2025-03-10T21:10:10","guid":{"rendered":"https:\/\/aurum.com.br\/blog\/desaposentacao\/"},"modified":"2025-03-10T20:00:58","modified_gmt":"2025-03-10T23:00:58","slug":"desaposentacao","status":"publish","type":"post","link":"https:\/\/www.aurum.com.br\/blog\/desaposentacao\/","title":{"rendered":"Entenda o que \u00e9 desaposenta\u00e7\u00e3o e o entendimento do STF sobre o tema"},"content":{"rendered":"<div id=\"bsf_rt_marker\"><\/div>\n<pre class=\"wp-block-preformatted\">A <strong>desaposenta\u00e7\u00e3o <\/strong>\u00e9 o termo utilizado para o pedido feito por aposentados que continuam trabalhando e contribuindo para o INSS. O pedido consistia em renunciar ao benef\u00edcio atual e solicitar um novo c\u00e1lculo considerando as novas contribui\u00e7\u00f5es, visando aumentar o valor da aposentadoria.<\/pre>\n\n\n\n<p>Nos \u00faltimos anos, a desaposenta\u00e7\u00e3o foi um tema que gerou muita expectativa entre aposentados que continuavam trabalhando e contribuindo para o INSS.&nbsp;<\/p>\n\n\n\n<p>A ideia parecia simples: j\u00e1 que o trabalhador seguia pagando a Previd\u00eancia, nada mais justo do que poder usar essas novas contribui\u00e7\u00f5es para aumentar o valor da aposentadoria.&nbsp;<\/p>\n\n\n\n<p>No entanto, apesar de muitas batalhas <a href=\"https:\/\/www.aurum.com.br\/blog\/glossario-juridico\/sub-judice\/\" data-wpil-monitor-id=\"447\">judiciais<\/a> e decis\u00f5es favor\u00e1veis, o Supremo Tribunal Federal (STF) acabou barrando essa possibilidade. Mas o assunto n\u00e3o morreu! Hoje, projetos de lei tentam trazer de volta essa alternativa.&nbsp;<\/p>\n\n\n\n<p>Neste artigo, vamos explicar o que foi a desaposenta\u00e7\u00e3o, porque ela foi proibida, o que pode mudar no futuro e quais s\u00e3o as alternativas dispon\u00edveis para quem quer melhorar seu benef\u00edcio previdenci\u00e1rio.<\/p>\n\n\n\n<p>Continue a leitura! \ud83d\ude09<\/p>\n\n\n\n<h2 class=\"wp-block-heading\">O que foi a desaposenta\u00e7\u00e3o?<\/h2>\n\n\n\n<p>A desaposenta\u00e7\u00e3o era um <strong>mecanismo utilizado por aposentados que permaneciam no mercado de trabalho e continuavam contribuindo para a <a href=\"https:\/\/www.aurum.com.br\/blog\/clt-comentado\/art-13-clt\/\" data-wpil-monitor-id=\"450\">Previd\u00eancia Social<\/a><\/strong>.<\/p>\n\n\n\n<p>Como essas novas contribui\u00e7\u00f5es n\u00e3o eram aproveitadas para reajustar o benef\u00edcio, muitos segurados questionavam a regra e buscavam judicialmente o direito de renunciar \u00e0 aposentadoria e solicitar um novo benef\u00edcio, com um c\u00e1lculo mais vantajoso, considerando o novo tempo de contribui\u00e7\u00e3o e benef\u00edcios.<\/p>\n\n\n\n<p>Os argumentos que eram utilizados como embasamento para o requerimento da desaposenta\u00e7\u00e3o envolvia dizer que perante a previd\u00eancia os aposentados continuavam pagando o INSS, de forma que havia a expectativa de que esse esfor\u00e7o resultasse em um benef\u00edcio maior, ainda, que haveria um equil\u00edbrio financeiro, pois tal pr\u00e1tica incentivaria que mais pessoas a permanecerem no mercado de trabalho, reduzindo o impacto financeiro sobre a Previd\u00eancia.<\/p>\n\n\n\n<p>Por fim, alegava-se que o sistema previdenci\u00e1rio deveria garantir a possibilidade de rec\u00e1lculo do benef\u00edcio em raz\u00e3o de novas contribui\u00e7\u00f5es.<\/p>\n\n\n\n<p>Essa pr\u00e1tica ganhou popularidade e chegou a beneficiar muitos aposentados por meio de decis\u00f5es judiciais favor\u00e1veis, at\u00e9 que o STF se pronunciou definitivamente em sentido contr\u00e1rio ao tema, que veremos com mais detalhes a seguir.<\/p>\n\n\n\n<figure class=\"wp-block-image size-full\"><img decoding=\"async\" width=\"1080\" height=\"1080\" src=\"https:\/\/www.aurum.com.br\/blog\/wp-content\/uploads\/2025\/03\/o-que-e-desaposentacao.jpg\" alt=\"Entenda o que \u00e9 desaposenta\u00e7\u00e3o e o que diz o STF\" class=\"wp-image-32517\" srcset=\"https:\/\/www.aurum.com.br\/blog\/wp-content\/uploads\/2025\/03\/o-que-e-desaposentacao.jpg 1080w, https:\/\/www.aurum.com.br\/blog\/wp-content\/uploads\/2025\/03\/o-que-e-desaposentacao-300x300.jpg 300w, https:\/\/www.aurum.com.br\/blog\/wp-content\/uploads\/2025\/03\/o-que-e-desaposentacao-150x150.jpg 150w, https:\/\/www.aurum.com.br\/blog\/wp-content\/uploads\/2025\/03\/o-que-e-desaposentacao-768x768.jpg 768w\" sizes=\"(max-width: 1080px) 100vw, 1080px\" \/><figcaption class=\"wp-element-caption\">Veja o que \u00e9 desaposenta\u00e7\u00e3o<\/figcaption><\/figure>\n\n\n\n<h2 class=\"wp-block-heading\">Por que o STF decidiu que a desaposenta\u00e7\u00e3o n\u00e3o \u00e9 v\u00e1lida?<\/h2>\n\n\n\n<p>Em outubro de 2016, o Supremo Tribunal Federal (STF) decidiu que a desaposenta\u00e7\u00e3o n\u00e3o \u00e9 v\u00e1lida.<\/p>\n\n\n\n<p>Mas diferentemente do que se possa imaginar, a decis\u00e3o foi contr\u00e1ria n\u00e3o por conta dos argumentos trazidos e utilizados, mas se deu neste sentido por alegar falta de previs\u00e3o legal.&nbsp;<\/p>\n\n\n\n<p>O principal fundamento da decis\u00e3o foi a <strong>necessidade de garantir a sustentabilidade do sistema previdenci\u00e1rio<\/strong>, pois a possibilidade de desaposenta\u00e7\u00e3o poderia gerar um grande impacto financeiro para o INSS.<\/p>\n\n\n\n<figure class=\"wp-block-pullquote\"><blockquote><p>EMENTA Constitucional. Previdenci\u00e1rio. Par\u00e1grafo 2\u00ba do art. 18 da Lei 8 .213\/91. Desaposenta\u00e7\u00e3o. Ren\u00fancia a anterior benef\u00edcio de aposentadoria. Utiliza\u00e7\u00e3o do tempo de servi\u00e7o\/contribui\u00e7\u00e3o que fundamentou a presta\u00e7\u00e3o previdenci\u00e1ria origin\u00e1ria. Obten\u00e7\u00e3o de benef\u00edcio mais vantajoso. Julgamento em conjunto dos RE n\u00bas 661.256\/sc (em que reconhecida a repercuss\u00e3o geral) e 827.833\/sc . <a href=\"https:\/\/www.aurum.com.br\/blog\/recurso-extraordinario\/\" data-wpil-monitor-id=\"442\">Recursos extraordin\u00e1rios<\/a> providos. 1. Nos RE n\u00bas 661.256 e 827 .833, de relatoria do Ministro Lu\u00eds Roberto Barroso, interpostos pelo INSS e pela Uni\u00e3o, pugna-se pela reforma dos julgados dos Tribunais de origem, que reconheceram o direito de segurados \u00e0 ren\u00fancia \u00e0 aposentadoria, para, aproveitando-se das contribui\u00e7\u00f5es vertidas ap\u00f3s a concess\u00e3o desse benef\u00edcio pelo RGPS, obter junto ao INSS regime de benef\u00edcio posterior, mais vantajoso. 2. A Constitui\u00e7\u00e3o de 1988 desenhou um sistema previdenci\u00e1rio de teor solid\u00e1rio e distributivo. inexistindo inconstitucionalidade na aludida norma do art . 18, \u00a7 2\u00ba, da Lei n\u00ba 8.213\/91, a qual veda aos aposentados que permane\u00e7am em atividade, ou a essa retornem, o recebimento de qualquer presta\u00e7\u00e3o adicional em raz\u00e3o disso, exceto <a href=\"https:\/\/www.aurum.com.br\/blog\/salario-familia\/\" data-wpil-monitor-id=\"446\">sal\u00e1rio-fam\u00edlia<\/a> e reabilita\u00e7\u00e3o profissional. 3. Fixada a seguinte tese de repercuss\u00e3o geral no RE n\u00ba 661 .256\/SC: \u201c[n]o \u00e2mbito do <a href=\"https:\/\/www.aurum.com.br\/blog\/rgps\/\" data-wpil-monitor-id=\"449\">Regime Geral de Previd\u00eancia Social<\/a> (RGPS), somente lei pode criar benef\u00edcios e vantagens previdenci\u00e1rias, n\u00e3o havendo, por ora, previs\u00e3o legal do direito \u00e0 \u2018desaposenta\u00e7\u00e3o\u2019, sendo constitucional a regra do art. 18, \u00a7 2\u00ba, da Lei n\u00ba 8213\/91\u201d. 4. Providos ambos os recursos extraordin\u00e1rios (RE n\u00bas 661 .256\/SC e 827.833\/SC). (STF &#8211; RE: 661256 SC, Relator.: ROBERTO BARROSO, Data de Julgamento: 27\/10\/2016, Tribunal Pleno, Data de Publica\u00e7\u00e3o: 28\/09\/2017)<\/p><cite>leia mais<\/cite><\/blockquote><\/figure>\n\n\n\n<p>Assim, vemos que os <strong>principais pontos que embasaram a decis\u00e3o<\/strong> em sentido contr\u00e1rio pelo STF foram:<\/p>\n\n\n\n<h3 class=\"wp-block-heading\">Irreversibilidade da aposentadoria&nbsp;<\/h3>\n\n\n\n<p>O STF entendeu que a constitui\u00e7\u00e3o definiu a aposentadoria como um ato jur\u00eddico perfeito e, uma vez concedida, n\u00e3o poderia ser desfeita.<\/p>\n\n\n\n<h3 class=\"wp-block-heading\">Falta de previs\u00e3o legal<\/h3>\n\n\n\n<p>Como a legisla\u00e7\u00e3o previdenci\u00e1ria n\u00e3o previa expressamente essa possibilidade, o STF considerou que a concess\u00e3o da desaposenta\u00e7\u00e3o dependeria de uma mudan\u00e7a legislativa, n\u00e3o podendo o STF em sua decis\u00e3o legislar sobre o tema.<\/p>\n\n\n\n<h3 class=\"wp-block-heading\">Equil\u00edbrio financeiro da Previd\u00eancia<\/h3>\n\n\n\n<p>A Corte considerou que a concess\u00e3o indiscriminada da desaposenta\u00e7\u00e3o poderia comprometer as contas da Previd\u00eancia Social.<\/p>\n\n\n\n<p>Na pr\u00e1tica, essa <a href=\"https:\/\/www.aurum.com.br\/blog\/glossario-juridico\/decisao\/\" data-wpil-monitor-id=\"444\">decis\u00e3o<\/a> representou um grande impacto para milhares de aposentados que j\u00e1 haviam obtido decis\u00f5es favor\u00e1veis, pois muitas tiveram que ser revertidas, obrigando os benefici\u00e1rios a devolverem os valores recebidos a mais.<\/p>\n\n\n\n<style>\n    #adpost-block_f19de2c2002aae6dc37e143ff7363b26.anuncio-post-reverse {\n        display: flex;\n        gap: 24px;\n        border-radius: 8px;\n        width: 100%;\n        max-width: 752px;\n        padding: 40px;\n        background: #e7f4fe;\n        margin: 16px auto;\n    }\n\n    #adpost-block_f19de2c2002aae6dc37e143ff7363b26 .anuncio-container {\n        display: flex;\n        flex-direction: column;\n        gap: 24px;\n        width: 100%;\n        max-width: 333px;\n    }\n\n    #adpost-block_f19de2c2002aae6dc37e143ff7363b26 .anuncio-container .logo {\n        width: 100%;\n        max-width: 177px;\n        margin: 0;\n    }\n\n    #adpost-block_f19de2c2002aae6dc37e143ff7363b26 .anuncio-text-container {\n        display: flex;\n        flex-direction: column;\n        gap: 24px;\n    }\n\n    #adpost-block_f19de2c2002aae6dc37e143ff7363b26 .anuncio-text-container .title {\n        font-family: 'Ubuntu';\n        font-size: 1.5rem; \/\/24px\n        font-weight: 700;\n        line-height: 120%;\n        margin: 0;\n        color: #000;\n    }\n\n    #adpost-block_f19de2c2002aae6dc37e143ff7363b26 .anuncio-text-container .text {\n        font-size: 0.875rem;\n        font-weight: 400;\n        line-height: 170%;\n        color: #000;\n    }\n\n    #adpost-block_f19de2c2002aae6dc37e143ff7363b26 .anuncio-container .button {\n        display: inline-flex;\n        align-items: center;\n        justify-content: center;\n        width: fit-content;\n        height: 48px;\n        border-radius: 8px;\n        padding: 12px 24px;\n        font-size: 1rem;\n        font-weight: 600;\n        text-decoration: none;\n        background: #008fd5;\n        color: #fff;\n    }\n\n    #adpost-block_f19de2c2002aae6dc37e143ff7363b26 .image-container {\n        position: relative;\n        width: 100%;\n        height: 100%;\n    }\n\n    #adpost-block_f19de2c2002aae6dc37e143ff7363b26 .image-container.float {\n        min-height: 236px;\n    }\n\n    #adpost-block_f19de2c2002aae6dc37e143ff7363b26 .image-container .image-desktop {\n        width: 100%;\n        max-width: 323px;\n        object-fit: contain;\n        margin: 0;\n    }\n\n    #adpost-block_f19de2c2002aae6dc37e143ff7363b26 .image-container .image-mobile {\n        display: none;\n        width: 100%;\n        max-width: 291px;\n        object-fit: contain;\n        margin: 0;\n    }\n\n    #adpost-block_f19de2c2002aae6dc37e143ff7363b26 .image-container.float .image-desktop,\n    #adpost-block_f19de2c2002aae6dc37e143ff7363b26 .image-container.float .image-mobile {\n        position: absolute;\n        right: 0;\n        bottom: 0;\n    }\n\n    #adpost-block_f19de2c2002aae6dc37e143ff7363b26 .image-container img {\n        border-radius: 8px;\n    }\n\n    \/************\n    * MOBILE \n    *************\/\n    @media (max-width: 1439px) {\n        #adpost-block_f19de2c2002aae6dc37e143ff7363b26.anuncio-post-reverse {\n            flex-direction: column-reverse;\n            max-width: fit-content;\n            padding: 24px;\n        }\n\n        #adpost-block_f19de2c2002aae6dc37e143ff7363b26 .anuncio-container {\n            max-width: 280px;\n            align-items: center;\n        }\n\n        #adpost-block_f19de2c2002aae6dc37e143ff7363b26 .anuncio-container .logo {\n            max-width: 147px;\n        }\n\n        #adpost-block_f19de2c2002aae6dc37e143ff7363b26 .anuncio-text-container {\n            gap: 8px;\n        }\n\n        #adpost-block_f19de2c2002aae6dc37e143ff7363b26 .anuncio-text-container .title {\n            font-size: 1.25rem;\n            text-align: center;\n        }\n\n        #adpost-block_f19de2c2002aae6dc37e143ff7363b26 .anuncio-text-container .text {\n            text-align: center;\n        }\n\n        #adpost-block_f19de2c2002aae6dc37e143ff7363b26 .anuncio-container .button {\n            width: 100%;\n        }\n\n        #adpost-block_f19de2c2002aae6dc37e143ff7363b26 .image-container.float {\n            min-height: 182px;\n        }\n\n        #adpost-block_f19de2c2002aae6dc37e143ff7363b26 .image-container .image-desktop {\n            display: none;\n        }\n\n        #adpost-block_f19de2c2002aae6dc37e143ff7363b26 .image-container .image-mobile {\n            display: block;\n        }\n    }\n\n    \/*******************\n    * RESET GLOBAL CSS \n    ********************\/\n    #s-post main article .content .image-container img {\n        margin: 0;\n    }\n<\/style>\n\n\n<article id=\"adpost-block_f19de2c2002aae6dc37e143ff7363b26\" class=\"anuncio-post-reverse\">\n    <div class=\"anuncio-container\">\n        \n        <div class=\"anuncio-text-container\">\n             <h3 class=\"title\" >Seja protagonista da sua advocacia com o Astrea<\/h3>\n            <div class=\"text\" >Tenha tempo para focar no crescimento do seu escrit\u00f3rio, enquanto o Astrea cuida da sua gest\u00e3o jur\u00eddica com intelig\u00eancia.<\/div>        <\/div>\n       \n        <a class=\"button\" href=\"\/astrea\/?utm_source=blog&#038;utm_medium=adpost&#038;utm_campaign=campanha-marca-2026\" target=\"_self\">Conhe\u00e7a o Astrea<\/a>    <\/div>\n\n    <div class=\"image-container\">\n        <img decoding=\"async\" class=\"image-desktop\" src=\"https:\/\/www.aurum.com.br\/blog\/wp-content\/uploads\/2026\/03\/adpos-posicionamento-2026-desktop.png\" alt=\"\" \/>\n        <img decoding=\"async\" class=\"image-mobile\" src=\"https:\/\/www.aurum.com.br\/blog\/wp-content\/uploads\/2026\/03\/adpost-posicionamento-2026-mobile.png\" alt=\"\" \/>    <\/div>\n<\/article>\n\n\n<h2 class=\"wp-block-heading\">O que muda com o projeto de lei sobre desaposenta\u00e7\u00e3o?<\/h2>\n\n\n\n<p>Atualmente, o tema voltou a ser discutido por conta do projeto de lei aprovado na Comiss\u00e3o de Defesa dos Direitos da Pessoa Idosa da C\u00e2mara dos Deputados que prev\u00ea a possibilidade de ren\u00fancia da aposentadoria pelo Regime Geral de Previd\u00eancia Social (RGPS) para segurados que voltaram a trabalhar e contribu\u00edram por mais 60 meses.&nbsp;<\/p>\n\n\n\n<p>Com isso, esses <strong>segurados poder\u00e3o solicitar ao INSS o rec\u00e1lculo do benef\u00edcio<\/strong>, sendo permitido o pedido no m\u00e1ximo duas vezes.<\/p>\n\n\n\n<p>A medida foi aprovada na forma de um substitutivo do deputado Castro Neto (PSD-PI) ao <a href=\"https:\/\/www.camara.leg.br\/proposicoesWeb\/fichadetramitacao?idProposicao=524763\" target=\"_blank\" rel=\"noopener\">PL 2567\/11<\/a>, do Senado, e outros 30 projetos que tramitam em conjunto.&nbsp;<\/p>\n\n\n\n<p>A vers\u00e3o original do projeto pretendia ampliar benef\u00edcios para aposentados que voltam ao mercado de trabalho, que atualmente t\u00eam direito apenas ao sal\u00e1rio-fam\u00edlia e \u00e0 reabilita\u00e7\u00e3o profissional.<\/p>\n\n\n\n<p>A<strong> iniciativa busca corrigir a falta de reflexo das novas contribui\u00e7\u00f5es obrigat\u00f3rias no valor das aposentadorias<\/strong>, um problema identificado desde a decis\u00e3o do Supremo Tribunal Federal (STF) em 2016, que declarou inconstitucional a desaposenta\u00e7\u00e3o por falta de previs\u00e3o legal e reafirmada em 2020.<\/p>\n\n\n\n<p>Dessa forma, o substitutivo trouxe <strong>novas regras e diretrizes <\/strong>a serem observadas, sendo elas:<\/p>\n\n\n\n<ul class=\"wp-block-list\">\n<li>Apenas segurados que contribu\u00edram por pelo menos 60 meses ap\u00f3s a aposentadoria poder\u00e3o solicitar o rec\u00e1lculo;<\/li>\n\n\n\n<li>Aposentadorias por incapacidade permanente n\u00e3o poder\u00e3o ser revistas;<\/li>\n\n\n\n<li>Aposentadorias especiais n\u00e3o poder\u00e3o ser recalculadas com base em contribui\u00e7\u00f5es provenientes de atividades com exposi\u00e7\u00e3o a agentes nocivos \u00e0 sa\u00fade;<\/li>\n\n\n\n<li>Pensionistas poder\u00e3o pedir o rec\u00e1lculo caso o segurado n\u00e3o tenha feito antes de falecer;<\/li>\n\n\n\n<li>O projeto n\u00e3o altera outros benef\u00edcios previdenci\u00e1rios: aposentados que continuam trabalhando seguir\u00e3o tendo direito apenas ao sal\u00e1rio-fam\u00edlia e \u00e0 reabilita\u00e7\u00e3o profissional.<\/li>\n<\/ul>\n\n\n\n<h2 class=\"wp-block-heading\">Existe alguma alternativa para aposentados que continuam trabalhando?<\/h2>\n\n\n\n<p>Tendo em vista a impossibilidade do pedido de desaposenta\u00e7\u00e3o pelo aposentado que continuou a exercer sua profiss\u00e3o, resta para n\u00f3s discutirmos sobre possibilidades e alternativas que podem ser exploradas para ajustar seus benef\u00edcios ou otimizar a sua situa\u00e7\u00e3o previdenci\u00e1ria.<\/p>\n\n\n\n<p>A <strong>revis\u00e3o da aposentadoria<\/strong> \u00e9 uma alternativa para aposentados que acreditam que o c\u00e1lculo de seu benef\u00edcio n\u00e3o foi feito corretamente. Isso pode ocorrer devido a erros na inclus\u00e3o de contribui\u00e7\u00f5es, na aplica\u00e7\u00e3o de \u00edndices de <a href=\"https:\/\/www.aurum.com.br\/blog\/glossario-juridico\/correcao-monetaria\/\" data-wpil-monitor-id=\"445\">corre\u00e7\u00e3o monet\u00e1ria<\/a> ou at\u00e9 mesmo pela n\u00e3o considera\u00e7\u00e3o de todas as contribui\u00e7\u00f5es realizadas durante a vida laboral do segurado.<\/p>\n\n\n\n<p>O INSS permite que o aposentado solicite a revis\u00e3o do valor da aposentadoria, mas este <strong>pedido deve ser feito em at\u00e9 10 anos ap\u00f3s a concess\u00e3o do benef\u00edcio<\/strong>. Esse prazo est\u00e1 relacionado \u00e0 <a href=\"https:\/\/www.aurum.com.br\/blog\/prescricao-e-decadencia\/\" data-wpil-monitor-id=\"448\">prescri\u00e7\u00e3o<\/a> dos direitos e impede que a revis\u00e3o seja solicitada ap\u00f3s o decurso desse per\u00edodo.<\/p>\n\n\n\n<p>Al\u00e9m disso, um dos principais tipos de revis\u00e3o que est\u00e1 em destaque \u00e9 a \u201cRevis\u00e3o da Vida Toda\u201d, que tem sido discutida no \u00e2mbito jur\u00eddico, especialmente pelo STF. Ela permite que sejam consideradas todas as contribui\u00e7\u00f5es realizadas ao longo da vida do trabalhador, incluindo aquelas anteriores a julho de 1994.&nbsp;<\/p>\n\n\n\n<p>Antes dessa data, o Brasil adotava outra moeda (cruzeiro real), e a reforma da Previd\u00eancia de 1994 excluiu essas contribui\u00e7\u00f5es dos c\u00e1lculos das aposentadorias. A revis\u00e3o tem o potencial de aumentar o valor do benef\u00edcio para aposentados que contribu\u00edram fortemente antes de 1994, mas ainda n\u00e3o h\u00e1 um consenso sobre sua implementa\u00e7\u00e3o em larga escala.<\/p>\n\n\n\n<p>O julgamento da <strong>Revis\u00e3o da Vida Toda continua sendo analisado pelo Supremo Tribunal Federal<\/strong>, que deve definir se \u00e9 constitucional permitir a revis\u00e3o para todos os aposentados ou apenas para casos espec\u00edficos.<\/p>\n\n\n\n<h2 class=\"wp-block-heading\">Conclus\u00e3o<\/h2>\n\n\n\n<p>A desaposenta\u00e7\u00e3o foi uma tentativa de garantir um benef\u00edcio mais justo para aposentados que continuavam contribuindo com o INSS. No entanto, a decis\u00e3o do STF inviabilizou essa pr\u00e1tica por falta de previs\u00e3o legal e pelos impactos financeiros que poderia <a href=\"https:\/\/www.aurum.com.br\/blog\/glossario-juridico\/causa-petendi\/\" data-wpil-monitor-id=\"443\">causar<\/a> \u00e0 Previd\u00eancia.<\/p>\n\n\n\n<p>Ainda h\u00e1 esperan\u00e7a para mudan\u00e7as futuras, j\u00e1 que projetos de lei tentam regulamentar essa quest\u00e3o j\u00e1 amplamente discutida.<\/p>\n\n\n\n<p>Diante desse cen\u00e1rio, <strong>\u00e9 fundamental que os aposentados estejam atentos \u00e0s mudan\u00e7as legislativas e busquem apoio especializado<\/strong> para entender quais s\u00e3o as melhores alternativas dispon\u00edveis dentro da lei atual.<\/p>\n\n\n\n<h2 class=\"wp-block-heading\">Mais conhecimento para voc\u00ea<\/h2>\n\n\n\n<p>Se voc\u00ea gostou desse texto, continue a leitura em artigos sobre os seguintes temas:<\/p>\n\n\n\n<ul class=\"wp-block-list\">\n<li>Entenda o que diz a <a href=\"https:\/\/www.aurum.com.br\/blog\/lei-uniforme-de-genebra\/\">Lei Uniforme de Genebra<\/a><\/li>\n\n\n\n<li><a href=\"https:\/\/www.aurum.com.br\/blog\/tipos-de-aposentadoria\/\">Quais s\u00e3o os tipos de aposentadoria e seus requisitos<\/a><\/li>\n\n\n\n<li><a href=\"https:\/\/www.aurum.com.br\/blog\/beneficio-previdenciario\/\">Benef\u00edcio Previdenci\u00e1rio: Quais s\u00e3o os tipos e quem pode receber?<\/a><\/li>\n\n\n\n<li><a href=\"https:\/\/www.aurum.com.br\/blog\/investigacao-de-paternidade\/\">Investiga\u00e7\u00e3o de paternidade: quando \u00e9 cab\u00edvel, como funciona e efeitos!<\/a><\/li>\n\n\n\n<li><a href=\"https:\/\/www.aurum.com.br\/blog\/contestacao-trabalhista\/\">O que \u00e9 contesta\u00e7\u00e3o trabalhista e como fazer [+MODELO]<\/a><\/li>\n\n\n\n<li><a href=\"https:\/\/www.aurum.com.br\/blog\/arrendamento\/\">Conhe\u00e7a o que \u00e9 arrendamento e quais s\u00e3o os tipos<\/a><\/li>\n\n\n\n<li><a href=\"https:\/\/www.aurum.com.br\/blog\/beneficio-previdenciario\/\">Benef\u00edcio Previdenci\u00e1rio: Quais s\u00e3o os tipos e quem pode receber?<\/a><\/li>\n\n\n\n<li><a href=\"https:\/\/www.aurum.com.br\/blog\/extravio-de-bagagem\/\">Saiba quais s\u00e3o os seus direitos e o que fazer em caso de extravio de bagagem!<\/a><\/li>\n\n\n\n<li><a href=\"https:\/\/www.aurum.com.br\/blog\/tratados-internacionais\/\">Tratados Internacionais: Compreenda o que s\u00e3o, tipos e quais seus efeitos<\/a><\/li>\n\n\n\n<li><a href=\"https:\/\/www.aurum.com.br\/blog\/insider-trading\/\">Insider Trading: como funciona e por qual motivo a pr\u00e1tica \u00e9 considerada um crime<\/a><\/li>\n\n\n\n<li><a href=\"https:\/\/www.aurum.com.br\/blog\/beneficios-por-incapacidade\/\">Conhe\u00e7a quais s\u00e3o os benef\u00edcios por incapacidade e quem pode receb\u00ea-los<\/a><\/li>\n\n\n\n<li><a href=\"https:\/\/www.aurum.com.br\/blog\/como-consultar-um-advogado-na-oab\/\">Como consultar um advogado na OAB? Passo a passo detalhado!<\/a><\/li>\n\n\n\n<li><a href=\"https:\/\/www.aurum.com.br\/blog\/inepcia-da-inicial\/\">Veja o que \u00e9 in\u00e9pcia da inicial e suas principais caracter\u00edsticas<\/a><\/li>\n\n\n\n<li><a href=\"https:\/\/www.aurum.com.br\/blog\/art-18-do-cdc\/\">Art 18 CDC Comentado: Confira quais as hip\u00f3teses e prazos!<\/a><\/li>\n<\/ul>\n\n\n\n<p><em>Ficou com alguma d\u00favida desaposenta\u00e7\u00e3o? Precisa de mais alguma informa\u00e7\u00e3o?&nbsp; Comente aqui embaixo! Vamos adorar saber a sua opini\u00e3o.<\/em><\/p>\n\n\n<style>\r\n  .news-post {\r\n    background: url('https:\/\/www.aurum.com.br\/blog\/wp-content\/themes\/aurum\/img\/bg-news-artigo.svg') no-repeat top center #3C48AA;\r\n    padding: 1.5rem;\r\n    border-radius: 6px;\r\n    margin: 1rem 0;\r\n  }\r\n  .news-post .icone {\r\n    display: none;\r\n  }\r\n  .news-post .title {\r\n    font-weight: 700;\r\n    font-size: 16px;\r\n    line-height: 130%;\r\n    text-align: center;\r\n    letter-spacing: -0.5px;\r\n    color: #fff;\r\n    margin-bottom: .9375rem;\r\n  }\r\n  .news-post p {\r\n    font-size: .875rem;\r\n    line-height: 140%;\r\n    text-align: center;\r\n    color: #fff;\r\n    margin-bottom: 1.25rem;\r\n  }\r\n  .news-post .news_button_span {\r\n    font-size: .8125rem;\r\n    display: block;\r\n    padding: .125rem .3125rem;\r\n    color: #fff;\r\n    text-align:left;\r\n  }\r\n  .news-post .news_button_span a {\r\n    color: #fff !important;\r\n    text-decoration: underline;\r\n  }\r\n  .news-post form {\r\n    width: 100%;\r\n  }\r\n  .news-post label {\r\n    font-weight: 600;\r\n    font-size: .9375rem;\r\n    line-height: 1.5rem;\r\n    margin-bottom: .5rem;\r\n    color: #fff;\r\n    display: block;\r\n  }\r\n  .news-post input {\r\n    background: #fff;\r\n    border: 1px solid #CBCBD9;\r\n    box-sizing: border-box;\r\n    border-radius: 4px;\r\n    padding: .75rem 1rem;\r\n    width: 100%;\r\n  }\r\n  .news-post button {\r\n    margin-top: .875rem;\r\n    width: 100%;\r\n    min-width: auto;\r\n    background: #FCC632;\r\n    color: #3C48AA;\r\n  }\r\n  .news-post .input {\r\n    position: relative;\r\n    padding-bottom: 10px;\r\n  }\r\n  .news-post .error-message-ad {\r\n    font-size: .875rem;\r\n    line-height: 130%;\r\n    color: #D50021;\r\n    margin-left: 4px;\r\n  }\r\n  .news-post .error {\r\n    border: 1px solid #D50021;\r\n  }\r\n  .news-post #message-form-ad {\r\n    border-radius: 4px;\r\n    padding: 0.7rem;\r\n    font-size:0.8rem;\r\n    text-align: center;\r\n    align-items: center;\r\n    justify-content: center;\r\n    display: none;\r\n  }\r\n  .news-post #message-form-ad svg {\r\n    margin-right: 8px;\r\n  }\r\n\r\n  @media(min-width: 561px) {\r\n    .news-post {\r\n      position: relative;\r\n      background: url('https:\/\/www.aurum.com.br\/blog\/wp-content\/themes\/aurum\/img\/bg-news-artigo.svg') no-repeat top center #3C48AA;\r\n      width: calc(100% - 30px);\r\n    }\r\n    .news-post .icone {\r\n      display: block;\r\n      position: absolute;\r\n      right: -30px;\r\n      top: 65px;\r\n      max-width: 142px;\r\n      width: 100%;\r\n      height: auto;\r\n      margin: 0;\r\n    }\r\n    .news-post .title {\r\n      font-size: 1.125rem;\r\n      text-align: left;\r\n      \/* padding-right: 3.75rem; *\/\r\n    }\r\n    .news-post p {\r\n      font-size: 1rem;\r\n      text-align: left;\r\n      max-width: 400px;\r\n    }\r\n    .news-post .boxes {\r\n      display: flex;\r\n      align-items: flex-start;\r\n    }\r\n    .news-post button {\r\n      margin: 0 0 0 1rem;\r\n      width: 100%;\r\n      max-width: 170px;\r\n      min-width: auto;\r\n      transition: all ease .3s\r\n    }\r\n    .news-post button:hover {\r\n      opacity: 0.9;\r\n      transition: all ease .3s\r\n    }\r\n    .news-post #message-form-ad {\r\n      padding: 1.125rem;\r\n      font-size:1rem;\r\n    }\r\n    .news-post #message-form-ad svg {\r\n      margin-right: 10px;\r\n    }\r\n  }\r\n<\/style>\r\n\r\n<div class=\"news-post\">\r\n  <div class=\"title news-ad-title\">Gostou do artigo e quer evoluir a sua advocacia?<\/div>\r\n  <p class=\"news-ad-subtitle\">Assine gr\u00e1tis a Aurum News e receba uma dose semanal de conte\u00fado no seu e-mail! \u270c\ufe0f<\/p>\r\n  <img decoding=\"async\" src=\"https:\/\/www.aurum.com.br\/blog\/wp-content\/themes\/aurum\/img\/icon-news-artigo.svg\" alt=\"\" class=\"icone\">\r\n\r\n  <form method=\"post\" name=\"newsletter-ad\" id=\"aurum-newsletter-ad\">\r\n    <div class=boxes>\r\n      <div class=\"input\">\r\n        <label class=\"label-email\" htmlFor=\"email-ad\">Qual seu e-mail?<\/label>\r\n        <input type=\"email\" id=\"email-ad\" name=\"newsletter-mail-ad\" placeholder=\"Digite seu e-mail?\">\r\n        <div class=\"error-message-ad-email\">Endere\u00e7o de e-mail inv\u00e1lido ou incorreto<\/div>\r\n\r\n        <label class=\"label-select\" htmlFor=\"lawsuits-select-ad\">\r\n          Quantos processos voc\u00ea ou<br class=\"for-desktop\"\/> seu escrit\u00f3rio acompanham?\r\n        <\/label>\r\n        <div id=\"lawsuits-select-ad\" class=\"lawsuits-select select-wrapper\" tabindex=\"0\">\r\n          <div class=\"s-dropdown--styled\">\r\n          <span class=\"lawsuits-default\">\r\n            <span id=\"lawsuits-newsletter-ad\" class=\"lawsuits-default-text\" data-value=\"\">Selecione os processos<\/span>\r\n            <svg class=\"chevron\" xmlns=\"http:\/\/www.w3.org\/2000\/svg\" width=\"24\" height=\"25\" viewBox=\"0 0 24 25\" fill=\"none\">\r\n              <path d=\"M6 15.6152L12 9.61523L18 15.6152\" stroke=\"black\" stroke-width=\"2\" stroke-linecap=\"round\" stroke-linejoin=\"round\" \/>\r\n            <\/svg>\r\n          <\/span>\r\n\r\n          <ul class=\"s-dropdown u-hide\">\r\n            <li class=\"lawsuits\" data-value=\"Mais de 1000 processos\">Mais de 1000 processos<\/li>\r\n            <li class=\"lawsuits\" data-value=\"De 501 a 1000 processos\">De 501 a 1000 processos<\/li>\r\n            <li class=\"lawsuits\" data-value=\"De 151 a 500 processos\">De 151 a 500 processos<\/li>\r\n            <li class=\"lawsuits\" data-value=\"De 41 a 150 processos\">De 41 a 150 processos<\/li>\r\n            <li class=\"lawsuits\" data-value=\"At\u00e9 40 processos\">At\u00e9 40 processos<\/li>\r\n            <li class=\"lawsuits\" data-value=\"Atuo apenas no consultivo\">Atuo apenas no consultivo<\/li>\r\n            <li class=\"lawsuits\" data-value=\"Ainda sou estudante de direito\">Ainda sou estudante de direito<\/li>\r\n            <li class=\"lawsuits\" data-value=\"N\u00e3o sou da \u00e1rea jur\u00eddica\">N\u00e3o sou da \u00e1rea jur\u00eddica<\/li>\r\n          <\/ul>\r\n          <\/div>\r\n        <\/div>\r\n        <div class=\"error-message-ad-lawsuits\">Selecione algum processo<\/div>\r\n      <\/div>\r\n      <button class=\"btn btn-yellow ad-btn-desktop\" id=\"aurum-submit-ad\">Assinar gr\u00e1tis<\/button>\r\n      <button class=\"btn btn-yellow ad-btn-mobile\" id=\"aurum-submit-ad\">Assinar<\/button>\r\n    <\/div>\r\n    <span class=\"news_button_span\">Ao se cadastrar voc\u00ea declara que leu e aceitou a pol\u00edtica de privacidade e cookies do <a href=\"https:\/\/s3.sa-east-1.amazonaws.com\/publico.aurum.com.br\/contratos\/politica-de-privacidade.pdf\" target=\"_blank\" rel=\"noopener noreferrer\">site<\/a>.<\/span>\r\n  <\/form>\r\n  <div id=\"message-form-ad\"><\/div>\r\n<\/div>","protected":false},"excerpt":{"rendered":"<p>A desaposenta\u00e7\u00e3o \u00e9 o termo utilizado para o pedido feito por aposentados que continuam trabalhando e contribuindo para o INSS. O pedido consistia em renunciar ao benef\u00edcio atual e solicitar um novo c\u00e1lculo considerando as novas contribui\u00e7\u00f5es, visando aumentar o valor da aposentadoria. Nos \u00faltimos anos, a desaposenta\u00e7\u00e3o foi um tema que gerou muita expectativa [&hellip;]<\/p>\n","protected":false},"author":132,"featured_media":8887,"comment_status":"open","ping_status":"open","sticky":false,"template":"","format":"standard","meta":{"_bbp_topic_count":0,"_bbp_reply_count":0,"_bbp_total_topic_count":0,"_bbp_total_reply_count":0,"_bbp_voice_count":0,"_bbp_anonymous_reply_count":0,"_bbp_topic_count_hidden":0,"_bbp_reply_count_hidden":0,"_bbp_forum_subforum_count":0,"inline_featured_image":false,"footnotes":""},"categories":[32],"tags":[],"class_list":["post-8886","post","type-post","status-publish","format-standard","has-post-thumbnail","hentry","category-direito-previdenciario"],"acf":[],"_links":{"self":[{"href":"https:\/\/www.aurum.com.br\/blog\/wp-json\/wp\/v2\/posts\/8886","targetHints":{"allow":["GET"]}}],"collection":[{"href":"https:\/\/www.aurum.com.br\/blog\/wp-json\/wp\/v2\/posts"}],"about":[{"href":"https:\/\/www.aurum.com.br\/blog\/wp-json\/wp\/v2\/types\/post"}],"author":[{"embeddable":true,"href":"https:\/\/www.aurum.com.br\/blog\/wp-json\/wp\/v2\/users\/132"}],"replies":[{"embeddable":true,"href":"https:\/\/www.aurum.com.br\/blog\/wp-json\/wp\/v2\/comments?post=8886"}],"version-history":[{"count":9,"href":"https:\/\/www.aurum.com.br\/blog\/wp-json\/wp\/v2\/posts\/8886\/revisions"}],"predecessor-version":[{"id":32518,"href":"https:\/\/www.aurum.com.br\/blog\/wp-json\/wp\/v2\/posts\/8886\/revisions\/32518"}],"wp:featuredmedia":[{"embeddable":true,"href":"https:\/\/www.aurum.com.br\/blog\/wp-json\/wp\/v2\/media\/8887"}],"wp:attachment":[{"href":"https:\/\/www.aurum.com.br\/blog\/wp-json\/wp\/v2\/media?parent=8886"}],"wp:term":[{"taxonomy":"category","embeddable":true,"href":"https:\/\/www.aurum.com.br\/blog\/wp-json\/wp\/v2\/categories?post=8886"},{"taxonomy":"post_tag","embeddable":true,"href":"https:\/\/www.aurum.com.br\/blog\/wp-json\/wp\/v2\/tags?post=8886"}],"curies":[{"name":"wp","href":"https:\/\/api.w.org\/{rel}","templated":true}]}}