{"id":8883,"date":"2025-01-27T16:19:10","date_gmt":"2025-01-27T19:19:10","guid":{"rendered":"https:\/\/aurum.com.br\/blog\/aurum-summit\/"},"modified":"2025-11-04T10:59:11","modified_gmt":"2025-11-04T13:59:11","slug":"aurum-summit","status":"publish","type":"post","link":"https:\/\/www.aurum.com.br\/blog\/aurum-summit\/","title":{"rendered":"Aurum Summit 2025: o evento para a sua pr\u00f3xima advocacia est\u00e1 de volta"},"content":{"rendered":"<div id=\"bsf_rt_marker\"><\/div>\n<pre class=\"wp-block-preformatted\">Lan\u00e7ado em 2016, o <strong>Aurum Summit<\/strong> \u00e9 o melhor evento de inova\u00e7\u00e3o e tecnologia para profissionais da advocacia. Em um dia inteiro de imers\u00e3o nas principais tend\u00eancias do setor jur\u00eddico, com muita conex\u00e3o e troca entre os participantes. <\/pre>\n\n\n\n<p>Reunir alguns dos principais nomes da advocacia no Brasil e pessoas interessadas e dispostas a criar o futuro do setor. Esse foi o desafio que aceitamos ao lan\u00e7ar, em 2016, o Aurum Summit.<\/p>\n\n\n\n<p>Desde a primeira edi\u00e7\u00e3o, o evento para advogados e advogadas busca apresentar e debater&nbsp;<strong>o futuro da advocacia sob a \u00f3tica da inova\u00e7\u00e3o<\/strong>.<\/p>\n\n\n\n<p>Respire fundo, <strong>ele est\u00e1 de volta!<\/strong><\/p>\n\n\n\n<p>Te convidamos a saber mais sobre o Aurum Summit, que&nbsp;<strong>acontecer\u00e1 este ano, em S\u00e3o Paulo<\/strong>. Vem com a gente! \u2728<\/p>\n\n\n\n<h2 class=\"wp-block-heading\">O que \u00e9 o Aurum Summit?<\/h2>\n\n\n\n<p>O Aurum Summit \u00e9 um evento para profissionais da advocacia realizado pela Aurum h\u00e1 quatro anos. Come\u00e7ou como um canal presencial para nos aproximarmos do nosso p\u00fablico (voc\u00ea!) e compartilhar pr\u00e1ticas e cren\u00e7as aqui da empresa. Ao longo do tempo, se transformou em uma&nbsp;<strong>experi\u00eancia completa de troca de conhecimentos e networking<\/strong>.<\/p>\n\n\n\n<p>A proposta \u00e9 oferecer aos participantes um dia inteiro de&nbsp;<strong>imers\u00e3o na moderna advocacia.<\/strong>&nbsp;Para isso, contamos com uma curadoria atenta a fim de trazer os assuntos mais atuais e necess\u00e1rios, de acordo com as principais tend\u00eancias do setor jur\u00eddico. Marketing Jur\u00eddico, Sucesso do Cliente, Direito Digital,&nbsp;<a href=\"https:\/\/www.aurum.com.br\/blog\/lgpd\/\"><strong>LGPD<\/strong><\/a>, Gest\u00e3o horizontal, Inova\u00e7\u00e3o e Design Thinking s\u00e3o alguns deles.<\/p>\n\n\n\n<figure class=\"wp-block-embed is-type-video is-provider-youtube wp-block-embed-youtube wp-embed-aspect-16-9 wp-has-aspect-ratio\"><div class=\"wp-block-embed__wrapper\">\n<iframe title=\"Melhores Momentos do Aurum Summit 2023\" width=\"500\" height=\"281\" src=\"https:\/\/www.youtube.com\/embed\/aZuE6E5BgTI?feature=oembed\" frameborder=\"0\" allow=\"accelerometer; autoplay; clipboard-write; encrypted-media; gyroscope; picture-in-picture; web-share\" referrerpolicy=\"strict-origin-when-cross-origin\" allowfullscreen><\/iframe>\n<\/div><\/figure>\n\n\n\n<p>Protagonizadas por profissionais refer\u00eancia do mercado, as palestras apresentam&nbsp;<strong>novos conceitos<\/strong>,&nbsp;<strong>estudos de casos<\/strong>&nbsp;<strong>e<\/strong>&nbsp;<strong>solu\u00e7\u00f5es para voc\u00ea conquistar destaque no mercado<\/strong>. <\/p>\n\n\n\n<p>Assim, voc\u00ea adquire repert\u00f3rio e conhece ferramentas para aplicar na sua rotina. Tudo isso envolto por muita conex\u00e3o entre todos os participantes. Por isso, a cada edi\u00e7\u00e3o, o evento prop\u00f5e maneiras diferentes de oferecer um networking qualificado aos participantes.<\/p>\n\n\n<a href=\"https:\/\/www.aurum.com.br\/aurum-summit\/\" class=\"btn btn-blue\">Receba novidades do Aurum Summit 2025<\/a>\n\n\n\n<h2 class=\"wp-block-heading\">7 motivos para ir ao Aurum Summit 2025<\/h2>\n\n\n\n<p>A sexta edi\u00e7\u00e3o do Aurum Summit, o nosso evento de imers\u00e3o no futuro da advocacia, est\u00e1 logo a\u00ed! Estamos empolgados para proporcionar uma experi\u00eancia incr\u00edvel para todos os profissionais que v\u00e3o estar conosco presencialmente, em S\u00e3o Paulo.<\/p>\n\n\n\n<p>N\u00f3s criamos o evento para nos aproximar ainda mais de voc\u00eas, advogados modernos, leitores, clientes e parceiros. Al\u00e9m disso, o Aurum Summit refor\u00e7a nosso compromisso de&nbsp;<strong>promover e fomentar a inova\u00e7\u00e3o na advocacia.<\/strong><\/p>\n\n\n\n<p>Para preparar voc\u00ea para o melhor evento jur\u00eddico do ano, listamos os principais motivos que fazem desse evento imperd\u00edvel e inesquec\u00edvel. Olha s\u00f3!<\/p>\n\n\n\n<h3 class=\"wp-block-heading\">1. Voc\u00ea vai sair inspirado a mudar para melhor<\/h3>\n\n\n\n<p>A decis\u00e3o de fazer um evento de imers\u00e3o tem um objetivo claro: trazer&nbsp;<strong>debates e reflex\u00f5es que inquietem e provoquem mudan\u00e7as<\/strong>&nbsp;reais na pr\u00e1tica cotidiana dos participantes. A moderniza\u00e7\u00e3o da advocacia \u00e9 um processo cont\u00ednuo e sem fim. Novas pr\u00e1ticas surgem a todo momento e a tecnologia segue nos surpreendendo a cada dia.<\/p>\n\n\n\n<p>Diante de um cen\u00e1rio t\u00e3o transit\u00f3rio e, ao mesmo tempo, revolucion\u00e1rio, apenas assistir \u00e0s mudan\u00e7as n\u00e3o basta! \u00c9 importante (e prazeroso)&nbsp;<strong>fazer parte da evolu\u00e7\u00e3o do setor<\/strong>&nbsp;e entender qual o nosso papel nessa transforma\u00e7\u00e3o. O Aurum Summit \u00e9 a oportunidade ideal para isso! Vamos juntos refletir sobre o presente e o futuro da advocacia.<\/p>\n\n\n\n<h3 class=\"wp-block-heading\">2. O Aurum Summit \u00e9 o habitat natural dos curiosos<\/h3>\n\n\n\n<p>Pessoas com mentes inquietas e questionadoras v\u00e3o se sentir em casa no Aurum Summit! Pessoas curiosas colaboram ativamente para mudan\u00e7as importantes. E, obviamente, se adequam mais rapidamente a novas realidades. Afinal, \u00e9 muito mais f\u00e1cil se adaptar \u00e0quilo que voc\u00ea compreende, certo?<\/p>\n\n\n\n<p>Al\u00e9m de contribuir para a sua evolu\u00e7\u00e3o profissional e abrir espa\u00e7o para novos aprendizados, experi\u00eancias e inspira\u00e7\u00f5es, o Aurum Summit tamb\u00e9m contribui para o seu crescimento pessoal. Sem falar que enxergar al\u00e9m da pr\u00f3pria rotina, conhecer outras realidades, mudar de ares e aprender coisas novas \u00e9 como acionar o bot\u00e3o \u201creset\u201d do c\u00e9rebro.<\/p>\n\n\n\n<h3 class=\"wp-block-heading\">3. Algumas de suas maiores refer\u00eancias v\u00e3o estar l\u00e1<\/h3>\n\n\n\n<p>Muitos palestrantes costumam participar do evento! Voc\u00ea vai poder tirar d\u00favidas durante as palestras e trocar ideias com eles nos espa\u00e7os de conviv\u00eancia. E se voc\u00ea pensa que no Aurum Summit s\u00f3 brilha quem est\u00e1 no palco, se engana. E muito.<\/p>\n\n\n\n<h3 class=\"wp-block-heading\">4. As estrelas do evento n\u00e3o estar\u00e3o apenas no palco<\/h3>\n\n\n\n<p>Todos os participantes (inclusive voc\u00ea!) t\u00eam hist\u00f3rias, dicas e conhecimentos para compartilhar. Por isso mesmo, pensamos em tudo para oferecer um dia inteiro de muita troca, novos aprendizados e bons relacionamentos.<\/p>\n\n\n\n<figure class=\"wp-block-image size-full\"><img decoding=\"async\" width=\"1200\" height=\"800\" src=\"https:\/\/www.aurum.com.br\/blog\/wp-content\/uploads\/2023\/04\/mulher-sorrindo-no-aurum-summit.jpg\" alt=\"\" class=\"wp-image-32271\" srcset=\"https:\/\/www.aurum.com.br\/blog\/wp-content\/uploads\/2023\/04\/mulher-sorrindo-no-aurum-summit.jpg 1200w, https:\/\/www.aurum.com.br\/blog\/wp-content\/uploads\/2023\/04\/mulher-sorrindo-no-aurum-summit-300x200.jpg 300w, https:\/\/www.aurum.com.br\/blog\/wp-content\/uploads\/2023\/04\/mulher-sorrindo-no-aurum-summit-768x512.jpg 768w\" sizes=\"(max-width: 1200px) 100vw, 1200px\" \/><\/figure>\n\n\n\n<p>V\u00e1 de cora\u00e7\u00e3o aberto e com cart\u00f5es de visita no bolso ou no celular (saiba mais sobre&nbsp;<a href=\"https:\/\/www.aurum.com.br\/blog\/como-deve-ser-o-cartao-de-visita-advogado-moderno\/\"><strong>cart\u00e3o de visita do advogado<\/strong><\/a>&nbsp;digital)! O evento foi feito para voc\u00ea.<\/p>\n\n\n\n<h3 class=\"wp-block-heading\">5. O evento \u00e9 de imers\u00e3o, mas sem enrola\u00e7\u00e3o<\/h3>\n\n\n\n<p>O que diferencia o Aurum Summit dos tradicionais congressos para advogados \u00e9, principalmente, o formato e a dura\u00e7\u00e3o das palestras.<\/p>\n\n\n\n<p>O dinamismo \u00e9 uma marca da inova\u00e7\u00e3o e, por isso, muito bem-vindo ao nosso evento!<\/p>\n\n\n\n<h3 class=\"wp-block-heading\">6. Tem conhecimento e conex\u00e3o de qualidade<\/h3>\n\n\n\n<p>Curta o momento e aproveite para conhecer os participantes, conversar com os palestrantes e trocar cart\u00f5es. O Aurum Summit \u00e9 o cen\u00e1rio ideal para v\u00e1rios&nbsp;<em>matchs<\/em>&nbsp;profissionais! L\u00e1, voc\u00ea vai encontrar pessoas com vis\u00f5es e atua\u00e7\u00f5es parecidas ou complementares \u00e0s suas.<\/p>\n\n\n\n<p>Se voc\u00ea est\u00e1 em busca de novas (e boas!) conex\u00f5es, se cadastre para receber as novidades em primeira m\u00e3o do Aurum Summit. \ud83d\ude09<\/p>\n\n\n\n<p>Prepare o seu pitch, os cart\u00f5es de visita e a disposi\u00e7\u00e3o, porque vai ser excelente!<\/p>\n\n\n<a href=\"https:\/\/www.aurum.com.br\/aurum-summit\/\" class=\"btn btn-blue\">Quero receber as novidades do Aurum Summit 2025<\/a>\n\n\n\n<h3 class=\"wp-block-heading\">7. Vamos nos conhecer pessoalmente<\/h3>\n\n\n\n<p>Se surgir qualquer d\u00favida ou se voc\u00ea quiser bater um papo com a gente, fique \u00e0 vontade para nos abordar. O Time da Aurum estar\u00e1 l\u00e1 no dia, fazendo tudo acontecer. Vai ser f\u00e1cil nos identificar!<\/p>\n\n\n\n<h3 class=\"wp-block-heading\">8. Voc\u00ea vai descobrir a sua pr\u00f3xima forma de advogar<\/h3>\n\n\n\n<p>O evento \u00e9 m\u00e3o na massa, \u00e9 planejado para que voc\u00ea saia com&nbsp;<strong>ideias pr\u00e1ticas e aplic\u00e1veis para o seu neg\u00f3cio.<\/strong>&nbsp;Queremos que voc\u00ea encerre esse dia com a cabe\u00e7a fervilhando de ideias para construir uma nova \u2013 e melhor \u2013 forma de advogar.<\/p>\n\n\n\n<p>O Aurum Summit tem como objetivo ajudar voc\u00ea a&nbsp;<strong>criar a sua pr\u00f3xima advocacia<\/strong>. E n\u00e3o \u00e9 pensando em um futuro distante, e sim como voc\u00ea pode come\u00e7ar a fazer isso no presente, durante e ap\u00f3s o evento.<\/p>\n\n\n\n<figure class=\"wp-block-image size-full\"><img decoding=\"async\" width=\"1200\" height=\"800\" src=\"https:\/\/www.aurum.com.br\/blog\/wp-content\/uploads\/2023\/04\/insights-aurum-summit.jpg\" alt=\"\" class=\"wp-image-32272\" srcset=\"https:\/\/www.aurum.com.br\/blog\/wp-content\/uploads\/2023\/04\/insights-aurum-summit.jpg 1200w, https:\/\/www.aurum.com.br\/blog\/wp-content\/uploads\/2023\/04\/insights-aurum-summit-300x200.jpg 300w, https:\/\/www.aurum.com.br\/blog\/wp-content\/uploads\/2023\/04\/insights-aurum-summit-768x512.jpg 768w\" sizes=\"(max-width: 1200px) 100vw, 1200px\" \/><\/figure>\n\n\n\n<h2 class=\"wp-block-heading\"><strong>Informa\u00e7\u00f5es importantes do Aurum Summit 2025<\/strong><\/h2>\n\n\n\n<ul class=\"wp-block-list\">\n<li><strong>Data:<\/strong> 18 de setembro de 2025<\/li>\n\n\n\n<li><strong>Local:<\/strong> Amcham Brasil &#8211; S\u00e3o Paulo\/SP<\/li>\n<\/ul>\n\n\n\n<p>Mais informa\u00e7\u00f5es em breve!<\/p>\n\n\n<a href=\"https:\/\/www.aurum.com.br\/aurum-summit\/\" class=\"btn btn-blue\">Quero saber o que vem a\u00ed<\/a>\n\n\n\n<h2 class=\"wp-block-heading\">Breve hist\u00f3rico do Aurum Summit<\/h2>\n\n\n\n<p>No primeiro ano do Aurum Summit,&nbsp;<strong>tecnologia e inova\u00e7\u00e3o na advocacia<\/strong>&nbsp;ainda n\u00e3o eram fortes tend\u00eancias no Brasil. Nos desafiamos e reunimos operadores do direito e pr\u00e1ticas do Vale do Sil\u00edcio.&nbsp;<a href=\"https:\/\/www.aurum.com.br\/blog\/okr-advocacia\/\"><strong>OKR na advocacia<\/strong><\/a>, Business Intelligence, Inbound Marketing, e outros assuntos in\u00e9ditos em eventos para advogados estavam presentes na nossa primeira edi\u00e7\u00e3o.<\/p>\n\n\n\n<p>Em 2017, segundo ano do evento, o setor jur\u00eddico j\u00e1 abordava temas como&nbsp;<a href=\"https:\/\/www.aurum.com.br\/blog\/direito-digital\/\"><strong>direito digital<\/strong><\/a>,&nbsp;<a href=\"https:\/\/www.aurum.com.br\/blog\/lawtech-e-legaltech\/\"><strong>lawtechs<\/strong><\/a>, escrit\u00f3rios inovadores, disrup\u00e7\u00e3o e muitos outros termos que voc\u00ea j\u00e1 deve conhecer, certo? Para ajudar os profissionais do Direito a entenderem seu papel nesse cen\u00e1rio, trouxemos especialistas como Patr\u00edcia Peck, Francisco M\u00fcssnich e Bruno Feigelson.<\/p>\n\n\n\n<p>J\u00e1 na terceira edi\u00e7\u00e3o, nos aprofundamos ainda mais nos temas relacionados \u00e0 inova\u00e7\u00e3o para advogados. Entre outros assuntos, falamos sobre blockchain,&nbsp;<a href=\"https:\/\/www.aurum.com.br\/blog\/chatgpt-para-advogados\/\"><strong>intelig\u00eancia artificial<\/strong><\/a>, design thinking e, para fortalecer a proposta de ser um evento m\u00e3o-na-massa, trouxemos&nbsp; uma palestra nada tradicional sobre coaching para advogados de sucesso. Fizemos tamb\u00e9m uma cobertura completa das principais palestras do Aurum Summit 2018.<\/p>\n\n\n\n<p>Surgiu tamb\u00e9m a Lawtech Fair, uma feira de neg\u00f3cios onde reunimos empresas de software que oferecem&nbsp;<strong>produtos e servi\u00e7os projetados especialmente para advogados.<\/strong>&nbsp;O espa\u00e7o da feira foi pensado para que os participantes conhecessem as solu\u00e7\u00f5es, pudessem fazer perguntas e se conectar com as pessoas que desenvolveram os produtos.<\/p>\n\n\n\n<p>Veja como foi o Aurum Summit 2019!<\/p>\n\n\n\n<figure class=\"wp-block-embed is-type-video is-provider-youtube wp-block-embed-youtube wp-embed-aspect-16-9 wp-has-aspect-ratio\"><div class=\"wp-block-embed__wrapper\">\n<iframe title=\"Saiba como foi o Aurum Summit 2019\" width=\"500\" height=\"281\" src=\"https:\/\/www.youtube.com\/embed\/T2tb52PjuoA?feature=oembed\" frameborder=\"0\" allow=\"accelerometer; autoplay; clipboard-write; encrypted-media; gyroscope; picture-in-picture; web-share\" referrerpolicy=\"strict-origin-when-cross-origin\" allowfullscreen><\/iframe>\n<\/div><\/figure>\n\n\n\n<p>Na edi\u00e7\u00e3o de 2019 abordamos assuntos jur\u00eddicos mais atuais, como a&nbsp;<a href=\"https:\/\/www.aurum.com.br\/blog\/lgpd\/\"><strong>Lei Geral de Prote\u00e7\u00e3o de Dados (LGPD)<\/strong><\/a>, o caso Grin + Yellow (trazendo a quest\u00e3o dos desafios de regulamenta\u00e7\u00e3o enfrentados pelas startups),&nbsp;<a href=\"https:\/\/www.aurum.com.br\/blog\/legal-design\/\"><strong>Legal Design<\/strong><\/a>&nbsp;e Metodologia \u00c1gil, Sucesso do Cliente e muito mais.<\/p>\n\n\n\n<p>Continuamos com a Lawtech Fair e ainda fizemos um networking inovador em parceria com a LexDesign, empresa de solu\u00e7\u00f5es em design e inova\u00e7\u00e3o para o universo jur\u00eddico, que levou din\u00e2micas e exerc\u00edcios para facilitar o entrosamento entre as pessoas.<\/p>\n\n\n\n<p>Essa foi tamb\u00e9m a primeira edi\u00e7\u00e3o que contou com a transmiss\u00e3o online de todas as palestras, alcan\u00e7ando mais de 3.000 pessoas.<\/p>\n\n\n\n<p>Na quinta edi\u00e7\u00e3o, em 2023, debatemos temas relevantes para o mercado jur\u00eddico. Nosso encontro foi em S\u00e3o Paulo e as palestras contemplaram assuntos como Intelig\u00eancia Artificial, Sucesso do Cliente, Legal Design, Gest\u00e3o de Escrit\u00f3rios e Tend\u00eancias na advocacia.<\/p>\n\n\n\n<p>Al\u00e9m disso, lan\u00e7amos o <a href=\"https:\/\/www.youtube.com\/watch?v=0BgyM1Ts-Pk&amp;list=PLjPxt5dmSxSH7EkFCZ98WRwGi2EBwfb8_&amp;index=1\" target=\"_blank\" rel=\"noopener\"><strong>Bate-Papo Aurum Summit<\/strong><\/a>, onde os palestrantes foram convidados para conversar um pouco mais sobre as tem\u00e1ticas abordadas nas palestras!<\/p>\n\n\n\n<figure class=\"wp-block-embed is-type-video is-provider-youtube wp-block-embed-youtube wp-embed-aspect-16-9 wp-has-aspect-ratio\"><div class=\"wp-block-embed__wrapper\">\n<iframe title=\"Intelig\u00eancia Artificial com Renato Opice Blum |  Bate-Papo Aurum Summit #01\" width=\"500\" height=\"281\" src=\"https:\/\/www.youtube.com\/embed\/3xJ70dxKyi4?feature=oembed\" frameborder=\"0\" allow=\"accelerometer; autoplay; clipboard-write; encrypted-media; gyroscope; picture-in-picture; web-share\" referrerpolicy=\"strict-origin-when-cross-origin\" allowfullscreen><\/iframe>\n<\/div><\/figure>\n\n\n\n<h2 class=\"wp-block-heading\">Conclus\u00e3o<\/h2>\n\n\n\n<p>Se voc\u00ea deseja dar o pr\u00f3ximo passo na sua advocacia, a hora \u00e9 agora! Aproveite o retorno do Aurum Summit para criar novas conex\u00f5es, participar de palestras com temas atuais e relevantes, al\u00e9m de conhecer as solu\u00e7\u00f5es mais inovadoras do mercado.<\/p>\n\n\n\n<p>Espero te ver este ano! \ud83d\ude09<\/p>\n\n\n\n<figure class=\"wp-block-image size-full\"><img decoding=\"async\" width=\"1200\" height=\"800\" src=\"https:\/\/www.aurum.com.br\/blog\/wp-content\/uploads\/2023\/04\/felicidade-no-evento-aurum-summit.jpg\" alt=\"\" class=\"wp-image-32273\" srcset=\"https:\/\/www.aurum.com.br\/blog\/wp-content\/uploads\/2023\/04\/felicidade-no-evento-aurum-summit.jpg 1200w, https:\/\/www.aurum.com.br\/blog\/wp-content\/uploads\/2023\/04\/felicidade-no-evento-aurum-summit-300x200.jpg 300w, https:\/\/www.aurum.com.br\/blog\/wp-content\/uploads\/2023\/04\/felicidade-no-evento-aurum-summit-768x512.jpg 768w\" sizes=\"(max-width: 1200px) 100vw, 1200px\" \/><\/figure>\n","protected":false},"excerpt":{"rendered":"<p>Lan\u00e7ado em 2016, o Aurum Summit \u00e9 o melhor evento de inova\u00e7\u00e3o e tecnologia para profissionais da advocacia. Em um dia inteiro de imers\u00e3o nas principais tend\u00eancias do setor jur\u00eddico, com muita conex\u00e3o e troca entre os participantes. Reunir alguns dos principais nomes da advocacia no Brasil e pessoas interessadas e dispostas a criar o [&hellip;]<\/p>\n","protected":false},"author":7,"featured_media":32285,"comment_status":"open","ping_status":"open","sticky":false,"template":"","format":"standard","meta":{"_bbp_topic_count":0,"_bbp_reply_count":0,"_bbp_total_topic_count":0,"_bbp_total_reply_count":0,"_bbp_voice_count":0,"_bbp_anonymous_reply_count":0,"_bbp_topic_count_hidden":0,"_bbp_reply_count_hidden":0,"_bbp_forum_subforum_count":0,"inline_featured_image":false,"footnotes":""},"categories":[4,12],"tags":[],"class_list":["post-8883","post","type-post","status-publish","format-standard","has-post-thumbnail","hentry","category-advocacia","category-aurum-summit"],"acf":[],"_links":{"self":[{"href":"https:\/\/www.aurum.com.br\/blog\/wp-json\/wp\/v2\/posts\/8883","targetHints":{"allow":["GET"]}}],"collection":[{"href":"https:\/\/www.aurum.com.br\/blog\/wp-json\/wp\/v2\/posts"}],"about":[{"href":"https:\/\/www.aurum.com.br\/blog\/wp-json\/wp\/v2\/types\/post"}],"author":[{"embeddable":true,"href":"https:\/\/www.aurum.com.br\/blog\/wp-json\/wp\/v2\/users\/7"}],"replies":[{"embeddable":true,"href":"https:\/\/www.aurum.com.br\/blog\/wp-json\/wp\/v2\/comments?post=8883"}],"version-history":[{"count":19,"href":"https:\/\/www.aurum.com.br\/blog\/wp-json\/wp\/v2\/posts\/8883\/revisions"}],"predecessor-version":[{"id":33310,"href":"https:\/\/www.aurum.com.br\/blog\/wp-json\/wp\/v2\/posts\/8883\/revisions\/33310"}],"wp:featuredmedia":[{"embeddable":true,"href":"https:\/\/www.aurum.com.br\/blog\/wp-json\/wp\/v2\/media\/32285"}],"wp:attachment":[{"href":"https:\/\/www.aurum.com.br\/blog\/wp-json\/wp\/v2\/media?parent=8883"}],"wp:term":[{"taxonomy":"category","embeddable":true,"href":"https:\/\/www.aurum.com.br\/blog\/wp-json\/wp\/v2\/categories?post=8883"},{"taxonomy":"post_tag","embeddable":true,"href":"https:\/\/www.aurum.com.br\/blog\/wp-json\/wp\/v2\/tags?post=8883"}],"curies":[{"name":"wp","href":"https:\/\/api.w.org\/{rel}","templated":true}]}}