{"id":8826,"date":"2024-04-30T11:39:48","date_gmt":"2024-04-30T14:39:48","guid":{"rendered":"https:\/\/aurum.com.br\/blog\/prescricao-intercorrente\/"},"modified":"2025-11-24T21:55:21","modified_gmt":"2025-11-25T00:55:21","slug":"prescricao-intercorrente","status":"publish","type":"post","link":"https:\/\/www.aurum.com.br\/blog\/prescricao-intercorrente\/","title":{"rendered":"Prescri\u00e7\u00e3o intercorrente no Novo CPC: tudo o que voc\u00ea precisa saber"},"content":{"rendered":"<div id=\"bsf_rt_marker\"><\/div>\n<pre class=\"wp-block-preformatted\">A <strong>prescri\u00e7\u00e3o intercorrente<\/strong> ocorre quando se passa um longo per\u00edodo de tempo sem andamento no processo, causando a perda  do direito de exigir judicialmente um direito. Possui como finalidade o princ\u00edpio da dura\u00e7\u00e3o razo\u00e1vel, afim de dar celeridade na tramita\u00e7\u00e3o de processos.<\/pre>\n\n\n\n<p><br>Quando uma das partes envolvidas em um processo n\u00e3o toma as medidas necess\u00e1rias para dar andamento ao caso, pode levar \u00e0 prescri\u00e7\u00e3o intercorrente.<\/p>\n\n\n\n<p>Assim, quando n\u00e3o h\u00e1 movimenta\u00e7\u00e3o processual por um per\u00edodo prolongado de tempo, a parte pode perder o direito de buscar a solu\u00e7\u00e3o para o problema na via judicial. <\/p>\n\n\n\n<p>Portanto, \u00e9 importante entender como a prescri\u00e7\u00e3o intercorrente funciona e como evit\u00e1-la. Veja a seguir o seu hist\u00f3rico no direito civil, as mudan\u00e7as trazidas pelo CPC e mais! <\/p>\n\n\n\n<h2 class=\"wp-block-heading\">O que \u00e9 prescri\u00e7\u00e3o intercorrente?  <\/h2>\n\n\n\n<p>A prescri\u00e7\u00e3o intercorrente \u00e9 um instituto jur\u00eddico que ocorre quando a parte autora de uma a\u00e7\u00e3o perde o direito de exigir judicialmente algum direito por conta de sua<strong> in\u00e9rcia por um longo per\u00edodo durante o decorrer de um processo.<\/strong> <\/p>\n\n\n\n<p>Essa paralisa\u00e7\u00e3o pode ocorrer por diversos motivos, como a falta de andamento processual, a aus\u00eancia de dilig\u00eancias por parte do juiz&nbsp; ou simplesmente quando n\u00e3o h\u00e1 qualquer manifesta\u00e7\u00e3o das partes envolvidas.<\/p>\n\n\n\n<p>Nesses casos ent\u00e3o, a prescri\u00e7\u00e3o intercorrente \u00e9 decretada, extinguindo o processo sem resolu\u00e7\u00e3o de m\u00e9rito.<\/p>\n\n\n\n<h2 class=\"wp-block-heading\">Como a prescri\u00e7\u00e3o intercorrente funciona? <\/h2>\n\n\n\n<p>No contexto jur\u00eddico do Brasil, \u00e9 essencial que ambas as partes envolvidas em um processo demonstrem interesse em sua resolu\u00e7\u00e3o para que ocorra de maneira mais r\u00e1pida. <br><br>Se a parte que iniciou o processo, que em teoria tem maior interesse na efetiva\u00e7\u00e3o de seu direito subjetivo, n\u00e3o mostrar interesse na solu\u00e7\u00e3o do conflito e n\u00e3o atuar ativamente para resolver a demanda, a prescri\u00e7\u00e3o intercorrente<strong> pode ser alegada pela outra parte<\/strong>, <strong>evidenciando a falta de interesse do autor em solucionar o processo.<\/strong><\/p>\n\n\n\n<h2 class=\"wp-block-heading\" id=\"2\">Hist\u00f3rico da prescri\u00e7\u00e3o intercorrente no direito civil<\/h2>\n\n\n\n<p>Para entender melhor a prescri\u00e7\u00e3o intercorrente no <a href=\"https:\/\/www.aurum.com.br\/blog\/direito-civil\/\">direito civil<\/a> como conhecemos hoje, vamos antes fazer um breve lembrete hist\u00f3rico. <br><br>O CPC de 1973 e o C\u00f3digo Civil de 1919 <strong>n\u00e3o mencionavam a possibilidade<\/strong> de o direito discutido em um processo judicial ser extinto no curso da demanda pela in\u00e9rcia do seu titular.<\/p>\n\n\n\n<p>No entanto, com o passar dos anos, a doutrina e a <a href=\"https:\/\/www.aurum.com.br\/blog\/o-que-e-jurisprudencia\/\">jurisprud\u00eancia <\/a>come\u00e7aram a se posicionar. Indicavam a possibilidade de um direito prescrever no curso de uma demanda em raz\u00e3o de in\u00e9rcia de uma parte em movimentar o processo.<\/p>\n\n\n\n<p>At\u00e9 o ano de 2005, quando um processo chegava ao fim com uma senten\u00e7a descrevendo qual era o direito de uma pessoa, era necess\u00e1ria a propositura de uma a\u00e7\u00e3o espec\u00edfica de execu\u00e7\u00e3o de t\u00edtulo judicial. Isso se o direito n\u00e3o fosse cumprido de forma volunt\u00e1ria pela parte vencida no processo de conhecimento.<\/p>\n\n\n\n<h3 class=\"wp-block-heading\">Ap\u00f3s a Lei 11.232\/05<\/h3>\n\n\n\n<p>Ap\u00f3s esta data, com a promulga\u00e7\u00e3o da <a rel=\"noreferrer noopener\" aria-label=\" (opens in a new tab)\" href=\"http:\/\/www.planalto.gov.br\/ccivil_03\/_Ato2004-2006\/2005\/Lei\/L11232.htm\" target=\"_blank\">Lei 11.232\/05<\/a>, o processo tornou-se sincr\u00e9tico. Com isso, <strong>a fase executiva passou a ser realizada dentro do mesmo processo de conhecimento<\/strong>.<\/p>\n\n\n\n<p>Em 1963, o Supremo Tribunal Federal editou o Enunciado 150 de sua S\u00famula com o seguinte teor: \u201cPrescreve a execu\u00e7\u00e3o no mesmo prazo de prescri\u00e7\u00e3o da a\u00e7\u00e3o\u201d. Esta foi uma ideia do que poderia ser a prescri\u00e7\u00e3o intercorrente.&nbsp;<\/p>\n\n\n\n<p>Isso porque, se a parte permanecesse inerte entre:<\/p>\n\n\n\n<ul class=\"wp-block-list\">\n<li>A <strong>data do tr\u00e2nsito em julgado<\/strong> da senten\u00e7a que concedeu\/declarou o seu direito e;<\/li>\n\n\n\n<li>A <strong>propositura de a\u00e7\u00e3o de execu\u00e7\u00e3o<\/strong> de t\u00edtulo extrajudicial que lhe garantiu o referido direito.<\/li>\n<\/ul>\n\n\n\n<p>Ent\u00e3o ocorreria a prescri\u00e7\u00e3o da propositura da a\u00e7\u00e3o executiva.<\/p>\n\n\n\n<p>Na mesma sess\u00e3o plen\u00e1ria no final de 1963, o Supremo Tribunal Federal editou o Enunciado 264 de sua S\u00famula com o seguinte teor:&nbsp;<\/p>\n\n\n\n<blockquote class=\"wp-block-quote is-layout-flow wp-block-quote-is-layout-flow\">\n<p>Verifica-se a prescri\u00e7\u00e3o intercorrente pela paralisa\u00e7\u00e3o da <a href=\"https:\/\/www.aurum.com.br\/blog\/acao-rescisoria\/\">a\u00e7\u00e3o rescis\u00f3ria<\/a> por mais de 5 anos\u201d<\/p>\n<\/blockquote>\n\n\n\n<p>Neste caso <strong>percebe-se a clara apresenta\u00e7\u00e3o da prescri\u00e7\u00e3o intercorrente<\/strong>, posto que no curso da demanda (rescis\u00f3ria) e pela paralisa\u00e7\u00e3o (in\u00e9rcia) da parte pelo per\u00edodo de mais de 5 anos.<\/p>\n\n\n\n<h3 class=\"wp-block-heading\">Prescri\u00e7\u00e3o intercorrente no C\u00f3digo Civil<\/h3>\n\n\n\n<p>O <strong>C\u00f3digo Civil de 2002<\/strong>, que entrou em vigor em 2003, come\u00e7ou a ser elaborado ainda em 1969 e teve o in\u00edcio de sua tramita\u00e7\u00e3o no congresso em 1975. Apesar de n\u00e3o falar de prescri\u00e7\u00e3o intercorrente, por ser uma mat\u00e9ria estritamente processual, <strong>apresenta causas que interrompem a prescri\u00e7\u00e3o<\/strong> no artigo 202, que deixa claro no seu par\u00e1grafo \u00fanico:<\/p>\n\n\n\n<blockquote class=\"wp-block-quote is-layout-flow wp-block-quote-is-layout-flow\">\n<p>A prescri\u00e7\u00e3o interrompida recome\u00e7a a correr da data do ato que a interrompeu, ou do \u00faltimo ato do processo para a interromper\u201d<\/p>\n<\/blockquote>\n\n\n\n<h2 class=\"wp-block-heading\" id=\"3\">Prescri\u00e7\u00e3o intercorrente no Novo CPC<\/h2>\n\n\n\n<p>A prescri\u00e7\u00e3o intercorrente \u00e9 <strong>a perda do direito de exigir um direito pela aus\u00eancia de a\u00e7\u00e3o <\/strong>durante um determinado tempo no curso de um procedimento. Tem como finalidade o princ\u00edpio da dura\u00e7\u00e3o razo\u00e1vel do processo esculpido no art. 5\u00ba, LXXVIII da Constitui\u00e7\u00e3o Brasileira.<\/p>\n\n\n\n<p>A verdadeira mudan\u00e7a referente a prescri\u00e7\u00e3o intercorrente vem no novo <a href=\"https:\/\/www.aurum.com.br\/blog\/novo-codigo-de-processo-civil\/\">C\u00f3digo de Processo Civil<\/a>, de 2015. O NCPC se mant\u00e9m omisso quanto a possibilidade de prescri\u00e7\u00e3o intercorrente no curso de um processo de conhecimento. Ainda assim, <strong>constou clara e explicitamente a hip\u00f3tese de sua aplica\u00e7\u00e3o<\/strong> na parte que disp\u00f5e da suspens\u00e3o e extin\u00e7\u00e3o de execu\u00e7\u00e3o.<\/p>\n\n\n\n<p>N\u00e3o obstante a omiss\u00e3o da prescri\u00e7\u00e3o intercorrente no <a href=\"https:\/\/www.aurum.com.br\/blog\/novo-cpc-comentado\/\">Novo CPC<\/a> no que tange ao processo de conhecimento, ainda assim \u00e9 poss\u00edvel sua aplica\u00e7\u00e3o nesta fase processual, aplicando-se os prazos constantes no direito material. No entanto, os prazos de aplica\u00e7\u00e3o de prescri\u00e7\u00e3o intercorrente ser\u00e3o tratados em t\u00f3pico espec\u00edfico.<\/p>\n\n\n<style>\r\n  .anuncios-post {\r\n    background-repeat: no-repeat;\r\n    background-size: cover;\r\n    border-radius: 8px;\r\n    display: flex;\r\n    padding: 1rem 1rem 0 1rem;\r\n    margin: 1rem 0;\r\n  }\r\n  .anuncios-post .img-destaque {\r\n    margin: 0 !important;\r\n    align-self: flex-end;\r\n    width: 120px !important;\r\n    height: auto;\r\n  }\r\n  .anuncios-post .textos {\r\n    margin-left: 2rem;\r\n  }\r\n  .anuncios-post .tag {\r\n    background: rgba(255, 255, 255, 0.07);\r\n    color: #fff;\r\n    margin: 0;\r\n    font-weight: 600;\r\n    font-size: 8px;\r\n    line-height: 9px;\r\n    text-align: center;\r\n    text-transform: uppercase;\r\n    padding: .3rem 1rem;\r\n  }\r\n  .anuncios-post .title {\r\n    font-weight: 400;\r\n    font-size: 12px;\r\n    line-height: 120%;\r\n    color: #fff;\r\n    margin-top: .875rem;\r\n  }\r\n  .anuncios-post .title strong {\r\n    font-weight: 600;\r\n  }\r\n  .anuncios-post .botao {\r\n    background: #fff;\r\n    border-radius: 4px;\r\n    padding: .5rem 1rem;\r\n    display: inline-block;\r\n    text-decoration: none !important;\r\n    color: #008FD5 !important;\r\n    transition: all ease .3s;\r\n    margin-top: .8rem;\r\n    font-size: 10px;\r\n    margin-bottom: 10px;\r\n  }\r\n  .anuncios-post .botao:hover {\r\n    filter: opacity(0.9);\r\n  }\r\n  @media(min-width: 561px) {\r\n    .anuncios-post {\r\n      padding: 2rem 2rem 0 2rem;\r\n      margin-top: 2rem;\r\n    }\r\n    .anuncios-post .img-destaque {\r\n      width: 100% !important;\r\n    }\r\n    .anuncios-post .textos {\r\n      margin-left: 3.75rem;\r\n    }\r\n    .anuncios-post .tag {\r\n      font-size: .75rem;\r\n      line-height: 1rem;\r\n      padding: .75rem 2.0625rem;\r\n      letter-spacing: -0.2px;\r\n    }\r\n    .anuncios-post .title {\r\n      font-size: 1.25rem;\r\n    }\r\n    .anuncios-post .botao {\r\n      padding: .9375rem 1.5rem;\r\n      margin-top: 1.25rem;\r\n      font-size: 13px;\r\n    }\r\n  }\r\n<\/style>\r\n\r\n<div class=\"anuncios-post\"  style=\"background-image:url(https:\/\/www.aurum.com.br\/blog\/wp-content\/uploads\/2021\/06\/bg-anuncio.jpg)\">\r\n  <img decoding=\"async\" class=\"img-destaque\" src=\"https:\/\/www.aurum.com.br\/blog\/wp-content\/uploads\/2021\/07\/mobile-anuncio.svg\" alt=\"https:\/\/www.aurum.com.br\/blog\/wp-content\/uploads\/2021\/07\/mobile-anuncio.svg\">\r\n\r\n  <div class=\"textos\">\r\n    <span class=\"tag\">Aproveite!<\/span>\r\n    <div class=\"title\">Otimize as atividades do seu escrit\u00f3rio de advocacia sem comprometer o or\u00e7amento<\/div>\r\n          <a class=\"botao\" data-gtm-custom=\"anuncio-post-btn\" href=\"https:\/\/www.aurum.com.br\/astrea\/?utm_source=blog&#038;utm_medium=ad&#038;utm_campaign=otimize_atividades\" target=\"\">Quero conhecer gr\u00e1tis<\/a>\r\n      <\/div>\r\n<\/div>\n\n\n<h2 class=\"wp-block-heading\">Qual o procedimento de declara\u00e7\u00e3o de prescri\u00e7\u00e3o intercorrente?<\/h2>\n\n\n\n<p>O art. 921 do C\u00f3digo de Processo Civil aponta as causas que permitem a suspens\u00e3o de uma execu\u00e7\u00e3o da seguinte forma:<\/p>\n\n\n\n<blockquote class=\"wp-block-quote is-layout-flow wp-block-quote-is-layout-flow\">\n<p>Art. 921. Suspende-se a execu\u00e7\u00e3o:<br>I &#8211; nas hip\u00f3teses dos arts. 313 e 315, no que couber;<br>II &#8211; no todo ou em parte, quando recebidos com <a href=\"https:\/\/www.aurum.com.br\/blog\/efeito-suspensivo\/\">efeito suspensivo<\/a> os <a href=\"https:\/\/www.aurum.com.br\/blog\/embargos-a-execucao\/\">embargos \u00e0 execu\u00e7\u00e3o<\/a>;<br>III &#8211; quando o executado n\u00e3o possuir bens penhor\u00e1veis;<br>IV &#8211; se a aliena\u00e7\u00e3o dos bens penhorados n\u00e3o se realizar por falta de licitantes e o exequente, em 15 (quinze) dias, n\u00e3o requerer a <a href=\"https:\/\/www.aurum.com.br\/blog\/adjudicacao\/\">adjudica\u00e7\u00e3o<\/a> nem indicar outros bens penhor\u00e1veis;<br>V &#8211; quando concedido o parcelamento de que trata o art. 916.&#8221;<\/p>\n<\/blockquote>\n\n\n\n<p>Nos par\u00e1grafos deste artigo \u00e9 poss\u00edvel ver <strong>o procedimento necess\u00e1rio para que a prescri\u00e7\u00e3o intercorrente seja declarada<\/strong>.<\/p>\n\n\n\n<p>Inicialmente, \u00e9 necess\u00e1rio que n\u00e3o seja encontrado qualquer bem pass\u00edvel de penhora do devedor. Isso gera a possibilidade de suspens\u00e3o pelo prazo de 1 (um) ano do processo. Decorrido este prazo, come\u00e7a a correr o prazo da prescri\u00e7\u00e3o intercorrente, que <strong>poder\u00e1 ser declarada at\u00e9 mesmo de of\u00edcio pelo Juiz<\/strong>, ap\u00f3s ouvidas as partes.<\/p>\n\n\n\n<p>Importante ressaltar que os artigos mencionados dizem respeito a execu\u00e7\u00e3o de t\u00edtulo extrajudicial. Mesmo n\u00e3o havendo determina\u00e7\u00e3o expressa no procedimento executivo de <a href=\"https:\/\/www.aurum.com.br\/blog\/cumprimento-de-sentenca\/\">cumprimento de senten\u00e7a<\/a>, o art. 513 do Novo CPC descreve que as normas constantes no processo de execu\u00e7\u00e3o de t\u00edtulos extrajudiciais dever\u00e3o ser utilizadas de forma subsidi\u00e1ria ao procedimento de cumprimento de senten\u00e7a.<\/p>\n\n\n\n<p><em>Tire suas d\u00favidas sobre a <a href=\"https:\/\/www.aurum.com.br\/blog\/impugnacao-ao-cumprimento-de-sentenca\/\">impugna\u00e7\u00e3o ao cumprimento de senten\u00e7a<\/a>.<\/em><\/p>\n\n\n\n<h2 class=\"wp-block-heading\" id=\"4\">Prescri\u00e7\u00e3o intercorrente na execu\u00e7\u00e3o fiscal<\/h2>\n\n\n\n<p>Os procedimentos de <a href=\"https:\/\/www.aurum.com.br\/blog\/execucao-fiscal\/\">execu\u00e7\u00e3o fiscal<\/a> possuem uma normatiza\u00e7\u00e3o espec\u00edfica constantes na Lei de Execu\u00e7\u00f5es Fiscais (<a rel=\"noreferrer noopener\" aria-label=\" (opens in a new tab)\" href=\"http:\/\/www.planalto.gov.br\/ccivil_03\/leis\/l6830.htm\" target=\"_blank\">Lei n\u00ba 6.830\/80<\/a>).<\/p>\n\n\n\n<p>Em 2004 essa legisla\u00e7\u00e3o<strong> foi alterada para constar expressamente a possibilidade de prescri\u00e7\u00e3o intercorrente<\/strong> dos cr\u00e9ditos fiscais em que n\u00e3o fossem encontrados bens pass\u00edveis de penhora. Est\u00e1 prevista no art. 40:<\/p>\n\n\n\n<blockquote class=\"wp-block-quote is-layout-flow wp-block-quote-is-layout-flow\">\n<blockquote class=\"wp-block-quote is-layout-flow wp-block-quote-is-layout-flow\">\n<p>Art. 40 &#8211; O Juiz suspender\u00e1 o curso da execu\u00e7\u00e3o, enquanto n\u00e3o for localizado o devedor ou encontrados bens sobre os quais possa recair a penhora, e, nesses casos, n\u00e3o correr\u00e1 o prazo de prescri\u00e7\u00e3o.<\/p>\n\n\n\n<p>\u00a7 1\u00ba &#8211; Suspenso o curso da execu\u00e7\u00e3o, ser\u00e1 aberta vista dos autos ao representante judicial da Fazenda P\u00fablica.<\/p>\n\n\n\n<p>\u00a7 2\u00ba &#8211; Decorrido o prazo m\u00e1ximo de 1 (um) ano, sem que seja localizado o devedor ou encontrados bens penhor\u00e1veis, o Juiz ordenar\u00e1 o arquivamento dos autos.<\/p>\n\n\n\n<p>\u00a7 3\u00ba &#8211; Encontrados que sejam, a qualquer tempo, o devedor ou os bens, ser\u00e3o desarquivados os autos para prosseguimento da execu\u00e7\u00e3o.<\/p>\n\n\n\n<p>\u00a7 4<sup>o<\/sup> Se da decis\u00e3o que ordenar o arquivamento tiver decorrido o prazo prescricional, o juiz, depois de ouvida a Fazenda P\u00fablica, poder\u00e1, de of\u00edcio, reconhecer a prescri\u00e7\u00e3o intercorrente e decret\u00e1-la de imediato.<\/p>\n\n\n\n<p>\u00a7 5<sup>o<\/sup>&nbsp; A manifesta\u00e7\u00e3o pr\u00e9via da Fazenda P\u00fablica prevista no \u00a7 4<sup>o<\/sup> deste artigo ser\u00e1 dispensada no caso de cobran\u00e7as judiciais cujo valor seja inferior ao m\u00ednimo fixado por ato do Ministro de Estado da Fazenda.&#8221;<\/p>\n<\/blockquote>\n<\/blockquote>\n\n\n\n<p>O conte\u00fado e o procedimento para declara\u00e7\u00e3o da prescri\u00e7\u00e3o intercorrente que consta neste artigo foi praticamente reproduzido mais de dez anos depois no C\u00f3digo de Processo Civil em vigor.<\/p>\n\n\n\n<p>Contudo, o par\u00e1grafo 4\u00ba desta norma disp\u00f5e que o termo inicial para contagem da prescri\u00e7\u00e3o intercorrente <strong>\u00e9 a decis\u00e3o que determinar o arquivamento<\/strong>. E n\u00e3o o mero decurso de um ano de suspens\u00e3o constante no C\u00f3digo de Processo Civil.<\/p>\n\n\n\n<h2 class=\"wp-block-heading\" id=\"5\">Prescri\u00e7\u00e3o intercorrente no direito trabalhista<\/h2>\n\n\n\n<p>\u00c9 necess\u00e1rio fazer algumas considera\u00e7\u00f5es sobre a prescri\u00e7\u00e3o intercorrente no <a href=\"https:\/\/www.aurum.com.br\/blog\/direito-do-trabalho\/\">direito do trabalho<\/a>. Isso porque, recentemente o entendimento sobre o tema nesta seara tem sofrido altera\u00e7\u00f5es.<\/p>\n\n\n\n<p>Antes, a \u00faltima palavra em assuntos trabalhistas era do Supremo Tribunal Federal, que promulgou o Enunciado 327 de sua S\u00famula afirmando ser poss\u00edvel a prescri\u00e7\u00e3o intercorrente nos processos trabalhistas.<\/p>\n\n\n\n<p>Com a cria\u00e7\u00e3o do Tribunal Superior do Trabalho, este passou a ter a \u00faltima decis\u00e3o em mat\u00e9rias trabalhistas. E promulgou o Enunciado 114 de sua S\u00famula apontando a inaplicabilidade de prescri\u00e7\u00e3o intercorrente aos processos trabalhistas.<\/p>\n\n\n\n<p>Contudo, mesmo assim, <strong>a possibilidade de ocorrer a prescri\u00e7\u00e3o intercorrente foi criada<\/strong>. Ela pode acontecer no prazo de 2 (dois) anos a contar da <a href=\"https:\/\/www.aurum.com.br\/blog\/intimacao\/\">intima\u00e7\u00e3o<\/a> do Juiz para que o exequente cumpra, constando qual a pena a ser aplicada e este se omita.&nbsp;<\/p>\n\n\n\n<p>Essa mudan\u00e7a aconteceu ap\u00f3s a <a href=\"https:\/\/www.aurum.com.br\/blog\/reforma-trabalhista-lei-13467\/\">Reforma Trabalhista<\/a> (<a href=\"https:\/\/www.aurum.com.br\/blog\/reforma-trabalhista-lei-13467\/\">Lei 13.467<\/a>\/17), que modificou substancialmente a <a href=\"https:\/\/www.aurum.com.br\/blog\/clt\/\">CLT<\/a>. E pela a recomenda\u00e7\u00e3o n\u00ba. 3 da Corregedoria Geral de Justi\u00e7a do Trabalho, para regular a aplica\u00e7\u00e3o dessas mudan\u00e7as.<\/p>\n\n\n\n<h2 class=\"wp-block-heading\" id=\"6\">Qual o prazo da prescri\u00e7\u00e3o intercorrente?<\/h2>\n\n\n\n<p>O prazo para se declarar a prescri\u00e7\u00e3o no curso de um processo <strong>\u00e9 o mesmo prazo para se exigir o exerc\u00edcio de um direito<\/strong>. Este posicionamento j\u00e1 foi, inclusive, pacificado no Enunciado 150 da S\u00famula do Supremo Tribunal Federal, que citei acima.<\/p>\n\n\n\n<p>Assim, para se verificar o prazo da prescri\u00e7\u00e3o intercorrente, \u00e9 necess\u00e1rio buscar aux\u00edlio na legisla\u00e7\u00e3o material. <strong>Os prazos mais comuns s\u00e3o os inerentes \u00e0s rela\u00e7\u00f5es civis<\/strong>, constantes nos <a rel=\"noreferrer noopener\" aria-label=\"arts. 205 e 206 do C\u00f3digo Civil (opens in a new tab)\" href=\"http:\/\/www.planalto.gov.br\/ccivil_03\/leis\/2002\/l10406.htm\" target=\"_blank\">arts. 205 e 206 do C\u00f3digo Civil<\/a>.<\/p>\n\n\n\n<h3 class=\"wp-block-heading\">Art. 205 do CC<\/h3>\n\n\n\n<p>O art. 205 prev\u00ea que:<\/p>\n\n\n\n<blockquote class=\"wp-block-quote is-layout-flow wp-block-quote-is-layout-flow\">\n<p><em>A prescri\u00e7\u00e3o ocorre <\/em><strong><em>em dez anos<\/em><\/strong><em>, quando a lei n\u00e3o lhe haja fixado prazo menor.\u201d<\/em><\/p>\n<\/blockquote>\n\n\n\n<h3 class=\"wp-block-heading\">Art. 206 do CC &#8211; \u00a7 1\u00ba <\/h3>\n\n\n\n<p>J\u00e1 o art. 206 detalha a prescri\u00e7\u00e3o em prazos menores. No \u00a7 1\u00ba , fala sobre o <strong>prazo de um ano<\/strong>. Neste caso, \u00e9 aplicada, por exemplo, \u00e0 hospedeiros ou fornecedores, segurado e segurador, al\u00e9m peritos e credores. Confira abaixo o trecho completo:<\/p>\n\n\n\n<blockquote class=\"wp-block-quote is-layout-flow wp-block-quote-is-layout-flow\">\n<blockquote class=\"wp-block-quote is-layout-flow wp-block-quote-is-layout-flow\">\n<p><em>\u00a7 1<\/em>\u00ba <em> <\/em><strong><em>Em um ano<\/em><\/strong><em>:<\/em><br>I &#8211; a pretens\u00e3o dos hospedeiros ou fornecedores de v\u00edveres destinados a consumo no pr\u00f3prio estabelecimento, para o pagamento da hospedagem ou dos alimentos;<\/p>\n\n\n\n<p>II &#8211; a pretens\u00e3o do segurado contra o segurador, ou a deste contra aquele, contado o prazo:<br>a) para o segurado, no caso de seguro de responsabilidade civil, da data em que \u00e9 citado para responder \u00e0 a\u00e7\u00e3o de indeniza\u00e7\u00e3o proposta pelo terceiro prejudicado, ou da data que a este indeniza, com a anu\u00eancia do segurador;<br>b) quanto aos demais seguros, da ci\u00eancia do fato gerador da pretens\u00e3o;<\/p>\n\n\n\n<p>III &#8211; a pretens\u00e3o dos tabeli\u00e3es, auxiliares da justi\u00e7a, serventu\u00e1rios judiciais, \u00e1rbitros e peritos, pela percep\u00e7\u00e3o de emolumentos, custas e honor\u00e1rios;<\/p>\n\n\n\n<p>IV &#8211; a pretens\u00e3o contra os peritos, pela avalia\u00e7\u00e3o dos bens que entraram para a forma\u00e7\u00e3o do capital de sociedade an\u00f4nima, contado da publica\u00e7\u00e3o da ata da assembl\u00e9ia que aprovar o laudo;<\/p>\n\n\n\n<p>V &#8211; a pretens\u00e3o dos credores n\u00e3o pagos contra os s\u00f3cios ou acionistas e os liquidantes, contado o prazo da publica\u00e7\u00e3o da ata de encerramento da liquida\u00e7\u00e3o da sociedade.\u2019<\/p>\n<\/blockquote>\n<\/blockquote>\n\n\n\n<h3 class=\"wp-block-heading\">Art. 206 do CC &#8211; \u00a7 2\u00ba  e \u00a7 3\u00ba <\/h3>\n\n\n\n<p>O \u00a7 2\u00ba  do<em> <\/em>art. 206 do C\u00f3digo Civil prescreve em <strong>dois anos<\/strong> a pretens\u00e3o para haver presta\u00e7\u00f5es alimentares, a partir da data em que se vencerem. J\u00e1 o \u00a7 3\u00ba , traz as normativas que prescrevem em tr\u00eas anos, como consta abaixo:<\/p>\n\n\n\n<blockquote class=\"wp-block-quote is-layout-flow wp-block-quote-is-layout-flow\">\n<p>\u00a7 3\u00ba  <strong>Em tr\u00eas anos<\/strong>:<br>I &#8211; a pretens\u00e3o relativa a alugu\u00e9is de pr\u00e9dios urbanos ou r\u00fasticos;<br><br>II &#8211; a pretens\u00e3o para receber presta\u00e7\u00f5es vencidas de rendas tempor\u00e1rias ou vital\u00edcias;<\/p>\n\n\n\n<p>III &#8211; a pretens\u00e3o para haver juros, dividendos ou quaisquer presta\u00e7\u00f5es acess\u00f3rias, pag\u00e1veis, em per\u00edodos n\u00e3o maiores de um ano, com capitaliza\u00e7\u00e3o ou sem ela;<\/p>\n\n\n\n<p>IV &#8211; a pretens\u00e3o de ressarcimento de enriquecimento sem causa;<\/p>\n\n\n\n<p>V &#8211; a pretens\u00e3o de repara\u00e7\u00e3o civil;<\/p>\n\n\n\n<p>VI &#8211; a pretens\u00e3o de restitui\u00e7\u00e3o dos lucros ou dividendos recebidos de m\u00e1-f\u00e9, correndo o prazo da data em que foi deliberada a distribui\u00e7\u00e3o;<\/p>\n\n\n\n<p>VII &#8211; a pretens\u00e3o contra as pessoas em seguida indicadas por viola\u00e7\u00e3o da lei ou do estatuto, contado o prazo:<br>a) para os fundadores, da publica\u00e7\u00e3o dos atos constitutivos da sociedade an\u00f4nima;<br>b) para os administradores, ou fiscais, da apresenta\u00e7\u00e3o, aos s\u00f3cios, do balan\u00e7o referente ao exerc\u00edcio em que a viola\u00e7\u00e3o tenha sido praticada, ou da reuni\u00e3o ou assembl\u00e9ia geral que dela deva tomar conhecimento;<br>c) para os liquidantes, da primeira assembl\u00e9ia semestral posterior \u00e0 viola\u00e7\u00e3o;<\/p>\n\n\n\n<p>VIII &#8211; a pretens\u00e3o para haver o pagamento de <a href=\"https:\/\/www.aurum.com.br\/blog\/titulos-de-credito\/\">t\u00edtulo de cr\u00e9dito<\/a>, a contar do vencimento, ressalvadas as disposi\u00e7\u00f5es de lei especial;<\/p>\n\n\n\n<p>IX &#8211; a pretens\u00e3o do benefici\u00e1rio contra o segurador, e a do terceiro prejudicado, no caso de seguro de responsabilidade civil obrigat\u00f3rio.\u201d<\/p>\n<\/blockquote>\n\n\n\n<h3 class=\"wp-block-heading\">Art. 206 do CC &#8211; \u00a7 4\u00ba  e \u00a7 5\u00ba <\/h3>\n\n\n\n<p>O art. 206 prescreve no \u00a7 4\u00ba  em <strong>quatro anos<\/strong> a pretens\u00e3o relativa \u00e0 tutela, a contar da data de aprova\u00e7\u00e3o das contas. Por fim, o artigo traz a prescri\u00e7\u00e3o em cinco anos, que diz:<\/p>\n\n\n\n<blockquote class=\"wp-block-quote is-layout-flow wp-block-quote-is-layout-flow\">\n<p><em>\u00a7 5<\/em>\u00ba  <strong>Em cinco anos<\/strong>:<br>I &#8211; a pretens\u00e3o de cobran\u00e7a de d\u00edvidas l\u00edquidas constantes de instrumento p\u00fablico ou particular;<\/p>\n\n\n\n<p>II &#8211; a pretens\u00e3o dos profissionais liberais em geral, procuradores judiciais, curadores e professores pelos seus honor\u00e1rios, contado o prazo da conclus\u00e3o dos servi\u00e7os, da cessa\u00e7\u00e3o dos respectivos contratos ou mandato;<\/p>\n\n\n\n<p>III &#8211; a pretens\u00e3o do vencedor para haver do vencido o que despendeu em ju\u00edzo.\u201d<\/p>\n\n\n\n<figure class=\"wp-block-image size-full\"><a href=\"https:\/\/www.aurum.com.br\/calculadora-de-prazos-processuais\/?utm_source=blog&amp;utm_medium=adpost&amp;utm_campaign=calculadora-de-prazos\"><img decoding=\"async\" width=\"1024\" height=\"469\" src=\"https:\/\/www.aurum.com.br\/blog\/wp-content\/uploads\/2024\/02\/1024x469-1.png\" alt=\"\" class=\"wp-image-26782\" srcset=\"https:\/\/www.aurum.com.br\/blog\/wp-content\/uploads\/2024\/02\/1024x469-1.png 1024w, https:\/\/www.aurum.com.br\/blog\/wp-content\/uploads\/2024\/02\/1024x469-1-300x137.png 300w, https:\/\/www.aurum.com.br\/blog\/wp-content\/uploads\/2024\/02\/1024x469-1-768x352.png 768w\" sizes=\"(max-width: 1024px) 100vw, 1024px\" \/><\/a><\/figure>\n<\/blockquote>\n\n\n\n<h2 class=\"wp-block-heading\" id=\"1\">Qual a diferen\u00e7a entre prescri\u00e7\u00e3o e decad\u00eancia?<\/h2>\n\n\n\n<p>H\u00e1 muito tempo existe uma m\u00edstica de que a decad\u00eancia \u00e9 a perda de um direito e que a prescri\u00e7\u00e3o \u00e9 a perda da a\u00e7\u00e3o ao direito correspondente. Essa ideia talvez surgiu por influ\u00eancia de juristas conceituados do in\u00edcio do s\u00e9culo XX, como Clovis Bevil\u00e1qua e Francisco Pontes de Miranda, que assim entendiam.<\/p>\n\n\n\n<p>Por outro lado, os juristas igualmente conceituados que vieram logo ap\u00f3s eles, como Caio Mario da Silva Pereira, discorriam da diferen\u00e7a de uma forma mais pr\u00e1tica e sutil. Apontavam que ambos os institutos serviam para extinguir um direito pelo decurso do tempo.<\/p>\n\n\n\n<p>\u00c9 certo que mesmo que ocorra a prescri\u00e7\u00e3o, o titular do direito n\u00e3o ter\u00e1 mais a possibilidade jur\u00eddica de pedir seu cumprimento for\u00e7ado. Mas nada impede que o obrigado possa cumprir sua obriga\u00e7\u00e3o, transformando o direito prescrito em mero direito natural.<\/p>\n\n\n\n<p>O que diferenciaria <a href=\"https:\/\/www.aurum.com.br\/blog\/prescricao-e-decadencia\/\">prescri\u00e7\u00e3o e decad\u00eancia<\/a>, ent\u00e3o, seria <strong>o tipo de direito que estaria sendo extinta<\/strong> a possibilidade de se exigir o cumprimento for\u00e7ado.<\/p>\n\n\n\n<p>A prescri\u00e7\u00e3o extinguiria a possibilidade de se exigir um direito subjetivo pelo decurso de um tempo. J\u00e1 a decad\u00eancia, extinguiria a possibilidade de extinguir um direito potestativo pelo mesmo motivo.<\/p>\n\n\n\n<h3 class=\"wp-block-heading\">O diferencia o direito potestativo do subjetivo?&nbsp;<\/h3>\n\n\n\n<p>O <strong>direito potestativo<\/strong> \u00e9 o direito que uma pessoa tem de influir na esfera jur\u00eddica de outra pessoa sem possibilidade de esta pessoa poder se opor. <\/p>\n\n\n\n<p>J\u00e1 o <strong>direito subjetivo <\/strong>\u00e9 o direito de pedir que outra pessoa fa\u00e7a ou n\u00e3o fa\u00e7a algo em decorr\u00eancia de uma rela\u00e7\u00e3o jur\u00eddica.&nbsp;<\/p>\n\n\n\n<h2 class=\"wp-block-heading\">Principais d\u00favidas sobre o tema<\/h2>\n\n\n\n<h3 class=\"wp-block-heading\">O que \u00e9 prescri\u00e7\u00e3o intercorrente?<\/h3>\n\n\n\n<p>A prescri\u00e7\u00e3o intercorrente \u00e9 a perda do direito de exigir um direito pela aus\u00eancia de a\u00e7\u00e3o durante um determinado tempo no curso de um procedimento. Possui como finalidade o princ\u00edpio da dura\u00e7\u00e3o razo\u00e1vel do processo insculpido no art. 5\u00ba, LXXVIII da Constitui\u00e7\u00e3o Brasileira.<\/p>\n\n\n\n<h3 class=\"wp-block-heading\">Qual \u00e9 o prazo da prescri\u00e7\u00e3o intercorrente?<\/h3>\n\n\n\n<p>O prazo para se declarar a prescri\u00e7\u00e3o no curso de um processo \u00e9 o mesmo para se exigir o exerc\u00edcio de um direito. Este posicionamento j\u00e1 foi pacificado no Enunciado 150 da S\u00famula do Supremo Tribunal Federal. Os prazos mais comuns s\u00e3o os inerentes \u00e0s rela\u00e7\u00f5es civis. Saiba mais aqui!<\/p>\n\n\n\n<h3 class=\"wp-block-heading\">O que interrompe a prescri\u00e7\u00e3o intercorrente?<\/h3>\n\n\n\n<p>A prescri\u00e7\u00e3o interrompida recome\u00e7a a correr da data do ato que a interrompeu, ou do \u00faltimo ato do processo para a interromper, conforme o art. 202 do C\u00f3digo Civil.<\/p>\n\n\n\n<style>\n    #adpost-block_b14782388711ed3994cbbb6093d4911d.anuncio-post-reverse {\n        display: flex;\n        gap: 24px;\n        border-radius: 8px;\n        width: 100%;\n        max-width: 752px;\n        padding: 40px;\n        background: #CCD1FF;\n        margin: 16px auto;\n    }\n\n    #adpost-block_b14782388711ed3994cbbb6093d4911d .anuncio-container {\n        display: flex;\n        flex-direction: column;\n        gap: 24px;\n        width: 100%;\n        max-width: 333px;\n    }\n\n    #adpost-block_b14782388711ed3994cbbb6093d4911d .anuncio-container .logo {\n        width: 100%;\n        max-width: 177px;\n        margin: 0;\n    }\n\n    #adpost-block_b14782388711ed3994cbbb6093d4911d .anuncio-text-container {\n        display: flex;\n        flex-direction: column;\n        gap: 24px;\n    }\n\n    #adpost-block_b14782388711ed3994cbbb6093d4911d .anuncio-text-container .title {\n        font-family: 'Ubuntu';\n        font-size: 1.5rem; \/\/24px\n        font-weight: 700;\n        line-height: 120%;\n        margin: 0;\n        color: #000;\n    }\n\n    #adpost-block_b14782388711ed3994cbbb6093d4911d .anuncio-text-container .text {\n        font-size: 0.875rem;\n        font-weight: 400;\n        line-height: 170%;\n        color: #000;\n    }\n\n    #adpost-block_b14782388711ed3994cbbb6093d4911d .anuncio-container .button {\n        display: inline-flex;\n        align-items: center;\n        justify-content: center;\n        width: fit-content;\n        height: 48px;\n        border-radius: 8px;\n        padding: 12px 24px;\n        font-size: 1rem;\n        font-weight: 600;\n        text-decoration: none;\n        background: #3C48AA;\n        color: #fff;\n    }\n\n    #adpost-block_b14782388711ed3994cbbb6093d4911d .image-container {\n        position: relative;\n        width: 100%;\n        height: 100%;\n    }\n\n    #adpost-block_b14782388711ed3994cbbb6093d4911d .image-container.float {\n        min-height: 236px;\n    }\n\n    #adpost-block_b14782388711ed3994cbbb6093d4911d .image-container .image-desktop {\n        width: 100%;\n        max-width: 323px;\n        object-fit: contain;\n        margin: 0;\n    }\n\n    #adpost-block_b14782388711ed3994cbbb6093d4911d .image-container .image-mobile {\n        display: none;\n        width: 100%;\n        max-width: 291px;\n        object-fit: contain;\n        margin: 0;\n    }\n\n    #adpost-block_b14782388711ed3994cbbb6093d4911d .image-container.float .image-desktop,\n    #adpost-block_b14782388711ed3994cbbb6093d4911d .image-container.float .image-mobile {\n        position: absolute;\n        right: 0;\n        bottom: 0;\n    }\n\n    #adpost-block_b14782388711ed3994cbbb6093d4911d .image-container img {\n        border-radius: 8px;\n    }\n\n    \/************\n    * MOBILE \n    *************\/\n    @media (max-width: 1439px) {\n        #adpost-block_b14782388711ed3994cbbb6093d4911d.anuncio-post-reverse {\n            flex-direction: column-reverse;\n            max-width: fit-content;\n            padding: 24px;\n        }\n\n        #adpost-block_b14782388711ed3994cbbb6093d4911d .anuncio-container {\n            max-width: 280px;\n            align-items: center;\n        }\n\n        #adpost-block_b14782388711ed3994cbbb6093d4911d .anuncio-container .logo {\n            max-width: 147px;\n        }\n\n        #adpost-block_b14782388711ed3994cbbb6093d4911d .anuncio-text-container {\n            gap: 8px;\n        }\n\n        #adpost-block_b14782388711ed3994cbbb6093d4911d .anuncio-text-container .title {\n            font-size: 1.25rem;\n            text-align: center;\n        }\n\n        #adpost-block_b14782388711ed3994cbbb6093d4911d .anuncio-text-container .text {\n            text-align: center;\n        }\n\n        #adpost-block_b14782388711ed3994cbbb6093d4911d .anuncio-container .button {\n            width: 100%;\n        }\n\n        #adpost-block_b14782388711ed3994cbbb6093d4911d .image-container.float {\n            min-height: 182px;\n        }\n\n        #adpost-block_b14782388711ed3994cbbb6093d4911d .image-container .image-desktop {\n            display: none;\n        }\n\n        #adpost-block_b14782388711ed3994cbbb6093d4911d .image-container .image-mobile {\n            display: block;\n        }\n    }\n\n    \/*******************\n    * RESET GLOBAL CSS \n    ********************\/\n    #s-post main article .content .image-container img {\n        margin: 0;\n    }\n<\/style>\n\n\n<article id=\"adpost-block_b14782388711ed3994cbbb6093d4911d\" class=\"anuncio-post-reverse\">\n    <div class=\"anuncio-container\">\n        <img decoding=\"async\" class=\"logo\" src=\"https:\/\/www.aurum.com.br\/blog\/wp-content\/themes\/aurum\/img\/adposts\/logo-aurum-forum.png\" alt=\"Aurum\" \/>\n        <div class=\"anuncio-text-container\">\n             <h3 class=\"title\" >N\u00e3o encontrou todas as respostas por aqui?<\/h3>\n            <div class=\"text\" >No F\u00f3rum da Aurum, voc\u00ea pode levar sua pergunta e contar com a ajuda de advogados e advogadas que compartilham conhecimento de forma gratuita e acess\u00edvel<\/div>        <\/div>\n       \n        <a class=\"button\" href=\"\/blog\/forum-aurum\/?utm_source=blog&#038;utm_medium=adpost&#038;utm_campaign=forum-aurum\" target=\"_self\">Acesse agora<\/a>    <\/div>\n\n    <div class=\"image-container float\">\n        <img decoding=\"async\" class=\"image-desktop\" src=\"https:\/\/www.aurum.com.br\/blog\/wp-content\/themes\/aurum\/img\/adposts\/anuncio-reverse.png\" alt=\"\" \/>\n        <img decoding=\"async\" class=\"image-mobile\" src=\"https:\/\/www.aurum.com.br\/blog\/wp-content\/themes\/aurum\/img\/adposts\/anuncio-reverse-mobile.png\" alt=\"\" \/>    <\/div>\n<\/article>\n\n\n<h2 class=\"wp-block-heading\">Conclus\u00e3o<\/h2>\n\n\n\n<p>\u00c9 certo que o C\u00f3digo Civil \u00e9 a lei geral das rela\u00e7\u00f5es civis e os prazos prescricionais devem seguir o constante nesta norma. No entanto, quando a rela\u00e7\u00e3o existente entre as pessoas for normatizada por legisla\u00e7\u00e3o espec\u00edfica que regule o tema para rela\u00e7\u00f5es jur\u00eddicas especiais, como o C\u00f3digo de Defesa do Consumidor, a <a href=\"https:\/\/www.aurum.com.br\/blog\/clt\/\" data-type=\"URL\" data-id=\"https:\/\/www.aurum.com.br\/blog\/clt\/\">Consolida\u00e7\u00e3o das Leis Trabalhistas,<\/a> dentre outras, os prazos a ser aplicados \u00e0s rela\u00e7\u00f5es especialmente descritas devem ser os constantes na legisla\u00e7\u00e3o especial.<\/p>\n\n\n\n<h3 class=\"wp-block-heading\">Mais conhecimento para voc\u00ea<\/h3>\n\n\n\n<ul class=\"wp-block-list\">\n<li><a href=\"https:\/\/www.aurum.com.br\/blog\/execucao-de-alimentos\/\">Execu\u00e7\u00e3o de alimentos<\/a>: o que mudou no Novo CPC<\/li>\n\n\n\n<li><a href=\"https:\/\/www.aurum.com.br\/blog\/planejamento-previdenciario\/\">Planejamento previdenci\u00e1rio<\/a>: o que \u00e9 e como aplicar <\/li>\n\n\n\n<li><a href=\"https:\/\/www.aurum.com.br\/blog\/due-diligence\/\">Due diligence<\/a>: boas boas pr\u00e1ticas para advogados<\/li>\n\n\n\n<li><a href=\"https:\/\/www.aurum.com.br\/blog\/adjudicacao-compulsoria\/\">Adjudica\u00e7\u00e3o compuls\u00f3ria<\/a>: &nbsp;o que \u00e9 e como funciona<\/li>\n\n\n\n<li><a href=\"https:\/\/www.aurum.com.br\/blog\/litigancia-de-ma-fe\/\">Litig\u00e2ncia de m\u00e1-f\u00e9<\/a>: o que um advogado precisa saber<\/li>\n\n\n\n<li>Entenda o que \u00e9 <a href=\"https:\/\/www.aurum.com.br\/blog\/dilacao\/\">dila\u00e7\u00e3o<\/a> e como solicitar [+Modelo]<\/li>\n\n\n\n<li><a href=\"https:\/\/www.aurum.com.br\/blog\/funcao-social-da-propriedade\/\">Fun\u00e7\u00e3o da propriedade<\/a>: conceito e aplica\u00e7\u00e3o<\/li>\n\n\n\n<li><a href=\"https:\/\/www.aurum.com.br\/blog\/licenciamento-ambiental\/\">O que \u00e9 e para que serve o licenciamento ambiental?<\/a><\/li>\n\n\n\n<li><a href=\"https:\/\/www.aurum.com.br\/blog\/embargos-de-declaracao-trabalhista\/\" data-type=\"URL\" data-id=\"https:\/\/www.aurum.com.br\/blog\/embargos-de-declaracao-trabalhista\/\">Embargos de declara\u00e7\u00e3o trabalhista<\/a><\/li>\n\n\n\n<li><a href=\"https:\/\/www.aurum.com.br\/blog\/contestacao\/\">Contesta\u00e7\u00e3o no Novo CPC: aspectos processuais e dicas para argumenta\u00e7\u00e3o [+MODELO]<\/a><\/li>\n\n\n\n<li><a href=\"https:\/\/www.aurum.com.br\/blog\/curatela\/\">Curatela: aspectos legais e modelo pr\u00e1tico!<\/a><\/li>\n\n\n\n<li><a href=\"https:\/\/www.aurum.com.br\/blog\/contrato-de-adesao\/\">Contrato de ades\u00e3o: como funciona e papel dos advogados<\/a><\/li>\n<\/ul>\n\n\n<style>\r\n  .news-post {\r\n    background: url('https:\/\/www.aurum.com.br\/blog\/wp-content\/themes\/aurum\/img\/bg-news-artigo.svg') no-repeat top center #3C48AA;\r\n    padding: 1.5rem;\r\n    border-radius: 6px;\r\n    margin: 1rem 0;\r\n  }\r\n  .news-post .icone {\r\n    display: none;\r\n  }\r\n  .news-post .title {\r\n    font-weight: 700;\r\n    font-size: 16px;\r\n    line-height: 130%;\r\n    text-align: center;\r\n    letter-spacing: -0.5px;\r\n    color: #fff;\r\n    margin-bottom: .9375rem;\r\n  }\r\n  .news-post p {\r\n    font-size: .875rem;\r\n    line-height: 140%;\r\n    text-align: center;\r\n    color: #fff;\r\n    margin-bottom: 1.25rem;\r\n  }\r\n  .news-post .news_button_span {\r\n    font-size: .8125rem;\r\n    display: block;\r\n    padding: .125rem .3125rem;\r\n    color: #fff;\r\n    text-align:left;\r\n  }\r\n  .news-post .news_button_span a {\r\n    color: #fff !important;\r\n    text-decoration: underline;\r\n  }\r\n  .news-post form {\r\n    width: 100%;\r\n  }\r\n  .news-post label {\r\n    font-weight: 600;\r\n    font-size: .9375rem;\r\n    line-height: 1.5rem;\r\n    margin-bottom: .5rem;\r\n    color: #fff;\r\n    display: block;\r\n  }\r\n  .news-post input {\r\n    background: #fff;\r\n    border: 1px solid #CBCBD9;\r\n    box-sizing: border-box;\r\n    border-radius: 4px;\r\n    padding: .75rem 1rem;\r\n    width: 100%;\r\n  }\r\n  .news-post button {\r\n    margin-top: .875rem;\r\n    width: 100%;\r\n    min-width: auto;\r\n    background: #FCC632;\r\n    color: #3C48AA;\r\n  }\r\n  .news-post .input {\r\n    position: relative;\r\n    padding-bottom: 10px;\r\n  }\r\n  .news-post .error-message-ad {\r\n    font-size: .875rem;\r\n    line-height: 130%;\r\n    color: #D50021;\r\n    margin-left: 4px;\r\n  }\r\n  .news-post .error {\r\n    border: 1px solid #D50021;\r\n  }\r\n  .news-post #message-form-ad {\r\n    border-radius: 4px;\r\n    padding: 0.7rem;\r\n    font-size:0.8rem;\r\n    text-align: center;\r\n    align-items: center;\r\n    justify-content: center;\r\n    display: none;\r\n  }\r\n  .news-post #message-form-ad svg {\r\n    margin-right: 8px;\r\n  }\r\n\r\n  @media(min-width: 561px) {\r\n    .news-post {\r\n      position: relative;\r\n      background: url('https:\/\/www.aurum.com.br\/blog\/wp-content\/themes\/aurum\/img\/bg-news-artigo.svg') no-repeat top center #3C48AA;\r\n      width: calc(100% - 30px);\r\n    }\r\n    .news-post .icone {\r\n      display: block;\r\n      position: absolute;\r\n      right: -30px;\r\n      top: 65px;\r\n      max-width: 142px;\r\n      width: 100%;\r\n      height: auto;\r\n      margin: 0;\r\n    }\r\n    .news-post .title {\r\n      font-size: 1.125rem;\r\n      text-align: left;\r\n      \/* padding-right: 3.75rem; *\/\r\n    }\r\n    .news-post p {\r\n      font-size: 1rem;\r\n      text-align: left;\r\n      max-width: 400px;\r\n    }\r\n    .news-post .boxes {\r\n      display: flex;\r\n      align-items: flex-start;\r\n    }\r\n    .news-post button {\r\n      margin: 0 0 0 1rem;\r\n      width: 100%;\r\n      max-width: 170px;\r\n      min-width: auto;\r\n      transition: all ease .3s\r\n    }\r\n    .news-post button:hover {\r\n      opacity: 0.9;\r\n      transition: all ease .3s\r\n    }\r\n    .news-post #message-form-ad {\r\n      padding: 1.125rem;\r\n      font-size:1rem;\r\n    }\r\n    .news-post #message-form-ad svg {\r\n      margin-right: 10px;\r\n    }\r\n  }\r\n<\/style>\r\n\r\n<div class=\"news-post\">\r\n  <div class=\"title news-ad-title\">Gostou do artigo e quer evoluir a sua advocacia?<\/div>\r\n  <p class=\"news-ad-subtitle\">Assine gr\u00e1tis a Aurum News e receba uma dose semanal de conte\u00fado no seu e-mail! \u270c\ufe0f<\/p>\r\n  <img decoding=\"async\" src=\"https:\/\/www.aurum.com.br\/blog\/wp-content\/themes\/aurum\/img\/icon-news-artigo.svg\" alt=\"\" class=\"icone\">\r\n\r\n  <form method=\"post\" name=\"newsletter-ad\" id=\"aurum-newsletter-ad\">\r\n    <div class=boxes>\r\n      <div class=\"input\">\r\n        <label class=\"label-email\" htmlFor=\"email-ad\">Qual seu e-mail?<\/label>\r\n        <input type=\"email\" id=\"email-ad\" name=\"newsletter-mail-ad\" placeholder=\"Digite seu e-mail?\">\r\n        <div class=\"error-message-ad-email\">Endere\u00e7o de e-mail inv\u00e1lido ou incorreto<\/div>\r\n\r\n        <label class=\"label-select\" htmlFor=\"lawsuits-select-ad\">\r\n          Quantos processos voc\u00ea ou<br class=\"for-desktop\"\/> seu escrit\u00f3rio acompanham?\r\n        <\/label>\r\n        <div id=\"lawsuits-select-ad\" class=\"lawsuits-select select-wrapper\" tabindex=\"0\">\r\n          <div class=\"s-dropdown--styled\">\r\n          <span class=\"lawsuits-default\">\r\n            <span id=\"lawsuits-newsletter-ad\" class=\"lawsuits-default-text\" data-value=\"\">Selecione os processos<\/span>\r\n            <svg class=\"chevron\" xmlns=\"http:\/\/www.w3.org\/2000\/svg\" width=\"24\" height=\"25\" viewBox=\"0 0 24 25\" fill=\"none\">\r\n              <path d=\"M6 15.6152L12 9.61523L18 15.6152\" stroke=\"black\" stroke-width=\"2\" stroke-linecap=\"round\" stroke-linejoin=\"round\" \/>\r\n            <\/svg>\r\n          <\/span>\r\n\r\n          <ul class=\"s-dropdown u-hide\">\r\n            <li class=\"lawsuits\" data-value=\"Mais de 1000 processos\">Mais de 1000 processos<\/li>\r\n            <li class=\"lawsuits\" data-value=\"De 501 a 1000 processos\">De 501 a 1000 processos<\/li>\r\n            <li class=\"lawsuits\" data-value=\"De 151 a 500 processos\">De 151 a 500 processos<\/li>\r\n            <li class=\"lawsuits\" data-value=\"De 41 a 150 processos\">De 41 a 150 processos<\/li>\r\n            <li class=\"lawsuits\" data-value=\"At\u00e9 40 processos\">At\u00e9 40 processos<\/li>\r\n            <li class=\"lawsuits\" data-value=\"Atuo apenas no consultivo\">Atuo apenas no consultivo<\/li>\r\n            <li class=\"lawsuits\" data-value=\"Ainda sou estudante de direito\">Ainda sou estudante de direito<\/li>\r\n            <li class=\"lawsuits\" data-value=\"N\u00e3o sou da \u00e1rea jur\u00eddica\">N\u00e3o sou da \u00e1rea jur\u00eddica<\/li>\r\n          <\/ul>\r\n          <\/div>\r\n        <\/div>\r\n        <div class=\"error-message-ad-lawsuits\">Selecione algum processo<\/div>\r\n      <\/div>\r\n      <button class=\"btn btn-yellow ad-btn-desktop\" id=\"aurum-submit-ad\">Assinar gr\u00e1tis<\/button>\r\n      <button class=\"btn btn-yellow ad-btn-mobile\" id=\"aurum-submit-ad\">Assinar<\/button>\r\n    <\/div>\r\n    <span class=\"news_button_span\">Ao se cadastrar voc\u00ea declara que leu e aceitou a pol\u00edtica de privacidade e cookies do <a href=\"https:\/\/s3.sa-east-1.amazonaws.com\/publico.aurum.com.br\/contratos\/politica-de-privacidade.pdf\" target=\"_blank\" rel=\"noopener noreferrer\">site<\/a>.<\/span>\r\n  <\/form>\r\n  <div id=\"message-form-ad\"><\/div>\r\n<\/div>\n\n\n<p><em>Gostou do texto? Ficou com alguma d\u00favida sobre prescri\u00e7\u00e3o intercorrente? Compartilhe com a gente nos coment\u00e1rios abaixo! <\/em> <\/p>\n\n\n\n<script type=\"application\/ld+json\">\n{\n  \"@context\": \"https:\/\/schema.org\",\n  \"@type\": \"FAQPage\",\n  \"mainEntity\": [{\n    \"@type\": \"Question\",\n    \"name\": \"O que \u00e9 prescri\u00e7\u00e3o intercorrente?\",\n    \"acceptedAnswer\": {\n      \"@type\": \"Answer\",\n      \"text\": \"A prescri\u00e7\u00e3o intercorrente \u00e9 a perda do direito de exigir um direito pela aus\u00eancia de a\u00e7\u00e3o durante um determinado tempo no curso de um procedimento. Possui como finalidade o princ\u00edpio da dura\u00e7\u00e3o razo\u00e1vel do processo insculpido no art. 5\u00ba, LXXVIII da Constitui\u00e7\u00e3o Brasileira.\"\n    }\n  },{\n    \"@type\": \"Question\",\n    \"name\": \"Qual \u00e9 o prazo da prescri\u00e7\u00e3o intercorrente?\",\n    \"acceptedAnswer\": {\n      \"@type\": \"Answer\",\n      \"text\": \"O prazo para se declarar a prescri\u00e7\u00e3o no curso de um processo \u00e9 o mesmo para se exigir o exerc\u00edcio de um direito. Este posicionamento j\u00e1 foi pacificado no Enunciado 150 da S\u00famula do Supremo Tribunal Federal. Os prazos mais comuns s\u00e3o os inerentes \u00e0s rela\u00e7\u00f5es civis. Saiba mais aqui!\"\n    }\n  },{\n    \"@type\": \"Question\",\n    \"name\": \"O que interrompe a prescri\u00e7\u00e3o intercorrente?\",\n    \"acceptedAnswer\": {\n      \"@type\": \"Answer\",\n      \"text\": \"A prescri\u00e7\u00e3o interrompida recome\u00e7a a correr da data do ato que a interrompeu, ou do \u00faltimo ato do processo para a interromper, conforme o art. 202 do C\u00f3digo Civil.\"\n    }\n  }]\n}\n<\/script>\n","protected":false},"excerpt":{"rendered":"<p>A prescri\u00e7\u00e3o intercorrente ocorre quando se passa um longo per\u00edodo de tempo sem andamento no processo, causando a perda do direito de exigir judicialmente um direito. Possui como finalidade o princ\u00edpio da dura\u00e7\u00e3o razo\u00e1vel, afim de dar celeridade na tramita\u00e7\u00e3o de processos. Quando uma das partes envolvidas em um processo n\u00e3o toma as medidas necess\u00e1rias [&hellip;]<\/p>\n","protected":false},"author":55,"featured_media":8827,"comment_status":"open","ping_status":"open","sticky":false,"template":"","format":"standard","meta":{"_bbp_topic_count":0,"_bbp_reply_count":0,"_bbp_total_topic_count":0,"_bbp_total_reply_count":0,"_bbp_voice_count":0,"_bbp_anonymous_reply_count":0,"_bbp_topic_count_hidden":0,"_bbp_reply_count_hidden":0,"_bbp_forum_subforum_count":0,"inline_featured_image":false,"footnotes":""},"categories":[178],"tags":[],"class_list":["post-8826","post","type-post","status-publish","format-standard","has-post-thumbnail","hentry","category-direito-processual-civil"],"acf":[],"_links":{"self":[{"href":"https:\/\/www.aurum.com.br\/blog\/wp-json\/wp\/v2\/posts\/8826","targetHints":{"allow":["GET"]}}],"collection":[{"href":"https:\/\/www.aurum.com.br\/blog\/wp-json\/wp\/v2\/posts"}],"about":[{"href":"https:\/\/www.aurum.com.br\/blog\/wp-json\/wp\/v2\/types\/post"}],"author":[{"embeddable":true,"href":"https:\/\/www.aurum.com.br\/blog\/wp-json\/wp\/v2\/users\/55"}],"replies":[{"embeddable":true,"href":"https:\/\/www.aurum.com.br\/blog\/wp-json\/wp\/v2\/comments?post=8826"}],"version-history":[{"count":22,"href":"https:\/\/www.aurum.com.br\/blog\/wp-json\/wp\/v2\/posts\/8826\/revisions"}],"predecessor-version":[{"id":34584,"href":"https:\/\/www.aurum.com.br\/blog\/wp-json\/wp\/v2\/posts\/8826\/revisions\/34584"}],"wp:featuredmedia":[{"embeddable":true,"href":"https:\/\/www.aurum.com.br\/blog\/wp-json\/wp\/v2\/media\/8827"}],"wp:attachment":[{"href":"https:\/\/www.aurum.com.br\/blog\/wp-json\/wp\/v2\/media?parent=8826"}],"wp:term":[{"taxonomy":"category","embeddable":true,"href":"https:\/\/www.aurum.com.br\/blog\/wp-json\/wp\/v2\/categories?post=8826"},{"taxonomy":"post_tag","embeddable":true,"href":"https:\/\/www.aurum.com.br\/blog\/wp-json\/wp\/v2\/tags?post=8826"}],"curies":[{"name":"wp","href":"https:\/\/api.w.org\/{rel}","templated":true}]}}