{"id":8798,"date":"2024-04-02T08:00:00","date_gmt":"2024-04-02T11:00:00","guid":{"rendered":"https:\/\/aurum.com.br\/blog\/principios-do-direito-ambiental\/"},"modified":"2024-07-08T17:27:58","modified_gmt":"2024-07-08T20:27:58","slug":"principios-do-direito-ambiental","status":"publish","type":"post","link":"https:\/\/www.aurum.com.br\/blog\/principios-do-direito-ambiental\/","title":{"rendered":"Princ\u00edpios do Direito Ambiental: quais s\u00e3o, import\u00e2ncia e exemplos"},"content":{"rendered":"<div id=\"bsf_rt_marker\"><\/div>\n<pre class=\"wp-block-preformatted\">Os <strong>princ\u00edpios do Direito Ambiental<\/strong> s\u00e3o os fundamentos jur\u00eddicos que orientam e d\u00e3o suporte \u00e0 legisla\u00e7\u00e3o ambiental e \u00e0 prote\u00e7\u00e3o do meio ambiente. Princ\u00edpios s\u00e3o fundamentais na aplica\u00e7\u00e3o do Direito, motivo pelo qual o advogado ambientalista deve conhecer seus conceitos e aplica\u00e7\u00e3o nos casos em que atua.<\/pre>\n\n\n\n<h2 class=\"wp-block-heading\">O que s\u00e3o os princ\u00edpios do Direito?&nbsp;<\/h2>\n\n\n\n<p>Os princ\u00edpios \u201c<em>sustentam o sistema jur\u00eddico, motivo pelo qual \u00e9 imprescind\u00edvel a sua observ\u00e2ncia n\u00e3o s\u00f3 por aqueles que legislam ou aplicam a lei, nem somente aos operadores do Direito, mas a todos os cidad\u00e3os, pois a todos atingem\u201d<\/em>. Princ\u00edpios pressup\u00f5em a ideia de origem, fonte, come\u00e7o, raiz e alicerce.&nbsp;<\/p>\n\n\n\n<p>Bonavides trabalha com a hip\u00f3tese de que \u201c<em>princ\u00edpios s\u00e3o normas e as normas compreendem igualmente os princ\u00edpios e as regras\u201d<\/em>.<em> <\/em><\/p>\n\n\n\n<p>Na esteira do pensamento p\u00f3s-positivista de Freidrich M\u00fcller da Alemanha e Ronald Dworkin dos Estados Unidos e Inglaterra, o constitucionalismo brasileiro afirma que os princ\u00edpios s\u00e3o \u201c<em>admitidos definitivamente por normas, normas-valores com positividade maior nas Constitui\u00e7\u00f5es do que nos C\u00f3digos; e por isso mesmo providos do mais alto peso, por constitu\u00edrem a norma de efic\u00e1cia suprema<\/em>\u201d.<sup><br><br><\/sup>Para Lenio Streck, os princ\u00edpios constitucionais s\u00e3o o<strong> cerne do Constitucionalismo Contempor\u00e2neo <\/strong>e t\u00eam a caracter\u00edstica da transcend\u00eancia.<em> <\/em>O princ\u00edpio \u00e9 o <strong>elemento instituidor, que existencializa<em> <\/em>a regra que ele instituiu.<\/strong> Por tr\u00e1s de uma regra<em> necessariamente haver\u00e1 um princ\u00edpio. <\/em>Portanto, o princ\u00edpio \u00e9 o elemento compreensivo que vai al\u00e9m da regra, transcende a onticidade da regra.<\/p>\n\n\n\n<h2 class=\"wp-block-heading\">Qual a sua import\u00e2ncia na aplica\u00e7\u00e3o do Direito?<\/h2>\n\n\n\n<p>Incontroverso que na atual quadra hist\u00f3rico-jur\u00eddica o dom\u00ednio dos princ\u00edpios \u00e9 de fundamental import\u00e2ncia ao jurista contempor\u00e2neo, sobretudo aqueles de matiz constitucional.&nbsp;<\/p>\n\n\n\n<p><strong>S\u00e3o nos princ\u00edpios que o jurista dever\u00e1 basear-se para a resolu\u00e7\u00e3o de casos dif\u00edceis. <\/strong>Com base nos princ\u00edpios \u00e9 que se estabelecer\u00e3o pol\u00edticas p\u00fablicas ambientais. \u00c9, portanto, a categoria mais elevada da Constitui\u00e7\u00e3o, e a um s\u00f3 tempo, os princ\u00edpios s\u00e3o a fonte de luz e o caminho a ser percorrido.&nbsp;<\/p>\n\n\n\n<h2 class=\"wp-block-heading\">Quais s\u00e3o os princ\u00edpios do direito ambiental?<\/h2>\n\n\n\n<p>Os princ\u00edpios do direito ambiental s\u00e3o: <\/p>\n\n\n\n<ul class=\"wp-block-list\">\n<li>Princ\u00edpio do Desenvolvimento Sustent\u00e1vel;<\/li>\n\n\n\n<li>Princ\u00edpio da Precau\u00e7\u00e3o<\/li>\n\n\n\n<li>Princ\u00edpio da Preven\u00e7\u00e3o;<\/li>\n\n\n\n<li>Princ\u00edpio do Poluidor-Pagador;<\/li>\n\n\n\n<li>Princ\u00edpio da Participa\u00e7\u00e3o P\u00fablica.<\/li>\n<\/ul>\n\n\n\n<p>Ao contr\u00e1rio das demais Constitui\u00e7\u00f5es Brasileiras, a Constitui\u00e7\u00e3o Federal de 1988, trouxe um cap\u00edtulo espec\u00edfico sobre o Direito Ambiental, nos termos do art. 225:<\/p>\n\n\n\n<blockquote class=\"wp-block-quote is-layout-flow wp-block-quote-is-layout-flow\">\n<p>Todos t\u00eam direito ao meio ambiente ecologicamente equilibrado, bem de uso comum do povo e essencial \u00e0 sadia qualidade de vida, impondo-se ao Poder P\u00fablico e \u00e0 coletividade o dever de defend\u00ea-lo e preserv\u00e1-lo para as presentes e futuras gera\u00e7\u00f5es.<\/p>\n<\/blockquote>\n\n\n\n<p>Do pr\u00f3prio texto constitucional, \u00e9 poss\u00edvel extrair alguns dos princ\u00edpios do direito ambiental. Considerado ramo aut\u00f4nomo do Direito, o <a href=\"https:\/\/www.aurum.com.br\/blog\/direito-ambiental\/#:~:text=O%20direito%20ambiental%20trata%20da,da%20polui%C3%A7%C3%A3o%20e%20mudan%C3%A7as%20clim%C3%A1ticas.\">Direito Ambiental<\/a> possui princ\u00edpios pr\u00f3prios, sendo os principais, segundo Paulo de Bessa Antunes: <strong>equil\u00edbrio e desenvolvimento sustent\u00e1vel, precau\u00e7\u00e3o, preven\u00e7\u00e3o, poluidor-pagador, responsabilidade, e democr\u00e1tico ou participa\u00e7\u00e3o p\u00fablica.&nbsp;<\/strong><\/p>\n\n\n\n<figure class=\"wp-block-image size-full\"><img decoding=\"async\" width=\"1200\" height=\"1200\" src=\"https:\/\/www.aurum.com.br\/blog\/wp-content\/uploads\/2024\/04\/o-que-sao-os-principios-do-direito-ambiental.jpg\" alt=\"\" class=\"wp-image-27572\" srcset=\"https:\/\/www.aurum.com.br\/blog\/wp-content\/uploads\/2024\/04\/o-que-sao-os-principios-do-direito-ambiental.jpg 1200w, https:\/\/www.aurum.com.br\/blog\/wp-content\/uploads\/2024\/04\/o-que-sao-os-principios-do-direito-ambiental-300x300.jpg 300w, https:\/\/www.aurum.com.br\/blog\/wp-content\/uploads\/2024\/04\/o-que-sao-os-principios-do-direito-ambiental-150x150.jpg 150w, https:\/\/www.aurum.com.br\/blog\/wp-content\/uploads\/2024\/04\/o-que-sao-os-principios-do-direito-ambiental-768x768.jpg 768w\" sizes=\"(max-width: 1200px) 100vw, 1200px\" \/><figcaption class=\"wp-element-caption\">Tire suas d\u00favidas sobre os princ\u00edpios do direito ambiental. <\/figcaption><\/figure>\n\n\n\n<h3 class=\"wp-block-heading\">Princ\u00edpio do equil\u00edbrio ou desenvolvimento sustent\u00e1vel<\/h3>\n\n\n\n<p>O Princ\u00edpio do equil\u00edbrio<strong> <\/strong>estabelece que os aplicadores da pol\u00edtica ambiental devem pesar as consequ\u00eancias previs\u00edveis da ado\u00e7\u00e3o de uma medida, a ser \u00fatil \u00e0 comunidade, sem gravames excessivos aos ecossistemas e a vida humana.<\/p>\n\n\n\n<p>Preceitua o art. 225 da Constitui\u00e7\u00e3o Federal que <strong>todos t\u00eam direito ao meio ambiente ecologicamente equilibrado<\/strong> e que o poder p\u00fablico e a coletividade t\u00eam o \u201cdever de defend\u00ea-lo e preserv\u00e1-lo para as presentes e futuras gera\u00e7\u00f5es\u201d.<em>&nbsp;<\/em><\/p>\n\n\n\n<p>O meio ambiente equilibrado \u00e9 considerado direito fundamental de terceira gera\u00e7\u00e3o. Celso de Mello afirma que tais direitos s\u00e3o aqueles que \u201c<em>materializam poderes de titularidade coletiva atribu\u00eddos, genericamente, e de modo difuso, a todos os integrantes dos agrupamentos sociais, consagram o princ\u00edpio da solidariedade [&#8230;]<\/em>.\u201d<em>&nbsp;<\/em><\/p>\n\n\n\n<p>A Constitui\u00e7\u00e3o de 1988 inaugurou novo paradigma na prote\u00e7\u00e3o ambiental qualificando-a como direito fundamental. A preserva\u00e7\u00e3o do meio ambiente est\u00e1 prevista tamb\u00e9m como condi\u00e7\u00e3o para o cumprimento da fun\u00e7\u00e3o social da propriedade (art. 186, II, CF), de modo que inexoravelmente limita a iniciativa privada. Est\u00e1 diretamente ligado \u00e0s atividades que fazem uso de recursos naturais (solo, \u00e1gua, flora, biota, etc.).&nbsp;<\/p>\n\n\n\n<p>O C\u00f3digo Florestal \u00e9 a mais importante lei positiva que baliza o <strong>equil\u00edbrio entre a economia e a preserva\u00e7\u00e3o do meio ambiente.<\/strong> Por isso, \u00e9 que o pressuposto da sustentabilidade \u00e9 a chave para o equil\u00edbrio entre produ\u00e7\u00e3o e preserva\u00e7\u00e3o.&nbsp;<\/p>\n\n\n\n<p>Celso de Mello, em voto proferido no Supremo Tribunal Federal reconhece a constante tens\u00e3o entre os princ\u00edpios do desenvolvimento e preserva\u00e7\u00e3o, sugerindo que a melhor forma de equalizar tal conflito \u00e9 a pondera\u00e7\u00e3o do caso concreto, com vista no desenvolvimento sustent\u00e1vel \u201c<em>para efeito de obten\u00e7\u00e3o de um mais justo e perfeito equil\u00edbrio entre as exig\u00eancias da economia e as da ecologia<\/em>\u201d.<\/p>\n\n\n\n<h3 class=\"wp-block-heading\">Princ\u00edpio da precau\u00e7\u00e3o<\/h3>\n\n\n\n<p>Nos <strong>casos de incerteza cient\u00edfica s<\/strong>obre a degrada\u00e7\u00e3o do meio ambiente a partir de uma conduta a ser tomada, incide o princ\u00edpio da precau\u00e7\u00e3o para prevenir o meio ambiente de um risco futuro.&nbsp;<\/p>\n\n\n\n<p>O princ\u00edpio da precau\u00e7\u00e3o \u00e9 utilizado por diversos <a href=\"https:\/\/www.aurum.com.br\/blog\/ordenamento-juridico\/\">ordenamentos jur\u00eddicos<\/a>, ocupando posi\u00e7\u00e3o de destaque na constru\u00e7\u00e3o de uma pol\u00edtica de prote\u00e7\u00e3o ambiental.&nbsp;<\/p>\n\n\n\n<p>\u00c9 <strong>usado para regular situa\u00e7\u00f5es dif\u00edceis e para avaliar se uma atividade poder\u00e1 ou n\u00e3o causar dano ambiental<\/strong>, justamente quando n\u00e3o h\u00e1 estudos cient\u00edficos dando certeza suficiente.&nbsp;<\/p>\n\n\n\n<p>A norma da precau\u00e7\u00e3o teve origem na Alemanha, ainda na d\u00e9cada de 70, aplic\u00e1vel na matriz energ\u00e9tica, tecnologia da comunica\u00e7\u00e3o, ind\u00fastria automobil\u00edstica e na retirada de chumbo da gasolina naquele pa\u00eds.&nbsp;&nbsp;<\/p>\n\n\n\n<p>Posteriormente, foi inclu\u00edda em normas de direito internacional, como a Carta para a Natureza das Na\u00e7\u00f5es Unidas de 1982, a Conven\u00e7\u00e3o do Mar do Norte, em 1987 e a Confer\u00eancia Internacional do Conselho N\u00f3rdico sobre a Polui\u00e7\u00e3o dos Mares, em 1989.&nbsp;<\/p>\n\n\n\n<p>Em 1992 foi formulada no Princ\u00edpio 15 da Declara\u00e7\u00e3o do Rio sobre Meio Ambiente e Desenvolvimento, que o Brasil \u00e9 signat\u00e1rio, nos seguintes termos:<\/p>\n\n\n\n<blockquote class=\"wp-block-quote is-layout-flow wp-block-quote-is-layout-flow\">\n<p>De modo a proteger o meio ambiente, o princ\u00edpio da precau\u00e7\u00e3o deve ser amplamente observado pelos Estados, de acordo com as suas capacidades. Quando houver amea\u00e7a de danos s\u00e9rios ou irrevers\u00edveis, a aus\u00eancia de absoluta certeza cient\u00edfica n\u00e3o deve ser utilizada como raz\u00e3o para postergar medidas eficazes e economicamente vi\u00e1veis para prevenir a degrada\u00e7\u00e3o ambiental.<\/p>\n<\/blockquote>\n\n\n\n<p>Outras normas federais mencionam a precau\u00e7\u00e3o, tais como o Decreto 4.339\/2002, o Decreto 5.208\/2004 e o Decreto 2.519\/1998. O Supremo Tribunal Federal tamb\u00e9m aplicou o princ\u00edpio da precau\u00e7\u00e3o nos seguintes julgados: ADI 4066, referente ao amianto crisotila (asbesto branco); RE 627189, referente a redu\u00e7\u00e3o de campo eletromagn\u00e9tico em linhas de transmiss\u00e3o de energia; e ADPF 101, referente a importa\u00e7\u00e3o de pneus usados.&nbsp;<\/p>\n\n\n\n<h3 class=\"wp-block-heading\">Princ\u00edpio da preven\u00e7\u00e3o<\/h3>\n\n\n\n<p><strong>Aplica-se a impactos ambientais j\u00e1 conhecidos,<\/strong> estabelecendo <a href=\"https:\/\/www.aurum.com.br\/blog\/nexo-causal\/\">nexos<\/a> de causalidade que seja suficiente para a identifica\u00e7\u00e3o dos impactos futuros mais prov\u00e1veis. Com base nele s\u00e3o desenvolvidos o <a href=\"https:\/\/www.aurum.com.br\/blog\/licenciamento-ambiental\/\">licenciamento ambiental<\/a> e estudos de impacto ambiental.&nbsp;<\/p>\n\n\n\n<p>Ao contr\u00e1rio do princ\u00edpio da precau\u00e7\u00e3o, o princ\u00edpio da preven\u00e7\u00e3o \u00e9 <strong>aplic\u00e1vel quando j\u00e1 h\u00e1 estudos sobre os riscos das atividades a serem desenvolvidas. <\/strong>Nesse caso, o Poder P\u00fablico deve agir para evitar danos j\u00e1 esperados, mediante mecanismos que reduzam ou excluam danos ambientais.&nbsp;<\/p>\n\n\n\n<p>Prevenir significa agir antecipadamente. Sabe-se que \u00e9 dif\u00edcil, ap\u00f3s a ocorr\u00eancia do dano ambiental, restabelecer o <em>status quo ante<\/em> em uma determinada \u00e1rea degradada. O princ\u00edpio da preven\u00e7\u00e3o, portanto, \u00e9 invocado nesses casos em que se conhece os poss\u00edveis impactos da atividade e, portanto, imp\u00f5em-se esse agir antecipado.&nbsp;<\/p>\n\n\n\n<p>Est\u00e1 previsto na Constitui\u00e7\u00e3o Federal, nos termos do art. 225, \u00a7 1\u00ba, IV:<\/p>\n\n\n\n<blockquote class=\"wp-block-quote is-layout-flow wp-block-quote-is-layout-flow\">\n<p>IV &#8211; exigir, na forma da lei, para instala\u00e7\u00e3o de obra ou atividade potencialmente causadora de significativa degrada\u00e7\u00e3o do meio ambiente, estudo pr\u00e9vio de impacto ambiental, a que se dar\u00e1 publicidade;&nbsp;<\/p>\n<\/blockquote>\n\n\n\n<p>A pr\u00f3pria Constitui\u00e7\u00e3o determina a necessidade da realiza\u00e7\u00e3o de Estudo Pr\u00e9vio de Impacto Ambiental (EIA\/RIMA) para atividades ou obras potencialmente poluidoras.&nbsp;<\/p>\n\n\n\n<p>Por sua vez, a Lei 6.938\/81 que instituiu a Pol\u00edtica Nacional do Meio Ambiente tamb\u00e9m demonstra a <strong>preocupa\u00e7\u00e3o com os efeitos causados por atividades potencialmente poluidoras.&nbsp;<\/strong><\/p>\n\n\n\n<p>Em outras legisla\u00e7\u00f5es o princ\u00edpio tamb\u00e9m est\u00e1 previsto, tais como a Lei da Mata Atl\u00e2ntica, Lei 11.428\/2006; e na Lei 11.108\/2005, o qual regulamenta o artigo da Constitui\u00e7\u00e3o Federal e estabelece a Pol\u00edtica Nacional da Biosseguran\u00e7a.<\/p>\n\n\n\n<h3 class=\"wp-block-heading\">Princ\u00edpio do poluidor pagador<\/h3>\n\n\n\n<p>Sempre que houver danos aos recursos naturais, haver\u00e1 um custo p\u00fablico para a sua recupera\u00e7\u00e3o, suportado pela sociedade. Diante desse princ\u00edpio,<strong> imp\u00f5e-se ao poluidor arcar com esses custos, reduzindo ao m\u00e1ximo o \u00f4nus da sociedade.&nbsp;<\/strong><\/p>\n\n\n\n<p>Internacionalmente, \u00e9 conhecido como <em>polluter pays principle <\/em>e est\u00e1 incorporado ao ordenamento jur\u00eddico brasileiro pelo \u00a7 3\u00ba do artigo 225 da Constitui\u00e7\u00e3o Federal, nos seguintes termos:<\/p>\n\n\n\n<blockquote class=\"wp-block-quote is-layout-flow wp-block-quote-is-layout-flow\">\n<p>As condutas e atividades consideradas lesivas ao meio ambiente sujeitar\u00e3o os infratores, pessoas f\u00edsicas ou jur\u00eddicas, a san\u00e7\u00f5es penais e administrativas, independentemente da obriga\u00e7\u00e3o de reparar os danos causados.<\/p>\n<\/blockquote>\n\n\n\n<p>O princ\u00edpio do poluidor-pagador tamb\u00e9m foi previsto na Declara\u00e7\u00e3o do Rio, em 1992, no Princ\u00edpio 16:<\/p>\n\n\n\n<blockquote class=\"wp-block-quote is-layout-flow wp-block-quote-is-layout-flow\">\n<p>Tendo em vista que o poluidor deve, em princ\u00edpio, arcar com o custo decorrente da polui\u00e7\u00e3o, as autoridades nacionais devem promover a internaliza\u00e7\u00e3o dos custos ambientais e o uso de instrumentos econ\u00f4micos, levando em considera\u00e7\u00e3o o interesse p\u00fablico, sem distorcer o com\u00e9rcio e os investimentos internacionais.<\/p>\n<\/blockquote>\n\n\n\n<p><strong>O princ\u00edpio \u00e9 composto de duas fases: uma preventiva e outra repressiva. <\/strong>Na preventiva, pressup\u00f5e que o suposto poluidor deve arcar com os custos de preven\u00e7\u00e3o dos impactos ambientais. Na repressiva, havendo dano ambiental, deve arcar com a repara\u00e7\u00e3o e\/ou indeniza\u00e7\u00e3o.&nbsp;<\/p>\n\n\n\n<p>A Lei 6.938\/81 prev\u00ea no artigo 4\u00ba, VII, imp\u00f5e VII ao poluidor e ao predador a obriga\u00e7\u00e3o de recuperar e\/ou indenizar os danos causados e, ao usu\u00e1rio, da contribui\u00e7\u00e3o pela utiliza\u00e7\u00e3o de recursos ambientais com fins econ\u00f4micos.<\/p>\n\n\n\n<style>\n    #adpost-block_ff7a8fdf711ab118d1f3a9fece3e8a5a.anuncio-post-reverse {\n        display: flex;\n        gap: 24px;\n        border-radius: 8px;\n        width: 100%;\n        max-width: 752px;\n        padding: 40px;\n        background: #e7f4fe;\n        margin: 16px auto;\n    }\n\n    #adpost-block_ff7a8fdf711ab118d1f3a9fece3e8a5a .anuncio-container {\n        display: flex;\n        flex-direction: column;\n        gap: 24px;\n        width: 100%;\n        max-width: 333px;\n    }\n\n    #adpost-block_ff7a8fdf711ab118d1f3a9fece3e8a5a .anuncio-container .logo {\n        width: 100%;\n        max-width: 177px;\n        margin: 0;\n    }\n\n    #adpost-block_ff7a8fdf711ab118d1f3a9fece3e8a5a .anuncio-text-container {\n        display: flex;\n        flex-direction: column;\n        gap: 24px;\n    }\n\n    #adpost-block_ff7a8fdf711ab118d1f3a9fece3e8a5a .anuncio-text-container .title {\n        font-family: 'Ubuntu';\n        font-size: 1.5rem; \/\/24px\n        font-weight: 700;\n        line-height: 120%;\n        margin: 0;\n        color: #000;\n    }\n\n    #adpost-block_ff7a8fdf711ab118d1f3a9fece3e8a5a .anuncio-text-container .text {\n        font-size: 0.875rem;\n        font-weight: 400;\n        line-height: 170%;\n        color: #000;\n    }\n\n    #adpost-block_ff7a8fdf711ab118d1f3a9fece3e8a5a .anuncio-container .button {\n        display: inline-flex;\n        align-items: center;\n        justify-content: center;\n        width: fit-content;\n        height: 48px;\n        border-radius: 8px;\n        padding: 12px 24px;\n        font-size: 1rem;\n        font-weight: 600;\n        text-decoration: none;\n        background: #008fd5;\n        color: #fff;\n    }\n\n    #adpost-block_ff7a8fdf711ab118d1f3a9fece3e8a5a .image-container {\n        position: relative;\n        width: 100%;\n        height: 100%;\n    }\n\n    #adpost-block_ff7a8fdf711ab118d1f3a9fece3e8a5a .image-container.float {\n        min-height: 236px;\n    }\n\n    #adpost-block_ff7a8fdf711ab118d1f3a9fece3e8a5a .image-container .image-desktop {\n        width: 100%;\n        max-width: 323px;\n        object-fit: contain;\n        margin: 0;\n    }\n\n    #adpost-block_ff7a8fdf711ab118d1f3a9fece3e8a5a .image-container .image-mobile {\n        display: none;\n        width: 100%;\n        max-width: 291px;\n        object-fit: contain;\n        margin: 0;\n    }\n\n    #adpost-block_ff7a8fdf711ab118d1f3a9fece3e8a5a .image-container.float .image-desktop,\n    #adpost-block_ff7a8fdf711ab118d1f3a9fece3e8a5a .image-container.float .image-mobile {\n        position: absolute;\n        right: 0;\n        bottom: 0;\n    }\n\n    #adpost-block_ff7a8fdf711ab118d1f3a9fece3e8a5a .image-container img {\n        border-radius: 8px;\n    }\n\n    \/************\n    * MOBILE \n    *************\/\n    @media (max-width: 1439px) {\n        #adpost-block_ff7a8fdf711ab118d1f3a9fece3e8a5a.anuncio-post-reverse {\n            flex-direction: column-reverse;\n            max-width: fit-content;\n            padding: 24px;\n        }\n\n        #adpost-block_ff7a8fdf711ab118d1f3a9fece3e8a5a .anuncio-container {\n            max-width: 280px;\n            align-items: center;\n        }\n\n        #adpost-block_ff7a8fdf711ab118d1f3a9fece3e8a5a .anuncio-container .logo {\n            max-width: 147px;\n        }\n\n        #adpost-block_ff7a8fdf711ab118d1f3a9fece3e8a5a .anuncio-text-container {\n            gap: 8px;\n        }\n\n        #adpost-block_ff7a8fdf711ab118d1f3a9fece3e8a5a .anuncio-text-container .title {\n            font-size: 1.25rem;\n            text-align: center;\n        }\n\n        #adpost-block_ff7a8fdf711ab118d1f3a9fece3e8a5a .anuncio-text-container .text {\n            text-align: center;\n        }\n\n        #adpost-block_ff7a8fdf711ab118d1f3a9fece3e8a5a .anuncio-container .button {\n            width: 100%;\n        }\n\n        #adpost-block_ff7a8fdf711ab118d1f3a9fece3e8a5a .image-container.float {\n            min-height: 182px;\n        }\n\n        #adpost-block_ff7a8fdf711ab118d1f3a9fece3e8a5a .image-container .image-desktop {\n            display: none;\n        }\n\n        #adpost-block_ff7a8fdf711ab118d1f3a9fece3e8a5a .image-container .image-mobile {\n            display: block;\n        }\n    }\n\n    \/*******************\n    * RESET GLOBAL CSS \n    ********************\/\n    #s-post main article .content .image-container img {\n        margin: 0;\n    }\n<\/style>\n\n\n<article id=\"adpost-block_ff7a8fdf711ab118d1f3a9fece3e8a5a\" class=\"anuncio-post-reverse\">\n    <div class=\"anuncio-container\">\n        \n        <div class=\"anuncio-text-container\">\n             <h3 class=\"title\" >Seja protagonista da sua advocacia com o Astrea<\/h3>\n            <div class=\"text\" >Tenha tempo para focar no crescimento do seu escrit\u00f3rio, enquanto o Astrea cuida da sua gest\u00e3o jur\u00eddica com intelig\u00eancia.<\/div>        <\/div>\n       \n        <a class=\"button\" href=\"\/astrea\/?utm_source=blog&#038;utm_medium=adpost&#038;utm_campaign=campanha-marca-2026\" target=\"_self\">Conhe\u00e7a o Astrea<\/a>    <\/div>\n\n    <div class=\"image-container\">\n        <img decoding=\"async\" class=\"image-desktop\" src=\"https:\/\/www.aurum.com.br\/blog\/wp-content\/uploads\/2026\/03\/adpos-posicionamento-2026-desktop.png\" alt=\"\" \/>\n        <img decoding=\"async\" class=\"image-mobile\" src=\"https:\/\/www.aurum.com.br\/blog\/wp-content\/uploads\/2026\/03\/adpost-posicionamento-2026-mobile.png\" alt=\"\" \/>    <\/div>\n<\/article>\n\n\n<h3 class=\"wp-block-heading\">Princ\u00edpio da responsabilidade<\/h3>\n\n\n\n<p><strong>Qualquer viola\u00e7\u00e3o ao Direito Ambiental implica em san\u00e7\u00e3o ao respons\u00e1vel, <\/strong>mediante responsabilidade objetiva e solid\u00e1ria. Na ordem jur\u00eddica ambiental brasileira essa responsabilidade ocorre em tr\u00eas esferas de compet\u00eancia independentes entre si: (i) administrativa; (ii) penal; e (iii) civil.&nbsp;<\/p>\n\n\n\n<p>Preceitua a Constitui\u00e7\u00e3o Federal no artigo 225, \u00a7 3\u00ba:<\/p>\n\n\n\n<blockquote class=\"wp-block-quote is-layout-flow wp-block-quote-is-layout-flow\">\n<p>\u00a7 3\u00ba As condutas e atividades consideradas lesivas ao meio ambiente sujeitar\u00e3o os infratores, pessoas f\u00edsicas ou jur\u00eddicas, a <strong>san\u00e7\u00f5es penais<\/strong> e <strong>administrativas<\/strong>, independentemente da <strong>obriga\u00e7\u00e3o de reparar os danos causados<\/strong>.<\/p>\n<\/blockquote>\n\n\n\n<p>Para fins de responsabiliza\u00e7\u00e3o ambiental, o mesmo evento poder\u00e1 gerar tr\u00eas formas de responsabiliza\u00e7\u00e3o diferentes e independentes entre si.&nbsp;<\/p>\n\n\n\n<p>No \u00e2mbito administrativo o infrator poder\u00e1 sofrer multa, embargo de \u00e1reas ou atividades, apreens\u00f5es, restri\u00e7\u00f5es de direitos etc. As infra\u00e7\u00f5es e as respectivas san\u00e7\u00f5es administrativas aplic\u00e1veis no processo administrativo para apura\u00e7\u00e3o de infra\u00e7\u00f5es, est\u00e1 regulamentado, no \u00e2mbito federal, pelo Decreto n\u00ba 6.514\/2008.&nbsp;<\/p>\n\n\n\n<p>Previu-se no artigo 3\u00ba, as seguintes san\u00e7\u00f5es:<\/p>\n\n\n\n<blockquote class=\"wp-block-quote is-layout-flow wp-block-quote-is-layout-flow\">\n<p>Art. 3<sup>o<\/sup>&nbsp; As infra\u00e7\u00f5es administrativas s\u00e3o punidas com as seguintes san\u00e7\u00f5es:<\/p>\n\n\n\n<p>I&nbsp;&#8211;&nbsp;advert\u00eancia;<\/p>\n\n\n\n<p>II&nbsp;&#8211;&nbsp;multa simples;<\/p>\n\n\n\n<p>III&nbsp;&#8211;&nbsp;multa di\u00e1ria;<\/p>\n\n\n\n<p>IV&nbsp;&#8211;&nbsp;apreens\u00e3o dos animais, produtos e subprodutos da fauna e flora e demais produtos e subprodutos objeto da infra\u00e7\u00e3o, instrumentos, petrechos, equipamentos ou ve\u00edculos de qualquer natureza utilizados na infra\u00e7\u00e3o;&nbsp;&nbsp;&nbsp;&nbsp;&nbsp;&nbsp;&nbsp;&nbsp;&nbsp;&nbsp;&nbsp;&nbsp;&nbsp;&nbsp;&nbsp;&nbsp;&nbsp;&nbsp;&nbsp;&nbsp;<\/p>\n\n\n\n<p>V&nbsp;&#8211;&nbsp;destrui\u00e7\u00e3o ou inutiliza\u00e7\u00e3o do produto;<\/p>\n\n\n\n<p>VI&nbsp;&#8211;&nbsp;suspens\u00e3o de venda e fabrica\u00e7\u00e3o do produto;<\/p>\n\n\n\n<p>VII&nbsp;&#8211;&nbsp;embargo de obra ou atividade e suas respectivas \u00e1reas;<\/p>\n\n\n\n<p>VIII&nbsp;&#8211;&nbsp;demoli\u00e7\u00e3o de obra;<\/p>\n\n\n\n<p>IX&nbsp;&#8211;&nbsp;suspens\u00e3o parcial ou total das atividades; e<\/p>\n\n\n\n<p>X&nbsp;&#8211;&nbsp;restritiva de direitos.&nbsp;<\/p>\n<\/blockquote>\n\n\n\n<p>Tamb\u00e9m \u00e9 poss\u00edvel a responsabiliza\u00e7\u00e3o penal, j\u00e1 que algumas condutas que geram les\u00e3o ao meio ambiente s\u00e3o consideradas crimes ambientais. Os crimes ambientais s\u00e3o regulados pela Lei 9.605\/98.&nbsp;<\/p>\n\n\n\n<p>Al\u00e9m disso, o poluidor tamb\u00e9m est\u00e1 sujeito a responsabiliza\u00e7\u00e3o civil. Ou seja, obriga\u00e7\u00e3o de reparar o dano e\/ou pagar indeniza\u00e7\u00e3o pelo dano coletivo causado.&nbsp;<\/p>\n\n\n\n<p>A Lei 6.938\/81 prev\u00ea no artigo 14, \u00a7 1\u00ba:<\/p>\n\n\n\n<blockquote class=\"wp-block-quote is-layout-flow wp-block-quote-is-layout-flow\">\n<p>Art 14 \u2013 [\u2026] \u00a7 1\u00ba \u2013 Sem obstar a aplica\u00e7\u00e3o das penalidades previstas neste artigo, \u00e9 o poluidor obrigado,&nbsp;<strong>independentemente da exist\u00eancia de culpa, a indenizar ou reparar os&nbsp;danos causados ao meio ambiente e a terceiros<\/strong>, afetados por&nbsp;sua atividade.&nbsp;O&nbsp;Minist\u00e9rio P\u00fablico da Uni\u00e3o e dos Estados&nbsp;ter\u00e1 legitimidade para propor a\u00e7\u00e3o de responsabilidade civil e criminal, por danos causados ao meio ambiente.\u201d<\/p>\n<\/blockquote>\n\n\n\n<p>O&nbsp;<a href=\"https:\/\/www.aurum.com.br\/blog\/direito-ambiental\/\">direito ambiental<\/a>&nbsp;brasileiro obriga o respons\u00e1vel \u00e0 repara\u00e7\u00e3o do dano na sua forma objetiva, baseada na teoria do risco integral. Essa teoria estabelece que o causador do dano se obriga a repar\u00e1-lo, bastando a prova da a\u00e7\u00e3o ou omiss\u00e3o, do dano e do&nbsp;<a href=\"https:\/\/www.aurum.com.br\/blog\/nexo-causal\/\">nexo de causalidade<\/a>. O dano ambiental, portanto, \u00e9 considerado ato il\u00edcito civil pass\u00edvel de responsabiliza\u00e7\u00e3o.&nbsp; &nbsp;<\/p>\n\n\n\n<p>A responsabilidade civil ambiental est\u00e1 fundada na teoria do risco integral, atraindo a responsabilidade de todos os envolvidos, j\u00e1 que o dano acompanha o im\u00f3vel. O Superior Tribunal de Justi\u00e7a j\u00e1 fixou tese sobre o assunto no Tema 1.204:<\/p>\n\n\n\n<blockquote class=\"wp-block-quote is-layout-flow wp-block-quote-is-layout-flow\">\n<p>As obriga\u00e7\u00f5es ambientais possuem natureza&nbsp;propter rem, sendo poss\u00edvel exigi-las, \u00e0 escolha do credor, do propriet\u00e1rio ou possuidor atual, de qualquer dos anteriores, ou de ambos, ficando isento de responsabilidade o alienante cujo direito real tenha cessado antes da causa\u00e7\u00e3o do dano, desde que para ele n\u00e3o tenha concorrido, direta ou indiretamente.<\/p>\n<\/blockquote>\n\n\n\n<p>Portanto, o ordenamento jur\u00eddico ambiental brasileiro<strong> responsabiliza amplamente o causador de dano ambiental<\/strong>, motivo pelo qual \u00e9 considerado uma das legisla\u00e7\u00f5es mais rigorosas do mundo em mat\u00e9ria ambiental.<\/p>\n\n\n\n<h3 class=\"wp-block-heading\">Princ\u00edpio democr\u00e1tico ou participa\u00e7\u00e3o p\u00fablica<\/h3>\n\n\n\n<p><strong>Assegura aos cidad\u00e3os participar das discuss\u00f5es para a elabora\u00e7\u00e3o das pol\u00edticas p\u00fablicas ambientais.<\/strong> <br><br>Garante a todos obter informa\u00e7\u00f5es dos \u00f3rg\u00e3os p\u00fablicos sobre a mat\u00e9ria referente \u00e0 defesa do meio ambiente e dos empreendimentos utilizadores de recursos ambientais que tenham significativa repercuss\u00e3o sobre o meio ambiente.&nbsp;&nbsp;<\/p>\n\n\n\n<p>O <em>caput <\/em>do artigo 225 da Constitui\u00e7\u00e3o Federal, imp\u00f5e, expressamente, ao Poder P\u00fablico e \u00e0 coletividade<em> <\/em>defender e preservar o meio ambiente para as presentes e futuras gera\u00e7\u00f5es. Como consequ\u00eancia l\u00f3gica dessa obriga\u00e7\u00e3o, h\u00e1 que se dar acesso e permitir que a popula\u00e7\u00e3o participe, efetivamente, para alcan\u00e7ar esse objetivo.&nbsp;<\/p>\n\n\n\n<p>A norma constitucional deu vida \u00e0&nbsp;<em>democracia direta<\/em>&nbsp;prevendo no dispositivo a participa\u00e7\u00e3o dos cidad\u00e3os da Rep\u00fablica na pol\u00edtica ambiental, tendo em vista o reconhecimento da sua extrema relev\u00e2ncia. N\u00e3o poderia, portanto, ficar ao encargo exclusivo do Poder P\u00fablico. Isso n\u00e3o \u00e9 pouco e deve ser digno de nota.<\/p>\n\n\n\n<p>A democracia surgiu em Atenas nos s\u00e9culos IV e V a.C. Foi reinventada na modernidade, no S\u00e9culo XVII, especialmente em Londres. Na atual quadra do direito ocidental, a democracia \u00e9 um valor constitucional inegoci\u00e1vel. <\/p>\n\n\n\n<p>N\u00e3o somente por ser&nbsp;<em>cl\u00e1usula p\u00e9trea<\/em> na Constitui\u00e7\u00e3o da Rep\u00fablica, mas por ser o modelo de governo que j\u00e1 demonstrou ser o melhor criado pela civiliza\u00e7\u00e3o humana.&nbsp;Das alternativas extremas do despotismo e da anarquia, a&nbsp;<em>democracia liberal<\/em>&nbsp;\u00e9 a sa\u00edda ideal para a organiza\u00e7\u00e3o da sociedade p\u00f3s-moderna.<\/p>\n\n\n\n<p>\u00c9 importante que se diga que uma democracia plena n\u00e3o se resume em poder votar e ser votado. A aferi\u00e7\u00e3o de uma democracia envolve outros fatores e isso inclui dar aos cidad\u00e3os todos os meios suficientes para exercer plenamente os seus direitos fundamentais, livre de opress\u00e3o; inclusive no que diz respeito a opinar e agir em mat\u00e9ria de pol\u00edtica ambiental. \u00c9 necess\u00e1rio uma imprensa livre, plena publicidade dos atos governamentais e que haja compartilhamento do poder. \u00d3rg\u00e3o institucionais de controle devem ter livre atua\u00e7\u00e3o e nos limites republicanos, fundada na Constitui\u00e7\u00e3o. O pre\u00e7o da democracia, portanto,&nbsp;<em>\u00e9 a eterna vigil\u00e2ncia.<\/em><\/p>\n\n\n\n<p>A defesa da democracia \u00e9 fundamental para a preserva\u00e7\u00e3o da paz social e o melhor mecanismo para destituir um governante ruim sem derramamento de sangue. \u00c9 verdade que democracia faz surgir mais demandas e mais desafios ao Estado. Aumenta a participa\u00e7\u00e3o popular e obriga a divis\u00e3o de poder e, ao mesmo tempo, sua limita\u00e7\u00e3o. Mas essa \u00e9 a regra do jogo democr\u00e1tico.<\/p>\n\n\n\n<h2 class=\"wp-block-heading\">Conclus\u00e3o&nbsp;<\/h2>\n\n\n\n<p>Os princ\u00edpios do direito ambiental s\u00e3o os alicerces de todo o ordenamento jur\u00eddico ambiental brasileiro.&nbsp;<\/p>\n\n\n\n<p>Como se viu, a Constitui\u00e7\u00e3o Federal j\u00e1 estabelece em seu texto alguns dos princ\u00edpios mencionados. Outros, s\u00e3o aplicados pela comunidade internacional h\u00e1 longa data e est\u00e3o previstos em tratados e acordos internacionais.&nbsp;<\/p>\n\n\n\n<p>Para o advogado ambientalista, dominar os princ\u00edpios de direito ambiental \u00e9 de fundamental import\u00e2ncia, pois \u00e9 a partir deles que se ter\u00e1 uma vis\u00e3o hol\u00edstica do direito ambiental e entender os pr\u00f3prios fundamentos que lhe d\u00e1 aplicabilidade.&nbsp;<\/p>\n\n\n\n<p>Al\u00e9m disso, para os casos dif\u00edceis, onde uma determinada regra n\u00e3o \u00e9 suficiente para a solu\u00e7\u00e3o do caso, o entendimento dos princ\u00edpios \u00e9 de suma import\u00e2ncia. Nos fatos da vida, \u00e9 poss\u00edvel ocorrer a colis\u00e3o de princ\u00edpios, sendo necess\u00e1rio a realiza\u00e7\u00e3o da pondera\u00e7\u00e3o, a fim de prejudicar o m\u00ednimo poss\u00edvel os direitos fundamentais.&nbsp;<\/p>\n\n\n\n<p>Em mat\u00e9ria ambiental, foram elencados sete princ\u00edpios, sendo os mais mencionados pela doutrina especializada. Isso n\u00e3o exclui a exist\u00eancia de outros princ\u00edpios ou que venham a surgir outros no futuro. O tema \u201cdireito ambiental\u201d est\u00e1 em constante evolu\u00e7\u00e3o na medida em que os desafios da humanidade se apresentam, sobretudo em \u00e9poca de mudan\u00e7as clim\u00e1ticas.<\/p>\n\n\n\n<h2 class=\"wp-block-heading\">Perguntas e respostas frequentes sobre o tema <\/h2>\n\n\n\n<h3 class=\"wp-block-heading\">Para que servem os princ\u00edpios do Direito ambiental? <\/h3>\n\n\n\n<p>Os princ\u00edpios do Direito Ambiental s\u00e3o fundamentais para a interpreta\u00e7\u00e3o e aplica\u00e7\u00e3o das normas jur\u00eddicas que visam a prote\u00e7\u00e3o do meio ambiente. Eles orientam a cria\u00e7\u00e3o de pol\u00edticas p\u00fablicas, a conduta dos indiv\u00edduos e das empresas, bem como a atua\u00e7\u00e3o do Poder Judici\u00e1rio.<\/p>\n\n\n\n<h3 class=\"wp-block-heading\">O que \u00e9 o Princ\u00edpio do Desenvolvimento Sustent\u00e1vel? <\/h3>\n\n\n\n<p>\u00c9 o princ\u00edpio que visa equilibrar o desenvolvimento econ\u00f4mico com a conserva\u00e7\u00e3o ambiental, garantindo que as necessidades presentes sejam atendidas sem comprometer a capacidade das futuras gera\u00e7\u00f5es de satisfazerem suas pr\u00f3prias necessidades. Busca-se uma harmonia entre crescimento econ\u00f4mico, equidade social e prote\u00e7\u00e3o ambiental.<\/p>\n\n\n\n<h3 class=\"wp-block-heading\">Como o Princ\u00edpio da Preven\u00e7\u00e3o se aplica na pr\u00e1tica?<\/h3>\n\n\n\n<p>Na pr\u00e1tica, o Princ\u00edpio da Preven\u00e7\u00e3o orienta que a\u00e7\u00f5es e projetos sejam analisados previamente para identificar e minimizar poss\u00edveis impactos ambientais negativos. Isso pode incluir a realiza\u00e7\u00e3o de estudos de impacto ambiental e a implementa\u00e7\u00e3o de medidas mitigadoras antes de se iniciar qualquer atividade potencialmente prejudicial ao meio ambiente.<\/p>\n\n\n\n<h3 class=\"wp-block-heading\">Qual a diferen\u00e7a entre os princ\u00edpios da Precau\u00e7\u00e3o e da Preven\u00e7\u00e3o?<\/h3>\n\n\n\n<p>O Princ\u00edpio da Precau\u00e7\u00e3o \u00e9 aplicado em situa\u00e7\u00f5es de incerteza cient\u00edfica, quando n\u00e3o h\u00e1 certeza sobre os impactos ambientais de determinada atividade, mas existe a possibilidade de danos graves ou irrevers\u00edveis. J\u00e1 o Princ\u00edpio da Preven\u00e7\u00e3o \u00e9 usado quando os potenciais impactos ambientais de uma atividade s\u00e3o conhecidos, orientando a ado\u00e7\u00e3o de medidas para evit\u00e1-los antes que ocorram.<\/p>\n\n\n\n<h3 class=\"wp-block-heading\">Por que o Princ\u00edpio do Poluidor-Pagador \u00e9 importante?<\/h3>\n\n\n\n<p>Esse princ\u00edpio \u00e9 fundamental porque atribui a responsabilidade financeira pelos danos ambientais ao poluidor, incentivando as empresas e indiv\u00edduos a adotarem pr\u00e1ticas mais sustent\u00e1veis e a investirem em tecnologias menos poluentes. Ele ajuda a garantir que os custos associados \u00e0 polui\u00e7\u00e3o e \u00e0 degrada\u00e7\u00e3o ambiental n\u00e3o sejam transferidos para a sociedade em geral.<\/p>\n\n\n\n<h3 class=\"wp-block-heading\">Como o Princ\u00edpio da Participa\u00e7\u00e3o P\u00fablica contribui para a prote\u00e7\u00e3o ambiental?<\/h3>\n\n\n\n<p>Ao envolver a sociedade nas decis\u00f5es ambientais, este princ\u00edpio promove uma maior transpar\u00eancia e responsabilidade, al\u00e9m de permitir que os conhecimentos e preocupa\u00e7\u00f5es locais sejam considerados. A participa\u00e7\u00e3o p\u00fablica pode resultar em decis\u00f5es mais eficazes e aceit\u00e1veis socialmente, aumentando a conscientiza\u00e7\u00e3o sobre quest\u00f5es ambientais e incentivando a\u00e7\u00f5es de conserva\u00e7\u00e3o.<\/p>\n\n\n\n<h3 class=\"wp-block-heading\">Mais conhecimento para voc\u00ea<\/h3>\n\n\n\n<ul class=\"wp-block-list\">\n<li><a href=\"https:\/\/www.aurum.com.br\/blog\/principios-do-direito-tributario\/\">Princ\u00edpios do direito tribut\u00e1rio<\/a><\/li>\n\n\n\n<li><a href=\"https:\/\/www.aurum.com.br\/blog\/contestacao-trabalhista\/\">O que \u00e9 contesta\u00e7\u00e3o trabalhista e como fazer [+MODELO]<\/a><\/li>\n\n\n\n<li><a href=\"https:\/\/www.aurum.com.br\/blog\/arrendamento\/\">Conhe\u00e7a o que \u00e9 arrendamento e quais s\u00e3o os tipos<\/a><\/li>\n\n\n\n<li><a href=\"https:\/\/www.aurum.com.br\/blog\/beneficio-previdenciario\/\">Benef\u00edcio Previdenci\u00e1rio: Quais s\u00e3o os tipos e quem pode receber?<\/a><\/li>\n\n\n\n<li><a href=\"https:\/\/www.aurum.com.br\/blog\/como-consultar-um-advogado-na-oab\/\">Como consultar um advogado na OAB? Passo a passo detalhado!<\/a><\/li>\n\n\n\n<li><a href=\"https:\/\/www.aurum.com.br\/blog\/inepcia-da-inicial\/\">Veja o que \u00e9 in\u00e9pcia da inicial e suas principais caracter\u00edsticas<\/a><\/li>\n\n\n\n<li><a href=\"https:\/\/www.aurum.com.br\/blog\/art-18-do-cdc\/\">Art 18 CDC Comentado: Confira quais as hip\u00f3teses e prazos<\/a><\/li>\n\n\n\n<li><a href=\"https:\/\/www.aurum.com.br\/blog\/inadimplencia-condominial\/\" data-type=\"URL\" data-id=\"https:\/\/www.aurum.com.br\/blog\/inadimplencia-condominial\/\">Inadimpl\u00eancia condominial: desvendando aspectos legais<\/a><\/li>\n\n\n\n<li><a href=\"https:\/\/www.aurum.com.br\/blog\/amicus-curiae\/\" data-type=\"URL\" data-id=\"https:\/\/www.aurum.com.br\/blog\/amicus-curiae\/\">Amicus Curiae: O que \u00e9 e qual o papel do amigo da corte<\/a><\/li>\n\n\n\n<li><a href=\"https:\/\/www.aurum.com.br\/blog\/agravo-de-instrumento-trabalhista\/\" data-type=\"link\" data-id=\"https:\/\/www.aurum.com.br\/blog\/agravo-de-instrumento-trabalhista\/\">Como funciona o agravo de instrumento trabalhista [+MODELO]<\/a><\/li>\n\n\n\n<li><a href=\"https:\/\/www.aurum.com.br\/blog\/intervencao-de-terceiros\/\" data-type=\"link\" data-id=\"https:\/\/www.aurum.com.br\/blog\/intervencao-de-terceiros\/\">O que \u00e9 a interven\u00e7\u00e3o de terceiros no Novo CPC<\/a><\/li>\n<\/ul>\n\n\n<style>\r\n  .news-post {\r\n    background: url('https:\/\/www.aurum.com.br\/blog\/wp-content\/themes\/aurum\/img\/bg-news-artigo.svg') no-repeat top center #3C48AA;\r\n    padding: 1.5rem;\r\n    border-radius: 6px;\r\n    margin: 1rem 0;\r\n  }\r\n  .news-post .icone {\r\n    display: none;\r\n  }\r\n  .news-post .title {\r\n    font-weight: 700;\r\n    font-size: 16px;\r\n    line-height: 130%;\r\n    text-align: center;\r\n    letter-spacing: -0.5px;\r\n    color: #fff;\r\n    margin-bottom: .9375rem;\r\n  }\r\n  .news-post p {\r\n    font-size: .875rem;\r\n    line-height: 140%;\r\n    text-align: center;\r\n    color: #fff;\r\n    margin-bottom: 1.25rem;\r\n  }\r\n  .news-post .news_button_span {\r\n    font-size: .8125rem;\r\n    display: block;\r\n    padding: .125rem .3125rem;\r\n    color: #fff;\r\n    text-align:left;\r\n  }\r\n  .news-post .news_button_span a {\r\n    color: #fff !important;\r\n    text-decoration: underline;\r\n  }\r\n  .news-post form {\r\n    width: 100%;\r\n  }\r\n  .news-post label {\r\n    font-weight: 600;\r\n    font-size: .9375rem;\r\n    line-height: 1.5rem;\r\n    margin-bottom: .5rem;\r\n    color: #fff;\r\n    display: block;\r\n  }\r\n  .news-post input {\r\n    background: #fff;\r\n    border: 1px solid #CBCBD9;\r\n    box-sizing: border-box;\r\n    border-radius: 4px;\r\n    padding: .75rem 1rem;\r\n    width: 100%;\r\n  }\r\n  .news-post button {\r\n    margin-top: .875rem;\r\n    width: 100%;\r\n    min-width: auto;\r\n    background: #FCC632;\r\n    color: #3C48AA;\r\n  }\r\n  .news-post .input {\r\n    position: relative;\r\n    padding-bottom: 10px;\r\n  }\r\n  .news-post .error-message-ad {\r\n    font-size: .875rem;\r\n    line-height: 130%;\r\n    color: #D50021;\r\n    margin-left: 4px;\r\n  }\r\n  .news-post .error {\r\n    border: 1px solid #D50021;\r\n  }\r\n  .news-post #message-form-ad {\r\n    border-radius: 4px;\r\n    padding: 0.7rem;\r\n    font-size:0.8rem;\r\n    text-align: center;\r\n    align-items: center;\r\n    justify-content: center;\r\n    display: none;\r\n  }\r\n  .news-post #message-form-ad svg {\r\n    margin-right: 8px;\r\n  }\r\n\r\n  @media(min-width: 561px) {\r\n    .news-post {\r\n      position: relative;\r\n      background: url('https:\/\/www.aurum.com.br\/blog\/wp-content\/themes\/aurum\/img\/bg-news-artigo.svg') no-repeat top center #3C48AA;\r\n      width: calc(100% - 30px);\r\n    }\r\n    .news-post .icone {\r\n      display: block;\r\n      position: absolute;\r\n      right: -30px;\r\n      top: 65px;\r\n      max-width: 142px;\r\n      width: 100%;\r\n      height: auto;\r\n      margin: 0;\r\n    }\r\n    .news-post .title {\r\n      font-size: 1.125rem;\r\n      text-align: left;\r\n      \/* padding-right: 3.75rem; *\/\r\n    }\r\n    .news-post p {\r\n      font-size: 1rem;\r\n      text-align: left;\r\n      max-width: 400px;\r\n    }\r\n    .news-post .boxes {\r\n      display: flex;\r\n      align-items: flex-start;\r\n    }\r\n    .news-post button {\r\n      margin: 0 0 0 1rem;\r\n      width: 100%;\r\n      max-width: 170px;\r\n      min-width: auto;\r\n      transition: all ease .3s\r\n    }\r\n    .news-post button:hover {\r\n      opacity: 0.9;\r\n      transition: all ease .3s\r\n    }\r\n    .news-post #message-form-ad {\r\n      padding: 1.125rem;\r\n      font-size:1rem;\r\n    }\r\n    .news-post #message-form-ad svg {\r\n      margin-right: 10px;\r\n    }\r\n  }\r\n<\/style>\r\n\r\n<div class=\"news-post\">\r\n  <div class=\"title news-ad-title\">Gostou do artigo e quer evoluir a sua advocacia?<\/div>\r\n  <p class=\"news-ad-subtitle\">Assine gr\u00e1tis a Aurum News e receba uma dose semanal de conte\u00fado no seu e-mail! \u270c\ufe0f<\/p>\r\n  <img decoding=\"async\" src=\"https:\/\/www.aurum.com.br\/blog\/wp-content\/themes\/aurum\/img\/icon-news-artigo.svg\" alt=\"\" class=\"icone\">\r\n\r\n  <form method=\"post\" name=\"newsletter-ad\" id=\"aurum-newsletter-ad\">\r\n    <div class=boxes>\r\n      <div class=\"input\">\r\n        <label class=\"label-email\" htmlFor=\"email-ad\">Qual seu e-mail?<\/label>\r\n        <input type=\"email\" id=\"email-ad\" name=\"newsletter-mail-ad\" placeholder=\"Digite seu e-mail?\">\r\n        <div class=\"error-message-ad-email\">Endere\u00e7o de e-mail inv\u00e1lido ou incorreto<\/div>\r\n\r\n        <label class=\"label-select\" htmlFor=\"lawsuits-select-ad\">\r\n          Quantos processos voc\u00ea ou<br class=\"for-desktop\"\/> seu escrit\u00f3rio acompanham?\r\n        <\/label>\r\n        <div id=\"lawsuits-select-ad\" class=\"lawsuits-select select-wrapper\" tabindex=\"0\">\r\n          <div class=\"s-dropdown--styled\">\r\n          <span class=\"lawsuits-default\">\r\n            <span id=\"lawsuits-newsletter-ad\" class=\"lawsuits-default-text\" data-value=\"\">Selecione os processos<\/span>\r\n            <svg class=\"chevron\" xmlns=\"http:\/\/www.w3.org\/2000\/svg\" width=\"24\" height=\"25\" viewBox=\"0 0 24 25\" fill=\"none\">\r\n              <path d=\"M6 15.6152L12 9.61523L18 15.6152\" stroke=\"black\" stroke-width=\"2\" stroke-linecap=\"round\" stroke-linejoin=\"round\" \/>\r\n            <\/svg>\r\n          <\/span>\r\n\r\n          <ul class=\"s-dropdown u-hide\">\r\n            <li class=\"lawsuits\" data-value=\"Mais de 1000 processos\">Mais de 1000 processos<\/li>\r\n            <li class=\"lawsuits\" data-value=\"De 501 a 1000 processos\">De 501 a 1000 processos<\/li>\r\n            <li class=\"lawsuits\" data-value=\"De 151 a 500 processos\">De 151 a 500 processos<\/li>\r\n            <li class=\"lawsuits\" data-value=\"De 41 a 150 processos\">De 41 a 150 processos<\/li>\r\n            <li class=\"lawsuits\" data-value=\"At\u00e9 40 processos\">At\u00e9 40 processos<\/li>\r\n            <li class=\"lawsuits\" data-value=\"Atuo apenas no consultivo\">Atuo apenas no consultivo<\/li>\r\n            <li class=\"lawsuits\" data-value=\"Ainda sou estudante de direito\">Ainda sou estudante de direito<\/li>\r\n            <li class=\"lawsuits\" data-value=\"N\u00e3o sou da \u00e1rea jur\u00eddica\">N\u00e3o sou da \u00e1rea jur\u00eddica<\/li>\r\n          <\/ul>\r\n          <\/div>\r\n        <\/div>\r\n        <div class=\"error-message-ad-lawsuits\">Selecione algum processo<\/div>\r\n      <\/div>\r\n      <button class=\"btn btn-yellow ad-btn-desktop\" id=\"aurum-submit-ad\">Assinar gr\u00e1tis<\/button>\r\n      <button class=\"btn btn-yellow ad-btn-mobile\" id=\"aurum-submit-ad\">Assinar<\/button>\r\n    <\/div>\r\n    <span class=\"news_button_span\">Ao se cadastrar voc\u00ea declara que leu e aceitou a pol\u00edtica de privacidade e cookies do <a href=\"https:\/\/s3.sa-east-1.amazonaws.com\/publico.aurum.com.br\/contratos\/politica-de-privacidade.pdf\" target=\"_blank\" rel=\"noopener noreferrer\">site<\/a>.<\/span>\r\n  <\/form>\r\n  <div id=\"message-form-ad\"><\/div>\r\n<\/div>\n\n\n<p><em>Ficou com alguma d\u00favida sobre os princ\u00edpios do direito ambiental? Tem algum outro que voc\u00ea considera importante? Compartilhe com a gente nos coment\u00e1rios abaixo! <\/em> <\/p>\n","protected":false},"excerpt":{"rendered":"<p>Os princ\u00edpios do Direito Ambiental s\u00e3o os fundamentos jur\u00eddicos que orientam e d\u00e3o suporte \u00e0 legisla\u00e7\u00e3o ambiental e \u00e0 prote\u00e7\u00e3o do meio ambiente. Princ\u00edpios s\u00e3o fundamentais na aplica\u00e7\u00e3o do Direito, motivo pelo qual o advogado ambientalista deve conhecer seus conceitos e aplica\u00e7\u00e3o nos casos em que atua. O que s\u00e3o os princ\u00edpios do Direito?&nbsp; Os [&hellip;]<\/p>\n","protected":false},"author":87,"featured_media":8799,"comment_status":"open","ping_status":"open","sticky":false,"template":"","format":"standard","meta":{"_bbp_topic_count":0,"_bbp_reply_count":0,"_bbp_total_topic_count":0,"_bbp_total_reply_count":0,"_bbp_voice_count":0,"_bbp_anonymous_reply_count":0,"_bbp_topic_count_hidden":0,"_bbp_reply_count_hidden":0,"_bbp_forum_subforum_count":0,"inline_featured_image":false,"footnotes":""},"categories":[45,18],"tags":[],"class_list":["post-8798","post","type-post","status-publish","format-standard","has-post-thumbnail","hentry","category-teoria-do-direito","category-direito-ambiental"],"acf":[],"_links":{"self":[{"href":"https:\/\/www.aurum.com.br\/blog\/wp-json\/wp\/v2\/posts\/8798","targetHints":{"allow":["GET"]}}],"collection":[{"href":"https:\/\/www.aurum.com.br\/blog\/wp-json\/wp\/v2\/posts"}],"about":[{"href":"https:\/\/www.aurum.com.br\/blog\/wp-json\/wp\/v2\/types\/post"}],"author":[{"embeddable":true,"href":"https:\/\/www.aurum.com.br\/blog\/wp-json\/wp\/v2\/users\/87"}],"replies":[{"embeddable":true,"href":"https:\/\/www.aurum.com.br\/blog\/wp-json\/wp\/v2\/comments?post=8798"}],"version-history":[{"count":15,"href":"https:\/\/www.aurum.com.br\/blog\/wp-json\/wp\/v2\/posts\/8798\/revisions"}],"predecessor-version":[{"id":29318,"href":"https:\/\/www.aurum.com.br\/blog\/wp-json\/wp\/v2\/posts\/8798\/revisions\/29318"}],"wp:featuredmedia":[{"embeddable":true,"href":"https:\/\/www.aurum.com.br\/blog\/wp-json\/wp\/v2\/media\/8799"}],"wp:attachment":[{"href":"https:\/\/www.aurum.com.br\/blog\/wp-json\/wp\/v2\/media?parent=8798"}],"wp:term":[{"taxonomy":"category","embeddable":true,"href":"https:\/\/www.aurum.com.br\/blog\/wp-json\/wp\/v2\/categories?post=8798"},{"taxonomy":"post_tag","embeddable":true,"href":"https:\/\/www.aurum.com.br\/blog\/wp-json\/wp\/v2\/tags?post=8798"}],"curies":[{"name":"wp","href":"https:\/\/api.w.org\/{rel}","templated":true}]}}