{"id":8758,"date":"2024-08-23T19:35:00","date_gmt":"2024-08-23T22:35:00","guid":{"rendered":"https:\/\/aurum.com.br\/blog\/agravo-de-instrumento\/"},"modified":"2025-11-24T22:07:42","modified_gmt":"2025-11-25T01:07:42","slug":"agravo-de-instrumento","status":"publish","type":"post","link":"https:\/\/www.aurum.com.br\/blog\/agravo-de-instrumento\/","title":{"rendered":"Tudo o que voc\u00ea precisa saber sobre agravo de instrumento [+Modelo]"},"content":{"rendered":"<div id=\"bsf_rt_marker\"><\/div><pre class=\"wp-block-preformatted\">O <strong>agravo de instrumento<\/strong> \u00e9 uma forma de recurso utilizada para contestar decis\u00f5es tomadas durante um processo judicial, especialmente aquelas que n\u00e3o p\u00f5em fim definitivo \u00e0 disputa em quest\u00e3o.\n<\/pre>\n\n\n<p>Neste artigo, falaremos sobre o conceito de agravo de instrumento, a sua diferencia\u00e7\u00e3o com rela\u00e7\u00e3o aos demais recursos existentes no sistema processual brasileiro, os requisitos do agravo de instrumento e muito mais. <\/p>\n\n\n\n<p>Boa leitura! <\/p>\n\n\n\n<h2 class=\"wp-block-heading\">O que \u00e9 agravo de instrumento?<\/h2>\n\n\n\n<p>O agravo de instrumento <strong>\u00e9 um recurso previsto no <\/strong><a href=\"https:\/\/www.planalto.gov.br\/ccivil_03\/_ato2015-2018\/2015\/lei\/l13105.htm\" target=\"_blank\" rel=\"noopener\"><strong>C\u00f3digo de Processo Civil<\/strong><\/a><strong> entre os artigos 1.015 e 1.020.<\/strong> Ele \u00e9 o recurso cab\u00edvel contra determinadas <a href=\"https:\/\/www.aurum.com.br\/blog\/decisao-interlocutoria\/\" data-type=\"URL\" data-id=\"https:\/\/www.aurum.com.br\/blog\/decisao-interlocutoria\/\">decis\u00f5es interlocut\u00f3rias<\/a> proferidas pelo Ju\u00edzo.&nbsp;<\/p>\n\n\n\n<p>N\u00e3o s\u00e3o todas as decis\u00f5es interlocut\u00f3rias &#8211; aquelas com conte\u00fado decis\u00f3rio &#8211; que podem ser combatidas pela via do agravo de instrumento. <\/p>\n\n\n\n<p>Isto porque as hip\u00f3teses de cabimento do agravo de instrumento s\u00e3o taxativas, e constam dos incisos do artigo 1.015, do CPC, como veremos adiante (ainda que haja certa mitiga\u00e7\u00e3o \u00e0 taxatividade ap\u00f3s decis\u00e3o do STJ no Recurso Especial n. 1.704.520).&nbsp;<\/p>\n\n\n\n<p>O agravo de instrumento <strong>materializa o princ\u00edpio do duplo grau de jurisdi\u00e7\u00e3o<\/strong>, de modo a permitir que as partes que se considerarem prejudicadas por uma decis\u00e3o proferida pelo Ju\u00edzo, cuja carga decis\u00f3ria n\u00e3o seja de senten\u00e7a, possam levar esta decis\u00e3o \u00e0 aprecia\u00e7\u00e3o do Tribunal competente. <\/p>\n\n\n\n<p>Dessa forma, o duplo grau de jurisdi\u00e7\u00e3o \u00e9 concretizado ao longo do processo, aplicando-se, inclusive, \u00e0s <a href=\"https:\/\/www.aurum.com.br\/blog\/decisao-interlocutoria\/\">decis\u00f5es interlocut\u00f3rias<\/a>.&nbsp;<\/p>\n\n\n\n<figure class=\"wp-block-embed aligncenter is-type-video is-provider-youtube wp-block-embed-youtube wp-embed-aspect-16-9 wp-has-aspect-ratio\"><div class=\"wp-block-embed__wrapper\">\n<iframe title=\"Agravo de instrumento: o que \u00e9 e quando usar\" width=\"500\" height=\"281\" src=\"https:\/\/www.youtube.com\/embed\/nF7RVgdMWo0?feature=oembed\" frameborder=\"0\" allow=\"accelerometer; autoplay; clipboard-write; encrypted-media; gyroscope; picture-in-picture; web-share\" referrerpolicy=\"strict-origin-when-cross-origin\" allowfullscreen><\/iframe>\n<\/div><figcaption class=\"wp-element-caption\">Saiba mais sobre agravo de instrumento e quando us\u00e1-lo.<\/figcaption><\/figure>\n\n\n\n<h2 class=\"wp-block-heading\">Para que serve o agravo de instrumento?<\/h2>\n\n\n\n<p>O agravo de instrumento serve para<strong> viabilizar que uma parte que se sinta prejudicada por determinada decis\u00e3o com conte\u00fado decis\u00f3rio possa submeter esta decis\u00e3o interlocut\u00f3ria \u00e0 reaprecia\u00e7\u00e3o pela Corte competente<\/strong>.&nbsp;<\/p>\n\n\n\n<p>As decis\u00f5es interlocut\u00f3rias que precedem as senten\u00e7as s\u00e3o determinantes para a instru\u00e7\u00e3o processual e, naturalmente, para o desfecho que as partes encontrar\u00e3o na senten\u00e7a.&nbsp;<\/p>\n\n\n\n<p>Assim, \u00e9 de extrema import\u00e2ncia que as decis\u00f5es interlocut\u00f3rias atendam aos interesses das partes, sob pena de que determinados direitos n\u00e3o sejam observados em sua plenitude.&nbsp;<\/p>\n\n\n\n<p>Por isso, o agravo de instrumento serve, ao fim e ao cabo, para materializar o duplo grau de jurisdi\u00e7\u00e3o ao longo da instru\u00e7\u00e3o processual, e n\u00e3o apenas ao fim, com a prola\u00e7\u00e3o da senten\u00e7a.<\/p>\n\n\n\n<style>\n    #adpost-block_707d13c304d59fdbc9a69e14baf63ac0.anuncio-post-reverse {\n        display: flex;\n        gap: 24px;\n        border-radius: 8px;\n        width: 100%;\n        max-width: 752px;\n        padding: 40px;\n        background: #CCD1FF;\n        margin: 16px auto;\n    }\n\n    #adpost-block_707d13c304d59fdbc9a69e14baf63ac0 .anuncio-container {\n        display: flex;\n        flex-direction: column;\n        gap: 24px;\n        width: 100%;\n        max-width: 333px;\n    }\n\n    #adpost-block_707d13c304d59fdbc9a69e14baf63ac0 .anuncio-container .logo {\n        width: 100%;\n        max-width: 177px;\n        margin: 0;\n    }\n\n    #adpost-block_707d13c304d59fdbc9a69e14baf63ac0 .anuncio-text-container {\n        display: flex;\n        flex-direction: column;\n        gap: 24px;\n    }\n\n    #adpost-block_707d13c304d59fdbc9a69e14baf63ac0 .anuncio-text-container .title {\n        font-family: 'Ubuntu';\n        font-size: 1.5rem; \/\/24px\n        font-weight: 700;\n        line-height: 120%;\n        margin: 0;\n        color: #000;\n    }\n\n    #adpost-block_707d13c304d59fdbc9a69e14baf63ac0 .anuncio-text-container .text {\n        font-size: 0.875rem;\n        font-weight: 400;\n        line-height: 170%;\n        color: #000;\n    }\n\n    #adpost-block_707d13c304d59fdbc9a69e14baf63ac0 .anuncio-container .button {\n        display: inline-flex;\n        align-items: center;\n        justify-content: center;\n        width: fit-content;\n        height: 48px;\n        border-radius: 8px;\n        padding: 12px 24px;\n        font-size: 1rem;\n        font-weight: 600;\n        text-decoration: none;\n        background: #3C48AA;\n        color: #fff;\n    }\n\n    #adpost-block_707d13c304d59fdbc9a69e14baf63ac0 .image-container {\n        position: relative;\n        width: 100%;\n        height: 100%;\n    }\n\n    #adpost-block_707d13c304d59fdbc9a69e14baf63ac0 .image-container.float {\n        min-height: 236px;\n    }\n\n    #adpost-block_707d13c304d59fdbc9a69e14baf63ac0 .image-container .image-desktop {\n        width: 100%;\n        max-width: 323px;\n        object-fit: contain;\n        margin: 0;\n    }\n\n    #adpost-block_707d13c304d59fdbc9a69e14baf63ac0 .image-container .image-mobile {\n        display: none;\n        width: 100%;\n        max-width: 291px;\n        object-fit: contain;\n        margin: 0;\n    }\n\n    #adpost-block_707d13c304d59fdbc9a69e14baf63ac0 .image-container.float .image-desktop,\n    #adpost-block_707d13c304d59fdbc9a69e14baf63ac0 .image-container.float .image-mobile {\n        position: absolute;\n        right: 0;\n        bottom: 0;\n    }\n\n    #adpost-block_707d13c304d59fdbc9a69e14baf63ac0 .image-container img {\n        border-radius: 8px;\n    }\n\n    \/************\n    * MOBILE \n    *************\/\n    @media (max-width: 1439px) {\n        #adpost-block_707d13c304d59fdbc9a69e14baf63ac0.anuncio-post-reverse {\n            flex-direction: column-reverse;\n            max-width: fit-content;\n            padding: 24px;\n        }\n\n        #adpost-block_707d13c304d59fdbc9a69e14baf63ac0 .anuncio-container {\n            max-width: 280px;\n            align-items: center;\n        }\n\n        #adpost-block_707d13c304d59fdbc9a69e14baf63ac0 .anuncio-container .logo {\n            max-width: 147px;\n        }\n\n        #adpost-block_707d13c304d59fdbc9a69e14baf63ac0 .anuncio-text-container {\n            gap: 8px;\n        }\n\n        #adpost-block_707d13c304d59fdbc9a69e14baf63ac0 .anuncio-text-container .title {\n            font-size: 1.25rem;\n            text-align: center;\n        }\n\n        #adpost-block_707d13c304d59fdbc9a69e14baf63ac0 .anuncio-text-container .text {\n            text-align: center;\n        }\n\n        #adpost-block_707d13c304d59fdbc9a69e14baf63ac0 .anuncio-container .button {\n            width: 100%;\n        }\n\n        #adpost-block_707d13c304d59fdbc9a69e14baf63ac0 .image-container.float {\n            min-height: 182px;\n        }\n\n        #adpost-block_707d13c304d59fdbc9a69e14baf63ac0 .image-container .image-desktop {\n            display: none;\n        }\n\n        #adpost-block_707d13c304d59fdbc9a69e14baf63ac0 .image-container .image-mobile {\n            display: block;\n        }\n    }\n\n    \/*******************\n    * RESET GLOBAL CSS \n    ********************\/\n    #s-post main article .content .image-container img {\n        margin: 0;\n    }\n<\/style>\n\n\n<article id=\"adpost-block_707d13c304d59fdbc9a69e14baf63ac0\" class=\"anuncio-post-reverse\">\n    <div class=\"anuncio-container\">\n        <img decoding=\"async\" class=\"logo\" src=\"https:\/\/www.aurum.com.br\/blog\/wp-content\/themes\/aurum\/img\/adposts\/logo-aurum-forum.png\" alt=\"Aurum\" \/>\n        <div class=\"anuncio-text-container\">\n             <h3 class=\"title\" >N\u00e3o encontrou todas as respostas por aqui?<\/h3>\n            <div class=\"text\" >No F\u00f3rum da Aurum, voc\u00ea pode levar sua pergunta e contar com a ajuda de advogados e advogadas que compartilham conhecimento de forma gratuita e acess\u00edvel<\/div>        <\/div>\n       \n        <a class=\"button\" href=\"\/blog\/forum-aurum\/?utm_source=blog&#038;utm_medium=adpost&#038;utm_campaign=forum-aurum\" target=\"_self\">Acesse agora<\/a>    <\/div>\n\n    <div class=\"image-container float\">\n        <img decoding=\"async\" class=\"image-desktop\" src=\"https:\/\/www.aurum.com.br\/blog\/wp-content\/themes\/aurum\/img\/adposts\/anuncio-reverse.png\" alt=\"\" \/>\n        <img decoding=\"async\" class=\"image-mobile\" src=\"https:\/\/www.aurum.com.br\/blog\/wp-content\/themes\/aurum\/img\/adposts\/anuncio-reverse-mobile.png\" alt=\"\" \/>    <\/div>\n<\/article>\n\n\n<p><a href=\"https:\/\/www.aurum.com.br\/blog\/transito-em-julgado\/\"><em>Leia tamb\u00e9m: O que \u00e9 tr\u00e2nsito em julgado e como funciona nos processos<\/em><\/a><\/p>\n\n\n\n<h2 class=\"wp-block-heading\">Quando cabe o agravo de instrumento?<\/h2>\n\n\n\n<p>O agravo de instrumento <strong>\u00e9 o recurso cab\u00edvel de decis\u00f5es interlocut\u00f3rias<\/strong>. Contudo, o recurso n\u00e3o \u00e9 cab\u00edvel contra toda e qualquer decis\u00e3o proferida ao longo do tr\u00e2mite processual.&nbsp;<\/p>\n\n\n\n<p>O art. 1.015 do CPC limita o espectro de aplicabilidade do recurso, dispondo textualmente que o agravo de instrumento \u00e9 cab\u00edvel contra as decis\u00f5es interlocut\u00f3rias que versarem sobre os seguintes aspectos:<\/p>\n\n\n\n<h3 class=\"wp-block-heading\">Tutelas provis\u00f3rias<\/h3>\n\n\n\n<p>Hip\u00f3tese em que o prejudicado por decis\u00e3o interlocut\u00f3ria que concedeu ou negou pedido de tutela provis\u00f3ria.&nbsp;<\/p>\n\n\n\n<p>As tutelas provis\u00f3rias <strong>s\u00e3o instrumentos utilizados para tutelar as situa\u00e7\u00f5es em que h\u00e1 urg\u00eancia ou evid\u00eancia relacionada \u00e0 observ\u00e2ncia de um determinado direito<\/strong>. O pedido deve ser instru\u00eddo com a demonstra\u00e7\u00e3o da urg\u00eancia e do perigo relacionado ao tempo do processo.<\/p>\n\n\n\n<h3 class=\"wp-block-heading\">M\u00e9rito do processo<\/h3>\n\n\n\n<p>Casos em que o <strong>Ju\u00edzo resolve parcialmente o m\u00e9rito<\/strong>. S\u00e3o exemplos: o julgamento liminar de improced\u00eancia do pedido e o julgamento antecipado parcial de m\u00e9rito. O fundamento do cabimento de agravo de instrumento reside na natureza da decis\u00e3o, que n\u00e3o coloca fim \u00e0 fase processual, mas t\u00e3o somente decide parte do lit\u00edgio.&nbsp;&nbsp;<\/p>\n\n\n\n<h3 class=\"wp-block-heading\">Rejei\u00e7\u00e3o da alega\u00e7\u00e3o de conven\u00e7\u00e3o de arbitragem&nbsp;<\/h3>\n\n\n\n<p>Dentre as formas alternativas de resolu\u00e7\u00e3o de conflitos est\u00e1 a arbitragem. No que se refere aos direitos patrimoniais dispon\u00edveis, as <strong>partes podem convencionar que eventuais lit\u00edgios sejam resolvidos por meio da arbitragem<\/strong>.&nbsp;<\/p>\n\n\n\n<p>Esta conven\u00e7\u00e3o pode ser estabelecida por meio do contrato que origina a rela\u00e7\u00e3o jur\u00eddica das partes ou ap\u00f3s o surgimento de um lit\u00edgio, quando houver a concord\u00e2ncia das partes.&nbsp;<\/p>\n\n\n\n<p>Apesar disso, n\u00e3o raro as partes que se sentem prejudicadas recorrem ao Judici\u00e1rio para a revis\u00e3o da decis\u00e3o do tribunal arbitral ou mesmo para questionar a conven\u00e7\u00e3o de arbitragem.&nbsp;<\/p>\n\n\n\n<p>Nestes casos, ausentes v\u00edcios graves, deve o Ju\u00edzo extinguir o feito, sem resolu\u00e7\u00e3o de m\u00e9rito. Quando isso n\u00e3o ocorrer, \u00e9 cab\u00edvel o agravo de instrumento da decis\u00e3o que rejeita a alega\u00e7\u00e3o de conven\u00e7\u00e3o de arbitragem.&nbsp;<\/p>\n\n\n\n<h3 class=\"wp-block-heading\">Incidente de desconsidera\u00e7\u00e3o da personalidade jur\u00eddica&nbsp;<\/h3>\n\n\n\n<p>O incidente de <a href=\"https:\/\/www.aurum.com.br\/blog\/desconsideracao-da-personalidade-juridica\/\">desconsidera\u00e7\u00e3o da personalidade jur\u00eddica<\/a> deve obedecer os requisitos legais aplic\u00e1veis ao caso concreto.&nbsp;<\/p>\n\n\n\n<p>Por ser um instituto de direito material, os requisitos variam de acordo com a lei aplic\u00e1vel, a citar como exemplo o <a href=\"https:\/\/www.planalto.gov.br\/ccivil_03\/leis\/2002\/l10406compilada.htm\" target=\"_blank\" rel=\"noopener\">C\u00f3digo Civil<\/a> (art. 50), a <a href=\"https:\/\/www.planalto.gov.br\/ccivil_03\/leis\/l6938.htm\" target=\"_blank\" rel=\"noopener\">Pol\u00edtica Nacional do Meio Ambiente<\/a> (art. 4\u00ba, Lei n. 9.605\/1998), o <a href=\"https:\/\/www.planalto.gov.br\/ccivil_03\/leis\/l8078compilado.htm\" target=\"_blank\" rel=\"noopener\">C\u00f3digo de Defesa do Consumidor<\/a> (art. 28) e a <a href=\"https:\/\/www.aurum.com.br\/blog\/lei-da-liberdade-economica\/\">Lei da Liberdade Econ\u00f4mica<\/a> (art. 7\u00ba, Lei n. 13.784\/2019).<\/p>\n\n\n\n<p>Como se sabe, o patrim\u00f4nio da pessoa jur\u00eddica n\u00e3o se confunde com as pessoas naturais, existindo uma indubit\u00e1vel autonomia patrimonial. A ideia \u00e9 que haja a segrega\u00e7\u00e3o de riscos para que as pessoas naturais sejam incentivadas a empreender e contribuir com a riqueza da na\u00e7\u00e3o, cujos benef\u00edcios revertem em favor de toda a sociedade.&nbsp;<\/p>\n\n\n\n<p>Por isso, o<strong> incidente de desconsidera\u00e7\u00e3o da personalidade jur\u00eddica \u00e9 procedimento excepcional, com o objetivo de afastar a prote\u00e7\u00e3o consubstanciada na separa\u00e7\u00e3o patrimonial da pessoa jur\u00eddica e da pessoa natural.<\/strong> O tr\u00e2mite do incidente \u00e9 apartado do processo.&nbsp;<\/p>\n\n\n\n<p>Das decis\u00f5es interlocut\u00f3rias proferidas ao longo da instru\u00e7\u00e3o do incidente de desconsidera\u00e7\u00e3o da personalidade jur\u00eddica, bem como da decis\u00e3o final do incidente, \u00e9 cab\u00edvel o agravo de instrumento.&nbsp;<\/p>\n\n\n\n<h3 class=\"wp-block-heading\">Rejei\u00e7\u00e3o do pedido de gratuidade da justi\u00e7a ou acolhimento do pedido de sua revoga\u00e7\u00e3o<\/h3>\n\n\n\n<p>Quando houver aprecia\u00e7\u00e3o do pedido de gratuidade da justi\u00e7a ou de sua impugna\u00e7\u00e3o, desde que haja o indeferimento do pedido ou o acolhimento do pedido de revoga\u00e7\u00e3o, caber\u00e1 o agravo de instrumento.&nbsp;<\/p>\n\n\n\n<p>A exce\u00e7\u00e3o aplica-se \u00e0s hip\u00f3teses em que a gratuidade da justi\u00e7a for apreciada em senten\u00e7a, quando a apela\u00e7\u00e3o ser\u00e1 o instrumento recursal adequado.&nbsp;<\/p>\n\n\n\n<p>Destaca-se que a <strong>impugna\u00e7\u00e3o ao benef\u00edcio da gratuidade da justi\u00e7a poder\u00e1 ser feita a qualquer momento processual<\/strong>, independentemente do grau de jurisdi\u00e7\u00e3o, a partir da ci\u00eancia da parte impugnante quanto \u00e0 inexist\u00eancia de hipossufici\u00eancia que justifique a manuten\u00e7\u00e3o do benef\u00edcio.&nbsp;<\/p>\n\n\n\n<h3 class=\"wp-block-heading\">Exibi\u00e7\u00e3o ou posse de documento ou coisa<\/h3>\n\n\n\n<p>Assim como na desconsidera\u00e7\u00e3o da personalidade jur\u00eddica, o pedido de exibi\u00e7\u00e3o ou posse de documento ou coisa obedece a um procedimento espec\u00edfico. O <strong>pedido pode ser formulado em incidente, por meio de a\u00e7\u00e3o pr\u00f3pria ou at\u00e9 por simples peti\u00e7\u00e3o<\/strong>.&nbsp;<\/p>\n\n\n\n<p>Caber\u00e1 agravo de instrumento contra a decis\u00e3o interlocut\u00f3ria que apreciar o requerimento de exibi\u00e7\u00e3o ou posse de documento ou coisa.<\/p>\n\n\n\n<h3 class=\"wp-block-heading\">Exclus\u00e3o de litisconsorte e rejei\u00e7\u00e3o do pedido de limita\u00e7\u00e3o do litiscons\u00f3rcio<\/h3>\n\n\n\n<p>O processo \u00e9 formado pelos polos ativo e passivo, sendo certo que \u00e9 poss\u00edvel que ambos os polos possuam mais de uma parte. Havendo mais de um sujeito de direito em qualquer dos polos, caracteriza-se o litiscons\u00f3rcio, que nada mais<strong> \u00e9 que a pluralidade de partes em um ou ambos os polos da rela\u00e7\u00e3o jur\u00eddica processual.&nbsp;<\/strong><\/p>\n\n\n\n<p>Nas hip\u00f3teses em que o litiscons\u00f3rcio for facultativo, o Ju\u00edzo poder\u00e1 limitar o n\u00famero de participantes da rela\u00e7\u00e3o processual.&nbsp;<\/p>\n\n\n\n<p>Quando houver decis\u00e3o que exclua um dos litisconsortes, independentemente da fundamenta\u00e7\u00e3o utilizada pelo Ju\u00edzo, poder\u00e1 a parte prejudicada impugnar a decis\u00e3o por meio de agravo de instrumento.&nbsp;<\/p>\n\n\n\n<p>Da mesma forma, quando for rejeitado o pedido de limita\u00e7\u00e3o do litiscons\u00f3rcio multitudin\u00e1rio, poder\u00e1 a parte se socorrer do agravo de instrumento.&nbsp;<\/p>\n\n\n\n<h3 class=\"wp-block-heading\">Admiss\u00e3o ou inadmiss\u00e3o de interven\u00e7\u00e3o de terceiros<\/h3>\n\n\n\n<p>Os casos de <a href=\"https:\/\/www.aurum.com.br\/blog\/intervencao-de-terceiros\/\">interven\u00e7\u00e3o de terceiros<\/a> s\u00e3o consubstanciados nos institutos da assist\u00eancia, da denuncia\u00e7\u00e3o da lide, do chamamento ao processo e do <em>amicus curiae<\/em>. S\u00e3o <strong>considerados terceiros aqueles que n\u00e3o comp\u00f5em a conforma\u00e7\u00e3o jur\u00eddica processual origin\u00e1ria<\/strong>.&nbsp;<\/p>\n\n\n\n<p>Por este motivo, o terceiro que se refere ao inciso do art. 1.015 \u00e9 aquele que deve ou que pretende ingressar no feito por ter interesse na demanda.&nbsp;<\/p>\n\n\n\n<p>As decis\u00f5es proferidas pelo Ju\u00edzo que admitem ou inadmitem a interven\u00e7\u00e3o de terceiros s\u00e3o recorr\u00edveis por meio de agravo de instrumento.&nbsp;<\/p>\n\n\n\n<h3 class=\"wp-block-heading\">Concess\u00e3o, modifica\u00e7\u00e3o ou revoga\u00e7\u00e3o do efeito suspensivo aos embargos \u00e0 execu\u00e7\u00e3o<\/h3>\n\n\n\n<p>Ao apresentar <a href=\"https:\/\/www.aurum.com.br\/blog\/embargos-a-execucao\/\">embargos \u00e0 execu\u00e7\u00e3o<\/a>, o <strong>executado manifesta sua resist\u00eancia em face do processo contra si ajuizado.<\/strong> A oposi\u00e7\u00e3o de embargos \u00e0 execu\u00e7\u00e3o n\u00e3o gera, como regra, a suspens\u00e3o do processo de execu\u00e7\u00e3o.&nbsp;<\/p>\n\n\n\n<p>Excepcionalmente, quando presentes os requisitos da probabilidade do direito e do perigo da demora, pode o Ju\u00edzo conceder efeito suspensivo aos embargos, a fim de que o executado n\u00e3o seja constrangido com a penhora e a expropria\u00e7\u00e3o de seus bens.&nbsp;<\/p>\n\n\n\n<p>O efeito suspensivo pode tamb\u00e9m ser modificado ou revogado, a depender da demonstra\u00e7\u00e3o de mudan\u00e7a da situa\u00e7\u00e3o f\u00e1tica que fundamentou o seu deferimento.&nbsp;<\/p>\n\n\n\n<p>O CPC prev\u00ea que as decis\u00f5es que concedam, modifiquem ou revoguem o efeito suspensivo atribu\u00eddo aos embargos \u00e0 execu\u00e7\u00e3o poder\u00e3o ser combatidas por meio do agravo de instrumento.&nbsp;<\/p>\n\n\n\n<p>Apesar de n\u00e3o constar expressamente no rol, as decis\u00f5es que negarem a concess\u00e3o do efeito suspensivo tamb\u00e9m poder\u00e3o ser objeto de agravo de instrumento, como decidiu o STJ no REsp n. 1.745.358.<\/p>\n\n\n<style>\r\n  .anuncios-post-astrea-ia {\r\n    display: flex;\r\n    gap: 24px;\r\n    justify-content: space-between;\r\n    align-items: center;\r\n    border-radius: 16px;\r\n    border: 1px solid #9A9AA4;\r\n    background: #FFFFFF;\r\n    padding: 23px;\r\n    margin: 1rem 0;\r\n    max-width: 540px;\r\n  }\r\n  #s-post main article .content .anuncios-post-astrea-ia .img-destaque,\r\n  .page-content-cp .page-main .anuncios-post-astrea-ia .img-destaque{\r\n    object-fit: cover;\r\n    width: 180px;\r\n    margin: 0;\r\n  }\r\n  #s-post main article .content .anuncios-post-astrea-ia i.icon-container img,\r\n  .page-content-cp .page-main .anuncios-post-astrea-ia i.icon-container img {\r\n    margin: 0;\r\n  }\r\n\r\n  .anuncios-post-astrea-ia .textos .icon-container {\r\n    max-width: 89px;\r\n    margin-bottom: 8px;\r\n    display: block;\r\n  }\r\n  .anuncios-post-astrea-ia .title {\r\n    font-weight: 600;\r\n    font-size: 20px;\r\n    line-height: 120%;\r\n    color: #000000;\r\n    margin-bottom: 16px;\r\n  }\r\n  .anuncios-post-astrea-ia .subtext {\r\n    display: block;\r\n    font-weight: 400;\r\n    font-size: 14px;\r\n    line-height: 130%;\r\n    color: #272727;\r\n    text-align: left;\r\n    margin-bottom: 16px;\r\n  }\r\n  #s-post main article .content .anuncios-post-astrea-ia .botao,\r\n  .page-content-cp .page-main .anuncios-post-astrea-ia .botao{\r\n    background: #008FD5;\r\n    border-radius: 4px;\r\n    padding: 12px 32px;\r\n    display: inline-block;\r\n    text-decoration: none !important;\r\n    color: #FFFFFF !important;\r\n    font-size: 14px;\r\n    font-weight: 700;\r\n  }\r\n  .anuncios-post-astrea-ia .botao:hover {\r\n    filter: opacity(0.9);\r\n  }\r\n  \/**********\r\n  * TABLET\r\n  ***********\/\r\n  @media (max-width: 1199px) {\r\n    .anuncios-post-astrea-ia {\r\n        flex-direction: column-reverse;\r\n        gap: 0;\r\n    }\r\n\r\n    .anuncios-post-astrea-ia .textos {\r\n        display: flex;\r\n        flex-direction: column;\r\n        align-items: center;\r\n    }\r\n\r\n    .anuncios-post-astrea-ia .title {\r\n        text-align: center;\r\n        font-size: 16px;\r\n    }\r\n\r\n    .anuncios-post-astrea-ia .subtext {\r\n        text-align: center;\r\n    }\r\n\r\n    #s-post main article .content .anuncios-post-astrea-ia .img-destaque,\r\n    .page-content-cp .page-main .anuncios-post-astrea-ia .img-destaque {\r\n        width: 195px;\r\n        height: 180px;\r\n        margin-bottom: 16px;\r\n    }\r\n  }\r\n<\/style>\r\n\r\n<div class=\"anuncios-post-astrea-ia\">\r\n    <div class=\"textos\">\r\n        <i class=\"icon-container\">\r\n            <img decoding=\"async\" src=\"https:\/\/res.cloudinary.com\/aurum-software\/image\/upload\/v1706562570\/aurum-site\/misc\/logo-ia-astrea-black.png\" alt=\"Logo Astrea IA\">\r\n        <\/i>\r\n        <div class=\"title\">\r\n            Descomplique a comunica\u00e7\u00e3o<br\/>\r\n            com o seu cliente\r\n        <\/div>\r\n        <span class=\"subtext\">\r\n            O seu atendimento na advocacia pode ser<br\/>\r\n            excelente em todos os momentos. Sem<br\/>\r\n            nenhum trabalho a mais para voc\u00ea.\r\n        <\/span>\r\n            <a class=\"botao\" data-gtm-custom=\"anuncio-post-btn\" href=\"\" target=\"_blank\">defina um titulo<\/a>\r\n        <\/div>\r\n    <img decoding=\"async\" class=\"img-destaque\" src=\"https:\/\/res.cloudinary.com\/aurum-software\/image\/upload\/v1706562570\/aurum-site\/misc\/modal-ia-man.webp\" alt=\"Homem sorrindo enquanto navega pelo app Astrea\">\r\n<\/div>\n\n\n<h3 class=\"wp-block-heading\">Redistribui\u00e7\u00e3o do \u00f4nus da prova nos termos do art. 373, \u00a71\u00ba<\/h3>\n\n\n\n<p>Nos termos do art. 373 do CPC, a<strong> parte autora possui o \u00f4nus de comprovar os fatos constitutivos do direito pleiteado.<\/strong> A parte r\u00e9, por outro lado, deve demonstrar os fatos impeditivos, modificativos ou extintivos do direito alegado pela parte autora.&nbsp;<\/p>\n\n\n\n<p>Contudo, a regra n\u00e3o \u00e9 estanque e comporta modula\u00e7\u00f5es. Isto porque existem especificidades que podem dificultar a produ\u00e7\u00e3o de determinada prova por qualquer dos polos da a\u00e7\u00e3o. Quando tais peculiaridades s\u00e3o identificadas, pode o Ju\u00edzo distribuir o \u00f4nus probat\u00f3rio de forma diversa, desde que haja fundamenta\u00e7\u00e3o adequada.<\/p>\n\n\n\n<p>A redistribui\u00e7\u00e3o do \u00f4nus probat\u00f3rio \u00e9, no mais das vezes, decisiva para o desfecho da demanda, eis que afeta diretamente o exerc\u00edcio do contradit\u00f3rio.&nbsp;<\/p>\n\n\n\n<p>Considerado o potencial preju\u00edzo que a decis\u00e3o de redistribui\u00e7\u00e3o do \u00f4nus pode causar \u00e0 instru\u00e7\u00e3o processual para uma das partes, a manifesta\u00e7\u00e3o do Ju\u00edzo pode ser impugnada pela via do agravo de instrumento.&nbsp;<\/p>\n\n\n\n<h4 class=\"wp-block-heading\">Outros casos expressamente referidos em lei (geralmente nos procedimentos especiais)<\/h4>\n\n\n\n<p>O inciso acima referido compreende as demais hip\u00f3teses previstas em leis especiais.&nbsp;<\/p>\n\n\n\n<h3 class=\"wp-block-heading\">Destaque: A mitiga\u00e7\u00e3o da taxatividade das hip\u00f3teses de cabimento do agravo de instrumento<\/h3>\n\n\n\n<p>Nos termos abordados anteriormente, havia uma grande controv\u00e9rsia a respeito da taxatividade do rol acima esmiu\u00e7ado. O STJ resolveu a discuss\u00e3o quando do julgamento do REsp. n. 1.704.520.&nbsp;<\/p>\n\n\n\n<p>Na decis\u00e3o, o STJ definiu o conceito de \u201ctaxatividade mitigada\u201d, segundo o qual poder\u00e1 o prejudicado interpor agravo de instrumento em face de decis\u00f5es interlocut\u00f3rias quando verificada a urg\u00eancia e o perigo da demora da revers\u00e3o da medida, caso haja a necessidade de aguardar o julgamento do recurso de apela\u00e7\u00e3o.<\/p>\n\n\n\n<p>Em interessante resumo, a Enciclop\u00e9dia Jur\u00eddica da PUC\/SP elencou \u201cnovas\u201d hip\u00f3teses de cabimento de agravo de instrumento a partir de decis\u00f5es do Superior Tribunal de Justi\u00e7a, cuja cita\u00e7\u00e3o \u00e9 transcrita:<\/p>\n\n\n\n<blockquote class=\"wp-block-quote is-layout-flow wp-block-quote-is-layout-flow\">\n<p><em>(a) REsp 1.797.991, a decis\u00e3o interlocut\u00f3ria que versa sobre a admiss\u00e3o de terceiro em a\u00e7\u00e3o judicial com o consequente deslocamento da compet\u00eancia para Justi\u00e7a distinta;<\/em><em><br><\/em><em>(b) REsp 1.757.123, a decis\u00e3o interlocut\u00f3ria que aprecia a argui\u00e7\u00e3o de impossibilidade jur\u00eddica do pedido;<\/em><em><br><\/em><em>(c) REsp 1.827.553, a decis\u00e3o interlocut\u00f3ria que trata de majora\u00e7\u00e3o da multa em tutela provis\u00f3ria; e o pr\u00f3prio <\/em><em><br><\/em><em>(d) REsp 1.704.520, a decis\u00e3o interlocut\u00f3ria que analisa o debate sobre compet\u00eancia relativa ou absoluta.\u201d<\/em><\/p>\n<\/blockquote>\n\n\n\n<h2 class=\"wp-block-heading\">Quais requisitos para o agravo de instrumento?<\/h2>\n\n\n\n<p>A estrutura\u00e7\u00e3o do recurso de agravo de instrumento <strong>deve observar alguns requisitos que est\u00e3o dispostos no C\u00f3digo de Processo Civil, notadamente nos art. 1.016 e 1.017<\/strong>.<\/p>\n\n\n\n<p>Deve-se destacar que o agravo de instrumento deve ser dirigido diretamente ao Tribunal competente. A peti\u00e7\u00e3o que veicular\u00e1 o agravo de instrumento dever\u00e1 conter obrigatoriamente os seguintes elementos:&nbsp;<\/p>\n\n\n\n<ul class=\"wp-block-list\">\n<li><strong>Nomes das partes;&nbsp;<\/strong><\/li>\n\n\n\n<li><strong>Exposi\u00e7\u00e3o do fato e do direito;&nbsp;<\/strong><\/li>\n\n\n\n<li><strong>Raz\u00f5es do pedido de reforma ou de invalida\u00e7\u00e3o da decis\u00e3o e o pr\u00f3prio pedido;<\/strong><\/li>\n\n\n\n<li><strong>O nome e o endere\u00e7o completo dos advogados constantes do processo.&nbsp;<\/strong><\/li>\n<\/ul>\n\n\n\n<p>Ainda, o agravo de instrumento dever\u00e1 estar acompanhado:&nbsp;<\/p>\n\n\n\n<ul class=\"wp-block-list\">\n<li>Obrigatoriamente, com c\u00f3pias da inicial, da contesta\u00e7\u00e3o, da peti\u00e7\u00e3o que ensejou a decis\u00e3o agravada, da pr\u00f3pria decis\u00e3o agravada, da certid\u00e3o da respectiva intima\u00e7\u00e3o ou outro documento oficial que comprove a tempestividade das procura\u00e7\u00f5es outorgadas aos advogados do agravante e do agravado;&nbsp;<\/li>\n\n\n\n<li>Com declara\u00e7\u00e3o de inexist\u00eancia de qualquer dos documentos referidos acima, feita pelo advogado do agravante, sob pena de responsabiliza\u00e7\u00e3o pessoal;<\/li>\n\n\n\n<li>Facultativamente, com outras pe\u00e7as que o agravante reputar \u00fateis.&nbsp;<\/li>\n<\/ul>\n\n\n\n<p>O CPC inovou ao dispensar a juntada das pe\u00e7as descritas nos itens I e II acima quando os autos do processo forem eletr\u00f4nicos. Permanece, no entanto, a faculdade de que a parte agravante anexe outros documentos que entender \u00fateis \u00e0 compreens\u00e3o da controv\u00e9rsia.<\/p>\n\n\n\n<p>\u00c9 importante destacar que <strong>o recurso dever\u00e1 estar acompanhado do pagamento das respectivas custas<\/strong>.&nbsp;<\/p>\n\n\n\n<h2 class=\"wp-block-heading\">Qual o prazo para interpor o agravo de instrumento?<\/h2>\n\n\n\n<p>O prazo para interposi\u00e7\u00e3o do agravo de instrumento \u00e9 de<strong> 15 dias \u00fateis<\/strong>, sendo o termo inicial de contagem a publica\u00e7\u00e3o da decis\u00e3o impugnada.&nbsp;<\/p>\n\n\n\n<h2 class=\"wp-block-heading\">Quem julga o agravo de instrumento?<\/h2>\n\n\n\n<p>O agravo de instrumento <strong>dever\u00e1 ser julgado pelo Tribunal competente<\/strong>, a depender da mat\u00e9ria.&nbsp;<\/p>\n\n\n\n<p>Ao receber o recurso, dentro de 5 (cinco dias) o relator:<\/p>\n\n\n\n<ul class=\"wp-block-list\">\n<li>Poder\u00e1 atribuir efeito suspensivo ao recurso ou deferir, em antecipa\u00e7\u00e3o de tutela, total ou parcialmente, a pretens\u00e3o recursal, comunicando ao Ju\u00edzo sua decis\u00e3o;&nbsp;<\/li>\n\n\n\n<li>Ordenar\u00e1 a intima\u00e7\u00e3o do agravado pessoalmente, por carta com AR, quando n\u00e3o tiver procurador constitu\u00eddo, ou pelo Di\u00e1rio da Justi\u00e7a ou por carta com AR dirigida ao seu advogado, para que responda no prazo de 15 (quinze) dias, facultando-lhe juntar a documenta\u00e7\u00e3o que entender necess\u00e1ria ao julgamento do recurso;&nbsp;<\/li>\n\n\n\n<li>Determinar\u00e1 a intima\u00e7\u00e3o do MP, preferencialmente por meio eletr\u00f4nico, quando for o caso de sua interven\u00e7\u00e3o, para que se manifeste no prazo de 15 (quinze) dias.&nbsp;<\/li>\n\n\n\n<li>O relator dever\u00e1 solicitar um dia para julgamento do recurso em prazo n\u00e3o superior a 1 (um) m\u00eas da intima\u00e7\u00e3o do agravado.&nbsp;<\/li>\n<\/ul>\n\n\n\n<p>\u00c9 importante destacar que os prazos atribu\u00eddos ao relator s\u00e3o chamados de prazos impr\u00f3prios, o que significa dizer que o eventual descumprimento do prazo n\u00e3o gera quaisquer consequ\u00eancias processuais.<\/p>\n\n\n\n<p><a href=\"https:\/\/www.aurum.com.br\/blog\/prazos-processuais\/\"><em>Leia tamb\u00e9m: Guia completo de prazos processuais no Novo CPC<\/em><\/a><\/p>\n\n\n\n<h2 class=\"wp-block-heading\">Agravo de instrumento no Novo CPC<\/h2>\n\n\n\n<p>O <a href=\"https:\/\/www.aurum.com.br\/blog\/novo-cpc-comentado\/\"><strong>Novo CPC<\/strong><\/a><strong> trouxe altera\u00e7\u00f5es para o regime normativo do agravo de instrumento<\/strong>. \u00c9 bem verdade que o modelo inaugurado no <a href=\"https:\/\/www.planalto.gov.br\/ccivil_03\/leis\/l5869.htm\" target=\"_blank\" rel=\"noopener\">CPC de 1973<\/a> foi sendo modificado ao longo do tempo, de sorte que abord\u00e1-lo em retrospectiva requer um detalhamento temporal segregado.&nbsp;<\/p>\n\n\n\n<p>Por isso, confira as principais modifica\u00e7\u00f5es materializadas a partir da edi\u00e7\u00e3o do CPC de 2015:&nbsp;<\/p>\n\n\n\n<ul class=\"wp-block-list\">\n<li>O CPC <strong>inaugurou novas hip\u00f3teses de cabimento do agravo de instrumento<\/strong>, cujos detalhes foram abordados anteriormente;<\/li>\n\n\n\n<li><strong>Ampliou o prazo de interposi\u00e7\u00e3o<\/strong>, que era de 10 dias corridos e passou a ser de 15 dias \u00fateis;&nbsp;<\/li>\n\n\n\n<li>Na falta de um dos requisitos do agravo de instrumento, o art. 1.017 <strong>prev\u00ea a intima\u00e7\u00e3o do agravante para complementar o recurso<\/strong>, no prazo de 5 (cinco) dias \u00fateis.<\/li>\n<\/ul>\n\n\n\n<p>Veja tamb\u00e9m o v\u00eddeo sobre agravo de instrumentos para completar o que trouxe o Novo CPC:<\/p>\n\n\n\n<figure class=\"wp-block-embed is-type-video is-provider-youtube wp-block-embed-youtube wp-embed-aspect-16-9 wp-has-aspect-ratio\"><div class=\"wp-block-embed__wrapper\">\n<iframe title=\"AGU Explica - Agravo de Instrumento\" width=\"500\" height=\"281\" src=\"https:\/\/www.youtube.com\/embed\/sv36H0TFnhk?feature=oembed\" frameborder=\"0\" allow=\"accelerometer; autoplay; clipboard-write; encrypted-media; gyroscope; picture-in-picture; web-share\" referrerpolicy=\"strict-origin-when-cross-origin\" allowfullscreen><\/iframe>\n<\/div><\/figure>\n\n\n\n<h2 class=\"wp-block-heading\">Modelo de agravo de instrumento<\/h2>\n\n\n\n<p>A estrutura\u00e7\u00e3o adequada do recurso, atendidos os requisitos legais, \u00e9 essencial para melhor aprecia\u00e7\u00e3o do recurso. Por isso, o agravo de instrumento deve estar acompanhado de todas as pe\u00e7as essenciais e dos demais documentos que possam refor\u00e7ar a tese apresentada.&nbsp;<\/p>\n\n\n\n<p>Para auxiliar os(as) colegas que nos acompanharam durante este artigo, foram disponibilizados dois modelos de agravo de instrumento que leva em conta os aspectos essenciais do recurso.&nbsp;<\/p>\n\n\n\n<p>\u00c9 <strong>necess\u00e1rio ressaltar que cada agravo de instrumento deve ser feito de forma individualizada<\/strong>, em aten\u00e7\u00e3o \u00e0s especificidades do caso concreto e ao espectro de impugna\u00e7\u00e3o que o recurso busca atingir.<\/p>\n\n\n<style>\r\n  .anuncios-post-modelo-peticao {\r\n    display: flex;\r\n    gap: 24px;\r\n    justify-content: space-between;\r\n    align-items: center;\r\n    border-radius: 16px;\r\n    border: none;\r\n    background: #D5DAFF;\r\n    padding: 24px;\r\n    margin: 1rem 0;\r\n    max-width: 640px;\r\n  }\r\n\r\n  #s-post .anuncios-post-modelo-peticao .adpost-modelo-peticao-image {\r\n    margin: auto;\r\n    width: 219px;\r\n    min-width: 207px;\r\n    height: 217px;\r\n    aspect-ratio: 219.01\/217.09;\r\n    border-radius: 16px;\r\n  }\r\n\r\n  #s-post .anuncios-post-modelo-peticao .adpost-modelo-peticao-image img {\r\n    height: 100%;\r\n    border-radius: 16px;\r\n    aspect-ratio: 219.01\/217.09;\r\n    margin: auto;\r\n  }\r\n\r\n  .anuncios-post-modelo-peticao .textos {\r\n    display: flex;\r\n    flex-direction: column;\r\n    gap: 16px;\r\n  }\r\n\r\n  .anuncios-post-modelo-peticao .adpost-content {\r\n    display: flex;\r\n    flex-direction: column;\r\n    gap: 32px;\r\n  }\r\n\r\n  .anuncios-post-modelo-peticao .subtext {\r\n    display: block;\r\n  }\r\n\r\n  #s-post main article .content .anuncios-post-modelo-peticao .img-destaque {\r\n    object-fit: cover;\r\n    width: 180px;\r\n    margin: 0;\r\n  }\r\n\r\n  .anuncios-post-modelo-peticao .title {\r\n    font-weight: 600;\r\n    font-size: 21px;\r\n    line-height: 120%;\r\n    color: #000000;\r\n  }\r\n  .anuncios-post-modelo-peticao .subtext {\r\n    display: block;\r\n    font-weight: 400;\r\n    font-size: 14px;\r\n    line-height: 130%;\r\n    color: #272727;\r\n    text-align: left;\r\n  }\r\n  #s-post main article .content .anuncios-post-modelo-peticao .botao {\r\n    \/* background: #004773; *\/\r\n    background: #3B48AA;\r\n    border-radius: 4px;\r\n    padding: 12px 32px;\r\n    display: inline-block;\r\n    text-decoration: none !important;\r\n    color: #FFFFFF !important;\r\n    font-size: 14px;\r\n    font-weight: 700;\r\n    width: fit-content;\r\n  }\r\n  .anuncios-post-modelo-peticao .botao:hover {\r\n    filter: opacity(0.9);\r\n  }\r\n  \/**********\r\n  * TABLET\r\n  ***********\/\r\n  @media (max-width: 1310px) and (min-width: 800px) {\r\n    .anuncios-post-modelo-peticao .title {\r\n      font-size: 18px;\r\n    }\r\n  }\r\n\r\n  @media (max-width: 800px) {\r\n    .anuncios-post-modelo-peticao .title {\r\n      font-size: 16px;\r\n    }\r\n\r\n    .anuncios-post-modelo-peticao .subtext {\r\n      font-size: 12px;\r\n    }\r\n\r\n    #s-post main article .content .anuncios-post-modelo-peticao .botao {\r\n      font-size: 12px;\r\n    }\r\n\r\n   #s-post .anuncios-post-modelo-peticao .adpost-modelo-peticao-image {\r\n        width: 180px;\r\n        min-width: 180px;\r\n        height: 176px;\r\n    }\r\n  }\r\n\r\n  @media (max-width: 500px) {\r\n    .anuncios-post-modelo-peticao {\r\n        flex-direction: column-reverse;\r\n        gap: 0;\r\n    }\r\n\r\n    .anuncios-post-modelo-peticao .adpost-content {\r\n      gap: 24px;\r\n    }\r\n\r\n    .anuncios-post-modelo-peticao .textos {\r\n        align-items: center;\r\n    }\r\n\r\n    .anuncios-post-modelo-peticao .title {\r\n        text-align: center;\r\n    }\r\n\r\n    .anuncios-post-modelo-peticao .subtext {\r\n        text-align: center;\r\n    }\r\n\r\n    #s-post main article .content .anuncios-post-modelo-peticao .img-destaque {\r\n        width: 195px;\r\n        height: 180px;\r\n        margin-bottom: 16px;\r\n    }\r\n\r\n    .anuncios-post-modelo-peticao .title {\r\n      font-size: 18px;\r\n    }\r\n\r\n    .anuncios-post-modelo-peticao .subtext {\r\n      font-size: 14px;\r\n    }\r\n\r\n    #s-post main article .content .anuncios-post-modelo-peticao .botao {\r\n      font-size: 14px;\r\n      width: 100%;\r\n      text-align: center;\r\n    }\r\n\r\n\r\n    #s-post .anuncios-post-modelo-peticao .adpost-modelo-peticao-image {\r\n      width: 100%;\r\n      height: auto;\r\n      margin-bottom: 24px;\r\n    }\r\n  }\r\n<\/style>\r\n\r\n<div class=\"anuncios-post-modelo-peticao\">\r\n      <div class=\"adpost-content\">\r\n      <div class=\"textos\">\r\n          <div class=\"title\">\r\n            Modelo de Agravo de Instrumento          <\/div>\r\n          <div class=\"subtext\">\r\n            <span>\r\n              Use o modelo gratuito criado pelo advogado Rodrigo Tissot e garanta mais clareza e alinhamento ao NCPC na sua pe\u00e7a.            <\/span>\r\n          <\/div>\r\n      <\/div>\r\n            <a class=\"botao\" data-gtm-custom=\"anuncio-post-btn\" href=\"https:\/\/www.aurum.com.br\/blog\/material\/modelo-agravo-de-instrumento\/?utm_source=blog&#038;utm_medium=adpost&#038;utm_campaign=agravo-de-instrumento\" target=\"_blank\">Acessar gr\u00e1tis<\/a>\r\n    <\/div>\r\n            <img decoding=\"async\" src=\"https:\/\/www.aurum.com.br\/blog\/wp-content\/themes\/aurum\/img\/adpost-modelo-peticao-placeholder.png\" alt=\"\" class=\"adpost-modelo-peticao-image\">\r\n       \r\n\r\n<\/div>\n\n\n<h2 class=\"wp-block-heading\">Perguntas frequentes sobre o tema<\/h2>\n\n\n\n<h3 class=\"wp-block-heading\">O que \u00e9 agravo de instrumento?<\/h3>\n\n\n\n<p>O agravo de instrumento \u00e9 um recurso utilizado para <strong>impugnar decis\u00f5es interlocut\u00f3rias (decis\u00f5es durante o curso do processo) <\/strong>proferidas pelo juiz.<\/p>\n\n\n\n<h3 class=\"wp-block-heading\">Quais s\u00e3o as principais decis\u00f5es interlocut\u00f3rias que podem ser objeto de agravo de instrumento?<\/h3>\n\n\n\n<p>Geralmente, <strong>decis\u00f5es que causam preju\u00edzo imediato e irrepar\u00e1vel a uma das partes<\/strong>, como decis\u00f5es sobre tutelas de urg\u00eancia, produ\u00e7\u00e3o antecipada de provas, etc.<\/p>\n\n\n\n<h3 class=\"wp-block-heading\">Qual \u00e9 a diferen\u00e7a entre agravo de instrumento e agravo retido?<\/h3>\n\n\n\n<p>Enquanto o agravo de instrumento \u00e9 interposto para impugnar decis\u00f5es imediatamente, o agravo retido \u00e9 interposto para que a parte manifeste sua discord\u00e2ncia, mas a decis\u00e3o s\u00f3 ser\u00e1 analisada em eventual recurso de apela\u00e7\u00e3o.<\/p>\n\n\n\n<h3 class=\"wp-block-heading\">Quais s\u00e3o os requisitos para a interposi\u00e7\u00e3o de agravo de instrumento?<\/h3>\n\n\n\n<p>Entre os requisitos est\u00e3o a exist\u00eancia de decis\u00e3o a ser impugnada, a <strong>demonstra\u00e7\u00e3o do preju\u00edzo imediato e a apresenta\u00e7\u00e3o de instrumento <\/strong>(pe\u00e7as obrigat\u00f3rias que comp\u00f5em o recurso).<\/p>\n\n\n\n<h3 class=\"wp-block-heading\">Qual \u00e9 o prazo para interpor agravo de instrumento?<\/h3>\n\n\n\n<p>O prazo comum \u00e9 de <strong>15 dias a partir da publica\u00e7\u00e3<\/strong>o ou da intima\u00e7\u00e3o da decis\u00e3o a ser impugnada.<\/p>\n\n\n\n<h3 class=\"wp-block-heading\">Quem \u00e9 competente para julgar o agravo de instrumento?<\/h3>\n\n\n\n<p>O <strong>tribunal ao qual o recurso \u00e9 dirigido<\/strong> \u00e9 competente para julgar o agravo de instrumento.<\/p>\n\n\n\n<h3 class=\"wp-block-heading\">Quais s\u00e3o as consequ\u00eancias do n\u00e3o conhecimento ou n\u00e3o provimento do agravo de instrumento?<\/h3>\n\n\n\n<p>O n\u00e3o conhecimento ou n\u00e3o provimento do agravo de instrumento<strong> mant\u00e9m a decis\u00e3o interlocut\u00f3ria impugnada,<\/strong> que ser\u00e1 analisada junto com o recurso de apela\u00e7\u00e3o, se interposto.<\/p>\n\n\n\n<h2 class=\"wp-block-heading\">Conclus\u00e3o<\/h2>\n\n\n\n<p>O agravo de instrumento \u00e9 instituto essencial para que o(a) advogado(a)<strong> garanta que o seu cliente n\u00e3o seja prejudicado por decis\u00f5es interlocut\u00f3rias proferidas ao longo do processo<\/strong>.&nbsp;<\/p>\n\n\n\n<p>Como materializa\u00e7\u00e3o do duplo grau de jurisdi\u00e7\u00e3o, o recurso deve ser utilizado sempre que necess\u00e1rio para evitar um preju\u00edzo processual que possa refletir diretamente na decis\u00e3o de m\u00e9rito do lit\u00edgio em quest\u00e3o.&nbsp;<\/p>\n\n\n\n<p>Por isso, \u00e9 extremamente importante que os profissionais estejam amplamente familiarizados com tudo o que envolve o recurso, especialmente quanto \u00e0s hip\u00f3teses de cabimento (legais e jurisprudenciais), \u00e0 estrutura\u00e7\u00e3o formal do recurso, \u00e0s estrat\u00e9gias de veicula\u00e7\u00e3o das teses e \u00e0 formula\u00e7\u00e3o dos pedidos.&nbsp;<\/p>\n\n\n\n<h3 class=\"wp-block-heading\">Mais conhecimento para voc\u00ea<\/h3>\n\n\n\n<ul class=\"wp-block-list\">\n<li><a href=\"https:\/\/www.aurum.com.br\/blog\/audiencia-de-instrucao-e-julgamento\/\">Audi\u00eancia de Instru\u00e7\u00e3o e Julgamento<\/a><\/li>\n\n\n\n<li><a href=\"https:\/\/www.aurum.com.br\/blog\/sumula-vinculante\/\">S\u00famula vinculante<\/a><\/li>\n\n\n\n<li><a href=\"https:\/\/www.aurum.com.br\/blog\/embargos-de-terceiro\/\">Embargos de terceiro<\/a><\/li>\n\n\n\n<li><a href=\"https:\/\/www.aurum.com.br\/blog\/honorarios-de-sucumbencia\/\">Honor\u00e1rios de sucumb\u00eancia<\/a><\/li>\n\n\n\n<li><a href=\"https:\/\/www.aurum.com.br\/blog\/execucao-de-alimentos\/\">Execu\u00e7\u00e3o de alimentos<\/a><\/li>\n\n\n\n<li><a href=\"https:\/\/www.aurum.com.br\/blog\/agravo-de-peticao-trabalhista\/\">Agravo de peti\u00e7\u00e3o trabalhista<\/a><\/li>\n\n\n\n<li><a href=\"https:\/\/www.aurum.com.br\/blog\/embargos-de-declaracao-trabalhista\/\" data-type=\"URL\" data-id=\"https:\/\/www.aurum.com.br\/blog\/embargos-de-declaracao-trabalhista\/\">Embargos de declara\u00e7\u00e3o trabalhista<\/a><\/li>\n\n\n\n<li><a href=\"https:\/\/www.aurum.com.br\/blog\/principios-fundamentais\/\">Conhe\u00e7a os princ\u00edpios fundamentais da Constitui\u00e7\u00e3o Federal<\/a><\/li>\n\n\n\n<li><a href=\"https:\/\/www.aurum.com.br\/blog\/impugnacao-a-contestacao\/\">Entenda o que \u00e9 impugna\u00e7\u00e3o \u00e0 contesta\u00e7\u00e3o [+Modelo]<\/a><\/li>\n\n\n\n<li><a href=\"https:\/\/www.aurum.com.br\/blog\/agravo-de-instrumento-trabalhista\/\" data-type=\"link\" data-id=\"https:\/\/www.aurum.com.br\/blog\/agravo-de-instrumento-trabalhista\/\">Como funciona o agravo de instrumento trabalhista [+MODELO]<\/a><\/li>\n\n\n\n<li><a href=\"https:\/\/www.aurum.com.br\/blog\/intervencao-de-terceiros\/\" data-type=\"link\" data-id=\"https:\/\/www.aurum.com.br\/blog\/intervencao-de-terceiros\/\">O que \u00e9 a interven\u00e7\u00e3o de terceiros no Novo CPC<\/a><\/li>\n\n\n\n<li><a href=\"https:\/\/www.aurum.com.br\/blog\/contrato-de-parceria\/\" data-type=\"link\" data-id=\"https:\/\/www.aurum.com.br\/blog\/contrato-de-parceria\/\">Contrato de Parceria: entenda o que \u00e9 e requisitos<\/a> <\/li>\n\n\n\n<li><a href=\"https:\/\/www.aurum.com.br\/blog\/principio-da-insignificancia\/\" data-type=\"link\" data-id=\"https:\/\/www.aurum.com.br\/blog\/principio-da-insignificancia\/\">Princ\u00edpio da insignific\u00e2ncia: o que \u00e9<\/a><\/li>\n<\/ul>\n\n\n<style>\r\n  .news-post {\r\n    background: url('https:\/\/www.aurum.com.br\/blog\/wp-content\/themes\/aurum\/img\/bg-news-artigo.svg') no-repeat top center #3C48AA;\r\n    padding: 1.5rem;\r\n    border-radius: 6px;\r\n    margin: 1rem 0;\r\n  }\r\n  .news-post .icone {\r\n    display: none;\r\n  }\r\n  .news-post .title {\r\n    font-weight: 700;\r\n    font-size: 16px;\r\n    line-height: 130%;\r\n    text-align: center;\r\n    letter-spacing: -0.5px;\r\n    color: #fff;\r\n    margin-bottom: .9375rem;\r\n  }\r\n  .news-post p {\r\n    font-size: .875rem;\r\n    line-height: 140%;\r\n    text-align: center;\r\n    color: #fff;\r\n    margin-bottom: 1.25rem;\r\n  }\r\n  .news-post .news_button_span {\r\n    font-size: .8125rem;\r\n    display: block;\r\n    padding: .125rem .3125rem;\r\n    color: #fff;\r\n    text-align:left;\r\n  }\r\n  .news-post .news_button_span a {\r\n    color: #fff !important;\r\n    text-decoration: underline;\r\n  }\r\n  .news-post form {\r\n    width: 100%;\r\n  }\r\n  .news-post label {\r\n    font-weight: 600;\r\n    font-size: .9375rem;\r\n    line-height: 1.5rem;\r\n    margin-bottom: .5rem;\r\n    color: #fff;\r\n    display: block;\r\n  }\r\n  .news-post input {\r\n    background: #fff;\r\n    border: 1px solid #CBCBD9;\r\n    box-sizing: border-box;\r\n    border-radius: 4px;\r\n    padding: .75rem 1rem;\r\n    width: 100%;\r\n  }\r\n  .news-post button {\r\n    margin-top: .875rem;\r\n    width: 100%;\r\n    min-width: auto;\r\n    background: #FCC632;\r\n    color: #3C48AA;\r\n  }\r\n  .news-post .input {\r\n    position: relative;\r\n    padding-bottom: 10px;\r\n  }\r\n  .news-post .error-message-ad {\r\n    font-size: .875rem;\r\n    line-height: 130%;\r\n    color: #D50021;\r\n    margin-left: 4px;\r\n  }\r\n  .news-post .error {\r\n    border: 1px solid #D50021;\r\n  }\r\n  .news-post #message-form-ad {\r\n    border-radius: 4px;\r\n    padding: 0.7rem;\r\n    font-size:0.8rem;\r\n    text-align: center;\r\n    align-items: center;\r\n    justify-content: center;\r\n    display: none;\r\n  }\r\n  .news-post #message-form-ad svg {\r\n    margin-right: 8px;\r\n  }\r\n\r\n  @media(min-width: 561px) {\r\n    .news-post {\r\n      position: relative;\r\n      background: url('https:\/\/www.aurum.com.br\/blog\/wp-content\/themes\/aurum\/img\/bg-news-artigo.svg') no-repeat top center #3C48AA;\r\n      width: calc(100% - 30px);\r\n    }\r\n    .news-post .icone {\r\n      display: block;\r\n      position: absolute;\r\n      right: -30px;\r\n      top: 65px;\r\n      max-width: 142px;\r\n      width: 100%;\r\n      height: auto;\r\n      margin: 0;\r\n    }\r\n    .news-post .title {\r\n      font-size: 1.125rem;\r\n      text-align: left;\r\n      \/* padding-right: 3.75rem; *\/\r\n    }\r\n    .news-post p {\r\n      font-size: 1rem;\r\n      text-align: left;\r\n      max-width: 400px;\r\n    }\r\n    .news-post .boxes {\r\n      display: flex;\r\n      align-items: flex-start;\r\n    }\r\n    .news-post button {\r\n      margin: 0 0 0 1rem;\r\n      width: 100%;\r\n      max-width: 170px;\r\n      min-width: auto;\r\n      transition: all ease .3s\r\n    }\r\n    .news-post button:hover {\r\n      opacity: 0.9;\r\n      transition: all ease .3s\r\n    }\r\n    .news-post #message-form-ad {\r\n      padding: 1.125rem;\r\n      font-size:1rem;\r\n    }\r\n    .news-post #message-form-ad svg {\r\n      margin-right: 10px;\r\n    }\r\n  }\r\n<\/style>\r\n\r\n<div class=\"news-post\">\r\n  <div class=\"title news-ad-title\">Gostou do artigo e quer evoluir a sua advocacia?<\/div>\r\n  <p class=\"news-ad-subtitle\">Assine gr\u00e1tis a Aurum News e receba uma dose semanal de conte\u00fado no seu e-mail! \u270c\ufe0f<\/p>\r\n  <img decoding=\"async\" src=\"https:\/\/www.aurum.com.br\/blog\/wp-content\/themes\/aurum\/img\/icon-news-artigo.svg\" alt=\"\" class=\"icone\">\r\n\r\n  <form method=\"post\" name=\"newsletter-ad\" id=\"aurum-newsletter-ad\">\r\n    <div class=boxes>\r\n      <div class=\"input\">\r\n        <label class=\"label-email\" htmlFor=\"email-ad\">Qual seu e-mail?<\/label>\r\n        <input type=\"email\" id=\"email-ad\" name=\"newsletter-mail-ad\" placeholder=\"Digite seu e-mail?\">\r\n        <div class=\"error-message-ad-email\">Endere\u00e7o de e-mail inv\u00e1lido ou incorreto<\/div>\r\n\r\n        <label class=\"label-select\" htmlFor=\"lawsuits-select-ad\">\r\n          Quantos processos voc\u00ea ou<br class=\"for-desktop\"\/> seu escrit\u00f3rio acompanham?\r\n        <\/label>\r\n        <div id=\"lawsuits-select-ad\" class=\"lawsuits-select select-wrapper\" tabindex=\"0\">\r\n          <div class=\"s-dropdown--styled\">\r\n          <span class=\"lawsuits-default\">\r\n            <span id=\"lawsuits-newsletter-ad\" class=\"lawsuits-default-text\" data-value=\"\">Selecione os processos<\/span>\r\n            <svg class=\"chevron\" xmlns=\"http:\/\/www.w3.org\/2000\/svg\" width=\"24\" height=\"25\" viewBox=\"0 0 24 25\" fill=\"none\">\r\n              <path d=\"M6 15.6152L12 9.61523L18 15.6152\" stroke=\"black\" stroke-width=\"2\" stroke-linecap=\"round\" stroke-linejoin=\"round\" \/>\r\n            <\/svg>\r\n          <\/span>\r\n\r\n          <ul class=\"s-dropdown u-hide\">\r\n            <li class=\"lawsuits\" data-value=\"Mais de 1000 processos\">Mais de 1000 processos<\/li>\r\n            <li class=\"lawsuits\" data-value=\"De 501 a 1000 processos\">De 501 a 1000 processos<\/li>\r\n            <li class=\"lawsuits\" data-value=\"De 151 a 500 processos\">De 151 a 500 processos<\/li>\r\n            <li class=\"lawsuits\" data-value=\"De 41 a 150 processos\">De 41 a 150 processos<\/li>\r\n            <li class=\"lawsuits\" data-value=\"At\u00e9 40 processos\">At\u00e9 40 processos<\/li>\r\n            <li class=\"lawsuits\" data-value=\"Atuo apenas no consultivo\">Atuo apenas no consultivo<\/li>\r\n            <li class=\"lawsuits\" data-value=\"Ainda sou estudante de direito\">Ainda sou estudante de direito<\/li>\r\n            <li class=\"lawsuits\" data-value=\"N\u00e3o sou da \u00e1rea jur\u00eddica\">N\u00e3o sou da \u00e1rea jur\u00eddica<\/li>\r\n          <\/ul>\r\n          <\/div>\r\n        <\/div>\r\n        <div class=\"error-message-ad-lawsuits\">Selecione algum processo<\/div>\r\n      <\/div>\r\n      <button class=\"btn btn-yellow ad-btn-desktop\" id=\"aurum-submit-ad\">Assinar gr\u00e1tis<\/button>\r\n      <button class=\"btn btn-yellow ad-btn-mobile\" id=\"aurum-submit-ad\">Assinar<\/button>\r\n    <\/div>\r\n    <span class=\"news_button_span\">Ao se cadastrar voc\u00ea declara que leu e aceitou a pol\u00edtica de privacidade e cookies do <a href=\"https:\/\/s3.sa-east-1.amazonaws.com\/publico.aurum.com.br\/contratos\/politica-de-privacidade.pdf\" target=\"_blank\" rel=\"noopener noreferrer\">site<\/a>.<\/span>\r\n  <\/form>\r\n  <div id=\"message-form-ad\"><\/div>\r\n<\/div>\n\n\n<p><em>E a\u00ed, ficou com alguma d\u00favida sobre o agravo de instrumento no novo CPC? Tem algo a pontuar? Compartilhe com a gente nos coment\u00e1rios abaixo!<\/em> \ud83d\ude09<\/p>\n","protected":false},"excerpt":{"rendered":"<p>O agravo de instrumento \u00e9 uma forma de recurso utilizada para contestar decis\u00f5es tomadas durante um processo judicial, especialmente aquelas que n\u00e3o p\u00f5em fim definitivo \u00e0 disputa em quest\u00e3o. Neste artigo, falaremos sobre o conceito de agravo de instrumento, a sua diferencia\u00e7\u00e3o com rela\u00e7\u00e3o aos demais recursos existentes no sistema processual brasileiro, os requisitos do [&hellip;]<\/p>\n","protected":false},"author":48,"featured_media":12648,"comment_status":"open","ping_status":"open","sticky":false,"template":"","format":"standard","meta":{"_bbp_topic_count":0,"_bbp_reply_count":0,"_bbp_total_topic_count":0,"_bbp_total_reply_count":0,"_bbp_voice_count":0,"_bbp_anonymous_reply_count":0,"_bbp_topic_count_hidden":0,"_bbp_reply_count_hidden":0,"_bbp_forum_subforum_count":0,"inline_featured_image":false,"footnotes":""},"categories":[178],"tags":[],"class_list":["post-8758","post","type-post","status-publish","format-standard","has-post-thumbnail","hentry","category-direito-processual-civil"],"acf":[],"_links":{"self":[{"href":"https:\/\/www.aurum.com.br\/blog\/wp-json\/wp\/v2\/posts\/8758","targetHints":{"allow":["GET"]}}],"collection":[{"href":"https:\/\/www.aurum.com.br\/blog\/wp-json\/wp\/v2\/posts"}],"about":[{"href":"https:\/\/www.aurum.com.br\/blog\/wp-json\/wp\/v2\/types\/post"}],"author":[{"embeddable":true,"href":"https:\/\/www.aurum.com.br\/blog\/wp-json\/wp\/v2\/users\/48"}],"replies":[{"embeddable":true,"href":"https:\/\/www.aurum.com.br\/blog\/wp-json\/wp\/v2\/comments?post=8758"}],"version-history":[{"count":40,"href":"https:\/\/www.aurum.com.br\/blog\/wp-json\/wp\/v2\/posts\/8758\/revisions"}],"predecessor-version":[{"id":34595,"href":"https:\/\/www.aurum.com.br\/blog\/wp-json\/wp\/v2\/posts\/8758\/revisions\/34595"}],"wp:featuredmedia":[{"embeddable":true,"href":"https:\/\/www.aurum.com.br\/blog\/wp-json\/wp\/v2\/media\/12648"}],"wp:attachment":[{"href":"https:\/\/www.aurum.com.br\/blog\/wp-json\/wp\/v2\/media?parent=8758"}],"wp:term":[{"taxonomy":"category","embeddable":true,"href":"https:\/\/www.aurum.com.br\/blog\/wp-json\/wp\/v2\/categories?post=8758"},{"taxonomy":"post_tag","embeddable":true,"href":"https:\/\/www.aurum.com.br\/blog\/wp-json\/wp\/v2\/tags?post=8758"}],"curies":[{"name":"wp","href":"https:\/\/api.w.org\/{rel}","templated":true}]}}