{"id":8754,"date":"2023-08-09T11:14:04","date_gmt":"2023-08-09T14:14:04","guid":{"rendered":"https:\/\/aurum.com.br\/blog\/areas-do-direito\/"},"modified":"2024-08-05T09:31:47","modified_gmt":"2024-08-05T12:31:47","slug":"areas-do-direito","status":"publish","type":"post","link":"https:\/\/www.aurum.com.br\/blog\/areas-do-direito\/","title":{"rendered":"Conhe\u00e7a as principais \u00e1reas do direito para trabalhar no Brasil"},"content":{"rendered":"<div id=\"bsf_rt_marker\"><\/div>\n<pre class=\"wp-block-preformatted\">Compliance, Direito Digital, al\u00e9m de promotoria e defensoria p\u00fablica, s\u00e3o algumas das principais <strong>\u00e1reas do direito<\/strong>. Mas a lista vai al\u00e9m. Escolher entre o setor privado ou p\u00fablico \u00e9 a primeira decis\u00e3o, uma vez que cada um oferece um extenso leque de possibilidades.  <\/pre>\n\n\n\n<p><meta http-equiv=\"content-type\" content=\"text\/html; charset=utf-8\">Preparamos uma lista de possibilidades completa e esclarecedora. pois sabemos que escolher a \u00e1rea de atua\u00e7\u00e3o no Direito pode ser um momento de muitas d\u00favidas. <\/p>\n\n\n\n<p>Sabemos tamb\u00e9m que questionamentos nesse sentido podem surgir tanto de advogados rec\u00e9m-formados quanto de profissionais mais experientes, que desejam mudar rumos de suas carreiras. Acompanhe! <\/p>\n\n\n\n<h2 class=\"wp-block-heading\">Quais as principais \u00e1reas do Direito?<\/h2>\n\n\n\n<p>Para as pessoas que cursam Direito, existem duas possibilidades de atua\u00e7\u00e3o:<\/p>\n\n\n\n<ul class=\"wp-block-list\">\n<li>Setor p\u00fablico;<\/li>\n\n\n\n<li>Setor privado. <\/li>\n<\/ul>\n\n\n\n<p><meta http-equiv=\"content-type\" content=\"text\/html; charset=utf-8\"><strong>Escolher entre o setor privado ou o setor p\u00fablico \u00e9 a primeira das decis\u00f5es.<\/strong> Como se fossem dois universos, cada \u00e1rea do direito oferece um extenso leque de possibilidades. <\/p>\n\n\n\n<p><meta http-equiv=\"content-type\" content=\"text\/html; charset=utf-8\">Sendo assim, mais do que fazer uma boa leitura do cen\u00e1rio no qual voc\u00ea est\u00e1 e para onde deseja ir, \u00e9 importante combinar suas prefer\u00eancias e conhecimentos \u00e0s possibilidades que o mercado jur\u00eddico oferece \u2013 e \u00e9 claro que aqui entra uma an\u00e1lise sobre remunera\u00e7\u00e3o e oportunidades de emprego.<\/p>\n\n\n\n<figure class=\"wp-block-image size-full\"><img decoding=\"async\" width=\"1200\" height=\"1200\" src=\"https:\/\/www.aurum.com.br\/blog\/wp-content\/uploads\/2023\/08\/quais-as-principais-areas-do-direito.jpg\" alt=\"\" class=\"wp-image-23625\" srcset=\"https:\/\/www.aurum.com.br\/blog\/wp-content\/uploads\/2023\/08\/quais-as-principais-areas-do-direito.jpg 1200w, https:\/\/www.aurum.com.br\/blog\/wp-content\/uploads\/2023\/08\/quais-as-principais-areas-do-direito-300x300.jpg 300w, https:\/\/www.aurum.com.br\/blog\/wp-content\/uploads\/2023\/08\/quais-as-principais-areas-do-direito-150x150.jpg 150w, https:\/\/www.aurum.com.br\/blog\/wp-content\/uploads\/2023\/08\/quais-as-principais-areas-do-direito-768x768.jpg 768w\" sizes=\"(max-width: 1200px) 100vw, 1200px\" \/><figcaption class=\"wp-element-caption\">Veja alguma das principais \u00e1reas do direito. <\/figcaption><\/figure>\n\n\n\n<h2 class=\"wp-block-heading\">Quais as principais \u00e1reas do direito no setor privado?<\/h2>\n\n\n\n<p>S\u00e3o \u00e1reas do direito no setor privado:<\/p>\n\n\n\n<ul class=\"wp-block-list\">\n<li><a href=\"https:\/\/www.aurum.com.br\/blog\/compliance\/\" data-type=\"URL\" data-id=\"https:\/\/www.aurum.com.br\/blog\/compliance\/\">Compliance<\/a>;<\/li>\n\n\n\n<li><a href=\"https:\/\/www.aurum.com.br\/blog\/direito-penal\/\">Direito penal<\/a>;<\/li>\n\n\n\n<li><a href=\"https:\/\/www.aurum.com.br\/blog\/direito-do-trabalho\/\">Direito do trabalho<\/a>;<\/li>\n\n\n\n<li><a href=\"https:\/\/www.aurum.com.br\/blog\/direito-tributario\/\">Direito tribut\u00e1rio<\/a>;<\/li>\n\n\n\n<li><a href=\"https:\/\/www.aurum.com.br\/blog\/direito-ambiental\/\" data-type=\"URL\" data-id=\"https:\/\/www.aurum.com.br\/blog\/direito-ambiental\/\">Direito ambiental<\/a>;<\/li>\n\n\n\n<li><a href=\"https:\/\/www.aurum.com.br\/blog\/direito-empresarial\/\">Direito empresarial<\/a>;<\/li>\n\n\n\n<li><a href=\"https:\/\/www.aurum.com.br\/blog\/direito-do-consumidor\/\">Direito do consumidor<\/a>;<\/li>\n\n\n\n<li><a href=\"https:\/\/www.aurum.com.br\/blog\/direito-digital\/\" data-type=\"URL\" data-id=\"https:\/\/www.aurum.com.br\/blog\/direito-digital\/\">Direito digital;<\/a><\/li>\n\n\n\n<li><a href=\"https:\/\/www.aurum.com.br\/blog\/direito-eleitoral\/\">Direito eleitoral<\/a>;<\/li>\n\n\n\n<li><a href=\"https:\/\/www.aurum.com.br\/blog\/mediacao-conciliacao-e-arbitragem\/\" data-type=\"URL\" data-id=\"https:\/\/www.aurum.com.br\/blog\/mediacao-conciliacao-e-arbitragem\/\">Media\u00e7\u00e3o, concilia\u00e7\u00e3o e arbitragem de conflitos<\/a>;<\/li>\n\n\n\n<li>Advocacia de rela\u00e7\u00f5es institucionais.<\/li>\n<\/ul>\n\n\n\n<p>Entenda cada uma delas abaixo!<\/p>\n\n\n\n<h3 class=\"wp-block-heading\" id=\"1\">Compliance<\/h3>\n\n\n\n<p>Muito tem se falado em <a href=\"https:\/\/www.aurum.com.br\/blog\/o-que-e-compliance\/\">compliance<\/a> ao longo dos \u00faltimos anos. Isso se deve, em grande parte, \u00e0 aprova\u00e7\u00e3o da chamada lei anticorrup\u00e7\u00e3o no ano de 2013. A <a href=\"http:\/\/www.planalto.gov.br\/ccivil_03\/_ato2011-2014\/2013\/lei\/l12846.htm\" target=\"_blank\" rel=\"noopener\">Lei Federal n\u00ba 12.846<\/a> surgiu de uma esp\u00e9cie de resposta dos legisladores aos constantes esquemas de corrup\u00e7\u00e3o revelados envolvendo empresas estatais e grandes empresas brasileiras, principalmente as construtoras.<\/p>\n\n\n\n<p>Se voc\u00ea quer entender melhor o que \u00e9 compliance, o termo, em si, significa estar em conformidade. Na pr\u00e1tica, isso se traduz em seguir uma normatiza\u00e7\u00e3o, que pode ser ancorada em determinada legisla\u00e7\u00e3o que regula setores da economia ou em cartilhas de melhores pr\u00e1ticas formulada pelas pr\u00f3prias organiza\u00e7\u00f5es.<\/p>\n\n\n\n<p>A grande vantagem de se especializar nessa \u00e1rea \u00e9 a crescente demanda que tem surgido, sobretudo na \u00e1rea de advocacia corporativa. <\/p>\n\n\n\n<p>Portanto, se voc\u00ea tem interesse em se habilitar para atuar nesse segmento vai encontrar um cen\u00e1rio favor\u00e1vel a contrata\u00e7\u00f5es. Para atuar nesse nicho \u00e9 fundamental ter experi\u00eancia com auditoria e alguma viv\u00eancia nas \u00e1reas c\u00edvel, administrativa e contratual. <\/p>\n\n\n\n<p><strong>A remunera\u00e7\u00e3o m\u00e9dia em compliance \u00e9 R$ 7.500. <\/strong><\/p>\n\n\n\n<h3 class=\"wp-block-heading\" id=\"2\">Direito penal<\/h3>\n\n\n\n<p>O direito penal \u00e9 uma das grandes vitrines da \u00e1rea jur\u00eddica. Esse campo costuma ter bastante notoriedade por englobar muitos casos de grande repercuss\u00e3o, apelo midi\u00e1tico e popular. <\/p>\n\n\n\n<p>Por ser tema de in\u00fameros seriados e filmes, a \u00e1rea costuma ser desejada por muitos advogados rec\u00e9m-formados. \u00c9 ou j\u00e1 foi o seu caso?<\/p>\n\n\n\n<p>Por\u00e9m, \u00e9 importante ressaltar que entre as \u00e1reas do direito para atuar, a penal \u00e9 uma das mais desafiadoras devido aos dilemas \u00e9ticos envolvidos. Isso pode ser um problema para algumas pessoas. J\u00e1 para outras, pode ser encarado como um desafio e at\u00e9 despertar motiva\u00e7\u00e3o. O fato \u00e9 que existe bastante oportunidade nesse segmento para quem tem boa qualifica\u00e7\u00e3o e se identifica com a \u00e1rea.<\/p>\n\n\n\n<p><strong>A remunera\u00e7\u00e3o m\u00e9dia em direito penal \u00e9 R$ 4.500.<\/strong><\/p>\n\n\n\n<h3 class=\"wp-block-heading\" id=\"3\">Direito do trabalho<\/h3>\n\n\n\n<p>Diferente do direito penal, o <a href=\"https:\/\/www.aurum.com.br\/blog\/direito-do-trabalho\/\">direito do trabalho<\/a> n\u00e3o \u00e9 t\u00e3o popular entre os jovens advogados. Por\u00e9m, com as recentes mudan\u00e7as advindas da <a href=\"https:\/\/www.aurum.com.br\/blog\/reforma-trabalhista-lei-13467\/\">reforma trabalhista<\/a> (<a href=\"https:\/\/www.aurum.com.br\/blog\/reforma-trabalhista-lei-13467\/\">Lei 13.467<\/a>), essa \u00e1rea ficou bastante movimentada. Alguns itens, como a possibilidade de terceiriza\u00e7\u00e3o irrestrita da for\u00e7a de trabalho, mudaram por completo a rela\u00e7\u00e3o entre capital e trabalho no pa\u00eds.<\/p>\n\n\n\n<p>Essas mudan\u00e7as recentes do setor tem gerado muitas d\u00favidas por parte das empresas e esse cen\u00e1rio faz com que o direito do trabalho se torne bastante favor\u00e1vel para os advogados e escrit\u00f3rios que atuam com servi\u00e7os consultivos. Em rela\u00e7\u00e3o \u00e0 atividade em si, \u00e9 uma \u00e1rea em que o grande diferencial \u00e9 a capacidade de realizar uma boa audi\u00eancia. <\/p>\n\n\n\n<p><strong>A remunera\u00e7\u00e3o m\u00e9dia em direito do trabalho \u00e9 R$ 5.000.<\/strong><\/p>\n\n\n\n<h3 class=\"wp-block-heading\" id=\"4\">Direito tribut\u00e1rio<\/h3>\n\n\n\n<p>H\u00e1 uma reclama\u00e7\u00e3o recorrente no mundo corporativo como um todo quanto \u00e0 complexidade da tributa\u00e7\u00e3o no Brasil (saiba mais no artigo sobre <a href=\"https:\/\/www.aurum.com.br\/blog\/reforma-tributaria\/\">reforma tribut\u00e1ria<\/a>). \u00c9, inclusive, comum ouvir afirma\u00e7\u00f5es de que as empresas destinam um tempo precioso e o quadro de pessoal para conseguir apurar o valor devido em impostos.<\/p>\n\n\n\n<p>Isso faz com que os advogados tributaristas ganhem uma posi\u00e7\u00e3o de destaque no mercado, tornando a advocacia tribut\u00e1ria uma \u00e1rea conhecida como bastante promissora. Como se trata de um profissional que tem como objetivo gerar caixa e cortar custos, no atual cen\u00e1rio econ\u00f4mico, o advogado tributarista \u00e9 bastante valorizado. <\/p>\n\n\n\n<p>O <a href=\"https:\/\/www.aurum.com.br\/blog\/direito-tributario\/\">direito tribut\u00e1rio<\/a> \u00e9 uma mat\u00e9ria que est\u00e1 relacionada a um n\u00edvel elevado de tecnicidade e, portanto, exige de quem se dedica a esse segmento, muito estudo e qualifica\u00e7\u00e3o.<\/p>\n\n\n\n<p><strong>A remunera\u00e7\u00e3o m\u00e9dia em direito tribut\u00e1rio \u00e9 R$ 7.000.<\/strong><\/p>\n\n\n\n<h3 class=\"wp-block-heading\" id=\"5\">Direito ambiental<\/h3>\n\n\n\n<p>A prote\u00e7\u00e3o ao meio ambiente \u00e9 uma previs\u00e3o legal que surgiu no panorama do Direito brasileiro apenas na Constitui\u00e7\u00e3o de 1988, que inovou em v\u00e1rios aspectos se comparada \u00e0s anteriores. Desde ent\u00e3o, o <a href=\"https:\/\/www.aurum.com.br\/blog\/direito-ambiental\/\">direito ambiental<\/a> vem ganhando destaque na agenda da esfera p\u00fablica.<\/p>\n\n\n\n<p>As leis ambientais no Brasil chegam a ser reconhecidas em outras partes no mundo por seus avan\u00e7os. Isso pode significar uma constante demanda para profissionais habilitados a atuar na \u00e1rea. <\/p>\n\n\n\n<p>Entre as atribui\u00e7\u00f5es dos advogados ambientalistas, est\u00e3o o &nbsp;acompanhamento de processos de licenciamento ambiental, infra\u00e7\u00f5es ambientais, al\u00e9m da participa\u00e7\u00e3o em processos judiciais civis e criminais vinculados \u00e0 legisla\u00e7\u00e3o ambiental.<\/p>\n\n\n\n<p><strong>A remunera\u00e7\u00e3o m\u00e9dia em direito ambiental \u00e9 R$ 7.000.<\/strong><\/p>\n\n\n\n<h3 class=\"wp-block-heading\" id=\"6\">Direito empresarial<\/h3>\n\n\n\n<p>O <a href=\"https:\/\/www.aurum.com.br\/blog\/direito-empresarial\/\">direito empresarial<\/a> refere-se \u00e0 atua\u00e7\u00e3o do chamado advogado de empresa ou advogado corporativo. Como o pr\u00f3prio nome diz, esse profissional fica respons\u00e1vel por defender os interesses das organiza\u00e7\u00f5es que representa, nos moldes de uma <a href=\"https:\/\/www.aurum.com.br\/blog\/assessoria-juridica\/\">assessoria jur\u00eddica<\/a>. <\/p>\n\n\n\n<p>Essa \u00e9 uma das \u00e1reas do direito que oferece um campo de atua\u00e7\u00e3o bastante din\u00e2mico. Afinal, a natureza das atividades das empresas s\u00e3o bem diversas entre si. Ao mesmo tempo, isso acaba exigindo do advogado e da advogada estudo aprofundado sobre diversas demandas e assuntos.<\/p>\n\n\n\n<p>A advocacia corporativa tamb\u00e9m \u00e9 desafiadora por demandar do profissional a integra\u00e7\u00e3o junto \u00e0s demais \u00e1reas da empresa. Afinal, para o bom funcionamento de um <a href=\"https:\/\/www.aurum.com.br\/blog\/departamento-juridico\/\">departamento jur\u00eddico<\/a>, \u00e9 muito importante que todas as equipes de trabalho estejam alinhadas aos objetivos do planejamento estrat\u00e9gico da organiza\u00e7\u00e3o.<\/p>\n\n\n\n<p>Se voc\u00ea optar por essa \u00e1rea, vai precisar lidar com quest\u00f5es legais que envolvem as corpora\u00e7\u00f5es, como a abertura e o fechamento de empresas, processos de <a href=\"https:\/\/www.aurum.com.br\/blog\/lei-de-falencia-e-recuperacao-judicial\/\">fal\u00eancia<\/a> e <a href=\"https:\/\/www.aurum.com.br\/blog\/recuperacao-judicial\/\">recupera\u00e7\u00e3o judicial<\/a>, al\u00e9m de marcas e patentes. <\/p>\n\n\n\n<p><strong>A remunera\u00e7\u00e3o m\u00e9dia de um advogado corporativo \u00e9 R$ 5.000,00.<\/strong><\/p>\n\n\n\n<style>\n    #adpost-block_b7f881a3d4f346c95bfe102bd2985e3f.anuncio-post-reverse {\n        display: flex;\n        gap: 24px;\n        border-radius: 8px;\n        width: 100%;\n        max-width: 752px;\n        padding: 40px;\n        background: #e7f4fe;\n        margin: 16px auto;\n    }\n\n    #adpost-block_b7f881a3d4f346c95bfe102bd2985e3f .anuncio-container {\n        display: flex;\n        flex-direction: column;\n        gap: 24px;\n        width: 100%;\n        max-width: 333px;\n    }\n\n    #adpost-block_b7f881a3d4f346c95bfe102bd2985e3f .anuncio-container .logo {\n        width: 100%;\n        max-width: 177px;\n        margin: 0;\n    }\n\n    #adpost-block_b7f881a3d4f346c95bfe102bd2985e3f .anuncio-text-container {\n        display: flex;\n        flex-direction: column;\n        gap: 24px;\n    }\n\n    #adpost-block_b7f881a3d4f346c95bfe102bd2985e3f .anuncio-text-container .title {\n        font-family: 'Ubuntu';\n        font-size: 1.5rem; \/\/24px\n        font-weight: 700;\n        line-height: 120%;\n        margin: 0;\n        color: #000;\n    }\n\n    #adpost-block_b7f881a3d4f346c95bfe102bd2985e3f .anuncio-text-container .text {\n        font-size: 0.875rem;\n        font-weight: 400;\n        line-height: 170%;\n        color: #000;\n    }\n\n    #adpost-block_b7f881a3d4f346c95bfe102bd2985e3f .anuncio-container .button {\n        display: inline-flex;\n        align-items: center;\n        justify-content: center;\n        width: fit-content;\n        height: 48px;\n        border-radius: 8px;\n        padding: 12px 24px;\n        font-size: 1rem;\n        font-weight: 600;\n        text-decoration: none;\n        background: #008fd5;\n        color: #fff;\n    }\n\n    #adpost-block_b7f881a3d4f346c95bfe102bd2985e3f .image-container {\n        position: relative;\n        width: 100%;\n        height: 100%;\n    }\n\n    #adpost-block_b7f881a3d4f346c95bfe102bd2985e3f .image-container.float {\n        min-height: 236px;\n    }\n\n    #adpost-block_b7f881a3d4f346c95bfe102bd2985e3f .image-container .image-desktop {\n        width: 100%;\n        max-width: 323px;\n        object-fit: contain;\n        margin: 0;\n    }\n\n    #adpost-block_b7f881a3d4f346c95bfe102bd2985e3f .image-container .image-mobile {\n        display: none;\n        width: 100%;\n        max-width: 291px;\n        object-fit: contain;\n        margin: 0;\n    }\n\n    #adpost-block_b7f881a3d4f346c95bfe102bd2985e3f .image-container.float .image-desktop,\n    #adpost-block_b7f881a3d4f346c95bfe102bd2985e3f .image-container.float .image-mobile {\n        position: absolute;\n        right: 0;\n        bottom: 0;\n    }\n\n    #adpost-block_b7f881a3d4f346c95bfe102bd2985e3f .image-container img {\n        border-radius: 8px;\n    }\n\n    \/************\n    * MOBILE \n    *************\/\n    @media (max-width: 1439px) {\n        #adpost-block_b7f881a3d4f346c95bfe102bd2985e3f.anuncio-post-reverse {\n            flex-direction: column-reverse;\n            max-width: fit-content;\n            padding: 24px;\n        }\n\n        #adpost-block_b7f881a3d4f346c95bfe102bd2985e3f .anuncio-container {\n            max-width: 280px;\n            align-items: center;\n        }\n\n        #adpost-block_b7f881a3d4f346c95bfe102bd2985e3f .anuncio-container .logo {\n            max-width: 147px;\n        }\n\n        #adpost-block_b7f881a3d4f346c95bfe102bd2985e3f .anuncio-text-container {\n            gap: 8px;\n        }\n\n        #adpost-block_b7f881a3d4f346c95bfe102bd2985e3f .anuncio-text-container .title {\n            font-size: 1.25rem;\n            text-align: center;\n        }\n\n        #adpost-block_b7f881a3d4f346c95bfe102bd2985e3f .anuncio-text-container .text {\n            text-align: center;\n        }\n\n        #adpost-block_b7f881a3d4f346c95bfe102bd2985e3f .anuncio-container .button {\n            width: 100%;\n        }\n\n        #adpost-block_b7f881a3d4f346c95bfe102bd2985e3f .image-container.float {\n            min-height: 182px;\n        }\n\n        #adpost-block_b7f881a3d4f346c95bfe102bd2985e3f .image-container .image-desktop {\n            display: none;\n        }\n\n        #adpost-block_b7f881a3d4f346c95bfe102bd2985e3f .image-container .image-mobile {\n            display: block;\n        }\n    }\n\n    \/*******************\n    * RESET GLOBAL CSS \n    ********************\/\n    #s-post main article .content .image-container img {\n        margin: 0;\n    }\n<\/style>\n\n\n<article id=\"adpost-block_b7f881a3d4f346c95bfe102bd2985e3f\" class=\"anuncio-post-reverse\">\n    <div class=\"anuncio-container\">\n        \n        <div class=\"anuncio-text-container\">\n             <h3 class=\"title\" >Seja protagonista da sua advocacia com o Astrea<\/h3>\n            <div class=\"text\" >Tenha tempo para focar no crescimento do seu escrit\u00f3rio, enquanto o Astrea cuida da sua gest\u00e3o jur\u00eddica com intelig\u00eancia.<\/div>        <\/div>\n       \n        <a class=\"button\" href=\"\/astrea\/?utm_source=blog&#038;utm_medium=adpost&#038;utm_campaign=campanha-marca-2026\" target=\"_self\">Conhe\u00e7a o Astrea<\/a>    <\/div>\n\n    <div class=\"image-container\">\n        <img decoding=\"async\" class=\"image-desktop\" src=\"https:\/\/www.aurum.com.br\/blog\/wp-content\/uploads\/2026\/03\/adpos-posicionamento-2026-desktop.png\" alt=\"\" \/>\n        <img decoding=\"async\" class=\"image-mobile\" src=\"https:\/\/www.aurum.com.br\/blog\/wp-content\/uploads\/2026\/03\/adpost-posicionamento-2026-mobile.png\" alt=\"\" \/>    <\/div>\n<\/article>\n\n\n<h3 class=\"wp-block-heading\" id=\"7\">Direito do consumidor<\/h3>\n\n\n\n<p>O direito do consumidor cuida das rela\u00e7\u00f5es jur\u00eddicas entre quem fornece produtos e servi\u00e7os e seus consumidores. No Brasil, esse tipo de rela\u00e7\u00e3o conta com um c\u00f3digo pr\u00f3prio, que \u00e9 o famoso C\u00f3digo de Defesa do Consumidor (<a href=\"http:\/\/www.planalto.gov.br\/ccivil_03\/Leis\/L8884.htm\" target=\"_blank\" rel=\"noopener\">Lei Federal n\u00b08.078<\/a><em>).<\/em><\/p>\n\n\n\n<p>E, como sabemos, as <a href=\"https:\/\/www.aurum.com.br\/blog\/relacao-de-consumo\/\">rela\u00e7\u00f5es de consumo<\/a> no pa\u00eds ainda est\u00e3o longe de serem as mais pac\u00edficas. Afinal, s\u00e3o registradas frequentes viola\u00e7\u00f5es de direitos, o que pode significar uma demanda de trabalho crescente para os especialistas na \u00e1rea. Por outro lado, falta a muitos consumidores saber identificar essas viola\u00e7\u00f5es e reclamar no \u00e2mbito da justi\u00e7a as repara\u00e7\u00f5es cab\u00edveis. <\/p>\n\n\n\n<p><strong>A remunera\u00e7\u00e3o m\u00e9dia em direito do consumidor \u00e9 R$ 3.500.<\/strong><\/p>\n\n\n\n<h3 class=\"wp-block-heading\" id=\"8\">Direito digital<\/h3>\n\n\n\n<p>A populariza\u00e7\u00e3o do uso da internet alavancou o <a href=\"https:\/\/www.aurum.com.br\/blog\/direito-digital\/\">direito digital<\/a>. Se h\u00e1 d\u00e9cadas era impens\u00e1vel a massifica\u00e7\u00e3o de determinadas aplica\u00e7\u00f5es por meio dessa ferramenta, como comunica\u00e7\u00e3o em tempo real, comercializa\u00e7\u00e3o de bens e servi\u00e7os, op\u00e7\u00f5es de lazer e interatividades, hoje tudo isso e muito mais j\u00e1 \u00e9 realidade e o campo jur\u00eddico precisa acompanhar essas mudan\u00e7as.<\/p>\n\n\n\n<p>Em 2013, tivemos a aprova\u00e7\u00e3o do <a href=\"https:\/\/www.aurum.com.br\/blog\/marco-civil-da-internet\/\">Marco Civil da internet<\/a> (Lei n\u00ba 12.965), regulamenta\u00e7\u00e3o fundamental para a organiza\u00e7\u00e3o da vida em meio digital. Desde ent\u00e3o, essa \u00e1rea vem passando por reformas e adequa\u00e7\u00f5es.<\/p>\n\n\n\n<p>Nesse cen\u00e1rio, pode-se dizer que essa \u00e9 uma das melhores \u00e1reas do direito para quem pensa em ter mercado para atua\u00e7\u00e3o por um longo per\u00edodo. As dificuldades talvez estejam em acompanhar as mudan\u00e7as das disposi\u00e7\u00f5es legais, que como destacado, ainda est\u00e3o em \u201cforma\u00e7\u00e3o\u201d.<\/p>\n\n\n\n<p><strong>A remunera\u00e7\u00e3o m\u00e9dia em direito digital \u00e9 R$ 4.200.<\/strong><\/p>\n\n\n\n<h3 class=\"wp-block-heading\" id=\"9\">Direito eleitoral<\/h3>\n\n\n\n<p>Se voc\u00ea pensa que o advogado eleitoral atua somente em per\u00edodo de elei\u00e7\u00f5es, se engana. Os \u00faltimos acontecimentos do cen\u00e1rio pol\u00edtico brasileiro tornaram a demanda do direito eleitoral recorrente, especialmente depois de leis como a Ficha Limpa (<a href=\"http:\/\/www.planalto.gov.br\/ccivil_03\/leis\/lcp\/lcp135.htm\" target=\"_blank\" rel=\"noopener\"><strong>Lei Complementar n\u00ba 135<\/strong><\/a>). Se voc\u00ea pensa em se dedicar a essa \u00e1rea, pode trabalhar em v\u00e1rios \u00e2mbitos da pol\u00edtica, atuando em processos de pedido de cassa\u00e7\u00e3o e <a href=\"https:\/\/www.aurum.com.br\/blog\/crimes-eleitorais\/\">crimes eleitorais<\/a>, por exemplo. <\/p>\n\n\n\n<p>Naturalmente, em per\u00edodo eleitoral a demanda por esse tipo de profissional aumenta. Afinal, durante a campanha, candidatos precisam de apoio jur\u00eddico para garantir que todas as propostas e atitudes estejam de acordo com a <a href=\"https:\/\/www.aurum.com.br\/blog\/lei-9504-97\/\">Lei 9504\/97 &#8211; das Elei\u00e7\u00f5es.<\/a><\/p>\n\n\n\n<p><strong>A remunera\u00e7\u00e3o m\u00e9dia em direito eleitoral \u00e9 R$ 4.000.<\/strong><\/p>\n\n\n\n<h3 class=\"wp-block-heading\" id=\"10\">Media\u00e7\u00e3o, concilia\u00e7\u00e3o e arbitragem de conflitos<\/h3>\n\n\n\n<p>O <a href=\"https:\/\/www.aurum.com.br\/blog\/ordenamento-juridico\/\">ordenamento jur\u00eddico<\/a> no Brasil conta com v\u00e1rios institutos que incentivam os processos de <a href=\"https:\/\/www.aurum.com.br\/blog\/mediacao-conciliacao-e-arbitragem\/\">media\u00e7\u00e3o, concilia\u00e7\u00e3o e arbitragem<\/a> de conflitos. <\/p>\n\n\n\n<p>Essa \u00e9 uma estrat\u00e9gia para desafogar a justi\u00e7a comum, \u00e0 medida em que h\u00e1 um encaminhamento mais c\u00e9lere para casos de menor complexidade. Ao profissional dessa \u00e1rea cabe utilizar m\u00e9todos n\u00e3o judiciais para resolver conflitos de interesse, evitando o enfrentamento.<\/p>\n\n\n\n<p>Em meio a esse cen\u00e1rio, \u00e9 f\u00e1cil observar que a advocacia arbitral \u00e9 um campo que ainda demanda profissionais na \u00e1rea. \u00c9 um \u00f3timo ramo para advogados com afinidades com as \u00e1reas de contencioso c\u00edvel e direito empresarial. <\/p>\n\n\n\n<p>Vale ressaltar que compet\u00eancias de media\u00e7\u00e3o e concilia\u00e7\u00e3o s\u00e3o desej\u00e1veis n\u00e3o s\u00f3 para essa \u00e1rea, mas para advogados que atuam em outros campos do direito. At\u00e9 porque negociar faz parte da natureza da atividade advocat\u00edcia, n\u00e3o \u00e9 mesmo?<\/p>\n\n\n\n<p><strong>A remunera\u00e7\u00e3o m\u00e9dia em arbitragem e media\u00e7\u00e3o de conflitos \u00e9 R$ 3.200,00.<\/strong><\/p>\n\n\n\n<h3 class=\"wp-block-heading\" id=\"11\">Advocacia de rela\u00e7\u00f5es institucionais<\/h3>\n\n\n\n<p>Em linhas gerais, as rela\u00e7\u00f5es institucionais se referem ao conjunto de estrat\u00e9gias de relacionamento empreendidas por pessoas f\u00edsicas ou jur\u00eddicas. O objetivo \u00e9 subsidiar as autoridades p\u00fablicas a tomarem as melhores decis\u00f5es pol\u00edticas. <\/p>\n\n\n\n<p>O profissional acompanha quest\u00f5es legislativas e regulat\u00f3rias, al\u00e9m de assessorar atividades conduzidas pelos Poderes Executivo e Legislativo Federal, Estadual e Municipal, ag\u00eancias reguladoras e outros \u00f3rg\u00e3os.<\/p>\n\n\n\n<p><strong>A remunera\u00e7\u00e3o m\u00e9dia para advogados em rela\u00e7\u00f5es institucionais \u00e9 R$ 6.000.<\/strong><\/p>\n\n\n\n<style>\n    #adpost-block_b7f881a3d4f346c95bfe102bd2985e3f.anuncio-post-reverse {\n        display: flex;\n        gap: 24px;\n        border-radius: 8px;\n        width: 100%;\n        max-width: 752px;\n        padding: 40px;\n        background: #e7f4fe;\n        margin: 16px auto;\n    }\n\n    #adpost-block_b7f881a3d4f346c95bfe102bd2985e3f .anuncio-container {\n        display: flex;\n        flex-direction: column;\n        gap: 24px;\n        width: 100%;\n        max-width: 333px;\n    }\n\n    #adpost-block_b7f881a3d4f346c95bfe102bd2985e3f .anuncio-container .logo {\n        width: 100%;\n        max-width: 177px;\n        margin: 0;\n    }\n\n    #adpost-block_b7f881a3d4f346c95bfe102bd2985e3f .anuncio-text-container {\n        display: flex;\n        flex-direction: column;\n        gap: 24px;\n    }\n\n    #adpost-block_b7f881a3d4f346c95bfe102bd2985e3f .anuncio-text-container .title {\n        font-family: 'Ubuntu';\n        font-size: 1.5rem; \/\/24px\n        font-weight: 700;\n        line-height: 120%;\n        margin: 0;\n        color: #000;\n    }\n\n    #adpost-block_b7f881a3d4f346c95bfe102bd2985e3f .anuncio-text-container .text {\n        font-size: 0.875rem;\n        font-weight: 400;\n        line-height: 170%;\n        color: #000;\n    }\n\n    #adpost-block_b7f881a3d4f346c95bfe102bd2985e3f .anuncio-container .button {\n        display: inline-flex;\n        align-items: center;\n        justify-content: center;\n        width: fit-content;\n        height: 48px;\n        border-radius: 8px;\n        padding: 12px 24px;\n        font-size: 1rem;\n        font-weight: 600;\n        text-decoration: none;\n        background: #008fd5;\n        color: #fff;\n    }\n\n    #adpost-block_b7f881a3d4f346c95bfe102bd2985e3f .image-container {\n        position: relative;\n        width: 100%;\n        height: 100%;\n    }\n\n    #adpost-block_b7f881a3d4f346c95bfe102bd2985e3f .image-container.float {\n        min-height: 236px;\n    }\n\n    #adpost-block_b7f881a3d4f346c95bfe102bd2985e3f .image-container .image-desktop {\n        width: 100%;\n        max-width: 323px;\n        object-fit: contain;\n        margin: 0;\n    }\n\n    #adpost-block_b7f881a3d4f346c95bfe102bd2985e3f .image-container .image-mobile {\n        display: none;\n        width: 100%;\n        max-width: 291px;\n        object-fit: contain;\n        margin: 0;\n    }\n\n    #adpost-block_b7f881a3d4f346c95bfe102bd2985e3f .image-container.float .image-desktop,\n    #adpost-block_b7f881a3d4f346c95bfe102bd2985e3f .image-container.float .image-mobile {\n        position: absolute;\n        right: 0;\n        bottom: 0;\n    }\n\n    #adpost-block_b7f881a3d4f346c95bfe102bd2985e3f .image-container img {\n        border-radius: 8px;\n    }\n\n    \/************\n    * MOBILE \n    *************\/\n    @media (max-width: 1439px) {\n        #adpost-block_b7f881a3d4f346c95bfe102bd2985e3f.anuncio-post-reverse {\n            flex-direction: column-reverse;\n            max-width: fit-content;\n            padding: 24px;\n        }\n\n        #adpost-block_b7f881a3d4f346c95bfe102bd2985e3f .anuncio-container {\n            max-width: 280px;\n            align-items: center;\n        }\n\n        #adpost-block_b7f881a3d4f346c95bfe102bd2985e3f .anuncio-container .logo {\n            max-width: 147px;\n        }\n\n        #adpost-block_b7f881a3d4f346c95bfe102bd2985e3f .anuncio-text-container {\n            gap: 8px;\n        }\n\n        #adpost-block_b7f881a3d4f346c95bfe102bd2985e3f .anuncio-text-container .title {\n            font-size: 1.25rem;\n            text-align: center;\n        }\n\n        #adpost-block_b7f881a3d4f346c95bfe102bd2985e3f .anuncio-text-container .text {\n            text-align: center;\n        }\n\n        #adpost-block_b7f881a3d4f346c95bfe102bd2985e3f .anuncio-container .button {\n            width: 100%;\n        }\n\n        #adpost-block_b7f881a3d4f346c95bfe102bd2985e3f .image-container.float {\n            min-height: 182px;\n        }\n\n        #adpost-block_b7f881a3d4f346c95bfe102bd2985e3f .image-container .image-desktop {\n            display: none;\n        }\n\n        #adpost-block_b7f881a3d4f346c95bfe102bd2985e3f .image-container .image-mobile {\n            display: block;\n        }\n    }\n\n    \/*******************\n    * RESET GLOBAL CSS \n    ********************\/\n    #s-post main article .content .image-container img {\n        margin: 0;\n    }\n<\/style>\n\n\n<article id=\"adpost-block_b7f881a3d4f346c95bfe102bd2985e3f\" class=\"anuncio-post-reverse\">\n    <div class=\"anuncio-container\">\n        \n        <div class=\"anuncio-text-container\">\n             <h3 class=\"title\" >Seja protagonista da sua advocacia com o Astrea<\/h3>\n            <div class=\"text\" >Tenha tempo para focar no crescimento do seu escrit\u00f3rio, enquanto o Astrea cuida da sua gest\u00e3o jur\u00eddica com intelig\u00eancia.<\/div>        <\/div>\n       \n        <a class=\"button\" href=\"\/astrea\/?utm_source=blog&#038;utm_medium=adpost&#038;utm_campaign=campanha-marca-2026\" target=\"_self\">Conhe\u00e7a o Astrea<\/a>    <\/div>\n\n    <div class=\"image-container\">\n        <img decoding=\"async\" class=\"image-desktop\" src=\"https:\/\/www.aurum.com.br\/blog\/wp-content\/uploads\/2026\/03\/adpos-posicionamento-2026-desktop.png\" alt=\"\" \/>\n        <img decoding=\"async\" class=\"image-mobile\" src=\"https:\/\/www.aurum.com.br\/blog\/wp-content\/uploads\/2026\/03\/adpost-posicionamento-2026-mobile.png\" alt=\"\" \/>    <\/div>\n<\/article>\n\n\n<h2 class=\"wp-block-heading\">Carreira p\u00fablica: principais \u00e1reas do direito no setor p\u00fablico<\/h2>\n\n\n\n<p>S\u00e3o as principais \u00e1reas do direito no setor p\u00fablico:<\/p>\n\n\n\n<ul class=\"wp-block-list\">\n<li>Promotoria;<\/li>\n\n\n\n<li>Defensoria p\u00fablica;<\/li>\n\n\n\n<li>Magistratura;<\/li>\n\n\n\n<li>Procuradoria.<\/li>\n<\/ul>\n\n\n\n<p>Entenda um pouco sobre cada uma das \u00e1reas nos t\u00f3picos abaixo. <\/p>\n\n\n\n<h3 class=\"wp-block-heading\" id=\"12\">Promotoria<\/h3>\n\n\n\n<p>Contratado pelo Minist\u00e9rio P\u00fablico, a promotora ou o promotor \u00e9 a figura respons\u00e1vel por defender os interesses da sociedade e do Estado. E assim como as demais carreiras do <a href=\"https:\/\/www.aurum.com.br\/blog\/direito-publico\/\">Direito P\u00fablico<\/a>, trata-se de uma posi\u00e7\u00e3o de destaque. A &nbsp;import\u00e2ncia de suas atribui\u00e7\u00f5es faz com que muitas pessoas desejem esse cargo.<\/p>\n\n\n\n<p>E exatamente por ser uma profiss\u00e3o t\u00e3o almejada, concursos p\u00fablicos para essa atividade s\u00e3o bastante concorridos. Se voc\u00ea tem o sonho ou desejo de seguir carreira na promotoria p\u00fablica, n\u00e3o economize em estudos e prepara\u00e7\u00e3o!<\/p>\n\n\n\n<p><strong>A remunera\u00e7\u00e3o m\u00e9dia para promotores \u00e9 R$ 20.000.<\/strong><\/p>\n\n\n\n<h3 class=\"wp-block-heading\" id=\"13\">Defensoria p\u00fablica<\/h3>\n\n\n\n<p>O defensor p\u00fablico, como voc\u00ea deve saber, se dedica a defender causas de cidad\u00e3os que n\u00e3o tem condi\u00e7\u00f5es de contratar no mercado servi\u00e7os advocat\u00edcios. <\/p>\n\n\n\n<p>Para muitos, trata-se quase de uma \u201cprofiss\u00e3o de f\u00e9\u201d, em que o profissional cumpre o papel de garantir um direito fundamental a todos os cidad\u00e3os e pode ser uma grande oportunidade de conquistar uma experi\u00eancia importante enquanto operador do Direito.<\/p>\n\n\n\n<p><strong>A remunera\u00e7\u00e3o m\u00e9dia para defensores p\u00fablicos \u00e9 R$ 12.000,00.<\/strong><\/p>\n\n\n\n<h3 class=\"wp-block-heading\" id=\"14\">Magistratura<\/h3>\n\n\n\n<p>As carreiras das magistraturas s\u00e3o um verdadeiro sonho para boa parte dos jovens advogados! Voc\u00ea sonha ou j\u00e1 sonhou com isso? <\/p>\n\n\n\n<p>Bom, seja pelo desejo de figurar em um tribunal em uma posi\u00e7\u00e3o de destaque, seja pelos altos sal\u00e1rios e status que a posi\u00e7\u00e3o de juiz confere, a magistratura est\u00e1 entre as \u00e1reas do direito mais almejadas.<\/p>\n\n\n\n<p>Ao mesmo tempo, \u00e9 muito importante destacar que passar em um concurso para juiz exige uma longa prepara\u00e7\u00e3o e muita, mas muita dedica\u00e7\u00e3o (mesmo!). Os certames contam com no m\u00ednimo tr\u00eas etapas e uma enorme concorr\u00eancia.<\/p>\n\n\n\n<p><strong>A remunera\u00e7\u00e3o m\u00e9dia (primeira inst\u00e2ncia) de um magistrado \u00e9 R$ 18.000.<\/strong><\/p>\n\n\n\n<h3 class=\"wp-block-heading\" id=\"15\">Procuradoria<\/h3>\n\n\n\n<p>O procurador ou a procuradora, basicamente, desempenha o papel de defender o ente que representa (seja munic\u00edpio, estado ou uni\u00e3o) em \u00e2mbito judicial ou extrajudicial. Tamb\u00e9m \u00e9 exigido desse profissional o assessoramento jur\u00eddico em quest\u00f5es pertinentes nas rotinas administrativas da m\u00e1quina p\u00fablica.<\/p>\n\n\n\n<p>S\u00f3 por essa descri\u00e7\u00e3o d\u00e1 para perceber que todas as atribui\u00e7\u00f5es da carreira de um procurador j\u00e1 a tornam suficientemente desafiadoras, mas ainda existe a necessidade de dialogar com inst\u00e2ncias pol\u00edticas, como o chefe do executivo e o poder legislativo. <\/p>\n\n\n\n<p><strong>A remunera\u00e7\u00e3o m\u00e9dia de um procurador municipal \u00e9 R$ 6.500.<\/strong><\/p>\n\n\n\n<h2 class=\"wp-block-heading\">Qual das \u00e1reas do direito escolher?<\/h2>\n\n\n\n<p>Neste artigo voc\u00ea viu as \u00e1reas do direito mais promissoras para atuar levando em considera\u00e7\u00e3o o atual cen\u00e1rio do pa\u00eds. \u00c9 importante, <strong>na hora da escolha, lembrar que estamos em uma sociedade din\u00e2mica que exige que o direito se adapte para atender \u00e0s novas demandas.<\/strong><\/p>\n\n\n\n<p>Como voc\u00ea pode perceber com este conte\u00fado, o direito digital \u00e9 um exemplo, j\u00e1 que surgiu e ganhou for\u00e7a como consequ\u00eancia do aumento do n\u00famero de crimes virtuais. Mas, em maior ou menor grau, todas as \u00e1reas sofrem altera\u00e7\u00f5es \u00e0 medida que a sociedade muda. <\/p>\n\n\n\n<p>Por isso mesmo, para escolher uma entre as diversas \u00e1reas do direito \u00e9 preciso entender que as mudan\u00e7as v\u00e3o acontecer e ter disposi\u00e7\u00e3o para se adequar a elas. <\/p>\n\n\n\n<p>No setor privado n\u00e3o faltam possibilidades de atua\u00e7\u00e3o para os profissionais. O segmento \u00e9 bastante din\u00e2mico e reage \u00e0s constantes mudan\u00e7as pelas quais passam as leis e o pr\u00f3prio mercado. <\/p>\n\n\n\n<p>E o setor p\u00fablico tamb\u00e9m reserva muitas possibilidades com \u00e1reas que v\u00e3o desde a magistratura at\u00e9 a advocacia p\u00fablica. <\/p>\n\n\n\n<p>Se voc\u00ea ainda precisa de mais ferramentas para escolher, sugerimos que voc\u00ea d\u00ea uma olhada no artigo do nosso colunista Thiago Helton sobre <a href=\"https:\/\/www.aurum.com.br\/blog\/carreiras-juridicas\/\">carreiras jur\u00eddicas<\/a>. Certamente voc\u00ea vai ter as respostas para qualquer d\u00favida que ainda tenha restado! <\/p>\n\n\n\n<p>Al\u00e9m disso, voc\u00ea pode conferir esse v\u00eddeo da advogada e <em>influencer<\/em> Mariana Gon\u00e7alves sobre como definir sua \u00e1rea de atua\u00e7\u00e3o: <\/p>\n\n\n\n<figure class=\"wp-block-embed is-type-video is-provider-youtube wp-block-embed-youtube wp-embed-aspect-16-9 wp-has-aspect-ratio\"><div class=\"wp-block-embed__wrapper\">\n<iframe title=\"Como escolher uma \u00e1rea de atua\u00e7\u00e3o na advocacia?\" width=\"500\" height=\"281\" src=\"https:\/\/www.youtube.com\/embed\/ffVo1HN1jnU?feature=oembed\" frameborder=\"0\" allow=\"accelerometer; autoplay; clipboard-write; encrypted-media; gyroscope; picture-in-picture; web-share\" referrerpolicy=\"strict-origin-when-cross-origin\" allowfullscreen><\/iframe>\n<\/div><\/figure>\n\n\n\n<h2 class=\"wp-block-heading\">Perguntas frequentes sobre \u00e1reas do Direito <\/h2>\n\n\n\n<h3 class=\"wp-block-heading\">Quais os tipos de atua\u00e7\u00f5es para quem cursa Direito?<\/h3>\n\n\n\n<p>Os formados em Direito <strong>podem atuar como advogados em diversas especialidades<\/strong>, tornar-se ju\u00edzes, promotores ou defensores p\u00fablicos. H\u00e1 tamb\u00e9m a possibilidade de se envolver em carreiras policiais, como delegados. <\/p>\n\n\n\n<p>Alguns optam pela academia, tornando-se professores ou pesquisadores. A consultoria jur\u00eddica \u00e9 comum em empresas, enquanto outros seguem para \u00e1reas de compliance e governan\u00e7a corporativa. Arbitragem e media\u00e7\u00e3o est\u00e3o emergindo como alternativas \u00e0 justi\u00e7a tradicional.<\/p>\n\n\n\n<p>A forma\u00e7\u00e3o jur\u00eddica tamb\u00e9m \u00e9 uma base s\u00f3lida para carreiras pol\u00edticas, fun\u00e7\u00f5es p\u00fablicas e jornalismo jur\u00eddico.<\/p>\n\n\n\n<h3 class=\"wp-block-heading\">Quais as principais \u00e1reas do direito no setor privado?<\/h3>\n\n\n\n<p>No setor privado, o Direito abrange especialidades como o <strong>Corporativo, o Contratual, o do Consumidor,  o Imobili\u00e1rio, o Trabalhista, o Tribut\u00e1rio e o da Propriedade Intelectual.<\/strong> <\/p>\n\n\n\n<p>Juntas, estas \u00e1reas orientam e regulamentam os neg\u00f3cios no ambiente privado.<\/p>\n\n\n\n<h3 class=\"wp-block-heading\">Quais as principais \u00e1reas do direito no setor p\u00fablico?<\/h3>\n\n\n\n<p>No setor p\u00fablico, as principais \u00e1reas do Direito incluem o<strong> Direito Administrativo, o Direito Constitucional, o Direito Penal, o Direito Tribut\u00e1rio, e o Direito Ambiental<\/strong>. <\/p>\n\n\n\n<p>Estas \u00e1reas orientam e regulamentam a atua\u00e7\u00e3o do Estado e sua intera\u00e7\u00e3o com os cidad\u00e3os.<\/p>\n\n\n\n<h3 class=\"wp-block-heading\">Quais as melhores \u00e1reas do Direito? <\/h3>\n\n\n\n<p>O avan\u00e7o tecnol\u00f3gico tem impulsionado o<strong> Direito Digital abordando temas como prote\u00e7\u00e3o de dados, crimes cibern\u00e9ticos e contratos digitais<\/strong>. Em paralelo, a crescente conscientiza\u00e7\u00e3o ambiental elevou o Direito Ambiental. <\/p>\n\n\n\n<p>Altera\u00e7\u00f5es nas estruturas familiares refletem-se na ascens\u00e3o do Direito de Fam\u00edlia e Sucess\u00f5es. O dinamismo da economia criativa e inovadora enfatiza a import\u00e2ncia da Propriedade Intelectual. <\/p>\n\n\n\n<p>Al\u00e9m disso, mudan\u00e7as na natureza do trabalho ressaltam temas ligados ao Direito do Trabalho, como trabalho remoto e direitos em plataformas digitais. <\/p>\n\n\n\n<p>Algumas regi\u00f5es tamb\u00e9m veem uma crescente complexidade no Direito Imobili\u00e1rio devido \u00e0s transforma\u00e7\u00f5es nos mercados.<\/p>\n\n\n\n<h2 class=\"wp-block-heading\">Conclus\u00e3o <\/h2>\n\n\n\n<p>Como vimos, no Brasil, o campo jur\u00eddico \u00e9 vasto e diversificado, refletindo a complexidade sociopol\u00edtica e econ\u00f4mica do pa\u00eds. E a escolha da \u00e1rea jur\u00eddica para atuar depende tanto das tend\u00eancias do mercado como das paix\u00f5es e interesses individuais do profissional.<\/p>\n\n\n\n<h2 class=\"wp-block-heading\">Mais conhecimento para voc\u00ea <\/h2>\n\n\n\n<p>Se voc\u00ea gostou deste texto e deseja seguir a leitura em temas sobre direito e advocacia, vale a pena conferir os seguintes materiais:&nbsp;&nbsp;<\/p>\n\n\n\n<ul class=\"wp-block-list\">\n<li><a href=\"https:\/\/www.aurum.com.br\/blog\/como-consultar-um-advogado-na-oab\/\" data-type=\"URL\" data-id=\"https:\/\/www.aurum.com.br\/blog\/como-consultar-um-advogado-na-oab\/\">Como consultar um advogado na OAB? Passo a passo detalhado<\/a><\/li>\n\n\n\n<li><a href=\"https:\/\/www.aurum.com.br\/blog\/inepcia-da-inicial\/\" data-type=\"URL\" data-id=\"https:\/\/www.aurum.com.br\/blog\/inepcia-da-inicial\/\">Veja o que \u00e9 in\u00e9pcia da inicial e suas principais caracter\u00edsticas<\/a><\/li>\n\n\n\n<li><a href=\"https:\/\/www.aurum.com.br\/blog\/assessoria-juridica\/\" data-type=\"URL\" data-id=\"https:\/\/www.aurum.com.br\/blog\/assessoria-juridica\/\">Assessoria jur\u00eddica: como funciona e diferen\u00e7a entre consultoria<\/a><\/li>\n\n\n\n<li><a href=\"https:\/\/www.aurum.com.br\/blog\/adocao\/\" data-type=\"URL\" data-id=\"https:\/\/www.aurum.com.br\/blog\/adocao\/\">Confira como funciona o processo de ado\u00e7\u00e3o no Brasil<\/a><\/li>\n\n\n\n<li><a href=\"https:\/\/www.aurum.com.br\/blog\/melhor-software-juridico-do-mercado\/\" data-type=\"URL\" data-id=\"https:\/\/www.aurum.com.br\/blog\/melhor-software-juridico-do-mercado\/\">17 passos para escolher o melhor software jur\u00eddico para o seu escrit\u00f3rio<\/a><\/li>\n\n\n\n<li><a href=\"https:\/\/www.aurum.com.br\/blog\/embargos-infringentes\/\">Entenda o que mudou nos embargos infringentes ap\u00f3s o Novo CPC<\/a><\/li>\n\n\n\n<li><a href=\"https:\/\/www.aurum.com.br\/blog\/despejo-liminar\/\">Despejo liminar: como funciona e quando \u00e9 cab\u00edvel<\/a><\/li>\n\n\n\n<li><a href=\"https:\/\/www.aurum.com.br\/blog\/contrato-de-mutuo\/\">O que \u00e9 e como elaborar um contrato de m\u00fatuo<\/a><\/li>\n\n\n\n<li><a href=\"https:\/\/www.aurum.com.br\/blog\/principio-da-preservacao-da-empresa\/\">Conhe\u00e7a o princ\u00edpio da preserva\u00e7\u00e3o da empresa e qual a sua import\u00e2ncia<\/a><\/li>\n\n\n\n<li><a href=\"https:\/\/www.aurum.com.br\/blog\/holding\/\">Holding: Conhe\u00e7a o que \u00e9, como funciona e seus tipos!<\/a><\/li>\n<\/ul>\n\n\n<style>\r\n  .news-post {\r\n    background: url('https:\/\/www.aurum.com.br\/blog\/wp-content\/themes\/aurum\/img\/bg-news-artigo.svg') no-repeat top center #3C48AA;\r\n    padding: 1.5rem;\r\n    border-radius: 6px;\r\n    margin: 1rem 0;\r\n  }\r\n  .news-post .icone {\r\n    display: none;\r\n  }\r\n  .news-post .title {\r\n    font-weight: 700;\r\n    font-size: 16px;\r\n    line-height: 130%;\r\n    text-align: center;\r\n    letter-spacing: -0.5px;\r\n    color: #fff;\r\n    margin-bottom: .9375rem;\r\n  }\r\n  .news-post p {\r\n    font-size: .875rem;\r\n    line-height: 140%;\r\n    text-align: center;\r\n    color: #fff;\r\n    margin-bottom: 1.25rem;\r\n  }\r\n  .news-post .news_button_span {\r\n    font-size: .8125rem;\r\n    display: block;\r\n    padding: .125rem .3125rem;\r\n    color: #fff;\r\n    text-align:left;\r\n  }\r\n  .news-post .news_button_span a {\r\n    color: #fff !important;\r\n    text-decoration: underline;\r\n  }\r\n  .news-post form {\r\n    width: 100%;\r\n  }\r\n  .news-post label {\r\n    font-weight: 600;\r\n    font-size: .9375rem;\r\n    line-height: 1.5rem;\r\n    margin-bottom: .5rem;\r\n    color: #fff;\r\n    display: block;\r\n  }\r\n  .news-post input {\r\n    background: #fff;\r\n    border: 1px solid #CBCBD9;\r\n    box-sizing: border-box;\r\n    border-radius: 4px;\r\n    padding: .75rem 1rem;\r\n    width: 100%;\r\n  }\r\n  .news-post button {\r\n    margin-top: .875rem;\r\n    width: 100%;\r\n    min-width: auto;\r\n    background: #FCC632;\r\n    color: #3C48AA;\r\n  }\r\n  .news-post .input {\r\n    position: relative;\r\n    padding-bottom: 10px;\r\n  }\r\n  .news-post .error-message-ad {\r\n    font-size: .875rem;\r\n    line-height: 130%;\r\n    color: #D50021;\r\n    margin-left: 4px;\r\n  }\r\n  .news-post .error {\r\n    border: 1px solid #D50021;\r\n  }\r\n  .news-post #message-form-ad {\r\n    border-radius: 4px;\r\n    padding: 0.7rem;\r\n    font-size:0.8rem;\r\n    text-align: center;\r\n    align-items: center;\r\n    justify-content: center;\r\n    display: none;\r\n  }\r\n  .news-post #message-form-ad svg {\r\n    margin-right: 8px;\r\n  }\r\n\r\n  @media(min-width: 561px) {\r\n    .news-post {\r\n      position: relative;\r\n      background: url('https:\/\/www.aurum.com.br\/blog\/wp-content\/themes\/aurum\/img\/bg-news-artigo.svg') no-repeat top center #3C48AA;\r\n      width: calc(100% - 30px);\r\n    }\r\n    .news-post .icone {\r\n      display: block;\r\n      position: absolute;\r\n      right: -30px;\r\n      top: 65px;\r\n      max-width: 142px;\r\n      width: 100%;\r\n      height: auto;\r\n      margin: 0;\r\n    }\r\n    .news-post .title {\r\n      font-size: 1.125rem;\r\n      text-align: left;\r\n      \/* padding-right: 3.75rem; *\/\r\n    }\r\n    .news-post p {\r\n      font-size: 1rem;\r\n      text-align: left;\r\n      max-width: 400px;\r\n    }\r\n    .news-post .boxes {\r\n      display: flex;\r\n      align-items: flex-start;\r\n    }\r\n    .news-post button {\r\n      margin: 0 0 0 1rem;\r\n      width: 100%;\r\n      max-width: 170px;\r\n      min-width: auto;\r\n      transition: all ease .3s\r\n    }\r\n    .news-post button:hover {\r\n      opacity: 0.9;\r\n      transition: all ease .3s\r\n    }\r\n    .news-post #message-form-ad {\r\n      padding: 1.125rem;\r\n      font-size:1rem;\r\n    }\r\n    .news-post #message-form-ad svg {\r\n      margin-right: 10px;\r\n    }\r\n  }\r\n<\/style>\r\n\r\n<div class=\"news-post\">\r\n  <div class=\"title news-ad-title\">Gostou do artigo e quer evoluir a sua advocacia?<\/div>\r\n  <p class=\"news-ad-subtitle\">Assine gr\u00e1tis a Aurum News e receba uma dose semanal de conte\u00fado no seu e-mail! \u270c\ufe0f<\/p>\r\n  <img decoding=\"async\" src=\"https:\/\/www.aurum.com.br\/blog\/wp-content\/themes\/aurum\/img\/icon-news-artigo.svg\" alt=\"\" class=\"icone\">\r\n\r\n  <form method=\"post\" name=\"newsletter-ad\" id=\"aurum-newsletter-ad\">\r\n    <div class=boxes>\r\n      <div class=\"input\">\r\n        <label class=\"label-email\" htmlFor=\"email-ad\">Qual seu e-mail?<\/label>\r\n        <input type=\"email\" id=\"email-ad\" name=\"newsletter-mail-ad\" placeholder=\"Digite seu e-mail?\">\r\n        <div class=\"error-message-ad-email\">Endere\u00e7o de e-mail inv\u00e1lido ou incorreto<\/div>\r\n\r\n        <label class=\"label-select\" htmlFor=\"lawsuits-select-ad\">\r\n          Quantos processos voc\u00ea ou<br class=\"for-desktop\"\/> seu escrit\u00f3rio acompanham?\r\n        <\/label>\r\n        <div id=\"lawsuits-select-ad\" class=\"lawsuits-select select-wrapper\" tabindex=\"0\">\r\n          <div class=\"s-dropdown--styled\">\r\n          <span class=\"lawsuits-default\">\r\n            <span id=\"lawsuits-newsletter-ad\" class=\"lawsuits-default-text\" data-value=\"\">Selecione os processos<\/span>\r\n            <svg class=\"chevron\" xmlns=\"http:\/\/www.w3.org\/2000\/svg\" width=\"24\" height=\"25\" viewBox=\"0 0 24 25\" fill=\"none\">\r\n              <path d=\"M6 15.6152L12 9.61523L18 15.6152\" stroke=\"black\" stroke-width=\"2\" stroke-linecap=\"round\" stroke-linejoin=\"round\" \/>\r\n            <\/svg>\r\n          <\/span>\r\n\r\n          <ul class=\"s-dropdown u-hide\">\r\n            <li class=\"lawsuits\" data-value=\"Mais de 1000 processos\">Mais de 1000 processos<\/li>\r\n            <li class=\"lawsuits\" data-value=\"De 501 a 1000 processos\">De 501 a 1000 processos<\/li>\r\n            <li class=\"lawsuits\" data-value=\"De 151 a 500 processos\">De 151 a 500 processos<\/li>\r\n            <li class=\"lawsuits\" data-value=\"De 41 a 150 processos\">De 41 a 150 processos<\/li>\r\n            <li class=\"lawsuits\" data-value=\"At\u00e9 40 processos\">At\u00e9 40 processos<\/li>\r\n            <li class=\"lawsuits\" data-value=\"Atuo apenas no consultivo\">Atuo apenas no consultivo<\/li>\r\n            <li class=\"lawsuits\" data-value=\"Ainda sou estudante de direito\">Ainda sou estudante de direito<\/li>\r\n            <li class=\"lawsuits\" data-value=\"N\u00e3o sou da \u00e1rea jur\u00eddica\">N\u00e3o sou da \u00e1rea jur\u00eddica<\/li>\r\n          <\/ul>\r\n          <\/div>\r\n        <\/div>\r\n        <div class=\"error-message-ad-lawsuits\">Selecione algum processo<\/div>\r\n      <\/div>\r\n      <button class=\"btn btn-yellow ad-btn-desktop\" id=\"aurum-submit-ad\">Assinar gr\u00e1tis<\/button>\r\n      <button class=\"btn btn-yellow ad-btn-mobile\" id=\"aurum-submit-ad\">Assinar<\/button>\r\n    <\/div>\r\n    <span class=\"news_button_span\">Ao se cadastrar voc\u00ea declara que leu e aceitou a pol\u00edtica de privacidade e cookies do <a href=\"https:\/\/s3.sa-east-1.amazonaws.com\/publico.aurum.com.br\/contratos\/politica-de-privacidade.pdf\" target=\"_blank\" rel=\"noopener noreferrer\">site<\/a>.<\/span>\r\n  <\/form>\r\n  <div id=\"message-form-ad\"><\/div>\r\n<\/div>\n\n\n<p><em>Agora \u00e9 a sua vez de compartilhar. Voc\u00ea j\u00e1 escolheu uma entre as \u00e1reas do direito? Conta para gente<\/em>! <\/p>\n\n\n\n<p><\/p>\n","protected":false},"excerpt":{"rendered":"<p>Compliance, Direito Digital, al\u00e9m de promotoria e defensoria p\u00fablica, s\u00e3o algumas das principais \u00e1reas do direito. Mas a lista vai al\u00e9m. Escolher entre o setor privado ou p\u00fablico \u00e9 a primeira decis\u00e3o, uma vez que cada um oferece um extenso leque de possibilidades. Preparamos uma lista de possibilidades completa e esclarecedora. pois sabemos que escolher [&hellip;]<\/p>\n","protected":false},"author":7,"featured_media":12790,"comment_status":"open","ping_status":"open","sticky":false,"template":"","format":"standard","meta":{"_bbp_topic_count":0,"_bbp_reply_count":0,"_bbp_total_topic_count":0,"_bbp_total_reply_count":0,"_bbp_voice_count":0,"_bbp_anonymous_reply_count":0,"_bbp_topic_count_hidden":0,"_bbp_reply_count_hidden":0,"_bbp_forum_subforum_count":0,"inline_featured_image":false,"footnotes":""},"categories":[37],"tags":[],"class_list":["post-8754","post","type-post","status-publish","format-standard","has-post-thumbnail","hentry","category-empreendedorismo-na-advocacia"],"acf":[],"_links":{"self":[{"href":"https:\/\/www.aurum.com.br\/blog\/wp-json\/wp\/v2\/posts\/8754","targetHints":{"allow":["GET"]}}],"collection":[{"href":"https:\/\/www.aurum.com.br\/blog\/wp-json\/wp\/v2\/posts"}],"about":[{"href":"https:\/\/www.aurum.com.br\/blog\/wp-json\/wp\/v2\/types\/post"}],"author":[{"embeddable":true,"href":"https:\/\/www.aurum.com.br\/blog\/wp-json\/wp\/v2\/users\/7"}],"replies":[{"embeddable":true,"href":"https:\/\/www.aurum.com.br\/blog\/wp-json\/wp\/v2\/comments?post=8754"}],"version-history":[{"count":21,"href":"https:\/\/www.aurum.com.br\/blog\/wp-json\/wp\/v2\/posts\/8754\/revisions"}],"predecessor-version":[{"id":30104,"href":"https:\/\/www.aurum.com.br\/blog\/wp-json\/wp\/v2\/posts\/8754\/revisions\/30104"}],"wp:featuredmedia":[{"embeddable":true,"href":"https:\/\/www.aurum.com.br\/blog\/wp-json\/wp\/v2\/media\/12790"}],"wp:attachment":[{"href":"https:\/\/www.aurum.com.br\/blog\/wp-json\/wp\/v2\/media?parent=8754"}],"wp:term":[{"taxonomy":"category","embeddable":true,"href":"https:\/\/www.aurum.com.br\/blog\/wp-json\/wp\/v2\/categories?post=8754"},{"taxonomy":"post_tag","embeddable":true,"href":"https:\/\/www.aurum.com.br\/blog\/wp-json\/wp\/v2\/tags?post=8754"}],"curies":[{"name":"wp","href":"https:\/\/api.w.org\/{rel}","templated":true}]}}