{"id":36051,"date":"2026-08-31T19:16:27","date_gmt":"2026-08-31T22:16:27","guid":{"rendered":"https:\/\/www.aurum.com.br\/blog\/?p=36051"},"modified":"2026-08-31T19:18:34","modified_gmt":"2026-08-31T22:18:34","slug":"planejamento-90-dias-para-escritorio-de-advocacia","status":"publish","type":"post","link":"https:\/\/www.aurum.com.br\/blog\/planejamento-90-dias-para-escritorio-de-advocacia\/","title":{"rendered":"Como fazer um plano de 90 dias para seu escrit\u00f3rio de advocacia"},"content":{"rendered":"<div id=\"bsf_rt_marker\"><\/div>\n<pre class=\"wp-block-preformatted\"><strong>Planejamento estrat\u00e9gico na advocacia<\/strong> \u00e9 o processo de definir onde o escrit\u00f3rio quer chegar e quais decis\u00f5es sustentam esse caminho. Envolve avaliar a estrutura atual, escolher objetivos vi\u00e1veis e organizar os recursos dispon\u00edveis. Ciclos de 90 dias traduzem essa dire\u00e7\u00e3o em a\u00e7\u00f5es que cabem na rotina de quem tamb\u00e9m atende clientes.<\/pre>\n\n\n\n<p><strong>O que voc\u00ea vai encontrar neste conte\u00fado:<\/strong><\/p>\n\n\n\n<ul class=\"wp-block-list\">\n<li>Planejamento estrat\u00e9gico na advocacia \u00e9 definir onde o escrit\u00f3rio quer chegar e organizar os recursos para sustentar esse caminho;<\/li>\n\n\n\n<li>O ciclo anual define a dire\u00e7\u00e3o e o ciclo de 90 dias traduz essa dire\u00e7\u00e3o em a\u00e7\u00f5es execut\u00e1veis dentro de um trimestre;<\/li>\n\n\n\n<li>O diagn\u00f3stico avalia sete \u00e1reas do escrit\u00f3rio: rotina, produtividade, financeiro, processos, responsabilidades, crescimento e indicadores;<\/li>\n\n\n\n<li>Duas ou tr\u00eas prioridades executadas at\u00e9 o fim rendem mais do que dez iniciativas pela metade;<\/li>\n\n\n\n<li>Revis\u00f5es quinzenais ou mensais e poucos indicadores acompanhados com const\u00e2ncia mant\u00eam o plano vivo at\u00e9 o fechamento do ciclo.<\/li>\n<\/ul>\n\n\n\n<hr class=\"wp-block-separator has-alpha-channel-opacity\"\/>\n\n\n\n<p>Voc\u00ea abre a agenda na segunda-feira e a lista de melhorias do escrit\u00f3rio \u00e9 a mesma da semana passada. Rever o financeiro, organizar os processos internos, distribuir melhor as responsabilidades: nada disso saiu do lugar. As demandas dos clientes chegam primeiro e consomem o tempo que sobraria para a gest\u00e3o.<\/p>\n\n\n\n<p>A dificuldade quase nunca est\u00e1 em saber o que precisa mudar e sim em decidir por onde come\u00e7ar. Continue a leitura e veja como montar um ciclo de 90 dias que cabe na rotina do seu escrit\u00f3rio! \ud83d\ude09<\/p>\n\n\n\n<h2 class=\"wp-block-heading\">O que \u00e9 planejamento estrat\u00e9gico na advocacia?<\/h2>\n\n\n\n<p>Planejamento estrat\u00e9gico na advocacia \u00e9 o <strong>processo de definir onde o escrit\u00f3rio quer chegar e quais decis\u00f5es v\u00e3o sustentar esse caminho<\/strong>.<\/p>\n\n\n\n<p>Envolve avaliar a estrutura atual, escolher objetivos vi\u00e1veis e organizar os recursos dispon\u00edveis para alcan\u00e7\u00e1-los. A diferen\u00e7a em rela\u00e7\u00e3o a uma lista de metas \u00e9 que cada escolha considera o que sua equipe consegue executar hoje.<\/p>\n\n\n\n<p>Na pr\u00e1tica, esse planejamento costuma trabalhar em duas escalas de tempo. O ciclo anual define a dire\u00e7\u00e3o geral e <a href=\"https:\/\/www.aurum.com.br\/blog\/planejamento-estrategico-para-escritorios-de-advocacia\/\">os objetivos do escrit\u00f3rio para o ano<\/a>.<\/p>\n\n\n\n<p>J\u00e1 o <strong>ciclo de 90 dias traduz essa dire\u00e7\u00e3o em a\u00e7\u00f5es que voc\u00ea consegue executar e revisar dentro de um trimestre<\/strong>. \u00c9 o recorte trimestral que torna o planejamento aplic\u00e1vel para quem tamb\u00e9m atende clientes e conduz processos todos os dias.<\/p>\n\n\n\n<h2 class=\"wp-block-heading\">Por que trabalhar com ciclos de 90 dias no escrit\u00f3rio?<\/h2>\n\n\n\n<p>Planejamentos anuais definem onde o escrit\u00f3rio pretende chegar, e esse horizonte continua necess\u00e1rio. O desafio aparece na hora de transformar esses objetivos em decis\u00f5es para a pr\u00f3xima semana.<\/p>\n\n\n\n<p>O que precisa ser feito primeiro: organizar a rotina, rever processos internos, acompanhar o financeiro ou redistribuir responsabilidades?<\/p>\n\n\n\n<p>Um ciclo de 90 dias cria um horizonte curto o bastante para responder a essas perguntas com clareza. Tr\u00eas meses d\u00e3o tempo de executar mudan\u00e7as reais, sem que a prioridade se perca no meio do caminho.<\/p>\n\n\n\n<p>Voc\u00ea n\u00e3o abandona os objetivos de longo prazo, apenas <strong>define quais avan\u00e7os importam agora e concentra tempo e energia neles<\/strong>.<\/p>\n\n\n\n<h2 class=\"wp-block-heading\">Como montar um planejamento de 90 dias passo a passo?<\/h2>\n\n\n\n<p>O roteiro abaixo organiza o ciclo em cinco etapas. Cada uma delas aparece detalhada nas se\u00e7\u00f5es seguintes, com perguntas e exemplos que voc\u00ea pode aplicar ao seu escrit\u00f3rio. Vale ler a lista inteira antes de come\u00e7ar, para entender como as etapas se encadeiam.<\/p>\n\n\n\n<ol class=\"wp-block-list\">\n<li>Diagn\u00f3stico: mapeie como est\u00e3o hoje a rotina, o financeiro, os processos internos, a equipe e os indicadores.<\/li>\n\n\n\n<li>Prioriza\u00e7\u00e3o: escolha de duas a tr\u00eas frentes com base em impacto, urg\u00eancia e capacidade de execu\u00e7\u00e3o.<\/li>\n\n\n\n<li>Plano de a\u00e7\u00e3o: transforme cada prioridade em iniciativas com respons\u00e1vel, prazo e resultado esperado.<\/li>\n\n\n\n<li>Execu\u00e7\u00e3o com revis\u00f5es: reserve momentos fixos de acompanhamento ao longo do trimestre.<\/li>\n\n\n\n<li>Fechamento do ciclo: avalie os indicadores, registre o que funcionou e defina as prioridades dos pr\u00f3ximos 90 dias.<\/li>\n<\/ol>\n\n\n\n<p>Voc\u00ea n\u00e3o precisa cumprir as cinco etapas em uma \u00fanica tarde. O diagn\u00f3stico e a prioriza\u00e7\u00e3o costumam ocupar a primeira semana do ciclo, e o restante do tempo fica reservado para execu\u00e7\u00e3o e revis\u00e3o.<\/p>\n\n\n\n<h2 class=\"wp-block-heading\">Como usar IA para montar o planejamento do escrit\u00f3rio?<\/h2>\n\n\n\n<p>Se organizar tudo isso sozinho parece trabalhoso, a intelig\u00eancia artificial ajuda a estruturar o processo. Foi com essa ideia que criamos o <strong>Assistente de Planejamento do Escrit\u00f3rio<\/strong>, uma ferramenta gratuita que funciona pelo ChatGPT.<\/p>\n\n\n\n<p>Em vez de devolver um planejamento gen\u00e9rico, o assistente faz perguntas sobre o momento atual da sua advocacia, sua rotina e seus objetivos. A partir das respostas, ele ajuda voc\u00ea a:<\/p>\n\n\n\n<ul class=\"wp-block-list\">\n<li>identificar os pontos que merecem mais aten\u00e7\u00e3o;<\/li>\n\n\n\n<li>definir as prioridades do momento atual;<\/li>\n\n\n\n<li>organizar as primeiras a\u00e7\u00f5es pr\u00e1ticas;<\/li>\n\n\n\n<li>estabelecer rotinas de acompanhamento;<\/li>\n\n\n\n<li>definir marcos de evolu\u00e7\u00e3o ao longo do trimestre;<\/li>\n\n\n\n<li>escolher os indicadores que v\u00e3o medir o resultado.<\/li>\n<\/ul>\n\n\n\n<p>Ao final da conversa, voc\u00ea ter\u00e1 um plano de a\u00e7\u00e3o para os pr\u00f3ximos 90 dias, constru\u00eddo a partir do que compartilhou. O material fica pronto para voc\u00ea levar \u00e0 pr\u00f3xima reuni\u00e3o com a equipe.<\/p>\n\n\n<a href=\"https:\/\/www.aurum.com.br\/blog\/material\/ia-planejamento-escritorio-advocacia\/?utm_source=blog&#038;utm_medium=botao&#038;utm_campaign=assistente-planejamento-do-escritorio&#038;utm_content=\" class=\"btn btn-blue\">Criar meu plano de 90 dias<\/a>\n\n\n\n<hr class=\"wp-block-separator has-alpha-channel-opacity\"\/>\n\n\n\n<p><strong>Leia tamb\u00e9m:<\/strong><\/p>\n\n\n\n<ul class=\"wp-block-list\">\n<li><a href=\"https:\/\/www.aurum.com.br\/blog\/como-fazer-o-escritorio-de-advocacia-crescer\/\">8 dicas de como crescer na advocacia<\/a><\/li>\n\n\n\n<li><a href=\"https:\/\/www.aurum.com.br\/blog\/okr-advocacia\/\">OKR na advocacia: guia completo + modelos exclusivos<\/a><\/li>\n\n\n\n<li><a href=\"https:\/\/www.aurum.com.br\/blog\/priorizar-atividades-na-advocacia\/\">Priorizar atividades na advocacia: 8 etapas essenciais<\/a><\/li>\n<\/ul>\n\n\n\n<hr class=\"wp-block-separator has-alpha-channel-opacity\"\/>\n\n\n\n<h2 class=\"wp-block-heading\">Como fazer o diagn\u00f3stico do momento atual do escrit\u00f3rio?<\/h2>\n\n\n\n<p>Antes de definir metas, vale entender de onde voc\u00ea est\u00e1 partindo. Um escrit\u00f3rio que acabou de abrir enfrenta desafios diferentes de uma opera\u00e7\u00e3o com equipe formada e carteira em crescimento. Da mesma forma, quem tem rotina organizada mas pouca previsibilidade financeira precisa de prioridades diferentes de quem cresce em receita e trava nos processos internos.<\/p>\n\n\n\n<p>Para organizar o levantamento, avalie sete \u00e1reas do escrit\u00f3rio e anote o que j\u00e1 funciona e o que ainda depende de improviso:<\/p>\n\n\n\n<ul class=\"wp-block-list\">\n<li>organiza\u00e7\u00e3o da rotina;<\/li>\n\n\n\n<li>produtividade da equipe;<\/li>\n\n\n\n<li><a href=\"https:\/\/www.aurum.com.br\/blog\/gestao-de-escritorio-de-advocacia\/\">gest\u00e3o financeira<\/a>;<\/li>\n\n\n\n<li>processos internos;<\/li>\n\n\n\n<li>divis\u00e3o de responsabilidades;<\/li>\n\n\n\n<li>crescimento e capta\u00e7\u00e3o;<\/li>\n\n\n\n<li><a href=\"https:\/\/www.aurum.com.br\/blog\/indicadores-juridicos\/\">acompanhamento de indicadores<\/a>.<\/li>\n<\/ul>\n\n\n\n<p>O objetivo \u00e9 identificar <strong>onde est\u00e3o os gargalos e as oportunidades neste momento<\/strong>, n\u00e3o alcan\u00e7ar uma gest\u00e3o perfeita em todas as frentes. Vale registrar essa avalia\u00e7\u00e3o por escrito. Ela se torna o ponto de compara\u00e7\u00e3o no fechamento do ciclo, quando voc\u00ea mede o que realmente mudou.<\/p>\n\n\n\n<h2 class=\"wp-block-heading\">Como definir prioridades sem tentar melhorar tudo ao mesmo tempo?<\/h2>\n\n\n\n<p>Depois do diagn\u00f3stico, voc\u00ea precisa escolher onde concentrar esfor\u00e7os, e essa \u00e9 a decis\u00e3o que mais influencia o resultado do trimestre. Uma prioridade bem escolhida costuma reunir tr\u00eas fatores:<\/p>\n\n\n\n<ul class=\"wp-block-list\">\n<li><strong>Impacto:<\/strong> o quanto essa mudan\u00e7a contribui para os objetivos do escrit\u00f3rio.<\/li>\n\n\n\n<li><strong>Urg\u00eancia:<\/strong> o quanto esse problema atrapalha a opera\u00e7\u00e3o hoje.<\/li>\n\n\n\n<li><strong>Capacidade de execu\u00e7\u00e3o:<\/strong> se voc\u00ea consegue avan\u00e7ar com o tempo, os recursos e a equipe dispon\u00edveis.<\/li>\n<\/ul>\n\n\n\n<p>Esse filtro evita um erro comum, que \u00e9 montar um plano com tantas iniciativas que nenhuma delas recebe aten\u00e7\u00e3o suficiente. Para um ciclo de 90 dias, <strong>duas ou tr\u00eas prioridades executadas at\u00e9 o fim rendem mais do que dez iniciativas pela metade<\/strong>. As frentes que ficaram de fora n\u00e3o desaparecem, apenas entram na fila para o pr\u00f3ximo trimestre.<\/p>\n\n\n\n<h2 class=\"wp-block-heading\">Como transformar prioridades em a\u00e7\u00f5es concretas?<\/h2>\n\n\n\n<p>&#8220;Melhorar a gest\u00e3o financeira&#8221; \u00e9 uma prioridade leg\u00edtima, mas ainda n\u00e3o diz o que voc\u00ea deve fazer na segunda-feira de manh\u00e3. O plano precisa traduzir essa inten\u00e7\u00e3o em iniciativas com respons\u00e1vel, prazo e resultado esperado.<\/p>\n\n\n\n<p>Suponha que a prioridade escolhida seja organizar o financeiro do escrit\u00f3rio. As iniciativas podem incluir uma rotina semanal de confer\u00eancia de recebimentos e a cria\u00e7\u00e3o de categorias fixas de receitas e despesas. Some a isso a an\u00e1lise da carteira de inadimplentes e o acompanhamento mensal de dois indicadores escolhidos por voc\u00ea.<\/p>\n\n\n\n<p>O mesmo racioc\u00ednio vale quando a prioridade \u00e9 a <a href=\"https:\/\/www.aurum.com.br\/blog\/dicas-de-produtividade-para-advogados\/\">produtividade da equipe<\/a>. O plano pode envolver a <a href=\"https:\/\/www.aurum.com.br\/blog\/divisao-de-tarefas-com-software-juridico\/\">revis\u00e3o da distribui\u00e7\u00e3o de tarefas<\/a> e a organiza\u00e7\u00e3o das rotinas recorrentes. Inclua tamb\u00e9m o mapeamento das atividades que consomem mais tempo do que entregam em retorno.<\/p>\n\n\n\n<p>Quanto mais claro estiver <strong>o que fazer, quando acompanhar e qual resultado observar<\/strong>, mais \u00fatil o plano se torna no dia a dia.<\/p>\n\n\n\n<h2 class=\"wp-block-heading\">Como acompanhar a evolu\u00e7\u00e3o durante os 90 dias?<\/h2>\n\n\n\n<p>Um planejamento criado no in\u00edcio do trimestre e reaberto s\u00f3 no \u00faltimo dia perde a fun\u00e7\u00e3o. Marque na agenda momentos fixos de revis\u00e3o, quinzenais ou mensais, e trate essas reuni\u00f5es com o mesmo compromisso que voc\u00ea trata um prazo processual. Cinco perguntas ajudam a conduzir cada uma delas:<\/p>\n\n\n\n<ul class=\"wp-block-list\">\n<li>As a\u00e7\u00f5es previstas sa\u00edram do papel?<\/li>\n\n\n\n<li>O que avan\u00e7ou desde a \u00faltima revis\u00e3o?<\/li>\n\n\n\n<li>Algum obst\u00e1culo est\u00e1 travando a execu\u00e7\u00e3o?<\/li>\n\n\n\n<li>As prioridades continuam fazendo sentido?<\/li>\n\n\n\n<li>Os indicadores mostram alguma evolu\u00e7\u00e3o?<\/li>\n<\/ul>\n\n\n\n<p>Os indicadores que voc\u00ea acompanha dependem dos objetivos que definiu no in\u00edcio do ciclo. Podem envolver faturamento, despesas fixas, <a href=\"https:\/\/www.aurum.com.br\/blog\/inadimplencia-em-escritorios-de-advocacia\/\">taxa de inadimpl\u00eancia<\/a>, n\u00famero de novos clientes, prazo m\u00e9dio de resposta ou horas dedicadas a atividades administrativas.<\/p>\n\n\n\n<p><strong>Vale escolher poucos n\u00fameros e acompanh\u00e1-los com const\u00e2ncia<\/strong>, em vez de montar um painel completo que ningu\u00e9m revisa depois da primeira semana.<\/p>\n\n\n\n<p>Veja como o m\u00e9todo OKR ajuda a definir metas mensur\u00e1veis para cada ciclo trimestral:<\/p>\n\n\n\n<figure class=\"wp-block-embed is-type-video is-provider-youtube wp-block-embed-youtube wp-embed-aspect-16-9 wp-has-aspect-ratio\"><div class=\"wp-block-embed__wrapper\">\n<iframe title=\"Definindo metas para advogados com OKR - Felipe Castro | Aurum Summit\" width=\"500\" height=\"281\" src=\"https:\/\/www.youtube.com\/embed\/Oh6RRuURzTQ?feature=oembed\" frameborder=\"0\" allow=\"accelerometer; autoplay; clipboard-write; encrypted-media; gyroscope; picture-in-picture; web-share\" referrerpolicy=\"strict-origin-when-cross-origin\" allowfullscreen><\/iframe>\n<\/div><\/figure>\n\n\n\n<h2 class=\"wp-block-heading\">Como funciona um ciclo de 90 dias na pr\u00e1tica?<\/h2>\n\n\n\n<p>Imagine um escrit\u00f3rio de tr\u00eas advogados que fatura de forma irregular e perde horas respondendo a pedidos de documentos por aplicativos de mensagem.<\/p>\n\n\n\n<p>O diagn\u00f3stico aponta dois gargalos principais: a previsibilidade financeira e a organiza\u00e7\u00e3o do atendimento. As demais frentes ficam registradas por escrito para entrar no ciclo seguinte.<\/p>\n\n\n\n<p>No primeiro m\u00eas, a equipe cria categorias de receitas e despesas e passa a conferir os recebimentos toda sexta-feira. No segundo m\u00eas, define um canal \u00fanico para solicita\u00e7\u00e3o de documentos e padroniza as respostas mais frequentes. No terceiro m\u00eas, revisa os n\u00fameros e os compara com o levantamento inicial, verificando em quanto a inadimpl\u00eancia caiu e quantas horas administrativas foram economizadas.<\/p>\n\n\n\n<p>Nenhuma dessas mudan\u00e7as reformou o escrit\u00f3rio inteiro. Elas <strong>resolveram dois problemas espec\u00edficos dentro do trimestre<\/strong>, o que j\u00e1 altera a rotina de quem trabalha ali. No ciclo seguinte, a equipe escolhe as pr\u00f3ximas duas prioridades e repete o processo.<\/p>\n\n\n\n<h2 class=\"wp-block-heading\">Por onde come\u00e7ar o planejamento do seu escrit\u00f3rio?<\/h2>\n\n\n\n<p>Voc\u00ea n\u00e3o precisa reformar todas as \u00e1reas do escrit\u00f3rio de uma vez. O primeiro passo \u00e9 entender onde voc\u00ea est\u00e1 hoje, escolher o que merece aten\u00e7\u00e3o e definir as a\u00e7\u00f5es do trimestre.<\/p>\n\n\n\n<p>Converse gratuitamente com o Assistente de Planejamento do Escrit\u00f3rio no ChatGPT e descubra quais podem ser as prioridades da sua advocacia agora. Em poucos minutos de conversa, voc\u00ea sai com um plano de 90 dias escrito e pronto para come\u00e7ar.<\/p>\n\n\n<a href=\"https:\/\/www.aurum.com.br\/blog\/material\/ia-planejamento-escritorio-advocacia\/?utm_source=blog&#038;utm_medium=botao&#038;utm_campaign=assistente-planejamento-do-escritorio&#038;utm_content=\" class=\"btn btn-blue\">Quero acessar o assistente gratuito<\/a>\n\n\n\n<h3 class=\"wp-block-heading\">Perguntas frequentes sobre planejamento estrat\u00e9gico na advocacia<\/h3>\n\n\n\n<h4 class=\"wp-block-heading\">Qual a diferen\u00e7a entre planejamento estrat\u00e9gico, t\u00e1tico e operacional?<\/h4>\n\n\n\n<p>O planejamento estrat\u00e9gico define a dire\u00e7\u00e3o do escrit\u00f3rio no longo prazo: em quais \u00e1reas atuar, que tipo de cliente atender e onde se quer chegar. O t\u00e1tico traduz essa dire\u00e7\u00e3o em objetivos por \u00e1rea, como financeiro, atendimento ou equipe, geralmente em horizontes de seis meses a um ano. J\u00e1 o operacional trata das rotinas do dia a dia, com tarefas, respons\u00e1veis e prazos definidos. O ciclo de 90 dias descrito neste artigo fica entre o t\u00e1tico e o operacional: ele recorta a estrat\u00e9gia anual em um bloco de execu\u00e7\u00e3o curto o bastante para caber na rotina de quem tamb\u00e9m atende clientes.<\/p>\n\n\n\n<h4 class=\"wp-block-heading\">Preciso definir miss\u00e3o, vis\u00e3o e valores antes de montar o planejamento?<\/h4>\n\n\n\n<p>N\u00e3o \u00e9 pr\u00e9-requisito para come\u00e7ar um ciclo de 90 dias. Miss\u00e3o, vis\u00e3o e valores orientam decis\u00f5es de longo prazo, como posicionamento e \u00e1reas de atua\u00e7\u00e3o, e costumam ser revisitados no planejamento anual. Se o seu escrit\u00f3rio ainda n\u00e3o os tem escritos, isso n\u00e3o impede o diagn\u00f3stico nem a escolha das prioridades do trimestre. Os problemas que travam a opera\u00e7\u00e3o hoje, como financeiro desorganizado ou atendimento sem canal definido, aparecem no levantamento independentemente disso. Uma alternativa \u00e9 usar o pr\u00f3prio ciclo para amadurecer a identidade do escrit\u00f3rio e formaliz\u00e1-la no fechamento.<\/p>\n\n\n\n<h4 class=\"wp-block-heading\">A an\u00e1lise SWOT \u00e9 necess\u00e1ria no diagn\u00f3stico do escrit\u00f3rio?<\/h4>\n\n\n\n<p>A SWOT \u00e9 uma das formas de organizar o diagn\u00f3stico, n\u00e3o a \u00fanica. Ela mapeia for\u00e7as, fraquezas, oportunidades e amea\u00e7as, cruzando o que est\u00e1 dentro do escrit\u00f3rio com o que vem do mercado. O levantamento por sete \u00e1reas apresentado neste artigo cobre o ambiente interno de maneira mais direta e costuma ser mais r\u00e1pido de aplicar em escrit\u00f3rios pequenos. Se voc\u00ea quiser incluir a leitura do mercado, a SWOT \u00e9 um bom complemento, e o Portal da Aurum disponibiliza uma planilha gratuita para essa an\u00e1lise.<\/p>\n\n\n\n<h4 class=\"wp-block-heading\">Advogado aut\u00f4nomo tamb\u00e9m precisa de planejamento estrat\u00e9gico?<\/h4>\n\n\n\n<p>Sim, e o ciclo curto costuma funcionar ainda melhor em opera\u00e7\u00f5es individuais. Sem equipe para dividir tarefas administrativas, o advogado aut\u00f4nomo acumula atendimento, prazos e gest\u00e3o, o que torna a escolha de prioridades mais decisiva. A diferen\u00e7a est\u00e1 na escala: em vez de duas ou tr\u00eas frentes, pode fazer sentido escolher apenas uma por trimestre. As etapas permanecem as mesmas, e o respons\u00e1vel por cada iniciativa \u00e9 sempre a mesma pessoa, o que exige realismo redobrado na defini\u00e7\u00e3o de prazos.<\/p>\n\n\n\n<h3 class=\"wp-block-heading\">Mais conhecimento para voc\u00ea<\/h3>\n\n\n\n<ul class=\"wp-block-list\">\n<li><a href=\"https:\/\/www.aurum.com.br\/blog\/metas-na-advocacia\/\">Metas na advocacia: principais erros na hora de planejar<\/a><\/li>\n\n\n\n<li><a href=\"https:\/\/www.aurum.com.br\/blog\/planilhas-para-advogados\/\">6 planilhas para advogados gr\u00e1tis: gest\u00e3o, processos e metas<\/a><\/li>\n\n\n\n<li><a href=\"https:\/\/www.aurum.com.br\/blog\/material\/kit-planejamento-para-escritorios-de-advocacia\/\">4 modelos de planejamento para escrit\u00f3rios de advocacia<\/a><\/li>\n\n\n\n<li><a href=\"https:\/\/www.aurum.com.br\/blog\/produtividade-na-advocacia-com-ia\/\">Produtividade na advocacia com IA: 7 m\u00e9tricas para monitorar<\/a><\/li>\n\n\n\n<li><a href=\"https:\/\/www.aurum.com.br\/blog\/depoimento-planejamento-escritorio\/\">Como planejo meu escrit\u00f3rio de advocacia<\/a><\/li>\n<\/ul>\n\n\n<style>\r\n  .news-post {\r\n    background: url('https:\/\/www.aurum.com.br\/blog\/wp-content\/themes\/aurum\/img\/bg-news-artigo.svg') no-repeat top center #3C48AA;\r\n    padding: 1.5rem;\r\n    border-radius: 6px;\r\n    margin: 1rem 0;\r\n  }\r\n  .news-post .icone {\r\n    display: none;\r\n  }\r\n  .news-post .title {\r\n    font-weight: 700;\r\n    font-size: 16px;\r\n    line-height: 130%;\r\n    text-align: center;\r\n    letter-spacing: -0.5px;\r\n    color: #fff;\r\n    margin-bottom: .9375rem;\r\n  }\r\n  .news-post p {\r\n    font-size: .875rem;\r\n    line-height: 140%;\r\n    text-align: center;\r\n    color: #fff;\r\n    margin-bottom: 1.25rem;\r\n  }\r\n  .news-post .news_button_span {\r\n    font-size: .8125rem;\r\n    display: block;\r\n    padding: .125rem .3125rem;\r\n    color: #fff;\r\n    text-align:left;\r\n  }\r\n  .news-post .news_button_span a {\r\n    color: #fff !important;\r\n    text-decoration: underline;\r\n  }\r\n  .news-post form {\r\n    width: 100%;\r\n  }\r\n  .news-post label {\r\n    font-weight: 600;\r\n    font-size: .9375rem;\r\n    line-height: 1.5rem;\r\n    margin-bottom: .5rem;\r\n    color: #fff;\r\n    display: block;\r\n  }\r\n  .news-post input {\r\n    background: #fff;\r\n    border: 1px solid #CBCBD9;\r\n    box-sizing: border-box;\r\n    border-radius: 4px;\r\n    padding: .75rem 1rem;\r\n    width: 100%;\r\n  }\r\n  .news-post button {\r\n    margin-top: .875rem;\r\n    width: 100%;\r\n    min-width: auto;\r\n    background: #FCC632;\r\n    color: #3C48AA;\r\n  }\r\n  .news-post .input {\r\n    position: relative;\r\n    padding-bottom: 10px;\r\n  }\r\n  .news-post .error-message-ad {\r\n    font-size: .875rem;\r\n    line-height: 130%;\r\n    color: #D50021;\r\n    margin-left: 4px;\r\n  }\r\n  .news-post .error {\r\n    border: 1px solid #D50021;\r\n  }\r\n  .news-post #message-form-ad {\r\n    border-radius: 4px;\r\n    padding: 0.7rem;\r\n    font-size:0.8rem;\r\n    text-align: center;\r\n    align-items: center;\r\n    justify-content: center;\r\n    display: none;\r\n  }\r\n  .news-post #message-form-ad svg {\r\n    margin-right: 8px;\r\n  }\r\n\r\n  @media(min-width: 561px) {\r\n    .news-post {\r\n      position: relative;\r\n      background: url('https:\/\/www.aurum.com.br\/blog\/wp-content\/themes\/aurum\/img\/bg-news-artigo.svg') no-repeat top center #3C48AA;\r\n      width: calc(100% - 30px);\r\n    }\r\n    .news-post .icone {\r\n      display: block;\r\n      position: absolute;\r\n      right: -30px;\r\n      top: 65px;\r\n      max-width: 142px;\r\n      width: 100%;\r\n      height: auto;\r\n      margin: 0;\r\n    }\r\n    .news-post .title {\r\n      font-size: 1.125rem;\r\n      text-align: left;\r\n      \/* padding-right: 3.75rem; *\/\r\n    }\r\n    .news-post p {\r\n      font-size: 1rem;\r\n      text-align: left;\r\n      max-width: 400px;\r\n    }\r\n    .news-post .boxes {\r\n      display: flex;\r\n      align-items: flex-start;\r\n    }\r\n    .news-post button {\r\n      margin: 0 0 0 1rem;\r\n      width: 100%;\r\n      max-width: 170px;\r\n      min-width: auto;\r\n      transition: all ease .3s\r\n    }\r\n    .news-post button:hover {\r\n      opacity: 0.9;\r\n      transition: all ease .3s\r\n    }\r\n    .news-post #message-form-ad {\r\n      padding: 1.125rem;\r\n      font-size:1rem;\r\n    }\r\n    .news-post #message-form-ad svg {\r\n      margin-right: 10px;\r\n    }\r\n  }\r\n<\/style>\r\n\r\n<div class=\"news-post\">\r\n  <div class=\"title news-ad-title\">Gostou do artigo e quer evoluir a sua advocacia?<\/div>\r\n  <p class=\"news-ad-subtitle\">Assine gr\u00e1tis a Aurum News e receba uma dose semanal de conte\u00fado no seu e-mail! \u270c\ufe0f<\/p>\r\n  <img decoding=\"async\" src=\"https:\/\/www.aurum.com.br\/blog\/wp-content\/themes\/aurum\/img\/icon-news-artigo.svg\" alt=\"\" class=\"icone\">\r\n\r\n  <form method=\"post\" name=\"newsletter-ad\" id=\"aurum-newsletter-ad\">\r\n    <div class=boxes>\r\n      <div class=\"input\">\r\n        <label class=\"label-email\" htmlFor=\"email-ad\">Qual seu e-mail?<\/label>\r\n        <input type=\"email\" id=\"email-ad\" name=\"newsletter-mail-ad\" placeholder=\"Digite seu e-mail?\">\r\n        <div class=\"error-message-ad-email\">Endere\u00e7o de e-mail inv\u00e1lido ou incorreto<\/div>\r\n\r\n        <label class=\"label-select\" htmlFor=\"lawsuits-select-ad\">\r\n          Quantos processos voc\u00ea ou<br class=\"for-desktop\"\/> seu escrit\u00f3rio acompanham?\r\n        <\/label>\r\n        <div id=\"lawsuits-select-ad\" class=\"lawsuits-select select-wrapper\" tabindex=\"0\">\r\n          <div class=\"s-dropdown--styled\">\r\n          <span class=\"lawsuits-default\">\r\n            <span id=\"lawsuits-newsletter-ad\" class=\"lawsuits-default-text\" data-value=\"\">Selecione os processos<\/span>\r\n            <svg class=\"chevron\" xmlns=\"http:\/\/www.w3.org\/2000\/svg\" width=\"24\" height=\"25\" viewBox=\"0 0 24 25\" fill=\"none\">\r\n              <path d=\"M6 15.6152L12 9.61523L18 15.6152\" stroke=\"black\" stroke-width=\"2\" stroke-linecap=\"round\" stroke-linejoin=\"round\" \/>\r\n            <\/svg>\r\n          <\/span>\r\n\r\n          <ul class=\"s-dropdown u-hide\">\r\n            <li class=\"lawsuits\" data-value=\"Mais de 1000 processos\">Mais de 1000 processos<\/li>\r\n            <li class=\"lawsuits\" data-value=\"De 501 a 1000 processos\">De 501 a 1000 processos<\/li>\r\n            <li class=\"lawsuits\" data-value=\"De 151 a 500 processos\">De 151 a 500 processos<\/li>\r\n            <li class=\"lawsuits\" data-value=\"De 41 a 150 processos\">De 41 a 150 processos<\/li>\r\n            <li class=\"lawsuits\" data-value=\"At\u00e9 40 processos\">At\u00e9 40 processos<\/li>\r\n            <li class=\"lawsuits\" data-value=\"Atuo apenas no consultivo\">Atuo apenas no consultivo<\/li>\r\n            <li class=\"lawsuits\" data-value=\"Ainda sou estudante de direito\">Ainda sou estudante de direito<\/li>\r\n            <li class=\"lawsuits\" data-value=\"N\u00e3o sou da \u00e1rea jur\u00eddica\">N\u00e3o sou da \u00e1rea jur\u00eddica<\/li>\r\n          <\/ul>\r\n          <\/div>\r\n        <\/div>\r\n        <div class=\"error-message-ad-lawsuits\">Selecione algum processo<\/div>\r\n      <\/div>\r\n      <button class=\"btn btn-yellow ad-btn-desktop\" id=\"aurum-submit-ad\">Assinar gr\u00e1tis<\/button>\r\n      <button class=\"btn btn-yellow ad-btn-mobile\" id=\"aurum-submit-ad\">Assinar<\/button>\r\n    <\/div>\r\n    <span class=\"news_button_span\">Ao se cadastrar voc\u00ea declara que leu e aceitou a pol\u00edtica de privacidade e cookies do <a href=\"https:\/\/s3.sa-east-1.amazonaws.com\/publico.aurum.com.br\/contratos\/politica-de-privacidade.pdf\" target=\"_blank\" rel=\"noopener noreferrer\">site<\/a>.<\/span>\r\n  <\/form>\r\n  <div id=\"message-form-ad\"><\/div>\r\n<\/div>","protected":false},"excerpt":{"rendered":"<p>Planejamento estrat\u00e9gico na advocacia \u00e9 o processo de definir onde o escrit\u00f3rio quer chegar e quais decis\u00f5es sustentam esse caminho. Envolve avaliar a estrutura atual, escolher objetivos vi\u00e1veis e organizar os recursos dispon\u00edveis. Ciclos de 90 dias traduzem essa dire\u00e7\u00e3o em a\u00e7\u00f5es que cabem na rotina de quem tamb\u00e9m atende clientes. O que voc\u00ea vai [&hellip;]<\/p>\n","protected":false},"author":7,"featured_media":36052,"comment_status":"open","ping_status":"open","sticky":false,"template":"","format":"standard","meta":{"_bbp_topic_count":0,"_bbp_reply_count":0,"_bbp_total_topic_count":0,"_bbp_total_reply_count":0,"_bbp_voice_count":0,"_bbp_anonymous_reply_count":0,"_bbp_topic_count_hidden":0,"_bbp_reply_count_hidden":0,"_bbp_forum_subforum_count":0,"inline_featured_image":false,"footnotes":""},"categories":[38],"tags":[],"class_list":["post-36051","post","type-post","status-publish","format-standard","has-post-thumbnail","hentry","category-gestao-para-advogados"],"acf":[],"_links":{"self":[{"href":"https:\/\/www.aurum.com.br\/blog\/wp-json\/wp\/v2\/posts\/36051","targetHints":{"allow":["GET"]}}],"collection":[{"href":"https:\/\/www.aurum.com.br\/blog\/wp-json\/wp\/v2\/posts"}],"about":[{"href":"https:\/\/www.aurum.com.br\/blog\/wp-json\/wp\/v2\/types\/post"}],"author":[{"embeddable":true,"href":"https:\/\/www.aurum.com.br\/blog\/wp-json\/wp\/v2\/users\/7"}],"replies":[{"embeddable":true,"href":"https:\/\/www.aurum.com.br\/blog\/wp-json\/wp\/v2\/comments?post=36051"}],"version-history":[{"count":4,"href":"https:\/\/www.aurum.com.br\/blog\/wp-json\/wp\/v2\/posts\/36051\/revisions"}],"predecessor-version":[{"id":36057,"href":"https:\/\/www.aurum.com.br\/blog\/wp-json\/wp\/v2\/posts\/36051\/revisions\/36057"}],"wp:featuredmedia":[{"embeddable":true,"href":"https:\/\/www.aurum.com.br\/blog\/wp-json\/wp\/v2\/media\/36052"}],"wp:attachment":[{"href":"https:\/\/www.aurum.com.br\/blog\/wp-json\/wp\/v2\/media?parent=36051"}],"wp:term":[{"taxonomy":"category","embeddable":true,"href":"https:\/\/www.aurum.com.br\/blog\/wp-json\/wp\/v2\/categories?post=36051"},{"taxonomy":"post_tag","embeddable":true,"href":"https:\/\/www.aurum.com.br\/blog\/wp-json\/wp\/v2\/tags?post=36051"}],"curies":[{"name":"wp","href":"https:\/\/api.w.org\/{rel}","templated":true}]}}