{"id":34866,"date":"2026-01-28T17:07:34","date_gmt":"2026-01-28T20:07:34","guid":{"rendered":"https:\/\/www.aurum.com.br\/blog\/?p=34866"},"modified":"2026-02-04T16:39:33","modified_gmt":"2026-02-04T19:39:33","slug":"stf","status":"publish","type":"post","link":"https:\/\/www.aurum.com.br\/blog\/stf\/","title":{"rendered":"O que \u00e9 e qual o papel do Supremo Tribunal Federal na advocacia?"},"content":{"rendered":"<div id=\"bsf_rt_marker\"><\/div>\n<pre class=\"wp-block-preformatted\">O <strong>Supremo Tribunal Federal <\/strong>representa a inst\u00e2ncia superior do sistema judici\u00e1rio no Brasil, tendo como responsabilidade central atuar como protetor da Constitui\u00e7\u00e3o. Sua fun\u00e7\u00e3o consiste em assegurar que todas as normas e decis\u00f5es, incluindo aquelas oriundas dos Poderes Executivo e Legislativo, estejam em conformidade com a Constitui\u00e7\u00e3o, preservando a harmonia entre os tr\u00eas poderes e defendendo as garantias fundamentais da popula\u00e7\u00e3o.&nbsp;<\/pre>\n\n\n\n<p><strong>O que voc\u00ea vai encontrar neste conte\u00fado:<\/strong><\/p>\n\n\n\n<ul class=\"wp-block-list\">\n<li>O Supremo Tribunal Federal \u00e9 o \u00f3rg\u00e3o m\u00e1ximo do Poder Judici\u00e1rio e atua como guardi\u00e3o da Constitui\u00e7\u00e3o Federal, assegurando que leis e atos do poder p\u00fablico respeitem os princ\u00edpios constitucionais.<\/li>\n\n\n\n<li>A principal fun\u00e7\u00e3o do STF \u00e9 exercer o controle de constitucionalidade, uniformizar a interpreta\u00e7\u00e3o da Constitui\u00e7\u00e3o e proteger direitos fundamentais, garantindo equil\u00edbrio entre os Poderes da Rep\u00fablica.<\/li>\n\n\n\n<li>As decis\u00f5es do STF influenciam todo o sistema jur\u00eddico por meio de precedentes vinculantes, repercuss\u00e3o geral e julgamentos que orientam tribunais, Administra\u00e7\u00e3o P\u00fablica e a atua\u00e7\u00e3o da advocacia.<\/li>\n\n\n\n<li>O STF \u00e9 composto por 11 ministros, indicados pelo Presidente da Rep\u00fablica e aprovados pelo Senado Federal, desde que atendam aos requisitos constitucionais de idade, not\u00e1vel saber jur\u00eddico e reputa\u00e7\u00e3o ilibada.<\/li>\n\n\n\n<li>Diferente dos demais tribunais superiores, o STF analisa exclusivamente mat\u00e9rias constitucionais e suas decis\u00f5es podem ter efeito vinculante e efic\u00e1cia geral, impactando diretamente a pr\u00e1tica profissional dos advogados.<\/li>\n<\/ul>\n\n\n\n<hr class=\"wp-block-separator has-alpha-channel-opacity is-style-default\"\/>\n\n\n\n<p>O Supremo Tribunal Federal (STF) ocupa uma posi\u00e7\u00e3o central no ordenamento jur\u00eddico brasileiro. Mais do que a inst\u00e2ncia m\u00e1xima do Poder Judici\u00e1rio, o STF \u00e9 o guardi\u00e3o da Constitui\u00e7\u00e3o Federal de 1988, conforme disp\u00f5e o artigo 102 da Constitui\u00e7\u00e3o, sendo respons\u00e1vel por assegurar sua supremacia e correta interpreta\u00e7\u00e3o.<\/p>\n\n\n\n<p>Na pr\u00e1tica, suas decis\u00f5es ultrapassam a solu\u00e7\u00e3o de casos individuais. Ao interpretar direitos fundamentais, definir a validade de leis e fixar teses em julgamentos com repercuss\u00e3o geral ou em a\u00e7\u00f5es de controle concentrado de constitucionalidade, o STF estabelece par\u00e2metros que orientam todo o sistema de justi\u00e7a e influenciam diretamente a atua\u00e7\u00e3o da advocacia.<\/p>\n\n\n\n<p>Diante desse cen\u00e1rio, compreender o papel do STF deixou de ser um conhecimento acess\u00f3rio e passou a ser uma exig\u00eancia pr\u00e1tica para quem atua ou pretende atuar na advocacia.<br>Continue a leitura \ud83d\ude09<\/p>\n\n\n\n<h2 class=\"wp-block-heading\">O que \u00e9 o STF e o que ele faz?<\/h2>\n\n\n\n<p>O Supremo Tribunal Federal (STF) <strong>\u00e9 o \u00f3rg\u00e3o m\u00e1ximo do Poder Judici\u00e1rio brasileiro e tem como principal objetivo guardar a <\/strong><a href=\"https:\/\/www.planalto.gov.br\/ccivil_03\/constituicao\/constituicao.htm\" target=\"_blank\" rel=\"noopener\"><strong>Constitui\u00e7\u00e3o Federal de 1988<\/strong><\/a><strong>, conforme o artigo 102 da Constitui\u00e7\u00e3o<\/strong>. Cabe ao STF assegurar a supremacia constitucional, verificando se leis, atos normativos e decis\u00f5es do poder p\u00fablico est\u00e3o de acordo com os princ\u00edpios e direitos constitucionais.<\/p>\n\n\n\n<p>Na pr\u00e1tica, o STF atua como o int\u00e9rprete final da Constitui\u00e7\u00e3o, decidindo controv\u00e9rsias relevantes sobre direitos fundamentais, divis\u00e3o de compet\u00eancias entre os Poderes e validade de normas estatais.&nbsp;<\/p>\n\n\n\n<p>Suas decis\u00f5es, especialmente em julgamentos de controle de constitucionalidade e em recursos com repercuss\u00e3o geral, produzem efeitos que orientam todo o sistema de justi\u00e7a.<\/p>\n\n\n\n<p>Al\u00e9m disso, o Supremo julga a\u00e7\u00f5es como ADI, ADC e ADPF, recursos extraordin\u00e1rios de natureza constitucional e processos envolvendo autoridades com foro previsto na Constitui\u00e7\u00e3o, exercendo papel estrutural na consolida\u00e7\u00e3o do Estado Democr\u00e1tico de Direito.<\/p>\n\n\n\n<figure class=\"wp-block-image size-full\"><img decoding=\"async\" width=\"1080\" height=\"1080\" src=\"https:\/\/www.aurum.com.br\/blog\/wp-content\/uploads\/2026\/01\/o-que-e-STF.png\" alt=\"\" class=\"wp-image-34867\" srcset=\"https:\/\/www.aurum.com.br\/blog\/wp-content\/uploads\/2026\/01\/o-que-e-STF.png 1080w, https:\/\/www.aurum.com.br\/blog\/wp-content\/uploads\/2026\/01\/o-que-e-STF-300x300.png 300w, https:\/\/www.aurum.com.br\/blog\/wp-content\/uploads\/2026\/01\/o-que-e-STF-150x150.png 150w, https:\/\/www.aurum.com.br\/blog\/wp-content\/uploads\/2026\/01\/o-que-e-STF-768x768.png 768w\" sizes=\"(max-width: 1080px) 100vw, 1080px\" \/><\/figure>\n\n\n\n<h2 class=\"wp-block-heading\">Qual a fun\u00e7\u00e3o do STF?<\/h2>\n\n\n\n<p>A fun\u00e7\u00e3o do STF \u00e9 <strong>assegurar a supremacia da Constitui\u00e7\u00e3o Federal e garantir a efetividade do Estado Democr\u00e1tico de Direito<\/strong>, atuando como a principal Corte Constitucional do pa\u00eds.<\/p>\n\n\n\n<p>Na pr\u00e1tica, essa fun\u00e7\u00e3o se manifesta em tr\u00eas eixos centrais:<\/p>\n\n\n\n<p><strong>1. Controle de constitucionalidade: <\/strong>O STF verifica se leis, atos normativos e decis\u00f5es do poder p\u00fablico s\u00e3o compat\u00edveis com a Constitui\u00e7\u00e3o. Esse controle ocorre tanto de forma abstrata, por meio das a\u00e7\u00f5es de controle concentrado, quanto de forma concreta, no julgamento de recursos extraordin\u00e1rios, impedindo que normas inconstitucionais produzam efeitos jur\u00eddicos.<\/p>\n\n\n\n<p><strong>2. Uniformiza\u00e7\u00e3o da interpreta\u00e7\u00e3o constitucional: <\/strong>Em um sistema jur\u00eddico complexo, o Supremo fixa entendimentos que garantem seguran\u00e7a jur\u00eddica, previsibilidade e isonomia. As teses firmadas em julgamentos com repercuss\u00e3o geral e em decis\u00f5es vinculantes orientam magistrados, tribunais e a Administra\u00e7\u00e3o P\u00fablica, reduzindo decis\u00f5es divergentes sobre a mesma mat\u00e9ria.<\/p>\n\n\n\n<p><strong>3. Prote\u00e7\u00e3o dos direitos fundamentais e equil\u00edbrio entre os Poderes: <\/strong>O STF atua como inst\u00e2ncia de prote\u00e7\u00e3o do cidad\u00e3o, concretizando direitos fundamentais e controlando atos do Executivo e do Legislativo \u00e0 luz da Constitui\u00e7\u00e3o, assegurando o funcionamento do sistema de freios e contrapesos.<\/p>\n\n\n\n<p>Dessa forma, o STF exerce um papel estrutural na preserva\u00e7\u00e3o da ordem constitucional e na estabilidade das institui\u00e7\u00f5es democr\u00e1ticas.<\/p>\n\n\n\n<h2 class=\"wp-block-heading\">Como o STF influencia as decis\u00f5es jur\u00eddicas no Brasil?<\/h2>\n\n\n\n<p>O STF<strong> influencia as decis\u00f5es jur\u00eddicas no Brasil ao fixar a interpreta\u00e7\u00e3o final da Constitui\u00e7\u00e3o Federal<\/strong>, e<strong>stabelecendo par\u00e2metros que orientam todo o sistema de justi\u00e7a<\/strong> e impactam diretamente magistrados, tribunais, a Administra\u00e7\u00e3o P\u00fablica e a advocacia.<\/p>\n\n\n\n<p>Essa influ\u00eancia ocorre, principalmente, por meio dos seguintes mecanismos:<\/p>\n\n\n\n<ul class=\"wp-block-list\">\n<li><strong>Forma\u00e7\u00e3o de precedentes vinculantes<\/strong>, especialmente em decis\u00f5es de controle concentrado de constitucionalidade e em recursos extraordin\u00e1rios com repercuss\u00e3o geral, que devem ser observadas pelas demais inst\u00e2ncias do Judici\u00e1rio;<\/li>\n\n\n\n<li><strong>Uniformiza\u00e7\u00e3o da interpreta\u00e7\u00e3o constitucional<\/strong>, promovendo previsibilidade, seguran\u00e7a jur\u00eddica e isonomia na aplica\u00e7\u00e3o do Direito;<\/li>\n\n\n\n<li><strong>Revis\u00e3o de entendimentos consolidados<\/strong>, quando o STF reinterpreta dispositivos constitucionais diante de mudan\u00e7as sociais, tecnol\u00f3gicas ou econ\u00f4micas;<\/li>\n\n\n\n<li><strong>Defini\u00e7\u00e3o do alcance de direitos e deveres fundamentais<\/strong>, influenciando diretamente a atua\u00e7\u00e3o da advocacia e a condu\u00e7\u00e3o dos processos em todo o pa\u00eds.<\/li>\n<\/ul>\n\n\n\n<p>Dessa forma, o STF n\u00e3o apenas resolve controv\u00e9rsias constitucionais, mas <strong>molda a aplica\u00e7\u00e3o do Direito no Brasil<\/strong>, tornando indispens\u00e1vel o acompanhamento constante de sua jurisprud\u00eancia por estudantes e profissionais da \u00e1rea jur\u00eddica.<\/p>\n\n\n\n<h3 class=\"wp-block-heading\">Exemplos de decis\u00f5es do STF que mudaram a jurisprud\u00eancia.<\/h3>\n\n\n\n<p><a href=\"https:\/\/www.stf.jus.br\/arquivo\/cms\/noticiaNoticiaStf\/anexo\/ADI4277MA.pdf\" target=\"_blank\" rel=\"noopener\"><strong>ADI 4.277 e ADPF 132<\/strong><\/a><strong> &#8211; reconhecimento da uni\u00e3o est\u00e1vel entre pessoas do mesmo sexo<\/strong><\/p>\n\n\n\n<p>O reconhecimento da uni\u00e3o est\u00e1vel entre pessoas do mesmo sexo (ADI 4.277 e ADPF 132) redefiniu o conceito jur\u00eddico de fam\u00edlia e produziu efeitos diretos no Direito de Fam\u00edlia e Sucess\u00f5es.&nbsp;<\/p>\n\n\n\n<p><a href=\"https:\/\/www.stf.jus.br\/arquivo\/cms\/publicacaoBOInternet\/anexo\/link_download\/casos_relevantes\/pt\/ADPF_130.pdf\" target=\"_blank\" rel=\"noopener\"><strong>ADPF 130 <\/strong><\/a><strong>&#8211; n\u00e3o recep\u00e7\u00e3o da antiga Lei de Imprensa<\/strong><\/p>\n\n\n\n<p>No campo da liberdade de express\u00e3o e da comunica\u00e7\u00e3o social, o julgamento da ADPF 130, que declarou a n\u00e3o recep\u00e7\u00e3o da antiga Lei de Imprensa, reafirmou a centralidade da liberdade de manifesta\u00e7\u00e3o do pensamento no regime democr\u00e1tico.<\/p>\n\n\n\n<p><a href=\"https:\/\/www.stf.jus.br\/arquivo\/cms\/publicacaoBOInternet\/anexo\/link_download\/casos_relevantes\/pt\/ADC_29_ADC_30_ADI_4578.pdf\" target=\"_blank\" rel=\"noopener\"><strong>ADC 29 e ADC 30<\/strong><\/a><strong> &#8211; constitucionalidade da Lei da Ficha Limpa<\/strong><\/p>\n\n\n\n<p>Outro exemplo relevante \u00e9 a consolida\u00e7\u00e3o da constitucionalidade da Lei da Ficha Limpa (ADC 29 e ADC 30), que impactou profundamente o Direito Eleitoral ao refor\u00e7ar a prote\u00e7\u00e3o \u00e0 moralidade administrativa.&nbsp;<\/p>\n\n\n\n<p>Esses exemplos demonstram que o STF exerce papel decisivo na evolu\u00e7\u00e3o do Direito brasileiro, influenciando a interpreta\u00e7\u00e3o das normas, a produ\u00e7\u00e3o legislativa e a atua\u00e7\u00e3o da advocacia.<\/p>\n\n\n\n<h2 class=\"wp-block-heading\">Quantos ministros comp\u00f5em o STF e como eles s\u00e3o nomeados?<\/h2>\n\n\n\n<p>O Supremo Tribunal Federal <strong>\u00e9 composto por 11 ministros<\/strong>,<strong> conforme estabelece o artigo 101, caput, da Constitui\u00e7\u00e3o Federal de 1988<\/strong>. Esse n\u00famero busca assegurar pluralidade de entendimentos, colegialidade das decis\u00f5es e equil\u00edbrio institucional.<\/p>\n\n\n\n<p>A nomea\u00e7\u00e3o dos ministros segue um procedimento constitucional que envolve dois Poderes da Rep\u00fablica:<\/p>\n\n\n\n<ol class=\"wp-block-list\">\n<li><strong>Indica\u00e7\u00e3o pelo Presidente da Rep\u00fablica<\/strong>;<\/li>\n\n\n\n<li><strong>Aprova\u00e7\u00e3o pelo Senado Federal<\/strong>, por maioria absoluta, ap\u00f3s sabatina na Comiss\u00e3o de Constitui\u00e7\u00e3o e Justi\u00e7a.<\/li>\n<\/ol>\n\n\n\n<p>Os requisitos constitucionais para ocupar o cargo est\u00e3o previstos no artigo 101, caput, da Constitui\u00e7\u00e3o Federal:<\/p>\n\n\n\n<ul class=\"wp-block-list\">\n<li>idade entre 35 e 70 anos;<\/li>\n\n\n\n<li>not\u00e1vel saber jur\u00eddico;<\/li>\n\n\n\n<li>reputa\u00e7\u00e3o ilibada.<\/li>\n<\/ul>\n\n\n\n<figure class=\"wp-block-pullquote classe bq-small\"><blockquote><p><strong>Art. 101- <\/strong>O Supremo Tribunal Federal comp\u00f5e-se de onze Ministros, escolhidos dentre cidad\u00e3os com mais de trinta e cinco e menos de setenta anos de idade, de not\u00e1vel saber jur\u00eddico e reputa\u00e7\u00e3o ilibada. <em>(Reda\u00e7\u00e3o dada pela Emenda Constitucional n\u00ba 122, de 2022)<br><\/em> Par\u00e1grafo \u00fanico. Os Ministros do Supremo Tribunal Federal ser\u00e3o nomeados pelo Presidente da Rep\u00fablica, depois de aprovada a escolha pela maioria absoluta do Senado Federal.<\/p><\/blockquote><\/figure>\n\n\n\n<p>A compet\u00eancia do Senado para aprovar a escolha dos ministros est\u00e1 prevista no artigo 52, inciso III, al\u00ednea \u201ca\u201d, da Constitui\u00e7\u00e3o Federal:<\/p>\n\n\n\n<figure class=\"wp-block-pullquote classe bq-small\"><blockquote><p><strong>Art. 52-<\/strong> Compete privativamente ao Senado Federal:<br>III &#8211; aprovar previamente, por voto secreto, ap\u00f3s arg\u00fci\u00e7\u00e3o p\u00fablica, a escolha de:<br>a) Magistrados, nos casos estabelecidos nesta Constitui\u00e7\u00e3o<\/p><\/blockquote><\/figure>\n\n\n\n<p>Ap\u00f3s a aprova\u00e7\u00e3o, o ministro \u00e9 nomeado e empossado, passando a exercer o cargo com as garantias constitucionais da magistratura, incluindo a vitaliciedade, nos termos do artigo 95, inciso I, da Constitui\u00e7\u00e3o Federal, observada a aposentadoria compuls\u00f3ria.<\/p>\n\n\n\n<p>Esse modelo busca preservar a independ\u00eancia do STF, sua legitimidade democr\u00e1tica e sua fun\u00e7\u00e3o de guarda da Constitui\u00e7\u00e3o.<\/p>\n\n\n<style>\n    .adpost.anuncio-post-new {\n        display: flex;\n        gap: 24px;\n        border-radius: 8px;\n        width: 100%;\n        padding: 24px;\n        background: #CCECFA;\n    }\n\n    #s-post main .container article.adpost.anuncio-post-new {\n        max-width: 567px;\n        margin: 16px auto;\n    }\n\n    .adpost.anuncio-post-new .anuncio-container {\n        display: flex;\n        flex-direction: column;\n        justify-content: center;\n        gap: 24px;\n        width: 100%;\n        max-width: 333px;\n    }\n\n    .adpost.anuncio-post-new .anuncio-container .logo {\n        width: 100%;\n        max-width: 177px;\n        margin: 0;\n    }\n\n    .adpost.anuncio-post-new .anuncio-text-container {\n        display: flex;\n        flex-direction: column;\n        gap: 8px;\n    }\n\n    .adpost.anuncio-post-new .anuncio-text-container .title {\n        font-size: 1.25rem;\n        font-weight: 700;\n        line-height: 140%;\n        margin: 0;\n        color: #000;\n    }\n\n    #s-post main article .content .adpost.anuncio-post-new .anuncio-text-container .title {\n        margin: 0;\n    }\n\n    .adpost.anuncio-post-new .anuncio-text-container .text {\n        font-size: 0.75rem;\n        font-weight: 400;\n        line-height: 160%;\n        color: #000;\n    }\n\n    .adpost.anuncio-post-new .anuncio-container .button {\n        font-size: 0.875rem;\n        font-weight: 700;\n        border-radius: 4px;\n        padding: 12px 32px;\n        width: max-content;\n        text-decoration: none;\n    }\n\n    #s-post main article .content .adpost.anuncio-post-new .anuncio-container .button {\n        background: #307ACB;\n        color: #fff;\n        text-decoration: none;\n    }\n\n\n    .adpost.anuncio-post-new .image-container img {\n        margin: 0 !important;\n        border-radius: 8px;\n        max-width: 206px;\n        max-height: 204px;\n        height: 100%;\n    }\n\n    #s-post main article .content .adpost.anuncio-post-new .image-container img {\n        height: 100%;\n    }\n\n    \/********************\n    * MOBILE AND TABLET\n    *********************\/\n    @media (max-width: 1100px) {\n        .adpost.anuncio-post-new {\n            flex-direction: column-reverse;\n            align-items: center;\n            max-width: 339px;\n            padding: 24px;\n        }\n\n        .adpost.anuncio-post-new .anuncio-container .logo {\n            max-width: 147px;\n        }\n\n        .adpost.anuncio-post-new .anuncio-text-container .title {\n            font-size: 1.125rem;\n        }\n\n        .adpost.anuncio-post-new .image-container img {\n            max-width: 269px;\n            max-height: 266px;\n        }\n\n        #s-post main article .content h3.title {\n            margin: 0;\n        }\n    }\n\n    \/********************\n    * MOBILE\n    *********************\/\n    @media (max-width: 600px) {\n        .adpost.anuncio-post-new .anuncio-container {\n            text-align: center;\n            justify-content: center;\n            align-items: center;\n        }\n\n        #s-post main article .content .adpost.anuncio-post-new .anuncio-container .button {\n            width: 100%;\n            text-align: center;\n        }\n    }\n<\/style>\n\n<article class=\"adpost anuncio-post-new\">\n    <div class=\"anuncio-container\">\n        <div class=\"anuncio-text-container\">\n            <h3 class=\"title\">O pr\u00f3ximo ano pode ser mais leve com o Astrea<\/h3>\n\n            <div class=\"text\" >Comece 2026 com mais tempo, controle e tranquilidade na sua advocacia<\/div>\n        <\/div>\n       \n                <a class=\"button\" href=\"\/experimente-o-astrea\/?utm_source=blog&#038;utm_medium=adpost&#038;utm_campaign=campanha_2026\" >Experimentar gr\u00e1tis<\/a>\n    <\/div>\n\n    <div class=\"image-container\">\n                <img decoding=\"async\" src=\"https:\/\/www.aurum.com.br\/blog\/wp-content\/themes\/aurum\/img\/adposts\/adpost-27-11-2025.png\" alt=\"\" \/>\n    <\/div>\n<\/article>\n\n\n<h2 class=\"wp-block-heading\">Qual a diferen\u00e7a entre STF e outros tribunais?<\/h2>\n\n\n\n<p>Enquanto os outros \u00f3rg\u00e3os do Judici\u00e1rio atuam, em regra, na aplica\u00e7\u00e3o da legisla\u00e7\u00e3o infraconstitucional e na resolu\u00e7\u00e3o de conflitos entre partes, <strong>o STF tem como miss\u00e3o central a guarda da Constitui\u00e7\u00e3o Federal, sendo o int\u00e9rprete m\u00e1ximo e definitivo do texto constitucional.<\/strong><\/p>\n\n\n\n<p>Outra diferen\u00e7a relevante est\u00e1 na <strong>compet\u00eancia<\/strong>. Os tribunais superiores possuem atribui\u00e7\u00f5es espec\u00edficas relacionadas \u00e0 uniformiza\u00e7\u00e3o de determinados ramos do Direito, como ocorre com:<\/p>\n\n\n\n<ul class=\"wp-block-list\">\n<li>o <strong>STJ<\/strong>, respons\u00e1vel pela interpreta\u00e7\u00e3o da legisla\u00e7\u00e3o federal infraconstitucional;<\/li>\n\n\n\n<li>o <strong>TST<\/strong>, voltado \u00e0s mat\u00e9rias trabalhistas;<\/li>\n\n\n\n<li>o <strong>TSE<\/strong>, que atua no \u00e2mbito do Direito Eleitoral.<\/li>\n<\/ul>\n\n\n\n<p>J\u00e1 o STF analisa exclusivamente quest\u00f5es constitucionais, seja no controle de constitucionalidade, seja no julgamento de recursos extraordin\u00e1rios que discutem viola\u00e7\u00e3o direta \u00e0 Constitui\u00e7\u00e3o.<\/p>\n\n\n\n<p>O Supremo tamb\u00e9m se diferencia pelo alcance de suas decis\u00f5es. Em a\u00e7\u00f5es de controle concentrado e em julgamentos com repercuss\u00e3o geral, suas decis\u00f5es podem possuir:<\/p>\n\n\n\n<ul class=\"wp-block-list\">\n<li>efic\u00e1cia erga omnes;<\/li>\n\n\n\n<li>efeito vinculante para todo o Poder Judici\u00e1rio e para a Administra\u00e7\u00e3o P\u00fablica.<br><\/li>\n<\/ul>\n\n\n\n<p>Al\u00e9m disso, o STF exerce compet\u00eancias origin\u00e1rias pr\u00f3prias, como o julgamento de autoridades com foro por prerrogativa de fun\u00e7\u00e3o e de conflitos entre entes federativos, al\u00e9m de controlar atos do Executivo e do Legislativo \u00e0 luz da Constitui\u00e7\u00e3o.<\/p>\n\n\n\n<p>Por isso, mais do que um tribunal revisor, o STF desempenha um papel estruturante no Estado Democr\u00e1tico de Direito, ocupando posi\u00e7\u00e3o singular no Judici\u00e1rio brasileiro.<\/p>\n\n\n\n<h2 class=\"wp-block-heading\">Qual o impacto das decis\u00f5es do STF na pr\u00e1tica dos advogados?<\/h2>\n\n\n\n<p>As decis\u00f5es do Supremo Tribunal Federal impactam diretamente a atua\u00e7\u00e3o da advocacia <strong>ao fixar a interpreta\u00e7\u00e3o constitucional e estabelecer teses com efeitos vinculantes, que passam a orientar o trabalho do advogado <\/strong>desde a elabora\u00e7\u00e3o de pe\u00e7as processuais at\u00e9 a defini\u00e7\u00e3o de estrat\u00e9gias judiciais e extrajudiciais.<\/p>\n\n\n\n<p>No plano pr\u00e1tico, decis\u00f5es proferidas em controle concentrado de constitucionalidade e em recursos extraordin\u00e1rios com repercuss\u00e3o geral alteram a forma como determinadas teses podem ser sustentadas em ju\u00edzo.&nbsp;<\/p>\n\n\n\n<p>Entendimentos consolidados pelo STF podem limitar ou ampliar o campo de argumenta\u00e7\u00e3o jur\u00eddica, tornando indispens\u00e1vel o acompanhamento constante da jurisprud\u00eancia constitucional para a correta avalia\u00e7\u00e3o de riscos e chances de \u00eaxito.<\/p>\n\n\n\n<p>Esse impacto se manifesta, principalmente, nos seguintes aspectos da pr\u00e1tica profissional:<\/p>\n\n\n\n<ul class=\"wp-block-list\">\n<li>defini\u00e7\u00e3o das teses jur\u00eddicas vi\u00e1veis;<\/li>\n\n\n\n<li>escolha dos recursos cab\u00edveis;<\/li>\n\n\n\n<li>condu\u00e7\u00e3o dos processos nas diferentes inst\u00e2ncias;<\/li>\n\n\n\n<li>orienta\u00e7\u00e3o estrat\u00e9gica e segura aos clientes.&nbsp;<\/li>\n<\/ul>\n\n\n\n<p>Entender como o Tribunal interpreta a Constitui\u00e7\u00e3o permite uma leitura mais cr\u00edtica do ordenamento jur\u00eddico e demonstra, na pr\u00e1tica, a aplica\u00e7\u00e3o dos direitos fundamentais e a influ\u00eancia da jurisprud\u00eancia na cria\u00e7\u00e3o e na aplica\u00e7\u00e3o das normas.<\/p>\n\n\n\n<p>Dessa forma, o impacto das decis\u00f5es do STF ultrapassa casos de grande repercuss\u00e3o e se reflete no cotidiano da advocacia, exigindo uma atua\u00e7\u00e3o t\u00e9cnica, atualizada e alinhada \u00e0 interpreta\u00e7\u00e3o constitucional vigente.<\/p>\n\n\n\n<h2 class=\"wp-block-heading\">Conclus\u00e3o<\/h2>\n\n\n\n<p>O Supremo Tribunal Federal ocupa um papel central no sistema jur\u00eddico brasileiro ao atuar como guardi\u00e3o da Constitui\u00e7\u00e3o Federal.&nbsp;<\/p>\n\n\n\n<p>Suas decis\u00f5es n\u00e3o apenas solucionam controv\u00e9rsias constitucionais, mas definem os par\u00e2metros de aplica\u00e7\u00e3o do Direito, influenciam a atua\u00e7\u00e3o dos demais Poderes e orientam todo o funcionamento do Judici\u00e1rio, com reflexos diretos na concretiza\u00e7\u00e3o dos direitos fundamentais e na preserva\u00e7\u00e3o do Estado Democr\u00e1tico de Direito.<\/p>\n\n\n\n<p>Para advogados e estudantes de Direito, compreender o papel e o funcionamento do STF \u00e9 uma exig\u00eancia pr\u00e1tica. As decis\u00f5es da Corte impactam estrat\u00e9gias processuais, delimitam teses jur\u00eddicas vi\u00e1veis e exigem acompanhamento constante da jurisprud\u00eancia constitucional.&nbsp;<\/p>\n\n\n\n<p>Em um contexto de cont\u00ednuas transforma\u00e7\u00f5es sociais e jur\u00eddicas, o STF permanece como refer\u00eancia essencial na interpreta\u00e7\u00e3o da Constitui\u00e7\u00e3o e na constru\u00e7\u00e3o do Direito brasileiro.<\/p>\n\n\n\n<h3 class=\"wp-block-heading\">Mais conhecimento para voc\u00ea<\/h3>\n\n\n\n<p>Se voc\u00ea gostou deste texto, sugiro que leia outros artigos sobre os seguintes temas:<\/p>\n\n\n\n<ul class=\"wp-block-list\">\n<li><a href=\"https:\/\/www.aurum.com.br\/blog\/judicializacao\/\">Judicializa\u00e7\u00e3o: entenda o conceito, o panorama brasileiro e poss\u00edveis solu\u00e7\u00f5es<\/a><\/li>\n\n\n\n<li><a href=\"https:\/\/www.aurum.com.br\/blog\/principios-fundamentais\/\">Conhe\u00e7a os princ\u00edpios fundamentais da Constitui\u00e7\u00e3o Federal<\/a><\/li>\n\n\n\n<li><a href=\"https:\/\/www.aurum.com.br\/blog\/lei-da-ficha-limpa\/\">Lei da Ficha Limpa (LC 135\/2010): o que \u00e9, como funciona e import\u00e2ncia<\/a><\/li>\n\n\n\n<li><a href=\"https:\/\/www.aurum.com.br\/blog\/direitos-e-garantias-fundamentais\/\">Direitos e Garantias Fundamentais: principais elementos<\/a><\/li>\n<\/ul>\n\n\n<style>\r\n  .news-post {\r\n    background: url('https:\/\/www.aurum.com.br\/blog\/wp-content\/themes\/aurum\/img\/bg-news-artigo.svg') no-repeat top center #3C48AA;\r\n    padding: 1.5rem;\r\n    border-radius: 6px;\r\n    margin: 1rem 0;\r\n  }\r\n  .news-post .icone {\r\n    display: none;\r\n  }\r\n  .news-post .title {\r\n    font-weight: 700;\r\n    font-size: 16px;\r\n    line-height: 130%;\r\n    text-align: center;\r\n    letter-spacing: -0.5px;\r\n    color: #fff;\r\n    margin-bottom: .9375rem;\r\n  }\r\n  .news-post p {\r\n    font-size: .875rem;\r\n    line-height: 140%;\r\n    text-align: center;\r\n    color: #fff;\r\n    margin-bottom: 1.25rem;\r\n  }\r\n  .news-post .news_button_span {\r\n    font-size: .8125rem;\r\n    display: block;\r\n    padding: .125rem .3125rem;\r\n    color: #fff;\r\n    text-align:left;\r\n  }\r\n  .news-post .news_button_span a {\r\n    color: #fff !important;\r\n    text-decoration: underline;\r\n  }\r\n  .news-post form {\r\n    width: 100%;\r\n  }\r\n  .news-post label {\r\n    font-weight: 600;\r\n    font-size: .9375rem;\r\n    line-height: 1.5rem;\r\n    margin-bottom: .5rem;\r\n    color: #fff;\r\n    display: block;\r\n  }\r\n  .news-post input {\r\n    background: #fff;\r\n    border: 1px solid #CBCBD9;\r\n    box-sizing: border-box;\r\n    border-radius: 4px;\r\n    padding: .75rem 1rem;\r\n    width: 100%;\r\n  }\r\n  .news-post button {\r\n    margin-top: .875rem;\r\n    width: 100%;\r\n    min-width: auto;\r\n    background: #FCC632;\r\n    color: #3C48AA;\r\n  }\r\n  .news-post .input {\r\n    position: relative;\r\n    padding-bottom: 10px;\r\n  }\r\n  .news-post .error-message-ad {\r\n    font-size: .875rem;\r\n    line-height: 130%;\r\n    color: #D50021;\r\n    margin-left: 4px;\r\n  }\r\n  .news-post .error {\r\n    border: 1px solid #D50021;\r\n  }\r\n  .news-post #message-form-ad {\r\n    border-radius: 4px;\r\n    padding: 0.7rem;\r\n    font-size:0.8rem;\r\n    text-align: center;\r\n    align-items: center;\r\n    justify-content: center;\r\n    display: none;\r\n  }\r\n  .news-post #message-form-ad svg {\r\n    margin-right: 8px;\r\n  }\r\n\r\n  @media(min-width: 561px) {\r\n    .news-post {\r\n      position: relative;\r\n      background: url('https:\/\/www.aurum.com.br\/blog\/wp-content\/themes\/aurum\/img\/bg-news-artigo.svg') no-repeat top center #3C48AA;\r\n      width: calc(100% - 30px);\r\n    }\r\n    .news-post .icone {\r\n      display: block;\r\n      position: absolute;\r\n      right: -30px;\r\n      top: 65px;\r\n      max-width: 142px;\r\n      width: 100%;\r\n      height: auto;\r\n      margin: 0;\r\n    }\r\n    .news-post .title {\r\n      font-size: 1.125rem;\r\n      text-align: left;\r\n      \/* padding-right: 3.75rem; *\/\r\n    }\r\n    .news-post p {\r\n      font-size: 1rem;\r\n      text-align: left;\r\n      max-width: 400px;\r\n    }\r\n    .news-post .boxes {\r\n      display: flex;\r\n      align-items: flex-start;\r\n    }\r\n    .news-post button {\r\n      margin: 0 0 0 1rem;\r\n      width: 100%;\r\n      max-width: 170px;\r\n      min-width: auto;\r\n      transition: all ease .3s\r\n    }\r\n    .news-post button:hover {\r\n      opacity: 0.9;\r\n      transition: all ease .3s\r\n    }\r\n    .news-post #message-form-ad {\r\n      padding: 1.125rem;\r\n      font-size:1rem;\r\n    }\r\n    .news-post #message-form-ad svg {\r\n      margin-right: 10px;\r\n    }\r\n  }\r\n<\/style>\r\n\r\n<div class=\"news-post\">\r\n  <div class=\"title news-ad-title\">Gostou do artigo e quer evoluir a sua advocacia?<\/div>\r\n  <p class=\"news-ad-subtitle\">Assine gr\u00e1tis a Aurum News e receba uma dose semanal de conte\u00fado no seu e-mail! \u270c\ufe0f<\/p>\r\n  <img decoding=\"async\" src=\"https:\/\/www.aurum.com.br\/blog\/wp-content\/themes\/aurum\/img\/icon-news-artigo.svg\" alt=\"\" class=\"icone\">\r\n\r\n  <form method=\"post\" name=\"newsletter-ad\" id=\"aurum-newsletter-ad\">\r\n    <div class=boxes>\r\n      <div class=\"input\">\r\n        <label class=\"label-email\" htmlFor=\"email-ad\">Qual seu e-mail?<\/label>\r\n        <input type=\"email\" id=\"email-ad\" name=\"newsletter-mail-ad\" placeholder=\"Digite seu e-mail?\">\r\n        <div class=\"error-message-ad-email\">Endere\u00e7o de e-mail inv\u00e1lido ou incorreto<\/div>\r\n\r\n        <label class=\"label-select\" htmlFor=\"lawsuits-select-ad\">\r\n          Quantos processos voc\u00ea ou<br class=\"for-desktop\"\/> seu escrit\u00f3rio acompanham?\r\n        <\/label>\r\n        <div id=\"lawsuits-select-ad\" class=\"lawsuits-select select-wrapper\" tabindex=\"0\">\r\n          <div class=\"s-dropdown--styled\">\r\n          <span class=\"lawsuits-default\">\r\n            <span id=\"lawsuits-newsletter-ad\" class=\"lawsuits-default-text\" data-value=\"\">Selecione os processos<\/span>\r\n            <svg class=\"chevron\" xmlns=\"http:\/\/www.w3.org\/2000\/svg\" width=\"24\" height=\"25\" viewBox=\"0 0 24 25\" fill=\"none\">\r\n              <path d=\"M6 15.6152L12 9.61523L18 15.6152\" stroke=\"black\" stroke-width=\"2\" stroke-linecap=\"round\" stroke-linejoin=\"round\" \/>\r\n            <\/svg>\r\n          <\/span>\r\n\r\n          <ul class=\"s-dropdown u-hide\">\r\n            <li class=\"lawsuits\" data-value=\"Mais de 1000 processos\">Mais de 1000 processos<\/li>\r\n            <li class=\"lawsuits\" data-value=\"De 501 a 1000 processos\">De 501 a 1000 processos<\/li>\r\n            <li class=\"lawsuits\" data-value=\"De 151 a 500 processos\">De 151 a 500 processos<\/li>\r\n            <li class=\"lawsuits\" data-value=\"De 41 a 150 processos\">De 41 a 150 processos<\/li>\r\n            <li class=\"lawsuits\" data-value=\"At\u00e9 40 processos\">At\u00e9 40 processos<\/li>\r\n            <li class=\"lawsuits\" data-value=\"Atuo apenas no consultivo\">Atuo apenas no consultivo<\/li>\r\n            <li class=\"lawsuits\" data-value=\"Ainda sou estudante de direito\">Ainda sou estudante de direito<\/li>\r\n            <li class=\"lawsuits\" data-value=\"N\u00e3o sou da \u00e1rea jur\u00eddica\">N\u00e3o sou da \u00e1rea jur\u00eddica<\/li>\r\n          <\/ul>\r\n          <\/div>\r\n        <\/div>\r\n        <div class=\"error-message-ad-lawsuits\">Selecione algum processo<\/div>\r\n      <\/div>\r\n      <button class=\"btn btn-yellow ad-btn-desktop\" id=\"aurum-submit-ad\">Assinar gr\u00e1tis<\/button>\r\n      <button class=\"btn btn-yellow ad-btn-mobile\" id=\"aurum-submit-ad\">Assinar<\/button>\r\n    <\/div>\r\n    <span class=\"news_button_span\">Ao se cadastrar voc\u00ea declara que leu e aceitou a pol\u00edtica de privacidade e cookies do <a href=\"https:\/\/s3.sa-east-1.amazonaws.com\/publico.aurum.com.br\/contratos\/politica-de-privacidade.pdf\" target=\"_blank\" rel=\"noopener noreferrer\">site<\/a>.<\/span>\r\n  <\/form>\r\n  <div id=\"message-form-ad\"><\/div>\r\n<\/div>\n\n\n<p><em>Gostou do conte\u00fado? Ficou com alguma d\u00favida ou tem considera\u00e7\u00f5es sobre o tema? Compartilhe com a gente nos coment\u00e1rios abaixo! \ud83d\ude09<\/em><\/p>\n","protected":false},"excerpt":{"rendered":"<p>O Supremo Tribunal Federal representa a inst\u00e2ncia superior do sistema judici\u00e1rio no Brasil, tendo como responsabilidade central atuar como protetor da Constitui\u00e7\u00e3o. Sua fun\u00e7\u00e3o consiste em assegurar que todas as normas e decis\u00f5es, incluindo aquelas oriundas dos Poderes Executivo e Legislativo, estejam em conformidade com a Constitui\u00e7\u00e3o, preservando a harmonia entre os tr\u00eas poderes e [&hellip;]<\/p>\n","protected":false},"author":128,"featured_media":34868,"comment_status":"open","ping_status":"open","sticky":false,"template":"","format":"standard","meta":{"_bbp_topic_count":0,"_bbp_reply_count":0,"_bbp_total_topic_count":0,"_bbp_total_reply_count":0,"_bbp_voice_count":0,"_bbp_anonymous_reply_count":0,"_bbp_topic_count_hidden":0,"_bbp_reply_count_hidden":0,"_bbp_forum_subforum_count":0,"inline_featured_image":false,"footnotes":""},"categories":[20],"tags":[],"class_list":["post-34866","post","type-post","status-publish","format-standard","has-post-thumbnail","hentry","category-direito-constitucional"],"acf":[],"_links":{"self":[{"href":"https:\/\/www.aurum.com.br\/blog\/wp-json\/wp\/v2\/posts\/34866","targetHints":{"allow":["GET"]}}],"collection":[{"href":"https:\/\/www.aurum.com.br\/blog\/wp-json\/wp\/v2\/posts"}],"about":[{"href":"https:\/\/www.aurum.com.br\/blog\/wp-json\/wp\/v2\/types\/post"}],"author":[{"embeddable":true,"href":"https:\/\/www.aurum.com.br\/blog\/wp-json\/wp\/v2\/users\/128"}],"replies":[{"embeddable":true,"href":"https:\/\/www.aurum.com.br\/blog\/wp-json\/wp\/v2\/comments?post=34866"}],"version-history":[{"count":9,"href":"https:\/\/www.aurum.com.br\/blog\/wp-json\/wp\/v2\/posts\/34866\/revisions"}],"predecessor-version":[{"id":34901,"href":"https:\/\/www.aurum.com.br\/blog\/wp-json\/wp\/v2\/posts\/34866\/revisions\/34901"}],"wp:featuredmedia":[{"embeddable":true,"href":"https:\/\/www.aurum.com.br\/blog\/wp-json\/wp\/v2\/media\/34868"}],"wp:attachment":[{"href":"https:\/\/www.aurum.com.br\/blog\/wp-json\/wp\/v2\/media?parent=34866"}],"wp:term":[{"taxonomy":"category","embeddable":true,"href":"https:\/\/www.aurum.com.br\/blog\/wp-json\/wp\/v2\/categories?post=34866"},{"taxonomy":"post_tag","embeddable":true,"href":"https:\/\/www.aurum.com.br\/blog\/wp-json\/wp\/v2\/tags?post=34866"}],"curies":[{"name":"wp","href":"https:\/\/api.w.org\/{rel}","templated":true}]}}