{"id":34838,"date":"2026-01-23T08:00:00","date_gmt":"2026-01-23T11:00:00","guid":{"rendered":"https:\/\/www.aurum.com.br\/blog\/?p=34838"},"modified":"2026-01-23T19:13:13","modified_gmt":"2026-01-23T22:13:13","slug":"revisao-de-pensao-alimenticia","status":"publish","type":"post","link":"https:\/\/www.aurum.com.br\/blog\/revisao-de-pensao-alimenticia\/","title":{"rendered":"Revis\u00e3o de pens\u00e3o aliment\u00edcia: o que voc\u00ea precisa saber!"},"content":{"rendered":"<div id=\"bsf_rt_marker\"><\/div>\n<pre class=\"wp-block-preformatted\">A <strong>revis\u00e3o de pens\u00e3o aliment\u00edcia<\/strong> ajusta judicialmente o valor pago, quando h\u00e1 mudan\u00e7a nas condi\u00e7\u00f5es financeiras do pagador ou nas necessidades de quem recebe. Pode ser solicitada por qualquer uma das partes, com advogado ou Defensoria P\u00fablica, desde que exista decis\u00e3o anterior e provas da altera\u00e7\u00e3o, com base na l\u00f3gica possibilidade x necessidade.<\/pre>\n\n\n\n<p>A revis\u00e3o da pens\u00e3o aliment\u00edcia \u00e9 um dos temas mais comuns no Direito de Fam\u00edlia porque n\u00e3o se trata de uma obriga\u00e7\u00e3o fixa e definitiva sobre os alimentos, mas sim de uma fixa\u00e7\u00e3o baseada em uma determinada realidade e que pode ser modificada diversas vezes ao longo dos anos.<\/p>\n\n\n\n<p>Situa\u00e7\u00f5es como desemprego, aumento ou redu\u00e7\u00e3o de renda, surgimento de novas despesas, doen\u00e7as, bem como o pr\u00f3prio crescimento natural do filho, s\u00e3o situa\u00e7\u00f5es corriqueiras que podem levar a revis\u00e3o (ou exonera\u00e7\u00e3o) dos alimentos arbitrados no passado, em raz\u00e3o da altera\u00e7\u00e3o das circunst\u00e2ncias iniciais.<\/p>\n\n\n\n<p>Essa revis\u00e3o se aplica tanto para v\u00ednculos de filia\u00e7\u00e3o, incluindo ado\u00e7\u00e3o (entre pais e filhos) quanto para ex-c\u00f4njuges ou ex-companheiros, desde que no t\u00e9rmino da rela\u00e7\u00e3o tenha sido arbitrado ou acordado valores a t\u00edtulo de alimentos.<\/p>\n\n\n\n<p>Portanto, compreender corretamente esse instituto \u00e9 essencial para uma atua\u00e7\u00e3o respons\u00e1vel e eficaz, evitando expectativas irreais de modo a contribuir para solu\u00e7\u00f5es mais justas e adequadas \u00e0 realidade familiar.&nbsp;<\/p>\n\n\n\n<p>Neste artigo vamos falar sobre os principais aspectos da revis\u00e3o de pens\u00e3o aliment\u00edcia. Continue a leitura!<\/p>\n\n\n\n<h2 class=\"wp-block-heading\">O que \u00e9 a revis\u00e3o de pens\u00e3o aliment\u00edcia?<\/h2>\n\n\n\n<p>A revis\u00e3o de pens\u00e3o aliment\u00edcia <strong>\u00e9 o instrumento jur\u00eddico utilizado para modificar o valor da pens\u00e3o anteriormente fixada <\/strong>(seja por decis\u00e3o judicial ou por acordo entre as partes).&nbsp;<\/p>\n\n\n\n<p>A pens\u00e3o aliment\u00edcia n\u00e3o \u00e9 definitiva. Por ser uma obriga\u00e7\u00e3o continuada, pode ser revista conforme a realidade do momento da fixa\u00e7\u00e3o, considerando a necessidade de quem recebe (alimentando) e a possibilidade de quem paga (alimentante), sempre respeitando o princ\u00edpio da proporcionalidade.<\/p>\n\n\n\n<p>Assim, o <strong>valor da pens\u00e3o deve ser suficiente para atender \u00e0s necessidades de quem recebe<\/strong>, sem comprometer de forma excessiva a capacidade financeira de quem paga.<\/p>\n\n\n\n<p>Na medida em que as circunst\u00e2ncias existentes no momento da defini\u00e7\u00e3o dos alimentos tenham sido alteradas, surge a possibilidade de buscar a revis\u00e3o, seja para aumentar ou diminuir os valores e forma previamente definidos.&nbsp;<\/p>\n\n\n\n<p><strong>N\u00e3o se trata de um pedido baseado em mera insatisfa\u00e7\u00e3o com o valor fixado<\/strong>, mas da necessidade de adequa\u00e7\u00e3o da obriga\u00e7\u00e3o alimentar a uma nova realidade. O objetivo n\u00e3o \u00e9 favorecer uma das partes, e sim garantir o equil\u00edbrio e justi\u00e7a \u00e0 presta\u00e7\u00e3o alimentar ao longo do tempo.<\/p>\n\n\n\n<h2 class=\"wp-block-heading\">Quando \u00e9 poss\u00edvel solicitar a revis\u00e3o de pens\u00e3o aliment\u00edcia?<\/h2>\n\n\n\n<p>A revis\u00e3o da pens\u00e3o aliment\u00edcia pode ser solicitada <strong>a qualquer momento<\/strong>, desde que exista uma fixa\u00e7\u00e3o definitiva anterior dos alimentos e <strong>exista uma mudan\u00e7a significativa na situa\u00e7\u00e3o financeira de uma das partes que altere o trin\u00f4mio<\/strong> (necessidade, possibilidade e proporcionalidade).<\/p>\n\n\n\n<p>Isso porque, o fundamento do pedido est\u00e1 na altera\u00e7\u00e3o das circunst\u00e2ncias originais, que serviram de base para a fixa\u00e7\u00e3o do valor, ainda que tenha sido definido por acordo entre as partes.<\/p>\n\n\n\n<p>Essas altera\u00e7\u00f5es podem se dar pelo desemprego, redu\u00e7\u00e3o ou aumento de renda, surgimento de despesas extraordin\u00e1rias, problemas de sa\u00fade (seja do alimentando ou do alimentante) e demais circunst\u00e2ncias que sejam relevantes o suficiente para alterar a fixa\u00e7\u00e3o anterior.<\/p>\n\n\n\n<p>\u00c9 importante observar que a <strong>simples passagem do tempo, por si s\u00f3, n\u00e3o justifica a revis\u00e3o<\/strong>, pois o que se exige \u00e9 a demonstra\u00e7\u00e3o de um fato novo, relevante e posterior \u00e0 fixa\u00e7\u00e3o anterior, capaz de romper o equil\u00edbrio inicialmente estabelecido.<\/p>\n\n\n\n<h2 class=\"wp-block-heading\">Quais mudan\u00e7as podem justificar a revis\u00e3o de pens\u00e3o aliment\u00edcia?<\/h2>\n\n\n\n<p>A revis\u00e3o de pens\u00e3o aliment\u00edcia pressup\u00f5e a demonstra\u00e7\u00e3o de uma <strong>mudan\u00e7a significativa na realidade econ\u00f4mica ou pessoal das partes.<\/strong> Essas altera\u00e7\u00f5es podem ocorrer tanto do lado do alimentante quanto do alimentando, sendo analisadas de forma individualizada pelo Judici\u00e1rio em cada caso.<\/p>\n\n\n\n<p>Entre as hip\u00f3teses mais comuns est\u00e3o:<\/p>\n\n\n\n<ul class=\"wp-block-list\">\n<li>Desemprego;<\/li>\n\n\n\n<li>Redu\u00e7\u00e3o expressiva da renda;<\/li>\n\n\n\n<li>Surgimento de doen\u00e7a grave ou incapacitante;<\/li>\n\n\n\n<li>Mudan\u00e7a de cidade com altera\u00e7\u00e3o das despesas, dentre outros.\u00a0<\/li>\n<\/ul>\n\n\n\n<p>Em tais casos, a manuten\u00e7\u00e3o do valor original pode se tornar invi\u00e1vel ou desproporcional, mas dever\u00e1 ser analisada de forma individual e concreta.<\/p>\n\n\n\n<p>Do lado do alimentando, o crescimento natural da crian\u00e7a ou adolescente, a mudan\u00e7a de escola, de cidade, o ingresso em curso superior, tratamentos m\u00e9dicos ou terap\u00eauticos e novas despesas educacionais s\u00e3o fatores frequentemente reconhecidos como justificadores da revis\u00e3o.<\/p>\n\n\n\n<p>\u00c9 importante ressaltar que o Judici\u00e1rio n\u00e3o trabalha com presun\u00e7\u00f5es gen\u00e9ricas, pois <strong>cada alega\u00e7\u00e3o deve ser acompanhada de prova concreta, sob pena de o pedido ser indeferido ou julgado improcedente<\/strong>, conforme recentes an\u00e1lises do Tribunal de Justi\u00e7a do Estado de S\u00e3o Paulo a t\u00edtulo de exemplo:<\/p>\n\n\n\n<figure class=\"wp-block-pullquote classe bq-small\"><blockquote><p>(&#8230;)REVIS\u00c3O DE ALIMENTOS. IMPROCED\u00caNCIA DO PEDIDO. (&#8230;) 3. A revis\u00e3o dos valores pagos a t\u00edtulo de alimentos somente \u00e9 poss\u00edvel quando demonstrada altera\u00e7\u00e3o efetiva na disponibilidade financeira do alimentante, conforme artigo 1.699 do C\u00f3digo Civil. 4. <strong>N\u00e3o h\u00e1 provas de mudan\u00e7a substancial das condi\u00e7\u00f5es financeiras do alimentante que justifique a redu\u00e7\u00e3o pretendida. 5. A exist\u00eancia de novo filho n\u00e3o justifica a redu\u00e7\u00e3o dos alimentos<\/strong>, prevalecendo o princ\u00edpio da paternidade respons\u00e1vel. (&#8230;) <br>(TJSP; Apela\u00e7\u00e3o C\u00edvel 1077006-60.2023.8.26.0002; Relator (a): Fatima Cristina Ruppert Mazzo; 4\u00aa C\u00e2mara de Direito Privado; Data do Julgamento: 29\/07\/2025; Data de Registro: 29\/07\/2025).<\/p><\/blockquote><\/figure>\n\n\n\n<figure class=\"wp-block-pullquote classe bq-small\"><blockquote><p>APELA\u00c7\u00c3O. A\u00c7\u00c3O REVISIONAL DE ALIMENTOS. (&#8230;) O apelante sustenta altera\u00e7\u00e3o superveniente de sua situa\u00e7\u00e3o financeira, alegando desemprego, exerc\u00edcio de atividade informal e nascimento de outras duas filhas menores. (&#8230;) <strong>Demonstradas a constitui\u00e7\u00e3o de nova fam\u00edlia com duas filhas menores, a renda mensal l\u00edquida do alimentante e os encargos fixos assumidos, afigura-se cab\u00edvel a readequa\u00e7\u00e3o da obriga\u00e7\u00e3o alimentar in casu, sob pena de afronta \u00e0 proporcionalidade e \u00e0 isonomia entre os filhos<\/strong> (CF, art. 227, \u00a7 6\u00ba e ECA, art. 20). (&#8230;) <br>(TJSP; Apela\u00e7\u00e3o C\u00edvel 1002741-31.2024.8.26.0268; Relator (a): MARIO CHIUVITE JUNIOR; 3\u00aa C\u00e2mara de Direito Privado; Data do Julgamento: 12\/06\/2025; Data de Registro: 12\/06\/2025).<\/p><\/blockquote><\/figure>\n\n\n\n<figure class=\"wp-block-pullquote classe bq-small\"><blockquote><p>DIREITO DE FAM\u00cdLIA. (&#8230;) <strong>O apelante demonstrou o aumento de suas necessidades, em raz\u00e3o do ingresso na idade escolar e do tratamento cont\u00ednuo para bronquite asm\u00e1tica, tornando insuficiente o percentual anteriormente fixado. 5. A majora\u00e7\u00e3o deve, por\u00e9m, observar a possibilidade financeira do alimentante<\/strong> (&#8230;). <br>(TJSP; Apela\u00e7\u00e3o C\u00edvel 1004798-30.2021.8.26.0073; Relator (a): Claudio Godoy; 1\u00aa C\u00e2mara de Direito Privado; Data do Julgamento: 18\/03\/2025; Data de Registro: 18\/03\/2025).<\/p><\/blockquote><\/figure>\n\n\n\n<figure class=\"wp-block-pullquote\" id=\"classe-bq-small\"><blockquote><p>APELA\u00c7\u00c3O. ALIMENTOS. A\u00c7\u00c3O REVISIONAL. (&#8230;) Menor diagnosticado com &#8220;L\u00fapus Eritematoso Sist\u00eamico&#8221;, <strong>doen\u00e7a grave e cr\u00f4nica, que comprovou o aumento de suas despesas<\/strong>. Ademais disso, a car\u00eancia do menor alimentando \u00e9 legalmente presumida. Potencial risco \u00e0 sobreviv\u00eancia do infante. (&#8230;). \u00a0 <br>(TJSP; Apela\u00e7\u00e3o C\u00edvel 1035781-34.2021.8.26.0001; Relator (a): Luis Fernando Cirillo; 9\u00aa C\u00e2mara de Direito Privado; Data do Julgamento: 11\/07\/2024; Data de Registro: 11\/07\/2024)<\/p><\/blockquote><\/figure>\n\n\n\n<p>Como visto acima, o Poder Judici\u00e1rio avalia a possibilidade financeira de quem paga e a necessidade de quem recebe se forma concreta, avaliando as receitas e despesas de cada caso, por isso a import\u00e2ncia das provas para permitir a revis\u00e3o.<\/p>\n\n\n\n<h2 class=\"wp-block-heading\">Como a revis\u00e3o afeta o valor da pens\u00e3o?<\/h2>\n\n\n\n<p>A a\u00e7\u00e3o revisional <strong>pode levar ao aumento ou \u00e0 redu\u00e7\u00e3o da pens\u00e3o aliment\u00edcia<\/strong>. Seu principal objetivo \u00e9 restabelecer o equil\u00edbrio da obriga\u00e7\u00e3o, ajustando-a \u00e0 nova realidade das partes envolvidas.<\/p>\n\n\n\n<p>Quando h\u00e1 aumento comprovado das necessidades do alimentando ou melhora significativa da capacidade financeira do alimentante, o juiz pode entender pela eleva\u00e7\u00e3o do valor da pens\u00e3o.&nbsp;<\/p>\n\n\n\n<p>Da mesma forma, a redu\u00e7\u00e3o da pens\u00e3o \u00e9 poss\u00edvel quando demonstrada a diminui\u00e7\u00e3o da capacidade econ\u00f4mica de quem paga, desde que isso n\u00e3o comprometa a subsist\u00eancia digna do alimentando.&nbsp;<\/p>\n\n\n\n<p>Portanto, se a pens\u00e3o foi determinada em 20% dos rendimentos l\u00edquidos, ela poder\u00e1 ser reduzida para 10% ou aumentar para 30%, lembrando que a legisla\u00e7\u00e3o n\u00e3o estabelece um percentual fixo, mas apenas requisitos subjetivos (necessidade e possibilidade) a serem aplicados em cada caso.<\/p>\n\n\n\n<p>Em alguns casos, especialmente tratando-se de pens\u00e3o devida entre ex-c\u00f4njuges ou ex-companheiros, a pens\u00e3o poder\u00e1 ser arbitrada durante determinado per\u00edodo, para que as partes possam se adequar e se adaptar \u00e0 nova realidade, ou ainda reingressar no mercado de trabalho.&nbsp;<\/p>\n\n\n\n<p>Nesses casos, a revis\u00e3o servir\u00e1 para demonstrar que esses crit\u00e9rios foram atendidos ou que n\u00e3o puderam ser cumpridos.<\/p>\n\n\n\n<p>Pedidos desproporcionais ou desacompanhados de prova tendem a ser rejeitados. Por isso, a <strong>revis\u00e3o deve ser encarada como um mecanismo t\u00e9cnico de adequa\u00e7\u00e3o da obriga\u00e7\u00e3o<\/strong>, e n\u00e3o como instrumento de vantagem estrat\u00e9gica ou retalia\u00e7\u00e3o entre as partes.<\/p>\n\n\n<style>\r\n  .anuncios-post-astrea-security {\r\n    display: flex;\r\n    gap: 24px;\r\n    justify-content: space-between;\r\n    align-items: center;\r\n    border-radius: 16px;\r\n    border: none;\r\n    \/* background: #D7EAED; *\/\r\n    background: #CCECFA;\r\n    padding: 24px;\r\n    margin: 1rem 0;\r\n    max-width: 640px;\r\n  }\r\n\r\n  #s-post .anuncios-post-astrea-security .adpost-astrea-security-image {\r\n    margin: auto;\r\n    width: 207px;\r\n    min-width: 207px;\r\n    height: 203px;\r\n    \/* background: green; *\/\r\n    border-radius: 16px;\r\n  }\r\n\r\n  .anuncios-post-astrea-security .subtext {\r\n    display: block;\r\n  }\r\n\r\n  #s-post main article .content .anuncios-post-astrea-security .img-destaque {\r\n    object-fit: cover;\r\n    width: 180px;\r\n    margin: 0;\r\n  }\r\n  #s-post main article .content .anuncios-post-astrea-security i.icon-container img {\r\n    margin: 0;\r\n  }\r\n\r\n  .anuncios-post-astrea-security .textos .icon-container {\r\n    max-width: 89px;\r\n    margin-bottom: 8px;\r\n    display: block;\r\n  }\r\n  .anuncios-post-astrea-security .title {\r\n    font-weight: 600;\r\n    font-size: 21px;\r\n    line-height: 140%;\r\n    color: #000000;\r\n    margin-bottom: 16px;\r\n  }\r\n  .anuncios-post-astrea-security .subtext {\r\n    display: block;\r\n    font-weight: 400;\r\n    font-size: 14px;\r\n    line-height: 160%;\r\n    color: #272727;\r\n    text-align: left;\r\n    margin-bottom: 16px;\r\n  }\r\n  #s-post main article .content .anuncios-post-astrea-security .botao {\r\n    \/* background: #004773; *\/\r\n    background: #307ACB;\r\n    border-radius: 4px;\r\n    padding: 12px 32px;\r\n    display: inline-block;\r\n    text-decoration: none !important;\r\n    color: #FFFFFF !important;\r\n    font-size: 14px;\r\n    font-weight: 700;\r\n  }\r\n  .anuncios-post-astrea-security .botao:hover {\r\n    filter: opacity(0.9);\r\n  }\r\n  \/**********\r\n  * TABLET\r\n  ***********\/\r\n  \/* @media (max-width: 1310px) and (min-width: 800px) {\r\n    .anuncios-post-astrea-security .title {\r\n      font-size: 18px;\r\n    }\r\n  } *\/\r\n\r\n  @media (max-width: 800px) {\r\n    \/* .anuncios-post-astrea-security .title {\r\n      font-size: 16px;\r\n    }\r\n\r\n    .anuncios-post-astrea-security .subtext {\r\n      font-size: 12px;\r\n    } *\/\r\n\r\n    \/* #s-post main article .content .anuncios-post-astrea-security .botao {\r\n      font-size: 12px;\r\n    } *\/\r\n\r\n   #s-post .anuncios-post-astrea-security .adpost-astrea-security-image {\r\n        width: 180px;\r\n        min-width: 180px;\r\n        height: 176px;\r\n    }\r\n  }\r\n\r\n  \/* @media (max-width: 700px) { *\/\r\n  @media (max-width: 500px) {\r\n    .anuncios-post-astrea-security {\r\n        flex-direction: column-reverse;\r\n        gap: 0;\r\n    }\r\n\r\n    .anuncios-post-astrea-security .textos {\r\n        display: flex;\r\n        flex-direction: column;\r\n        align-items: center;\r\n    }\r\n\r\n    .anuncios-post-astrea-security .title {\r\n        text-align: center;\r\n    }\r\n\r\n    .anuncios-post-astrea-security .subtext {\r\n        text-align: center;\r\n    }\r\n\r\n    #s-post main article .content .anuncios-post-astrea-security .img-destaque {\r\n        width: 195px;\r\n        height: 180px;\r\n        margin-bottom: 16px;\r\n    }\r\n  \/* } *\/\r\n\r\n  \/* @media (max-width: 500px) { *\/\r\n    \/* .anuncios-post-astrea-security .title {\r\n      font-size: 18px;\r\n    }\r\n\r\n    .anuncios-post-astrea-security .subtext {\r\n      font-size: 14px;\r\n    } *\/\r\n\r\n    #s-post main article .content .anuncios-post-astrea-security .botao {\r\n      font-size: 14px;\r\n      width: 100%;\r\n      text-align: center;\r\n    }\r\n\r\n\r\n    #s-post .anuncios-post-astrea-security .adpost-astrea-security-image {\r\n      width: 100%;\r\n      height: auto;\r\n      margin-bottom: 16px;\r\n    }\r\n  }\r\n<\/style>\r\n\r\n<div class=\"anuncios-post-astrea-security\">\r\n    <div class=\"textos\">\r\n        <div class=\"title\">\r\n          O pr\u00f3ximo ano pode ser mais leve com o Astrea\r\n        <\/div>\r\n        <div class=\"subtext\">\r\n          <span>\r\n            Comece 2026 com mais tempo, controle e tranquilidade na sua advocacia\r\n          <\/span>\r\n          <!-- <span class=\"mobile\">\r\n            O Astrea otimiza a gest\u00e3o jur\u00eddica do seu escrit\u00f3rio para voc\u00ea ter mais tempo e tranquilidade.\r\n          <\/span> -->\r\n        <\/div>\r\n            <a class=\"botao\" data-gtm-custom=\"anuncio-post-btn\" href=\"https:\/\/www.aurum.com.br\/astrea?utm_source=blog&#038;utm_medium=adpost&#038;utm_campaign=campanha_2026\" target=\"_blank\">Experimentar gr\u00e1tis<\/a>\r\n        <\/div>\r\n    <img decoding=\"async\" src=\"https:\/\/www.aurum.com.br\/blog\/wp-content\/themes\/aurum\/img\/adpost-astrea-2026.png\" alt=\"\" class=\"adpost-astrea-security-image\">\r\n    <!-- <div class=\"adpost-astrea-security-image\"><\/div> -->\r\n\r\n<\/div>\n\n\n<h2 class=\"wp-block-heading\">Como funciona o processo de revis\u00e3o de pens\u00e3o aliment\u00edcia?<\/h2>\n\n\n\n<p>O pedido de revis\u00e3o \u00e9 formulado por meio de <strong>a\u00e7\u00e3o revisional de alimentos, ajuizada perante o ju\u00edzo de fam\u00edlia competente, seguindo as regras de domic\u00edlio do alimentando (artigo 53, II do CPC).<\/strong><\/p>\n\n\n\n<p>Tanto o alimentante quanto o alimentando possuem legitimidade para propor a a\u00e7\u00e3o, conforme o interesse envolvido e n\u00e3o h\u00e1 conex\u00e3o direta com a a\u00e7\u00e3o anterior (j\u00e1 encerrada), conforme s\u00famula 235 do STJ.<\/p>\n\n\n\n<p>Na peti\u00e7\u00e3o inicial, a parte deve expor de forma clara:<\/p>\n\n\n\n<ul class=\"wp-block-list\">\n<li><strong>O que foi definido inicialmente<\/strong> a t\u00edtulo de alimentos (por se tratar de um novo processo);<\/li>\n\n\n\n<li><strong>Quais foram os novos fatos surgidos que modificaram o bin\u00f4mio necessidade\u2013possibilidade<\/strong>, alterando a regra da proporcionalidade e as raz\u00f5es pelas quais a pens\u00e3o anteriormente definida precisa ser majorada ou diminu\u00edda.<\/li>\n<\/ul>\n\n\n\n<p>\u00c9 comum que se formule pedido de tutela provis\u00f3ria, especialmente quando a mudan\u00e7a \u00e9 evidente e urgente, de forma a permitir que liminarmente os alimentos sejam ajustados pelo juiz at\u00e9 a instaura\u00e7\u00e3o do contradit\u00f3rio ou julgamento final.<\/p>\n\n\n\n<p>Por exemplo, se na defini\u00e7\u00e3o inicial dos alimentos j\u00e1 houver previs\u00e3o para o caso de desemprego do alimentante (ainda que futuro e incerto), n\u00e3o h\u00e1 urg\u00eancia para a concess\u00e3o da liminar em caso de desemprego, uma vez que o cen\u00e1rio j\u00e1 encontra-se previsto.&nbsp;<\/p>\n\n\n\n<p>Por outro lado, se n\u00e3o houver previs\u00e3o e o alimentante consegue demonstrar seu desemprego (o que muda completamente sua possibilidade no pagamento dos alimentos), j\u00e1 existe urg\u00eancia para que os alimentos sejam reduzidos provisoriamente, enquanto persistir o desemprego.<\/p>\n\n\n\n<p>O<strong> processo segue o rito pr\u00f3prio das a\u00e7\u00f5es de alimentos,<\/strong> com possibilidade de produ\u00e7\u00e3o de prova documental, testemunhal e, em alguns casos pericial, incluindo quebra de sigilo banc\u00e1rio, se o juiz entender necess\u00e1rio para que ao final se decida sobre a necessidade, ou n\u00e3o, de ajuste no valor inicialmente definido.<\/p>\n\n\n\n<p>A a\u00e7\u00e3o revisional de alimentos <strong>n\u00e3o se distingue do rito comum pelos prazos, mas pela intensidade da urg\u00eancia<\/strong>, celeridade de sua tramita\u00e7\u00e3o e pela atua\u00e7\u00e3o judicial orientada \u00e0 efetividade imediata das decis\u00f5es.<\/p>\n\n\n\n<h3 class=\"wp-block-heading\">Provas para revis\u00e3o de pens\u00e3o aliment\u00edcia<\/h3>\n\n\n\n<p>Com rela\u00e7\u00e3o a prova, a parte dever\u00e1 juntar a maior quantidade de documentos que demonstrem, de forma objetiva, a altera\u00e7\u00e3o da situa\u00e7\u00e3o econ\u00f4mica ou das necessidades envolvidas. Como:<\/p>\n\n\n\n<ul class=\"wp-block-list\">\n<li>Comprovantes de renda atualizados;<\/li>\n\n\n\n<li>Extratos banc\u00e1rios;<\/li>\n\n\n\n<li>Declara\u00e7\u00e3o de imposto de renda;<\/li>\n\n\n\n<li>Contratos de trabalho;<\/li>\n\n\n\n<li>Comprovantes de despesas com sa\u00fade, educa\u00e7\u00e3o e moradia.<\/li>\n<\/ul>\n\n\n\n<p>Esses s\u00e3o alguns dos documentos mais utilizados, pois <strong>quanto mais clara e recente for a prova, maiores s\u00e3o as chances de \u00eaxito.<\/strong><\/p>\n\n\n\n<p>Se o pedido decorrer de mudan\u00e7a financeira da parte contr\u00e1ria (por exemplo, aumento de riquezas do alimentante), a produ\u00e7\u00e3o de prova torna-se mais dif\u00edcil, sendo necess\u00e1rio trazer ind\u00edcios concretos desse aumento financeiro, seja pela demonstra\u00e7\u00e3o do padr\u00e3o de vida ou bens existentes, como uma forma de provar a incompatibiliza\u00e7\u00e3o desse cen\u00e1rio com os valores efetivamente pagos.<\/p>\n\n\n\n<h2 class=\"wp-block-heading\">Qual o prazo para pedir a revis\u00e3o de pens\u00e3o aliment\u00edcia?<\/h2>\n\n\n\n<p>A revis\u00e3o de pens\u00e3o aliment\u00edcia n\u00e3o est\u00e1 sujeita a prazo prescricional ou decadencial espec\u00edfico, pois <strong>decorre da pr\u00f3pria natureza da obriga\u00e7\u00e3o alimentar que \u00e9 continuada<\/strong>.<\/p>\n\n\n\n<p>A a\u00e7\u00e3o revisional deve ser <strong>proposta enquanto estiver vigente o dever de pagar <\/strong>alimentos. Caso o direito aos alimentos se encerre, por exonera\u00e7\u00e3o ou t\u00e9rmino do prazo fixado, como em div\u00f3rcios ou dissolu\u00e7\u00f5es, n\u00e3o cabe mais revis\u00e3o. Nessa situa\u00e7\u00e3o, ser\u00e1 necess\u00e1rio ajuizar nova a\u00e7\u00e3o de fixa\u00e7\u00e3o, com regras pr\u00f3prias.<\/p>\n\n\n\n<p>Apesar da inexist\u00eancia de prazo legal, deve-se observar que a revis\u00e3o de alimentos s\u00f3 <strong>produzir\u00e1 efeitos ap\u00f3s a propositura da a\u00e7\u00e3o e decis\u00e3o judicial<\/strong>, n\u00e3o retroagindo \u00e0 data do fato que motivou o pedido, sendo necess\u00e1ria a propositura c\u00e9lere para evitar preju\u00edzos financeiros desnecess\u00e1rios.<\/p>\n\n\n\n<p>Al\u00e9m disso, a demora excessiva em ajuizar o pedido judicial, especialmente quando a altera\u00e7\u00e3o da situa\u00e7\u00e3o econ\u00f4mica \u00e9 antiga, pode gerar dificuldades na necessidade de mudan\u00e7a e na pr\u00f3pria comprova\u00e7\u00e3o.<\/p>\n\n\n\n<h2 class=\"wp-block-heading\">Quanto tempo demora uma revis\u00e3o de pens\u00e3o aliment\u00edcia?<\/h2>\n\n\n\n<p>O tempo de tramita\u00e7\u00e3o da a\u00e7\u00e3o pode variar bastante, <strong>dependendo da complexidade do caso, da qualidade das provas e da postura das partes<\/strong> ao longo do processo<\/p>\n\n\n\n<p>A produ\u00e7\u00e3o das provas como a requisi\u00e7\u00e3o de documentos, at\u00e9 mesmo a realiza\u00e7\u00e3o de per\u00edcia, podem impactar diretamente na dura\u00e7\u00e3o do processo, que pode levar de meses a anos, dependendo de uma s\u00e9rie de circunst\u00e2ncias, incluindo o local de tramita\u00e7\u00e3o da a\u00e7\u00e3o.<\/p>\n\n\n\n<p>Em situa\u00e7\u00f5es nas quais a altera\u00e7\u00e3o das circunst\u00e2ncias \u00e9 evidente e bem demonstrada com documentos s\u00f3lidos, \u00e9 poss\u00edvel que o juiz analise o pedido de tutela provis\u00f3ria, promovendo um ajuste inicial no valor da pens\u00e3o ainda no in\u00edcio do processo, como uma forma de diminuir os efeitos dessa altera\u00e7\u00e3o at\u00e9 o julgamento final do processo.<\/p>\n\n\n\n<p>Por essa raz\u00e3o, a <strong>organiza\u00e7\u00e3o pr\u00e9via da prova e a clareza da narrativa inicial s\u00e3o elementos essenciais para conferir maior celeridade ao pedido<\/strong>.<\/p>\n\n\n\n<h2 class=\"wp-block-heading\">Dicas para facilitar o processo de revis\u00e3o de pens\u00e3o aliment\u00edcia:<\/h2>\n\n\n\n<p>Um dos principais pontos de aten\u00e7\u00e3o \u00e9 <strong>preventivo<\/strong>, ou seja, no momento da fixa\u00e7\u00e3o dos alimentos o advogado deve atuar para deixar todas as futuras intercorr\u00eancias minimamente previstas, diminuindo o risco de uma futura revis\u00e3o de pens\u00e3o.<\/p>\n\n\n\n<p>Quando a pens\u00e3o \u00e9 definida com crit\u00e9rios de atualiza\u00e7\u00e3o, como um percentual do sal\u00e1rio m\u00ednimo, e j\u00e1 prev\u00ea cen\u00e1rios como desemprego, trabalho aut\u00f4nomo, doen\u00e7as ou pagamento de plano de sa\u00fade, torna-se mais dif\u00edcil justificar uma revis\u00e3o futura. Isso porque eventuais mudan\u00e7as j\u00e1 foram antecipadas e regulamentadas na decis\u00e3o original.<\/p>\n\n\n\n<p>Al\u00e9m disso, recomenda-se dois comportamentos pelas partes:<\/p>\n\n\n\n<ul class=\"wp-block-list\">\n<li>Manter um controle financeiro regular, tanto dos valores pagos ou recebidos quanto das despesas, \u00e9 essencial. Isso permite ao alimentando comprovar, por exemplo, o aumento dos custos com escola e alimenta\u00e7\u00e3o. J\u00e1 o alimentante pode demonstrar a redu\u00e7\u00e3o da renda ou o aumento de gastos essenciais, justificando a revis\u00e3o da pens\u00e3o.<\/li>\n<\/ul>\n\n\n\n<ul class=\"wp-block-list\">\n<li>\u00c9 importante acompanhar, ainda que minimamente, o cen\u00e1rio financeiro do outro. O alimentante dificilmente avisar\u00e1 sobre uma promo\u00e7\u00e3o ou abertura de empresa, mas mudan\u00e7as no padr\u00e3o de vida e nos bens podem indicar melhora financeira. E, com isso, justificar um poss\u00edvel aumento da pens\u00e3o.<\/li>\n<\/ul>\n\n\n\n<p>Por fim, sempre que poss\u00edvel, a tentativa de composi\u00e7\u00e3o consensual deve ser buscada, pois o acordo reduz o tempo de tramita\u00e7\u00e3o, os custos do processo e os impactos emocionais sobre as partes, especialmente quando h\u00e1 filhos envolvidos.<\/p>\n\n\n\n<p>A revis\u00e3o de pens\u00e3o aliment\u00edcia <strong>n\u00e3o deve ser encarada como um evento inesperado, mas como consequ\u00eancia natural de uma obriga\u00e7\u00e3o jur\u00eddica din\u00e2mica,<\/strong> que exige planejamento, transpar\u00eancia e atua\u00e7\u00e3o preventiva desde a sua fixa\u00e7\u00e3o.<\/p>\n\n\n\n<h2 class=\"wp-block-heading\">Conclus\u00e3o<\/h2>\n\n\n\n<p>A revis\u00e3o de pens\u00e3o aliment\u00edcia revela, de forma clara, que a obriga\u00e7\u00e3o alimentar n\u00e3o pode ser compreendida como um compromisso r\u00edgido ou definitivo. Ao contr\u00e1rio, trata-se de uma presta\u00e7\u00e3o jur\u00eddica din\u00e2mica, constru\u00edda a partir da realidade concreta das partes e sujeita \u00e0s transforma\u00e7\u00f5es naturais da vida familiar, econ\u00f4mica e social.<\/p>\n\n\n\n<p>Nesse contexto, compreender quando a revis\u00e3o \u00e9 cab\u00edvel, quais s\u00e3o os crit\u00e9rios adotados pelo Judici\u00e1rio e como estruturar adequadamente o pedido \u00e9 essencial para advogados que atuam ou pretendem atuar no Direito de Fam\u00edlia.&nbsp;<\/p>\n\n\n\n<p>Para as partes envolvidas, que fazem a primeira an\u00e1lise antes do advogado, o conhecimento sobre seus direitos e sobre a revis\u00e3o contribui para expectativas mais realistas e para a redu\u00e7\u00e3o de conflitos desnecess\u00e1rios, permitindo, inclusive solu\u00e7\u00f5es consensuais mais r\u00e1pidas e menos desgastantes, especialmente em um campo do Direito marcado por forte carga emocional.<\/p>\n\n\n<style>\r\n  .news-post {\r\n    background: url('https:\/\/www.aurum.com.br\/blog\/wp-content\/themes\/aurum\/img\/bg-news-artigo.svg') no-repeat top center #3C48AA;\r\n    padding: 1.5rem;\r\n    border-radius: 6px;\r\n    margin: 1rem 0;\r\n  }\r\n  .news-post .icone {\r\n    display: none;\r\n  }\r\n  .news-post .title {\r\n    font-weight: 700;\r\n    font-size: 16px;\r\n    line-height: 130%;\r\n    text-align: center;\r\n    letter-spacing: -0.5px;\r\n    color: #fff;\r\n    margin-bottom: .9375rem;\r\n  }\r\n  .news-post p {\r\n    font-size: .875rem;\r\n    line-height: 140%;\r\n    text-align: center;\r\n    color: #fff;\r\n    margin-bottom: 1.25rem;\r\n  }\r\n  .news-post .news_button_span {\r\n    font-size: .8125rem;\r\n    display: block;\r\n    padding: .125rem .3125rem;\r\n    color: #fff;\r\n    text-align:left;\r\n  }\r\n  .news-post .news_button_span a {\r\n    color: #fff !important;\r\n    text-decoration: underline;\r\n  }\r\n  .news-post form {\r\n    width: 100%;\r\n  }\r\n  .news-post label {\r\n    font-weight: 600;\r\n    font-size: .9375rem;\r\n    line-height: 1.5rem;\r\n    margin-bottom: .5rem;\r\n    color: #fff;\r\n    display: block;\r\n  }\r\n  .news-post input {\r\n    background: #fff;\r\n    border: 1px solid #CBCBD9;\r\n    box-sizing: border-box;\r\n    border-radius: 4px;\r\n    padding: .75rem 1rem;\r\n    width: 100%;\r\n  }\r\n  .news-post button {\r\n    margin-top: .875rem;\r\n    width: 100%;\r\n    min-width: auto;\r\n    background: #FCC632;\r\n    color: #3C48AA;\r\n  }\r\n  .news-post .input {\r\n    position: relative;\r\n    padding-bottom: 10px;\r\n  }\r\n  .news-post .error-message-ad {\r\n    font-size: .875rem;\r\n    line-height: 130%;\r\n    color: #D50021;\r\n    margin-left: 4px;\r\n  }\r\n  .news-post .error {\r\n    border: 1px solid #D50021;\r\n  }\r\n  .news-post #message-form-ad {\r\n    border-radius: 4px;\r\n    padding: 0.7rem;\r\n    font-size:0.8rem;\r\n    text-align: center;\r\n    align-items: center;\r\n    justify-content: center;\r\n    display: none;\r\n  }\r\n  .news-post #message-form-ad svg {\r\n    margin-right: 8px;\r\n  }\r\n\r\n  @media(min-width: 561px) {\r\n    .news-post {\r\n      position: relative;\r\n      background: url('https:\/\/www.aurum.com.br\/blog\/wp-content\/themes\/aurum\/img\/bg-news-artigo.svg') no-repeat top center #3C48AA;\r\n      width: calc(100% - 30px);\r\n    }\r\n    .news-post .icone {\r\n      display: block;\r\n      position: absolute;\r\n      right: -30px;\r\n      top: 65px;\r\n      max-width: 142px;\r\n      width: 100%;\r\n      height: auto;\r\n      margin: 0;\r\n    }\r\n    .news-post .title {\r\n      font-size: 1.125rem;\r\n      text-align: left;\r\n      \/* padding-right: 3.75rem; *\/\r\n    }\r\n    .news-post p {\r\n      font-size: 1rem;\r\n      text-align: left;\r\n      max-width: 400px;\r\n    }\r\n    .news-post .boxes {\r\n      display: flex;\r\n      align-items: flex-start;\r\n    }\r\n    .news-post button {\r\n      margin: 0 0 0 1rem;\r\n      width: 100%;\r\n      max-width: 170px;\r\n      min-width: auto;\r\n      transition: all ease .3s\r\n    }\r\n    .news-post button:hover {\r\n      opacity: 0.9;\r\n      transition: all ease .3s\r\n    }\r\n    .news-post #message-form-ad {\r\n      padding: 1.125rem;\r\n      font-size:1rem;\r\n    }\r\n    .news-post #message-form-ad svg {\r\n      margin-right: 10px;\r\n    }\r\n  }\r\n<\/style>\r\n\r\n<div class=\"news-post\">\r\n  <div class=\"title news-ad-title\">Gostou do artigo e quer evoluir a sua advocacia?<\/div>\r\n  <p class=\"news-ad-subtitle\">Assine gr\u00e1tis a Aurum News e receba uma dose semanal de conte\u00fado no seu e-mail! \u270c\ufe0f<\/p>\r\n  <img decoding=\"async\" src=\"https:\/\/www.aurum.com.br\/blog\/wp-content\/themes\/aurum\/img\/icon-news-artigo.svg\" alt=\"\" class=\"icone\">\r\n\r\n  <form method=\"post\" name=\"newsletter-ad\" id=\"aurum-newsletter-ad\">\r\n    <div class=boxes>\r\n      <div class=\"input\">\r\n        <label class=\"label-email\" htmlFor=\"email-ad\">Qual seu e-mail?<\/label>\r\n        <input type=\"email\" id=\"email-ad\" name=\"newsletter-mail-ad\" placeholder=\"Digite seu e-mail?\">\r\n        <div class=\"error-message-ad-email\">Endere\u00e7o de e-mail inv\u00e1lido ou incorreto<\/div>\r\n\r\n        <label class=\"label-select\" htmlFor=\"lawsuits-select-ad\">\r\n          Quantos processos voc\u00ea ou<br class=\"for-desktop\"\/> seu escrit\u00f3rio acompanham?\r\n        <\/label>\r\n        <div id=\"lawsuits-select-ad\" class=\"lawsuits-select select-wrapper\" tabindex=\"0\">\r\n          <div class=\"s-dropdown--styled\">\r\n          <span class=\"lawsuits-default\">\r\n            <span id=\"lawsuits-newsletter-ad\" class=\"lawsuits-default-text\" data-value=\"\">Selecione os processos<\/span>\r\n            <svg class=\"chevron\" xmlns=\"http:\/\/www.w3.org\/2000\/svg\" width=\"24\" height=\"25\" viewBox=\"0 0 24 25\" fill=\"none\">\r\n              <path d=\"M6 15.6152L12 9.61523L18 15.6152\" stroke=\"black\" stroke-width=\"2\" stroke-linecap=\"round\" stroke-linejoin=\"round\" \/>\r\n            <\/svg>\r\n          <\/span>\r\n\r\n          <ul class=\"s-dropdown u-hide\">\r\n            <li class=\"lawsuits\" data-value=\"Mais de 1000 processos\">Mais de 1000 processos<\/li>\r\n            <li class=\"lawsuits\" data-value=\"De 501 a 1000 processos\">De 501 a 1000 processos<\/li>\r\n            <li class=\"lawsuits\" data-value=\"De 151 a 500 processos\">De 151 a 500 processos<\/li>\r\n            <li class=\"lawsuits\" data-value=\"De 41 a 150 processos\">De 41 a 150 processos<\/li>\r\n            <li class=\"lawsuits\" data-value=\"At\u00e9 40 processos\">At\u00e9 40 processos<\/li>\r\n            <li class=\"lawsuits\" data-value=\"Atuo apenas no consultivo\">Atuo apenas no consultivo<\/li>\r\n            <li class=\"lawsuits\" data-value=\"Ainda sou estudante de direito\">Ainda sou estudante de direito<\/li>\r\n            <li class=\"lawsuits\" data-value=\"N\u00e3o sou da \u00e1rea jur\u00eddica\">N\u00e3o sou da \u00e1rea jur\u00eddica<\/li>\r\n          <\/ul>\r\n          <\/div>\r\n        <\/div>\r\n        <div class=\"error-message-ad-lawsuits\">Selecione algum processo<\/div>\r\n      <\/div>\r\n      <button class=\"btn btn-yellow ad-btn-desktop\" id=\"aurum-submit-ad\">Assinar gr\u00e1tis<\/button>\r\n      <button class=\"btn btn-yellow ad-btn-mobile\" id=\"aurum-submit-ad\">Assinar<\/button>\r\n    <\/div>\r\n    <span class=\"news_button_span\">Ao se cadastrar voc\u00ea declara que leu e aceitou a pol\u00edtica de privacidade e cookies do <a href=\"https:\/\/s3.sa-east-1.amazonaws.com\/publico.aurum.com.br\/contratos\/politica-de-privacidade.pdf\" target=\"_blank\" rel=\"noopener noreferrer\">site<\/a>.<\/span>\r\n  <\/form>\r\n  <div id=\"message-form-ad\"><\/div>\r\n<\/div>","protected":false},"excerpt":{"rendered":"<p>A revis\u00e3o de pens\u00e3o aliment\u00edcia ajusta judicialmente o valor pago, quando h\u00e1 mudan\u00e7a nas condi\u00e7\u00f5es financeiras do pagador ou nas necessidades de quem recebe. Pode ser solicitada por qualquer uma das partes, com advogado ou Defensoria P\u00fablica, desde que exista decis\u00e3o anterior e provas da altera\u00e7\u00e3o, com base na l\u00f3gica possibilidade x necessidade. A revis\u00e3o [&hellip;]<\/p>\n","protected":false},"author":138,"featured_media":34839,"comment_status":"open","ping_status":"open","sticky":false,"template":"","format":"standard","meta":{"_bbp_topic_count":0,"_bbp_reply_count":0,"_bbp_total_topic_count":0,"_bbp_total_reply_count":0,"_bbp_voice_count":0,"_bbp_anonymous_reply_count":0,"_bbp_topic_count_hidden":0,"_bbp_reply_count_hidden":0,"_bbp_forum_subforum_count":0,"inline_featured_image":false,"footnotes":""},"categories":[22],"tags":[],"class_list":["post-34838","post","type-post","status-publish","format-standard","has-post-thumbnail","hentry","category-direito-de-familia"],"acf":[],"_links":{"self":[{"href":"https:\/\/www.aurum.com.br\/blog\/wp-json\/wp\/v2\/posts\/34838","targetHints":{"allow":["GET"]}}],"collection":[{"href":"https:\/\/www.aurum.com.br\/blog\/wp-json\/wp\/v2\/posts"}],"about":[{"href":"https:\/\/www.aurum.com.br\/blog\/wp-json\/wp\/v2\/types\/post"}],"author":[{"embeddable":true,"href":"https:\/\/www.aurum.com.br\/blog\/wp-json\/wp\/v2\/users\/138"}],"replies":[{"embeddable":true,"href":"https:\/\/www.aurum.com.br\/blog\/wp-json\/wp\/v2\/comments?post=34838"}],"version-history":[{"count":2,"href":"https:\/\/www.aurum.com.br\/blog\/wp-json\/wp\/v2\/posts\/34838\/revisions"}],"predecessor-version":[{"id":34841,"href":"https:\/\/www.aurum.com.br\/blog\/wp-json\/wp\/v2\/posts\/34838\/revisions\/34841"}],"wp:featuredmedia":[{"embeddable":true,"href":"https:\/\/www.aurum.com.br\/blog\/wp-json\/wp\/v2\/media\/34839"}],"wp:attachment":[{"href":"https:\/\/www.aurum.com.br\/blog\/wp-json\/wp\/v2\/media?parent=34838"}],"wp:term":[{"taxonomy":"category","embeddable":true,"href":"https:\/\/www.aurum.com.br\/blog\/wp-json\/wp\/v2\/categories?post=34838"},{"taxonomy":"post_tag","embeddable":true,"href":"https:\/\/www.aurum.com.br\/blog\/wp-json\/wp\/v2\/tags?post=34838"}],"curies":[{"name":"wp","href":"https:\/\/api.w.org\/{rel}","templated":true}]}}