{"id":34140,"date":"2025-10-22T17:30:35","date_gmt":"2025-10-22T20:30:35","guid":{"rendered":"https:\/\/www.aurum.com.br\/blog\/?p=34140"},"modified":"2026-02-10T15:57:29","modified_gmt":"2026-02-10T18:57:29","slug":"atraso-de-voo","status":"publish","type":"post","link":"https:\/\/www.aurum.com.br\/blog\/atraso-de-voo\/","title":{"rendered":"Atraso de voo: saiba quais s\u00e3o seus direitos e como agir"},"content":{"rendered":"<div id=\"bsf_rt_marker\"><\/div>\n<pre class=\"wp-block-preformatted\"><strong>Atraso de voo<\/strong> \u00e9 uma situa\u00e7\u00e3o comum no Brasil, e todo passageiro tem direitos garantidos pela ANAC. A partir de 1 hora de atraso, a companhia a\u00e9rea deve oferecer meios de comunica\u00e7\u00e3o; com 2 horas, alimenta\u00e7\u00e3o adequada; e ap\u00f3s 4 horas, hospedagem e transporte, se necess\u00e1rio. Em atrasos superiores a 4 horas, o passageiro pode escolher entre reembolso, remarca\u00e7\u00e3o ou reacomoda\u00e7\u00e3o. Saber o que fazer em caso de atraso de voo \u00e9 essencial para exigir que seus direitos sejam respeitados.<\/pre>\n\n\n\n<p>As viagens de avi\u00e3o s\u00e3o frequentemente ligadas a compromissos profissionais, reuni\u00f5es familiares em ocasi\u00f5es importantes, participa\u00e7\u00e3o em concursos e uma s\u00e9rie de outras finalidades que tornam a pontualidade dos voos essencial.<\/p>\n\n\n\n<p>Desse modo,<strong> <\/strong>para al\u00e9m dos preju\u00edzos poss\u00edveis, o passageiro de um voo atrasado n\u00e3o pode ficar sem nenhum amparo, tendo em vista que muitas vezes um novo voo, por exemplo, pode demorar horas ou at\u00e9 mais de um dia para acontecer.<\/p>\n\n\n\n<p>Por isso, entender os direitos dos passageiros em casos de atraso de voo \u00e9 essencial para saber como agir nessas situa\u00e7\u00f5es e conhecer a possibilidade de receber indeniza\u00e7\u00e3o conforme o caso.<\/p>\n\n\n\n<p>Quer saber mais sobre o tema? Continue a leitura. \ud83d\ude42<\/p>\n\n\n\n<h2 class=\"wp-block-heading\">O que \u00e9 atraso de voo e como ele \u00e9 regulamentado?<\/h2>\n\n\n\n<p>O atraso de voo \u00e9 regulamentado pela <a href=\"https:\/\/www.anac.gov.br\/assuntos\/legislacao\/legislacao-1\/resolucoes\/resolucoes-2016\/resolucao-no-400-13-12-2016\" target=\"_blank\" rel=\"noopener\">Resolu\u00e7\u00e3o n\u00ba 400\/2016 da ANAC <\/a>(Ag\u00eancia Nacional de Avia\u00e7\u00e3o Civil), especialmente pelo artigo 20 e seguintes, e pode ser definido quando o voo atrasa em rela\u00e7\u00e3o ao hor\u00e1rio originalmente previsto, isto \u00e9, n\u00e3o ocorre no hor\u00e1rio previamente agendado e divulgado aos passageiros.<\/p>\n\n\n\n<figure class=\"wp-block-image size-full\"><img decoding=\"async\" width=\"1080\" height=\"1080\" src=\"https:\/\/www.aurum.com.br\/blog\/wp-content\/uploads\/2025\/10\/o-que-e-atraso-de-voo.png\" alt=\"\" class=\"wp-image-34142\" srcset=\"https:\/\/www.aurum.com.br\/blog\/wp-content\/uploads\/2025\/10\/o-que-e-atraso-de-voo.png 1080w, https:\/\/www.aurum.com.br\/blog\/wp-content\/uploads\/2025\/10\/o-que-e-atraso-de-voo-300x300.png 300w, https:\/\/www.aurum.com.br\/blog\/wp-content\/uploads\/2025\/10\/o-que-e-atraso-de-voo-150x150.png 150w, https:\/\/www.aurum.com.br\/blog\/wp-content\/uploads\/2025\/10\/o-que-e-atraso-de-voo-768x768.png 768w\" sizes=\"(max-width: 1080px) 100vw, 1080px\" \/><\/figure>\n\n\n\n<h2 class=\"wp-block-heading\">Diferen\u00e7a entre atraso, cancelamento e preteri\u00e7\u00e3o de embarque<\/h2>\n\n\n\n<p>\u00c9 muito importante a diferen\u00e7a entre o atraso de voo, cancelamento e preteri\u00e7\u00e3o de embarque, pelo fato de que cada situa\u00e7\u00e3o exige um determinado comportamento da companhia a\u00e9rea e consequ\u00eancias diversas.<\/p>\n\n\n\n<ul class=\"wp-block-list\">\n<li><strong>Atraso de voo: <\/strong>quando o voo atrasa em rela\u00e7\u00e3o ao hor\u00e1rio originalmente previsto;<\/li>\n\n\n\n<li><strong>Cancelamento de voo: <\/strong>quando o voo \u00e9 cancelado e n\u00e3o acontece;<\/li>\n\n\n\n<li><strong>Preteri\u00e7\u00e3o de embarque: <\/strong>quando o passageiro, ainda que portando seu cart\u00e3o de embarque, por alguma raz\u00e3o \u00e9 impedido de embarcar no avi\u00e3o para o voo escolhido.<\/li>\n<\/ul>\n\n\n\n<h2 class=\"wp-block-heading\">Quais os direitos do passageiro em caso de atraso de voo?<\/h2>\n\n\n\n<p>No caso de atraso de voo, inicialmente \u00e9 necess\u00e1rio mencionar que quando a companhia a\u00e9rea verifica que ocorrer\u00e1 um atraso, esta deve informar imediatamente os passageiros pelos meios de comunica\u00e7\u00e3o dispon\u00edveis, indicando nova previs\u00e3o do hor\u00e1rio de partida.<\/p>\n\n\n\n<p>Ap\u00f3s aviso inicial, a cada 30 (trinta) minutos a companhia deve manter os passageiros informados sobre a situa\u00e7\u00e3o do atraso e se houve alguma altera\u00e7\u00e3o na nova previs\u00e3o. <\/p>\n\n\n\n<p>Ainda, importante dizer que o motivo do atraso deve ser indicado sempre que solicitado pelos passageiros, inclusive por escrito se o passageiro assim solicitar.<\/p>\n\n\n\n<p>Os passageiros que tiverem seus voos atrasados possuem direitos a depender do per\u00edodo de atraso:<\/p>\n\n\n\n<ul class=\"wp-block-list\">\n<li><strong>Superior a 1 hora: <\/strong>meios de comunica\u00e7\u00e3o, internet ou liga\u00e7\u00f5es;<\/li>\n\n\n\n<li><strong>Superior a 2 horas:<\/strong> alimenta\u00e7\u00e3o (vouchers ou refei\u00e7\u00f5es);<\/li>\n\n\n\n<li><strong>Superior a 4 horas: <\/strong>servi\u00e7o de hospedagem no caso de pernoite, al\u00e9m de traslado ida e volta. Aos passageiros com necessidades especiais, independentemente de pernoite, o servi\u00e7o de hospedagem deve ser oferecido a este e a seus acompanhantes.<\/li>\n<\/ul>\n\n\n\n<p><strong>No caso de um atraso superior a quatro horas, a companhia a\u00e9rea ainda deve oferecer alternativas de reacomoda\u00e7\u00e3o <\/strong>(podendo ser em voo da mesma companhia ou outra), reembolso e servi\u00e7o por outra modalidade de transporte, ficando ao passageiro a escolha.&nbsp;<\/p>\n\n\n\n<h2 class=\"wp-block-heading\">Quando \u00e9 poss\u00edvel a indeniza\u00e7\u00e3o por danos morais ou materiais?<\/h2>\n\n\n\n<p>O pedido judicial de indeniza\u00e7\u00e3o por danos <a data-wpil-monitor-id=\"1002\" href=\"https:\/\/www.aurum.com.br\/blog\/glossario-juridico\/mora\/\">morais<\/a> e\/ou materiais vai depender da an\u00e1lise de cada caso concreto.<\/p>\n\n\n\n<p> No caso, por exemplo, de atrasos absurdos, aus\u00eancia de amparo de acordo com a Resolu\u00e7\u00e3o da ANAC conforme indicado no item anterior e ocorr\u00eancia de outros preju\u00edzos, o passageiro deve buscar um advogado especializado a fim de verificar a viabilidade de ingresso com a a\u00e7\u00e3o.<\/p>\n\n\n\n<p>A princ\u00edpio, quando h\u00e1 o n\u00e3o cumprimento pela companhia a\u00e9rea das normas apresentadas pela ANAC (demonstrando falha na presta\u00e7\u00e3o de servi\u00e7o) ou quando o passageiro sofreu preju\u00edzos que ultrapassam um mero aborrecimento, h\u00e1 a viabilidade de ingressar com pedido de indeniza\u00e7\u00e3o.&nbsp;<\/p>\n\n\n\n<style>\n    #adpost-block_557c09e244a79852227bea95d0262fa8.anuncio-post-reverse {\n        display: flex;\n        gap: 24px;\n        border-radius: 8px;\n        width: 100%;\n        max-width: 752px;\n        padding: 40px;\n        background: #e7f4fe;\n        margin: 16px auto;\n    }\n\n    #adpost-block_557c09e244a79852227bea95d0262fa8 .anuncio-container {\n        display: flex;\n        flex-direction: column;\n        gap: 24px;\n        width: 100%;\n        max-width: 333px;\n    }\n\n    #adpost-block_557c09e244a79852227bea95d0262fa8 .anuncio-container .logo {\n        width: 100%;\n        max-width: 177px;\n        margin: 0;\n    }\n\n    #adpost-block_557c09e244a79852227bea95d0262fa8 .anuncio-text-container {\n        display: flex;\n        flex-direction: column;\n        gap: 24px;\n    }\n\n    #adpost-block_557c09e244a79852227bea95d0262fa8 .anuncio-text-container .title {\n        font-family: 'Ubuntu';\n        font-size: 1.5rem; \/\/24px\n        font-weight: 700;\n        line-height: 120%;\n        margin: 0;\n        color: #000;\n    }\n\n    #adpost-block_557c09e244a79852227bea95d0262fa8 .anuncio-text-container .text {\n        font-size: 0.875rem;\n        font-weight: 400;\n        line-height: 170%;\n        color: #000;\n    }\n\n    #adpost-block_557c09e244a79852227bea95d0262fa8 .anuncio-container .button {\n        display: inline-flex;\n        align-items: center;\n        justify-content: center;\n        width: fit-content;\n        height: 48px;\n        border-radius: 8px;\n        padding: 12px 24px;\n        font-size: 1rem;\n        font-weight: 600;\n        text-decoration: none;\n        background: #008fd5;\n        color: #fff;\n    }\n\n    #adpost-block_557c09e244a79852227bea95d0262fa8 .image-container {\n        position: relative;\n        width: 100%;\n        height: 100%;\n    }\n\n    #adpost-block_557c09e244a79852227bea95d0262fa8 .image-container.float {\n        min-height: 236px;\n    }\n\n    #adpost-block_557c09e244a79852227bea95d0262fa8 .image-container .image-desktop {\n        width: 100%;\n        max-width: 323px;\n        object-fit: contain;\n        margin: 0;\n    }\n\n    #adpost-block_557c09e244a79852227bea95d0262fa8 .image-container .image-mobile {\n        display: none;\n        width: 100%;\n        max-width: 291px;\n        object-fit: contain;\n        margin: 0;\n    }\n\n    #adpost-block_557c09e244a79852227bea95d0262fa8 .image-container.float .image-desktop,\n    #adpost-block_557c09e244a79852227bea95d0262fa8 .image-container.float .image-mobile {\n        position: absolute;\n        right: 0;\n        bottom: 0;\n    }\n\n    #adpost-block_557c09e244a79852227bea95d0262fa8 .image-container img {\n        border-radius: 8px;\n    }\n\n    \/************\n    * MOBILE \n    *************\/\n    @media (max-width: 1439px) {\n        #adpost-block_557c09e244a79852227bea95d0262fa8.anuncio-post-reverse {\n            flex-direction: column-reverse;\n            max-width: fit-content;\n            padding: 24px;\n        }\n\n        #adpost-block_557c09e244a79852227bea95d0262fa8 .anuncio-container {\n            max-width: 280px;\n            align-items: center;\n        }\n\n        #adpost-block_557c09e244a79852227bea95d0262fa8 .anuncio-container .logo {\n            max-width: 147px;\n        }\n\n        #adpost-block_557c09e244a79852227bea95d0262fa8 .anuncio-text-container {\n            gap: 8px;\n        }\n\n        #adpost-block_557c09e244a79852227bea95d0262fa8 .anuncio-text-container .title {\n            font-size: 1.25rem;\n            text-align: center;\n        }\n\n        #adpost-block_557c09e244a79852227bea95d0262fa8 .anuncio-text-container .text {\n            text-align: center;\n        }\n\n        #adpost-block_557c09e244a79852227bea95d0262fa8 .anuncio-container .button {\n            width: 100%;\n        }\n\n        #adpost-block_557c09e244a79852227bea95d0262fa8 .image-container.float {\n            min-height: 182px;\n        }\n\n        #adpost-block_557c09e244a79852227bea95d0262fa8 .image-container .image-desktop {\n            display: none;\n        }\n\n        #adpost-block_557c09e244a79852227bea95d0262fa8 .image-container .image-mobile {\n            display: block;\n        }\n    }\n\n    \/*******************\n    * RESET GLOBAL CSS \n    ********************\/\n    #s-post main article .content .image-container img {\n        margin: 0;\n    }\n<\/style>\n\n\n<article id=\"adpost-block_557c09e244a79852227bea95d0262fa8\" class=\"anuncio-post-reverse\">\n    <div class=\"anuncio-container\">\n        \n        <div class=\"anuncio-text-container\">\n             <h3 class=\"title\" >Seja protagonista da sua advocacia com o Astrea<\/h3>\n            <div class=\"text\" >Tenha tempo para focar no crescimento do seu escrit\u00f3rio, enquanto o Astrea cuida da sua gest\u00e3o jur\u00eddica com intelig\u00eancia.<\/div>        <\/div>\n       \n        <a class=\"button\" href=\"\/astrea\/?utm_source=blog&#038;utm_medium=adpost&#038;utm_campaign=campanha-marca-2026\" target=\"_self\">Conhe\u00e7a o Astrea<\/a>    <\/div>\n\n    <div class=\"image-container\">\n        <img decoding=\"async\" class=\"image-desktop\" src=\"https:\/\/www.aurum.com.br\/blog\/wp-content\/uploads\/2026\/03\/adpos-posicionamento-2026-desktop.png\" alt=\"\" \/>\n        <img decoding=\"async\" class=\"image-mobile\" src=\"https:\/\/www.aurum.com.br\/blog\/wp-content\/uploads\/2026\/03\/adpost-posicionamento-2026-mobile.png\" alt=\"\" \/>    <\/div>\n<\/article>\n\n\n<h2 class=\"wp-block-heading\">Situa\u00e7\u00f5es especiais no atraso de voo<\/h2>\n\n\n\n<p>Agora vejamos algumas situa\u00e7\u00f5es especiais quando da ocorr\u00eancia do atraso de voo e as suas implica\u00e7\u00f5es.<\/p>\n\n\n\n<h3 class=\"wp-block-heading\">For\u00e7a maior: condi\u00e7\u00f5es clim\u00e1ticas e fatores externos<\/h3>\n\n\n\n<p>Uma condi\u00e7\u00e3o clim\u00e1tica desfavor\u00e1vel ou outros fatores externos que ultrapassem a possibilidade de controle e solu\u00e7\u00e3o pela companhia a\u00e9rea podem ocasionar o atraso de voo. <\/p>\n\n\n\n<p>Por\u00e9m, isso n\u00e3o quer dizer que a companhia a\u00e9rea fica isenta de cumprir com as suas responsabilidades dispostas em normas vigentes ou de indenizar danos sofridos por passageiros.<\/p>\n\n\n\n<p>Mesmo em casos de for\u00e7a maior, a companhia a\u00e9rea deve seguir as normas da ANAC. Em processo judicial, precisa comprovar o fato ocorrido, o cumprimento das normas e a aus\u00eancia de controle sobre a situa\u00e7\u00e3o para evitar condena\u00e7\u00e3o.<\/p>\n\n\n\n<p>Ainda assim, em muitos casos, como por exemplo o das condi\u00e7\u00f5es clim\u00e1ticas desfavor\u00e1veis, a situa\u00e7\u00e3o pode ser entendida como risco da pr\u00f3pria atividade da companhia a\u00e9rea e esta ser responsabilizada de igual forma por danos causados em virtude de atrasos.<\/p>\n\n\n\n<h3 class=\"wp-block-heading\">Diferen\u00e7a entre voos nacionais e internacionais<\/h3>\n\n\n\n<p>O atraso de voos nacionais deve seguir principalmente as normas vigentes da ANAC, al\u00e9m do C\u00f3digo de Defesa do Consumidor. <\/p>\n\n\n\n<p>J\u00e1 no que diz respeito aos atrasos de voos internacionais, o passageiro deve ficar atento e, inclusive, recorrer \u00e0 aux\u00edlio jur\u00eddico para entender as regras que se aplicam ao caso.\u00a0<\/p>\n\n\n\n<p>Em algumas situa\u00e7\u00f5es quando h\u00e1 preju\u00edzo material, por exemplo, s\u00e3o aplicados tamb\u00e9m tratados internacionais, como a Conven\u00e7\u00e3o de Montreal e de Vars\u00f3via.<\/p>\n\n\n\n<h3 class=\"wp-block-heading\">Limites de responsabilidade da companhia a\u00e9rea<\/h3>\n\n\n\n<p>O C\u00f3digo de Defesa do Consumidor prev\u00ea a responsabilidade objetiva por danos causados com a falha na presta\u00e7\u00e3o de servi\u00e7os. <\/p>\n\n\n\n<p>Isso quer dizer que <strong>n\u00e3o \u00e9 necess\u00e1ria a comprova\u00e7\u00e3o da culpa da companhia a\u00e9rea<\/strong> quanto ao atraso para que esta seja responsabilizada.<\/p>\n\n\n\n<p>Por outro lado, os limites de responsabilidade da companhia a\u00e9rea ligam-se ao fato que originou o atraso. Se o atraso ocorreu por fortuito interno (problemas operacionais, manuten\u00e7\u00e3o de rotina etc.), n\u00e3o \u00e9 exclu\u00edda a responsabilidade da empresa.<\/p>\n\n\n\n<p>Por\u00e9m, em casos de for\u00e7a maior grave e fora do controle da companhia, como fechamento de aeroporto por motivo s\u00e9rio, a responsabilidade pode ser exclu\u00edda se todas as provid\u00eancias de aux\u00edlio aos passageiros forem tomadas.<\/p>\n\n\n\n<p>No mais, vale mencionar que a companhia a\u00e9rea, para evitar altas condena\u00e7\u00f5es, deve seguir as normas vigentes e realizar todas as provid\u00eancias cab\u00edveis e amparo adequado aos passageiros.<\/p>\n\n\n\n<h3 class=\"wp-block-heading\">Como agir diante de um atraso de voo<\/h3>\n\n\n\n<p>No caso de estar diante de um atraso de voo \u00e9 importante inicialmente consultar junto \u00e0 companhia a\u00e9rea a causa do atraso e a nova previs\u00e3o do voo (\u00e9 poss\u00edvel pedir que a companhia registre por escrito o motivo do atraso).&nbsp;<\/p>\n\n\n\n<p>Al\u00e9m disso, \u00e9 essencial conhecer os direitos do passageiro segundo a ANAC j\u00e1 mostrados neste artigo (comunica\u00e7\u00e3o, alimenta\u00e7\u00e3o, acomoda\u00e7\u00e3o e transporte, a depender da quantidade de horas de atraso).<\/p>\n\n\n\n<h3 class=\"wp-block-heading\">Documentos e provas<\/h3>\n\n\n\n<p>Ao se deparar com um atraso de voo tamb\u00e9m \u00e9 interesse o in\u00edcio da juntada de documentos e provas, a fim de o passageiro se resguardar caso ocorram preju\u00edzos e danos sofridos. Dentre os documentos importantes est\u00e3o:<\/p>\n\n\n\n<ul class=\"wp-block-list\">\n<li>Cart\u00e3o de embarque;<\/li>\n\n\n\n<li>Comprovante de compra da passagem;<\/li>\n\n\n\n<li>Comprovantes de eventuais gastos suportados durante o atraso, como por exemplo, alimenta\u00e7\u00e3o, transporte e hospedagem;<\/li>\n\n\n\n<li>Fotos e v\u00eddeos da situa\u00e7\u00e3o enfrentada;<\/li>\n\n\n\n<li>Prints de eventuais contatos com a companhia a\u00e9rea em canais de atendimento.<\/li>\n<\/ul>\n\n\n\n<h3 class=\"wp-block-heading\">Canais de reclama\u00e7\u00e3o<\/h3>\n\n\n\n<p>Existem alguns canais que podem ser acionados no caso de atraso de voo, al\u00e9m dos canais da pr\u00f3pria companhia a\u00e9rea, s\u00e3o eles:&nbsp;<\/p>\n\n\n\n<ul class=\"wp-block-list\">\n<li><strong>ANAC: <\/strong>a fim de registrar reclama\u00e7\u00f5es diante da companhia a\u00e9rea;<\/li>\n\n\n\n<li><strong>PROCON<\/strong> e <strong>Consumidor.gov.br<\/strong>: para tamb\u00e9m registrar reclama\u00e7\u00f5es e descumprimentos de normas pela companhia;<\/li>\n\n\n\n<li><strong>Justi\u00e7a<\/strong>: caso o passageiro n\u00e3o consiga solucionar a situa\u00e7\u00e3o diretamente com a companhia de forma administrativa, pode tamb\u00e9m buscar aux\u00edlio jur\u00eddico com o objetivo de ser indenizado por danos e preju\u00edzos sofridos.<\/li>\n<\/ul>\n\n\n\n<h2 class=\"wp-block-heading\">Como buscar meus direitos em caso de atraso de voo?<\/h2>\n\n\n\n<p>O passageiro pode buscar indeniza\u00e7\u00e3o na justi\u00e7a comum ou no juizado especial c\u00edvel. No juizado, n\u00e3o precisa de advogado se o valor da causa for de at\u00e9 20 sal\u00e1rios m\u00ednimos.<\/p>\n\n\n\n<p>Quanto ao prazo para propor a a\u00e7\u00e3o indenizat\u00f3ria, como regra geral, em voos nacionais o prazo ser\u00e1 de 5 anos contados da ocorr\u00eancia do fato (<a href=\"https:\/\/www.planalto.gov.br\/ccivil_03\/leis\/l8078compilado.htm\" target=\"_blank\" rel=\"noopener\">artigo 27 do CDC<\/a>).\u00a0<\/p>\n\n\n\n<p>Para saber mais detalhes sobre as possibilidades e prazos judiciais, a orienta\u00e7\u00e3o de um profissional especializado \u00e9 altamente recomendada, tendo em vista que poder\u00e1 analisar os detalhes de cada caso concreto e a aplicabilidade de outra norma eventualmente.<\/p>\n\n\n\n<h2 class=\"wp-block-heading\">Conclus\u00e3o<\/h2>\n\n\n\n<p>O atraso de voo n\u00e3o \u00e9 apenas um simples contratempo \u2014 ele pode causar perdas importantes, como a aus\u00eancia em compromissos de trabalho, provas, consultas m\u00e9dicas ou encontros familiares. <\/p>\n\n\n\n<p>Nessas situa\u00e7\u00f5es,<strong> <\/strong>\u00e9 fundamental que o passageiro saiba que possui direitos garantidos pela ANAC e que a companhia a\u00e9rea tem o dever de oferecer assist\u00eancia adequada durante todo o tempo de espera.<\/p>\n\n\n\n<p>Mais do que conhecer a lei, \u00e9 importante que cada pessoa se sinta amparada e respeitada. Saber como agir diante de um atraso ajuda a reduzir o estresse, evitar preju\u00edzos e at\u00e9 buscar indeniza\u00e7\u00e3o quando houver danos reais.<\/p>\n\n\n\n<p> A informa\u00e7\u00e3o \u00e9 a melhor forma de garantir que os direitos dos passageiros sejam respeitados \u2014 afinal, viajar com seguran\u00e7a e dignidade \u00e9 um direito de todos.<\/p>\n\n\n\n<h3 class=\"wp-block-heading\">Mais conhecimentos para voc\u00ea<\/h3>\n\n\n\n<ul class=\"wp-block-list\">\n<li><a href=\"https:\/\/www.aurum.com.br\/blog\/usucapiao\/\">Usucapi\u00e3o:<\/a>&nbsp;conhe\u00e7a os tipos e seus requisitos<\/li>\n\n\n\n<li>O que s\u00e3o<a href=\"https:\/\/www.aurum.com.br\/blog\/crimes-ciberneticos\/\">&nbsp;crimes cibern\u00e9ticos<\/a>&nbsp;e suas principais legisla\u00e7\u00f5es no Brasil<\/li>\n\n\n\n<li><a href=\"https:\/\/www.aurum.com.br\/blog\/esbulho\/\">Esbulho<\/a>&nbsp;possess\u00f3rio no Direito Civil<\/li>\n\n\n\n<li><a href=\"https:\/\/www.aurum.com.br\/blog\/acao-monitoria\/\">A\u00e7\u00e3o monit\u00f3ria no Novo CPC:<\/a>&nbsp;o que \u00e9 e modelo exclusivo<\/li>\n\n\n\n<li><a href=\"https:\/\/www.aurum.com.br\/blog\/maioridade-civil\/\">Entenda o que \u00e9 a maioridade civil<\/a><\/li>\n\n\n\n<li><a href=\"https:\/\/www.aurum.com.br\/blog\/processo-administrativo\/\">Processo administrativo: o que \u00e9 e principais d\u00favidas<\/a><\/li>\n\n\n\n<li>Principais aspectos jur\u00eddicos da&nbsp;<a href=\"https:\/\/www.aurum.com.br\/blog\/liberdade-de-expressao\/\">liberdade de express\u00e3o<\/a><\/li>\n\n\n\n<li><a href=\"https:\/\/www.aurum.com.br\/blog\/direito-consuetudinario\/\">Direito consuetudin\u00e1rio<\/a>, a legitimidade dos costumes como fonte jur\u00eddica<\/li>\n\n\n\n<li><a href=\"https:\/\/www.aurum.com.br\/blog\/heranca-jacente\/\">Heran\u00e7a Jacente<\/a>: Desvendando os desafios da sucess\u00e3o sem titulares<\/li>\n<\/ul>\n\n\n<style>\r\n  .news-post {\r\n    background: url('https:\/\/www.aurum.com.br\/blog\/wp-content\/themes\/aurum\/img\/bg-news-artigo.svg') no-repeat top center #3C48AA;\r\n    padding: 1.5rem;\r\n    border-radius: 6px;\r\n    margin: 1rem 0;\r\n  }\r\n  .news-post .icone {\r\n    display: none;\r\n  }\r\n  .news-post .title {\r\n    font-weight: 700;\r\n    font-size: 16px;\r\n    line-height: 130%;\r\n    text-align: center;\r\n    letter-spacing: -0.5px;\r\n    color: #fff;\r\n    margin-bottom: .9375rem;\r\n  }\r\n  .news-post p {\r\n    font-size: .875rem;\r\n    line-height: 140%;\r\n    text-align: center;\r\n    color: #fff;\r\n    margin-bottom: 1.25rem;\r\n  }\r\n  .news-post .news_button_span {\r\n    font-size: .8125rem;\r\n    display: block;\r\n    padding: .125rem .3125rem;\r\n    color: #fff;\r\n    text-align:left;\r\n  }\r\n  .news-post .news_button_span a {\r\n    color: #fff !important;\r\n    text-decoration: underline;\r\n  }\r\n  .news-post form {\r\n    width: 100%;\r\n  }\r\n  .news-post label {\r\n    font-weight: 600;\r\n    font-size: .9375rem;\r\n    line-height: 1.5rem;\r\n    margin-bottom: .5rem;\r\n    color: #fff;\r\n    display: block;\r\n  }\r\n  .news-post input {\r\n    background: #fff;\r\n    border: 1px solid #CBCBD9;\r\n    box-sizing: border-box;\r\n    border-radius: 4px;\r\n    padding: .75rem 1rem;\r\n    width: 100%;\r\n  }\r\n  .news-post button {\r\n    margin-top: .875rem;\r\n    width: 100%;\r\n    min-width: auto;\r\n    background: #FCC632;\r\n    color: #3C48AA;\r\n  }\r\n  .news-post .input {\r\n    position: relative;\r\n    padding-bottom: 10px;\r\n  }\r\n  .news-post .error-message-ad {\r\n    font-size: .875rem;\r\n    line-height: 130%;\r\n    color: #D50021;\r\n    margin-left: 4px;\r\n  }\r\n  .news-post .error {\r\n    border: 1px solid #D50021;\r\n  }\r\n  .news-post #message-form-ad {\r\n    border-radius: 4px;\r\n    padding: 0.7rem;\r\n    font-size:0.8rem;\r\n    text-align: center;\r\n    align-items: center;\r\n    justify-content: center;\r\n    display: none;\r\n  }\r\n  .news-post #message-form-ad svg {\r\n    margin-right: 8px;\r\n  }\r\n\r\n  @media(min-width: 561px) {\r\n    .news-post {\r\n      position: relative;\r\n      background: url('https:\/\/www.aurum.com.br\/blog\/wp-content\/themes\/aurum\/img\/bg-news-artigo.svg') no-repeat top center #3C48AA;\r\n      width: calc(100% - 30px);\r\n    }\r\n    .news-post .icone {\r\n      display: block;\r\n      position: absolute;\r\n      right: -30px;\r\n      top: 65px;\r\n      max-width: 142px;\r\n      width: 100%;\r\n      height: auto;\r\n      margin: 0;\r\n    }\r\n    .news-post .title {\r\n      font-size: 1.125rem;\r\n      text-align: left;\r\n      \/* padding-right: 3.75rem; *\/\r\n    }\r\n    .news-post p {\r\n      font-size: 1rem;\r\n      text-align: left;\r\n      max-width: 400px;\r\n    }\r\n    .news-post .boxes {\r\n      display: flex;\r\n      align-items: flex-start;\r\n    }\r\n    .news-post button {\r\n      margin: 0 0 0 1rem;\r\n      width: 100%;\r\n      max-width: 170px;\r\n      min-width: auto;\r\n      transition: all ease .3s\r\n    }\r\n    .news-post button:hover {\r\n      opacity: 0.9;\r\n      transition: all ease .3s\r\n    }\r\n    .news-post #message-form-ad {\r\n      padding: 1.125rem;\r\n      font-size:1rem;\r\n    }\r\n    .news-post #message-form-ad svg {\r\n      margin-right: 10px;\r\n    }\r\n  }\r\n<\/style>\r\n\r\n<div class=\"news-post\">\r\n  <div class=\"title news-ad-title\">Gostou do artigo e quer evoluir a sua advocacia?<\/div>\r\n  <p class=\"news-ad-subtitle\">Assine gr\u00e1tis a Aurum News e receba uma dose semanal de conte\u00fado no seu e-mail! \u270c\ufe0f<\/p>\r\n  <img decoding=\"async\" src=\"https:\/\/www.aurum.com.br\/blog\/wp-content\/themes\/aurum\/img\/icon-news-artigo.svg\" alt=\"\" class=\"icone\">\r\n\r\n  <form method=\"post\" name=\"newsletter-ad\" id=\"aurum-newsletter-ad\">\r\n    <div class=boxes>\r\n      <div class=\"input\">\r\n        <label class=\"label-email\" htmlFor=\"email-ad\">Qual seu e-mail?<\/label>\r\n        <input type=\"email\" id=\"email-ad\" name=\"newsletter-mail-ad\" placeholder=\"Digite seu e-mail?\">\r\n        <div class=\"error-message-ad-email\">Endere\u00e7o de e-mail inv\u00e1lido ou incorreto<\/div>\r\n\r\n        <label class=\"label-select\" htmlFor=\"lawsuits-select-ad\">\r\n          Quantos processos voc\u00ea ou<br class=\"for-desktop\"\/> seu escrit\u00f3rio acompanham?\r\n        <\/label>\r\n        <div id=\"lawsuits-select-ad\" class=\"lawsuits-select select-wrapper\" tabindex=\"0\">\r\n          <div class=\"s-dropdown--styled\">\r\n          <span class=\"lawsuits-default\">\r\n            <span id=\"lawsuits-newsletter-ad\" class=\"lawsuits-default-text\" data-value=\"\">Selecione os processos<\/span>\r\n            <svg class=\"chevron\" xmlns=\"http:\/\/www.w3.org\/2000\/svg\" width=\"24\" height=\"25\" viewBox=\"0 0 24 25\" fill=\"none\">\r\n              <path d=\"M6 15.6152L12 9.61523L18 15.6152\" stroke=\"black\" stroke-width=\"2\" stroke-linecap=\"round\" stroke-linejoin=\"round\" \/>\r\n            <\/svg>\r\n          <\/span>\r\n\r\n          <ul class=\"s-dropdown u-hide\">\r\n            <li class=\"lawsuits\" data-value=\"Mais de 1000 processos\">Mais de 1000 processos<\/li>\r\n            <li class=\"lawsuits\" data-value=\"De 501 a 1000 processos\">De 501 a 1000 processos<\/li>\r\n            <li class=\"lawsuits\" data-value=\"De 151 a 500 processos\">De 151 a 500 processos<\/li>\r\n            <li class=\"lawsuits\" data-value=\"De 41 a 150 processos\">De 41 a 150 processos<\/li>\r\n            <li class=\"lawsuits\" data-value=\"At\u00e9 40 processos\">At\u00e9 40 processos<\/li>\r\n            <li class=\"lawsuits\" data-value=\"Atuo apenas no consultivo\">Atuo apenas no consultivo<\/li>\r\n            <li class=\"lawsuits\" data-value=\"Ainda sou estudante de direito\">Ainda sou estudante de direito<\/li>\r\n            <li class=\"lawsuits\" data-value=\"N\u00e3o sou da \u00e1rea jur\u00eddica\">N\u00e3o sou da \u00e1rea jur\u00eddica<\/li>\r\n          <\/ul>\r\n          <\/div>\r\n        <\/div>\r\n        <div class=\"error-message-ad-lawsuits\">Selecione algum processo<\/div>\r\n      <\/div>\r\n      <button class=\"btn btn-yellow ad-btn-desktop\" id=\"aurum-submit-ad\">Assinar gr\u00e1tis<\/button>\r\n      <button class=\"btn btn-yellow ad-btn-mobile\" id=\"aurum-submit-ad\">Assinar<\/button>\r\n    <\/div>\r\n    <span class=\"news_button_span\">Ao se cadastrar voc\u00ea declara que leu e aceitou a pol\u00edtica de privacidade e cookies do <a href=\"https:\/\/s3.sa-east-1.amazonaws.com\/publico.aurum.com.br\/contratos\/politica-de-privacidade.pdf\" target=\"_blank\" rel=\"noopener noreferrer\">site<\/a>.<\/span>\r\n  <\/form>\r\n  <div id=\"message-form-ad\"><\/div>\r\n<\/div>\n\n\n<p><em>Gostou do texto? Ficou com alguma d\u00favida sobre o atraso de voo? Compartilhe com a gente nos coment\u00e1rios abaixo!<\/em><\/p>\n","protected":false},"excerpt":{"rendered":"<p>Atraso de voo \u00e9 uma situa\u00e7\u00e3o comum no Brasil, e todo passageiro tem direitos garantidos pela ANAC. A partir de 1 hora de atraso, a companhia a\u00e9rea deve oferecer meios de comunica\u00e7\u00e3o; com 2 horas, alimenta\u00e7\u00e3o adequada; e ap\u00f3s 4 horas, hospedagem e transporte, se necess\u00e1rio. Em atrasos superiores a 4 horas, o passageiro pode [&hellip;]<\/p>\n","protected":false},"author":131,"featured_media":34141,"comment_status":"open","ping_status":"open","sticky":false,"template":"","format":"standard","meta":{"_bbp_topic_count":0,"_bbp_reply_count":0,"_bbp_total_topic_count":0,"_bbp_total_reply_count":0,"_bbp_voice_count":0,"_bbp_anonymous_reply_count":0,"_bbp_topic_count_hidden":0,"_bbp_reply_count_hidden":0,"_bbp_forum_subforum_count":0,"inline_featured_image":false,"footnotes":""},"categories":[25],"tags":[],"class_list":["post-34140","post","type-post","status-publish","format-standard","has-post-thumbnail","hentry","category-direito-do-consumidor"],"acf":[],"_links":{"self":[{"href":"https:\/\/www.aurum.com.br\/blog\/wp-json\/wp\/v2\/posts\/34140","targetHints":{"allow":["GET"]}}],"collection":[{"href":"https:\/\/www.aurum.com.br\/blog\/wp-json\/wp\/v2\/posts"}],"about":[{"href":"https:\/\/www.aurum.com.br\/blog\/wp-json\/wp\/v2\/types\/post"}],"author":[{"embeddable":true,"href":"https:\/\/www.aurum.com.br\/blog\/wp-json\/wp\/v2\/users\/131"}],"replies":[{"embeddable":true,"href":"https:\/\/www.aurum.com.br\/blog\/wp-json\/wp\/v2\/comments?post=34140"}],"version-history":[{"count":19,"href":"https:\/\/www.aurum.com.br\/blog\/wp-json\/wp\/v2\/posts\/34140\/revisions"}],"predecessor-version":[{"id":34376,"href":"https:\/\/www.aurum.com.br\/blog\/wp-json\/wp\/v2\/posts\/34140\/revisions\/34376"}],"wp:featuredmedia":[{"embeddable":true,"href":"https:\/\/www.aurum.com.br\/blog\/wp-json\/wp\/v2\/media\/34141"}],"wp:attachment":[{"href":"https:\/\/www.aurum.com.br\/blog\/wp-json\/wp\/v2\/media?parent=34140"}],"wp:term":[{"taxonomy":"category","embeddable":true,"href":"https:\/\/www.aurum.com.br\/blog\/wp-json\/wp\/v2\/categories?post=34140"},{"taxonomy":"post_tag","embeddable":true,"href":"https:\/\/www.aurum.com.br\/blog\/wp-json\/wp\/v2\/tags?post=34140"}],"curies":[{"name":"wp","href":"https:\/\/api.w.org\/{rel}","templated":true}]}}