{"id":33156,"date":"2025-07-16T19:15:14","date_gmt":"2025-07-16T22:15:14","guid":{"rendered":"https:\/\/www.aurum.com.br\/blog\/?p=33156"},"modified":"2025-07-21T10:56:44","modified_gmt":"2025-07-21T13:56:44","slug":"principios-do-direito-internacional","status":"publish","type":"post","link":"https:\/\/www.aurum.com.br\/blog\/principios-do-direito-internacional\/","title":{"rendered":"Princ\u00edpios do Direito Internacional: entenda seus fundamentos"},"content":{"rendered":"<div id=\"bsf_rt_marker\"><\/div>\n<pre class=\"wp-block-preformatted\">Os <strong>princ\u00edpios do Direito Internacional P\u00fablico<\/strong> s\u00e3o normas fundamentais que orientam a forma\u00e7\u00e3o, a aplica\u00e7\u00e3o e a interpreta\u00e7\u00e3o das regras jur\u00eddicas internacionais. Compreendem tanto os princ\u00edpios gerais de direito, quanto os princ\u00edpios pr\u00f3prios da ordem internacional, estruturantes do sistema jur\u00eddico global, positivados em tratados, consolidados por costumes e dotados de valor normativo aut\u00f4nomo.&nbsp;&nbsp;<\/pre>\n\n\n\n<p>As fontes do Direito Internacional s\u00e3o os meios pelos quais se originam normas jur\u00eddicas aptas a regular as rela\u00e7\u00f5es entre os sujeitos desse ordenamento.&nbsp;<\/p>\n\n\n\n<p>O rol tradicional dessas fontes est\u00e1 previsto no artigo 38 do Estatuto da Corte Internacional de Justi\u00e7a (CIJ), cuja reda\u00e7\u00e3o foi herdada do Estatuto da antiga Corte Permanente de Justi\u00e7a Internacional (CPJI).<br><br>Esse dispositivo reconhece como fontes principais:&nbsp;<\/p>\n\n\n\n<ul class=\"wp-block-list\">\n<li>As conven\u00e7\u00f5es internacionais, baseadas no princ\u00edpio <em>pacta sunt servanda<\/em>;&nbsp;<\/li>\n\n\n\n<li>O costume internacional, entendido como pr\u00e1tica geral acompanhada da <em>opinio juris<\/em>;<\/li>\n\n\n\n<li>Os princ\u00edpios gerais de direito reconhecidos pelas na\u00e7\u00f5es civilizadas, aplic\u00e1veis, sobretudo, em hip\u00f3teses de lacuna normativa.<\/li>\n<\/ul>\n\n\n\n<p>Embora a express\u00e3o \u201cna\u00e7\u00f5es civilizadas\u201d reflita o contexto hist\u00f3rico da d\u00e9cada de 1920, ela indica que tais princ\u00edpios s\u00e3o extra\u00eddos dos fundamentos jur\u00eddicos internos dos Estados. Por esse motivo, distinguem-se dos princ\u00edpios que derivam da pr\u00e1tica internacional e integram a estrutura normativa aut\u00f4noma do Direito Internacional P\u00fablico.<\/p>\n\n\n\n<p>Al\u00e9m dessas fontes principais, o Art. 38 menciona a jurisprud\u00eancia e a doutrina como meios auxiliares para a determina\u00e7\u00e3o das regras aplic\u00e1veis, exercendo fun\u00e7\u00f5es interpretativas e sistematizadas.<\/p>\n\n\n\n<p>Reconhece-se, ainda no plano contempor\u00e2neo, a exist\u00eancia de fontes n\u00e3o expressamente previstas nesse artigo, como os atos unilaterais dos Estados e as decis\u00f5es de organiza\u00e7\u00f5es internacionais, cuja for\u00e7a obrigat\u00f3ria depender\u00e1 de suas formas e do contexto normativo em que se inserem.<\/p>\n\n\n\n<p>Nesse cen\u00e1rio de pluralidade e complexidade normativa, os princ\u00edpios desempenham papel central, seja na condi\u00e7\u00e3o de <strong>princ\u00edpios gerais de direito<\/strong>, extra\u00eddos da experi\u00eancia jur\u00eddica comparada, seja enquanto <strong>princ\u00edpios do pr\u00f3prio Direito Internacional P\u00fablico<\/strong>, dotados de valor normativo aut\u00f4nomo e reconhecidos como fundamentos estruturantes da ordem jur\u00eddica internacional.&nbsp;<\/p>\n\n\n\n<p>Neste texto tenho o objetivo de analisar essas duas categorias, distinguindo suas naturezas, fun\u00e7\u00f5es e implica\u00e7\u00f5es.<\/p>\n\n\n\n<p>Continue a leitura! \ud83d\ude09<\/p>\n\n\n\n<h2 class=\"wp-block-heading\">Os princ\u00edpios gerais de direito como fonte do Direito Internacional P\u00fablico:<\/h2>\n\n\n\n<p>Os princ\u00edpios gerais de direito figuram como uma das fontes formais do Direito Internacional P\u00fablico, conforme previsto no artigo 38, al\u00ednea \u201cc\u201d, do Estatuto da Corte Internacional de Justi\u00e7a (CIJ), o qual autoriza a aplica\u00e7\u00e3o: \u201cdos princ\u00edpios gerais de direito reconhecidos pelas na\u00e7\u00f5es civilizadas\u201d.&nbsp;<\/p>\n\n\n\n<p>Tal disposi\u00e7\u00e3o, herdada do Estatuto da Corte Permanente de Justi\u00e7a Internacional (CPJI), reflete a preocupa\u00e7\u00e3o em evitar o <em>non liquet <\/em>\u2013 isto \u00e9, a recusa da jurisdi\u00e7\u00e3o por aus\u00eancia de norma aplic\u00e1vel \u2013 em um sistema jur\u00eddico internacional ainda marcado pela aus\u00eancia de codifica\u00e7\u00e3o completa.&nbsp;<\/p>\n\n\n\n<p>O objetivo original era assegurar que, mesmo diante da inexist\u00eancia de normas convencionais, a Corte pudesse se apoiar em fundamentos comuns aos ordenamentos nacionais, amplamente aceitos pela comunidade internacional.&nbsp;<\/p>\n\n\n\n<p>Diferentemente dos tratados e do costume, os princ\u00edpios gerais de direito <strong>n\u00e3o derivam da pr\u00e1tica internacional<\/strong><em> <\/em><strong>em si<\/strong><strong><em>, <\/em><\/strong><strong>mas resultam da transposi\u00e7\u00e3o de conceitos jur\u00eddicos fundamentais compartilhados por sistemas nacionais <\/strong>para o plano internacional.&nbsp;<\/p>\n\n\n\n<p>Epistemologicamente, configuram-se como uma fonte subsidi\u00e1ria, a ser aplicada na aus\u00eancia de disposi\u00e7\u00f5es convencionais ou costumeiras adequadas.&nbsp;<\/p>\n\n\n\n<p>A jurisprud\u00eancia da CIJ confirmou essa fun\u00e7\u00e3o integrativa dos princ\u00edpios gerais de direito em diversas ocasi\u00f5es. No caso de Corfu Channel (Reino Unido v. Alb\u00e2nia, 1949),<strong> <\/strong>a Corte, diante da aus\u00eancia de norma convencional espec\u00edfica, afirmou que todo Estado tem o dever de n\u00e3o permitir, conscientemente, que seu territ\u00f3rio seja utilizado de forma prejudicial aos direitos de outros Estados, reconhecendo a aplica\u00e7\u00e3o de princ\u00edpios como a boa-f\u00e9 e a responsabilidade internacional do Estado, com base em fundamentos jur\u00eddicos comuns aos ordenamentos.<\/p>\n\n\n\n<h2 class=\"wp-block-heading\">Crit\u00e9rios de identifica\u00e7\u00e3o do Direito Internacional<\/h2>\n\n\n\n<p>De acordo com Hildebrando Accioly, princ\u00edpios gerais de direito, uma vez aceitos pela <em>opinio juris,<\/em> ou seja, <strong>aceitos como necess\u00e1rios e justos e, por isso, jur\u00eddicos, assumem as caracter\u00edsticas de costume internacional.&nbsp;<\/strong><\/p>\n\n\n\n<p>Tal fen\u00f4meno demonstra que, embora derivados de elementos normativos comuns aos ordenamentos internos, esses princ\u00edpios podem tamb\u00e9m se consolidar no plano internacional como regras de direito consuetudin\u00e1rio.&nbsp;<\/p>\n\n\n\n<p>O Estatuto da CIJ n\u00e3o apresenta um rol fechado desses princ\u00edpios, raz\u00e3o pela qual doutrina e jurisprud\u00eancia sugerem crit\u00e9rios cumulativos para sua identifica\u00e7\u00e3o como fonte do Direito Internacional:&nbsp;<\/p>\n\n\n\n<ul class=\"wp-block-list\">\n<li><strong>Universalidade ou ampla aceita\u00e7\u00e3o<\/strong> entre os sistemas jur\u00eddicos nacionais;<\/li>\n\n\n\n<li><strong>Generalidade e abstra\u00e7\u00e3o<\/strong> suficiente para permitir aplica\u00e7\u00e3o al\u00e9m do contexto nacional;<\/li>\n\n\n\n<li><strong>Compatibilidade com os valores fundamentais<\/strong> da ordem jur\u00eddica internacional contempor\u00e2nea.&nbsp;<\/li>\n<\/ul>\n\n\n\n<p>\u00c9 fundamental distinguir tais princ\u00edpios dos princ\u00edpios pr\u00f3prios do Direito Internacional P\u00fablico, que emergem diretamente da pr\u00e1tica internacional e muitas vezes assumem status de <em>jus cogens \u2013 <\/em>como ser\u00e1 examinado adiante.&nbsp;<\/p>\n\n\n\n<p>Enquanto os princ\u00edpios gerais de direito suprem lacunas com base na experi\u00eancia jur\u00eddica interna dos Estados, os princ\u00edpios do Direito Internacional constituem elementos estruturantes da pr\u00f3pria ordem jur\u00eddica internacional.&nbsp;<\/p>\n\n\n\n<h2 class=\"wp-block-heading\">Exemplos, cr\u00edticas e relev\u00e2ncia contempor\u00e2nea dos Princ\u00edpios do Direito Internacional<\/h2>\n\n\n\n<p>Exemplos recorrentes de princ\u00edpios gerais de direito reconhecidos por doutrina e jurisprud\u00eancia internacional incluem:&nbsp;<\/p>\n\n\n\n<ul class=\"wp-block-list\">\n<li>Boa-f\u00e9;<\/li>\n\n\n\n<li>Prote\u00e7\u00e3o da dignidade da pessoa humana;<\/li>\n\n\n\n<li><em>Pacta sunt servanda;<\/em><\/li>\n\n\n\n<li>Devido Processo Legal;<\/li>\n\n\n\n<li>Possibilidade de Prescri\u00e7\u00e3o;<\/li>\n\n\n\n<li>Obriga\u00e7\u00e3o de repara\u00e7\u00e3o por quem cause um dano;<\/li>\n\n\n\n<li>Veda\u00e7\u00e3o do abuso de direito.&nbsp;<\/li>\n\n\n\n<li>Responsabilidade civil e repara\u00e7\u00e3o de danos;<\/li>\n\n\n\n<li>Equidade e proporcionalidade<\/li>\n\n\n\n<li>Proibi\u00e7\u00e3o de enriquecimento sem causa;<\/li>\n<\/ul>\n\n\n\n<p>Apesar de sua import\u00e2ncia hist\u00f3rica, essa categoria \u00e9 alvo de cr\u00edticas na doutrina contempor\u00e2nea, sobretudo por sua <strong>imprecis\u00e3o conceitual e pelo risco de transplante for\u00e7ado de categorias jur\u00eddicas dom\u00e9sticas <\/strong>ao plano internacional.&nbsp;<\/p>\n\n\n\n<p>Al\u00e9m disso, a express\u00e3o \u201cna\u00e7\u00f5es civilizadas\u201d, ainda constante no texto do art. 38, \u00e9 objeto de censura por seu vi\u00e9s euroc\u00eantrico e anacr\u00f4nico, refletindo o contexto geopol\u00edtico da d\u00e9cada de 1920.&nbsp;<\/p>\n\n\n<style>\r\n  .anuncios-post-astrea-security {\r\n    display: flex;\r\n    gap: 24px;\r\n    justify-content: space-between;\r\n    align-items: center;\r\n    border-radius: 16px;\r\n    border: none;\r\n    \/* background: #D7EAED; *\/\r\n    background: #CCECFA;\r\n    padding: 24px;\r\n    margin: 1rem 0;\r\n    max-width: 640px;\r\n  }\r\n\r\n  #s-post .anuncios-post-astrea-security .adpost-astrea-security-image {\r\n    margin: auto;\r\n    width: 207px;\r\n    min-width: 207px;\r\n    height: 203px;\r\n    \/* background: green; *\/\r\n    border-radius: 16px;\r\n  }\r\n\r\n  .anuncios-post-astrea-security .subtext {\r\n    display: block;\r\n  }\r\n\r\n  #s-post main article .content .anuncios-post-astrea-security .img-destaque {\r\n    object-fit: cover;\r\n    width: 180px;\r\n    margin: 0;\r\n  }\r\n  #s-post main article .content .anuncios-post-astrea-security i.icon-container img {\r\n    margin: 0;\r\n  }\r\n\r\n  .anuncios-post-astrea-security .textos .icon-container {\r\n    max-width: 89px;\r\n    margin-bottom: 8px;\r\n    display: block;\r\n  }\r\n  .anuncios-post-astrea-security .title {\r\n    font-weight: 600;\r\n    font-size: 21px;\r\n    line-height: 140%;\r\n    color: #000000;\r\n    margin-bottom: 16px;\r\n  }\r\n  .anuncios-post-astrea-security .subtext {\r\n    display: block;\r\n    font-weight: 400;\r\n    font-size: 14px;\r\n    line-height: 160%;\r\n    color: #272727;\r\n    text-align: left;\r\n    margin-bottom: 16px;\r\n  }\r\n  #s-post main article .content .anuncios-post-astrea-security .botao {\r\n    \/* background: #004773; *\/\r\n    background: #307ACB;\r\n    border-radius: 4px;\r\n    padding: 12px 32px;\r\n    display: inline-block;\r\n    text-decoration: none !important;\r\n    color: #FFFFFF !important;\r\n    font-size: 14px;\r\n    font-weight: 700;\r\n  }\r\n  .anuncios-post-astrea-security .botao:hover {\r\n    filter: opacity(0.9);\r\n  }\r\n  \/**********\r\n  * TABLET\r\n  ***********\/\r\n  \/* @media (max-width: 1310px) and (min-width: 800px) {\r\n    .anuncios-post-astrea-security .title {\r\n      font-size: 18px;\r\n    }\r\n  } *\/\r\n\r\n  @media (max-width: 800px) {\r\n    \/* .anuncios-post-astrea-security .title {\r\n      font-size: 16px;\r\n    }\r\n\r\n    .anuncios-post-astrea-security .subtext {\r\n      font-size: 12px;\r\n    } *\/\r\n\r\n    \/* #s-post main article .content .anuncios-post-astrea-security .botao {\r\n      font-size: 12px;\r\n    } *\/\r\n\r\n   #s-post .anuncios-post-astrea-security .adpost-astrea-security-image {\r\n        width: 180px;\r\n        min-width: 180px;\r\n        height: 176px;\r\n    }\r\n  }\r\n\r\n  \/* @media (max-width: 700px) { *\/\r\n  @media (max-width: 500px) {\r\n    .anuncios-post-astrea-security {\r\n        flex-direction: column-reverse;\r\n        gap: 0;\r\n    }\r\n\r\n    .anuncios-post-astrea-security .textos {\r\n        display: flex;\r\n        flex-direction: column;\r\n        align-items: center;\r\n    }\r\n\r\n    .anuncios-post-astrea-security .title {\r\n        text-align: center;\r\n    }\r\n\r\n    .anuncios-post-astrea-security .subtext {\r\n        text-align: center;\r\n    }\r\n\r\n    #s-post main article .content .anuncios-post-astrea-security .img-destaque {\r\n        width: 195px;\r\n        height: 180px;\r\n        margin-bottom: 16px;\r\n    }\r\n  \/* } *\/\r\n\r\n  \/* @media (max-width: 500px) { *\/\r\n    \/* .anuncios-post-astrea-security .title {\r\n      font-size: 18px;\r\n    }\r\n\r\n    .anuncios-post-astrea-security .subtext {\r\n      font-size: 14px;\r\n    } *\/\r\n\r\n    #s-post main article .content .anuncios-post-astrea-security .botao {\r\n      font-size: 14px;\r\n      width: 100%;\r\n      text-align: center;\r\n    }\r\n\r\n\r\n    #s-post .anuncios-post-astrea-security .adpost-astrea-security-image {\r\n      width: 100%;\r\n      height: auto;\r\n      margin-bottom: 16px;\r\n    }\r\n  }\r\n<\/style>\r\n\r\n<div class=\"anuncios-post-astrea-security\">\r\n    <div class=\"textos\">\r\n        <div class=\"title\">\r\n          O pr\u00f3ximo ano pode ser mais leve com o Astrea\r\n        <\/div>\r\n        <div class=\"subtext\">\r\n          <span>\r\n            Comece 2026 com mais tempo, controle e tranquilidade na sua advocacia\r\n          <\/span>\r\n          <!-- <span class=\"mobile\">\r\n            O Astrea otimiza a gest\u00e3o jur\u00eddica do seu escrit\u00f3rio para voc\u00ea ter mais tempo e tranquilidade.\r\n          <\/span> -->\r\n        <\/div>\r\n            <a class=\"botao\" data-gtm-custom=\"anuncio-post-btn\" href=\"https:\/\/www.aurum.com.br\/astrea?utm_source=blog&#038;utm_medium=adpost&#038;utm_campaign=campanha_2026\" target=\"_blank\">Experimentar gr\u00e1tis<\/a>\r\n        <\/div>\r\n    <img decoding=\"async\" src=\"https:\/\/www.aurum.com.br\/blog\/wp-content\/themes\/aurum\/img\/adpost-astrea-2026.png\" alt=\"\" class=\"adpost-astrea-security-image\">\r\n    <!-- <div class=\"adpost-astrea-security-image\"><\/div> -->\r\n\r\n<\/div>\n\n\n<h2 class=\"wp-block-heading\">Os Princ\u00edpios estruturantes do Direito Internacional P\u00fablico<\/h2>\n\n\n\n<p>No sistema jur\u00eddico internacional contempor\u00e2neo, certos princ\u00edpios adquirem natureza fundante, funcionando como pilares da conviv\u00eancia pac\u00edfica entre os Estados e da estabilidade normativa da sociedade internacional.&nbsp;<\/p>\n\n\n\n<p>Dotados de elevado grau de reconhecimento, muitos desses princ\u00edpios refletem obriga\u00e7\u00f5es <em>erga omnes <\/em>\u2013 exig\u00edveis frente a todos os Estados \u2013 ou assumem status de normas imperativas de direito internacional geral (<em>jus cogens), <\/em>que n\u00e3o admitem derroga\u00e7\u00e3o por conven\u00e7\u00e3o entre as partes (art. 53 da Conven\u00e7\u00e3o de Viena sobre o Direito dos Tratados).<\/p>\n\n\n\n<p>Diferentemente dos princ\u00edpios gerais de direito, que t\u00eam origem nos sistemas jur\u00eddicos internos e s\u00e3o transpostos ao plano internacional, os princ\u00edpios do Direito Internacional P\u00fablico<strong> derivam diretamente da pr\u00f3pria pr\u00e1tica e estrutura normativa da ordem internacional, com base em tratados universais,<\/strong> <strong>costumes consolidados, <\/strong>pr\u00e1tica reiterada acompanhada de <em>opinio juris, <\/em>e decis\u00f5es das principais inst\u00e2ncias jurisdicionais internacionais.&nbsp;<\/p>\n\n\n\n<p>Muitos desses princ\u00edpios est\u00e3o positivados nos artigos 1\u00ba e 2\u00ba da Carta das Na\u00e7\u00f5es Unidas, e foram posteriormente consolidados em instrumentos como a Resolu\u00e7\u00e3o 2625 (XXV) da Assembleia Geral da ONU, de 1970, intitulada <em>Declara\u00e7\u00e3o sobre os Princ\u00edpios de Direito Internacional Relativos \u00e0s Rela\u00e7\u00f5es de Amizade e \u00e0 Coopera\u00e7\u00e3o entre os Estados<\/em>.&nbsp;<\/p>\n\n\n\n<p>Essa resolu\u00e7\u00e3o representa um marco no processo de codifica\u00e7\u00e3o dos princ\u00edpios estruturantes do Direito Internacional e contribuiu significativamente para a amplia\u00e7\u00e3o de sua legitimidade, especialmente entre os Estados rec\u00e9m-independentes e os pa\u00edses em desenvolvimento.&nbsp;<\/p>\n\n\n\n<h3 class=\"wp-block-heading\">Soberania dos Estados e igualdade soberana<\/h3>\n\n\n\n<p>A soberania estatal \u00e9<strong> princ\u00edpio fundacional do Direito Internacional<\/strong>, significando que cada Estado exerce autoridade plena e exclusiva sobre seu territ\u00f3rio e popula\u00e7\u00e3o, sem subordina\u00e7\u00e3o a qualquer autoridade superior.&nbsp;<\/p>\n\n\n\n<p>Dela decorrem prerrogativas como a <strong>autonomia normativa e decis\u00f3ria, <\/strong>o <strong>dom\u00ednio sobre os recursos naturais, a imunidade de jurisdi\u00e7\u00e3o e a capacidade de se vincular internacionalmente.&nbsp;&nbsp;<\/strong><\/p>\n\n\n\n<p>A igualdade soberana, por sua vez, est\u00e1 consagrada no artigo 2(1) da Carta da ONU e implica que todos os Estados, independentemente de seu poder econ\u00f4mico ou militar, possuem igualdade jur\u00eddica formal no plano internacional. A CIJ tem reiteradamente reconhecido esse princ\u00edpio como base da sua jurisdi\u00e7\u00e3o e das obriga\u00e7\u00f5es internacionais entre os Estados.&nbsp;<\/p>\n\n\n\n<h3 class=\"wp-block-heading\">N\u00e3o interven\u00e7\u00e3o nos assuntos internos&nbsp;<\/h3>\n\n\n\n<p>Corol\u00e1rio direto da soberania, o <strong>princ\u00edpio da n\u00e3o interven\u00e7\u00e3o pro\u00edbe que um Estado interfira nos assuntos internos ou externos de outro,<\/strong> especialmente em mat\u00e9ria de organiza\u00e7\u00e3o pol\u00edtica, econ\u00f4mica, social ou cultural.&nbsp;<\/p>\n\n\n\n<p>Est\u00e1 presente no artigo 2(7) da Carta da ONU e foi amplamente reafirmado pela Resolu\u00e7\u00e3o 2625 (XXV), que estabelece que nenhuma interven\u00e7\u00e3o armada ou amea\u00e7a de for\u00e7a pode ser justificada sob pretextos pol\u00edticos, ideol\u00f3gicos ou econ\u00f4micos.&nbsp;<\/p>\n\n\n\n<h3 class=\"wp-block-heading\">Proibi\u00e7\u00e3o do uso da for\u00e7a<\/h3>\n\n\n\n<p>A proibi\u00e7\u00e3o de amea\u00e7a ou do uso da for\u00e7a nas rela\u00e7\u00f5es internacionais \u00e9 uma das pedras angulares do sistema das Na\u00e7\u00f5es Unidas, <strong>prevista no artigo 2(4) da Carta<\/strong>. Segundo a norma:&nbsp;<\/p>\n\n\n\n<blockquote class=\"wp-block-quote is-layout-flow wp-block-quote-is-layout-flow\">\n<p><em>Todos os membros dever\u00e3o evitar em suas rela\u00e7\u00f5es internacionais a amea\u00e7a ou o uso da for\u00e7a contra a integridade territorial ou a depend\u00eancia pol\u00edtica de qualquer Estado, ou qualquer outra a\u00e7\u00e3o incompat\u00edvel com os prop\u00f3sitos das Na\u00e7\u00f5es Unidas\u201d.<\/em><\/p>\n<\/blockquote>\n\n\n\n<p>Esse princ\u00edpio admite exce\u00e7\u00f5es estritamente delimitadas:&nbsp;<\/p>\n\n\n\n<ul class=\"wp-block-list\">\n<li><strong>Legitima defesa individual ou coletiva, <\/strong>conforme o artigo 51 da Carta da ONU;&nbsp;<\/li>\n\n\n\n<li><strong>A\u00e7\u00e3o coercitiva autorizada pelo Conselho de Seguran\u00e7a, <\/strong>nos termos do Cap\u00edtulo VII da Carta da ONU.&nbsp;&nbsp;<\/li>\n<\/ul>\n\n\n\n<h3 class=\"wp-block-heading\">Autodetermina\u00e7\u00e3o dos povos<\/h3>\n\n\n\n<p>A autodetermina\u00e7\u00e3o dos povos \u00e9 o direito de todos os povos a <strong>decidirem livremente seu status pol\u00edtico e promoverem seu desenvolvimento econ\u00f4mico, social e cultural<\/strong>. A base jur\u00eddica encontra-se nos artigos 1(2) e 55 da Carta da ONU, bem como no artigo 1 comum aos Pactos Internacionais de 1966 (PIDCP e PIDESC).&nbsp;<\/p>\n\n\n\n<p>Esse princ\u00edpio teve aplica\u00e7\u00e3o concreta no contexto do processo de descoloniza\u00e7\u00e3o, mas evoluiu para abranger tamb\u00e9m a proibi\u00e7\u00e3o de domina\u00e7\u00e3o estrangeira ou ocupa\u00e7\u00e3o militar e o reconhecimento do direito de grupos oprimidos a resistirem a formas ileg\u00edtimas de domina\u00e7\u00e3o, al\u00e9m da exig\u00eancia de governos baseados no consentimento dos povos.&nbsp;<\/p>\n\n\n\n<h3 class=\"wp-block-heading\">Solu\u00e7\u00e3o pac\u00edfica de controv\u00e9rsias&nbsp;<\/h3>\n\n\n\n<p>Previsto no artigo 2(3) da Carta da ONU e detalhado no Cap\u00edtulo VI, o princ\u00edpio da solu\u00e7\u00e3o pac\u00edfica das controv\u00e9rsias<strong> obriga os Estados a resolverem suas disputas por meios n\u00e3o violentos,<\/strong> com vistas \u00e0 manuten\u00e7\u00e3o da paz e da seguran\u00e7a internacional.&nbsp;<\/p>\n\n\n\n<p>Entre os meios reconhecidos, destacam-se:&nbsp;<\/p>\n\n\n\n<ul class=\"wp-block-list\">\n<li>Negocia\u00e7\u00e3o direta;<\/li>\n\n\n\n<li>media\u00e7\u00e3o e bons of\u00edcios;<\/li>\n\n\n\n<li>Arbitragem internacional;<\/li>\n\n\n\n<li>Jurisdi\u00e7\u00e3o contenciosa perante a CIJ.&nbsp;<\/li>\n<\/ul>\n\n\n\n<p>Esse princ\u00edpio \u00e9 reafirmado em declara\u00e7\u00f5es como a Declara\u00e7\u00e3o de Manila (1982), e \u00e9 um dos fundamentos operacionais do sistema multilateral de seguran\u00e7a coletiva das Na\u00e7\u00f5es Unidas.<\/p>\n\n\n\n<h3 class=\"wp-block-heading\">Coopera\u00e7\u00e3o Internacional<\/h3>\n\n\n\n<p>A coopera\u00e7\u00e3o internacional \u00e9 um princ\u00edpio que emergiu com for\u00e7a no p\u00f3s-guerra, especialmente diante da crescente interdepend\u00eancia entre os Estados. A Carta da ONU, em seus artigos 1(3) e 55, estabelece a<strong> promo\u00e7\u00e3o da coopera\u00e7\u00e3o como uma das finalidades da Organiza\u00e7\u00e3o<\/strong>, abrangendo ideias como desenvolvimento econ\u00f4mico e social, prote\u00e7\u00e3o ambiental, sa\u00fade p\u00fablica global e promo\u00e7\u00e3o aos direitos humanos.<\/p>\n\n\n\n<p>Esse princ\u00edpio sustenta juridicamente diversos tratados multilaterais contempor\u00e2neos (como o Acordo de Paris sobre o clima) e orienta a atua\u00e7\u00e3o de organiza\u00e7\u00f5es como a OMS no enfrentamento a pandemias.&nbsp;<\/p>\n\n\n\n<h2 class=\"wp-block-heading\">Conclus\u00e3o<\/h2>\n\n\n\n<p>A an\u00e1lise dos princ\u00edpios no Direito Internacional P\u00fablico revela a complexidade e a sofistica\u00e7\u00e3o da arquitetura normativa internacional.&nbsp;<\/p>\n\n\n\n<p>Em um sistema juridicamente descentralizado, sem legislador universal, nem aparato coercitivo centralizado, os princ\u00edpios desempenham papel essencial na estrutura\u00e7\u00e3o, integra\u00e7\u00e3o e interpreta\u00e7\u00e3o do ordenamento jur\u00eddico internacional.<\/p>\n\n\n\n<p>Os princ\u00edpios gerais de direito, previstos no artigo 38, al\u00ednea \u2018c\u2019, do Estatuto da Corte Internacional de Justi\u00e7a, cumprem fun\u00e7\u00e3o subsidi\u00e1ria e supletiva, permitindo que lacunas normativas sejam supridas por normas extra\u00eddas da experi\u00eancia jur\u00eddica comum dos Estados.&nbsp;<\/p>\n\n\n\n<p>Apesar de cr\u00edticas quanto \u00e0 sua vaguidade conceitual e \u00e0 origem hist\u00f3rica marcada por vi\u00e9s euroc\u00eantrico, esses princ\u00edpios continuam sendo reconhecidos como fonte formal do Direito Internacional, sobretudo em \u00e1reas de menor codifica\u00e7\u00e3o normativa.<\/p>\n\n\n\n<p>Em contraste, os princ\u00edpios do pr\u00f3prio Direito Internacional P\u00fablico \u2013 como a soberania dos Estados, n\u00e3o interven\u00e7\u00e3o, proibi\u00e7\u00e3o do uso da for\u00e7a, solu\u00e7\u00e3o pac\u00edfica de controv\u00e9rsias e autodetermina\u00e7\u00e3o dos povos \u2013 exercem fun\u00e7\u00e3o estruturante da ordem internacional contempor\u00e2nea.&nbsp;<\/p>\n\n\n\n<p>S\u00e3o normas que, em muitos casos, integram o n\u00facleo duro do sistema internacional, gozando de status de <em>jus cogens <\/em>e gerando obriga\u00e7\u00f5es <em>erga <\/em>omnes, sendo, portanto, inderrog\u00e1veis e opon\u00edveis universalmente.&nbsp;<\/p>\n\n\n\n<p>A distin\u00e7\u00e3o entre essas duas categorias, embora por vezes sutil, \u00e9 essencial para a compreens\u00e3o do funcionamento do sistema internacional.&nbsp;<\/p>\n\n\n\n<p>Enquanto os princ\u00edpios gerais do direito refor\u00e7am a completude e a coer\u00eancia interna do ordenamento, os princ\u00edpios estruturantes atuam como fundamentos de legitimidade normativa, crit\u00e9rios de responsabilidade internacional e vetores de transforma\u00e7\u00e3o progressiva do Direito Internacional.&nbsp;<\/p>\n\n\n\n<p>Compreender os princ\u00edpios aplic\u00e1veis em Direito Internacional \u00e9, portanto, mais do que identificar suas fontes: \u00e9 entender os valores normativos que orientam a comunidade internacional e os mecanismos pelos quais o Direito se adapta a uma realidade em constante transforma\u00e7\u00e3o \u2013 marcada por assimetrias de poder, multiplica\u00e7\u00e3o de atores e pela tens\u00e3o permanente entre soberania estatal e solidariedade internacional.&nbsp;<\/p>\n\n\n<style>\r\n  .news-post {\r\n    background: url('https:\/\/www.aurum.com.br\/blog\/wp-content\/themes\/aurum\/img\/bg-news-artigo.svg') no-repeat top center #3C48AA;\r\n    padding: 1.5rem;\r\n    border-radius: 6px;\r\n    margin: 1rem 0;\r\n  }\r\n  .news-post .icone {\r\n    display: none;\r\n  }\r\n  .news-post .title {\r\n    font-weight: 700;\r\n    font-size: 16px;\r\n    line-height: 130%;\r\n    text-align: center;\r\n    letter-spacing: -0.5px;\r\n    color: #fff;\r\n    margin-bottom: .9375rem;\r\n  }\r\n  .news-post p {\r\n    font-size: .875rem;\r\n    line-height: 140%;\r\n    text-align: center;\r\n    color: #fff;\r\n    margin-bottom: 1.25rem;\r\n  }\r\n  .news-post .news_button_span {\r\n    font-size: .8125rem;\r\n    display: block;\r\n    padding: .125rem .3125rem;\r\n    color: #fff;\r\n    text-align:left;\r\n  }\r\n  .news-post .news_button_span a {\r\n    color: #fff !important;\r\n    text-decoration: underline;\r\n  }\r\n  .news-post form {\r\n    width: 100%;\r\n  }\r\n  .news-post label {\r\n    font-weight: 600;\r\n    font-size: .9375rem;\r\n    line-height: 1.5rem;\r\n    margin-bottom: .5rem;\r\n    color: #fff;\r\n    display: block;\r\n  }\r\n  .news-post input {\r\n    background: #fff;\r\n    border: 1px solid #CBCBD9;\r\n    box-sizing: border-box;\r\n    border-radius: 4px;\r\n    padding: .75rem 1rem;\r\n    width: 100%;\r\n  }\r\n  .news-post button {\r\n    margin-top: .875rem;\r\n    width: 100%;\r\n    min-width: auto;\r\n    background: #FCC632;\r\n    color: #3C48AA;\r\n  }\r\n  .news-post .input {\r\n    position: relative;\r\n    padding-bottom: 10px;\r\n  }\r\n  .news-post .error-message-ad {\r\n    font-size: .875rem;\r\n    line-height: 130%;\r\n    color: #D50021;\r\n    margin-left: 4px;\r\n  }\r\n  .news-post .error {\r\n    border: 1px solid #D50021;\r\n  }\r\n  .news-post #message-form-ad {\r\n    border-radius: 4px;\r\n    padding: 0.7rem;\r\n    font-size:0.8rem;\r\n    text-align: center;\r\n    align-items: center;\r\n    justify-content: center;\r\n    display: none;\r\n  }\r\n  .news-post #message-form-ad svg {\r\n    margin-right: 8px;\r\n  }\r\n\r\n  @media(min-width: 561px) {\r\n    .news-post {\r\n      position: relative;\r\n      background: url('https:\/\/www.aurum.com.br\/blog\/wp-content\/themes\/aurum\/img\/bg-news-artigo.svg') no-repeat top center #3C48AA;\r\n      width: calc(100% - 30px);\r\n    }\r\n    .news-post .icone {\r\n      display: block;\r\n      position: absolute;\r\n      right: -30px;\r\n      top: 65px;\r\n      max-width: 142px;\r\n      width: 100%;\r\n      height: auto;\r\n      margin: 0;\r\n    }\r\n    .news-post .title {\r\n      font-size: 1.125rem;\r\n      text-align: left;\r\n      \/* padding-right: 3.75rem; *\/\r\n    }\r\n    .news-post p {\r\n      font-size: 1rem;\r\n      text-align: left;\r\n      max-width: 400px;\r\n    }\r\n    .news-post .boxes {\r\n      display: flex;\r\n      align-items: flex-start;\r\n    }\r\n    .news-post button {\r\n      margin: 0 0 0 1rem;\r\n      width: 100%;\r\n      max-width: 170px;\r\n      min-width: auto;\r\n      transition: all ease .3s\r\n    }\r\n    .news-post button:hover {\r\n      opacity: 0.9;\r\n      transition: all ease .3s\r\n    }\r\n    .news-post #message-form-ad {\r\n      padding: 1.125rem;\r\n      font-size:1rem;\r\n    }\r\n    .news-post #message-form-ad svg {\r\n      margin-right: 10px;\r\n    }\r\n  }\r\n<\/style>\r\n\r\n<div class=\"news-post\">\r\n  <div class=\"title news-ad-title\">Gostou do artigo e quer evoluir a sua advocacia?<\/div>\r\n  <p class=\"news-ad-subtitle\">Assine gr\u00e1tis a Aurum News e receba uma dose semanal de conte\u00fado no seu e-mail! \u270c\ufe0f<\/p>\r\n  <img decoding=\"async\" src=\"https:\/\/www.aurum.com.br\/blog\/wp-content\/themes\/aurum\/img\/icon-news-artigo.svg\" alt=\"\" class=\"icone\">\r\n\r\n  <form method=\"post\" name=\"newsletter-ad\" id=\"aurum-newsletter-ad\">\r\n    <div class=boxes>\r\n      <div class=\"input\">\r\n        <label class=\"label-email\" htmlFor=\"email-ad\">Qual seu e-mail?<\/label>\r\n        <input type=\"email\" id=\"email-ad\" name=\"newsletter-mail-ad\" placeholder=\"Digite seu e-mail?\">\r\n        <div class=\"error-message-ad-email\">Endere\u00e7o de e-mail inv\u00e1lido ou incorreto<\/div>\r\n\r\n        <label class=\"label-select\" htmlFor=\"lawsuits-select-ad\">\r\n          Quantos processos voc\u00ea ou<br class=\"for-desktop\"\/> seu escrit\u00f3rio acompanham?\r\n        <\/label>\r\n        <div id=\"lawsuits-select-ad\" class=\"lawsuits-select select-wrapper\" tabindex=\"0\">\r\n          <div class=\"s-dropdown--styled\">\r\n          <span class=\"lawsuits-default\">\r\n            <span id=\"lawsuits-newsletter-ad\" class=\"lawsuits-default-text\" data-value=\"\">Selecione os processos<\/span>\r\n            <svg class=\"chevron\" xmlns=\"http:\/\/www.w3.org\/2000\/svg\" width=\"24\" height=\"25\" viewBox=\"0 0 24 25\" fill=\"none\">\r\n              <path d=\"M6 15.6152L12 9.61523L18 15.6152\" stroke=\"black\" stroke-width=\"2\" stroke-linecap=\"round\" stroke-linejoin=\"round\" \/>\r\n            <\/svg>\r\n          <\/span>\r\n\r\n          <ul class=\"s-dropdown u-hide\">\r\n            <li class=\"lawsuits\" data-value=\"Mais de 1000 processos\">Mais de 1000 processos<\/li>\r\n            <li class=\"lawsuits\" data-value=\"De 501 a 1000 processos\">De 501 a 1000 processos<\/li>\r\n            <li class=\"lawsuits\" data-value=\"De 151 a 500 processos\">De 151 a 500 processos<\/li>\r\n            <li class=\"lawsuits\" data-value=\"De 41 a 150 processos\">De 41 a 150 processos<\/li>\r\n            <li class=\"lawsuits\" data-value=\"At\u00e9 40 processos\">At\u00e9 40 processos<\/li>\r\n            <li class=\"lawsuits\" data-value=\"Atuo apenas no consultivo\">Atuo apenas no consultivo<\/li>\r\n            <li class=\"lawsuits\" data-value=\"Ainda sou estudante de direito\">Ainda sou estudante de direito<\/li>\r\n            <li class=\"lawsuits\" data-value=\"N\u00e3o sou da \u00e1rea jur\u00eddica\">N\u00e3o sou da \u00e1rea jur\u00eddica<\/li>\r\n          <\/ul>\r\n          <\/div>\r\n        <\/div>\r\n        <div class=\"error-message-ad-lawsuits\">Selecione algum processo<\/div>\r\n      <\/div>\r\n      <button class=\"btn btn-yellow ad-btn-desktop\" id=\"aurum-submit-ad\">Assinar gr\u00e1tis<\/button>\r\n      <button class=\"btn btn-yellow ad-btn-mobile\" id=\"aurum-submit-ad\">Assinar<\/button>\r\n    <\/div>\r\n    <span class=\"news_button_span\">Ao se cadastrar voc\u00ea declara que leu e aceitou a pol\u00edtica de privacidade e cookies do <a href=\"https:\/\/s3.sa-east-1.amazonaws.com\/publico.aurum.com.br\/contratos\/politica-de-privacidade.pdf\" target=\"_blank\" rel=\"noopener noreferrer\">site<\/a>.<\/span>\r\n  <\/form>\r\n  <div id=\"message-form-ad\"><\/div>\r\n<\/div>","protected":false},"excerpt":{"rendered":"<p>Os princ\u00edpios do Direito Internacional P\u00fablico s\u00e3o normas fundamentais que orientam a forma\u00e7\u00e3o, a aplica\u00e7\u00e3o e a interpreta\u00e7\u00e3o das regras jur\u00eddicas internacionais. Compreendem tanto os princ\u00edpios gerais de direito, quanto os princ\u00edpios pr\u00f3prios da ordem internacional, estruturantes do sistema jur\u00eddico global, positivados em tratados, consolidados por costumes e dotados de valor normativo aut\u00f4nomo.&nbsp;&nbsp; As fontes [&hellip;]<\/p>\n","protected":false},"author":124,"featured_media":33157,"comment_status":"open","ping_status":"open","sticky":false,"template":"","format":"standard","meta":{"_bbp_topic_count":0,"_bbp_reply_count":0,"_bbp_total_topic_count":0,"_bbp_total_reply_count":0,"_bbp_voice_count":0,"_bbp_anonymous_reply_count":0,"_bbp_topic_count_hidden":0,"_bbp_reply_count_hidden":0,"_bbp_forum_subforum_count":0,"inline_featured_image":false,"footnotes":""},"categories":[29],"tags":[],"class_list":["post-33156","post","type-post","status-publish","format-standard","has-post-thumbnail","hentry","category-direito-internacional"],"acf":[],"_links":{"self":[{"href":"https:\/\/www.aurum.com.br\/blog\/wp-json\/wp\/v2\/posts\/33156","targetHints":{"allow":["GET"]}}],"collection":[{"href":"https:\/\/www.aurum.com.br\/blog\/wp-json\/wp\/v2\/posts"}],"about":[{"href":"https:\/\/www.aurum.com.br\/blog\/wp-json\/wp\/v2\/types\/post"}],"author":[{"embeddable":true,"href":"https:\/\/www.aurum.com.br\/blog\/wp-json\/wp\/v2\/users\/124"}],"replies":[{"embeddable":true,"href":"https:\/\/www.aurum.com.br\/blog\/wp-json\/wp\/v2\/comments?post=33156"}],"version-history":[{"count":4,"href":"https:\/\/www.aurum.com.br\/blog\/wp-json\/wp\/v2\/posts\/33156\/revisions"}],"predecessor-version":[{"id":33169,"href":"https:\/\/www.aurum.com.br\/blog\/wp-json\/wp\/v2\/posts\/33156\/revisions\/33169"}],"wp:featuredmedia":[{"embeddable":true,"href":"https:\/\/www.aurum.com.br\/blog\/wp-json\/wp\/v2\/media\/33157"}],"wp:attachment":[{"href":"https:\/\/www.aurum.com.br\/blog\/wp-json\/wp\/v2\/media?parent=33156"}],"wp:term":[{"taxonomy":"category","embeddable":true,"href":"https:\/\/www.aurum.com.br\/blog\/wp-json\/wp\/v2\/categories?post=33156"},{"taxonomy":"post_tag","embeddable":true,"href":"https:\/\/www.aurum.com.br\/blog\/wp-json\/wp\/v2\/tags?post=33156"}],"curies":[{"name":"wp","href":"https:\/\/api.w.org\/{rel}","templated":true}]}}