{"id":32748,"date":"2025-04-29T18:56:39","date_gmt":"2025-04-29T21:56:39","guid":{"rendered":"https:\/\/www.aurum.com.br\/blog\/?p=32748"},"modified":"2025-04-29T18:57:31","modified_gmt":"2025-04-29T21:57:31","slug":"negativacao-indevida","status":"publish","type":"post","link":"https:\/\/www.aurum.com.br\/blog\/negativacao-indevida\/","title":{"rendered":"Negativa\u00e7\u00e3o indevida: o que voc\u00ea precisa saber!"},"content":{"rendered":"<div id=\"bsf_rt_marker\"><\/div>\n<pre class=\"wp-block-preformatted\">A <strong>negativa\u00e7\u00e3o indevida<\/strong> ocorre quando o nome de uma pessoa \u00e9 inclu\u00eddo indevidamente em cadastros de inadimplentes de \u00f3rg\u00e3os de prote\u00e7\u00e3o de cr\u00e9dito. Essa pr\u00e1tica pode gerar preju\u00edzos \u00e0 pessoa afetada e, consequentemente, indeniza\u00e7\u00e3o por danos morais.<\/pre>\n\n\n\n<p>Uma pessoa com o nome negativado ou, como popularmente chamamos, \u201cnome sujo\u201d, j\u00e1 possui dificuldades em meio a algumas situa\u00e7\u00f5es da vida cotidiana, como por exemplo, para a realiza\u00e7\u00e3o de neg\u00f3cios ou contratos com institui\u00e7\u00f5es financeiras.<\/p>\n\n\n\n<p>Agora, imagina uma pessoa que vai comprar seu primeiro im\u00f3vel por meio de financiamento, fruto de uma oportunidade \u00fanica, ter seu pedido de financiamento negado por conta da descoberta de que seu nome foi negativado, mesmo sem possuir uma d\u00edvida sequer? J\u00e1 pensou no constrangimento e preju\u00edzo gerados?<\/p>\n\n\n\n<p>Infelizmente essa situa\u00e7\u00e3o \u00e9 mais comum do que podemos imaginar e a negativa\u00e7\u00e3o indevida pode ocorrer de v\u00e1rias formas, incluindo desde um erro interno do \u00f3rg\u00e3o de prote\u00e7\u00e3o de cr\u00e9dito at\u00e9 uma fraude banc\u00e1ria, por exemplo.<\/p>\n\n\n\n<p>Fato \u00e9 que a negativa\u00e7\u00e3o indevida pode gerar indeniza\u00e7\u00e3o por danos morais a serem pagos \u00e0 v\u00edtima, em decorr\u00eancia das complica\u00e7\u00f5es em sua vida, constrangimento e humilha\u00e7\u00e3o.<\/p>\n\n\n\n<p>Se voc\u00ea quer entender mais sobre o assunto e sobre seus direitos, continue lendo este artigo!&nbsp;<\/p>\n\n\n\n<h2 class=\"wp-block-heading\">O que \u00e9 negativa\u00e7\u00e3o indevida?<\/h2>\n\n\n\n<p>A negativa\u00e7\u00e3o indevida nada mais \u00e9 do que a <strong>inscri\u00e7\u00e3o err\u00f4nea, inadequada e indevida de uma pessoa ou empresa em cadastro de inadimplentes de \u00f3rg\u00e3os de prote\u00e7\u00e3o de cr\u00e9dito<\/strong>, como por exemplo, o Serasa e o SPC.&nbsp;<\/p>\n\n\n\n<p>Com a negativa\u00e7\u00e3o, a pessoa ou empresa passa a ser vista como devedora, isto \u00e9, inadimplente.<\/p>\n\n\n\n<p>Essa inscri\u00e7\u00e3o \u00e9 feita comumente sem qualquer conhecimento do consumidor (pessoa f\u00edsica ou jur\u00eddica), que muitas vezes descobre diante de alguma dificuldade em neg\u00f3cios, contrata\u00e7\u00f5es ou busca realizada.&nbsp;<\/p>\n\n\n\n<p>Isso porque, grande parte de empresas e pessoas atualmente consultam o CPF e CNPJ das outras para verificar o \u201cscore\u201d de cr\u00e9dito antes de realizar qualquer neg\u00f3cio.<\/p>\n\n\n\n<p>Com isso, existindo uma negativa\u00e7\u00e3o e consequentemente um score baixo, a pessoa ou empresa negativada indevidamente pode sofrer dificuldades e constrangimentos desnecess\u00e1rios.<\/p>\n\n\n\n<figure class=\"wp-block-image size-full\"><img decoding=\"async\" width=\"1080\" height=\"1080\" src=\"https:\/\/www.aurum.com.br\/blog\/wp-content\/uploads\/2025\/04\/o-que-e-negativacao-indevida.jpg\" alt=\"Entenda tudo sobre a negativa\u00e7\u00e3o indevida\" class=\"wp-image-32749\" srcset=\"https:\/\/www.aurum.com.br\/blog\/wp-content\/uploads\/2025\/04\/o-que-e-negativacao-indevida.jpg 1080w, https:\/\/www.aurum.com.br\/blog\/wp-content\/uploads\/2025\/04\/o-que-e-negativacao-indevida-300x300.jpg 300w, https:\/\/www.aurum.com.br\/blog\/wp-content\/uploads\/2025\/04\/o-que-e-negativacao-indevida-150x150.jpg 150w, https:\/\/www.aurum.com.br\/blog\/wp-content\/uploads\/2025\/04\/o-que-e-negativacao-indevida-768x768.jpg 768w\" sizes=\"(max-width: 1080px) 100vw, 1080px\" \/><figcaption class=\"wp-element-caption\">Veja o que \u00e9 negativa\u00e7\u00e3o indevida<\/figcaption><\/figure>\n\n\n\n<h2 class=\"wp-block-heading\">O que a lei diz sobre negativa\u00e7\u00e3o indevida?<\/h2>\n\n\n\n<p>N\u00e3o h\u00e1 uma lei espec\u00edfica sobre negativa\u00e7\u00e3o. No entanto, o <strong>C\u00f3digo de Defesa do Consumidor dedica dois de seus artigos <\/strong>para tratar especialmente de bancos de dados e cadastros de consumidores, quais sejam, os artigos <strong>43 e 44.&nbsp;<\/strong><\/p>\n\n\n\n<p>Dentre as informa\u00e7\u00f5es mais relevantes est\u00e3o:<\/p>\n\n\n\n<ul class=\"wp-block-list\">\n<li>A impossibilidade de informa\u00e7\u00f5es negativas sobre consumidores por per\u00edodo superior a cinco anos;<\/li>\n\n\n\n<li>A necessidade de comunica\u00e7\u00e3o por escrito ao consumidor quando da abertura de ficha, cadastro e registro, quando n\u00e3o solicitados por ele;<\/li>\n\n\n\n<li>A obriga\u00e7\u00e3o de as informa\u00e7\u00f5es em cadastros serem claras, verdadeiras e de f\u00e1cil compreens\u00e3o;<\/li>\n\n\n\n<li>A obrigatoriedade de corre\u00e7\u00e3o de dados quando houver inexatid\u00e3o.<\/li>\n<\/ul>\n\n\n\n<p>Ainda, o Superior Tribunal de Justi\u00e7a (STJ) entende que a negativa\u00e7\u00e3o, quando ocorre indevidamente, gera dano moral \u201c<em>in re ipsa\u201d<\/em>, ou seja, <strong>dano moral presumido<\/strong>, sem a necessidade de comprova\u00e7\u00e3o, de fato, de algum preju\u00edzo.<\/p>\n\n\n\n<p>Al\u00e9m disso, sobre o tema tamb\u00e9m h\u00e1 a <strong>s\u00famula n\u00ba 385 do STJ<\/strong>, que disp\u00f5e que:<\/p>\n\n\n\n<blockquote class=\"wp-block-quote is-layout-flow wp-block-quote-is-layout-flow\">\n<p><em>Da anota\u00e7\u00e3o irregular em cadastro de prote\u00e7\u00e3o ao cr\u00e9dito, n\u00e3o cabe indeniza\u00e7\u00e3o por dano moral, quando preexistente leg\u00edtima inscri\u00e7\u00e3o, ressalvado o direito ao cancelamento\u201d.<\/em><\/p>\n<\/blockquote>\n\n\n\n<p>Isso quer dizer que se uma pessoa j\u00e1 tinha inscri\u00e7\u00f5es leg\u00edtimas preexistentes, n\u00e3o cabe a indeniza\u00e7\u00e3o por danos morais. Por outro lado, em caso de haver somente a inscri\u00e7\u00e3o indevida, por exemplo, o dano moral \u00e9 presumido, como j\u00e1 mencionado.<\/p>\n\n\n\n<p><strong>Outros dispositivos legais, a depender do caso, podem ser aplicados ainda que n\u00e3o tratem especificamente de negativa\u00e7\u00e3o indevida<\/strong>. O dispositivo constitucional que trata sobre o dano \u00e0 honra, por exemplo, pode ser utilizado na fundamenta\u00e7\u00e3o de casos como esses.<\/p>\n\n\n\n<h2 class=\"wp-block-heading\">Quais s\u00e3o as causas mais comuns de negativa\u00e7\u00e3o indevida?<\/h2>\n\n\n\n<p>Dentre as causas mais comuns, podemos listar:<\/p>\n\n\n\n<h3 class=\"wp-block-heading\">Fraudes banc\u00e1rias<\/h3>\n\n\n\n<p>Em solicita\u00e7\u00e3o de cart\u00f5es de cr\u00e9dito, empr\u00e9stimos ou aberturas de conta corrente que originam d\u00edvidas em nome da pessoa f\u00edsica e jur\u00eddica.<\/p>\n\n\n\n<h3 class=\"wp-block-heading\">Titularidade de contas de \u00e1gua e energia<\/h3>\n\n\n\n<p>Erros em meio \u00e0 transfer\u00eancia de titularidade de contas de \u00e1gua e energia ou fraude diante de empresas, com fornecimento de dados de outras pessoas para cadastro.<\/p>\n\n\n\n<h3 class=\"wp-block-heading\">Cobran\u00e7as indevidas<\/h3>\n\n\n\n<p>Advindas de operadoras de telefonia ou de outras origens (de contratos educacionais e servi\u00e7os gerais, por exemplo).<\/p>\n\n\n\n<h3 class=\"wp-block-heading\">Erros internos dos \u00f3rg\u00e3os de prote\u00e7\u00e3o de cr\u00e9dito<\/h3>\n\n\n\n<p>S\u00e3o as falhas ou equ\u00edvocos cometidos pelas pr\u00f3prias empresas ou institui\u00e7\u00f5es respons\u00e1veis por manter o cadastro e as informa\u00e7\u00f5es de cr\u00e9dito de consumidores, como SPC, Serasa, e outras entidades similares.&nbsp;<\/p>\n\n\n\n<h3 class=\"wp-block-heading\">Cobran\u00e7a inadequada<\/h3>\n\n\n\n<p>De d\u00edvidas j\u00e1 pagas, de servi\u00e7os n\u00e3o contratados ou j\u00e1 cancelados.<\/p>\n\n\n\n<h2 class=\"wp-block-heading\">Quais as principais consequ\u00eancias da negativa\u00e7\u00e3o indevida?<\/h2>\n\n\n\n<p>Como j\u00e1 mencionado, a pessoa f\u00edsica ou jur\u00eddica v\u00edtima da negativa\u00e7\u00e3o indevida fica marcada, ou seja, com o <strong>nome sujo.<\/strong><\/p>\n\n\n\n<p>Al\u00e9m disso, outras consequ\u00eancias e dificuldades podem ser verificadas, como por exemplo:<\/p>\n\n\n\n<ul class=\"wp-block-list\">\n<li>Obst\u00e1culos para alugar im\u00f3veis;<\/li>\n\n\n\n<li>Impedimentos na tentativa de obter cr\u00e9ditos, financiamentos e empr\u00e9stimos banc\u00e1rios;<\/li>\n\n\n\n<li>Dificuldade na compras em algumas lojas;<\/li>\n\n\n\n<li>Rompimento ou comprometimento de neg\u00f3cios e contrata\u00e7\u00f5es, novos ou em andamento.<\/li>\n<\/ul>\n\n\n\n<h2 class=\"wp-block-heading\">Como \u00e9 poss\u00edvel comprovar uma negativa\u00e7\u00e3o indevida?<\/h2>\n\n\n\n<p>Se voc\u00ea descobriu a exist\u00eancia de uma negativa\u00e7\u00e3o que n\u00e3o reconhece em seu nome, seja por meio de consulta dos seus dados ou da sua empresa em \u00f3rg\u00e3os de prote\u00e7\u00e3o de cr\u00e9dito ou em virtude de alguma outra situa\u00e7\u00e3o, fique atento aos seguintes passos:<\/p>\n\n\n\n<ul class=\"wp-block-list\">\n<li><strong>Realize uma consulta atualizada<\/strong> do seu CPF ou CNPJ da sua empresa nos sistemas de \u00f3rg\u00e3os de prote\u00e7\u00e3o de cr\u00e9dito;<\/li>\n\n\n\n<li><strong>Retire um comprovante de nome negativado<\/strong>, um print da tela ou pdf que mostre os dados e a negativa\u00e7\u00e3o que contenha, ao menos: o valor, a origem da negativa\u00e7\u00e3o (quem fez a negativa\u00e7\u00e3o e diante de qual contrato ou neg\u00f3cio) e a data da d\u00edvida;<\/li>\n\n\n\n<li><strong>Junte documentos que comprovem a impossibilidade de negativa\u00e7\u00e3o: <\/strong>este ponto vai depender muito de cada situa\u00e7\u00e3o, mas pode ser extratos banc\u00e1rios, comprovantes de pagamento, boletins de ocorr\u00eancia, conversas, contratos etc.<\/li>\n<\/ul>\n\n\n\n<h2 class=\"wp-block-heading\">O que fazer quando negativar seu nome indevidamente?<\/h2>\n\n\n\n<p>Em complemento ao item anterior, com todos os documentos que comprovam a negativa\u00e7\u00e3o indevida em m\u00e3os, \u00e9 poss\u00edvel a v\u00edtima, tendo interesse, <strong>entrar em contato diretamente com o causador do dano <\/strong>a fim de buscar uma solu\u00e7\u00e3o \u00e0 situa\u00e7\u00e3o.&nbsp;<\/p>\n\n\n\n<p>Recomenda-se neste caso o registro de todas as comunica\u00e7\u00f5es realizadas por seguran\u00e7a.<\/p>\n\n\n\n<p>Ainda, h\u00e1 a possibilidade de<strong> realizar reclama\u00e7\u00f5es em outras vias extrajudiciais<\/strong>, como Procon e Reclame Aqui a fim de tentar solucionar o caso.<\/p>\n\n\n\n<p>De qualquer forma, \u00e9 poss\u00edvel o contato com um advogado especialista que analisar\u00e1 o caso cuidadosamente a fim de verificar a possibilidade de uma negocia\u00e7\u00e3o com o causador do dano e\/ou a propositura de uma a\u00e7\u00e3o de indeniza\u00e7\u00e3o de danos.<\/p>\n\n\n\n<p>\u00c9 importante destacar que, ainda que a v\u00edtima consiga solucionar a situa\u00e7\u00e3o diretamente com a empresa causadora do dano, muitas vezes ainda assim cabe a indeniza\u00e7\u00e3o por dano moral. Por isso, o contato com um advogado especializado \u00e9 muito recomendado!<\/p>\n\n\n\n<h2 class=\"wp-block-heading\">Indeniza\u00e7\u00e3o por negativa\u00e7\u00e3o indevida: \u00e9 poss\u00edvel?<\/h2>\n\n\n\n<p>Com certeza! Como visto no t\u00f3pico que trata sobre \u201co que a lei diz\u201d, <strong>a indeniza\u00e7\u00e3o em decorr\u00eancia de negativa\u00e7\u00e3o indevida \u00e9 plenamente poss\u00edvel.<\/strong><\/p>\n\n\n\n<p>O judici\u00e1rio compreende que quando ocorre e se comprova, de fato, uma negativa\u00e7\u00e3o indevida em nome de uma pessoa, f\u00edsica ou jur\u00eddica, esta tem sim, a princ\u00edpio, o direito de ser indenizada pela situa\u00e7\u00e3o sofrida.<\/p>\n\n\n\n<h3 class=\"wp-block-heading\">Quando n\u00e3o h\u00e1 direito \u00e0 indeniza\u00e7\u00e3o em decorr\u00eancia de negativa\u00e7\u00e3o indevida?<\/h3>\n\n\n\n<p>Dentro do tema de negativa\u00e7\u00e3o indevida, in\u00fameras situa\u00e7\u00f5es podem acontecer dos mais diferentes modos, cabendo uma an\u00e1lise de um profissional do direito antes de entrar com uma a\u00e7\u00e3o de indeniza\u00e7\u00e3o ao seu cliente.<\/p>\n\n\n\n<p>Por\u00e9m, algumas situa\u00e7\u00f5es que podem ser mencionadas desde j\u00e1, nas quais n\u00e3o h\u00e1 direito de indeniza\u00e7\u00e3o s\u00e3o:<\/p>\n\n\n\n<ul class=\"wp-block-list\">\n<li><strong>Inscri\u00e7\u00e3o leg\u00edtima anterior:<\/strong> ou seja, quando apesar de existir uma negativa\u00e7\u00e3o indevida, a pessoa j\u00e1 possui outras leg\u00edtimas e verdadeiras (conforme s\u00famula n\u00ba 385 do STJ), permanecendo somente o direito de cancelamento da negativa\u00e7\u00e3o indevida;<\/li>\n\n\n\n<li><strong>Aus\u00eancia de provas suficientes:<\/strong> que comprovem que a negativa\u00e7\u00e3o a ser discutida \u00e9 ou n\u00e3o indevida;<\/li>\n\n\n\n<li><strong>Cobran\u00e7as indevidas mas que n\u00e3o geraram a negativa\u00e7\u00e3o.<\/strong><\/li>\n<\/ul>\n\n\n\n<h2 class=\"wp-block-heading\">Dicas para evitar a negativa\u00e7\u00e3o indevida<\/h2>\n\n\n\n<p>Para evitar a negativa\u00e7\u00e3o indevida, \u00e9 importante tomar algumas precau\u00e7\u00f5es. Uma delas \u00e9 <strong>monitorar regularmente o CPF ou CNPJ<\/strong> em sistemas de prote\u00e7\u00e3o de cr\u00e9dito, garantindo que n\u00e3o haja registros errados.&nbsp;<\/p>\n\n\n\n<p>Al\u00e9m disso, \u00e9 fundamental se certificar de que o <strong>cancelamento de produtos e servi\u00e7os foi realizado corretamente<\/strong>, para evitar cobran\u00e7as indevidas.&nbsp;<\/p>\n\n\n\n<p>Tamb\u00e9m \u00e9 essencial <strong>estar atento ao recebimento de notifica\u00e7\u00f5es sobre d\u00edvidas<\/strong>, que podem chegar por diferentes canais de contato, como e-mail, telefone ou mensagens, para poder agir rapidamente caso algo esteja errado.<\/p>\n\n\n<style>\r\n  .anuncios-post-astrea-security {\r\n    display: flex;\r\n    gap: 24px;\r\n    justify-content: space-between;\r\n    align-items: center;\r\n    border-radius: 16px;\r\n    border: none;\r\n    \/* background: #D7EAED; *\/\r\n    background: #CCECFA;\r\n    padding: 24px;\r\n    margin: 1rem 0;\r\n    max-width: 640px;\r\n  }\r\n\r\n  #s-post .anuncios-post-astrea-security .adpost-astrea-security-image {\r\n    margin: auto;\r\n    width: 207px;\r\n    min-width: 207px;\r\n    height: 203px;\r\n    \/* background: green; *\/\r\n    border-radius: 16px;\r\n  }\r\n\r\n  .anuncios-post-astrea-security .subtext {\r\n    display: block;\r\n  }\r\n\r\n  #s-post main article .content .anuncios-post-astrea-security .img-destaque {\r\n    object-fit: cover;\r\n    width: 180px;\r\n    margin: 0;\r\n  }\r\n  #s-post main article .content .anuncios-post-astrea-security i.icon-container img {\r\n    margin: 0;\r\n  }\r\n\r\n  .anuncios-post-astrea-security .textos .icon-container {\r\n    max-width: 89px;\r\n    margin-bottom: 8px;\r\n    display: block;\r\n  }\r\n  .anuncios-post-astrea-security .title {\r\n    font-weight: 600;\r\n    font-size: 21px;\r\n    line-height: 140%;\r\n    color: #000000;\r\n    margin-bottom: 16px;\r\n  }\r\n  .anuncios-post-astrea-security .subtext {\r\n    display: block;\r\n    font-weight: 400;\r\n    font-size: 14px;\r\n    line-height: 160%;\r\n    color: #272727;\r\n    text-align: left;\r\n    margin-bottom: 16px;\r\n  }\r\n  #s-post main article .content .anuncios-post-astrea-security .botao {\r\n    \/* background: #004773; *\/\r\n    background: #307ACB;\r\n    border-radius: 4px;\r\n    padding: 12px 32px;\r\n    display: inline-block;\r\n    text-decoration: none !important;\r\n    color: #FFFFFF !important;\r\n    font-size: 14px;\r\n    font-weight: 700;\r\n  }\r\n  .anuncios-post-astrea-security .botao:hover {\r\n    filter: opacity(0.9);\r\n  }\r\n  \/**********\r\n  * TABLET\r\n  ***********\/\r\n  \/* @media (max-width: 1310px) and (min-width: 800px) {\r\n    .anuncios-post-astrea-security .title {\r\n      font-size: 18px;\r\n    }\r\n  } *\/\r\n\r\n  @media (max-width: 800px) {\r\n    \/* .anuncios-post-astrea-security .title {\r\n      font-size: 16px;\r\n    }\r\n\r\n    .anuncios-post-astrea-security .subtext {\r\n      font-size: 12px;\r\n    } *\/\r\n\r\n    \/* #s-post main article .content .anuncios-post-astrea-security .botao {\r\n      font-size: 12px;\r\n    } *\/\r\n\r\n   #s-post .anuncios-post-astrea-security .adpost-astrea-security-image {\r\n        width: 180px;\r\n        min-width: 180px;\r\n        height: 176px;\r\n    }\r\n  }\r\n\r\n  \/* @media (max-width: 700px) { *\/\r\n  @media (max-width: 500px) {\r\n    .anuncios-post-astrea-security {\r\n        flex-direction: column-reverse;\r\n        gap: 0;\r\n    }\r\n\r\n    .anuncios-post-astrea-security .textos {\r\n        display: flex;\r\n        flex-direction: column;\r\n        align-items: center;\r\n    }\r\n\r\n    .anuncios-post-astrea-security .title {\r\n        text-align: center;\r\n    }\r\n\r\n    .anuncios-post-astrea-security .subtext {\r\n        text-align: center;\r\n    }\r\n\r\n    #s-post main article .content .anuncios-post-astrea-security .img-destaque {\r\n        width: 195px;\r\n        height: 180px;\r\n        margin-bottom: 16px;\r\n    }\r\n  \/* } *\/\r\n\r\n  \/* @media (max-width: 500px) { *\/\r\n    \/* .anuncios-post-astrea-security .title {\r\n      font-size: 18px;\r\n    }\r\n\r\n    .anuncios-post-astrea-security .subtext {\r\n      font-size: 14px;\r\n    } *\/\r\n\r\n    #s-post main article .content .anuncios-post-astrea-security .botao {\r\n      font-size: 14px;\r\n      width: 100%;\r\n      text-align: center;\r\n    }\r\n\r\n\r\n    #s-post .anuncios-post-astrea-security .adpost-astrea-security-image {\r\n      width: 100%;\r\n      height: auto;\r\n      margin-bottom: 16px;\r\n    }\r\n  }\r\n<\/style>\r\n\r\n<div class=\"anuncios-post-astrea-security\">\r\n    <div class=\"textos\">\r\n        <div class=\"title\">\r\n          O pr\u00f3ximo ano pode ser mais leve com o Astrea\r\n        <\/div>\r\n        <div class=\"subtext\">\r\n          <span>\r\n            Comece 2026 com mais tempo, controle e tranquilidade na sua advocacia\r\n          <\/span>\r\n          <!-- <span class=\"mobile\">\r\n            O Astrea otimiza a gest\u00e3o jur\u00eddica do seu escrit\u00f3rio para voc\u00ea ter mais tempo e tranquilidade.\r\n          <\/span> -->\r\n        <\/div>\r\n            <a class=\"botao\" data-gtm-custom=\"anuncio-post-btn\" href=\"https:\/\/www.aurum.com.br\/astrea?utm_source=blog&#038;utm_medium=adpost&#038;utm_campaign=campanha_2026\" target=\"_blank\">Experimentar gr\u00e1tis<\/a>\r\n        <\/div>\r\n    <img decoding=\"async\" src=\"https:\/\/www.aurum.com.br\/blog\/wp-content\/themes\/aurum\/img\/adpost-astrea-2026.png\" alt=\"\" class=\"adpost-astrea-security-image\">\r\n    <!-- <div class=\"adpost-astrea-security-image\"><\/div> -->\r\n\r\n<\/div>\n\n\n<h2 class=\"wp-block-heading\">Jurisprud\u00eancia sobre negativa\u00e7\u00e3o indevida:<\/h2>\n\n\n\n<p>Para consolidar e clarear todas as informa\u00e7\u00f5es anteriores trazidas no presente artigo, vamos analisar algumas jurisprud\u00eancias sobre a negativa\u00e7\u00e3o indevida.<\/p>\n\n\n\n<p>Inicialmente, transcrevemos abaixo duas decis\u00f5es dos Tribunais de Justi\u00e7a de S\u00e3o Paulo e Minas Gerais, que trazem \u00e0 ideia do <strong>dano moral presumido, ou \u201c<\/strong><strong><em>in re ipsa\u201d<\/em><\/strong><strong>,<\/strong> mencionado anteriormente:<\/p>\n\n\n\n<figure class=\"wp-block-pullquote classe bq-small\"><blockquote><p>Apela\u00e7\u00e3o C\u00edvel. <strong>A\u00e7\u00e3o indenizat\u00f3ria por danos morais com inexigibilidade de d\u00e9bito.<\/strong> Senten\u00e7a de parcial proced\u00eancia. Recurso da autora . <strong>Negativa\u00e7\u00e3o indevida. Dano moral que n\u00e3o precisa ser provado, pois decorre da pr\u00f3pria inscri\u00e7\u00e3o desabonadora.<\/strong> Quantum indenizat\u00f3rio majorado R$ 10.000,00 (dez mil reais) . Recurso parcialmente provido.<br>(TJ-SP &#8211; Apela\u00e7\u00e3o C\u00edvel: 10175099520228260020 S\u00e3o Paulo, Relator.: Morais Pucci, Data de Julgamento: 24\/08\/2024, 26\u00aa C\u00e2mara de Direito Privado, Data de Publica\u00e7\u00e3o: 24\/08\/2024)<br>EMENTA: APELA\u00c7\u00c3O C\u00cdVEL &#8211; <strong>NEGATIVA\u00c7\u00c3O INDEVIDA &#8211; INDENIZA\u00c7\u00c3O POR DANOS MORAIS &#8211; DANOS MORAIS &#8211; OCORR\u00caNCIA <\/strong>&#8211; &#8220;QUANTUM&#8221; INDENIZAT\u00d3RIO &#8211; MAJORA\u00c7\u00c3O &#8211; POSSIBILIDADE. &#8211; <strong>A simples negativa\u00e7\u00e3o indevida de nome constitui fato bastante para que reste configurado um dano moral pass\u00edvel de ressarcimento <\/strong>&#8211; Para os casos de negativa\u00e7\u00e3o indevida de nome, \u00e9 adequada e proporcional a fixa\u00e7\u00e3o de indeniza\u00e7\u00e3o por danos morais no valor equivalente a 15 (quinze) sal\u00e1rios m\u00ednimos quando n\u00e3o houver alega\u00e7\u00e3o de fraude.<br>(TJ-MG &#8211; Apela\u00e7\u00e3o C\u00edvel: 52638550320228130024, Relator.: Des.(a) Evandro Lopes da Costa Teixeira, Data de Julgamento: 14\/08\/2024, C\u00e2maras C\u00edveis \/ 17\u00aa C\u00c2MARA C\u00cdVEL, Data de Publica\u00e7\u00e3o: 19\/08\/2024)<\/p><\/blockquote><\/figure>\n\n\n\n<p>Pode-se verificar das duas decis\u00f5es acima que <strong>quando ocorre uma negativa\u00e7\u00e3o indevida \u00e9 gerado automaticamente o direito de indeniza\u00e7\u00e3o por danos morais, ainda que n\u00e3o se comprove preju\u00edzo efetivo,<\/strong> tendo em vista que a negativa\u00e7\u00e3o por si s\u00f3 j\u00e1 \u201cmancha\u201d a imagem e prejudica as v\u00edtimas.<\/p>\n\n\n\n<p>Isso, claro, salvo os casos em que n\u00e3o h\u00e1 indeniza\u00e7\u00e3o por danos morais por outras raz\u00f5es, como \u00e9 discutido no t\u00f3pico \u201cQuando n\u00e3o h\u00e1 direito \u00e0 indeniza\u00e7\u00e3o em decorr\u00eancia de negativa\u00e7\u00e3o indevida?\u201d.<\/p>\n\n\n\n<p>Agora, vejamos tr\u00eas casos comuns de negativa\u00e7\u00e3o indevida, julgados pelo Tribunal de Justi\u00e7a do Rio de Janeiro e de S\u00e3o Paulo respectivamente, por empresa de energia, telefonia e fraude banc\u00e1ria, e a decis\u00e3o positiva quanto \u00e0 indeniza\u00e7\u00e3o por danos morais:<\/p>\n\n\n\n<figure class=\"wp-block-pullquote\"><blockquote><p>EMENTA: APELA\u00c7\u00c3O C\u00cdVEL. <strong>DIREITO DO CONSUMIDOR. SERVI\u00c7O DE ENERGIA EL\u00c9TRICA. NEGATIVA\u00c7\u00c3O INDEVIDA . MEDIDOR DESCONHECIDO.<\/strong> SENTEN\u00c7A DE PROCED\u00caNCIA PARCIAL. APELO DA PARTE AUTORA. 1 . <strong>Demandante que se insurge contra a cobran\u00e7a e posterior negativa\u00e7\u00e3o do seu nome em decorr\u00eancia de d\u00e9bitos relativos a um medidor de energia que desconhece<\/strong>. 2. <strong>Ju\u00edzo a quo que reconhece a falha na presta\u00e7\u00e3o do servi\u00e7o<\/strong>, por\u00e9m n\u00e3o a ocorr\u00eancia do dano moral. Apelo exclusivo da parte autora, pugnando pela proced\u00eancia do pedido de indeniza\u00e7\u00e3o . 3. <strong>Apelante que comprova, no curso do processo, a negativa\u00e7\u00e3o do seu nome pela demandada.<\/strong> 4.<strong> Dano moral que se d\u00e1 in re ipsa pela negativa\u00e7\u00e3o indevida .<\/strong> Intelig\u00eancia do verbete de S\u00famula n\u00ba. 89 deste Tribunal. Senten\u00e7a que merece reparo. 5 . Verba indenizat\u00f3ria que \u00e9 fixada em R$ 15.000,00 (quinze mil reais), levando-se em conta a conduta praticada pela empresa, em especial o tempo de negativa\u00e7\u00e3o de cerca de tr\u00eas anos, bem como os princ\u00edpios da proporcionalidade e da razoabilidade. 6. PARCIAL PROVIMENTO DO RECURSO .<br>(TJ-RJ &#8211; APELA\u00c7\u00c3O: 0022109-78.2020.8.19 .0203 202400126682, Relator.: Des(a). EDUARDO ABREU BIONDI, Data de Julgamento: 24\/04\/2024, DECIMA QUINTA CAMARA DE DIREITO PRIVADO (ANTIGA 20\u00aa C\u00c2MARA C\u00cdVEL), Data de Publica\u00e7\u00e3o: 26\/04\/2024)<br>APELA\u00c7\u00c3O. <strong>INEXIGIBILIDADE DE D\u00cdVIDA. NEGATIVA\u00c7\u00c3O INDEVIDA. DANO MORAL IN RE IPSA .<\/strong> <strong>Senten\u00e7a que julgou procedentes os pedidos, declarando inexig\u00edvel a d\u00edvida sub judice e condenando a r\u00e9 ao pagamento de indeniza\u00e7\u00e3o por danos morais pela indevida negativa\u00e7\u00e3o do nome do autor.<\/strong> Irresigna\u00e7\u00e3o de ambas as partes. <strong>Inexist\u00eancia da d\u00edvida evidenciada pela falta de provas de sua origem<\/strong>. <strong>Operadora de telefonia que n\u00e3o se desincumbiu do \u00f4nus probat\u00f3rio, <\/strong>notadamente \u00e0 luz das regras consumeristas e daquelas previstas no inciso VIII do artigo 6\u00ba da Lei n\u00ba 8 .078\/90. <strong>Negativa\u00e7\u00e3o indevida que caracterizou ato il\u00edcito praticado pela fornecedora de servi\u00e7os, pass\u00edvel de repara\u00e7\u00e3o civil. Danos morais in re ipsa configurados pela inclus\u00e3o il\u00edcita do nome do consumidor em \u00f3rg\u00e3o de prote\u00e7\u00e3o ao cr\u00e9dito. <\/strong>Inaplicabilidade da S\u00famula 385 do STJ no caso . Inexist\u00eancia de anota\u00e7\u00f5es preexistentes ativas no nome do autor. Quantum indenizat\u00f3rio que admite majora\u00e7\u00e3o para R$ 10.000,00 em conson\u00e2ncia aos crit\u00e9rios da razoabilidade e proporcionalidade e em observ\u00e2ncia aos par\u00e2metros jurisprudenciais desta C\u00e2mara. Precedentes . Adequado o arbitramento dos honor\u00e1rios advocat\u00edcios sucumbenciais devidos ao patrono do autor sobre o valor atualizado da condena\u00e7\u00e3o, por for\u00e7a do art. 85, \u00a7 2\u00ba do CPC. Senten\u00e7a parcialmente reformada. Recurso da r\u00e9 n\u00e3o provido . Recurso do autor provido.<br>(TJ-SP &#8211; Apela\u00e7\u00e3o C\u00edvel: 10068622220228260576 S\u00e3o Jos\u00e9 do Rio Preto, Relator.: Rodrigues Torres, Data de Julgamento: 17\/06\/2024, 28\u00aa C\u00e2mara de Direito Privado, Data de Publica\u00e7\u00e3o: 17\/06\/2024)<br>RECURSO INOMINADO. <strong>A\u00c7\u00c3O DECLARAT\u00d3RIA DE INEXIST\u00caNCIA DE D\u00c9BITO E INDENIZA\u00c7\u00c3O POR DANOS MORAIS. NEGATIVA\u00c7\u00c3O INDEVIDA. FALHA NA PRESTA\u00c7\u00c3O DO SERVI\u00c7O <\/strong>. RESPONSABILIDADE OBJETIVA Recorrente que busca a reforma da senten\u00e7a de<br>parcial proced\u00eancia que a condenou a excluir o nome do autor dos cadastros de inadimplentes e ao pagamento de indeniza\u00e7\u00e3o por danos morais, sob a alega\u00e7\u00e3o de que agiu de forma diligente e que a negativa\u00e7\u00e3o foi leg\u00edtima. Nos termos do artigo 14 do C\u00f3digo de Defesa do Consumidor, a responsabilidade do fornecedor de servi\u00e7os \u00e9 objetiva, independentemente de culpa, sendo suficiente a demonstra\u00e7\u00e3o de defeito na presta\u00e7\u00e3o do servi\u00e7o e do nexo de causalidade entre o defeito e o dano sofrido pelo consumidor. <strong>A negativa\u00e7\u00e3o indevida, decorrente de uma cobran\u00e7a de d\u00e9bito inexistente, configura falha na presta\u00e7\u00e3o do servi\u00e7o e gera o dever de indenizar,<\/strong> conforme entendimento consolidado na S\u00famula 479 do STJ. <strong>As provas nos autos indicam que o d\u00e9bito cobrado do autor \u00e9 inexistente, resultante de um contrato fraudulento . O banco, ao permitir a negativa\u00e7\u00e3o do nome do autor sem a devida verifica\u00e7\u00e3o, falhou na presta\u00e7\u00e3o do servi\u00e7o. <\/strong>Dano moral in re ipsa configurado. O dano moral \u00e9 presumido em casos de negativa\u00e7\u00e3o indevida. Quantum indenizat\u00f3rio arbitrado em R$3 .000,00 em alinho com as diretrizes da proporcionalidade e razoabilidade. SENTEN\u00c7A MANTIDA \u2013 RECURSO N\u00c3O PROVIDO.<br>(TJ-SP &#8211; Recurso Inominado C\u00edvel: 10017694620248260564 S\u00e3o Bernardo do Campo, Relator.: Olavo Paula Leite Rocha &#8211; Col\u00e9gio Recursal, Data de Julgamento: 26\/08\/2024, 3\u00aa Turma Recursal C\u00edvel, Data de Publica\u00e7\u00e3o: 26\/08\/2024)<\/p><cite>leia mais<\/cite><\/blockquote><\/figure>\n\n\n\n<p>Nos casos acima podemos observar situa\u00e7\u00f5es infelizmente comuns, como fraudes e cobran\u00e7as indevidas, que resultaram na negativa\u00e7\u00e3o indevida do consumidor e consequentemente na acertada indeniza\u00e7\u00e3o por danos morais.<\/p>\n\n\n\n<h2 class=\"wp-block-heading\">Conclus\u00e3o:<\/h2>\n\n\n\n<p>Diante de todas as informa\u00e7\u00f5es apresentadas, \u00e9 poss\u00edvel concluir que a negativa\u00e7\u00e3o indevida infelizmente \u00e9 comum de ocorrer.&nbsp;<\/p>\n\n\n\n<p>No entanto, sendo bem comprovada e n\u00e3o existindo negativa\u00e7\u00e3o leg\u00edtima anterior, a v\u00edtima da situa\u00e7\u00e3o pode buscar seus direitos e inclusive obter indeniza\u00e7\u00e3o por danos morais.<\/p>\n\n\n\n<p>Al\u00e9m disso, existem alguns mecanismos de monitoramento de dados que podem prevenir a descoberta de uma negativa\u00e7\u00e3o somente em momentos importantes.<\/p>\n\n\n\n<p>Caso voc\u00ea esteja passando por uma negativa\u00e7\u00e3o indevida ou conhe\u00e7a algu\u00e9m nesta situa\u00e7\u00e3o, n\u00e3o hesite em buscar aux\u00edlio de um profissional do ramo jur\u00eddico e a buscar e juntar todos os documentos comprobat\u00f3rios que possuir para alcan\u00e7ar os seus direitos.<\/p>\n\n\n\n<h3 class=\"wp-block-heading\">Mais conhecimento para voc\u00ea<\/h3>\n\n\n\n<p>Se voc\u00ea quiser saber mais sobre direito e&nbsp;<a href=\"https:\/\/www.aurum.com.br\/blog\/engajar-equipe-de-advogados\/\">advocacia<\/a>, indico os seguintes artigos:<\/p>\n\n\n\n<ul class=\"wp-block-list\">\n<li><a href=\"https:\/\/www.aurum.com.br\/blog\/execucao-fiscal\/\">Execu\u00e7\u00e3o fiscal<\/a>: como funciona o processo e cen\u00e1rio atual<\/li>\n\n\n\n<li><a href=\"https:\/\/www.aurum.com.br\/blog\/principios-do-direito-tributario\/\">Princ\u00edpios do direito tribut\u00e1rio<\/a>: conhe\u00e7a os mais importantes<\/li>\n\n\n\n<li><a href=\"https:\/\/www.aurum.com.br\/blog\/regularizacao-fundiaria\/\">Regulariza\u00e7\u00e3o fundi\u00e1ria<\/a>: o que mudou com a nova lei<\/li>\n\n\n\n<li><a href=\"https:\/\/www.aurum.com.br\/blog\/direito-consultivo\/\">Direito consultivo<\/a>: o que \u00e9, procedimentos e sua ascens\u00e3o nos neg\u00f3cios<\/li>\n\n\n\n<li><a href=\"https:\/\/www.aurum.com.br\/blog\/principio-da-capacidade-contributiva\/\">O princ\u00edpio da capacidade contributiva no Direito Tribut\u00e1rio brasileiro<\/a><\/li>\n\n\n\n<li><a href=\"https:\/\/www.aurum.com.br\/blog\/evasao-fiscal\/\">O que \u00e9 e quando ocorre a evas\u00e3o fiscal<\/a><\/li>\n\n\n\n<li><a href=\"https:\/\/www.aurum.com.br\/blog\/titulos-de-credito\/\">O que s\u00e3o t\u00edtulos de cr\u00e9dito<\/a>?<\/li>\n\n\n\n<li><a href=\"https:\/\/www.aurum.com.br\/blog\/codigo-tributario-nacional-ctn\/\">CTN \u2013 C\u00f3digo Tribut\u00e1rio Nacional<\/a>\u00a0comentado<\/li>\n<\/ul>\n\n\n<style>\r\n  .news-post {\r\n    background: url('https:\/\/www.aurum.com.br\/blog\/wp-content\/themes\/aurum\/img\/bg-news-artigo.svg') no-repeat top center #3C48AA;\r\n    padding: 1.5rem;\r\n    border-radius: 6px;\r\n    margin: 1rem 0;\r\n  }\r\n  .news-post .icone {\r\n    display: none;\r\n  }\r\n  .news-post .title {\r\n    font-weight: 700;\r\n    font-size: 16px;\r\n    line-height: 130%;\r\n    text-align: center;\r\n    letter-spacing: -0.5px;\r\n    color: #fff;\r\n    margin-bottom: .9375rem;\r\n  }\r\n  .news-post p {\r\n    font-size: .875rem;\r\n    line-height: 140%;\r\n    text-align: center;\r\n    color: #fff;\r\n    margin-bottom: 1.25rem;\r\n  }\r\n  .news-post .news_button_span {\r\n    font-size: .8125rem;\r\n    display: block;\r\n    padding: .125rem .3125rem;\r\n    color: #fff;\r\n    text-align:left;\r\n  }\r\n  .news-post .news_button_span a {\r\n    color: #fff !important;\r\n    text-decoration: underline;\r\n  }\r\n  .news-post form {\r\n    width: 100%;\r\n  }\r\n  .news-post label {\r\n    font-weight: 600;\r\n    font-size: .9375rem;\r\n    line-height: 1.5rem;\r\n    margin-bottom: .5rem;\r\n    color: #fff;\r\n    display: block;\r\n  }\r\n  .news-post input {\r\n    background: #fff;\r\n    border: 1px solid #CBCBD9;\r\n    box-sizing: border-box;\r\n    border-radius: 4px;\r\n    padding: .75rem 1rem;\r\n    width: 100%;\r\n  }\r\n  .news-post button {\r\n    margin-top: .875rem;\r\n    width: 100%;\r\n    min-width: auto;\r\n    background: #FCC632;\r\n    color: #3C48AA;\r\n  }\r\n  .news-post .input {\r\n    position: relative;\r\n    padding-bottom: 10px;\r\n  }\r\n  .news-post .error-message-ad {\r\n    font-size: .875rem;\r\n    line-height: 130%;\r\n    color: #D50021;\r\n    margin-left: 4px;\r\n  }\r\n  .news-post .error {\r\n    border: 1px solid #D50021;\r\n  }\r\n  .news-post #message-form-ad {\r\n    border-radius: 4px;\r\n    padding: 0.7rem;\r\n    font-size:0.8rem;\r\n    text-align: center;\r\n    align-items: center;\r\n    justify-content: center;\r\n    display: none;\r\n  }\r\n  .news-post #message-form-ad svg {\r\n    margin-right: 8px;\r\n  }\r\n\r\n  @media(min-width: 561px) {\r\n    .news-post {\r\n      position: relative;\r\n      background: url('https:\/\/www.aurum.com.br\/blog\/wp-content\/themes\/aurum\/img\/bg-news-artigo.svg') no-repeat top center #3C48AA;\r\n      width: calc(100% - 30px);\r\n    }\r\n    .news-post .icone {\r\n      display: block;\r\n      position: absolute;\r\n      right: -30px;\r\n      top: 65px;\r\n      max-width: 142px;\r\n      width: 100%;\r\n      height: auto;\r\n      margin: 0;\r\n    }\r\n    .news-post .title {\r\n      font-size: 1.125rem;\r\n      text-align: left;\r\n      \/* padding-right: 3.75rem; *\/\r\n    }\r\n    .news-post p {\r\n      font-size: 1rem;\r\n      text-align: left;\r\n      max-width: 400px;\r\n    }\r\n    .news-post .boxes {\r\n      display: flex;\r\n      align-items: flex-start;\r\n    }\r\n    .news-post button {\r\n      margin: 0 0 0 1rem;\r\n      width: 100%;\r\n      max-width: 170px;\r\n      min-width: auto;\r\n      transition: all ease .3s\r\n    }\r\n    .news-post button:hover {\r\n      opacity: 0.9;\r\n      transition: all ease .3s\r\n    }\r\n    .news-post #message-form-ad {\r\n      padding: 1.125rem;\r\n      font-size:1rem;\r\n    }\r\n    .news-post #message-form-ad svg {\r\n      margin-right: 10px;\r\n    }\r\n  }\r\n<\/style>\r\n\r\n<div class=\"news-post\">\r\n  <div class=\"title news-ad-title\">Gostou do artigo e quer evoluir a sua advocacia?<\/div>\r\n  <p class=\"news-ad-subtitle\">Assine gr\u00e1tis a Aurum News e receba uma dose semanal de conte\u00fado no seu e-mail! \u270c\ufe0f<\/p>\r\n  <img decoding=\"async\" src=\"https:\/\/www.aurum.com.br\/blog\/wp-content\/themes\/aurum\/img\/icon-news-artigo.svg\" alt=\"\" class=\"icone\">\r\n\r\n  <form method=\"post\" name=\"newsletter-ad\" id=\"aurum-newsletter-ad\">\r\n    <div class=boxes>\r\n      <div class=\"input\">\r\n        <label class=\"label-email\" htmlFor=\"email-ad\">Qual seu e-mail?<\/label>\r\n        <input type=\"email\" id=\"email-ad\" name=\"newsletter-mail-ad\" placeholder=\"Digite seu e-mail?\">\r\n        <div class=\"error-message-ad-email\">Endere\u00e7o de e-mail inv\u00e1lido ou incorreto<\/div>\r\n\r\n        <label class=\"label-select\" htmlFor=\"lawsuits-select-ad\">\r\n          Quantos processos voc\u00ea ou<br class=\"for-desktop\"\/> seu escrit\u00f3rio acompanham?\r\n        <\/label>\r\n        <div id=\"lawsuits-select-ad\" class=\"lawsuits-select select-wrapper\" tabindex=\"0\">\r\n          <div class=\"s-dropdown--styled\">\r\n          <span class=\"lawsuits-default\">\r\n            <span id=\"lawsuits-newsletter-ad\" class=\"lawsuits-default-text\" data-value=\"\">Selecione os processos<\/span>\r\n            <svg class=\"chevron\" xmlns=\"http:\/\/www.w3.org\/2000\/svg\" width=\"24\" height=\"25\" viewBox=\"0 0 24 25\" fill=\"none\">\r\n              <path d=\"M6 15.6152L12 9.61523L18 15.6152\" stroke=\"black\" stroke-width=\"2\" stroke-linecap=\"round\" stroke-linejoin=\"round\" \/>\r\n            <\/svg>\r\n          <\/span>\r\n\r\n          <ul class=\"s-dropdown u-hide\">\r\n            <li class=\"lawsuits\" data-value=\"Mais de 1000 processos\">Mais de 1000 processos<\/li>\r\n            <li class=\"lawsuits\" data-value=\"De 501 a 1000 processos\">De 501 a 1000 processos<\/li>\r\n            <li class=\"lawsuits\" data-value=\"De 151 a 500 processos\">De 151 a 500 processos<\/li>\r\n            <li class=\"lawsuits\" data-value=\"De 41 a 150 processos\">De 41 a 150 processos<\/li>\r\n            <li class=\"lawsuits\" data-value=\"At\u00e9 40 processos\">At\u00e9 40 processos<\/li>\r\n            <li class=\"lawsuits\" data-value=\"Atuo apenas no consultivo\">Atuo apenas no consultivo<\/li>\r\n            <li class=\"lawsuits\" data-value=\"Ainda sou estudante de direito\">Ainda sou estudante de direito<\/li>\r\n            <li class=\"lawsuits\" data-value=\"N\u00e3o sou da \u00e1rea jur\u00eddica\">N\u00e3o sou da \u00e1rea jur\u00eddica<\/li>\r\n          <\/ul>\r\n          <\/div>\r\n        <\/div>\r\n        <div class=\"error-message-ad-lawsuits\">Selecione algum processo<\/div>\r\n      <\/div>\r\n      <button class=\"btn btn-yellow ad-btn-desktop\" id=\"aurum-submit-ad\">Assinar gr\u00e1tis<\/button>\r\n      <button class=\"btn btn-yellow ad-btn-mobile\" id=\"aurum-submit-ad\">Assinar<\/button>\r\n    <\/div>\r\n    <span class=\"news_button_span\">Ao se cadastrar voc\u00ea declara que leu e aceitou a pol\u00edtica de privacidade e cookies do <a href=\"https:\/\/s3.sa-east-1.amazonaws.com\/publico.aurum.com.br\/contratos\/politica-de-privacidade.pdf\" target=\"_blank\" rel=\"noopener noreferrer\">site<\/a>.<\/span>\r\n  <\/form>\r\n  <div id=\"message-form-ad\"><\/div>\r\n<\/div>","protected":false},"excerpt":{"rendered":"<p>A negativa\u00e7\u00e3o indevida ocorre quando o nome de uma pessoa \u00e9 inclu\u00eddo indevidamente em cadastros de inadimplentes de \u00f3rg\u00e3os de prote\u00e7\u00e3o de cr\u00e9dito. Essa pr\u00e1tica pode gerar preju\u00edzos \u00e0 pessoa afetada e, consequentemente, indeniza\u00e7\u00e3o por danos morais. Uma pessoa com o nome negativado ou, como popularmente chamamos, \u201cnome sujo\u201d, j\u00e1 possui dificuldades em meio a [&hellip;]<\/p>\n","protected":false},"author":131,"featured_media":32750,"comment_status":"open","ping_status":"open","sticky":false,"template":"","format":"standard","meta":{"_bbp_topic_count":0,"_bbp_reply_count":0,"_bbp_total_topic_count":0,"_bbp_total_reply_count":0,"_bbp_voice_count":0,"_bbp_anonymous_reply_count":0,"_bbp_topic_count_hidden":0,"_bbp_reply_count_hidden":0,"_bbp_forum_subforum_count":0,"inline_featured_image":false,"footnotes":""},"categories":[25],"tags":[],"class_list":["post-32748","post","type-post","status-publish","format-standard","has-post-thumbnail","hentry","category-direito-do-consumidor"],"acf":[],"_links":{"self":[{"href":"https:\/\/www.aurum.com.br\/blog\/wp-json\/wp\/v2\/posts\/32748","targetHints":{"allow":["GET"]}}],"collection":[{"href":"https:\/\/www.aurum.com.br\/blog\/wp-json\/wp\/v2\/posts"}],"about":[{"href":"https:\/\/www.aurum.com.br\/blog\/wp-json\/wp\/v2\/types\/post"}],"author":[{"embeddable":true,"href":"https:\/\/www.aurum.com.br\/blog\/wp-json\/wp\/v2\/users\/131"}],"replies":[{"embeddable":true,"href":"https:\/\/www.aurum.com.br\/blog\/wp-json\/wp\/v2\/comments?post=32748"}],"version-history":[{"count":3,"href":"https:\/\/www.aurum.com.br\/blog\/wp-json\/wp\/v2\/posts\/32748\/revisions"}],"predecessor-version":[{"id":32753,"href":"https:\/\/www.aurum.com.br\/blog\/wp-json\/wp\/v2\/posts\/32748\/revisions\/32753"}],"wp:featuredmedia":[{"embeddable":true,"href":"https:\/\/www.aurum.com.br\/blog\/wp-json\/wp\/v2\/media\/32750"}],"wp:attachment":[{"href":"https:\/\/www.aurum.com.br\/blog\/wp-json\/wp\/v2\/media?parent=32748"}],"wp:term":[{"taxonomy":"category","embeddable":true,"href":"https:\/\/www.aurum.com.br\/blog\/wp-json\/wp\/v2\/categories?post=32748"},{"taxonomy":"post_tag","embeddable":true,"href":"https:\/\/www.aurum.com.br\/blog\/wp-json\/wp\/v2\/tags?post=32748"}],"curies":[{"name":"wp","href":"https:\/\/api.w.org\/{rel}","templated":true}]}}