{"id":32423,"date":"2025-02-19T23:22:00","date_gmt":"2025-02-20T02:22:00","guid":{"rendered":"https:\/\/www.aurum.com.br\/blog\/?p=32423"},"modified":"2025-02-20T11:33:54","modified_gmt":"2025-02-20T14:33:54","slug":"legislacao-ambiental","status":"publish","type":"post","link":"https:\/\/www.aurum.com.br\/blog\/legislacao-ambiental\/","title":{"rendered":"Legisla\u00e7\u00e3o ambiental: conhe\u00e7a quais s\u00e3o as 7 principais leis ambientais brasileiras"},"content":{"rendered":"<div id=\"bsf_rt_marker\"><\/div>\n<pre class=\"wp-block-preformatted\">A <strong>legisla\u00e7\u00e3o ambiental <\/strong>no Brasil \u00e9 um conjunto de normas que regulam a aplica\u00e7\u00e3o do Direito Ambiental em todo o territ\u00f3rio nacional. O pa\u00eds possui uma das legisla\u00e7\u00f5es ambientais mais rigorosas do mundo, buscando equilibrar o desenvolvimento econ\u00f4mico com a prote\u00e7\u00e3o do meio ambiente.<\/pre>\n\n\n\n<p>Atualmente, o Brasil n\u00e3o possui um c\u00f3digo ambiental unificado, o que significa que <strong>o Direito Ambiental \u00e9 aplicado por meio de diversas leis que cobrem diferentes aspectos da prote\u00e7\u00e3o ambiental<\/strong>. A Constitui\u00e7\u00e3o Federal de 1988, no artigo 225 e seus par\u00e1grafos, estabelece diretrizes gerais para a prote\u00e7\u00e3o do meio ambiente.<\/p>\n\n\n\n<p>J\u00e1 a responsabilidade ambiental no Brasil \u00e9 dividida em tr\u00eas esferas: administrativa, penal e civil. Cada uma delas possui um conjunto de normas pr\u00f3prio, definindo tipos de infra\u00e7\u00f5es e penalidades. <\/p>\n\n\n\n<p>Al\u00e9m disso, o meio ambiente \u00e9 composto por diversos elementos, como ar, \u00e1gua, solo, fauna, flora, biomas e clima. Para cada um desses bens naturais, existe uma regulamenta\u00e7\u00e3o espec\u00edfica.<\/p>\n\n\n\n<p>Diante dessa diversidade de normas, \u00e9 essencial que advogados, empresas e cidad\u00e3os compreendam as principais leis ambientais e saibam como aplic\u00e1-las no dia a dia. Este artigo traz um resumo das legisla\u00e7\u00f5es mais importantes, ajudando voc\u00ea a entender melhor seus direitos e deveres na prote\u00e7\u00e3o do meio ambiente.<\/p>\n\n\n\n<p>Continue a leitura para saber mais! \ud83d\ude09<\/p>\n\n\n\n<h2 class=\"wp-block-heading\">O que \u00e9 legisla\u00e7\u00e3o ambiental?<\/h2>\n\n\n\n<p>A legisla\u00e7\u00e3o ambiental \u00e9 o <strong>conjunto de leis, decretos e normas que regulam a prote\u00e7\u00e3o do meio ambiente<\/strong>. Seu objetivo \u00e9 garantir um equil\u00edbrio entre o desenvolvimento econ\u00f4mico e a preserva\u00e7\u00e3o dos recursos naturais, protegendo a biodiversidade e a qualidade de vida da popula\u00e7\u00e3o.<\/p>\n\n\n\n<h2 class=\"wp-block-heading\">Qual o objetivo da legisla\u00e7\u00e3o ambiental?<\/h2>\n\n\n\n<p>No Brasil, a legisla\u00e7\u00e3o ambiental <strong>estabelece direitos e deveres para empresas, cidad\u00e3os e o pr\u00f3prio Estado em rela\u00e7\u00e3o ao uso sustent\u00e1vel dos recursos naturais<\/strong>. Ela abrange temas como polui\u00e7\u00e3o, desmatamento, conserva\u00e7\u00e3o da fauna e flora, saneamento b\u00e1sico e impactos ambientais de atividades econ\u00f4micas.<\/p>\n\n\n\n<h2 class=\"wp-block-heading\">Quem fiscaliza o cumprimento da legisla\u00e7\u00e3o ambiental?<\/h2>\n\n\n\n<p>A fiscaliza\u00e7\u00e3o do cumprimento da legisla\u00e7\u00e3o ambiental no Brasil \u00e9 realizada por diferentes \u00f3rg\u00e3os, em n\u00edvel federal, estadual e municipal. Os principais s\u00e3o:<\/p>\n\n\n\n<ol class=\"wp-block-list\">\n<li><strong>Instituto Brasileiro do Meio Ambiente e dos Recursos Naturais Renov\u00e1veis (IBAMA)<\/strong>: \u00f3rg\u00e3o federal respons\u00e1vel por fiscalizar infra\u00e7\u00f5es ambientais, aplicar multas e embargar atividades que causam danos ambientais;<\/li>\n\n\n\n<li><strong>Institutos Estaduais de Meio Ambiente<\/strong>: cada estado possui um \u00f3rg\u00e3o ambiental pr\u00f3prio, como a CETESB (S\u00e3o Paulo) e o IEMA (Esp\u00edrito Santo), que atuam na fiscaliza\u00e7\u00e3o e licenciamento ambiental;<\/li>\n\n\n\n<li><strong>Secretarias Municipais de Meio Ambiente<\/strong>: nos munic\u00edpios, h\u00e1 \u00f3rg\u00e3os respons\u00e1veis por fiscalizar atividades locais e aplicar san\u00e7\u00f5es quando necess\u00e1rio;<\/li>\n\n\n\n<li><strong>Pol\u00edcia Ambiental<\/strong>: atua na repress\u00e3o de crimes ambientais, como desmatamento ilegal, tr\u00e1fico de animais silvestres e pesca predat\u00f3ria;<\/li>\n\n\n\n<li><strong>Minist\u00e9rio P\u00fablico<\/strong>: fiscaliza o cumprimento da legisla\u00e7\u00e3o ambiental e pode entrar com a\u00e7\u00f5es judiciais contra infratores.<\/li>\n<\/ol>\n\n\n\n<p>Esses \u00f3rg\u00e3os trabalham em conjunto para garantir que empresas, produtores rurais e cidad\u00e3os cumpram as normas ambientais, <strong>evitando danos \u00e0 natureza e protegendo os recursos naturais para as futuras gera\u00e7\u00f5es<\/strong>.<\/p>\n\n\n\n<h2 class=\"wp-block-heading\">Quais s\u00e3o as 7 principais leis ambientais brasileiras?<\/h2>\n\n\n\n<p>A legisla\u00e7\u00e3o ambiental brasileira \u00e9 uma das mais completas do mundo, reunindo diversas normas para proteger o meio ambiente. Entre as principais leis ambientais, destacam-se:<\/p>\n\n\n\n<ol class=\"wp-block-list\">\n<li>Constitui\u00e7\u00e3o Federal (artigo 225);<\/li>\n\n\n\n<li>Lei da <a href=\"https:\/\/www.aurum.com.br\/blog\/politica-nacional-do-meio-ambiente\/\" data-wpil-monitor-id=\"437\">Pol\u00edtica Nacional do Meio Ambiente<\/a> (Lei n\u00ba 6.938\/1981);<\/li>\n\n\n\n<li>Lei dos Crimes Ambientais (Lei n\u00ba 9.605\/1998);<\/li>\n\n\n\n<li>C\u00f3digo Florestal (Lei n\u00ba 12.651\/2012);<\/li>\n\n\n\n<li>Lei de Prote\u00e7\u00e3o da Fauna (Lei n\u00ba 5.197\/1967);<\/li>\n\n\n\n<li>Lei da Pol\u00edtica Nacional de Res\u00edduos S\u00f3lidos (Lei n\u00ba 12.305\/2010);<\/li>\n\n\n\n<li>Decreto das Infra\u00e7\u00f5es Administrativas Ambientais (Decreto n\u00ba 6.514\/2008).<\/li>\n<\/ol>\n\n\n\n<p>Essas leis formam a base da legisla\u00e7\u00e3o ambiental no Brasil, garantindo diretrizes para a prote\u00e7\u00e3o dos recursos naturais e o desenvolvimento sustent\u00e1vel.<\/p>\n\n\n\n<p>Vejamos cada uma separadamente:<\/p>\n\n\n\n<h3 class=\"wp-block-heading\">1. Legisla\u00e7\u00e3o Ambiental: o que diz a Constitui\u00e7\u00e3o Federal?<\/h3>\n\n\n\n<p>A <a href=\"https:\/\/www.planalto.gov.br\/ccivil_03\/constituicao\/constituicaocompilado.htm\" target=\"_blank\" rel=\"noopener\">Constitui\u00e7\u00e3o Federal<\/a> dedica um cap\u00edtulo exclusivo ao meio ambiente, assegurando a todos o direito a um ambiente ecologicamente equilibrado. O artigo 225 imp\u00f5e ao Poder P\u00fablico e \u00e0 sociedade a responsabilidade de proteger e preservar esse direito para as gera\u00e7\u00f5es presentes e futuras, estabelecendo princ\u00edpios fundamentais da legisla\u00e7\u00e3o ambiental brasileira.<\/p>\n\n\n\n<p>Para garantir essa prote\u00e7\u00e3o, o Estado deve:<\/p>\n\n\n\n<ul class=\"wp-block-list\">\n<li><strong>Preservar e recuperar<\/strong> os processos ecol\u00f3gicos essenciais;<\/li>\n\n\n\n<li><strong>Fiscalizar<\/strong> a pesquisa e manipula\u00e7\u00e3o de material gen\u00e9tico;<\/li>\n\n\n\n<li><strong>Criar<\/strong> \u00e1reas de prote\u00e7\u00e3o ambiental;<\/li>\n\n\n\n<li><strong>Exigir<\/strong> estudos de impacto ambiental para atividades de grande porte;<\/li>\n\n\n\n<li><strong>Promover<\/strong> a educa\u00e7\u00e3o ambiental;<\/li>\n\n\n\n<li><strong>Proteger<\/strong> a fauna e a flora de pr\u00e1ticas que possam amea\u00e7\u00e1-las.<\/li>\n<\/ul>\n\n\n\n<p>Al\u00e9m disso, a legisla\u00e7\u00e3o ambiental prev\u00ea a responsabilidade objetiva pela recupera\u00e7\u00e3o de danos ao meio ambiente, aplicando san\u00e7\u00f5es para infra\u00e7\u00f5es independentemente de culpa.<\/p>\n\n\n\n<p>O artigo 225 tamb\u00e9m destaca a preserva\u00e7\u00e3o de biomas essenciais, como a Floresta Amaz\u00f4nica, Mata Atl\u00e2ntica, Serra do Mar, Pantanal Mato-Grossense e Zona Costeira, reconhecendo-os como patrim\u00f4nio nacional. Estabelece, ainda, que a localiza\u00e7\u00e3o de usinas nucleares deve ser definida por lei federal e que pr\u00e1ticas esportivas com animais precisam ser regulamentadas para garantir seu bem-estar.<\/p>\n\n\n\n<h3 class=\"wp-block-heading\">2. Lei da Pol\u00edtica Nacional do Meio Ambiente (Lei n\u00ba 6.938\/1981): o marco da legisla\u00e7\u00e3o ambiental <\/h3>\n\n\n\n<p>Antes mesmo da Constitui\u00e7\u00e3o Federal de 1988, a Lei da Pol\u00edtica Nacional do Meio Ambiente (Lei n\u00ba 6.938\/1981) j\u00e1 estabelecia medidas essenciais para a preserva\u00e7\u00e3o e o equil\u00edbrio ambiental no Brasil.<\/p>\n\n\n\n<p>Essa legisla\u00e7\u00e3o representa um <strong>conjunto de princ\u00edpios e diretrizes voltados para a prote\u00e7\u00e3o, melhoria e recupera\u00e7\u00e3o da qualidade ambiental<\/strong>, assegurando condi\u00e7\u00f5es adequadas para o desenvolvimento socioecon\u00f4mico e a dignidade da vida humana.<\/p>\n\n\n\n<p>Al\u00e9m de definir princ\u00edpios fundamentais para a preserva\u00e7\u00e3o do meio ambiente, a Pol\u00edtica Nacional do Meio Ambiente (PNMA) tamb\u00e9m:<\/p>\n\n\n\n<ul class=\"wp-block-list\">\n<li>Estabelece conceitos e objetivos para a gest\u00e3o ambiental no pa\u00eds;<\/li>\n\n\n\n<li>Cria o Sistema Nacional do Meio Ambiente (SISNAMA) e o Conselho Nacional do Meio Ambiente (CONAMA);<\/li>\n\n\n\n<li>Define instrumentos e mecanismos para a implementa\u00e7\u00e3o das pol\u00edticas ambientais.<\/li>\n<\/ul>\n\n\n\n<p>Considerada um dos marcos mais importantes da legisla\u00e7\u00e3o ambiental brasileira, <strong>a Lei n\u00ba 6.938\/81 serviu de base para a cria\u00e7\u00e3o do cap\u00edtulo sobre o meio ambiente na Constitui\u00e7\u00e3o Federal de 1988<\/strong>, consolidando a prote\u00e7\u00e3o ambiental como um dever do Estado e da sociedade.<\/p>\n\n\n\n<p>Mesmo ap\u00f3s mais de 40 anos de vig\u00eancia, essa lei continua sendo uma refer\u00eancia essencial no <a href=\"https:\/\/www.aurum.com.br\/blog\/glossario-juridico\/direito-ambiental\/\" data-wpil-monitor-id=\"439\">direito ambiental<\/a>, desempenhando um papel fundamental na conserva\u00e7\u00e3o dos recursos naturais e na garantia de um meio ambiente equilibrado para as futuras gera\u00e7\u00f5es.<\/p>\n\n\n\n<h3 class=\"wp-block-heading\">3. Lei dos Crimes Ambientais (Lei n\u00ba 9.605\/1998)<\/h3>\n\n\n\n<p>No Brasil, a responsabilidade penal ambiental \u00e9 regulada principalmente pela Lei dos Crimes Ambientais (Lei n\u00ba 9.605\/1998), um dos principais instrumentos da legisla\u00e7\u00e3o ambiental para a prote\u00e7\u00e3o e recupera\u00e7\u00e3o do meio ambiente.<\/p>\n\n\n\n<p>Essa lei tem como objetivo <strong>punir infratores e desestimular pr\u00e1ticas prejudiciais<\/strong>, garantindo a preserva\u00e7\u00e3o de um meio ambiente equilibrado. Para isso, tipifica diversas condutas como crimes ambientais, abrangendo diferentes formas de degrada\u00e7\u00e3o.<\/p>\n\n\n\n<p>A norma protege tr\u00eas dimens\u00f5es do meio ambiente:<\/p>\n\n\n\n<ul class=\"wp-block-list\">\n<li><strong>Meio ambiente natural<\/strong> \u2013 \u00e1gua, solo, ar, flora e fauna;<\/li>\n\n\n\n<li><strong>Meio ambiente cultural<\/strong> \u2013 patrim\u00f4nio art\u00edstico, hist\u00f3rico, tur\u00edstico, paisag\u00edstico e arqueol\u00f3gico;<\/li>\n\n\n\n<li><strong>Meio ambiente artificial<\/strong> \u2013 espa\u00e7os urbanos, como ruas, pra\u00e7as, cal\u00e7adas e \u00e1reas verdes.<\/li>\n<\/ul>\n\n\n\n<p>Ao estabelecer san\u00e7\u00f5es rigorosas para infra\u00e7\u00f5es ambientais, a Lei n\u00ba 9.605\/98 refor\u00e7a a necessidade de uma atua\u00e7\u00e3o preventiva e punitiva na legisla\u00e7\u00e3o ambiental, promovendo a <strong>conserva\u00e7\u00e3o dos recursos naturais e o desenvolvimento sustent\u00e1vel.<\/strong><\/p>\n\n\n\n<h3 class=\"wp-block-heading\">4. C\u00f3digo Florestal (Lei n\u00ba 12.651\/12)<\/h3>\n\n\n\n<p>O C\u00f3digo Florestal \u00e9 a lei que <strong>estabelece normas para a prote\u00e7\u00e3o das florestas e da vegeta\u00e7\u00e3o nativa, regulando \u00e1reas de Preserva\u00e7\u00e3o Permanente (APPs) e Reserva Legal<\/strong>. <\/p>\n\n\n\n<p>Al\u00e9m disso, define regras para a explora\u00e7\u00e3o florestal, o suprimento de mat\u00e9ria-prima, o controle da origem dos produtos florestais e a preven\u00e7\u00e3o de inc\u00eandios florestais.<\/p>\n\n\n\n<p>O Brasil abriga seis biomas principais \u2013 Pampa, Mata Atl\u00e2ntica, Cerrado, Caatinga, Pantanal e Amaz\u00f4nia \u2013 que se distribuem por diversos estados do pa\u00eds. O C\u00f3digo Florestal estabelece normas gerais aplic\u00e1veis a todos os biomas, garantindo a preserva\u00e7\u00e3o dos ecossistemas.<\/p>\n\n\n\n<p>A vers\u00e3o atual do C\u00f3digo Florestal foi institu\u00edda pela Lei n\u00ba 12.651\/2012, substituindo a antiga Lei n\u00ba 4.771\/1965. Antes disso, o Brasil j\u00e1 possu\u00eda um C\u00f3digo Florestal criado pelo Decreto n\u00ba 23.793\/1934, durante o governo de Get\u00falio Vargas, demonstrando a preocupa\u00e7\u00e3o hist\u00f3rica com a conserva\u00e7\u00e3o ambiental.<\/p>\n\n\n\n<p>Considerado uma das legisla\u00e7\u00f5es ambientais mais importantes do pa\u00eds, o C\u00f3digo Florestal d<strong>efine conceitos ambientais, regras para o uso do solo e diretrizes para a explora\u00e7\u00e3o sustent\u00e1vel das florestas<\/strong>. Ainda, regulamenta situa\u00e7\u00f5es espec\u00edficas relacionadas a \u00e1reas consolidadas, equilibrando a preserva\u00e7\u00e3o do meio ambiente com as necessidades do desenvolvimento econ\u00f4mico.<\/p>\n\n\n\n<hr class=\"wp-block-separator has-alpha-channel-opacity\"\/>\n\n\n\n<p>Leia tamb\u00e9m:<\/p>\n\n\n\n<ul class=\"wp-block-list\">\n<li><a href=\"https:\/\/www.aurum.com.br\/blog\/licenciamento-ambiental\/\" data-type=\"post\" data-id=\"20174\">O que \u00e9 e para que serve o licenciamento ambiental?<\/a><\/li>\n\n\n\n<li><a href=\"https:\/\/www.aurum.com.br\/blog\/codigo-florestal\/\" data-type=\"post\" data-id=\"31159\">C\u00f3digo Florestal (Lei 12.651\/12): Qual a sua import\u00e2ncia?<\/a><\/li>\n\n\n\n<li><a href=\"https:\/\/www.aurum.com.br\/blog\/principios-do-direito-ambiental\/\" data-type=\"post\" data-id=\"8798\">Princ\u00edpios do Direito Ambiental: quais s\u00e3o, import\u00e2ncia e exemplos<\/a><\/li>\n\n\n\n<li><a href=\"https:\/\/www.aurum.com.br\/blog\/advogado-ambientalista\/\" data-type=\"post\" data-id=\"29671\">Advogado ambientalista: tudo o que voc\u00ea precisa saber&nbsp;<\/a><\/li>\n<\/ul>\n\n\n\n<hr class=\"wp-block-separator has-alpha-channel-opacity\"\/>\n\n\n\n<h3 class=\"wp-block-heading\">5. Lei de Prote\u00e7\u00e3o da Fauna (Lei n\u00ba 5.197\/1967)<\/h3>\n\n\n\n<p>A Lei n\u00ba 5.197\/1967 estabelece medidas para a prote\u00e7\u00e3o da fauna brasileira, definindo a <strong>fauna silvestre como propriedade do Estado e proibindo sua ca\u00e7a ou persegui\u00e7\u00e3o.<\/strong><\/p>\n\n\n\n<p>De acordo com o artigo 1\u00ba, s\u00e3o considerados fauna silvestre todos os animais que vivem fora do cativeiro, bem como seus ninhos, abrigos e criadouros naturais. A norma determina que \u00e9 proibida sua utiliza\u00e7\u00e3o, persegui\u00e7\u00e3o, destrui\u00e7\u00e3o, ca\u00e7a ou captura.<\/p>\n\n\n\n<p>No entanto, o par\u00e1grafo 1\u00ba do artigo 1\u00ba permite a ca\u00e7a em situa\u00e7\u00f5es espec\u00edficas, levando em conta peculiaridades regionais, desde que haja autoriza\u00e7\u00e3o do Poder P\u00fablico Federal.<\/p>\n\n\n\n<p>Em regra, a ca\u00e7a profissional e o com\u00e9rcio de animais silvestres s\u00e3o proibidos no Brasil, refor\u00e7ando o compromisso da legisla\u00e7\u00e3o ambiental com a preserva\u00e7\u00e3o da biodiversidade e o combate ao tr\u00e1fico de animais.<\/p>\n\n\n\n<figure class=\"wp-block-pullquote classe bq-small\"><blockquote><p><strong>Art. 1\u00ba.<\/strong> Os animais de quaisquer esp\u00e9cies, em qualquer fase do seu desenvolvimento e que vivem naturalmente fora do cativeiro, constituindo a fauna silvestre, bem como seus ninhos, abrigos e criadouros naturais s\u00e3o propriedades do Estado, sendo proibida a sua utiliza\u00e7\u00e3o, persegui\u00e7\u00e3o, destrui\u00e7\u00e3o, ca\u00e7a ou apanha.<br><br>\u00a7 1\u00ba Se peculiaridades regionais comportarem o exerc\u00edcio da ca\u00e7a, a permiss\u00e3o ser\u00e1 estabelecida em ato regulamentador do Poder P\u00fablico Federal.<br><br>\u00a7 2\u00ba A utiliza\u00e7\u00e3o, persegui\u00e7\u00e3o, ca\u00e7a ou apanha de esp\u00e9cies da fauna silvestre em terras de dom\u00ednio privado, mesmo quando permitidas na forma do par\u00e1grafo anterior, poder\u00e3o ser igualmente proibidas pelos respectivos propriet\u00e1rios, assumindo estes a responsabilidade de fiscaliza\u00e7\u00e3o de seus dom\u00ednios. Nestas \u00e1reas, para a pr\u00e1tica do ato de ca\u00e7a \u00e9 necess\u00e1rio o consentimento expresso ou t\u00e1cito dos propriet\u00e1rios, nos termos dos arts. 594, 595, 596, 597 e 598 do C\u00f3digo Civil.<\/p><\/blockquote><\/figure>\n\n\n\n<h3 class=\"wp-block-heading\">6. Lei da Pol\u00edtica Nacional de Res\u00edduos S\u00f3lidos (Lei n\u00ba 12.305\/2010)<\/h3>\n\n\n\n<p>A Lei n\u00ba 12.305\/2010 instituiu a Pol\u00edtica Nacional de Res\u00edduos S\u00f3lidos (PNRS), estabelecendo princ\u00edpios fundamentais para a gest\u00e3o sustent\u00e1vel dos res\u00edduos no Brasil. De acordo com o artigo 6\u00ba, os principais princ\u00edpios da PNRS s\u00e3o:<\/p>\n\n\n\n<ul class=\"wp-block-list\">\n<li><strong>Preven\u00e7\u00e3o e precau\u00e7\u00e3o<\/strong>: medidas devem ser adotadas para evitar impactos ambientais antes que eles ocorram;<\/li>\n\n\n\n<li><strong>Poluidor-pagador e protetor-recebedor<\/strong>: quem gera impactos ambientais deve arcar com os custos da repara\u00e7\u00e3o, enquanto quem protege o meio ambiente pode ser incentivado;<\/li>\n\n\n\n<li><strong>Vis\u00e3o sist\u00eamica<\/strong>: a gest\u00e3o de res\u00edduos deve considerar fatores ambientais, sociais, econ\u00f4micos, culturais e de sa\u00fade p\u00fablica;<\/li>\n\n\n\n<li><strong>Desenvolvimento sustent\u00e1vel<\/strong>: equil\u00edbrio entre crescimento econ\u00f4mico e preserva\u00e7\u00e3o ambiental;<\/li>\n\n\n\n<li><strong>Ecoefici\u00eancia<\/strong>: produ\u00e7\u00e3o e consumo devem reduzir impactos ambientais e o uso de recursos naturais, mantendo pre\u00e7os acess\u00edveis e qualidade de vida;<\/li>\n\n\n\n<li><strong>Coopera\u00e7\u00e3o<\/strong>: o poder p\u00fablico, setor empresarial e sociedade devem atuar juntos na gest\u00e3o de res\u00edduos;<\/li>\n\n\n\n<li><strong>Responsabilidade compartilhada<\/strong>: todos os envolvidos no ciclo de vida dos produtos (fabricantes, distribuidores, consumidores e governo) devem contribuir para sua destina\u00e7\u00e3o adequada;<\/li>\n\n\n\n<li><strong>Valoriza\u00e7\u00e3o dos res\u00edduos recicl\u00e1veis<\/strong>: o res\u00edduo s\u00f3lido deve ser visto como um bem econ\u00f4mico e gerador de trabalho e renda;<\/li>\n\n\n\n<li><strong>Respeito \u00e0s diversidades regionais<\/strong>: a gest\u00e3o de res\u00edduos deve considerar as diferen\u00e7as locais e culturais do pa\u00eds;<\/li>\n\n\n\n<li><strong>Direito \u00e0 informa\u00e7\u00e3o e controle social<\/strong>: a sociedade deve ter acesso a informa\u00e7\u00f5es e participar da fiscaliza\u00e7\u00e3o ambiental;<\/li>\n\n\n\n<li><strong>Razoabilidade e proporcionalidade<\/strong>: as medidas adotadas devem ser justas e equilibradas.<\/li>\n<\/ul>\n\n\n\n<p>A Pol\u00edtica Nacional de Res\u00edduos S\u00f3lidos refor\u00e7a a import\u00e2ncia da gest\u00e3o consciente dos res\u00edduos, promovendo a <strong>redu\u00e7\u00e3o, reutiliza\u00e7\u00e3o e reciclagem como caminhos para um futuro sustent\u00e1vel<\/strong>.<\/p>\n\n\n\n<h3 class=\"wp-block-heading\">7. Decreto das Infra\u00e7\u00f5es Administrativas Ambientais (Decreto n\u00ba 6.514\/2008)<\/h3>\n\n\n\n<p>O Decreto n\u00ba 6.514\/2008 estabelece as regras para a apura\u00e7\u00e3o de infra\u00e7\u00f5es e aplica\u00e7\u00e3o de san\u00e7\u00f5es administrativas ambientais no Brasil. Ele regulamenta o processo administrativo federal, <strong>garantindo que a\u00e7\u00f5es lesivas ao meio ambiente sejam identificadas e punidas conforme a legisla\u00e7\u00e3o ambiental vigente<\/strong>.<\/p>\n\n\n\n<p>A responsabilidade ambiental no pa\u00eds \u00e9 dividida em tr\u00eas esferas: administrativa, civil e penal. No \u00e2mbito administrativo, o Decreto n\u00ba 6.514\/08 define o que caracteriza uma infra\u00e7\u00e3o administrativa e especifica as situa\u00e7\u00f5es em que h\u00e1 incid\u00eancia de penalidades.<\/p>\n\n\n\n<p>De acordo com o artigo 2\u00ba, considera-se <strong>infra\u00e7\u00e3o administrativa ambiental qualquer a\u00e7\u00e3o ou omiss\u00e3o que viole as normas de uso, gozo, promo\u00e7\u00e3o, prote\u00e7\u00e3o e recupera\u00e7\u00e3o do meio ambiente<\/strong>. Al\u00e9m disso, a norma prev\u00ea que esse rol de infra\u00e7\u00f5es pode ser complementado por outras disposi\u00e7\u00f5es previstas na legisla\u00e7\u00e3o.<\/p>\n\n\n\n<p>O decreto tamb\u00e9m disciplina o processo administrativo para apura\u00e7\u00e3o dessas infra\u00e7\u00f5es, que, conforme o artigo 95, deve seguir princ\u00edpios como:<\/p>\n\n\n\n<ul class=\"wp-block-list\">\n<li>Legalidade, finalidade e motiva\u00e7\u00e3o;<\/li>\n\n\n\n<li>Razoabilidade e <a href=\"https:\/\/www.aurum.com.br\/blog\/glossario-juridico\/principio-da-proporcionalidade\/\" data-wpil-monitor-id=\"441\">proporcionalidade<\/a> na aplica\u00e7\u00e3o das penalidades;<\/li>\n\n\n\n<li><a href=\"https:\/\/www.aurum.com.br\/blog\/glossario-juridico\/principio-da-ampla-defesa\/\" data-wpil-monitor-id=\"438\">Ampla defesa<\/a> e contradit\u00f3rio para garantir justi\u00e7a no processo;<\/li>\n\n\n\n<li><a href=\"https:\/\/www.aurum.com.br\/blog\/glossario-juridico\/principio-da-seguranca-juridica\/\" data-wpil-monitor-id=\"440\">Seguran\u00e7a jur\u00eddica<\/a>, interesse p\u00fablico e efici\u00eancia na fiscaliza\u00e7\u00e3o ambiental.<\/li>\n<\/ul>\n\n\n\n<p>Ao regulamentar a atua\u00e7\u00e3o administrativa no combate a infra\u00e7\u00f5es ambientais, o Decreto n\u00ba 6.514\/08 refor\u00e7a a import\u00e2ncia da legisla\u00e7\u00e3o ambiental na prote\u00e7\u00e3o dos recursos naturais, contribuindo para a <strong>preserva\u00e7\u00e3o do meio ambiente e a promo\u00e7\u00e3o do desenvolvimento sustent\u00e1vel.<\/strong><\/p>\n\n\n\n<h2 class=\"wp-block-heading\">Conclus\u00e3o<\/h2>\n\n\n\n<p>O Brasil possui uma legisla\u00e7\u00e3o ambiental ampla e detalhada, abrangendo normas federais, estaduais e municipais que garantem a prote\u00e7\u00e3o dos recursos naturais. <\/p>\n\n\n\n<p>Para advogados e profissionais da \u00e1rea, compreender esse arcabou\u00e7o jur\u00eddico \u00e9 essencial para atuar de forma eficaz na defesa do meio ambiente e na orienta\u00e7\u00e3o de empresas e \u00f3rg\u00e3os p\u00fablicos.<\/p>\n\n\n\n<p>Com a fiscaliza\u00e7\u00e3o ambiental cada vez mais rigorosa e a necessidade crescente de conformidade legal, o Direito Ambiental se tornou um campo promissor e estrat\u00e9gico. <\/p>\n\n\n\n<p>Advogados especializados podem atuar em diversas frentes, desde consultoria e assessoria para empresas at\u00e9 a defesa de interesses ambientais em processos administrativos e judiciais.<\/p>\n\n\n\n<p>Diante desse cen\u00e1rio, o conhecimento das principais leis ambientais n\u00e3o \u00e9 apenas um diferencial, mas uma <strong>ferramenta essencial para garantir a aplica\u00e7\u00e3o das normas e contribuir para um desenvolvimento sustent\u00e1vel<\/strong>.<\/p>\n\n\n\n<h3 class=\"wp-block-heading\">Mais conhecimento para voc\u00ea<\/h3>\n\n\n\n<ul class=\"wp-block-list\">\n<li><a href=\"https:\/\/www.aurum.com.br\/blog\/principios-do-direito-ambiental\/\">Os 5 mais importantes princ\u00edpios do direito ambiental<\/a><\/li>\n\n\n\n<li><a href=\"https:\/\/www.aurum.com.br\/blog\/responsabilidade-civil-ambiental\/\">Entenda quando se configura a responsabilidade civil ambiental<\/a><\/li>\n\n\n\n<li><a href=\"https:\/\/www.aurum.com.br\/blog\/compliance-na-construcao-civil\/\">Compliance na constru\u00e7\u00e3o civil: relev\u00e2ncia, benef\u00edcios e implementa\u00e7\u00e3o<\/a><\/li>\n\n\n\n<li>O que \u00e9&nbsp;<a href=\"https:\/\/www.aurum.com.br\/blog\/estatuto-da-terra\/\">estatuto da terra<\/a>&nbsp;e seus principais artigos<\/li>\n\n\n\n<li><a href=\"https:\/\/www.aurum.com.br\/blog\/licenciamento-ambiental\/\">O que \u00e9 e para que serve o licenciamento ambiental?<\/a><\/li>\n<\/ul>\n\n\n<style>\r\n  .news-post {\r\n    background: url('https:\/\/www.aurum.com.br\/blog\/wp-content\/themes\/aurum\/img\/bg-news-artigo.svg') no-repeat top center #3C48AA;\r\n    padding: 1.5rem;\r\n    border-radius: 6px;\r\n    margin: 1rem 0;\r\n  }\r\n  .news-post .icone {\r\n    display: none;\r\n  }\r\n  .news-post .title {\r\n    font-weight: 700;\r\n    font-size: 16px;\r\n    line-height: 130%;\r\n    text-align: center;\r\n    letter-spacing: -0.5px;\r\n    color: #fff;\r\n    margin-bottom: .9375rem;\r\n  }\r\n  .news-post p {\r\n    font-size: .875rem;\r\n    line-height: 140%;\r\n    text-align: center;\r\n    color: #fff;\r\n    margin-bottom: 1.25rem;\r\n  }\r\n  .news-post .news_button_span {\r\n    font-size: .8125rem;\r\n    display: block;\r\n    padding: .125rem .3125rem;\r\n    color: #fff;\r\n    text-align:left;\r\n  }\r\n  .news-post .news_button_span a {\r\n    color: #fff !important;\r\n    text-decoration: underline;\r\n  }\r\n  .news-post form {\r\n    width: 100%;\r\n  }\r\n  .news-post label {\r\n    font-weight: 600;\r\n    font-size: .9375rem;\r\n    line-height: 1.5rem;\r\n    margin-bottom: .5rem;\r\n    color: #fff;\r\n    display: block;\r\n  }\r\n  .news-post input {\r\n    background: #fff;\r\n    border: 1px solid #CBCBD9;\r\n    box-sizing: border-box;\r\n    border-radius: 4px;\r\n    padding: .75rem 1rem;\r\n    width: 100%;\r\n  }\r\n  .news-post button {\r\n    margin-top: .875rem;\r\n    width: 100%;\r\n    min-width: auto;\r\n    background: #FCC632;\r\n    color: #3C48AA;\r\n  }\r\n  .news-post .input {\r\n    position: relative;\r\n    padding-bottom: 10px;\r\n  }\r\n  .news-post .error-message-ad {\r\n    font-size: .875rem;\r\n    line-height: 130%;\r\n    color: #D50021;\r\n    margin-left: 4px;\r\n  }\r\n  .news-post .error {\r\n    border: 1px solid #D50021;\r\n  }\r\n  .news-post #message-form-ad {\r\n    border-radius: 4px;\r\n    padding: 0.7rem;\r\n    font-size:0.8rem;\r\n    text-align: center;\r\n    align-items: center;\r\n    justify-content: center;\r\n    display: none;\r\n  }\r\n  .news-post #message-form-ad svg {\r\n    margin-right: 8px;\r\n  }\r\n\r\n  @media(min-width: 561px) {\r\n    .news-post {\r\n      position: relative;\r\n      background: url('https:\/\/www.aurum.com.br\/blog\/wp-content\/themes\/aurum\/img\/bg-news-artigo.svg') no-repeat top center #3C48AA;\r\n      width: calc(100% - 30px);\r\n    }\r\n    .news-post .icone {\r\n      display: block;\r\n      position: absolute;\r\n      right: -30px;\r\n      top: 65px;\r\n      max-width: 142px;\r\n      width: 100%;\r\n      height: auto;\r\n      margin: 0;\r\n    }\r\n    .news-post .title {\r\n      font-size: 1.125rem;\r\n      text-align: left;\r\n      \/* padding-right: 3.75rem; *\/\r\n    }\r\n    .news-post p {\r\n      font-size: 1rem;\r\n      text-align: left;\r\n      max-width: 400px;\r\n    }\r\n    .news-post .boxes {\r\n      display: flex;\r\n      align-items: flex-start;\r\n    }\r\n    .news-post button {\r\n      margin: 0 0 0 1rem;\r\n      width: 100%;\r\n      max-width: 170px;\r\n      min-width: auto;\r\n      transition: all ease .3s\r\n    }\r\n    .news-post button:hover {\r\n      opacity: 0.9;\r\n      transition: all ease .3s\r\n    }\r\n    .news-post #message-form-ad {\r\n      padding: 1.125rem;\r\n      font-size:1rem;\r\n    }\r\n    .news-post #message-form-ad svg {\r\n      margin-right: 10px;\r\n    }\r\n  }\r\n<\/style>\r\n\r\n<div class=\"news-post\">\r\n  <div class=\"title news-ad-title\">Gostou do artigo e quer evoluir a sua advocacia?<\/div>\r\n  <p class=\"news-ad-subtitle\">Assine gr\u00e1tis a Aurum News e receba uma dose semanal de conte\u00fado no seu e-mail! \u270c\ufe0f<\/p>\r\n  <img decoding=\"async\" src=\"https:\/\/www.aurum.com.br\/blog\/wp-content\/themes\/aurum\/img\/icon-news-artigo.svg\" alt=\"\" class=\"icone\">\r\n\r\n  <form method=\"post\" name=\"newsletter-ad\" id=\"aurum-newsletter-ad\">\r\n    <div class=boxes>\r\n      <div class=\"input\">\r\n        <label class=\"label-email\" htmlFor=\"email-ad\">Qual seu e-mail?<\/label>\r\n        <input type=\"email\" id=\"email-ad\" name=\"newsletter-mail-ad\" placeholder=\"Digite seu e-mail?\">\r\n        <div class=\"error-message-ad-email\">Endere\u00e7o de e-mail inv\u00e1lido ou incorreto<\/div>\r\n\r\n        <label class=\"label-select\" htmlFor=\"lawsuits-select-ad\">\r\n          Quantos processos voc\u00ea ou<br class=\"for-desktop\"\/> seu escrit\u00f3rio acompanham?\r\n        <\/label>\r\n        <div id=\"lawsuits-select-ad\" class=\"lawsuits-select select-wrapper\" tabindex=\"0\">\r\n          <div class=\"s-dropdown--styled\">\r\n          <span class=\"lawsuits-default\">\r\n            <span id=\"lawsuits-newsletter-ad\" class=\"lawsuits-default-text\" data-value=\"\">Selecione os processos<\/span>\r\n            <svg class=\"chevron\" xmlns=\"http:\/\/www.w3.org\/2000\/svg\" width=\"24\" height=\"25\" viewBox=\"0 0 24 25\" fill=\"none\">\r\n              <path d=\"M6 15.6152L12 9.61523L18 15.6152\" stroke=\"black\" stroke-width=\"2\" stroke-linecap=\"round\" stroke-linejoin=\"round\" \/>\r\n            <\/svg>\r\n          <\/span>\r\n\r\n          <ul class=\"s-dropdown u-hide\">\r\n            <li class=\"lawsuits\" data-value=\"Mais de 1000 processos\">Mais de 1000 processos<\/li>\r\n            <li class=\"lawsuits\" data-value=\"De 501 a 1000 processos\">De 501 a 1000 processos<\/li>\r\n            <li class=\"lawsuits\" data-value=\"De 151 a 500 processos\">De 151 a 500 processos<\/li>\r\n            <li class=\"lawsuits\" data-value=\"De 41 a 150 processos\">De 41 a 150 processos<\/li>\r\n            <li class=\"lawsuits\" data-value=\"At\u00e9 40 processos\">At\u00e9 40 processos<\/li>\r\n            <li class=\"lawsuits\" data-value=\"Atuo apenas no consultivo\">Atuo apenas no consultivo<\/li>\r\n            <li class=\"lawsuits\" data-value=\"Ainda sou estudante de direito\">Ainda sou estudante de direito<\/li>\r\n            <li class=\"lawsuits\" data-value=\"N\u00e3o sou da \u00e1rea jur\u00eddica\">N\u00e3o sou da \u00e1rea jur\u00eddica<\/li>\r\n          <\/ul>\r\n          <\/div>\r\n        <\/div>\r\n        <div class=\"error-message-ad-lawsuits\">Selecione algum processo<\/div>\r\n      <\/div>\r\n      <button class=\"btn btn-yellow ad-btn-desktop\" id=\"aurum-submit-ad\">Assinar gr\u00e1tis<\/button>\r\n      <button class=\"btn btn-yellow ad-btn-mobile\" id=\"aurum-submit-ad\">Assinar<\/button>\r\n    <\/div>\r\n    <span class=\"news_button_span\">Ao se cadastrar voc\u00ea declara que leu e aceitou a pol\u00edtica de privacidade e cookies do <a href=\"https:\/\/s3.sa-east-1.amazonaws.com\/publico.aurum.com.br\/contratos\/politica-de-privacidade.pdf\" target=\"_blank\" rel=\"noopener noreferrer\">site<\/a>.<\/span>\r\n  <\/form>\r\n  <div id=\"message-form-ad\"><\/div>\r\n<\/div>","protected":false},"excerpt":{"rendered":"<p>A legisla\u00e7\u00e3o ambiental no Brasil \u00e9 um conjunto de normas que regulam a aplica\u00e7\u00e3o do Direito Ambiental em todo o territ\u00f3rio nacional. O pa\u00eds possui uma das legisla\u00e7\u00f5es ambientais mais rigorosas do mundo, buscando equilibrar o desenvolvimento econ\u00f4mico com a prote\u00e7\u00e3o do meio ambiente. Atualmente, o Brasil n\u00e3o possui um c\u00f3digo ambiental unificado, o que [&hellip;]<\/p>\n","protected":false},"author":87,"featured_media":32424,"comment_status":"open","ping_status":"open","sticky":false,"template":"","format":"standard","meta":{"_bbp_topic_count":0,"_bbp_reply_count":0,"_bbp_total_topic_count":0,"_bbp_total_reply_count":0,"_bbp_voice_count":0,"_bbp_anonymous_reply_count":0,"_bbp_topic_count_hidden":0,"_bbp_reply_count_hidden":0,"_bbp_forum_subforum_count":0,"inline_featured_image":false,"footnotes":""},"categories":[18],"tags":[],"class_list":["post-32423","post","type-post","status-publish","format-standard","has-post-thumbnail","hentry","category-direito-ambiental"],"acf":[],"_links":{"self":[{"href":"https:\/\/www.aurum.com.br\/blog\/wp-json\/wp\/v2\/posts\/32423","targetHints":{"allow":["GET"]}}],"collection":[{"href":"https:\/\/www.aurum.com.br\/blog\/wp-json\/wp\/v2\/posts"}],"about":[{"href":"https:\/\/www.aurum.com.br\/blog\/wp-json\/wp\/v2\/types\/post"}],"author":[{"embeddable":true,"href":"https:\/\/www.aurum.com.br\/blog\/wp-json\/wp\/v2\/users\/87"}],"replies":[{"embeddable":true,"href":"https:\/\/www.aurum.com.br\/blog\/wp-json\/wp\/v2\/comments?post=32423"}],"version-history":[{"count":14,"href":"https:\/\/www.aurum.com.br\/blog\/wp-json\/wp\/v2\/posts\/32423\/revisions"}],"predecessor-version":[{"id":32441,"href":"https:\/\/www.aurum.com.br\/blog\/wp-json\/wp\/v2\/posts\/32423\/revisions\/32441"}],"wp:featuredmedia":[{"embeddable":true,"href":"https:\/\/www.aurum.com.br\/blog\/wp-json\/wp\/v2\/media\/32424"}],"wp:attachment":[{"href":"https:\/\/www.aurum.com.br\/blog\/wp-json\/wp\/v2\/media?parent=32423"}],"wp:term":[{"taxonomy":"category","embeddable":true,"href":"https:\/\/www.aurum.com.br\/blog\/wp-json\/wp\/v2\/categories?post=32423"},{"taxonomy":"post_tag","embeddable":true,"href":"https:\/\/www.aurum.com.br\/blog\/wp-json\/wp\/v2\/tags?post=32423"}],"curies":[{"name":"wp","href":"https:\/\/api.w.org\/{rel}","templated":true}]}}