{"id":31915,"date":"2024-11-08T08:00:00","date_gmt":"2024-11-08T11:00:00","guid":{"rendered":"https:\/\/www.aurum.com.br\/blog\/?p=31915"},"modified":"2024-11-06T09:57:28","modified_gmt":"2024-11-06T12:57:28","slug":"seguro-desemprego","status":"publish","type":"post","link":"https:\/\/www.aurum.com.br\/blog\/seguro-desemprego\/","title":{"rendered":"Seguro desemprego: passo a passo e impactos com a reforma trabalhista\u00a0"},"content":{"rendered":"<div id=\"bsf_rt_marker\"><\/div>\n<pre class=\"wp-block-preformatted\">O <strong>seguro desemprego<\/strong> \u00e9 um benef\u00edcio concedido aos trabalhadores com registro em carteira profissional, quando s\u00e3o demitidos sem justa causa.&nbsp;<\/pre>\n\n\n\n<p>O empregado quando \u00e9 demitido sem justa causa tem o direito de receber as parcelas do seguro desemprego.&nbsp;<\/p>\n\n\n\n<p>A quantidade de parcelas pode variar de 03 a 05 parcelas de acordo com o tempo em que o contrato de trabalho durou, e se j\u00e1 houve o recebimento do seguro alguma vez.&nbsp;<\/p>\n\n\n\n<h2 class=\"wp-block-heading\">O que \u00e9 seguro desemprego?&nbsp;<\/h2>\n\n\n\n<p>\u00c9 uma <strong>assist\u00eancia financeira tempor\u00e1ria<\/strong> ao trabalhador desempregado em virtude de dispensa sem justa causa, inclusive a indireta, e ao trabalhador comprovadamente resgatado de regime de trabalho for\u00e7ado ou da condi\u00e7\u00e3o an\u00e1loga \u00e0 de escravo.&nbsp;<\/p>\n\n\n\n<p>Em outras palavras, o seguro-desemprego \u00e9 um benef\u00edcio tempor\u00e1rio que visa auxiliar a pessoa em situa\u00e7\u00e3o de desemprego involunt\u00e1rio at\u00e9 que consiga se realocar no mercado de trabalho.<\/p>\n\n\n\n<figure class=\"wp-block-image size-full\"><img decoding=\"async\" width=\"1200\" height=\"1200\" src=\"https:\/\/www.aurum.com.br\/blog\/wp-content\/uploads\/2024\/11\/o-que-e-seguro-desemprego.jpg\" alt=\"\" class=\"wp-image-31916\" srcset=\"https:\/\/www.aurum.com.br\/blog\/wp-content\/uploads\/2024\/11\/o-que-e-seguro-desemprego.jpg 1200w, https:\/\/www.aurum.com.br\/blog\/wp-content\/uploads\/2024\/11\/o-que-e-seguro-desemprego-300x300.jpg 300w, https:\/\/www.aurum.com.br\/blog\/wp-content\/uploads\/2024\/11\/o-que-e-seguro-desemprego-150x150.jpg 150w, https:\/\/www.aurum.com.br\/blog\/wp-content\/uploads\/2024\/11\/o-que-e-seguro-desemprego-768x768.jpg 768w\" sizes=\"(max-width: 1200px) 100vw, 1200px\" \/><figcaption class=\"wp-element-caption\">Conceito de seguro desemprego. <\/figcaption><\/figure>\n\n\n\n<h2 class=\"wp-block-heading\">Como deve ser o procedimento para solicitar o seguro-desemprego?\u00a0<\/h2>\n\n\n\n<p>A solicita\u00e7\u00e3o do seguro-desemprego deve seguir um passo a passo disponibilizado <strong>pelo Minist\u00e9rio do Trabalho<\/strong> e Cidadania disponivel no portal gov.com: <a href=\"https:\/\/servicos.mte.gov.br\/spme-v2\/#\/\" target=\"_blank\" rel=\"noopener\"><strong>https:\/\/servicos.mte.gov.br\/spme-v2\/#\/<\/strong><\/a><\/p>\n\n\n\n<p>Havendo dispensa sem justa causa, normalmente \u00e9 liberado uma chave de acesso na forma de c\u00f3digo que pode ser utilizado no portal gov, no campo acesso ao seguro-desemprego, com uma simples digita\u00e7\u00e3o do c\u00f3digo de acesso \u00e9 ativado o pagamento do seguro.&nbsp;<\/p>\n\n\n\n<h2 class=\"wp-block-heading\">Quais as situa\u00e7\u00f5es em que o trabalhador pode perder o direito ao seguro desemprego?&nbsp;<\/h2>\n\n\n\n<p>H\u00e1 v\u00e1rias situa\u00e7\u00f5es para perder o direito ao seguro-desemprego, <strong>as mais comuns s\u00e3o:&nbsp;&nbsp;<\/strong><\/p>\n\n\n\n<ul class=\"wp-block-list\">\n<li>Assinar a carteira de trabalho em novo emprego\u00a0<\/li>\n\n\n\n<li>Receber outro benef\u00edcio da Previd\u00eancia Social\u00a0<\/li>\n\n\n\n<li>Ser <a href=\"https:\/\/www.aurum.com.br\/blog\/rescisao-contratual-trabalhista\/\">demitido por justa causa<\/a>\u00a0<\/li>\n\n\n\n<li>Aposentar-se\u00a0<\/li>\n\n\n\n<li>Ter renda pr\u00f3pria suficiente para se manter e sua fam\u00edlia\u00a0<\/li>\n\n\n\n<li>Ter CNPJ ativo, exceto se for Microempreendedor Individual (MEI)\u00a0<\/li>\n\n\n\n<li>Pedir demiss\u00e3o\u00a0<\/li>\n\n\n\n<li>Recusar um novo emprego adequado\u00a0<\/li>\n\n\n\n<li>Prestar informa\u00e7\u00f5es falsas ou incorretas\u00a0<\/li>\n\n\n\n<li>Comprovar fraude para receber o benef\u00edcio indevidamente\u00a0<\/li>\n\n\n\n<li>Morrer\u00a0<\/li>\n<\/ul>\n\n\n\n<h2 class=\"wp-block-heading\">Como \u00e9 calculado o valor das parcelas do seguro desemprego?&nbsp;<\/h2>\n\n\n\n<p>De acordo com a Resolu\u00e7\u00e3o n\u00ba 957, de 2022, do Conselho Deliberativo do Fundo de Amparo ao Trabalhador &#8211; CODEFAT, a partir do dia 11 de janeiro de 2024, o seguro-desemprego <strong>n\u00e3o pode ser inferior ao valor do sal\u00e1rio m\u00ednimo vigente.&nbsp;<\/strong><\/p>\n\n\n\n<p>O valor do seguro-desemprego \u00e9 tabelado at\u00e9 R$ 2.041,39 o valor m\u00e9dio deve ser multiplicado o sal\u00e1rio m\u00e9dio por 0,8.<\/p>\n\n\n\n<p>De R$ 2.041,40 at\u00e9 R$ 3.402,65 o valor que exceder a R$ 2.041,39 multiplica-se por 0,5 e soma-se com R$ 1.633,10, basicamente assim \u00e9 realizado o c\u00e1lculo do valor da seguro-desemprego.&nbsp;<\/p>\n\n\n\n<h2 class=\"wp-block-heading\">Como o seguro desemprego se aplica a trabalhadores dom\u00e9sticos e empregados rurais?<\/h2>\n\n\n\n<p>De acordo com a lei 7.998\/1990, o seguro-desemprego ser\u00e1 pago a trabalhador dom\u00e9stico <strong>em apenas 03 parcelas,<\/strong> al\u00e9m de ter que trabalhar pelo menos por um ano e tr\u00eas meses, nos \u00faltimos 2 anos. O requerimento deve ocorrer em no m\u00e1ximo 90 dias.&nbsp;<\/p>\n\n\n\n<p>O trabalhador rural ter\u00e1 direito ao seguro-desemprego pelo per\u00edodo de 03 meses quando demitido sem justa causa, isso por que a lei n\u00e3o diferencia os trabalhadores rural dos urbanos.&nbsp;<\/p>\n\n\n\n<h2 class=\"wp-block-heading\">Como a reforma trabalhista impactou o seguro desemprego?&nbsp;<\/h2>\n\n\n\n<p>Os principais impactos no seguro-desemprego com a reforma trabalhista foi a <strong>perda do direito ao seguro em caso de acordo m\u00fatuo. <\/strong>A impossibilidade na redu\u00e7\u00e3o ou suspens\u00e3o do pagamento por acordo ou conven\u00e7\u00e3o coletiva do trabalho.<\/p>\n\n\n\n<h2 class=\"wp-block-heading\">Como o advogado pode orientar empresas a evitar disputas trabalhistas relacionadas ao seguro desemprego?&nbsp;<\/h2>\n\n\n\n<p>H\u00e1 algumas poss\u00edveis orienta\u00e7\u00f5es, como adotar programa de demiss\u00e3o volunt\u00e1rio tamb\u00e9m conhecido como PDV, trata-se da possibilidade do funcion\u00e1rio ser dispensado de comum acordo.&nbsp;<\/p>\n\n\n\n<p>\u00c9 poss\u00edvel outras orienta\u00e7\u00f5es mas deve ser observado de acordo com a natureza da atividade da empresa, seguimento, sindicato que est\u00e1 vinculada e outras quest\u00f5es.&nbsp;&nbsp;<\/p>\n\n\n\n<h2 class=\"wp-block-heading\">Conclus\u00e3o&nbsp;<\/h2>\n\n\n\n<p>O seguro-desemprego \u00e9 um direito constitucional alcan\u00e7ado por todos que trabalhem sob o registro em carteira profissional que sejam dispensados sem justa causa.&nbsp;<\/p>\n\n\n\n<p>As parcelas podem variar entre 03 a 05 de acordo o tempo de registro e com o recebimento das parcelas j\u00e1 recebidas anteriormente, mas o valor n\u00e3o pode ser inferior a um sal\u00e1rio m\u00ednimo, seja trabalhador urbano, rural ou dom\u00e9stico.&nbsp;<\/p>\n\n\n<style>\r\n  .news-post {\r\n    background: url('https:\/\/www.aurum.com.br\/blog\/wp-content\/themes\/aurum\/img\/bg-news-artigo.svg') no-repeat top center #3C48AA;\r\n    padding: 1.5rem;\r\n    border-radius: 6px;\r\n    margin: 1rem 0;\r\n  }\r\n  .news-post .icone {\r\n    display: none;\r\n  }\r\n  .news-post .title {\r\n    font-weight: 700;\r\n    font-size: 16px;\r\n    line-height: 130%;\r\n    text-align: center;\r\n    letter-spacing: -0.5px;\r\n    color: #fff;\r\n    margin-bottom: .9375rem;\r\n  }\r\n  .news-post p {\r\n    font-size: .875rem;\r\n    line-height: 140%;\r\n    text-align: center;\r\n    color: #fff;\r\n    margin-bottom: 1.25rem;\r\n  }\r\n  .news-post .news_button_span {\r\n    font-size: .8125rem;\r\n    display: block;\r\n    padding: .125rem .3125rem;\r\n    color: #fff;\r\n    text-align:left;\r\n  }\r\n  .news-post .news_button_span a {\r\n    color: #fff !important;\r\n    text-decoration: underline;\r\n  }\r\n  .news-post form {\r\n    width: 100%;\r\n  }\r\n  .news-post label {\r\n    font-weight: 600;\r\n    font-size: .9375rem;\r\n    line-height: 1.5rem;\r\n    margin-bottom: .5rem;\r\n    color: #fff;\r\n    display: block;\r\n  }\r\n  .news-post input {\r\n    background: #fff;\r\n    border: 1px solid #CBCBD9;\r\n    box-sizing: border-box;\r\n    border-radius: 4px;\r\n    padding: .75rem 1rem;\r\n    width: 100%;\r\n  }\r\n  .news-post button {\r\n    margin-top: .875rem;\r\n    width: 100%;\r\n    min-width: auto;\r\n    background: #FCC632;\r\n    color: #3C48AA;\r\n  }\r\n  .news-post .input {\r\n    position: relative;\r\n    padding-bottom: 10px;\r\n  }\r\n  .news-post .error-message-ad {\r\n    font-size: .875rem;\r\n    line-height: 130%;\r\n    color: #D50021;\r\n    margin-left: 4px;\r\n  }\r\n  .news-post .error {\r\n    border: 1px solid #D50021;\r\n  }\r\n  .news-post #message-form-ad {\r\n    border-radius: 4px;\r\n    padding: 0.7rem;\r\n    font-size:0.8rem;\r\n    text-align: center;\r\n    align-items: center;\r\n    justify-content: center;\r\n    display: none;\r\n  }\r\n  .news-post #message-form-ad svg {\r\n    margin-right: 8px;\r\n  }\r\n\r\n  @media(min-width: 561px) {\r\n    .news-post {\r\n      position: relative;\r\n      background: url('https:\/\/www.aurum.com.br\/blog\/wp-content\/themes\/aurum\/img\/bg-news-artigo.svg') no-repeat top center #3C48AA;\r\n      width: calc(100% - 30px);\r\n    }\r\n    .news-post .icone {\r\n      display: block;\r\n      position: absolute;\r\n      right: -30px;\r\n      top: 65px;\r\n      max-width: 142px;\r\n      width: 100%;\r\n      height: auto;\r\n      margin: 0;\r\n    }\r\n    .news-post .title {\r\n      font-size: 1.125rem;\r\n      text-align: left;\r\n      \/* padding-right: 3.75rem; *\/\r\n    }\r\n    .news-post p {\r\n      font-size: 1rem;\r\n      text-align: left;\r\n      max-width: 400px;\r\n    }\r\n    .news-post .boxes {\r\n      display: flex;\r\n      align-items: flex-start;\r\n    }\r\n    .news-post button {\r\n      margin: 0 0 0 1rem;\r\n      width: 100%;\r\n      max-width: 170px;\r\n      min-width: auto;\r\n      transition: all ease .3s\r\n    }\r\n    .news-post button:hover {\r\n      opacity: 0.9;\r\n      transition: all ease .3s\r\n    }\r\n    .news-post #message-form-ad {\r\n      padding: 1.125rem;\r\n      font-size:1rem;\r\n    }\r\n    .news-post #message-form-ad svg {\r\n      margin-right: 10px;\r\n    }\r\n  }\r\n<\/style>\r\n\r\n<div class=\"news-post\">\r\n  <div class=\"title news-ad-title\">Gostou do artigo e quer evoluir a sua advocacia?<\/div>\r\n  <p class=\"news-ad-subtitle\">Assine gr\u00e1tis a Aurum News e receba uma dose semanal de conte\u00fado no seu e-mail! \u270c\ufe0f<\/p>\r\n  <img decoding=\"async\" src=\"https:\/\/www.aurum.com.br\/blog\/wp-content\/themes\/aurum\/img\/icon-news-artigo.svg\" alt=\"\" class=\"icone\">\r\n\r\n  <form method=\"post\" name=\"newsletter-ad\" id=\"aurum-newsletter-ad\">\r\n    <div class=boxes>\r\n      <div class=\"input\">\r\n        <label class=\"label-email\" htmlFor=\"email-ad\">Qual seu e-mail?<\/label>\r\n        <input type=\"email\" id=\"email-ad\" name=\"newsletter-mail-ad\" placeholder=\"Digite seu e-mail?\">\r\n        <div class=\"error-message-ad-email\">Endere\u00e7o de e-mail inv\u00e1lido ou incorreto<\/div>\r\n\r\n        <label class=\"label-select\" htmlFor=\"lawsuits-select-ad\">\r\n          Quantos processos voc\u00ea ou<br class=\"for-desktop\"\/> seu escrit\u00f3rio acompanham?\r\n        <\/label>\r\n        <div id=\"lawsuits-select-ad\" class=\"lawsuits-select select-wrapper\" tabindex=\"0\">\r\n          <div class=\"s-dropdown--styled\">\r\n          <span class=\"lawsuits-default\">\r\n            <span id=\"lawsuits-newsletter-ad\" class=\"lawsuits-default-text\" data-value=\"\">Selecione os processos<\/span>\r\n            <svg class=\"chevron\" xmlns=\"http:\/\/www.w3.org\/2000\/svg\" width=\"24\" height=\"25\" viewBox=\"0 0 24 25\" fill=\"none\">\r\n              <path d=\"M6 15.6152L12 9.61523L18 15.6152\" stroke=\"black\" stroke-width=\"2\" stroke-linecap=\"round\" stroke-linejoin=\"round\" \/>\r\n            <\/svg>\r\n          <\/span>\r\n\r\n          <ul class=\"s-dropdown u-hide\">\r\n            <li class=\"lawsuits\" data-value=\"Mais de 1000 processos\">Mais de 1000 processos<\/li>\r\n            <li class=\"lawsuits\" data-value=\"De 501 a 1000 processos\">De 501 a 1000 processos<\/li>\r\n            <li class=\"lawsuits\" data-value=\"De 151 a 500 processos\">De 151 a 500 processos<\/li>\r\n            <li class=\"lawsuits\" data-value=\"De 41 a 150 processos\">De 41 a 150 processos<\/li>\r\n            <li class=\"lawsuits\" data-value=\"At\u00e9 40 processos\">At\u00e9 40 processos<\/li>\r\n            <li class=\"lawsuits\" data-value=\"Atuo apenas no consultivo\">Atuo apenas no consultivo<\/li>\r\n            <li class=\"lawsuits\" data-value=\"Ainda sou estudante de direito\">Ainda sou estudante de direito<\/li>\r\n            <li class=\"lawsuits\" data-value=\"N\u00e3o sou da \u00e1rea jur\u00eddica\">N\u00e3o sou da \u00e1rea jur\u00eddica<\/li>\r\n          <\/ul>\r\n          <\/div>\r\n        <\/div>\r\n        <div class=\"error-message-ad-lawsuits\">Selecione algum processo<\/div>\r\n      <\/div>\r\n      <button class=\"btn btn-yellow ad-btn-desktop\" id=\"aurum-submit-ad\">Assinar gr\u00e1tis<\/button>\r\n      <button class=\"btn btn-yellow ad-btn-mobile\" id=\"aurum-submit-ad\">Assinar<\/button>\r\n    <\/div>\r\n    <span class=\"news_button_span\">Ao se cadastrar voc\u00ea declara que leu e aceitou a pol\u00edtica de privacidade e cookies do <a href=\"https:\/\/s3.sa-east-1.amazonaws.com\/publico.aurum.com.br\/contratos\/politica-de-privacidade.pdf\" target=\"_blank\" rel=\"noopener noreferrer\">site<\/a>.<\/span>\r\n  <\/form>\r\n  <div id=\"message-form-ad\"><\/div>\r\n<\/div>\n\n\n<h3 class=\"wp-block-heading\">Mais conhecimento para voc\u00ea<\/h3>\n\n\n\n<ul class=\"wp-block-list\">\n<li><a href=\"https:\/\/www.aurum.com.br\/blog\/fator-previdenciario\/\">Principais aspectos e dicas para advogados sobre o fator previdenci\u00e1rio<\/a><\/li>\n\n\n\n<li><a href=\"https:\/\/www.aurum.com.br\/blog\/lc-116\/\">Lei Complementar 116\/2003 (LC 116): tire suas d\u00favidas sobre o tema<\/a><\/li>\n\n\n\n<li><a href=\"https:\/\/www.aurum.com.br\/blog\/teoria-do-desvio-produtivo-do-consumidor\/\">Desvio produtivo do consumidor \u00e9 indeniz\u00e1vel?<\/a><\/li>\n\n\n\n<li><a href=\"https:\/\/www.aurum.com.br\/blog\/black-friday\/\">Novembro Black Astrea 2024: saiba tudo sobre a promo\u00e7\u00e3o!\u00a0<\/a><\/li>\n\n\n\n<li><a href=\"https:\/\/www.aurum.com.br\/blog\/aposentadoria-especial\/\">Como funciona a aposentadoria especial, quem tem direito<\/a><\/li>\n<\/ul>\n","protected":false},"excerpt":{"rendered":"<p>O seguro desemprego \u00e9 um benef\u00edcio concedido aos trabalhadores com registro em carteira profissional, quando s\u00e3o demitidos sem justa causa.&nbsp; O empregado quando \u00e9 demitido sem justa causa tem o direito de receber as parcelas do seguro desemprego.&nbsp; A quantidade de parcelas pode variar de 03 a 05 parcelas de acordo com o tempo em [&hellip;]<\/p>\n","protected":false},"author":134,"featured_media":31917,"comment_status":"open","ping_status":"open","sticky":false,"template":"","format":"standard","meta":{"_bbp_topic_count":0,"_bbp_reply_count":0,"_bbp_total_topic_count":0,"_bbp_total_reply_count":0,"_bbp_voice_count":0,"_bbp_anonymous_reply_count":0,"_bbp_topic_count_hidden":0,"_bbp_reply_count_hidden":0,"_bbp_forum_subforum_count":0,"inline_featured_image":false,"footnotes":""},"categories":[35],"tags":[],"class_list":["post-31915","post","type-post","status-publish","format-standard","has-post-thumbnail","hentry","category-direito-trabalhista"],"acf":[],"_links":{"self":[{"href":"https:\/\/www.aurum.com.br\/blog\/wp-json\/wp\/v2\/posts\/31915","targetHints":{"allow":["GET"]}}],"collection":[{"href":"https:\/\/www.aurum.com.br\/blog\/wp-json\/wp\/v2\/posts"}],"about":[{"href":"https:\/\/www.aurum.com.br\/blog\/wp-json\/wp\/v2\/types\/post"}],"author":[{"embeddable":true,"href":"https:\/\/www.aurum.com.br\/blog\/wp-json\/wp\/v2\/users\/134"}],"replies":[{"embeddable":true,"href":"https:\/\/www.aurum.com.br\/blog\/wp-json\/wp\/v2\/comments?post=31915"}],"version-history":[{"count":4,"href":"https:\/\/www.aurum.com.br\/blog\/wp-json\/wp\/v2\/posts\/31915\/revisions"}],"predecessor-version":[{"id":31922,"href":"https:\/\/www.aurum.com.br\/blog\/wp-json\/wp\/v2\/posts\/31915\/revisions\/31922"}],"wp:featuredmedia":[{"embeddable":true,"href":"https:\/\/www.aurum.com.br\/blog\/wp-json\/wp\/v2\/media\/31917"}],"wp:attachment":[{"href":"https:\/\/www.aurum.com.br\/blog\/wp-json\/wp\/v2\/media?parent=31915"}],"wp:term":[{"taxonomy":"category","embeddable":true,"href":"https:\/\/www.aurum.com.br\/blog\/wp-json\/wp\/v2\/categories?post=31915"},{"taxonomy":"post_tag","embeddable":true,"href":"https:\/\/www.aurum.com.br\/blog\/wp-json\/wp\/v2\/tags?post=31915"}],"curies":[{"name":"wp","href":"https:\/\/api.w.org\/{rel}","templated":true}]}}