{"id":29406,"date":"2024-07-15T19:24:52","date_gmt":"2024-07-15T22:24:52","guid":{"rendered":"https:\/\/www.aurum.com.br\/blog\/?p=29406"},"modified":"2025-08-20T16:01:30","modified_gmt":"2025-08-20T19:01:30","slug":"excecao-de-incompetencia","status":"publish","type":"post","link":"https:\/\/www.aurum.com.br\/blog\/excecao-de-incompetencia\/","title":{"rendered":"Entenda o que \u00e9 e quando alegar exce\u00e7\u00e3o de incompet\u00eancia [+Modelo]"},"content":{"rendered":"<div id=\"bsf_rt_marker\"><\/div>\n<pre class=\"wp-block-preformatted\">A <strong>exce\u00e7\u00e3o de incompet\u00eancia<\/strong> \u00e9 um meio de defesa processual utilizado para contestar a compet\u00eancia do ju\u00edzo para julgar determinado caso, alegando que o ju\u00edzo n\u00e3o possui atribui\u00e7\u00e3o legal para processar e julgar a demanda.<\/pre>\n\n\n\n<p>A exce\u00e7\u00e3o de incompet\u00eancia \u00e9 um tema de grande relev\u00e2ncia tanto para advogados quanto para aqueles que desejam compreender melhor o funcionamento do sistema judici\u00e1rio brasileiro.&nbsp;<\/p>\n\n\n\n<p>Imagine a seguinte situa\u00e7\u00e3o: algu\u00e9m aju\u00edza uma a\u00e7\u00e3o contra voc\u00ea, contudo, analisando o caso voc\u00ea descobre que o ju\u00edzo em que a a\u00e7\u00e3o foi protocolada n\u00e3o poderia julgar esse caso, o que fazer?&nbsp;<\/p>\n\n\n\n<p>Esse \u00e9 um exemplo cl\u00e1ssico onde a exce\u00e7\u00e3o de incompet\u00eancia se aplica, sendo uma ferramenta essencial para garantir que os processos sejam julgados pelo juiz correto e na comarca certa.&nbsp;<\/p>\n\n\n\n<p>Neste artigo, exploraremos o conceito de exce\u00e7\u00e3o de incompet\u00eancia, sua fundamenta\u00e7\u00e3o jur\u00eddica, como aplic\u00e1-la de forma eficaz e ao final, mostraremos um modelo deste pedido. Continue a leitura! \ud83d\ude09<\/p>\n\n\n\n<h2 class=\"wp-block-heading\">O que \u00e9 exce\u00e7\u00e3o de incompet\u00eancia?<\/h2>\n\n\n\n<p>A exce\u00e7\u00e3o de incompet\u00eancia \u00e9 um<strong> meio de defesa processual utilizado para questionar a compet\u00eancia de determinado ju\u00edzo para julgar uma demanda. <\/strong>Tal questionamento deve ser realizado na contesta\u00e7\u00e3o e alegado em preliminar.<\/p>\n\n\n\n<p>O Dr. Marcus Vinicius Furtado Co\u00ealho define que<\/p>\n\n\n\n<blockquote class=\"wp-block-quote is-layout-flow wp-block-quote-is-layout-flow\">\n<p><em>incompet\u00eancia \u00e9 o impedimento legal que veta ao ju\u00edzo o processamento e o conhecimento de determinados lit\u00edgios judiciais que escapam \u00e0s suas atribui\u00e7\u00f5es&#8221;.<\/em><\/p>\n<\/blockquote>\n\n\n\n<p>Al\u00e9m disso, disp\u00f5es o C\u00f3digo de Processo Civil que:<\/p>\n\n\n\n<figure class=\"wp-block-pullquote classe bq-small\"><blockquote><p>Art. 64. A incompet\u00eancia, absoluta ou relativa, ser\u00e1 alegada como quest\u00e3o preliminar de <a href=\"https:\/\/www.aurum.com.br\/blog\/contestacao\/\">contesta\u00e7\u00e3o<\/a>.<\/p><\/blockquote><\/figure>\n\n\n\n<p>Como bem sabemos, o <a href=\"https:\/\/www.planalto.gov.br\/ccivil_03\/_ato2015-2018\/2015\/lei\/l13105.htm\" target=\"_blank\" rel=\"noopener\">C\u00f3digo de Processo Civil<\/a> disp\u00f5e as regras de compet\u00eancia no artigo 42 e seguintes, sendo a <strong>compet\u00eancia classificada em absoluta ou relativa<\/strong>.<\/p>\n\n\n\n<p>A <strong>compet\u00eancia absoluta, relacionada \u00e0 mat\u00e9ria ou \u00e0 fun\u00e7\u00e3o, \u00e9 inderrog\u00e1vel pelas partes<\/strong>, ou seja, n\u00e3o pode ser modificada por conven\u00e7\u00e3o entre elas, al\u00e9m disso, poder\u00e1 ser alegada de of\u00edcio (<em>ex officio<\/em>) e a qualquer momento no curso do processo.<\/p>\n\n\n\n<figure class=\"wp-block-pullquote classe bq-small\"><blockquote><p>Art. 64. \u00a7 1\u00ba A incompet\u00eancia absoluta pode ser alegada em qualquer tempo e grau de jurisdi\u00e7\u00e3o e deve ser declarada de of\u00edcio.<\/p><\/blockquote><\/figure>\n\n\n\n<p>Contudo, mesmo podendo ser alegada a qualquer tempo, permanecer\u00e3o vigentes todos os <a href=\"https:\/\/www.aurum.com.br\/blog\/atos-processuais\/\">atos e feitos processuais<\/a> realizados at\u00e9 a alegada incompet\u00eancia e determinados pelo ju\u00edzo incompetente, salvo decis\u00e3o judicial em contr\u00e1rio.<\/p>\n\n\n\n<figure class=\"wp-block-pullquote classe bq-small\"><blockquote><p>Art. 64. [&#8230;]<br>\u00a7 3\u00ba Caso a alega\u00e7\u00e3o de incompet\u00eancia seja acolhida, os autos ser\u00e3o remetidos ao ju\u00edzo competente.<br>\u00a7 4\u00ba Salvo decis\u00e3o judicial em sentido contr\u00e1rio, conservar-se-\u00e3o os efeitos de decis\u00e3o proferida pelo ju\u00edzo incompetente at\u00e9 que outra seja proferida, se for o caso, pelo ju\u00edzo competente.<\/p><\/blockquote><\/figure>\n\n\n\n<p>No outro lado, temos a&nbsp; <strong>compet\u00eancia relativa, vinculada ao territ\u00f3rio ou ao valor da causa, podendo ser alegada, discutida e alterada pelas partes envolvidas no processo<\/strong>, somente por meio de preliminar na contesta\u00e7\u00e3o.&nbsp;<\/p>\n\n\n\n<p>Por ser a compet\u00eancia relativa, n\u00e3o sendo alegada no momento oportuno pelo r\u00e9u, consumar-se-\u00e1 o ju\u00edzo, n\u00e3o cabendo mais a alega\u00e7\u00e3o de tal mat\u00e9ria em outro momento.<\/p>\n\n\n\n<figure class=\"wp-block-pullquote classe bq-small\"><blockquote><p>Art. 65. Prorrogar-se-\u00e1 a compet\u00eancia relativa se o r\u00e9u n\u00e3o alegar a incompet\u00eancia em preliminar de contesta\u00e7\u00e3o.<\/p><\/blockquote><\/figure>\n\n\n\n<p>O termo \u201cexce\u00e7\u00e3o de incompet\u00eancia\u201d surgiu no <a href=\"https:\/\/www.planalto.gov.br\/ccivil_03\/leis\/l5869.htm\" target=\"_blank\" rel=\"noopener\">C\u00f3digo de Processo Civil de 1973<\/a>, pois dispunha em seu artigo 112 que a incompet\u00eancia relativa seria alegada em uma peti\u00e7\u00e3o separada denominada de exce\u00e7\u00e3o.&nbsp;<\/p>\n\n\n\n<figure class=\"wp-block-pullquote classe bq-small\"><blockquote><p>Art. 112. Argui-se,&nbsp;por meio de <strong>exce\u00e7\u00e3o<\/strong>, a incompet\u00eancia relativa.<br>Art. 299. A contesta\u00e7\u00e3o e a <a href=\"https:\/\/www.aurum.com.br\/blog\/reconvencao\/\">reconven\u00e7\u00e3o<\/a> ser\u00e3o oferecidas simultaneamente, em pe\u00e7as aut\u00f4nomas; a exce\u00e7\u00e3o ser\u00e1 processada em apenso aos autos principais<\/p><\/blockquote><\/figure>\n\n\n\n<p>Atualmente, com a atualiza\u00e7\u00e3o do c\u00f3digo de Processo Civil o legislador optou, acertadamente, por incluir a alega\u00e7\u00e3o de incompet\u00eancia em preliminar de contesta\u00e7\u00e3o, de forma que n\u00e3o h\u00e1 mais a necessidade de peti\u00e7\u00e3o aut\u00f4noma para o reconhecimento desse fato, al\u00e9m de haver economia processual.<\/p>\n\n\n\n<p>Corroborando com o explicado, o Dr. Renato Montans D. S\u00e1 esclarece que:<\/p>\n\n\n\n<blockquote class=\"wp-block-quote is-layout-flow wp-block-quote-is-layout-flow\">\n<p><em>No regime anterior, havia um incidente pr\u00f3prio denominado exce\u00e7\u00e3o de incompet\u00eancia para que o r\u00e9u exercesse esse direito. Contudo, o CPC adotou a regra da \u201cunidade de defesa\u201d, na qual todas as formas de defesa s\u00e3o apresentadas dentro da pr\u00f3pria contesta\u00e7\u00e3o, eliminando a necessidade de um incidente apartado para essa fun\u00e7\u00e3o. Ademais era il\u00f3gico pensar que a incompet\u00eancia absoluta fosse alegada em preliminar de contesta\u00e7\u00e3o e a relativa por um instrumento aut\u00f4nomo\u201d.<\/em><\/p>\n<\/blockquote>\n\n\n\n<figure class=\"wp-block-image size-full\"><img decoding=\"async\" width=\"1080\" height=\"1080\" src=\"https:\/\/www.aurum.com.br\/blog\/wp-content\/uploads\/2024\/07\/o-que-e-excecao-de-incompetencia-1.jpg\" alt=\"Entenda o que \u00e9 exce\u00e7\u00e3o de incompet\u00eancia\" class=\"wp-image-29409\" srcset=\"https:\/\/www.aurum.com.br\/blog\/wp-content\/uploads\/2024\/07\/o-que-e-excecao-de-incompetencia-1.jpg 1080w, https:\/\/www.aurum.com.br\/blog\/wp-content\/uploads\/2024\/07\/o-que-e-excecao-de-incompetencia-1-300x300.jpg 300w, https:\/\/www.aurum.com.br\/blog\/wp-content\/uploads\/2024\/07\/o-que-e-excecao-de-incompetencia-1-150x150.jpg 150w, https:\/\/www.aurum.com.br\/blog\/wp-content\/uploads\/2024\/07\/o-que-e-excecao-de-incompetencia-1-768x768.jpg 768w\" sizes=\"(max-width: 1080px) 100vw, 1080px\" \/><figcaption class=\"wp-element-caption\">Veja o que \u00e9 exce\u00e7\u00e3o de incompet\u00eancia<\/figcaption><\/figure>\n\n\n\n<h2 class=\"wp-block-heading\">Como funciona a exce\u00e7\u00e3o de incompet\u00eancia?<\/h2>\n\n\n\n<p>A exce\u00e7\u00e3o de incompet\u00eancia <strong>deve ser apresentada por meio de uma peti\u00e7\u00e3o aut\u00f4noma, dirigida ao juiz do processo<\/strong>.&nbsp;<\/p>\n\n\n\n<p>Esta peti\u00e7\u00e3o deve expor claramente os motivos pelos quais se questiona a compet\u00eancia do ju\u00edzo, fundamentada em fatos e na legisla\u00e7\u00e3o aplic\u00e1vel. Uma vez apresentada a exce\u00e7\u00e3o de incompet\u00eancia, o <strong>juiz suspende o andamento do processo at\u00e9 que a quest\u00e3o da compet\u00eancia seja resolvida<\/strong>.<\/p>\n\n\n\n<p>O juiz, ao receber a exce\u00e7\u00e3o de incompet\u00eancia, deve <strong>ouvir a parte contr\u00e1ria no prazo de 15 dias<\/strong> e, posteriormente, decidir sobre a mat\u00e9ria. Se acolher a exce\u00e7\u00e3o, determinar\u00e1 a remessa dos autos ao ju\u00edzo competente; caso rejeite, o processo seguir\u00e1 seu curso normal no ju\u00edzo inicialmente designado.<\/p>\n\n\n\n<h3 class=\"wp-block-heading\">Exemplo pr\u00e1tico:<\/h3>\n\n\n\n<p>Suponha que uma a\u00e7\u00e3o de <a href=\"https:\/\/www.aurum.com.br\/blog\/glossario-juridico\/divorcio\/\">div\u00f3rcio<\/a> seja proposta em uma comarca onde nenhuma das partes reside.&nbsp;<\/p>\n\n\n\n<p>A defesa poder\u00e1 alegar a incompet\u00eancia territorial, argumentando que o processo deve tramitar no foro de domic\u00edlio de um dos c\u00f4njuges.&nbsp;<\/p>\n\n\n\n<p>Este \u00e9 um exemplo cl\u00e1ssico onde a exce\u00e7\u00e3o de incompet\u00eancia \u00e9 utilizada para garantir que o processo seja julgado no foro adequado, evitando preju\u00edzos \u00e0s partes e garantindo a efetividade da justi\u00e7a.<\/p>\n\n\n\n<h2 class=\"wp-block-heading\">Quando alegar a exce\u00e7\u00e3o de incompet\u00eancia?<\/h2>\n\n\n\n<p>A exce\u00e7\u00e3o de incompet\u00eancia deve ser alegada <strong>na primeira oportunidade que a parte tiver para se manifestar nos autos, geralmente na contesta\u00e7\u00e3o.<\/strong> Se a parte n\u00e3o alega a incompet\u00eancia no momento oportuno, ocorre a preclus\u00e3o, perdendo-se o direito de discutir a compet\u00eancia posteriormente.&nbsp;<\/p>\n\n\n\n<p>A preclus\u00e3o temporal \u00e9 um princ\u00edpio processual que impede a parte de alegar uma quest\u00e3o que poderia ter sido arguida em momento anterior, visando \u00e0 celeridade e \u00e0 estabilidade das rela\u00e7\u00f5es processuais.<\/p>\n\n\n\n<figure class=\"wp-block-pullquote classe bq-small\"><blockquote><p>Art. 65. Prorrogar-se-\u00e1 a compet\u00eancia relativa se o r\u00e9u n\u00e3o alegar a incompet\u00eancia em preliminar de contesta\u00e7\u00e3o.<\/p><\/blockquote><\/figure>\n\n\n\n<p>No caso de compet\u00eancia absoluta, por se tratar de mat\u00e9ria de ordem p\u00fablica, ela pode ser alegada a qualquer tempo e grau de jurisdi\u00e7\u00e3o, n\u00e3o estando sujeita \u00e0 preclus\u00e3o.&nbsp;<\/p>\n\n\n\n<p>Isso significa que mesmo em fases recursais ou em inst\u00e2ncias superiores, a quest\u00e3o da compet\u00eancia absoluta pode ser levantada, garantindo que o processo seja sempre analisado pelo ju\u00edzo competente.<\/p>\n\n\n<style>\r\n  .anuncios-post-astrea-security {\r\n    display: flex;\r\n    gap: 24px;\r\n    justify-content: space-between;\r\n    align-items: center;\r\n    border-radius: 16px;\r\n    border: none;\r\n    \/* background: #D7EAED; *\/\r\n    background: #CCECFA;\r\n    padding: 24px;\r\n    margin: 1rem 0;\r\n    max-width: 640px;\r\n  }\r\n\r\n  #s-post .anuncios-post-astrea-security .adpost-astrea-security-image {\r\n    margin: auto;\r\n    width: 207px;\r\n    min-width: 207px;\r\n    height: 203px;\r\n    \/* background: green; *\/\r\n    border-radius: 16px;\r\n  }\r\n\r\n  .anuncios-post-astrea-security .subtext {\r\n    display: block;\r\n  }\r\n\r\n  #s-post main article .content .anuncios-post-astrea-security .img-destaque {\r\n    object-fit: cover;\r\n    width: 180px;\r\n    margin: 0;\r\n  }\r\n  #s-post main article .content .anuncios-post-astrea-security i.icon-container img {\r\n    margin: 0;\r\n  }\r\n\r\n  .anuncios-post-astrea-security .textos .icon-container {\r\n    max-width: 89px;\r\n    margin-bottom: 8px;\r\n    display: block;\r\n  }\r\n  .anuncios-post-astrea-security .title {\r\n    font-weight: 600;\r\n    font-size: 21px;\r\n    line-height: 140%;\r\n    color: #000000;\r\n    margin-bottom: 16px;\r\n  }\r\n  .anuncios-post-astrea-security .subtext {\r\n    display: block;\r\n    font-weight: 400;\r\n    font-size: 14px;\r\n    line-height: 160%;\r\n    color: #272727;\r\n    text-align: left;\r\n    margin-bottom: 16px;\r\n  }\r\n  #s-post main article .content .anuncios-post-astrea-security .botao {\r\n    \/* background: #004773; *\/\r\n    background: #307ACB;\r\n    border-radius: 4px;\r\n    padding: 12px 32px;\r\n    display: inline-block;\r\n    text-decoration: none !important;\r\n    color: #FFFFFF !important;\r\n    font-size: 14px;\r\n    font-weight: 700;\r\n  }\r\n  .anuncios-post-astrea-security .botao:hover {\r\n    filter: opacity(0.9);\r\n  }\r\n  \/**********\r\n  * TABLET\r\n  ***********\/\r\n  \/* @media (max-width: 1310px) and (min-width: 800px) {\r\n    .anuncios-post-astrea-security .title {\r\n      font-size: 18px;\r\n    }\r\n  } *\/\r\n\r\n  @media (max-width: 800px) {\r\n    \/* .anuncios-post-astrea-security .title {\r\n      font-size: 16px;\r\n    }\r\n\r\n    .anuncios-post-astrea-security .subtext {\r\n      font-size: 12px;\r\n    } *\/\r\n\r\n    \/* #s-post main article .content .anuncios-post-astrea-security .botao {\r\n      font-size: 12px;\r\n    } *\/\r\n\r\n   #s-post .anuncios-post-astrea-security .adpost-astrea-security-image {\r\n        width: 180px;\r\n        min-width: 180px;\r\n        height: 176px;\r\n    }\r\n  }\r\n\r\n  \/* @media (max-width: 700px) { *\/\r\n  @media (max-width: 500px) {\r\n    .anuncios-post-astrea-security {\r\n        flex-direction: column-reverse;\r\n        gap: 0;\r\n    }\r\n\r\n    .anuncios-post-astrea-security .textos {\r\n        display: flex;\r\n        flex-direction: column;\r\n        align-items: center;\r\n    }\r\n\r\n    .anuncios-post-astrea-security .title {\r\n        text-align: center;\r\n    }\r\n\r\n    .anuncios-post-astrea-security .subtext {\r\n        text-align: center;\r\n    }\r\n\r\n    #s-post main article .content .anuncios-post-astrea-security .img-destaque {\r\n        width: 195px;\r\n        height: 180px;\r\n        margin-bottom: 16px;\r\n    }\r\n  \/* } *\/\r\n\r\n  \/* @media (max-width: 500px) { *\/\r\n    \/* .anuncios-post-astrea-security .title {\r\n      font-size: 18px;\r\n    }\r\n\r\n    .anuncios-post-astrea-security .subtext {\r\n      font-size: 14px;\r\n    } *\/\r\n\r\n    #s-post main article .content .anuncios-post-astrea-security .botao {\r\n      font-size: 14px;\r\n      width: 100%;\r\n      text-align: center;\r\n    }\r\n\r\n\r\n    #s-post .anuncios-post-astrea-security .adpost-astrea-security-image {\r\n      width: 100%;\r\n      height: auto;\r\n      margin-bottom: 16px;\r\n    }\r\n  }\r\n<\/style>\r\n\r\n<div class=\"anuncios-post-astrea-security\">\r\n    <div class=\"textos\">\r\n        <div class=\"title\">\r\n          O pr\u00f3ximo ano pode ser mais leve com o Astrea\r\n        <\/div>\r\n        <div class=\"subtext\">\r\n          <span>\r\n            Comece 2026 com mais tempo, controle e tranquilidade na sua advocacia\r\n          <\/span>\r\n          <!-- <span class=\"mobile\">\r\n            O Astrea otimiza a gest\u00e3o jur\u00eddica do seu escrit\u00f3rio para voc\u00ea ter mais tempo e tranquilidade.\r\n          <\/span> -->\r\n        <\/div>\r\n            <a class=\"botao\" data-gtm-custom=\"anuncio-post-btn\" href=\"https:\/\/www.aurum.com.br\/astrea?utm_source=blog&#038;utm_medium=adpost&#038;utm_campaign=campanha_2026\" target=\"_blank\">Experimentar gr\u00e1tis<\/a>\r\n        <\/div>\r\n    <img decoding=\"async\" src=\"https:\/\/www.aurum.com.br\/blog\/wp-content\/themes\/aurum\/img\/adpost-astrea-2026.png\" alt=\"\" class=\"adpost-astrea-security-image\">\r\n    <!-- <div class=\"adpost-astrea-security-image\"><\/div> -->\r\n\r\n<\/div>\n\n\n<h2 class=\"wp-block-heading\">Qual o prazo para apresentar a exce\u00e7\u00e3o de incompet\u00eancia?<\/h2>\n\n\n\n<p>O prazo para alegar a exce\u00e7\u00e3o de incompet\u00eancia \u00e9 o mesmo prazo para apresenta\u00e7\u00e3o da contesta\u00e7\u00e3o, que \u00e9 de <strong>15 dias \u00fateis contados a partir da cita\u00e7\u00e3o<\/strong>.&nbsp;<\/p>\n\n\n\n<p>Esse prazo \u00e9 essencial para garantir o direito de defesa e a adequada tramita\u00e7\u00e3o do processo judicial.&nbsp;<\/p>\n\n\n\n<p>Caso a parte deixe de apresentar a exce\u00e7\u00e3o de incompet\u00eancia em preliminar de contesta\u00e7\u00e3o e dentro do prazo legal, a mat\u00e9ria ser\u00e1 preclusa, e o processo seguir\u00e1 seu curso no ju\u00edzo inicialmente designado.<\/p>\n\n\n<style>\r\n  .anuncios-post-modelo-peticao {\r\n    display: flex;\r\n    gap: 24px;\r\n    justify-content: space-between;\r\n    align-items: center;\r\n    border-radius: 16px;\r\n    border: none;\r\n    background: #D5DAFF;\r\n    padding: 24px;\r\n    margin: 1rem 0;\r\n    max-width: 640px;\r\n  }\r\n\r\n  #s-post .anuncios-post-modelo-peticao .adpost-modelo-peticao-image {\r\n    margin: auto;\r\n    width: 219px;\r\n    min-width: 207px;\r\n    height: 217px;\r\n    aspect-ratio: 219.01\/217.09;\r\n    border-radius: 16px;\r\n  }\r\n\r\n  #s-post .anuncios-post-modelo-peticao .adpost-modelo-peticao-image img {\r\n    height: 100%;\r\n    border-radius: 16px;\r\n    aspect-ratio: 219.01\/217.09;\r\n    margin: auto;\r\n  }\r\n\r\n  .anuncios-post-modelo-peticao .textos {\r\n    display: flex;\r\n    flex-direction: column;\r\n    gap: 16px;\r\n  }\r\n\r\n  .anuncios-post-modelo-peticao .adpost-content {\r\n    display: flex;\r\n    flex-direction: column;\r\n    gap: 32px;\r\n  }\r\n\r\n  .anuncios-post-modelo-peticao .subtext {\r\n    display: block;\r\n  }\r\n\r\n  #s-post main article .content .anuncios-post-modelo-peticao .img-destaque {\r\n    object-fit: cover;\r\n    width: 180px;\r\n    margin: 0;\r\n  }\r\n\r\n  .anuncios-post-modelo-peticao .title {\r\n    font-weight: 600;\r\n    font-size: 21px;\r\n    line-height: 120%;\r\n    color: #000000;\r\n  }\r\n  .anuncios-post-modelo-peticao .subtext {\r\n    display: block;\r\n    font-weight: 400;\r\n    font-size: 14px;\r\n    line-height: 130%;\r\n    color: #272727;\r\n    text-align: left;\r\n  }\r\n  #s-post main article .content .anuncios-post-modelo-peticao .botao {\r\n    \/* background: #004773; *\/\r\n    background: #3B48AA;\r\n    border-radius: 4px;\r\n    padding: 12px 32px;\r\n    display: inline-block;\r\n    text-decoration: none !important;\r\n    color: #FFFFFF !important;\r\n    font-size: 14px;\r\n    font-weight: 700;\r\n    width: fit-content;\r\n  }\r\n  .anuncios-post-modelo-peticao .botao:hover {\r\n    filter: opacity(0.9);\r\n  }\r\n  \/**********\r\n  * TABLET\r\n  ***********\/\r\n  @media (max-width: 1310px) and (min-width: 800px) {\r\n    .anuncios-post-modelo-peticao .title {\r\n      font-size: 18px;\r\n    }\r\n  }\r\n\r\n  @media (max-width: 800px) {\r\n    .anuncios-post-modelo-peticao .title {\r\n      font-size: 16px;\r\n    }\r\n\r\n    .anuncios-post-modelo-peticao .subtext {\r\n      font-size: 12px;\r\n    }\r\n\r\n    #s-post main article .content .anuncios-post-modelo-peticao .botao {\r\n      font-size: 12px;\r\n    }\r\n\r\n   #s-post .anuncios-post-modelo-peticao .adpost-modelo-peticao-image {\r\n        width: 180px;\r\n        min-width: 180px;\r\n        height: 176px;\r\n    }\r\n  }\r\n\r\n  @media (max-width: 500px) {\r\n    .anuncios-post-modelo-peticao {\r\n        flex-direction: column-reverse;\r\n        gap: 0;\r\n    }\r\n\r\n    .anuncios-post-modelo-peticao .adpost-content {\r\n      gap: 24px;\r\n    }\r\n\r\n    .anuncios-post-modelo-peticao .textos {\r\n        align-items: center;\r\n    }\r\n\r\n    .anuncios-post-modelo-peticao .title {\r\n        text-align: center;\r\n    }\r\n\r\n    .anuncios-post-modelo-peticao .subtext {\r\n        text-align: center;\r\n    }\r\n\r\n    #s-post main article .content .anuncios-post-modelo-peticao .img-destaque {\r\n        width: 195px;\r\n        height: 180px;\r\n        margin-bottom: 16px;\r\n    }\r\n\r\n    .anuncios-post-modelo-peticao .title {\r\n      font-size: 18px;\r\n    }\r\n\r\n    .anuncios-post-modelo-peticao .subtext {\r\n      font-size: 14px;\r\n    }\r\n\r\n    #s-post main article .content .anuncios-post-modelo-peticao .botao {\r\n      font-size: 14px;\r\n      width: 100%;\r\n      text-align: center;\r\n    }\r\n\r\n\r\n    #s-post .anuncios-post-modelo-peticao .adpost-modelo-peticao-image {\r\n      width: 100%;\r\n      height: auto;\r\n      margin-bottom: 24px;\r\n    }\r\n  }\r\n<\/style>\r\n\r\n<div class=\"anuncios-post-modelo-peticao\">\r\n      <div class=\"adpost-content\">\r\n      <div class=\"textos\">\r\n          <div class=\"title\">\r\n            Modelo de Exce\u00e7\u00e3o de Incompet\u00eancia pronto pra usar          <\/div>\r\n          <div class=\"subtext\">\r\n            <span>\r\n              Pr\u00e1tico e gratuito para agilizar sua rotina jur\u00eddica. Criado por especialista, pensado pra quem quer efici\u00eancia.            <\/span>\r\n          <\/div>\r\n      <\/div>\r\n            <a class=\"botao\" data-gtm-custom=\"anuncio-post-btn\" href=\"https:\/\/www.aurum.com.br\/blog\/material\/modelo-excecao-de-incompetencia\/?utm_source=blog&#038;utm_medium=adpost&#038;utm_campaign=excesao-incompetencia&#038;utm_content=\" target=\"_blank\">Acessar gr\u00e1tis<\/a>\r\n    <\/div>\r\n            <img decoding=\"async\" src=\"https:\/\/www.aurum.com.br\/blog\/wp-content\/themes\/aurum\/img\/adpost-modelo-peticao-placeholder.png\" alt=\"\" class=\"adpost-modelo-peticao-image\">\r\n       \r\n\r\n<\/div>\n\n\n<h2 class=\"wp-block-heading\">Conclus\u00e3o<\/h2>\n\n\n\n<p>Compreender a exce\u00e7\u00e3o de incompet\u00eancia \u00e9 crucial para a pr\u00e1tica jur\u00eddica, pois garante que os processos sejam julgados pelo ju\u00edzo adequado, evitando nulidades e preju\u00edzos \u00e0s partes.&nbsp;<\/p>\n\n\n\n<p>A correta aplica\u00e7\u00e3o dessa ferramenta processual pode fazer a diferen\u00e7a no resultado de uma a\u00e7\u00e3o, assegurando a observ\u00e2ncia dos princ\u00edpios da compet\u00eancia e da justi\u00e7a. Ao dominar esse aspecto do direito processual, advogados podem proteger melhor os interesses de seus clientes, garantindo um processo mais justo e eficiente.<\/p>\n\n\n\n<h3 class=\"wp-block-heading\">Mais conhecimento para voc\u00ea<\/h3>\n\n\n\n<ul class=\"wp-block-list\">\n<li><a href=\"https:\/\/www.aurum.com.br\/blog\/intimacao\/\">Intima\u00e7\u00e3o: o que \u00e9, para que serve, tipos e prazo<\/a><\/li>\n\n\n\n<li><a href=\"https:\/\/www.aurum.com.br\/blog\/guarda-compartilhada-de-animais\/\">Guarda compartilhada de animais existe? <\/a><\/li>\n\n\n\n<li><a href=\"https:\/\/www.aurum.com.br\/blog\/anuencia\/\">Entendendo a anu\u00eancia: FAQ para advogados e advogadas&nbsp;<\/a><\/li>\n\n\n\n<li><a href=\"https:\/\/www.aurum.com.br\/blog\/constricao-judicial\/\">Veja o que \u00e9 constri\u00e7\u00e3o judicial e os principais meios de execu\u00e7\u00e3o<\/a><\/li>\n\n\n\n<li><a href=\"https:\/\/www.aurum.com.br\/blog\/jurisdicao\/\" data-type=\"link\" data-id=\"https:\/\/www.aurum.com.br\/blog\/jurisdicao\/\">Juridis\u00e7\u00e3o: princ\u00edpios, tipos, exemplos e artigos do C\u00f3digo Civil<\/a><\/li>\n\n\n\n<li><a href=\"https:\/\/www.aurum.com.br\/blog\/revisao-de-beneficio-previdenciario\/\">Revis\u00e3o de Benef\u00edcio Previdenci\u00e1rio: descubra se vale a pena pedir!<\/a><\/li>\n\n\n\n<li><a href=\"https:\/\/www.aurum.com.br\/blog\/federacao-partidaria\/\">Saiba como \u00e9 criada a federa\u00e7\u00e3o partid\u00e1ria e qual a diferen\u00e7a da coliga\u00e7\u00e3o partid\u00e1ria!<\/a><\/li>\n\n\n\n<li><a href=\"https:\/\/www.aurum.com.br\/blog\/cessao-de-direitos-hereditarios\/\" data-type=\"link\" data-id=\"https:\/\/www.aurum.com.br\/blog\/cessao-de-direitos-hereditarios\/\">Como funciona a Cess\u00e3o de Direitos Heredit\u00e1rios?<\/a><\/li>\n\n\n\n<li><a href=\"https:\/\/www.aurum.com.br\/blog\/responsabilidade-objetiva-do-cdc\/\" data-type=\"link\" data-id=\"https:\/\/www.aurum.com.br\/blog\/responsabilidade-objetiva-do-cdc\/\">Entenda como funciona a responsabilidade objetiva no CDC<\/a><\/li>\n\n\n\n<li><a href=\"https:\/\/www.aurum.com.br\/blog\/doacao-de-sangue\/\">Aspectos legais e pr\u00e1ticos da Doa\u00e7\u00e3o de Sangue<\/a><\/li>\n\n\n\n<li><a href=\"https:\/\/www.aurum.com.br\/blog\/isencao-pcd\/\">Guia de Isen\u00e7\u00e3o PcD: Direitos, Processos e D\u00favidas Comuns<\/a><\/li>\n<\/ul>\n\n\n<style>\r\n  .news-post {\r\n    background: url('https:\/\/www.aurum.com.br\/blog\/wp-content\/themes\/aurum\/img\/bg-news-artigo.svg') no-repeat top center #3C48AA;\r\n    padding: 1.5rem;\r\n    border-radius: 6px;\r\n    margin: 1rem 0;\r\n  }\r\n  .news-post .icone {\r\n    display: none;\r\n  }\r\n  .news-post .title {\r\n    font-weight: 700;\r\n    font-size: 16px;\r\n    line-height: 130%;\r\n    text-align: center;\r\n    letter-spacing: -0.5px;\r\n    color: #fff;\r\n    margin-bottom: .9375rem;\r\n  }\r\n  .news-post p {\r\n    font-size: .875rem;\r\n    line-height: 140%;\r\n    text-align: center;\r\n    color: #fff;\r\n    margin-bottom: 1.25rem;\r\n  }\r\n  .news-post .news_button_span {\r\n    font-size: .8125rem;\r\n    display: block;\r\n    padding: .125rem .3125rem;\r\n    color: #fff;\r\n    text-align:left;\r\n  }\r\n  .news-post .news_button_span a {\r\n    color: #fff !important;\r\n    text-decoration: underline;\r\n  }\r\n  .news-post form {\r\n    width: 100%;\r\n  }\r\n  .news-post label {\r\n    font-weight: 600;\r\n    font-size: .9375rem;\r\n    line-height: 1.5rem;\r\n    margin-bottom: .5rem;\r\n    color: #fff;\r\n    display: block;\r\n  }\r\n  .news-post input {\r\n    background: #fff;\r\n    border: 1px solid #CBCBD9;\r\n    box-sizing: border-box;\r\n    border-radius: 4px;\r\n    padding: .75rem 1rem;\r\n    width: 100%;\r\n  }\r\n  .news-post button {\r\n    margin-top: .875rem;\r\n    width: 100%;\r\n    min-width: auto;\r\n    background: #FCC632;\r\n    color: #3C48AA;\r\n  }\r\n  .news-post .input {\r\n    position: relative;\r\n    padding-bottom: 10px;\r\n  }\r\n  .news-post .error-message-ad {\r\n    font-size: .875rem;\r\n    line-height: 130%;\r\n    color: #D50021;\r\n    margin-left: 4px;\r\n  }\r\n  .news-post .error {\r\n    border: 1px solid #D50021;\r\n  }\r\n  .news-post #message-form-ad {\r\n    border-radius: 4px;\r\n    padding: 0.7rem;\r\n    font-size:0.8rem;\r\n    text-align: center;\r\n    align-items: center;\r\n    justify-content: center;\r\n    display: none;\r\n  }\r\n  .news-post #message-form-ad svg {\r\n    margin-right: 8px;\r\n  }\r\n\r\n  @media(min-width: 561px) {\r\n    .news-post {\r\n      position: relative;\r\n      background: url('https:\/\/www.aurum.com.br\/blog\/wp-content\/themes\/aurum\/img\/bg-news-artigo.svg') no-repeat top center #3C48AA;\r\n      width: calc(100% - 30px);\r\n    }\r\n    .news-post .icone {\r\n      display: block;\r\n      position: absolute;\r\n      right: -30px;\r\n      top: 65px;\r\n      max-width: 142px;\r\n      width: 100%;\r\n      height: auto;\r\n      margin: 0;\r\n    }\r\n    .news-post .title {\r\n      font-size: 1.125rem;\r\n      text-align: left;\r\n      \/* padding-right: 3.75rem; *\/\r\n    }\r\n    .news-post p {\r\n      font-size: 1rem;\r\n      text-align: left;\r\n      max-width: 400px;\r\n    }\r\n    .news-post .boxes {\r\n      display: flex;\r\n      align-items: flex-start;\r\n    }\r\n    .news-post button {\r\n      margin: 0 0 0 1rem;\r\n      width: 100%;\r\n      max-width: 170px;\r\n      min-width: auto;\r\n      transition: all ease .3s\r\n    }\r\n    .news-post button:hover {\r\n      opacity: 0.9;\r\n      transition: all ease .3s\r\n    }\r\n    .news-post #message-form-ad {\r\n      padding: 1.125rem;\r\n      font-size:1rem;\r\n    }\r\n    .news-post #message-form-ad svg {\r\n      margin-right: 10px;\r\n    }\r\n  }\r\n<\/style>\r\n\r\n<div class=\"news-post\">\r\n  <div class=\"title news-ad-title\">Gostou do artigo e quer evoluir a sua advocacia?<\/div>\r\n  <p class=\"news-ad-subtitle\">Assine gr\u00e1tis a Aurum News e receba uma dose semanal de conte\u00fado no seu e-mail! \u270c\ufe0f<\/p>\r\n  <img decoding=\"async\" src=\"https:\/\/www.aurum.com.br\/blog\/wp-content\/themes\/aurum\/img\/icon-news-artigo.svg\" alt=\"\" class=\"icone\">\r\n\r\n  <form method=\"post\" name=\"newsletter-ad\" id=\"aurum-newsletter-ad\">\r\n    <div class=boxes>\r\n      <div class=\"input\">\r\n        <label class=\"label-email\" htmlFor=\"email-ad\">Qual seu e-mail?<\/label>\r\n        <input type=\"email\" id=\"email-ad\" name=\"newsletter-mail-ad\" placeholder=\"Digite seu e-mail?\">\r\n        <div class=\"error-message-ad-email\">Endere\u00e7o de e-mail inv\u00e1lido ou incorreto<\/div>\r\n\r\n        <label class=\"label-select\" htmlFor=\"lawsuits-select-ad\">\r\n          Quantos processos voc\u00ea ou<br class=\"for-desktop\"\/> seu escrit\u00f3rio acompanham?\r\n        <\/label>\r\n        <div id=\"lawsuits-select-ad\" class=\"lawsuits-select select-wrapper\" tabindex=\"0\">\r\n          <div class=\"s-dropdown--styled\">\r\n          <span class=\"lawsuits-default\">\r\n            <span id=\"lawsuits-newsletter-ad\" class=\"lawsuits-default-text\" data-value=\"\">Selecione os processos<\/span>\r\n            <svg class=\"chevron\" xmlns=\"http:\/\/www.w3.org\/2000\/svg\" width=\"24\" height=\"25\" viewBox=\"0 0 24 25\" fill=\"none\">\r\n              <path d=\"M6 15.6152L12 9.61523L18 15.6152\" stroke=\"black\" stroke-width=\"2\" stroke-linecap=\"round\" stroke-linejoin=\"round\" \/>\r\n            <\/svg>\r\n          <\/span>\r\n\r\n          <ul class=\"s-dropdown u-hide\">\r\n            <li class=\"lawsuits\" data-value=\"Mais de 1000 processos\">Mais de 1000 processos<\/li>\r\n            <li class=\"lawsuits\" data-value=\"De 501 a 1000 processos\">De 501 a 1000 processos<\/li>\r\n            <li class=\"lawsuits\" data-value=\"De 151 a 500 processos\">De 151 a 500 processos<\/li>\r\n            <li class=\"lawsuits\" data-value=\"De 41 a 150 processos\">De 41 a 150 processos<\/li>\r\n            <li class=\"lawsuits\" data-value=\"At\u00e9 40 processos\">At\u00e9 40 processos<\/li>\r\n            <li class=\"lawsuits\" data-value=\"Atuo apenas no consultivo\">Atuo apenas no consultivo<\/li>\r\n            <li class=\"lawsuits\" data-value=\"Ainda sou estudante de direito\">Ainda sou estudante de direito<\/li>\r\n            <li class=\"lawsuits\" data-value=\"N\u00e3o sou da \u00e1rea jur\u00eddica\">N\u00e3o sou da \u00e1rea jur\u00eddica<\/li>\r\n          <\/ul>\r\n          <\/div>\r\n        <\/div>\r\n        <div class=\"error-message-ad-lawsuits\">Selecione algum processo<\/div>\r\n      <\/div>\r\n      <button class=\"btn btn-yellow ad-btn-desktop\" id=\"aurum-submit-ad\">Assinar gr\u00e1tis<\/button>\r\n      <button class=\"btn btn-yellow ad-btn-mobile\" id=\"aurum-submit-ad\">Assinar<\/button>\r\n    <\/div>\r\n    <span class=\"news_button_span\">Ao se cadastrar voc\u00ea declara que leu e aceitou a pol\u00edtica de privacidade e cookies do <a href=\"https:\/\/s3.sa-east-1.amazonaws.com\/publico.aurum.com.br\/contratos\/politica-de-privacidade.pdf\" target=\"_blank\" rel=\"noopener noreferrer\">site<\/a>.<\/span>\r\n  <\/form>\r\n  <div id=\"message-form-ad\"><\/div>\r\n<\/div>","protected":false},"excerpt":{"rendered":"<p>A exce\u00e7\u00e3o de incompet\u00eancia \u00e9 um meio de defesa processual utilizado para contestar a compet\u00eancia do ju\u00edzo para julgar determinado caso, alegando que o ju\u00edzo n\u00e3o possui atribui\u00e7\u00e3o legal para processar e julgar a demanda. A exce\u00e7\u00e3o de incompet\u00eancia \u00e9 um tema de grande relev\u00e2ncia tanto para advogados quanto para aqueles que desejam compreender melhor [&hellip;]<\/p>\n","protected":false},"author":132,"featured_media":29410,"comment_status":"open","ping_status":"open","sticky":false,"template":"","format":"standard","meta":{"_bbp_topic_count":0,"_bbp_reply_count":0,"_bbp_total_topic_count":0,"_bbp_total_reply_count":0,"_bbp_voice_count":0,"_bbp_anonymous_reply_count":0,"_bbp_topic_count_hidden":0,"_bbp_reply_count_hidden":0,"_bbp_forum_subforum_count":0,"inline_featured_image":false,"footnotes":""},"categories":[178],"tags":[],"class_list":["post-29406","post","type-post","status-publish","format-standard","has-post-thumbnail","hentry","category-direito-processual-civil"],"acf":[],"_links":{"self":[{"href":"https:\/\/www.aurum.com.br\/blog\/wp-json\/wp\/v2\/posts\/29406","targetHints":{"allow":["GET"]}}],"collection":[{"href":"https:\/\/www.aurum.com.br\/blog\/wp-json\/wp\/v2\/posts"}],"about":[{"href":"https:\/\/www.aurum.com.br\/blog\/wp-json\/wp\/v2\/types\/post"}],"author":[{"embeddable":true,"href":"https:\/\/www.aurum.com.br\/blog\/wp-json\/wp\/v2\/users\/132"}],"replies":[{"embeddable":true,"href":"https:\/\/www.aurum.com.br\/blog\/wp-json\/wp\/v2\/comments?post=29406"}],"version-history":[{"count":19,"href":"https:\/\/www.aurum.com.br\/blog\/wp-json\/wp\/v2\/posts\/29406\/revisions"}],"predecessor-version":[{"id":33459,"href":"https:\/\/www.aurum.com.br\/blog\/wp-json\/wp\/v2\/posts\/29406\/revisions\/33459"}],"wp:featuredmedia":[{"embeddable":true,"href":"https:\/\/www.aurum.com.br\/blog\/wp-json\/wp\/v2\/media\/29410"}],"wp:attachment":[{"href":"https:\/\/www.aurum.com.br\/blog\/wp-json\/wp\/v2\/media?parent=29406"}],"wp:term":[{"taxonomy":"category","embeddable":true,"href":"https:\/\/www.aurum.com.br\/blog\/wp-json\/wp\/v2\/categories?post=29406"},{"taxonomy":"post_tag","embeddable":true,"href":"https:\/\/www.aurum.com.br\/blog\/wp-json\/wp\/v2\/tags?post=29406"}],"curies":[{"name":"wp","href":"https:\/\/api.w.org\/{rel}","templated":true}]}}