{"id":28736,"date":"2024-07-04T21:07:00","date_gmt":"2024-07-05T00:07:00","guid":{"rendered":"https:\/\/www.aurum.com.br\/blog\/?p=28736"},"modified":"2024-08-30T17:32:41","modified_gmt":"2024-08-30T20:32:41","slug":"lei-complementar","status":"publish","type":"post","link":"https:\/\/www.aurum.com.br\/blog\/lei-complementar\/","title":{"rendered":"Lei Complementar: Entenda Sua Relev\u00e2ncia e Processo de Aprova\u00e7\u00e3o no Brasil"},"content":{"rendered":"<div id=\"bsf_rt_marker\"><\/div>\n<pre class=\"wp-block-preformatted\">A <strong>Lei Complementar<\/strong> \u00e9 um tipo espec\u00edfico de legisla\u00e7\u00e3o prevista na Constitui\u00e7\u00e3o Federal do Brasil que trata de assuntos de maior relev\u00e2ncia e complexidade constitucional. A sua aprova\u00e7\u00e3o demanda qu\u00f3rum da maioria absoluta dos votos dos parlamentares, isso porque as mat\u00e9rias de maior import\u00e2ncia constitucional s\u00e3o debatidas de forma mais aprofundada e recebam uma maior legitimidade democr\u00e1tica.<\/pre>\n\n\n\n<p>A Lei Complementar \u00e9 um instrumento legislativo crucial no ordenamento jur\u00eddico brasileiro. Compreender a diferen\u00e7a entre ela e a Lei Ordin\u00e1ria \u00e9 essencial n\u00e3o s\u00f3 para profissionais do direito, mas tamb\u00e9m para qualquer cidad\u00e3o que queira entender melhor como as normas que impactam o seu dia a dia s\u00e3o formuladas.<\/p>\n\n\n\n<p>Imagine que voc\u00ea est\u00e1 debatendo sobre educa\u00e7\u00e3o e surge a necessidade de regulamentar um novo sistema nacional de ensino. Devido \u00e0 sua complexidade e relev\u00e2ncia, a Constitui\u00e7\u00e3o Federal Brasileira determina que este assunto seja tratado por meio de uma Lei Complementar.<\/p>\n\n\n\n<p>Enquanto as Leis Ordin\u00e1rias lidam com quest\u00f5es mais corriqueiras, as complementares abordam temas que exigem maior consenso e precis\u00e3o legislativa.<\/p>\n\n\n\n<p>Desde a promulga\u00e7\u00e3o da Constitui\u00e7\u00e3o de 1988, diversas normas complementares foram aprovadas, abrangendo desde a organiza\u00e7\u00e3o do sistema tribut\u00e1rio at\u00e9 regulamenta\u00e7\u00f5es sobre <a href=\"https:\/\/www.aurum.com.br\/blog\/clt-comentado\/art-13-clt\/\">previd\u00eancia social<\/a>.<\/p>\n\n\n\n<p>Profissionais do direito frequentemente se deparam com quest\u00f5es envolvendo essas leis mais espec\u00edficas. Para advogados, ju\u00edzes e legisladores, \u00e9 essencial compreender suas nuances para uma aplica\u00e7\u00e3o eficaz e justa.<\/p>\n\n\n\n<p>Voc\u00ea j\u00e1 se perguntou por que algumas normas parecem demandar um debate mais extenso e criterioso no Congresso? Ou como a legisla\u00e7\u00e3o brasileira se ajusta para regular temas t\u00e3o variados e complexos?<\/p>\n\n\n\n<p>Entender a fun\u00e7\u00e3o e a import\u00e2ncia das Leis Complementares e distingui-las das Ordin\u00e1rias \u00e9 fundamental para responder a essas perguntas. Quer aprofundar seu conhecimento sobre a estrutura legislativa brasileira e entender como essas normas impactam sua vida e profiss\u00e3o? Continue lendo e descubra mais sobre a relev\u00e2ncia e a aplica\u00e7\u00e3o das Leis Complementares no Brasil. \ud83d\ude09<\/p>\n\n\n\n<h2 class=\"wp-block-heading\">O que \u00e9 a Lei Complementar?<\/h2>\n\n\n\n<p>A Lei Complementar \u00e9 um tipo espec\u00edfico de legisla\u00e7\u00e3o previsto na Constitui\u00e7\u00e3o Federal do Brasil, destinado a <strong>regulamentar e detalhar dispositivos constitucionais, abordando temas que requerem maior especificidade e complexidade normativa<\/strong>.&nbsp;<\/p>\n\n\n\n<p>Diferente das Leis Ordin\u00e1rias, as Leis Complementares possuem um processo de aprova\u00e7\u00e3o mais rigoroso e s\u00e3o necess\u00e1rias para tratar de mat\u00e9rias que a pr\u00f3pria Constitui\u00e7\u00e3o determina que devam ser regulamentadas por esse tipo de norma.<\/p>\n\n\n\n<h3 class=\"wp-block-heading\">Qual a legisla\u00e7\u00e3o da Lei Complementar?&nbsp;<\/h3>\n\n\n\n<p>Conforme estabelecido no Artigo 59 da Constitui\u00e7\u00e3o Federal, as Leis Complementares est\u00e3o inclu\u00eddas entre as esp\u00e9cies normativas do ordenamento jur\u00eddico brasileiro, junto com as emendas \u00e0 Constitui\u00e7\u00e3o, Leis Ordin\u00e1rias, Medidas Provis\u00f3rias, Decretos Legislativos, e Resolu\u00e7\u00f5es.<\/p>\n\n\n\n<figure class=\"wp-block-pullquote classe bq-small\"><blockquote><p><strong>Art. 59.<\/strong> O processo legislativo compreende a elabora\u00e7\u00e3o de:<br>I &#8211; emendas \u00e0 Constitui\u00e7\u00e3o;<br>II &#8211; leis complementares;<br>III &#8211; leis ordin\u00e1rias;<br>IV &#8211; leis delegadas;<br>V &#8211; medidas provis\u00f3rias;<br>VI &#8211; decretos legislativos;<br>VII &#8211; resolu\u00e7\u00f5es.<br>Par\u00e1grafo \u00fanico. Lei complementar dispor\u00e1 sobre a elabora\u00e7\u00e3o, reda\u00e7\u00e3o, altera\u00e7\u00e3o e consolida\u00e7\u00e3o das leis.<\/p><\/blockquote><\/figure>\n\n\n\n<h2 class=\"wp-block-heading\">O que pode ser regulado por Lei Complementar?<\/h2>\n\n\n\n<p>A Constitui\u00e7\u00e3o Federal brasileira de 1988 prev\u00ea as mat\u00e9rias que devem ser regulamentadas por Lei Complementar, dada a sua complexidade e relev\u00e2ncia.&nbsp; Aqui est\u00e3o algumas das principais mat\u00e9rias que, conforme a Constitui\u00e7\u00e3o, devem ser tratadas por Lei Complementar:<\/p>\n\n\n\n<ul class=\"wp-block-list\">\n<li><strong>Normas Gerais de Direito Tribut\u00e1rio &#8211; Art. 146 da CFRB\/1988:<\/strong> A Lei Complementar estabelece normas gerais em mat\u00e9ria de legisla\u00e7\u00e3o tribut\u00e1ria, especialmente sobre defini\u00e7\u00e3o de tributos, bases de c\u00e1lculo, e contribuintes.<\/li>\n\n\n\n<li><strong>Organiza\u00e7\u00e3o das For\u00e7as Armadas &#8211;&nbsp; Art. 142, \u00a7 1\u00ba: <\/strong>Cabe \u00e0 Lei Complementar regulamentar a organiza\u00e7\u00e3o, o preparo e o emprego das For\u00e7as Armadas.<\/li>\n\n\n\n<li><strong><a href=\"https:\/\/www.aurum.com.br\/blog\/novo-cpc-comentado\/art-185-a-187-cpc\/\">Defensoria P\u00fablica<\/a> &#8211; Art. 134, \u00a7 1\u00ba:<\/strong> A organiza\u00e7\u00e3o e o estatuto da Defensoria P\u00fablica da Uni\u00e3o e dos Estados s\u00e3o regulamentados por Lei Complementar.<\/li>\n\n\n\n<li><strong>Procedimentos Legislativos Especiais &#8211; Art. 59, par\u00e1grafo \u00fanico:<\/strong> A regula\u00e7\u00e3o dos procedimentos de elabora\u00e7\u00e3o das leis tamb\u00e9m requer uma Lei Complementar.<\/li>\n<\/ul>\n\n\n\n<h3 class=\"wp-block-heading\">Exemplos de Lei Complementar:<\/h3>\n\n\n\n<ol class=\"wp-block-list\">\n<li><strong>C\u00f3digo Tribut\u00e1rio Nacional (CTN): <\/strong>Institu\u00eddo pela <a href=\"https:\/\/www.planalto.gov.br\/ccivil_03\/LEIS\/L5172Compilado.htm\" target=\"_blank\" rel=\"noopener\">Lei Complementar n\u00ba 5 de 1970<\/a>, o CTN \u00e9 um exemplo cl\u00e1ssico de Lei Complementar, que estabelece normas gerais de direito tribut\u00e1rio aplic\u00e1veis \u00e0 Uni\u00e3o, aos Estados, ao Distrito Federal e aos Munic\u00edpios.<\/li>\n\n\n\n<li><strong>Lei de Responsabilidade Fiscal (LRF):<\/strong> A <a href=\"https:\/\/www.planalto.gov.br\/ccivil_03\/LEIS\/LCP\/Lcp101.htm\" target=\"_blank\" rel=\"noopener\">Lei Complementar n\u00ba 101 de 2000,<\/a> conhecida como Lei de Responsabilidade Fiscal, regulamenta os princ\u00edpios constitucionais de finan\u00e7as p\u00fablicas, impondo limites aos gastos p\u00fablicos e promovendo a transpar\u00eancia fiscal.<\/li>\n<\/ol>\n\n\n\n<h2 class=\"wp-block-heading\">Qual a diferen\u00e7a entre Lei Complementar e Ordin\u00e1ria?&nbsp;<\/h2>\n\n\n\n<p>Compreender as distin\u00e7\u00f5es entre Lei Complementar e Lei Ordin\u00e1ria \u00e9 essencial para compreender a din\u00e2mica das legisla\u00e7\u00f5es no ordenamento jur\u00eddico brasileiro.&nbsp;<\/p>\n\n\n\n<p>Essas diferen\u00e7as s\u00e3o significativas tanto do ponto de vista do processo e dos requisitos necess\u00e1rios para a aprova\u00e7\u00e3o de uma lei, como o qu\u00f3rum de vota\u00e7\u00e3o, etapas de tramita\u00e7\u00e3o e formalidades procedimentais &#8211; aspecto formal.<\/p>\n\n\n\n<p>Como quanto&nbsp; ao conte\u00fado e \u00e0 finalidade da lei, ou seja, os temas e mat\u00e9rias que a lei regula e sua fun\u00e7\u00e3o dentro do ordenamento jur\u00eddico &#8211; aspecto material.<\/p>\n\n\n\n<h3 class=\"wp-block-heading\">Processo Legislativo e Qu\u00f3rum de Aprova\u00e7\u00e3o<\/h3>\n\n\n\n<h4 class=\"wp-block-heading\">Lei Complementar:<\/h4>\n\n\n\n<p>Requer maioria absoluta para aprova\u00e7\u00e3o, ou seja, mais da metade do total de membros do respectivo \u00f3rg\u00e3o legislativo (C\u00e2mara dos Deputados ou Senado Federal).&nbsp;<\/p>\n\n\n\n<p>Isso significa que, independentemente do n\u00famero de parlamentares presentes, a lei s\u00f3 pode ser aprovada se obtiver o voto favor\u00e1vel da maioria absoluta dos membros. Assim, a C\u00e2mara dos Deputados possui 513 membros, a aprova\u00e7\u00e3o de uma Lei Complementar nesta casa legislativa exige pelo menos 257 votos favor\u00e1veis.<\/p>\n\n\n\n<h4 class=\"wp-block-heading\">Lei Ordin\u00e1ria:<\/h4>\n\n\n\n<p>Requer maioria simples para aprova\u00e7\u00e3o, ou seja, a maioria dos votos dos parlamentares presentes na sess\u00e3o. Isso torna o processo de aprova\u00e7\u00e3o mais flex\u00edvel, pois depende apenas do qu\u00f3rum presente no momento da vota\u00e7\u00e3o.<\/p>\n\n\n\n<p>Por exemplo, em uma sess\u00e3o na C\u00e2mara dos deputados com 400 deputados presentes, 201 votos favor\u00e1veis s\u00e3o suficientes para a aprova\u00e7\u00e3o de uma Lei Ordin\u00e1ria.<\/p>\n\n\n\n<h3 class=\"wp-block-heading\">Conte\u00fado e Finalidade<\/h3>\n\n\n\n<h4 class=\"wp-block-heading\">Lei Complementar:<\/h4>\n\n\n\n<p>Destinada a regulamentar mat\u00e9rias espec\u00edficas e de maior complexidade, determinadas expressamente pela Constitui\u00e7\u00e3o Federal. Tem o papel de complementar e detalhar os dispositivos constitucionais, tratando de temas que exigem precis\u00e3o e detalhamento legislativo.<\/p>\n\n\n\n<h4 class=\"wp-block-heading\">Lei Ordin\u00e1ria:<\/h4>\n\n\n\n<p>Aborda uma gama mais ampla de temas, geralmente relacionados ao cotidiano administrativo, social, econ\u00f4mico e pol\u00edtico do pa\u00eds. \u00c9 residual, regula mat\u00e9rias que n\u00e3o s\u00e3o reservadas expressamente \u00e0 Lei Complementar, oferecendo flexibilidade legislativa para responder a demandas e quest\u00f5es pr\u00e1ticas.<\/p>\n\n\n\n<h2 class=\"wp-block-heading\">Existe hierarquia entre Lei Complementar e Ordin\u00e1ria?<\/h2>\n\n\n\n<p>A quest\u00e3o da hierarquia entre Lei Complementar e Lei Ordin\u00e1ria \u00e9 amplamente debatida na doutrina jur\u00eddica brasileira, com opini\u00f5es divergentes entre os estudiosos do direito.&nbsp;<\/p>\n\n\n\n<p>Entretanto, uma posi\u00e7\u00e3o importante sobre o tema foi consolidada pelo Supremo <a href=\"https:\/\/www.aurum.com.br\/blog\/novo-cpc-comentado\/art-1-027-a-1-044-cpc\/\">Tribunal Federal<\/a> (STF). No informativo 459, o STF apresentou a tese da inexist\u00eancia de hierarquia entre Lei Ordin\u00e1ria e Lei Complementar.\u00a0<\/p>\n\n\n\n<p>Segundo o entendimento do Tribunal, o conflito entre uma Lei Ordin\u00e1ria e uma mat\u00e9ria reservada \u00e0 Lei Complementar deve ser resolvido com base na compet\u00eancia constitucional, e n\u00e3o em uma suposta hierarquia entre as normas.<\/p>\n\n\n\n<p>O STF argumenta que tanto a Lei Complementar quanto a Lei Ordin\u00e1ria encontram seu fundamento de validade na Constitui\u00e7\u00e3o Federal de 1988, o que implica que <strong>n\u00e3o h\u00e1 uma rela\u00e7\u00e3o hier\u00e1rquica entre elas.&nbsp;<\/strong><\/p>\n\n\n\n<p>Ambas s\u00e3o esp\u00e9cies normativas que cumprem fun\u00e7\u00f5es diferentes e espec\u00edficas dentro do ordenamento jur\u00eddico. Desta forma, quando uma Lei Ordin\u00e1ria trata de um assunto reservado \u00e0 Lei Complementar, ela n\u00e3o \u00e9 considerada inconstitucional por violar a Lei Complementar, mas sim por violar a pr\u00f3pria Constitui\u00e7\u00e3o Federal.&nbsp;<\/p>\n\n\n\n<p>O problema, neste caso, \u00e9 de compet\u00eancia legislativa, j\u00e1 que a Constitui\u00e7\u00e3o determina expressamente que certas mat\u00e9rias devem ser regulamentadas exclusivamente por Lei Complementar.<\/p>\n\n\n\n<h2 class=\"wp-block-heading\">Conclus\u00e3o<\/h2>\n\n\n\n<p>As diferen\u00e7as entre Lei Complementar e Lei Ordin\u00e1ria s\u00e3o cruciais para a estrutura e funcionamento do ordenamento jur\u00eddico brasileiro.&nbsp;As Leis Complementares, com sua exig\u00eancia de aprova\u00e7\u00e3o por maioria absoluta e seu foco em mat\u00e9rias de maior complexidade, desempenham um papel essencial na regulamenta\u00e7\u00e3o de temas fundamentais previstos pela Constitui\u00e7\u00e3o.&nbsp;<\/p>\n\n\n\n<p>J\u00e1 as Leis Ordin\u00e1rias, com um processo de aprova\u00e7\u00e3o mais flex\u00edvel, permitem uma resposta legislativa mais \u00e1gil e abrangente para as demandas cotidianas da sociedade.&nbsp;Compreender essas distin\u00e7\u00f5es \u00e9 vital para qualquer operador do direito e para cidad\u00e3os que desejam entender melhor o funcionamento das normas que regem o pa\u00eds.<\/p>\n\n\n\n<h2 class=\"wp-block-heading\">Mais conhecimento para voc\u00ea<\/h2>\n\n\n\n<ul class=\"wp-block-list\">\n<li><a href=\"https:\/\/www.aurum.com.br\/blog\/inadimplencia-condominial\/\">Inadimpl\u00eancia condominial: desvendando aspectos legais e solu\u00e7\u00f5es<\/a><\/li>\n\n\n\n<li><a href=\"https:\/\/www.aurum.com.br\/blog\/principios-do-direito-ambiental\/\">Princ\u00edpios do Direito Ambiental: quais s\u00e3o, import\u00e2ncia e exemplos<\/a><\/li>\n\n\n\n<li><a href=\"https:\/\/www.aurum.com.br\/blog\/reproducao-assistida\/\">Reprodu\u00e7\u00e3o assistida: como \u00e9 regulamentada pelo direito brasileiro?<\/a><\/li>\n\n\n\n<li><a href=\"https:\/\/www.aurum.com.br\/blog\/jurisdicao\/\" data-type=\"link\" data-id=\"https:\/\/www.aurum.com.br\/blog\/jurisdicao\/\">Juridis\u00e7\u00e3o: princ\u00edpios, tipos, exemplos e artigos do C\u00f3digo Civil<\/a><\/li>\n\n\n\n<li><a href=\"https:\/\/www.aurum.com.br\/blog\/exoneracao-de-alimentos\/\">Tudo sobre exonera\u00e7\u00e3o de alimentos<\/a><\/li>\n\n\n\n<li><a href=\"https:\/\/www.aurum.com.br\/blog\/funcao-do-sindico\/\">Fun\u00e7\u00e3o do s\u00edndico: responsabilidades e assessoria jur\u00eddica em conflitos<\/a><\/li>\n\n\n\n<li><a href=\"https:\/\/www.aurum.com.br\/blog\/concubinato\/\">Entenda o que \u00e9 concubinato e quais os seus desafios<\/a><\/li>\n\n\n\n<li><a href=\"https:\/\/www.aurum.com.br\/blog\/carta-de-preposicao\/\" data-type=\"link\" data-id=\"https:\/\/www.aurum.com.br\/blog\/carta-de-preposicao\/\">O que \u00e9 carta de preposi\u00e7\u00e3o e como deve ser feita<\/a><\/li>\n\n\n\n<li><a href=\"https:\/\/www.aurum.com.br\/blog\/constricao-judicial\/\">Veja o que \u00e9 constri\u00e7\u00e3o judicial e os principais meios de execu\u00e7\u00e3o<\/a><\/li>\n\n\n\n<li><a href=\"https:\/\/www.aurum.com.br\/blog\/anuencia\/\" data-type=\"link\" data-id=\"https:\/\/www.aurum.com.br\/blog\/anuencia\/\">Entendendo a anu\u00eancia: FAQ para advogados e advogadas<\/a><\/li>\n\n\n\n<li><a href=\"https:\/\/www.aurum.com.br\/blog\/revisao-de-beneficio-previdenciario\/\">Revis\u00e3o de Benef\u00edcio Previdenci\u00e1rio: descubra se vale a pena pedir!<\/a><\/li>\n<\/ul>\n\n\n<style>\r\n  .news-post {\r\n    background: url('https:\/\/www.aurum.com.br\/blog\/wp-content\/themes\/aurum\/img\/bg-news-artigo.svg') no-repeat top center #3C48AA;\r\n    padding: 1.5rem;\r\n    border-radius: 6px;\r\n    margin: 1rem 0;\r\n  }\r\n  .news-post .icone {\r\n    display: none;\r\n  }\r\n  .news-post .title {\r\n    font-weight: 700;\r\n    font-size: 16px;\r\n    line-height: 130%;\r\n    text-align: center;\r\n    letter-spacing: -0.5px;\r\n    color: #fff;\r\n    margin-bottom: .9375rem;\r\n  }\r\n  .news-post p {\r\n    font-size: .875rem;\r\n    line-height: 140%;\r\n    text-align: center;\r\n    color: #fff;\r\n    margin-bottom: 1.25rem;\r\n  }\r\n  .news-post .news_button_span {\r\n    font-size: .8125rem;\r\n    display: block;\r\n    padding: .125rem .3125rem;\r\n    color: #fff;\r\n    text-align:left;\r\n  }\r\n  .news-post .news_button_span a {\r\n    color: #fff !important;\r\n    text-decoration: underline;\r\n  }\r\n  .news-post form {\r\n    width: 100%;\r\n  }\r\n  .news-post label {\r\n    font-weight: 600;\r\n    font-size: .9375rem;\r\n    line-height: 1.5rem;\r\n    margin-bottom: .5rem;\r\n    color: #fff;\r\n    display: block;\r\n  }\r\n  .news-post input {\r\n    background: #fff;\r\n    border: 1px solid #CBCBD9;\r\n    box-sizing: border-box;\r\n    border-radius: 4px;\r\n    padding: .75rem 1rem;\r\n    width: 100%;\r\n  }\r\n  .news-post button {\r\n    margin-top: .875rem;\r\n    width: 100%;\r\n    min-width: auto;\r\n    background: #FCC632;\r\n    color: #3C48AA;\r\n  }\r\n  .news-post .input {\r\n    position: relative;\r\n    padding-bottom: 10px;\r\n  }\r\n  .news-post .error-message-ad {\r\n    font-size: .875rem;\r\n    line-height: 130%;\r\n    color: #D50021;\r\n    margin-left: 4px;\r\n  }\r\n  .news-post .error {\r\n    border: 1px solid #D50021;\r\n  }\r\n  .news-post #message-form-ad {\r\n    border-radius: 4px;\r\n    padding: 0.7rem;\r\n    font-size:0.8rem;\r\n    text-align: center;\r\n    align-items: center;\r\n    justify-content: center;\r\n    display: none;\r\n  }\r\n  .news-post #message-form-ad svg {\r\n    margin-right: 8px;\r\n  }\r\n\r\n  @media(min-width: 561px) {\r\n    .news-post {\r\n      position: relative;\r\n      background: url('https:\/\/www.aurum.com.br\/blog\/wp-content\/themes\/aurum\/img\/bg-news-artigo.svg') no-repeat top center #3C48AA;\r\n      width: calc(100% - 30px);\r\n    }\r\n    .news-post .icone {\r\n      display: block;\r\n      position: absolute;\r\n      right: -30px;\r\n      top: 65px;\r\n      max-width: 142px;\r\n      width: 100%;\r\n      height: auto;\r\n      margin: 0;\r\n    }\r\n    .news-post .title {\r\n      font-size: 1.125rem;\r\n      text-align: left;\r\n      \/* padding-right: 3.75rem; *\/\r\n    }\r\n    .news-post p {\r\n      font-size: 1rem;\r\n      text-align: left;\r\n      max-width: 400px;\r\n    }\r\n    .news-post .boxes {\r\n      display: flex;\r\n      align-items: flex-start;\r\n    }\r\n    .news-post button {\r\n      margin: 0 0 0 1rem;\r\n      width: 100%;\r\n      max-width: 170px;\r\n      min-width: auto;\r\n      transition: all ease .3s\r\n    }\r\n    .news-post button:hover {\r\n      opacity: 0.9;\r\n      transition: all ease .3s\r\n    }\r\n    .news-post #message-form-ad {\r\n      padding: 1.125rem;\r\n      font-size:1rem;\r\n    }\r\n    .news-post #message-form-ad svg {\r\n      margin-right: 10px;\r\n    }\r\n  }\r\n<\/style>\r\n\r\n<div class=\"news-post\">\r\n  <div class=\"title news-ad-title\">Gostou do artigo e quer evoluir a sua advocacia?<\/div>\r\n  <p class=\"news-ad-subtitle\">Assine gr\u00e1tis a Aurum News e receba uma dose semanal de conte\u00fado no seu e-mail! \u270c\ufe0f<\/p>\r\n  <img decoding=\"async\" src=\"https:\/\/www.aurum.com.br\/blog\/wp-content\/themes\/aurum\/img\/icon-news-artigo.svg\" alt=\"\" class=\"icone\">\r\n\r\n  <form method=\"post\" name=\"newsletter-ad\" id=\"aurum-newsletter-ad\">\r\n    <div class=boxes>\r\n      <div class=\"input\">\r\n        <label class=\"label-email\" htmlFor=\"email-ad\">Qual seu e-mail?<\/label>\r\n        <input type=\"email\" id=\"email-ad\" name=\"newsletter-mail-ad\" placeholder=\"Digite seu e-mail?\">\r\n        <div class=\"error-message-ad-email\">Endere\u00e7o de e-mail inv\u00e1lido ou incorreto<\/div>\r\n\r\n        <label class=\"label-select\" htmlFor=\"lawsuits-select-ad\">\r\n          Quantos processos voc\u00ea ou<br class=\"for-desktop\"\/> seu escrit\u00f3rio acompanham?\r\n        <\/label>\r\n        <div id=\"lawsuits-select-ad\" class=\"lawsuits-select select-wrapper\" tabindex=\"0\">\r\n          <div class=\"s-dropdown--styled\">\r\n          <span class=\"lawsuits-default\">\r\n            <span id=\"lawsuits-newsletter-ad\" class=\"lawsuits-default-text\" data-value=\"\">Selecione os processos<\/span>\r\n            <svg class=\"chevron\" xmlns=\"http:\/\/www.w3.org\/2000\/svg\" width=\"24\" height=\"25\" viewBox=\"0 0 24 25\" fill=\"none\">\r\n              <path d=\"M6 15.6152L12 9.61523L18 15.6152\" stroke=\"black\" stroke-width=\"2\" stroke-linecap=\"round\" stroke-linejoin=\"round\" \/>\r\n            <\/svg>\r\n          <\/span>\r\n\r\n          <ul class=\"s-dropdown u-hide\">\r\n            <li class=\"lawsuits\" data-value=\"Mais de 1000 processos\">Mais de 1000 processos<\/li>\r\n            <li class=\"lawsuits\" data-value=\"De 501 a 1000 processos\">De 501 a 1000 processos<\/li>\r\n            <li class=\"lawsuits\" data-value=\"De 151 a 500 processos\">De 151 a 500 processos<\/li>\r\n            <li class=\"lawsuits\" data-value=\"De 41 a 150 processos\">De 41 a 150 processos<\/li>\r\n            <li class=\"lawsuits\" data-value=\"At\u00e9 40 processos\">At\u00e9 40 processos<\/li>\r\n            <li class=\"lawsuits\" data-value=\"Atuo apenas no consultivo\">Atuo apenas no consultivo<\/li>\r\n            <li class=\"lawsuits\" data-value=\"Ainda sou estudante de direito\">Ainda sou estudante de direito<\/li>\r\n            <li class=\"lawsuits\" data-value=\"N\u00e3o sou da \u00e1rea jur\u00eddica\">N\u00e3o sou da \u00e1rea jur\u00eddica<\/li>\r\n          <\/ul>\r\n          <\/div>\r\n        <\/div>\r\n        <div class=\"error-message-ad-lawsuits\">Selecione algum processo<\/div>\r\n      <\/div>\r\n      <button class=\"btn btn-yellow ad-btn-desktop\" id=\"aurum-submit-ad\">Assinar gr\u00e1tis<\/button>\r\n      <button class=\"btn btn-yellow ad-btn-mobile\" id=\"aurum-submit-ad\">Assinar<\/button>\r\n    <\/div>\r\n    <span class=\"news_button_span\">Ao se cadastrar voc\u00ea declara que leu e aceitou a pol\u00edtica de privacidade e cookies do <a href=\"https:\/\/s3.sa-east-1.amazonaws.com\/publico.aurum.com.br\/contratos\/politica-de-privacidade.pdf\" target=\"_blank\" rel=\"noopener noreferrer\">site<\/a>.<\/span>\r\n  <\/form>\r\n  <div id=\"message-form-ad\"><\/div>\r\n<\/div>","protected":false},"excerpt":{"rendered":"<p>A Lei Complementar \u00e9 um tipo espec\u00edfico de legisla\u00e7\u00e3o prevista na Constitui\u00e7\u00e3o Federal do Brasil que trata de assuntos de maior relev\u00e2ncia e complexidade constitucional. A sua aprova\u00e7\u00e3o demanda qu\u00f3rum da maioria absoluta dos votos dos parlamentares, isso porque as mat\u00e9rias de maior import\u00e2ncia constitucional s\u00e3o debatidas de forma mais aprofundada e recebam uma maior [&hellip;]<\/p>\n","protected":false},"author":128,"featured_media":28737,"comment_status":"open","ping_status":"open","sticky":false,"template":"","format":"standard","meta":{"_bbp_topic_count":0,"_bbp_reply_count":0,"_bbp_total_topic_count":0,"_bbp_total_reply_count":0,"_bbp_voice_count":0,"_bbp_anonymous_reply_count":0,"_bbp_topic_count_hidden":0,"_bbp_reply_count_hidden":0,"_bbp_forum_subforum_count":0,"inline_featured_image":false,"footnotes":""},"categories":[20],"tags":[],"class_list":["post-28736","post","type-post","status-publish","format-standard","has-post-thumbnail","hentry","category-direito-constitucional"],"acf":[],"_links":{"self":[{"href":"https:\/\/www.aurum.com.br\/blog\/wp-json\/wp\/v2\/posts\/28736","targetHints":{"allow":["GET"]}}],"collection":[{"href":"https:\/\/www.aurum.com.br\/blog\/wp-json\/wp\/v2\/posts"}],"about":[{"href":"https:\/\/www.aurum.com.br\/blog\/wp-json\/wp\/v2\/types\/post"}],"author":[{"embeddable":true,"href":"https:\/\/www.aurum.com.br\/blog\/wp-json\/wp\/v2\/users\/128"}],"replies":[{"embeddable":true,"href":"https:\/\/www.aurum.com.br\/blog\/wp-json\/wp\/v2\/comments?post=28736"}],"version-history":[{"count":10,"href":"https:\/\/www.aurum.com.br\/blog\/wp-json\/wp\/v2\/posts\/28736\/revisions"}],"predecessor-version":[{"id":30701,"href":"https:\/\/www.aurum.com.br\/blog\/wp-json\/wp\/v2\/posts\/28736\/revisions\/30701"}],"wp:featuredmedia":[{"embeddable":true,"href":"https:\/\/www.aurum.com.br\/blog\/wp-json\/wp\/v2\/media\/28737"}],"wp:attachment":[{"href":"https:\/\/www.aurum.com.br\/blog\/wp-json\/wp\/v2\/media?parent=28736"}],"wp:term":[{"taxonomy":"category","embeddable":true,"href":"https:\/\/www.aurum.com.br\/blog\/wp-json\/wp\/v2\/categories?post=28736"},{"taxonomy":"post_tag","embeddable":true,"href":"https:\/\/www.aurum.com.br\/blog\/wp-json\/wp\/v2\/tags?post=28736"}],"curies":[{"name":"wp","href":"https:\/\/api.w.org\/{rel}","templated":true}]}}