{"id":28354,"date":"2024-06-26T21:40:00","date_gmt":"2024-06-27T00:40:00","guid":{"rendered":"https:\/\/www.aurum.com.br\/blog\/?p=28354"},"modified":"2024-07-08T14:50:44","modified_gmt":"2024-07-08T17:50:44","slug":"eleicoes-municipais","status":"publish","type":"post","link":"https:\/\/www.aurum.com.br\/blog\/eleicoes-municipais\/","title":{"rendered":"TUDO que voc\u00ea precisa saber sobre as elei\u00e7\u00f5es municipais de 2024"},"content":{"rendered":"<div id=\"bsf_rt_marker\"><\/div>\n<pre class=\"wp-block-preformatted\">Durante as <strong>elei\u00e7\u00f5es municipais<\/strong>, os cidad\u00e3os votam para eleger prefeitos e vereadores, que ser\u00e3o respons\u00e1veis por administrar o munic\u00edpio ao longo dos pr\u00f3ximos quatro anos. Essas elei\u00e7\u00f5es acontecem a cada quatro anos, proporcionando uma chance regular de escolha e renova\u00e7\u00e3o das lideran\u00e7as locais.<\/pre>\n\n\n\n<p>As elei\u00e7\u00f5es municipais no Brasil acontecem no primeiro domingo de outubro. Nas cidades com mais de 200 mil eleitores, se nenhum candidato a prefeito obtiver mais de 50% dos votos v\u00e1lidos no primeiro turno, um segundo turno \u00e9 realizado no \u00faltimo domingo de outubro do mesmo ano.<\/p>\n\n\n\n<p>Essas elei\u00e7\u00f5es s\u00e3o cruciais, pois permitem que os eleitores escolham os prefeitos e vereadores que ir\u00e3o <strong>gerenciar as finan\u00e7as, as obras p\u00fablicas, a educa\u00e7\u00e3o b\u00e1sica, a pavimenta\u00e7\u00e3o, a sa\u00fade e outros servi\u00e7os essenciais do munic\u00edpio.<\/strong><\/p>\n\n\n\n<p>Atualmente, o Brasil possui 5.568 munic\u00edpios, conforme dados do IBGE. Portanto, a cada elei\u00e7\u00e3o municipal, s\u00e3o eleitos 5.568 prefeitos e seus vices, al\u00e9m de um grande n\u00famero de vereadores, cuja quantidade varia de acordo com a popula\u00e7\u00e3o de cada cidade.<\/p>\n\n\n\n<p>Continue lendo para descobrir mais sobre como as elei\u00e7\u00f5es municipais funcionam e a import\u00e2ncia delas para a sua comunidade! \ud83d\ude09<\/p>\n\n\n\n<h2 class=\"wp-block-heading\">O que s\u00e3o as elei\u00e7\u00f5es municipais?<\/h2>\n\n\n\n<p>As elei\u00e7\u00f5es municipais s\u00e3o realizadas a cada quatro anos, permitindo que os <strong>eleitores escolham prefeitos e vereadores respons\u00e1veis por administrar os munic\u00edpios<\/strong>. Essas lideran\u00e7as gerenciam finan\u00e7as, educa\u00e7\u00e3o, sa\u00fade, infraestrutura e outros servi\u00e7os essenciais.<\/p>\n\n\n\n<p>De acordo com a Constitui\u00e7\u00e3o Federal de 1988 (CF\/88), no artigo 29, elas s\u00e3o regulamentadas da seguinte forma:<\/p>\n\n\n\n<figure class=\"wp-block-pullquote classe bq-small\"><blockquote><p><strong>Art. 29.<\/strong> O Munic\u00edpio reger-se-\u00e1 por <a href=\"https:\/\/www.aurum.com.br\/blog\/lei-organica\/\">lei org\u00e2nica<\/a>, votada em dois turnos, com o interst\u00edcio m\u00ednimo de dez dias, e aprovada por dois ter\u00e7os dos membros da C\u00e2mara Municipal, que a promulgar\u00e1, atendidos os princ\u00edpios estabelecidos nesta Constitui\u00e7\u00e3o, na Constitui\u00e7\u00e3o do respectivo Estado e os seguintes preceitos:<br><br>I &#8211; elei\u00e7\u00e3o do Prefeito, do Vice-Prefeito e dos Vereadores, para mandato de quatro anos, mediante pleito direto e simult\u00e2neo realizado em todo o Pa\u00eds;<br>II &#8211; elei\u00e7\u00e3o do Prefeito e do Vice-Prefeito realizada no primeiro domingo de outubro do ano anterior ao t\u00e9rmino do mandato dos que devam suceder, aplicadas as regras do art. 77, no caso de Munic\u00edpios com mais de duzentos mil eleitores;<br>III \u2013 posse do Prefeito e do Vice-Prefeito no dia 1\u00ba de janeiro do ano subsequente ao da elei\u00e7\u00e3o;<\/p><\/blockquote><\/figure>\n\n\n\n<p>Como visto, este artigo assegura que as elei\u00e7\u00f5es municipais ocorram regularmente e define como devem funcionar, garantindo a troca peri\u00f3dica de governantes atrav\u00e9s do voto popular.<\/p>\n\n\n\n<p>Nas elei\u00e7\u00f5es municipais, os eleitores elegem apenas prefeitos e vereadores. Outros cargos, como presidente, governadores, senadores e deputados (federais e estaduais), s\u00e3o escolhidos nas elei\u00e7\u00f5es gerais, que tamb\u00e9m ocorrem a cada quatro anos, exceto para senadores, cujo mandato \u00e9 de oito anos.<\/p>\n\n\n\n<h2 class=\"wp-block-heading\">De quanto em quanto tempo ocorrem as elei\u00e7\u00f5es municipais?<\/h2>\n\n\n\n<p>As elei\u00e7\u00f5es municipais ocorrem <strong>a cada quatro anos<\/strong>. No entanto, caso o prefeito eleito tenha os votos considerados nulos por alguma <a href=\"https:\/\/www.aurum.com.br\/blog\/glossario-juridico\/decisao\/\">decis\u00e3o<\/a> judicial em raz\u00e3o de crimes cometidos durante a campanha eleitoral, ou outro problema que o impe\u00e7a de permanecer no cargo, o \u00a73\u00ba do art. 224 do <a href=\"https:\/\/www.planalto.gov.br\/ccivil_03\/leis\/l4737compilado.htm\" target=\"_blank\" rel=\"noopener\">C\u00f3digo Eleitoral<\/a> prev\u00ea que:<\/p>\n\n\n\n<blockquote class=\"wp-block-quote is-layout-flow wp-block-quote-is-layout-flow\">\n<p><em>\u00a7 3\u00ba A decis\u00e3o da Justi\u00e7a Eleitoral que importe o indeferimento do registro, a cassa\u00e7\u00e3o do diploma ou a perda do mandato de candidato eleito em pleito majorit\u00e1rio acarreta a realiza\u00e7\u00e3o de novas elei\u00e7\u00f5es, independentemente do n\u00famero de votos anulados.<\/em><\/p>\n\n\n\n<p><em>\u00a7 4\u00ba A elei\u00e7\u00e3o a que se refere o \u00a7 3\u00ba correr\u00e1 a expensas da Justi\u00e7a Eleitoral e ser\u00e1:<\/em><\/p>\n\n\n\n<p><em>I &#8211; indireta, se a vac\u00e2ncia do cargo ocorrer a menos de seis meses do final do mandato;<\/em><\/p>\n\n\n\n<p><em>II &#8211; direta, nos demais casos.&#8221;<\/em><\/p>\n<\/blockquote>\n\n\n\n<p>Sendo assim, se for necess\u00e1ria uma nova elei\u00e7\u00e3o antes do prazo estipulado, isso configura uma elei\u00e7\u00e3o suplementar, que \u00e9 legalmente prevista para garantir que o munic\u00edpio n\u00e3o fique sem representa\u00e7\u00e3o no caso de cassa\u00e7\u00e3o do mandato do prefeito.<\/p>\n\n\n\n<p>Para os vereadores, se houver cassa\u00e7\u00e3o de mandato antes do t\u00e9rmino da legislatura, o suplente assumir\u00e1 o cargo. No caso de cassa\u00e7\u00e3o de toda a chapa, os votos v\u00e1lidos dos demais partidos ser\u00e3o recalculados, e novos vereadores tomar\u00e3o posse com base no novo c\u00e1lculo dos votos e no quociente eleitoral.<\/p>\n\n\n\n<h2 class=\"wp-block-heading\">Quando ocorrer\u00e3o as elei\u00e7\u00f5es municipais de 2024?<\/h2>\n\n\n\n<p>As elei\u00e7\u00f5es municipais de 2024 <strong>est\u00e3o programadas para ocorrer em 6 de outubro (primeiro turno) e 27 de outubro (segundo turno)<\/strong>. A data \u00e9 fixa e n\u00e3o pode ser alterada por leis ou outros meios, garantindo que todos os munic\u00edpios realizem as elei\u00e7\u00f5es no mesmo dia.<\/p>\n\n\n\n<p>No entanto, em 2020, devido \u00e0 crise gerada pela pandemia de Covid-19, a Emenda Constitucional 107\/2020 ajustou excepcionalmente o calend\u00e1rio eleitoral. As elei\u00e7\u00f5es daquele ano ocorreram em 15 de novembro (primeiro turno) e 29 de novembro (segundo turno).<\/p>\n\n\n\n<figure class=\"wp-block-pullquote classe bq-small\"><blockquote><p><strong>Art. 1\u00ba <\/strong>As elei\u00e7\u00f5es municipais previstas para outubro de 2020 realizar-se-\u00e3o no dia 15 de novembro, em primeiro turno, e no dia 29 de novembro de 2020, em segundo turno, onde houver, observado o disposto no \u00a7 4\u00ba deste artigo. (Emenda Constitucional n\u00ba 107, de 2 de julho de 2020)<\/p><\/blockquote><\/figure>\n\n\n\n<h2 class=\"wp-block-heading\">Quando inicia o mandato dos eleitos em 2024?<\/h2>\n\n\n\n<p>Todos os prefeitos, vice-prefeitos, vereadores e vereadoras que forem eleitos nas elei\u00e7\u00f5es de outubro de 2024 tomar\u00e3o posse no dia 01 de janeiro de 2025.&nbsp;<\/p>\n\n\n\n<h2 class=\"wp-block-heading\">Entenda quais s\u00e3o os principais prazos:&nbsp;<\/h2>\n\n\n\n<h3 class=\"wp-block-heading\">1. Desfilia\u00e7\u00e3o e filia\u00e7\u00e3o partid\u00e1ria<\/h3>\n\n\n\n<p>Para ser candidato nas elei\u00e7\u00f5es, \u00e9 necess\u00e1rio estar filiado a um partido pelo menos seis meses antes do pleito. No entanto, partidos pol\u00edticos t\u00eam a prerrogativa de exigir um per\u00edodo maior de filia\u00e7\u00e3o como condi\u00e7\u00e3o para candidatura.<\/p>\n\n\n\n<p>\u00c9 importante lembrar que os partidos n\u00e3o podem alterar essas regras de modo a impedir que seus membros participem da elei\u00e7\u00e3o. Se exigirem um tempo maior de filia\u00e7\u00e3o, as mudan\u00e7as devem ser feitas com anteced\u00eancia suficiente para que os filiados possam se adaptar e se qualificar para a candidatura.<\/p>\n\n\n\n<h3 class=\"wp-block-heading\">2. Mudan\u00e7a de domic\u00edlio eleitoral de candidatos e candidatas<\/h3>\n\n\n\n<p>Aqueles que pretendem se candidatar podem transferir seu domic\u00edlio at\u00e9 seis meses antes da elei\u00e7\u00e3o. O domic\u00edlio na circunscri\u00e7\u00e3o do pleito, ou seja, o <a href=\"https:\/\/www.aurum.com.br\/blog\/domicilio-eleitoral\/\">domic\u00edlio eleitoral<\/a> no lugar em que deseja se candidatar, \u00e9 condi\u00e7\u00e3o de elegibilidade prevista na CF\/88 (art. 14, \u00a73\u00ba, inciso IV) e precisa ser cumprido para ter o registro de candidatura deferido.<\/p>\n\n\n\n<h3 class=\"wp-block-heading\">3. Ren\u00fancia de pol\u00edticos em exerc\u00edcio que desejam se candidatar<\/h3>\n\n\n\n<p>Pol\u00edticos que estejam exercendo mandatos e pretendam se candidatar a cargos diferentes no pr\u00f3ximo pleito precisam se desincompatibilizar, e neste caso, ter\u00e3o que renunciar ao mandato at\u00e9 seis meses antes da elei\u00e7\u00e3o.&nbsp;<\/p>\n\n\n\n<p>Este caso de desincompatibiliza\u00e7\u00e3o est\u00e1 previsto no art. 14, \u00a76\u00ba da CF\/88, prevendo que \u201cPara concorrerem a outros cargos, o Presidente da Rep\u00fablica, os Governadores de Estado e do Distrito Federal e os Prefeitos devem renunciar aos respectivos mandatos at\u00e9 seis meses antes do pleito.\u201d<\/p>\n\n\n\n<h3 class=\"wp-block-heading\">4. Alistamento eleitoral e transfer\u00eancia de domic\u00edlio de eleitores<\/h3>\n\n\n\n<p>O eleitor que pretende ser candidato deve cumprir o prazo de transfer\u00eancia e alistamento de no m\u00ednimo 6 (seis) meses, da mesma forma a transfer\u00eancia de domic\u00edlio eleitoral. Por outro lado, aqueles que n\u00e3o pretendem ser candidatos podem fazer seu alistamento e transfer\u00eancia de t\u00edtulo at\u00e9 150 dias antes da elei\u00e7\u00e3o.<\/p>\n\n\n\n<h3 class=\"wp-block-heading\">5. Fechamento do cadastro eleitoral<\/h3>\n\n\n\n<p>O fechamento do cadastro eleitoral se encerrou em 08 de maio de 2024 para este ano. Ap\u00f3s este prazo n\u00e3o \u00e9 poss\u00edvel tirar, transferir ou regularizar o t\u00edtulo de eleitor.&nbsp;<\/p>\n\n\n\n<p>No entanto, alguns servi\u00e7os ainda est\u00e3o dispon\u00edveis, como o requerimento de certid\u00f5es, a quita\u00e7\u00e3o de multas, a inscri\u00e7\u00e3o como mes\u00e1rio volunt\u00e1rio e outras solicita\u00e7\u00f5es que podem ser feitas pela internet ou presencialmente nos Cart\u00f3rios da Justi\u00e7a Eleitoral.<\/p>\n\n\n\n<h3 class=\"wp-block-heading\">6. Financiamento coletivo e financiamento de campanha eleitoral<\/h3>\n\n\n\n<p>O prazo para financiamento coletivo, ou a conhecida \u201cvaquinha eleitoral\u201d, pode ser realizado a partir de 15 de maio. Portanto, caso tenha interesse em ter um financiamento coletivo, pesquise sobre para n\u00e3o ter problema futuramente.&nbsp;<\/p>\n\n\n\n<p>O financiamento \u00e9 uma forma de arrecadar valores para serem gastos na campanha eleitoral. Logo, mesmo que consiga arrecadar valores antes da campanha, eles s\u00f3 podem ser gastos na campanha eleitoral.<\/p>\n\n\n\n<h3 class=\"wp-block-heading\">7. Conven\u00e7\u00f5es partid\u00e1rias e registros de candidatura<\/h3>\n\n\n\n<p>As conven\u00e7\u00f5es partid\u00e1rias devem ocorrer entre os dias 20 de julho e 05 de agosto do ano da elei\u00e7\u00e3o, conforme previsto na Lei das Elei\u00e7\u00f5es. Os pedidos de registro de candidatura devem ocorrer at\u00e9 \u00e0s 19:00 do dia 15 de agosto do ano da elei\u00e7\u00e3o, e no dia seguinte come\u00e7a a campanha eleitoral, com o in\u00edcio da <a href=\"https:\/\/www.aurum.com.br\/blog\/propaganda-eleitoral\/\">propaganda eleitoral<\/a>.<\/p>\n\n\n\n<h4 class=\"wp-block-heading\">Candidaturas femininas e de pessoas negras<\/h4>\n\n\n\n<p>As candidaturas femininas est\u00e3o conquistando mais espa\u00e7o dentro da legisla\u00e7\u00e3o e isso se deu quando a lei passou a prever o m\u00ednimo de cota de g\u00eanero para os partidos lan\u00e7arem candidaturas de ambos os g\u00eaneros.&nbsp;<\/p>\n\n\n\n<p>Ao longo dos anos, a legisla\u00e7\u00e3o tamb\u00e9m avan\u00e7ou para prever que os partidos pol\u00edticos devem investir na forma\u00e7\u00e3o da mulher na pol\u00edtica, bem como destinar o m\u00ednimo de 30% (trinta por cento) dos valores do Fundo Especial de Financiamento de Campanha (FEFC) e tempo de Televis\u00e3o e R\u00e1dio para a propaganda gratuita.&nbsp;<\/p>\n\n\n\n<p>Ainda, se houver um n\u00famero maior de mulheres, tanto o valor a ser repassado quanto o tempo de Televis\u00e3o e r\u00e1dio devem ser proporcionais \u00e0 quantidade de mulheres.<\/p>\n\n\n\n<p>Em rela\u00e7\u00e3o \u00e0s candidaturas negras, ainda n\u00e3o possui previs\u00e3o legal neste sentido. O que se tem atualmente \u00e9 o entendimento do Tribunal Superior Eleitoral de que os partidos devem lan\u00e7ar candidaturas negras e destinar recursos proporcionais, com o intuito de possibilitar maior participa\u00e7\u00e3o de pessoas negras na pol\u00edtica.<\/p>\n\n\n\n<figure class=\"wp-block-image size-full\"><a href=\"https:\/\/www.aurum.com.br\/calculadora-de-prazos-processuais\/?utm_source=blog&amp;utm_medium=adpost&amp;utm_campaign=calculadora-de-prazos\"><img decoding=\"async\" width=\"1024\" height=\"469\" src=\"https:\/\/www.aurum.com.br\/blog\/wp-content\/uploads\/2024\/02\/1024x469-1.png\" alt=\"\" class=\"wp-image-26782\" srcset=\"https:\/\/www.aurum.com.br\/blog\/wp-content\/uploads\/2024\/02\/1024x469-1.png 1024w, https:\/\/www.aurum.com.br\/blog\/wp-content\/uploads\/2024\/02\/1024x469-1-300x137.png 300w, https:\/\/www.aurum.com.br\/blog\/wp-content\/uploads\/2024\/02\/1024x469-1-768x352.png 768w\" sizes=\"(max-width: 1024px) 100vw, 1024px\" \/><\/a><\/figure>\n\n\n\n<h2 class=\"wp-block-heading\">Quando iniciam as propagandas eleitorais?<\/h2>\n\n\n\n<p>A propaganda eleitoral se inicia no dia 16 de agosto do ano da elei\u00e7\u00e3o. Antes disso, atos vedados para o per\u00edodo de pr\u00e9-campanha ser\u00e3o caracterizados como propaganda antecipada e podem ser aplicadas multas.&nbsp;<\/p>\n\n\n\n<p>As multas para propaganda antecipada variam entre R$5.000 a R$25.000 e podem ser maiores se o custo da propaganda tiver sido superior ao teto da multa prevista na lei.<\/p>\n\n\n\n<h3 class=\"wp-block-heading\">Como funcionam as pris\u00f5es de eleitores?<\/h3>\n\n\n\n<p>Em per\u00edodo eleitoral, eleitores n\u00e3o podem ser presos salvo em flagrante delito ou por senten\u00e7a criminal condenat\u00f3ria por <a href=\"https:\/\/www.aurum.com.br\/blog\/crimes-inafiancaveis\/\">crime inafian\u00e7\u00e1vel<\/a>.<\/p>\n\n\n\n<h2 class=\"wp-block-heading\">Como fazer a justificativa eleitoral?<\/h2>\n\n\n\n<p>Caso o eleitor tenha algum problema no dia da elei\u00e7\u00e3o e n\u00e3o consiga comparecer para votar, deve procurar a justi\u00e7a eleitoral posteriormente para regularizar a situa\u00e7\u00e3o. Se estiver fora da sua zona eleitoral, o eleitor poder\u00e1 ir a outra e justificar sua aus\u00eancia.<\/p>\n\n\n\n<h3 class=\"wp-block-heading\">Quais as consequ\u00eancias de n\u00e3o justificar?<\/h3>\n\n\n\n<p>N\u00e3o votar traz algumas consequ\u00eancias, mas a principal \u00e9 que o eleitor fica com pend\u00eancia com a justi\u00e7a eleitoral at\u00e9 regularizar sua situa\u00e7\u00e3o, bem como pagar\u00e1 multa.<\/p>\n\n\n\n<h2 class=\"wp-block-heading\">Qual o papel do advogado eleitoral em \u00e9poca de elei\u00e7\u00f5es municipais?<\/h2>\n\n\n\n<p>Primeiramente, \u00e9 importante ressaltar que toda e qualquer campanha eleitoral precisa estar acompanhada de advogada(o) e contador(a), \u00e9 uma exig\u00eancia legal.&nbsp;<\/p>\n\n\n\n<p>Diante disso, <strong>n\u00e3o h\u00e1 a possibilidade de se fazer uma campanha pol\u00edtica sem a presen\u00e7a de advogada(o)<\/strong>, uma vez que as campanhas se tornaram cada vez mais judicializadas e necessitam de acompanhamento jur\u00eddico e cont\u00e1bil para que o processo eleitoral transcorra dentro da lei.<\/p>\n\n\n\n<p>O advogado eleitoral \u00e9 quem conduz o processo eleitoral atualmente, de certa forma, uma vez que a legisla\u00e7\u00e3o eleitoral se tornou muito complexa e cheia de detalhes que somente o especialista na \u00e1rea pode entender e aplic\u00e1-la. Al\u00e9m disso, \u00e9 por meio de defesas e a\u00e7\u00f5es que o rumo pol\u00edtico pode ser definido, da\u00ed a import\u00e2ncia da advocacia especializada no <a href=\"https:\/\/www.aurum.com.br\/blog\/direito-eleitoral\/\">direito eleitoral<\/a>.<\/p>\n\n\n\n<p>Ainda, \u00e9 importante observar que o <a href=\"https:\/\/www.aurum.com.br\/blog\/principios-do-direito-eleitoral\/\">Direito Eleitoral<\/a> \u00e9 um ramo muito espec\u00edfico, com muitas nuances que s\u00f3 conhece quem estuda e atua na mat\u00e9ria, o que causa grandes riscos para os candidatos a falta de conhecimento especializado por parte da assessoria jur\u00eddica e cont\u00e1bil.&nbsp;<\/p>\n\n\n\n<p>Por isso, quem quiser atuar com essa mat\u00e9ria, deve estudar as legisla\u00e7\u00f5es eleitorais, bem como as resolu\u00e7\u00f5es do TSE de cada ano eleitoral e se manter atualizado, pois um erro pode custar o mandato de uma pessoa.<\/p>\n\n\n\n<h2 class=\"wp-block-heading\">Conclus\u00e3o:<\/h2>\n\n\n\n<p>As elei\u00e7\u00f5es municipais s\u00e3o fundamentais para a democracia brasileira, permitindo aos cidad\u00e3os escolherem seus representantes locais, como prefeitos e vereadores. Este artigo explorou aspectos cruciais para o entendimento e a condu\u00e7\u00e3o dessas elei\u00e7\u00f5es, conforme estabelecido pela Constitui\u00e7\u00e3o Federal de 1988 e a legisla\u00e7\u00e3o eleitoral vigente.<\/p>\n\n\n\n<p>Primeiramente, discutimos a import\u00e2ncia da filia\u00e7\u00e3o partid\u00e1ria. Para se candidatar, \u00e9 necess\u00e1rio estar filiado a um partido pelo menos seis meses antes das elei\u00e7\u00f5es, cumprindo um dos requisitos de elegibilidade da Constitui\u00e7\u00e3o.<\/p>\n\n\n\n<p>Tamb\u00e9m abordamos a transfer\u00eancia de eleitores, essencial para que os cidad\u00e3os votem no local de sua nova resid\u00eancia. Essa transfer\u00eancia deve ser solicitada at\u00e9 151 dias antes do pleito, assegurando a participa\u00e7\u00e3o ativa dos eleitores, mesmo ap\u00f3s mudarem de domic\u00edlio.<\/p>\n\n\n\n<p>A data das elei\u00e7\u00f5es municipais, tradicionalmente realizadas no primeiro domingo de outubro, \u00e9 outro ponto importante. Essas elei\u00e7\u00f5es mobilizam a popula\u00e7\u00e3o para a escolha de prefeitos, vice-prefeitos e vereadores, representando um momento significativo de participa\u00e7\u00e3o c\u00edvica e pol\u00edtica.<\/p>\n\n\n\n<p>Por fim, enfatizamos a necessidade de respeitar rigorosamente as normas e prazos eleitorais. Isso garante a transpar\u00eancia, lisura e legitimidade do processo eleitoral, refletindo a vontade do povo e fortalecendo a democracia.<\/p>\n\n\n\n<p>A compreens\u00e3o e o respeito a essas regras s\u00e3o essenciais para todos os envolvidos no processo eleitoral. Candidatos e eleitores devem estar cientes das exig\u00eancias e prazos para que as elei\u00e7\u00f5es ocorram de maneira correta e democr\u00e1tica, promovendo um ambiente pol\u00edtico transparente e consciente.<\/p>\n\n\n\n<h3 class=\"wp-block-heading\">Mais conhecimento para voc\u00ea<\/h3>\n\n\n\n<ul class=\"wp-block-list\">\n<li><a href=\"https:\/\/www.aurum.com.br\/blog\/inadimplencia-condominial\/\">Inadimpl\u00eancia condominial: desvendando aspectos legais e solu\u00e7\u00f5es<\/a><\/li>\n\n\n\n<li><a href=\"https:\/\/www.aurum.com.br\/blog\/principios-do-direito-ambiental\/\">Princ\u00edpios do Direito Ambiental: quais s\u00e3o, import\u00e2ncia e exemplos<\/a><\/li>\n\n\n\n<li><a href=\"https:\/\/www.aurum.com.br\/blog\/reproducao-assistida\/\">Reprodu\u00e7\u00e3o assistida: como \u00e9 regulamentada pelo direito brasileiro?<\/a><\/li>\n\n\n\n<li><a href=\"https:\/\/www.aurum.com.br\/blog\/lei-da-igualdade-salarial\/\">O que \u00e9 a Lei da igualdade salarial, adequa\u00e7\u00e3o, fiscaliza\u00e7\u00e3o e mais<\/a><\/li>\n\n\n\n<li><a href=\"https:\/\/www.aurum.com.br\/blog\/exoneracao-de-alimentos\/\">Tudo sobre exonera\u00e7\u00e3o de alimentos<\/a><\/li>\n\n\n\n<li><a href=\"https:\/\/www.aurum.com.br\/blog\/lei-do-estagio\/\">Tire suas d\u00favidas sobre a Lei do Est\u00e1gio (Lei 11.788\/08)<\/a><\/li>\n\n\n\n<li><a href=\"https:\/\/www.aurum.com.br\/blog\/contencioso-tributario\/\">O que \u00e9 e quais s\u00e3o os tipos de contencioso tribut\u00e1rio?<\/a><\/li>\n\n\n\n<li><a href=\"https:\/\/www.aurum.com.br\/blog\/processo-administrativo-previdenciario\/\">Previd\u00eancia privada: como funciona e atua\u00e7\u00e3o do advogado<\/a><\/li>\n\n\n\n<li><a href=\"https:\/\/www.aurum.com.br\/blog\/comoriencia\/\">Por que a comori\u00eancia \u00e9 importante para o Direito Sucess\u00f3rio?<\/a><\/li>\n\n\n\n<li><a href=\"https:\/\/www.aurum.com.br\/blog\/arbitragem-empresarial\/\">Arbitragem Empresarial: Como usar para a resolu\u00e7\u00e3o de conflitos empresariais<\/a><\/li>\n\n\n\n<li><a href=\"https:\/\/www.aurum.com.br\/blog\/acordo-judicial\/\">O que \u00e9 e como fazer um acordo judicial: Guia Completo [+Modelo]<\/a><\/li>\n\n\n\n<li><a href=\"https:\/\/www.aurum.com.br\/blog\/prescricao-e-decadencia-previdenciaria\/\">Tire as principais d\u00favidas sobre prescri\u00e7\u00e3o e decad\u00eancia previdenci\u00e1ria<\/a><\/li>\n\n\n\n<li><a href=\"https:\/\/www.aurum.com.br\/blog\/acao-de-impugnacao-de-mandato-eletivo\/\">A\u00e7\u00e3o de Impugna\u00e7\u00e3o de Mandato Eletivo: o que \u00e9, quando cabe e quem julga?<\/a><\/li>\n\n\n\n<li><a href=\"https:\/\/www.aurum.com.br\/blog\/adjudicacao-compulsoria-extrajudicial\/\">Adjudica\u00e7\u00e3o Compuls\u00f3ria Extrajudicial: como funciona, quanto custa e mais<\/a><\/li>\n\n\n\n<li><a href=\"https:\/\/www.aurum.com.br\/blog\/abandono-de-incapaz\/\">O que \u00e9 abandono de incapaz e o que diz a lei<\/a><\/li>\n\n\n\n<li><a href=\"https:\/\/www.aurum.com.br\/blog\/contrato-de-trabalho-temporario\/\">Contrato de trabalho tempor\u00e1rio: o que diz a lei trabalhista e como funciona! [+Modelo]<\/a><\/li>\n\n\n\n<li><a href=\"https:\/\/www.aurum.com.br\/blog\/funcao-do-sindico\/\">Fun\u00e7\u00e3o do s\u00edndico: base legal, poderes, responsabilidades e assessoria jur\u00eddica em conflitos<\/a><\/li>\n<\/ul>\n\n\n<style>\r\n  .news-post {\r\n    background: url('https:\/\/www.aurum.com.br\/blog\/wp-content\/themes\/aurum\/img\/bg-news-artigo.svg') no-repeat top center #3C48AA;\r\n    padding: 1.5rem;\r\n    border-radius: 6px;\r\n    margin: 1rem 0;\r\n  }\r\n  .news-post .icone {\r\n    display: none;\r\n  }\r\n  .news-post .title {\r\n    font-weight: 700;\r\n    font-size: 16px;\r\n    line-height: 130%;\r\n    text-align: center;\r\n    letter-spacing: -0.5px;\r\n    color: #fff;\r\n    margin-bottom: .9375rem;\r\n  }\r\n  .news-post p {\r\n    font-size: .875rem;\r\n    line-height: 140%;\r\n    text-align: center;\r\n    color: #fff;\r\n    margin-bottom: 1.25rem;\r\n  }\r\n  .news-post .news_button_span {\r\n    font-size: .8125rem;\r\n    display: block;\r\n    padding: .125rem .3125rem;\r\n    color: #fff;\r\n    text-align:left;\r\n  }\r\n  .news-post .news_button_span a {\r\n    color: #fff !important;\r\n    text-decoration: underline;\r\n  }\r\n  .news-post form {\r\n    width: 100%;\r\n  }\r\n  .news-post label {\r\n    font-weight: 600;\r\n    font-size: .9375rem;\r\n    line-height: 1.5rem;\r\n    margin-bottom: .5rem;\r\n    color: #fff;\r\n    display: block;\r\n  }\r\n  .news-post input {\r\n    background: #fff;\r\n    border: 1px solid #CBCBD9;\r\n    box-sizing: border-box;\r\n    border-radius: 4px;\r\n    padding: .75rem 1rem;\r\n    width: 100%;\r\n  }\r\n  .news-post button {\r\n    margin-top: .875rem;\r\n    width: 100%;\r\n    min-width: auto;\r\n    background: #FCC632;\r\n    color: #3C48AA;\r\n  }\r\n  .news-post .input {\r\n    position: relative;\r\n    padding-bottom: 10px;\r\n  }\r\n  .news-post .error-message-ad {\r\n    font-size: .875rem;\r\n    line-height: 130%;\r\n    color: #D50021;\r\n    margin-left: 4px;\r\n  }\r\n  .news-post .error {\r\n    border: 1px solid #D50021;\r\n  }\r\n  .news-post #message-form-ad {\r\n    border-radius: 4px;\r\n    padding: 0.7rem;\r\n    font-size:0.8rem;\r\n    text-align: center;\r\n    align-items: center;\r\n    justify-content: center;\r\n    display: none;\r\n  }\r\n  .news-post #message-form-ad svg {\r\n    margin-right: 8px;\r\n  }\r\n\r\n  @media(min-width: 561px) {\r\n    .news-post {\r\n      position: relative;\r\n      background: url('https:\/\/www.aurum.com.br\/blog\/wp-content\/themes\/aurum\/img\/bg-news-artigo.svg') no-repeat top center #3C48AA;\r\n      width: calc(100% - 30px);\r\n    }\r\n    .news-post .icone {\r\n      display: block;\r\n      position: absolute;\r\n      right: -30px;\r\n      top: 65px;\r\n      max-width: 142px;\r\n      width: 100%;\r\n      height: auto;\r\n      margin: 0;\r\n    }\r\n    .news-post .title {\r\n      font-size: 1.125rem;\r\n      text-align: left;\r\n      \/* padding-right: 3.75rem; *\/\r\n    }\r\n    .news-post p {\r\n      font-size: 1rem;\r\n      text-align: left;\r\n      max-width: 400px;\r\n    }\r\n    .news-post .boxes {\r\n      display: flex;\r\n      align-items: flex-start;\r\n    }\r\n    .news-post button {\r\n      margin: 0 0 0 1rem;\r\n      width: 100%;\r\n      max-width: 170px;\r\n      min-width: auto;\r\n      transition: all ease .3s\r\n    }\r\n    .news-post button:hover {\r\n      opacity: 0.9;\r\n      transition: all ease .3s\r\n    }\r\n    .news-post #message-form-ad {\r\n      padding: 1.125rem;\r\n      font-size:1rem;\r\n    }\r\n    .news-post #message-form-ad svg {\r\n      margin-right: 10px;\r\n    }\r\n  }\r\n<\/style>\r\n\r\n<div class=\"news-post\">\r\n  <div class=\"title news-ad-title\">Gostou do artigo e quer evoluir a sua advocacia?<\/div>\r\n  <p class=\"news-ad-subtitle\">Assine gr\u00e1tis a Aurum News e receba uma dose semanal de conte\u00fado no seu e-mail! \u270c\ufe0f<\/p>\r\n  <img decoding=\"async\" src=\"https:\/\/www.aurum.com.br\/blog\/wp-content\/themes\/aurum\/img\/icon-news-artigo.svg\" alt=\"\" class=\"icone\">\r\n\r\n  <form method=\"post\" name=\"newsletter-ad\" id=\"aurum-newsletter-ad\">\r\n    <div class=boxes>\r\n      <div class=\"input\">\r\n        <label class=\"label-email\" htmlFor=\"email-ad\">Qual seu e-mail?<\/label>\r\n        <input type=\"email\" id=\"email-ad\" name=\"newsletter-mail-ad\" placeholder=\"Digite seu e-mail?\">\r\n        <div class=\"error-message-ad-email\">Endere\u00e7o de e-mail inv\u00e1lido ou incorreto<\/div>\r\n\r\n        <label class=\"label-select\" htmlFor=\"lawsuits-select-ad\">\r\n          Quantos processos voc\u00ea ou<br class=\"for-desktop\"\/> seu escrit\u00f3rio acompanham?\r\n        <\/label>\r\n        <div id=\"lawsuits-select-ad\" class=\"lawsuits-select select-wrapper\" tabindex=\"0\">\r\n          <div class=\"s-dropdown--styled\">\r\n          <span class=\"lawsuits-default\">\r\n            <span id=\"lawsuits-newsletter-ad\" class=\"lawsuits-default-text\" data-value=\"\">Selecione os processos<\/span>\r\n            <svg class=\"chevron\" xmlns=\"http:\/\/www.w3.org\/2000\/svg\" width=\"24\" height=\"25\" viewBox=\"0 0 24 25\" fill=\"none\">\r\n              <path d=\"M6 15.6152L12 9.61523L18 15.6152\" stroke=\"black\" stroke-width=\"2\" stroke-linecap=\"round\" stroke-linejoin=\"round\" \/>\r\n            <\/svg>\r\n          <\/span>\r\n\r\n          <ul class=\"s-dropdown u-hide\">\r\n            <li class=\"lawsuits\" data-value=\"Mais de 1000 processos\">Mais de 1000 processos<\/li>\r\n            <li class=\"lawsuits\" data-value=\"De 501 a 1000 processos\">De 501 a 1000 processos<\/li>\r\n            <li class=\"lawsuits\" data-value=\"De 151 a 500 processos\">De 151 a 500 processos<\/li>\r\n            <li class=\"lawsuits\" data-value=\"De 41 a 150 processos\">De 41 a 150 processos<\/li>\r\n            <li class=\"lawsuits\" data-value=\"At\u00e9 40 processos\">At\u00e9 40 processos<\/li>\r\n            <li class=\"lawsuits\" data-value=\"Atuo apenas no consultivo\">Atuo apenas no consultivo<\/li>\r\n            <li class=\"lawsuits\" data-value=\"Ainda sou estudante de direito\">Ainda sou estudante de direito<\/li>\r\n            <li class=\"lawsuits\" data-value=\"N\u00e3o sou da \u00e1rea jur\u00eddica\">N\u00e3o sou da \u00e1rea jur\u00eddica<\/li>\r\n          <\/ul>\r\n          <\/div>\r\n        <\/div>\r\n        <div class=\"error-message-ad-lawsuits\">Selecione algum processo<\/div>\r\n      <\/div>\r\n      <button class=\"btn btn-yellow ad-btn-desktop\" id=\"aurum-submit-ad\">Assinar gr\u00e1tis<\/button>\r\n      <button class=\"btn btn-yellow ad-btn-mobile\" id=\"aurum-submit-ad\">Assinar<\/button>\r\n    <\/div>\r\n    <span class=\"news_button_span\">Ao se cadastrar voc\u00ea declara que leu e aceitou a pol\u00edtica de privacidade e cookies do <a href=\"https:\/\/s3.sa-east-1.amazonaws.com\/publico.aurum.com.br\/contratos\/politica-de-privacidade.pdf\" target=\"_blank\" rel=\"noopener noreferrer\">site<\/a>.<\/span>\r\n  <\/form>\r\n  <div id=\"message-form-ad\"><\/div>\r\n<\/div>","protected":false},"excerpt":{"rendered":"<p>Durante as elei\u00e7\u00f5es municipais, os cidad\u00e3os votam para eleger prefeitos e vereadores, que ser\u00e3o respons\u00e1veis por administrar o munic\u00edpio ao longo dos pr\u00f3ximos quatro anos. Essas elei\u00e7\u00f5es acontecem a cada quatro anos, proporcionando uma chance regular de escolha e renova\u00e7\u00e3o das lideran\u00e7as locais. As elei\u00e7\u00f5es municipais no Brasil acontecem no primeiro domingo de outubro. Nas [&hellip;]<\/p>\n","protected":false},"author":62,"featured_media":28355,"comment_status":"open","ping_status":"open","sticky":false,"template":"","format":"standard","meta":{"_bbp_topic_count":0,"_bbp_reply_count":0,"_bbp_total_topic_count":0,"_bbp_total_reply_count":0,"_bbp_voice_count":0,"_bbp_anonymous_reply_count":0,"_bbp_topic_count_hidden":0,"_bbp_reply_count_hidden":0,"_bbp_forum_subforum_count":0,"inline_featured_image":false,"footnotes":""},"categories":[26],"tags":[],"class_list":["post-28354","post","type-post","status-publish","format-standard","has-post-thumbnail","hentry","category-direito-eleitoral"],"acf":[],"_links":{"self":[{"href":"https:\/\/www.aurum.com.br\/blog\/wp-json\/wp\/v2\/posts\/28354","targetHints":{"allow":["GET"]}}],"collection":[{"href":"https:\/\/www.aurum.com.br\/blog\/wp-json\/wp\/v2\/posts"}],"about":[{"href":"https:\/\/www.aurum.com.br\/blog\/wp-json\/wp\/v2\/types\/post"}],"author":[{"embeddable":true,"href":"https:\/\/www.aurum.com.br\/blog\/wp-json\/wp\/v2\/users\/62"}],"replies":[{"embeddable":true,"href":"https:\/\/www.aurum.com.br\/blog\/wp-json\/wp\/v2\/comments?post=28354"}],"version-history":[{"count":8,"href":"https:\/\/www.aurum.com.br\/blog\/wp-json\/wp\/v2\/posts\/28354\/revisions"}],"predecessor-version":[{"id":29266,"href":"https:\/\/www.aurum.com.br\/blog\/wp-json\/wp\/v2\/posts\/28354\/revisions\/29266"}],"wp:featuredmedia":[{"embeddable":true,"href":"https:\/\/www.aurum.com.br\/blog\/wp-json\/wp\/v2\/media\/28355"}],"wp:attachment":[{"href":"https:\/\/www.aurum.com.br\/blog\/wp-json\/wp\/v2\/media?parent=28354"}],"wp:term":[{"taxonomy":"category","embeddable":true,"href":"https:\/\/www.aurum.com.br\/blog\/wp-json\/wp\/v2\/categories?post=28354"},{"taxonomy":"post_tag","embeddable":true,"href":"https:\/\/www.aurum.com.br\/blog\/wp-json\/wp\/v2\/tags?post=28354"}],"curies":[{"name":"wp","href":"https:\/\/api.w.org\/{rel}","templated":true}]}}