{"id":28281,"date":"2024-06-24T19:05:24","date_gmt":"2024-06-24T22:05:24","guid":{"rendered":"https:\/\/www.aurum.com.br\/blog\/?p=28281"},"modified":"2024-07-18T20:18:49","modified_gmt":"2024-07-18T23:18:49","slug":"funcao-do-sindico","status":"publish","type":"post","link":"https:\/\/www.aurum.com.br\/blog\/funcao-do-sindico\/","title":{"rendered":"Fun\u00e7\u00e3o do s\u00edndico: base legal, poderes, responsabilidades e assessoria jur\u00eddica em conflitos"},"content":{"rendered":"<div id=\"bsf_rt_marker\"><\/div>\n<pre class=\"wp-block-preformatted\">A <strong>fun\u00e7\u00e3o do s\u00edndico<\/strong>, em um contexto condominial, \u00e9 administrar o condom\u00ednio, representando ativa e passivamente os interesses comuns dos cond\u00f4minos, responsabilizando-se pela gest\u00e3o financeira, conserva\u00e7\u00e3o das \u00e1reas comuns, cumprimento das normas internas e legisla\u00e7\u00e3o aplic\u00e1vel, al\u00e9m de intermediar as rela\u00e7\u00f5es entre moradores e partes externas.<\/pre>\n\n\n\n<p>O n\u00famero de pessoas morando em apartamentos aumentou sobremaneira, conforme dados do Censo 2022 do IBGE (Instituto Brasileiro de Geografia e Estat\u00edstica), S\u00e3o Paulo ganhou pouco mais de 426 mil novas unidades em 12 anos. Hoje, aproximadamente 3,3 milh\u00f5es de pessoas moram em pr\u00e9dios. Sendo assim, n\u00e3o h\u00e1 assunto mais atual que fun\u00e7\u00e3o do s\u00edndico. Eu j\u00e1 quero te contar no in\u00edcio desse texto que o s\u00edndico n\u00e3o \u00e9 s\u00f3 aquele que procuramos quando tem barulho no vizinho ou o cachorro est\u00e1 latindo.<\/p>\n\n\n\n<p>As obriga\u00e7\u00f5es do S\u00edndico est\u00e3o definidas no artigo 1348 do C\u00f3digo Civil e voc\u00ea que me l\u00ea, como bom advogado que \u00e9, conseguir\u00e1 orientar seu cliente sobre os poderes e responsabilidades do s\u00edndico. Para isso, continua aqui comigo at\u00e9 o final.&nbsp;<\/p>\n\n\n\n<p>Antes de falar sobre as atribui\u00e7\u00f5es do s\u00edndico, vale deixar claro quem \u00e9 o s\u00edndico.<\/p>\n\n\n\n<h2 class=\"wp-block-heading\"><strong>O que \u00e9 um s\u00edndico de condom\u00ednio?<\/strong><\/h2>\n\n\n\n<p>S\u00edndico \u00e9 <strong>aquele que representa os interesses dos moradores<\/strong>, \u00e9 o administrador. Escolhido em assembleia para cuidar do patrim\u00f4nio e dos interesses coletivos do condom\u00ednio.N\u00e3o se engane, embora o condom\u00ednio n\u00e3o tenha fins lucrativos, h\u00e1 muita coisa a ser administrada dentro de um condom\u00ednio.&nbsp;<\/p>\n\n\n\n<p>Vale ressaltar que esse administrador pode ser tanto uma pessoa f\u00edsica (morador do condom\u00ednio), quanto uma pessoa jur\u00eddica \u2013 comumente chamada de s\u00edndico profissional. Sendo morador ou profissional ele<strong> precisa ser eleito em assembleia e seu mandato tem dura\u00e7\u00e3o de at\u00e9 02 anos.&nbsp;<\/strong><\/p>\n\n\n\n<h2 class=\"wp-block-heading\"><strong>Qual a fun\u00e7\u00e3o do s\u00edndico?<\/strong><\/h2>\n\n\n\n<p>O s\u00edndico de condom\u00ednio \u00e9 respons\u00e1vel pela administra\u00e7\u00e3o geral, gest\u00e3o financeira e representa\u00e7\u00e3o legal do condom\u00ednio. Ele convoca e preside assembleias, implementa decis\u00f5es, cuida da manuten\u00e7\u00e3o das \u00e1reas comuns e gerencia funcion\u00e1rios e prestadores de servi\u00e7os.&nbsp;<\/p>\n\n\n\n<p>Financeiramente, o s\u00edndico elabora o or\u00e7amento, cobra taxas, gerencia inadimpl\u00eancias, paga despesas e presta contas aos cond\u00f4minos. Ele tamb\u00e9m assegura o cumprimento das normas internas, representa o condom\u00ednio em quest\u00f5es legais e implementa medidas de seguran\u00e7a.&nbsp;<\/p>\n\n\n\n<p>Em resumo, o s\u00edndico<strong> garante a administra\u00e7\u00e3o eficiente e a conviv\u00eancia harmoniosa no condom\u00ednio<\/strong>, cuidando de aspectos administrativos, financeiros e legais.<\/p>\n\n\n\n<figure class=\"wp-block-image size-full\"><img decoding=\"async\" width=\"1200\" height=\"1200\" src=\"https:\/\/www.aurum.com.br\/blog\/wp-content\/uploads\/2024\/06\/qual-a-funcao-do-sindico.jpg\" alt=\"\" class=\"wp-image-28284\" srcset=\"https:\/\/www.aurum.com.br\/blog\/wp-content\/uploads\/2024\/06\/qual-a-funcao-do-sindico.jpg 1200w, https:\/\/www.aurum.com.br\/blog\/wp-content\/uploads\/2024\/06\/qual-a-funcao-do-sindico-300x300.jpg 300w, https:\/\/www.aurum.com.br\/blog\/wp-content\/uploads\/2024\/06\/qual-a-funcao-do-sindico-150x150.jpg 150w, https:\/\/www.aurum.com.br\/blog\/wp-content\/uploads\/2024\/06\/qual-a-funcao-do-sindico-768x768.jpg 768w\" sizes=\"(max-width: 1200px) 100vw, 1200px\" \/><figcaption class=\"wp-element-caption\">Entenda qual \u00e9 a fun\u00e7\u00e3o do s\u00edndico.<\/figcaption><\/figure>\n\n\n\n<h2 class=\"wp-block-heading\"><strong>Qual a base legal que define a fun\u00e7\u00e3o do s\u00edndico e quais as suas principais responsabilidades legais?<\/strong><\/h2>\n\n\n\n<p>O artigo 1348 do C\u00f3digo Civil discorre em seus nove incisos sobre a compet\u00eancia do s\u00edndico . Para facilitar sua vida leitor, vou deixar elencadas aqui abaixo:<\/p>\n\n\n\n<ol class=\"wp-block-list\">\n<li>Convocar a assembleia dos cond\u00f4minos;&nbsp;<\/li>\n\n\n\n<li><strong>Representa, ativa e passivamente, o condom\u00ednio<\/strong>, praticando, em ju\u00edzo ou fora dele, os atos necess\u00e1rios \u00e0 defesa dos interesses comuns. Vamos ao exemplo que edifica o homem: o s\u00edndico responde tanto pela a\u00e7\u00e3o judicial quanto pelo conflito, por exemplo, entre condom\u00ednio de a concession\u00e1ria de \u00e1gua;<\/li>\n\n\n\n<li>Dar imediato conhecimento \u00e0 assembleia da exist\u00eancia de procedimento judicial ou administrativo, de interesse do condom\u00ednio, ou seja, recebeu a cita\u00e7\u00e3o de um processo judicial ou de uma multa administrativa? Nada de esconder, <strong>cabe ao s\u00edndico informar<\/strong>;<\/li>\n\n\n\n<li><strong>Cumprir e fazer cumprir a conven\u00e7\u00e3o, o regimento interno e as determina\u00e7\u00f5es <\/strong>da assembleia. Essa \u00e9 a fun\u00e7\u00e3o mais comum e que quase ningu\u00e9m tem d\u00favidas: descumpriu alguma norma \u00e9 o s\u00edndico o respons\u00e1vel por fazer cumprir;&nbsp;<\/li>\n\n\n\n<li>Diligenciar a conserva\u00e7\u00e3o e a guarda das partes comuns e zelar pela presta\u00e7\u00e3o dos servi\u00e7os que interessem aos possuidores. Sendo assim, cabe ao s\u00edndico <strong>passear pelo condom\u00ednio e observar <\/strong>se existe alguma coisa errada, alguma parede manchada, um brinquedo da \u00e1rea comum quebrada etc;&nbsp;<\/li>\n\n\n\n<li><strong>Elaborar o or\u00e7amento da receita e da despesa<\/strong> relativa a cada ano. Esse or\u00e7amento ser\u00e1 apresentado aos cond\u00f4minos em assembleia (previs\u00e3o or\u00e7ament\u00e1ria) juntamente com as contas relativas ao per\u00edodo anterior para aprova\u00e7\u00e3o;<\/li>\n\n\n\n<li><strong>Cobrar dos cond\u00f4minos as suas contribui\u00e7\u00f5es<\/strong>, bem como impor e cobrar as multas devidas. Portanto cabe ao s\u00edndico observar a taxa de inadimpl\u00eancia do condom\u00ednio e efetuar as cobran\u00e7as devidas;<\/li>\n\n\n\n<li><strong>Prestar contas \u00e0 assembleia<\/strong>, anualmente e quando exigidas. Uma vez ao ano dever\u00e1 acontecer uma assembleia geral ordin\u00e1ria, nela as contas s\u00e3o apresentadas, mas, nada impede que as contas sejam exigidas fora dessa data. Caso isso ocorra, o s\u00edndico dever\u00e1 convocar uma Assembleia Geral Extraordin\u00e1ria.<\/li>\n\n\n\n<li><strong>Realizar o seguro da edifica\u00e7\u00e3o<\/strong>. Esse daqui \u00e9 o erro mais comum. O s\u00edndico n\u00e3o se atenta que \u00e9 de sua responsabilidade fazer um seguro para o pr\u00e9dio. Preciso aqui te alertar que o seguro das unidades aut\u00f4nomas n\u00e3o \u00e9 de responsabilidade do s\u00edndico, mas sim, o seguro da edifica\u00e7\u00e3o como um todo. Cada propriet\u00e1rio dever\u00e1 providenciar o seguro da sua unidade&nbsp;<\/li>\n<\/ol>\n\n\n\n<p>Al\u00e9m das fun\u00e7\u00f5es inseridas no C\u00f3digo Civil, temos por exemplo, na Lei Esparsa, (lei n\u00ba17.406\/21) a obriga\u00e7\u00e3o dos s\u00edndicos do Estado de S\u00e3o Paulo a comunicarem ocorr\u00eancias, ou ind\u00edcios de <a href=\"https:\/\/www.aurum.com.br\/blog\/medidas-protetivas\/\">viol\u00eancia dom\u00e9stica<\/a> ou familiar em suas depend\u00eancias ou unidades privativas.<\/p>\n\n\n\n<h2 class=\"wp-block-heading\"><strong>Quais s\u00e3o os poderes do s\u00edndico?<\/strong><\/h2>\n\n\n\n<p>O s\u00edndico pode transferir seus poderes de administra\u00e7\u00e3o mediante aprova\u00e7\u00e3o em assembleia. Anote-se que a conven\u00e7\u00e3o de condom\u00ednio pode proibir que esse fato ocorra. Mas calma l\u00e1, o que eu quero dizer com isso \u00e9 que o s\u00edndico pode contratar uma administradora para lhe auxiliar nas tarefas administrativas.<\/p>\n\n\n\n<p>O s\u00edndico pode, por exemplo, <strong>contratar profissionais para realizar obras necess\u00e1rias e urgentes<\/strong>, sem que precise de aprova\u00e7\u00e3o pela assembleia. Ent\u00e3o se caminhando pelo condom\u00ednio ele percebe que h\u00e1 uma infiltra\u00e7\u00e3o em uma unidade, n\u00e3o \u00e9 necess\u00e1rio que ele convoque uma assembleia para aprovar os custos. Ele mesmo pode fazer os or\u00e7amentos e autorizar o reparo. Obras de baixo custo e urgentes podem ser encaminhadas tranquilamente sem aprova\u00e7\u00e3o da assembleia<\/p>\n\n\n\n<p>Agora que j\u00e1 tratamos da fun\u00e7\u00e3o do s\u00edndico precisamos conversar sobre a nossa atua\u00e7\u00e3o, caros colegas, junto aos condom\u00ednios edil\u00edcios. E antes que voc\u00ea, caro colega, responda que s\u00f3 pode cobrar as cotas condominiais atrasadas eu tenho que te dizer que h\u00e1 muito mais al\u00e9m disso, que pode e deve ser feito. Continua aqui comigo que eu vou te exemplificar.<\/p>\n\n\n\n<h2 class=\"wp-block-heading\"><strong>Quais as atividades mais comuns que podem ser prestadas pelos advogados e advogadas em condom\u00ednios?<\/strong><\/h2>\n\n\n\n<ul class=\"wp-block-list\">\n<li>Participar de assembleias e reuni\u00f5es do corpo diretivo. Uma fun\u00e7\u00e3o muito importante, inclusive para preven\u00e7\u00e3o de problemas futuros. As reuni\u00f5es do corpo diretivo tomam decis\u00f5es e \u00e9 sempre bom que estejam amparadas pela legisla\u00e7\u00e3o;<\/li>\n\n\n\n<li>Orientar o s\u00edndico preventivamente, em conjunto com a administradora;<\/li>\n\n\n\n<li>Elaborar atas, pareceres e circulares;<\/li>\n\n\n\n<li>Analisar <a href=\"https:\/\/www.aurum.com.br\/blog\/teoria-geral-dos-contratos\/\" data-type=\"URL\" data-id=\"https:\/\/www.aurum.com.br\/blog\/teoria-geral-dos-contratos\/\">contratos<\/a> \u2013 tantos s\u00e3o os prestadores de servi\u00e7os presentes em um condom\u00ednio. \u00c9 sempre razo\u00e1vel que um profissional ampare essas contrata\u00e7\u00f5es analisando os pormenores contratuais;<\/li>\n\n\n\n<li>Acionar a construtora por v\u00edcios construtivos e orientar o s\u00edndico sobre vistorias. Como por exemplo orientar o s\u00edndico a fazer uma per\u00edcia antes do fim do prazo de garantia de 05 anos;<\/li>\n\n\n\n<li>Interceder para solucionar quest\u00f5es de atrito entre moradores. Afinal \u00e9 sempre melhor que haja algu\u00e9m id\u00f4neo na intermedia\u00e7\u00e3o;<\/li>\n\n\n\n<li>Enviar notifica\u00e7\u00f5es;<\/li>\n\n\n\n<li>Administrar a carteira de cobran\u00e7a judicial e extrajudicial.<\/li>\n<\/ul>\n\n\n\n<p>O <strong>condom\u00ednio \u00e9 obrigado a contratar um advogado para prestar assessoramento mensal<\/strong>, mas dependendo da complexidade do nicho condominial, a contrata\u00e7\u00e3o do profissional pode ser o<strong> diferencial<\/strong>, inclusive economicamente falando, uma vez que evita processos e eventual pagamento de <a href=\"https:\/\/www.aurum.com.br\/blog\/honorarios-de-sucumbencia\/\" data-type=\"URL\" data-id=\"https:\/\/www.aurum.com.br\/blog\/honorarios-de-sucumbencia\/\">honor\u00e1rios de sucumb\u00eancia<\/a>.<\/p>\n\n\n\n<p>Agora vem o meu alerta para voc\u00ea caro colega, sempre que for prestar esse tipo de servi\u00e7o apresente um contrato de presta\u00e7\u00e3o de servi\u00e7os condizente com as necessidades do condom\u00ednio. Lembre-se que \u00e9 preciso que haja delibera\u00e7\u00e3o da assembleia em vota\u00e7\u00e3o.<\/p>\n\n\n\n<p>Cabe aqui lembrar que em geral os temas que mais trazem problemas aos condom\u00ednios est\u00e3o ligados com os 3S, quais sejam: sa\u00fade, sossego e seguran\u00e7a. Como \u00e9 o exemplo que edifica o homem, vamos a ele logo abaixo.<\/p>\n\n\n\n<h2 class=\"wp-block-heading\"><strong>Quais os conflitos mais comuns enfrentados pelos s\u00edndicos e como resolv\u00ea-los juridicamente<\/strong><\/h2>\n\n\n\n<h3 class=\"wp-block-heading\"><strong>Barulhos excessivos<\/strong><\/h3>\n\n\n\n<p>Esse \u00e9 o assunto que extrapola o S do sossego.<\/p>\n\n\n\n<p>Sempre h\u00e1 uma queixa sobre os decibeis gerados por alguns moradores que acabam incomodando outros, como por exemplos as festas que ultrapassam os hor\u00e1rios permitidos com o som em alto volume; crian\u00e7as que correm no andar de cima fora do hor\u00e1rio permitido, m\u00fasicas muito altas, que embora dentro do hor\u00e1rio permitido, n\u00e3o permitem que os vizinhos fa\u00e7am suas atividades b\u00e1sicas, como assistir televis\u00e3o, por exemplo.<\/p>\n\n\n\n<p>A melhor op\u00e7\u00e3o aqui \u00e9 estabelecer,<strong> atrav\u00e9s do regimento interno<\/strong>, as normas que os moradores dever\u00e3o cumprir, estipulando quais hor\u00e1rios o barulho \u00e9 permitido e quais s\u00e3o as san\u00e7\u00f5es para aquele que infringe as regras.<\/p>\n\n\n\n<h3 class=\"wp-block-heading\"><strong>Animais de estima\u00e7\u00e3o<\/strong><\/h3>\n\n\n\n<p>Esse extrapola a Sa\u00fade, seguran\u00e7a e sossego<strong>&nbsp;<\/strong><\/p>\n\n\n\n<p>Esse \u00e9 o <strong>segundo assunto mais pol\u00eamico dentro dos condom\u00ednios<\/strong>. Todo mundo j\u00e1 ouviu falar de um vizinho que tem um cachorrinho que passa muito tempo sozinho e late a tarde toda, impedindo que os outros moradores fa\u00e7am suas atividades rotineiras. Outro ponto muito comum \u00e9 a circula\u00e7\u00e3o com os animais pelos elevadores sociais, quando deveriam ser usados os elevadores de servi\u00e7o, ou ent\u00e3o, quando os pets andam sem guia nas \u00e1reas comuns ou os pets maiores andam sem focinheira.<\/p>\n\n\n\n<p>Se voc\u00ea \u00e9 daqueles que tem uma brilhante solu\u00e7\u00e3o para isso: proibir a entrada de pets no condom\u00ednio, j\u00e1 preciso te avisar que n\u00e3o ser\u00e1 poss\u00edvel.. Essa atitude afronta diretamente a Constitui\u00e7\u00e3o e o C\u00f3digo Civil, no que se refere ao direito de propriedade. O Supremo Tribunal de Justi\u00e7a \u00e9 firme em dizer que esta proibi\u00e7\u00e3o s\u00f3 se justificar\u00e1 caso o animal represente um risco \u00e0 sa\u00fade, \u00e0 seguran\u00e7a, \u00e0 higiene e ao sossego dos demais moradores.<\/p>\n\n\n\n<h3 class=\"wp-block-heading\"><strong>Crian\u00e7as<\/strong><\/h3>\n\n\n\n<p>A primeira motiva\u00e7\u00e3o de quem tem filhos a escolher um condom\u00ednio para morar \u00e9 a seguran\u00e7a dos pequenos. Por\u00e9m essas mesmas crian\u00e7as s\u00e3o um dos principais motivos de conflitos nos condom\u00ednios. Os exemplos s\u00e3o os mais diversos, crian\u00e7as menores de 12 anos andando sozinhas nas \u00e1reas comuns, brincadeiras exageradas com muito barulho etc.<\/p>\n\n\n\n<p>Cabe apontar que o <a href=\"https:\/\/www.aurum.com.br\/blog\/glossario-juridico\/estatuto-da-crianca-e-do-adolescente\/#:~:text=O%20Estatuto%20da%20Crian%C3%A7a%20e%20do%20Adolescente%20%C3%A9%20um%20marco,para%20garantir%20seu%20pleno%20desenvolvimento.\">Estatuto da Crian\u00e7a e do Adolescente<\/a> d\u00e1 \u00e0 crian\u00e7a o direito de desfrutar do condom\u00ednio, no entanto, cabe aos pais zelar pela guarda e pelos cuidados dos filhos. <strong>Um bom regulamento interno, bem elaborado, ajudar\u00e1 sobremaneira nesse tema.<\/strong><\/p>\n\n\n\n<h3 class=\"wp-block-heading\"><strong>Inadimpl\u00eancia&nbsp;<\/strong><\/h3>\n\n\n\n<p>Um dos principais problemas encarados pelo s\u00edndico \u00e9 que precisa de muita orienta\u00e7\u00e3o para n\u00e3o pesar a m\u00e3o. <strong>Nada de cortar \u00e1gua ou g\u00e1s de morador inadimplente.<\/strong> S\u00f3 quem tem autoriza\u00e7\u00e3o para fazer isso \u00e9 a companhia de abastecimento. Se a \u00e1gua e o g\u00e1s s\u00e3o medidos individualmente por empresa terceira, n\u00e3o pode o s\u00edndico autorizar o corte de modo algum.&nbsp;<\/p>\n\n\n\n<p>Outro ponto que n\u00e3o deve ser praticado de modo algum \u00e9 proibir o cond\u00f4mino inadimplente de usar a \u00e1rea comum de lazer para n\u00e3o ferir o princ\u00edpio da dignidade da pessoa humana. O s\u00edndico mal assessorado nessa hora pode gerar um gasto, ainda maior, com o condom\u00ednio sendo processado pelo morador.<\/p>\n\n\n\n<p>Os boletos podem ser protestados e o nome pode ser inserido no SERASA, al\u00e9m da a\u00e7\u00e3o judicial pertinente.<\/p>\n\n\n\n<h2 class=\"wp-block-heading\"><strong>Conclus\u00e3o<\/strong><\/h2>\n\n\n\n<p>Sendo assim, \u00e9 important\u00edssimo que o s\u00edndico esteja amparado por um advogado ou advogada que consiga lhe orientar sobre essas e outras in\u00fameras outras quest\u00f5es evitando, assim, preju\u00edzos maiores para o condom\u00ednio.&nbsp;<\/p>\n\n\n\n<h2 class=\"wp-block-heading\"><strong>Perguntas frequentes sobre o tema&nbsp;<\/strong><\/h2>\n\n\n\n<h3 class=\"wp-block-heading\"><strong>O que \u00e9 um s\u00edndico?<\/strong><\/h3>\n\n\n\n<p>&nbsp;O s\u00edndico \u00e9 o representante legal do condom\u00ednio, respons\u00e1vel por sua administra\u00e7\u00e3o, gest\u00e3o financeira e manuten\u00e7\u00e3o. Ele atua como um elo entre os cond\u00f4minos e a administra\u00e7\u00e3o do edif\u00edcio, zelando pelo cumprimento das normas estabelecidas na conven\u00e7\u00e3o do condom\u00ednio e no regimento interno.<\/p>\n\n\n\n<h3 class=\"wp-block-heading\"><strong>Quais s\u00e3o os requisitos legais para ser s\u00edndico?&nbsp;<\/strong><\/h3>\n\n\n\n<p>Qualquer cond\u00f4mino, seja pessoa f\u00edsica ou jur\u00eddica, pode ser eleito s\u00edndico. N\u00e3o \u00e9 necess\u00e1rio residir no condom\u00ednio. A elei\u00e7\u00e3o deve ocorrer em assembleia geral, com a maioria dos votos dos presentes.<\/p>\n\n\n\n<h3 class=\"wp-block-heading\"><strong>Qual \u00e9 a dura\u00e7\u00e3o do mandato do s\u00edndico?<\/strong><\/h3>\n\n\n\n<p>O mandato do s\u00edndico \u00e9 determinado pela conven\u00e7\u00e3o do condom\u00ednio, mas geralmente \u00e9 de dois anos, com possibilidade de reelei\u00e7\u00e3o.<\/p>\n\n\n\n<h3 class=\"wp-block-heading\"><strong>O s\u00edndico pode ser remunerado?&nbsp;<\/strong><\/h3>\n\n\n\n<p>Sim, a remunera\u00e7\u00e3o do s\u00edndico \u00e9 permitida e deve ser aprovada em assembleia geral. Al\u00e9m da remunera\u00e7\u00e3o, o s\u00edndico pode ter direito a isen\u00e7\u00e3o da taxa condominial.<\/p>\n\n\n\n<h3 class=\"wp-block-heading\"><strong>Qual \u00e9 o papel do advogado na representa\u00e7\u00e3o judicial do condom\u00ednio?&nbsp;<\/strong><\/h3>\n\n\n\n<p>Advogados representam o condom\u00ednio em a\u00e7\u00f5es judiciais, tanto na defesa de interesses do condom\u00ednio quanto na execu\u00e7\u00e3o de cobran\u00e7as de inadimplentes, al\u00e9m de atuar em a\u00e7\u00f5es contra terceiros que causem danos ao patrim\u00f4nio condominial.<\/p>\n\n\n\n<h3 class=\"wp-block-heading\"><strong>Quais s\u00e3o as melhores pr\u00e1ticas para advogados ao orientar s\u00edndicos sobre a legisla\u00e7\u00e3o trabalhista e de seguran\u00e7a?&nbsp;<\/strong><\/h3>\n\n\n\n<p>Advogados e advogadas devem garantir que o s\u00edndico esteja cumprindo todas as obriga\u00e7\u00f5es trabalhistas com funcion\u00e1rios, incluindo contratos de trabalho, pagamentos de sal\u00e1rios, benef\u00edcios e encargos sociais. Al\u00e9m disso, devem orientar sobre as normas de seguran\u00e7a no trabalho aplic\u00e1veis \u00e0s atividades desenvolvidas no condom\u00ednio.<\/p>\n\n\n\n<h2 class=\"wp-block-heading\"><strong>Mais conhecimento para voc\u00ea<\/strong><\/h2>\n\n\n\n<ul class=\"wp-block-list\">\n<li><a href=\"https:\/\/www.aurum.com.br\/blog\/erro-laboratorial\/\">Erro Laboratorial: Conhe\u00e7a quais s\u00e3o suas fases<\/a><\/li>\n\n\n\n<li><a href=\"https:\/\/www.aurum.com.br\/blog\/competencia-tributaria\/\">Compet\u00eancia tribut\u00e1ria: conceitos, caracter\u00edsticas e esp\u00e9cies<\/a><\/li>\n\n\n\n<li><a href=\"https:\/\/www.aurum.com.br\/blog\/tutela-antecipada-no-novo-cpc\/\">Tutela antecipada no Novo CPC<\/a><\/li>\n\n\n\n<li><a href=\"https:\/\/www.aurum.com.br\/blog\/esbulho\/\">Esbulho: o que \u00e9, quando ocorre e quais os seus tipos<\/a><\/li>\n\n\n\n<li><a href=\"https:\/\/www.aurum.com.br\/blog\/diligencias-juridicas\/\">Dilig\u00eancias jur\u00eddicas: o que s\u00e3o e os principais tipos<\/a><\/li>\n\n\n\n<li><a href=\"https:\/\/www.aurum.com.br\/blog\/ostentacao-na-advocacia\/\">Ostenta\u00e7\u00e3o na advocacia: o que o advogado n\u00e3o pode fazer nas redes sociais?<\/a><\/li>\n\n\n\n<li><a href=\"https:\/\/www.aurum.com.br\/blog\/saude-mental-no-trabalho\/\">Sa\u00fade mental no trabalho: qual o papel do advogado trabalhista?<\/a><\/li>\n\n\n\n<li><a href=\"https:\/\/www.aurum.com.br\/blog\/carta-de-preposicao\/\" data-type=\"link\" data-id=\"https:\/\/www.aurum.com.br\/blog\/carta-de-preposicao\/\">O que \u00e9 carta de preposi\u00e7\u00e3o e como deve ser feita<\/a><\/li>\n\n\n\n<li><a href=\"https:\/\/www.aurum.com.br\/blog\/constricao-judicial\/\">Veja o que \u00e9 constri\u00e7\u00e3o judicial e os principais meios de execu\u00e7\u00e3o<\/a><\/li>\n\n\n\n<li><a href=\"https:\/\/www.aurum.com.br\/blog\/excecao-de-incompetencia\/\">Entenda o que \u00e9 e quando alegar exce\u00e7\u00e3o de incompet\u00eancia [+Modelo]<\/a><\/li>\n\n\n\n<li><a href=\"https:\/\/www.aurum.com.br\/blog\/revisao-de-beneficio-previdenciario\/\">Revis\u00e3o de Benef\u00edcio Previdenci\u00e1rio: descubra se vale a pena pedir!<\/a><\/li>\n<\/ul>\n\n\n<style>\r\n  .news-post {\r\n    background: url('https:\/\/www.aurum.com.br\/blog\/wp-content\/themes\/aurum\/img\/bg-news-artigo.svg') no-repeat top center #3C48AA;\r\n    padding: 1.5rem;\r\n    border-radius: 6px;\r\n    margin: 1rem 0;\r\n  }\r\n  .news-post .icone {\r\n    display: none;\r\n  }\r\n  .news-post .title {\r\n    font-weight: 700;\r\n    font-size: 16px;\r\n    line-height: 130%;\r\n    text-align: center;\r\n    letter-spacing: -0.5px;\r\n    color: #fff;\r\n    margin-bottom: .9375rem;\r\n  }\r\n  .news-post p {\r\n    font-size: .875rem;\r\n    line-height: 140%;\r\n    text-align: center;\r\n    color: #fff;\r\n    margin-bottom: 1.25rem;\r\n  }\r\n  .news-post .news_button_span {\r\n    font-size: .8125rem;\r\n    display: block;\r\n    padding: .125rem .3125rem;\r\n    color: #fff;\r\n    text-align:left;\r\n  }\r\n  .news-post .news_button_span a {\r\n    color: #fff !important;\r\n    text-decoration: underline;\r\n  }\r\n  .news-post form {\r\n    width: 100%;\r\n  }\r\n  .news-post label {\r\n    font-weight: 600;\r\n    font-size: .9375rem;\r\n    line-height: 1.5rem;\r\n    margin-bottom: .5rem;\r\n    color: #fff;\r\n    display: block;\r\n  }\r\n  .news-post input {\r\n    background: #fff;\r\n    border: 1px solid #CBCBD9;\r\n    box-sizing: border-box;\r\n    border-radius: 4px;\r\n    padding: .75rem 1rem;\r\n    width: 100%;\r\n  }\r\n  .news-post button {\r\n    margin-top: .875rem;\r\n    width: 100%;\r\n    min-width: auto;\r\n    background: #FCC632;\r\n    color: #3C48AA;\r\n  }\r\n  .news-post .input {\r\n    position: relative;\r\n    padding-bottom: 10px;\r\n  }\r\n  .news-post .error-message-ad {\r\n    font-size: .875rem;\r\n    line-height: 130%;\r\n    color: #D50021;\r\n    margin-left: 4px;\r\n  }\r\n  .news-post .error {\r\n    border: 1px solid #D50021;\r\n  }\r\n  .news-post #message-form-ad {\r\n    border-radius: 4px;\r\n    padding: 0.7rem;\r\n    font-size:0.8rem;\r\n    text-align: center;\r\n    align-items: center;\r\n    justify-content: center;\r\n    display: none;\r\n  }\r\n  .news-post #message-form-ad svg {\r\n    margin-right: 8px;\r\n  }\r\n\r\n  @media(min-width: 561px) {\r\n    .news-post {\r\n      position: relative;\r\n      background: url('https:\/\/www.aurum.com.br\/blog\/wp-content\/themes\/aurum\/img\/bg-news-artigo.svg') no-repeat top center #3C48AA;\r\n      width: calc(100% - 30px);\r\n    }\r\n    .news-post .icone {\r\n      display: block;\r\n      position: absolute;\r\n      right: -30px;\r\n      top: 65px;\r\n      max-width: 142px;\r\n      width: 100%;\r\n      height: auto;\r\n      margin: 0;\r\n    }\r\n    .news-post .title {\r\n      font-size: 1.125rem;\r\n      text-align: left;\r\n      \/* padding-right: 3.75rem; *\/\r\n    }\r\n    .news-post p {\r\n      font-size: 1rem;\r\n      text-align: left;\r\n      max-width: 400px;\r\n    }\r\n    .news-post .boxes {\r\n      display: flex;\r\n      align-items: flex-start;\r\n    }\r\n    .news-post button {\r\n      margin: 0 0 0 1rem;\r\n      width: 100%;\r\n      max-width: 170px;\r\n      min-width: auto;\r\n      transition: all ease .3s\r\n    }\r\n    .news-post button:hover {\r\n      opacity: 0.9;\r\n      transition: all ease .3s\r\n    }\r\n    .news-post #message-form-ad {\r\n      padding: 1.125rem;\r\n      font-size:1rem;\r\n    }\r\n    .news-post #message-form-ad svg {\r\n      margin-right: 10px;\r\n    }\r\n  }\r\n<\/style>\r\n\r\n<div class=\"news-post\">\r\n  <div class=\"title news-ad-title\">Gostou do artigo e quer evoluir a sua advocacia?<\/div>\r\n  <p class=\"news-ad-subtitle\">Assine gr\u00e1tis a Aurum News e receba uma dose semanal de conte\u00fado no seu e-mail! \u270c\ufe0f<\/p>\r\n  <img decoding=\"async\" src=\"https:\/\/www.aurum.com.br\/blog\/wp-content\/themes\/aurum\/img\/icon-news-artigo.svg\" alt=\"\" class=\"icone\">\r\n\r\n  <form method=\"post\" name=\"newsletter-ad\" id=\"aurum-newsletter-ad\">\r\n    <div class=boxes>\r\n      <div class=\"input\">\r\n        <label class=\"label-email\" htmlFor=\"email-ad\">Qual seu e-mail?<\/label>\r\n        <input type=\"email\" id=\"email-ad\" name=\"newsletter-mail-ad\" placeholder=\"Digite seu e-mail?\">\r\n        <div class=\"error-message-ad-email\">Endere\u00e7o de e-mail inv\u00e1lido ou incorreto<\/div>\r\n\r\n        <label class=\"label-select\" htmlFor=\"lawsuits-select-ad\">\r\n          Quantos processos voc\u00ea ou<br class=\"for-desktop\"\/> seu escrit\u00f3rio acompanham?\r\n        <\/label>\r\n        <div id=\"lawsuits-select-ad\" class=\"lawsuits-select select-wrapper\" tabindex=\"0\">\r\n          <div class=\"s-dropdown--styled\">\r\n          <span class=\"lawsuits-default\">\r\n            <span id=\"lawsuits-newsletter-ad\" class=\"lawsuits-default-text\" data-value=\"\">Selecione os processos<\/span>\r\n            <svg class=\"chevron\" xmlns=\"http:\/\/www.w3.org\/2000\/svg\" width=\"24\" height=\"25\" viewBox=\"0 0 24 25\" fill=\"none\">\r\n              <path d=\"M6 15.6152L12 9.61523L18 15.6152\" stroke=\"black\" stroke-width=\"2\" stroke-linecap=\"round\" stroke-linejoin=\"round\" \/>\r\n            <\/svg>\r\n          <\/span>\r\n\r\n          <ul class=\"s-dropdown u-hide\">\r\n            <li class=\"lawsuits\" data-value=\"Mais de 1000 processos\">Mais de 1000 processos<\/li>\r\n            <li class=\"lawsuits\" data-value=\"De 501 a 1000 processos\">De 501 a 1000 processos<\/li>\r\n            <li class=\"lawsuits\" data-value=\"De 151 a 500 processos\">De 151 a 500 processos<\/li>\r\n            <li class=\"lawsuits\" data-value=\"De 41 a 150 processos\">De 41 a 150 processos<\/li>\r\n            <li class=\"lawsuits\" data-value=\"At\u00e9 40 processos\">At\u00e9 40 processos<\/li>\r\n            <li class=\"lawsuits\" data-value=\"Atuo apenas no consultivo\">Atuo apenas no consultivo<\/li>\r\n            <li class=\"lawsuits\" data-value=\"Ainda sou estudante de direito\">Ainda sou estudante de direito<\/li>\r\n            <li class=\"lawsuits\" data-value=\"N\u00e3o sou da \u00e1rea jur\u00eddica\">N\u00e3o sou da \u00e1rea jur\u00eddica<\/li>\r\n          <\/ul>\r\n          <\/div>\r\n        <\/div>\r\n        <div class=\"error-message-ad-lawsuits\">Selecione algum processo<\/div>\r\n      <\/div>\r\n      <button class=\"btn btn-yellow ad-btn-desktop\" id=\"aurum-submit-ad\">Assinar gr\u00e1tis<\/button>\r\n      <button class=\"btn btn-yellow ad-btn-mobile\" id=\"aurum-submit-ad\">Assinar<\/button>\r\n    <\/div>\r\n    <span class=\"news_button_span\">Ao se cadastrar voc\u00ea declara que leu e aceitou a pol\u00edtica de privacidade e cookies do <a href=\"https:\/\/s3.sa-east-1.amazonaws.com\/publico.aurum.com.br\/contratos\/politica-de-privacidade.pdf\" target=\"_blank\" rel=\"noopener noreferrer\">site<\/a>.<\/span>\r\n  <\/form>\r\n  <div id=\"message-form-ad\"><\/div>\r\n<\/div>","protected":false},"excerpt":{"rendered":"<p>A fun\u00e7\u00e3o do s\u00edndico, em um contexto condominial, \u00e9 administrar o condom\u00ednio, representando ativa e passivamente os interesses comuns dos cond\u00f4minos, responsabilizando-se pela gest\u00e3o financeira, conserva\u00e7\u00e3o das \u00e1reas comuns, cumprimento das normas internas e legisla\u00e7\u00e3o aplic\u00e1vel, al\u00e9m de intermediar as rela\u00e7\u00f5es entre moradores e partes externas. O n\u00famero de pessoas morando em apartamentos aumentou sobremaneira, [&hellip;]<\/p>\n","protected":false},"author":152,"featured_media":28283,"comment_status":"open","ping_status":"open","sticky":false,"template":"","format":"standard","meta":{"_bbp_topic_count":0,"_bbp_reply_count":0,"_bbp_total_topic_count":0,"_bbp_total_reply_count":0,"_bbp_voice_count":0,"_bbp_anonymous_reply_count":0,"_bbp_topic_count_hidden":0,"_bbp_reply_count_hidden":0,"_bbp_forum_subforum_count":0,"inline_featured_image":false,"footnotes":""},"categories":[28],"tags":[],"class_list":["post-28281","post","type-post","status-publish","format-standard","has-post-thumbnail","hentry","category-direito-imobiliario"],"acf":[],"_links":{"self":[{"href":"https:\/\/www.aurum.com.br\/blog\/wp-json\/wp\/v2\/posts\/28281","targetHints":{"allow":["GET"]}}],"collection":[{"href":"https:\/\/www.aurum.com.br\/blog\/wp-json\/wp\/v2\/posts"}],"about":[{"href":"https:\/\/www.aurum.com.br\/blog\/wp-json\/wp\/v2\/types\/post"}],"author":[{"embeddable":true,"href":"https:\/\/www.aurum.com.br\/blog\/wp-json\/wp\/v2\/users\/152"}],"replies":[{"embeddable":true,"href":"https:\/\/www.aurum.com.br\/blog\/wp-json\/wp\/v2\/comments?post=28281"}],"version-history":[{"count":8,"href":"https:\/\/www.aurum.com.br\/blog\/wp-json\/wp\/v2\/posts\/28281\/revisions"}],"predecessor-version":[{"id":29589,"href":"https:\/\/www.aurum.com.br\/blog\/wp-json\/wp\/v2\/posts\/28281\/revisions\/29589"}],"wp:featuredmedia":[{"embeddable":true,"href":"https:\/\/www.aurum.com.br\/blog\/wp-json\/wp\/v2\/media\/28283"}],"wp:attachment":[{"href":"https:\/\/www.aurum.com.br\/blog\/wp-json\/wp\/v2\/media?parent=28281"}],"wp:term":[{"taxonomy":"category","embeddable":true,"href":"https:\/\/www.aurum.com.br\/blog\/wp-json\/wp\/v2\/categories?post=28281"},{"taxonomy":"post_tag","embeddable":true,"href":"https:\/\/www.aurum.com.br\/blog\/wp-json\/wp\/v2\/tags?post=28281"}],"curies":[{"name":"wp","href":"https:\/\/api.w.org\/{rel}","templated":true}]}}