{"id":28265,"date":"2024-06-14T20:39:00","date_gmt":"2024-06-14T23:39:00","guid":{"rendered":"https:\/\/www.aurum.com.br\/blog\/?p=28265"},"modified":"2024-08-22T06:11:19","modified_gmt":"2024-08-22T09:11:19","slug":"erro-laboratorial","status":"publish","type":"post","link":"https:\/\/www.aurum.com.br\/blog\/erro-laboratorial\/","title":{"rendered":"Erro Laboratorial: Conhe\u00e7a quais s\u00e3o suas fases e os seus tipos!"},"content":{"rendered":"<div id=\"bsf_rt_marker\"><\/div>\n<pre class=\"wp-block-preformatted\">O <strong>erro laboratorial<\/strong> \u00e9 uma falha que pode ocorrer em qualquer etapa do processo laboratorial, desde a solicita\u00e7\u00e3o do exame at\u00e9 a comunica\u00e7\u00e3o dos resultados, incluindo a interpreta\u00e7\u00e3o e a resposta apropriada.<\/pre>\n\n\n\n<p>O erro laboratorial \u00e9 um problema recorrente na \u00e1rea m\u00e9dica, podendo acarretar s\u00e9rias consequ\u00eancias para os pacientes e implica na responsabilidade civil dos laborat\u00f3rios, hospitais, planos de sa\u00fade e profissionais envolvidos.&nbsp;<\/p>\n\n\n\n<p>Casos de pacientes diagnosticados erroneamente com doen\u00e7as graves, que depois descobrem, atrav\u00e9s de novos exames, que os resultados estavam errados, s\u00e3o mais comuns do que se imagina.<\/p>\n\n\n\n<p>Por outro lado, sob a perspectiva dos laborat\u00f3rios, h\u00e1 uma clara exposi\u00e7\u00e3o a situa\u00e7\u00f5es em que pacientes omitem informa\u00e7\u00f5es, solicitam altera\u00e7\u00f5es nos resultados, entregam material biol\u00f3gico de outros pacientes e at\u00e9 apresentam documentos falsos.&nbsp;<\/p>\n\n\n\n<p>Esse cen\u00e1rio complexo levanta a quest\u00e3o: at\u00e9 que ponto os laborat\u00f3rios s\u00e3o responsabilizados sob a luz da jurisprud\u00eancia atual?&nbsp;<\/p>\n\n\n\n<p>Este artigo pretende explorar a responsabilidade civil dos laborat\u00f3rios em casos como erros de diagn\u00f3stico e falsos positivos \u00e0 luz da jurisprud\u00eancia atual, evidenciando a import\u00e2ncia de os pacientes estarem cientes de seus direitos caso sejam lesados e, por outro lado, a necessidade de implementa\u00e7\u00e3o de um controle rigoroso e de procedimentos adequados a fim de minimizar os erros laboratoriais.<\/p>\n\n\n\n<p>Convidamos voc\u00ea a ler e refletir sobre os desafios e as implica\u00e7\u00f5es legais deste tema crucial para a sa\u00fade p\u00fablica! \ud83d\ude09<\/p>\n\n\n\n<h2 class=\"wp-block-heading\">O que \u00e9 o Erro Laboratorial?<\/h2>\n\n\n\n<p>Erro laboratorial refere-se a qualquer <strong>falha que ocorra durante o processo de realiza\u00e7\u00e3o de exames e an\u00e1lises cl\u00ednicas em laborat\u00f3rios e hospitais<\/strong>. Esses erros podem surgir em diversas etapas do procedimento, incluindo:<\/p>\n\n\n\n<ul class=\"wp-block-list\">\n<li>a coleta de amostras;<\/li>\n\n\n\n<li>armazenamento e processamento;<\/li>\n\n\n\n<li>an\u00e1lise ou interpreta\u00e7\u00e3o dos resultados;<\/li>\n\n\n\n<li>e at\u00e9 mesmo na comunica\u00e7\u00e3o ao paciente ou ao m\u00e9dico respons\u00e1vel.&nbsp;<\/li>\n<\/ul>\n\n\n\n<h2 class=\"wp-block-heading\">Quais s\u00e3o as fases do erro laboratorial?<\/h2>\n\n\n\n<p>Ainda, as falhas s\u00e3o normalmente classificadas em tr\u00eas categorias:<\/p>\n\n\n\n<ol class=\"wp-block-list\">\n<li><strong>Pr\u00e9-anal\u00edticas:<\/strong> Erros que ocorrem antes da an\u00e1lise propriamente dita, como na coleta e armazenamento inadequado de amostras.<\/li>\n\n\n\n<li><strong>Anal\u00edticas:<\/strong> Erros que acontecem durante o processo de an\u00e1lise, como a utiliza\u00e7\u00e3o de reagentes vencidos ou equipamentos mal calibrados.<\/li>\n\n\n\n<li><strong>P\u00f3s-anal\u00edticas:<\/strong> Erros que surgem ap\u00f3s a an\u00e1lise, como na interpreta\u00e7\u00e3o incorreta dos resultados ou na comunica\u00e7\u00e3o equivocada desses resultados ao paciente ou m\u00e9dico.<\/li>\n<\/ol>\n\n\n\n<h2 class=\"wp-block-heading\">Quais s\u00e3o os tipos de erro laboratorial?<\/h2>\n\n\n\n<p>Alguns dos erros mais comuns cometidos por laborat\u00f3rios na \u00e1rea de sa\u00fade incluem o <strong>preenchimento equivocado de informa\u00e7\u00f5es e rotula\u00e7\u00f5es de tubos de coleta<\/strong>, o que pode levar \u00e0 troca de amostras. Envolvem tamb\u00e9m a falta de esclarecimento sobre riscos e, \u00e9 claro, <strong>diagn\u00f3sticos incorretos e falsos positivos<\/strong>.&nbsp;<\/p>\n\n\n\n<p>Tais falhas podem resultar em tratamentos inadequados ou mesmo na aus\u00eancia e\/ou demora para o in\u00edcio de tratamentos necess\u00e1rios, acarretando consequ\u00eancias incalcul\u00e1veis para a sa\u00fade dos pacientes. Em raz\u00e3o disso, s\u00e3o pass\u00edveis de indeniza\u00e7\u00e3o e responsabiliza\u00e7\u00e3o de todos os envolvidos nos processos perante a Justi\u00e7a.&nbsp;<\/p>\n\n\n\n<h2 class=\"wp-block-heading\">Relembre o que \u00e9 a responsabilidade civil:<\/h2>\n\n\n\n<p>A responsabilidade civil \u00e9 o dever jur\u00eddico consequente de reparar o dano causado a terceiros, em virtude da viola\u00e7\u00e3o de uma norma ou descumprimento de um contrato. Sua fun\u00e7\u00e3o \u00e9 compensar o dano sofrido pela v\u00edtima, seja ele moral ou patrimonial.&nbsp;<\/p>\n\n\n\n<p>A responsabilidade civil pode ser classificada de acordo com o fato gerador, em responsabilidade contratual ou extracontratual.&nbsp;<\/p>\n\n\n\n<h3 class=\"wp-block-heading\">Responsabilidade Contratual<\/h3>\n\n\n\n<p>Origina-se quando h\u00e1 um v\u00ednculo estabelecido por meio de um contrato entre as partes envolvidas. Nesse caso, as partes t\u00eam obriga\u00e7\u00f5es e deveres espec\u00edficos previstos no contrato, e a viola\u00e7\u00e3o desses deveres pode levar \u00e0 responsabilidade por descumprimento.&nbsp;<\/p>\n\n\n\n<p>Por outro lado, a responsabilidade civil extracontratual, ocorre quando algu\u00e9m causa danos a outras pessoas por meio de uma conduta que viola um dever geral de cuidado esperado.&nbsp;<\/p>\n\n\n\n<h3 class=\"wp-block-heading\">Responsabilidade extracontratual<\/h3>\n\n\n\n<p>A responsabilidade extracontratual pode ser dividida em duas vertentes: a responsabilidade civil subjetiva e a responsabilidade civil objetiva.&nbsp;<\/p>\n\n\n\n<p>A responsabilidade subjetiva decorre de um dano causado por um ato doloso (com a inten\u00e7\u00e3o de prejudicar) ou culposo (neglig\u00eancia, imprud\u00eancia ou imper\u00edcia) e exige a comprova\u00e7\u00e3o de culpa.&nbsp;<\/p>\n\n\n\n<p>J\u00e1 a responsabilidade objetiva n\u00e3o requer comprova\u00e7\u00e3o de culpa; o foco centra-se na rela\u00e7\u00e3o de causa e efeito entre a a\u00e7\u00e3o ou atividade e o dano causado \u00e0 v\u00edtima, bastando a demonstra\u00e7\u00e3o do dano e do nexo causal.&nbsp;<\/p>\n\n\n\n<p>\u00c9 importante ainda distinguir as obriga\u00e7\u00f5es de meio e de resultado. As obriga\u00e7\u00f5es de meio exigem do devedor apenas a utiliza\u00e7\u00e3o de prud\u00eancia e dilig\u00eancia para atingir um resultado, sem, contudo, se vincular a obt\u00ea-lo. Em contrapartida, as obriga\u00e7\u00f5es de resultado demandam do devedor n\u00e3o apenas a realiza\u00e7\u00e3o da atividade, mas a obten\u00e7\u00e3o de um resultado espec\u00edfico.&nbsp;<\/p>\n\n\n\n<h2 class=\"wp-block-heading\">Qual a responsabilidade civil em casos de erros laboratoriais?<\/h2>\n\n\n\n<h3 class=\"wp-block-heading\">Responsabilidade dos Laborat\u00f3rios<\/h3>\n\n\n\n<p>No contexto dos laborat\u00f3rios, as an\u00e1lises cl\u00ednicas s\u00e3o tipicamente classificadas como obriga\u00e7\u00f5es de resultado. Isso significa que os laborat\u00f3rios s\u00e3o respons\u00e1veis pela exatid\u00e3o dos seus exames de acordo com a doutrina e a jurisprud\u00eancia, devendo garantir a precis\u00e3o dos resultados, especialmente em exames mais simples, como de urina ou sangue, que se aproximam das ci\u00eancias exatas.&nbsp;<\/p>\n\n\n\n<p>A atividade exercida pelos laborat\u00f3rios na realiza\u00e7\u00e3o de exames m\u00e9dicos est\u00e1 sujeita ao <a href=\"https:\/\/www.planalto.gov.br\/ccivil_03\/leis\/l8078compilado.htm\" target=\"_blank\" rel=\"noopener\">C\u00f3digo de Defesa do Consumidor<\/a>, considerando sua condi\u00e7\u00e3o de fornecedor de servi\u00e7os. Dessa forma, a responsabilidade dos laborat\u00f3rios por eventuais erros de diagn\u00f3stico \u00e9 objetiva, ou seja, respondem independentemente de culpa pelos danos causados por falha na presta\u00e7\u00e3o do servi\u00e7o.&nbsp;<\/p>\n\n\n\n<p>Tal responsabilidade est\u00e1 disciplinada no artigo 14 do CDC:&nbsp;<\/p>\n\n\n\n<figure class=\"wp-block-pullquote classe bq-small\"><blockquote><p><strong>Art. 14.<\/strong> O fornecedor de servi\u00e7os responde, independentemente da exist\u00eancia de culpa, pela repara\u00e7\u00e3o dos danos causados aos consumidores por defeitos relativos \u00e0 presta\u00e7\u00e3o dos servi\u00e7os, bem como por informa\u00e7\u00f5es insuficientes ou inadequadas sobre sua frui\u00e7\u00e3o e riscos.&nbsp;<br>\u00a7 1\u00ba O servi\u00e7o \u00e9 defeituoso quando n\u00e3o fornece a seguran\u00e7a que o consumidor dele pode esperar, levando-se em considera\u00e7\u00e3o as circunst\u00e2ncias relevantes, entre as quais:<br>I \u2013 o modo de seu fornecimento;<br>II \u2013 o resultado e os riscos que razoavelmente dele se esperam;<br>III \u2013 a \u00e9poca em que foi fornecido;<br>\u00a7 2\u00ba O servi\u00e7o n\u00e3o \u00e9 considerado defeituoso pela ado\u00e7\u00e3o de novas t\u00e9cnicas.<br>\u00a7 3\u00ba O fornecedor de servi\u00e7os s\u00f3 n\u00e3o ser\u00e1 responsabilizado quando provar;&nbsp;<br>I \u2013 que, tendo prestado o servi\u00e7o, o defeito inexiste;<br>II \u2013 a culpa exclusiva do consumidor ou de terceiro.<br>\u00a7 4\u00ba A responsabilidade pessoal dos profissionais liberais ser\u00e1 apurada mediante a verifica\u00e7\u00e3o de culpa.<\/p><\/blockquote><\/figure>\n\n\n\n<p>O Superior Tribunal de Justi\u00e7a (STJ) tem entendido consistentemente que a presta\u00e7\u00e3o de servi\u00e7os de exames m\u00e9dicos configura uma obriga\u00e7\u00e3o de resultado, implicando em responsabilidade objetiva:<\/p>\n\n\n\n<figure class=\"wp-block-pullquote\" id=\"classe-bq-small\"><blockquote><p>AGRAVO REGIMENTAL NO AGRAVO EM RECURSO ESPECIAL. RESPONSABILIDADE CIVIL. DANOS MORAIS. ERRO DE DIAGN\u00d3STICO. DEVER DE INDENIZAR. PRECEDENTES. REEXAME DE MAT\u00c9RIA F\u00c1TICO-PROBAT\u00d3RIA. S\u00daMULA 7\/STJ. DANO MORAL. VALOR RAZO\u00c1VEL. AGRAVO DESPROVIDO. 1. &#8220;Este Tribunal Superior j\u00e1 se manifestou no sentido de que configura obriga\u00e7\u00e3o de resultado, a implicar responsabilidade objetiva, o diagn\u00f3stico fornecido por exame m\u00e9dico&#8221; (AgRg nos EDcl no REsp 1.442.794\/DF, Rel. Ministro MARCO BUZZI, QUARTA TURMA, julgado em 16\/12\/2014, DJe de 19\/12\/2014). Precedentes. 2. No caso, a modifica\u00e7\u00e3o do entendimento lan\u00e7ado no v. ac\u00f3rd\u00e3o recorrido, acerca da exist\u00eancia de v\u00edcio no resultado do exame, demandaria o reexame do material f\u00e1tico-probat\u00f3rio dos autos, o que \u00e9 vedado pela S\u00famula 7 do STJ. 3. Quanto ao valor fixado a t\u00edtulo de indeniza\u00e7\u00e3o por danos morais, esta Corte Superior firmou orienta\u00e7\u00e3o de que \u00e9 admiss\u00edvel o exame do valor fixado a t\u00edtulo de danos morais em hip\u00f3teses excepcionais, quando for verificada a exorbit\u00e2ncia ou a \u00edndole irris\u00f3ria da import\u00e2ncia arbitrada, em flagrante ofensa aos princ\u00edpios da razoabilidade e da proporcionalidade, o que n\u00e3o ocorreu no caso em tela, em que foi fixada indeniza\u00e7\u00e3o, no importe de R$ 10.000,00 (dez mil reais), decorrente dos graves danos psicol\u00f3gicos sofridos pela recorrida em virtude de diagn\u00f3stico equivocado de doen\u00e7a letal. 4. Agravo regimental n\u00e3o provido. (AgRg no AREsp 779.117\/RS, Rel. Ministro RAUL ARA\u00daJO, QUARTA TURMA, julgado em 01\/12\/2015, DJe 16\/12\/2015)<\/p><\/blockquote><\/figure>\n\n\n\n<p>O laborat\u00f3rio pode afastar sua responsabilidade objetiva se comprovar, pertencendo a ele o \u00f4nus probat\u00f3rio, que n\u00e3o houve defeito na presta\u00e7\u00e3o de servi\u00e7o ou que houve culpa exclusiva do consumidor ou de terceiro (pessoa a ele n\u00e3o vinculada tecnicamente).&nbsp;<\/p>\n\n\n\n<p>Contemporaneamente discute-se a aplica\u00e7\u00e3o da obriga\u00e7\u00e3o de meio quando a an\u00e1lise contiver risco de erro, por ser a interpreta\u00e7\u00e3o mais delicada, como em interven\u00e7\u00f5es invasivas para extra\u00e7\u00e3o de material para bi\u00f3psia. Indica-se a necessidade de per\u00edcia para elucidar o grau de complexidade do exame. No entanto, ressaltamos que esse n\u00e3o \u00e9 o entendimento predominante.&nbsp;&nbsp;<\/p>\n\n\n\n<h3 class=\"wp-block-heading\">Responsabilidade dos Planos de Sa\u00fade<\/h3>\n\n\n\n<p>Acerca da responsabilidade dos planos de sa\u00fade nos casos de erro de diagn\u00f3stico e falsos positivos, estes tamb\u00e9m respondem de forma objetiva e solid\u00e1ria pelos danos causados a seus benefici\u00e1rios por sua rede de credenciados, visto que devem ter zelo e cuidado na escolha deles, conforme os artigos 927 e 942 do C\u00f3digo Civil, e artigo 25, \u00a71\u00ba do CDC.&nbsp;<\/p>\n\n\n\n<figure class=\"wp-block-pullquote\" id=\"classe-bq-small\"><blockquote><p>AGRAVO REGIMENTAL EM RECURSO ESPECIAL &#8211; A\u00c7\u00c3O DE INDENIZA\u00c7\u00c3O POR ERRO DE DIAGN\u00d3STICO FORNECIDO PRO LABORAT\u00d3RIO CREDENCIADO &#8211; FALHA NA PRESTA\u00c7\u00c3O DOS SERVI\u00c7OS &#8211; RESPONSABILIDADE SOLID\u00c1RIA. INSURG\u00caNCIA DA OPERADORA DO PLANO 1. Evidenciado que o erro na an\u00e1lise de material colhido para exame por parte do laborat\u00f3rio r\u00e9u provocou o diagn\u00f3stico equivocado de presen\u00e7a de tumor maligno e fez com que a Documento: 1625860 &#8211; Inteiro Teor do Ac\u00f3rd\u00e3o &#8211; Site certificado &#8211; DJe: 23\/10\/2017 P\u00e1gina 6de 9 parte autora fosse submetida desnecessariamente a procedimento cir\u00fargico, tem-se por configurada a falha na presta\u00e7\u00e3o do servi\u00e7o apta a caracterizar ato il\u00edcito pass\u00edvel de causar abalo de ordem moral e a consequente indeniza\u00e7\u00e3o. 2. &#8220;Se o contrato \u00e9 fundado na presta\u00e7\u00e3o de servi\u00e7os m\u00e9dicos e hospitalares pr\u00f3prios e\/ou credenciados, no qual a operadora de plano de sa\u00fade mant\u00e9m hospitais e emprega m\u00e9dicos ou indica um rol de conveniados, n\u00e3o h\u00e1 como afastar sua responsabilidade solid\u00e1ria pela m\u00e1 presta\u00e7\u00e3o do servi\u00e7o&#8221;. (REsp 866371\/RS, Rel. Ministro RAUL ARA\u00daJO, QUARTA TURMA, julgado em 27\/03\/2012, DJe 20\/08\/2012) 3. A operadora do plano responde perante o consumidor, solidariamente, pelos defeitos na presta\u00e7\u00e3o de servi\u00e7os m\u00e9dicos e de diagn\u00f3stico, seja quando os fornece por meio de hospital pr\u00f3prio e m\u00e9dicos contratados ou por meio de m\u00e9dicos e hospitais credenciados (hip\u00f3tese dos autos), nos termos dos arts. 2\u00ba, 3\u00ba, 14 e 34 do C\u00f3digo de Defesa do Consumidor. 4. Agravo regimental desprovido. (AgRg no REsp 1442794\/DF, Rel. Ministro MARCO BUZZI, QUARTA TURMA, julgado em 16\/12\/2014, DJe 19\/12\/2014)<\/p><\/blockquote><\/figure>\n\n\n\n<p>Essa responsabilidade solid\u00e1ria visa proteger os consumidores, garantindo que tenham acesso \u00e0 compensa\u00e7\u00e3o pelos danos sofridos, independentemente de quem, dentro da cadeia de presta\u00e7\u00e3o de servi\u00e7os, foi diretamente respons\u00e1vel pelo erro. A operadora do plano de sa\u00fade tem o dever de supervisionar adequadamente seus credenciados e assegurar a qualidade dos servi\u00e7os prestados.<\/p>\n\n\n\n<h3 class=\"wp-block-heading\">Responsabilidade dos Profissionais de Sa\u00fade<\/h3>\n\n\n\n<p>A responsabilidade dos profissionais m\u00e9dicos, como patologistas, \u00e9 regida pela exce\u00e7\u00e3o prevista no \u00a7 4\u00ba do art. 14 do CDC, segundo a qual \u201ca responsabilidade pessoal dos profissionais liberais ser\u00e1 apurada mediante a verifica\u00e7\u00e3o de culpa\u201d.&nbsp;<\/p>\n\n\n\n<p>Trata-se, portanto, de responsabilidade de natureza subjetiva, dependendo da ocorr\u00eancia e comprova\u00e7\u00e3o de culpa <em>latu sensu (<\/em>neglig\u00eancia, imprud\u00eancia ou imper\u00edcia) do profissional tido como causador do dano:<\/p>\n\n\n\n<figure class=\"wp-block-pullquote classe bq-small\"><blockquote><p>RECURSO ESPECIAL. CIVIL. RESPONSABILIDADE CIVIL. EXAME LABORATORIAL. DIAGN\u00d3STICO. DOEN\u00c7A GRAVE. C\u00c2NCER DE MAMA. REALIZA\u00c7\u00c3O DE CIRURGIA DESNECESS\u00c1RIA. AMPUTA\u00c7\u00c3O DA MAMA DIREITA. BIOPSIA QUE DETECTOU O ERRO NA DIAGNOSE. 1. LABORAT\u00d3RIO. RESPONSABILIDADE OBJETIVA. DEFEITO NA PRESTA\u00c7\u00c3O DO SERVI\u00c7O. OBRIGA\u00c7\u00c3O DE RESULTADO. 2. M\u00c9DICO PATOLOGISTA. RESPONSABILIDADE SUBJETIVA. CULPA N\u00c3O VERIFICADA. 3. HOSPITAL. SUBORDINA\u00c7\u00c3O DO LABORAT\u00d3RIO RECONHECIDA NA ORIGEM. RESPONSABILIDADE OBJETIVA RECONHECIDA. RECURSO ESPECIAL PARCIALMENTE PROVIDO 1. O laborat\u00f3rio possui obriga\u00e7\u00e3o de resultado na realiza\u00e7\u00e3o de exame m\u00e9dico, de maneira que o fornecimento de diagn\u00f3stico incorreto configura defeito na presta\u00e7\u00e3o do servi\u00e7o, a implicar responsabilidade objetiva, com base no art. 14, caput, do CDC. 2. A complexidade do exame, com a possibilidade de obten\u00e7\u00e3o de resultados variados, n\u00e3o \u00e9 fundamento suficiente, por si s\u00f3, para afastar o defeito na presta\u00e7\u00e3o do servi\u00e7o por parte do laborat\u00f3rio, sobretudo porque lhe incumbia dentro de tais circunst\u00e2ncias, prestar as informa\u00e7\u00f5es necess\u00e1rias ao consumidor, dando-lhe ci\u00eancia do risco de incorre\u00e7\u00e3o no diagn\u00f3stico e sugerindo-lhe a necessidade de realiza\u00e7\u00e3o de exames complementares. 3. A responsabilidade do profissional \u00e9 regida pela exce\u00e7\u00e3o prevista no \u00a7 4\u00ba do art. 14 do CDC, de modo que, tratando-se de responsabilidade de natureza subjetiva, depende da ocorr\u00eancia de culpa lato sensu do profissional. 4. No caso dos autos, a Corte de origem, com base na an\u00e1lise do acervo probat\u00f3rio, concluiu que n\u00e3o estava configurada a culpa do m\u00e9dico patologista. Afastar tal conclus\u00e3o, na via estreita do recurso especial, esbarra no \u00f3bice da S\u00famula 7\/STJ. 5. \u00c9 vedado a esta Corte de Justi\u00e7a, na via do recurso especial, reexaminar cl\u00e1usulas contratuais (S\u00famula 5\/STJ), de forma que deve ser mantida a conclus\u00e3o da inst\u00e2ncia ordin\u00e1ria de que h\u00e1 subordina\u00e7\u00e3o entre o laborat\u00f3rio e o hospital universit\u00e1rio. Portanto, considerando que a responsabilidade das pessoas jur\u00eddicas prestadoras de servi\u00e7os m\u00e9dico-hospitalares \u00e9 objetiva, n\u00e3o h\u00e1 como afastar a responsabilidade solid\u00e1ria do hospital pela m\u00e1 presta\u00e7\u00e3o do servi\u00e7o realizado pelo laborat\u00f3rio a ele subordinado. 6. Recurso especial parcialmente provido. (STJ &#8211; REsp: 1653134 SP 2015\/0052008-4, Relator: Ministro MARCO AUR\u00c9LIO BELLIZZE, Data de Julgamento: 17\/10\/2017, T3 &#8211; TERCEIRA TURMA, Data de Publica\u00e7\u00e3o: DJe 23\/10\/2017)<\/p><\/blockquote><\/figure>\n\n\n\n<p>No entanto, se o m\u00e9dico causar dano ao paciente, com base no resultado incorreto da an\u00e1lise cl\u00ednica, cometendo erro grosseiro (deixar de pedir novo exame, por exemplo, quando o resultado laboratorial for incompat\u00edvel com quadro cl\u00ednico), responder\u00e1 pela indeniza\u00e7\u00e3o, solidariamente com o laborat\u00f3rio, plano de sa\u00fade e hospital envolvidos.&nbsp;<\/p>\n\n\n\n<p>Ao produzir, sem qualquer ressalva, um falso resultado, o patologista respons\u00e1vel revela neglig\u00eancia, e o laborat\u00f3rio falha na presta\u00e7\u00e3o do servi\u00e7o que se prop\u00f4s a realizar. Tornam-se, por isso, respons\u00e1veis pela inarred\u00e1vel obriga\u00e7\u00e3o de compensar os danos morais e\/ou materiais infligidos \u00e0 v\u00edtima, tanto pelo agir culposo do m\u00e9dico quanto pela responsabilidade da pessoa jur\u00eddica.&nbsp;<\/p>\n\n\n\n<h2 class=\"wp-block-heading\">Conclus\u00e3o:<\/h2>\n\n\n\n<p>A responsabilidade civil decorrente de erros laboratoriais \u00e9 um tema central no direito m\u00e9dico e da sa\u00fade, dada a gravidade dos impactos que esses erros podem ter na vida dos pacientes. <\/p>\n\n\n\n<p>De acordo com o C\u00f3digo de Defesa do Consumidor, os laborat\u00f3rios s\u00e3o respons\u00e1veis objetivamente por garantir resultados precisos em seus exames, conforme refor\u00e7ado pela jurisprud\u00eancia do STJ, que garante aos pacientes o direito \u00e0 repara\u00e7\u00e3o por danos morais e materiais resultantes de falhas nos servi\u00e7os.<\/p>\n\n\n\n<p>Os planos de sa\u00fade tamb\u00e9m s\u00e3o responsabilizados solidariamente pelos danos causados por falhas na rede de credenciados, o que permite aos consumidores buscar compensa\u00e7\u00e3o de maneira efetiva, independentemente do respons\u00e1vel direto pelo erro.&nbsp;<\/p>\n\n\n\n<p>J\u00e1 a responsabilidade dos m\u00e9dicos patologistas \u00e9 subjetiva e requer a demonstra\u00e7\u00e3o de culpa para serem responsabilizados por erros de diagn\u00f3stico, como neglig\u00eancia, imprud\u00eancia ou imper\u00edcia. Em situa\u00e7\u00f5es graves, esses profissionais podem ser considerados solidariamente respons\u00e1veis junto aos laborat\u00f3rios e outros envolvidos.<\/p>\n\n\n\n<p>Em resumo, a complexidade da responsabilidade civil por erros laboratoriais envolve m\u00faltiplos atores e demanda a aplica\u00e7\u00e3o estrita das normas legais e uma supervis\u00e3o rigorosa dos servi\u00e7os. Isso \u00e9 essencial para garantir a seguran\u00e7a dos pacientes e a justa repara\u00e7\u00e3o por eventuais danos sofridos, contribuindo para um sistema de sa\u00fade mais confi\u00e1vel e seguro.<\/p>\n\n\n\n<h3 class=\"wp-block-heading\" id=\"8\">Mais conhecimento pra voc\u00ea<\/h3>\n\n\n\n<ul class=\"wp-block-list\">\n<li><a href=\"https:\/\/www.aurum.com.br\/blog\/usucapiao-extrajudicial\/\">Usucapi\u00e3o extrajudicial no Novo CPC: confira como funciona<\/a><\/li>\n\n\n\n<li><a href=\"https:\/\/www.aurum.com.br\/blog\/erro-material\/\">Entenda o que \u00e9 e como ocorre o erro material no Novo CPC<\/a><\/li>\n\n\n\n<li><a href=\"https:\/\/www.aurum.com.br\/blog\/tutela\/\">Tutela no direito da fam\u00edlia: finalidade, aspectos e previs\u00e3o legal<\/a><\/li>\n\n\n\n<li><a href=\"https:\/\/www.aurum.com.br\/blog\/novo-cpc-comentado\/\">Novo CPC Comentado: TUDO que voc\u00ea precisa saber<\/a><\/li>\n\n\n\n<li><a href=\"https:\/\/www.aurum.com.br\/blog\/direito-das-coisas\/\">Resumo de direito das coisas: o que \u00e9 e artigos <\/a><\/li>\n\n\n\n<li><a href=\"https:\/\/www.aurum.com.br\/blog\/art-523-do-cpc\/\" data-type=\"link\" data-id=\"https:\/\/www.aurum.com.br\/blog\/art-523-do-cpc\/\">Art. 523 do CPC: entenda a aplica\u00e7\u00e3o da multa<\/a><\/li>\n\n\n\n<li><a href=\"https:\/\/www.aurum.com.br\/blog\/carta-de-preposicao\/\" data-type=\"link\" data-id=\"https:\/\/www.aurum.com.br\/blog\/carta-de-preposicao\/\">Carta de preposi\u00e7\u00e3o e como ela deve ser feita [+Modelo]<\/a><\/li>\n\n\n\n<li><a href=\"https:\/\/www.aurum.com.br\/blog\/excecao-de-incompetencia\/\">Entenda o que \u00e9 e quando alegar exce\u00e7\u00e3o de incompet\u00eancia [+Modelo]<\/a><\/li>\n\n\n\n<li><a href=\"https:\/\/www.aurum.com.br\/blog\/art-313-do-cpc\/\" data-type=\"link\" data-id=\"https:\/\/www.aurum.com.br\/blog\/art-313-do-cpc\/\">An\u00e1lise ao art 313 do NCPC: Suspens\u00e3o do processo<\/a><\/li>\n\n\n\n<li><a href=\"https:\/\/www.aurum.com.br\/blog\/emolumentos\/\" data-type=\"link\" data-id=\"https:\/\/www.aurum.com.br\/blog\/emolumentos\/\">Conhe\u00e7a o que s\u00e3o emolumentos<\/a><\/li>\n\n\n\n<li><a href=\"https:\/\/www.aurum.com.br\/blog\/alienacao-judicial\/\">Quais os casos que necessitam de aliena\u00e7\u00e3o judicial e quem pode requer\u00ea-la?<\/a><\/li>\n\n\n\n<li><a href=\"https:\/\/www.aurum.com.br\/blog\/penhora-de-salario\/\">Saiba o que \u00e9, como funciona e quais os limites da penhora de sal\u00e1rio<\/a><\/li>\n<\/ul>\n\n\n<style>\r\n  .news-post {\r\n    background: url('https:\/\/www.aurum.com.br\/blog\/wp-content\/themes\/aurum\/img\/bg-news-artigo.svg') no-repeat top center #3C48AA;\r\n    padding: 1.5rem;\r\n    border-radius: 6px;\r\n    margin: 1rem 0;\r\n  }\r\n  .news-post .icone {\r\n    display: none;\r\n  }\r\n  .news-post .title {\r\n    font-weight: 700;\r\n    font-size: 16px;\r\n    line-height: 130%;\r\n    text-align: center;\r\n    letter-spacing: -0.5px;\r\n    color: #fff;\r\n    margin-bottom: .9375rem;\r\n  }\r\n  .news-post p {\r\n    font-size: .875rem;\r\n    line-height: 140%;\r\n    text-align: center;\r\n    color: #fff;\r\n    margin-bottom: 1.25rem;\r\n  }\r\n  .news-post .news_button_span {\r\n    font-size: .8125rem;\r\n    display: block;\r\n    padding: .125rem .3125rem;\r\n    color: #fff;\r\n    text-align:left;\r\n  }\r\n  .news-post .news_button_span a {\r\n    color: #fff !important;\r\n    text-decoration: underline;\r\n  }\r\n  .news-post form {\r\n    width: 100%;\r\n  }\r\n  .news-post label {\r\n    font-weight: 600;\r\n    font-size: .9375rem;\r\n    line-height: 1.5rem;\r\n    margin-bottom: .5rem;\r\n    color: #fff;\r\n    display: block;\r\n  }\r\n  .news-post input {\r\n    background: #fff;\r\n    border: 1px solid #CBCBD9;\r\n    box-sizing: border-box;\r\n    border-radius: 4px;\r\n    padding: .75rem 1rem;\r\n    width: 100%;\r\n  }\r\n  .news-post button {\r\n    margin-top: .875rem;\r\n    width: 100%;\r\n    min-width: auto;\r\n    background: #FCC632;\r\n    color: #3C48AA;\r\n  }\r\n  .news-post .input {\r\n    position: relative;\r\n    padding-bottom: 10px;\r\n  }\r\n  .news-post .error-message-ad {\r\n    font-size: .875rem;\r\n    line-height: 130%;\r\n    color: #D50021;\r\n    margin-left: 4px;\r\n  }\r\n  .news-post .error {\r\n    border: 1px solid #D50021;\r\n  }\r\n  .news-post #message-form-ad {\r\n    border-radius: 4px;\r\n    padding: 0.7rem;\r\n    font-size:0.8rem;\r\n    text-align: center;\r\n    align-items: center;\r\n    justify-content: center;\r\n    display: none;\r\n  }\r\n  .news-post #message-form-ad svg {\r\n    margin-right: 8px;\r\n  }\r\n\r\n  @media(min-width: 561px) {\r\n    .news-post {\r\n      position: relative;\r\n      background: url('https:\/\/www.aurum.com.br\/blog\/wp-content\/themes\/aurum\/img\/bg-news-artigo.svg') no-repeat top center #3C48AA;\r\n      width: calc(100% - 30px);\r\n    }\r\n    .news-post .icone {\r\n      display: block;\r\n      position: absolute;\r\n      right: -30px;\r\n      top: 65px;\r\n      max-width: 142px;\r\n      width: 100%;\r\n      height: auto;\r\n      margin: 0;\r\n    }\r\n    .news-post .title {\r\n      font-size: 1.125rem;\r\n      text-align: left;\r\n      \/* padding-right: 3.75rem; *\/\r\n    }\r\n    .news-post p {\r\n      font-size: 1rem;\r\n      text-align: left;\r\n      max-width: 400px;\r\n    }\r\n    .news-post .boxes {\r\n      display: flex;\r\n      align-items: flex-start;\r\n    }\r\n    .news-post button {\r\n      margin: 0 0 0 1rem;\r\n      width: 100%;\r\n      max-width: 170px;\r\n      min-width: auto;\r\n      transition: all ease .3s\r\n    }\r\n    .news-post button:hover {\r\n      opacity: 0.9;\r\n      transition: all ease .3s\r\n    }\r\n    .news-post #message-form-ad {\r\n      padding: 1.125rem;\r\n      font-size:1rem;\r\n    }\r\n    .news-post #message-form-ad svg {\r\n      margin-right: 10px;\r\n    }\r\n  }\r\n<\/style>\r\n\r\n<div class=\"news-post\">\r\n  <div class=\"title news-ad-title\">Gostou do artigo e quer evoluir a sua advocacia?<\/div>\r\n  <p class=\"news-ad-subtitle\">Assine gr\u00e1tis a Aurum News e receba uma dose semanal de conte\u00fado no seu e-mail! \u270c\ufe0f<\/p>\r\n  <img decoding=\"async\" src=\"https:\/\/www.aurum.com.br\/blog\/wp-content\/themes\/aurum\/img\/icon-news-artigo.svg\" alt=\"\" class=\"icone\">\r\n\r\n  <form method=\"post\" name=\"newsletter-ad\" id=\"aurum-newsletter-ad\">\r\n    <div class=boxes>\r\n      <div class=\"input\">\r\n        <label class=\"label-email\" htmlFor=\"email-ad\">Qual seu e-mail?<\/label>\r\n        <input type=\"email\" id=\"email-ad\" name=\"newsletter-mail-ad\" placeholder=\"Digite seu e-mail?\">\r\n        <div class=\"error-message-ad-email\">Endere\u00e7o de e-mail inv\u00e1lido ou incorreto<\/div>\r\n\r\n        <label class=\"label-select\" htmlFor=\"lawsuits-select-ad\">\r\n          Quantos processos voc\u00ea ou<br class=\"for-desktop\"\/> seu escrit\u00f3rio acompanham?\r\n        <\/label>\r\n        <div id=\"lawsuits-select-ad\" class=\"lawsuits-select select-wrapper\" tabindex=\"0\">\r\n          <div class=\"s-dropdown--styled\">\r\n          <span class=\"lawsuits-default\">\r\n            <span id=\"lawsuits-newsletter-ad\" class=\"lawsuits-default-text\" data-value=\"\">Selecione os processos<\/span>\r\n            <svg class=\"chevron\" xmlns=\"http:\/\/www.w3.org\/2000\/svg\" width=\"24\" height=\"25\" viewBox=\"0 0 24 25\" fill=\"none\">\r\n              <path d=\"M6 15.6152L12 9.61523L18 15.6152\" stroke=\"black\" stroke-width=\"2\" stroke-linecap=\"round\" stroke-linejoin=\"round\" \/>\r\n            <\/svg>\r\n          <\/span>\r\n\r\n          <ul class=\"s-dropdown u-hide\">\r\n            <li class=\"lawsuits\" data-value=\"Mais de 1000 processos\">Mais de 1000 processos<\/li>\r\n            <li class=\"lawsuits\" data-value=\"De 501 a 1000 processos\">De 501 a 1000 processos<\/li>\r\n            <li class=\"lawsuits\" data-value=\"De 151 a 500 processos\">De 151 a 500 processos<\/li>\r\n            <li class=\"lawsuits\" data-value=\"De 41 a 150 processos\">De 41 a 150 processos<\/li>\r\n            <li class=\"lawsuits\" data-value=\"At\u00e9 40 processos\">At\u00e9 40 processos<\/li>\r\n            <li class=\"lawsuits\" data-value=\"Atuo apenas no consultivo\">Atuo apenas no consultivo<\/li>\r\n            <li class=\"lawsuits\" data-value=\"Ainda sou estudante de direito\">Ainda sou estudante de direito<\/li>\r\n            <li class=\"lawsuits\" data-value=\"N\u00e3o sou da \u00e1rea jur\u00eddica\">N\u00e3o sou da \u00e1rea jur\u00eddica<\/li>\r\n          <\/ul>\r\n          <\/div>\r\n        <\/div>\r\n        <div class=\"error-message-ad-lawsuits\">Selecione algum processo<\/div>\r\n      <\/div>\r\n      <button class=\"btn btn-yellow ad-btn-desktop\" id=\"aurum-submit-ad\">Assinar gr\u00e1tis<\/button>\r\n      <button class=\"btn btn-yellow ad-btn-mobile\" id=\"aurum-submit-ad\">Assinar<\/button>\r\n    <\/div>\r\n    <span class=\"news_button_span\">Ao se cadastrar voc\u00ea declara que leu e aceitou a pol\u00edtica de privacidade e cookies do <a href=\"https:\/\/s3.sa-east-1.amazonaws.com\/publico.aurum.com.br\/contratos\/politica-de-privacidade.pdf\" target=\"_blank\" rel=\"noopener noreferrer\">site<\/a>.<\/span>\r\n  <\/form>\r\n  <div id=\"message-form-ad\"><\/div>\r\n<\/div>","protected":false},"excerpt":{"rendered":"<p>O erro laboratorial \u00e9 uma falha que pode ocorrer em qualquer etapa do processo laboratorial, desde a solicita\u00e7\u00e3o do exame at\u00e9 a comunica\u00e7\u00e3o dos resultados, incluindo a interpreta\u00e7\u00e3o e a resposta apropriada. O erro laboratorial \u00e9 um problema recorrente na \u00e1rea m\u00e9dica, podendo acarretar s\u00e9rias consequ\u00eancias para os pacientes e implica na responsabilidade civil dos [&hellip;]<\/p>\n","protected":false},"author":124,"featured_media":28266,"comment_status":"open","ping_status":"open","sticky":false,"template":"","format":"standard","meta":{"_bbp_topic_count":0,"_bbp_reply_count":0,"_bbp_total_topic_count":0,"_bbp_total_reply_count":0,"_bbp_voice_count":0,"_bbp_anonymous_reply_count":0,"_bbp_topic_count_hidden":0,"_bbp_reply_count_hidden":0,"_bbp_forum_subforum_count":0,"inline_featured_image":false,"footnotes":""},"categories":[30],"tags":[],"class_list":["post-28265","post","type-post","status-publish","format-standard","has-post-thumbnail","hentry","category-direito-medico"],"acf":[],"_links":{"self":[{"href":"https:\/\/www.aurum.com.br\/blog\/wp-json\/wp\/v2\/posts\/28265","targetHints":{"allow":["GET"]}}],"collection":[{"href":"https:\/\/www.aurum.com.br\/blog\/wp-json\/wp\/v2\/posts"}],"about":[{"href":"https:\/\/www.aurum.com.br\/blog\/wp-json\/wp\/v2\/types\/post"}],"author":[{"embeddable":true,"href":"https:\/\/www.aurum.com.br\/blog\/wp-json\/wp\/v2\/users\/124"}],"replies":[{"embeddable":true,"href":"https:\/\/www.aurum.com.br\/blog\/wp-json\/wp\/v2\/comments?post=28265"}],"version-history":[{"count":8,"href":"https:\/\/www.aurum.com.br\/blog\/wp-json\/wp\/v2\/posts\/28265\/revisions"}],"predecessor-version":[{"id":30451,"href":"https:\/\/www.aurum.com.br\/blog\/wp-json\/wp\/v2\/posts\/28265\/revisions\/30451"}],"wp:featuredmedia":[{"embeddable":true,"href":"https:\/\/www.aurum.com.br\/blog\/wp-json\/wp\/v2\/media\/28266"}],"wp:attachment":[{"href":"https:\/\/www.aurum.com.br\/blog\/wp-json\/wp\/v2\/media?parent=28265"}],"wp:term":[{"taxonomy":"category","embeddable":true,"href":"https:\/\/www.aurum.com.br\/blog\/wp-json\/wp\/v2\/categories?post=28265"},{"taxonomy":"post_tag","embeddable":true,"href":"https:\/\/www.aurum.com.br\/blog\/wp-json\/wp\/v2\/tags?post=28265"}],"curies":[{"name":"wp","href":"https:\/\/api.w.org\/{rel}","templated":true}]}}