{"id":27808,"date":"2024-04-29T18:03:22","date_gmt":"2024-04-29T21:03:22","guid":{"rendered":"https:\/\/www.aurum.com.br\/blog\/?p=27808"},"modified":"2024-07-04T14:54:32","modified_gmt":"2024-07-04T17:54:32","slug":"acao-de-impugnacao-de-mandato-eletivo","status":"publish","type":"post","link":"https:\/\/www.aurum.com.br\/blog\/acao-de-impugnacao-de-mandato-eletivo\/","title":{"rendered":"A\u00e7\u00e3o de Impugna\u00e7\u00e3o de Mandato Eletivo: o que \u00e9, quando cabe e quem julga?"},"content":{"rendered":"<div id=\"bsf_rt_marker\"><\/div>\n<pre class=\"wp-block-preformatted\">A <strong>A\u00e7\u00e3o de Impugna\u00e7\u00e3o de Mandato Eletivo<\/strong> \u2013 AIME, \u00e9 o meio processual destinado a impugnar mandato eletivo que foi obtido com abuso de poder econ\u00f4mico ou fraude.<\/pre>\n\n\n\n<p>A A\u00e7\u00e3o de Impugna\u00e7\u00e3o de Mandato Eletivo (AIME) \u00e9 o meio processual que a legisla\u00e7\u00e3o garante para impugnar mandato eletivo que foi obtido de forma ilegal ou com abuso de poder econ\u00f4mico, abuso ou fraude e \u00e9 destinada a garantir a legitimidade e a lisura das elei\u00e7\u00f5es.&nbsp;<\/p>\n\n\n\n<p>Este artigo visa demonstrar a natureza, qual a legisla\u00e7\u00e3o aplic\u00e1vel, qual a raz\u00e3o da exist\u00eancia desta a\u00e7\u00e3o, como funciona o processo e as implica\u00e7\u00f5es de tal a\u00e7\u00e3o, oferecendo uma compreens\u00e3o clara e abrangente para todos os interessados na integridade eleitoral e para quem esteja envolvida na pol\u00edtica poder tomar cuidado para n\u00e3o sofrer uma a\u00e7\u00e3o dessas, caso seja eleito (a).&nbsp;<\/p>\n\n\n\n<p>Como se trata de algo de<strong> grande import\u00e2ncia para o processo eleitoral e para a democracia<\/strong>, \u00e9 preciso estar atento sobre. Por isso, abordei todos os pontos importantes neste texto. Se quer saber mais sobre o assunto, continue a leitura! \ud83d\ude42<\/p>\n\n\n\n<h2 class=\"wp-block-heading\">O que \u00e9 a\u00e7\u00e3o de impugna\u00e7\u00e3o de mandato eletivo &#8211; AIME?&nbsp;<\/h2>\n\n\n\n<p>A AIME \u00e9 uma a\u00e7\u00e3o que est\u00e1 prevista na Constitui\u00e7\u00e3o Federal e tem o intuito de <strong>garantir que os atos praticados durante o per\u00edodo eleitoral sejam punidos se houver irregularidades que possam macular o resultado das elei\u00e7\u00f5es.&nbsp;<\/strong><\/p>\n\n\n\n<p>Esta a\u00e7\u00e3o \u00e9 a \u00fanica a\u00e7\u00e3o eleitoral que tem previs\u00e3o na pr\u00f3pria <a href=\"https:\/\/www.planalto.gov.br\/ccivil_03\/constituicao\/constituicao.htm\" target=\"_blank\" rel=\"noopener\">Constitui\u00e7\u00e3o Federal<\/a>, tamanha sua import\u00e2ncia, e no art. 14, \u00a7\u00a7 10 e 11, que assim prev\u00ea:<\/p>\n\n\n\n<figure class=\"wp-block-pullquote classe bq-small\"><blockquote><p>\u00a7 10 &#8211; O mandato eletivo poder\u00e1 ser impugnado ante a Justi\u00e7a Eleitoral no prazo de quinze dias contados da diploma\u00e7\u00e3o, instru\u00edda a a\u00e7\u00e3o com provas de abuso do poder econ\u00f4mico, corrup\u00e7\u00e3o ou fraude.<br>\u00a7 11 &#8211; A a\u00e7\u00e3o de impugna\u00e7\u00e3o de mandato tramitar\u00e1 em segredo de justi\u00e7a, respondendo o autor, na forma da lei, se temer\u00e1ria ou de manifesta m\u00e1-f\u00e9.<\/p><\/blockquote><\/figure>\n\n\n\n<p>Com isso, a AIME alcan\u00e7ou um grau de relev\u00e2ncia dentro do direito, pois \u00e9 uma forma de punir quem comete irregularidades durante o per\u00edodo eleitoral, tornando as elei\u00e7\u00f5es mais igualit\u00e1rias para os candidatos e fazendo com os candidatos tenham temor em praticar ilegalidades, pois a norma prev\u00ea puni\u00e7\u00e3o.&nbsp;<\/p>\n\n\n\n<h3 class=\"wp-block-heading\">Natureza Jur\u00eddica da AIME<\/h3>\n\n\n\n<p>A natureza jur\u00eddica da AIME<strong> \u00e9 uma a\u00e7\u00e3o civil-eleitoral de natureza constitucional.&nbsp;<\/strong><\/p>\n\n\n\n<h2 class=\"wp-block-heading\">Para que serve a a\u00e7\u00e3o de impugna\u00e7\u00e3o de mandato eletivo?<\/h2>\n\n\n\n<p>A principal fun\u00e7\u00e3o da AIME \u00e9 <strong>proteger a integridade do processo eleitoral<\/strong>, assegurando que as elei\u00e7\u00f5es sejam justas e livres de qualquer v\u00edcio que possa comprometer a escolha leg\u00edtima e soberana do eleitorado.<\/p>\n\n\n\n<p>Portanto, a AIME torna-se um instrumento de defesa da democracia, do processo eleitoral e at\u00e9 mesmo do eleitor, pois serve como um baluarte contra a corrup\u00e7\u00e3o em campanhas eleitorais e o abuso de poder, uma vez que \u00e9 um meio de punir quem praticar ilegalidades com o intuito de vencer as elei\u00e7\u00f5es.<\/p>\n\n\n\n<h2 class=\"wp-block-heading\">Quando cabe a a\u00e7\u00e3o de impugna\u00e7\u00e3o de mandato eletivo?<\/h2>\n\n\n\n<p>A propositura da AIME \u00e9 pertinente<strong> quando h\u00e1 evid\u00eancias fortes de que o processo eleitoral foi comprometido por pr\u00e1ticas ilegais de abuso de poder econ\u00f4mico e pol\u00edtico, fraude ou corrup\u00e7\u00e3o eleitorais<\/strong>. Esta a\u00e7\u00e3o \u00e9, portanto, um meio importante de levar a justi\u00e7a a quem pratica crimes contra o processo eleitoral.<\/p>\n\n\n\n<p>Al\u00e9m disso, a a\u00e7\u00e3o visa fazer com que o voto do eleitor seja dado em pessoas que n\u00e3o cometeram crimes ou irregularidades capazes de macular o processo eleitoral.&nbsp;<\/p>\n\n\n\n<p>O voto do eleitor \u00e9 precioso e n\u00e3o deve ser enganado ao longo do processo eleitoral, mas caso isso aconte\u00e7a, h\u00e1 a possibilidade de propor a a\u00e7\u00e3o e puni-lo por tais ilegalidades.<\/p>\n\n\n\n<h2 class=\"wp-block-heading\">Quem tem legitimidade para propor a AIME?<\/h2>\n\n\n\n<p>Diferentemente de diversas a\u00e7\u00f5es no mundo jur\u00eddico, as a\u00e7\u00f5es eleitorais possuem bem delimitado quem tem legitimidade para propor tais a\u00e7\u00f5es. Com a AIME n\u00e3o \u00e9 diferente, pois embora a lei n\u00e3o tenha previsto quem s\u00e3o esses legitimados, entende-se que os legitimados s\u00e3o:<\/p>\n\n\n\n<ol class=\"wp-block-list\">\n<li><strong>Minist\u00e9rio P\u00fablico;<\/strong><\/li>\n\n\n\n<li><strong>Partido pol\u00edtico;<\/strong><\/li>\n\n\n\n<li><strong>Coliga\u00e7\u00e3o; ou<\/strong><\/li>\n\n\n\n<li><strong>Candidato.<\/strong><\/li>\n<\/ol>\n\n\n\n<p>Ainda, \u00e9 importante ressaltar que o eleitor n\u00e3o possui legitimidade para propor a presente a\u00e7\u00e3o.<\/p>\n\n\n\n<p>Em rea\u00e7\u00e3o \u00e0 legitimidade ativa do Minist\u00e9rio P\u00fablico, esta \u00e9 clarividente, pois deriva do seu dever de defender a ordem jur\u00eddica, o regime democr\u00e1tico de direito e os interesses sociais e individuais indispon\u00edveis.&nbsp;<\/p>\n\n\n\n<p>T\u00e3o grande \u00e9 sua responsabilidade social que o Minist\u00e9rio P\u00fablico pode assumir a titularidade da a\u00e7\u00e3o, caso o autor desista, e requerer o prosseguimento do feito.&nbsp;<\/p>\n\n\n\n<h2 class=\"wp-block-heading\">Quem tem compet\u00eancia para julgar a AIME?<\/h2>\n\n\n\n<p>Como se trata de uma a\u00e7\u00e3o que cuida do processo eleitoral, <strong>somente a Justi\u00e7a Eleitoral tem compet\u00eancia para julgar a a\u00e7\u00e3o e ela \u00e9 fixada com base no art. 2\u00ba, par\u00e1grafo \u00fanico, incisos I a III, da <\/strong><a href=\"https:\/\/www.planalto.gov.br\/ccivil_03\/leis\/lcp\/lcp64.htm\" target=\"_blank\" rel=\"noopener\"><strong>Lei Complementar 64\/90<\/strong><\/a><strong>.<\/strong><\/p>\n\n\n\n<p>Logo, quando se trata de elei\u00e7\u00f5es gerais, e para a\u00e7\u00f5es contra candidatos aos cargos de deputados estaduais e distritais, deputados federais, senadores, governadores e vice-governador a a\u00e7\u00e3o deve ser proposta no Tribunal Regional Eleitoral do respectivo Estado ou Distrito Federal do candidato, se candidato aos cargos de presidente e vice-presidente, deve ser proposta no TSE e nas elei\u00e7\u00f5es municipais, a AIME deve ser proposta nas zonas eleitorais.<\/p>\n\n\n\n<h2 class=\"wp-block-heading\">Qual o prazo para propor a a\u00e7\u00e3o de impugna\u00e7\u00e3o de mandato eletivo?<\/h2>\n\n\n\n<p>A AIME pode ser proposta no<strong> prazo de 15 dias a contar da diploma\u00e7\u00e3o. <\/strong>Esse prazo \u00e9 de natureza decadencial, ou seja, n\u00e3o se admite que seja suspenso ou interrompido.<\/p>\n\n\n\n<p>Contudo, o Tribunal Superior Eleitoral admite sua prorroga\u00e7\u00e3o quando o prazo findar em feriados ou em dias que n\u00e3o houver expediente forense.<\/p>\n\n\n\n<h2 class=\"wp-block-heading\">Como \u00e9 a forma de tramita\u00e7\u00e3o da AIME?<\/h2>\n\n\n\n<p>O procedimento da AIME<strong> inicia-se com a apresenta\u00e7\u00e3o da peti\u00e7\u00e3o inicial pelo partido pol\u00edtico<\/strong>, coliga\u00e7\u00e3o ou pelo Minist\u00e9rio P\u00fablico Eleitoral. Esta peti\u00e7\u00e3o deve ser robusta em provas que demonstrem o abuso de poder, a corrup\u00e7\u00e3o ou a fraude que motivam a impugna\u00e7\u00e3o.<\/p>\n\n\n\n<p>Como n\u00e3o h\u00e1 c\u00f3digo de processo eleitoral, <strong>a a\u00e7\u00e3o deve ser nos moldes dos arts. 319 e 320 do <\/strong><a href=\"https:\/\/www.planalto.gov.br\/ccivil_03\/_ato2015-2018\/2015\/lei\/l13105.htm\" target=\"_blank\" rel=\"noopener\"><strong>C\u00f3digo de Processo Civil<\/strong><\/a>, naquilo que n\u00e3o for contr\u00e1rio \u00e0s normas eleitorais.<\/p>\n\n\n\n<p>A AIME tem como causa de pedir a desconstitui\u00e7\u00e3o do diploma, uma vez que o pleito foi maculado pelo candidato, o vice ou o suplente e praticou abuso de poder econ\u00f4mico, fraude ou corrup\u00e7\u00e3o.<\/p>\n\n\n\n<p>O pedido da AIME deve ser a perda do mandato conquistado, uma vez que houve abuso de poder econ\u00f4mico, fraude ou corrup\u00e7\u00e3o.<\/p>\n\n\n\n<p>O rito processual da AIME n\u00e3o est\u00e1 previsto na legisla\u00e7\u00e3o de forma espec\u00edfica, uma vez que se trata de uma a\u00e7\u00e3o constitucional e o legislador n\u00e3o criou legisla\u00e7\u00e3o que regulamente seu procedimento, mas segue o rito do art. 4\u00ba e seguintes da LC 64\/90.<\/p>\n\n\n\n<p>Ap\u00f3s recebida a AIME, o <strong>demandado ser\u00e1 notificado para apresentar sua resposta em 7 dias<\/strong> (art. 4\u00ba da <a href=\"https:\/\/www.planalto.gov.br\/ccivil_03\/leis\/lcp\/lcp64.htm\" target=\"_blank\" rel=\"noopener\">LC 64\/90<\/a>).&nbsp;<\/p>\n\n\n\n<p>O demandado\/requerido poder\u00e1 impugnar o que consta na peti\u00e7\u00e3o inicial e na mesma oportunidade j\u00e1 deve apresentar rol de testemunhas que pretende ouvir, sob pena de preclus\u00e3o. Como se trata de uma a\u00e7\u00e3o de grande celeridade, n\u00e3o cabe \u00e0s partes o pedido de provas gen\u00e9ricas. Entretanto, a n\u00e3o apresenta\u00e7\u00e3o de defesa n\u00e3o d\u00e1 causa \u00e0 revelia.<\/p>\n\n\n\n<p>Depois de recebida a defesa ou transcorrido o prazo, o magistrado dever\u00e1 marcar a audi\u00eancia de instru\u00e7\u00e3o e julgamento no prazo de 4 (quatro) dias, e dever\u00e3o comparecer \u00e0s testemunhas arroladas.&nbsp;<\/p>\n\n\n\n<p>Nos pr\u00f3ximos 5 (cinco) dias seguintes o magistrado proceder\u00e1 todas as dilig\u00eancias necess\u00e1rias, de of\u00edcio ou a requerimento das partes, poder\u00e1 ouvir terceiros indicados pelas partes para formar sua convic\u00e7\u00e3o.<\/p>\n\n\n\n<p>Ap\u00f3s a instru\u00e7\u00e3o, as partes ter\u00e3o 5 (cinco) dias para apresentar as alega\u00e7\u00f5es finais e findo este prazo o magistrado tem 3 (tr\u00eas) dias para julgar o processo.<\/p>\n\n\n\n<p>Cumpre ressaltar que a AIME tramita em segredo de justi\u00e7a, por for\u00e7a do art. 14, \u00a711 da Constitui\u00e7\u00e3o Federal, que prev\u00ea:&nbsp;<\/p>\n\n\n\n<figure class=\"wp-block-pullquote classe bq-small\"><blockquote><p>\u00a711. A a\u00e7\u00e3o de impugna\u00e7\u00e3o de mandato tramitar\u00e1 em segredo de justi\u00e7a, respondendo o autor, na forma da lei, se temer\u00e1ria ou de manifesta m\u00e1-f\u00e9.&nbsp;<\/p><\/blockquote><\/figure>\n\n\n\n<p>Contudo, diante da import\u00e2ncia da a\u00e7\u00e3o e de seu resultado para os eleitores, o Tribunal Superior Eleitoral firmou entendimento de que a tramita\u00e7\u00e3o da a\u00e7\u00e3o \u00e9 sigilosa, mas o seu julgamento \u00e9 p\u00fablico.&nbsp;<\/p>\n\n\n\n<p>A AIME apresenta grandes mudan\u00e7as no pleito, caso julgada procedente, da\u00ed decorre a necessidade de coleta e apresenta\u00e7\u00e3o de provas concretas dentro do que a legisla\u00e7\u00e3o prev\u00ea para garantir a integridade do processo eleitoral.&nbsp;<\/p>\n\n\n\n<h2 class=\"wp-block-heading\">Quais s\u00e3o as consequ\u00eancias da AIME ser julgada procedente?<\/h2>\n\n\n\n<p>Se julgada procedente a AIME, as consequ\u00eancias para o requerido s\u00e3o severas e existem dois efeitos decorrentes:&nbsp;<\/p>\n\n\n\n<ul class=\"wp-block-list\">\n<li><strong>A perda do mandato eletivo e como efeito secund\u00e1rio;<\/strong><\/li>\n\n\n\n<li><strong>A inelegibilidade, conforme previs\u00e3o da LC 135\/2010 (Lei da ficha limpa).&nbsp;<\/strong><\/li>\n<\/ul>\n\n\n\n<p>Al\u00e9m da perda do mandato, o julgamento procedente de uma AIME pode levar \u00e0 inelegibilidade do candidato por um per\u00edodo determinado. Esta \u00e9 uma san\u00e7\u00e3o adicional que visa impedir que indiv\u00edduos que comprometem a democracia possam participar de futuros pleitos eleitorais por um per\u00edodo.<\/p>\n\n\n\n<p>O respons\u00e1vel pelas pr\u00e1ticas il\u00edcitas \u00e9 considerado ineleg\u00edvel. Logo, os votos atribu\u00eddos a ele s\u00e3o nulos.<\/p>\n\n\n\n<p>Diante disso, a import\u00e2ncia da AIME transcende o mero aspecto t\u00e9cnico-jur\u00eddico, alcan\u00e7ando o cerne da pr\u00e1tica democr\u00e1tica.&nbsp;<\/p>\n\n\n\n<p>Ela \u00e9 uma garantia de que as infra\u00e7\u00f5es graves contra a lisura do processo eleitoral n\u00e3o permanecer\u00e3o impunes, contribuindo assim para o fortalecimento da confian\u00e7a p\u00fablica nas institui\u00e7\u00f5es democr\u00e1ticas.<\/p>\n\n\n\n<h2 class=\"wp-block-heading\">Conclus\u00e3o:<\/h2>\n\n\n\n<p>A A\u00e7\u00e3o de Impugna\u00e7\u00e3o de Mandato Eletivo \u00e9 um meio de grande valia para punir quem pratica ilegalidades durante o processo eleitoral.&nbsp;<\/p>\n\n\n\n<p>A legisla\u00e7\u00e3o eleitoral tem endurecido ao longo dos anos para reafirmar a seriedade com que o pa\u00eds trata a integridade das elei\u00e7\u00f5es, e isso \u00e9 demonstrado quando o constituinte coloca na Constitui\u00e7\u00e3o Federal a previs\u00e3o para a propositura da AIME.&nbsp;<\/p>\n\n\n\n<p>Seu entendimento e aplica\u00e7\u00e3o corretos s\u00e3o fundamentais para a sa\u00fade da democracia brasileira, garantindo que os l\u00edderes eleitos sejam representantes leg\u00edtimos e justos do povo.<\/p>\n\n\n\n<p>Diante disso, compreender a AIME e saber o cabimento e todos os detalhes sobre esta a\u00e7\u00e3o t\u00e3o poderosa, \u00e9 de grande import\u00e2ncia. Do mesmo modo, conscientizar os candidatos sobre as regras eleitorais e as consequ\u00eancias de seu descumprimento pode reduzir a incid\u00eancia de pr\u00e1ticas ilegais em campanhas pol\u00edticas.<\/p>\n\n\n\n<h3 class=\"wp-block-heading\">Mais conhecimento para voc\u00ea<\/h3>\n\n\n\n<p>Se voc\u00ea gostou deste texto e deseja seguir a leitura em temas sobre direito e advocacia, vale a pena conferir os seguintes materiais:&nbsp;&nbsp;<\/p>\n\n\n\n<ul class=\"wp-block-list\">\n<li><a href=\"https:\/\/www.aurum.com.br\/blog\/lei-do-estagio\/\">Tire suas d\u00favidas sobre a Lei do Est\u00e1gio (Lei 11.788\/08)<\/a><\/li>\n\n\n\n<li><a href=\"https:\/\/www.aurum.com.br\/blog\/contencioso-tributario\/\">O que \u00e9 e quais s\u00e3o os tipos de contencioso tribut\u00e1rio?<\/a><\/li>\n\n\n\n<li><a href=\"https:\/\/www.aurum.com.br\/blog\/eleicoes-municipais\/\">TUDO que voc\u00ea precisa saber sobre as elei\u00e7\u00f5es municipais de 2024<\/a><\/li>\n\n\n\n<li><a href=\"https:\/\/www.aurum.com.br\/blog\/sociedade-em-nome-coletivo\/\">Entenda como funciona a sociedade em nome coletivo<\/a><\/li>\n\n\n\n<li><a href=\"https:\/\/www.aurum.com.br\/blog\/alvara-judicial\/\">Alvar\u00e1 Judicial: O que \u00e9, como funciona e qual o valor?<\/a><\/li>\n\n\n\n<li><a href=\"https:\/\/www.aurum.com.br\/blog\/empresa-familiar\/\">Empresa Familiar: O que \u00e9, Tipos e Implica\u00e7\u00f5es Legais<\/a><\/li>\n\n\n\n<li><a href=\"https:\/\/www.aurum.com.br\/blog\/legislacao-aduaneira\/\">Legisla\u00e7\u00e3o Aduaneira: Guia Completo para Entender e Navegar no Com\u00e9rcio Exterior Brasileiro<\/a><\/li>\n\n\n\n<li><a href=\"https:\/\/www.aurum.com.br\/blog\/processo-administrativo-previdenciario\/(abrir em uma nova aba)\">Processo administrativo previdenci\u00e1rio: conhe\u00e7a todas as etapas!<\/a><\/li>\n\n\n\n<li><a href=\"https:\/\/www.aurum.com.br\/blog\/processo-administrativo-previdenciario\/\">Previd\u00eancia privada: como funciona e atua\u00e7\u00e3o do advogado<\/a><\/li>\n\n\n\n<li><a href=\"https:\/\/www.aurum.com.br\/blog\/comoriencia\/\">Por que a comori\u00eancia \u00e9 importante para o Direito Sucess\u00f3rio?<\/a><\/li>\n\n\n\n<li><a href=\"https:\/\/www.aurum.com.br\/blog\/arbitragem-empresarial\/\">Arbitragem Empresarial: Como usar para a resolu\u00e7\u00e3o de conflitos empresariais<\/a><\/li>\n\n\n\n<li><a href=\"https:\/\/www.aurum.com.br\/blog\/acordo-judicial\/\">O que \u00e9 e como fazer um acordo judicial: Guia Completo [+Modelo]<\/a><\/li>\n\n\n\n<li><a href=\"https:\/\/www.aurum.com.br\/blog\/prescricao-e-decadencia-previdenciaria\/\">Tire as principais d\u00favidas sobre prescri\u00e7\u00e3o e decad\u00eancia previdenci\u00e1ria<\/a><\/li>\n\n\n\n<li><a href=\"https:\/\/www.aurum.com.br\/blog\/acao-de-impugnacao-de-mandato-eletivo\/\">A\u00e7\u00e3o de Impugna\u00e7\u00e3o de Mandato Eletivo: o que \u00e9, quando cabe e quem julga?<\/a><\/li>\n\n\n\n<li><a href=\"https:\/\/www.aurum.com.br\/blog\/adjudicacao-compulsoria-extrajudicial\/\">Adjudica\u00e7\u00e3o Compuls\u00f3ria Extrajudicial: como funciona, quanto custa e mais<\/a><\/li>\n\n\n\n<li><a href=\"https:\/\/www.aurum.com.br\/blog\/abandono-de-incapaz\/\">O que \u00e9 abandono de incapaz e o que diz a lei<\/a><\/li>\n\n\n\n<li><a href=\"https:\/\/www.aurum.com.br\/blog\/contrato-de-trabalho-temporario\/\">Contrato de trabalho tempor\u00e1rio: o que diz a lei trabalhista e como funciona! [+Modelo]<\/a><\/li>\n<\/ul>\n\n\n<style>\r\n  .news-post {\r\n    background: url('https:\/\/www.aurum.com.br\/blog\/wp-content\/themes\/aurum\/img\/bg-news-artigo.svg') no-repeat top center #3C48AA;\r\n    padding: 1.5rem;\r\n    border-radius: 6px;\r\n    margin: 1rem 0;\r\n  }\r\n  .news-post .icone {\r\n    display: none;\r\n  }\r\n  .news-post .title {\r\n    font-weight: 700;\r\n    font-size: 16px;\r\n    line-height: 130%;\r\n    text-align: center;\r\n    letter-spacing: -0.5px;\r\n    color: #fff;\r\n    margin-bottom: .9375rem;\r\n  }\r\n  .news-post p {\r\n    font-size: .875rem;\r\n    line-height: 140%;\r\n    text-align: center;\r\n    color: #fff;\r\n    margin-bottom: 1.25rem;\r\n  }\r\n  .news-post .news_button_span {\r\n    font-size: .8125rem;\r\n    display: block;\r\n    padding: .125rem .3125rem;\r\n    color: #fff;\r\n    text-align:left;\r\n  }\r\n  .news-post .news_button_span a {\r\n    color: #fff !important;\r\n    text-decoration: underline;\r\n  }\r\n  .news-post form {\r\n    width: 100%;\r\n  }\r\n  .news-post label {\r\n    font-weight: 600;\r\n    font-size: .9375rem;\r\n    line-height: 1.5rem;\r\n    margin-bottom: .5rem;\r\n    color: #fff;\r\n    display: block;\r\n  }\r\n  .news-post input {\r\n    background: #fff;\r\n    border: 1px solid #CBCBD9;\r\n    box-sizing: border-box;\r\n    border-radius: 4px;\r\n    padding: .75rem 1rem;\r\n    width: 100%;\r\n  }\r\n  .news-post button {\r\n    margin-top: .875rem;\r\n    width: 100%;\r\n    min-width: auto;\r\n    background: #FCC632;\r\n    color: #3C48AA;\r\n  }\r\n  .news-post .input {\r\n    position: relative;\r\n    padding-bottom: 10px;\r\n  }\r\n  .news-post .error-message-ad {\r\n    font-size: .875rem;\r\n    line-height: 130%;\r\n    color: #D50021;\r\n    margin-left: 4px;\r\n  }\r\n  .news-post .error {\r\n    border: 1px solid #D50021;\r\n  }\r\n  .news-post #message-form-ad {\r\n    border-radius: 4px;\r\n    padding: 0.7rem;\r\n    font-size:0.8rem;\r\n    text-align: center;\r\n    align-items: center;\r\n    justify-content: center;\r\n    display: none;\r\n  }\r\n  .news-post #message-form-ad svg {\r\n    margin-right: 8px;\r\n  }\r\n\r\n  @media(min-width: 561px) {\r\n    .news-post {\r\n      position: relative;\r\n      background: url('https:\/\/www.aurum.com.br\/blog\/wp-content\/themes\/aurum\/img\/bg-news-artigo.svg') no-repeat top center #3C48AA;\r\n      width: calc(100% - 30px);\r\n    }\r\n    .news-post .icone {\r\n      display: block;\r\n      position: absolute;\r\n      right: -30px;\r\n      top: 65px;\r\n      max-width: 142px;\r\n      width: 100%;\r\n      height: auto;\r\n      margin: 0;\r\n    }\r\n    .news-post .title {\r\n      font-size: 1.125rem;\r\n      text-align: left;\r\n      \/* padding-right: 3.75rem; *\/\r\n    }\r\n    .news-post p {\r\n      font-size: 1rem;\r\n      text-align: left;\r\n      max-width: 400px;\r\n    }\r\n    .news-post .boxes {\r\n      display: flex;\r\n      align-items: flex-start;\r\n    }\r\n    .news-post button {\r\n      margin: 0 0 0 1rem;\r\n      width: 100%;\r\n      max-width: 170px;\r\n      min-width: auto;\r\n      transition: all ease .3s\r\n    }\r\n    .news-post button:hover {\r\n      opacity: 0.9;\r\n      transition: all ease .3s\r\n    }\r\n    .news-post #message-form-ad {\r\n      padding: 1.125rem;\r\n      font-size:1rem;\r\n    }\r\n    .news-post #message-form-ad svg {\r\n      margin-right: 10px;\r\n    }\r\n  }\r\n<\/style>\r\n\r\n<div class=\"news-post\">\r\n  <div class=\"title news-ad-title\">Gostou do artigo e quer evoluir a sua advocacia?<\/div>\r\n  <p class=\"news-ad-subtitle\">Assine gr\u00e1tis a Aurum News e receba uma dose semanal de conte\u00fado no seu e-mail! \u270c\ufe0f<\/p>\r\n  <img decoding=\"async\" src=\"https:\/\/www.aurum.com.br\/blog\/wp-content\/themes\/aurum\/img\/icon-news-artigo.svg\" alt=\"\" class=\"icone\">\r\n\r\n  <form method=\"post\" name=\"newsletter-ad\" id=\"aurum-newsletter-ad\">\r\n    <div class=boxes>\r\n      <div class=\"input\">\r\n        <label class=\"label-email\" htmlFor=\"email-ad\">Qual seu e-mail?<\/label>\r\n        <input type=\"email\" id=\"email-ad\" name=\"newsletter-mail-ad\" placeholder=\"Digite seu e-mail?\">\r\n        <div class=\"error-message-ad-email\">Endere\u00e7o de e-mail inv\u00e1lido ou incorreto<\/div>\r\n\r\n        <label class=\"label-select\" htmlFor=\"lawsuits-select-ad\">\r\n          Quantos processos voc\u00ea ou<br class=\"for-desktop\"\/> seu escrit\u00f3rio acompanham?\r\n        <\/label>\r\n        <div id=\"lawsuits-select-ad\" class=\"lawsuits-select select-wrapper\" tabindex=\"0\">\r\n          <div class=\"s-dropdown--styled\">\r\n          <span class=\"lawsuits-default\">\r\n            <span id=\"lawsuits-newsletter-ad\" class=\"lawsuits-default-text\" data-value=\"\">Selecione os processos<\/span>\r\n            <svg class=\"chevron\" xmlns=\"http:\/\/www.w3.org\/2000\/svg\" width=\"24\" height=\"25\" viewBox=\"0 0 24 25\" fill=\"none\">\r\n              <path d=\"M6 15.6152L12 9.61523L18 15.6152\" stroke=\"black\" stroke-width=\"2\" stroke-linecap=\"round\" stroke-linejoin=\"round\" \/>\r\n            <\/svg>\r\n          <\/span>\r\n\r\n          <ul class=\"s-dropdown u-hide\">\r\n            <li class=\"lawsuits\" data-value=\"Mais de 1000 processos\">Mais de 1000 processos<\/li>\r\n            <li class=\"lawsuits\" data-value=\"De 501 a 1000 processos\">De 501 a 1000 processos<\/li>\r\n            <li class=\"lawsuits\" data-value=\"De 151 a 500 processos\">De 151 a 500 processos<\/li>\r\n            <li class=\"lawsuits\" data-value=\"De 41 a 150 processos\">De 41 a 150 processos<\/li>\r\n            <li class=\"lawsuits\" data-value=\"At\u00e9 40 processos\">At\u00e9 40 processos<\/li>\r\n            <li class=\"lawsuits\" data-value=\"Atuo apenas no consultivo\">Atuo apenas no consultivo<\/li>\r\n            <li class=\"lawsuits\" data-value=\"Ainda sou estudante de direito\">Ainda sou estudante de direito<\/li>\r\n            <li class=\"lawsuits\" data-value=\"N\u00e3o sou da \u00e1rea jur\u00eddica\">N\u00e3o sou da \u00e1rea jur\u00eddica<\/li>\r\n          <\/ul>\r\n          <\/div>\r\n        <\/div>\r\n        <div class=\"error-message-ad-lawsuits\">Selecione algum processo<\/div>\r\n      <\/div>\r\n      <button class=\"btn btn-yellow ad-btn-desktop\" id=\"aurum-submit-ad\">Assinar gr\u00e1tis<\/button>\r\n      <button class=\"btn btn-yellow ad-btn-mobile\" id=\"aurum-submit-ad\">Assinar<\/button>\r\n    <\/div>\r\n    <span class=\"news_button_span\">Ao se cadastrar voc\u00ea declara que leu e aceitou a pol\u00edtica de privacidade e cookies do <a href=\"https:\/\/s3.sa-east-1.amazonaws.com\/publico.aurum.com.br\/contratos\/politica-de-privacidade.pdf\" target=\"_blank\" rel=\"noopener noreferrer\">site<\/a>.<\/span>\r\n  <\/form>\r\n  <div id=\"message-form-ad\"><\/div>\r\n<\/div>\n\n\n<p>Este conte\u00fado foi \u00fatil pra voc\u00ea? Conta aqui nos coment\u00e1rios \ud83d\ude09<\/p>\n","protected":false},"excerpt":{"rendered":"<p>A A\u00e7\u00e3o de Impugna\u00e7\u00e3o de Mandato Eletivo \u2013 AIME, \u00e9 o meio processual destinado a impugnar mandato eletivo que foi obtido com abuso de poder econ\u00f4mico ou fraude. A A\u00e7\u00e3o de Impugna\u00e7\u00e3o de Mandato Eletivo (AIME) \u00e9 o meio processual que a legisla\u00e7\u00e3o garante para impugnar mandato eletivo que foi obtido de forma ilegal ou [&hellip;]<\/p>\n","protected":false},"author":62,"featured_media":27809,"comment_status":"open","ping_status":"open","sticky":false,"template":"","format":"standard","meta":{"_bbp_topic_count":0,"_bbp_reply_count":0,"_bbp_total_topic_count":0,"_bbp_total_reply_count":0,"_bbp_voice_count":0,"_bbp_anonymous_reply_count":0,"_bbp_topic_count_hidden":0,"_bbp_reply_count_hidden":0,"_bbp_forum_subforum_count":0,"inline_featured_image":false,"footnotes":""},"categories":[26],"tags":[],"class_list":["post-27808","post","type-post","status-publish","format-standard","has-post-thumbnail","hentry","category-direito-eleitoral"],"acf":[],"_links":{"self":[{"href":"https:\/\/www.aurum.com.br\/blog\/wp-json\/wp\/v2\/posts\/27808","targetHints":{"allow":["GET"]}}],"collection":[{"href":"https:\/\/www.aurum.com.br\/blog\/wp-json\/wp\/v2\/posts"}],"about":[{"href":"https:\/\/www.aurum.com.br\/blog\/wp-json\/wp\/v2\/types\/post"}],"author":[{"embeddable":true,"href":"https:\/\/www.aurum.com.br\/blog\/wp-json\/wp\/v2\/users\/62"}],"replies":[{"embeddable":true,"href":"https:\/\/www.aurum.com.br\/blog\/wp-json\/wp\/v2\/comments?post=27808"}],"version-history":[{"count":7,"href":"https:\/\/www.aurum.com.br\/blog\/wp-json\/wp\/v2\/posts\/27808\/revisions"}],"predecessor-version":[{"id":28656,"href":"https:\/\/www.aurum.com.br\/blog\/wp-json\/wp\/v2\/posts\/27808\/revisions\/28656"}],"wp:featuredmedia":[{"embeddable":true,"href":"https:\/\/www.aurum.com.br\/blog\/wp-json\/wp\/v2\/media\/27809"}],"wp:attachment":[{"href":"https:\/\/www.aurum.com.br\/blog\/wp-json\/wp\/v2\/media?parent=27808"}],"wp:term":[{"taxonomy":"category","embeddable":true,"href":"https:\/\/www.aurum.com.br\/blog\/wp-json\/wp\/v2\/categories?post=27808"},{"taxonomy":"post_tag","embeddable":true,"href":"https:\/\/www.aurum.com.br\/blog\/wp-json\/wp\/v2\/tags?post=27808"}],"curies":[{"name":"wp","href":"https:\/\/api.w.org\/{rel}","templated":true}]}}