{"id":27483,"date":"2024-03-29T08:00:00","date_gmt":"2024-03-29T11:00:00","guid":{"rendered":"https:\/\/www.aurum.com.br\/blog\/?p=27483"},"modified":"2024-04-09T08:28:13","modified_gmt":"2024-04-09T11:28:13","slug":"lei-da-igualdade-salarial","status":"publish","type":"post","link":"https:\/\/www.aurum.com.br\/blog\/lei-da-igualdade-salarial\/","title":{"rendered":"O que \u00e9 a Lei da igualdade salarial, adequa\u00e7\u00e3o, fiscaliza\u00e7\u00e3o e mais\u00a0"},"content":{"rendered":"<div id=\"bsf_rt_marker\"><\/div>\n<pre class=\"wp-block-preformatted\">Sancionada em julho de 2023, a <strong>Lei da igualdade salarial<\/strong>, n. 14.611\/23, garante a igualdade salarial entre homens e mulheres para fun\u00e7\u00f5es de igual valor. A medida altera a CLT e institui mecanismos administrativos de fiscaliza\u00e7\u00e3o para combater a disparidade salarial por g\u00eanero.<\/pre>\n\n\n\n<p>A Lei da Igualdade Salarial representa um marco crucial na evolu\u00e7\u00e3o dos direitos trabalhistas, visando erradicar as disparidades salariais historicamente enraizadas no mercado de trabalho. <br><br>Para advogados e advogadas especializados em <a href=\"https:\/\/www.aurum.com.br\/blog\/direito-do-trabalho\/\" data-type=\"URL\" data-id=\"https:\/\/www.aurum.com.br\/blog\/direito-do-trabalho\/\">direito do trabalho<\/a> e <a href=\"https:\/\/www.aurum.com.br\/blog\/direitos-e-garantias-fundamentais\/\" data-type=\"URL\" data-id=\"https:\/\/www.aurum.com.br\/blog\/direitos-e-garantias-fundamentais\/\">direitos humanos<\/a>, compreender as nuances e os mecanismos de aplica\u00e7\u00e3o desta lei \u00e9 essencial. Continue a leitura! <\/p>\n\n\n\n<h2 class=\"wp-block-heading\">O que \u00e9 a Lei da Igualdade Salarial?&nbsp;<\/h2>\n\n\n\n<p>A Lei da Igualdade Salarial \u00e9 uma<strong> lei que garante a igualdade salarial entre homens e mulheres para fun\u00e7\u00f5es de igual valor.&nbsp;<\/strong><\/p>\n\n\n\n<p>Assim, busca combater a discrimina\u00e7\u00e3o de g\u00eanero no local de trabalho, especificamente no que diz respeito \u00e0s diferen\u00e7as salariais que n\u00e3o podem ser justificadas por crit\u00e9rios objetivos, como experi\u00eancia, educa\u00e7\u00e3o, responsabilidade ou desempenho.<\/p>\n\n\n\n<figure class=\"wp-block-image size-full\"><img decoding=\"async\" width=\"1200\" height=\"1200\" src=\"https:\/\/www.aurum.com.br\/blog\/wp-content\/uploads\/2024\/03\/o-que-e-a-lei-da-igualdade-salarial.jpg\" alt=\"\" class=\"wp-image-27485\" srcset=\"https:\/\/www.aurum.com.br\/blog\/wp-content\/uploads\/2024\/03\/o-que-e-a-lei-da-igualdade-salarial.jpg 1200w, https:\/\/www.aurum.com.br\/blog\/wp-content\/uploads\/2024\/03\/o-que-e-a-lei-da-igualdade-salarial-300x300.jpg 300w, https:\/\/www.aurum.com.br\/blog\/wp-content\/uploads\/2024\/03\/o-que-e-a-lei-da-igualdade-salarial-150x150.jpg 150w, https:\/\/www.aurum.com.br\/blog\/wp-content\/uploads\/2024\/03\/o-que-e-a-lei-da-igualdade-salarial-768x768.jpg 768w\" sizes=\"(max-width: 1200px) 100vw, 1200px\" \/><figcaption class=\"wp-element-caption\">Entenda o que \u00e9 a lei da igualdade salarial.<\/figcaption><\/figure>\n\n\n\n<h2 class=\"wp-block-heading\">O que traz a nova Lei de Igualdade Salarial?&nbsp;<\/h2>\n\n\n\n<p>A <a href=\"https:\/\/www.aurum.com.br\/blog\/glossario-juridico\/consolidacao-das-leis-do-trabalho\/#:~:text=A%20Consolida%C3%A7%C3%A3o%20das%20Leis%20do%20Trabalho%20(CLT)%20%C3%A9%20um%20conjunto,leis%20trabalhistas%20existentes%20at%C3%A9%20ent%C3%A3o.\">Consolida\u00e7\u00e3o das Leis do Trabalho<\/a>, em seu artigo 461, j\u00e1 garantia o direito \u00e0 equipara\u00e7\u00e3o salarial entre dois trabalhadores que exercem, no mesmo estabelecimento e com a mesma perfei\u00e7\u00e3o t\u00e9cnica, fun\u00e7\u00f5es id\u00eanticas, desde que:<\/p>\n\n\n\n<blockquote class=\"wp-block-quote is-layout-flow wp-block-quote-is-layout-flow\">\n<p>A diferen\u00e7a de tempo de servi\u00e7o entre os trabalhadores para o mesmo empregador n\u00e3o seja superior a quatro anos e a diferen\u00e7a de tempo na fun\u00e7\u00e3o n\u00e3o seja superior a dois anos (artigo 461, \u00a7 2\u00ba da CLT).<\/p>\n<\/blockquote>\n\n\n\n<p>A Lei 14.611, no entanto, busca atuar em sentido diferente,<strong> criando instrumentos para coibir a ocorr\u00eancia desta diferencia\u00e7\u00e3o<\/strong>. As medidas trazidas pela Lei incluem:<\/p>\n\n\n\n<blockquote class=\"wp-block-quote is-layout-flow wp-block-quote-is-layout-flow\">\n<p>I \u2013 estabelecimento de mecanismos de transpar\u00eancia salarial e de crit\u00e9rios remunerat\u00f3rios;<\/p>\n\n\n\n<p>II \u2013 incremento da fiscaliza\u00e7\u00e3o contra a discrimina\u00e7\u00e3o salarial e de crit\u00e9rios remunerat\u00f3rios entre mulheres e homens;<\/p>\n\n\n\n<p>III \u2013 disponibiliza\u00e7\u00e3o de canais espec\u00edficos para den\u00fancias de discrimina\u00e7\u00e3o salarial;<\/p>\n\n\n\n<p>IV \u2013 promo\u00e7\u00e3o e implementa\u00e7\u00e3o de programas de diversidade e inclus\u00e3o no ambiente de trabalho que abranjam a capacita\u00e7\u00e3o de gestores, de lideran\u00e7as e de empregados a respeito do tema da equidade entre homens e mulheres no mercado de trabalho, com aferi\u00e7\u00e3o de resultados; e<\/p>\n\n\n\n<p>V \u2013 fomento \u00e0 capacita\u00e7\u00e3o e \u00e0 forma\u00e7\u00e3o de mulheres para o ingresso, a perman\u00eancia e a ascens\u00e3o no mercado de trabalho em igualdade de condi\u00e7\u00f5es com os homens.<\/p>\n<\/blockquote>\n\n\n\n<h2 class=\"wp-block-heading\">Como ser\u00e1 a fiscaliza\u00e7\u00e3o da lei da igualdade salarial?&nbsp;<\/h2>\n\n\n\n<p>A fiscaliza\u00e7\u00e3o ser\u00e1 executada <strong>por meio do Relat\u00f3rio de Transpar\u00eancia Salarial e de Crit\u00e9rios Remunerat\u00f3rios<\/strong> que tem como objetivo a compara\u00e7\u00e3o objetiva entre sal\u00e1rios, remunera\u00e7\u00f5es e a propor\u00e7\u00e3o de ocupa\u00e7\u00e3o de cargos.<\/p>\n\n\n\n<p>O relat\u00f3rio <strong>dever\u00e1 ser enviado ao Minist\u00e9rio do Trabalho nos meses de fevereiro e agosto<\/strong> por todas as empresas que possu\u00edrem 100 (cem) ou mais empregados, contendo as seguintes informa\u00e7\u00f5es sobre cada trabalhador:<\/p>\n\n\n\n<blockquote class=\"wp-block-quote is-layout-flow wp-block-quote-is-layout-flow\">\n<p>I &#8211; o cargo ou a ocupa\u00e7\u00e3o contida na Classifica\u00e7\u00e3o Brasileira de Ocupa\u00e7\u00f5es &#8211; CBO, com as respectivas atribui\u00e7\u00f5es; e<\/p>\n\n\n\n<p>II &#8211; o valor:<\/p>\n\n\n\n<p>a) do sal\u00e1rio contratual;<\/p>\n\n\n\n<p>b) do d\u00e9cimo terceiro sal\u00e1rio;<\/p>\n\n\n\n<p>c) das gratifica\u00e7\u00f5es;<\/p>\n\n\n\n<p>d) das comiss\u00f5es;<\/p>\n\n\n\n<p>e) das horas extras;<\/p>\n\n\n\n<p>f) dos adicionais noturno, de insalubridade, de penosidade, de periculosidade, dentre outros;<\/p>\n\n\n\n<p>g) do ter\u00e7o de f\u00e9rias;<\/p>\n\n\n\n<p>h) do aviso pr\u00e9vio trabalhado;<\/p>\n\n\n\n<p>i) relativo ao descanso semanal remunerado;<\/p>\n\n\n\n<p>j) das gorjetas; e<\/p>\n\n\n\n<p>k) relativo \u00e0s demais parcelas que, por for\u00e7a de lei ou norma coletiva de trabalho, componham a remunera\u00e7\u00e3o do trabalhador.<\/p>\n<\/blockquote>\n\n\n\n<p>Todas as informa\u00e7\u00f5es dever\u00e3o ser anonimizadas em virtude da <a href=\"https:\/\/www.aurum.com.br\/blog\/lgpd\/\">Lei Geral de Prote\u00e7\u00e3o de Dados<\/a> e enviadas por meio da plataforma disponibilizada pelo Minist\u00e9rio do Trabalho.&nbsp;<\/p>\n\n\n\n<p>A empregadora dever\u00e1 publicar essas informa\u00e7\u00f5es em seu <em>site<\/em>, suas redes sociais ou em instrumentos similares para que se garanta transpar\u00eancia ao p\u00fablico em geral.<\/p>\n\n\n\n<h2 class=\"wp-block-heading\">O que acontece com as empresas que descumprem a Lei da Igualdade Salarial?<\/h2>\n\n\n\n<p>Caso seja detectada disparidade salarial injustificada entre homens e mulheres, o Minist\u00e9rio do Trabalho exigir\u00e1 da empregadora a apresenta\u00e7\u00e3o de <strong>plano de a\u00e7\u00e3o, em at\u00e9 90 (noventa dias), contendo metas e prazos,<\/strong> para mitigar a ocorr\u00eancia deste evento de desigualdade. Na formula\u00e7\u00e3o deste plano, poder\u00e3o participar entidades sindicais e representantes da classe trabalhadora.<\/p>\n\n\n\n<p>O plano de a\u00e7\u00e3o a ser apresentado dever\u00e1 abordar:<\/p>\n\n\n\n<blockquote class=\"wp-block-quote is-layout-flow wp-block-quote-is-layout-flow\">\n<p>I- medidas a serem adotadas com escala de prioridade;<\/p>\n\n\n\n<p>II- metas, prazos e mecanismos de aferi\u00e7\u00e3o de resultados;<\/p>\n\n\n\n<p>III- planejamento anual com cronograma de execu\u00e7\u00e3o; e<\/p>\n\n\n\n<p>IV- avalia\u00e7\u00e3o das medidas com periodicidade m\u00ednima semestral.<\/p>\n\n\n\n<p>Al\u00e9m disso, o plano dever\u00e1 tra\u00e7ar a\u00e7\u00f5es em rela\u00e7\u00e3o a:<\/p>\n\n\n\n<p>I &#8211; capacita\u00e7\u00e3o de gestores, lideran\u00e7as e empregados a respeito do tema da equidade entre mulheres e homens no mercado de trabalho;<\/p>\n\n\n\n<p>II &#8211; promo\u00e7\u00e3o de diversidade e inclus\u00e3o no ambiente de trabalho; e<\/p>\n\n\n\n<p>III &#8211; capacita\u00e7\u00e3o e forma\u00e7\u00e3o de mulheres para o ingresso, perman\u00eancia e ascens\u00e3o no mercado de trabalho em igualdade de condi\u00e7\u00f5es com os homens.<\/p>\n<\/blockquote>\n\n\n\n<p>Al\u00e9m disso, o descumprimento da Lei<strong> implicar\u00e1 na incid\u00eancia de multa <\/strong>calculada sobre a folha de pagamento do empregador, no valor de at\u00e9 03% (tr\u00eas por cento), limitado a 100 sal\u00e1rios m\u00ednimos.<\/p>\n\n\n\n<h2 class=\"wp-block-heading\">Adequa\u00e7\u00e3o das empresas&nbsp;<\/h2>\n\n\n\n<p>As<strong> empresas que contarem com mais de 100 (cem) empregados<\/strong> j\u00e1 devem apresentar neste ano os relat\u00f3rios com as informa\u00e7\u00f5es relativas \u00e0 remunera\u00e7\u00e3o de seus empregados no primeiro semestre de 2024.<\/p>\n\n\n\n<p>Al\u00e9m disso, torna-se mais evidente a necessidade de<strong> estabelecer Planos de Cargos e Sal\u00e1rios<\/strong> dentro da empresa, a fim de garantir que haja um regramento capaz de ilidir desigualdades salariais, \u2014 algo que, inclusive, ser\u00e1 objeto de an\u00e1lise pelo Minist\u00e9rio do Trabalho.<\/p>\n\n\n\n<p>O Minist\u00e9rio do Trabalho tamb\u00e9m analisar\u00e1 pol\u00edticas internas da empresa vinculadas:<\/p>\n\n\n\n<ul class=\"wp-block-list\">\n<li>ao <strong>compartilhamento de obriga\u00e7\u00f5es familiares <\/strong>entre homens e mulheres;<\/li>\n\n\n\n<li>\u00e0 exist\u00eancia de<strong> incentivo \u00e0 contrata\u00e7\u00e3o de mulheres<\/strong>;<\/li>\n<\/ul>\n\n\n\n<p>Isso transparece que a partir da atua\u00e7\u00e3o do Minist\u00e9rio do Trabalho, as empresas dever\u00e3o fortalecer a \u00e1rea de <a href=\"https:\/\/www.aurum.com.br\/blog\/compliance-trabalhista\/#:~:text=O%20compliance%20trabalhista%20%C3%A9%20uma,programas%20de%20integridade%20em%20geral.\">compliance trabalhista<\/a>, garantindo n\u00e3o apenas a inexist\u00eancia de disparidade salarial entre g\u00eaneros, mas sobretudo a igualdade material de oportunidades.<\/p>\n\n\n\n<h2 class=\"wp-block-heading\">Conclus\u00e3o&nbsp;<\/h2>\n\n\n\n<p>A CLT, desde 1943 garante igualdade salarial aos trabalhadores. No entanto, a garantia do direito subjetivo do trabalhador de pleitear diferen\u00e7as salariais n\u00e3o inibe a ocorr\u00eancia deste fen\u00f4meno.<\/p>\n\n\n\n<p>Diante disto, <strong>a Lei n. 14.611\/23 busca tra\u00e7ar diretrizes para o Estado<\/strong>, por meio dos Auditores Fiscais do Trabalho, <strong>coibir a ocorr\u00eancia de disparidade salarial em virtude de g\u00eanero.<\/strong><\/p>\n\n\n\n<p>Com a disponibiliza\u00e7\u00e3o de dados espec\u00edficos sobre a remunera\u00e7\u00e3o dos empregados e a ampla divulga\u00e7\u00e3o desses dados, a sociedade civil espera observar uma redu\u00e7\u00e3o significativa das pr\u00e1ticas discriminat\u00f3rias em rela\u00e7\u00e3o \u00e0 retribui\u00e7\u00e3o salarial entre homens e mulheres. <\/p>\n\n\n\n<p>Essa expectativa se baseia na cren\u00e7a de que a transpar\u00eancia salarial \u00e9 uma ferramenta essencial para combater a disparidade de g\u00eanero no mercado de trabalho.<\/p>\n\n\n\n<p>Ao ter acesso a informa\u00e7\u00f5es precisas sobre a remunera\u00e7\u00e3o de seus colegas, tanto homens quanto mulheres podem identificar e contestar discrep\u00e2ncias salariais injustificadas. Isso pode levar a um <strong>aumento da press\u00e3o sobre as empresas para que adotem pr\u00e1ticas salariais mais justas e equitativas.<\/strong><\/p>\n\n\n\n<h2 class=\"wp-block-heading\">Perguntas e respostas frequentes sobre o tema<\/h2>\n\n\n\n<h3 class=\"wp-block-heading\">O que \u00e9 a Lei da Igualdade Salarial?<\/h3>\n\n\n\n<p>A Lei da Igualdade Salarial \u00e9 uma legisla\u00e7\u00e3o que visa garantir que homens e mulheres sejam pagos igualmente por trabalho igual ou de valor igual dentro do mesmo empregador. Ela busca eliminar a discrimina\u00e7\u00e3o de g\u00eanero no pagamento.<\/p>\n\n\n\n<h3 class=\"wp-block-heading\">O que significa &#8220;trabalho de valor igual&#8221;?&nbsp;<\/h3>\n\n\n\n<p>Trabalho de valor igual refere-se a trabalhos diferentes que s\u00e3o considerados equivalentes em termos de exig\u00eancias, como habilidade, esfor\u00e7o, responsabilidade e condi\u00e7\u00f5es de trabalho. A inten\u00e7\u00e3o \u00e9 garantir que empregos compar\u00e1veis sejam remunerados de forma justa, independentemente do g\u00eanero.<\/p>\n\n\n\n<h3 class=\"wp-block-heading\">Como posso saber se estou recebendo um sal\u00e1rio igual pelo mesmo trabalho?&nbsp;<\/h3>\n\n\n\n<p>Voc\u00ea pode come\u00e7ar comparando seu sal\u00e1rio com o de colegas do sexo oposto que desempenham fun\u00e7\u00f5es substancialmente iguais em termos de habilidades, esfor\u00e7o e responsabilidade. A transpar\u00eancia salarial promovida por algumas legisla\u00e7\u00f5es pode facilitar esse processo.<\/p>\n\n\n\n<h3 class=\"wp-block-heading\">A Lei da Igualdade Salarial se aplica apenas a grandes empresas?&nbsp;<\/h3>\n\n\n\n<p>As leis espec\u00edficas podem variar, mas muitas legisla\u00e7\u00f5es sobre igualdade salarial se aplicam a empregadores de todos os tamanhos. No entanto, os requisitos exatos, como auditorias salariais, podem variar dependendo do tamanho da empresa.<\/p>\n\n\n\n<h3 class=\"wp-block-heading\">Como a igualdade salarial \u00e9 fiscalizada?&nbsp;<\/h3>\n\n\n\n<p>A fiscaliza\u00e7\u00e3o pode ocorrer atrav\u00e9s de \u00f3rg\u00e3os governamentais designados, que podem realizar inspe\u00e7\u00f5es, revisar reclama\u00e7\u00f5es e impor penalidades. Al\u00e9m disso, a\u00e7\u00f5es coletivas ou individuais podem ser movidas por trabalhadores que enfrentam discrimina\u00e7\u00e3o salarial.<\/p>\n\n\n\n<h3 class=\"wp-block-heading\">A igualdade salarial beneficia apenas as mulheres?&nbsp;<\/h3>\n\n\n\n<p>Embora as leis de igualdade salarial frequentemente visem corrigir disparidades salariais que afetam desproporcionalmente as mulheres, o princ\u00edpio beneficia todos os g\u00eaneros, garantindo um tratamento justo e igualit\u00e1rio no local de trabalho para homens, mulheres e pessoas n\u00e3o bin\u00e1rias.<\/p>\n\n\n\n<h3 class=\"wp-block-heading\">Mais conhecimento para voc\u00ea<\/h3>\n\n\n\n<ul class=\"wp-block-list\">\n<li><a href=\"https:\/\/www.aurum.com.br\/blog\/condicoes-de-elegibilidade\/\">Tire as principais d\u00favidas sobre condi\u00e7\u00f5es de elegibilidade<\/a><\/li>\n\n\n\n<li><a href=\"https:\/\/www.aurum.com.br\/blog\/principios-do-direito-do-trabalho\/\">Os mais importantes princ\u00edpios do direito do trabalho<\/a><\/li>\n\n\n\n<li><a href=\"https:\/\/www.aurum.com.br\/blog\/lei-de-falencia-e-recuperacao-judicial\/\">Lei de Fal\u00eancia e Recupera\u00e7\u00e3o Judicial: o que mudou?<\/a><\/li>\n\n\n\n<li><a href=\"https:\/\/www.aurum.com.br\/blog\/registrar-o-nome-da-empresa\/\">Descubra como registrar o nome da empresa e qual a sua import\u00e2ncia<\/a><\/li>\n\n\n\n<li><a href=\"https:\/\/www.aurum.com.br\/blog\/marco-legal-da-primeira-infancia\/\">O que \u00e9 o marco legal da primeira inf\u00e2ncia<\/a><\/li>\n\n\n\n<li><a href=\"https:\/\/www.aurum.com.br\/blog\/principio-da-proporcionalidade\/\">Princ\u00edpio da proporcionalidade: o que \u00e9 e aplica\u00e7\u00f5es<\/a><\/li>\n\n\n\n<li><a href=\"https:\/\/www.aurum.com.br\/blog\/principios-do-direito-ambiental\/\">Princ\u00edpios do Direito Ambiental: quais s\u00e3o e import\u00e2ncia<\/a><\/li>\n\n\n\n<li><a href=\"https:\/\/www.aurum.com.br\/blog\/inadimplencia-condominial\/\">Inadimpl\u00eancia condominial: desvendando aspectos legais<\/a><\/li>\n\n\n\n<li><a href=\"https:\/\/www.aurum.com.br\/blog\/amicus-curiae\/\" data-type=\"URL\" data-id=\"https:\/\/www.aurum.com.br\/blog\/amicus-curiae\/\">Amicus Curiae: O que \u00e9 e qual o papel do amigo da corte<\/a><\/li>\n<\/ul>\n\n\n<style>\r\n  .news-post {\r\n    background: url('https:\/\/www.aurum.com.br\/blog\/wp-content\/themes\/aurum\/img\/bg-news-artigo.svg') no-repeat top center #3C48AA;\r\n    padding: 1.5rem;\r\n    border-radius: 6px;\r\n    margin: 1rem 0;\r\n  }\r\n  .news-post .icone {\r\n    display: none;\r\n  }\r\n  .news-post .title {\r\n    font-weight: 700;\r\n    font-size: 16px;\r\n    line-height: 130%;\r\n    text-align: center;\r\n    letter-spacing: -0.5px;\r\n    color: #fff;\r\n    margin-bottom: .9375rem;\r\n  }\r\n  .news-post p {\r\n    font-size: .875rem;\r\n    line-height: 140%;\r\n    text-align: center;\r\n    color: #fff;\r\n    margin-bottom: 1.25rem;\r\n  }\r\n  .news-post .news_button_span {\r\n    font-size: .8125rem;\r\n    display: block;\r\n    padding: .125rem .3125rem;\r\n    color: #fff;\r\n    text-align:left;\r\n  }\r\n  .news-post .news_button_span a {\r\n    color: #fff !important;\r\n    text-decoration: underline;\r\n  }\r\n  .news-post form {\r\n    width: 100%;\r\n  }\r\n  .news-post label {\r\n    font-weight: 600;\r\n    font-size: .9375rem;\r\n    line-height: 1.5rem;\r\n    margin-bottom: .5rem;\r\n    color: #fff;\r\n    display: block;\r\n  }\r\n  .news-post input {\r\n    background: #fff;\r\n    border: 1px solid #CBCBD9;\r\n    box-sizing: border-box;\r\n    border-radius: 4px;\r\n    padding: .75rem 1rem;\r\n    width: 100%;\r\n  }\r\n  .news-post button {\r\n    margin-top: .875rem;\r\n    width: 100%;\r\n    min-width: auto;\r\n    background: #FCC632;\r\n    color: #3C48AA;\r\n  }\r\n  .news-post .input {\r\n    position: relative;\r\n    padding-bottom: 10px;\r\n  }\r\n  .news-post .error-message-ad {\r\n    font-size: .875rem;\r\n    line-height: 130%;\r\n    color: #D50021;\r\n    margin-left: 4px;\r\n  }\r\n  .news-post .error {\r\n    border: 1px solid #D50021;\r\n  }\r\n  .news-post #message-form-ad {\r\n    border-radius: 4px;\r\n    padding: 0.7rem;\r\n    font-size:0.8rem;\r\n    text-align: center;\r\n    align-items: center;\r\n    justify-content: center;\r\n    display: none;\r\n  }\r\n  .news-post #message-form-ad svg {\r\n    margin-right: 8px;\r\n  }\r\n\r\n  @media(min-width: 561px) {\r\n    .news-post {\r\n      position: relative;\r\n      background: url('https:\/\/www.aurum.com.br\/blog\/wp-content\/themes\/aurum\/img\/bg-news-artigo.svg') no-repeat top center #3C48AA;\r\n      width: calc(100% - 30px);\r\n    }\r\n    .news-post .icone {\r\n      display: block;\r\n      position: absolute;\r\n      right: -30px;\r\n      top: 65px;\r\n      max-width: 142px;\r\n      width: 100%;\r\n      height: auto;\r\n      margin: 0;\r\n    }\r\n    .news-post .title {\r\n      font-size: 1.125rem;\r\n      text-align: left;\r\n      \/* padding-right: 3.75rem; *\/\r\n    }\r\n    .news-post p {\r\n      font-size: 1rem;\r\n      text-align: left;\r\n      max-width: 400px;\r\n    }\r\n    .news-post .boxes {\r\n      display: flex;\r\n      align-items: flex-start;\r\n    }\r\n    .news-post button {\r\n      margin: 0 0 0 1rem;\r\n      width: 100%;\r\n      max-width: 170px;\r\n      min-width: auto;\r\n      transition: all ease .3s\r\n    }\r\n    .news-post button:hover {\r\n      opacity: 0.9;\r\n      transition: all ease .3s\r\n    }\r\n    .news-post #message-form-ad {\r\n      padding: 1.125rem;\r\n      font-size:1rem;\r\n    }\r\n    .news-post #message-form-ad svg {\r\n      margin-right: 10px;\r\n    }\r\n  }\r\n<\/style>\r\n\r\n<div class=\"news-post\">\r\n  <div class=\"title news-ad-title\">Gostou do artigo e quer evoluir a sua advocacia?<\/div>\r\n  <p class=\"news-ad-subtitle\">Assine gr\u00e1tis a Aurum News e receba uma dose semanal de conte\u00fado no seu e-mail! \u270c\ufe0f<\/p>\r\n  <img decoding=\"async\" src=\"https:\/\/www.aurum.com.br\/blog\/wp-content\/themes\/aurum\/img\/icon-news-artigo.svg\" alt=\"\" class=\"icone\">\r\n\r\n  <form method=\"post\" name=\"newsletter-ad\" id=\"aurum-newsletter-ad\">\r\n    <div class=boxes>\r\n      <div class=\"input\">\r\n        <label class=\"label-email\" htmlFor=\"email-ad\">Qual seu e-mail?<\/label>\r\n        <input type=\"email\" id=\"email-ad\" name=\"newsletter-mail-ad\" placeholder=\"Digite seu e-mail?\">\r\n        <div class=\"error-message-ad-email\">Endere\u00e7o de e-mail inv\u00e1lido ou incorreto<\/div>\r\n\r\n        <label class=\"label-select\" htmlFor=\"lawsuits-select-ad\">\r\n          Quantos processos voc\u00ea ou<br class=\"for-desktop\"\/> seu escrit\u00f3rio acompanham?\r\n        <\/label>\r\n        <div id=\"lawsuits-select-ad\" class=\"lawsuits-select select-wrapper\" tabindex=\"0\">\r\n          <div class=\"s-dropdown--styled\">\r\n          <span class=\"lawsuits-default\">\r\n            <span id=\"lawsuits-newsletter-ad\" class=\"lawsuits-default-text\" data-value=\"\">Selecione os processos<\/span>\r\n            <svg class=\"chevron\" xmlns=\"http:\/\/www.w3.org\/2000\/svg\" width=\"24\" height=\"25\" viewBox=\"0 0 24 25\" fill=\"none\">\r\n              <path d=\"M6 15.6152L12 9.61523L18 15.6152\" stroke=\"black\" stroke-width=\"2\" stroke-linecap=\"round\" stroke-linejoin=\"round\" \/>\r\n            <\/svg>\r\n          <\/span>\r\n\r\n          <ul class=\"s-dropdown u-hide\">\r\n            <li class=\"lawsuits\" data-value=\"Mais de 1000 processos\">Mais de 1000 processos<\/li>\r\n            <li class=\"lawsuits\" data-value=\"De 501 a 1000 processos\">De 501 a 1000 processos<\/li>\r\n            <li class=\"lawsuits\" data-value=\"De 151 a 500 processos\">De 151 a 500 processos<\/li>\r\n            <li class=\"lawsuits\" data-value=\"De 41 a 150 processos\">De 41 a 150 processos<\/li>\r\n            <li class=\"lawsuits\" data-value=\"At\u00e9 40 processos\">At\u00e9 40 processos<\/li>\r\n            <li class=\"lawsuits\" data-value=\"Atuo apenas no consultivo\">Atuo apenas no consultivo<\/li>\r\n            <li class=\"lawsuits\" data-value=\"Ainda sou estudante de direito\">Ainda sou estudante de direito<\/li>\r\n            <li class=\"lawsuits\" data-value=\"N\u00e3o sou da \u00e1rea jur\u00eddica\">N\u00e3o sou da \u00e1rea jur\u00eddica<\/li>\r\n          <\/ul>\r\n          <\/div>\r\n        <\/div>\r\n        <div class=\"error-message-ad-lawsuits\">Selecione algum processo<\/div>\r\n      <\/div>\r\n      <button class=\"btn btn-yellow ad-btn-desktop\" id=\"aurum-submit-ad\">Assinar gr\u00e1tis<\/button>\r\n      <button class=\"btn btn-yellow ad-btn-mobile\" id=\"aurum-submit-ad\">Assinar<\/button>\r\n    <\/div>\r\n    <span class=\"news_button_span\">Ao se cadastrar voc\u00ea declara que leu e aceitou a pol\u00edtica de privacidade e cookies do <a href=\"https:\/\/s3.sa-east-1.amazonaws.com\/publico.aurum.com.br\/contratos\/politica-de-privacidade.pdf\" target=\"_blank\" rel=\"noopener noreferrer\">site<\/a>.<\/span>\r\n  <\/form>\r\n  <div id=\"message-form-ad\"><\/div>\r\n<\/div>\n\n\n<p><em>Esse conte\u00fado foi \u00fatil para voc\u00ea? Deixe nos coment\u00e1rios! <\/em><\/p>\n","protected":false},"excerpt":{"rendered":"<p>Sancionada em julho de 2023, a Lei da igualdade salarial, n. 14.611\/23, garante a igualdade salarial entre homens e mulheres para fun\u00e7\u00f5es de igual valor. A medida altera a CLT e institui mecanismos administrativos de fiscaliza\u00e7\u00e3o para combater a disparidade salarial por g\u00eanero. A Lei da Igualdade Salarial representa um marco crucial na evolu\u00e7\u00e3o dos [&hellip;]<\/p>\n","protected":false},"author":35,"featured_media":27484,"comment_status":"open","ping_status":"open","sticky":false,"template":"","format":"standard","meta":{"_bbp_topic_count":0,"_bbp_reply_count":0,"_bbp_total_topic_count":0,"_bbp_total_reply_count":0,"_bbp_voice_count":0,"_bbp_anonymous_reply_count":0,"_bbp_topic_count_hidden":0,"_bbp_reply_count_hidden":0,"_bbp_forum_subforum_count":0,"inline_featured_image":false,"footnotes":""},"categories":[1],"tags":[],"class_list":["post-27483","post","type-post","status-publish","format-standard","has-post-thumbnail","hentry","category-sem-categoria"],"acf":[],"_links":{"self":[{"href":"https:\/\/www.aurum.com.br\/blog\/wp-json\/wp\/v2\/posts\/27483","targetHints":{"allow":["GET"]}}],"collection":[{"href":"https:\/\/www.aurum.com.br\/blog\/wp-json\/wp\/v2\/posts"}],"about":[{"href":"https:\/\/www.aurum.com.br\/blog\/wp-json\/wp\/v2\/types\/post"}],"author":[{"embeddable":true,"href":"https:\/\/www.aurum.com.br\/blog\/wp-json\/wp\/v2\/users\/35"}],"replies":[{"embeddable":true,"href":"https:\/\/www.aurum.com.br\/blog\/wp-json\/wp\/v2\/comments?post=27483"}],"version-history":[{"count":6,"href":"https:\/\/www.aurum.com.br\/blog\/wp-json\/wp\/v2\/posts\/27483\/revisions"}],"predecessor-version":[{"id":27654,"href":"https:\/\/www.aurum.com.br\/blog\/wp-json\/wp\/v2\/posts\/27483\/revisions\/27654"}],"wp:featuredmedia":[{"embeddable":true,"href":"https:\/\/www.aurum.com.br\/blog\/wp-json\/wp\/v2\/media\/27484"}],"wp:attachment":[{"href":"https:\/\/www.aurum.com.br\/blog\/wp-json\/wp\/v2\/media?parent=27483"}],"wp:term":[{"taxonomy":"category","embeddable":true,"href":"https:\/\/www.aurum.com.br\/blog\/wp-json\/wp\/v2\/categories?post=27483"},{"taxonomy":"post_tag","embeddable":true,"href":"https:\/\/www.aurum.com.br\/blog\/wp-json\/wp\/v2\/tags?post=27483"}],"curies":[{"name":"wp","href":"https:\/\/api.w.org\/{rel}","templated":true}]}}