{"id":27466,"date":"2024-03-26T08:22:23","date_gmt":"2024-03-26T11:22:23","guid":{"rendered":"https:\/\/www.aurum.com.br\/blog\/?p=27466"},"modified":"2024-04-02T09:22:20","modified_gmt":"2024-04-02T12:22:20","slug":"principio-da-proporcionalidade","status":"publish","type":"post","link":"https:\/\/www.aurum.com.br\/blog\/principio-da-proporcionalidade\/","title":{"rendered":"Princ\u00edpio da proporcionalidade: o que \u00e9, subprinc\u00edpios, exemplos e aplica\u00e7\u00f5es\u00a0"},"content":{"rendered":"<div id=\"bsf_rt_marker\"><\/div>\n<pre class=\"wp-block-preformatted\">O <strong>princ\u00edpio da proporcionalidade<\/strong> \u00e9 um princ\u00edpio jur\u00eddico que exige que as medidas adotadas por uma autoridade p\u00fablica n\u00e3o sejam excessivas em rela\u00e7\u00e3o aos objetivos que pretendem alcan\u00e7ar. Ele assegura que a\u00e7\u00f5es ou san\u00e7\u00f5es sejam adequadas, necess\u00e1rias e proporcionais ao fim desejado, evitando abusos de poder e garantindo a justi\u00e7a nas decis\u00f5es.<\/pre>\n\n\n\n<p>Muito se questiona acerca do princ\u00edpio da proporcionalidade, especialmente nos dias de hoje, quando muitos direitos parecem conflitar entre si. Entenda do que se trata este texto!&nbsp;<\/p>\n\n\n\n<h2 class=\"wp-block-heading\">O que \u00e9 o princ\u00edpio da proporcionalidade?<\/h2>\n\n\n\n<p>O princ\u00edpio da proporcionalidade <strong>estabelece o limite da atua\u00e7\u00e3o estatal ao restringir direitos, especialmente os <\/strong><a href=\"https:\/\/www.aurum.com.br\/blog\/direitos-e-garantias-fundamentais\/\"><strong>direitos e garantias fundamentais<\/strong><\/a><strong>.<\/strong><br><br>Funciona <strong>em harmonia com o princ\u00edpio da razoabilidade<\/strong>, buscando alcan\u00e7ar um equil\u00edbrio essencial para garantir a justi\u00e7a efetiva, sempre respeitando os direitos constitucionalmente assegurados.&nbsp;<\/p>\n\n\n\n<p>A proporcionalidade desempenha, ainda, um papel norteador na aplica\u00e7\u00e3o dos demais princ\u00edpios, buscando garantir que nenhum princ\u00edpio seja sobrevalorizado em detrimento de outro de igual import\u00e2ncia.<\/p>\n\n\n\n<figure class=\"wp-block-image size-full\"><img decoding=\"async\" width=\"1200\" height=\"1200\" src=\"https:\/\/www.aurum.com.br\/blog\/wp-content\/uploads\/2024\/03\/o-que-e-o-principio-da-proporcionalidade.jpg\" alt=\"\" class=\"wp-image-27470\" srcset=\"https:\/\/www.aurum.com.br\/blog\/wp-content\/uploads\/2024\/03\/o-que-e-o-principio-da-proporcionalidade.jpg 1200w, https:\/\/www.aurum.com.br\/blog\/wp-content\/uploads\/2024\/03\/o-que-e-o-principio-da-proporcionalidade-300x300.jpg 300w, https:\/\/www.aurum.com.br\/blog\/wp-content\/uploads\/2024\/03\/o-que-e-o-principio-da-proporcionalidade-150x150.jpg 150w, https:\/\/www.aurum.com.br\/blog\/wp-content\/uploads\/2024\/03\/o-que-e-o-principio-da-proporcionalidade-768x768.jpg 768w\" sizes=\"(max-width: 1200px) 100vw, 1200px\" \/><figcaption class=\"wp-element-caption\">Entenda o conceito do princ\u00edpio da proporcionalidade.<\/figcaption><\/figure>\n\n\n\n<p>Agora que vimos uma primeira defini\u00e7\u00e3o sobre o princ\u00edpio da legalidade, vale avan\u00e7ar no tema, especialmente para conhecer um pouco mais da import\u00e2ncia deste princ\u00edpio que, ali\u00e1s, \u00e9 muito utilizado em nosso dia a dia.&nbsp;<\/p>\n\n\n\n<h2 class=\"wp-block-heading\">Qual a import\u00e2ncia do princ\u00edpio da proporcionalidade?<\/h2>\n\n\n\n<p>Embora n\u00e3o haja uma norma constitucional expl\u00edcita no Brasil consagrando-o, o fato \u00e9 que <strong>sua presen\u00e7a \u00e9 inafast\u00e1vel em nosso <\/strong><a href=\"https:\/\/www.aurum.com.br\/blog\/ordenamento-juridico\/\"><strong>ordenamento jur\u00eddico<\/strong><\/a><strong>. <\/strong><strong><br><\/strong><br>Al\u00e9m de inafast\u00e1vel, a exist\u00eancia do princ\u00edpio tamb\u00e9m \u00e9 reconhecida. Isso se deve \u00e0 escolha pol\u00edtica do Brasil pelo Estado Democr\u00e1tico de Direito, no qual a prote\u00e7\u00e3o dos direitos fundamentais assume uma posi\u00e7\u00e3o central na ordem jur\u00eddica.<\/p>\n\n\n\n<p>Ainda que originado do <a href=\"https:\/\/www.aurum.com.br\/blog\/direito-penal\/\">direito penal<\/a>, onde a ideia de que as san\u00e7\u00f5es criminais devem ser proporcionais \u00e0 gravidade dos delitos praticados, o princ\u00edpio da proporcionalidade avan\u00e7ou em diversos campos, especialmente com a diversidade das rela\u00e7\u00f5es jur\u00eddicas, com a necessidade de orienta\u00e7\u00e3o da a\u00e7\u00e3o do indiv\u00edduo na sociedade e evitando que se viole as liberdades proclamadas pelo esp\u00edrito democr\u00e1tico.<\/p>\n\n\n\n<p>Por exemplo, al\u00e9m do direito penal, em que \u00e9 empregado para determinar a pena a ser imposta a um r\u00e9u, <strong>no direito administrativo \u00e9 utilizado para avaliar a legalidade de atos administrativos<\/strong>, como a aplica\u00e7\u00e3o de multas ou a revoga\u00e7\u00e3o de licen\u00e7as.&nbsp;<br><br>Por sua vez, no \u00e2mbito do<strong> <\/strong><a href=\"https:\/\/www.aurum.com.br\/blog\/direito-constitucional\/\"><strong>direito constitucional<\/strong><\/a><strong>, \u00e9 aplicado para examinar a constitucionalidade de leis e atos normativos<\/strong>, verificando se a restri\u00e7\u00e3o aos direitos fundamentais \u00e9 justificada e proporcional ao objetivo almejado.<\/p>\n\n\n\n<h2 class=\"wp-block-heading\">O que \u00e9 o princ\u00edpio da razoabilidade e proporcionalidade?<\/h2>\n\n\n\n<p>Apesar de possu\u00edrem semelhan\u00e7as e ambas decorrem do pr\u00f3prio princ\u00edpio do devido processo legal, vale dizer que <strong>proporcionalidade e a razoabilidade n\u00e3o se confundem<\/strong>, pois representam e possuem constru\u00e7\u00f5es jur\u00eddicas distintas<\/p>\n\n\n\n<p>O <strong>princ\u00edpio da proporcionalidade, est\u00e1 ligado em um primeiro momento a um mecanismo para proteger os bens jur\u00eddicos<\/strong>, estabelecendo meios para que a atua\u00e7\u00e3o estatal seja protegida pela proporcionalidade, para que o bem jur\u00eddico protegido seja diretamente afetado pela san\u00e7\u00e3o tenha freios e contrapesos.<\/p>\n\n\n\n<p>Entretanto, apesar das diferen\u00e7as sutis, \u00e9 poss\u00edvel afirmar que tanto o princ\u00edpio da proporcionalidade quanto o princ\u00edpio da razoabilidade funcionam como<strong> limitadores da discricionariedade do Estado<\/strong>, compartilhando, portanto, o mesmo objetivo.<\/p>\n\n\n\n<p>Al\u00e9m disso, os princ\u00edpios da proporcionalidade e razoabilidade s\u00e3o considerados fundamentais para a <strong>concep\u00e7\u00e3o do Democr\u00e1tico de Direito.<\/strong> Isso porque muitos obst\u00e1culos impedem, por exemplo, a realiza\u00e7\u00e3o dos ideais democr\u00e1ticos presentes na maioria das constitui\u00e7\u00f5es dos Estados. Entre esses obst\u00e1culos, est\u00e1 a falta de aten\u00e7\u00e3o aos princ\u00edpios da razoabilidade e da proporcionalidade.<\/p>\n\n\n\n<h2 class=\"wp-block-heading\">Quais os tr\u00eas subprinc\u00edpios da proporcionalidade?&nbsp;<\/h2>\n\n\n\n<p>A aplica\u00e7\u00e3o do princ\u00edpio da proporcionalidade envolve o que a doutrina alem\u00e3 estabeleceu como tr\u00eas subprinc\u00edpios:<strong> adequa\u00e7\u00e3o, necessidade ou exigibilidade<\/strong> e proporcionalidade em sentido estrito.&nbsp;<br><br>Estes subprinc\u00edpios referem-se \u00e0s etapas verificadas na aplica\u00e7\u00e3o da proporcionalidade e, quando os tr\u00eas est\u00e3o presentes, considera-se que a proporcionalidade foi aplicada corretamente. Podem ser explicados da seguinte maneira:<\/p>\n\n\n\n<ol class=\"wp-block-list\">\n<li><strong>Pertin\u00eancia ou adequa\u00e7\u00e3o<\/strong><\/li>\n<\/ol>\n\n\n\n<p>Examina a adequa\u00e7\u00e3o, conformidade ou validade do fim, podendo ser confundido com o princ\u00edpio da veda\u00e7\u00e3o do <a href=\"https:\/\/www.aurum.com.br\/blog\/glossario-juridico\/arbitragem\/\">arb\u00edtrio<\/a>. Aqui, \u00e9 analisada a capacidade da medida de levar \u00e0 realiza\u00e7\u00e3o da finalidade desejada. Nesse sentido, verifica-se se o meio \u00e9 apto, \u00fatil, id\u00f4neo ou apropriado para atingir ou promover o fim pretendido.<\/p>\n\n\n\n<p>    2. <strong>Necessidade<\/strong><br><br>O meio n\u00e3o ser\u00e1 considerado necess\u00e1rio se o objetivo almejado puder ser alcan\u00e7ado com a ado\u00e7\u00e3o de uma medida que seja ao mesmo tempo adequada e menos onerosa: ou seja, o menos gravoso, menos prejudicial.<br><br>     3. <strong>Proporcionalidade em sentido estrito<\/strong><\/p>\n\n\n\n<p>Neste caso<strong>, <\/strong>a escolha recai sobre o meio que, no caso concreto, leve em maior considera\u00e7\u00e3o o conjunto de interesses em jogo, indicando a justi\u00e7a da solu\u00e7\u00e3o encontrada ou a necessidade de sua revis\u00e3o.<strong><br><\/strong><br>Em resumo, o subprinc\u00edpio da adequa\u00e7\u00e3o determina que uma medida \u00e9 adequada se for minimamente eficaz para promover a realiza\u00e7\u00e3o de seu objetivo. <br><br>Por outro lado, o subprinc\u00edpio da necessidade requer uma an\u00e1lise para verificar se n\u00e3o h\u00e1 outra medida igualmente eficaz em alcan\u00e7ar o objetivo desejado, enquanto restringe de forma menos gravosa o direito fundamental em quest\u00e3o.<br><br>Por fim, o subprinc\u00edpio da proporcionalidade em sentido estrito exige que a restri\u00e7\u00e3o ao bem jur\u00eddico imposta pela medida seja compensada, de certa forma, pela promo\u00e7\u00e3o de um interesse antag\u00f4nico.<\/p>\n\n\n\n<p>Jo\u00e3o Vitor Antunes do Santos, em artigo dedicado ao princ\u00edpio da proporcionalidade no STF, verificou por meio do portal eletr\u00f4nico da corte, as classes processuais referentes ao exerc\u00edcio do controle concentrado de constitucionalidade (ADCs, ADIs, ADOs e ADPFs) entre 5 de outubro de 1988 e 31 de dezembro de 2020. Observou-se que, entre os 5.359 casos julgados nesse per\u00edodo, apenas 156 mencionaram o termo &#8220;<strong>princ\u00edpio da proporcionalidade<\/strong>&#8221; em suas ementas ou indexa\u00e7\u00f5es, sendo 136 ADIs, 12 ADPFs e oito ADCs.<\/p>\n\n\n\n<p>A conclus\u00e3o do autor foi de que em apenas 62 ac\u00f3rd\u00e3os os tr\u00eas exames da proporcionalidade foram empregados por algum ministro do tribunal na fundamenta\u00e7\u00e3o de seu voto. Isso indica que, <strong>em 60% das decis\u00f5es analisadas, os ministros do STF n\u00e3o aplicaram estritamente a proporcionalidade<\/strong> de acordo com os crit\u00e9rios da doutrina, seja por considerar apenas um ou dois subprinc\u00edpios, seja por ignor\u00e1-los completamente.<\/p>\n\n\n\n<h2 class=\"wp-block-heading\">Exemplos de aplica\u00e7\u00e3o est\u00e3o em diversas \u00e1reas<\/h2>\n\n\n\n<p><strong>Direito Penal:<\/strong> Determina\u00e7\u00e3o da pena de acordo com a gravidade do crime cometido, garantindo que a puni\u00e7\u00e3o seja proporcional \u00e0 gravidade da conduta.<\/p>\n\n\n\n<p><strong>Direito Administrativo:<\/strong> Avalia\u00e7\u00e3o da legalidade de atos administrativos, como a imposi\u00e7\u00e3o de <a href=\"https:\/\/www.aurum.com.br\/blog\/glossario-juridico\/multa\/\">multas<\/a> ou a revoga\u00e7\u00e3o de licen\u00e7as, para garantir que as medidas adotadas sejam proporcionais \u00e0 necessidade de proteger o interesse p\u00fablico.<\/p>\n\n\n\n<p><strong>Direito Constitucional: <\/strong>Verifica\u00e7\u00e3o da constitucionalidade de leis e <a href=\"https:\/\/www.aurum.com.br\/blog\/atos-processuais\/\">atos normativos<\/a>, garantindo que as restri\u00e7\u00f5es aos direitos fundamentais sejam proporcionais ao objetivo a ser alcan\u00e7ado.<\/p>\n\n\n\n<p><strong>Direito Tribut\u00e1rio<\/strong>: An\u00e1lise da legalidade e da justi\u00e7a das <a href=\"https:\/\/www.aurum.com.br\/blog\/legislacao-tributaria\/\">san\u00e7\u00f5es tribut\u00e1rias<\/a>, garantindo que as penalidades aplicadas sejam proporcionais \u00e0 infra\u00e7\u00e3o cometida pelo contribuinte.<\/p>\n\n\n\n<p><strong>Direito Ambiental:<\/strong> Determina\u00e7\u00e3o das medidas de <a href=\"https:\/\/www.aurum.com.br\/blog\/principios-do-direito-ambiental\/\">prote\u00e7\u00e3o ambiental<\/a>, garantindo que sejam proporcionais \u00e0 gravidade do impacto ambiental causado pela atividade humana.<\/p>\n\n\n\n<p><strong>Direito do Consumidor:<\/strong> Estabelecimento de san\u00e7\u00f5es contra pr\u00e1ticas abusivas por parte de empresas, assegurando que sejam proporcionais ao preju\u00edzo causado aos <a href=\"https:\/\/www.aurum.com.br\/blog\/principios-do-direito-do-consumidor\/\">consumidores<\/a>.<\/p>\n\n\n\n<p>Esses s\u00e3o apenas alguns exemplos e o princ\u00edpio da proporcionalidade<strong> pode ser aplicado em uma variedade de contextos jur\u00eddicos<\/strong> para garantir que as medidas adotadas sejam equilibradas e adequadas \u00e0s circunst\u00e2ncias espec\u00edficas de cada caso.<\/p>\n\n\n\n<p>Outro exemplo da aplica\u00e7\u00e3o do princ\u00edpio da proporcionalidade, \u00e9 quando da an\u00e1lise da colis\u00e3o entre princ\u00edpios e regras, na oportunidade em que apenas um principal prevalecer\u00e1, uma vez que n\u00e3o \u00e9 vi\u00e1vel concili\u00e1-los.<br><br>Para realizar essa pondera\u00e7\u00e3o, recorre-se ao princ\u00edpio da proporcionalidade, que estabelece a atribui\u00e7\u00e3o de peso para cada direito fundamental, buscando alcan\u00e7ar um equil\u00edbrio adequado entre eles.&nbsp;<br><br>Dentro do contexto das liberdades de imprensa, onde \u00e9 frequentemente empregado, o princ\u00edpio da proporcionalidade nos indica que as <strong>restri\u00e7\u00f5es s\u00f3 devem ser aplicadas na medida estritamente necess\u00e1ria<\/strong> para proteger direitos ou interesses constitucionalmente assegurados, tanto de natureza individual quanto coletiva.<br><br>Por essa raz\u00e3o, os profissionais da comunica\u00e7\u00e3o devem realizar uma avalia\u00e7\u00e3o, um ju\u00edzo de proporcionalidade, entre o direito e o dever de informar e os potenciais danos causados a terceiros pela divulga\u00e7\u00e3o da informa\u00e7\u00e3o.<\/p>\n\n\n\n<p><strong>Um exemplo foi o caso do julgamento das biografias n\u00e3o autorizadas<\/strong> &#8211; A\u00e7\u00e3o Direta de Inconstitucionalidade n\u00ba 4.815 \u2013 em que a Associa\u00e7\u00e3o Nacional dos Editores de Livros requereu ao STF a an\u00e1lise acerca da constitucionalidade dos artigos 20 e 21 do C\u00f3digo Civil.<br><br>Nesse caso, foi concedida uma interpreta\u00e7\u00e3o conforme \u00e0 Constitui\u00e7\u00e3o aos artigos 20 e 21 do C\u00f3digo Civil, estabelecendo a inexigibilidade de autoriza\u00e7\u00e3o da pessoa biografada para a publica\u00e7\u00e3o de obras bibliogr\u00e1ficas, liter\u00e1rias ou audiovisuais sobre ela. Aqui foi aplicada a proporcionalidade na interpreta\u00e7\u00e3o e colis\u00e3o entre os direitos fundamentais.<\/p>\n\n\n\n<h2 class=\"wp-block-heading\">Conclus\u00e3o&nbsp;<\/h2>\n\n\n\n<p>Deste modo, pode-se concluir que o princ\u00edpio da proporcionalidade estabelece que <strong>as medidas adotadas pelo Estado devem ser proporcionais aos objetivos que visam alcan\u00e7ar,<\/strong> evitando restri\u00e7\u00f5es desnecess\u00e1rias aos direitos fundamentais. Ele se desdobra em tr\u00eas subprinc\u00edpios: adequa\u00e7\u00e3o, necessidade e proporcionalidade em sentido estrito.<br><br>Esses subprinc\u00edpios exigem que as medidas sejam adequadas para alcan\u00e7ar seus objetivos, que n\u00e3o haja outra medida menos restritiva dispon\u00edvel e que os benef\u00edcios justifiquem os sacrif\u00edcios impostos aos direitos fundamentais.<\/p>\n\n\n\n<p>Al\u00e9m disso, ao longo do artigo pode-se perceber que a jurisprud\u00eancia do Supremo tem utilizado o princ\u00edpio da proporcionalidade para analisar conflitos entre direitos fundamentais.<\/p>\n\n\n\n<h2 class=\"wp-block-heading\">Perguntas frequentes sobre o tema<\/h2>\n\n\n\n<h3 class=\"wp-block-heading\">O que \u00e9 o princ\u00edpio da proporcionalidade?<\/h3>\n\n\n\n<p>O princ\u00edpio da proporcionalidade \u00e9 um<strong> crit\u00e9rio usado em diversas<\/strong><a href=\"https:\/\/www.aurum.com.br\/blog\/areas-do-direito\/\"><strong> \u00e1reas do direito<\/strong><\/a><strong> <\/strong>para assegurar que medidas ou san\u00e7\u00f5es adotadas por autoridades p\u00fablicas n\u00e3o sejam mais restritivas do que o necess\u00e1rio para atingir seus objetivos leg\u00edtimos, equilibrando os meios utilizados com os fins pretendidos.<\/p>\n\n\n\n<h3 class=\"wp-block-heading\">Como \u00e9 aplicado o princ\u00edpio da proporcionalidade?<\/h3>\n\n\n\n<p>A aplica\u00e7\u00e3o do princ\u00edpio da proporcionalidade geralmente envolve a an\u00e1lise de tr\u00eas aspectos: a adequa\u00e7\u00e3o (se a medida \u00e9 apta a atingir o objetivo proposto), a necessidade (se n\u00e3o existe meio menos restritivo para alcan\u00e7ar o mesmo objetivo), e a proporcionalidade em sentido estrito (se os benef\u00edcios da medida superam os seus preju\u00edzos).<\/p>\n\n\n\n<h3 class=\"wp-block-heading\">Em que \u00e1reas do direito o princ\u00edpio da proporcionalidade \u00e9 mais utilizado?<\/h3>\n\n\n\n<p>O princ\u00edpio da proporcionalidade \u00e9 amplamente utilizado em direito constitucional, direito administrativo, direitos humanos e direito penal, servindo como um limite para a interven\u00e7\u00e3o do Estado na esfera dos direitos individuais e coletivos.<\/p>\n\n\n\n<h3 class=\"wp-block-heading\">Qual a diferen\u00e7a entre o princ\u00edpio da proporcionalidade e o princ\u00edpio da razoabilidade?<\/h3>\n\n\n\n<p>Apesar de relacionados e frequentemente usados de forma intercambi\u00e1vel em alguns sistemas jur\u00eddicos, o princ\u00edpio da razoabilidade foca mais na l\u00f3gica e raz\u00e3o subjacentes \u00e0 a\u00e7\u00e3o governamental, enquanto o princ\u00edpio da proporcionalidade tem uma aplica\u00e7\u00e3o mais estrita e t\u00e9cnica, avaliando a rela\u00e7\u00e3o custo-benef\u00edcio das medidas adotadas.<\/p>\n\n\n\n<h3 class=\"wp-block-heading\">O princ\u00edpio da proporcionalidade pode limitar direitos fundamentais?<\/h3>\n\n\n\n<p>Sim, o princ\u00edpio da proporcionalidade \u00e9 frequentemente invocado como justificativa para limitar direitos fundamentais, desde que tais limita\u00e7\u00f5es sejam necess\u00e1rias, adequadas e proporcionais aos objetivos leg\u00edtimos perseguidos pelo Estado.<\/p>\n\n\n\n<h3 class=\"wp-block-heading\">Como o princ\u00edpio da proporcionalidade \u00e9 visto em diferentes jurisdi\u00e7\u00f5es?<\/h3>\n\n\n\n<p>A aplica\u00e7\u00e3o e a import\u00e2ncia do princ\u00edpio da proporcionalidade variam significativamente entre diferentes jurisdi\u00e7\u00f5es. Em alguns pa\u00edses, \u00e9 um princ\u00edpio central na revis\u00e3o judicial das a\u00e7\u00f5es do governo, enquanto em outros, sua aplica\u00e7\u00e3o \u00e9 mais limitada ou indireta.<\/p>\n\n\n\n<h3 class=\"wp-block-heading\">Qual o papel do princ\u00edpio da proporcionalidade no direito internacional?<\/h3>\n\n\n\n<p>No direito internacional, especialmente em mat\u00e9rias de direitos humanos e direito humanit\u00e1rio, o princ\u00edpio da proporcionalidade \u00e9 crucial para avaliar a legalidade das a\u00e7\u00f5es dos Estados, assegurando que interven\u00e7\u00f5es em situa\u00e7\u00f5es de conflito ou na limita\u00e7\u00e3o de direitos sejam justificadas e n\u00e3o excessivas.<\/p>\n\n\n\n<h3 class=\"wp-block-heading\">Mais conhecimento para voc\u00ea&nbsp;<\/h3>\n\n\n\n<ul class=\"wp-block-list\">\n<li><a href=\"https:\/\/www.aurum.com.br\/blog\/condicoes-de-elegibilidade\/\">Tire as principais d\u00favidas sobre condi\u00e7\u00f5es de elegibilidade<\/a><\/li>\n\n\n\n<li><a href=\"https:\/\/www.aurum.com.br\/blog\/principios-do-direito-do-trabalho\/\">Os mais importantes princ\u00edpios do direito do trabalho<\/a><\/li>\n\n\n\n<li><a href=\"https:\/\/www.aurum.com.br\/blog\/lei-de-falencia-e-recuperacao-judicial\/\">Lei de Fal\u00eancia e Recupera\u00e7\u00e3o Judicial: o que mudou?<\/a><\/li>\n\n\n\n<li><a href=\"https:\/\/www.aurum.com.br\/blog\/registrar-o-nome-da-empresa\/\">Descubra como registrar o nome da empresa e qual a sua import\u00e2ncia<\/a><\/li>\n\n\n\n<li><a href=\"https:\/\/www.aurum.com.br\/blog\/marco-legal-da-primeira-infancia\/\">O que \u00e9 o marco legal da primeira inf\u00e2ncia<\/a><\/li>\n\n\n\n<li><a href=\"https:\/\/www.aurum.com.br\/blog\/principios-do-direito-ambiental\/\">Princ\u00edpios do Direito Ambiental: quais s\u00e3o e import\u00e2ncia<\/a><\/li>\n<\/ul>\n\n\n<style>\r\n  .news-post {\r\n    background: url('https:\/\/www.aurum.com.br\/blog\/wp-content\/themes\/aurum\/img\/bg-news-artigo.svg') no-repeat top center #3C48AA;\r\n    padding: 1.5rem;\r\n    border-radius: 6px;\r\n    margin: 1rem 0;\r\n  }\r\n  .news-post .icone {\r\n    display: none;\r\n  }\r\n  .news-post .title {\r\n    font-weight: 700;\r\n    font-size: 16px;\r\n    line-height: 130%;\r\n    text-align: center;\r\n    letter-spacing: -0.5px;\r\n    color: #fff;\r\n    margin-bottom: .9375rem;\r\n  }\r\n  .news-post p {\r\n    font-size: .875rem;\r\n    line-height: 140%;\r\n    text-align: center;\r\n    color: #fff;\r\n    margin-bottom: 1.25rem;\r\n  }\r\n  .news-post .news_button_span {\r\n    font-size: .8125rem;\r\n    display: block;\r\n    padding: .125rem .3125rem;\r\n    color: #fff;\r\n    text-align:left;\r\n  }\r\n  .news-post .news_button_span a {\r\n    color: #fff !important;\r\n    text-decoration: underline;\r\n  }\r\n  .news-post form {\r\n    width: 100%;\r\n  }\r\n  .news-post label {\r\n    font-weight: 600;\r\n    font-size: .9375rem;\r\n    line-height: 1.5rem;\r\n    margin-bottom: .5rem;\r\n    color: #fff;\r\n    display: block;\r\n  }\r\n  .news-post input {\r\n    background: #fff;\r\n    border: 1px solid #CBCBD9;\r\n    box-sizing: border-box;\r\n    border-radius: 4px;\r\n    padding: .75rem 1rem;\r\n    width: 100%;\r\n  }\r\n  .news-post button {\r\n    margin-top: .875rem;\r\n    width: 100%;\r\n    min-width: auto;\r\n    background: #FCC632;\r\n    color: #3C48AA;\r\n  }\r\n  .news-post .input {\r\n    position: relative;\r\n    padding-bottom: 10px;\r\n  }\r\n  .news-post .error-message-ad {\r\n    font-size: .875rem;\r\n    line-height: 130%;\r\n    color: #D50021;\r\n    margin-left: 4px;\r\n  }\r\n  .news-post .error {\r\n    border: 1px solid #D50021;\r\n  }\r\n  .news-post #message-form-ad {\r\n    border-radius: 4px;\r\n    padding: 0.7rem;\r\n    font-size:0.8rem;\r\n    text-align: center;\r\n    align-items: center;\r\n    justify-content: center;\r\n    display: none;\r\n  }\r\n  .news-post #message-form-ad svg {\r\n    margin-right: 8px;\r\n  }\r\n\r\n  @media(min-width: 561px) {\r\n    .news-post {\r\n      position: relative;\r\n      background: url('https:\/\/www.aurum.com.br\/blog\/wp-content\/themes\/aurum\/img\/bg-news-artigo.svg') no-repeat top center #3C48AA;\r\n      width: calc(100% - 30px);\r\n    }\r\n    .news-post .icone {\r\n      display: block;\r\n      position: absolute;\r\n      right: -30px;\r\n      top: 65px;\r\n      max-width: 142px;\r\n      width: 100%;\r\n      height: auto;\r\n      margin: 0;\r\n    }\r\n    .news-post .title {\r\n      font-size: 1.125rem;\r\n      text-align: left;\r\n      \/* padding-right: 3.75rem; *\/\r\n    }\r\n    .news-post p {\r\n      font-size: 1rem;\r\n      text-align: left;\r\n      max-width: 400px;\r\n    }\r\n    .news-post .boxes {\r\n      display: flex;\r\n      align-items: flex-start;\r\n    }\r\n    .news-post button {\r\n      margin: 0 0 0 1rem;\r\n      width: 100%;\r\n      max-width: 170px;\r\n      min-width: auto;\r\n      transition: all ease .3s\r\n    }\r\n    .news-post button:hover {\r\n      opacity: 0.9;\r\n      transition: all ease .3s\r\n    }\r\n    .news-post #message-form-ad {\r\n      padding: 1.125rem;\r\n      font-size:1rem;\r\n    }\r\n    .news-post #message-form-ad svg {\r\n      margin-right: 10px;\r\n    }\r\n  }\r\n<\/style>\r\n\r\n<div class=\"news-post\">\r\n  <div class=\"title news-ad-title\">Gostou do artigo e quer evoluir a sua advocacia?<\/div>\r\n  <p class=\"news-ad-subtitle\">Assine gr\u00e1tis a Aurum News e receba uma dose semanal de conte\u00fado no seu e-mail! \u270c\ufe0f<\/p>\r\n  <img decoding=\"async\" src=\"https:\/\/www.aurum.com.br\/blog\/wp-content\/themes\/aurum\/img\/icon-news-artigo.svg\" alt=\"\" class=\"icone\">\r\n\r\n  <form method=\"post\" name=\"newsletter-ad\" id=\"aurum-newsletter-ad\">\r\n    <div class=boxes>\r\n      <div class=\"input\">\r\n        <label class=\"label-email\" htmlFor=\"email-ad\">Qual seu e-mail?<\/label>\r\n        <input type=\"email\" id=\"email-ad\" name=\"newsletter-mail-ad\" placeholder=\"Digite seu e-mail?\">\r\n        <div class=\"error-message-ad-email\">Endere\u00e7o de e-mail inv\u00e1lido ou incorreto<\/div>\r\n\r\n        <label class=\"label-select\" htmlFor=\"lawsuits-select-ad\">\r\n          Quantos processos voc\u00ea ou<br class=\"for-desktop\"\/> seu escrit\u00f3rio acompanham?\r\n        <\/label>\r\n        <div id=\"lawsuits-select-ad\" class=\"lawsuits-select select-wrapper\" tabindex=\"0\">\r\n          <div class=\"s-dropdown--styled\">\r\n          <span class=\"lawsuits-default\">\r\n            <span id=\"lawsuits-newsletter-ad\" class=\"lawsuits-default-text\" data-value=\"\">Selecione os processos<\/span>\r\n            <svg class=\"chevron\" xmlns=\"http:\/\/www.w3.org\/2000\/svg\" width=\"24\" height=\"25\" viewBox=\"0 0 24 25\" fill=\"none\">\r\n              <path d=\"M6 15.6152L12 9.61523L18 15.6152\" stroke=\"black\" stroke-width=\"2\" stroke-linecap=\"round\" stroke-linejoin=\"round\" \/>\r\n            <\/svg>\r\n          <\/span>\r\n\r\n          <ul class=\"s-dropdown u-hide\">\r\n            <li class=\"lawsuits\" data-value=\"Mais de 1000 processos\">Mais de 1000 processos<\/li>\r\n            <li class=\"lawsuits\" data-value=\"De 501 a 1000 processos\">De 501 a 1000 processos<\/li>\r\n            <li class=\"lawsuits\" data-value=\"De 151 a 500 processos\">De 151 a 500 processos<\/li>\r\n            <li class=\"lawsuits\" data-value=\"De 41 a 150 processos\">De 41 a 150 processos<\/li>\r\n            <li class=\"lawsuits\" data-value=\"At\u00e9 40 processos\">At\u00e9 40 processos<\/li>\r\n            <li class=\"lawsuits\" data-value=\"Atuo apenas no consultivo\">Atuo apenas no consultivo<\/li>\r\n            <li class=\"lawsuits\" data-value=\"Ainda sou estudante de direito\">Ainda sou estudante de direito<\/li>\r\n            <li class=\"lawsuits\" data-value=\"N\u00e3o sou da \u00e1rea jur\u00eddica\">N\u00e3o sou da \u00e1rea jur\u00eddica<\/li>\r\n          <\/ul>\r\n          <\/div>\r\n        <\/div>\r\n        <div class=\"error-message-ad-lawsuits\">Selecione algum processo<\/div>\r\n      <\/div>\r\n      <button class=\"btn btn-yellow ad-btn-desktop\" id=\"aurum-submit-ad\">Assinar gr\u00e1tis<\/button>\r\n      <button class=\"btn btn-yellow ad-btn-mobile\" id=\"aurum-submit-ad\">Assinar<\/button>\r\n    <\/div>\r\n    <span class=\"news_button_span\">Ao se cadastrar voc\u00ea declara que leu e aceitou a pol\u00edtica de privacidade e cookies do <a href=\"https:\/\/s3.sa-east-1.amazonaws.com\/publico.aurum.com.br\/contratos\/politica-de-privacidade.pdf\" target=\"_blank\" rel=\"noopener noreferrer\">site<\/a>.<\/span>\r\n  <\/form>\r\n  <div id=\"message-form-ad\"><\/div>\r\n<\/div>","protected":false},"excerpt":{"rendered":"<p>O princ\u00edpio da proporcionalidade \u00e9 um princ\u00edpio jur\u00eddico que exige que as medidas adotadas por uma autoridade p\u00fablica n\u00e3o sejam excessivas em rela\u00e7\u00e3o aos objetivos que pretendem alcan\u00e7ar. Ele assegura que a\u00e7\u00f5es ou san\u00e7\u00f5es sejam adequadas, necess\u00e1rias e proporcionais ao fim desejado, evitando abusos de poder e garantindo a justi\u00e7a nas decis\u00f5es. Muito se questiona [&hellip;]<\/p>\n","protected":false},"author":31,"featured_media":27469,"comment_status":"open","ping_status":"open","sticky":false,"template":"","format":"standard","meta":{"_bbp_topic_count":0,"_bbp_reply_count":0,"_bbp_total_topic_count":0,"_bbp_total_reply_count":0,"_bbp_voice_count":0,"_bbp_anonymous_reply_count":0,"_bbp_topic_count_hidden":0,"_bbp_reply_count_hidden":0,"_bbp_forum_subforum_count":0,"inline_featured_image":false,"footnotes":""},"categories":[1],"tags":[],"class_list":["post-27466","post","type-post","status-publish","format-standard","has-post-thumbnail","hentry","category-sem-categoria"],"acf":[],"_links":{"self":[{"href":"https:\/\/www.aurum.com.br\/blog\/wp-json\/wp\/v2\/posts\/27466","targetHints":{"allow":["GET"]}}],"collection":[{"href":"https:\/\/www.aurum.com.br\/blog\/wp-json\/wp\/v2\/posts"}],"about":[{"href":"https:\/\/www.aurum.com.br\/blog\/wp-json\/wp\/v2\/types\/post"}],"author":[{"embeddable":true,"href":"https:\/\/www.aurum.com.br\/blog\/wp-json\/wp\/v2\/users\/31"}],"replies":[{"embeddable":true,"href":"https:\/\/www.aurum.com.br\/blog\/wp-json\/wp\/v2\/comments?post=27466"}],"version-history":[{"count":8,"href":"https:\/\/www.aurum.com.br\/blog\/wp-json\/wp\/v2\/posts\/27466\/revisions"}],"predecessor-version":[{"id":27605,"href":"https:\/\/www.aurum.com.br\/blog\/wp-json\/wp\/v2\/posts\/27466\/revisions\/27605"}],"wp:featuredmedia":[{"embeddable":true,"href":"https:\/\/www.aurum.com.br\/blog\/wp-json\/wp\/v2\/media\/27469"}],"wp:attachment":[{"href":"https:\/\/www.aurum.com.br\/blog\/wp-json\/wp\/v2\/media?parent=27466"}],"wp:term":[{"taxonomy":"category","embeddable":true,"href":"https:\/\/www.aurum.com.br\/blog\/wp-json\/wp\/v2\/categories?post=27466"},{"taxonomy":"post_tag","embeddable":true,"href":"https:\/\/www.aurum.com.br\/blog\/wp-json\/wp\/v2\/tags?post=27466"}],"curies":[{"name":"wp","href":"https:\/\/api.w.org\/{rel}","templated":true}]}}